{"id":35326,"date":"2025-03-11T10:41:22","date_gmt":"2025-03-11T07:41:22","guid":{"rendered":"https:\/\/denizcankizil.tr\/uncategorized-tr\/izmirde-sosyal-konutlara-yogun-basvuru-6-gunde-yaklasik-40-bin-talep\/"},"modified":"2025-03-11T10:41:22","modified_gmt":"2025-03-11T07:41:22","slug":"izmirde-sosyal-konutlara-yogun-basvuru-6-gunde-yaklasik-40-bin-talep","status":"publish","type":"post","link":"https:\/\/denizcankizil.tr\/uk\/haberler\/gundem\/izmirde-sosyal-konutlara-yogun-basvuru-6-gunde-yaklasik-40-bin-talep\/","title":{"rendered":"\u0130zmir&#8217;de sosyal konutlara yo\u011fun ba\u015fvuru&#8230; 6 g\u00fcnde yakla\u015f\u0131k 40 bin talep"},"content":{"rendered":"<p>\u0130zmir B\u00fcy\u00fck\u015fehir Belediye Ba\u015fkan\u0131 Dr. Cemil Tugay\u2019\u0131n adayl\u0131k s\u00fcrecindeki vaatlerinden 25 bin sosyal konut projesinin ilk aya\u011f\u0131 olan Ege\u015fehir Menemen Konutlar\u0131\u2019n\u0131n tan\u0131t\u0131m t\u00f6reninin ard\u0131ndan 6 g\u00fcnde 40 binin \u00fczerinde ba\u015fvuru yap\u0131ld\u0131.\u0130ZM\u0130R (\u0130GFA) &#8211; \u0130zmir B\u00fcy\u00fck\u015fehir Belediye Ba\u015fkan\u0131 Dr. Cemil Tugay\u2019\u0131n ev sahipli\u011finde tan\u0131t\u0131m\u0131 yap\u0131lan Ege\u015fehir Menemen Konutlar\u0131 yo\u011fun ilgi g\u00f6r\u00fcyor.<br \/>\nOrta ve alt gelir grubundaki vatanda\u015flara konut sahibi olma imkan\u0131 sunan projenin \u0130zmir B\u00fcy\u00fck\u015fehir Belediyesi \u00e7at\u0131s\u0131 alt\u0131ndaki ana y\u00fcr\u00fct\u00fcc\u00fcs\u00fc olan Ege\u015fehir Yap\u0131 Planlama M\u00fc\u015favirlik ve Teknoloji Anonim \u015eirketi\u2019ne (Ege\u015fehir A\u015e) 6 g\u00fcnde 40 binin \u00fczerinde ba\u015fvuru yap\u0131ld\u0131. 120 ay vade ve 15 bin TL\u2019den ba\u015flayan taksitlerle hayalleri ger\u00e7e\u011fe d\u00f6n\u00fc\u015ft\u00fcrecek proje i\u00e7in binlerce ki\u015fi telefon ve mesaj yoluyla Ege\u015fehir A\u015e\u2019ye ula\u015fmaya \u00e7al\u0131\u015ft\u0131.<br \/>\n\u0130zmir B\u00fcy\u00fck\u015fehir Belediye Ba\u015fkan\u0131 Dr. Cemil Tugay, ba\u015fvuru say\u0131s\u0131n\u0131n sosyal konut projesinin ne kadar \u00f6nemli bir \u00e7al\u0131\u015fma oldu\u011funu bir kez daha g\u00f6sterdi\u011fini belirterek \u201cG\u00fcn\u00fcm\u00fcz ko\u015fullar\u0131nda bar\u0131nma konusu art\u0131k ciddi bir krize d\u00f6n\u00fc\u015fm\u00fc\u015f durumda. Biz de konut krizine \u00e7\u00f6z\u00fcm \u00fcretmek \u00fczere yerel y\u00f6netim olarak sorumluluk ald\u0131k. Menemen\u2019de 3 bin 100 konutu vatanda\u015flar\u0131m\u0131za uygun \u015fartlarda \u00f6deme imk\u00e2n\u0131yla sunuyoruz. Hedefimiz 25 bin konut. Orta ve alt gelir grubundaki vatanda\u015flar\u0131m\u0131z\u0131 rahatlatacak bir yol a\u00e7may\u0131 hedefliyoruz\u201d dedi.<br \/>\n370 B\u0130N METREKARE \u0130N\u015eAAT ALANI<br \/>\nEge\u015fehir Menemen Konutlar\u0131 ad\u0131n\u0131 ta\u015f\u0131yan proje Menemen\u2019in Koyundere Mahallesi\u2019nde 90 bin metrekarelik yap\u0131la\u015fma alan\u0131 \u00fczerinde ger\u00e7ekle\u015fecek. Yakla\u015f\u0131k 370 bin metrekarelik in\u015faat alan\u0131nda 1+1, 2+1 ve 3+1 tipinde 3 bin 100 konut yap\u0131lacak. Projede sosyal ve ye\u015fil alan, rekreasyon alan\u0131, park alan\u0131, sosyal ya\u015fam merkezi, spor tesisleri, sosyal ve k\u00fclt\u00fcrel mekanlar, sa\u011fl\u0131k birimleri ve kre\u015f hizmetleri gibi donat\u0131lar yer alacak.<\/p>\n<p>Projeyle \u0130zmirlilerin ev kiras\u0131ndan daha d\u00fc\u015f\u00fck bedellerle ev sahibi olmas\u0131 hedefleniyor. Geni\u015f peyzaj b\u00f6l\u00fcmleri, g\u00fcvenli oyun parklar\u0131, spor ve k\u00fclt\u00fcr alanlar\u0131, do\u011fa dostu yap\u0131lar ve modern altyap\u0131 ile tasarlanan yeni ya\u015fam merkezi, \u00f6deme kolayl\u0131\u011f\u0131 ile dikkat \u00e7ekiyor. 1+1 daireler 15 bin TL\u2019den, 2+1 daireler 22 bin TL\u2019den, 3+1 daireler ise 28 bin TL\u2019den ba\u015flayan taksitlerle sat\u0131\u015fa sunulacak. Proje, asgari \u00fccrete endeksli yap\u0131s\u0131yla eri\u015filebilir bir sosyal konut projesi olarak T\u00fcrkiye\u2019de model olacak nitelikte.<br \/>\n3 bin 100 konut i\u00e7in sat\u0131\u015f ofisi kurulumu ve ilk sat\u0131\u015flar ise Nisan ay\u0131 itibar\u0131yla ba\u015fl\u0131yor.\u00a0 T\u00fcm etaplar i\u00e7in yap\u0131m ihalesinin ard\u0131ndan 2 y\u0131l i\u00e7inde in\u015faatlar\u0131n tamamlanmas\u0131 ve dairelerin teslim edilmesi planlan\u0131yor. 400 dairenin bulundu\u011fu 1. Etap i\u00e7in May\u0131s 2025\u2019te temelin at\u0131lmas\u0131, May\u0131s 2027\u2019de ise anahtar teslimi hedefleniyor. 2. Etap Temmuz 2025\u2019te, 3. Etap Eyl\u00fcl 2025\u2019te, 4. Etap ise Kas\u0131m 2025\u2019te ba\u015flayacak.<\/p>\n<p>\u200b\u0130zmir B\u00fcy\u00fck\u015fehir Belediye Ba\u015fkan\u0131 Dr. Cemil Tugay\u2019\u0131n adayl\u0131k s\u00fcrecindeki vaatlerinden 25 bin sosyal konut projesinin ilk aya\u011f\u0131 olan Ege\u015fehir Menemen Konutlar\u0131\u2019n\u0131n tan\u0131t\u0131m t\u00f6reninin ard\u0131ndan 6 g\u00fcnde 40 binin \u00fczerinde ba\u015fvuru yap\u0131ld\u0131.\u0130ZM\u0130R (\u0130GFA) &#8211; \u0130zmir B\u00fcy\u00fck\u015fehir Belediye Ba\u015fkan\u0131 Dr. Cemil Tugay\u2019\u0131n ev sahipli\u011finde tan\u0131t\u0131m\u0131 yap\u0131lan Ege\u015fehir Menemen Konutlar\u0131 yo\u011fun ilgi g\u00f6r\u00fcyor.<br \/>\nOrta ve alt gelir grubundaki vatanda\u015flara konut sahibi olma imkan\u0131 sunan projenin \u0130zmir B\u00fcy\u00fck\u015fehir Belediyesi \u00e7at\u0131s\u0131 alt\u0131ndaki ana y\u00fcr\u00fct\u00fcc\u00fcs\u00fc olan Ege\u015fehir Yap\u0131 Planlama M\u00fc\u015favirlik ve Teknoloji Anonim \u015eirketi\u2019ne (Ege\u015fehir A\u015e) 6 g\u00fcnde 40 binin \u00fczerinde ba\u015fvuru yap\u0131ld\u0131. 120 ay vade ve 15 bin TL\u2019den ba\u015flayan taksitlerle hayalleri ger\u00e7e\u011fe d\u00f6n\u00fc\u015ft\u00fcrecek proje i\u00e7in binlerce ki\u015fi telefon ve mesaj yoluyla Ege\u015fehir A\u015e\u2019ye ula\u015fmaya \u00e7al\u0131\u015ft\u0131.<br \/>\n\u0130zmir B\u00fcy\u00fck\u015fehir Belediye Ba\u015fkan\u0131 Dr. Cemil Tugay, ba\u015fvuru say\u0131s\u0131n\u0131n sosyal konut projesinin ne kadar \u00f6nemli bir \u00e7al\u0131\u015fma oldu\u011funu bir kez daha g\u00f6sterdi\u011fini belirterek \u201cG\u00fcn\u00fcm\u00fcz ko\u015fullar\u0131nda bar\u0131nma konusu art\u0131k ciddi bir krize d\u00f6n\u00fc\u015fm\u00fc\u015f durumda. Biz de konut krizine \u00e7\u00f6z\u00fcm \u00fcretmek \u00fczere yerel y\u00f6netim olarak sorumluluk ald\u0131k. Menemen\u2019de 3 bin 100 konutu vatanda\u015flar\u0131m\u0131za uygun \u015fartlarda \u00f6deme imk\u00e2n\u0131yla sunuyoruz. Hedefimiz 25 bin konut. Orta ve alt gelir grubundaki vatanda\u015flar\u0131m\u0131z\u0131 rahatlatacak bir yol a\u00e7may\u0131 hedefliyoruz\u201d dedi.<br \/>\n370 B\u0130N METREKARE \u0130N\u015eAAT ALANI<br \/>\nEge\u015fehir Menemen Konutlar\u0131 ad\u0131n\u0131 ta\u015f\u0131yan proje Menemen\u2019in Koyundere Mahallesi\u2019nde 90 bin metrekarelik yap\u0131la\u015fma alan\u0131 \u00fczerinde ger\u00e7ekle\u015fecek. Yakla\u015f\u0131k 370 bin metrekarelik in\u015faat alan\u0131nda 1+1, 2+1 ve 3+1 tipinde 3 bin 100 konut yap\u0131lacak. Projede sosyal ve ye\u015fil alan, rekreasyon alan\u0131, park alan\u0131, sosyal ya\u015fam merkezi, spor tesisleri, sosyal ve k\u00fclt\u00fcrel mekanlar, sa\u011fl\u0131k birimleri ve kre\u015f hizmetleri gibi donat\u0131lar yer alacak.<\/p>\n<p>Projeyle \u0130zmirlilerin ev kiras\u0131ndan daha d\u00fc\u015f\u00fck bedellerle ev sahibi olmas\u0131 hedefleniyor. Geni\u015f peyzaj b\u00f6l\u00fcmleri, g\u00fcvenli oyun parklar\u0131, spor ve k\u00fclt\u00fcr alanlar\u0131, do\u011fa dostu yap\u0131lar ve modern altyap\u0131 ile tasarlanan yeni ya\u015fam merkezi, \u00f6deme kolayl\u0131\u011f\u0131 ile dikkat \u00e7ekiyor. 1+1 daireler 15 bin TL\u2019den, 2+1 daireler 22 bin TL\u2019den, 3+1 daireler ise 28 bin TL\u2019den ba\u015flayan taksitlerle sat\u0131\u015fa sunulacak. Proje, asgari \u00fccrete endeksli yap\u0131s\u0131yla eri\u015filebilir bir sosyal konut projesi olarak T\u00fcrkiye\u2019de model olacak nitelikte.<br \/>\n3 bin 100 konut i\u00e7in sat\u0131\u015f ofisi kurulumu ve ilk sat\u0131\u015flar ise Nisan ay\u0131 itibar\u0131yla ba\u015fl\u0131yor.\u00a0 T\u00fcm etaplar i\u00e7in yap\u0131m ihalesinin ard\u0131ndan 2 y\u0131l i\u00e7inde in\u015faatlar\u0131n tamamlanmas\u0131 ve dairelerin teslim edilmesi planlan\u0131yor. 400 dairenin bulundu\u011fu 1. Etap i\u00e7in May\u0131s 2025\u2019te temelin at\u0131lmas\u0131, May\u0131s 2027\u2019de ise anahtar teslimi hedefleniyor. 2. Etap Temmuz 2025\u2019te, 3. Etap Eyl\u00fcl 2025\u2019te, 4. Etap ise Kas\u0131m 2025\u2019te ba\u015flayacak.\u00a0<\/p>\n<p>\u200bHaberin Al\u0131nt\u0131land\u0131\u011f\u0131 Kaynak: www.iskenderun.org<\/p>","protected":false},"excerpt":{"rendered":"<p>\u0130zmir B\u00fcy\u00fck\u015fehir Belediye Ba\u015fkan\u0131 Dr. Cemil Tugay\u2019\u0131n adayl\u0131k s\u00fcrecindeki vaatlerinden 25 bin sosyal konut projesinin ilk aya\u011f\u0131 olan Ege\u015fehir Menemen Konutlar\u0131\u2019n\u0131n tan\u0131t\u0131m t\u00f6reninin ard\u0131ndan 6 g\u00fcnde 40 binin \u00fczerinde ba\u015fvuru yap\u0131ld\u0131.\u0130ZM\u0130R (\u0130GFA) &#8211; \u0130zmir B\u00fcy\u00fck\u015fehir Belediye Ba\u015fkan\u0131 Dr. Cemil Tugay\u2019\u0131n ev sahipli\u011finde tan\u0131t\u0131m\u0131 yap\u0131lan Ege\u015fehir Menemen Konutlar\u0131 yo\u011fun ilgi g\u00f6r\u00fcyor. Orta ve alt gelir grubundaki vatanda\u015flara konut sahibi olma imkan\u0131 sunan projenin \u0130zmir B\u00fcy\u00fck\u015fehir Belediyesi \u00e7at\u0131s\u0131 alt\u0131ndaki ana y\u00fcr\u00fct\u00fcc\u00fcs\u00fc olan Ege\u015fehir Yap\u0131 Planlama M\u00fc\u015favirlik ve Teknoloji Anonim \u015eirketi\u2019ne (Ege\u015fehir A\u015e) 6 g\u00fcnde 40 binin \u00fczerinde ba\u015fvuru yap\u0131ld\u0131. 120 ay vade ve 15 bin TL\u2019den ba\u015flayan taksitlerle hayalleri ger\u00e7e\u011fe d\u00f6n\u00fc\u015ft\u00fcrecek proje i\u00e7in binlerce ki\u015fi telefon ve mesaj yoluyla Ege\u015fehir A\u015e\u2019ye ula\u015fmaya \u00e7al\u0131\u015ft\u0131. \u0130zmir B\u00fcy\u00fck\u015fehir Belediye Ba\u015fkan\u0131 Dr. Cemil Tugay, ba\u015fvuru say\u0131s\u0131n\u0131n sosyal konut projesinin ne kadar \u00f6nemli bir \u00e7al\u0131\u015fma oldu\u011funu bir kez daha g\u00f6sterdi\u011fini belirterek \u201cG\u00fcn\u00fcm\u00fcz ko\u015fullar\u0131nda bar\u0131nma konusu art\u0131k ciddi bir krize d\u00f6n\u00fc\u015fm\u00fc\u015f durumda. Biz de konut krizine \u00e7\u00f6z\u00fcm \u00fcretmek \u00fczere yerel y\u00f6netim olarak sorumluluk ald\u0131k. Menemen\u2019de 3 bin 100 konutu vatanda\u015flar\u0131m\u0131za uygun \u015fartlarda \u00f6deme imk\u00e2n\u0131yla sunuyoruz. Hedefimiz 25 bin konut. Orta ve alt gelir grubundaki vatanda\u015flar\u0131m\u0131z\u0131 rahatlatacak bir yol a\u00e7may\u0131 hedefliyoruz\u201d dedi. 370 B\u0130N METREKARE \u0130N\u015eAAT ALANI Ege\u015fehir Menemen Konutlar\u0131 ad\u0131n\u0131 ta\u015f\u0131yan proje Menemen\u2019in Koyundere Mahallesi\u2019nde 90 bin metrekarelik &hellip;<\/p>","protected":false},"author":1,"featured_media":0,"comment_status":"open","ping_status":"open","sticky":false,"template":"","format":"standard","meta":{"_acf_changed":false,"footnotes":""},"categories":[24],"tags":[],"class_list":["post-35326","post","type-post","status-publish","format-standard","has-post-thumbnail","hentry","category-gundem"],"acf":[],"yoast_head":"<!-- This site is optimized with the Yoast SEO Premium plugin v26.6 (Yoast SEO v27.1.1) - https:\/\/yoast.com\/product\/yoast-seo-premium-wordpress\/ -->\n<title>\u0130zmir&#039;de sosyal konutlara yo\u011fun ba\u015fvuru... 6 g\u00fcnde yakla\u015f\u0131k 40 bin talep - Av. Deniz Can K\u0131z\u0131l<\/title>\n<meta name=\"robots\" content=\"index, follow, max-snippet:-1, max-image-preview:large, max-video-preview:-1\" \/>\n<link rel=\"canonical\" href=\"http:\/\/denizcankizil.tr\/uk\/haberler\/gundem\/izmirde-sosyal-konutlara-yogun-basvuru-6-gunde-yaklasik-40-bin-talep\/\" \/>\n<meta property=\"og:locale\" content=\"uk_UA\" \/>\n<meta property=\"og:type\" content=\"article\" \/>\n<meta property=\"og:title\" content=\"\u0130zmir&#039;de sosyal konutlara yo\u011fun ba\u015fvuru... 6 g\u00fcnde yakla\u015f\u0131k 40 bin talep\" \/>\n<meta property=\"og:description\" content=\"\u0130zmir B\u00fcy\u00fck\u015fehir Belediye Ba\u015fkan\u0131 Dr. Cemil Tugay\u2019\u0131n adayl\u0131k s\u00fcrecindeki vaatlerinden 25 bin sosyal konut projesinin ilk aya\u011f\u0131 olan Ege\u015fehir Menemen Konutlar\u0131\u2019n\u0131n tan\u0131t\u0131m t\u00f6reninin ard\u0131ndan 6 g\u00fcnde 40 binin \u00fczerinde ba\u015fvuru yap\u0131ld\u0131.\u0130ZM\u0130R (\u0130GFA) &#8211; \u0130zmir B\u00fcy\u00fck\u015fehir Belediye Ba\u015fkan\u0131 Dr. Cemil Tugay\u2019\u0131n ev sahipli\u011finde tan\u0131t\u0131m\u0131 yap\u0131lan Ege\u015fehir Menemen Konutlar\u0131 yo\u011fun ilgi g\u00f6r\u00fcyor. Orta ve alt gelir grubundaki vatanda\u015flara konut sahibi olma imkan\u0131 sunan projenin \u0130zmir B\u00fcy\u00fck\u015fehir Belediyesi \u00e7at\u0131s\u0131 alt\u0131ndaki ana y\u00fcr\u00fct\u00fcc\u00fcs\u00fc olan Ege\u015fehir Yap\u0131 Planlama M\u00fc\u015favirlik ve Teknoloji Anonim \u015eirketi\u2019ne (Ege\u015fehir A\u015e) 6 g\u00fcnde 40 binin \u00fczerinde ba\u015fvuru yap\u0131ld\u0131. 120 ay vade ve 15 bin TL\u2019den ba\u015flayan taksitlerle hayalleri ger\u00e7e\u011fe d\u00f6n\u00fc\u015ft\u00fcrecek proje i\u00e7in binlerce ki\u015fi telefon ve mesaj yoluyla Ege\u015fehir A\u015e\u2019ye ula\u015fmaya \u00e7al\u0131\u015ft\u0131. \u0130zmir B\u00fcy\u00fck\u015fehir Belediye Ba\u015fkan\u0131 Dr. Cemil Tugay, ba\u015fvuru say\u0131s\u0131n\u0131n sosyal konut projesinin ne kadar \u00f6nemli bir \u00e7al\u0131\u015fma oldu\u011funu bir kez daha g\u00f6sterdi\u011fini belirterek \u201cG\u00fcn\u00fcm\u00fcz ko\u015fullar\u0131nda bar\u0131nma konusu art\u0131k ciddi bir krize d\u00f6n\u00fc\u015fm\u00fc\u015f durumda. Biz de konut krizine \u00e7\u00f6z\u00fcm \u00fcretmek \u00fczere yerel y\u00f6netim olarak sorumluluk ald\u0131k. Menemen\u2019de 3 bin 100 konutu vatanda\u015flar\u0131m\u0131za uygun \u015fartlarda \u00f6deme imk\u00e2n\u0131yla sunuyoruz. Hedefimiz 25 bin konut. Orta ve alt gelir grubundaki vatanda\u015flar\u0131m\u0131z\u0131 rahatlatacak bir yol a\u00e7may\u0131 hedefliyoruz\u201d dedi. 370 B\u0130N METREKARE \u0130N\u015eAAT ALANI Ege\u015fehir Menemen Konutlar\u0131 ad\u0131n\u0131 ta\u015f\u0131yan proje Menemen\u2019in Koyundere Mahallesi\u2019nde 90 bin metrekarelik &hellip;\" \/>\n<meta property=\"og:url\" content=\"http:\/\/denizcankizil.tr\/uk\/haberler\/gundem\/izmirde-sosyal-konutlara-yogun-basvuru-6-gunde-yaklasik-40-bin-talep\/\" \/>\n<meta property=\"og:site_name\" content=\"Av. Deniz Can K\u0131z\u0131l\" \/>\n<meta property=\"article:published_time\" content=\"2025-03-11T07:41:22+00:00\" \/>\n<meta name=\"author\" content=\"admin\" \/>\n<meta name=\"twitter:card\" content=\"summary_large_image\" \/>\n<meta name=\"twitter:label1\" content=\"\u041d\u0430\u043f\u0438\u0441\u0430\u043d\u043e\" \/>\n\t<meta name=\"twitter:data1\" content=\"admin\" \/>\n\t<meta name=\"twitter:label2\" content=\"\u041f\u0440\u0438\u0431\u043b. \u0447\u0430\u0441 \u0447\u0438\u0442\u0430\u043d\u043d\u044f\" \/>\n\t<meta name=\"twitter:data2\" content=\"5 \u0445\u0432\u0438\u043b\u0438\u043d\" \/>\n<script type=\"application\/ld+json\" class=\"yoast-schema-graph\">{\"@context\":\"https:\/\/schema.org\",\"@graph\":[{\"@type\":\"Article\",\"@id\":\"http:\/\/denizcankizil.tr\/haberler\/gundem\/izmirde-sosyal-konutlara-yogun-basvuru-6-gunde-yaklasik-40-bin-talep\/#article\",\"isPartOf\":{\"@id\":\"http:\/\/denizcankizil.tr\/haberler\/gundem\/izmirde-sosyal-konutlara-yogun-basvuru-6-gunde-yaklasik-40-bin-talep\/\"},\"author\":{\"name\":\"admin\",\"@id\":\"https:\/\/denizcankizil.tr\/de\/#\/schema\/person\/be3c05fe6a12686905512445d8185489\"},\"headline\":\"\u0130zmir&#8217;de sosyal konutlara yo\u011fun ba\u015fvuru&#8230; 6 g\u00fcnde yakla\u015f\u0131k 40 bin talep\",\"datePublished\":\"2025-03-11T07:41:22+00:00\",\"mainEntityOfPage\":{\"@id\":\"http:\/\/denizcankizil.tr\/haberler\/gundem\/izmirde-sosyal-konutlara-yogun-basvuru-6-gunde-yaklasik-40-bin-talep\/\"},\"wordCount\":1040,\"commentCount\":0,\"publisher\":{\"@id\":\"https:\/\/denizcankizil.tr\/de\/#organization\"},\"articleSection\":[\"G\u00fcndem\"],\"inLanguage\":\"uk\",\"potentialAction\":[{\"@type\":\"CommentAction\",\"name\":\"Comment\",\"target\":[\"http:\/\/denizcankizil.tr\/haberler\/gundem\/izmirde-sosyal-konutlara-yogun-basvuru-6-gunde-yaklasik-40-bin-talep\/#respond\"]}]},{\"@type\":\"WebPage\",\"@id\":\"http:\/\/denizcankizil.tr\/haberler\/gundem\/izmirde-sosyal-konutlara-yogun-basvuru-6-gunde-yaklasik-40-bin-talep\/\",\"url\":\"http:\/\/denizcankizil.tr\/haberler\/gundem\/izmirde-sosyal-konutlara-yogun-basvuru-6-gunde-yaklasik-40-bin-talep\/\",\"name\":\"\u0130zmir'de sosyal konutlara yo\u011fun ba\u015fvuru... 6 g\u00fcnde yakla\u015f\u0131k 40 bin talep - Av. Deniz Can K\u0131z\u0131l\",\"isPartOf\":{\"@id\":\"https:\/\/denizcankizil.tr\/de\/#website\"},\"datePublished\":\"2025-03-11T07:41:22+00:00\",\"breadcrumb\":{\"@id\":\"http:\/\/denizcankizil.tr\/haberler\/gundem\/izmirde-sosyal-konutlara-yogun-basvuru-6-gunde-yaklasik-40-bin-talep\/#breadcrumb\"},\"inLanguage\":\"uk\",\"potentialAction\":[{\"@type\":\"ReadAction\",\"target\":[\"http:\/\/denizcankizil.tr\/haberler\/gundem\/izmirde-sosyal-konutlara-yogun-basvuru-6-gunde-yaklasik-40-bin-talep\/\"]}]},{\"@type\":\"BreadcrumbList\",\"@id\":\"http:\/\/denizcankizil.tr\/haberler\/gundem\/izmirde-sosyal-konutlara-yogun-basvuru-6-gunde-yaklasik-40-bin-talep\/#breadcrumb\",\"itemListElement\":[{\"@type\":\"ListItem\",\"position\":1,\"name\":\"Home\",\"item\":\"https:\/\/denizcankizil.tr\/de\/\"},{\"@type\":\"ListItem\",\"position\":2,\"name\":\"\u0130zmir&#8217;de sosyal konutlara yo\u011fun ba\u015fvuru&#8230; 6 g\u00fcnde yakla\u015f\u0131k 40 bin talep\"}]},{\"@type\":\"WebSite\",\"@id\":\"https:\/\/denizcankizil.tr\/de\/#website\",\"url\":\"https:\/\/denizcankizil.tr\/de\/\",\"name\":\"Av. Deniz Can K\u0131z\u0131l\",\"description\":\"Avukat Deniz Can K\u0131z\u0131l Antalya Barosu\",\"publisher\":{\"@id\":\"https:\/\/denizcankizil.tr\/de\/#organization\"},\"potentialAction\":[{\"@type\":\"SearchAction\",\"target\":{\"@type\":\"EntryPoint\",\"urlTemplate\":\"https:\/\/denizcankizil.tr\/de\/?s={search_term_string}\"},\"query-input\":{\"@type\":\"PropertyValueSpecification\",\"valueRequired\":true,\"valueName\":\"search_term_string\"}}],\"inLanguage\":\"uk\"},{\"@type\":\"Organization\",\"@id\":\"https:\/\/denizcankizil.tr\/de\/#organization\",\"name\":\"Av. Deniz Can K\u0131z\u0131l\",\"url\":\"https:\/\/denizcankizil.tr\/de\/\",\"logo\":{\"@type\":\"ImageObject\",\"inLanguage\":\"uk\",\"@id\":\"https:\/\/denizcankizil.tr\/de\/#\/schema\/logo\/image\/\",\"url\":\"https:\/\/denizcankizil.tr\/wp-content\/uploads\/2024\/10\/siyah-logo-svg.svg\",\"contentUrl\":\"https:\/\/denizcankizil.tr\/wp-content\/uploads\/2024\/10\/siyah-logo-svg.svg\",\"width\":1080,\"height\":1080,\"caption\":\"Av. Deniz Can K\u0131z\u0131l\"},\"image\":{\"@id\":\"https:\/\/denizcankizil.tr\/de\/#\/schema\/logo\/image\/\"}},{\"@type\":\"Person\",\"@id\":\"https:\/\/denizcankizil.tr\/de\/#\/schema\/person\/be3c05fe6a12686905512445d8185489\",\"name\":\"admin\",\"image\":{\"@type\":\"ImageObject\",\"inLanguage\":\"uk\",\"@id\":\"https:\/\/denizcankizil.tr\/de\/#\/schema\/person\/image\/\",\"url\":\"https:\/\/secure.gravatar.com\/avatar\/c1fce94c830dc79107e174f890d7210541c4a63e8e5d816341794a2151c9d58c?s=96&d=mm&r=g\",\"contentUrl\":\"https:\/\/secure.gravatar.com\/avatar\/c1fce94c830dc79107e174f890d7210541c4a63e8e5d816341794a2151c9d58c?s=96&d=mm&r=g\",\"caption\":\"admin\"},\"sameAs\":[\"http:\/\/denizcankizil.tr\"],\"url\":\"https:\/\/www.iskenderun.org\/izmirde-sosyal-konutlara-yogun-basvuru-6-gunde-yaklasik-40-bin-talep\"}]}<\/script>\n<!-- \/ Yoast SEO Premium plugin. -->","yoast_head_json":{"title":"\u0130zmir'de sosyal konutlara yo\u011fun ba\u015fvuru... 6 g\u00fcnde yakla\u015f\u0131k 40 bin talep - Av. Deniz Can K\u0131z\u0131l","robots":{"index":"index","follow":"follow","max-snippet":"max-snippet:-1","max-image-preview":"max-image-preview:large","max-video-preview":"max-video-preview:-1"},"canonical":"http:\/\/denizcankizil.tr\/uk\/haberler\/gundem\/izmirde-sosyal-konutlara-yogun-basvuru-6-gunde-yaklasik-40-bin-talep\/","og_locale":"uk_UA","og_type":"article","og_title":"\u0130zmir'de sosyal konutlara yo\u011fun ba\u015fvuru... 6 g\u00fcnde yakla\u015f\u0131k 40 bin talep","og_description":"\u0130zmir B\u00fcy\u00fck\u015fehir Belediye Ba\u015fkan\u0131 Dr. Cemil Tugay\u2019\u0131n adayl\u0131k s\u00fcrecindeki vaatlerinden 25 bin sosyal konut projesinin ilk aya\u011f\u0131 olan Ege\u015fehir Menemen Konutlar\u0131\u2019n\u0131n tan\u0131t\u0131m t\u00f6reninin ard\u0131ndan 6 g\u00fcnde 40 binin \u00fczerinde ba\u015fvuru yap\u0131ld\u0131.\u0130ZM\u0130R (\u0130GFA) &#8211; \u0130zmir B\u00fcy\u00fck\u015fehir Belediye Ba\u015fkan\u0131 Dr. Cemil Tugay\u2019\u0131n ev sahipli\u011finde tan\u0131t\u0131m\u0131 yap\u0131lan Ege\u015fehir Menemen Konutlar\u0131 yo\u011fun ilgi g\u00f6r\u00fcyor. Orta ve alt gelir grubundaki vatanda\u015flara konut sahibi olma imkan\u0131 sunan projenin \u0130zmir B\u00fcy\u00fck\u015fehir Belediyesi \u00e7at\u0131s\u0131 alt\u0131ndaki ana y\u00fcr\u00fct\u00fcc\u00fcs\u00fc olan Ege\u015fehir Yap\u0131 Planlama M\u00fc\u015favirlik ve Teknoloji Anonim \u015eirketi\u2019ne (Ege\u015fehir A\u015e) 6 g\u00fcnde 40 binin \u00fczerinde ba\u015fvuru yap\u0131ld\u0131. 120 ay vade ve 15 bin TL\u2019den ba\u015flayan taksitlerle hayalleri ger\u00e7e\u011fe d\u00f6n\u00fc\u015ft\u00fcrecek proje i\u00e7in binlerce ki\u015fi telefon ve mesaj yoluyla Ege\u015fehir A\u015e\u2019ye ula\u015fmaya \u00e7al\u0131\u015ft\u0131. \u0130zmir B\u00fcy\u00fck\u015fehir Belediye Ba\u015fkan\u0131 Dr. Cemil Tugay, ba\u015fvuru say\u0131s\u0131n\u0131n sosyal konut projesinin ne kadar \u00f6nemli bir \u00e7al\u0131\u015fma oldu\u011funu bir kez daha g\u00f6sterdi\u011fini belirterek \u201cG\u00fcn\u00fcm\u00fcz ko\u015fullar\u0131nda bar\u0131nma konusu art\u0131k ciddi bir krize d\u00f6n\u00fc\u015fm\u00fc\u015f durumda. Biz de konut krizine \u00e7\u00f6z\u00fcm \u00fcretmek \u00fczere yerel y\u00f6netim olarak sorumluluk ald\u0131k. Menemen\u2019de 3 bin 100 konutu vatanda\u015flar\u0131m\u0131za uygun \u015fartlarda \u00f6deme imk\u00e2n\u0131yla sunuyoruz. Hedefimiz 25 bin konut. Orta ve alt gelir grubundaki vatanda\u015flar\u0131m\u0131z\u0131 rahatlatacak bir yol a\u00e7may\u0131 hedefliyoruz\u201d dedi. 370 B\u0130N METREKARE \u0130N\u015eAAT ALANI Ege\u015fehir Menemen Konutlar\u0131 ad\u0131n\u0131 ta\u015f\u0131yan proje Menemen\u2019in Koyundere Mahallesi\u2019nde 90 bin metrekarelik &hellip;","og_url":"http:\/\/denizcankizil.tr\/uk\/haberler\/gundem\/izmirde-sosyal-konutlara-yogun-basvuru-6-gunde-yaklasik-40-bin-talep\/","og_site_name":"Av. Deniz Can K\u0131z\u0131l","article_published_time":"2025-03-11T07:41:22+00:00","author":"admin","twitter_card":"summary_large_image","twitter_misc":{"\u041d\u0430\u043f\u0438\u0441\u0430\u043d\u043e":"admin","\u041f\u0440\u0438\u0431\u043b. \u0447\u0430\u0441 \u0447\u0438\u0442\u0430\u043d\u043d\u044f":"5 \u0445\u0432\u0438\u043b\u0438\u043d"},"schema":{"@context":"https:\/\/schema.org","@graph":[{"@type":"Article","@id":"http:\/\/denizcankizil.tr\/haberler\/gundem\/izmirde-sosyal-konutlara-yogun-basvuru-6-gunde-yaklasik-40-bin-talep\/#article","isPartOf":{"@id":"http:\/\/denizcankizil.tr\/haberler\/gundem\/izmirde-sosyal-konutlara-yogun-basvuru-6-gunde-yaklasik-40-bin-talep\/"},"author":{"name":"admin","@id":"https:\/\/denizcankizil.tr\/de\/#\/schema\/person\/be3c05fe6a12686905512445d8185489"},"headline":"\u0130zmir&#8217;de sosyal konutlara yo\u011fun ba\u015fvuru&#8230; 6 g\u00fcnde yakla\u015f\u0131k 40 bin talep","datePublished":"2025-03-11T07:41:22+00:00","mainEntityOfPage":{"@id":"http:\/\/denizcankizil.tr\/haberler\/gundem\/izmirde-sosyal-konutlara-yogun-basvuru-6-gunde-yaklasik-40-bin-talep\/"},"wordCount":1040,"commentCount":0,"publisher":{"@id":"https:\/\/denizcankizil.tr\/de\/#organization"},"articleSection":["G\u00fcndem"],"inLanguage":"uk","potentialAction":[{"@type":"CommentAction","name":"Comment","target":["http:\/\/denizcankizil.tr\/haberler\/gundem\/izmirde-sosyal-konutlara-yogun-basvuru-6-gunde-yaklasik-40-bin-talep\/#respond"]}]},{"@type":"WebPage","@id":"http:\/\/denizcankizil.tr\/haberler\/gundem\/izmirde-sosyal-konutlara-yogun-basvuru-6-gunde-yaklasik-40-bin-talep\/","url":"http:\/\/denizcankizil.tr\/haberler\/gundem\/izmirde-sosyal-konutlara-yogun-basvuru-6-gunde-yaklasik-40-bin-talep\/","name":"\u0130zmir'de sosyal konutlara yo\u011fun ba\u015fvuru... 6 g\u00fcnde yakla\u015f\u0131k 40 bin talep - Av. Deniz Can K\u0131z\u0131l","isPartOf":{"@id":"https:\/\/denizcankizil.tr\/de\/#website"},"datePublished":"2025-03-11T07:41:22+00:00","breadcrumb":{"@id":"http:\/\/denizcankizil.tr\/haberler\/gundem\/izmirde-sosyal-konutlara-yogun-basvuru-6-gunde-yaklasik-40-bin-talep\/#breadcrumb"},"inLanguage":"uk","potentialAction":[{"@type":"ReadAction","target":["http:\/\/denizcankizil.tr\/haberler\/gundem\/izmirde-sosyal-konutlara-yogun-basvuru-6-gunde-yaklasik-40-bin-talep\/"]}]},{"@type":"BreadcrumbList","@id":"http:\/\/denizcankizil.tr\/haberler\/gundem\/izmirde-sosyal-konutlara-yogun-basvuru-6-gunde-yaklasik-40-bin-talep\/#breadcrumb","itemListElement":[{"@type":"ListItem","position":1,"name":"Home","item":"https:\/\/denizcankizil.tr\/de\/"},{"@type":"ListItem","position":2,"name":"\u0130zmir&#8217;de sosyal konutlara yo\u011fun ba\u015fvuru&#8230; 6 g\u00fcnde yakla\u015f\u0131k 40 bin talep"}]},{"@type":"WebSite","@id":"https:\/\/denizcankizil.tr\/de\/#website","url":"https:\/\/denizcankizil.tr\/de\/","name":"Av. Deniz Can K\u0131z\u0131l","description":"Avukat Deniz Can K\u0131z\u0131l Antalya Barosu","publisher":{"@id":"https:\/\/denizcankizil.tr\/de\/#organization"},"potentialAction":[{"@type":"SearchAction","target":{"@type":"EntryPoint","urlTemplate":"https:\/\/denizcankizil.tr\/de\/?s={search_term_string}"},"query-input":{"@type":"PropertyValueSpecification","valueRequired":true,"valueName":"search_term_string"}}],"inLanguage":"uk"},{"@type":"Organization","@id":"https:\/\/denizcankizil.tr\/de\/#organization","name":"Av. Deniz Can K\u0131z\u0131l","url":"https:\/\/denizcankizil.tr\/de\/","logo":{"@type":"ImageObject","inLanguage":"uk","@id":"https:\/\/denizcankizil.tr\/de\/#\/schema\/logo\/image\/","url":"https:\/\/denizcankizil.tr\/wp-content\/uploads\/2024\/10\/siyah-logo-svg.svg","contentUrl":"https:\/\/denizcankizil.tr\/wp-content\/uploads\/2024\/10\/siyah-logo-svg.svg","width":1080,"height":1080,"caption":"Av. Deniz Can K\u0131z\u0131l"},"image":{"@id":"https:\/\/denizcankizil.tr\/de\/#\/schema\/logo\/image\/"}},{"@type":"Person","@id":"https:\/\/denizcankizil.tr\/de\/#\/schema\/person\/be3c05fe6a12686905512445d8185489","name":"\u0430\u0434\u043c\u0456\u043d","image":{"@type":"ImageObject","inLanguage":"uk","@id":"https:\/\/denizcankizil.tr\/de\/#\/schema\/person\/image\/","url":"https:\/\/secure.gravatar.com\/avatar\/c1fce94c830dc79107e174f890d7210541c4a63e8e5d816341794a2151c9d58c?s=96&d=mm&r=g","contentUrl":"https:\/\/secure.gravatar.com\/avatar\/c1fce94c830dc79107e174f890d7210541c4a63e8e5d816341794a2151c9d58c?s=96&d=mm&r=g","caption":"admin"},"sameAs":["http:\/\/denizcankizil.tr"],"url":"https:\/\/www.iskenderun.org\/izmirde-sosyal-konutlara-yogun-basvuru-6-gunde-yaklasik-40-bin-talep"}]}},"_links":{"self":[{"href":"https:\/\/denizcankizil.tr\/uk\/wp-json\/wp\/v2\/posts\/35326","targetHints":{"allow":["GET"]}}],"collection":[{"href":"https:\/\/denizcankizil.tr\/uk\/wp-json\/wp\/v2\/posts"}],"about":[{"href":"https:\/\/denizcankizil.tr\/uk\/wp-json\/wp\/v2\/types\/post"}],"author":[{"embeddable":true,"href":"https:\/\/denizcankizil.tr\/uk\/wp-json\/wp\/v2\/users\/1"}],"replies":[{"embeddable":true,"href":"https:\/\/denizcankizil.tr\/uk\/wp-json\/wp\/v2\/comments?post=35326"}],"version-history":[{"count":0,"href":"https:\/\/denizcankizil.tr\/uk\/wp-json\/wp\/v2\/posts\/35326\/revisions"}],"wp:attachment":[{"href":"https:\/\/denizcankizil.tr\/uk\/wp-json\/wp\/v2\/media?parent=35326"}],"wp:term":[{"taxonomy":"category","embeddable":true,"href":"https:\/\/denizcankizil.tr\/uk\/wp-json\/wp\/v2\/categories?post=35326"},{"taxonomy":"post_tag","embeddable":true,"href":"https:\/\/denizcankizil.tr\/uk\/wp-json\/wp\/v2\/tags?post=35326"}],"curies":[{"name":"wp","href":"https:\/\/api.w.org\/{rel}","templated":true}]}}