{"id":35228,"date":"2025-03-10T12:41:37","date_gmt":"2025-03-10T09:41:37","guid":{"rendered":"https:\/\/denizcankizil.tr\/uncategorized-tr\/aksde-hesaplar-ve-tesadufler-sergisi\/"},"modified":"2025-03-10T12:41:37","modified_gmt":"2025-03-10T09:41:37","slug":"aksde-hesaplar-ve-tesadufler-sergisi","status":"publish","type":"post","link":"https:\/\/denizcankizil.tr\/uk\/haberler\/antalya\/aksde-hesaplar-ve-tesadufler-sergisi\/","title":{"rendered":"AKS&#8217;de &#8216;Hesaplar ve Tesad\u00fcfler&#8217; Sergisi"},"content":{"rendered":"<p>Sergi, algoritma sanat\u0131n\u0131n \u00f6nc\u00fclerinden Vera Moln\u00e1r, D\u00f3ra Maurer ve Gizella R\u00e1k\u00f3czy&#8217;nin eserlerini bir araya getirerek sanatseverlere benzersiz bir deneyim sunuyor. Moln\u00e1r&#8217;\u0131n bilgisayar sanat\u0131 \u00fczerindeki etkisine odaklanan sergi, ayn\u0131 zamanda Maurer ve R\u00e1k\u00f3czy&#8217;nin matematik ve algoritmalarla sanat\u0131 nas\u0131l d\u00f6n\u00fc\u015ft\u00fcrd\u00fc\u011f\u00fcn\u00fc g\u00f6zler \u00f6n\u00fcne seriyor.<\/p>\n<p>Antalya Ticaret ve Sanayi Odas\u0131 (ATSO) Y\u00f6netim Kurulu Ba\u015fkan\u0131 Yusuf Hac\u0131s\u00fcleyman, serginin a\u00e7\u0131l\u0131\u015f\u0131yla ilgili yapt\u0131\u011f\u0131 a\u00e7\u0131klamada, \u201cAntalya&#8217;n\u0131n k\u00fclt\u00fcr ve sanat alan\u0131ndaki geli\u015fimini desteklemeye devam ediyoruz. Sanat\u0131n teknolojiyle bulu\u015ftu\u011fu bu \u00f6zel serginin kentimizde yer almas\u0131ndan b\u00fcy\u00fck memnuniyet duyuyoruz. Antalya K\u00fclt\u00fcr Sanat, uluslararas\u0131 sanat\u00e7\u0131lar\u0131 ve koleksiyonlar\u0131 kentimize ta\u015f\u0131yarak Antalya&#8217;n\u0131n k\u00fclt\u00fcrel \u00e7e\u015fitlili\u011fini zenginle\u015ftiriyor&#8221; dedi.<\/p>\n<p>Sanatseverleri sanat ve algoritman\u0131n kesi\u015fim noktas\u0131na davet eden Hesaplar ve Tesad\u00fcfler sergisi, 27 Nisan tarihine kadar Antalya K\u00fclt\u00fcr Sanat&#8217;ta ziyaret edilebilecek.<\/p>\n<p>Kaynak: www.kanalv.com.tr Haber Sitesinden Al\u0131nm\u0131\u015ft\u0131r.<\/p>","protected":false},"excerpt":{"rendered":"<p>Sergi, algoritma sanat\u0131n\u0131n \u00f6nc\u00fclerinden Vera Moln\u00e1r, D\u00f3ra Maurer ve Gizella R\u00e1k\u00f3czy&#8217;nin eserlerini bir araya getirerek sanatseverlere benzersiz bir deneyim sunuyor. Moln\u00e1r&#8217;\u0131n bilgisayar sanat\u0131 \u00fczerindeki etkisine odaklanan sergi, ayn\u0131 zamanda Maurer ve R\u00e1k\u00f3czy&#8217;nin matematik ve algoritmalarla sanat\u0131 nas\u0131l d\u00f6n\u00fc\u015ft\u00fcrd\u00fc\u011f\u00fcn\u00fc g\u00f6zler \u00f6n\u00fcne seriyor. Antalya Ticaret ve Sanayi Odas\u0131 (ATSO) Y\u00f6netim Kurulu Ba\u015fkan\u0131 Yusuf Hac\u0131s\u00fcleyman, serginin a\u00e7\u0131l\u0131\u015f\u0131yla ilgili yapt\u0131\u011f\u0131 a\u00e7\u0131klamada, \u201cAntalya&#8217;n\u0131n k\u00fclt\u00fcr ve sanat alan\u0131ndaki geli\u015fimini desteklemeye devam ediyoruz. Sanat\u0131n teknolojiyle bulu\u015ftu\u011fu bu \u00f6zel serginin kentimizde yer almas\u0131ndan b\u00fcy\u00fck memnuniyet duyuyoruz. Antalya K\u00fclt\u00fcr Sanat, uluslararas\u0131 sanat\u00e7\u0131lar\u0131 ve koleksiyonlar\u0131 kentimize ta\u015f\u0131yarak Antalya&#8217;n\u0131n k\u00fclt\u00fcrel \u00e7e\u015fitlili\u011fini zenginle\u015ftiriyor&#8221; dedi. Sanatseverleri sanat ve algoritman\u0131n kesi\u015fim noktas\u0131na davet eden Hesaplar ve Tesad\u00fcfler sergisi, 27 Nisan tarihine kadar Antalya K\u00fclt\u00fcr Sanat&#8217;ta ziyaret edilebilecek. Kaynak: www.kanalv.com.tr Haber Sitesinden Al\u0131nm\u0131\u015ft\u0131r.<\/p>","protected":false},"author":4,"featured_media":35229,"comment_status":"open","ping_status":"open","sticky":false,"template":"","format":"standard","meta":{"_acf_changed":false,"footnotes":""},"categories":[26],"tags":[],"class_list":["post-35228","post","type-post","status-publish","format-standard","has-post-thumbnail","hentry","category-antalya"],"acf":[],"yoast_head":"<!-- This site is optimized with the Yoast SEO Premium plugin v26.6 (Yoast SEO v27.1.1) - https:\/\/yoast.com\/product\/yoast-seo-premium-wordpress\/ -->\n<title>AKS&#039;de &#039;Hesaplar ve Tesad\u00fcfler&#039; Sergisi - Av. Deniz Can K\u0131z\u0131l<\/title>\n<meta name=\"robots\" content=\"index, follow, max-snippet:-1, max-image-preview:large, max-video-preview:-1\" \/>\n<link rel=\"canonical\" href=\"https:\/\/denizcankizil.tr\/uk\/haberler\/antalya\/aksde-hesaplar-ve-tesadufler-sergisi\/\" \/>\n<meta property=\"og:locale\" content=\"uk_UA\" \/>\n<meta property=\"og:type\" content=\"article\" \/>\n<meta property=\"og:title\" content=\"AKS&#039;de &#039;Hesaplar ve Tesad\u00fcfler&#039; Sergisi\" \/>\n<meta property=\"og:description\" content=\"Sergi, algoritma sanat\u0131n\u0131n \u00f6nc\u00fclerinden Vera Moln\u00e1r, D\u00f3ra Maurer ve Gizella R\u00e1k\u00f3czy&#8217;nin eserlerini bir araya getirerek sanatseverlere benzersiz bir deneyim sunuyor. Moln\u00e1r&#8217;\u0131n bilgisayar sanat\u0131 \u00fczerindeki etkisine odaklanan sergi, ayn\u0131 zamanda Maurer ve R\u00e1k\u00f3czy&#8217;nin matematik ve algoritmalarla sanat\u0131 nas\u0131l d\u00f6n\u00fc\u015ft\u00fcrd\u00fc\u011f\u00fcn\u00fc g\u00f6zler \u00f6n\u00fcne seriyor. Antalya Ticaret ve Sanayi Odas\u0131 (ATSO) Y\u00f6netim Kurulu Ba\u015fkan\u0131 Yusuf Hac\u0131s\u00fcleyman, serginin a\u00e7\u0131l\u0131\u015f\u0131yla ilgili yapt\u0131\u011f\u0131 a\u00e7\u0131klamada, \u201cAntalya&#8217;n\u0131n k\u00fclt\u00fcr ve sanat alan\u0131ndaki geli\u015fimini desteklemeye devam ediyoruz. Sanat\u0131n teknolojiyle bulu\u015ftu\u011fu bu \u00f6zel serginin kentimizde yer almas\u0131ndan b\u00fcy\u00fck memnuniyet duyuyoruz. Antalya K\u00fclt\u00fcr Sanat, uluslararas\u0131 sanat\u00e7\u0131lar\u0131 ve koleksiyonlar\u0131 kentimize ta\u015f\u0131yarak Antalya&#8217;n\u0131n k\u00fclt\u00fcrel \u00e7e\u015fitlili\u011fini zenginle\u015ftiriyor&#8221; dedi. Sanatseverleri sanat ve algoritman\u0131n kesi\u015fim noktas\u0131na davet eden Hesaplar ve Tesad\u00fcfler sergisi, 27 Nisan tarihine kadar Antalya K\u00fclt\u00fcr Sanat&#8217;ta ziyaret edilebilecek. Kaynak: www.kanalv.com.tr Haber Sitesinden Al\u0131nm\u0131\u015ft\u0131r.\" \/>\n<meta property=\"og:url\" content=\"https:\/\/denizcankizil.tr\/uk\/haberler\/antalya\/aksde-hesaplar-ve-tesadufler-sergisi\/\" \/>\n<meta property=\"og:site_name\" content=\"Av. Deniz Can K\u0131z\u0131l\" \/>\n<meta property=\"article:published_time\" content=\"2025-03-10T09:41:37+00:00\" \/>\n<meta property=\"og:image\" content=\"https:\/\/denizcankizil.tr\/wp-content\/uploads\/2025\/03\/5414-01-Rppe31.jpeg\" \/>\n\t<meta property=\"og:image:width\" content=\"1280\" \/>\n\t<meta property=\"og:image:height\" content=\"720\" \/>\n\t<meta property=\"og:image:type\" content=\"image\/jpeg\" \/>\n<meta name=\"author\" content=\"Av. Deniz Can K\u0131z\u0131l\" \/>\n<meta name=\"twitter:card\" content=\"summary_large_image\" \/>\n<meta name=\"twitter:label1\" content=\"\u041d\u0430\u043f\u0438\u0441\u0430\u043d\u043e\" \/>\n\t<meta name=\"twitter:data1\" content=\"Av. Deniz Can K\u0131z\u0131l\" \/>\n\t<meta name=\"twitter:label2\" content=\"\u041f\u0440\u0438\u0431\u043b. \u0447\u0430\u0441 \u0447\u0438\u0442\u0430\u043d\u043d\u044f\" \/>\n\t<meta name=\"twitter:data2\" content=\"1 \u0445\u0432\u0438\u043b\u0438\u043d\u0430\" \/>\n<script type=\"application\/ld+json\" class=\"yoast-schema-graph\">{\"@context\":\"https:\/\/schema.org\",\"@graph\":[{\"@type\":\"Article\",\"@id\":\"https:\/\/denizcankizil.tr\/uk\/haberler\/antalya\/aksde-hesaplar-ve-tesadufler-sergisi\/#article\",\"isPartOf\":{\"@id\":\"https:\/\/denizcankizil.tr\/uk\/haberler\/antalya\/aksde-hesaplar-ve-tesadufler-sergisi\/\"},\"author\":{\"name\":\"Av. Deniz Can K\u0131z\u0131l\",\"@id\":\"https:\/\/denizcankizil.tr\/de\/#\/schema\/person\/5dc1b22991bd7ac833867c10afc9b0ff\"},\"headline\":\"AKS&#8217;de &#8216;Hesaplar ve Tesad\u00fcfler&#8217; Sergisi\",\"datePublished\":\"2025-03-10T09:41:37+00:00\",\"mainEntityOfPage\":{\"@id\":\"https:\/\/denizcankizil.tr\/uk\/haberler\/antalya\/aksde-hesaplar-ve-tesadufler-sergisi\/\"},\"wordCount\":187,\"commentCount\":0,\"publisher\":{\"@id\":\"https:\/\/denizcankizil.tr\/de\/#organization\"},\"image\":{\"@id\":\"https:\/\/denizcankizil.tr\/uk\/haberler\/antalya\/aksde-hesaplar-ve-tesadufler-sergisi\/#primaryimage\"},\"thumbnailUrl\":\"https:\/\/denizcankizil.tr\/wp-content\/uploads\/2025\/03\/5414-01-Rppe31.jpeg\",\"articleSection\":[\"Antalya\"],\"inLanguage\":\"uk\",\"potentialAction\":[{\"@type\":\"CommentAction\",\"name\":\"Comment\",\"target\":[\"https:\/\/denizcankizil.tr\/uk\/haberler\/antalya\/aksde-hesaplar-ve-tesadufler-sergisi\/#respond\"]}]},{\"@type\":\"WebPage\",\"@id\":\"https:\/\/denizcankizil.tr\/uk\/haberler\/antalya\/aksde-hesaplar-ve-tesadufler-sergisi\/\",\"url\":\"https:\/\/denizcankizil.tr\/uk\/haberler\/antalya\/aksde-hesaplar-ve-tesadufler-sergisi\/\",\"name\":\"AKS'de 'Hesaplar ve Tesad\u00fcfler' Sergisi - Av. Deniz Can K\u0131z\u0131l\",\"isPartOf\":{\"@id\":\"https:\/\/denizcankizil.tr\/de\/#website\"},\"primaryImageOfPage\":{\"@id\":\"https:\/\/denizcankizil.tr\/uk\/haberler\/antalya\/aksde-hesaplar-ve-tesadufler-sergisi\/#primaryimage\"},\"image\":{\"@id\":\"https:\/\/denizcankizil.tr\/uk\/haberler\/antalya\/aksde-hesaplar-ve-tesadufler-sergisi\/#primaryimage\"},\"thumbnailUrl\":\"https:\/\/denizcankizil.tr\/wp-content\/uploads\/2025\/03\/5414-01-Rppe31.jpeg\",\"datePublished\":\"2025-03-10T09:41:37+00:00\",\"breadcrumb\":{\"@id\":\"https:\/\/denizcankizil.tr\/uk\/haberler\/antalya\/aksde-hesaplar-ve-tesadufler-sergisi\/#breadcrumb\"},\"inLanguage\":\"uk\",\"potentialAction\":[{\"@type\":\"ReadAction\",\"target\":[\"https:\/\/denizcankizil.tr\/uk\/haberler\/antalya\/aksde-hesaplar-ve-tesadufler-sergisi\/\"]}]},{\"@type\":\"ImageObject\",\"inLanguage\":\"uk\",\"@id\":\"https:\/\/denizcankizil.tr\/uk\/haberler\/antalya\/aksde-hesaplar-ve-tesadufler-sergisi\/#primaryimage\",\"url\":\"https:\/\/denizcankizil.tr\/wp-content\/uploads\/2025\/03\/5414-01-Rppe31.jpeg\",\"contentUrl\":\"https:\/\/denizcankizil.tr\/wp-content\/uploads\/2025\/03\/5414-01-Rppe31.jpeg\",\"width\":1280,\"height\":720},{\"@type\":\"BreadcrumbList\",\"@id\":\"https:\/\/denizcankizil.tr\/uk\/haberler\/antalya\/aksde-hesaplar-ve-tesadufler-sergisi\/#breadcrumb\",\"itemListElement\":[{\"@type\":\"ListItem\",\"position\":1,\"name\":\"Home\",\"item\":\"https:\/\/denizcankizil.tr\/de\/\"},{\"@type\":\"ListItem\",\"position\":2,\"name\":\"AKS&#8217;de &#8216;Hesaplar ve Tesad\u00fcfler&#8217; Sergisi\"}]},{\"@type\":\"WebSite\",\"@id\":\"https:\/\/denizcankizil.tr\/de\/#website\",\"url\":\"https:\/\/denizcankizil.tr\/de\/\",\"name\":\"Av. Deniz Can K\u0131z\u0131l\",\"description\":\"Avukat Deniz Can K\u0131z\u0131l Antalya Barosu\",\"publisher\":{\"@id\":\"https:\/\/denizcankizil.tr\/de\/#organization\"},\"potentialAction\":[{\"@type\":\"SearchAction\",\"target\":{\"@type\":\"EntryPoint\",\"urlTemplate\":\"https:\/\/denizcankizil.tr\/de\/?s={search_term_string}\"},\"query-input\":{\"@type\":\"PropertyValueSpecification\",\"valueRequired\":true,\"valueName\":\"search_term_string\"}}],\"inLanguage\":\"uk\"},{\"@type\":\"Organization\",\"@id\":\"https:\/\/denizcankizil.tr\/de\/#organization\",\"name\":\"Av. Deniz Can K\u0131z\u0131l\",\"url\":\"https:\/\/denizcankizil.tr\/de\/\",\"logo\":{\"@type\":\"ImageObject\",\"inLanguage\":\"uk\",\"@id\":\"https:\/\/denizcankizil.tr\/de\/#\/schema\/logo\/image\/\",\"url\":\"https:\/\/denizcankizil.tr\/wp-content\/uploads\/2024\/10\/siyah-logo-svg.svg\",\"contentUrl\":\"https:\/\/denizcankizil.tr\/wp-content\/uploads\/2024\/10\/siyah-logo-svg.svg\",\"width\":1080,\"height\":1080,\"caption\":\"Av. Deniz Can K\u0131z\u0131l\"},\"image\":{\"@id\":\"https:\/\/denizcankizil.tr\/de\/#\/schema\/logo\/image\/\"}},{\"@type\":\"Person\",\"@id\":\"https:\/\/denizcankizil.tr\/de\/#\/schema\/person\/5dc1b22991bd7ac833867c10afc9b0ff\",\"name\":\"Av. Deniz Can K\u0131z\u0131l\",\"image\":{\"@type\":\"ImageObject\",\"inLanguage\":\"uk\",\"@id\":\"https:\/\/denizcankizil.tr\/de\/#\/schema\/person\/image\/\",\"url\":\"https:\/\/secure.gravatar.com\/avatar\/a0b128fb9855c79efc976d5640eedb31dc35ec297594d6016d2cf7c60e975bb6?s=96&d=mm&r=g\",\"contentUrl\":\"https:\/\/secure.gravatar.com\/avatar\/a0b128fb9855c79efc976d5640eedb31dc35ec297594d6016d2cf7c60e975bb6?s=96&d=mm&r=g\",\"caption\":\"Av. Deniz Can K\u0131z\u0131l\"},\"sameAs\":[\"http:\/\/www.denizcankizil.tr\"],\"url\":\"https:\/\/denizcankizil.tr\/uk\/author\/denizcankizil\/\"}]}<\/script>\n<!-- \/ Yoast SEO Premium plugin. -->","yoast_head_json":{"title":"AKS'de 'Hesaplar ve Tesad\u00fcfler' Sergisi - Av. Deniz Can K\u0131z\u0131l","robots":{"index":"index","follow":"follow","max-snippet":"max-snippet:-1","max-image-preview":"max-image-preview:large","max-video-preview":"max-video-preview:-1"},"canonical":"https:\/\/denizcankizil.tr\/uk\/haberler\/antalya\/aksde-hesaplar-ve-tesadufler-sergisi\/","og_locale":"uk_UA","og_type":"article","og_title":"AKS'de 'Hesaplar ve Tesad\u00fcfler' Sergisi","og_description":"Sergi, algoritma sanat\u0131n\u0131n \u00f6nc\u00fclerinden Vera Moln\u00e1r, D\u00f3ra Maurer ve Gizella R\u00e1k\u00f3czy&#8217;nin eserlerini bir araya getirerek sanatseverlere benzersiz bir deneyim sunuyor. Moln\u00e1r&#8217;\u0131n bilgisayar sanat\u0131 \u00fczerindeki etkisine odaklanan sergi, ayn\u0131 zamanda Maurer ve R\u00e1k\u00f3czy&#8217;nin matematik ve algoritmalarla sanat\u0131 nas\u0131l d\u00f6n\u00fc\u015ft\u00fcrd\u00fc\u011f\u00fcn\u00fc g\u00f6zler \u00f6n\u00fcne seriyor. Antalya Ticaret ve Sanayi Odas\u0131 (ATSO) Y\u00f6netim Kurulu Ba\u015fkan\u0131 Yusuf Hac\u0131s\u00fcleyman, serginin a\u00e7\u0131l\u0131\u015f\u0131yla ilgili yapt\u0131\u011f\u0131 a\u00e7\u0131klamada, \u201cAntalya&#8217;n\u0131n k\u00fclt\u00fcr ve sanat alan\u0131ndaki geli\u015fimini desteklemeye devam ediyoruz. Sanat\u0131n teknolojiyle bulu\u015ftu\u011fu bu \u00f6zel serginin kentimizde yer almas\u0131ndan b\u00fcy\u00fck memnuniyet duyuyoruz. Antalya K\u00fclt\u00fcr Sanat, uluslararas\u0131 sanat\u00e7\u0131lar\u0131 ve koleksiyonlar\u0131 kentimize ta\u015f\u0131yarak Antalya&#8217;n\u0131n k\u00fclt\u00fcrel \u00e7e\u015fitlili\u011fini zenginle\u015ftiriyor&#8221; dedi. Sanatseverleri sanat ve algoritman\u0131n kesi\u015fim noktas\u0131na davet eden Hesaplar ve Tesad\u00fcfler sergisi, 27 Nisan tarihine kadar Antalya K\u00fclt\u00fcr Sanat&#8217;ta ziyaret edilebilecek. Kaynak: www.kanalv.com.tr Haber Sitesinden Al\u0131nm\u0131\u015ft\u0131r.","og_url":"https:\/\/denizcankizil.tr\/uk\/haberler\/antalya\/aksde-hesaplar-ve-tesadufler-sergisi\/","og_site_name":"Av. Deniz Can K\u0131z\u0131l","article_published_time":"2025-03-10T09:41:37+00:00","og_image":[{"width":1280,"height":720,"url":"https:\/\/denizcankizil.tr\/wp-content\/uploads\/2025\/03\/5414-01-Rppe31.jpeg","type":"image\/jpeg"}],"author":"Av. Deniz Can K\u0131z\u0131l","twitter_card":"summary_large_image","twitter_misc":{"\u041d\u0430\u043f\u0438\u0441\u0430\u043d\u043e":"Av. Deniz Can K\u0131z\u0131l","\u041f\u0440\u0438\u0431\u043b. \u0447\u0430\u0441 \u0447\u0438\u0442\u0430\u043d\u043d\u044f":"1 \u0445\u0432\u0438\u043b\u0438\u043d\u0430"},"schema":{"@context":"https:\/\/schema.org","@graph":[{"@type":"Article","@id":"https:\/\/denizcankizil.tr\/uk\/haberler\/antalya\/aksde-hesaplar-ve-tesadufler-sergisi\/#article","isPartOf":{"@id":"https:\/\/denizcankizil.tr\/uk\/haberler\/antalya\/aksde-hesaplar-ve-tesadufler-sergisi\/"},"author":{"name":"Av. Deniz Can K\u0131z\u0131l","@id":"https:\/\/denizcankizil.tr\/de\/#\/schema\/person\/5dc1b22991bd7ac833867c10afc9b0ff"},"headline":"AKS&#8217;de &#8216;Hesaplar ve Tesad\u00fcfler&#8217; Sergisi","datePublished":"2025-03-10T09:41:37+00:00","mainEntityOfPage":{"@id":"https:\/\/denizcankizil.tr\/uk\/haberler\/antalya\/aksde-hesaplar-ve-tesadufler-sergisi\/"},"wordCount":187,"commentCount":0,"publisher":{"@id":"https:\/\/denizcankizil.tr\/de\/#organization"},"image":{"@id":"https:\/\/denizcankizil.tr\/uk\/haberler\/antalya\/aksde-hesaplar-ve-tesadufler-sergisi\/#primaryimage"},"thumbnailUrl":"https:\/\/denizcankizil.tr\/wp-content\/uploads\/2025\/03\/5414-01-Rppe31.jpeg","articleSection":["Antalya"],"inLanguage":"uk","potentialAction":[{"@type":"CommentAction","name":"Comment","target":["https:\/\/denizcankizil.tr\/uk\/haberler\/antalya\/aksde-hesaplar-ve-tesadufler-sergisi\/#respond"]}]},{"@type":"WebPage","@id":"https:\/\/denizcankizil.tr\/uk\/haberler\/antalya\/aksde-hesaplar-ve-tesadufler-sergisi\/","url":"https:\/\/denizcankizil.tr\/uk\/haberler\/antalya\/aksde-hesaplar-ve-tesadufler-sergisi\/","name":"AKS'de 'Hesaplar ve Tesad\u00fcfler' Sergisi - Av. Deniz Can K\u0131z\u0131l","isPartOf":{"@id":"https:\/\/denizcankizil.tr\/de\/#website"},"primaryImageOfPage":{"@id":"https:\/\/denizcankizil.tr\/uk\/haberler\/antalya\/aksde-hesaplar-ve-tesadufler-sergisi\/#primaryimage"},"image":{"@id":"https:\/\/denizcankizil.tr\/uk\/haberler\/antalya\/aksde-hesaplar-ve-tesadufler-sergisi\/#primaryimage"},"thumbnailUrl":"https:\/\/denizcankizil.tr\/wp-content\/uploads\/2025\/03\/5414-01-Rppe31.jpeg","datePublished":"2025-03-10T09:41:37+00:00","breadcrumb":{"@id":"https:\/\/denizcankizil.tr\/uk\/haberler\/antalya\/aksde-hesaplar-ve-tesadufler-sergisi\/#breadcrumb"},"inLanguage":"uk","potentialAction":[{"@type":"ReadAction","target":["https:\/\/denizcankizil.tr\/uk\/haberler\/antalya\/aksde-hesaplar-ve-tesadufler-sergisi\/"]}]},{"@type":"ImageObject","inLanguage":"uk","@id":"https:\/\/denizcankizil.tr\/uk\/haberler\/antalya\/aksde-hesaplar-ve-tesadufler-sergisi\/#primaryimage","url":"https:\/\/denizcankizil.tr\/wp-content\/uploads\/2025\/03\/5414-01-Rppe31.jpeg","contentUrl":"https:\/\/denizcankizil.tr\/wp-content\/uploads\/2025\/03\/5414-01-Rppe31.jpeg","width":1280,"height":720},{"@type":"BreadcrumbList","@id":"https:\/\/denizcankizil.tr\/uk\/haberler\/antalya\/aksde-hesaplar-ve-tesadufler-sergisi\/#breadcrumb","itemListElement":[{"@type":"ListItem","position":1,"name":"Home","item":"https:\/\/denizcankizil.tr\/de\/"},{"@type":"ListItem","position":2,"name":"AKS&#8217;de &#8216;Hesaplar ve Tesad\u00fcfler&#8217; Sergisi"}]},{"@type":"WebSite","@id":"https:\/\/denizcankizil.tr\/de\/#website","url":"https:\/\/denizcankizil.tr\/de\/","name":"Av. Deniz Can K\u0131z\u0131l","description":"Avukat Deniz Can K\u0131z\u0131l Antalya Barosu","publisher":{"@id":"https:\/\/denizcankizil.tr\/de\/#organization"},"potentialAction":[{"@type":"SearchAction","target":{"@type":"EntryPoint","urlTemplate":"https:\/\/denizcankizil.tr\/de\/?s={search_term_string}"},"query-input":{"@type":"PropertyValueSpecification","valueRequired":true,"valueName":"search_term_string"}}],"inLanguage":"uk"},{"@type":"Organization","@id":"https:\/\/denizcankizil.tr\/de\/#organization","name":"Av. Deniz Can K\u0131z\u0131l","url":"https:\/\/denizcankizil.tr\/de\/","logo":{"@type":"ImageObject","inLanguage":"uk","@id":"https:\/\/denizcankizil.tr\/de\/#\/schema\/logo\/image\/","url":"https:\/\/denizcankizil.tr\/wp-content\/uploads\/2024\/10\/siyah-logo-svg.svg","contentUrl":"https:\/\/denizcankizil.tr\/wp-content\/uploads\/2024\/10\/siyah-logo-svg.svg","width":1080,"height":1080,"caption":"Av. Deniz Can K\u0131z\u0131l"},"image":{"@id":"https:\/\/denizcankizil.tr\/de\/#\/schema\/logo\/image\/"}},{"@type":"Person","@id":"https:\/\/denizcankizil.tr\/de\/#\/schema\/person\/5dc1b22991bd7ac833867c10afc9b0ff","name":"Av. Deniz Can K\u0131z\u0131l","image":{"@type":"ImageObject","inLanguage":"uk","@id":"https:\/\/denizcankizil.tr\/de\/#\/schema\/person\/image\/","url":"https:\/\/secure.gravatar.com\/avatar\/a0b128fb9855c79efc976d5640eedb31dc35ec297594d6016d2cf7c60e975bb6?s=96&d=mm&r=g","contentUrl":"https:\/\/secure.gravatar.com\/avatar\/a0b128fb9855c79efc976d5640eedb31dc35ec297594d6016d2cf7c60e975bb6?s=96&d=mm&r=g","caption":"Av. Deniz Can K\u0131z\u0131l"},"sameAs":["http:\/\/www.denizcankizil.tr"],"url":"https:\/\/denizcankizil.tr\/uk\/author\/denizcankizil\/"}]}},"_links":{"self":[{"href":"https:\/\/denizcankizil.tr\/uk\/wp-json\/wp\/v2\/posts\/35228","targetHints":{"allow":["GET"]}}],"collection":[{"href":"https:\/\/denizcankizil.tr\/uk\/wp-json\/wp\/v2\/posts"}],"about":[{"href":"https:\/\/denizcankizil.tr\/uk\/wp-json\/wp\/v2\/types\/post"}],"author":[{"embeddable":true,"href":"https:\/\/denizcankizil.tr\/uk\/wp-json\/wp\/v2\/users\/4"}],"replies":[{"embeddable":true,"href":"https:\/\/denizcankizil.tr\/uk\/wp-json\/wp\/v2\/comments?post=35228"}],"version-history":[{"count":0,"href":"https:\/\/denizcankizil.tr\/uk\/wp-json\/wp\/v2\/posts\/35228\/revisions"}],"wp:featuredmedia":[{"embeddable":true,"href":"https:\/\/denizcankizil.tr\/uk\/wp-json\/wp\/v2\/media\/35229"}],"wp:attachment":[{"href":"https:\/\/denizcankizil.tr\/uk\/wp-json\/wp\/v2\/media?parent=35228"}],"wp:term":[{"taxonomy":"category","embeddable":true,"href":"https:\/\/denizcankizil.tr\/uk\/wp-json\/wp\/v2\/categories?post=35228"},{"taxonomy":"post_tag","embeddable":true,"href":"https:\/\/denizcankizil.tr\/uk\/wp-json\/wp\/v2\/tags?post=35228"}],"curies":[{"name":"wp","href":"https:\/\/api.w.org\/{rel}","templated":true}]}}