{"id":3517,"date":"2024-10-16T19:47:50","date_gmt":"2024-10-16T16:47:50","guid":{"rendered":"https:\/\/denizcankizil.tr\/uncategorized\/her-yil-5-bin-ilkokul-1-sinif-ogrencisi-dogru-el-yikama-aliskanligi-kazaniyor\/"},"modified":"2024-10-16T19:47:50","modified_gmt":"2024-10-16T16:47:50","slug":"her-yil-5-bin-ilkokul-1-sinif-ogrencisi-dogru-el-yikama-aliskanligi-kazaniyor","status":"publish","type":"post","link":"https:\/\/denizcankizil.tr\/uk\/haberler\/gundem\/her-yil-5-bin-ilkokul-1-sinif-ogrencisi-dogru-el-yikama-aliskanligi-kazaniyor\/","title":{"rendered":"Her Y\u0131l 5 Bin \u0130lkokul 1. S\u0131n\u0131f \u00d6\u011frencisi Do\u011fru El Y\u0131kama Al\u0131\u015fkanl\u0131\u011f\u0131 Kazan\u0131yor"},"content":{"rendered":"<p>\u201815 Ekim D\u00fcnya El Y\u0131kama\u2019 kapsam\u0131nda Zeytinburnu Belediyesi, \u0130l\u00e7e Milli E\u011fitim M\u00fcd\u00fcrl\u00fc\u011f\u00fc ve Ko\u00e7 \u00dcniversitesi Hastanesi i\u015f birli\u011fiyle hayata ge\u00e7irilen \u2018Sa\u011fl\u0131k Elde Ba\u015flar Projesi\u2019 8\u2019inci y\u0131l\u0131nda 5 binden fazla ilkokul 1. S\u0131n\u0131f \u00f6\u011frencisine erken ya\u015fta do\u011fru el y\u0131kama al\u0131\u015fkanl\u0131\u011f\u0131 kazand\u0131rmak i\u00e7in \u00e7al\u0131\u015f\u0131yor.<\/p>\n<p>\u200b\u201815 Ekim D\u00fcnya El Y\u0131kama\u2019 kapsam\u0131nda Zeytinburnu Belediyesi, \u0130l\u00e7e Milli E\u011fitim M\u00fcd\u00fcrl\u00fc\u011f\u00fc ve Ko\u00e7 \u00dcniversitesi Hastanesi i\u015f birli\u011fiyle hayata ge\u00e7irilen \u2018Sa\u011fl\u0131k Elde Ba\u015flar Projesi\u2019 8\u2019inci y\u0131l\u0131nda 5 binden fazla ilkokul 1. S\u0131n\u0131f \u00f6\u011frencisine erken ya\u015fta do\u011fru el y\u0131kama al\u0131\u015fkanl\u0131\u011f\u0131 kazand\u0131rmak i\u00e7in \u00e7al\u0131\u015f\u0131yor.\u00a0<\/p>\n<p>\u200bHaberin Al\u0131nt\u0131land\u0131\u011f\u0131 Kaynak: www.iskenderun.org<\/p>","protected":false},"excerpt":{"rendered":"<p>\u201815 Ekim D\u00fcnya El Y\u0131kama\u2019 kapsam\u0131nda Zeytinburnu Belediyesi, \u0130l\u00e7e Milli E\u011fitim M\u00fcd\u00fcrl\u00fc\u011f\u00fc ve Ko\u00e7 \u00dcniversitesi Hastanesi i\u015f birli\u011fiyle hayata ge\u00e7irilen \u2018Sa\u011fl\u0131k Elde Ba\u015flar Projesi\u2019 8\u2019inci y\u0131l\u0131nda 5 binden fazla ilkokul 1. S\u0131n\u0131f \u00f6\u011frencisine erken ya\u015fta do\u011fru el y\u0131kama al\u0131\u015fkanl\u0131\u011f\u0131 kazand\u0131rmak i\u00e7in \u00e7al\u0131\u015f\u0131yor. \u200b\u201815 Ekim D\u00fcnya El Y\u0131kama\u2019 kapsam\u0131nda Zeytinburnu Belediyesi, \u0130l\u00e7e Milli E\u011fitim M\u00fcd\u00fcrl\u00fc\u011f\u00fc ve Ko\u00e7 \u00dcniversitesi Hastanesi i\u015f birli\u011fiyle hayata ge\u00e7irilen \u2018Sa\u011fl\u0131k Elde Ba\u015flar Projesi\u2019 8\u2019inci y\u0131l\u0131nda 5 binden fazla ilkokul 1. S\u0131n\u0131f \u00f6\u011frencisine erken ya\u015fta do\u011fru el y\u0131kama al\u0131\u015fkanl\u0131\u011f\u0131 kazand\u0131rmak i\u00e7in \u00e7al\u0131\u015f\u0131yor.\u00a0 \u200bHaberin Al\u0131nt\u0131land\u0131\u011f\u0131 Kaynak: www.iskenderun.org<\/p>","protected":false},"author":0,"featured_media":0,"comment_status":"open","ping_status":"open","sticky":false,"template":"","format":"standard","meta":{"_acf_changed":false,"footnotes":""},"categories":[24],"tags":[],"class_list":["post-3517","post","type-post","status-publish","format-standard","has-post-thumbnail","hentry","category-gundem"],"acf":[],"yoast_head":"<!-- This site is optimized with the Yoast SEO Premium plugin v26.6 (Yoast SEO v27.1.1) - https:\/\/yoast.com\/product\/yoast-seo-premium-wordpress\/ -->\n<title>Her Y\u0131l 5 Bin \u0130lkokul 1. S\u0131n\u0131f \u00d6\u011frencisi Do\u011fru El Y\u0131kama Al\u0131\u015fkanl\u0131\u011f\u0131 Kazan\u0131yor - Av. Deniz Can K\u0131z\u0131l<\/title>\n<meta name=\"robots\" content=\"index, follow, max-snippet:-1, max-image-preview:large, max-video-preview:-1\" \/>\n<link rel=\"canonical\" href=\"https:\/\/denizcankizil.tr\/uk\/haberler\/gundem\/her-yil-5-bin-ilkokul-1-sinif-ogrencisi-dogru-el-yikama-aliskanligi-kazaniyor\/\" \/>\n<meta property=\"og:locale\" content=\"uk_UA\" \/>\n<meta property=\"og:type\" content=\"article\" \/>\n<meta property=\"og:title\" content=\"Her Y\u0131l 5 Bin \u0130lkokul 1. S\u0131n\u0131f \u00d6\u011frencisi Do\u011fru El Y\u0131kama Al\u0131\u015fkanl\u0131\u011f\u0131 Kazan\u0131yor\" \/>\n<meta property=\"og:description\" content=\"\u201815 Ekim D\u00fcnya El Y\u0131kama\u2019 kapsam\u0131nda Zeytinburnu Belediyesi, \u0130l\u00e7e Milli E\u011fitim M\u00fcd\u00fcrl\u00fc\u011f\u00fc ve Ko\u00e7 \u00dcniversitesi Hastanesi i\u015f birli\u011fiyle hayata ge\u00e7irilen \u2018Sa\u011fl\u0131k Elde Ba\u015flar Projesi\u2019 8\u2019inci y\u0131l\u0131nda 5 binden fazla ilkokul 1. S\u0131n\u0131f \u00f6\u011frencisine erken ya\u015fta do\u011fru el y\u0131kama al\u0131\u015fkanl\u0131\u011f\u0131 kazand\u0131rmak i\u00e7in \u00e7al\u0131\u015f\u0131yor. \u200b\u201815 Ekim D\u00fcnya El Y\u0131kama\u2019 kapsam\u0131nda Zeytinburnu Belediyesi, \u0130l\u00e7e Milli E\u011fitim M\u00fcd\u00fcrl\u00fc\u011f\u00fc ve Ko\u00e7 \u00dcniversitesi Hastanesi i\u015f birli\u011fiyle hayata ge\u00e7irilen \u2018Sa\u011fl\u0131k Elde Ba\u015flar Projesi\u2019 8\u2019inci y\u0131l\u0131nda 5 binden fazla ilkokul 1. S\u0131n\u0131f \u00f6\u011frencisine erken ya\u015fta do\u011fru el y\u0131kama al\u0131\u015fkanl\u0131\u011f\u0131 kazand\u0131rmak i\u00e7in \u00e7al\u0131\u015f\u0131yor.\u00a0 \u200bHaberin Al\u0131nt\u0131land\u0131\u011f\u0131 Kaynak: www.iskenderun.org\" \/>\n<meta property=\"og:url\" content=\"https:\/\/denizcankizil.tr\/uk\/haberler\/gundem\/her-yil-5-bin-ilkokul-1-sinif-ogrencisi-dogru-el-yikama-aliskanligi-kazaniyor\/\" \/>\n<meta property=\"og:site_name\" content=\"Av. Deniz Can K\u0131z\u0131l\" \/>\n<meta property=\"article:published_time\" content=\"2024-10-16T16:47:50+00:00\" \/>\n<meta name=\"twitter:card\" content=\"summary_large_image\" \/>\n<meta name=\"twitter:label1\" content=\"\u041f\u0440\u0438\u0431\u043b. \u0447\u0430\u0441 \u0447\u0438\u0442\u0430\u043d\u043d\u044f\" \/>\n\t<meta name=\"twitter:data1\" content=\"1 \u0445\u0432\u0438\u043b\u0438\u043d\u0430\" \/>\n<script type=\"application\/ld+json\" class=\"yoast-schema-graph\">{\"@context\":\"https:\/\/schema.org\",\"@graph\":[{\"@type\":\"Article\",\"@id\":\"https:\/\/denizcankizil.tr\/uk\/haberler\/gundem\/her-yil-5-bin-ilkokul-1-sinif-ogrencisi-dogru-el-yikama-aliskanligi-kazaniyor\/#article\",\"isPartOf\":{\"@id\":\"https:\/\/denizcankizil.tr\/uk\/haberler\/gundem\/her-yil-5-bin-ilkokul-1-sinif-ogrencisi-dogru-el-yikama-aliskanligi-kazaniyor\/\"},\"author\":{\"name\":\"\",\"@id\":\"\"},\"headline\":\"Her Y\u0131l 5 Bin \u0130lkokul 1. S\u0131n\u0131f \u00d6\u011frencisi Do\u011fru El Y\u0131kama Al\u0131\u015fkanl\u0131\u011f\u0131 Kazan\u0131yor\",\"datePublished\":\"2024-10-16T16:47:50+00:00\",\"mainEntityOfPage\":{\"@id\":\"https:\/\/denizcankizil.tr\/uk\/haberler\/gundem\/her-yil-5-bin-ilkokul-1-sinif-ogrencisi-dogru-el-yikama-aliskanligi-kazaniyor\/\"},\"wordCount\":150,\"commentCount\":0,\"publisher\":{\"@id\":\"https:\/\/denizcankizil.tr\/de\/#organization\"},\"articleSection\":[\"G\u00fcndem\"],\"inLanguage\":\"uk\",\"potentialAction\":[{\"@type\":\"CommentAction\",\"name\":\"Comment\",\"target\":[\"https:\/\/denizcankizil.tr\/uk\/haberler\/gundem\/her-yil-5-bin-ilkokul-1-sinif-ogrencisi-dogru-el-yikama-aliskanligi-kazaniyor\/#respond\"]}]},{\"@type\":\"WebPage\",\"@id\":\"https:\/\/denizcankizil.tr\/uk\/haberler\/gundem\/her-yil-5-bin-ilkokul-1-sinif-ogrencisi-dogru-el-yikama-aliskanligi-kazaniyor\/\",\"url\":\"https:\/\/denizcankizil.tr\/uk\/haberler\/gundem\/her-yil-5-bin-ilkokul-1-sinif-ogrencisi-dogru-el-yikama-aliskanligi-kazaniyor\/\",\"name\":\"Her Y\u0131l 5 Bin \u0130lkokul 1. S\u0131n\u0131f \u00d6\u011frencisi Do\u011fru El Y\u0131kama Al\u0131\u015fkanl\u0131\u011f\u0131 Kazan\u0131yor - Av. Deniz Can K\u0131z\u0131l\",\"isPartOf\":{\"@id\":\"https:\/\/denizcankizil.tr\/de\/#website\"},\"datePublished\":\"2024-10-16T16:47:50+00:00\",\"breadcrumb\":{\"@id\":\"https:\/\/denizcankizil.tr\/uk\/haberler\/gundem\/her-yil-5-bin-ilkokul-1-sinif-ogrencisi-dogru-el-yikama-aliskanligi-kazaniyor\/#breadcrumb\"},\"inLanguage\":\"uk\",\"potentialAction\":[{\"@type\":\"ReadAction\",\"target\":[\"https:\/\/denizcankizil.tr\/uk\/haberler\/gundem\/her-yil-5-bin-ilkokul-1-sinif-ogrencisi-dogru-el-yikama-aliskanligi-kazaniyor\/\"]}]},{\"@type\":\"BreadcrumbList\",\"@id\":\"https:\/\/denizcankizil.tr\/uk\/haberler\/gundem\/her-yil-5-bin-ilkokul-1-sinif-ogrencisi-dogru-el-yikama-aliskanligi-kazaniyor\/#breadcrumb\",\"itemListElement\":[{\"@type\":\"ListItem\",\"position\":1,\"name\":\"Home\",\"item\":\"https:\/\/denizcankizil.tr\/de\/\"},{\"@type\":\"ListItem\",\"position\":2,\"name\":\"Her Y\u0131l 5 Bin \u0130lkokul 1. S\u0131n\u0131f \u00d6\u011frencisi Do\u011fru El Y\u0131kama Al\u0131\u015fkanl\u0131\u011f\u0131 Kazan\u0131yor\"}]},{\"@type\":\"WebSite\",\"@id\":\"https:\/\/denizcankizil.tr\/de\/#website\",\"url\":\"https:\/\/denizcankizil.tr\/de\/\",\"name\":\"Av. Deniz Can K\u0131z\u0131l\",\"description\":\"Avukat Deniz Can K\u0131z\u0131l Antalya Barosu\",\"publisher\":{\"@id\":\"https:\/\/denizcankizil.tr\/de\/#organization\"},\"potentialAction\":[{\"@type\":\"SearchAction\",\"target\":{\"@type\":\"EntryPoint\",\"urlTemplate\":\"https:\/\/denizcankizil.tr\/de\/?s={search_term_string}\"},\"query-input\":{\"@type\":\"PropertyValueSpecification\",\"valueRequired\":true,\"valueName\":\"search_term_string\"}}],\"inLanguage\":\"uk\"},{\"@type\":\"Organization\",\"@id\":\"https:\/\/denizcankizil.tr\/de\/#organization\",\"name\":\"Av. Deniz Can K\u0131z\u0131l\",\"url\":\"https:\/\/denizcankizil.tr\/de\/\",\"logo\":{\"@type\":\"ImageObject\",\"inLanguage\":\"uk\",\"@id\":\"https:\/\/denizcankizil.tr\/de\/#\/schema\/logo\/image\/\",\"url\":\"https:\/\/denizcankizil.tr\/wp-content\/uploads\/2024\/10\/siyah-logo-svg.svg\",\"contentUrl\":\"https:\/\/denizcankizil.tr\/wp-content\/uploads\/2024\/10\/siyah-logo-svg.svg\",\"width\":1080,\"height\":1080,\"caption\":\"Av. Deniz Can K\u0131z\u0131l\"},\"image\":{\"@id\":\"https:\/\/denizcankizil.tr\/de\/#\/schema\/logo\/image\/\"}}]}<\/script>\n<!-- \/ Yoast SEO Premium plugin. -->","yoast_head_json":{"title":"Her Y\u0131l 5 Bin \u0130lkokul 1. S\u0131n\u0131f \u00d6\u011frencisi Do\u011fru El Y\u0131kama Al\u0131\u015fkanl\u0131\u011f\u0131 Kazan\u0131yor - Av. Deniz Can K\u0131z\u0131l","robots":{"index":"index","follow":"follow","max-snippet":"max-snippet:-1","max-image-preview":"max-image-preview:large","max-video-preview":"max-video-preview:-1"},"canonical":"https:\/\/denizcankizil.tr\/uk\/haberler\/gundem\/her-yil-5-bin-ilkokul-1-sinif-ogrencisi-dogru-el-yikama-aliskanligi-kazaniyor\/","og_locale":"uk_UA","og_type":"article","og_title":"Her Y\u0131l 5 Bin \u0130lkokul 1. S\u0131n\u0131f \u00d6\u011frencisi Do\u011fru El Y\u0131kama Al\u0131\u015fkanl\u0131\u011f\u0131 Kazan\u0131yor","og_description":"\u201815 Ekim D\u00fcnya El Y\u0131kama\u2019 kapsam\u0131nda Zeytinburnu Belediyesi, \u0130l\u00e7e Milli E\u011fitim M\u00fcd\u00fcrl\u00fc\u011f\u00fc ve Ko\u00e7 \u00dcniversitesi Hastanesi i\u015f birli\u011fiyle hayata ge\u00e7irilen \u2018Sa\u011fl\u0131k Elde Ba\u015flar Projesi\u2019 8\u2019inci y\u0131l\u0131nda 5 binden fazla ilkokul 1. S\u0131n\u0131f \u00f6\u011frencisine erken ya\u015fta do\u011fru el y\u0131kama al\u0131\u015fkanl\u0131\u011f\u0131 kazand\u0131rmak i\u00e7in \u00e7al\u0131\u015f\u0131yor. \u200b\u201815 Ekim D\u00fcnya El Y\u0131kama\u2019 kapsam\u0131nda Zeytinburnu Belediyesi, \u0130l\u00e7e Milli E\u011fitim M\u00fcd\u00fcrl\u00fc\u011f\u00fc ve Ko\u00e7 \u00dcniversitesi Hastanesi i\u015f birli\u011fiyle hayata ge\u00e7irilen \u2018Sa\u011fl\u0131k Elde Ba\u015flar Projesi\u2019 8\u2019inci y\u0131l\u0131nda 5 binden fazla ilkokul 1. S\u0131n\u0131f \u00f6\u011frencisine erken ya\u015fta do\u011fru el y\u0131kama al\u0131\u015fkanl\u0131\u011f\u0131 kazand\u0131rmak i\u00e7in \u00e7al\u0131\u015f\u0131yor.\u00a0 \u200bHaberin Al\u0131nt\u0131land\u0131\u011f\u0131 Kaynak: www.iskenderun.org","og_url":"https:\/\/denizcankizil.tr\/uk\/haberler\/gundem\/her-yil-5-bin-ilkokul-1-sinif-ogrencisi-dogru-el-yikama-aliskanligi-kazaniyor\/","og_site_name":"Av. Deniz Can K\u0131z\u0131l","article_published_time":"2024-10-16T16:47:50+00:00","twitter_card":"summary_large_image","twitter_misc":{"\u041f\u0440\u0438\u0431\u043b. \u0447\u0430\u0441 \u0447\u0438\u0442\u0430\u043d\u043d\u044f":"1 \u0445\u0432\u0438\u043b\u0438\u043d\u0430"},"schema":{"@context":"https:\/\/schema.org","@graph":[{"@type":"Article","@id":"https:\/\/denizcankizil.tr\/uk\/haberler\/gundem\/her-yil-5-bin-ilkokul-1-sinif-ogrencisi-dogru-el-yikama-aliskanligi-kazaniyor\/#article","isPartOf":{"@id":"https:\/\/denizcankizil.tr\/uk\/haberler\/gundem\/her-yil-5-bin-ilkokul-1-sinif-ogrencisi-dogru-el-yikama-aliskanligi-kazaniyor\/"},"author":{"name":"","@id":""},"headline":"Her Y\u0131l 5 Bin \u0130lkokul 1. S\u0131n\u0131f \u00d6\u011frencisi Do\u011fru El Y\u0131kama Al\u0131\u015fkanl\u0131\u011f\u0131 Kazan\u0131yor","datePublished":"2024-10-16T16:47:50+00:00","mainEntityOfPage":{"@id":"https:\/\/denizcankizil.tr\/uk\/haberler\/gundem\/her-yil-5-bin-ilkokul-1-sinif-ogrencisi-dogru-el-yikama-aliskanligi-kazaniyor\/"},"wordCount":150,"commentCount":0,"publisher":{"@id":"https:\/\/denizcankizil.tr\/de\/#organization"},"articleSection":["G\u00fcndem"],"inLanguage":"uk","potentialAction":[{"@type":"CommentAction","name":"Comment","target":["https:\/\/denizcankizil.tr\/uk\/haberler\/gundem\/her-yil-5-bin-ilkokul-1-sinif-ogrencisi-dogru-el-yikama-aliskanligi-kazaniyor\/#respond"]}]},{"@type":"WebPage","@id":"https:\/\/denizcankizil.tr\/uk\/haberler\/gundem\/her-yil-5-bin-ilkokul-1-sinif-ogrencisi-dogru-el-yikama-aliskanligi-kazaniyor\/","url":"https:\/\/denizcankizil.tr\/uk\/haberler\/gundem\/her-yil-5-bin-ilkokul-1-sinif-ogrencisi-dogru-el-yikama-aliskanligi-kazaniyor\/","name":"Her Y\u0131l 5 Bin \u0130lkokul 1. S\u0131n\u0131f \u00d6\u011frencisi Do\u011fru El Y\u0131kama Al\u0131\u015fkanl\u0131\u011f\u0131 Kazan\u0131yor - Av. Deniz Can K\u0131z\u0131l","isPartOf":{"@id":"https:\/\/denizcankizil.tr\/de\/#website"},"datePublished":"2024-10-16T16:47:50+00:00","breadcrumb":{"@id":"https:\/\/denizcankizil.tr\/uk\/haberler\/gundem\/her-yil-5-bin-ilkokul-1-sinif-ogrencisi-dogru-el-yikama-aliskanligi-kazaniyor\/#breadcrumb"},"inLanguage":"uk","potentialAction":[{"@type":"ReadAction","target":["https:\/\/denizcankizil.tr\/uk\/haberler\/gundem\/her-yil-5-bin-ilkokul-1-sinif-ogrencisi-dogru-el-yikama-aliskanligi-kazaniyor\/"]}]},{"@type":"BreadcrumbList","@id":"https:\/\/denizcankizil.tr\/uk\/haberler\/gundem\/her-yil-5-bin-ilkokul-1-sinif-ogrencisi-dogru-el-yikama-aliskanligi-kazaniyor\/#breadcrumb","itemListElement":[{"@type":"ListItem","position":1,"name":"Home","item":"https:\/\/denizcankizil.tr\/de\/"},{"@type":"ListItem","position":2,"name":"Her Y\u0131l 5 Bin \u0130lkokul 1. S\u0131n\u0131f \u00d6\u011frencisi Do\u011fru El Y\u0131kama Al\u0131\u015fkanl\u0131\u011f\u0131 Kazan\u0131yor"}]},{"@type":"WebSite","@id":"https:\/\/denizcankizil.tr\/de\/#website","url":"https:\/\/denizcankizil.tr\/de\/","name":"Av. Deniz Can K\u0131z\u0131l","description":"Avukat Deniz Can K\u0131z\u0131l Antalya Barosu","publisher":{"@id":"https:\/\/denizcankizil.tr\/de\/#organization"},"potentialAction":[{"@type":"SearchAction","target":{"@type":"EntryPoint","urlTemplate":"https:\/\/denizcankizil.tr\/de\/?s={search_term_string}"},"query-input":{"@type":"PropertyValueSpecification","valueRequired":true,"valueName":"search_term_string"}}],"inLanguage":"uk"},{"@type":"Organization","@id":"https:\/\/denizcankizil.tr\/de\/#organization","name":"Av. Deniz Can K\u0131z\u0131l","url":"https:\/\/denizcankizil.tr\/de\/","logo":{"@type":"ImageObject","inLanguage":"uk","@id":"https:\/\/denizcankizil.tr\/de\/#\/schema\/logo\/image\/","url":"https:\/\/denizcankizil.tr\/wp-content\/uploads\/2024\/10\/siyah-logo-svg.svg","contentUrl":"https:\/\/denizcankizil.tr\/wp-content\/uploads\/2024\/10\/siyah-logo-svg.svg","width":1080,"height":1080,"caption":"Av. Deniz Can K\u0131z\u0131l"},"image":{"@id":"https:\/\/denizcankizil.tr\/de\/#\/schema\/logo\/image\/"}}]}},"_links":{"self":[{"href":"https:\/\/denizcankizil.tr\/uk\/wp-json\/wp\/v2\/posts\/3517","targetHints":{"allow":["GET"]}}],"collection":[{"href":"https:\/\/denizcankizil.tr\/uk\/wp-json\/wp\/v2\/posts"}],"about":[{"href":"https:\/\/denizcankizil.tr\/uk\/wp-json\/wp\/v2\/types\/post"}],"replies":[{"embeddable":true,"href":"https:\/\/denizcankizil.tr\/uk\/wp-json\/wp\/v2\/comments?post=3517"}],"version-history":[{"count":0,"href":"https:\/\/denizcankizil.tr\/uk\/wp-json\/wp\/v2\/posts\/3517\/revisions"}],"wp:attachment":[{"href":"https:\/\/denizcankizil.tr\/uk\/wp-json\/wp\/v2\/media?parent=3517"}],"wp:term":[{"taxonomy":"category","embeddable":true,"href":"https:\/\/denizcankizil.tr\/uk\/wp-json\/wp\/v2\/categories?post=3517"},{"taxonomy":"post_tag","embeddable":true,"href":"https:\/\/denizcankizil.tr\/uk\/wp-json\/wp\/v2\/tags?post=3517"}],"curies":[{"name":"wp","href":"https:\/\/api.w.org\/{rel}","templated":true}]}}