{"id":35156,"date":"2025-03-09T10:41:18","date_gmt":"2025-03-09T07:41:18","guid":{"rendered":"https:\/\/denizcankizil.tr\/uncategorized-tr\/imamoglu-antalyada-cam-piramitte-buyuk-bulusma\/"},"modified":"2025-03-09T10:41:18","modified_gmt":"2025-03-09T07:41:18","slug":"imamoglu-antalyada-cam-piramitte-buyuk-bulusma","status":"publish","type":"post","link":"https:\/\/denizcankizil.tr\/uk\/haberler\/gundem\/imamoglu-antalyada-cam-piramitte-buyuk-bulusma\/","title":{"rendered":"\u0130mamo\u011flu Antalya&#8217;da: Cam Piramit&#8217;te b\u00fcy\u00fck bulu\u015fma"},"content":{"rendered":"<p>Cumhuriyet Halk Partisi (CHP), 23 Mart&#8217;ta yapaca\u011f\u0131 cumhurba\u015fkan\u0131 aday \u00f6n se\u00e7imi \u00f6ncesinde \u0130stanbul Belediye Ba\u015fkan\u0131 ve aday aday\u0131 Ekrem \u0130mamo\u011flu, \u015fehir \u015fehir gezerek partililerle ve halkla bulu\u015fmaya devam ediyor. D\u00fcn Kayseri&#8217;de vatanda\u015flarla bir araya gelen \u0130mamo\u011flu, bug\u00fcn Antalya&#8217;ya geliyor.<\/p>\n<p>ANTALYALILAR CAM P\u0130RAM\u0130T&#8217;E DAVET ED\u0130LD\u0130\u00a0<\/p>\n<p>Antalya B\u00fcy\u00fck\u015fehir Belediye Ba\u015fkan\u0131 Muhittin B\u00f6cek, sosyal medya hesab\u0131nda yapt\u0131\u011f\u0131 payla\u015f\u0131mla t\u00fcm Antalyal\u0131lar\u0131 bu ak\u015fam saat 20.30&#8217;da Cam Piramit&#8217;te d\u00fczenlenecek bulu\u015fmaya davet etti.\u00a0<\/p>\n<p>Ba\u015fkan B\u00f6cek, Ekrem \u0130mamo\u011flu payla\u015ft\u0131\u011f\u0131 videoda, &#8220;Yolumuz uzun, heyecan\u0131m\u0131z y\u00fcksek. CHP ba\u015faracak, T\u00fcrkiye kazanacak. Her birlikte el ele, omuz omuza bir yolculu\u011fa \u00e7\u0131k\u0131yoruz. Cumhurba\u015fkan\u0131 aday\u0131m\u0131z Ekrem \u0130mamo\u011flu ile Pazar g\u00fcn\u00fc saat 20.30&#8217;da Cam Piramit&#8217;te bulu\u015fuyoruz. Haydi, Antalya bulu\u015fmada kararl\u0131l\u0131\u011f\u0131m\u0131z\u0131 g\u00f6sterelim&#8221; ifadelerini kulland\u0131.\u00a0<\/p>\n<p>Payla\u015f\u0131mda ise \u015fu ifadelere yer verdi:<\/p>\n<p>&#8220;Cumhuriyet Halk Partisi ba\u015faracak, T\u00fcrkiye kazanacak. Cumhurba\u015fkan\u0131 aday\u0131m\u0131z Ekrem \u0130mamo\u011flu ile Cam Piramit&#8217;te Antalya bulu\u015fmas\u0131nda bir araya geliyoruz. T\u00fcm hem\u015fehrilerimizi bu b\u00fcy\u00fck bulu\u015fmaya bekliyorum&#8221;\u00a0<\/p>\n<p>CHP&#8217;nin aday belirleme s\u00fcrecinde \u00f6nemli duraklardan biri haline gelen Antalya&#8217;da, Cam Piramit&#8217;te d\u00fczenlenecek etkinlikte \u0130mamo\u011flu&#8217;nun \u00f6nemli mesajlar vermesi bekleniyor.<\/p>\n<p>\u200bCHP&#8217;nin cumhurba\u015fkan\u0131 aday aday\u0131 Ekrem \u0130mamo\u011flu, 23 Mart&#8217;taki \u00f6n se\u00e7im \u00f6ncesinde Antalyal\u0131lar ile bir araya gelecek. Antalya B\u00fcy\u00fck\u015fehir Belediye Ba\u015fkan\u0131 Muhittin B\u00f6cek, t\u00fcm Antalyal\u0131lar\u0131 bu ak\u015fam Cam Piramit&#8217;teki bulu\u015fmaya davet etti.\u00a0<\/p>\n<p>\u200bHaberin Al\u0131nt\u0131land\u0131\u011f\u0131 Kaynak: www.antalyakorfez.com<\/p>","protected":false},"excerpt":{"rendered":"<p>Cumhuriyet Halk Partisi (CHP), 23 Mart&#8217;ta yapaca\u011f\u0131 cumhurba\u015fkan\u0131 aday \u00f6n se\u00e7imi \u00f6ncesinde \u0130stanbul Belediye Ba\u015fkan\u0131 ve aday aday\u0131 Ekrem \u0130mamo\u011flu, \u015fehir \u015fehir gezerek partililerle ve halkla bulu\u015fmaya devam ediyor. D\u00fcn Kayseri&#8217;de vatanda\u015flarla bir araya gelen \u0130mamo\u011flu, bug\u00fcn Antalya&#8217;ya geliyor. ANTALYALILAR CAM P\u0130RAM\u0130T&#8217;E DAVET ED\u0130LD\u0130\u00a0 Antalya B\u00fcy\u00fck\u015fehir Belediye Ba\u015fkan\u0131 Muhittin B\u00f6cek, sosyal medya hesab\u0131nda yapt\u0131\u011f\u0131 payla\u015f\u0131mla t\u00fcm Antalyal\u0131lar\u0131 bu ak\u015fam saat 20.30&#8217;da Cam Piramit&#8217;te d\u00fczenlenecek bulu\u015fmaya davet etti.\u00a0 Ba\u015fkan B\u00f6cek, Ekrem \u0130mamo\u011flu payla\u015ft\u0131\u011f\u0131 videoda, &#8220;Yolumuz uzun, heyecan\u0131m\u0131z y\u00fcksek. CHP ba\u015faracak, T\u00fcrkiye kazanacak. Her birlikte el ele, omuz omuza bir yolculu\u011fa \u00e7\u0131k\u0131yoruz. Cumhurba\u015fkan\u0131 aday\u0131m\u0131z Ekrem \u0130mamo\u011flu ile Pazar g\u00fcn\u00fc saat 20.30&#8217;da Cam Piramit&#8217;te bulu\u015fuyoruz. Haydi, Antalya bulu\u015fmada kararl\u0131l\u0131\u011f\u0131m\u0131z\u0131 g\u00f6sterelim&#8221; ifadelerini kulland\u0131.\u00a0 Payla\u015f\u0131mda ise \u015fu ifadelere yer verdi: &#8220;Cumhuriyet Halk Partisi ba\u015faracak, T\u00fcrkiye kazanacak. Cumhurba\u015fkan\u0131 aday\u0131m\u0131z Ekrem \u0130mamo\u011flu ile Cam Piramit&#8217;te Antalya bulu\u015fmas\u0131nda bir araya geliyoruz. T\u00fcm hem\u015fehrilerimizi bu b\u00fcy\u00fck bulu\u015fmaya bekliyorum&#8221;\u00a0 CHP&#8217;nin aday belirleme s\u00fcrecinde \u00f6nemli duraklardan biri haline gelen Antalya&#8217;da, Cam Piramit&#8217;te d\u00fczenlenecek etkinlikte \u0130mamo\u011flu&#8217;nun \u00f6nemli mesajlar vermesi bekleniyor. \u200bCHP&#8217;nin cumhurba\u015fkan\u0131 aday aday\u0131 Ekrem \u0130mamo\u011flu, 23 Mart&#8217;taki \u00f6n se\u00e7im \u00f6ncesinde Antalyal\u0131lar ile bir araya gelecek. Antalya B\u00fcy\u00fck\u015fehir Belediye Ba\u015fkan\u0131 Muhittin B\u00f6cek, t\u00fcm Antalyal\u0131lar\u0131 bu ak\u015fam Cam Piramit&#8217;teki bulu\u015fmaya davet etti.\u00a0 \u200bHaberin Al\u0131nt\u0131land\u0131\u011f\u0131 Kaynak: www.antalyakorfez.com<\/p>","protected":false},"author":5,"featured_media":0,"comment_status":"open","ping_status":"open","sticky":false,"template":"","format":"standard","meta":{"_acf_changed":false,"footnotes":""},"categories":[24],"tags":[],"class_list":["post-35156","post","type-post","status-publish","format-standard","has-post-thumbnail","hentry","category-gundem"],"acf":[],"yoast_head":"<!-- This site is optimized with the Yoast SEO Premium plugin v26.6 (Yoast SEO v27.1.1) - https:\/\/yoast.com\/product\/yoast-seo-premium-wordpress\/ -->\n<title>\u0130mamo\u011flu Antalya&#039;da: Cam Piramit&#039;te b\u00fcy\u00fck bulu\u015fma - Av. Deniz Can K\u0131z\u0131l<\/title>\n<meta name=\"robots\" content=\"index, follow, max-snippet:-1, max-image-preview:large, max-video-preview:-1\" \/>\n<link rel=\"canonical\" href=\"https:\/\/denizcankizil.tr\/uk\/haberler\/gundem\/imamoglu-antalyada-cam-piramitte-buyuk-bulusma\/\" \/>\n<meta property=\"og:locale\" content=\"uk_UA\" \/>\n<meta property=\"og:type\" content=\"article\" \/>\n<meta property=\"og:title\" content=\"\u0130mamo\u011flu Antalya&#039;da: Cam Piramit&#039;te b\u00fcy\u00fck bulu\u015fma\" \/>\n<meta property=\"og:description\" content=\"Cumhuriyet Halk Partisi (CHP), 23 Mart&#8217;ta yapaca\u011f\u0131 cumhurba\u015fkan\u0131 aday \u00f6n se\u00e7imi \u00f6ncesinde \u0130stanbul Belediye Ba\u015fkan\u0131 ve aday aday\u0131 Ekrem \u0130mamo\u011flu, \u015fehir \u015fehir gezerek partililerle ve halkla bulu\u015fmaya devam ediyor. D\u00fcn Kayseri&#8217;de vatanda\u015flarla bir araya gelen \u0130mamo\u011flu, bug\u00fcn Antalya&#8217;ya geliyor. ANTALYALILAR CAM P\u0130RAM\u0130T&#8217;E DAVET ED\u0130LD\u0130\u00a0 Antalya B\u00fcy\u00fck\u015fehir Belediye Ba\u015fkan\u0131 Muhittin B\u00f6cek, sosyal medya hesab\u0131nda yapt\u0131\u011f\u0131 payla\u015f\u0131mla t\u00fcm Antalyal\u0131lar\u0131 bu ak\u015fam saat 20.30&#8217;da Cam Piramit&#8217;te d\u00fczenlenecek bulu\u015fmaya davet etti.\u00a0 Ba\u015fkan B\u00f6cek, Ekrem \u0130mamo\u011flu payla\u015ft\u0131\u011f\u0131 videoda, &#8220;Yolumuz uzun, heyecan\u0131m\u0131z y\u00fcksek. CHP ba\u015faracak, T\u00fcrkiye kazanacak. Her birlikte el ele, omuz omuza bir yolculu\u011fa \u00e7\u0131k\u0131yoruz. Cumhurba\u015fkan\u0131 aday\u0131m\u0131z Ekrem \u0130mamo\u011flu ile Pazar g\u00fcn\u00fc saat 20.30&#8217;da Cam Piramit&#8217;te bulu\u015fuyoruz. Haydi, Antalya bulu\u015fmada kararl\u0131l\u0131\u011f\u0131m\u0131z\u0131 g\u00f6sterelim&#8221; ifadelerini kulland\u0131.\u00a0 Payla\u015f\u0131mda ise \u015fu ifadelere yer verdi: &#8220;Cumhuriyet Halk Partisi ba\u015faracak, T\u00fcrkiye kazanacak. Cumhurba\u015fkan\u0131 aday\u0131m\u0131z Ekrem \u0130mamo\u011flu ile Cam Piramit&#8217;te Antalya bulu\u015fmas\u0131nda bir araya geliyoruz. T\u00fcm hem\u015fehrilerimizi bu b\u00fcy\u00fck bulu\u015fmaya bekliyorum&#8221;\u00a0 CHP&#8217;nin aday belirleme s\u00fcrecinde \u00f6nemli duraklardan biri haline gelen Antalya&#8217;da, Cam Piramit&#8217;te d\u00fczenlenecek etkinlikte \u0130mamo\u011flu&#8217;nun \u00f6nemli mesajlar vermesi bekleniyor. \u200bCHP&#8217;nin cumhurba\u015fkan\u0131 aday aday\u0131 Ekrem \u0130mamo\u011flu, 23 Mart&#8217;taki \u00f6n se\u00e7im \u00f6ncesinde Antalyal\u0131lar ile bir araya gelecek. Antalya B\u00fcy\u00fck\u015fehir Belediye Ba\u015fkan\u0131 Muhittin B\u00f6cek, t\u00fcm Antalyal\u0131lar\u0131 bu ak\u015fam Cam Piramit&#8217;teki bulu\u015fmaya davet etti.\u00a0 \u200bHaberin Al\u0131nt\u0131land\u0131\u011f\u0131 Kaynak: www.antalyakorfez.com\" \/>\n<meta property=\"og:url\" content=\"https:\/\/denizcankizil.tr\/uk\/haberler\/gundem\/imamoglu-antalyada-cam-piramitte-buyuk-bulusma\/\" \/>\n<meta property=\"og:site_name\" content=\"Av. Deniz Can K\u0131z\u0131l\" \/>\n<meta property=\"article:published_time\" content=\"2025-03-09T07:41:18+00:00\" \/>\n<meta name=\"author\" content=\"Antalya K\u00f6rfez\" \/>\n<meta name=\"twitter:card\" content=\"summary_large_image\" \/>\n<meta name=\"twitter:label1\" content=\"\u041d\u0430\u043f\u0438\u0441\u0430\u043d\u043e\" \/>\n\t<meta name=\"twitter:data1\" content=\"Antalya K\u00f6rfez\" \/>\n\t<meta name=\"twitter:label2\" content=\"\u041f\u0440\u0438\u0431\u043b. \u0447\u0430\u0441 \u0447\u0438\u0442\u0430\u043d\u043d\u044f\" \/>\n\t<meta name=\"twitter:data2\" content=\"1 \u0445\u0432\u0438\u043b\u0438\u043d\u0430\" \/>\n<script type=\"application\/ld+json\" class=\"yoast-schema-graph\">{\"@context\":\"https:\/\/schema.org\",\"@graph\":[{\"@type\":\"Article\",\"@id\":\"https:\/\/denizcankizil.tr\/ru\/haberler\/gundem\/imamoglu-antalyada-cam-piramitte-buyuk-bulusma\/#article\",\"isPartOf\":{\"@id\":\"https:\/\/denizcankizil.tr\/ru\/haberler\/gundem\/imamoglu-antalyada-cam-piramitte-buyuk-bulusma\/\"},\"author\":{\"name\":\"Antalya K\u00f6rfez\",\"@id\":\"https:\/\/denizcankizil.tr\/de\/#\/schema\/person\/e1eb71bb4dd684d46563f0af307e1234\"},\"headline\":\"\u0130mamo\u011flu Antalya&#8217;da: Cam Piramit&#8217;te b\u00fcy\u00fck bulu\u015fma\",\"datePublished\":\"2025-03-09T07:41:18+00:00\",\"mainEntityOfPage\":{\"@id\":\"https:\/\/denizcankizil.tr\/ru\/haberler\/gundem\/imamoglu-antalyada-cam-piramitte-buyuk-bulusma\/\"},\"wordCount\":297,\"commentCount\":0,\"publisher\":{\"@id\":\"https:\/\/denizcankizil.tr\/de\/#organization\"},\"articleSection\":[\"G\u00fcndem\"],\"inLanguage\":\"uk\",\"potentialAction\":[{\"@type\":\"CommentAction\",\"name\":\"Comment\",\"target\":[\"https:\/\/denizcankizil.tr\/ru\/haberler\/gundem\/imamoglu-antalyada-cam-piramitte-buyuk-bulusma\/#respond\"]}]},{\"@type\":\"WebPage\",\"@id\":\"https:\/\/denizcankizil.tr\/ru\/haberler\/gundem\/imamoglu-antalyada-cam-piramitte-buyuk-bulusma\/\",\"url\":\"https:\/\/denizcankizil.tr\/ru\/haberler\/gundem\/imamoglu-antalyada-cam-piramitte-buyuk-bulusma\/\",\"name\":\"\u0130mamo\u011flu Antalya'da: Cam Piramit'te b\u00fcy\u00fck bulu\u015fma - Av. Deniz Can K\u0131z\u0131l\",\"isPartOf\":{\"@id\":\"https:\/\/denizcankizil.tr\/de\/#website\"},\"datePublished\":\"2025-03-09T07:41:18+00:00\",\"breadcrumb\":{\"@id\":\"https:\/\/denizcankizil.tr\/ru\/haberler\/gundem\/imamoglu-antalyada-cam-piramitte-buyuk-bulusma\/#breadcrumb\"},\"inLanguage\":\"uk\",\"potentialAction\":[{\"@type\":\"ReadAction\",\"target\":[\"https:\/\/denizcankizil.tr\/ru\/haberler\/gundem\/imamoglu-antalyada-cam-piramitte-buyuk-bulusma\/\"]}]},{\"@type\":\"BreadcrumbList\",\"@id\":\"https:\/\/denizcankizil.tr\/ru\/haberler\/gundem\/imamoglu-antalyada-cam-piramitte-buyuk-bulusma\/#breadcrumb\",\"itemListElement\":[{\"@type\":\"ListItem\",\"position\":1,\"name\":\"Home\",\"item\":\"https:\/\/denizcankizil.tr\/de\/\"},{\"@type\":\"ListItem\",\"position\":2,\"name\":\"\u0130mamo\u011flu Antalya&#8217;da: Cam Piramit&#8217;te b\u00fcy\u00fck bulu\u015fma\"}]},{\"@type\":\"WebSite\",\"@id\":\"https:\/\/denizcankizil.tr\/de\/#website\",\"url\":\"https:\/\/denizcankizil.tr\/de\/\",\"name\":\"Av. Deniz Can K\u0131z\u0131l\",\"description\":\"Avukat Deniz Can K\u0131z\u0131l Antalya Barosu\",\"publisher\":{\"@id\":\"https:\/\/denizcankizil.tr\/de\/#organization\"},\"potentialAction\":[{\"@type\":\"SearchAction\",\"target\":{\"@type\":\"EntryPoint\",\"urlTemplate\":\"https:\/\/denizcankizil.tr\/de\/?s={search_term_string}\"},\"query-input\":{\"@type\":\"PropertyValueSpecification\",\"valueRequired\":true,\"valueName\":\"search_term_string\"}}],\"inLanguage\":\"uk\"},{\"@type\":\"Organization\",\"@id\":\"https:\/\/denizcankizil.tr\/de\/#organization\",\"name\":\"Av. Deniz Can K\u0131z\u0131l\",\"url\":\"https:\/\/denizcankizil.tr\/de\/\",\"logo\":{\"@type\":\"ImageObject\",\"inLanguage\":\"uk\",\"@id\":\"https:\/\/denizcankizil.tr\/de\/#\/schema\/logo\/image\/\",\"url\":\"https:\/\/denizcankizil.tr\/wp-content\/uploads\/2024\/10\/siyah-logo-svg.svg\",\"contentUrl\":\"https:\/\/denizcankizil.tr\/wp-content\/uploads\/2024\/10\/siyah-logo-svg.svg\",\"width\":1080,\"height\":1080,\"caption\":\"Av. Deniz Can K\u0131z\u0131l\"},\"image\":{\"@id\":\"https:\/\/denizcankizil.tr\/de\/#\/schema\/logo\/image\/\"}},{\"@type\":\"Person\",\"@id\":\"https:\/\/denizcankizil.tr\/de\/#\/schema\/person\/e1eb71bb4dd684d46563f0af307e1234\",\"name\":\"Antalya K\u00f6rfez\",\"image\":{\"@type\":\"ImageObject\",\"inLanguage\":\"uk\",\"@id\":\"https:\/\/denizcankizil.tr\/de\/#\/schema\/person\/image\/\",\"url\":\"https:\/\/secure.gravatar.com\/avatar\/42b01982558a48a0b501fdcab6a408d3717ea5919095ee2e67b0e521799c5905?s=96&d=mm&r=g\",\"contentUrl\":\"https:\/\/secure.gravatar.com\/avatar\/42b01982558a48a0b501fdcab6a408d3717ea5919095ee2e67b0e521799c5905?s=96&d=mm&r=g\",\"caption\":\"Antalya K\u00f6rfez\"},\"sameAs\":[\"http:\/\/www.antalyakorfez.com\"],\"url\":\"https:\/\/www.antalyakorfez.com\/imamoglu-antalyada-cam-piramitte-buyuk-bulusma\"}]}<\/script>\n<!-- \/ Yoast SEO Premium plugin. -->","yoast_head_json":{"title":"\u0130mamo\u011flu Antalya'da: Cam Piramit'te b\u00fcy\u00fck bulu\u015fma - Av. Deniz Can K\u0131z\u0131l","robots":{"index":"index","follow":"follow","max-snippet":"max-snippet:-1","max-image-preview":"max-image-preview:large","max-video-preview":"max-video-preview:-1"},"canonical":"https:\/\/denizcankizil.tr\/uk\/haberler\/gundem\/imamoglu-antalyada-cam-piramitte-buyuk-bulusma\/","og_locale":"uk_UA","og_type":"article","og_title":"\u0130mamo\u011flu Antalya'da: Cam Piramit'te b\u00fcy\u00fck bulu\u015fma","og_description":"Cumhuriyet Halk Partisi (CHP), 23 Mart&#8217;ta yapaca\u011f\u0131 cumhurba\u015fkan\u0131 aday \u00f6n se\u00e7imi \u00f6ncesinde \u0130stanbul Belediye Ba\u015fkan\u0131 ve aday aday\u0131 Ekrem \u0130mamo\u011flu, \u015fehir \u015fehir gezerek partililerle ve halkla bulu\u015fmaya devam ediyor. D\u00fcn Kayseri&#8217;de vatanda\u015flarla bir araya gelen \u0130mamo\u011flu, bug\u00fcn Antalya&#8217;ya geliyor. ANTALYALILAR CAM P\u0130RAM\u0130T&#8217;E DAVET ED\u0130LD\u0130\u00a0 Antalya B\u00fcy\u00fck\u015fehir Belediye Ba\u015fkan\u0131 Muhittin B\u00f6cek, sosyal medya hesab\u0131nda yapt\u0131\u011f\u0131 payla\u015f\u0131mla t\u00fcm Antalyal\u0131lar\u0131 bu ak\u015fam saat 20.30&#8217;da Cam Piramit&#8217;te d\u00fczenlenecek bulu\u015fmaya davet etti.\u00a0 Ba\u015fkan B\u00f6cek, Ekrem \u0130mamo\u011flu payla\u015ft\u0131\u011f\u0131 videoda, &#8220;Yolumuz uzun, heyecan\u0131m\u0131z y\u00fcksek. CHP ba\u015faracak, T\u00fcrkiye kazanacak. Her birlikte el ele, omuz omuza bir yolculu\u011fa \u00e7\u0131k\u0131yoruz. Cumhurba\u015fkan\u0131 aday\u0131m\u0131z Ekrem \u0130mamo\u011flu ile Pazar g\u00fcn\u00fc saat 20.30&#8217;da Cam Piramit&#8217;te bulu\u015fuyoruz. Haydi, Antalya bulu\u015fmada kararl\u0131l\u0131\u011f\u0131m\u0131z\u0131 g\u00f6sterelim&#8221; ifadelerini kulland\u0131.\u00a0 Payla\u015f\u0131mda ise \u015fu ifadelere yer verdi: &#8220;Cumhuriyet Halk Partisi ba\u015faracak, T\u00fcrkiye kazanacak. Cumhurba\u015fkan\u0131 aday\u0131m\u0131z Ekrem \u0130mamo\u011flu ile Cam Piramit&#8217;te Antalya bulu\u015fmas\u0131nda bir araya geliyoruz. T\u00fcm hem\u015fehrilerimizi bu b\u00fcy\u00fck bulu\u015fmaya bekliyorum&#8221;\u00a0 CHP&#8217;nin aday belirleme s\u00fcrecinde \u00f6nemli duraklardan biri haline gelen Antalya&#8217;da, Cam Piramit&#8217;te d\u00fczenlenecek etkinlikte \u0130mamo\u011flu&#8217;nun \u00f6nemli mesajlar vermesi bekleniyor. \u200bCHP&#8217;nin cumhurba\u015fkan\u0131 aday aday\u0131 Ekrem \u0130mamo\u011flu, 23 Mart&#8217;taki \u00f6n se\u00e7im \u00f6ncesinde Antalyal\u0131lar ile bir araya gelecek. Antalya B\u00fcy\u00fck\u015fehir Belediye Ba\u015fkan\u0131 Muhittin B\u00f6cek, t\u00fcm Antalyal\u0131lar\u0131 bu ak\u015fam Cam Piramit&#8217;teki bulu\u015fmaya davet etti.\u00a0 \u200bHaberin Al\u0131nt\u0131land\u0131\u011f\u0131 Kaynak: www.antalyakorfez.com","og_url":"https:\/\/denizcankizil.tr\/uk\/haberler\/gundem\/imamoglu-antalyada-cam-piramitte-buyuk-bulusma\/","og_site_name":"Av. Deniz Can K\u0131z\u0131l","article_published_time":"2025-03-09T07:41:18+00:00","author":"Antalya K\u00f6rfez","twitter_card":"summary_large_image","twitter_misc":{"\u041d\u0430\u043f\u0438\u0441\u0430\u043d\u043e":"Antalya K\u00f6rfez","\u041f\u0440\u0438\u0431\u043b. \u0447\u0430\u0441 \u0447\u0438\u0442\u0430\u043d\u043d\u044f":"1 \u0445\u0432\u0438\u043b\u0438\u043d\u0430"},"schema":{"@context":"https:\/\/schema.org","@graph":[{"@type":"Article","@id":"https:\/\/denizcankizil.tr\/ru\/haberler\/gundem\/imamoglu-antalyada-cam-piramitte-buyuk-bulusma\/#article","isPartOf":{"@id":"https:\/\/denizcankizil.tr\/ru\/haberler\/gundem\/imamoglu-antalyada-cam-piramitte-buyuk-bulusma\/"},"author":{"name":"Antalya K\u00f6rfez","@id":"https:\/\/denizcankizil.tr\/de\/#\/schema\/person\/e1eb71bb4dd684d46563f0af307e1234"},"headline":"\u0130mamo\u011flu Antalya&#8217;da: Cam Piramit&#8217;te b\u00fcy\u00fck bulu\u015fma","datePublished":"2025-03-09T07:41:18+00:00","mainEntityOfPage":{"@id":"https:\/\/denizcankizil.tr\/ru\/haberler\/gundem\/imamoglu-antalyada-cam-piramitte-buyuk-bulusma\/"},"wordCount":297,"commentCount":0,"publisher":{"@id":"https:\/\/denizcankizil.tr\/de\/#organization"},"articleSection":["G\u00fcndem"],"inLanguage":"uk","potentialAction":[{"@type":"CommentAction","name":"Comment","target":["https:\/\/denizcankizil.tr\/ru\/haberler\/gundem\/imamoglu-antalyada-cam-piramitte-buyuk-bulusma\/#respond"]}]},{"@type":"WebPage","@id":"https:\/\/denizcankizil.tr\/ru\/haberler\/gundem\/imamoglu-antalyada-cam-piramitte-buyuk-bulusma\/","url":"https:\/\/denizcankizil.tr\/ru\/haberler\/gundem\/imamoglu-antalyada-cam-piramitte-buyuk-bulusma\/","name":"\u0130mamo\u011flu Antalya'da: Cam Piramit'te b\u00fcy\u00fck bulu\u015fma - Av. Deniz Can K\u0131z\u0131l","isPartOf":{"@id":"https:\/\/denizcankizil.tr\/de\/#website"},"datePublished":"2025-03-09T07:41:18+00:00","breadcrumb":{"@id":"https:\/\/denizcankizil.tr\/ru\/haberler\/gundem\/imamoglu-antalyada-cam-piramitte-buyuk-bulusma\/#breadcrumb"},"inLanguage":"uk","potentialAction":[{"@type":"ReadAction","target":["https:\/\/denizcankizil.tr\/ru\/haberler\/gundem\/imamoglu-antalyada-cam-piramitte-buyuk-bulusma\/"]}]},{"@type":"BreadcrumbList","@id":"https:\/\/denizcankizil.tr\/ru\/haberler\/gundem\/imamoglu-antalyada-cam-piramitte-buyuk-bulusma\/#breadcrumb","itemListElement":[{"@type":"ListItem","position":1,"name":"Home","item":"https:\/\/denizcankizil.tr\/de\/"},{"@type":"ListItem","position":2,"name":"\u0130mamo\u011flu Antalya&#8217;da: Cam Piramit&#8217;te b\u00fcy\u00fck bulu\u015fma"}]},{"@type":"WebSite","@id":"https:\/\/denizcankizil.tr\/de\/#website","url":"https:\/\/denizcankizil.tr\/de\/","name":"Av. Deniz Can K\u0131z\u0131l","description":"Avukat Deniz Can K\u0131z\u0131l Antalya Barosu","publisher":{"@id":"https:\/\/denizcankizil.tr\/de\/#organization"},"potentialAction":[{"@type":"SearchAction","target":{"@type":"EntryPoint","urlTemplate":"https:\/\/denizcankizil.tr\/de\/?s={search_term_string}"},"query-input":{"@type":"PropertyValueSpecification","valueRequired":true,"valueName":"search_term_string"}}],"inLanguage":"uk"},{"@type":"Organization","@id":"https:\/\/denizcankizil.tr\/de\/#organization","name":"Av. Deniz Can K\u0131z\u0131l","url":"https:\/\/denizcankizil.tr\/de\/","logo":{"@type":"ImageObject","inLanguage":"uk","@id":"https:\/\/denizcankizil.tr\/de\/#\/schema\/logo\/image\/","url":"https:\/\/denizcankizil.tr\/wp-content\/uploads\/2024\/10\/siyah-logo-svg.svg","contentUrl":"https:\/\/denizcankizil.tr\/wp-content\/uploads\/2024\/10\/siyah-logo-svg.svg","width":1080,"height":1080,"caption":"Av. Deniz Can K\u0131z\u0131l"},"image":{"@id":"https:\/\/denizcankizil.tr\/de\/#\/schema\/logo\/image\/"}},{"@type":"Person","@id":"https:\/\/denizcankizil.tr\/de\/#\/schema\/person\/e1eb71bb4dd684d46563f0af307e1234","name":"Antalya K\u00f6rfez","image":{"@type":"ImageObject","inLanguage":"uk","@id":"https:\/\/denizcankizil.tr\/de\/#\/schema\/person\/image\/","url":"https:\/\/secure.gravatar.com\/avatar\/42b01982558a48a0b501fdcab6a408d3717ea5919095ee2e67b0e521799c5905?s=96&d=mm&r=g","contentUrl":"https:\/\/secure.gravatar.com\/avatar\/42b01982558a48a0b501fdcab6a408d3717ea5919095ee2e67b0e521799c5905?s=96&d=mm&r=g","caption":"Antalya K\u00f6rfez"},"sameAs":["http:\/\/www.antalyakorfez.com"],"url":"https:\/\/www.antalyakorfez.com\/imamoglu-antalyada-cam-piramitte-buyuk-bulusma"}]}},"_links":{"self":[{"href":"https:\/\/denizcankizil.tr\/uk\/wp-json\/wp\/v2\/posts\/35156","targetHints":{"allow":["GET"]}}],"collection":[{"href":"https:\/\/denizcankizil.tr\/uk\/wp-json\/wp\/v2\/posts"}],"about":[{"href":"https:\/\/denizcankizil.tr\/uk\/wp-json\/wp\/v2\/types\/post"}],"author":[{"embeddable":true,"href":"https:\/\/denizcankizil.tr\/uk\/wp-json\/wp\/v2\/users\/5"}],"replies":[{"embeddable":true,"href":"https:\/\/denizcankizil.tr\/uk\/wp-json\/wp\/v2\/comments?post=35156"}],"version-history":[{"count":0,"href":"https:\/\/denizcankizil.tr\/uk\/wp-json\/wp\/v2\/posts\/35156\/revisions"}],"wp:attachment":[{"href":"https:\/\/denizcankizil.tr\/uk\/wp-json\/wp\/v2\/media?parent=35156"}],"wp:term":[{"taxonomy":"category","embeddable":true,"href":"https:\/\/denizcankizil.tr\/uk\/wp-json\/wp\/v2\/categories?post=35156"},{"taxonomy":"post_tag","embeddable":true,"href":"https:\/\/denizcankizil.tr\/uk\/wp-json\/wp\/v2\/tags?post=35156"}],"curies":[{"name":"wp","href":"https:\/\/api.w.org\/{rel}","templated":true}]}}