{"id":35045,"date":"2025-03-07T17:41:38","date_gmt":"2025-03-07T14:41:38","guid":{"rendered":"https:\/\/denizcankizil.tr\/uncategorized-tr\/antalya-protokolunden-8-mart-mesajlari\/"},"modified":"2025-03-07T17:41:38","modified_gmt":"2025-03-07T14:41:38","slug":"antalya-protokolunden-8-mart-mesajlari","status":"publish","type":"post","link":"https:\/\/denizcankizil.tr\/uk\/haberler\/gundem\/antalya-protokolunden-8-mart-mesajlari\/","title":{"rendered":"Antalya protokol\u00fcnden &#8216;8 Mart&#8217; mesajlar\u0131"},"content":{"rendered":"<p>8 Mart 1957\u2019de New York\u2019ta dokuma i\u015f\u00e7isi kad\u0131nlar\u0131n \u00e7al\u0131\u015fma ko\u015fullar\u0131n\u0131n daha iyi iyile\u015ftirilmesi e\u015fit i\u015fe e\u015fit \u00fccret talebi i\u00e7in greve \u00e7\u0131kmas\u0131 kar\u015f\u0131s\u0131nda polisin sald\u0131r\u0131s\u0131 ile \u00e7\u0131kan yang\u0131nda 129 kad\u0131n i\u015f\u00e7inin ya\u015fam\u0131n\u0131 yitirdi. Kad\u0131nlar\u0131n y\u00fczlerce y\u0131ld\u0131r verdi\u011fi e\u015fitlik ve \u00f6zg\u00fcrl\u00fck m\u00fccadelesi, 8 Mart ile somutla\u015ft\u0131.<\/p>\n<p>DAYANI\u015eMANIN VE M\u00dcCADELEN\u0130N S\u0130MGES\u0130<\/p>\n<p>8 Mart Kad\u0131nlar\u0131n Uluslararas\u0131 Birlik, Mu\u0308cadele ve Dayan\u0131\u015fma Gu\u0308nu\u0308 nedeniyle Antalya protokol\u00fcnde yer alan isimlerden mesaj ya\u011fd\u0131. AK PART\u0130 Antalya Milletvekili ve TBMM Akdeniz Parlamenterler Asamblesi T\u00fcrk Grubu Ba\u015fkan\u0131 Atay Uslu, Antalya B\u00fcy\u00fck\u015fehir Belediye Ba\u015fkan\u0131 Muhittin B\u00f6cek, Muratpa\u015fa Belediye Ba\u015fkan\u0131 \u00dcmit Uysal, Kepez Belediye Ba\u015fkan\u0131 Mesut Kocag\u00f6z, Antalya \u0130Y\u0130 Parti \u0130l Kad\u0131n-Aile ve Sosyal Hizmetler Ba\u015fkan\u0131 Gamze Aferin Demirba\u011f, B\u00fcro Emek\u00e7ileri Sendikas\u0131 (BES) Antalya \u015eube Ba\u015fkan\u0131 Devrim Mol, yay\u0131nlad\u0131klar\u0131 mesajlarla dayan\u0131\u015fman\u0131n ve m\u00fccadelenin simgesi kad\u0131nlara \u00e7a\u011fr\u0131da bulundu.\u00a0<\/p>\n<p>PROTOKOL\u00dcN G\u00d6Z\u00dcNDEN \u201cKADIN\u201d<\/p>\n<p>Kad\u0131nlar\u0131n toplumsal, ekonomik, k\u00fclt\u00fcrel ve siyasi ba\u015far\u0131lar\u0131n\u0131 kutlamak i\u00e7in d\u00fcnya \u00e7ap\u0131nda an\u0131lan, kad\u0131n haklar\u0131, toplumsal cinsiyet e\u015fitli\u011fi ve kad\u0131nlara y\u00f6nelik ayr\u0131mc\u0131l\u0131k ile m\u00fccadele konusunda fark\u0131ndal\u0131k yaratmak i\u00e7in de \u00f6nemli bir f\u0131rsat olu\u015fturan 8 Mart D\u00fcnya Kad\u0131nlar G\u00fcn\u00fc\u2019ne ili\u015fkin kaleme al\u0131nan yaz\u0131lar, \u015fu sat\u0131rlardan olu\u015ftu:<\/p>\n<p>AK PART\u0130 ANTALYA M\u0130LLETVEK\u0130L\u0130 ATAY USLU<\/p>\n<p>\u201cBug\u00fcn ve yar\u0131n hem medeniyetimizi ileriye ta\u015f\u0131rken hem de \u00e7\u00f6z\u00fcm \u00fcretirken kad\u0131n empatisine, merhametine ihtiyac\u0131m\u0131z var. \u2018Cennet annelerin ayaklar\u0131 alt\u0131ndad\u0131r\u2019 buyru\u011funa bizleri muhatap k\u0131lan bir anlay\u0131\u015f\u0131n mensuplar\u0131 olan bizler, bug\u00fcne kadar kad\u0131nlara y\u00f6nelik her t\u00fcrl\u00fc \u015fiddetin, ayr\u0131mc\u0131l\u0131\u011f\u0131n ve istismar\u0131n kar\u015f\u0131s\u0131nda oldu\u011fumuz gibi bundan sonra da olmaya devam edece\u011fiz. Kad\u0131nlar\u0131m\u0131za bir annenin \u00e7ocu\u011fu, bir e\u015f, bir k\u0131z babas\u0131 olarak \u015f\u00fckranlar\u0131m\u0131 sunuyorum. \u00dclkemizdeki ve d\u00fcnyadaki t\u00fcm kad\u0131nlar\u0131n 8 Mart D\u00fcnya Kad\u0131nlar G\u00fcn\u00fc\u2019n\u00fc t\u00fcm kalbimle kutluyorum.\u201d<\/p>\n<p>ANTALYA B\u00dcY\u00dcK\u015eEH\u0130R BELED\u0130YE BA\u015eKANI MUH\u0130TT\u0130N B\u00d6CEK<\/p>\n<p>\u201cKad\u0131nlar\u0131n, \u015fiddet ve istismara kar\u015f\u0131 m\u00fccadeleleri s\u00fcrerken Antalya B\u00fcy\u00fck\u015fehir Belediyesi olarak \u00fczerimize d\u00fc\u015fen sorumlulu\u011fun fark\u0131nday\u0131z. Ne yaz\u0131k ki, kad\u0131nlar hala evde, i\u015fyerinde, sokakta \u015fiddet ve ayr\u0131mc\u0131l\u0131k ile kar\u015f\u0131la\u015fmakta, haklar\u0131 ihlal edilmektedir. Bu, sadece kad\u0131nlar\u0131n de\u011fil, t\u00fcm toplumun sorunudur. \u015eiddet ve istismara kar\u015f\u0131 toplumsal duyarl\u0131l\u0131\u011f\u0131 art\u0131rmak, bu konuda \u00f6rnek olmak amac\u0131yla kad\u0131na y\u00f6nelik \u015fiddet ve \u00e7ocuk istismar\u0131 konusunda acil eylem plan\u0131 imzalayan ilk b\u00fcy\u00fck\u015fehir belediyesi olmaktan gurur duyuyoruz. T\u00fcm kad\u0131nlar\u0131n 8 Mart D\u00fcnya Emek\u00e7i Kad\u0131nlar G\u00fcn\u00fc\u2019n\u00fc bir kez daha kutluyorum. \u00a0Atat\u00fcrk\u2019\u00fcn i\u015faret etti\u011fi yolda, her alanda e\u015fit ve \u00f6zg\u00fcr bir toplum i\u00e7in hep birlikte el birli\u011fiyle \u00e7al\u0131\u015fmaya devam edece\u011fiz.\u201d<\/p>\n<p>MURATPA\u015eA BELED\u0130YE BA\u015eKANI \u00dcM\u0130T UYSAL<\/p>\n<p>\u201cHer ne kadar b\u00fct\u00fcn yapt\u0131\u011f\u0131m\u0131z etkinliklere, \u00e7abalara, fark\u0131ndal\u0131k m\u00fccadelelerine ve ortaya koydu\u011fumuz b\u00fct\u00fcn tav\u0131rlara ra\u011fmen bir y\u0131\u011f\u0131n olay ya\u015fanmaya devam etse de biz de inatla o olumsuz olaylara kar\u015f\u0131 duru\u015fumuzu, tavr\u0131m\u0131z\u0131 sahaya uygulamaya devam edece\u011fiz. \u00c7\u00fcnk\u00fc bizim k\u0131lavuzumuz d\u00fcnyan\u0131n bu co\u011frafyas\u0131na nasip olmayan, kad\u0131nlar\u0131m\u0131za d\u00fcnyan\u0131n en \u00f6nc\u00fc haklar\u0131n\u0131 manzumesini arma\u011fan eden Gazi Mustafa Kemal Atat\u00fcrk. Sonuna kadar bu e\u015fitlik m\u00fccadelesi tahakkuk edene kadar b\u0131kmadan, usanmadan 8 Martlar\u0131m\u0131z, \u015fiddete kar\u015f\u0131 m\u00fccadele etkinliklerimiz, projelerimiz devam edecek.\u201d<\/p>\n<p>KEPEZ BELED\u0130YE BA\u015eKANI MESUT KOCAG\u00d6Z<\/p>\n<p>\u201cKad\u0131nlar\u0131m\u0131z, hayat\u0131n her alan\u0131nda oldu\u011fu gibi belediyemizde de b\u00fcy\u00fck bir \u00f6zveriyle \u00e7al\u0131\u015f\u0131yor. Emekleri ve katk\u0131lar\u0131 bizim i\u00e7in \u00e7ok k\u0131ymetli. Onlar\u0131n varl\u0131\u011f\u0131, belediyemizin g\u00fcc\u00fcne g\u00fc\u00e7 kat\u0131yor. T\u00fcm kad\u0131nlar\u0131n 8 Mart D\u00fcnya Kad\u0131nlar G\u00fcn\u00fc\u2019n\u00fc kutlayarak, sa\u011fl\u0131k, mutluluk ve ba\u015far\u0131 dolu bir ya\u015fam diliyorum.\u201d\u00a0<\/p>\n<p>\u0130Y\u0130 PART\u0130 ANTALYA \u0130L KADIN-A\u0130LE VE SOSYAL H\u0130ZMETLER BA\u015eKANI GAMZE AFER\u0130N DEM\u0130RBA\u011e<\/p>\n<p>\u201c1926 T\u00fcrk Medeni Kanunu\u2019nun kabul\u00fc ile birey olarak kabul edilmesinin ard\u0131ndan, 1934 y\u0131l\u0131nda, Mustafa Kemal Atat\u00fcrk, d\u00fcnyada bir\u00e7ok \u00fclkeden \u00f6nce T\u00fcrk kad\u0131nlar\u0131na se\u00e7me ve se\u00e7ilme hakk\u0131n\u0131 tan\u0131d\u0131. Kad\u0131nlar\u0131n e\u015fit yurtta\u015f olmas\u0131n\u0131n yolunu a\u00e7t\u0131. Oysa bug\u00fcn geldi\u011fimiz noktada, kad\u0131nlar siyasette, ekonomide, sosyal hayatta arka plana itilmeye \u00e7al\u0131\u015f\u0131l\u0131yor. T\u00fcrkiye B\u00fcy\u00fck Millet Meclisi\u2019nde kad\u0131n temsil oran\u0131 h\u00e2l\u00e2 y\u00fczde 20. Kad\u0131nlar siyasette erkek egemen yap\u0131n\u0131n g\u00f6lgesinde kal\u0131yor. Kad\u0131n giri\u015fimcili\u011fi desteklenmiyor, kad\u0131n istihdam\u0131 art\u0131r\u0131lm\u0131yor, kad\u0131nlar ekonomik olarak ba\u011f\u0131ms\u0131z olamas\u0131n diye her t\u00fcrl\u00fc engel \u00e7\u0131kar\u0131l\u0131yor. Kad\u0131nlar\u0131n kazand\u0131\u011f\u0131 haklar\u0131 geri almak i\u00e7in adeta sistematik bir sald\u0131r\u0131 var! Biz \u0130Y\u0130 Parti olarak kad\u0131n\u0131 yok sayan bu zihniyete ge\u00e7it vermeyece\u011fiz!\u201d<\/p>\n<p>B\u00dcRO EMEK\u00c7\u0130LER\u0130 SEND\u0130KASI (BES) ANTALYA \u015eUBE BA\u015eKANI DEVR\u0130M MOL<\/p>\n<p>&#8220;Biz kad\u0131nlar erkek egemen kapitalizmin yaratt\u0131\u011f\u0131 yoksullu\u011fu, i\u015fsizli\u011fi, ayr\u0131mc\u0131l\u0131\u011f\u0131, e\u015fitsizli\u011fi, cinsiyet\u00e7ili\u011fi, gericili\u011fi, \u015fiddetin her t\u00fcrl\u00fcs\u00fcn\u00fc, en a\u011f\u0131r bi\u00e7imleriyle ya\u015f\u0131yoruz. Bug\u00fcn m\u00fccadelede \u2018Neden\u2019lerimiz \u00e7ok daha \u00e7o\u011fal\u0131p derinle\u015fmi\u015f durumdad\u0131r. Bu nedenle hep birlikte \u00f6rg\u00fctl\u00fc m\u00fccadeleyi g\u00fc\u00e7lendirmek zorunday\u0131z. Her \u015feye ra\u011fmen biz kad\u0131nlar tarihimizden \u00f6\u011frendiklerimizle, artan m\u00fccadele ruhumuzla daha \u00f6rg\u00fctl\u00fc ve daha g\u00fc\u00e7l\u00fc olaca\u011f\u0131z. T\u00fcm kad\u0131nlar\u0131, bizden \u00e7al\u0131nanlar\u0131 geri almak, haklar\u0131m\u0131za sahip \u00e7\u0131kmak ve m\u00fccadelemizi hep birlikte y\u00fckseltmek i\u00e7in 8 Mart D\u00fcnya Emek\u00e7i Kad\u0131nlar G\u00fcn\u00fc\u2019nde alanlarda, i\u015fyerlerimizde taleplerimizi hayk\u0131rmaya ve yan yana olmaya davet ediyoruz.\u201d<\/p>\n<p>ALTI NOKTA K\u00d6RLER DERNE\u011e\u0130&#8217;NDEN NURTEN G\u00dcNDO\u011eAN<\/p>\n<p>&#8220;Kad\u0131nlar\u0131n cumhuriyetin ilk y\u0131llar\u0131nda sahip olduklar\u0131 e\u015fitlikten \u00e7ok uzak olduklar\u0131 ve kendilerine bundan neredeyse y\u00fcz y\u0131l \u00f6nce verilen haklar\u0131 yava\u015f yava\u015f kaybetmeye ba\u015flad\u0131klar\u0131 a\u00e7\u0131kt\u0131r. Cumhuriyet\u2019imizin kurucusu Ulu \u00d6nder Mustafa Kemal Atat\u00fcrk, kad\u0131nlara verilmesi gereken \u00f6nemi, \u201c\u0130nsan toplulu\u011fu kad\u0131n ve erkek denilen iki cins insandan m\u00fcrekkeptir. Kabil midir ki, bu k\u00fctlenin bir par\u00e7as\u0131n\u0131 ilerletelim, \u00f6tekini ihmal edelim de k\u00fctlenin b\u00fct\u00fcnl\u00fc\u011f\u00fc ilerleyebilsin?\u201d s\u00f6z\u00fcyle a\u00e7\u0131k\u00e7a ortaya koymu\u015ftur. Ayd\u0131nl\u0131k, e\u015fit, \u00f6zg\u00fcr ve demokratik bir toplum i\u00e7in unutulmamal\u0131d\u0131r ki toplumlar kad\u0131n ve erke\u011fin, e\u015fit haklarla ve e\u015fit m\u00fccadelesiyle y\u00fckselir ve ilerler. Bu ba\u011flamda, engelli kad\u0131nlar, toplumun t\u00fcm unsurlar\u0131 gibi temel unsurlar\u0131ndand\u0131r ve hayata e\u015fit kat\u0131l\u0131m hakk\u0131na herkes kadar sahiptir. \u00c7ok daha \u00f6zg\u00fcr, e\u015fit ve demokratik g\u00fcnlerde, Sekiz Mart D\u00fcnya Emek\u00e7i Kad\u0131nlar G\u00fcn\u00fcn\u00fc hak etti\u011fi co\u015fkuyla kutlamak \u00fcmidiyle&#8230;&#8221;<br \/>\n\u00a0<\/p>\n<p>\u00a0<\/p>\n<p>\u200bKad\u0131nlar\u0131n toplumsal, ekonomik, k\u00fclt\u00fcrel ve siyasi ba\u015far\u0131lar\u0131n\u0131 kutlamak i\u00e7in d\u00fcnya \u00e7ap\u0131nda an\u0131lan 8 Mart D\u00fcnya Kad\u0131nlar G\u00fcn\u00fc nedeniyle belediye ba\u015fkanlar\u0131, milletvekilleri ve sivil toplum \u00f6rg\u00fct\u00fc temsilcileri mesaj yay\u0131nlad\u0131. \u0130\u015fte ayr\u0131nt\u0131lar\u2026\u00a0<\/p>\n<p>\u200bHaberin Al\u0131nt\u0131land\u0131\u011f\u0131 Kaynak: www.antalyakorfez.com<\/p>","protected":false},"excerpt":{"rendered":"<p>8 Mart 1957\u2019de New York\u2019ta dokuma i\u015f\u00e7isi kad\u0131nlar\u0131n \u00e7al\u0131\u015fma ko\u015fullar\u0131n\u0131n daha iyi iyile\u015ftirilmesi e\u015fit i\u015fe e\u015fit \u00fccret talebi i\u00e7in greve \u00e7\u0131kmas\u0131 kar\u015f\u0131s\u0131nda polisin sald\u0131r\u0131s\u0131 ile \u00e7\u0131kan yang\u0131nda 129 kad\u0131n i\u015f\u00e7inin ya\u015fam\u0131n\u0131 yitirdi. Kad\u0131nlar\u0131n y\u00fczlerce y\u0131ld\u0131r verdi\u011fi e\u015fitlik ve \u00f6zg\u00fcrl\u00fck m\u00fccadelesi, 8 Mart ile somutla\u015ft\u0131. DAYANI\u015eMANIN VE M\u00dcCADELEN\u0130N S\u0130MGES\u0130 8 Mart Kad\u0131nlar\u0131n Uluslararas\u0131 Birlik, Mu\u0308cadele ve Dayan\u0131\u015fma Gu\u0308nu\u0308 nedeniyle Antalya protokol\u00fcnde yer alan isimlerden mesaj ya\u011fd\u0131. AK PART\u0130 Antalya Milletvekili ve TBMM Akdeniz Parlamenterler Asamblesi T\u00fcrk Grubu Ba\u015fkan\u0131 Atay Uslu, Antalya B\u00fcy\u00fck\u015fehir Belediye Ba\u015fkan\u0131 Muhittin B\u00f6cek, Muratpa\u015fa Belediye Ba\u015fkan\u0131 \u00dcmit Uysal, Kepez Belediye Ba\u015fkan\u0131 Mesut Kocag\u00f6z, Antalya \u0130Y\u0130 Parti \u0130l Kad\u0131n-Aile ve Sosyal Hizmetler Ba\u015fkan\u0131 Gamze Aferin Demirba\u011f, B\u00fcro Emek\u00e7ileri Sendikas\u0131 (BES) Antalya \u015eube Ba\u015fkan\u0131 Devrim Mol, yay\u0131nlad\u0131klar\u0131 mesajlarla dayan\u0131\u015fman\u0131n ve m\u00fccadelenin simgesi kad\u0131nlara \u00e7a\u011fr\u0131da bulundu.\u00a0 PROTOKOL\u00dcN G\u00d6Z\u00dcNDEN \u201cKADIN\u201d Kad\u0131nlar\u0131n toplumsal, ekonomik, k\u00fclt\u00fcrel ve siyasi ba\u015far\u0131lar\u0131n\u0131 kutlamak i\u00e7in d\u00fcnya \u00e7ap\u0131nda an\u0131lan, kad\u0131n haklar\u0131, toplumsal cinsiyet e\u015fitli\u011fi ve kad\u0131nlara y\u00f6nelik ayr\u0131mc\u0131l\u0131k ile m\u00fccadele konusunda fark\u0131ndal\u0131k yaratmak i\u00e7in de \u00f6nemli bir f\u0131rsat olu\u015fturan 8 Mart D\u00fcnya Kad\u0131nlar G\u00fcn\u00fc\u2019ne ili\u015fkin kaleme al\u0131nan yaz\u0131lar, \u015fu sat\u0131rlardan olu\u015ftu: AK PART\u0130 ANTALYA M\u0130LLETVEK\u0130L\u0130 ATAY USLU \u201cBug\u00fcn ve yar\u0131n hem medeniyetimizi ileriye ta\u015f\u0131rken hem de \u00e7\u00f6z\u00fcm \u00fcretirken kad\u0131n empatisine, merhametine ihtiyac\u0131m\u0131z var. \u2018Cennet annelerin ayaklar\u0131 alt\u0131ndad\u0131r\u2019 buyru\u011funa bizleri &hellip;<\/p>","protected":false},"author":5,"featured_media":0,"comment_status":"open","ping_status":"open","sticky":false,"template":"","format":"standard","meta":{"_acf_changed":false,"footnotes":""},"categories":[24],"tags":[],"class_list":["post-35045","post","type-post","status-publish","format-standard","has-post-thumbnail","hentry","category-gundem"],"acf":[],"yoast_head":"<!-- This site is optimized with the Yoast SEO Premium plugin v26.6 (Yoast SEO v27.1.1) - https:\/\/yoast.com\/product\/yoast-seo-premium-wordpress\/ -->\n<title>Antalya protokol\u00fcnden &#039;8 Mart&#039; mesajlar\u0131 - Av. Deniz Can K\u0131z\u0131l<\/title>\n<meta name=\"robots\" content=\"index, follow, max-snippet:-1, max-image-preview:large, max-video-preview:-1\" \/>\n<link rel=\"canonical\" href=\"https:\/\/denizcankizil.tr\/uk\/haberler\/gundem\/antalya-protokolunden-8-mart-mesajlari\/\" \/>\n<meta property=\"og:locale\" content=\"uk_UA\" \/>\n<meta property=\"og:type\" content=\"article\" \/>\n<meta property=\"og:title\" content=\"Antalya protokol\u00fcnden &#039;8 Mart&#039; mesajlar\u0131\" \/>\n<meta property=\"og:description\" content=\"8 Mart 1957\u2019de New York\u2019ta dokuma i\u015f\u00e7isi kad\u0131nlar\u0131n \u00e7al\u0131\u015fma ko\u015fullar\u0131n\u0131n daha iyi iyile\u015ftirilmesi e\u015fit i\u015fe e\u015fit \u00fccret talebi i\u00e7in greve \u00e7\u0131kmas\u0131 kar\u015f\u0131s\u0131nda polisin sald\u0131r\u0131s\u0131 ile \u00e7\u0131kan yang\u0131nda 129 kad\u0131n i\u015f\u00e7inin ya\u015fam\u0131n\u0131 yitirdi. Kad\u0131nlar\u0131n y\u00fczlerce y\u0131ld\u0131r verdi\u011fi e\u015fitlik ve \u00f6zg\u00fcrl\u00fck m\u00fccadelesi, 8 Mart ile somutla\u015ft\u0131. DAYANI\u015eMANIN VE M\u00dcCADELEN\u0130N S\u0130MGES\u0130 8 Mart Kad\u0131nlar\u0131n Uluslararas\u0131 Birlik, Mu\u0308cadele ve Dayan\u0131\u015fma Gu\u0308nu\u0308 nedeniyle Antalya protokol\u00fcnde yer alan isimlerden mesaj ya\u011fd\u0131. AK PART\u0130 Antalya Milletvekili ve TBMM Akdeniz Parlamenterler Asamblesi T\u00fcrk Grubu Ba\u015fkan\u0131 Atay Uslu, Antalya B\u00fcy\u00fck\u015fehir Belediye Ba\u015fkan\u0131 Muhittin B\u00f6cek, Muratpa\u015fa Belediye Ba\u015fkan\u0131 \u00dcmit Uysal, Kepez Belediye Ba\u015fkan\u0131 Mesut Kocag\u00f6z, Antalya \u0130Y\u0130 Parti \u0130l Kad\u0131n-Aile ve Sosyal Hizmetler Ba\u015fkan\u0131 Gamze Aferin Demirba\u011f, B\u00fcro Emek\u00e7ileri Sendikas\u0131 (BES) Antalya \u015eube Ba\u015fkan\u0131 Devrim Mol, yay\u0131nlad\u0131klar\u0131 mesajlarla dayan\u0131\u015fman\u0131n ve m\u00fccadelenin simgesi kad\u0131nlara \u00e7a\u011fr\u0131da bulundu.\u00a0 PROTOKOL\u00dcN G\u00d6Z\u00dcNDEN \u201cKADIN\u201d Kad\u0131nlar\u0131n toplumsal, ekonomik, k\u00fclt\u00fcrel ve siyasi ba\u015far\u0131lar\u0131n\u0131 kutlamak i\u00e7in d\u00fcnya \u00e7ap\u0131nda an\u0131lan, kad\u0131n haklar\u0131, toplumsal cinsiyet e\u015fitli\u011fi ve kad\u0131nlara y\u00f6nelik ayr\u0131mc\u0131l\u0131k ile m\u00fccadele konusunda fark\u0131ndal\u0131k yaratmak i\u00e7in de \u00f6nemli bir f\u0131rsat olu\u015fturan 8 Mart D\u00fcnya Kad\u0131nlar G\u00fcn\u00fc\u2019ne ili\u015fkin kaleme al\u0131nan yaz\u0131lar, \u015fu sat\u0131rlardan olu\u015ftu: AK PART\u0130 ANTALYA M\u0130LLETVEK\u0130L\u0130 ATAY USLU \u201cBug\u00fcn ve yar\u0131n hem medeniyetimizi ileriye ta\u015f\u0131rken hem de \u00e7\u00f6z\u00fcm \u00fcretirken kad\u0131n empatisine, merhametine ihtiyac\u0131m\u0131z var. \u2018Cennet annelerin ayaklar\u0131 alt\u0131ndad\u0131r\u2019 buyru\u011funa bizleri &hellip;\" \/>\n<meta property=\"og:url\" content=\"https:\/\/denizcankizil.tr\/uk\/haberler\/gundem\/antalya-protokolunden-8-mart-mesajlari\/\" \/>\n<meta property=\"og:site_name\" content=\"Av. Deniz Can K\u0131z\u0131l\" \/>\n<meta property=\"article:published_time\" content=\"2025-03-07T14:41:38+00:00\" \/>\n<meta name=\"author\" content=\"Antalya K\u00f6rfez\" \/>\n<meta name=\"twitter:card\" content=\"summary_large_image\" \/>\n<meta name=\"twitter:label1\" content=\"\u041d\u0430\u043f\u0438\u0441\u0430\u043d\u043e\" \/>\n\t<meta name=\"twitter:data1\" content=\"Antalya K\u00f6rfez\" \/>\n\t<meta name=\"twitter:label2\" content=\"\u041f\u0440\u0438\u0431\u043b. \u0447\u0430\u0441 \u0447\u0438\u0442\u0430\u043d\u043d\u044f\" \/>\n\t<meta name=\"twitter:data2\" content=\"7 \u0445\u0432\u0438\u043b\u0438\u043d\" \/>\n<script type=\"application\/ld+json\" class=\"yoast-schema-graph\">{\"@context\":\"https:\/\/schema.org\",\"@graph\":[{\"@type\":\"Article\",\"@id\":\"https:\/\/denizcankizil.tr\/uk\/haberler\/gundem\/antalya-protokolunden-8-mart-mesajlari\/#article\",\"isPartOf\":{\"@id\":\"https:\/\/denizcankizil.tr\/uk\/haberler\/gundem\/antalya-protokolunden-8-mart-mesajlari\/\"},\"author\":{\"name\":\"Antalya K\u00f6rfez\",\"@id\":\"https:\/\/denizcankizil.tr\/de\/#\/schema\/person\/e1eb71bb4dd684d46563f0af307e1234\"},\"headline\":\"Antalya protokol\u00fcnden &#8216;8 Mart&#8217; mesajlar\u0131\",\"datePublished\":\"2025-03-07T14:41:38+00:00\",\"mainEntityOfPage\":{\"@id\":\"https:\/\/denizcankizil.tr\/uk\/haberler\/gundem\/antalya-protokolunden-8-mart-mesajlari\/\"},\"wordCount\":1317,\"commentCount\":0,\"publisher\":{\"@id\":\"https:\/\/denizcankizil.tr\/de\/#organization\"},\"articleSection\":[\"G\u00fcndem\"],\"inLanguage\":\"uk\",\"potentialAction\":[{\"@type\":\"CommentAction\",\"name\":\"Comment\",\"target\":[\"https:\/\/denizcankizil.tr\/uk\/haberler\/gundem\/antalya-protokolunden-8-mart-mesajlari\/#respond\"]}]},{\"@type\":\"WebPage\",\"@id\":\"https:\/\/denizcankizil.tr\/uk\/haberler\/gundem\/antalya-protokolunden-8-mart-mesajlari\/\",\"url\":\"https:\/\/denizcankizil.tr\/uk\/haberler\/gundem\/antalya-protokolunden-8-mart-mesajlari\/\",\"name\":\"Antalya protokol\u00fcnden '8 Mart' mesajlar\u0131 - Av. Deniz Can K\u0131z\u0131l\",\"isPartOf\":{\"@id\":\"https:\/\/denizcankizil.tr\/de\/#website\"},\"datePublished\":\"2025-03-07T14:41:38+00:00\",\"breadcrumb\":{\"@id\":\"https:\/\/denizcankizil.tr\/uk\/haberler\/gundem\/antalya-protokolunden-8-mart-mesajlari\/#breadcrumb\"},\"inLanguage\":\"uk\",\"potentialAction\":[{\"@type\":\"ReadAction\",\"target\":[\"https:\/\/denizcankizil.tr\/uk\/haberler\/gundem\/antalya-protokolunden-8-mart-mesajlari\/\"]}]},{\"@type\":\"BreadcrumbList\",\"@id\":\"https:\/\/denizcankizil.tr\/uk\/haberler\/gundem\/antalya-protokolunden-8-mart-mesajlari\/#breadcrumb\",\"itemListElement\":[{\"@type\":\"ListItem\",\"position\":1,\"name\":\"Home\",\"item\":\"https:\/\/denizcankizil.tr\/de\/\"},{\"@type\":\"ListItem\",\"position\":2,\"name\":\"Antalya protokol\u00fcnden &#8216;8 Mart&#8217; mesajlar\u0131\"}]},{\"@type\":\"WebSite\",\"@id\":\"https:\/\/denizcankizil.tr\/de\/#website\",\"url\":\"https:\/\/denizcankizil.tr\/de\/\",\"name\":\"Av. Deniz Can K\u0131z\u0131l\",\"description\":\"Avukat Deniz Can K\u0131z\u0131l Antalya Barosu\",\"publisher\":{\"@id\":\"https:\/\/denizcankizil.tr\/de\/#organization\"},\"potentialAction\":[{\"@type\":\"SearchAction\",\"target\":{\"@type\":\"EntryPoint\",\"urlTemplate\":\"https:\/\/denizcankizil.tr\/de\/?s={search_term_string}\"},\"query-input\":{\"@type\":\"PropertyValueSpecification\",\"valueRequired\":true,\"valueName\":\"search_term_string\"}}],\"inLanguage\":\"uk\"},{\"@type\":\"Organization\",\"@id\":\"https:\/\/denizcankizil.tr\/de\/#organization\",\"name\":\"Av. Deniz Can K\u0131z\u0131l\",\"url\":\"https:\/\/denizcankizil.tr\/de\/\",\"logo\":{\"@type\":\"ImageObject\",\"inLanguage\":\"uk\",\"@id\":\"https:\/\/denizcankizil.tr\/de\/#\/schema\/logo\/image\/\",\"url\":\"https:\/\/denizcankizil.tr\/wp-content\/uploads\/2024\/10\/siyah-logo-svg.svg\",\"contentUrl\":\"https:\/\/denizcankizil.tr\/wp-content\/uploads\/2024\/10\/siyah-logo-svg.svg\",\"width\":1080,\"height\":1080,\"caption\":\"Av. Deniz Can K\u0131z\u0131l\"},\"image\":{\"@id\":\"https:\/\/denizcankizil.tr\/de\/#\/schema\/logo\/image\/\"}},{\"@type\":\"Person\",\"@id\":\"https:\/\/denizcankizil.tr\/de\/#\/schema\/person\/e1eb71bb4dd684d46563f0af307e1234\",\"name\":\"Antalya K\u00f6rfez\",\"image\":{\"@type\":\"ImageObject\",\"inLanguage\":\"uk\",\"@id\":\"https:\/\/denizcankizil.tr\/de\/#\/schema\/person\/image\/\",\"url\":\"https:\/\/secure.gravatar.com\/avatar\/42b01982558a48a0b501fdcab6a408d3717ea5919095ee2e67b0e521799c5905?s=96&d=mm&r=g\",\"contentUrl\":\"https:\/\/secure.gravatar.com\/avatar\/42b01982558a48a0b501fdcab6a408d3717ea5919095ee2e67b0e521799c5905?s=96&d=mm&r=g\",\"caption\":\"Antalya K\u00f6rfez\"},\"sameAs\":[\"http:\/\/www.antalyakorfez.com\"],\"url\":\"https:\/\/www.antalyakorfez.com\/antalya-protokolunden-8-mart-mesajlari\"}]}<\/script>\n<!-- \/ Yoast SEO Premium plugin. -->","yoast_head_json":{"title":"Antalya protokol\u00fcnden '8 Mart' mesajlar\u0131 - Av. Deniz Can K\u0131z\u0131l","robots":{"index":"index","follow":"follow","max-snippet":"max-snippet:-1","max-image-preview":"max-image-preview:large","max-video-preview":"max-video-preview:-1"},"canonical":"https:\/\/denizcankizil.tr\/uk\/haberler\/gundem\/antalya-protokolunden-8-mart-mesajlari\/","og_locale":"uk_UA","og_type":"article","og_title":"Antalya protokol\u00fcnden '8 Mart' mesajlar\u0131","og_description":"8 Mart 1957\u2019de New York\u2019ta dokuma i\u015f\u00e7isi kad\u0131nlar\u0131n \u00e7al\u0131\u015fma ko\u015fullar\u0131n\u0131n daha iyi iyile\u015ftirilmesi e\u015fit i\u015fe e\u015fit \u00fccret talebi i\u00e7in greve \u00e7\u0131kmas\u0131 kar\u015f\u0131s\u0131nda polisin sald\u0131r\u0131s\u0131 ile \u00e7\u0131kan yang\u0131nda 129 kad\u0131n i\u015f\u00e7inin ya\u015fam\u0131n\u0131 yitirdi. Kad\u0131nlar\u0131n y\u00fczlerce y\u0131ld\u0131r verdi\u011fi e\u015fitlik ve \u00f6zg\u00fcrl\u00fck m\u00fccadelesi, 8 Mart ile somutla\u015ft\u0131. DAYANI\u015eMANIN VE M\u00dcCADELEN\u0130N S\u0130MGES\u0130 8 Mart Kad\u0131nlar\u0131n Uluslararas\u0131 Birlik, Mu\u0308cadele ve Dayan\u0131\u015fma Gu\u0308nu\u0308 nedeniyle Antalya protokol\u00fcnde yer alan isimlerden mesaj ya\u011fd\u0131. AK PART\u0130 Antalya Milletvekili ve TBMM Akdeniz Parlamenterler Asamblesi T\u00fcrk Grubu Ba\u015fkan\u0131 Atay Uslu, Antalya B\u00fcy\u00fck\u015fehir Belediye Ba\u015fkan\u0131 Muhittin B\u00f6cek, Muratpa\u015fa Belediye Ba\u015fkan\u0131 \u00dcmit Uysal, Kepez Belediye Ba\u015fkan\u0131 Mesut Kocag\u00f6z, Antalya \u0130Y\u0130 Parti \u0130l Kad\u0131n-Aile ve Sosyal Hizmetler Ba\u015fkan\u0131 Gamze Aferin Demirba\u011f, B\u00fcro Emek\u00e7ileri Sendikas\u0131 (BES) Antalya \u015eube Ba\u015fkan\u0131 Devrim Mol, yay\u0131nlad\u0131klar\u0131 mesajlarla dayan\u0131\u015fman\u0131n ve m\u00fccadelenin simgesi kad\u0131nlara \u00e7a\u011fr\u0131da bulundu.\u00a0 PROTOKOL\u00dcN G\u00d6Z\u00dcNDEN \u201cKADIN\u201d Kad\u0131nlar\u0131n toplumsal, ekonomik, k\u00fclt\u00fcrel ve siyasi ba\u015far\u0131lar\u0131n\u0131 kutlamak i\u00e7in d\u00fcnya \u00e7ap\u0131nda an\u0131lan, kad\u0131n haklar\u0131, toplumsal cinsiyet e\u015fitli\u011fi ve kad\u0131nlara y\u00f6nelik ayr\u0131mc\u0131l\u0131k ile m\u00fccadele konusunda fark\u0131ndal\u0131k yaratmak i\u00e7in de \u00f6nemli bir f\u0131rsat olu\u015fturan 8 Mart D\u00fcnya Kad\u0131nlar G\u00fcn\u00fc\u2019ne ili\u015fkin kaleme al\u0131nan yaz\u0131lar, \u015fu sat\u0131rlardan olu\u015ftu: AK PART\u0130 ANTALYA M\u0130LLETVEK\u0130L\u0130 ATAY USLU \u201cBug\u00fcn ve yar\u0131n hem medeniyetimizi ileriye ta\u015f\u0131rken hem de \u00e7\u00f6z\u00fcm \u00fcretirken kad\u0131n empatisine, merhametine ihtiyac\u0131m\u0131z var. \u2018Cennet annelerin ayaklar\u0131 alt\u0131ndad\u0131r\u2019 buyru\u011funa bizleri &hellip;","og_url":"https:\/\/denizcankizil.tr\/uk\/haberler\/gundem\/antalya-protokolunden-8-mart-mesajlari\/","og_site_name":"Av. Deniz Can K\u0131z\u0131l","article_published_time":"2025-03-07T14:41:38+00:00","author":"Antalya K\u00f6rfez","twitter_card":"summary_large_image","twitter_misc":{"\u041d\u0430\u043f\u0438\u0441\u0430\u043d\u043e":"Antalya K\u00f6rfez","\u041f\u0440\u0438\u0431\u043b. \u0447\u0430\u0441 \u0447\u0438\u0442\u0430\u043d\u043d\u044f":"7 \u0445\u0432\u0438\u043b\u0438\u043d"},"schema":{"@context":"https:\/\/schema.org","@graph":[{"@type":"Article","@id":"https:\/\/denizcankizil.tr\/uk\/haberler\/gundem\/antalya-protokolunden-8-mart-mesajlari\/#article","isPartOf":{"@id":"https:\/\/denizcankizil.tr\/uk\/haberler\/gundem\/antalya-protokolunden-8-mart-mesajlari\/"},"author":{"name":"Antalya K\u00f6rfez","@id":"https:\/\/denizcankizil.tr\/de\/#\/schema\/person\/e1eb71bb4dd684d46563f0af307e1234"},"headline":"Antalya protokol\u00fcnden &#8216;8 Mart&#8217; mesajlar\u0131","datePublished":"2025-03-07T14:41:38+00:00","mainEntityOfPage":{"@id":"https:\/\/denizcankizil.tr\/uk\/haberler\/gundem\/antalya-protokolunden-8-mart-mesajlari\/"},"wordCount":1317,"commentCount":0,"publisher":{"@id":"https:\/\/denizcankizil.tr\/de\/#organization"},"articleSection":["G\u00fcndem"],"inLanguage":"uk","potentialAction":[{"@type":"CommentAction","name":"Comment","target":["https:\/\/denizcankizil.tr\/uk\/haberler\/gundem\/antalya-protokolunden-8-mart-mesajlari\/#respond"]}]},{"@type":"WebPage","@id":"https:\/\/denizcankizil.tr\/uk\/haberler\/gundem\/antalya-protokolunden-8-mart-mesajlari\/","url":"https:\/\/denizcankizil.tr\/uk\/haberler\/gundem\/antalya-protokolunden-8-mart-mesajlari\/","name":"Antalya protokol\u00fcnden '8 Mart' mesajlar\u0131 - Av. Deniz Can K\u0131z\u0131l","isPartOf":{"@id":"https:\/\/denizcankizil.tr\/de\/#website"},"datePublished":"2025-03-07T14:41:38+00:00","breadcrumb":{"@id":"https:\/\/denizcankizil.tr\/uk\/haberler\/gundem\/antalya-protokolunden-8-mart-mesajlari\/#breadcrumb"},"inLanguage":"uk","potentialAction":[{"@type":"ReadAction","target":["https:\/\/denizcankizil.tr\/uk\/haberler\/gundem\/antalya-protokolunden-8-mart-mesajlari\/"]}]},{"@type":"BreadcrumbList","@id":"https:\/\/denizcankizil.tr\/uk\/haberler\/gundem\/antalya-protokolunden-8-mart-mesajlari\/#breadcrumb","itemListElement":[{"@type":"ListItem","position":1,"name":"Home","item":"https:\/\/denizcankizil.tr\/de\/"},{"@type":"ListItem","position":2,"name":"Antalya protokol\u00fcnden &#8216;8 Mart&#8217; mesajlar\u0131"}]},{"@type":"WebSite","@id":"https:\/\/denizcankizil.tr\/de\/#website","url":"https:\/\/denizcankizil.tr\/de\/","name":"Av. Deniz Can K\u0131z\u0131l","description":"Avukat Deniz Can K\u0131z\u0131l Antalya Barosu","publisher":{"@id":"https:\/\/denizcankizil.tr\/de\/#organization"},"potentialAction":[{"@type":"SearchAction","target":{"@type":"EntryPoint","urlTemplate":"https:\/\/denizcankizil.tr\/de\/?s={search_term_string}"},"query-input":{"@type":"PropertyValueSpecification","valueRequired":true,"valueName":"search_term_string"}}],"inLanguage":"uk"},{"@type":"Organization","@id":"https:\/\/denizcankizil.tr\/de\/#organization","name":"Av. Deniz Can K\u0131z\u0131l","url":"https:\/\/denizcankizil.tr\/de\/","logo":{"@type":"ImageObject","inLanguage":"uk","@id":"https:\/\/denizcankizil.tr\/de\/#\/schema\/logo\/image\/","url":"https:\/\/denizcankizil.tr\/wp-content\/uploads\/2024\/10\/siyah-logo-svg.svg","contentUrl":"https:\/\/denizcankizil.tr\/wp-content\/uploads\/2024\/10\/siyah-logo-svg.svg","width":1080,"height":1080,"caption":"Av. Deniz Can K\u0131z\u0131l"},"image":{"@id":"https:\/\/denizcankizil.tr\/de\/#\/schema\/logo\/image\/"}},{"@type":"Person","@id":"https:\/\/denizcankizil.tr\/de\/#\/schema\/person\/e1eb71bb4dd684d46563f0af307e1234","name":"Antalya K\u00f6rfez","image":{"@type":"ImageObject","inLanguage":"uk","@id":"https:\/\/denizcankizil.tr\/de\/#\/schema\/person\/image\/","url":"https:\/\/secure.gravatar.com\/avatar\/42b01982558a48a0b501fdcab6a408d3717ea5919095ee2e67b0e521799c5905?s=96&d=mm&r=g","contentUrl":"https:\/\/secure.gravatar.com\/avatar\/42b01982558a48a0b501fdcab6a408d3717ea5919095ee2e67b0e521799c5905?s=96&d=mm&r=g","caption":"Antalya K\u00f6rfez"},"sameAs":["http:\/\/www.antalyakorfez.com"],"url":"https:\/\/www.antalyakorfez.com\/antalya-protokolunden-8-mart-mesajlari"}]}},"_links":{"self":[{"href":"https:\/\/denizcankizil.tr\/uk\/wp-json\/wp\/v2\/posts\/35045","targetHints":{"allow":["GET"]}}],"collection":[{"href":"https:\/\/denizcankizil.tr\/uk\/wp-json\/wp\/v2\/posts"}],"about":[{"href":"https:\/\/denizcankizil.tr\/uk\/wp-json\/wp\/v2\/types\/post"}],"author":[{"embeddable":true,"href":"https:\/\/denizcankizil.tr\/uk\/wp-json\/wp\/v2\/users\/5"}],"replies":[{"embeddable":true,"href":"https:\/\/denizcankizil.tr\/uk\/wp-json\/wp\/v2\/comments?post=35045"}],"version-history":[{"count":0,"href":"https:\/\/denizcankizil.tr\/uk\/wp-json\/wp\/v2\/posts\/35045\/revisions"}],"wp:attachment":[{"href":"https:\/\/denizcankizil.tr\/uk\/wp-json\/wp\/v2\/media?parent=35045"}],"wp:term":[{"taxonomy":"category","embeddable":true,"href":"https:\/\/denizcankizil.tr\/uk\/wp-json\/wp\/v2\/categories?post=35045"},{"taxonomy":"post_tag","embeddable":true,"href":"https:\/\/denizcankizil.tr\/uk\/wp-json\/wp\/v2\/tags?post=35045"}],"curies":[{"name":"wp","href":"https:\/\/api.w.org\/{rel}","templated":true}]}}