{"id":34982,"date":"2025-03-07T12:41:25","date_gmt":"2025-03-07T09:41:25","guid":{"rendered":"https:\/\/denizcankizil.tr\/uncategorized-tr\/denetime-takilan-motosiklet-surucusune-polisten-nasihat\/"},"modified":"2025-03-07T12:41:25","modified_gmt":"2025-03-07T09:41:25","slug":"denetime-takilan-motosiklet-surucusune-polisten-nasihat","status":"publish","type":"post","link":"https:\/\/denizcankizil.tr\/uk\/haberler\/antalya\/denetime-takilan-motosiklet-surucusune-polisten-nasihat\/","title":{"rendered":"Denetime tak\u0131lan motosiklet s\u00fcr\u00fcc\u00fcs\u00fcne polisten nasihat"},"content":{"rendered":"<p>Manavgat il\u00e7esi A\u015fa\u011f\u0131 Pazarc\u0131 Mahallesi&#8217;nde devriye g\u00f6revi yapan \u00e7ar\u015f\u0131 ve mahalle bek\u00e7ileri, yanlar\u0131ndan b\u00fcy\u00fck bir g\u00fcr\u00fclt\u00fcyle ge\u00e7en ve \u00fczerinde plaka bulunmayan motosikleti takibe alarak k\u0131sa s\u00fcre sonra durdurdu. Bek\u00e7ilerin anonsu \u00fczerine olay yerine gelen trafik ekibi, motosikletin plakas\u0131z olmas\u0131n\u0131n yan\u0131 s\u0131ra \u00fczerinde abart\u0131l\u0131 egzoz tak\u0131l\u0131 oldu\u011funu belirleyerek 18 bin 534 TL para cezas\u0131 uygulad\u0131.<\/p>\n<p>Gen\u00e7 s\u00fcr\u00fcc\u00fcye trafik polisinden nasihat<br \/>\nTrafik ekiplerine ceza yazmamalar\u0131 konusunda dil d\u00f6ken motosiklet s\u00fcr\u00fcc\u00fcs\u00fc, trafik polisinin nasihatleri kar\u015f\u0131s\u0131nda kendisine hak vererek susmay\u0131 tercih etti. Gen\u00e7lerin kendileri i\u00e7in de\u011ferli oldu\u011funu s\u00f6yleyerek s\u00f6ze ba\u015flayan trafik polisi motosiklet s\u00fcr\u00fcc\u00fcs\u00fc gence &#8220;Bu saatte b\u00f6yle g\u00fcr\u00fclt\u00fcl\u00fc bir \u015fekilde gezerseniz herkesi rahats\u0131z edersiniz&#8221; derken, motosiklet s\u00fcr\u00fcc\u00fcs\u00fc gen\u00e7 &#8220;Ben de rahats\u0131z olurum&#8221; dedi.<\/p>\n<p>&#8220;Plaka ve kask\u0131n\u0131z\u0131 takacaks\u0131n\u0131z&#8221;<br \/>\nPlakas\u0131z motosiklete binmenin yasak ve sak\u0131ncal\u0131 oldu\u011funu belirten trafik polisi s\u00f6zlerini \u015f\u00f6yle s\u00fcrd\u00fcrd\u00fc: &#8220;Plakas\u0131z motosiklet kullananlar ya uyu\u015fturucu satar ya da illegal bir i\u015f yapar. Bizler polis olmam\u0131za, resmi araca binmemize ra\u011fmen plaka tak\u0131yoruz. Plakas\u0131z hi\u00e7bir yere \u00e7\u0131kmayacaks\u0131n\u0131z. Plakan\u0131z\u0131 ve kask\u0131n\u0131z\u0131 takacaks\u0131n\u0131z. Sizler bizim i\u00e7in de\u011ferlisiniz, k\u0131ymetlisiniz. Evde anneniz, baban\u0131z sizleri bekliyor. Yapmay\u0131n bu \u015fekilde, kurallara uyun&#8221; dedi.<br \/>\nPolisin s\u00f6zlerine hak veren motosiklet s\u00fcr\u00fcc\u00fcs\u00fc gen\u00e7, motosikletinin trafikten men edilerek yediemin otopark\u0131na g\u00f6t\u00fcr\u00fclmek \u00fczere \u00e7ekiciye y\u00fcklenmesinin ard\u0131ndan olay yerinden ayr\u0131ld\u0131.<\/p>\n<p>Kaynak: www.kanalv.com.tr Haber Sitesinden Al\u0131nm\u0131\u015ft\u0131r.<\/p>","protected":false},"excerpt":{"rendered":"<p>Manavgat il\u00e7esi A\u015fa\u011f\u0131 Pazarc\u0131 Mahallesi&#8217;nde devriye g\u00f6revi yapan \u00e7ar\u015f\u0131 ve mahalle bek\u00e7ileri, yanlar\u0131ndan b\u00fcy\u00fck bir g\u00fcr\u00fclt\u00fcyle ge\u00e7en ve \u00fczerinde plaka bulunmayan motosikleti takibe alarak k\u0131sa s\u00fcre sonra durdurdu. Bek\u00e7ilerin anonsu \u00fczerine olay yerine gelen trafik ekibi, motosikletin plakas\u0131z olmas\u0131n\u0131n yan\u0131 s\u0131ra \u00fczerinde abart\u0131l\u0131 egzoz tak\u0131l\u0131 oldu\u011funu belirleyerek 18 bin 534 TL para cezas\u0131 uygulad\u0131. Gen\u00e7 s\u00fcr\u00fcc\u00fcye trafik polisinden nasihat Trafik ekiplerine ceza yazmamalar\u0131 konusunda dil d\u00f6ken motosiklet s\u00fcr\u00fcc\u00fcs\u00fc, trafik polisinin nasihatleri kar\u015f\u0131s\u0131nda kendisine hak vererek susmay\u0131 tercih etti. Gen\u00e7lerin kendileri i\u00e7in de\u011ferli oldu\u011funu s\u00f6yleyerek s\u00f6ze ba\u015flayan trafik polisi motosiklet s\u00fcr\u00fcc\u00fcs\u00fc gence &#8220;Bu saatte b\u00f6yle g\u00fcr\u00fclt\u00fcl\u00fc bir \u015fekilde gezerseniz herkesi rahats\u0131z edersiniz&#8221; derken, motosiklet s\u00fcr\u00fcc\u00fcs\u00fc gen\u00e7 &#8220;Ben de rahats\u0131z olurum&#8221; dedi. &#8220;Plaka ve kask\u0131n\u0131z\u0131 takacaks\u0131n\u0131z&#8221; Plakas\u0131z motosiklete binmenin yasak ve sak\u0131ncal\u0131 oldu\u011funu belirten trafik polisi s\u00f6zlerini \u015f\u00f6yle s\u00fcrd\u00fcrd\u00fc: &#8220;Plakas\u0131z motosiklet kullananlar ya uyu\u015fturucu satar ya da illegal bir i\u015f yapar. Bizler polis olmam\u0131za, resmi araca binmemize ra\u011fmen plaka tak\u0131yoruz. Plakas\u0131z hi\u00e7bir yere \u00e7\u0131kmayacaks\u0131n\u0131z. Plakan\u0131z\u0131 ve kask\u0131n\u0131z\u0131 takacaks\u0131n\u0131z. Sizler bizim i\u00e7in de\u011ferlisiniz, k\u0131ymetlisiniz. Evde anneniz, baban\u0131z sizleri bekliyor. Yapmay\u0131n bu \u015fekilde, kurallara uyun&#8221; dedi. Polisin s\u00f6zlerine hak veren motosiklet s\u00fcr\u00fcc\u00fcs\u00fc gen\u00e7, motosikletinin trafikten men edilerek yediemin otopark\u0131na g\u00f6t\u00fcr\u00fclmek \u00fczere \u00e7ekiciye y\u00fcklenmesinin ard\u0131ndan olay yerinden ayr\u0131ld\u0131. Kaynak: www.kanalv.com.tr Haber Sitesinden Al\u0131nm\u0131\u015ft\u0131r.<\/p>","protected":false},"author":4,"featured_media":34983,"comment_status":"open","ping_status":"open","sticky":false,"template":"","format":"standard","meta":{"_acf_changed":false,"footnotes":""},"categories":[26],"tags":[],"class_list":["post-34982","post","type-post","status-publish","format-standard","has-post-thumbnail","hentry","category-antalya"],"acf":[],"yoast_head":"<!-- This site is optimized with the Yoast SEO Premium plugin v26.6 (Yoast SEO v27.1.1) - https:\/\/yoast.com\/product\/yoast-seo-premium-wordpress\/ -->\n<title>Denetime tak\u0131lan motosiklet s\u00fcr\u00fcc\u00fcs\u00fcne polisten nasihat - Av. Deniz Can K\u0131z\u0131l<\/title>\n<meta name=\"robots\" content=\"index, follow, max-snippet:-1, max-image-preview:large, max-video-preview:-1\" \/>\n<link rel=\"canonical\" href=\"https:\/\/denizcankizil.tr\/uk\/haberler\/antalya\/denetime-takilan-motosiklet-surucusune-polisten-nasihat\/\" \/>\n<meta property=\"og:locale\" content=\"uk_UA\" \/>\n<meta property=\"og:type\" content=\"article\" \/>\n<meta property=\"og:title\" content=\"Denetime tak\u0131lan motosiklet s\u00fcr\u00fcc\u00fcs\u00fcne polisten nasihat\" \/>\n<meta property=\"og:description\" content=\"Manavgat il\u00e7esi A\u015fa\u011f\u0131 Pazarc\u0131 Mahallesi&#8217;nde devriye g\u00f6revi yapan \u00e7ar\u015f\u0131 ve mahalle bek\u00e7ileri, yanlar\u0131ndan b\u00fcy\u00fck bir g\u00fcr\u00fclt\u00fcyle ge\u00e7en ve \u00fczerinde plaka bulunmayan motosikleti takibe alarak k\u0131sa s\u00fcre sonra durdurdu. Bek\u00e7ilerin anonsu \u00fczerine olay yerine gelen trafik ekibi, motosikletin plakas\u0131z olmas\u0131n\u0131n yan\u0131 s\u0131ra \u00fczerinde abart\u0131l\u0131 egzoz tak\u0131l\u0131 oldu\u011funu belirleyerek 18 bin 534 TL para cezas\u0131 uygulad\u0131. Gen\u00e7 s\u00fcr\u00fcc\u00fcye trafik polisinden nasihat Trafik ekiplerine ceza yazmamalar\u0131 konusunda dil d\u00f6ken motosiklet s\u00fcr\u00fcc\u00fcs\u00fc, trafik polisinin nasihatleri kar\u015f\u0131s\u0131nda kendisine hak vererek susmay\u0131 tercih etti. Gen\u00e7lerin kendileri i\u00e7in de\u011ferli oldu\u011funu s\u00f6yleyerek s\u00f6ze ba\u015flayan trafik polisi motosiklet s\u00fcr\u00fcc\u00fcs\u00fc gence &#8220;Bu saatte b\u00f6yle g\u00fcr\u00fclt\u00fcl\u00fc bir \u015fekilde gezerseniz herkesi rahats\u0131z edersiniz&#8221; derken, motosiklet s\u00fcr\u00fcc\u00fcs\u00fc gen\u00e7 &#8220;Ben de rahats\u0131z olurum&#8221; dedi. &#8220;Plaka ve kask\u0131n\u0131z\u0131 takacaks\u0131n\u0131z&#8221; Plakas\u0131z motosiklete binmenin yasak ve sak\u0131ncal\u0131 oldu\u011funu belirten trafik polisi s\u00f6zlerini \u015f\u00f6yle s\u00fcrd\u00fcrd\u00fc: &#8220;Plakas\u0131z motosiklet kullananlar ya uyu\u015fturucu satar ya da illegal bir i\u015f yapar. Bizler polis olmam\u0131za, resmi araca binmemize ra\u011fmen plaka tak\u0131yoruz. Plakas\u0131z hi\u00e7bir yere \u00e7\u0131kmayacaks\u0131n\u0131z. Plakan\u0131z\u0131 ve kask\u0131n\u0131z\u0131 takacaks\u0131n\u0131z. Sizler bizim i\u00e7in de\u011ferlisiniz, k\u0131ymetlisiniz. Evde anneniz, baban\u0131z sizleri bekliyor. Yapmay\u0131n bu \u015fekilde, kurallara uyun&#8221; dedi. Polisin s\u00f6zlerine hak veren motosiklet s\u00fcr\u00fcc\u00fcs\u00fc gen\u00e7, motosikletinin trafikten men edilerek yediemin otopark\u0131na g\u00f6t\u00fcr\u00fclmek \u00fczere \u00e7ekiciye y\u00fcklenmesinin ard\u0131ndan olay yerinden ayr\u0131ld\u0131. Kaynak: www.kanalv.com.tr Haber Sitesinden Al\u0131nm\u0131\u015ft\u0131r.\" \/>\n<meta property=\"og:url\" content=\"https:\/\/denizcankizil.tr\/uk\/haberler\/antalya\/denetime-takilan-motosiklet-surucusune-polisten-nasihat\/\" \/>\n<meta property=\"og:site_name\" content=\"Av. Deniz Can K\u0131z\u0131l\" \/>\n<meta property=\"article:published_time\" content=\"2025-03-07T09:41:25+00:00\" \/>\n<meta property=\"og:image\" content=\"https:\/\/denizcankizil.tr\/wp-content\/uploads\/2025\/03\/5378-01-T9RLvr.jpeg\" \/>\n\t<meta property=\"og:image:width\" content=\"1280\" \/>\n\t<meta property=\"og:image:height\" content=\"720\" \/>\n\t<meta property=\"og:image:type\" content=\"image\/jpeg\" \/>\n<meta name=\"author\" content=\"Av. Deniz Can K\u0131z\u0131l\" \/>\n<meta name=\"twitter:card\" content=\"summary_large_image\" \/>\n<meta name=\"twitter:label1\" content=\"\u041d\u0430\u043f\u0438\u0441\u0430\u043d\u043e\" \/>\n\t<meta name=\"twitter:data1\" content=\"Av. Deniz Can K\u0131z\u0131l\" \/>\n\t<meta name=\"twitter:label2\" content=\"\u041f\u0440\u0438\u0431\u043b. \u0447\u0430\u0441 \u0447\u0438\u0442\u0430\u043d\u043d\u044f\" \/>\n\t<meta name=\"twitter:data2\" content=\"1 \u0445\u0432\u0438\u043b\u0438\u043d\u0430\" \/>\n<script type=\"application\/ld+json\" class=\"yoast-schema-graph\">{\"@context\":\"https:\/\/schema.org\",\"@graph\":[{\"@type\":\"Article\",\"@id\":\"https:\/\/denizcankizil.tr\/uk\/haberler\/antalya\/denetime-takilan-motosiklet-surucusune-polisten-nasihat\/#article\",\"isPartOf\":{\"@id\":\"https:\/\/denizcankizil.tr\/uk\/haberler\/antalya\/denetime-takilan-motosiklet-surucusune-polisten-nasihat\/\"},\"author\":{\"name\":\"Av. Deniz Can K\u0131z\u0131l\",\"@id\":\"https:\/\/denizcankizil.tr\/de\/#\/schema\/person\/5dc1b22991bd7ac833867c10afc9b0ff\"},\"headline\":\"Denetime tak\u0131lan motosiklet s\u00fcr\u00fcc\u00fcs\u00fcne polisten nasihat\",\"datePublished\":\"2025-03-07T09:41:25+00:00\",\"mainEntityOfPage\":{\"@id\":\"https:\/\/denizcankizil.tr\/uk\/haberler\/antalya\/denetime-takilan-motosiklet-surucusune-polisten-nasihat\/\"},\"wordCount\":303,\"commentCount\":0,\"publisher\":{\"@id\":\"https:\/\/denizcankizil.tr\/de\/#organization\"},\"image\":{\"@id\":\"https:\/\/denizcankizil.tr\/uk\/haberler\/antalya\/denetime-takilan-motosiklet-surucusune-polisten-nasihat\/#primaryimage\"},\"thumbnailUrl\":\"https:\/\/denizcankizil.tr\/wp-content\/uploads\/2025\/03\/5378-01-T9RLvr.jpeg\",\"articleSection\":[\"Antalya\"],\"inLanguage\":\"uk\",\"potentialAction\":[{\"@type\":\"CommentAction\",\"name\":\"Comment\",\"target\":[\"https:\/\/denizcankizil.tr\/uk\/haberler\/antalya\/denetime-takilan-motosiklet-surucusune-polisten-nasihat\/#respond\"]}]},{\"@type\":\"WebPage\",\"@id\":\"https:\/\/denizcankizil.tr\/uk\/haberler\/antalya\/denetime-takilan-motosiklet-surucusune-polisten-nasihat\/\",\"url\":\"https:\/\/denizcankizil.tr\/uk\/haberler\/antalya\/denetime-takilan-motosiklet-surucusune-polisten-nasihat\/\",\"name\":\"Denetime tak\u0131lan motosiklet s\u00fcr\u00fcc\u00fcs\u00fcne polisten nasihat - Av. Deniz Can K\u0131z\u0131l\",\"isPartOf\":{\"@id\":\"https:\/\/denizcankizil.tr\/de\/#website\"},\"primaryImageOfPage\":{\"@id\":\"https:\/\/denizcankizil.tr\/uk\/haberler\/antalya\/denetime-takilan-motosiklet-surucusune-polisten-nasihat\/#primaryimage\"},\"image\":{\"@id\":\"https:\/\/denizcankizil.tr\/uk\/haberler\/antalya\/denetime-takilan-motosiklet-surucusune-polisten-nasihat\/#primaryimage\"},\"thumbnailUrl\":\"https:\/\/denizcankizil.tr\/wp-content\/uploads\/2025\/03\/5378-01-T9RLvr.jpeg\",\"datePublished\":\"2025-03-07T09:41:25+00:00\",\"breadcrumb\":{\"@id\":\"https:\/\/denizcankizil.tr\/uk\/haberler\/antalya\/denetime-takilan-motosiklet-surucusune-polisten-nasihat\/#breadcrumb\"},\"inLanguage\":\"uk\",\"potentialAction\":[{\"@type\":\"ReadAction\",\"target\":[\"https:\/\/denizcankizil.tr\/uk\/haberler\/antalya\/denetime-takilan-motosiklet-surucusune-polisten-nasihat\/\"]}]},{\"@type\":\"ImageObject\",\"inLanguage\":\"uk\",\"@id\":\"https:\/\/denizcankizil.tr\/uk\/haberler\/antalya\/denetime-takilan-motosiklet-surucusune-polisten-nasihat\/#primaryimage\",\"url\":\"https:\/\/denizcankizil.tr\/wp-content\/uploads\/2025\/03\/5378-01-T9RLvr.jpeg\",\"contentUrl\":\"https:\/\/denizcankizil.tr\/wp-content\/uploads\/2025\/03\/5378-01-T9RLvr.jpeg\",\"width\":1280,\"height\":720},{\"@type\":\"BreadcrumbList\",\"@id\":\"https:\/\/denizcankizil.tr\/uk\/haberler\/antalya\/denetime-takilan-motosiklet-surucusune-polisten-nasihat\/#breadcrumb\",\"itemListElement\":[{\"@type\":\"ListItem\",\"position\":1,\"name\":\"Home\",\"item\":\"https:\/\/denizcankizil.tr\/de\/\"},{\"@type\":\"ListItem\",\"position\":2,\"name\":\"Denetime tak\u0131lan motosiklet s\u00fcr\u00fcc\u00fcs\u00fcne polisten nasihat\"}]},{\"@type\":\"WebSite\",\"@id\":\"https:\/\/denizcankizil.tr\/de\/#website\",\"url\":\"https:\/\/denizcankizil.tr\/de\/\",\"name\":\"Av. Deniz Can K\u0131z\u0131l\",\"description\":\"Avukat Deniz Can K\u0131z\u0131l Antalya Barosu\",\"publisher\":{\"@id\":\"https:\/\/denizcankizil.tr\/de\/#organization\"},\"potentialAction\":[{\"@type\":\"SearchAction\",\"target\":{\"@type\":\"EntryPoint\",\"urlTemplate\":\"https:\/\/denizcankizil.tr\/de\/?s={search_term_string}\"},\"query-input\":{\"@type\":\"PropertyValueSpecification\",\"valueRequired\":true,\"valueName\":\"search_term_string\"}}],\"inLanguage\":\"uk\"},{\"@type\":\"Organization\",\"@id\":\"https:\/\/denizcankizil.tr\/de\/#organization\",\"name\":\"Av. Deniz Can K\u0131z\u0131l\",\"url\":\"https:\/\/denizcankizil.tr\/de\/\",\"logo\":{\"@type\":\"ImageObject\",\"inLanguage\":\"uk\",\"@id\":\"https:\/\/denizcankizil.tr\/de\/#\/schema\/logo\/image\/\",\"url\":\"https:\/\/denizcankizil.tr\/wp-content\/uploads\/2024\/10\/siyah-logo-svg.svg\",\"contentUrl\":\"https:\/\/denizcankizil.tr\/wp-content\/uploads\/2024\/10\/siyah-logo-svg.svg\",\"width\":1080,\"height\":1080,\"caption\":\"Av. Deniz Can K\u0131z\u0131l\"},\"image\":{\"@id\":\"https:\/\/denizcankizil.tr\/de\/#\/schema\/logo\/image\/\"}},{\"@type\":\"Person\",\"@id\":\"https:\/\/denizcankizil.tr\/de\/#\/schema\/person\/5dc1b22991bd7ac833867c10afc9b0ff\",\"name\":\"Av. Deniz Can K\u0131z\u0131l\",\"image\":{\"@type\":\"ImageObject\",\"inLanguage\":\"uk\",\"@id\":\"https:\/\/denizcankizil.tr\/de\/#\/schema\/person\/image\/\",\"url\":\"https:\/\/secure.gravatar.com\/avatar\/a0b128fb9855c79efc976d5640eedb31dc35ec297594d6016d2cf7c60e975bb6?s=96&d=mm&r=g\",\"contentUrl\":\"https:\/\/secure.gravatar.com\/avatar\/a0b128fb9855c79efc976d5640eedb31dc35ec297594d6016d2cf7c60e975bb6?s=96&d=mm&r=g\",\"caption\":\"Av. Deniz Can K\u0131z\u0131l\"},\"sameAs\":[\"http:\/\/www.denizcankizil.tr\"],\"url\":\"https:\/\/denizcankizil.tr\/uk\/author\/denizcankizil\/\"}]}<\/script>\n<!-- \/ Yoast SEO Premium plugin. -->","yoast_head_json":{"title":"Denetime tak\u0131lan motosiklet s\u00fcr\u00fcc\u00fcs\u00fcne polisten nasihat - Av. Deniz Can K\u0131z\u0131l","robots":{"index":"index","follow":"follow","max-snippet":"max-snippet:-1","max-image-preview":"max-image-preview:large","max-video-preview":"max-video-preview:-1"},"canonical":"https:\/\/denizcankizil.tr\/uk\/haberler\/antalya\/denetime-takilan-motosiklet-surucusune-polisten-nasihat\/","og_locale":"uk_UA","og_type":"article","og_title":"Denetime tak\u0131lan motosiklet s\u00fcr\u00fcc\u00fcs\u00fcne polisten nasihat","og_description":"Manavgat il\u00e7esi A\u015fa\u011f\u0131 Pazarc\u0131 Mahallesi&#8217;nde devriye g\u00f6revi yapan \u00e7ar\u015f\u0131 ve mahalle bek\u00e7ileri, yanlar\u0131ndan b\u00fcy\u00fck bir g\u00fcr\u00fclt\u00fcyle ge\u00e7en ve \u00fczerinde plaka bulunmayan motosikleti takibe alarak k\u0131sa s\u00fcre sonra durdurdu. Bek\u00e7ilerin anonsu \u00fczerine olay yerine gelen trafik ekibi, motosikletin plakas\u0131z olmas\u0131n\u0131n yan\u0131 s\u0131ra \u00fczerinde abart\u0131l\u0131 egzoz tak\u0131l\u0131 oldu\u011funu belirleyerek 18 bin 534 TL para cezas\u0131 uygulad\u0131. Gen\u00e7 s\u00fcr\u00fcc\u00fcye trafik polisinden nasihat Trafik ekiplerine ceza yazmamalar\u0131 konusunda dil d\u00f6ken motosiklet s\u00fcr\u00fcc\u00fcs\u00fc, trafik polisinin nasihatleri kar\u015f\u0131s\u0131nda kendisine hak vererek susmay\u0131 tercih etti. Gen\u00e7lerin kendileri i\u00e7in de\u011ferli oldu\u011funu s\u00f6yleyerek s\u00f6ze ba\u015flayan trafik polisi motosiklet s\u00fcr\u00fcc\u00fcs\u00fc gence &#8220;Bu saatte b\u00f6yle g\u00fcr\u00fclt\u00fcl\u00fc bir \u015fekilde gezerseniz herkesi rahats\u0131z edersiniz&#8221; derken, motosiklet s\u00fcr\u00fcc\u00fcs\u00fc gen\u00e7 &#8220;Ben de rahats\u0131z olurum&#8221; dedi. &#8220;Plaka ve kask\u0131n\u0131z\u0131 takacaks\u0131n\u0131z&#8221; Plakas\u0131z motosiklete binmenin yasak ve sak\u0131ncal\u0131 oldu\u011funu belirten trafik polisi s\u00f6zlerini \u015f\u00f6yle s\u00fcrd\u00fcrd\u00fc: &#8220;Plakas\u0131z motosiklet kullananlar ya uyu\u015fturucu satar ya da illegal bir i\u015f yapar. Bizler polis olmam\u0131za, resmi araca binmemize ra\u011fmen plaka tak\u0131yoruz. Plakas\u0131z hi\u00e7bir yere \u00e7\u0131kmayacaks\u0131n\u0131z. Plakan\u0131z\u0131 ve kask\u0131n\u0131z\u0131 takacaks\u0131n\u0131z. Sizler bizim i\u00e7in de\u011ferlisiniz, k\u0131ymetlisiniz. Evde anneniz, baban\u0131z sizleri bekliyor. Yapmay\u0131n bu \u015fekilde, kurallara uyun&#8221; dedi. Polisin s\u00f6zlerine hak veren motosiklet s\u00fcr\u00fcc\u00fcs\u00fc gen\u00e7, motosikletinin trafikten men edilerek yediemin otopark\u0131na g\u00f6t\u00fcr\u00fclmek \u00fczere \u00e7ekiciye y\u00fcklenmesinin ard\u0131ndan olay yerinden ayr\u0131ld\u0131. Kaynak: www.kanalv.com.tr Haber Sitesinden Al\u0131nm\u0131\u015ft\u0131r.","og_url":"https:\/\/denizcankizil.tr\/uk\/haberler\/antalya\/denetime-takilan-motosiklet-surucusune-polisten-nasihat\/","og_site_name":"Av. Deniz Can K\u0131z\u0131l","article_published_time":"2025-03-07T09:41:25+00:00","og_image":[{"width":1280,"height":720,"url":"https:\/\/denizcankizil.tr\/wp-content\/uploads\/2025\/03\/5378-01-T9RLvr.jpeg","type":"image\/jpeg"}],"author":"Av. Deniz Can K\u0131z\u0131l","twitter_card":"summary_large_image","twitter_misc":{"\u041d\u0430\u043f\u0438\u0441\u0430\u043d\u043e":"Av. Deniz Can K\u0131z\u0131l","\u041f\u0440\u0438\u0431\u043b. \u0447\u0430\u0441 \u0447\u0438\u0442\u0430\u043d\u043d\u044f":"1 \u0445\u0432\u0438\u043b\u0438\u043d\u0430"},"schema":{"@context":"https:\/\/schema.org","@graph":[{"@type":"Article","@id":"https:\/\/denizcankizil.tr\/uk\/haberler\/antalya\/denetime-takilan-motosiklet-surucusune-polisten-nasihat\/#article","isPartOf":{"@id":"https:\/\/denizcankizil.tr\/uk\/haberler\/antalya\/denetime-takilan-motosiklet-surucusune-polisten-nasihat\/"},"author":{"name":"Av. Deniz Can K\u0131z\u0131l","@id":"https:\/\/denizcankizil.tr\/de\/#\/schema\/person\/5dc1b22991bd7ac833867c10afc9b0ff"},"headline":"Denetime tak\u0131lan motosiklet s\u00fcr\u00fcc\u00fcs\u00fcne polisten nasihat","datePublished":"2025-03-07T09:41:25+00:00","mainEntityOfPage":{"@id":"https:\/\/denizcankizil.tr\/uk\/haberler\/antalya\/denetime-takilan-motosiklet-surucusune-polisten-nasihat\/"},"wordCount":303,"commentCount":0,"publisher":{"@id":"https:\/\/denizcankizil.tr\/de\/#organization"},"image":{"@id":"https:\/\/denizcankizil.tr\/uk\/haberler\/antalya\/denetime-takilan-motosiklet-surucusune-polisten-nasihat\/#primaryimage"},"thumbnailUrl":"https:\/\/denizcankizil.tr\/wp-content\/uploads\/2025\/03\/5378-01-T9RLvr.jpeg","articleSection":["Antalya"],"inLanguage":"uk","potentialAction":[{"@type":"CommentAction","name":"Comment","target":["https:\/\/denizcankizil.tr\/uk\/haberler\/antalya\/denetime-takilan-motosiklet-surucusune-polisten-nasihat\/#respond"]}]},{"@type":"WebPage","@id":"https:\/\/denizcankizil.tr\/uk\/haberler\/antalya\/denetime-takilan-motosiklet-surucusune-polisten-nasihat\/","url":"https:\/\/denizcankizil.tr\/uk\/haberler\/antalya\/denetime-takilan-motosiklet-surucusune-polisten-nasihat\/","name":"Denetime tak\u0131lan motosiklet s\u00fcr\u00fcc\u00fcs\u00fcne polisten nasihat - Av. Deniz Can K\u0131z\u0131l","isPartOf":{"@id":"https:\/\/denizcankizil.tr\/de\/#website"},"primaryImageOfPage":{"@id":"https:\/\/denizcankizil.tr\/uk\/haberler\/antalya\/denetime-takilan-motosiklet-surucusune-polisten-nasihat\/#primaryimage"},"image":{"@id":"https:\/\/denizcankizil.tr\/uk\/haberler\/antalya\/denetime-takilan-motosiklet-surucusune-polisten-nasihat\/#primaryimage"},"thumbnailUrl":"https:\/\/denizcankizil.tr\/wp-content\/uploads\/2025\/03\/5378-01-T9RLvr.jpeg","datePublished":"2025-03-07T09:41:25+00:00","breadcrumb":{"@id":"https:\/\/denizcankizil.tr\/uk\/haberler\/antalya\/denetime-takilan-motosiklet-surucusune-polisten-nasihat\/#breadcrumb"},"inLanguage":"uk","potentialAction":[{"@type":"ReadAction","target":["https:\/\/denizcankizil.tr\/uk\/haberler\/antalya\/denetime-takilan-motosiklet-surucusune-polisten-nasihat\/"]}]},{"@type":"ImageObject","inLanguage":"uk","@id":"https:\/\/denizcankizil.tr\/uk\/haberler\/antalya\/denetime-takilan-motosiklet-surucusune-polisten-nasihat\/#primaryimage","url":"https:\/\/denizcankizil.tr\/wp-content\/uploads\/2025\/03\/5378-01-T9RLvr.jpeg","contentUrl":"https:\/\/denizcankizil.tr\/wp-content\/uploads\/2025\/03\/5378-01-T9RLvr.jpeg","width":1280,"height":720},{"@type":"BreadcrumbList","@id":"https:\/\/denizcankizil.tr\/uk\/haberler\/antalya\/denetime-takilan-motosiklet-surucusune-polisten-nasihat\/#breadcrumb","itemListElement":[{"@type":"ListItem","position":1,"name":"Home","item":"https:\/\/denizcankizil.tr\/de\/"},{"@type":"ListItem","position":2,"name":"Denetime tak\u0131lan motosiklet s\u00fcr\u00fcc\u00fcs\u00fcne polisten nasihat"}]},{"@type":"WebSite","@id":"https:\/\/denizcankizil.tr\/de\/#website","url":"https:\/\/denizcankizil.tr\/de\/","name":"Av. Deniz Can K\u0131z\u0131l","description":"Avukat Deniz Can K\u0131z\u0131l Antalya Barosu","publisher":{"@id":"https:\/\/denizcankizil.tr\/de\/#organization"},"potentialAction":[{"@type":"SearchAction","target":{"@type":"EntryPoint","urlTemplate":"https:\/\/denizcankizil.tr\/de\/?s={search_term_string}"},"query-input":{"@type":"PropertyValueSpecification","valueRequired":true,"valueName":"search_term_string"}}],"inLanguage":"uk"},{"@type":"Organization","@id":"https:\/\/denizcankizil.tr\/de\/#organization","name":"Av. Deniz Can K\u0131z\u0131l","url":"https:\/\/denizcankizil.tr\/de\/","logo":{"@type":"ImageObject","inLanguage":"uk","@id":"https:\/\/denizcankizil.tr\/de\/#\/schema\/logo\/image\/","url":"https:\/\/denizcankizil.tr\/wp-content\/uploads\/2024\/10\/siyah-logo-svg.svg","contentUrl":"https:\/\/denizcankizil.tr\/wp-content\/uploads\/2024\/10\/siyah-logo-svg.svg","width":1080,"height":1080,"caption":"Av. Deniz Can K\u0131z\u0131l"},"image":{"@id":"https:\/\/denizcankizil.tr\/de\/#\/schema\/logo\/image\/"}},{"@type":"Person","@id":"https:\/\/denizcankizil.tr\/de\/#\/schema\/person\/5dc1b22991bd7ac833867c10afc9b0ff","name":"Av. Deniz Can K\u0131z\u0131l","image":{"@type":"ImageObject","inLanguage":"uk","@id":"https:\/\/denizcankizil.tr\/de\/#\/schema\/person\/image\/","url":"https:\/\/secure.gravatar.com\/avatar\/a0b128fb9855c79efc976d5640eedb31dc35ec297594d6016d2cf7c60e975bb6?s=96&d=mm&r=g","contentUrl":"https:\/\/secure.gravatar.com\/avatar\/a0b128fb9855c79efc976d5640eedb31dc35ec297594d6016d2cf7c60e975bb6?s=96&d=mm&r=g","caption":"Av. Deniz Can K\u0131z\u0131l"},"sameAs":["http:\/\/www.denizcankizil.tr"],"url":"https:\/\/denizcankizil.tr\/uk\/author\/denizcankizil\/"}]}},"_links":{"self":[{"href":"https:\/\/denizcankizil.tr\/uk\/wp-json\/wp\/v2\/posts\/34982","targetHints":{"allow":["GET"]}}],"collection":[{"href":"https:\/\/denizcankizil.tr\/uk\/wp-json\/wp\/v2\/posts"}],"about":[{"href":"https:\/\/denizcankizil.tr\/uk\/wp-json\/wp\/v2\/types\/post"}],"author":[{"embeddable":true,"href":"https:\/\/denizcankizil.tr\/uk\/wp-json\/wp\/v2\/users\/4"}],"replies":[{"embeddable":true,"href":"https:\/\/denizcankizil.tr\/uk\/wp-json\/wp\/v2\/comments?post=34982"}],"version-history":[{"count":0,"href":"https:\/\/denizcankizil.tr\/uk\/wp-json\/wp\/v2\/posts\/34982\/revisions"}],"wp:featuredmedia":[{"embeddable":true,"href":"https:\/\/denizcankizil.tr\/uk\/wp-json\/wp\/v2\/media\/34983"}],"wp:attachment":[{"href":"https:\/\/denizcankizil.tr\/uk\/wp-json\/wp\/v2\/media?parent=34982"}],"wp:term":[{"taxonomy":"category","embeddable":true,"href":"https:\/\/denizcankizil.tr\/uk\/wp-json\/wp\/v2\/categories?post=34982"},{"taxonomy":"post_tag","embeddable":true,"href":"https:\/\/denizcankizil.tr\/uk\/wp-json\/wp\/v2\/tags?post=34982"}],"curies":[{"name":"wp","href":"https:\/\/api.w.org\/{rel}","templated":true}]}}