{"id":34976,"date":"2025-03-07T11:41:42","date_gmt":"2025-03-07T08:41:42","guid":{"rendered":"https:\/\/denizcankizil.tr\/uncategorized-tr\/umit-uysal-turk-takimlarini-topa-tuttu-avrupa-kulupleri-karsisinda-perisan-oluyorlar\/"},"modified":"2025-03-07T11:41:42","modified_gmt":"2025-03-07T08:41:42","slug":"umit-uysal-turk-takimlarini-topa-tuttu-avrupa-kulupleri-karsisinda-perisan-oluyorlar","status":"publish","type":"post","link":"https:\/\/denizcankizil.tr\/uk\/haberler\/gundem\/umit-uysal-turk-takimlarini-topa-tuttu-avrupa-kulupleri-karsisinda-perisan-oluyorlar\/","title":{"rendered":"\u00dcmit Uysal T\u00fcrk tak\u0131mlar\u0131n\u0131 topa tuttu: Avrupa kul\u00fcpleri kar\u015f\u0131s\u0131nda peri\u015fan oluyorlar"},"content":{"rendered":"<p>Antalya Muratpa\u015fa Belediye Ba\u015fkan\u0131 \u00dcmit Uysal sosyal medya \u00fczerinde payla\u015ft\u0131\u011f\u0131 g\u00f6nderiyle T\u00fcrk tak\u0131mlar\u0131na a\u011f\u0131r ele\u015ftirilerde bulundu. Uysal, T\u00fcrk tak\u0131mlar\u0131n\u0131n hepsinin Avrupa\u2019n\u0131n ikinci s\u0131n\u0131f tak\u0131mlar\u0131na elendiklerini vurgu yaparak \u00fclke futbolunun insanlar\u0131 a\u015fa\u011f\u0131ya \u00e7ekti\u011fini s\u00f6yledi.\u00a0<\/p>\n<p>FENERBAH\u00c7E \u0130STED\u0130\u011e\u0130N\u0130 BULAMADI\u00a0<\/p>\n<p>UEFA Avrupa Ligi son 16 turunda Fenerbah\u00e7e ge\u00e7ti\u011fimiz g\u00fcn kendi sahas\u0131nda \u0130sko\u00e7ya tak\u0131m\u0131 Glasgow Rangers\u2019\u0131 konuk etti. Sar\u0131-lacivertliler, sahaya istedikleri oyunu yans\u0131tamad\u0131 ve ma\u00e7\u0131 3-1 kaybetti. Al\u0131nan bu ma\u011flubiyetin ard\u0131ndan Muratpa\u015fa Belediye Ba\u015fkan\u0131 \u00dcmit Uysal, sosyal medya \u00fczerinden bir mesaj payla\u015ft\u0131.\u00a0<\/p>\n<p>\u201c\u0130NSANLARI A\u015eA\u011eI \u00c7EK\u0130YOR\u201d<\/p>\n<p>Uysal, yapt\u0131\u011f\u0131 payla\u015f\u0131mla T\u00fcrk tak\u0131mlar\u0131na a\u011f\u0131r ele\u015ftirilerde bulundu. T\u00fcrk tak\u0131mlar\u0131n\u0131n kendilerinin be\u015fte biri piyasa de\u011ferine sahip, Avrupa kul\u00fcplerine elendiklerini belirterek, \u201cB\u00fcy\u00fck tak\u0131mlar\u0131m\u0131z kendilerinin be\u015fte biri piyasa de\u011ferine sahip 2. s\u0131n\u0131f Avrupa kul\u00fcpleri kar\u015f\u0131s\u0131nda peri\u015fan oluyorlar. \u00dclkenin futbol d\u00fcnyas\u0131 da siyaset d\u00fcnyas\u0131 gibi, bilim d\u00fcnyas\u0131 gibi insanlar\u0131 a\u015fa\u011f\u0131 \u00e7ekiyor\u201d diye konu\u015ftu.\u00a0<\/p>\n<p>\u201cSPORUN BU HALDE OLMASI NE KADAR \u00dcZ\u00dcC\u00dc\u201d<\/p>\n<p>T\u00fcrkiye\u2019de futbolun adeta bir a\u015fk oldu\u011funu ve bu kadar sevilmesine ra\u011fmen \u00fclke futbolunun her ge\u00e7en g\u00fcn daha da dibe gitti\u011fine dikkat \u00e7eken Uysal, \u201cAmigo k\u00fclt\u00fcr\u00fcyle spor y\u00f6netimi, ba\u015fkanl\u0131k, taraftar gazetecilik, hakemlik yap\u0131l\u0131yor, \u00e7ete k\u00fclt\u00fcr\u00fcyle de amigoluk, bahis\u00e7ilik\u2026 Sekt\u00f6r bu haliyle \u00fclkenin kaynaklar\u0131n\u0131 ve g\u00fcndemini havaya savurmakla me\u015fgul. T\u00fcrkiye&#8217;mizin a\u015f\u0131k oldu\u011fu bir sporun bu halde olmas\u0131 ne kadar \u00fcz\u00fcc\u00fc\u201d dedi.\u00a0<\/p>\n<p>\u201cB\u00fcy\u00fck\u201d tak\u0131mlar\u0131m\u0131z kendilerinin be\u015fte biri piyasa de\u011ferine sahip 2. s\u0131n\u0131f Avrupa kul\u00fcpleri kar\u015f\u0131s\u0131nda peri\u015fan oluyorlar. \u00dclkenin futbol d\u00fcnyas\u0131 da siyaset d\u00fcnyas\u0131 gibi, bilim d\u00fcnyas\u0131 gibi insanlar\u0131 a\u015fa\u011f\u0131 \u00e7ekiyor. Amigo k\u00fclt\u00fcr\u00fcyle spor y\u00f6netimi, ba\u015fkanl\u0131k, taraftar gazetecilik,\u2026<br \/>\n\u2014 \u00dcM\u0130T UYSAL (@Av_umituysal) March 7, 2025<\/p>\n<p>\u00a0<\/p>\n<p>\u200bMuratpa\u015fa Belediye Ba\u015fkan\u0131 \u00dcmit Uysal, ge\u00e7ti\u011fimiz g\u00fcn oynanan Fenerbah\u00e7e-Glasgow Rangers ma\u00e7\u0131n\u0131n ard\u0131ndan T\u00fcrk tak\u0131mlar\u0131n\u0131 adeta topa tuttu. Uysal, \u201cB\u00fcy\u00fck tak\u0131mlar\u0131m\u0131z kendilerinin be\u015fte biri piyasa de\u011ferine sahip 2. s\u0131n\u0131f Avrupa kul\u00fcpleri kar\u015f\u0131s\u0131nda peri\u015fan oluyorlar\u201d dedi.\u00a0<\/p>\n<p>\u200bHaberin Al\u0131nt\u0131land\u0131\u011f\u0131 Kaynak: www.antalyakorfez.com<\/p>","protected":false},"excerpt":{"rendered":"<p>Antalya Muratpa\u015fa Belediye Ba\u015fkan\u0131 \u00dcmit Uysal sosyal medya \u00fczerinde payla\u015ft\u0131\u011f\u0131 g\u00f6nderiyle T\u00fcrk tak\u0131mlar\u0131na a\u011f\u0131r ele\u015ftirilerde bulundu. Uysal, T\u00fcrk tak\u0131mlar\u0131n\u0131n hepsinin Avrupa\u2019n\u0131n ikinci s\u0131n\u0131f tak\u0131mlar\u0131na elendiklerini vurgu yaparak \u00fclke futbolunun insanlar\u0131 a\u015fa\u011f\u0131ya \u00e7ekti\u011fini s\u00f6yledi.\u00a0 FENERBAH\u00c7E \u0130STED\u0130\u011e\u0130N\u0130 BULAMADI\u00a0 UEFA Avrupa Ligi son 16 turunda Fenerbah\u00e7e ge\u00e7ti\u011fimiz g\u00fcn kendi sahas\u0131nda \u0130sko\u00e7ya tak\u0131m\u0131 Glasgow Rangers\u2019\u0131 konuk etti. Sar\u0131-lacivertliler, sahaya istedikleri oyunu yans\u0131tamad\u0131 ve ma\u00e7\u0131 3-1 kaybetti. Al\u0131nan bu ma\u011flubiyetin ard\u0131ndan Muratpa\u015fa Belediye Ba\u015fkan\u0131 \u00dcmit Uysal, sosyal medya \u00fczerinden bir mesaj payla\u015ft\u0131.\u00a0 \u201c\u0130NSANLARI A\u015eA\u011eI \u00c7EK\u0130YOR\u201d Uysal, yapt\u0131\u011f\u0131 payla\u015f\u0131mla T\u00fcrk tak\u0131mlar\u0131na a\u011f\u0131r ele\u015ftirilerde bulundu. T\u00fcrk tak\u0131mlar\u0131n\u0131n kendilerinin be\u015fte biri piyasa de\u011ferine sahip, Avrupa kul\u00fcplerine elendiklerini belirterek, \u201cB\u00fcy\u00fck tak\u0131mlar\u0131m\u0131z kendilerinin be\u015fte biri piyasa de\u011ferine sahip 2. s\u0131n\u0131f Avrupa kul\u00fcpleri kar\u015f\u0131s\u0131nda peri\u015fan oluyorlar. \u00dclkenin futbol d\u00fcnyas\u0131 da siyaset d\u00fcnyas\u0131 gibi, bilim d\u00fcnyas\u0131 gibi insanlar\u0131 a\u015fa\u011f\u0131 \u00e7ekiyor\u201d diye konu\u015ftu.\u00a0 \u201cSPORUN BU HALDE OLMASI NE KADAR \u00dcZ\u00dcC\u00dc\u201d T\u00fcrkiye\u2019de futbolun adeta bir a\u015fk oldu\u011funu ve bu kadar sevilmesine ra\u011fmen \u00fclke futbolunun her ge\u00e7en g\u00fcn daha da dibe gitti\u011fine dikkat \u00e7eken Uysal, \u201cAmigo k\u00fclt\u00fcr\u00fcyle spor y\u00f6netimi, ba\u015fkanl\u0131k, taraftar gazetecilik, hakemlik yap\u0131l\u0131yor, \u00e7ete k\u00fclt\u00fcr\u00fcyle de amigoluk, bahis\u00e7ilik\u2026 Sekt\u00f6r bu haliyle \u00fclkenin kaynaklar\u0131n\u0131 ve g\u00fcndemini havaya savurmakla me\u015fgul. T\u00fcrkiye&#8217;mizin a\u015f\u0131k oldu\u011fu bir sporun bu halde olmas\u0131 ne kadar \u00fcz\u00fcc\u00fc\u201d dedi.\u00a0 \u201cB\u00fcy\u00fck\u201d tak\u0131mlar\u0131m\u0131z kendilerinin be\u015fte &hellip;<\/p>","protected":false},"author":5,"featured_media":0,"comment_status":"open","ping_status":"open","sticky":false,"template":"","format":"standard","meta":{"_acf_changed":false,"footnotes":""},"categories":[24],"tags":[],"class_list":["post-34976","post","type-post","status-publish","format-standard","has-post-thumbnail","hentry","category-gundem"],"acf":[],"yoast_head":"<!-- This site is optimized with the Yoast SEO Premium plugin v26.6 (Yoast SEO v27.1.1) - https:\/\/yoast.com\/product\/yoast-seo-premium-wordpress\/ -->\n<title>\u00dcmit Uysal T\u00fcrk tak\u0131mlar\u0131n\u0131 topa tuttu: Avrupa kul\u00fcpleri kar\u015f\u0131s\u0131nda peri\u015fan oluyorlar - Av. Deniz Can K\u0131z\u0131l<\/title>\n<meta name=\"robots\" content=\"index, follow, max-snippet:-1, max-image-preview:large, max-video-preview:-1\" \/>\n<link rel=\"canonical\" href=\"https:\/\/denizcankizil.tr\/uk\/haberler\/gundem\/umit-uysal-turk-takimlarini-topa-tuttu-avrupa-kulupleri-karsisinda-perisan-oluyorlar\/\" \/>\n<meta property=\"og:locale\" content=\"uk_UA\" \/>\n<meta property=\"og:type\" content=\"article\" \/>\n<meta property=\"og:title\" content=\"\u00dcmit Uysal T\u00fcrk tak\u0131mlar\u0131n\u0131 topa tuttu: Avrupa kul\u00fcpleri kar\u015f\u0131s\u0131nda peri\u015fan oluyorlar\" \/>\n<meta property=\"og:description\" content=\"Antalya Muratpa\u015fa Belediye Ba\u015fkan\u0131 \u00dcmit Uysal sosyal medya \u00fczerinde payla\u015ft\u0131\u011f\u0131 g\u00f6nderiyle T\u00fcrk tak\u0131mlar\u0131na a\u011f\u0131r ele\u015ftirilerde bulundu. Uysal, T\u00fcrk tak\u0131mlar\u0131n\u0131n hepsinin Avrupa\u2019n\u0131n ikinci s\u0131n\u0131f tak\u0131mlar\u0131na elendiklerini vurgu yaparak \u00fclke futbolunun insanlar\u0131 a\u015fa\u011f\u0131ya \u00e7ekti\u011fini s\u00f6yledi.\u00a0 FENERBAH\u00c7E \u0130STED\u0130\u011e\u0130N\u0130 BULAMADI\u00a0 UEFA Avrupa Ligi son 16 turunda Fenerbah\u00e7e ge\u00e7ti\u011fimiz g\u00fcn kendi sahas\u0131nda \u0130sko\u00e7ya tak\u0131m\u0131 Glasgow Rangers\u2019\u0131 konuk etti. Sar\u0131-lacivertliler, sahaya istedikleri oyunu yans\u0131tamad\u0131 ve ma\u00e7\u0131 3-1 kaybetti. Al\u0131nan bu ma\u011flubiyetin ard\u0131ndan Muratpa\u015fa Belediye Ba\u015fkan\u0131 \u00dcmit Uysal, sosyal medya \u00fczerinden bir mesaj payla\u015ft\u0131.\u00a0 \u201c\u0130NSANLARI A\u015eA\u011eI \u00c7EK\u0130YOR\u201d Uysal, yapt\u0131\u011f\u0131 payla\u015f\u0131mla T\u00fcrk tak\u0131mlar\u0131na a\u011f\u0131r ele\u015ftirilerde bulundu. T\u00fcrk tak\u0131mlar\u0131n\u0131n kendilerinin be\u015fte biri piyasa de\u011ferine sahip, Avrupa kul\u00fcplerine elendiklerini belirterek, \u201cB\u00fcy\u00fck tak\u0131mlar\u0131m\u0131z kendilerinin be\u015fte biri piyasa de\u011ferine sahip 2. s\u0131n\u0131f Avrupa kul\u00fcpleri kar\u015f\u0131s\u0131nda peri\u015fan oluyorlar. \u00dclkenin futbol d\u00fcnyas\u0131 da siyaset d\u00fcnyas\u0131 gibi, bilim d\u00fcnyas\u0131 gibi insanlar\u0131 a\u015fa\u011f\u0131 \u00e7ekiyor\u201d diye konu\u015ftu.\u00a0 \u201cSPORUN BU HALDE OLMASI NE KADAR \u00dcZ\u00dcC\u00dc\u201d T\u00fcrkiye\u2019de futbolun adeta bir a\u015fk oldu\u011funu ve bu kadar sevilmesine ra\u011fmen \u00fclke futbolunun her ge\u00e7en g\u00fcn daha da dibe gitti\u011fine dikkat \u00e7eken Uysal, \u201cAmigo k\u00fclt\u00fcr\u00fcyle spor y\u00f6netimi, ba\u015fkanl\u0131k, taraftar gazetecilik, hakemlik yap\u0131l\u0131yor, \u00e7ete k\u00fclt\u00fcr\u00fcyle de amigoluk, bahis\u00e7ilik\u2026 Sekt\u00f6r bu haliyle \u00fclkenin kaynaklar\u0131n\u0131 ve g\u00fcndemini havaya savurmakla me\u015fgul. T\u00fcrkiye&#8217;mizin a\u015f\u0131k oldu\u011fu bir sporun bu halde olmas\u0131 ne kadar \u00fcz\u00fcc\u00fc\u201d dedi.\u00a0 \u201cB\u00fcy\u00fck\u201d tak\u0131mlar\u0131m\u0131z kendilerinin be\u015fte &hellip;\" \/>\n<meta property=\"og:url\" content=\"https:\/\/denizcankizil.tr\/uk\/haberler\/gundem\/umit-uysal-turk-takimlarini-topa-tuttu-avrupa-kulupleri-karsisinda-perisan-oluyorlar\/\" \/>\n<meta property=\"og:site_name\" content=\"Av. Deniz Can K\u0131z\u0131l\" \/>\n<meta property=\"article:published_time\" content=\"2025-03-07T08:41:42+00:00\" \/>\n<meta name=\"author\" content=\"Antalya K\u00f6rfez\" \/>\n<meta name=\"twitter:card\" content=\"summary_large_image\" \/>\n<meta name=\"twitter:label1\" content=\"\u041d\u0430\u043f\u0438\u0441\u0430\u043d\u043e\" \/>\n\t<meta name=\"twitter:data1\" content=\"Antalya K\u00f6rfez\" \/>\n\t<meta name=\"twitter:label2\" content=\"\u041f\u0440\u0438\u0431\u043b. \u0447\u0430\u0441 \u0447\u0438\u0442\u0430\u043d\u043d\u044f\" \/>\n\t<meta name=\"twitter:data2\" content=\"2 \u0445\u0432\u0438\u043b\u0438\u043d\u0438\" \/>\n<script type=\"application\/ld+json\" class=\"yoast-schema-graph\">{\"@context\":\"https:\/\/schema.org\",\"@graph\":[{\"@type\":\"Article\",\"@id\":\"https:\/\/denizcankizil.tr\/uk\/haberler\/gundem\/umit-uysal-turk-takimlarini-topa-tuttu-avrupa-kulupleri-karsisinda-perisan-oluyorlar\/#article\",\"isPartOf\":{\"@id\":\"https:\/\/denizcankizil.tr\/uk\/haberler\/gundem\/umit-uysal-turk-takimlarini-topa-tuttu-avrupa-kulupleri-karsisinda-perisan-oluyorlar\/\"},\"author\":{\"name\":\"Antalya K\u00f6rfez\",\"@id\":\"https:\/\/denizcankizil.tr\/#\/schema\/person\/e1eb71bb4dd684d46563f0af307e1234\"},\"headline\":\"\u00dcmit Uysal T\u00fcrk tak\u0131mlar\u0131n\u0131 topa tuttu: Avrupa kul\u00fcpleri kar\u015f\u0131s\u0131nda peri\u015fan oluyorlar\",\"datePublished\":\"2025-03-07T08:41:42+00:00\",\"mainEntityOfPage\":{\"@id\":\"https:\/\/denizcankizil.tr\/uk\/haberler\/gundem\/umit-uysal-turk-takimlarini-topa-tuttu-avrupa-kulupleri-karsisinda-perisan-oluyorlar\/\"},\"wordCount\":445,\"commentCount\":0,\"publisher\":{\"@id\":\"https:\/\/denizcankizil.tr\/#organization\"},\"articleSection\":[\"G\u00fcndem\"],\"inLanguage\":\"uk\",\"potentialAction\":[{\"@type\":\"CommentAction\",\"name\":\"Comment\",\"target\":[\"https:\/\/denizcankizil.tr\/uk\/haberler\/gundem\/umit-uysal-turk-takimlarini-topa-tuttu-avrupa-kulupleri-karsisinda-perisan-oluyorlar\/#respond\"]}]},{\"@type\":\"WebPage\",\"@id\":\"https:\/\/denizcankizil.tr\/uk\/haberler\/gundem\/umit-uysal-turk-takimlarini-topa-tuttu-avrupa-kulupleri-karsisinda-perisan-oluyorlar\/\",\"url\":\"https:\/\/denizcankizil.tr\/uk\/haberler\/gundem\/umit-uysal-turk-takimlarini-topa-tuttu-avrupa-kulupleri-karsisinda-perisan-oluyorlar\/\",\"name\":\"\u00dcmit Uysal T\u00fcrk tak\u0131mlar\u0131n\u0131 topa tuttu: Avrupa kul\u00fcpleri kar\u015f\u0131s\u0131nda peri\u015fan oluyorlar - Av. Deniz Can K\u0131z\u0131l\",\"isPartOf\":{\"@id\":\"https:\/\/denizcankizil.tr\/#website\"},\"datePublished\":\"2025-03-07T08:41:42+00:00\",\"breadcrumb\":{\"@id\":\"https:\/\/denizcankizil.tr\/uk\/haberler\/gundem\/umit-uysal-turk-takimlarini-topa-tuttu-avrupa-kulupleri-karsisinda-perisan-oluyorlar\/#breadcrumb\"},\"inLanguage\":\"uk\",\"potentialAction\":[{\"@type\":\"ReadAction\",\"target\":[\"https:\/\/denizcankizil.tr\/uk\/haberler\/gundem\/umit-uysal-turk-takimlarini-topa-tuttu-avrupa-kulupleri-karsisinda-perisan-oluyorlar\/\"]}]},{\"@type\":\"BreadcrumbList\",\"@id\":\"https:\/\/denizcankizil.tr\/uk\/haberler\/gundem\/umit-uysal-turk-takimlarini-topa-tuttu-avrupa-kulupleri-karsisinda-perisan-oluyorlar\/#breadcrumb\",\"itemListElement\":[{\"@type\":\"ListItem\",\"position\":1,\"name\":\"Home\",\"item\":\"https:\/\/denizcankizil.tr\/de\/\"},{\"@type\":\"ListItem\",\"position\":2,\"name\":\"\u00dcmit Uysal T\u00fcrk tak\u0131mlar\u0131n\u0131 topa tuttu: Avrupa kul\u00fcpleri kar\u015f\u0131s\u0131nda peri\u015fan oluyorlar\"}]},{\"@type\":\"WebSite\",\"@id\":\"https:\/\/denizcankizil.tr\/#website\",\"url\":\"https:\/\/denizcankizil.tr\/\",\"name\":\"Av. Deniz Can K\u0131z\u0131l\",\"description\":\"Avukat Deniz Can K\u0131z\u0131l Antalya Barosu\",\"publisher\":{\"@id\":\"https:\/\/denizcankizil.tr\/#organization\"},\"potentialAction\":[{\"@type\":\"SearchAction\",\"target\":{\"@type\":\"EntryPoint\",\"urlTemplate\":\"https:\/\/denizcankizil.tr\/?s={search_term_string}\"},\"query-input\":{\"@type\":\"PropertyValueSpecification\",\"valueRequired\":true,\"valueName\":\"search_term_string\"}}],\"inLanguage\":\"uk\"},{\"@type\":\"Organization\",\"@id\":\"https:\/\/denizcankizil.tr\/#organization\",\"name\":\"Av. Deniz Can K\u0131z\u0131l\",\"url\":\"https:\/\/denizcankizil.tr\/\",\"logo\":{\"@type\":\"ImageObject\",\"inLanguage\":\"uk\",\"@id\":\"https:\/\/denizcankizil.tr\/#\/schema\/logo\/image\/\",\"url\":\"https:\/\/denizcankizil.tr\/wp-content\/uploads\/2024\/10\/siyah-logo-svg.svg\",\"contentUrl\":\"https:\/\/denizcankizil.tr\/wp-content\/uploads\/2024\/10\/siyah-logo-svg.svg\",\"width\":1080,\"height\":1080,\"caption\":\"Av. Deniz Can K\u0131z\u0131l\"},\"image\":{\"@id\":\"https:\/\/denizcankizil.tr\/#\/schema\/logo\/image\/\"}},{\"@type\":\"Person\",\"@id\":\"https:\/\/denizcankizil.tr\/#\/schema\/person\/e1eb71bb4dd684d46563f0af307e1234\",\"name\":\"Antalya K\u00f6rfez\",\"image\":{\"@type\":\"ImageObject\",\"inLanguage\":\"uk\",\"@id\":\"https:\/\/denizcankizil.tr\/#\/schema\/person\/image\/\",\"url\":\"https:\/\/secure.gravatar.com\/avatar\/42b01982558a48a0b501fdcab6a408d3717ea5919095ee2e67b0e521799c5905?s=96&d=mm&r=g\",\"contentUrl\":\"https:\/\/secure.gravatar.com\/avatar\/42b01982558a48a0b501fdcab6a408d3717ea5919095ee2e67b0e521799c5905?s=96&d=mm&r=g\",\"caption\":\"Antalya K\u00f6rfez\"},\"sameAs\":[\"http:\/\/www.antalyakorfez.com\"],\"url\":\"https:\/\/www.antalyakorfez.com\/umit-uysal-turk-takimlarini-topa-tuttu-avrupa-kulupleri-karsisinda-perisan-oluyorlar\"}]}<\/script>\n<!-- \/ Yoast SEO Premium plugin. -->","yoast_head_json":{"title":"\u00dcmit Uysal T\u00fcrk tak\u0131mlar\u0131n\u0131 topa tuttu: Avrupa kul\u00fcpleri kar\u015f\u0131s\u0131nda peri\u015fan oluyorlar - Av. Deniz Can K\u0131z\u0131l","robots":{"index":"index","follow":"follow","max-snippet":"max-snippet:-1","max-image-preview":"max-image-preview:large","max-video-preview":"max-video-preview:-1"},"canonical":"https:\/\/denizcankizil.tr\/uk\/haberler\/gundem\/umit-uysal-turk-takimlarini-topa-tuttu-avrupa-kulupleri-karsisinda-perisan-oluyorlar\/","og_locale":"uk_UA","og_type":"article","og_title":"\u00dcmit Uysal T\u00fcrk tak\u0131mlar\u0131n\u0131 topa tuttu: Avrupa kul\u00fcpleri kar\u015f\u0131s\u0131nda peri\u015fan oluyorlar","og_description":"Antalya Muratpa\u015fa Belediye Ba\u015fkan\u0131 \u00dcmit Uysal sosyal medya \u00fczerinde payla\u015ft\u0131\u011f\u0131 g\u00f6nderiyle T\u00fcrk tak\u0131mlar\u0131na a\u011f\u0131r ele\u015ftirilerde bulundu. Uysal, T\u00fcrk tak\u0131mlar\u0131n\u0131n hepsinin Avrupa\u2019n\u0131n ikinci s\u0131n\u0131f tak\u0131mlar\u0131na elendiklerini vurgu yaparak \u00fclke futbolunun insanlar\u0131 a\u015fa\u011f\u0131ya \u00e7ekti\u011fini s\u00f6yledi.\u00a0 FENERBAH\u00c7E \u0130STED\u0130\u011e\u0130N\u0130 BULAMADI\u00a0 UEFA Avrupa Ligi son 16 turunda Fenerbah\u00e7e ge\u00e7ti\u011fimiz g\u00fcn kendi sahas\u0131nda \u0130sko\u00e7ya tak\u0131m\u0131 Glasgow Rangers\u2019\u0131 konuk etti. Sar\u0131-lacivertliler, sahaya istedikleri oyunu yans\u0131tamad\u0131 ve ma\u00e7\u0131 3-1 kaybetti. Al\u0131nan bu ma\u011flubiyetin ard\u0131ndan Muratpa\u015fa Belediye Ba\u015fkan\u0131 \u00dcmit Uysal, sosyal medya \u00fczerinden bir mesaj payla\u015ft\u0131.\u00a0 \u201c\u0130NSANLARI A\u015eA\u011eI \u00c7EK\u0130YOR\u201d Uysal, yapt\u0131\u011f\u0131 payla\u015f\u0131mla T\u00fcrk tak\u0131mlar\u0131na a\u011f\u0131r ele\u015ftirilerde bulundu. T\u00fcrk tak\u0131mlar\u0131n\u0131n kendilerinin be\u015fte biri piyasa de\u011ferine sahip, Avrupa kul\u00fcplerine elendiklerini belirterek, \u201cB\u00fcy\u00fck tak\u0131mlar\u0131m\u0131z kendilerinin be\u015fte biri piyasa de\u011ferine sahip 2. s\u0131n\u0131f Avrupa kul\u00fcpleri kar\u015f\u0131s\u0131nda peri\u015fan oluyorlar. \u00dclkenin futbol d\u00fcnyas\u0131 da siyaset d\u00fcnyas\u0131 gibi, bilim d\u00fcnyas\u0131 gibi insanlar\u0131 a\u015fa\u011f\u0131 \u00e7ekiyor\u201d diye konu\u015ftu.\u00a0 \u201cSPORUN BU HALDE OLMASI NE KADAR \u00dcZ\u00dcC\u00dc\u201d T\u00fcrkiye\u2019de futbolun adeta bir a\u015fk oldu\u011funu ve bu kadar sevilmesine ra\u011fmen \u00fclke futbolunun her ge\u00e7en g\u00fcn daha da dibe gitti\u011fine dikkat \u00e7eken Uysal, \u201cAmigo k\u00fclt\u00fcr\u00fcyle spor y\u00f6netimi, ba\u015fkanl\u0131k, taraftar gazetecilik, hakemlik yap\u0131l\u0131yor, \u00e7ete k\u00fclt\u00fcr\u00fcyle de amigoluk, bahis\u00e7ilik\u2026 Sekt\u00f6r bu haliyle \u00fclkenin kaynaklar\u0131n\u0131 ve g\u00fcndemini havaya savurmakla me\u015fgul. T\u00fcrkiye&#8217;mizin a\u015f\u0131k oldu\u011fu bir sporun bu halde olmas\u0131 ne kadar \u00fcz\u00fcc\u00fc\u201d dedi.\u00a0 \u201cB\u00fcy\u00fck\u201d tak\u0131mlar\u0131m\u0131z kendilerinin be\u015fte &hellip;","og_url":"https:\/\/denizcankizil.tr\/uk\/haberler\/gundem\/umit-uysal-turk-takimlarini-topa-tuttu-avrupa-kulupleri-karsisinda-perisan-oluyorlar\/","og_site_name":"Av. Deniz Can K\u0131z\u0131l","article_published_time":"2025-03-07T08:41:42+00:00","author":"Antalya K\u00f6rfez","twitter_card":"summary_large_image","twitter_misc":{"\u041d\u0430\u043f\u0438\u0441\u0430\u043d\u043e":"Antalya K\u00f6rfez","\u041f\u0440\u0438\u0431\u043b. \u0447\u0430\u0441 \u0447\u0438\u0442\u0430\u043d\u043d\u044f":"2 \u0445\u0432\u0438\u043b\u0438\u043d\u0438"},"schema":{"@context":"https:\/\/schema.org","@graph":[{"@type":"Article","@id":"https:\/\/denizcankizil.tr\/uk\/haberler\/gundem\/umit-uysal-turk-takimlarini-topa-tuttu-avrupa-kulupleri-karsisinda-perisan-oluyorlar\/#article","isPartOf":{"@id":"https:\/\/denizcankizil.tr\/uk\/haberler\/gundem\/umit-uysal-turk-takimlarini-topa-tuttu-avrupa-kulupleri-karsisinda-perisan-oluyorlar\/"},"author":{"name":"Antalya K\u00f6rfez","@id":"https:\/\/denizcankizil.tr\/#\/schema\/person\/e1eb71bb4dd684d46563f0af307e1234"},"headline":"\u00dcmit Uysal T\u00fcrk tak\u0131mlar\u0131n\u0131 topa tuttu: Avrupa kul\u00fcpleri kar\u015f\u0131s\u0131nda peri\u015fan oluyorlar","datePublished":"2025-03-07T08:41:42+00:00","mainEntityOfPage":{"@id":"https:\/\/denizcankizil.tr\/uk\/haberler\/gundem\/umit-uysal-turk-takimlarini-topa-tuttu-avrupa-kulupleri-karsisinda-perisan-oluyorlar\/"},"wordCount":445,"commentCount":0,"publisher":{"@id":"https:\/\/denizcankizil.tr\/#organization"},"articleSection":["G\u00fcndem"],"inLanguage":"uk","potentialAction":[{"@type":"CommentAction","name":"Comment","target":["https:\/\/denizcankizil.tr\/uk\/haberler\/gundem\/umit-uysal-turk-takimlarini-topa-tuttu-avrupa-kulupleri-karsisinda-perisan-oluyorlar\/#respond"]}]},{"@type":"WebPage","@id":"https:\/\/denizcankizil.tr\/uk\/haberler\/gundem\/umit-uysal-turk-takimlarini-topa-tuttu-avrupa-kulupleri-karsisinda-perisan-oluyorlar\/","url":"https:\/\/denizcankizil.tr\/uk\/haberler\/gundem\/umit-uysal-turk-takimlarini-topa-tuttu-avrupa-kulupleri-karsisinda-perisan-oluyorlar\/","name":"\u00dcmit Uysal T\u00fcrk tak\u0131mlar\u0131n\u0131 topa tuttu: Avrupa kul\u00fcpleri kar\u015f\u0131s\u0131nda peri\u015fan oluyorlar - Av. Deniz Can K\u0131z\u0131l","isPartOf":{"@id":"https:\/\/denizcankizil.tr\/#website"},"datePublished":"2025-03-07T08:41:42+00:00","breadcrumb":{"@id":"https:\/\/denizcankizil.tr\/uk\/haberler\/gundem\/umit-uysal-turk-takimlarini-topa-tuttu-avrupa-kulupleri-karsisinda-perisan-oluyorlar\/#breadcrumb"},"inLanguage":"uk","potentialAction":[{"@type":"ReadAction","target":["https:\/\/denizcankizil.tr\/uk\/haberler\/gundem\/umit-uysal-turk-takimlarini-topa-tuttu-avrupa-kulupleri-karsisinda-perisan-oluyorlar\/"]}]},{"@type":"BreadcrumbList","@id":"https:\/\/denizcankizil.tr\/uk\/haberler\/gundem\/umit-uysal-turk-takimlarini-topa-tuttu-avrupa-kulupleri-karsisinda-perisan-oluyorlar\/#breadcrumb","itemListElement":[{"@type":"ListItem","position":1,"name":"Home","item":"https:\/\/denizcankizil.tr\/de\/"},{"@type":"ListItem","position":2,"name":"\u00dcmit Uysal T\u00fcrk tak\u0131mlar\u0131n\u0131 topa tuttu: Avrupa kul\u00fcpleri kar\u015f\u0131s\u0131nda peri\u015fan oluyorlar"}]},{"@type":"WebSite","@id":"https:\/\/denizcankizil.tr\/#website","url":"https:\/\/denizcankizil.tr\/","name":"Av. Deniz Can K\u0131z\u0131l","description":"Avukat Deniz Can K\u0131z\u0131l Antalya Barosu","publisher":{"@id":"https:\/\/denizcankizil.tr\/#organization"},"potentialAction":[{"@type":"SearchAction","target":{"@type":"EntryPoint","urlTemplate":"https:\/\/denizcankizil.tr\/?s={search_term_string}"},"query-input":{"@type":"PropertyValueSpecification","valueRequired":true,"valueName":"search_term_string"}}],"inLanguage":"uk"},{"@type":"Organization","@id":"https:\/\/denizcankizil.tr\/#organization","name":"Av. Deniz Can K\u0131z\u0131l","url":"https:\/\/denizcankizil.tr\/","logo":{"@type":"ImageObject","inLanguage":"uk","@id":"https:\/\/denizcankizil.tr\/#\/schema\/logo\/image\/","url":"https:\/\/denizcankizil.tr\/wp-content\/uploads\/2024\/10\/siyah-logo-svg.svg","contentUrl":"https:\/\/denizcankizil.tr\/wp-content\/uploads\/2024\/10\/siyah-logo-svg.svg","width":1080,"height":1080,"caption":"Av. Deniz Can K\u0131z\u0131l"},"image":{"@id":"https:\/\/denizcankizil.tr\/#\/schema\/logo\/image\/"}},{"@type":"Person","@id":"https:\/\/denizcankizil.tr\/#\/schema\/person\/e1eb71bb4dd684d46563f0af307e1234","name":"Antalya K\u00f6rfez","image":{"@type":"ImageObject","inLanguage":"uk","@id":"https:\/\/denizcankizil.tr\/#\/schema\/person\/image\/","url":"https:\/\/secure.gravatar.com\/avatar\/42b01982558a48a0b501fdcab6a408d3717ea5919095ee2e67b0e521799c5905?s=96&d=mm&r=g","contentUrl":"https:\/\/secure.gravatar.com\/avatar\/42b01982558a48a0b501fdcab6a408d3717ea5919095ee2e67b0e521799c5905?s=96&d=mm&r=g","caption":"Antalya K\u00f6rfez"},"sameAs":["http:\/\/www.antalyakorfez.com"],"url":"https:\/\/www.antalyakorfez.com\/umit-uysal-turk-takimlarini-topa-tuttu-avrupa-kulupleri-karsisinda-perisan-oluyorlar"}]}},"_links":{"self":[{"href":"https:\/\/denizcankizil.tr\/uk\/wp-json\/wp\/v2\/posts\/34976","targetHints":{"allow":["GET"]}}],"collection":[{"href":"https:\/\/denizcankizil.tr\/uk\/wp-json\/wp\/v2\/posts"}],"about":[{"href":"https:\/\/denizcankizil.tr\/uk\/wp-json\/wp\/v2\/types\/post"}],"author":[{"embeddable":true,"href":"https:\/\/denizcankizil.tr\/uk\/wp-json\/wp\/v2\/users\/5"}],"replies":[{"embeddable":true,"href":"https:\/\/denizcankizil.tr\/uk\/wp-json\/wp\/v2\/comments?post=34976"}],"version-history":[{"count":0,"href":"https:\/\/denizcankizil.tr\/uk\/wp-json\/wp\/v2\/posts\/34976\/revisions"}],"wp:attachment":[{"href":"https:\/\/denizcankizil.tr\/uk\/wp-json\/wp\/v2\/media?parent=34976"}],"wp:term":[{"taxonomy":"category","embeddable":true,"href":"https:\/\/denizcankizil.tr\/uk\/wp-json\/wp\/v2\/categories?post=34976"},{"taxonomy":"post_tag","embeddable":true,"href":"https:\/\/denizcankizil.tr\/uk\/wp-json\/wp\/v2\/tags?post=34976"}],"curies":[{"name":"wp","href":"https:\/\/api.w.org\/{rel}","templated":true}]}}