{"id":34975,"date":"2025-03-07T11:41:41","date_gmt":"2025-03-07T08:41:41","guid":{"rendered":"https:\/\/denizcankizil.tr\/uncategorized-tr\/antalya-il-muftusu-yalcinkaya-genclerle-bulustu\/"},"modified":"2025-03-07T11:41:41","modified_gmt":"2025-03-07T08:41:41","slug":"antalya-il-muftusu-yalcinkaya-genclerle-bulustu","status":"publish","type":"post","link":"https:\/\/denizcankizil.tr\/uk\/haberler\/gundem\/antalya-il-muftusu-yalcinkaya-genclerle-bulustu\/","title":{"rendered":"Antalya \u0130l M\u00fcft\u00fcs\u00fc Yal\u00e7\u0131nkaya gen\u00e7lerle bulu\u015ftu"},"content":{"rendered":"<p>Antalya \u0130l M\u00fcft\u00fcs\u00fc Nazif Fethi Yal\u00e7\u0131nkaya, Antalya Anadolu \u0130mam Hatip Lisesi Konferans Salonu\u2019nda \u2018\u0130ftarda Konu\u015fal\u0131m\u2019 temas\u0131yla d\u00fczenlenen s\u00f6yle\u015fide \u00f6\u011frencilerle bir araya geldi. Yal\u00e7\u0131nkaya s\u00f6yle\u015fide, \u201cRamazan ay\u0131 ayn\u0131 zamanda bir M\u00fcsl\u00fcman\u0131n manevi geli\u015fimine de katk\u0131da bulunur. Bu ayda, ki\u015fi nefsiyle m\u00fccadele etmeyi, k\u00f6t\u00fc al\u0131\u015fkanl\u0131klardan vazge\u00e7meyi ve daha fazla ibadet etmeyi \u00f6\u011frenir\u201d dedi.\u00a0<\/p>\n<p>RAMAZAN AYININ \u00d6NEM\u0130NE D\u0130KKAT \u00c7EKT\u0130<\/p>\n<p>S\u00f6yle\u015fide Ramazan ay\u0131n\u0131n \u00f6nemine dikkat \u00e7eken \u0130l M\u00fcft\u00fcs\u00fc Nazif Fethi Yal\u00e7\u0131nkaya, \u201cRamazan ay\u0131, bir M\u00fcsl\u00fcman i\u00e7in bir\u00e7ok \u00f6nemli ders ve ibadet f\u0131rsat\u0131 sunar. \u00d6ncelikle, oru\u00e7 tutmak M\u00fcsl\u00fcmanlar\u0131 c\u00f6mertlik ve sab\u0131r konusunda e\u011fitir. G\u00fcnd\u00fczleri yemeden ve i\u00e7meden ge\u00e7irerek, bir ki\u015fi a\u00e7l\u0131k ve susuzluk gibi zorluklara katlanmay\u0131 \u00f6\u011frenir. Bu da ona, daha az imkana sahip olanlara yard\u0131m etme ve payla\u015fma konusunda duyarl\u0131l\u0131k kazand\u0131r\u0131r\u201d ifadelerini kulland\u0131.<\/p>\n<p>PAYLA\u015eMA DUYGUSUNA D\u0130KKAT \u00c7EKT\u0130<\/p>\n<p>Yal\u00e7\u0131nkaya, Ramazan ay\u0131n\u0131n iftar sofralar\u0131n\u0131n payla\u015fma ve birlikte olma duygusunu art\u0131rd\u0131\u011f\u0131n\u0131 da vurgulad\u0131. Ailelerin ve kom\u015fular\u0131n bir araya gelerek bu \u00f6zel ay\u0131 birlikte ge\u00e7irmelerinin \u00f6nemine de\u011findi. Yal\u00e7\u0131nkaya, \u201cRamazan ay\u0131 ayn\u0131 zamanda bir M\u00fcsl\u00fcman\u0131n manevi geli\u015fimine de katk\u0131da bulunur. Bu ayda, ki\u015fi nefsiyle m\u00fccadele etmeyi, k\u00f6t\u00fc al\u0131\u015fkanl\u0131klardan vazge\u00e7meyi ve daha fazla ibadet etmeyi \u00f6\u011frenir. \u0130slam&#8217;\u0131n be\u015f temel ibadetinden biri olan oru\u00e7, M\u00fcsl\u00fcmanlar\u0131 sadece bedenen de\u011fil, ayn\u0131 zamanda ruhen de temizler ve g\u00fc\u00e7lendirir. Ramazan ay\u0131, toplumda birlik ve dayan\u0131\u015fma duygular\u0131n\u0131 da g\u00fc\u00e7lendirir\u201d \u015feklinde konu\u015ftu.\u00a0<\/p>\n<p>\u200bAntalya\u2019da Ramazan ay\u0131 nedeniyle bir dizi program d\u00fczenleyen Antalya \u0130l M\u00fcft\u00fcl\u00fc\u011f\u00fc Anadolu \u0130mam Hatip Lisesi\u2019nde s\u00f6yleyi\u015fi d\u00fczenledi.\u00a0<\/p>\n<p>\u200bHaberin Al\u0131nt\u0131land\u0131\u011f\u0131 Kaynak: www.antalyakorfez.com<\/p>","protected":false},"excerpt":{"rendered":"<p>Antalya \u0130l M\u00fcft\u00fcs\u00fc Nazif Fethi Yal\u00e7\u0131nkaya, Antalya Anadolu \u0130mam Hatip Lisesi Konferans Salonu\u2019nda \u2018\u0130ftarda Konu\u015fal\u0131m\u2019 temas\u0131yla d\u00fczenlenen s\u00f6yle\u015fide \u00f6\u011frencilerle bir araya geldi. Yal\u00e7\u0131nkaya s\u00f6yle\u015fide, \u201cRamazan ay\u0131 ayn\u0131 zamanda bir M\u00fcsl\u00fcman\u0131n manevi geli\u015fimine de katk\u0131da bulunur. Bu ayda, ki\u015fi nefsiyle m\u00fccadele etmeyi, k\u00f6t\u00fc al\u0131\u015fkanl\u0131klardan vazge\u00e7meyi ve daha fazla ibadet etmeyi \u00f6\u011frenir\u201d dedi.\u00a0 RAMAZAN AYININ \u00d6NEM\u0130NE D\u0130KKAT \u00c7EKT\u0130 S\u00f6yle\u015fide Ramazan ay\u0131n\u0131n \u00f6nemine dikkat \u00e7eken \u0130l M\u00fcft\u00fcs\u00fc Nazif Fethi Yal\u00e7\u0131nkaya, \u201cRamazan ay\u0131, bir M\u00fcsl\u00fcman i\u00e7in bir\u00e7ok \u00f6nemli ders ve ibadet f\u0131rsat\u0131 sunar. \u00d6ncelikle, oru\u00e7 tutmak M\u00fcsl\u00fcmanlar\u0131 c\u00f6mertlik ve sab\u0131r konusunda e\u011fitir. G\u00fcnd\u00fczleri yemeden ve i\u00e7meden ge\u00e7irerek, bir ki\u015fi a\u00e7l\u0131k ve susuzluk gibi zorluklara katlanmay\u0131 \u00f6\u011frenir. Bu da ona, daha az imkana sahip olanlara yard\u0131m etme ve payla\u015fma konusunda duyarl\u0131l\u0131k kazand\u0131r\u0131r\u201d ifadelerini kulland\u0131. PAYLA\u015eMA DUYGUSUNA D\u0130KKAT \u00c7EKT\u0130 Yal\u00e7\u0131nkaya, Ramazan ay\u0131n\u0131n iftar sofralar\u0131n\u0131n payla\u015fma ve birlikte olma duygusunu art\u0131rd\u0131\u011f\u0131n\u0131 da vurgulad\u0131. Ailelerin ve kom\u015fular\u0131n bir araya gelerek bu \u00f6zel ay\u0131 birlikte ge\u00e7irmelerinin \u00f6nemine de\u011findi. Yal\u00e7\u0131nkaya, \u201cRamazan ay\u0131 ayn\u0131 zamanda bir M\u00fcsl\u00fcman\u0131n manevi geli\u015fimine de katk\u0131da bulunur. Bu ayda, ki\u015fi nefsiyle m\u00fccadele etmeyi, k\u00f6t\u00fc al\u0131\u015fkanl\u0131klardan vazge\u00e7meyi ve daha fazla ibadet etmeyi \u00f6\u011frenir. \u0130slam&#8217;\u0131n be\u015f temel ibadetinden biri olan oru\u00e7, M\u00fcsl\u00fcmanlar\u0131 sadece bedenen de\u011fil, ayn\u0131 zamanda ruhen de temizler ve g\u00fc\u00e7lendirir. Ramazan ay\u0131, toplumda birlik ve dayan\u0131\u015fma &hellip;<\/p>","protected":false},"author":5,"featured_media":0,"comment_status":"open","ping_status":"open","sticky":false,"template":"","format":"standard","meta":{"_acf_changed":false,"footnotes":""},"categories":[24],"tags":[],"class_list":["post-34975","post","type-post","status-publish","format-standard","has-post-thumbnail","hentry","category-gundem"],"acf":[],"yoast_head":"<!-- This site is optimized with the Yoast SEO Premium plugin v26.6 (Yoast SEO v27.1.1) - https:\/\/yoast.com\/product\/yoast-seo-premium-wordpress\/ -->\n<title>Antalya \u0130l M\u00fcft\u00fcs\u00fc Yal\u00e7\u0131nkaya gen\u00e7lerle bulu\u015ftu - Av. Deniz Can K\u0131z\u0131l<\/title>\n<meta name=\"robots\" content=\"index, follow, max-snippet:-1, max-image-preview:large, max-video-preview:-1\" \/>\n<link rel=\"canonical\" href=\"https:\/\/denizcankizil.tr\/uk\/haberler\/gundem\/antalya-il-muftusu-yalcinkaya-genclerle-bulustu\/\" \/>\n<meta property=\"og:locale\" content=\"uk_UA\" \/>\n<meta property=\"og:type\" content=\"article\" \/>\n<meta property=\"og:title\" content=\"Antalya \u0130l M\u00fcft\u00fcs\u00fc Yal\u00e7\u0131nkaya gen\u00e7lerle bulu\u015ftu\" \/>\n<meta property=\"og:description\" content=\"Antalya \u0130l M\u00fcft\u00fcs\u00fc Nazif Fethi Yal\u00e7\u0131nkaya, Antalya Anadolu \u0130mam Hatip Lisesi Konferans Salonu\u2019nda \u2018\u0130ftarda Konu\u015fal\u0131m\u2019 temas\u0131yla d\u00fczenlenen s\u00f6yle\u015fide \u00f6\u011frencilerle bir araya geldi. Yal\u00e7\u0131nkaya s\u00f6yle\u015fide, \u201cRamazan ay\u0131 ayn\u0131 zamanda bir M\u00fcsl\u00fcman\u0131n manevi geli\u015fimine de katk\u0131da bulunur. Bu ayda, ki\u015fi nefsiyle m\u00fccadele etmeyi, k\u00f6t\u00fc al\u0131\u015fkanl\u0131klardan vazge\u00e7meyi ve daha fazla ibadet etmeyi \u00f6\u011frenir\u201d dedi.\u00a0 RAMAZAN AYININ \u00d6NEM\u0130NE D\u0130KKAT \u00c7EKT\u0130 S\u00f6yle\u015fide Ramazan ay\u0131n\u0131n \u00f6nemine dikkat \u00e7eken \u0130l M\u00fcft\u00fcs\u00fc Nazif Fethi Yal\u00e7\u0131nkaya, \u201cRamazan ay\u0131, bir M\u00fcsl\u00fcman i\u00e7in bir\u00e7ok \u00f6nemli ders ve ibadet f\u0131rsat\u0131 sunar. \u00d6ncelikle, oru\u00e7 tutmak M\u00fcsl\u00fcmanlar\u0131 c\u00f6mertlik ve sab\u0131r konusunda e\u011fitir. G\u00fcnd\u00fczleri yemeden ve i\u00e7meden ge\u00e7irerek, bir ki\u015fi a\u00e7l\u0131k ve susuzluk gibi zorluklara katlanmay\u0131 \u00f6\u011frenir. Bu da ona, daha az imkana sahip olanlara yard\u0131m etme ve payla\u015fma konusunda duyarl\u0131l\u0131k kazand\u0131r\u0131r\u201d ifadelerini kulland\u0131. PAYLA\u015eMA DUYGUSUNA D\u0130KKAT \u00c7EKT\u0130 Yal\u00e7\u0131nkaya, Ramazan ay\u0131n\u0131n iftar sofralar\u0131n\u0131n payla\u015fma ve birlikte olma duygusunu art\u0131rd\u0131\u011f\u0131n\u0131 da vurgulad\u0131. Ailelerin ve kom\u015fular\u0131n bir araya gelerek bu \u00f6zel ay\u0131 birlikte ge\u00e7irmelerinin \u00f6nemine de\u011findi. Yal\u00e7\u0131nkaya, \u201cRamazan ay\u0131 ayn\u0131 zamanda bir M\u00fcsl\u00fcman\u0131n manevi geli\u015fimine de katk\u0131da bulunur. Bu ayda, ki\u015fi nefsiyle m\u00fccadele etmeyi, k\u00f6t\u00fc al\u0131\u015fkanl\u0131klardan vazge\u00e7meyi ve daha fazla ibadet etmeyi \u00f6\u011frenir. \u0130slam&#8217;\u0131n be\u015f temel ibadetinden biri olan oru\u00e7, M\u00fcsl\u00fcmanlar\u0131 sadece bedenen de\u011fil, ayn\u0131 zamanda ruhen de temizler ve g\u00fc\u00e7lendirir. Ramazan ay\u0131, toplumda birlik ve dayan\u0131\u015fma &hellip;\" \/>\n<meta property=\"og:url\" content=\"https:\/\/denizcankizil.tr\/uk\/haberler\/gundem\/antalya-il-muftusu-yalcinkaya-genclerle-bulustu\/\" \/>\n<meta property=\"og:site_name\" content=\"Av. Deniz Can K\u0131z\u0131l\" \/>\n<meta property=\"article:published_time\" content=\"2025-03-07T08:41:41+00:00\" \/>\n<meta name=\"author\" content=\"Antalya K\u00f6rfez\" \/>\n<meta name=\"twitter:card\" content=\"summary_large_image\" \/>\n<meta name=\"twitter:label1\" content=\"\u041d\u0430\u043f\u0438\u0441\u0430\u043d\u043e\" \/>\n\t<meta name=\"twitter:data1\" content=\"Antalya K\u00f6rfez\" \/>\n\t<meta name=\"twitter:label2\" content=\"\u041f\u0440\u0438\u0431\u043b. \u0447\u0430\u0441 \u0447\u0438\u0442\u0430\u043d\u043d\u044f\" \/>\n\t<meta name=\"twitter:data2\" content=\"2 \u0445\u0432\u0438\u043b\u0438\u043d\u0438\" \/>\n<script type=\"application\/ld+json\" class=\"yoast-schema-graph\">{\"@context\":\"https:\/\/schema.org\",\"@graph\":[{\"@type\":\"Article\",\"@id\":\"https:\/\/denizcankizil.tr\/uk\/haberler\/gundem\/antalya-il-muftusu-yalcinkaya-genclerle-bulustu\/#article\",\"isPartOf\":{\"@id\":\"https:\/\/denizcankizil.tr\/uk\/haberler\/gundem\/antalya-il-muftusu-yalcinkaya-genclerle-bulustu\/\"},\"author\":{\"name\":\"Antalya K\u00f6rfez\",\"@id\":\"https:\/\/denizcankizil.tr\/#\/schema\/person\/e1eb71bb4dd684d46563f0af307e1234\"},\"headline\":\"Antalya \u0130l M\u00fcft\u00fcs\u00fc Yal\u00e7\u0131nkaya gen\u00e7lerle bulu\u015ftu\",\"datePublished\":\"2025-03-07T08:41:41+00:00\",\"mainEntityOfPage\":{\"@id\":\"https:\/\/denizcankizil.tr\/uk\/haberler\/gundem\/antalya-il-muftusu-yalcinkaya-genclerle-bulustu\/\"},\"wordCount\":340,\"commentCount\":0,\"publisher\":{\"@id\":\"https:\/\/denizcankizil.tr\/#organization\"},\"articleSection\":[\"G\u00fcndem\"],\"inLanguage\":\"uk\",\"potentialAction\":[{\"@type\":\"CommentAction\",\"name\":\"Comment\",\"target\":[\"https:\/\/denizcankizil.tr\/uk\/haberler\/gundem\/antalya-il-muftusu-yalcinkaya-genclerle-bulustu\/#respond\"]}]},{\"@type\":\"WebPage\",\"@id\":\"https:\/\/denizcankizil.tr\/uk\/haberler\/gundem\/antalya-il-muftusu-yalcinkaya-genclerle-bulustu\/\",\"url\":\"https:\/\/denizcankizil.tr\/uk\/haberler\/gundem\/antalya-il-muftusu-yalcinkaya-genclerle-bulustu\/\",\"name\":\"Antalya \u0130l M\u00fcft\u00fcs\u00fc Yal\u00e7\u0131nkaya gen\u00e7lerle bulu\u015ftu - Av. Deniz Can K\u0131z\u0131l\",\"isPartOf\":{\"@id\":\"https:\/\/denizcankizil.tr\/#website\"},\"datePublished\":\"2025-03-07T08:41:41+00:00\",\"breadcrumb\":{\"@id\":\"https:\/\/denizcankizil.tr\/uk\/haberler\/gundem\/antalya-il-muftusu-yalcinkaya-genclerle-bulustu\/#breadcrumb\"},\"inLanguage\":\"uk\",\"potentialAction\":[{\"@type\":\"ReadAction\",\"target\":[\"https:\/\/denizcankizil.tr\/uk\/haberler\/gundem\/antalya-il-muftusu-yalcinkaya-genclerle-bulustu\/\"]}]},{\"@type\":\"BreadcrumbList\",\"@id\":\"https:\/\/denizcankizil.tr\/uk\/haberler\/gundem\/antalya-il-muftusu-yalcinkaya-genclerle-bulustu\/#breadcrumb\",\"itemListElement\":[{\"@type\":\"ListItem\",\"position\":1,\"name\":\"Home\",\"item\":\"https:\/\/denizcankizil.tr\/de\/\"},{\"@type\":\"ListItem\",\"position\":2,\"name\":\"Antalya \u0130l M\u00fcft\u00fcs\u00fc Yal\u00e7\u0131nkaya gen\u00e7lerle bulu\u015ftu\"}]},{\"@type\":\"WebSite\",\"@id\":\"https:\/\/denizcankizil.tr\/#website\",\"url\":\"https:\/\/denizcankizil.tr\/\",\"name\":\"Av. Deniz Can K\u0131z\u0131l\",\"description\":\"Avukat Deniz Can K\u0131z\u0131l Antalya Barosu\",\"publisher\":{\"@id\":\"https:\/\/denizcankizil.tr\/#organization\"},\"potentialAction\":[{\"@type\":\"SearchAction\",\"target\":{\"@type\":\"EntryPoint\",\"urlTemplate\":\"https:\/\/denizcankizil.tr\/?s={search_term_string}\"},\"query-input\":{\"@type\":\"PropertyValueSpecification\",\"valueRequired\":true,\"valueName\":\"search_term_string\"}}],\"inLanguage\":\"uk\"},{\"@type\":\"Organization\",\"@id\":\"https:\/\/denizcankizil.tr\/#organization\",\"name\":\"Av. Deniz Can K\u0131z\u0131l\",\"url\":\"https:\/\/denizcankizil.tr\/\",\"logo\":{\"@type\":\"ImageObject\",\"inLanguage\":\"uk\",\"@id\":\"https:\/\/denizcankizil.tr\/#\/schema\/logo\/image\/\",\"url\":\"https:\/\/denizcankizil.tr\/wp-content\/uploads\/2024\/10\/siyah-logo-svg.svg\",\"contentUrl\":\"https:\/\/denizcankizil.tr\/wp-content\/uploads\/2024\/10\/siyah-logo-svg.svg\",\"width\":1080,\"height\":1080,\"caption\":\"Av. Deniz Can K\u0131z\u0131l\"},\"image\":{\"@id\":\"https:\/\/denizcankizil.tr\/#\/schema\/logo\/image\/\"}},{\"@type\":\"Person\",\"@id\":\"https:\/\/denizcankizil.tr\/#\/schema\/person\/e1eb71bb4dd684d46563f0af307e1234\",\"name\":\"Antalya K\u00f6rfez\",\"image\":{\"@type\":\"ImageObject\",\"inLanguage\":\"uk\",\"@id\":\"https:\/\/denizcankizil.tr\/#\/schema\/person\/image\/\",\"url\":\"https:\/\/secure.gravatar.com\/avatar\/42b01982558a48a0b501fdcab6a408d3717ea5919095ee2e67b0e521799c5905?s=96&d=mm&r=g\",\"contentUrl\":\"https:\/\/secure.gravatar.com\/avatar\/42b01982558a48a0b501fdcab6a408d3717ea5919095ee2e67b0e521799c5905?s=96&d=mm&r=g\",\"caption\":\"Antalya K\u00f6rfez\"},\"sameAs\":[\"http:\/\/www.antalyakorfez.com\"],\"url\":\"https:\/\/www.antalyakorfez.com\/antalya-il-muftusu-yalcinkaya-genclerle-bulustu\"}]}<\/script>\n<!-- \/ Yoast SEO Premium plugin. -->","yoast_head_json":{"title":"Antalya \u0130l M\u00fcft\u00fcs\u00fc Yal\u00e7\u0131nkaya gen\u00e7lerle bulu\u015ftu - Av. Deniz Can K\u0131z\u0131l","robots":{"index":"index","follow":"follow","max-snippet":"max-snippet:-1","max-image-preview":"max-image-preview:large","max-video-preview":"max-video-preview:-1"},"canonical":"https:\/\/denizcankizil.tr\/uk\/haberler\/gundem\/antalya-il-muftusu-yalcinkaya-genclerle-bulustu\/","og_locale":"uk_UA","og_type":"article","og_title":"Antalya \u0130l M\u00fcft\u00fcs\u00fc Yal\u00e7\u0131nkaya gen\u00e7lerle bulu\u015ftu","og_description":"Antalya \u0130l M\u00fcft\u00fcs\u00fc Nazif Fethi Yal\u00e7\u0131nkaya, Antalya Anadolu \u0130mam Hatip Lisesi Konferans Salonu\u2019nda \u2018\u0130ftarda Konu\u015fal\u0131m\u2019 temas\u0131yla d\u00fczenlenen s\u00f6yle\u015fide \u00f6\u011frencilerle bir araya geldi. Yal\u00e7\u0131nkaya s\u00f6yle\u015fide, \u201cRamazan ay\u0131 ayn\u0131 zamanda bir M\u00fcsl\u00fcman\u0131n manevi geli\u015fimine de katk\u0131da bulunur. Bu ayda, ki\u015fi nefsiyle m\u00fccadele etmeyi, k\u00f6t\u00fc al\u0131\u015fkanl\u0131klardan vazge\u00e7meyi ve daha fazla ibadet etmeyi \u00f6\u011frenir\u201d dedi.\u00a0 RAMAZAN AYININ \u00d6NEM\u0130NE D\u0130KKAT \u00c7EKT\u0130 S\u00f6yle\u015fide Ramazan ay\u0131n\u0131n \u00f6nemine dikkat \u00e7eken \u0130l M\u00fcft\u00fcs\u00fc Nazif Fethi Yal\u00e7\u0131nkaya, \u201cRamazan ay\u0131, bir M\u00fcsl\u00fcman i\u00e7in bir\u00e7ok \u00f6nemli ders ve ibadet f\u0131rsat\u0131 sunar. \u00d6ncelikle, oru\u00e7 tutmak M\u00fcsl\u00fcmanlar\u0131 c\u00f6mertlik ve sab\u0131r konusunda e\u011fitir. G\u00fcnd\u00fczleri yemeden ve i\u00e7meden ge\u00e7irerek, bir ki\u015fi a\u00e7l\u0131k ve susuzluk gibi zorluklara katlanmay\u0131 \u00f6\u011frenir. Bu da ona, daha az imkana sahip olanlara yard\u0131m etme ve payla\u015fma konusunda duyarl\u0131l\u0131k kazand\u0131r\u0131r\u201d ifadelerini kulland\u0131. PAYLA\u015eMA DUYGUSUNA D\u0130KKAT \u00c7EKT\u0130 Yal\u00e7\u0131nkaya, Ramazan ay\u0131n\u0131n iftar sofralar\u0131n\u0131n payla\u015fma ve birlikte olma duygusunu art\u0131rd\u0131\u011f\u0131n\u0131 da vurgulad\u0131. Ailelerin ve kom\u015fular\u0131n bir araya gelerek bu \u00f6zel ay\u0131 birlikte ge\u00e7irmelerinin \u00f6nemine de\u011findi. Yal\u00e7\u0131nkaya, \u201cRamazan ay\u0131 ayn\u0131 zamanda bir M\u00fcsl\u00fcman\u0131n manevi geli\u015fimine de katk\u0131da bulunur. Bu ayda, ki\u015fi nefsiyle m\u00fccadele etmeyi, k\u00f6t\u00fc al\u0131\u015fkanl\u0131klardan vazge\u00e7meyi ve daha fazla ibadet etmeyi \u00f6\u011frenir. \u0130slam&#8217;\u0131n be\u015f temel ibadetinden biri olan oru\u00e7, M\u00fcsl\u00fcmanlar\u0131 sadece bedenen de\u011fil, ayn\u0131 zamanda ruhen de temizler ve g\u00fc\u00e7lendirir. Ramazan ay\u0131, toplumda birlik ve dayan\u0131\u015fma &hellip;","og_url":"https:\/\/denizcankizil.tr\/uk\/haberler\/gundem\/antalya-il-muftusu-yalcinkaya-genclerle-bulustu\/","og_site_name":"Av. Deniz Can K\u0131z\u0131l","article_published_time":"2025-03-07T08:41:41+00:00","author":"Antalya K\u00f6rfez","twitter_card":"summary_large_image","twitter_misc":{"\u041d\u0430\u043f\u0438\u0441\u0430\u043d\u043e":"Antalya K\u00f6rfez","\u041f\u0440\u0438\u0431\u043b. \u0447\u0430\u0441 \u0447\u0438\u0442\u0430\u043d\u043d\u044f":"2 \u0445\u0432\u0438\u043b\u0438\u043d\u0438"},"schema":{"@context":"https:\/\/schema.org","@graph":[{"@type":"Article","@id":"https:\/\/denizcankizil.tr\/uk\/haberler\/gundem\/antalya-il-muftusu-yalcinkaya-genclerle-bulustu\/#article","isPartOf":{"@id":"https:\/\/denizcankizil.tr\/uk\/haberler\/gundem\/antalya-il-muftusu-yalcinkaya-genclerle-bulustu\/"},"author":{"name":"Antalya K\u00f6rfez","@id":"https:\/\/denizcankizil.tr\/#\/schema\/person\/e1eb71bb4dd684d46563f0af307e1234"},"headline":"Antalya \u0130l M\u00fcft\u00fcs\u00fc Yal\u00e7\u0131nkaya gen\u00e7lerle bulu\u015ftu","datePublished":"2025-03-07T08:41:41+00:00","mainEntityOfPage":{"@id":"https:\/\/denizcankizil.tr\/uk\/haberler\/gundem\/antalya-il-muftusu-yalcinkaya-genclerle-bulustu\/"},"wordCount":340,"commentCount":0,"publisher":{"@id":"https:\/\/denizcankizil.tr\/#organization"},"articleSection":["G\u00fcndem"],"inLanguage":"uk","potentialAction":[{"@type":"CommentAction","name":"Comment","target":["https:\/\/denizcankizil.tr\/uk\/haberler\/gundem\/antalya-il-muftusu-yalcinkaya-genclerle-bulustu\/#respond"]}]},{"@type":"WebPage","@id":"https:\/\/denizcankizil.tr\/uk\/haberler\/gundem\/antalya-il-muftusu-yalcinkaya-genclerle-bulustu\/","url":"https:\/\/denizcankizil.tr\/uk\/haberler\/gundem\/antalya-il-muftusu-yalcinkaya-genclerle-bulustu\/","name":"Antalya \u0130l M\u00fcft\u00fcs\u00fc Yal\u00e7\u0131nkaya gen\u00e7lerle bulu\u015ftu - Av. Deniz Can K\u0131z\u0131l","isPartOf":{"@id":"https:\/\/denizcankizil.tr\/#website"},"datePublished":"2025-03-07T08:41:41+00:00","breadcrumb":{"@id":"https:\/\/denizcankizil.tr\/uk\/haberler\/gundem\/antalya-il-muftusu-yalcinkaya-genclerle-bulustu\/#breadcrumb"},"inLanguage":"uk","potentialAction":[{"@type":"ReadAction","target":["https:\/\/denizcankizil.tr\/uk\/haberler\/gundem\/antalya-il-muftusu-yalcinkaya-genclerle-bulustu\/"]}]},{"@type":"BreadcrumbList","@id":"https:\/\/denizcankizil.tr\/uk\/haberler\/gundem\/antalya-il-muftusu-yalcinkaya-genclerle-bulustu\/#breadcrumb","itemListElement":[{"@type":"ListItem","position":1,"name":"Home","item":"https:\/\/denizcankizil.tr\/de\/"},{"@type":"ListItem","position":2,"name":"Antalya \u0130l M\u00fcft\u00fcs\u00fc Yal\u00e7\u0131nkaya gen\u00e7lerle bulu\u015ftu"}]},{"@type":"WebSite","@id":"https:\/\/denizcankizil.tr\/#website","url":"https:\/\/denizcankizil.tr\/","name":"Av. Deniz Can K\u0131z\u0131l","description":"Avukat Deniz Can K\u0131z\u0131l Antalya Barosu","publisher":{"@id":"https:\/\/denizcankizil.tr\/#organization"},"potentialAction":[{"@type":"SearchAction","target":{"@type":"EntryPoint","urlTemplate":"https:\/\/denizcankizil.tr\/?s={search_term_string}"},"query-input":{"@type":"PropertyValueSpecification","valueRequired":true,"valueName":"search_term_string"}}],"inLanguage":"uk"},{"@type":"Organization","@id":"https:\/\/denizcankizil.tr\/#organization","name":"Av. Deniz Can K\u0131z\u0131l","url":"https:\/\/denizcankizil.tr\/","logo":{"@type":"ImageObject","inLanguage":"uk","@id":"https:\/\/denizcankizil.tr\/#\/schema\/logo\/image\/","url":"https:\/\/denizcankizil.tr\/wp-content\/uploads\/2024\/10\/siyah-logo-svg.svg","contentUrl":"https:\/\/denizcankizil.tr\/wp-content\/uploads\/2024\/10\/siyah-logo-svg.svg","width":1080,"height":1080,"caption":"Av. Deniz Can K\u0131z\u0131l"},"image":{"@id":"https:\/\/denizcankizil.tr\/#\/schema\/logo\/image\/"}},{"@type":"Person","@id":"https:\/\/denizcankizil.tr\/#\/schema\/person\/e1eb71bb4dd684d46563f0af307e1234","name":"Antalya K\u00f6rfez","image":{"@type":"ImageObject","inLanguage":"uk","@id":"https:\/\/denizcankizil.tr\/#\/schema\/person\/image\/","url":"https:\/\/secure.gravatar.com\/avatar\/42b01982558a48a0b501fdcab6a408d3717ea5919095ee2e67b0e521799c5905?s=96&d=mm&r=g","contentUrl":"https:\/\/secure.gravatar.com\/avatar\/42b01982558a48a0b501fdcab6a408d3717ea5919095ee2e67b0e521799c5905?s=96&d=mm&r=g","caption":"Antalya K\u00f6rfez"},"sameAs":["http:\/\/www.antalyakorfez.com"],"url":"https:\/\/www.antalyakorfez.com\/antalya-il-muftusu-yalcinkaya-genclerle-bulustu"}]}},"_links":{"self":[{"href":"https:\/\/denizcankizil.tr\/uk\/wp-json\/wp\/v2\/posts\/34975","targetHints":{"allow":["GET"]}}],"collection":[{"href":"https:\/\/denizcankizil.tr\/uk\/wp-json\/wp\/v2\/posts"}],"about":[{"href":"https:\/\/denizcankizil.tr\/uk\/wp-json\/wp\/v2\/types\/post"}],"author":[{"embeddable":true,"href":"https:\/\/denizcankizil.tr\/uk\/wp-json\/wp\/v2\/users\/5"}],"replies":[{"embeddable":true,"href":"https:\/\/denizcankizil.tr\/uk\/wp-json\/wp\/v2\/comments?post=34975"}],"version-history":[{"count":0,"href":"https:\/\/denizcankizil.tr\/uk\/wp-json\/wp\/v2\/posts\/34975\/revisions"}],"wp:attachment":[{"href":"https:\/\/denizcankizil.tr\/uk\/wp-json\/wp\/v2\/media?parent=34975"}],"wp:term":[{"taxonomy":"category","embeddable":true,"href":"https:\/\/denizcankizil.tr\/uk\/wp-json\/wp\/v2\/categories?post=34975"},{"taxonomy":"post_tag","embeddable":true,"href":"https:\/\/denizcankizil.tr\/uk\/wp-json\/wp\/v2\/tags?post=34975"}],"curies":[{"name":"wp","href":"https:\/\/api.w.org\/{rel}","templated":true}]}}