{"id":34961,"date":"2025-03-07T09:41:42","date_gmt":"2025-03-07T06:41:42","guid":{"rendered":"https:\/\/denizcankizil.tr\/uncategorized-tr\/bursa-niluferde-ciftciye-ornek-olacak\/"},"modified":"2025-03-07T09:41:42","modified_gmt":"2025-03-07T06:41:42","slug":"bursa-niluferde-ciftciye-ornek-olacak","status":"publish","type":"post","link":"https:\/\/denizcankizil.tr\/uk\/haberler\/gundem\/bursa-niluferde-ciftciye-ornek-olacak\/","title":{"rendered":"Bursa Nil\u00fcfer&#8217;de \u00e7ift\u00e7iye \u00f6rnek olacak"},"content":{"rendered":"<p>Bursa Nil\u00fcfer Belediyesi, \u00e7ift\u00e7ileri tar\u0131ma te\u015fvik etmek ve \u00f6rnek \u00fcretimler ger\u00e7ekle\u015ftirmek amac\u0131yla, Kadriye Mahallesi\u2019nde 6 dekarl\u0131k alanda ahududu \u00fcretimi i\u00e7in ilk ad\u0131m\u0131 att\u0131. N\u0130LKOOP i\u015f birli\u011fiyle ger\u00e7ekle\u015ftirilen proje kapsam\u0131nda, b\u00f6lgede ahududu \u00fcretiminin yayg\u0131nla\u015ft\u0131r\u0131lmas\u0131 hedefleniyor.BURSA (\u0130GFA) &#8211; Bursa\u00a0Nil\u00fcfer Belediyesi tar\u0131mda \u00f6rnek projelerine bir yenisini daha ekledi. \u00c7ift\u00e7iyi tar\u0131ma te\u015fvik etmek ve \u00fcretimi desteklemek amac\u0131yla \u00fcr\u00fcn denemelerini s\u00fcrd\u00fcren Nil\u00fcfer Belediyesi, Kadriye Mahallesi\u2019nde ahududu \u00fcretimini ba\u015flatmak i\u00e7in 6 dekarl\u0131k alana fidan dikimi ger\u00e7ekle\u015ftirdi.<br \/>\nNil\u00fcfer Tar\u0131msal Kalk\u0131nma Kooperatifi (N\u0130LKOOP) i\u015f birli\u011finde ger\u00e7ekle\u015ftirilen fidan dikim t\u00f6renine; Nil\u00fcfer Belediye Ba\u015fkan\u0131 \u015eadi \u00d6zdemir, Bursa B\u00fcy\u00fck\u015fehir Belediye Ba\u015fkan Vekili ve Tar\u0131m Peyzaj A.\u015e. Y\u00f6netim Kurulu Ba\u015fkan\u0131 Mehmet Ayd\u0131n Sald\u0131z, Osmangazi Belediye Ba\u015fkan Vekili Cemile Y\u0131lg\u00f6r, CHP Nil\u00fcfer \u0130l\u00e7e Ba\u015fkan\u0131 \u00d6zg\u00fcr \u015eahin, Nil\u00fcfer Ziraat Odas\u0131 Ba\u015fkan\u0131 \u015eenol Aybey, N\u0130LKOOP Y\u00f6netim Kurulu Ba\u015fkan\u0131 S\u00fcleyman Ayy\u0131lmaz, Kadriye Mahallesi Muhtar\u0131 Osman Oslu ve \u00e7ok say\u0131da mahalle muhtar\u0131 \u00a0ile vatanda\u015flar kat\u0131ld\u0131.<br \/>\n\u201cKIRSALDAK\u0130 \u0130NSANLARIMIZIN KAZANMASINI SA\u011eLAMALIYIZ\u201d<br \/>\nT\u00f6rende konu\u015fan Nil\u00fcfer Belediye Ba\u015fkan\u0131 \u015eadi \u00d6zdemir, tar\u0131m\u0131n kendileri i\u00e7in \u00e7ok k\u0131ymetli oldu\u011funu vurgulayarak, tar\u0131m alanlar\u0131n\u0131n b\u00fcy\u00fck bir bask\u0131 alt\u0131nda oldu\u011funa dikkat \u00e7ekti. Artan maliyetler ve verilen desteklerin azalmas\u0131 nedeniyle insanlar\u0131n, \u00f6zellikle gen\u00e7lerin tar\u0131mdan vazge\u00e7ti\u011fini belirten Ba\u015fkan \u015eadi \u00d6zdemir, \u201cTar\u0131m alanlar\u0131n\u0131 kaybetmemek i\u00e7in buralar\u0131n yeniden \u00fcretime girmesi gerekiyor. K\u0131rsal b\u00f6lgelerde ya\u015fayan insanlar\u0131m\u0131z\u0131n tar\u0131m ve turizm gelirleriyle kendilerine gelecek kurabilmesi laz\u0131m. Bunun i\u00e7in de onlar\u0131n para kazanmas\u0131n\u0131 sa\u011flamal\u0131y\u0131z. Biz de buralarda yeni \u00fcr\u00fcnler ortaya \u00e7\u0131karmak, bu \u00fcr\u00fcnlerden bir gelecek sunmak ve burada kazan\u0131ld\u0131\u011f\u0131n\u0131 g\u00f6stermek istiyoruz. Bunu ba\u015farabilirsek gen\u00e7 n\u00fcfus k\u0131rsala geri d\u00f6necektir\u201d dedi.Ba\u015fkan \u015eadi \u00d6zdemir, Kadriye Mahallesi\u2019nde ahududu dikimi i\u00e7in Bursa Tar\u0131m \u0130l M\u00fcd\u00fcrl\u00fc\u011f\u00fc\u2019nden de g\u00f6r\u00fc\u015f ald\u0131klar\u0131n\u0131 belirterek, \u201cYapt\u0131\u011f\u0131m\u0131z incelemeler neticesinde ahududunun bu b\u00f6lgede yeti\u015ftirilebilece\u011fini g\u00f6rd\u00fck. Biz de bunun denemesini yap\u0131yoruz. Bu y\u0131l ilk meyvelerini alaca\u011f\u0131z ama as\u0131l verim bir sonraki y\u0131l\u0131n yaz\u0131nda olacakt\u0131r. Bunu ba\u015farabilece\u011fimizi d\u00fc\u015f\u00fcn\u00fcyoruz. Bundan sonra da b\u00f6\u011f\u00fcrtlen, aronya gibi ba\u015fka \u00fcr\u00fcnleri de deneyece\u011fiz\u201d diye konu\u015ftu.<br \/>\n\u00d6RNEK PROJE<br \/>\nBursa B\u00fcy\u00fck\u015fehir Belediye Ba\u015fkan Vekili ve Tar\u0131m Peyzaj A.\u015e. Y\u00f6netim Kurulu Ba\u015fkan\u0131 Mehmet Ayd\u0131n Sald\u0131z ise T\u00fcrkiye\u2019deki ahududu \u00fcretiminin y\u00fczde 95\u2019inin Bursa\u2019da yap\u0131ld\u0131\u011f\u0131n\u0131 hat\u0131rlatarak, Kadriye Mahallesi\u2019ndeki ahududu \u00fcretimi denemesinin b\u00f6lgeye \u00f6rnek bir proje oldu\u011funu s\u00f6yledi. Sald\u0131z, projenin ba\u015far\u0131l\u0131 olmas\u0131 halinde Bursa B\u00fcy\u00fck\u015fehir Belediyesi olarak fidan, g\u00fcbre ve damla sulama hortumlar\u0131 deste\u011finde bulunacaklar\u0131n\u0131n m\u00fcjdesini verdi.<br \/>\nCHP Nil\u00fcfer \u0130l\u00e7e Ba\u015fkan\u0131 \u00d6zg\u00fcr \u015eahin de artan yap\u0131la\u015fma nedeniyle topraklar\u0131n her ge\u00e7en g\u00fcn kaybedildi\u011fine dikkat \u00e7ekti. \u015eahin, fidan dikim t\u00f6reninin tar\u0131m\u0131n \u00f6nemine dikkat \u00e7ekmek ve Nil\u00fcfer Belediyesi\u2019nin tar\u0131ma verdi\u011fi \u00f6nemi g\u00f6rmek a\u00e7\u0131s\u0131ndan \u00f6nemli oldu\u011funu da \u00a0ifade etti.Nil\u00fcfer Ziraat Odas\u0131 Ba\u015fkan\u0131 \u015eenol Aybey ise, \u201cBa\u015fkan\u0131m\u0131z \u015eadi \u00d6zdemir geldi\u011finden beri tar\u0131ma sahip \u00e7\u0131k\u0131yor. Burada al\u0131nan sonu\u00e7lar b\u00f6lgeye \u00f6rnek olacak, katma de\u011fer sa\u011flayacak ve \u00e7ift\u00e7imizin gelirini art\u0131raca\u011f\u0131na inan\u0131yoruz\u201d dedi.<br \/>\nKadriye Mahallesi Muhtar\u0131 Osmon Oslu da projenin b\u00f6lgeye hay\u0131rl\u0131 olmas\u0131n\u0131 diledi.Konu\u015fmalar\u0131n ard\u0131ndan Nil\u00fcfer Belediye Ba\u015fkan\u0131 \u015eadi \u00d6zdemir ve di\u011fer kat\u0131l\u0131mc\u0131lar, ekim yap\u0131lacak alanda ahududu fidanlar\u0131n\u0131 toprakla bulu\u015fturdu.<\/p>\n<p>\u200bBursa Nil\u00fcfer Belediyesi, \u00e7ift\u00e7ileri tar\u0131ma te\u015fvik etmek ve \u00f6rnek \u00fcretimler ger\u00e7ekle\u015ftirmek amac\u0131yla, Kadriye Mahallesi\u2019nde 6 dekarl\u0131k alanda ahududu \u00fcretimi i\u00e7in ilk ad\u0131m\u0131 att\u0131. N\u0130LKOOP i\u015f birli\u011fiyle ger\u00e7ekle\u015ftirilen proje kapsam\u0131nda, b\u00f6lgede ahududu \u00fcretiminin yayg\u0131nla\u015ft\u0131r\u0131lmas\u0131 hedefleniyor.BURSA (\u0130GFA) &#8211; Bursa\u00a0Nil\u00fcfer Belediyesi tar\u0131mda \u00f6rnek projelerine bir yenisini daha ekledi. \u00c7ift\u00e7iyi tar\u0131ma te\u015fvik etmek ve \u00fcretimi desteklemek amac\u0131yla \u00fcr\u00fcn denemelerini s\u00fcrd\u00fcren Nil\u00fcfer Belediyesi, Kadriye Mahallesi\u2019nde ahududu \u00fcretimini ba\u015flatmak i\u00e7in 6 dekarl\u0131k alana fidan dikimi ger\u00e7ekle\u015ftirdi.<br \/>\nNil\u00fcfer Tar\u0131msal Kalk\u0131nma Kooperatifi (N\u0130LKOOP) i\u015f birli\u011finde ger\u00e7ekle\u015ftirilen fidan dikim t\u00f6renine; Nil\u00fcfer Belediye Ba\u015fkan\u0131 \u015eadi \u00d6zdemir, Bursa B\u00fcy\u00fck\u015fehir Belediye Ba\u015fkan Vekili ve Tar\u0131m Peyzaj A.\u015e. Y\u00f6netim Kurulu Ba\u015fkan\u0131 Mehmet Ayd\u0131n Sald\u0131z, Osmangazi Belediye Ba\u015fkan Vekili Cemile Y\u0131lg\u00f6r, CHP Nil\u00fcfer \u0130l\u00e7e Ba\u015fkan\u0131 \u00d6zg\u00fcr \u015eahin, Nil\u00fcfer Ziraat Odas\u0131 Ba\u015fkan\u0131 \u015eenol Aybey, N\u0130LKOOP Y\u00f6netim Kurulu Ba\u015fkan\u0131 S\u00fcleyman Ayy\u0131lmaz, Kadriye Mahallesi Muhtar\u0131 Osman Oslu ve \u00e7ok say\u0131da mahalle muhtar\u0131 \u00a0ile vatanda\u015flar kat\u0131ld\u0131.<br \/>\n\u201cKIRSALDAK\u0130 \u0130NSANLARIMIZIN KAZANMASINI SA\u011eLAMALIYIZ\u201d<br \/>\nT\u00f6rende konu\u015fan Nil\u00fcfer Belediye Ba\u015fkan\u0131 \u015eadi \u00d6zdemir, tar\u0131m\u0131n kendileri i\u00e7in \u00e7ok k\u0131ymetli oldu\u011funu vurgulayarak, tar\u0131m alanlar\u0131n\u0131n b\u00fcy\u00fck bir bask\u0131 alt\u0131nda oldu\u011funa dikkat \u00e7ekti. Artan maliyetler ve verilen desteklerin azalmas\u0131 nedeniyle insanlar\u0131n, \u00f6zellikle gen\u00e7lerin tar\u0131mdan vazge\u00e7ti\u011fini belirten Ba\u015fkan \u015eadi \u00d6zdemir, \u201cTar\u0131m alanlar\u0131n\u0131 kaybetmemek i\u00e7in buralar\u0131n yeniden \u00fcretime girmesi gerekiyor. K\u0131rsal b\u00f6lgelerde ya\u015fayan insanlar\u0131m\u0131z\u0131n tar\u0131m ve turizm gelirleriyle kendilerine gelecek kurabilmesi laz\u0131m. Bunun i\u00e7in de onlar\u0131n para kazanmas\u0131n\u0131 sa\u011flamal\u0131y\u0131z. Biz de buralarda yeni \u00fcr\u00fcnler ortaya \u00e7\u0131karmak, bu \u00fcr\u00fcnlerden bir gelecek sunmak ve burada kazan\u0131ld\u0131\u011f\u0131n\u0131 g\u00f6stermek istiyoruz. Bunu ba\u015farabilirsek gen\u00e7 n\u00fcfus k\u0131rsala geri d\u00f6necektir\u201d dedi.Ba\u015fkan \u015eadi \u00d6zdemir, Kadriye Mahallesi\u2019nde ahududu dikimi i\u00e7in Bursa Tar\u0131m \u0130l M\u00fcd\u00fcrl\u00fc\u011f\u00fc\u2019nden de g\u00f6r\u00fc\u015f ald\u0131klar\u0131n\u0131 belirterek, \u201cYapt\u0131\u011f\u0131m\u0131z incelemeler neticesinde ahududunun bu b\u00f6lgede yeti\u015ftirilebilece\u011fini g\u00f6rd\u00fck. Biz de bunun denemesini yap\u0131yoruz. Bu y\u0131l ilk meyvelerini alaca\u011f\u0131z ama as\u0131l verim bir sonraki y\u0131l\u0131n yaz\u0131nda olacakt\u0131r. Bunu ba\u015farabilece\u011fimizi d\u00fc\u015f\u00fcn\u00fcyoruz. Bundan sonra da b\u00f6\u011f\u00fcrtlen, aronya gibi ba\u015fka \u00fcr\u00fcnleri de deneyece\u011fiz\u201d diye konu\u015ftu.<br \/>\n\u00d6RNEK PROJE<br \/>\nBursa B\u00fcy\u00fck\u015fehir Belediye Ba\u015fkan Vekili ve Tar\u0131m Peyzaj A.\u015e. Y\u00f6netim Kurulu Ba\u015fkan\u0131 Mehmet Ayd\u0131n Sald\u0131z ise T\u00fcrkiye\u2019deki ahududu \u00fcretiminin y\u00fczde 95\u2019inin Bursa\u2019da yap\u0131ld\u0131\u011f\u0131n\u0131 hat\u0131rlatarak, Kadriye Mahallesi\u2019ndeki ahududu \u00fcretimi denemesinin b\u00f6lgeye \u00f6rnek bir proje oldu\u011funu s\u00f6yledi. Sald\u0131z, projenin ba\u015far\u0131l\u0131 olmas\u0131 halinde Bursa B\u00fcy\u00fck\u015fehir Belediyesi olarak fidan, g\u00fcbre ve damla sulama hortumlar\u0131 deste\u011finde bulunacaklar\u0131n\u0131n m\u00fcjdesini verdi.<br \/>\nCHP Nil\u00fcfer \u0130l\u00e7e Ba\u015fkan\u0131 \u00d6zg\u00fcr \u015eahin de artan yap\u0131la\u015fma nedeniyle topraklar\u0131n her ge\u00e7en g\u00fcn kaybedildi\u011fine dikkat \u00e7ekti. \u015eahin, fidan dikim t\u00f6reninin tar\u0131m\u0131n \u00f6nemine dikkat \u00e7ekmek ve Nil\u00fcfer Belediyesi\u2019nin tar\u0131ma verdi\u011fi \u00f6nemi g\u00f6rmek a\u00e7\u0131s\u0131ndan \u00f6nemli oldu\u011funu da \u00a0ifade etti.Nil\u00fcfer Ziraat Odas\u0131 Ba\u015fkan\u0131 \u015eenol Aybey ise, \u201cBa\u015fkan\u0131m\u0131z \u015eadi \u00d6zdemir geldi\u011finden beri tar\u0131ma sahip \u00e7\u0131k\u0131yor. Burada al\u0131nan sonu\u00e7lar b\u00f6lgeye \u00f6rnek olacak, katma de\u011fer sa\u011flayacak ve \u00e7ift\u00e7imizin gelirini art\u0131raca\u011f\u0131na inan\u0131yoruz\u201d dedi.<br \/>\nKadriye Mahallesi Muhtar\u0131 Osmon Oslu da projenin b\u00f6lgeye hay\u0131rl\u0131 olmas\u0131n\u0131 diledi.Konu\u015fmalar\u0131n ard\u0131ndan Nil\u00fcfer Belediye Ba\u015fkan\u0131 \u015eadi \u00d6zdemir ve di\u011fer kat\u0131l\u0131mc\u0131lar, ekim yap\u0131lacak alanda ahududu fidanlar\u0131n\u0131 toprakla bulu\u015fturdu.\u00a0<\/p>\n<p>\u200bHaberin Al\u0131nt\u0131land\u0131\u011f\u0131 Kaynak: www.iskenderun.org<\/p>","protected":false},"excerpt":{"rendered":"<p>Bursa Nil\u00fcfer Belediyesi, \u00e7ift\u00e7ileri tar\u0131ma te\u015fvik etmek ve \u00f6rnek \u00fcretimler ger\u00e7ekle\u015ftirmek amac\u0131yla, Kadriye Mahallesi\u2019nde 6 dekarl\u0131k alanda ahududu \u00fcretimi i\u00e7in ilk ad\u0131m\u0131 att\u0131. N\u0130LKOOP i\u015f birli\u011fiyle ger\u00e7ekle\u015ftirilen proje kapsam\u0131nda, b\u00f6lgede ahududu \u00fcretiminin yayg\u0131nla\u015ft\u0131r\u0131lmas\u0131 hedefleniyor.BURSA (\u0130GFA) &#8211; Bursa\u00a0Nil\u00fcfer Belediyesi tar\u0131mda \u00f6rnek projelerine bir yenisini daha ekledi. \u00c7ift\u00e7iyi tar\u0131ma te\u015fvik etmek ve \u00fcretimi desteklemek amac\u0131yla \u00fcr\u00fcn denemelerini s\u00fcrd\u00fcren Nil\u00fcfer Belediyesi, Kadriye Mahallesi\u2019nde ahududu \u00fcretimini ba\u015flatmak i\u00e7in 6 dekarl\u0131k alana fidan dikimi ger\u00e7ekle\u015ftirdi. Nil\u00fcfer Tar\u0131msal Kalk\u0131nma Kooperatifi (N\u0130LKOOP) i\u015f birli\u011finde ger\u00e7ekle\u015ftirilen fidan dikim t\u00f6renine; Nil\u00fcfer Belediye Ba\u015fkan\u0131 \u015eadi \u00d6zdemir, Bursa B\u00fcy\u00fck\u015fehir Belediye Ba\u015fkan Vekili ve Tar\u0131m Peyzaj A.\u015e. Y\u00f6netim Kurulu Ba\u015fkan\u0131 Mehmet Ayd\u0131n Sald\u0131z, Osmangazi Belediye Ba\u015fkan Vekili Cemile Y\u0131lg\u00f6r, CHP Nil\u00fcfer \u0130l\u00e7e Ba\u015fkan\u0131 \u00d6zg\u00fcr \u015eahin, Nil\u00fcfer Ziraat Odas\u0131 Ba\u015fkan\u0131 \u015eenol Aybey, N\u0130LKOOP Y\u00f6netim Kurulu Ba\u015fkan\u0131 S\u00fcleyman Ayy\u0131lmaz, Kadriye Mahallesi Muhtar\u0131 Osman Oslu ve \u00e7ok say\u0131da mahalle muhtar\u0131 \u00a0ile vatanda\u015flar kat\u0131ld\u0131. \u201cKIRSALDAK\u0130 \u0130NSANLARIMIZIN KAZANMASINI SA\u011eLAMALIYIZ\u201d T\u00f6rende konu\u015fan Nil\u00fcfer Belediye Ba\u015fkan\u0131 \u015eadi \u00d6zdemir, tar\u0131m\u0131n kendileri i\u00e7in \u00e7ok k\u0131ymetli oldu\u011funu vurgulayarak, tar\u0131m alanlar\u0131n\u0131n b\u00fcy\u00fck bir bask\u0131 alt\u0131nda oldu\u011funa dikkat \u00e7ekti. Artan maliyetler ve verilen desteklerin azalmas\u0131 nedeniyle insanlar\u0131n, \u00f6zellikle gen\u00e7lerin tar\u0131mdan vazge\u00e7ti\u011fini belirten Ba\u015fkan \u015eadi \u00d6zdemir, \u201cTar\u0131m alanlar\u0131n\u0131 kaybetmemek i\u00e7in buralar\u0131n yeniden \u00fcretime girmesi gerekiyor. K\u0131rsal b\u00f6lgelerde ya\u015fayan insanlar\u0131m\u0131z\u0131n tar\u0131m ve turizm gelirleriyle kendilerine gelecek &hellip;<\/p>","protected":false},"author":1,"featured_media":0,"comment_status":"open","ping_status":"open","sticky":false,"template":"","format":"standard","meta":{"_acf_changed":false,"footnotes":""},"categories":[24],"tags":[],"class_list":["post-34961","post","type-post","status-publish","format-standard","has-post-thumbnail","hentry","category-gundem"],"acf":[],"yoast_head":"<!-- This site is optimized with the Yoast SEO Premium plugin v26.6 (Yoast SEO v27.1.1) - https:\/\/yoast.com\/product\/yoast-seo-premium-wordpress\/ -->\n<title>Bursa Nil\u00fcfer&#039;de \u00e7ift\u00e7iye \u00f6rnek olacak - Av. Deniz Can K\u0131z\u0131l<\/title>\n<meta name=\"robots\" content=\"index, follow, max-snippet:-1, max-image-preview:large, max-video-preview:-1\" \/>\n<link rel=\"canonical\" href=\"https:\/\/denizcankizil.tr\/uk\/haberler\/gundem\/bursa-niluferde-ciftciye-ornek-olacak\/\" \/>\n<meta property=\"og:locale\" content=\"uk_UA\" \/>\n<meta property=\"og:type\" content=\"article\" \/>\n<meta property=\"og:title\" content=\"Bursa Nil\u00fcfer&#039;de \u00e7ift\u00e7iye \u00f6rnek olacak\" \/>\n<meta property=\"og:description\" content=\"Bursa Nil\u00fcfer Belediyesi, \u00e7ift\u00e7ileri tar\u0131ma te\u015fvik etmek ve \u00f6rnek \u00fcretimler ger\u00e7ekle\u015ftirmek amac\u0131yla, Kadriye Mahallesi\u2019nde 6 dekarl\u0131k alanda ahududu \u00fcretimi i\u00e7in ilk ad\u0131m\u0131 att\u0131. N\u0130LKOOP i\u015f birli\u011fiyle ger\u00e7ekle\u015ftirilen proje kapsam\u0131nda, b\u00f6lgede ahududu \u00fcretiminin yayg\u0131nla\u015ft\u0131r\u0131lmas\u0131 hedefleniyor.BURSA (\u0130GFA) &#8211; Bursa\u00a0Nil\u00fcfer Belediyesi tar\u0131mda \u00f6rnek projelerine bir yenisini daha ekledi. \u00c7ift\u00e7iyi tar\u0131ma te\u015fvik etmek ve \u00fcretimi desteklemek amac\u0131yla \u00fcr\u00fcn denemelerini s\u00fcrd\u00fcren Nil\u00fcfer Belediyesi, Kadriye Mahallesi\u2019nde ahududu \u00fcretimini ba\u015flatmak i\u00e7in 6 dekarl\u0131k alana fidan dikimi ger\u00e7ekle\u015ftirdi. Nil\u00fcfer Tar\u0131msal Kalk\u0131nma Kooperatifi (N\u0130LKOOP) i\u015f birli\u011finde ger\u00e7ekle\u015ftirilen fidan dikim t\u00f6renine; Nil\u00fcfer Belediye Ba\u015fkan\u0131 \u015eadi \u00d6zdemir, Bursa B\u00fcy\u00fck\u015fehir Belediye Ba\u015fkan Vekili ve Tar\u0131m Peyzaj A.\u015e. Y\u00f6netim Kurulu Ba\u015fkan\u0131 Mehmet Ayd\u0131n Sald\u0131z, Osmangazi Belediye Ba\u015fkan Vekili Cemile Y\u0131lg\u00f6r, CHP Nil\u00fcfer \u0130l\u00e7e Ba\u015fkan\u0131 \u00d6zg\u00fcr \u015eahin, Nil\u00fcfer Ziraat Odas\u0131 Ba\u015fkan\u0131 \u015eenol Aybey, N\u0130LKOOP Y\u00f6netim Kurulu Ba\u015fkan\u0131 S\u00fcleyman Ayy\u0131lmaz, Kadriye Mahallesi Muhtar\u0131 Osman Oslu ve \u00e7ok say\u0131da mahalle muhtar\u0131 \u00a0ile vatanda\u015flar kat\u0131ld\u0131. \u201cKIRSALDAK\u0130 \u0130NSANLARIMIZIN KAZANMASINI SA\u011eLAMALIYIZ\u201d T\u00f6rende konu\u015fan Nil\u00fcfer Belediye Ba\u015fkan\u0131 \u015eadi \u00d6zdemir, tar\u0131m\u0131n kendileri i\u00e7in \u00e7ok k\u0131ymetli oldu\u011funu vurgulayarak, tar\u0131m alanlar\u0131n\u0131n b\u00fcy\u00fck bir bask\u0131 alt\u0131nda oldu\u011funa dikkat \u00e7ekti. Artan maliyetler ve verilen desteklerin azalmas\u0131 nedeniyle insanlar\u0131n, \u00f6zellikle gen\u00e7lerin tar\u0131mdan vazge\u00e7ti\u011fini belirten Ba\u015fkan \u015eadi \u00d6zdemir, \u201cTar\u0131m alanlar\u0131n\u0131 kaybetmemek i\u00e7in buralar\u0131n yeniden \u00fcretime girmesi gerekiyor. K\u0131rsal b\u00f6lgelerde ya\u015fayan insanlar\u0131m\u0131z\u0131n tar\u0131m ve turizm gelirleriyle kendilerine gelecek &hellip;\" \/>\n<meta property=\"og:url\" content=\"https:\/\/denizcankizil.tr\/uk\/haberler\/gundem\/bursa-niluferde-ciftciye-ornek-olacak\/\" \/>\n<meta property=\"og:site_name\" content=\"Av. Deniz Can K\u0131z\u0131l\" \/>\n<meta property=\"article:published_time\" content=\"2025-03-07T06:41:42+00:00\" \/>\n<meta name=\"author\" content=\"admin\" \/>\n<meta name=\"twitter:card\" content=\"summary_large_image\" \/>\n<meta name=\"twitter:label1\" content=\"\u041d\u0430\u043f\u0438\u0441\u0430\u043d\u043e\" \/>\n\t<meta name=\"twitter:data1\" content=\"admin\" \/>\n\t<meta name=\"twitter:label2\" content=\"\u041f\u0440\u0438\u0431\u043b. \u0447\u0430\u0441 \u0447\u0438\u0442\u0430\u043d\u043d\u044f\" \/>\n\t<meta name=\"twitter:data2\" content=\"7 \u0445\u0432\u0438\u043b\u0438\u043d\" \/>\n<script type=\"application\/ld+json\" class=\"yoast-schema-graph\">{\"@context\":\"https:\/\/schema.org\",\"@graph\":[{\"@type\":\"Article\",\"@id\":\"https:\/\/denizcankizil.tr\/uk\/haberler\/gundem\/bursa-niluferde-ciftciye-ornek-olacak\/#article\",\"isPartOf\":{\"@id\":\"https:\/\/denizcankizil.tr\/uk\/haberler\/gundem\/bursa-niluferde-ciftciye-ornek-olacak\/\"},\"author\":{\"name\":\"admin\",\"@id\":\"https:\/\/denizcankizil.tr\/de\/#\/schema\/person\/be3c05fe6a12686905512445d8185489\"},\"headline\":\"Bursa Nil\u00fcfer&#8217;de \u00e7ift\u00e7iye \u00f6rnek olacak\",\"datePublished\":\"2025-03-07T06:41:42+00:00\",\"mainEntityOfPage\":{\"@id\":\"https:\/\/denizcankizil.tr\/uk\/haberler\/gundem\/bursa-niluferde-ciftciye-ornek-olacak\/\"},\"wordCount\":1384,\"commentCount\":0,\"publisher\":{\"@id\":\"https:\/\/denizcankizil.tr\/de\/#organization\"},\"articleSection\":[\"G\u00fcndem\"],\"inLanguage\":\"uk\",\"potentialAction\":[{\"@type\":\"CommentAction\",\"name\":\"Comment\",\"target\":[\"https:\/\/denizcankizil.tr\/uk\/haberler\/gundem\/bursa-niluferde-ciftciye-ornek-olacak\/#respond\"]}]},{\"@type\":\"WebPage\",\"@id\":\"https:\/\/denizcankizil.tr\/uk\/haberler\/gundem\/bursa-niluferde-ciftciye-ornek-olacak\/\",\"url\":\"https:\/\/denizcankizil.tr\/uk\/haberler\/gundem\/bursa-niluferde-ciftciye-ornek-olacak\/\",\"name\":\"Bursa Nil\u00fcfer'de \u00e7ift\u00e7iye \u00f6rnek olacak - Av. Deniz Can K\u0131z\u0131l\",\"isPartOf\":{\"@id\":\"https:\/\/denizcankizil.tr\/de\/#website\"},\"datePublished\":\"2025-03-07T06:41:42+00:00\",\"breadcrumb\":{\"@id\":\"https:\/\/denizcankizil.tr\/uk\/haberler\/gundem\/bursa-niluferde-ciftciye-ornek-olacak\/#breadcrumb\"},\"inLanguage\":\"uk\",\"potentialAction\":[{\"@type\":\"ReadAction\",\"target\":[\"https:\/\/denizcankizil.tr\/uk\/haberler\/gundem\/bursa-niluferde-ciftciye-ornek-olacak\/\"]}]},{\"@type\":\"BreadcrumbList\",\"@id\":\"https:\/\/denizcankizil.tr\/uk\/haberler\/gundem\/bursa-niluferde-ciftciye-ornek-olacak\/#breadcrumb\",\"itemListElement\":[{\"@type\":\"ListItem\",\"position\":1,\"name\":\"Home\",\"item\":\"https:\/\/denizcankizil.tr\/de\/\"},{\"@type\":\"ListItem\",\"position\":2,\"name\":\"Bursa Nil\u00fcfer&#8217;de \u00e7ift\u00e7iye \u00f6rnek olacak\"}]},{\"@type\":\"WebSite\",\"@id\":\"https:\/\/denizcankizil.tr\/de\/#website\",\"url\":\"https:\/\/denizcankizil.tr\/de\/\",\"name\":\"Av. Deniz Can K\u0131z\u0131l\",\"description\":\"Avukat Deniz Can K\u0131z\u0131l Antalya Barosu\",\"publisher\":{\"@id\":\"https:\/\/denizcankizil.tr\/de\/#organization\"},\"potentialAction\":[{\"@type\":\"SearchAction\",\"target\":{\"@type\":\"EntryPoint\",\"urlTemplate\":\"https:\/\/denizcankizil.tr\/de\/?s={search_term_string}\"},\"query-input\":{\"@type\":\"PropertyValueSpecification\",\"valueRequired\":true,\"valueName\":\"search_term_string\"}}],\"inLanguage\":\"uk\"},{\"@type\":\"Organization\",\"@id\":\"https:\/\/denizcankizil.tr\/de\/#organization\",\"name\":\"Av. Deniz Can K\u0131z\u0131l\",\"url\":\"https:\/\/denizcankizil.tr\/de\/\",\"logo\":{\"@type\":\"ImageObject\",\"inLanguage\":\"uk\",\"@id\":\"https:\/\/denizcankizil.tr\/de\/#\/schema\/logo\/image\/\",\"url\":\"https:\/\/denizcankizil.tr\/wp-content\/uploads\/2024\/10\/siyah-logo-svg.svg\",\"contentUrl\":\"https:\/\/denizcankizil.tr\/wp-content\/uploads\/2024\/10\/siyah-logo-svg.svg\",\"width\":1080,\"height\":1080,\"caption\":\"Av. Deniz Can K\u0131z\u0131l\"},\"image\":{\"@id\":\"https:\/\/denizcankizil.tr\/de\/#\/schema\/logo\/image\/\"}},{\"@type\":\"Person\",\"@id\":\"https:\/\/denizcankizil.tr\/de\/#\/schema\/person\/be3c05fe6a12686905512445d8185489\",\"name\":\"admin\",\"image\":{\"@type\":\"ImageObject\",\"inLanguage\":\"uk\",\"@id\":\"https:\/\/denizcankizil.tr\/de\/#\/schema\/person\/image\/\",\"url\":\"https:\/\/secure.gravatar.com\/avatar\/c1fce94c830dc79107e174f890d7210541c4a63e8e5d816341794a2151c9d58c?s=96&d=mm&r=g\",\"contentUrl\":\"https:\/\/secure.gravatar.com\/avatar\/c1fce94c830dc79107e174f890d7210541c4a63e8e5d816341794a2151c9d58c?s=96&d=mm&r=g\",\"caption\":\"admin\"},\"sameAs\":[\"http:\/\/denizcankizil.tr\"],\"url\":\"https:\/\/www.iskenderun.org\/bursa-niluferde-ciftciye-ornek-olacak\"}]}<\/script>\n<!-- \/ Yoast SEO Premium plugin. -->","yoast_head_json":{"title":"Bursa Nil\u00fcfer'de \u00e7ift\u00e7iye \u00f6rnek olacak - Av. Deniz Can K\u0131z\u0131l","robots":{"index":"index","follow":"follow","max-snippet":"max-snippet:-1","max-image-preview":"max-image-preview:large","max-video-preview":"max-video-preview:-1"},"canonical":"https:\/\/denizcankizil.tr\/uk\/haberler\/gundem\/bursa-niluferde-ciftciye-ornek-olacak\/","og_locale":"uk_UA","og_type":"article","og_title":"Bursa Nil\u00fcfer'de \u00e7ift\u00e7iye \u00f6rnek olacak","og_description":"Bursa Nil\u00fcfer Belediyesi, \u00e7ift\u00e7ileri tar\u0131ma te\u015fvik etmek ve \u00f6rnek \u00fcretimler ger\u00e7ekle\u015ftirmek amac\u0131yla, Kadriye Mahallesi\u2019nde 6 dekarl\u0131k alanda ahududu \u00fcretimi i\u00e7in ilk ad\u0131m\u0131 att\u0131. N\u0130LKOOP i\u015f birli\u011fiyle ger\u00e7ekle\u015ftirilen proje kapsam\u0131nda, b\u00f6lgede ahududu \u00fcretiminin yayg\u0131nla\u015ft\u0131r\u0131lmas\u0131 hedefleniyor.BURSA (\u0130GFA) &#8211; Bursa\u00a0Nil\u00fcfer Belediyesi tar\u0131mda \u00f6rnek projelerine bir yenisini daha ekledi. \u00c7ift\u00e7iyi tar\u0131ma te\u015fvik etmek ve \u00fcretimi desteklemek amac\u0131yla \u00fcr\u00fcn denemelerini s\u00fcrd\u00fcren Nil\u00fcfer Belediyesi, Kadriye Mahallesi\u2019nde ahududu \u00fcretimini ba\u015flatmak i\u00e7in 6 dekarl\u0131k alana fidan dikimi ger\u00e7ekle\u015ftirdi. Nil\u00fcfer Tar\u0131msal Kalk\u0131nma Kooperatifi (N\u0130LKOOP) i\u015f birli\u011finde ger\u00e7ekle\u015ftirilen fidan dikim t\u00f6renine; Nil\u00fcfer Belediye Ba\u015fkan\u0131 \u015eadi \u00d6zdemir, Bursa B\u00fcy\u00fck\u015fehir Belediye Ba\u015fkan Vekili ve Tar\u0131m Peyzaj A.\u015e. Y\u00f6netim Kurulu Ba\u015fkan\u0131 Mehmet Ayd\u0131n Sald\u0131z, Osmangazi Belediye Ba\u015fkan Vekili Cemile Y\u0131lg\u00f6r, CHP Nil\u00fcfer \u0130l\u00e7e Ba\u015fkan\u0131 \u00d6zg\u00fcr \u015eahin, Nil\u00fcfer Ziraat Odas\u0131 Ba\u015fkan\u0131 \u015eenol Aybey, N\u0130LKOOP Y\u00f6netim Kurulu Ba\u015fkan\u0131 S\u00fcleyman Ayy\u0131lmaz, Kadriye Mahallesi Muhtar\u0131 Osman Oslu ve \u00e7ok say\u0131da mahalle muhtar\u0131 \u00a0ile vatanda\u015flar kat\u0131ld\u0131. \u201cKIRSALDAK\u0130 \u0130NSANLARIMIZIN KAZANMASINI SA\u011eLAMALIYIZ\u201d T\u00f6rende konu\u015fan Nil\u00fcfer Belediye Ba\u015fkan\u0131 \u015eadi \u00d6zdemir, tar\u0131m\u0131n kendileri i\u00e7in \u00e7ok k\u0131ymetli oldu\u011funu vurgulayarak, tar\u0131m alanlar\u0131n\u0131n b\u00fcy\u00fck bir bask\u0131 alt\u0131nda oldu\u011funa dikkat \u00e7ekti. Artan maliyetler ve verilen desteklerin azalmas\u0131 nedeniyle insanlar\u0131n, \u00f6zellikle gen\u00e7lerin tar\u0131mdan vazge\u00e7ti\u011fini belirten Ba\u015fkan \u015eadi \u00d6zdemir, \u201cTar\u0131m alanlar\u0131n\u0131 kaybetmemek i\u00e7in buralar\u0131n yeniden \u00fcretime girmesi gerekiyor. K\u0131rsal b\u00f6lgelerde ya\u015fayan insanlar\u0131m\u0131z\u0131n tar\u0131m ve turizm gelirleriyle kendilerine gelecek &hellip;","og_url":"https:\/\/denizcankizil.tr\/uk\/haberler\/gundem\/bursa-niluferde-ciftciye-ornek-olacak\/","og_site_name":"Av. Deniz Can K\u0131z\u0131l","article_published_time":"2025-03-07T06:41:42+00:00","author":"admin","twitter_card":"summary_large_image","twitter_misc":{"\u041d\u0430\u043f\u0438\u0441\u0430\u043d\u043e":"admin","\u041f\u0440\u0438\u0431\u043b. \u0447\u0430\u0441 \u0447\u0438\u0442\u0430\u043d\u043d\u044f":"7 \u0445\u0432\u0438\u043b\u0438\u043d"},"schema":{"@context":"https:\/\/schema.org","@graph":[{"@type":"Article","@id":"https:\/\/denizcankizil.tr\/uk\/haberler\/gundem\/bursa-niluferde-ciftciye-ornek-olacak\/#article","isPartOf":{"@id":"https:\/\/denizcankizil.tr\/uk\/haberler\/gundem\/bursa-niluferde-ciftciye-ornek-olacak\/"},"author":{"name":"admin","@id":"https:\/\/denizcankizil.tr\/de\/#\/schema\/person\/be3c05fe6a12686905512445d8185489"},"headline":"Bursa Nil\u00fcfer&#8217;de \u00e7ift\u00e7iye \u00f6rnek olacak","datePublished":"2025-03-07T06:41:42+00:00","mainEntityOfPage":{"@id":"https:\/\/denizcankizil.tr\/uk\/haberler\/gundem\/bursa-niluferde-ciftciye-ornek-olacak\/"},"wordCount":1384,"commentCount":0,"publisher":{"@id":"https:\/\/denizcankizil.tr\/de\/#organization"},"articleSection":["G\u00fcndem"],"inLanguage":"uk","potentialAction":[{"@type":"CommentAction","name":"Comment","target":["https:\/\/denizcankizil.tr\/uk\/haberler\/gundem\/bursa-niluferde-ciftciye-ornek-olacak\/#respond"]}]},{"@type":"WebPage","@id":"https:\/\/denizcankizil.tr\/uk\/haberler\/gundem\/bursa-niluferde-ciftciye-ornek-olacak\/","url":"https:\/\/denizcankizil.tr\/uk\/haberler\/gundem\/bursa-niluferde-ciftciye-ornek-olacak\/","name":"Bursa Nil\u00fcfer'de \u00e7ift\u00e7iye \u00f6rnek olacak - Av. Deniz Can K\u0131z\u0131l","isPartOf":{"@id":"https:\/\/denizcankizil.tr\/de\/#website"},"datePublished":"2025-03-07T06:41:42+00:00","breadcrumb":{"@id":"https:\/\/denizcankizil.tr\/uk\/haberler\/gundem\/bursa-niluferde-ciftciye-ornek-olacak\/#breadcrumb"},"inLanguage":"uk","potentialAction":[{"@type":"ReadAction","target":["https:\/\/denizcankizil.tr\/uk\/haberler\/gundem\/bursa-niluferde-ciftciye-ornek-olacak\/"]}]},{"@type":"BreadcrumbList","@id":"https:\/\/denizcankizil.tr\/uk\/haberler\/gundem\/bursa-niluferde-ciftciye-ornek-olacak\/#breadcrumb","itemListElement":[{"@type":"ListItem","position":1,"name":"Home","item":"https:\/\/denizcankizil.tr\/de\/"},{"@type":"ListItem","position":2,"name":"Bursa Nil\u00fcfer&#8217;de \u00e7ift\u00e7iye \u00f6rnek olacak"}]},{"@type":"WebSite","@id":"https:\/\/denizcankizil.tr\/de\/#website","url":"https:\/\/denizcankizil.tr\/de\/","name":"Av. Deniz Can K\u0131z\u0131l","description":"Avukat Deniz Can K\u0131z\u0131l Antalya Barosu","publisher":{"@id":"https:\/\/denizcankizil.tr\/de\/#organization"},"potentialAction":[{"@type":"SearchAction","target":{"@type":"EntryPoint","urlTemplate":"https:\/\/denizcankizil.tr\/de\/?s={search_term_string}"},"query-input":{"@type":"PropertyValueSpecification","valueRequired":true,"valueName":"search_term_string"}}],"inLanguage":"uk"},{"@type":"Organization","@id":"https:\/\/denizcankizil.tr\/de\/#organization","name":"Av. Deniz Can K\u0131z\u0131l","url":"https:\/\/denizcankizil.tr\/de\/","logo":{"@type":"ImageObject","inLanguage":"uk","@id":"https:\/\/denizcankizil.tr\/de\/#\/schema\/logo\/image\/","url":"https:\/\/denizcankizil.tr\/wp-content\/uploads\/2024\/10\/siyah-logo-svg.svg","contentUrl":"https:\/\/denizcankizil.tr\/wp-content\/uploads\/2024\/10\/siyah-logo-svg.svg","width":1080,"height":1080,"caption":"Av. Deniz Can K\u0131z\u0131l"},"image":{"@id":"https:\/\/denizcankizil.tr\/de\/#\/schema\/logo\/image\/"}},{"@type":"Person","@id":"https:\/\/denizcankizil.tr\/de\/#\/schema\/person\/be3c05fe6a12686905512445d8185489","name":"\u0430\u0434\u043c\u0456\u043d","image":{"@type":"ImageObject","inLanguage":"uk","@id":"https:\/\/denizcankizil.tr\/de\/#\/schema\/person\/image\/","url":"https:\/\/secure.gravatar.com\/avatar\/c1fce94c830dc79107e174f890d7210541c4a63e8e5d816341794a2151c9d58c?s=96&d=mm&r=g","contentUrl":"https:\/\/secure.gravatar.com\/avatar\/c1fce94c830dc79107e174f890d7210541c4a63e8e5d816341794a2151c9d58c?s=96&d=mm&r=g","caption":"admin"},"sameAs":["http:\/\/denizcankizil.tr"],"url":"https:\/\/www.iskenderun.org\/bursa-niluferde-ciftciye-ornek-olacak"}]}},"_links":{"self":[{"href":"https:\/\/denizcankizil.tr\/uk\/wp-json\/wp\/v2\/posts\/34961","targetHints":{"allow":["GET"]}}],"collection":[{"href":"https:\/\/denizcankizil.tr\/uk\/wp-json\/wp\/v2\/posts"}],"about":[{"href":"https:\/\/denizcankizil.tr\/uk\/wp-json\/wp\/v2\/types\/post"}],"author":[{"embeddable":true,"href":"https:\/\/denizcankizil.tr\/uk\/wp-json\/wp\/v2\/users\/1"}],"replies":[{"embeddable":true,"href":"https:\/\/denizcankizil.tr\/uk\/wp-json\/wp\/v2\/comments?post=34961"}],"version-history":[{"count":0,"href":"https:\/\/denizcankizil.tr\/uk\/wp-json\/wp\/v2\/posts\/34961\/revisions"}],"wp:attachment":[{"href":"https:\/\/denizcankizil.tr\/uk\/wp-json\/wp\/v2\/media?parent=34961"}],"wp:term":[{"taxonomy":"category","embeddable":true,"href":"https:\/\/denizcankizil.tr\/uk\/wp-json\/wp\/v2\/categories?post=34961"},{"taxonomy":"post_tag","embeddable":true,"href":"https:\/\/denizcankizil.tr\/uk\/wp-json\/wp\/v2\/tags?post=34961"}],"curies":[{"name":"wp","href":"https:\/\/api.w.org\/{rel}","templated":true}]}}