{"id":34952,"date":"2025-03-07T09:41:28","date_gmt":"2025-03-07T06:41:28","guid":{"rendered":"https:\/\/denizcankizil.tr\/uncategorized-tr\/antalyada-turizmcileri-ayaga-kaldiran-projede-imza-kampanyasi\/"},"modified":"2025-03-07T09:41:28","modified_gmt":"2025-03-07T06:41:28","slug":"antalyada-turizmcileri-ayaga-kaldiran-projede-imza-kampanyasi","status":"publish","type":"post","link":"https:\/\/denizcankizil.tr\/uk\/haberler\/gundem\/antalyada-turizmcileri-ayaga-kaldiran-projede-imza-kampanyasi\/","title":{"rendered":"Antalya\u2019da turizmcileri aya\u011fa kald\u0131ran projede imza kampanyas\u0131"},"content":{"rendered":"<p>Antalya\u2019n\u0131n Alanya il\u00e7esinde Ye\u015fil\u00f6z Mahallesinde Aytemiz Akaryak\u0131t Da\u011f\u0131t\u0131m taraf\u0131ndan yap\u0131lmas\u0131 planlanan yana\u015fma Dolfeni Tesisi Kapasite Art\u0131\u015f\u0131 Projesi b\u00fcy\u00fck tepki \u00e7ekmi\u015fti. Gemi yana\u015fma kapasitesinin 60 bin DWT\u2019den 160 bin DWT\u2019ye y\u00fckseltilece\u011fi projeye \u00c7ED olumlu karar\u0131 verdi. Karar turizmcileri aya\u011fa kald\u0131r\u0131rken, Kleopatra Otelciler Derne\u011fi Ba\u015fkan\u0131 Servet \u015eakiro\u011flu karar\u0131 yarg\u0131ya ta\u015f\u0131yacaklar\u0131n\u0131 duyurmu\u015ftu. Deniz kaplumba\u011falar\u0131 ve kum zambaklar\u0131 ile \u00fcnl\u00fc sahilde hayata ge\u00e7irilmek istenen proje bir yandan yarg\u0131ya ta\u015f\u0131n\u0131rken di\u011fer taraftan da iptal edilmesi i\u00e7in imza kampanyas\u0131 ba\u015flat\u0131ld\u0131.<\/p>\n<p>\u00c7ED S\u00dcREC\u0130NE G\u0130R\u0130LD\u0130\u00a0<\/p>\n<p>Antalya K\u00f6rfez Gazetesi muhabiri Ertu\u011frul G\u00fcn&#8217;\u00fcn haberine g\u00f6re; Aytemiz Akaryak\u0131t Da\u011f\u0131t\u0131m A.\u015e., Alanya\u2019n\u0131n Ye\u015fil\u00f6z Mahallesi\u2019nde akaryak\u0131t ve LPG depolama alan\u0131 ile deniz yoluyla akaryak\u0131t ta\u015f\u0131mac\u0131l\u0131\u011f\u0131na y\u00f6nelik bir tesis kurmak i\u00e7in 2011 y\u0131l\u0131nda ba\u015fvuru yapt\u0131. Antalya \u00c7evre, \u015eehircilik ve \u0130klim De\u011fi\u015fikli\u011fi \u0130l M\u00fcd\u00fcrl\u00fc\u011f\u00fc, ayn\u0131 y\u0131l \u201c\u00c7ED Gerekli De\u011fildir\u201d belgesi vererek projenin ba\u015flat\u0131lmas\u0131na onay verdi. Ancak tesisin kapasite art\u0131\u015f\u0131 ihtiyac\u0131 do\u011funca 2013 y\u0131l\u0131nda yeni bir proje tan\u0131t\u0131m dosyas\u0131 haz\u0131rlanarak tekrar \u00c7ED s\u00fcrecine girildi.\u00a0<\/p>\n<p>BAKANLIKTAN \u00d6NER\u0130<\/p>\n<p>Yetkili kurumlar taraf\u0131ndan yap\u0131lan incelemeler sonucunda 20 A\u011fustos 2013 tarihinde ikinci kez \u201c\u00c7ED Gerekli De\u011fildir\u201d karar\u0131 al\u0131nd\u0131. \u0130lk planlamada akaryak\u0131t\u0131n \u015famand\u0131ra hatt\u0131 ile ta\u015f\u0131nmas\u0131 \u00f6ng\u00f6r\u00fcl\u00fcyordu. Ancak Ula\u015ft\u0131rma, Denizcilik ve Haberle\u015fme Bakanl\u0131\u011f\u0131, \u00fclke genelinde akaryak\u0131t ve LPG ta\u015f\u0131mac\u0131l\u0131\u011f\u0131n\u0131n deniz dibi boru hatlar\u0131 ile yap\u0131lmas\u0131n\u0131 \u00f6nerdi. Bu do\u011frultuda proje revize edilerek Gemi Yana\u015fma Dolfeni sistemi benimsendi. 2014 y\u0131l\u0131nda yap\u0131lan \u00c7ED ba\u015fvurusu sonucunda, Bakanl\u0131k 18 Eyl\u00fcl 2014 tarihinde \u201c\u00c7ED Olumlu\u201d karar\u0131 verdi.<\/p>\n<p>\u00c7ALI\u015eMA RUHSATI VER\u0130LD\u0130<\/p>\n<p>Toplam 96 bin 948 metrekare alan \u00fczerine in\u015fa edilen tesisin ilk etapta planlanan kapasitesi 234 bin 759 metrek\u00fcp iken, daha sonra yap\u0131lan revizyonla 222 bin 604 metrek\u00fcp olarak belirlendi. 30 Haziran 2016 tarihinde Antalya B\u00fcy\u00fck\u015fehir Belediyesi taraf\u0131ndan \u0130\u015fyeri A\u00e7ma ve \u00c7al\u0131\u015fma Ruhsat\u0131 verildi. Enerji Piyasas\u0131 D\u00fczenleme Kurumu (EPDK), 2016 y\u0131l\u0131 i\u00e7inde Akaryak\u0131t ve LPG Depolama Lisans\u0131 ve Boru Hatt\u0131 ile LPG Ta\u015f\u0131ma Lisans\u0131 onaylar\u0131n\u0131 verdi. Ayn\u0131 y\u0131l\u0131n aral\u0131k ay\u0131nda tesis, akaryak\u0131t ve LPG depolama faaliyetlerine ba\u015flad\u0131. \u015eirket mevcut yana\u015fma dolfeni ile ilgili olarak tesiste herhangi bir kaz\u0131, dolgu, dip taramas\u0131, in\u015faat \u00e7al\u0131\u015fmas\u0131 yap\u0131lmadan fiziki \u015fartlar\u0131 ayn\u0131 kalmas\u0131 ko\u015fuluyla tesisin gemi yana\u015fma kapasitesinin 60 bin DWT kapasiteli olarak i\u015fletilmesi ile ilgili olarak \u00c7evre, \u015eehircilik ve \u0130klim De\u011fi\u015fikli\u011fi Bakanl\u0131\u011f\u0131na ba\u015fvuru yapt\u0131. Bakanl\u0131k bir kez daha ko\u015fullara uyulmas\u0131 \u015fart\u0131 ile \u00c7ED Y\u00f6netmeli\u011fi h\u00fck\u00fcmlerinin uygulanmas\u0131na gerek bulunmad\u0131\u011f\u0131n\u0131 bildirdi.\u00a0<\/p>\n<p>3 KATA YAKIN ARTI\u015e<\/p>\n<p>Akaryak\u0131t Depolama ve Dolum Tesisinde yap\u0131lan kapasite art\u0131\u015f\u0131, b\u00f6lgedeki akaryak\u0131t ihtiyac\u0131 ve talebinin artmas\u0131 ile daha b\u00fcy\u00fck gemilerin yana\u015fmas\u0131 ihtiyac\u0131n\u0131 olu\u015fturdu. Bu ihtiyac\u0131n ard\u0131ndan harekete ge\u00e7en Aytemiz Akaryak\u0131t Da\u011f\u0131t\u0131m A.\u015e. Yana\u015fma Dolfeninde kapasite art\u0131\u015f\u0131 plan\u0131na ge\u00e7ti. Plan kapsam\u0131nda Yana\u015fma Dolfeni\u2019nin do\u011fu ve bat\u0131 y\u00f6n\u00fcne 16,2*16,2 boyutunda Ba\u011flama Dolfeni ve 2 adet 28 \u2018\u015fer metre uzunlu\u011funda Kedi yolu ilave edilerek b\u00fcy\u00fct\u00fclmesi ama\u00e7land\u0131. Yap\u0131lmas\u0131 planlanan kapasite art\u0131\u015f\u0131 sonras\u0131nda 6 adet kedi yolu bulunmas\u0131 planlanmakta olup toplam kedi yolu uzunlu\u011fu 154 metre olaca\u011f\u0131 belirtildi. Kapasite art\u0131\u015f\u0131 sonras\u0131 Yana\u015fma Dolfeninin toplam 324,4 metre uzunlu\u011fa ula\u015farak 160.000 Dwt kapasiteli gemilerin yana\u015fabilece\u011fi bir tesis olaca\u011f\u0131 duyuruldu.\u00a0<\/p>\n<p>\u201cOLASI B\u0130R KAZADA TUR\u0130ZM B\u0130TME NOKTASINA GEL\u0130R\u201d<\/p>\n<p>Alanya Turistik \u0130\u015fletmeciler Derne\u011fi (ALT\u0130D) Ba\u015fkan\u0131 Burhan Sili projeye tepkilere ra\u011fmen \u00c7ED olumlu karar verilmesini ele\u015ftirdi. Sili, \u201cAlanya gibi turizmin \u00f6ne \u00e7\u0131kt\u0131\u011f\u0131 bir \u015fehirde bu yat\u0131r\u0131m do\u011fru bir yat\u0131r\u0131m de\u011fil. Bu b\u00f6lgede olmas\u0131n\u0131 arzu etmeyiz. Bizi bug\u00fcne kadar do\u011fru d\u00fcr\u00fcst bir bilgilendirme de yap\u0131lmad\u0131. Olas\u0131 bir kazada turizm bitme noktas\u0131na gelir. Bir ka\u00e7ak ya da ak\u0131nt\u0131 denizleri kirletir. Turizm olumsuz etkilenir. Turizmde bir risk yarat\u0131yor\u201d dedi. Kleopatra Otelciler Derne\u011fi Ba\u015fkan\u0131 Servet \u015eakiro\u011flu, projenin turizm i\u00e7in b\u00fcy\u00fck bir risk bar\u0131nd\u0131rd\u0131\u011f\u0131n\u0131 ifade ederek \u00c7ED karar\u0131n\u0131 mahkemeye ta\u015f\u0131yacaklar\u0131n\u0131 belirtmi\u015fti.\u00a0<\/p>\n<p>\u015eU ANDA 170 \u0130MZA TOPLANDI\u00a0<\/p>\n<p>Deniz kaplumba\u011falar\u0131 ve kum zambaklar\u0131 ile \u00fcnl\u00fc sahilde hayata ge\u00e7irilmek istenen proje bir yandan yarg\u0131ya tan\u0131\u015f\u0131rken di\u011fer taraftan da iptal edilmesi i\u00e7in imza kampanyas\u0131 ba\u015flat\u0131ld\u0131. 200 ki\u015finin hedeflendi\u011fi kampanyada \u015fuana kadar 170 imza topland\u0131. G\u00fcldane \u015eahin taraf\u0131ndan internet \u00fczerinden olarak ba\u015flat\u0131lan kampanyada birtak\u0131m \u00e7ekincelere de yer verildi. Kampanyan\u0131n a\u00e7\u0131klamas\u0131nda bir kez daha Alanya Ye\u015fil\u00f6z Sahili\u2019ne g\u00f6z\u00fcn\u00fc dikildi\u011fine dikkat \u00e7ekildi. A\u00e7\u0131klamada, \u201cBundan 4 y\u0131l \u00f6nce, bu \u015firketin akaryak\u0131t bo\u015falt\u0131m tesisini b\u00fcy\u00fctme planlar\u0131na kar\u015f\u0131 bir imza kampanyas\u0131 ba\u015flatm\u0131\u015f ve hep birlikte Caretta Carettalar\u0131m\u0131z\u0131n yuvalama alan\u0131n\u0131 ve nesli t\u00fckenme alt\u0131ndaki kum zambaklar\u0131n\u0131 kurtarm\u0131\u015ft\u0131k. Mahkeme, o zaman bu projenin \u00e7evreye zarar verece\u011fine h\u00fckmetmi\u015f ve itirazlar\u0131m\u0131z\u0131 hakl\u0131 bularak bu projeye dur demi\u015fti. Buna ra\u011fmen \u015fimdi \u00c7evresel Etki De\u011ferlendirmesi Raporu, halk\u0131 bilgilendirme toplant\u0131s\u0131 bile yap\u0131lmadan Bakanl\u0131k taraf\u0131ndan tekrar onayland\u0131\u201d denildi.\u00a0<\/p>\n<p>\u201cL\u00dcTFEN KIYMAYIN BU G\u00dcZELL\u0130KLERE\u201d<\/p>\n<p>Daha \u00f6nce \u00e7evreye olacak zararl\u0131 etkileri nedeniyle iptal olan \u00c7ED raporunun tekrar onaylanmas\u0131n\u0131 kabul etmediklerini belirtilen a\u00e7\u0131klamada, \u201cL\u00fctfen k\u0131ymay\u0131n bu g\u00fczelliklere, deniz kaplumba\u011falar\u0131na k\u0131ymay\u0131n kum zambaklar\u0131na k\u0131ymay\u0131n, ye\u015filimize mavimize k\u0131ymay\u0131n cennet Ye\u015fil\u00f6z\u2019\u00fcm\u00fcze k\u0131ymay\u0131n. \u00a0Buradaki Caretta Caretta ve kum zambaklar\u0131n\u0131n yeniden \u00e7ok acil deste\u011finize ihtiyac\u0131 var. \u00a0Bu s\u00fcre\u00e7te sizlerin deste\u011fi \u00e7ok \u00f6nemli, l\u00fctfen kampanyay\u0131 imzalay\u0131p payla\u015f\u0131n ve buradaki b\u00fcy\u00fck tehdidi herkese duyurmam\u0131za yard\u0131m edin. \u00a0E\u011fer bu tesis geni\u015fletirlerse denizimizi, deniz i\u00e7indeki canl\u0131lar\u0131, sahilimizi, sahilimizdeki ya\u015fayan canl\u0131lar\u0131 ve T\u00fcrkiye turizminde \u00f6nemli yeri olan Alanya\u2019y\u0131 k\u00f6t\u00fc etkileyecek. K\u0131sacas\u0131 \u00c7evreye olumsuz etkisi geri d\u00f6n\u00fc\u015ft\u00fcr\u00fclemez olacak. Kum zamba\u011f\u0131 o kadar \u00f6zel ve tehlike alt\u0131nda bir t\u00fcrd\u00fcr ki, koparman\u0131n cezas\u0131 387.141 TL\u2019dir. Hal b\u00f6yleyken bu b\u00f6lgede bu tesise izin verilmesi anla\u015f\u0131l\u0131r bir \u015fey de\u011fil\u201d ifadelerine yer verildi.\u00a0<\/p>\n<p>\u200bAntalya\u2019n\u0131n Alanya il\u00e7esinde Ye\u015fil\u00f6z Mahallesinde Aytemiz Akaryak\u0131t Da\u011f\u0131t\u0131m taraf\u0131ndan yap\u0131lmas\u0131 planlanan yana\u015fma Dolfeni Tesisi Kapasite Art\u0131\u015f\u0131 Projesi b\u00fcy\u00fck tepki \u00e7ekmi\u015fti. Deniz kaplumba\u011falar\u0131 ve kum zambaklar\u0131 ile \u00fcnl\u00fc sahilde hayata ge\u00e7irilmek istenen proje bir yandan yarg\u0131ya tan\u0131\u015f\u0131rken di\u011fer taraftan da iptal edilmesi i\u00e7in imza kampanyas\u0131 ba\u015flat\u0131ld\u0131.\u00a0<\/p>\n<p>\u200bHaberin Al\u0131nt\u0131land\u0131\u011f\u0131 Kaynak: www.antalyakorfez.com<\/p>","protected":false},"excerpt":{"rendered":"<p>Antalya\u2019n\u0131n Alanya il\u00e7esinde Ye\u015fil\u00f6z Mahallesinde Aytemiz Akaryak\u0131t Da\u011f\u0131t\u0131m taraf\u0131ndan yap\u0131lmas\u0131 planlanan yana\u015fma Dolfeni Tesisi Kapasite Art\u0131\u015f\u0131 Projesi b\u00fcy\u00fck tepki \u00e7ekmi\u015fti. Gemi yana\u015fma kapasitesinin 60 bin DWT\u2019den 160 bin DWT\u2019ye y\u00fckseltilece\u011fi projeye \u00c7ED olumlu karar\u0131 verdi. Karar turizmcileri aya\u011fa kald\u0131r\u0131rken, Kleopatra Otelciler Derne\u011fi Ba\u015fkan\u0131 Servet \u015eakiro\u011flu karar\u0131 yarg\u0131ya ta\u015f\u0131yacaklar\u0131n\u0131 duyurmu\u015ftu. Deniz kaplumba\u011falar\u0131 ve kum zambaklar\u0131 ile \u00fcnl\u00fc sahilde hayata ge\u00e7irilmek istenen proje bir yandan yarg\u0131ya ta\u015f\u0131n\u0131rken di\u011fer taraftan da iptal edilmesi i\u00e7in imza kampanyas\u0131 ba\u015flat\u0131ld\u0131. \u00c7ED S\u00dcREC\u0130NE G\u0130R\u0130LD\u0130\u00a0 Antalya K\u00f6rfez Gazetesi muhabiri Ertu\u011frul G\u00fcn&#8217;\u00fcn haberine g\u00f6re; Aytemiz Akaryak\u0131t Da\u011f\u0131t\u0131m A.\u015e., Alanya\u2019n\u0131n Ye\u015fil\u00f6z Mahallesi\u2019nde akaryak\u0131t ve LPG depolama alan\u0131 ile deniz yoluyla akaryak\u0131t ta\u015f\u0131mac\u0131l\u0131\u011f\u0131na y\u00f6nelik bir tesis kurmak i\u00e7in 2011 y\u0131l\u0131nda ba\u015fvuru yapt\u0131. Antalya \u00c7evre, \u015eehircilik ve \u0130klim De\u011fi\u015fikli\u011fi \u0130l M\u00fcd\u00fcrl\u00fc\u011f\u00fc, ayn\u0131 y\u0131l \u201c\u00c7ED Gerekli De\u011fildir\u201d belgesi vererek projenin ba\u015flat\u0131lmas\u0131na onay verdi. Ancak tesisin kapasite art\u0131\u015f\u0131 ihtiyac\u0131 do\u011funca 2013 y\u0131l\u0131nda yeni bir proje tan\u0131t\u0131m dosyas\u0131 haz\u0131rlanarak tekrar \u00c7ED s\u00fcrecine girildi.\u00a0 BAKANLIKTAN \u00d6NER\u0130 Yetkili kurumlar taraf\u0131ndan yap\u0131lan incelemeler sonucunda 20 A\u011fustos 2013 tarihinde ikinci kez \u201c\u00c7ED Gerekli De\u011fildir\u201d karar\u0131 al\u0131nd\u0131. \u0130lk planlamada akaryak\u0131t\u0131n \u015famand\u0131ra hatt\u0131 ile ta\u015f\u0131nmas\u0131 \u00f6ng\u00f6r\u00fcl\u00fcyordu. Ancak Ula\u015ft\u0131rma, Denizcilik ve Haberle\u015fme Bakanl\u0131\u011f\u0131, \u00fclke genelinde akaryak\u0131t ve LPG ta\u015f\u0131mac\u0131l\u0131\u011f\u0131n\u0131n deniz dibi boru hatlar\u0131 ile yap\u0131lmas\u0131n\u0131 \u00f6nerdi. Bu do\u011frultuda proje revize edilerek Gemi &hellip;<\/p>","protected":false},"author":5,"featured_media":0,"comment_status":"open","ping_status":"open","sticky":false,"template":"","format":"standard","meta":{"_acf_changed":false,"footnotes":""},"categories":[24],"tags":[],"class_list":["post-34952","post","type-post","status-publish","format-standard","has-post-thumbnail","hentry","category-gundem"],"acf":[],"yoast_head":"<!-- This site is optimized with the Yoast SEO Premium plugin v26.6 (Yoast SEO v27.1.1) - https:\/\/yoast.com\/product\/yoast-seo-premium-wordpress\/ -->\n<title>Antalya\u2019da turizmcileri aya\u011fa kald\u0131ran projede imza kampanyas\u0131 - Av. Deniz Can K\u0131z\u0131l<\/title>\n<meta name=\"robots\" content=\"index, follow, max-snippet:-1, max-image-preview:large, max-video-preview:-1\" \/>\n<link rel=\"canonical\" href=\"https:\/\/denizcankizil.tr\/uk\/haberler\/gundem\/antalyada-turizmcileri-ayaga-kaldiran-projede-imza-kampanyasi\/\" \/>\n<meta property=\"og:locale\" content=\"uk_UA\" \/>\n<meta property=\"og:type\" content=\"article\" \/>\n<meta property=\"og:title\" content=\"Antalya\u2019da turizmcileri aya\u011fa kald\u0131ran projede imza kampanyas\u0131\" \/>\n<meta property=\"og:description\" content=\"Antalya\u2019n\u0131n Alanya il\u00e7esinde Ye\u015fil\u00f6z Mahallesinde Aytemiz Akaryak\u0131t Da\u011f\u0131t\u0131m taraf\u0131ndan yap\u0131lmas\u0131 planlanan yana\u015fma Dolfeni Tesisi Kapasite Art\u0131\u015f\u0131 Projesi b\u00fcy\u00fck tepki \u00e7ekmi\u015fti. Gemi yana\u015fma kapasitesinin 60 bin DWT\u2019den 160 bin DWT\u2019ye y\u00fckseltilece\u011fi projeye \u00c7ED olumlu karar\u0131 verdi. Karar turizmcileri aya\u011fa kald\u0131r\u0131rken, Kleopatra Otelciler Derne\u011fi Ba\u015fkan\u0131 Servet \u015eakiro\u011flu karar\u0131 yarg\u0131ya ta\u015f\u0131yacaklar\u0131n\u0131 duyurmu\u015ftu. Deniz kaplumba\u011falar\u0131 ve kum zambaklar\u0131 ile \u00fcnl\u00fc sahilde hayata ge\u00e7irilmek istenen proje bir yandan yarg\u0131ya ta\u015f\u0131n\u0131rken di\u011fer taraftan da iptal edilmesi i\u00e7in imza kampanyas\u0131 ba\u015flat\u0131ld\u0131. \u00c7ED S\u00dcREC\u0130NE G\u0130R\u0130LD\u0130\u00a0 Antalya K\u00f6rfez Gazetesi muhabiri Ertu\u011frul G\u00fcn&#8217;\u00fcn haberine g\u00f6re; Aytemiz Akaryak\u0131t Da\u011f\u0131t\u0131m A.\u015e., Alanya\u2019n\u0131n Ye\u015fil\u00f6z Mahallesi\u2019nde akaryak\u0131t ve LPG depolama alan\u0131 ile deniz yoluyla akaryak\u0131t ta\u015f\u0131mac\u0131l\u0131\u011f\u0131na y\u00f6nelik bir tesis kurmak i\u00e7in 2011 y\u0131l\u0131nda ba\u015fvuru yapt\u0131. Antalya \u00c7evre, \u015eehircilik ve \u0130klim De\u011fi\u015fikli\u011fi \u0130l M\u00fcd\u00fcrl\u00fc\u011f\u00fc, ayn\u0131 y\u0131l \u201c\u00c7ED Gerekli De\u011fildir\u201d belgesi vererek projenin ba\u015flat\u0131lmas\u0131na onay verdi. Ancak tesisin kapasite art\u0131\u015f\u0131 ihtiyac\u0131 do\u011funca 2013 y\u0131l\u0131nda yeni bir proje tan\u0131t\u0131m dosyas\u0131 haz\u0131rlanarak tekrar \u00c7ED s\u00fcrecine girildi.\u00a0 BAKANLIKTAN \u00d6NER\u0130 Yetkili kurumlar taraf\u0131ndan yap\u0131lan incelemeler sonucunda 20 A\u011fustos 2013 tarihinde ikinci kez \u201c\u00c7ED Gerekli De\u011fildir\u201d karar\u0131 al\u0131nd\u0131. \u0130lk planlamada akaryak\u0131t\u0131n \u015famand\u0131ra hatt\u0131 ile ta\u015f\u0131nmas\u0131 \u00f6ng\u00f6r\u00fcl\u00fcyordu. Ancak Ula\u015ft\u0131rma, Denizcilik ve Haberle\u015fme Bakanl\u0131\u011f\u0131, \u00fclke genelinde akaryak\u0131t ve LPG ta\u015f\u0131mac\u0131l\u0131\u011f\u0131n\u0131n deniz dibi boru hatlar\u0131 ile yap\u0131lmas\u0131n\u0131 \u00f6nerdi. Bu do\u011frultuda proje revize edilerek Gemi &hellip;\" \/>\n<meta property=\"og:url\" content=\"https:\/\/denizcankizil.tr\/uk\/haberler\/gundem\/antalyada-turizmcileri-ayaga-kaldiran-projede-imza-kampanyasi\/\" \/>\n<meta property=\"og:site_name\" content=\"Av. Deniz Can K\u0131z\u0131l\" \/>\n<meta property=\"article:published_time\" content=\"2025-03-07T06:41:28+00:00\" \/>\n<meta name=\"author\" content=\"Antalya K\u00f6rfez\" \/>\n<meta name=\"twitter:card\" content=\"summary_large_image\" \/>\n<meta name=\"twitter:label1\" content=\"\u041d\u0430\u043f\u0438\u0441\u0430\u043d\u043e\" \/>\n\t<meta name=\"twitter:data1\" content=\"Antalya K\u00f6rfez\" \/>\n\t<meta name=\"twitter:label2\" content=\"\u041f\u0440\u0438\u0431\u043b. \u0447\u0430\u0441 \u0447\u0438\u0442\u0430\u043d\u043d\u044f\" \/>\n\t<meta name=\"twitter:data2\" content=\"6 \u0445\u0432\u0438\u043b\u0438\u043d\" \/>\n<script type=\"application\/ld+json\" class=\"yoast-schema-graph\">{\"@context\":\"https:\/\/schema.org\",\"@graph\":[{\"@type\":\"Article\",\"@id\":\"https:\/\/denizcankizil.tr\/de\/haberler\/gundem\/antalyada-turizmcileri-ayaga-kaldiran-projede-imza-kampanyasi\/#article\",\"isPartOf\":{\"@id\":\"https:\/\/denizcankizil.tr\/de\/haberler\/gundem\/antalyada-turizmcileri-ayaga-kaldiran-projede-imza-kampanyasi\/\"},\"author\":{\"name\":\"Antalya K\u00f6rfez\",\"@id\":\"https:\/\/denizcankizil.tr\/de\/#\/schema\/person\/e1eb71bb4dd684d46563f0af307e1234\"},\"headline\":\"Antalya\u2019da turizmcileri aya\u011fa kald\u0131ran projede imza kampanyas\u0131\",\"datePublished\":\"2025-03-07T06:41:28+00:00\",\"mainEntityOfPage\":{\"@id\":\"https:\/\/denizcankizil.tr\/de\/haberler\/gundem\/antalyada-turizmcileri-ayaga-kaldiran-projede-imza-kampanyasi\/\"},\"wordCount\":1208,\"commentCount\":0,\"publisher\":{\"@id\":\"https:\/\/denizcankizil.tr\/de\/#organization\"},\"articleSection\":[\"G\u00fcndem\"],\"inLanguage\":\"uk\",\"potentialAction\":[{\"@type\":\"CommentAction\",\"name\":\"Comment\",\"target\":[\"https:\/\/denizcankizil.tr\/de\/haberler\/gundem\/antalyada-turizmcileri-ayaga-kaldiran-projede-imza-kampanyasi\/#respond\"]}]},{\"@type\":\"WebPage\",\"@id\":\"https:\/\/denizcankizil.tr\/de\/haberler\/gundem\/antalyada-turizmcileri-ayaga-kaldiran-projede-imza-kampanyasi\/\",\"url\":\"https:\/\/denizcankizil.tr\/de\/haberler\/gundem\/antalyada-turizmcileri-ayaga-kaldiran-projede-imza-kampanyasi\/\",\"name\":\"Antalya\u2019da turizmcileri aya\u011fa kald\u0131ran projede imza kampanyas\u0131 - Av. Deniz Can K\u0131z\u0131l\",\"isPartOf\":{\"@id\":\"https:\/\/denizcankizil.tr\/de\/#website\"},\"datePublished\":\"2025-03-07T06:41:28+00:00\",\"breadcrumb\":{\"@id\":\"https:\/\/denizcankizil.tr\/de\/haberler\/gundem\/antalyada-turizmcileri-ayaga-kaldiran-projede-imza-kampanyasi\/#breadcrumb\"},\"inLanguage\":\"uk\",\"potentialAction\":[{\"@type\":\"ReadAction\",\"target\":[\"https:\/\/denizcankizil.tr\/de\/haberler\/gundem\/antalyada-turizmcileri-ayaga-kaldiran-projede-imza-kampanyasi\/\"]}]},{\"@type\":\"BreadcrumbList\",\"@id\":\"https:\/\/denizcankizil.tr\/de\/haberler\/gundem\/antalyada-turizmcileri-ayaga-kaldiran-projede-imza-kampanyasi\/#breadcrumb\",\"itemListElement\":[{\"@type\":\"ListItem\",\"position\":1,\"name\":\"Home\",\"item\":\"https:\/\/denizcankizil.tr\/de\/\"},{\"@type\":\"ListItem\",\"position\":2,\"name\":\"Antalya\u2019da turizmcileri aya\u011fa kald\u0131ran projede imza kampanyas\u0131\"}]},{\"@type\":\"WebSite\",\"@id\":\"https:\/\/denizcankizil.tr\/de\/#website\",\"url\":\"https:\/\/denizcankizil.tr\/de\/\",\"name\":\"Av. Deniz Can K\u0131z\u0131l\",\"description\":\"Avukat Deniz Can K\u0131z\u0131l Antalya Barosu\",\"publisher\":{\"@id\":\"https:\/\/denizcankizil.tr\/de\/#organization\"},\"potentialAction\":[{\"@type\":\"SearchAction\",\"target\":{\"@type\":\"EntryPoint\",\"urlTemplate\":\"https:\/\/denizcankizil.tr\/de\/?s={search_term_string}\"},\"query-input\":{\"@type\":\"PropertyValueSpecification\",\"valueRequired\":true,\"valueName\":\"search_term_string\"}}],\"inLanguage\":\"uk\"},{\"@type\":\"Organization\",\"@id\":\"https:\/\/denizcankizil.tr\/de\/#organization\",\"name\":\"Av. Deniz Can K\u0131z\u0131l\",\"url\":\"https:\/\/denizcankizil.tr\/de\/\",\"logo\":{\"@type\":\"ImageObject\",\"inLanguage\":\"uk\",\"@id\":\"https:\/\/denizcankizil.tr\/de\/#\/schema\/logo\/image\/\",\"url\":\"https:\/\/denizcankizil.tr\/wp-content\/uploads\/2024\/10\/siyah-logo-svg.svg\",\"contentUrl\":\"https:\/\/denizcankizil.tr\/wp-content\/uploads\/2024\/10\/siyah-logo-svg.svg\",\"width\":1080,\"height\":1080,\"caption\":\"Av. Deniz Can K\u0131z\u0131l\"},\"image\":{\"@id\":\"https:\/\/denizcankizil.tr\/de\/#\/schema\/logo\/image\/\"}},{\"@type\":\"Person\",\"@id\":\"https:\/\/denizcankizil.tr\/de\/#\/schema\/person\/e1eb71bb4dd684d46563f0af307e1234\",\"name\":\"Antalya K\u00f6rfez\",\"image\":{\"@type\":\"ImageObject\",\"inLanguage\":\"uk\",\"@id\":\"https:\/\/denizcankizil.tr\/de\/#\/schema\/person\/image\/\",\"url\":\"https:\/\/secure.gravatar.com\/avatar\/42b01982558a48a0b501fdcab6a408d3717ea5919095ee2e67b0e521799c5905?s=96&d=mm&r=g\",\"contentUrl\":\"https:\/\/secure.gravatar.com\/avatar\/42b01982558a48a0b501fdcab6a408d3717ea5919095ee2e67b0e521799c5905?s=96&d=mm&r=g\",\"caption\":\"Antalya K\u00f6rfez\"},\"sameAs\":[\"http:\/\/www.antalyakorfez.com\"],\"url\":\"https:\/\/www.antalyakorfez.com\/antalyada-turizmcileri-ayaga-kaldiran-projede-imza-kampanyasi\"}]}<\/script>\n<!-- \/ Yoast SEO Premium plugin. -->","yoast_head_json":{"title":"Antalya\u2019da turizmcileri aya\u011fa kald\u0131ran projede imza kampanyas\u0131 - Av. Deniz Can K\u0131z\u0131l","robots":{"index":"index","follow":"follow","max-snippet":"max-snippet:-1","max-image-preview":"max-image-preview:large","max-video-preview":"max-video-preview:-1"},"canonical":"https:\/\/denizcankizil.tr\/uk\/haberler\/gundem\/antalyada-turizmcileri-ayaga-kaldiran-projede-imza-kampanyasi\/","og_locale":"uk_UA","og_type":"article","og_title":"Antalya\u2019da turizmcileri aya\u011fa kald\u0131ran projede imza kampanyas\u0131","og_description":"Antalya\u2019n\u0131n Alanya il\u00e7esinde Ye\u015fil\u00f6z Mahallesinde Aytemiz Akaryak\u0131t Da\u011f\u0131t\u0131m taraf\u0131ndan yap\u0131lmas\u0131 planlanan yana\u015fma Dolfeni Tesisi Kapasite Art\u0131\u015f\u0131 Projesi b\u00fcy\u00fck tepki \u00e7ekmi\u015fti. Gemi yana\u015fma kapasitesinin 60 bin DWT\u2019den 160 bin DWT\u2019ye y\u00fckseltilece\u011fi projeye \u00c7ED olumlu karar\u0131 verdi. Karar turizmcileri aya\u011fa kald\u0131r\u0131rken, Kleopatra Otelciler Derne\u011fi Ba\u015fkan\u0131 Servet \u015eakiro\u011flu karar\u0131 yarg\u0131ya ta\u015f\u0131yacaklar\u0131n\u0131 duyurmu\u015ftu. Deniz kaplumba\u011falar\u0131 ve kum zambaklar\u0131 ile \u00fcnl\u00fc sahilde hayata ge\u00e7irilmek istenen proje bir yandan yarg\u0131ya ta\u015f\u0131n\u0131rken di\u011fer taraftan da iptal edilmesi i\u00e7in imza kampanyas\u0131 ba\u015flat\u0131ld\u0131. \u00c7ED S\u00dcREC\u0130NE G\u0130R\u0130LD\u0130\u00a0 Antalya K\u00f6rfez Gazetesi muhabiri Ertu\u011frul G\u00fcn&#8217;\u00fcn haberine g\u00f6re; Aytemiz Akaryak\u0131t Da\u011f\u0131t\u0131m A.\u015e., Alanya\u2019n\u0131n Ye\u015fil\u00f6z Mahallesi\u2019nde akaryak\u0131t ve LPG depolama alan\u0131 ile deniz yoluyla akaryak\u0131t ta\u015f\u0131mac\u0131l\u0131\u011f\u0131na y\u00f6nelik bir tesis kurmak i\u00e7in 2011 y\u0131l\u0131nda ba\u015fvuru yapt\u0131. Antalya \u00c7evre, \u015eehircilik ve \u0130klim De\u011fi\u015fikli\u011fi \u0130l M\u00fcd\u00fcrl\u00fc\u011f\u00fc, ayn\u0131 y\u0131l \u201c\u00c7ED Gerekli De\u011fildir\u201d belgesi vererek projenin ba\u015flat\u0131lmas\u0131na onay verdi. Ancak tesisin kapasite art\u0131\u015f\u0131 ihtiyac\u0131 do\u011funca 2013 y\u0131l\u0131nda yeni bir proje tan\u0131t\u0131m dosyas\u0131 haz\u0131rlanarak tekrar \u00c7ED s\u00fcrecine girildi.\u00a0 BAKANLIKTAN \u00d6NER\u0130 Yetkili kurumlar taraf\u0131ndan yap\u0131lan incelemeler sonucunda 20 A\u011fustos 2013 tarihinde ikinci kez \u201c\u00c7ED Gerekli De\u011fildir\u201d karar\u0131 al\u0131nd\u0131. \u0130lk planlamada akaryak\u0131t\u0131n \u015famand\u0131ra hatt\u0131 ile ta\u015f\u0131nmas\u0131 \u00f6ng\u00f6r\u00fcl\u00fcyordu. Ancak Ula\u015ft\u0131rma, Denizcilik ve Haberle\u015fme Bakanl\u0131\u011f\u0131, \u00fclke genelinde akaryak\u0131t ve LPG ta\u015f\u0131mac\u0131l\u0131\u011f\u0131n\u0131n deniz dibi boru hatlar\u0131 ile yap\u0131lmas\u0131n\u0131 \u00f6nerdi. Bu do\u011frultuda proje revize edilerek Gemi &hellip;","og_url":"https:\/\/denizcankizil.tr\/uk\/haberler\/gundem\/antalyada-turizmcileri-ayaga-kaldiran-projede-imza-kampanyasi\/","og_site_name":"Av. Deniz Can K\u0131z\u0131l","article_published_time":"2025-03-07T06:41:28+00:00","author":"Antalya K\u00f6rfez","twitter_card":"summary_large_image","twitter_misc":{"\u041d\u0430\u043f\u0438\u0441\u0430\u043d\u043e":"Antalya K\u00f6rfez","\u041f\u0440\u0438\u0431\u043b. \u0447\u0430\u0441 \u0447\u0438\u0442\u0430\u043d\u043d\u044f":"6 \u0445\u0432\u0438\u043b\u0438\u043d"},"schema":{"@context":"https:\/\/schema.org","@graph":[{"@type":"Article","@id":"https:\/\/denizcankizil.tr\/de\/haberler\/gundem\/antalyada-turizmcileri-ayaga-kaldiran-projede-imza-kampanyasi\/#article","isPartOf":{"@id":"https:\/\/denizcankizil.tr\/de\/haberler\/gundem\/antalyada-turizmcileri-ayaga-kaldiran-projede-imza-kampanyasi\/"},"author":{"name":"Antalya K\u00f6rfez","@id":"https:\/\/denizcankizil.tr\/de\/#\/schema\/person\/e1eb71bb4dd684d46563f0af307e1234"},"headline":"Antalya\u2019da turizmcileri aya\u011fa kald\u0131ran projede imza kampanyas\u0131","datePublished":"2025-03-07T06:41:28+00:00","mainEntityOfPage":{"@id":"https:\/\/denizcankizil.tr\/de\/haberler\/gundem\/antalyada-turizmcileri-ayaga-kaldiran-projede-imza-kampanyasi\/"},"wordCount":1208,"commentCount":0,"publisher":{"@id":"https:\/\/denizcankizil.tr\/de\/#organization"},"articleSection":["G\u00fcndem"],"inLanguage":"uk","potentialAction":[{"@type":"CommentAction","name":"Comment","target":["https:\/\/denizcankizil.tr\/de\/haberler\/gundem\/antalyada-turizmcileri-ayaga-kaldiran-projede-imza-kampanyasi\/#respond"]}]},{"@type":"WebPage","@id":"https:\/\/denizcankizil.tr\/de\/haberler\/gundem\/antalyada-turizmcileri-ayaga-kaldiran-projede-imza-kampanyasi\/","url":"https:\/\/denizcankizil.tr\/de\/haberler\/gundem\/antalyada-turizmcileri-ayaga-kaldiran-projede-imza-kampanyasi\/","name":"Antalya\u2019da turizmcileri aya\u011fa kald\u0131ran projede imza kampanyas\u0131 - Av. Deniz Can K\u0131z\u0131l","isPartOf":{"@id":"https:\/\/denizcankizil.tr\/de\/#website"},"datePublished":"2025-03-07T06:41:28+00:00","breadcrumb":{"@id":"https:\/\/denizcankizil.tr\/de\/haberler\/gundem\/antalyada-turizmcileri-ayaga-kaldiran-projede-imza-kampanyasi\/#breadcrumb"},"inLanguage":"uk","potentialAction":[{"@type":"ReadAction","target":["https:\/\/denizcankizil.tr\/de\/haberler\/gundem\/antalyada-turizmcileri-ayaga-kaldiran-projede-imza-kampanyasi\/"]}]},{"@type":"BreadcrumbList","@id":"https:\/\/denizcankizil.tr\/de\/haberler\/gundem\/antalyada-turizmcileri-ayaga-kaldiran-projede-imza-kampanyasi\/#breadcrumb","itemListElement":[{"@type":"ListItem","position":1,"name":"Home","item":"https:\/\/denizcankizil.tr\/de\/"},{"@type":"ListItem","position":2,"name":"Antalya\u2019da turizmcileri aya\u011fa kald\u0131ran projede imza kampanyas\u0131"}]},{"@type":"WebSite","@id":"https:\/\/denizcankizil.tr\/de\/#website","url":"https:\/\/denizcankizil.tr\/de\/","name":"Av. Deniz Can K\u0131z\u0131l","description":"Avukat Deniz Can K\u0131z\u0131l Antalya Barosu","publisher":{"@id":"https:\/\/denizcankizil.tr\/de\/#organization"},"potentialAction":[{"@type":"SearchAction","target":{"@type":"EntryPoint","urlTemplate":"https:\/\/denizcankizil.tr\/de\/?s={search_term_string}"},"query-input":{"@type":"PropertyValueSpecification","valueRequired":true,"valueName":"search_term_string"}}],"inLanguage":"uk"},{"@type":"Organization","@id":"https:\/\/denizcankizil.tr\/de\/#organization","name":"Av. Deniz Can K\u0131z\u0131l","url":"https:\/\/denizcankizil.tr\/de\/","logo":{"@type":"ImageObject","inLanguage":"uk","@id":"https:\/\/denizcankizil.tr\/de\/#\/schema\/logo\/image\/","url":"https:\/\/denizcankizil.tr\/wp-content\/uploads\/2024\/10\/siyah-logo-svg.svg","contentUrl":"https:\/\/denizcankizil.tr\/wp-content\/uploads\/2024\/10\/siyah-logo-svg.svg","width":1080,"height":1080,"caption":"Av. Deniz Can K\u0131z\u0131l"},"image":{"@id":"https:\/\/denizcankizil.tr\/de\/#\/schema\/logo\/image\/"}},{"@type":"Person","@id":"https:\/\/denizcankizil.tr\/de\/#\/schema\/person\/e1eb71bb4dd684d46563f0af307e1234","name":"Antalya K\u00f6rfez","image":{"@type":"ImageObject","inLanguage":"uk","@id":"https:\/\/denizcankizil.tr\/de\/#\/schema\/person\/image\/","url":"https:\/\/secure.gravatar.com\/avatar\/42b01982558a48a0b501fdcab6a408d3717ea5919095ee2e67b0e521799c5905?s=96&d=mm&r=g","contentUrl":"https:\/\/secure.gravatar.com\/avatar\/42b01982558a48a0b501fdcab6a408d3717ea5919095ee2e67b0e521799c5905?s=96&d=mm&r=g","caption":"Antalya K\u00f6rfez"},"sameAs":["http:\/\/www.antalyakorfez.com"],"url":"https:\/\/www.antalyakorfez.com\/antalyada-turizmcileri-ayaga-kaldiran-projede-imza-kampanyasi"}]}},"_links":{"self":[{"href":"https:\/\/denizcankizil.tr\/uk\/wp-json\/wp\/v2\/posts\/34952","targetHints":{"allow":["GET"]}}],"collection":[{"href":"https:\/\/denizcankizil.tr\/uk\/wp-json\/wp\/v2\/posts"}],"about":[{"href":"https:\/\/denizcankizil.tr\/uk\/wp-json\/wp\/v2\/types\/post"}],"author":[{"embeddable":true,"href":"https:\/\/denizcankizil.tr\/uk\/wp-json\/wp\/v2\/users\/5"}],"replies":[{"embeddable":true,"href":"https:\/\/denizcankizil.tr\/uk\/wp-json\/wp\/v2\/comments?post=34952"}],"version-history":[{"count":0,"href":"https:\/\/denizcankizil.tr\/uk\/wp-json\/wp\/v2\/posts\/34952\/revisions"}],"wp:attachment":[{"href":"https:\/\/denizcankizil.tr\/uk\/wp-json\/wp\/v2\/media?parent=34952"}],"wp:term":[{"taxonomy":"category","embeddable":true,"href":"https:\/\/denizcankizil.tr\/uk\/wp-json\/wp\/v2\/categories?post=34952"},{"taxonomy":"post_tag","embeddable":true,"href":"https:\/\/denizcankizil.tr\/uk\/wp-json\/wp\/v2\/tags?post=34952"}],"curies":[{"name":"wp","href":"https:\/\/api.w.org\/{rel}","templated":true}]}}