{"id":34903,"date":"2025-03-06T13:41:36","date_gmt":"2025-03-06T10:41:36","guid":{"rendered":"https:\/\/denizcankizil.tr\/uncategorized-tr\/devlet-korumasi-altindaki-cocuklara-ozel-destek\/"},"modified":"2025-03-06T13:41:36","modified_gmt":"2025-03-06T10:41:36","slug":"devlet-korumasi-altindaki-cocuklara-ozel-destek","status":"publish","type":"post","link":"https:\/\/denizcankizil.tr\/uk\/haberler\/antalya\/devlet-korumasi-altindaki-cocuklara-ozel-destek\/","title":{"rendered":"Devlet korumas\u0131 alt\u0131ndaki \u00e7ocuklara \u00f6zel destek"},"content":{"rendered":"<p>Akdeniz \u00dcniversitesi T\u0131p Fak\u00fcltesi ve Antalya Aile ve Sosyal Hizmetler \u0130l M\u00fcd\u00fcrl\u00fc\u011f\u00fc aras\u0131nda e\u011fitim, ara\u015ft\u0131rma ve sa\u011fl\u0131k hizmetlerine y\u00f6nelik i\u015f birli\u011fi protokol\u00fc imzaland\u0131. Antalya Valili\u011finde d\u00fczenlenen t\u00f6rende protokol, Antalya Valisi Hulusi \u015eahin, Akdeniz \u00dcniversitesi Rekt\u00f6r\u00fc Prof. Dr. \u00d6zlenen \u00d6zkan ve Antalya Aile ve Sosyal Hizmetler \u0130l M\u00fcd\u00fcr\u00fc Galip S\u00f6kmen taraf\u0131ndan imzaland\u0131.<\/p>\n<p>&#8220;Kamu kurumlar\u0131 aras\u0131ndaki i\u015f birli\u011fi \u00f6nemli&#8221;<br \/>\n\u0130mza t\u00f6reninde konu\u015fan Antalya Valisi Hulusi \u015eahin, i\u015f birli\u011finin \u00f6nemine vurgu yaparak, protokol\u00fcn daha geni\u015f alanlara yay\u0131lmas\u0131 gerekti\u011fini belirtti. Akdeniz \u00dcniversitesi Rekt\u00f6r\u00fc Prof. Dr. \u00d6zlenen \u00d6zkan, \u00fcniversitenin kamu-\u00f6zel i\u015f birliklerine oldu\u011fu kadar, kamu kurumlar\u0131 aras\u0131ndaki i\u015f birliklerine de b\u00fcy\u00fck \u00f6nem verdi\u011fini ifade etti. Devlet korumas\u0131ndaki \u00e7ocuklarla her zaman yak\u0131ndan ilgilendiklerini belirten Rekt\u00f6r \u00d6zkan, bu i\u015f birli\u011finin \u00e7ocuklar\u0131n geli\u015fimi a\u00e7\u0131s\u0131ndan \u00f6nemli bir ad\u0131m oldu\u011funu vurgulad\u0131.<\/p>\n<p>Tan\u0131 ve tedavileri \u00f6ncelikli olarak yap\u0131lacak<br \/>\n\u0130mzalanan protokolle Antalya Aile ve Sosyal Hizmetler \u0130l M\u00fcd\u00fcrl\u00fc\u011f\u00fcne ba\u011fl\u0131 kurulu\u015flardan hizmet alan 0-18 ya\u015f aras\u0131ndaki \u00e7ocuklar\u0131n fiziksel, bili\u015fsel, sosyal ve psikolojik alanlardaki geli\u015fimleri ile ilgili ihtiya\u00e7lar\u0131 belirlenerek tan\u0131 ve tedavileri \u00f6ncelikli olarak yap\u0131lacak. Ayr\u0131ca \u0130l M\u00fcd\u00fcrl\u00fc\u011f\u00fcne ba\u011fl\u0131 kurumlardan ba\u011f\u0131ml\u0131l\u0131k ile ili\u015fkili sebeplerle T\u0131p Fak\u00fcltesi Hastanesi\u2019ne y\u00f6nlendirilenlerin i\u015flemlerinin \u00f6ncelikli olarak yap\u0131lmas\u0131, fiziksel, bili\u015fsel, sosyal ve psikolojik alanlardaki geli\u015fim bozukluklar\u0131 ve geli\u015fim gerilikleri konular\u0131ndaki ihtiya\u00e7lar\u0131 belirlenerek takipleri periyodik aral\u0131klarla yap\u0131lmas\u0131 planlan\u0131yor.<\/p>\n<p>Hizmet sunan personele y\u00f6nelik e\u011fitimler<br \/>\nAntalya Aile ve Sosyal Hizmetler \u0130l M\u00fcd\u00fcrl\u00fc\u011f\u00fcne ba\u011fl\u0131 kurulu\u015flarda koruma ve bak\u0131m alt\u0131nda bulunan di\u011fer \u00e7ocuklar\u0131n sa\u011fl\u0131k hizmetlerine h\u0131zl\u0131 ve etkin olarak ula\u015f\u0131mlar\u0131n\u0131n sa\u011flanarak te\u015fhis ve tedavilerinde yatakl\u0131 hastalara \u00f6ncelik verilerek yap\u0131lacak. Protokolle Antalya Aile ve Sosyal Hizmetler \u0130l M\u00fcd\u00fcrl\u00fc\u011f\u00fcne ba\u011fl\u0131 kurulu\u015flarda hizmet alan \u00e7ocuk, ergen, engelli \u00e7ocuk ve hizmet sunan personele y\u00f6nelik e\u011fitimler ger\u00e7ekle\u015ftirilmesi; saha \u00e7al\u0131\u015fmalar\u0131 baz\u0131nda \u0130\u015f birli\u011fine ili\u015fkin usul ve esaslar\u0131n belirlenmesi ama\u00e7lan\u0131yor.<\/p>\n<p>Kaynak: www.kanalv.com.tr Haber Sitesinden Al\u0131nm\u0131\u015ft\u0131r.<\/p>","protected":false},"excerpt":{"rendered":"<p>Akdeniz \u00dcniversitesi T\u0131p Fak\u00fcltesi ve Antalya Aile ve Sosyal Hizmetler \u0130l M\u00fcd\u00fcrl\u00fc\u011f\u00fc aras\u0131nda e\u011fitim, ara\u015ft\u0131rma ve sa\u011fl\u0131k hizmetlerine y\u00f6nelik i\u015f birli\u011fi protokol\u00fc imzaland\u0131. Antalya Valili\u011finde d\u00fczenlenen t\u00f6rende protokol, Antalya Valisi Hulusi \u015eahin, Akdeniz \u00dcniversitesi Rekt\u00f6r\u00fc Prof. Dr. \u00d6zlenen \u00d6zkan ve Antalya Aile ve Sosyal Hizmetler \u0130l M\u00fcd\u00fcr\u00fc Galip S\u00f6kmen taraf\u0131ndan imzaland\u0131. &#8220;Kamu kurumlar\u0131 aras\u0131ndaki i\u015f birli\u011fi \u00f6nemli&#8221; \u0130mza t\u00f6reninde konu\u015fan Antalya Valisi Hulusi \u015eahin, i\u015f birli\u011finin \u00f6nemine vurgu yaparak, protokol\u00fcn daha geni\u015f alanlara yay\u0131lmas\u0131 gerekti\u011fini belirtti. Akdeniz \u00dcniversitesi Rekt\u00f6r\u00fc Prof. Dr. \u00d6zlenen \u00d6zkan, \u00fcniversitenin kamu-\u00f6zel i\u015f birliklerine oldu\u011fu kadar, kamu kurumlar\u0131 aras\u0131ndaki i\u015f birliklerine de b\u00fcy\u00fck \u00f6nem verdi\u011fini ifade etti. Devlet korumas\u0131ndaki \u00e7ocuklarla her zaman yak\u0131ndan ilgilendiklerini belirten Rekt\u00f6r \u00d6zkan, bu i\u015f birli\u011finin \u00e7ocuklar\u0131n geli\u015fimi a\u00e7\u0131s\u0131ndan \u00f6nemli bir ad\u0131m oldu\u011funu vurgulad\u0131. Tan\u0131 ve tedavileri \u00f6ncelikli olarak yap\u0131lacak \u0130mzalanan protokolle Antalya Aile ve Sosyal Hizmetler \u0130l M\u00fcd\u00fcrl\u00fc\u011f\u00fcne ba\u011fl\u0131 kurulu\u015flardan hizmet alan 0-18 ya\u015f aras\u0131ndaki \u00e7ocuklar\u0131n fiziksel, bili\u015fsel, sosyal ve psikolojik alanlardaki geli\u015fimleri ile ilgili ihtiya\u00e7lar\u0131 belirlenerek tan\u0131 ve tedavileri \u00f6ncelikli olarak yap\u0131lacak. Ayr\u0131ca \u0130l M\u00fcd\u00fcrl\u00fc\u011f\u00fcne ba\u011fl\u0131 kurumlardan ba\u011f\u0131ml\u0131l\u0131k ile ili\u015fkili sebeplerle T\u0131p Fak\u00fcltesi Hastanesi\u2019ne y\u00f6nlendirilenlerin i\u015flemlerinin \u00f6ncelikli olarak yap\u0131lmas\u0131, fiziksel, bili\u015fsel, sosyal ve psikolojik alanlardaki geli\u015fim bozukluklar\u0131 ve geli\u015fim gerilikleri konular\u0131ndaki ihtiya\u00e7lar\u0131 belirlenerek takipleri periyodik aral\u0131klarla yap\u0131lmas\u0131 planlan\u0131yor. Hizmet sunan personele &hellip;<\/p>","protected":false},"author":4,"featured_media":34904,"comment_status":"open","ping_status":"open","sticky":false,"template":"","format":"standard","meta":{"_acf_changed":false,"footnotes":""},"categories":[26],"tags":[],"class_list":["post-34903","post","type-post","status-publish","format-standard","has-post-thumbnail","hentry","category-antalya"],"acf":[],"yoast_head":"<!-- This site is optimized with the Yoast SEO Premium plugin v26.6 (Yoast SEO v27.1.1) - https:\/\/yoast.com\/product\/yoast-seo-premium-wordpress\/ -->\n<title>Devlet korumas\u0131 alt\u0131ndaki \u00e7ocuklara \u00f6zel destek - Av. Deniz Can K\u0131z\u0131l<\/title>\n<meta name=\"robots\" content=\"index, follow, max-snippet:-1, max-image-preview:large, max-video-preview:-1\" \/>\n<link rel=\"canonical\" href=\"https:\/\/denizcankizil.tr\/uk\/haberler\/antalya\/devlet-korumasi-altindaki-cocuklara-ozel-destek\/\" \/>\n<meta property=\"og:locale\" content=\"uk_UA\" \/>\n<meta property=\"og:type\" content=\"article\" \/>\n<meta property=\"og:title\" content=\"Devlet korumas\u0131 alt\u0131ndaki \u00e7ocuklara \u00f6zel destek\" \/>\n<meta property=\"og:description\" content=\"Akdeniz \u00dcniversitesi T\u0131p Fak\u00fcltesi ve Antalya Aile ve Sosyal Hizmetler \u0130l M\u00fcd\u00fcrl\u00fc\u011f\u00fc aras\u0131nda e\u011fitim, ara\u015ft\u0131rma ve sa\u011fl\u0131k hizmetlerine y\u00f6nelik i\u015f birli\u011fi protokol\u00fc imzaland\u0131. Antalya Valili\u011finde d\u00fczenlenen t\u00f6rende protokol, Antalya Valisi Hulusi \u015eahin, Akdeniz \u00dcniversitesi Rekt\u00f6r\u00fc Prof. Dr. \u00d6zlenen \u00d6zkan ve Antalya Aile ve Sosyal Hizmetler \u0130l M\u00fcd\u00fcr\u00fc Galip S\u00f6kmen taraf\u0131ndan imzaland\u0131. &#8220;Kamu kurumlar\u0131 aras\u0131ndaki i\u015f birli\u011fi \u00f6nemli&#8221; \u0130mza t\u00f6reninde konu\u015fan Antalya Valisi Hulusi \u015eahin, i\u015f birli\u011finin \u00f6nemine vurgu yaparak, protokol\u00fcn daha geni\u015f alanlara yay\u0131lmas\u0131 gerekti\u011fini belirtti. Akdeniz \u00dcniversitesi Rekt\u00f6r\u00fc Prof. Dr. \u00d6zlenen \u00d6zkan, \u00fcniversitenin kamu-\u00f6zel i\u015f birliklerine oldu\u011fu kadar, kamu kurumlar\u0131 aras\u0131ndaki i\u015f birliklerine de b\u00fcy\u00fck \u00f6nem verdi\u011fini ifade etti. Devlet korumas\u0131ndaki \u00e7ocuklarla her zaman yak\u0131ndan ilgilendiklerini belirten Rekt\u00f6r \u00d6zkan, bu i\u015f birli\u011finin \u00e7ocuklar\u0131n geli\u015fimi a\u00e7\u0131s\u0131ndan \u00f6nemli bir ad\u0131m oldu\u011funu vurgulad\u0131. Tan\u0131 ve tedavileri \u00f6ncelikli olarak yap\u0131lacak \u0130mzalanan protokolle Antalya Aile ve Sosyal Hizmetler \u0130l M\u00fcd\u00fcrl\u00fc\u011f\u00fcne ba\u011fl\u0131 kurulu\u015flardan hizmet alan 0-18 ya\u015f aras\u0131ndaki \u00e7ocuklar\u0131n fiziksel, bili\u015fsel, sosyal ve psikolojik alanlardaki geli\u015fimleri ile ilgili ihtiya\u00e7lar\u0131 belirlenerek tan\u0131 ve tedavileri \u00f6ncelikli olarak yap\u0131lacak. Ayr\u0131ca \u0130l M\u00fcd\u00fcrl\u00fc\u011f\u00fcne ba\u011fl\u0131 kurumlardan ba\u011f\u0131ml\u0131l\u0131k ile ili\u015fkili sebeplerle T\u0131p Fak\u00fcltesi Hastanesi\u2019ne y\u00f6nlendirilenlerin i\u015flemlerinin \u00f6ncelikli olarak yap\u0131lmas\u0131, fiziksel, bili\u015fsel, sosyal ve psikolojik alanlardaki geli\u015fim bozukluklar\u0131 ve geli\u015fim gerilikleri konular\u0131ndaki ihtiya\u00e7lar\u0131 belirlenerek takipleri periyodik aral\u0131klarla yap\u0131lmas\u0131 planlan\u0131yor. Hizmet sunan personele &hellip;\" \/>\n<meta property=\"og:url\" content=\"https:\/\/denizcankizil.tr\/uk\/haberler\/antalya\/devlet-korumasi-altindaki-cocuklara-ozel-destek\/\" \/>\n<meta property=\"og:site_name\" content=\"Av. Deniz Can K\u0131z\u0131l\" \/>\n<meta property=\"article:published_time\" content=\"2025-03-06T10:41:36+00:00\" \/>\n<meta property=\"og:image\" content=\"https:\/\/denizcankizil.tr\/wp-content\/uploads\/2025\/03\/5356-01-2fTM6z.jpeg\" \/>\n\t<meta property=\"og:image:width\" content=\"1280\" \/>\n\t<meta property=\"og:image:height\" content=\"720\" \/>\n\t<meta property=\"og:image:type\" content=\"image\/jpeg\" \/>\n<meta name=\"author\" content=\"Av. Deniz Can K\u0131z\u0131l\" \/>\n<meta name=\"twitter:card\" content=\"summary_large_image\" \/>\n<meta name=\"twitter:label1\" content=\"\u041d\u0430\u043f\u0438\u0441\u0430\u043d\u043e\" \/>\n\t<meta name=\"twitter:data1\" content=\"Av. Deniz Can K\u0131z\u0131l\" \/>\n\t<meta name=\"twitter:label2\" content=\"\u041f\u0440\u0438\u0431\u043b. \u0447\u0430\u0441 \u0447\u0438\u0442\u0430\u043d\u043d\u044f\" \/>\n\t<meta name=\"twitter:data2\" content=\"2 \u0445\u0432\u0438\u043b\u0438\u043d\u0438\" \/>\n<script type=\"application\/ld+json\" class=\"yoast-schema-graph\">{\"@context\":\"https:\/\/schema.org\",\"@graph\":[{\"@type\":\"Article\",\"@id\":\"https:\/\/denizcankizil.tr\/ru\/haberler\/antalya\/devlet-korumasi-altindaki-cocuklara-ozel-destek\/#article\",\"isPartOf\":{\"@id\":\"https:\/\/denizcankizil.tr\/ru\/haberler\/antalya\/devlet-korumasi-altindaki-cocuklara-ozel-destek\/\"},\"author\":{\"name\":\"Av. Deniz Can K\u0131z\u0131l\",\"@id\":\"https:\/\/denizcankizil.tr\/de\/#\/schema\/person\/5dc1b22991bd7ac833867c10afc9b0ff\"},\"headline\":\"Devlet korumas\u0131 alt\u0131ndaki \u00e7ocuklara \u00f6zel destek\",\"datePublished\":\"2025-03-06T10:41:36+00:00\",\"mainEntityOfPage\":{\"@id\":\"https:\/\/denizcankizil.tr\/ru\/haberler\/antalya\/devlet-korumasi-altindaki-cocuklara-ozel-destek\/\"},\"wordCount\":401,\"commentCount\":0,\"publisher\":{\"@id\":\"https:\/\/denizcankizil.tr\/de\/#organization\"},\"image\":{\"@id\":\"https:\/\/denizcankizil.tr\/ru\/haberler\/antalya\/devlet-korumasi-altindaki-cocuklara-ozel-destek\/#primaryimage\"},\"thumbnailUrl\":\"https:\/\/denizcankizil.tr\/wp-content\/uploads\/2025\/03\/5356-01-2fTM6z.jpeg\",\"articleSection\":[\"Antalya\"],\"inLanguage\":\"uk\",\"potentialAction\":[{\"@type\":\"CommentAction\",\"name\":\"Comment\",\"target\":[\"https:\/\/denizcankizil.tr\/ru\/haberler\/antalya\/devlet-korumasi-altindaki-cocuklara-ozel-destek\/#respond\"]}]},{\"@type\":\"WebPage\",\"@id\":\"https:\/\/denizcankizil.tr\/ru\/haberler\/antalya\/devlet-korumasi-altindaki-cocuklara-ozel-destek\/\",\"url\":\"https:\/\/denizcankizil.tr\/ru\/haberler\/antalya\/devlet-korumasi-altindaki-cocuklara-ozel-destek\/\",\"name\":\"Devlet korumas\u0131 alt\u0131ndaki \u00e7ocuklara \u00f6zel destek - Av. Deniz Can K\u0131z\u0131l\",\"isPartOf\":{\"@id\":\"https:\/\/denizcankizil.tr\/de\/#website\"},\"primaryImageOfPage\":{\"@id\":\"https:\/\/denizcankizil.tr\/ru\/haberler\/antalya\/devlet-korumasi-altindaki-cocuklara-ozel-destek\/#primaryimage\"},\"image\":{\"@id\":\"https:\/\/denizcankizil.tr\/ru\/haberler\/antalya\/devlet-korumasi-altindaki-cocuklara-ozel-destek\/#primaryimage\"},\"thumbnailUrl\":\"https:\/\/denizcankizil.tr\/wp-content\/uploads\/2025\/03\/5356-01-2fTM6z.jpeg\",\"datePublished\":\"2025-03-06T10:41:36+00:00\",\"breadcrumb\":{\"@id\":\"https:\/\/denizcankizil.tr\/ru\/haberler\/antalya\/devlet-korumasi-altindaki-cocuklara-ozel-destek\/#breadcrumb\"},\"inLanguage\":\"uk\",\"potentialAction\":[{\"@type\":\"ReadAction\",\"target\":[\"https:\/\/denizcankizil.tr\/ru\/haberler\/antalya\/devlet-korumasi-altindaki-cocuklara-ozel-destek\/\"]}]},{\"@type\":\"ImageObject\",\"inLanguage\":\"uk\",\"@id\":\"https:\/\/denizcankizil.tr\/ru\/haberler\/antalya\/devlet-korumasi-altindaki-cocuklara-ozel-destek\/#primaryimage\",\"url\":\"https:\/\/denizcankizil.tr\/wp-content\/uploads\/2025\/03\/5356-01-2fTM6z.jpeg\",\"contentUrl\":\"https:\/\/denizcankizil.tr\/wp-content\/uploads\/2025\/03\/5356-01-2fTM6z.jpeg\",\"width\":1280,\"height\":720},{\"@type\":\"BreadcrumbList\",\"@id\":\"https:\/\/denizcankizil.tr\/ru\/haberler\/antalya\/devlet-korumasi-altindaki-cocuklara-ozel-destek\/#breadcrumb\",\"itemListElement\":[{\"@type\":\"ListItem\",\"position\":1,\"name\":\"Home\",\"item\":\"https:\/\/denizcankizil.tr\/de\/\"},{\"@type\":\"ListItem\",\"position\":2,\"name\":\"Devlet korumas\u0131 alt\u0131ndaki \u00e7ocuklara \u00f6zel destek\"}]},{\"@type\":\"WebSite\",\"@id\":\"https:\/\/denizcankizil.tr\/de\/#website\",\"url\":\"https:\/\/denizcankizil.tr\/de\/\",\"name\":\"Av. Deniz Can K\u0131z\u0131l\",\"description\":\"Avukat Deniz Can K\u0131z\u0131l Antalya Barosu\",\"publisher\":{\"@id\":\"https:\/\/denizcankizil.tr\/de\/#organization\"},\"potentialAction\":[{\"@type\":\"SearchAction\",\"target\":{\"@type\":\"EntryPoint\",\"urlTemplate\":\"https:\/\/denizcankizil.tr\/de\/?s={search_term_string}\"},\"query-input\":{\"@type\":\"PropertyValueSpecification\",\"valueRequired\":true,\"valueName\":\"search_term_string\"}}],\"inLanguage\":\"uk\"},{\"@type\":\"Organization\",\"@id\":\"https:\/\/denizcankizil.tr\/de\/#organization\",\"name\":\"Av. Deniz Can K\u0131z\u0131l\",\"url\":\"https:\/\/denizcankizil.tr\/de\/\",\"logo\":{\"@type\":\"ImageObject\",\"inLanguage\":\"uk\",\"@id\":\"https:\/\/denizcankizil.tr\/de\/#\/schema\/logo\/image\/\",\"url\":\"https:\/\/denizcankizil.tr\/wp-content\/uploads\/2024\/10\/siyah-logo-svg.svg\",\"contentUrl\":\"https:\/\/denizcankizil.tr\/wp-content\/uploads\/2024\/10\/siyah-logo-svg.svg\",\"width\":1080,\"height\":1080,\"caption\":\"Av. Deniz Can K\u0131z\u0131l\"},\"image\":{\"@id\":\"https:\/\/denizcankizil.tr\/de\/#\/schema\/logo\/image\/\"}},{\"@type\":\"Person\",\"@id\":\"https:\/\/denizcankizil.tr\/de\/#\/schema\/person\/5dc1b22991bd7ac833867c10afc9b0ff\",\"name\":\"Av. Deniz Can K\u0131z\u0131l\",\"image\":{\"@type\":\"ImageObject\",\"inLanguage\":\"uk\",\"@id\":\"https:\/\/denizcankizil.tr\/de\/#\/schema\/person\/image\/\",\"url\":\"https:\/\/secure.gravatar.com\/avatar\/a0b128fb9855c79efc976d5640eedb31dc35ec297594d6016d2cf7c60e975bb6?s=96&d=mm&r=g\",\"contentUrl\":\"https:\/\/secure.gravatar.com\/avatar\/a0b128fb9855c79efc976d5640eedb31dc35ec297594d6016d2cf7c60e975bb6?s=96&d=mm&r=g\",\"caption\":\"Av. Deniz Can K\u0131z\u0131l\"},\"sameAs\":[\"http:\/\/www.denizcankizil.tr\"],\"url\":\"https:\/\/denizcankizil.tr\/uk\/author\/denizcankizil\/\"}]}<\/script>\n<!-- \/ Yoast SEO Premium plugin. -->","yoast_head_json":{"title":"Devlet korumas\u0131 alt\u0131ndaki \u00e7ocuklara \u00f6zel destek - Av. Deniz Can K\u0131z\u0131l","robots":{"index":"index","follow":"follow","max-snippet":"max-snippet:-1","max-image-preview":"max-image-preview:large","max-video-preview":"max-video-preview:-1"},"canonical":"https:\/\/denizcankizil.tr\/uk\/haberler\/antalya\/devlet-korumasi-altindaki-cocuklara-ozel-destek\/","og_locale":"uk_UA","og_type":"article","og_title":"Devlet korumas\u0131 alt\u0131ndaki \u00e7ocuklara \u00f6zel destek","og_description":"Akdeniz \u00dcniversitesi T\u0131p Fak\u00fcltesi ve Antalya Aile ve Sosyal Hizmetler \u0130l M\u00fcd\u00fcrl\u00fc\u011f\u00fc aras\u0131nda e\u011fitim, ara\u015ft\u0131rma ve sa\u011fl\u0131k hizmetlerine y\u00f6nelik i\u015f birli\u011fi protokol\u00fc imzaland\u0131. Antalya Valili\u011finde d\u00fczenlenen t\u00f6rende protokol, Antalya Valisi Hulusi \u015eahin, Akdeniz \u00dcniversitesi Rekt\u00f6r\u00fc Prof. Dr. \u00d6zlenen \u00d6zkan ve Antalya Aile ve Sosyal Hizmetler \u0130l M\u00fcd\u00fcr\u00fc Galip S\u00f6kmen taraf\u0131ndan imzaland\u0131. &#8220;Kamu kurumlar\u0131 aras\u0131ndaki i\u015f birli\u011fi \u00f6nemli&#8221; \u0130mza t\u00f6reninde konu\u015fan Antalya Valisi Hulusi \u015eahin, i\u015f birli\u011finin \u00f6nemine vurgu yaparak, protokol\u00fcn daha geni\u015f alanlara yay\u0131lmas\u0131 gerekti\u011fini belirtti. Akdeniz \u00dcniversitesi Rekt\u00f6r\u00fc Prof. Dr. \u00d6zlenen \u00d6zkan, \u00fcniversitenin kamu-\u00f6zel i\u015f birliklerine oldu\u011fu kadar, kamu kurumlar\u0131 aras\u0131ndaki i\u015f birliklerine de b\u00fcy\u00fck \u00f6nem verdi\u011fini ifade etti. Devlet korumas\u0131ndaki \u00e7ocuklarla her zaman yak\u0131ndan ilgilendiklerini belirten Rekt\u00f6r \u00d6zkan, bu i\u015f birli\u011finin \u00e7ocuklar\u0131n geli\u015fimi a\u00e7\u0131s\u0131ndan \u00f6nemli bir ad\u0131m oldu\u011funu vurgulad\u0131. Tan\u0131 ve tedavileri \u00f6ncelikli olarak yap\u0131lacak \u0130mzalanan protokolle Antalya Aile ve Sosyal Hizmetler \u0130l M\u00fcd\u00fcrl\u00fc\u011f\u00fcne ba\u011fl\u0131 kurulu\u015flardan hizmet alan 0-18 ya\u015f aras\u0131ndaki \u00e7ocuklar\u0131n fiziksel, bili\u015fsel, sosyal ve psikolojik alanlardaki geli\u015fimleri ile ilgili ihtiya\u00e7lar\u0131 belirlenerek tan\u0131 ve tedavileri \u00f6ncelikli olarak yap\u0131lacak. Ayr\u0131ca \u0130l M\u00fcd\u00fcrl\u00fc\u011f\u00fcne ba\u011fl\u0131 kurumlardan ba\u011f\u0131ml\u0131l\u0131k ile ili\u015fkili sebeplerle T\u0131p Fak\u00fcltesi Hastanesi\u2019ne y\u00f6nlendirilenlerin i\u015flemlerinin \u00f6ncelikli olarak yap\u0131lmas\u0131, fiziksel, bili\u015fsel, sosyal ve psikolojik alanlardaki geli\u015fim bozukluklar\u0131 ve geli\u015fim gerilikleri konular\u0131ndaki ihtiya\u00e7lar\u0131 belirlenerek takipleri periyodik aral\u0131klarla yap\u0131lmas\u0131 planlan\u0131yor. Hizmet sunan personele &hellip;","og_url":"https:\/\/denizcankizil.tr\/uk\/haberler\/antalya\/devlet-korumasi-altindaki-cocuklara-ozel-destek\/","og_site_name":"Av. Deniz Can K\u0131z\u0131l","article_published_time":"2025-03-06T10:41:36+00:00","og_image":[{"width":1280,"height":720,"url":"https:\/\/denizcankizil.tr\/wp-content\/uploads\/2025\/03\/5356-01-2fTM6z.jpeg","type":"image\/jpeg"}],"author":"Av. Deniz Can K\u0131z\u0131l","twitter_card":"summary_large_image","twitter_misc":{"\u041d\u0430\u043f\u0438\u0441\u0430\u043d\u043e":"Av. Deniz Can K\u0131z\u0131l","\u041f\u0440\u0438\u0431\u043b. \u0447\u0430\u0441 \u0447\u0438\u0442\u0430\u043d\u043d\u044f":"2 \u0445\u0432\u0438\u043b\u0438\u043d\u0438"},"schema":{"@context":"https:\/\/schema.org","@graph":[{"@type":"Article","@id":"https:\/\/denizcankizil.tr\/ru\/haberler\/antalya\/devlet-korumasi-altindaki-cocuklara-ozel-destek\/#article","isPartOf":{"@id":"https:\/\/denizcankizil.tr\/ru\/haberler\/antalya\/devlet-korumasi-altindaki-cocuklara-ozel-destek\/"},"author":{"name":"Av. Deniz Can K\u0131z\u0131l","@id":"https:\/\/denizcankizil.tr\/de\/#\/schema\/person\/5dc1b22991bd7ac833867c10afc9b0ff"},"headline":"Devlet korumas\u0131 alt\u0131ndaki \u00e7ocuklara \u00f6zel destek","datePublished":"2025-03-06T10:41:36+00:00","mainEntityOfPage":{"@id":"https:\/\/denizcankizil.tr\/ru\/haberler\/antalya\/devlet-korumasi-altindaki-cocuklara-ozel-destek\/"},"wordCount":401,"commentCount":0,"publisher":{"@id":"https:\/\/denizcankizil.tr\/de\/#organization"},"image":{"@id":"https:\/\/denizcankizil.tr\/ru\/haberler\/antalya\/devlet-korumasi-altindaki-cocuklara-ozel-destek\/#primaryimage"},"thumbnailUrl":"https:\/\/denizcankizil.tr\/wp-content\/uploads\/2025\/03\/5356-01-2fTM6z.jpeg","articleSection":["Antalya"],"inLanguage":"uk","potentialAction":[{"@type":"CommentAction","name":"Comment","target":["https:\/\/denizcankizil.tr\/ru\/haberler\/antalya\/devlet-korumasi-altindaki-cocuklara-ozel-destek\/#respond"]}]},{"@type":"WebPage","@id":"https:\/\/denizcankizil.tr\/ru\/haberler\/antalya\/devlet-korumasi-altindaki-cocuklara-ozel-destek\/","url":"https:\/\/denizcankizil.tr\/ru\/haberler\/antalya\/devlet-korumasi-altindaki-cocuklara-ozel-destek\/","name":"Devlet korumas\u0131 alt\u0131ndaki \u00e7ocuklara \u00f6zel destek - Av. Deniz Can K\u0131z\u0131l","isPartOf":{"@id":"https:\/\/denizcankizil.tr\/de\/#website"},"primaryImageOfPage":{"@id":"https:\/\/denizcankizil.tr\/ru\/haberler\/antalya\/devlet-korumasi-altindaki-cocuklara-ozel-destek\/#primaryimage"},"image":{"@id":"https:\/\/denizcankizil.tr\/ru\/haberler\/antalya\/devlet-korumasi-altindaki-cocuklara-ozel-destek\/#primaryimage"},"thumbnailUrl":"https:\/\/denizcankizil.tr\/wp-content\/uploads\/2025\/03\/5356-01-2fTM6z.jpeg","datePublished":"2025-03-06T10:41:36+00:00","breadcrumb":{"@id":"https:\/\/denizcankizil.tr\/ru\/haberler\/antalya\/devlet-korumasi-altindaki-cocuklara-ozel-destek\/#breadcrumb"},"inLanguage":"uk","potentialAction":[{"@type":"ReadAction","target":["https:\/\/denizcankizil.tr\/ru\/haberler\/antalya\/devlet-korumasi-altindaki-cocuklara-ozel-destek\/"]}]},{"@type":"ImageObject","inLanguage":"uk","@id":"https:\/\/denizcankizil.tr\/ru\/haberler\/antalya\/devlet-korumasi-altindaki-cocuklara-ozel-destek\/#primaryimage","url":"https:\/\/denizcankizil.tr\/wp-content\/uploads\/2025\/03\/5356-01-2fTM6z.jpeg","contentUrl":"https:\/\/denizcankizil.tr\/wp-content\/uploads\/2025\/03\/5356-01-2fTM6z.jpeg","width":1280,"height":720},{"@type":"BreadcrumbList","@id":"https:\/\/denizcankizil.tr\/ru\/haberler\/antalya\/devlet-korumasi-altindaki-cocuklara-ozel-destek\/#breadcrumb","itemListElement":[{"@type":"ListItem","position":1,"name":"Home","item":"https:\/\/denizcankizil.tr\/de\/"},{"@type":"ListItem","position":2,"name":"Devlet korumas\u0131 alt\u0131ndaki \u00e7ocuklara \u00f6zel destek"}]},{"@type":"WebSite","@id":"https:\/\/denizcankizil.tr\/de\/#website","url":"https:\/\/denizcankizil.tr\/de\/","name":"Av. Deniz Can K\u0131z\u0131l","description":"Avukat Deniz Can K\u0131z\u0131l Antalya Barosu","publisher":{"@id":"https:\/\/denizcankizil.tr\/de\/#organization"},"potentialAction":[{"@type":"SearchAction","target":{"@type":"EntryPoint","urlTemplate":"https:\/\/denizcankizil.tr\/de\/?s={search_term_string}"},"query-input":{"@type":"PropertyValueSpecification","valueRequired":true,"valueName":"search_term_string"}}],"inLanguage":"uk"},{"@type":"Organization","@id":"https:\/\/denizcankizil.tr\/de\/#organization","name":"Av. Deniz Can K\u0131z\u0131l","url":"https:\/\/denizcankizil.tr\/de\/","logo":{"@type":"ImageObject","inLanguage":"uk","@id":"https:\/\/denizcankizil.tr\/de\/#\/schema\/logo\/image\/","url":"https:\/\/denizcankizil.tr\/wp-content\/uploads\/2024\/10\/siyah-logo-svg.svg","contentUrl":"https:\/\/denizcankizil.tr\/wp-content\/uploads\/2024\/10\/siyah-logo-svg.svg","width":1080,"height":1080,"caption":"Av. Deniz Can K\u0131z\u0131l"},"image":{"@id":"https:\/\/denizcankizil.tr\/de\/#\/schema\/logo\/image\/"}},{"@type":"Person","@id":"https:\/\/denizcankizil.tr\/de\/#\/schema\/person\/5dc1b22991bd7ac833867c10afc9b0ff","name":"Av. Deniz Can K\u0131z\u0131l","image":{"@type":"ImageObject","inLanguage":"uk","@id":"https:\/\/denizcankizil.tr\/de\/#\/schema\/person\/image\/","url":"https:\/\/secure.gravatar.com\/avatar\/a0b128fb9855c79efc976d5640eedb31dc35ec297594d6016d2cf7c60e975bb6?s=96&d=mm&r=g","contentUrl":"https:\/\/secure.gravatar.com\/avatar\/a0b128fb9855c79efc976d5640eedb31dc35ec297594d6016d2cf7c60e975bb6?s=96&d=mm&r=g","caption":"Av. Deniz Can K\u0131z\u0131l"},"sameAs":["http:\/\/www.denizcankizil.tr"],"url":"https:\/\/denizcankizil.tr\/uk\/author\/denizcankizil\/"}]}},"_links":{"self":[{"href":"https:\/\/denizcankizil.tr\/uk\/wp-json\/wp\/v2\/posts\/34903","targetHints":{"allow":["GET"]}}],"collection":[{"href":"https:\/\/denizcankizil.tr\/uk\/wp-json\/wp\/v2\/posts"}],"about":[{"href":"https:\/\/denizcankizil.tr\/uk\/wp-json\/wp\/v2\/types\/post"}],"author":[{"embeddable":true,"href":"https:\/\/denizcankizil.tr\/uk\/wp-json\/wp\/v2\/users\/4"}],"replies":[{"embeddable":true,"href":"https:\/\/denizcankizil.tr\/uk\/wp-json\/wp\/v2\/comments?post=34903"}],"version-history":[{"count":0,"href":"https:\/\/denizcankizil.tr\/uk\/wp-json\/wp\/v2\/posts\/34903\/revisions"}],"wp:featuredmedia":[{"embeddable":true,"href":"https:\/\/denizcankizil.tr\/uk\/wp-json\/wp\/v2\/media\/34904"}],"wp:attachment":[{"href":"https:\/\/denizcankizil.tr\/uk\/wp-json\/wp\/v2\/media?parent=34903"}],"wp:term":[{"taxonomy":"category","embeddable":true,"href":"https:\/\/denizcankizil.tr\/uk\/wp-json\/wp\/v2\/categories?post=34903"},{"taxonomy":"post_tag","embeddable":true,"href":"https:\/\/denizcankizil.tr\/uk\/wp-json\/wp\/v2\/tags?post=34903"}],"curies":[{"name":"wp","href":"https:\/\/api.w.org\/{rel}","templated":true}]}}