{"id":34871,"date":"2025-03-06T11:42:04","date_gmt":"2025-03-06T08:42:04","guid":{"rendered":"https:\/\/denizcankizil.tr\/uncategorized-tr\/3ncu-kattan-dusen-kisi-hayatini-kaybetti\/"},"modified":"2025-03-06T11:42:04","modified_gmt":"2025-03-06T08:42:04","slug":"3ncu-kattan-dusen-kisi-hayatini-kaybetti","status":"publish","type":"post","link":"https:\/\/denizcankizil.tr\/uk\/haberler\/antalya\/3ncu-kattan-dusen-kisi-hayatini-kaybetti\/","title":{"rendered":"3&#8217;nc\u00fc kattan d\u00fc\u015fen ki\u015fi hayat\u0131n\u0131 kaybetti"},"content":{"rendered":"<p>Olay, \u00f6nceki g\u00fcn gece saatlerinde Manavgat il\u00e7esi A\u015fa\u011f\u0131 Pazarc\u0131 Mahallesi 1071 Sokak&#8217;taki bir apartmanda meydana geldi. Edinilen bilgiye g\u00f6re, servis i\u015fi yapan Mehmet Yavuz (41) kad\u0131n arkada\u015f\u0131n\u0131n evine geldi. Yakla\u015f\u0131k bir saat burada kalan Yavuz, arkada\u015f\u0131 oldu\u011fu \u00f6\u011frenilen bir erkek ve kad\u0131n arkada\u015f\u0131 ile birlikte evden ayr\u0131ld\u0131. Serik il\u00e7esinde bulunan bir e\u011flence merkezine giden 3 ki\u015fi saat 04.00&#8217;a kadar burada e\u011flendikten sonra yeniden A\u015fa\u011f\u0131 Pazarc\u0131 Mahallesi&#8217;ndeki eve d\u00f6nd\u00fcler.<\/p>\n<p>Cesedi tente \u00fczerinde bulundu<br \/>\nSaat 05.00 s\u0131ralar\u0131nda ise ayn\u0131 binan\u0131n ikinci kat\u0131nda oturan bir vatanda\u015f\u0131n tente \u00fczerinde bir ki\u015finin hareketsiz yatt\u0131\u011f\u0131 ihbar\u0131 \u00fczerine b\u00f6lgeye polis ve sa\u011fl\u0131k ekibi sevk edildi. Olay yerine gelen ekipler binan\u0131n arka k\u0131sm\u0131nda bulunan zemin kat\u0131n \u00e7at\u0131s\u0131nda hareketsiz olarak yatan \u015fahs\u0131n 41 ya\u015f\u0131ndaki Mehmet Yavuz oldu\u011funu tespit etti. Yap\u0131lan kontrollerde Yavuz&#8217;un hayat\u0131n\u0131 kaybetti\u011fi belirlendi. Mehmet Yavuz&#8217;un cenazesi yap\u0131lan incelemelerin ard\u0131ndan kesin \u00f6l\u00fcm nedeninin belirlenmesi i\u00e7in Antalya Adli T\u0131p Kurumu&#8217;na g\u00f6nderildi. \u00d6te yandan, olay\u0131n meydana geldi\u011fi dairede oturan Yavuz&#8217;un kad\u0131n arkada\u015f\u0131 g\u00f6zlem alt\u0131na al\u0131narak Manavgat Emniyet M\u00fcd\u00fcrl\u00fc\u011f\u00fcne g\u00f6t\u00fcr\u00fcld\u00fc. Yavuz&#8217;un servis i\u015fi yapt\u0131\u011f\u0131, e\u015finden ayr\u0131ld\u0131\u011f\u0131 ve 1 k\u0131z \u00e7ocuk babas\u0131 oldu\u011fu bildirildi.<\/p>\n<p>Kaynak: www.kanalv.com.tr Haber Sitesinden Al\u0131nm\u0131\u015ft\u0131r.<\/p>","protected":false},"excerpt":{"rendered":"<p>Olay, \u00f6nceki g\u00fcn gece saatlerinde Manavgat il\u00e7esi A\u015fa\u011f\u0131 Pazarc\u0131 Mahallesi 1071 Sokak&#8217;taki bir apartmanda meydana geldi. Edinilen bilgiye g\u00f6re, servis i\u015fi yapan Mehmet Yavuz (41) kad\u0131n arkada\u015f\u0131n\u0131n evine geldi. Yakla\u015f\u0131k bir saat burada kalan Yavuz, arkada\u015f\u0131 oldu\u011fu \u00f6\u011frenilen bir erkek ve kad\u0131n arkada\u015f\u0131 ile birlikte evden ayr\u0131ld\u0131. Serik il\u00e7esinde bulunan bir e\u011flence merkezine giden 3 ki\u015fi saat 04.00&#8217;a kadar burada e\u011flendikten sonra yeniden A\u015fa\u011f\u0131 Pazarc\u0131 Mahallesi&#8217;ndeki eve d\u00f6nd\u00fcler. Cesedi tente \u00fczerinde bulundu Saat 05.00 s\u0131ralar\u0131nda ise ayn\u0131 binan\u0131n ikinci kat\u0131nda oturan bir vatanda\u015f\u0131n tente \u00fczerinde bir ki\u015finin hareketsiz yatt\u0131\u011f\u0131 ihbar\u0131 \u00fczerine b\u00f6lgeye polis ve sa\u011fl\u0131k ekibi sevk edildi. Olay yerine gelen ekipler binan\u0131n arka k\u0131sm\u0131nda bulunan zemin kat\u0131n \u00e7at\u0131s\u0131nda hareketsiz olarak yatan \u015fahs\u0131n 41 ya\u015f\u0131ndaki Mehmet Yavuz oldu\u011funu tespit etti. Yap\u0131lan kontrollerde Yavuz&#8217;un hayat\u0131n\u0131 kaybetti\u011fi belirlendi. Mehmet Yavuz&#8217;un cenazesi yap\u0131lan incelemelerin ard\u0131ndan kesin \u00f6l\u00fcm nedeninin belirlenmesi i\u00e7in Antalya Adli T\u0131p Kurumu&#8217;na g\u00f6nderildi. \u00d6te yandan, olay\u0131n meydana geldi\u011fi dairede oturan Yavuz&#8217;un kad\u0131n arkada\u015f\u0131 g\u00f6zlem alt\u0131na al\u0131narak Manavgat Emniyet M\u00fcd\u00fcrl\u00fc\u011f\u00fcne g\u00f6t\u00fcr\u00fcld\u00fc. Yavuz&#8217;un servis i\u015fi yapt\u0131\u011f\u0131, e\u015finden ayr\u0131ld\u0131\u011f\u0131 ve 1 k\u0131z \u00e7ocuk babas\u0131 oldu\u011fu bildirildi. Kaynak: www.kanalv.com.tr Haber Sitesinden Al\u0131nm\u0131\u015ft\u0131r.<\/p>","protected":false},"author":4,"featured_media":34872,"comment_status":"open","ping_status":"open","sticky":false,"template":"","format":"standard","meta":{"_acf_changed":false,"footnotes":""},"categories":[26],"tags":[],"class_list":["post-34871","post","type-post","status-publish","format-standard","has-post-thumbnail","hentry","category-antalya"],"acf":[],"yoast_head":"<!-- This site is optimized with the Yoast SEO Premium plugin v26.6 (Yoast SEO v27.1.1) - https:\/\/yoast.com\/product\/yoast-seo-premium-wordpress\/ -->\n<title>3&#039;nc\u00fc kattan d\u00fc\u015fen ki\u015fi hayat\u0131n\u0131 kaybetti - Av. Deniz Can K\u0131z\u0131l<\/title>\n<meta name=\"robots\" content=\"index, follow, max-snippet:-1, max-image-preview:large, max-video-preview:-1\" \/>\n<link rel=\"canonical\" href=\"https:\/\/denizcankizil.tr\/uk\/haberler\/antalya\/3ncu-kattan-dusen-kisi-hayatini-kaybetti\/\" \/>\n<meta property=\"og:locale\" content=\"uk_UA\" \/>\n<meta property=\"og:type\" content=\"article\" \/>\n<meta property=\"og:title\" content=\"3&#039;nc\u00fc kattan d\u00fc\u015fen ki\u015fi hayat\u0131n\u0131 kaybetti\" \/>\n<meta property=\"og:description\" content=\"Olay, \u00f6nceki g\u00fcn gece saatlerinde Manavgat il\u00e7esi A\u015fa\u011f\u0131 Pazarc\u0131 Mahallesi 1071 Sokak&#8217;taki bir apartmanda meydana geldi. Edinilen bilgiye g\u00f6re, servis i\u015fi yapan Mehmet Yavuz (41) kad\u0131n arkada\u015f\u0131n\u0131n evine geldi. Yakla\u015f\u0131k bir saat burada kalan Yavuz, arkada\u015f\u0131 oldu\u011fu \u00f6\u011frenilen bir erkek ve kad\u0131n arkada\u015f\u0131 ile birlikte evden ayr\u0131ld\u0131. Serik il\u00e7esinde bulunan bir e\u011flence merkezine giden 3 ki\u015fi saat 04.00&#8217;a kadar burada e\u011flendikten sonra yeniden A\u015fa\u011f\u0131 Pazarc\u0131 Mahallesi&#8217;ndeki eve d\u00f6nd\u00fcler. Cesedi tente \u00fczerinde bulundu Saat 05.00 s\u0131ralar\u0131nda ise ayn\u0131 binan\u0131n ikinci kat\u0131nda oturan bir vatanda\u015f\u0131n tente \u00fczerinde bir ki\u015finin hareketsiz yatt\u0131\u011f\u0131 ihbar\u0131 \u00fczerine b\u00f6lgeye polis ve sa\u011fl\u0131k ekibi sevk edildi. Olay yerine gelen ekipler binan\u0131n arka k\u0131sm\u0131nda bulunan zemin kat\u0131n \u00e7at\u0131s\u0131nda hareketsiz olarak yatan \u015fahs\u0131n 41 ya\u015f\u0131ndaki Mehmet Yavuz oldu\u011funu tespit etti. Yap\u0131lan kontrollerde Yavuz&#8217;un hayat\u0131n\u0131 kaybetti\u011fi belirlendi. Mehmet Yavuz&#8217;un cenazesi yap\u0131lan incelemelerin ard\u0131ndan kesin \u00f6l\u00fcm nedeninin belirlenmesi i\u00e7in Antalya Adli T\u0131p Kurumu&#8217;na g\u00f6nderildi. \u00d6te yandan, olay\u0131n meydana geldi\u011fi dairede oturan Yavuz&#8217;un kad\u0131n arkada\u015f\u0131 g\u00f6zlem alt\u0131na al\u0131narak Manavgat Emniyet M\u00fcd\u00fcrl\u00fc\u011f\u00fcne g\u00f6t\u00fcr\u00fcld\u00fc. Yavuz&#8217;un servis i\u015fi yapt\u0131\u011f\u0131, e\u015finden ayr\u0131ld\u0131\u011f\u0131 ve 1 k\u0131z \u00e7ocuk babas\u0131 oldu\u011fu bildirildi. Kaynak: www.kanalv.com.tr Haber Sitesinden Al\u0131nm\u0131\u015ft\u0131r.\" \/>\n<meta property=\"og:url\" content=\"https:\/\/denizcankizil.tr\/uk\/haberler\/antalya\/3ncu-kattan-dusen-kisi-hayatini-kaybetti\/\" \/>\n<meta property=\"og:site_name\" content=\"Av. Deniz Can K\u0131z\u0131l\" \/>\n<meta property=\"article:published_time\" content=\"2025-03-06T08:42:04+00:00\" \/>\n<meta property=\"og:image\" content=\"https:\/\/denizcankizil.tr\/wp-content\/uploads\/2025\/03\/5348-01-lsfOHe.jpeg\" \/>\n\t<meta property=\"og:image:width\" content=\"1280\" \/>\n\t<meta property=\"og:image:height\" content=\"720\" \/>\n\t<meta property=\"og:image:type\" content=\"image\/jpeg\" \/>\n<meta name=\"author\" content=\"Av. Deniz Can K\u0131z\u0131l\" \/>\n<meta name=\"twitter:card\" content=\"summary_large_image\" \/>\n<meta name=\"twitter:label1\" content=\"\u041d\u0430\u043f\u0438\u0441\u0430\u043d\u043e\" \/>\n\t<meta name=\"twitter:data1\" content=\"Av. Deniz Can K\u0131z\u0131l\" \/>\n\t<meta name=\"twitter:label2\" content=\"\u041f\u0440\u0438\u0431\u043b. \u0447\u0430\u0441 \u0447\u0438\u0442\u0430\u043d\u043d\u044f\" \/>\n\t<meta name=\"twitter:data2\" content=\"1 \u0445\u0432\u0438\u043b\u0438\u043d\u0430\" \/>\n<script type=\"application\/ld+json\" class=\"yoast-schema-graph\">{\"@context\":\"https:\/\/schema.org\",\"@graph\":[{\"@type\":\"Article\",\"@id\":\"https:\/\/denizcankizil.tr\/uk\/haberler\/antalya\/3ncu-kattan-dusen-kisi-hayatini-kaybetti\/#article\",\"isPartOf\":{\"@id\":\"https:\/\/denizcankizil.tr\/uk\/haberler\/antalya\/3ncu-kattan-dusen-kisi-hayatini-kaybetti\/\"},\"author\":{\"name\":\"Av. Deniz Can K\u0131z\u0131l\",\"@id\":\"https:\/\/denizcankizil.tr\/de\/#\/schema\/person\/5dc1b22991bd7ac833867c10afc9b0ff\"},\"headline\":\"3&#8217;nc\u00fc kattan d\u00fc\u015fen ki\u015fi hayat\u0131n\u0131 kaybetti\",\"datePublished\":\"2025-03-06T08:42:04+00:00\",\"mainEntityOfPage\":{\"@id\":\"https:\/\/denizcankizil.tr\/uk\/haberler\/antalya\/3ncu-kattan-dusen-kisi-hayatini-kaybetti\/\"},\"wordCount\":256,\"commentCount\":0,\"publisher\":{\"@id\":\"https:\/\/denizcankizil.tr\/de\/#organization\"},\"image\":{\"@id\":\"https:\/\/denizcankizil.tr\/uk\/haberler\/antalya\/3ncu-kattan-dusen-kisi-hayatini-kaybetti\/#primaryimage\"},\"thumbnailUrl\":\"https:\/\/denizcankizil.tr\/wp-content\/uploads\/2025\/03\/5348-01-lsfOHe.jpeg\",\"articleSection\":[\"Antalya\"],\"inLanguage\":\"uk\",\"potentialAction\":[{\"@type\":\"CommentAction\",\"name\":\"Comment\",\"target\":[\"https:\/\/denizcankizil.tr\/uk\/haberler\/antalya\/3ncu-kattan-dusen-kisi-hayatini-kaybetti\/#respond\"]}]},{\"@type\":\"WebPage\",\"@id\":\"https:\/\/denizcankizil.tr\/uk\/haberler\/antalya\/3ncu-kattan-dusen-kisi-hayatini-kaybetti\/\",\"url\":\"https:\/\/denizcankizil.tr\/uk\/haberler\/antalya\/3ncu-kattan-dusen-kisi-hayatini-kaybetti\/\",\"name\":\"3'nc\u00fc kattan d\u00fc\u015fen ki\u015fi hayat\u0131n\u0131 kaybetti - Av. Deniz Can K\u0131z\u0131l\",\"isPartOf\":{\"@id\":\"https:\/\/denizcankizil.tr\/de\/#website\"},\"primaryImageOfPage\":{\"@id\":\"https:\/\/denizcankizil.tr\/uk\/haberler\/antalya\/3ncu-kattan-dusen-kisi-hayatini-kaybetti\/#primaryimage\"},\"image\":{\"@id\":\"https:\/\/denizcankizil.tr\/uk\/haberler\/antalya\/3ncu-kattan-dusen-kisi-hayatini-kaybetti\/#primaryimage\"},\"thumbnailUrl\":\"https:\/\/denizcankizil.tr\/wp-content\/uploads\/2025\/03\/5348-01-lsfOHe.jpeg\",\"datePublished\":\"2025-03-06T08:42:04+00:00\",\"breadcrumb\":{\"@id\":\"https:\/\/denizcankizil.tr\/uk\/haberler\/antalya\/3ncu-kattan-dusen-kisi-hayatini-kaybetti\/#breadcrumb\"},\"inLanguage\":\"uk\",\"potentialAction\":[{\"@type\":\"ReadAction\",\"target\":[\"https:\/\/denizcankizil.tr\/uk\/haberler\/antalya\/3ncu-kattan-dusen-kisi-hayatini-kaybetti\/\"]}]},{\"@type\":\"ImageObject\",\"inLanguage\":\"uk\",\"@id\":\"https:\/\/denizcankizil.tr\/uk\/haberler\/antalya\/3ncu-kattan-dusen-kisi-hayatini-kaybetti\/#primaryimage\",\"url\":\"https:\/\/denizcankizil.tr\/wp-content\/uploads\/2025\/03\/5348-01-lsfOHe.jpeg\",\"contentUrl\":\"https:\/\/denizcankizil.tr\/wp-content\/uploads\/2025\/03\/5348-01-lsfOHe.jpeg\",\"width\":1280,\"height\":720},{\"@type\":\"BreadcrumbList\",\"@id\":\"https:\/\/denizcankizil.tr\/uk\/haberler\/antalya\/3ncu-kattan-dusen-kisi-hayatini-kaybetti\/#breadcrumb\",\"itemListElement\":[{\"@type\":\"ListItem\",\"position\":1,\"name\":\"Home\",\"item\":\"https:\/\/denizcankizil.tr\/de\/\"},{\"@type\":\"ListItem\",\"position\":2,\"name\":\"3&#8217;nc\u00fc kattan d\u00fc\u015fen ki\u015fi hayat\u0131n\u0131 kaybetti\"}]},{\"@type\":\"WebSite\",\"@id\":\"https:\/\/denizcankizil.tr\/de\/#website\",\"url\":\"https:\/\/denizcankizil.tr\/de\/\",\"name\":\"Av. Deniz Can K\u0131z\u0131l\",\"description\":\"Avukat Deniz Can K\u0131z\u0131l Antalya Barosu\",\"publisher\":{\"@id\":\"https:\/\/denizcankizil.tr\/de\/#organization\"},\"potentialAction\":[{\"@type\":\"SearchAction\",\"target\":{\"@type\":\"EntryPoint\",\"urlTemplate\":\"https:\/\/denizcankizil.tr\/de\/?s={search_term_string}\"},\"query-input\":{\"@type\":\"PropertyValueSpecification\",\"valueRequired\":true,\"valueName\":\"search_term_string\"}}],\"inLanguage\":\"uk\"},{\"@type\":\"Organization\",\"@id\":\"https:\/\/denizcankizil.tr\/de\/#organization\",\"name\":\"Av. Deniz Can K\u0131z\u0131l\",\"url\":\"https:\/\/denizcankizil.tr\/de\/\",\"logo\":{\"@type\":\"ImageObject\",\"inLanguage\":\"uk\",\"@id\":\"https:\/\/denizcankizil.tr\/de\/#\/schema\/logo\/image\/\",\"url\":\"https:\/\/denizcankizil.tr\/wp-content\/uploads\/2024\/10\/siyah-logo-svg.svg\",\"contentUrl\":\"https:\/\/denizcankizil.tr\/wp-content\/uploads\/2024\/10\/siyah-logo-svg.svg\",\"width\":1080,\"height\":1080,\"caption\":\"Av. Deniz Can K\u0131z\u0131l\"},\"image\":{\"@id\":\"https:\/\/denizcankizil.tr\/de\/#\/schema\/logo\/image\/\"}},{\"@type\":\"Person\",\"@id\":\"https:\/\/denizcankizil.tr\/de\/#\/schema\/person\/5dc1b22991bd7ac833867c10afc9b0ff\",\"name\":\"Av. Deniz Can K\u0131z\u0131l\",\"image\":{\"@type\":\"ImageObject\",\"inLanguage\":\"uk\",\"@id\":\"https:\/\/denizcankizil.tr\/de\/#\/schema\/person\/image\/\",\"url\":\"https:\/\/secure.gravatar.com\/avatar\/a0b128fb9855c79efc976d5640eedb31dc35ec297594d6016d2cf7c60e975bb6?s=96&d=mm&r=g\",\"contentUrl\":\"https:\/\/secure.gravatar.com\/avatar\/a0b128fb9855c79efc976d5640eedb31dc35ec297594d6016d2cf7c60e975bb6?s=96&d=mm&r=g\",\"caption\":\"Av. Deniz Can K\u0131z\u0131l\"},\"sameAs\":[\"http:\/\/www.denizcankizil.tr\"],\"url\":\"https:\/\/denizcankizil.tr\/uk\/author\/denizcankizil\/\"}]}<\/script>\n<!-- \/ Yoast SEO Premium plugin. -->","yoast_head_json":{"title":"3'nc\u00fc kattan d\u00fc\u015fen ki\u015fi hayat\u0131n\u0131 kaybetti - Av. Deniz Can K\u0131z\u0131l","robots":{"index":"index","follow":"follow","max-snippet":"max-snippet:-1","max-image-preview":"max-image-preview:large","max-video-preview":"max-video-preview:-1"},"canonical":"https:\/\/denizcankizil.tr\/uk\/haberler\/antalya\/3ncu-kattan-dusen-kisi-hayatini-kaybetti\/","og_locale":"uk_UA","og_type":"article","og_title":"3'nc\u00fc kattan d\u00fc\u015fen ki\u015fi hayat\u0131n\u0131 kaybetti","og_description":"Olay, \u00f6nceki g\u00fcn gece saatlerinde Manavgat il\u00e7esi A\u015fa\u011f\u0131 Pazarc\u0131 Mahallesi 1071 Sokak&#8217;taki bir apartmanda meydana geldi. Edinilen bilgiye g\u00f6re, servis i\u015fi yapan Mehmet Yavuz (41) kad\u0131n arkada\u015f\u0131n\u0131n evine geldi. Yakla\u015f\u0131k bir saat burada kalan Yavuz, arkada\u015f\u0131 oldu\u011fu \u00f6\u011frenilen bir erkek ve kad\u0131n arkada\u015f\u0131 ile birlikte evden ayr\u0131ld\u0131. Serik il\u00e7esinde bulunan bir e\u011flence merkezine giden 3 ki\u015fi saat 04.00&#8217;a kadar burada e\u011flendikten sonra yeniden A\u015fa\u011f\u0131 Pazarc\u0131 Mahallesi&#8217;ndeki eve d\u00f6nd\u00fcler. Cesedi tente \u00fczerinde bulundu Saat 05.00 s\u0131ralar\u0131nda ise ayn\u0131 binan\u0131n ikinci kat\u0131nda oturan bir vatanda\u015f\u0131n tente \u00fczerinde bir ki\u015finin hareketsiz yatt\u0131\u011f\u0131 ihbar\u0131 \u00fczerine b\u00f6lgeye polis ve sa\u011fl\u0131k ekibi sevk edildi. Olay yerine gelen ekipler binan\u0131n arka k\u0131sm\u0131nda bulunan zemin kat\u0131n \u00e7at\u0131s\u0131nda hareketsiz olarak yatan \u015fahs\u0131n 41 ya\u015f\u0131ndaki Mehmet Yavuz oldu\u011funu tespit etti. Yap\u0131lan kontrollerde Yavuz&#8217;un hayat\u0131n\u0131 kaybetti\u011fi belirlendi. Mehmet Yavuz&#8217;un cenazesi yap\u0131lan incelemelerin ard\u0131ndan kesin \u00f6l\u00fcm nedeninin belirlenmesi i\u00e7in Antalya Adli T\u0131p Kurumu&#8217;na g\u00f6nderildi. \u00d6te yandan, olay\u0131n meydana geldi\u011fi dairede oturan Yavuz&#8217;un kad\u0131n arkada\u015f\u0131 g\u00f6zlem alt\u0131na al\u0131narak Manavgat Emniyet M\u00fcd\u00fcrl\u00fc\u011f\u00fcne g\u00f6t\u00fcr\u00fcld\u00fc. Yavuz&#8217;un servis i\u015fi yapt\u0131\u011f\u0131, e\u015finden ayr\u0131ld\u0131\u011f\u0131 ve 1 k\u0131z \u00e7ocuk babas\u0131 oldu\u011fu bildirildi. Kaynak: www.kanalv.com.tr Haber Sitesinden Al\u0131nm\u0131\u015ft\u0131r.","og_url":"https:\/\/denizcankizil.tr\/uk\/haberler\/antalya\/3ncu-kattan-dusen-kisi-hayatini-kaybetti\/","og_site_name":"Av. Deniz Can K\u0131z\u0131l","article_published_time":"2025-03-06T08:42:04+00:00","og_image":[{"width":1280,"height":720,"url":"https:\/\/denizcankizil.tr\/wp-content\/uploads\/2025\/03\/5348-01-lsfOHe.jpeg","type":"image\/jpeg"}],"author":"Av. Deniz Can K\u0131z\u0131l","twitter_card":"summary_large_image","twitter_misc":{"\u041d\u0430\u043f\u0438\u0441\u0430\u043d\u043e":"Av. Deniz Can K\u0131z\u0131l","\u041f\u0440\u0438\u0431\u043b. \u0447\u0430\u0441 \u0447\u0438\u0442\u0430\u043d\u043d\u044f":"1 \u0445\u0432\u0438\u043b\u0438\u043d\u0430"},"schema":{"@context":"https:\/\/schema.org","@graph":[{"@type":"Article","@id":"https:\/\/denizcankizil.tr\/uk\/haberler\/antalya\/3ncu-kattan-dusen-kisi-hayatini-kaybetti\/#article","isPartOf":{"@id":"https:\/\/denizcankizil.tr\/uk\/haberler\/antalya\/3ncu-kattan-dusen-kisi-hayatini-kaybetti\/"},"author":{"name":"Av. Deniz Can K\u0131z\u0131l","@id":"https:\/\/denizcankizil.tr\/de\/#\/schema\/person\/5dc1b22991bd7ac833867c10afc9b0ff"},"headline":"3&#8217;nc\u00fc kattan d\u00fc\u015fen ki\u015fi hayat\u0131n\u0131 kaybetti","datePublished":"2025-03-06T08:42:04+00:00","mainEntityOfPage":{"@id":"https:\/\/denizcankizil.tr\/uk\/haberler\/antalya\/3ncu-kattan-dusen-kisi-hayatini-kaybetti\/"},"wordCount":256,"commentCount":0,"publisher":{"@id":"https:\/\/denizcankizil.tr\/de\/#organization"},"image":{"@id":"https:\/\/denizcankizil.tr\/uk\/haberler\/antalya\/3ncu-kattan-dusen-kisi-hayatini-kaybetti\/#primaryimage"},"thumbnailUrl":"https:\/\/denizcankizil.tr\/wp-content\/uploads\/2025\/03\/5348-01-lsfOHe.jpeg","articleSection":["Antalya"],"inLanguage":"uk","potentialAction":[{"@type":"CommentAction","name":"Comment","target":["https:\/\/denizcankizil.tr\/uk\/haberler\/antalya\/3ncu-kattan-dusen-kisi-hayatini-kaybetti\/#respond"]}]},{"@type":"WebPage","@id":"https:\/\/denizcankizil.tr\/uk\/haberler\/antalya\/3ncu-kattan-dusen-kisi-hayatini-kaybetti\/","url":"https:\/\/denizcankizil.tr\/uk\/haberler\/antalya\/3ncu-kattan-dusen-kisi-hayatini-kaybetti\/","name":"3'nc\u00fc kattan d\u00fc\u015fen ki\u015fi hayat\u0131n\u0131 kaybetti - Av. Deniz Can K\u0131z\u0131l","isPartOf":{"@id":"https:\/\/denizcankizil.tr\/de\/#website"},"primaryImageOfPage":{"@id":"https:\/\/denizcankizil.tr\/uk\/haberler\/antalya\/3ncu-kattan-dusen-kisi-hayatini-kaybetti\/#primaryimage"},"image":{"@id":"https:\/\/denizcankizil.tr\/uk\/haberler\/antalya\/3ncu-kattan-dusen-kisi-hayatini-kaybetti\/#primaryimage"},"thumbnailUrl":"https:\/\/denizcankizil.tr\/wp-content\/uploads\/2025\/03\/5348-01-lsfOHe.jpeg","datePublished":"2025-03-06T08:42:04+00:00","breadcrumb":{"@id":"https:\/\/denizcankizil.tr\/uk\/haberler\/antalya\/3ncu-kattan-dusen-kisi-hayatini-kaybetti\/#breadcrumb"},"inLanguage":"uk","potentialAction":[{"@type":"ReadAction","target":["https:\/\/denizcankizil.tr\/uk\/haberler\/antalya\/3ncu-kattan-dusen-kisi-hayatini-kaybetti\/"]}]},{"@type":"ImageObject","inLanguage":"uk","@id":"https:\/\/denizcankizil.tr\/uk\/haberler\/antalya\/3ncu-kattan-dusen-kisi-hayatini-kaybetti\/#primaryimage","url":"https:\/\/denizcankizil.tr\/wp-content\/uploads\/2025\/03\/5348-01-lsfOHe.jpeg","contentUrl":"https:\/\/denizcankizil.tr\/wp-content\/uploads\/2025\/03\/5348-01-lsfOHe.jpeg","width":1280,"height":720},{"@type":"BreadcrumbList","@id":"https:\/\/denizcankizil.tr\/uk\/haberler\/antalya\/3ncu-kattan-dusen-kisi-hayatini-kaybetti\/#breadcrumb","itemListElement":[{"@type":"ListItem","position":1,"name":"Home","item":"https:\/\/denizcankizil.tr\/de\/"},{"@type":"ListItem","position":2,"name":"3&#8217;nc\u00fc kattan d\u00fc\u015fen ki\u015fi hayat\u0131n\u0131 kaybetti"}]},{"@type":"WebSite","@id":"https:\/\/denizcankizil.tr\/de\/#website","url":"https:\/\/denizcankizil.tr\/de\/","name":"Av. Deniz Can K\u0131z\u0131l","description":"Avukat Deniz Can K\u0131z\u0131l Antalya Barosu","publisher":{"@id":"https:\/\/denizcankizil.tr\/de\/#organization"},"potentialAction":[{"@type":"SearchAction","target":{"@type":"EntryPoint","urlTemplate":"https:\/\/denizcankizil.tr\/de\/?s={search_term_string}"},"query-input":{"@type":"PropertyValueSpecification","valueRequired":true,"valueName":"search_term_string"}}],"inLanguage":"uk"},{"@type":"Organization","@id":"https:\/\/denizcankizil.tr\/de\/#organization","name":"Av. Deniz Can K\u0131z\u0131l","url":"https:\/\/denizcankizil.tr\/de\/","logo":{"@type":"ImageObject","inLanguage":"uk","@id":"https:\/\/denizcankizil.tr\/de\/#\/schema\/logo\/image\/","url":"https:\/\/denizcankizil.tr\/wp-content\/uploads\/2024\/10\/siyah-logo-svg.svg","contentUrl":"https:\/\/denizcankizil.tr\/wp-content\/uploads\/2024\/10\/siyah-logo-svg.svg","width":1080,"height":1080,"caption":"Av. Deniz Can K\u0131z\u0131l"},"image":{"@id":"https:\/\/denizcankizil.tr\/de\/#\/schema\/logo\/image\/"}},{"@type":"Person","@id":"https:\/\/denizcankizil.tr\/de\/#\/schema\/person\/5dc1b22991bd7ac833867c10afc9b0ff","name":"Av. Deniz Can K\u0131z\u0131l","image":{"@type":"ImageObject","inLanguage":"uk","@id":"https:\/\/denizcankizil.tr\/de\/#\/schema\/person\/image\/","url":"https:\/\/secure.gravatar.com\/avatar\/a0b128fb9855c79efc976d5640eedb31dc35ec297594d6016d2cf7c60e975bb6?s=96&d=mm&r=g","contentUrl":"https:\/\/secure.gravatar.com\/avatar\/a0b128fb9855c79efc976d5640eedb31dc35ec297594d6016d2cf7c60e975bb6?s=96&d=mm&r=g","caption":"Av. Deniz Can K\u0131z\u0131l"},"sameAs":["http:\/\/www.denizcankizil.tr"],"url":"https:\/\/denizcankizil.tr\/uk\/author\/denizcankizil\/"}]}},"_links":{"self":[{"href":"https:\/\/denizcankizil.tr\/uk\/wp-json\/wp\/v2\/posts\/34871","targetHints":{"allow":["GET"]}}],"collection":[{"href":"https:\/\/denizcankizil.tr\/uk\/wp-json\/wp\/v2\/posts"}],"about":[{"href":"https:\/\/denizcankizil.tr\/uk\/wp-json\/wp\/v2\/types\/post"}],"author":[{"embeddable":true,"href":"https:\/\/denizcankizil.tr\/uk\/wp-json\/wp\/v2\/users\/4"}],"replies":[{"embeddable":true,"href":"https:\/\/denizcankizil.tr\/uk\/wp-json\/wp\/v2\/comments?post=34871"}],"version-history":[{"count":0,"href":"https:\/\/denizcankizil.tr\/uk\/wp-json\/wp\/v2\/posts\/34871\/revisions"}],"wp:featuredmedia":[{"embeddable":true,"href":"https:\/\/denizcankizil.tr\/uk\/wp-json\/wp\/v2\/media\/34872"}],"wp:attachment":[{"href":"https:\/\/denizcankizil.tr\/uk\/wp-json\/wp\/v2\/media?parent=34871"}],"wp:term":[{"taxonomy":"category","embeddable":true,"href":"https:\/\/denizcankizil.tr\/uk\/wp-json\/wp\/v2\/categories?post=34871"},{"taxonomy":"post_tag","embeddable":true,"href":"https:\/\/denizcankizil.tr\/uk\/wp-json\/wp\/v2\/tags?post=34871"}],"curies":[{"name":"wp","href":"https:\/\/api.w.org\/{rel}","templated":true}]}}