{"id":34766,"date":"2025-03-05T14:42:12","date_gmt":"2025-03-05T11:42:12","guid":{"rendered":"https:\/\/denizcankizil.tr\/uncategorized-tr\/iskenderunda-firtina-sonrasi-yine-deniz-cekildi\/"},"modified":"2025-03-05T14:42:12","modified_gmt":"2025-03-05T11:42:12","slug":"iskenderunda-firtina-sonrasi-yine-deniz-cekildi","status":"publish","type":"post","link":"https:\/\/denizcankizil.tr\/uk\/haberler\/gundem\/iskenderunda-firtina-sonrasi-yine-deniz-cekildi\/","title":{"rendered":"\u0130skenderun\u2019da F\u0131rt\u0131na sonras\u0131 yine deniz \u00e7ekildi!"},"content":{"rendered":"<p>\u0130skenderun sahilinde deniz seviyesi k\u0131y\u0131 boyunca yakla\u015f\u0131k 70 santim \u00e7ekilince, tahkimattan sonraki b\u00f6l\u00fcmde metrelerce alanda zemin g\u00f6r\u00fcnd\u00fc.<\/p>\n<p>\u00c7EK\u0130LME GEL-G\u0130T KAYNAKLI<\/p>\n<p>Bu durumla ilgili \u0130skenderun Teknik \u00dcniversitesi (\u0130STE), Deniz Bilimleri ve Teknolojisi Fak\u00fcltesi \u00d6\u011fretim \u00dcyesi Prof. Dr. Tahir \u00d6zcan, yapt\u0131\u011f\u0131 a\u00e7\u0131klamayla, G\u00fcne\u015f ve Ay ile gezegenler aras\u0131 \u00e7ekim kuvvetleri, r\u00fczgar\u0131n etkisi ve deniz dibi topografyas\u0131n\u0131n D\u00fcnya&#8217;daki okyanus ve deniz sular\u0131n\u0131 etkileyerek gelgit hareketlerini olu\u015fturdu\u011funu ve bu nedenle deniz suyunun \u00e7ekildi\u011fini s\u00f6yledi.<\/p>\n<p>\u201cAL\u00c7AK GEL-G\u0130TLERDE<\/p>\n<p>DEN\u0130Z \u00c7EK\u0130LMES\u0130 DO\u011eAL\u201d<\/p>\n<p>Prof. Dr. Tahir \u00d6zcan, Zaman zaman k\u0131y\u0131larda g\u00f6r\u00fclen Deniz \u00e7ekilmesiyle ilgili toplum aras\u0131nda \u00e7e\u015fitli iddialar ve yanl\u0131\u015f anla\u015f\u0131lmalar bulundu\u011funa i\u015faret ederek \u201cBu durumun iki ana nedeni bulunmaktad\u0131r: Gelgit Olaylar\u0131 (Med-Cezir): Ay ve G\u00fcne\u015f&#8217;in yer\u00e7ekimi etkisiyle denizlerin \u00e7ekilmesi ve y\u00fckselmesi, d\u00fcnyan\u0131n farkl\u0131 yerlerinde do\u011fal olarak g\u00f6r\u00fclen gelgit hareketlerinden kaynaklanmaktad\u0131r. Al\u00e7ak gelgit d\u00f6nemlerinde su seviyesi d\u00fc\u015fer ve k\u0131y\u0131lar\u0131m\u0131zda deniz \u00e7ekilmesi g\u00f6zlemlenmektedir. R\u00fczgar\u0131n y\u00f6n\u00fc ve h\u0131z\u0131 ile birlikte atmosfer bas\u0131nc\u0131 gibi olaylarda deniz suyunun y\u00fckselmesi ve al\u00e7almas\u0131na neden olabilir\u201d diye konu\u015ftu. \u00a0<\/p>\n<p>DEPREMLERLE<\/p>\n<p>ALAKASI YOK!<\/p>\n<p>\u0130skenderun K\u00f6rfezi\u2019nde meydana gelen deniz \u00e7ekilmesinin ge\u00e7mi\u015fte ya\u015fanan ve gelecekte ya\u015fanacak depremlerle ilgisi olmad\u0131\u011f\u0131n\u0131 vurgulayan Prof. Dr. Tahir \u00d6zcan \u201cDepremlerle ilgili bir alakas\u0131 yok. Bu durum, gel-git ve r\u00fczgarla alakal\u0131 bir ola\u011fan ger\u00e7ekle\u015fen do\u011fa olay\u0131d\u0131r\u201d dedi.<\/p>\n<p>\u200bDo\u011fu Akdeniz\u2019i d\u00fcnden itibaren etkisi alt\u0131na alan f\u0131rt\u0131na, \u0130skenderun\u2019da ya\u015fam\u0131 olumsuz y\u00f6nde etkiledi, deprem sonras\u0131 \u00e7\u00f6kme nedeniyle tahkimat yap\u0131lan sahil kesiminde yine deniz metrelerce \u00e7ekildi.\u00a0<\/p>\n<p>\u200bHaberin Al\u0131nt\u0131land\u0131\u011f\u0131 Kaynak: www.iskenderun.org<\/p>","protected":false},"excerpt":{"rendered":"<p>\u0130skenderun sahilinde deniz seviyesi k\u0131y\u0131 boyunca yakla\u015f\u0131k 70 santim \u00e7ekilince, tahkimattan sonraki b\u00f6l\u00fcmde metrelerce alanda zemin g\u00f6r\u00fcnd\u00fc. \u00c7EK\u0130LME GEL-G\u0130T KAYNAKLI Bu durumla ilgili \u0130skenderun Teknik \u00dcniversitesi (\u0130STE), Deniz Bilimleri ve Teknolojisi Fak\u00fcltesi \u00d6\u011fretim \u00dcyesi Prof. Dr. Tahir \u00d6zcan, yapt\u0131\u011f\u0131 a\u00e7\u0131klamayla, G\u00fcne\u015f ve Ay ile gezegenler aras\u0131 \u00e7ekim kuvvetleri, r\u00fczgar\u0131n etkisi ve deniz dibi topografyas\u0131n\u0131n D\u00fcnya&#8217;daki okyanus ve deniz sular\u0131n\u0131 etkileyerek gelgit hareketlerini olu\u015fturdu\u011funu ve bu nedenle deniz suyunun \u00e7ekildi\u011fini s\u00f6yledi. \u201cAL\u00c7AK GEL-G\u0130TLERDE DEN\u0130Z \u00c7EK\u0130LMES\u0130 DO\u011eAL\u201d Prof. Dr. Tahir \u00d6zcan, Zaman zaman k\u0131y\u0131larda g\u00f6r\u00fclen Deniz \u00e7ekilmesiyle ilgili toplum aras\u0131nda \u00e7e\u015fitli iddialar ve yanl\u0131\u015f anla\u015f\u0131lmalar bulundu\u011funa i\u015faret ederek \u201cBu durumun iki ana nedeni bulunmaktad\u0131r: Gelgit Olaylar\u0131 (Med-Cezir): Ay ve G\u00fcne\u015f&#8217;in yer\u00e7ekimi etkisiyle denizlerin \u00e7ekilmesi ve y\u00fckselmesi, d\u00fcnyan\u0131n farkl\u0131 yerlerinde do\u011fal olarak g\u00f6r\u00fclen gelgit hareketlerinden kaynaklanmaktad\u0131r. Al\u00e7ak gelgit d\u00f6nemlerinde su seviyesi d\u00fc\u015fer ve k\u0131y\u0131lar\u0131m\u0131zda deniz \u00e7ekilmesi g\u00f6zlemlenmektedir. R\u00fczgar\u0131n y\u00f6n\u00fc ve h\u0131z\u0131 ile birlikte atmosfer bas\u0131nc\u0131 gibi olaylarda deniz suyunun y\u00fckselmesi ve al\u00e7almas\u0131na neden olabilir\u201d diye konu\u015ftu. \u00a0 DEPREMLERLE ALAKASI YOK! \u0130skenderun K\u00f6rfezi\u2019nde meydana gelen deniz \u00e7ekilmesinin ge\u00e7mi\u015fte ya\u015fanan ve gelecekte ya\u015fanacak depremlerle ilgisi olmad\u0131\u011f\u0131n\u0131 vurgulayan Prof. Dr. Tahir \u00d6zcan \u201cDepremlerle ilgili bir alakas\u0131 yok. Bu durum, gel-git ve r\u00fczgarla alakal\u0131 bir ola\u011fan ger\u00e7ekle\u015fen do\u011fa olay\u0131d\u0131r\u201d dedi. \u200bDo\u011fu Akdeniz\u2019i d\u00fcnden itibaren etkisi alt\u0131na alan &hellip;<\/p>","protected":false},"author":1,"featured_media":0,"comment_status":"open","ping_status":"open","sticky":false,"template":"","format":"standard","meta":{"_acf_changed":false,"footnotes":""},"categories":[24],"tags":[],"class_list":["post-34766","post","type-post","status-publish","format-standard","has-post-thumbnail","hentry","category-gundem"],"acf":[],"yoast_head":"<!-- This site is optimized with the Yoast SEO Premium plugin v26.6 (Yoast SEO v27.1.1) - https:\/\/yoast.com\/product\/yoast-seo-premium-wordpress\/ -->\n<title>\u0130skenderun\u2019da F\u0131rt\u0131na sonras\u0131 yine deniz \u00e7ekildi! - Av. Deniz Can K\u0131z\u0131l<\/title>\n<meta name=\"robots\" content=\"index, follow, max-snippet:-1, max-image-preview:large, max-video-preview:-1\" \/>\n<link rel=\"canonical\" href=\"https:\/\/denizcankizil.tr\/uk\/haberler\/gundem\/iskenderunda-firtina-sonrasi-yine-deniz-cekildi\/\" \/>\n<meta property=\"og:locale\" content=\"uk_UA\" \/>\n<meta property=\"og:type\" content=\"article\" \/>\n<meta property=\"og:title\" content=\"\u0130skenderun\u2019da F\u0131rt\u0131na sonras\u0131 yine deniz \u00e7ekildi!\" \/>\n<meta property=\"og:description\" content=\"\u0130skenderun sahilinde deniz seviyesi k\u0131y\u0131 boyunca yakla\u015f\u0131k 70 santim \u00e7ekilince, tahkimattan sonraki b\u00f6l\u00fcmde metrelerce alanda zemin g\u00f6r\u00fcnd\u00fc. \u00c7EK\u0130LME GEL-G\u0130T KAYNAKLI Bu durumla ilgili \u0130skenderun Teknik \u00dcniversitesi (\u0130STE), Deniz Bilimleri ve Teknolojisi Fak\u00fcltesi \u00d6\u011fretim \u00dcyesi Prof. Dr. Tahir \u00d6zcan, yapt\u0131\u011f\u0131 a\u00e7\u0131klamayla, G\u00fcne\u015f ve Ay ile gezegenler aras\u0131 \u00e7ekim kuvvetleri, r\u00fczgar\u0131n etkisi ve deniz dibi topografyas\u0131n\u0131n D\u00fcnya&#8217;daki okyanus ve deniz sular\u0131n\u0131 etkileyerek gelgit hareketlerini olu\u015fturdu\u011funu ve bu nedenle deniz suyunun \u00e7ekildi\u011fini s\u00f6yledi. \u201cAL\u00c7AK GEL-G\u0130TLERDE DEN\u0130Z \u00c7EK\u0130LMES\u0130 DO\u011eAL\u201d Prof. Dr. Tahir \u00d6zcan, Zaman zaman k\u0131y\u0131larda g\u00f6r\u00fclen Deniz \u00e7ekilmesiyle ilgili toplum aras\u0131nda \u00e7e\u015fitli iddialar ve yanl\u0131\u015f anla\u015f\u0131lmalar bulundu\u011funa i\u015faret ederek \u201cBu durumun iki ana nedeni bulunmaktad\u0131r: Gelgit Olaylar\u0131 (Med-Cezir): Ay ve G\u00fcne\u015f&#8217;in yer\u00e7ekimi etkisiyle denizlerin \u00e7ekilmesi ve y\u00fckselmesi, d\u00fcnyan\u0131n farkl\u0131 yerlerinde do\u011fal olarak g\u00f6r\u00fclen gelgit hareketlerinden kaynaklanmaktad\u0131r. Al\u00e7ak gelgit d\u00f6nemlerinde su seviyesi d\u00fc\u015fer ve k\u0131y\u0131lar\u0131m\u0131zda deniz \u00e7ekilmesi g\u00f6zlemlenmektedir. R\u00fczgar\u0131n y\u00f6n\u00fc ve h\u0131z\u0131 ile birlikte atmosfer bas\u0131nc\u0131 gibi olaylarda deniz suyunun y\u00fckselmesi ve al\u00e7almas\u0131na neden olabilir\u201d diye konu\u015ftu. \u00a0 DEPREMLERLE ALAKASI YOK! \u0130skenderun K\u00f6rfezi\u2019nde meydana gelen deniz \u00e7ekilmesinin ge\u00e7mi\u015fte ya\u015fanan ve gelecekte ya\u015fanacak depremlerle ilgisi olmad\u0131\u011f\u0131n\u0131 vurgulayan Prof. Dr. Tahir \u00d6zcan \u201cDepremlerle ilgili bir alakas\u0131 yok. Bu durum, gel-git ve r\u00fczgarla alakal\u0131 bir ola\u011fan ger\u00e7ekle\u015fen do\u011fa olay\u0131d\u0131r\u201d dedi. \u200bDo\u011fu Akdeniz\u2019i d\u00fcnden itibaren etkisi alt\u0131na alan &hellip;\" \/>\n<meta property=\"og:url\" content=\"https:\/\/denizcankizil.tr\/uk\/haberler\/gundem\/iskenderunda-firtina-sonrasi-yine-deniz-cekildi\/\" \/>\n<meta property=\"og:site_name\" content=\"Av. Deniz Can K\u0131z\u0131l\" \/>\n<meta property=\"article:published_time\" content=\"2025-03-05T11:42:12+00:00\" \/>\n<meta name=\"author\" content=\"admin\" \/>\n<meta name=\"twitter:card\" content=\"summary_large_image\" \/>\n<meta name=\"twitter:label1\" content=\"\u041d\u0430\u043f\u0438\u0441\u0430\u043d\u043e\" \/>\n\t<meta name=\"twitter:data1\" content=\"admin\" \/>\n\t<meta name=\"twitter:label2\" content=\"\u041f\u0440\u0438\u0431\u043b. \u0447\u0430\u0441 \u0447\u0438\u0442\u0430\u043d\u043d\u044f\" \/>\n\t<meta name=\"twitter:data2\" content=\"2 \u0445\u0432\u0438\u043b\u0438\u043d\u0438\" \/>\n<script type=\"application\/ld+json\" class=\"yoast-schema-graph\">{\"@context\":\"https:\/\/schema.org\",\"@graph\":[{\"@type\":\"Article\",\"@id\":\"https:\/\/denizcankizil.tr\/ru\/haberler\/gundem\/iskenderunda-firtina-sonrasi-yine-deniz-cekildi\/#article\",\"isPartOf\":{\"@id\":\"https:\/\/denizcankizil.tr\/ru\/haberler\/gundem\/iskenderunda-firtina-sonrasi-yine-deniz-cekildi\/\"},\"author\":{\"name\":\"admin\",\"@id\":\"https:\/\/denizcankizil.tr\/de\/#\/schema\/person\/be3c05fe6a12686905512445d8185489\"},\"headline\":\"\u0130skenderun\u2019da F\u0131rt\u0131na sonras\u0131 yine deniz \u00e7ekildi!\",\"datePublished\":\"2025-03-05T11:42:12+00:00\",\"mainEntityOfPage\":{\"@id\":\"https:\/\/denizcankizil.tr\/ru\/haberler\/gundem\/iskenderunda-firtina-sonrasi-yine-deniz-cekildi\/\"},\"wordCount\":321,\"commentCount\":0,\"publisher\":{\"@id\":\"https:\/\/denizcankizil.tr\/de\/#organization\"},\"articleSection\":[\"G\u00fcndem\"],\"inLanguage\":\"uk\",\"potentialAction\":[{\"@type\":\"CommentAction\",\"name\":\"Comment\",\"target\":[\"https:\/\/denizcankizil.tr\/ru\/haberler\/gundem\/iskenderunda-firtina-sonrasi-yine-deniz-cekildi\/#respond\"]}]},{\"@type\":\"WebPage\",\"@id\":\"https:\/\/denizcankizil.tr\/ru\/haberler\/gundem\/iskenderunda-firtina-sonrasi-yine-deniz-cekildi\/\",\"url\":\"https:\/\/denizcankizil.tr\/ru\/haberler\/gundem\/iskenderunda-firtina-sonrasi-yine-deniz-cekildi\/\",\"name\":\"\u0130skenderun\u2019da F\u0131rt\u0131na sonras\u0131 yine deniz \u00e7ekildi! - Av. Deniz Can K\u0131z\u0131l\",\"isPartOf\":{\"@id\":\"https:\/\/denizcankizil.tr\/de\/#website\"},\"datePublished\":\"2025-03-05T11:42:12+00:00\",\"breadcrumb\":{\"@id\":\"https:\/\/denizcankizil.tr\/ru\/haberler\/gundem\/iskenderunda-firtina-sonrasi-yine-deniz-cekildi\/#breadcrumb\"},\"inLanguage\":\"uk\",\"potentialAction\":[{\"@type\":\"ReadAction\",\"target\":[\"https:\/\/denizcankizil.tr\/ru\/haberler\/gundem\/iskenderunda-firtina-sonrasi-yine-deniz-cekildi\/\"]}]},{\"@type\":\"BreadcrumbList\",\"@id\":\"https:\/\/denizcankizil.tr\/ru\/haberler\/gundem\/iskenderunda-firtina-sonrasi-yine-deniz-cekildi\/#breadcrumb\",\"itemListElement\":[{\"@type\":\"ListItem\",\"position\":1,\"name\":\"Home\",\"item\":\"https:\/\/denizcankizil.tr\/de\/\"},{\"@type\":\"ListItem\",\"position\":2,\"name\":\"\u0130skenderun\u2019da F\u0131rt\u0131na sonras\u0131 yine deniz \u00e7ekildi!\"}]},{\"@type\":\"WebSite\",\"@id\":\"https:\/\/denizcankizil.tr\/de\/#website\",\"url\":\"https:\/\/denizcankizil.tr\/de\/\",\"name\":\"Av. Deniz Can K\u0131z\u0131l\",\"description\":\"Avukat Deniz Can K\u0131z\u0131l Antalya Barosu\",\"publisher\":{\"@id\":\"https:\/\/denizcankizil.tr\/de\/#organization\"},\"potentialAction\":[{\"@type\":\"SearchAction\",\"target\":{\"@type\":\"EntryPoint\",\"urlTemplate\":\"https:\/\/denizcankizil.tr\/de\/?s={search_term_string}\"},\"query-input\":{\"@type\":\"PropertyValueSpecification\",\"valueRequired\":true,\"valueName\":\"search_term_string\"}}],\"inLanguage\":\"uk\"},{\"@type\":\"Organization\",\"@id\":\"https:\/\/denizcankizil.tr\/de\/#organization\",\"name\":\"Av. Deniz Can K\u0131z\u0131l\",\"url\":\"https:\/\/denizcankizil.tr\/de\/\",\"logo\":{\"@type\":\"ImageObject\",\"inLanguage\":\"uk\",\"@id\":\"https:\/\/denizcankizil.tr\/de\/#\/schema\/logo\/image\/\",\"url\":\"https:\/\/denizcankizil.tr\/wp-content\/uploads\/2024\/10\/siyah-logo-svg.svg\",\"contentUrl\":\"https:\/\/denizcankizil.tr\/wp-content\/uploads\/2024\/10\/siyah-logo-svg.svg\",\"width\":1080,\"height\":1080,\"caption\":\"Av. Deniz Can K\u0131z\u0131l\"},\"image\":{\"@id\":\"https:\/\/denizcankizil.tr\/de\/#\/schema\/logo\/image\/\"}},{\"@type\":\"Person\",\"@id\":\"https:\/\/denizcankizil.tr\/de\/#\/schema\/person\/be3c05fe6a12686905512445d8185489\",\"name\":\"admin\",\"image\":{\"@type\":\"ImageObject\",\"inLanguage\":\"uk\",\"@id\":\"https:\/\/denizcankizil.tr\/de\/#\/schema\/person\/image\/\",\"url\":\"https:\/\/secure.gravatar.com\/avatar\/c1fce94c830dc79107e174f890d7210541c4a63e8e5d816341794a2151c9d58c?s=96&d=mm&r=g\",\"contentUrl\":\"https:\/\/secure.gravatar.com\/avatar\/c1fce94c830dc79107e174f890d7210541c4a63e8e5d816341794a2151c9d58c?s=96&d=mm&r=g\",\"caption\":\"admin\"},\"sameAs\":[\"http:\/\/denizcankizil.tr\"],\"url\":\"https:\/\/www.iskenderun.org\/iskenderunda-firtina-sonrasi-yine-deniz-cekildi\"}]}<\/script>\n<!-- \/ Yoast SEO Premium plugin. -->","yoast_head_json":{"title":"\u0130skenderun\u2019da F\u0131rt\u0131na sonras\u0131 yine deniz \u00e7ekildi! - Av. Deniz Can K\u0131z\u0131l","robots":{"index":"index","follow":"follow","max-snippet":"max-snippet:-1","max-image-preview":"max-image-preview:large","max-video-preview":"max-video-preview:-1"},"canonical":"https:\/\/denizcankizil.tr\/uk\/haberler\/gundem\/iskenderunda-firtina-sonrasi-yine-deniz-cekildi\/","og_locale":"uk_UA","og_type":"article","og_title":"\u0130skenderun\u2019da F\u0131rt\u0131na sonras\u0131 yine deniz \u00e7ekildi!","og_description":"\u0130skenderun sahilinde deniz seviyesi k\u0131y\u0131 boyunca yakla\u015f\u0131k 70 santim \u00e7ekilince, tahkimattan sonraki b\u00f6l\u00fcmde metrelerce alanda zemin g\u00f6r\u00fcnd\u00fc. \u00c7EK\u0130LME GEL-G\u0130T KAYNAKLI Bu durumla ilgili \u0130skenderun Teknik \u00dcniversitesi (\u0130STE), Deniz Bilimleri ve Teknolojisi Fak\u00fcltesi \u00d6\u011fretim \u00dcyesi Prof. Dr. Tahir \u00d6zcan, yapt\u0131\u011f\u0131 a\u00e7\u0131klamayla, G\u00fcne\u015f ve Ay ile gezegenler aras\u0131 \u00e7ekim kuvvetleri, r\u00fczgar\u0131n etkisi ve deniz dibi topografyas\u0131n\u0131n D\u00fcnya&#8217;daki okyanus ve deniz sular\u0131n\u0131 etkileyerek gelgit hareketlerini olu\u015fturdu\u011funu ve bu nedenle deniz suyunun \u00e7ekildi\u011fini s\u00f6yledi. \u201cAL\u00c7AK GEL-G\u0130TLERDE DEN\u0130Z \u00c7EK\u0130LMES\u0130 DO\u011eAL\u201d Prof. Dr. Tahir \u00d6zcan, Zaman zaman k\u0131y\u0131larda g\u00f6r\u00fclen Deniz \u00e7ekilmesiyle ilgili toplum aras\u0131nda \u00e7e\u015fitli iddialar ve yanl\u0131\u015f anla\u015f\u0131lmalar bulundu\u011funa i\u015faret ederek \u201cBu durumun iki ana nedeni bulunmaktad\u0131r: Gelgit Olaylar\u0131 (Med-Cezir): Ay ve G\u00fcne\u015f&#8217;in yer\u00e7ekimi etkisiyle denizlerin \u00e7ekilmesi ve y\u00fckselmesi, d\u00fcnyan\u0131n farkl\u0131 yerlerinde do\u011fal olarak g\u00f6r\u00fclen gelgit hareketlerinden kaynaklanmaktad\u0131r. Al\u00e7ak gelgit d\u00f6nemlerinde su seviyesi d\u00fc\u015fer ve k\u0131y\u0131lar\u0131m\u0131zda deniz \u00e7ekilmesi g\u00f6zlemlenmektedir. R\u00fczgar\u0131n y\u00f6n\u00fc ve h\u0131z\u0131 ile birlikte atmosfer bas\u0131nc\u0131 gibi olaylarda deniz suyunun y\u00fckselmesi ve al\u00e7almas\u0131na neden olabilir\u201d diye konu\u015ftu. \u00a0 DEPREMLERLE ALAKASI YOK! \u0130skenderun K\u00f6rfezi\u2019nde meydana gelen deniz \u00e7ekilmesinin ge\u00e7mi\u015fte ya\u015fanan ve gelecekte ya\u015fanacak depremlerle ilgisi olmad\u0131\u011f\u0131n\u0131 vurgulayan Prof. Dr. Tahir \u00d6zcan \u201cDepremlerle ilgili bir alakas\u0131 yok. Bu durum, gel-git ve r\u00fczgarla alakal\u0131 bir ola\u011fan ger\u00e7ekle\u015fen do\u011fa olay\u0131d\u0131r\u201d dedi. \u200bDo\u011fu Akdeniz\u2019i d\u00fcnden itibaren etkisi alt\u0131na alan &hellip;","og_url":"https:\/\/denizcankizil.tr\/uk\/haberler\/gundem\/iskenderunda-firtina-sonrasi-yine-deniz-cekildi\/","og_site_name":"Av. Deniz Can K\u0131z\u0131l","article_published_time":"2025-03-05T11:42:12+00:00","author":"admin","twitter_card":"summary_large_image","twitter_misc":{"\u041d\u0430\u043f\u0438\u0441\u0430\u043d\u043e":"admin","\u041f\u0440\u0438\u0431\u043b. \u0447\u0430\u0441 \u0447\u0438\u0442\u0430\u043d\u043d\u044f":"2 \u0445\u0432\u0438\u043b\u0438\u043d\u0438"},"schema":{"@context":"https:\/\/schema.org","@graph":[{"@type":"Article","@id":"https:\/\/denizcankizil.tr\/ru\/haberler\/gundem\/iskenderunda-firtina-sonrasi-yine-deniz-cekildi\/#article","isPartOf":{"@id":"https:\/\/denizcankizil.tr\/ru\/haberler\/gundem\/iskenderunda-firtina-sonrasi-yine-deniz-cekildi\/"},"author":{"name":"admin","@id":"https:\/\/denizcankizil.tr\/de\/#\/schema\/person\/be3c05fe6a12686905512445d8185489"},"headline":"\u0130skenderun\u2019da F\u0131rt\u0131na sonras\u0131 yine deniz \u00e7ekildi!","datePublished":"2025-03-05T11:42:12+00:00","mainEntityOfPage":{"@id":"https:\/\/denizcankizil.tr\/ru\/haberler\/gundem\/iskenderunda-firtina-sonrasi-yine-deniz-cekildi\/"},"wordCount":321,"commentCount":0,"publisher":{"@id":"https:\/\/denizcankizil.tr\/de\/#organization"},"articleSection":["G\u00fcndem"],"inLanguage":"uk","potentialAction":[{"@type":"CommentAction","name":"Comment","target":["https:\/\/denizcankizil.tr\/ru\/haberler\/gundem\/iskenderunda-firtina-sonrasi-yine-deniz-cekildi\/#respond"]}]},{"@type":"WebPage","@id":"https:\/\/denizcankizil.tr\/ru\/haberler\/gundem\/iskenderunda-firtina-sonrasi-yine-deniz-cekildi\/","url":"https:\/\/denizcankizil.tr\/ru\/haberler\/gundem\/iskenderunda-firtina-sonrasi-yine-deniz-cekildi\/","name":"\u0130skenderun\u2019da F\u0131rt\u0131na sonras\u0131 yine deniz \u00e7ekildi! - Av. Deniz Can K\u0131z\u0131l","isPartOf":{"@id":"https:\/\/denizcankizil.tr\/de\/#website"},"datePublished":"2025-03-05T11:42:12+00:00","breadcrumb":{"@id":"https:\/\/denizcankizil.tr\/ru\/haberler\/gundem\/iskenderunda-firtina-sonrasi-yine-deniz-cekildi\/#breadcrumb"},"inLanguage":"uk","potentialAction":[{"@type":"ReadAction","target":["https:\/\/denizcankizil.tr\/ru\/haberler\/gundem\/iskenderunda-firtina-sonrasi-yine-deniz-cekildi\/"]}]},{"@type":"BreadcrumbList","@id":"https:\/\/denizcankizil.tr\/ru\/haberler\/gundem\/iskenderunda-firtina-sonrasi-yine-deniz-cekildi\/#breadcrumb","itemListElement":[{"@type":"ListItem","position":1,"name":"Home","item":"https:\/\/denizcankizil.tr\/de\/"},{"@type":"ListItem","position":2,"name":"\u0130skenderun\u2019da F\u0131rt\u0131na sonras\u0131 yine deniz \u00e7ekildi!"}]},{"@type":"WebSite","@id":"https:\/\/denizcankizil.tr\/de\/#website","url":"https:\/\/denizcankizil.tr\/de\/","name":"Av. Deniz Can K\u0131z\u0131l","description":"Avukat Deniz Can K\u0131z\u0131l Antalya Barosu","publisher":{"@id":"https:\/\/denizcankizil.tr\/de\/#organization"},"potentialAction":[{"@type":"SearchAction","target":{"@type":"EntryPoint","urlTemplate":"https:\/\/denizcankizil.tr\/de\/?s={search_term_string}"},"query-input":{"@type":"PropertyValueSpecification","valueRequired":true,"valueName":"search_term_string"}}],"inLanguage":"uk"},{"@type":"Organization","@id":"https:\/\/denizcankizil.tr\/de\/#organization","name":"Av. Deniz Can K\u0131z\u0131l","url":"https:\/\/denizcankizil.tr\/de\/","logo":{"@type":"ImageObject","inLanguage":"uk","@id":"https:\/\/denizcankizil.tr\/de\/#\/schema\/logo\/image\/","url":"https:\/\/denizcankizil.tr\/wp-content\/uploads\/2024\/10\/siyah-logo-svg.svg","contentUrl":"https:\/\/denizcankizil.tr\/wp-content\/uploads\/2024\/10\/siyah-logo-svg.svg","width":1080,"height":1080,"caption":"Av. Deniz Can K\u0131z\u0131l"},"image":{"@id":"https:\/\/denizcankizil.tr\/de\/#\/schema\/logo\/image\/"}},{"@type":"Person","@id":"https:\/\/denizcankizil.tr\/de\/#\/schema\/person\/be3c05fe6a12686905512445d8185489","name":"\u0430\u0434\u043c\u0456\u043d","image":{"@type":"ImageObject","inLanguage":"uk","@id":"https:\/\/denizcankizil.tr\/de\/#\/schema\/person\/image\/","url":"https:\/\/secure.gravatar.com\/avatar\/c1fce94c830dc79107e174f890d7210541c4a63e8e5d816341794a2151c9d58c?s=96&d=mm&r=g","contentUrl":"https:\/\/secure.gravatar.com\/avatar\/c1fce94c830dc79107e174f890d7210541c4a63e8e5d816341794a2151c9d58c?s=96&d=mm&r=g","caption":"admin"},"sameAs":["http:\/\/denizcankizil.tr"],"url":"https:\/\/www.iskenderun.org\/iskenderunda-firtina-sonrasi-yine-deniz-cekildi"}]}},"_links":{"self":[{"href":"https:\/\/denizcankizil.tr\/uk\/wp-json\/wp\/v2\/posts\/34766","targetHints":{"allow":["GET"]}}],"collection":[{"href":"https:\/\/denizcankizil.tr\/uk\/wp-json\/wp\/v2\/posts"}],"about":[{"href":"https:\/\/denizcankizil.tr\/uk\/wp-json\/wp\/v2\/types\/post"}],"author":[{"embeddable":true,"href":"https:\/\/denizcankizil.tr\/uk\/wp-json\/wp\/v2\/users\/1"}],"replies":[{"embeddable":true,"href":"https:\/\/denizcankizil.tr\/uk\/wp-json\/wp\/v2\/comments?post=34766"}],"version-history":[{"count":0,"href":"https:\/\/denizcankizil.tr\/uk\/wp-json\/wp\/v2\/posts\/34766\/revisions"}],"wp:attachment":[{"href":"https:\/\/denizcankizil.tr\/uk\/wp-json\/wp\/v2\/media?parent=34766"}],"wp:term":[{"taxonomy":"category","embeddable":true,"href":"https:\/\/denizcankizil.tr\/uk\/wp-json\/wp\/v2\/categories?post=34766"},{"taxonomy":"post_tag","embeddable":true,"href":"https:\/\/denizcankizil.tr\/uk\/wp-json\/wp\/v2\/tags?post=34766"}],"curies":[{"name":"wp","href":"https:\/\/api.w.org\/{rel}","templated":true}]}}