{"id":34648,"date":"2025-03-04T11:41:17","date_gmt":"2025-03-04T08:41:17","guid":{"rendered":"https:\/\/denizcankizil.tr\/uncategorized-tr\/4-kisi-genc-paramedigi-hayattan-kopardi\/"},"modified":"2025-03-04T11:41:17","modified_gmt":"2025-03-04T08:41:17","slug":"4-kisi-genc-paramedigi-hayattan-kopardi","status":"publish","type":"post","link":"https:\/\/denizcankizil.tr\/uk\/haberler\/antalya\/4-kisi-genc-paramedigi-hayattan-kopardi\/","title":{"rendered":"4 ki\u015fi gen\u00e7 Paramedi\u011fi hayattan kopard\u0131"},"content":{"rendered":"<p>Olay, \u00f6nceki g\u00fcn gece saatlerinde Muratpa\u015fa il\u00e7esi Y\u00fcksekalan Mahallesi Ali \u00c7etinkaya Caddesi \u00fczerinde meydana geldi Edinilen bilgiye g\u00f6re, Muratpa\u015fa 5 Nolu Acil Sa\u011fl\u0131k Hizmetleri \u0130stasyonunda g\u00f6rev yapan Paramedik Hamit Aras, Ramazan ay\u0131n\u0131n ilk g\u00fcn\u00fc bir arkada\u015f\u0131 ile birlikte Sahur yapt\u0131ktan sonra arkada\u015f\u0131n\u0131n kendisinde kalmas\u0131 y\u00f6n\u00fcndeki \u0131srar\u0131na ra\u011fmen evine gitmek i\u00e7in yola \u00e7\u0131kt\u0131. Ticari taksi ile Do\u011fu Garaj\u0131 b\u00f6lgesine gelen Aras, evine yakla\u015f\u0131k 150 metre mesafede taksiden inerek y\u00fcr\u00fcmeye ba\u015flad\u0131.<\/p>\n<p>Gen\u00e7 paramedi\u011fi darp edip, gasp ettiler<br \/>\nEvine yakla\u015ft\u0131\u011f\u0131 s\u0131rada Hamit Aras&#8217;\u0131n yan\u0131na gelen ya\u015flar\u0131 17 ile 20 aras\u0131nda de\u011fi\u015fen 4 gen\u00e7 kendisinden sigara istedi. Gen\u00e7lere sigara kullanmad\u0131\u011f\u0131n\u0131 s\u00f6yleyerek yoluna devam eden Aras&#8217;\u0131n arkas\u0131ndan gelen 4 ki\u015fi Hamit Aras&#8217;\u0131 darp etti. Kafas\u0131na ald\u0131\u011f\u0131 darbe ile yere y\u0131\u011f\u0131lan Aras kafas\u0131n\u0131 kald\u0131r\u0131ma vurdu. 4 gen\u00e7 ise yerde hareketsiz yatan Hamit Aras&#8217;\u0131n \u00e7antas\u0131n\u0131 alarak olay yerinden uzakla\u015ft\u0131. Yolda hareketsiz yatan Hamit Aras&#8217;\u0131 g\u00f6renlerin 112 Acil \u00c7a\u011fr\u0131 Merkezi&#8217;ne ihbar\u0131 ile olay yerine sa\u011fl\u0131k ekipleri sevk edildi.<\/p>\n<p>3 g\u00fcnl\u00fck ya\u015fam sava\u015f\u0131n\u0131 kaybetti<br \/>\nVerilen adrese gelen 112 Acil Sa\u011fl\u0131k ekipleri yerde hareketsiz yatan ki\u015finin meslekta\u015flar\u0131 Hamit Aras oldu\u011funu g\u00f6rd\u00fc. Olay yerinde meslekta\u015flar\u0131 taraf\u0131ndan yap\u0131lan ilk m\u00fcdahale ile duran kalbi yeniden \u00e7al\u0131\u015ft\u0131r\u0131lan Aras, \u00f6nce yak\u0131ndaki bir \u00f6zel hastaneye ard\u0131ndan da Antalya E\u011fitim ve Ara\u015ft\u0131rma Hastanesine sevk edildi. Yo\u011fun bak\u0131mda tedavisi devam Hamit Aras, doktorlar\u0131n t\u00fcm \u00e7abalar\u0131na ra\u011fmen d\u00fcn ak\u015fam saatlerinde 3 g\u00fcnd\u00fcr ya\u015fam m\u00fccadelesini kaybetti. \u00d6te yandan, olaya kar\u0131\u015fan \u015f\u00fcpheliler ise k\u0131sa s\u00fcrede polis ekipleri taraf\u0131ndan yakaland\u0131.<\/p>\n<p>2 ki\u015fi tutukland\u0131, 2&#8217;si adli kontrolle serbest<br \/>\nB\u00f6lgedeki g\u00fcvenlik kameralar\u0131n\u0131 inceleyen Antalya \u0130l Emniyet M\u00fcd\u00fcrl\u00fc\u011f\u00fc ekipleri taraf\u0131ndan k\u0131sa s\u00fcrede yakalanan \u015f\u00fcpheliler \u0130smail S. (16), G\u00f6khan A. (17), Sava\u015f \u0130. (20) ve Muhammet Emir K. (17) emniyetteki i\u015flemlerinin ard\u0131ndan adliyeye sevk edildi. \u015e\u00fcphelilerden su\u00e7unu kabul ederek Hamit Aras&#8217;a vurdu\u011funu kabul eden Muhammet Emir K. ve Sava\u015f \u0130. tutuklanarak cezaevine g\u00f6nderilirken \u0130smail S. ve G\u00f6khan A. ise adli kontrol \u015fart\u0131 ile serbest b\u0131rak\u0131ld\u0131. \u015e\u00fcphelilerin emniyetteki ifadesinde Hamit Aras&#8217;\u0131 darp ederek \u00e7antas\u0131n\u0131 alarak olay yerinden uzakla\u015ft\u0131klar\u0131, de\u011ferli e\u015fyalar\u0131 ald\u0131ktan sonra birka\u00e7 sokak ileride \u00e7antay\u0131 yakt\u0131klar\u0131n\u0131 s\u00f6yledi\u011fi \u00f6\u011frenildi.<\/p>\n<p>Mesai arkada\u015flar\u0131 g\u00f6zya\u015flar\u0131na bo\u011fuldu<br \/>\nTedavi g\u00f6rd\u00fc\u011f\u00fc hastanede hayat\u0131n\u0131 kaybeden Hamit Aras&#8217;\u0131n \u00f6l\u00fcm haberi yak\u0131nlar\u0131 ve meslekta\u015flar\u0131n\u0131 yasa bo\u011farken Hamit Aras&#8217;\u0131n cans\u0131z bedeni kesin \u00f6l\u00fcm nedeninin belirlenmesi i\u00e7in Antalya Adli T\u0131p Kurumu morguna kald\u0131r\u0131ld\u0131. Savc\u0131l\u0131k i\u015flemlerinin ard\u0131ndan Aras&#8217;\u0131n cenazesi yak\u0131nlar\u0131 taraf\u0131ndan teslim al\u0131nd\u0131. Gen\u00e7 ya\u015fta hayat\u0131n\u0131 kaybeden 112 Acil Sa\u011fl\u0131k g\u00f6revlisi Hamit Aras i\u00e7in bug\u00fcn T.C. Sa\u011fl\u0131k Bakanl\u0131\u011f\u0131 Antalya \u0130l Ambulans Servisi Ba\u015fhekimli\u011finde t\u00f6ren d\u00fczenlendi. T\u00f6rende gen\u00e7 sa\u011fl\u0131k\u00e7\u0131n\u0131n mesai arkada\u015flar\u0131 g\u00f6zya\u015flar\u0131na bo\u011fuldu. T\u00f6rende konu\u015fan ve Hamit Aras ile 13 y\u0131ld\u0131r birlikte g\u00f6rev yapan Ahu Sezgin &#8220;Meslekta\u015f\u0131m\u0131z olmas\u0131ndan onur duydu\u011fumuz Hamit ayn\u0131 zamanda iyili\u011fi, fedakarl\u0131\u011f\u0131, insanl\u0131\u011f\u0131 ile hep akl\u0131m\u0131zda kalacak. Hepimiz i\u00e7in \u00f6rnek bir insand\u0131. Ne yaz\u0131k ki korkun\u00e7 bir olayda hayattan kopar\u0131ld\u0131. Bu sald\u0131r\u0131y\u0131 unutmad\u0131k unutmayaca\u011f\u0131z. Hukuk m\u00fccadelesinde her zaman annesinin yan\u0131nda olaca\u011f\u0131z&#8221;dedi. Aras&#8217;\u0131n cenazesi mesai arkada\u015flar\u0131 ve meslekta\u015flar\u0131 taraf\u0131ndan d\u00fczenlenen t\u00f6renin ard\u0131ndan dualar e\u015fli\u011finde topra\u011fa verilmek memleketi Ka\u015f&#8217;a u\u011furland\u0131.<\/p>\n<p>Babas\u0131n\u0131 2 ay \u00f6nce kaybetmi\u015f<br \/>\n\u00d6te yandan Hamit Aras&#8217;\u0131n ailesinin tek \u00e7ocu\u011fu oldu\u011fu ve yakla\u015f\u0131k 2 ay \u00f6ncede Antalya \u015eehir Hastanesi&#8217;nde kanser tedavisi g\u00f6ren babas\u0131n\u0131 kaybetti\u011fi \u00f6\u011frenildi. Olaya kar\u0131\u015fanlar\u0131n hepsinin ceza almas\u0131 gerekti\u011fini belirten Hamit Aras&#8217;\u0131n amcas\u0131n\u0131n o\u011flu \u0130nan Tav\u015fan, &#8220;Gece arkada\u015f\u0131ndan d\u00f6nerken 4 ki\u015fi taraf\u0131ndan gasp edilmi\u015f. O anda yere d\u00fc\u015fm\u00fc\u015f, kafas\u0131ndan darbe alm\u0131\u015f. 112 ekipleri kalp masaj\u0131 ile hayata d\u00f6nd\u00fcrm\u00fc\u015f, ard\u0131ndan en yak\u0131n hastaneye g\u00f6t\u00fcrm\u00fc\u015f. Oradan da E\u011fitim ve Ara\u015ft\u0131rma Hastanesi&#8217;ne sevk edildi. Ama maalesef kurtar\u0131lamad\u0131, 3 g\u00fcn sonra ak\u015fam saatlerinde beyin \u00f6l\u00fcm\u00fc ger\u00e7ekle\u015fti. Olaya kar\u0131\u015fanlardan ikisinin tutukland\u0131\u011f\u0131n\u0131, ikisinin de adli kontrolle serbest kald\u0131\u011f\u0131n\u0131 \u00f6\u011frendik. Biz bir kere daha y\u0131k\u0131ld\u0131k, bu su\u00e7u i\u015fleyenler cezas\u0131z kalmamal\u0131. Adalet istiyoruz&#8221; dedi.<\/p>\n<p>Kaynak: www.kanalv.com.tr Haber Sitesinden Al\u0131nm\u0131\u015ft\u0131r.<\/p>","protected":false},"excerpt":{"rendered":"<p>Olay, \u00f6nceki g\u00fcn gece saatlerinde Muratpa\u015fa il\u00e7esi Y\u00fcksekalan Mahallesi Ali \u00c7etinkaya Caddesi \u00fczerinde meydana geldi Edinilen bilgiye g\u00f6re, Muratpa\u015fa 5 Nolu Acil Sa\u011fl\u0131k Hizmetleri \u0130stasyonunda g\u00f6rev yapan Paramedik Hamit Aras, Ramazan ay\u0131n\u0131n ilk g\u00fcn\u00fc bir arkada\u015f\u0131 ile birlikte Sahur yapt\u0131ktan sonra arkada\u015f\u0131n\u0131n kendisinde kalmas\u0131 y\u00f6n\u00fcndeki \u0131srar\u0131na ra\u011fmen evine gitmek i\u00e7in yola \u00e7\u0131kt\u0131. Ticari taksi ile Do\u011fu Garaj\u0131 b\u00f6lgesine gelen Aras, evine yakla\u015f\u0131k 150 metre mesafede taksiden inerek y\u00fcr\u00fcmeye ba\u015flad\u0131. Gen\u00e7 paramedi\u011fi darp edip, gasp ettiler Evine yakla\u015ft\u0131\u011f\u0131 s\u0131rada Hamit Aras&#8217;\u0131n yan\u0131na gelen ya\u015flar\u0131 17 ile 20 aras\u0131nda de\u011fi\u015fen 4 gen\u00e7 kendisinden sigara istedi. Gen\u00e7lere sigara kullanmad\u0131\u011f\u0131n\u0131 s\u00f6yleyerek yoluna devam eden Aras&#8217;\u0131n arkas\u0131ndan gelen 4 ki\u015fi Hamit Aras&#8217;\u0131 darp etti. Kafas\u0131na ald\u0131\u011f\u0131 darbe ile yere y\u0131\u011f\u0131lan Aras kafas\u0131n\u0131 kald\u0131r\u0131ma vurdu. 4 gen\u00e7 ise yerde hareketsiz yatan Hamit Aras&#8217;\u0131n \u00e7antas\u0131n\u0131 alarak olay yerinden uzakla\u015ft\u0131. Yolda hareketsiz yatan Hamit Aras&#8217;\u0131 g\u00f6renlerin 112 Acil \u00c7a\u011fr\u0131 Merkezi&#8217;ne ihbar\u0131 ile olay yerine sa\u011fl\u0131k ekipleri sevk edildi. 3 g\u00fcnl\u00fck ya\u015fam sava\u015f\u0131n\u0131 kaybetti Verilen adrese gelen 112 Acil Sa\u011fl\u0131k ekipleri yerde hareketsiz yatan ki\u015finin meslekta\u015flar\u0131 Hamit Aras oldu\u011funu g\u00f6rd\u00fc. Olay yerinde meslekta\u015flar\u0131 taraf\u0131ndan yap\u0131lan ilk m\u00fcdahale ile duran kalbi yeniden \u00e7al\u0131\u015ft\u0131r\u0131lan Aras, \u00f6nce yak\u0131ndaki bir \u00f6zel hastaneye ard\u0131ndan da Antalya E\u011fitim ve Ara\u015ft\u0131rma Hastanesine sevk edildi. Yo\u011fun bak\u0131mda &hellip;<\/p>","protected":false},"author":4,"featured_media":0,"comment_status":"open","ping_status":"open","sticky":false,"template":"","format":"standard","meta":{"_acf_changed":false,"footnotes":""},"categories":[26],"tags":[],"class_list":["post-34648","post","type-post","status-publish","format-standard","hentry","category-antalya"],"acf":[],"yoast_head":"<!-- This site is optimized with the Yoast SEO Premium plugin v26.6 (Yoast SEO v27.1.1) - https:\/\/yoast.com\/product\/yoast-seo-premium-wordpress\/ -->\n<title>4 ki\u015fi gen\u00e7 Paramedi\u011fi hayattan kopard\u0131 - Av. Deniz Can K\u0131z\u0131l<\/title>\n<meta name=\"robots\" content=\"index, follow, max-snippet:-1, max-image-preview:large, max-video-preview:-1\" \/>\n<link rel=\"canonical\" href=\"https:\/\/denizcankizil.tr\/uk\/haberler\/antalya\/4-kisi-genc-paramedigi-hayattan-kopardi\/\" \/>\n<meta property=\"og:locale\" content=\"uk_UA\" \/>\n<meta property=\"og:type\" content=\"article\" \/>\n<meta property=\"og:title\" content=\"4 ki\u015fi gen\u00e7 Paramedi\u011fi hayattan kopard\u0131\" \/>\n<meta property=\"og:description\" content=\"Olay, \u00f6nceki g\u00fcn gece saatlerinde Muratpa\u015fa il\u00e7esi Y\u00fcksekalan Mahallesi Ali \u00c7etinkaya Caddesi \u00fczerinde meydana geldi Edinilen bilgiye g\u00f6re, Muratpa\u015fa 5 Nolu Acil Sa\u011fl\u0131k Hizmetleri \u0130stasyonunda g\u00f6rev yapan Paramedik Hamit Aras, Ramazan ay\u0131n\u0131n ilk g\u00fcn\u00fc bir arkada\u015f\u0131 ile birlikte Sahur yapt\u0131ktan sonra arkada\u015f\u0131n\u0131n kendisinde kalmas\u0131 y\u00f6n\u00fcndeki \u0131srar\u0131na ra\u011fmen evine gitmek i\u00e7in yola \u00e7\u0131kt\u0131. Ticari taksi ile Do\u011fu Garaj\u0131 b\u00f6lgesine gelen Aras, evine yakla\u015f\u0131k 150 metre mesafede taksiden inerek y\u00fcr\u00fcmeye ba\u015flad\u0131. Gen\u00e7 paramedi\u011fi darp edip, gasp ettiler Evine yakla\u015ft\u0131\u011f\u0131 s\u0131rada Hamit Aras&#8217;\u0131n yan\u0131na gelen ya\u015flar\u0131 17 ile 20 aras\u0131nda de\u011fi\u015fen 4 gen\u00e7 kendisinden sigara istedi. Gen\u00e7lere sigara kullanmad\u0131\u011f\u0131n\u0131 s\u00f6yleyerek yoluna devam eden Aras&#8217;\u0131n arkas\u0131ndan gelen 4 ki\u015fi Hamit Aras&#8217;\u0131 darp etti. Kafas\u0131na ald\u0131\u011f\u0131 darbe ile yere y\u0131\u011f\u0131lan Aras kafas\u0131n\u0131 kald\u0131r\u0131ma vurdu. 4 gen\u00e7 ise yerde hareketsiz yatan Hamit Aras&#8217;\u0131n \u00e7antas\u0131n\u0131 alarak olay yerinden uzakla\u015ft\u0131. Yolda hareketsiz yatan Hamit Aras&#8217;\u0131 g\u00f6renlerin 112 Acil \u00c7a\u011fr\u0131 Merkezi&#8217;ne ihbar\u0131 ile olay yerine sa\u011fl\u0131k ekipleri sevk edildi. 3 g\u00fcnl\u00fck ya\u015fam sava\u015f\u0131n\u0131 kaybetti Verilen adrese gelen 112 Acil Sa\u011fl\u0131k ekipleri yerde hareketsiz yatan ki\u015finin meslekta\u015flar\u0131 Hamit Aras oldu\u011funu g\u00f6rd\u00fc. Olay yerinde meslekta\u015flar\u0131 taraf\u0131ndan yap\u0131lan ilk m\u00fcdahale ile duran kalbi yeniden \u00e7al\u0131\u015ft\u0131r\u0131lan Aras, \u00f6nce yak\u0131ndaki bir \u00f6zel hastaneye ard\u0131ndan da Antalya E\u011fitim ve Ara\u015ft\u0131rma Hastanesine sevk edildi. Yo\u011fun bak\u0131mda &hellip;\" \/>\n<meta property=\"og:url\" content=\"https:\/\/denizcankizil.tr\/uk\/haberler\/antalya\/4-kisi-genc-paramedigi-hayattan-kopardi\/\" \/>\n<meta property=\"og:site_name\" content=\"Av. Deniz Can K\u0131z\u0131l\" \/>\n<meta property=\"article:published_time\" content=\"2025-03-04T08:41:17+00:00\" \/>\n<meta name=\"author\" content=\"Av. Deniz Can K\u0131z\u0131l\" \/>\n<meta name=\"twitter:card\" content=\"summary_large_image\" \/>\n<meta name=\"twitter:label1\" content=\"\u041d\u0430\u043f\u0438\u0441\u0430\u043d\u043e\" \/>\n\t<meta name=\"twitter:data1\" content=\"Av. Deniz Can K\u0131z\u0131l\" \/>\n\t<meta name=\"twitter:label2\" content=\"\u041f\u0440\u0438\u0431\u043b. \u0447\u0430\u0441 \u0447\u0438\u0442\u0430\u043d\u043d\u044f\" \/>\n\t<meta name=\"twitter:data2\" content=\"4 \u0445\u0432\u0438\u043b\u0438\u043d\u0438\" \/>\n<script type=\"application\/ld+json\" class=\"yoast-schema-graph\">{\"@context\":\"https:\/\/schema.org\",\"@graph\":[{\"@type\":\"Article\",\"@id\":\"https:\/\/denizcankizil.tr\/uk\/haberler\/antalya\/4-kisi-genc-paramedigi-hayattan-kopardi\/#article\",\"isPartOf\":{\"@id\":\"https:\/\/denizcankizil.tr\/uk\/haberler\/antalya\/4-kisi-genc-paramedigi-hayattan-kopardi\/\"},\"author\":{\"name\":\"Av. Deniz Can K\u0131z\u0131l\",\"@id\":\"https:\/\/denizcankizil.tr\/de\/#\/schema\/person\/5dc1b22991bd7ac833867c10afc9b0ff\"},\"headline\":\"4 ki\u015fi gen\u00e7 Paramedi\u011fi hayattan kopard\u0131\",\"datePublished\":\"2025-03-04T08:41:17+00:00\",\"mainEntityOfPage\":{\"@id\":\"https:\/\/denizcankizil.tr\/uk\/haberler\/antalya\/4-kisi-genc-paramedigi-hayattan-kopardi\/\"},\"wordCount\":820,\"commentCount\":0,\"publisher\":{\"@id\":\"https:\/\/denizcankizil.tr\/de\/#organization\"},\"articleSection\":[\"Antalya\"],\"inLanguage\":\"uk\",\"potentialAction\":[{\"@type\":\"CommentAction\",\"name\":\"Comment\",\"target\":[\"https:\/\/denizcankizil.tr\/uk\/haberler\/antalya\/4-kisi-genc-paramedigi-hayattan-kopardi\/#respond\"]}]},{\"@type\":\"WebPage\",\"@id\":\"https:\/\/denizcankizil.tr\/uk\/haberler\/antalya\/4-kisi-genc-paramedigi-hayattan-kopardi\/\",\"url\":\"https:\/\/denizcankizil.tr\/uk\/haberler\/antalya\/4-kisi-genc-paramedigi-hayattan-kopardi\/\",\"name\":\"4 ki\u015fi gen\u00e7 Paramedi\u011fi hayattan kopard\u0131 - Av. Deniz Can K\u0131z\u0131l\",\"isPartOf\":{\"@id\":\"https:\/\/denizcankizil.tr\/de\/#website\"},\"datePublished\":\"2025-03-04T08:41:17+00:00\",\"breadcrumb\":{\"@id\":\"https:\/\/denizcankizil.tr\/uk\/haberler\/antalya\/4-kisi-genc-paramedigi-hayattan-kopardi\/#breadcrumb\"},\"inLanguage\":\"uk\",\"potentialAction\":[{\"@type\":\"ReadAction\",\"target\":[\"https:\/\/denizcankizil.tr\/uk\/haberler\/antalya\/4-kisi-genc-paramedigi-hayattan-kopardi\/\"]}]},{\"@type\":\"BreadcrumbList\",\"@id\":\"https:\/\/denizcankizil.tr\/uk\/haberler\/antalya\/4-kisi-genc-paramedigi-hayattan-kopardi\/#breadcrumb\",\"itemListElement\":[{\"@type\":\"ListItem\",\"position\":1,\"name\":\"Home\",\"item\":\"https:\/\/denizcankizil.tr\/de\/\"},{\"@type\":\"ListItem\",\"position\":2,\"name\":\"4 ki\u015fi gen\u00e7 Paramedi\u011fi hayattan kopard\u0131\"}]},{\"@type\":\"WebSite\",\"@id\":\"https:\/\/denizcankizil.tr\/de\/#website\",\"url\":\"https:\/\/denizcankizil.tr\/de\/\",\"name\":\"Av. Deniz Can K\u0131z\u0131l\",\"description\":\"Avukat Deniz Can K\u0131z\u0131l Antalya Barosu\",\"publisher\":{\"@id\":\"https:\/\/denizcankizil.tr\/de\/#organization\"},\"potentialAction\":[{\"@type\":\"SearchAction\",\"target\":{\"@type\":\"EntryPoint\",\"urlTemplate\":\"https:\/\/denizcankizil.tr\/de\/?s={search_term_string}\"},\"query-input\":{\"@type\":\"PropertyValueSpecification\",\"valueRequired\":true,\"valueName\":\"search_term_string\"}}],\"inLanguage\":\"uk\"},{\"@type\":\"Organization\",\"@id\":\"https:\/\/denizcankizil.tr\/de\/#organization\",\"name\":\"Av. Deniz Can K\u0131z\u0131l\",\"url\":\"https:\/\/denizcankizil.tr\/de\/\",\"logo\":{\"@type\":\"ImageObject\",\"inLanguage\":\"uk\",\"@id\":\"https:\/\/denizcankizil.tr\/de\/#\/schema\/logo\/image\/\",\"url\":\"https:\/\/denizcankizil.tr\/wp-content\/uploads\/2024\/10\/siyah-logo-svg.svg\",\"contentUrl\":\"https:\/\/denizcankizil.tr\/wp-content\/uploads\/2024\/10\/siyah-logo-svg.svg\",\"width\":1080,\"height\":1080,\"caption\":\"Av. Deniz Can K\u0131z\u0131l\"},\"image\":{\"@id\":\"https:\/\/denizcankizil.tr\/de\/#\/schema\/logo\/image\/\"}},{\"@type\":\"Person\",\"@id\":\"https:\/\/denizcankizil.tr\/de\/#\/schema\/person\/5dc1b22991bd7ac833867c10afc9b0ff\",\"name\":\"Av. Deniz Can K\u0131z\u0131l\",\"image\":{\"@type\":\"ImageObject\",\"inLanguage\":\"uk\",\"@id\":\"https:\/\/denizcankizil.tr\/de\/#\/schema\/person\/image\/\",\"url\":\"https:\/\/secure.gravatar.com\/avatar\/a0b128fb9855c79efc976d5640eedb31dc35ec297594d6016d2cf7c60e975bb6?s=96&d=mm&r=g\",\"contentUrl\":\"https:\/\/secure.gravatar.com\/avatar\/a0b128fb9855c79efc976d5640eedb31dc35ec297594d6016d2cf7c60e975bb6?s=96&d=mm&r=g\",\"caption\":\"Av. Deniz Can K\u0131z\u0131l\"},\"sameAs\":[\"http:\/\/www.denizcankizil.tr\"],\"url\":\"https:\/\/denizcankizil.tr\/uk\/author\/denizcankizil\/\"}]}<\/script>\n<!-- \/ Yoast SEO Premium plugin. -->","yoast_head_json":{"title":"4 ki\u015fi gen\u00e7 Paramedi\u011fi hayattan kopard\u0131 - Av. Deniz Can K\u0131z\u0131l","robots":{"index":"index","follow":"follow","max-snippet":"max-snippet:-1","max-image-preview":"max-image-preview:large","max-video-preview":"max-video-preview:-1"},"canonical":"https:\/\/denizcankizil.tr\/uk\/haberler\/antalya\/4-kisi-genc-paramedigi-hayattan-kopardi\/","og_locale":"uk_UA","og_type":"article","og_title":"4 ki\u015fi gen\u00e7 Paramedi\u011fi hayattan kopard\u0131","og_description":"Olay, \u00f6nceki g\u00fcn gece saatlerinde Muratpa\u015fa il\u00e7esi Y\u00fcksekalan Mahallesi Ali \u00c7etinkaya Caddesi \u00fczerinde meydana geldi Edinilen bilgiye g\u00f6re, Muratpa\u015fa 5 Nolu Acil Sa\u011fl\u0131k Hizmetleri \u0130stasyonunda g\u00f6rev yapan Paramedik Hamit Aras, Ramazan ay\u0131n\u0131n ilk g\u00fcn\u00fc bir arkada\u015f\u0131 ile birlikte Sahur yapt\u0131ktan sonra arkada\u015f\u0131n\u0131n kendisinde kalmas\u0131 y\u00f6n\u00fcndeki \u0131srar\u0131na ra\u011fmen evine gitmek i\u00e7in yola \u00e7\u0131kt\u0131. Ticari taksi ile Do\u011fu Garaj\u0131 b\u00f6lgesine gelen Aras, evine yakla\u015f\u0131k 150 metre mesafede taksiden inerek y\u00fcr\u00fcmeye ba\u015flad\u0131. Gen\u00e7 paramedi\u011fi darp edip, gasp ettiler Evine yakla\u015ft\u0131\u011f\u0131 s\u0131rada Hamit Aras&#8217;\u0131n yan\u0131na gelen ya\u015flar\u0131 17 ile 20 aras\u0131nda de\u011fi\u015fen 4 gen\u00e7 kendisinden sigara istedi. Gen\u00e7lere sigara kullanmad\u0131\u011f\u0131n\u0131 s\u00f6yleyerek yoluna devam eden Aras&#8217;\u0131n arkas\u0131ndan gelen 4 ki\u015fi Hamit Aras&#8217;\u0131 darp etti. Kafas\u0131na ald\u0131\u011f\u0131 darbe ile yere y\u0131\u011f\u0131lan Aras kafas\u0131n\u0131 kald\u0131r\u0131ma vurdu. 4 gen\u00e7 ise yerde hareketsiz yatan Hamit Aras&#8217;\u0131n \u00e7antas\u0131n\u0131 alarak olay yerinden uzakla\u015ft\u0131. Yolda hareketsiz yatan Hamit Aras&#8217;\u0131 g\u00f6renlerin 112 Acil \u00c7a\u011fr\u0131 Merkezi&#8217;ne ihbar\u0131 ile olay yerine sa\u011fl\u0131k ekipleri sevk edildi. 3 g\u00fcnl\u00fck ya\u015fam sava\u015f\u0131n\u0131 kaybetti Verilen adrese gelen 112 Acil Sa\u011fl\u0131k ekipleri yerde hareketsiz yatan ki\u015finin meslekta\u015flar\u0131 Hamit Aras oldu\u011funu g\u00f6rd\u00fc. Olay yerinde meslekta\u015flar\u0131 taraf\u0131ndan yap\u0131lan ilk m\u00fcdahale ile duran kalbi yeniden \u00e7al\u0131\u015ft\u0131r\u0131lan Aras, \u00f6nce yak\u0131ndaki bir \u00f6zel hastaneye ard\u0131ndan da Antalya E\u011fitim ve Ara\u015ft\u0131rma Hastanesine sevk edildi. Yo\u011fun bak\u0131mda &hellip;","og_url":"https:\/\/denizcankizil.tr\/uk\/haberler\/antalya\/4-kisi-genc-paramedigi-hayattan-kopardi\/","og_site_name":"Av. Deniz Can K\u0131z\u0131l","article_published_time":"2025-03-04T08:41:17+00:00","author":"Av. Deniz Can K\u0131z\u0131l","twitter_card":"summary_large_image","twitter_misc":{"\u041d\u0430\u043f\u0438\u0441\u0430\u043d\u043e":"Av. Deniz Can K\u0131z\u0131l","\u041f\u0440\u0438\u0431\u043b. \u0447\u0430\u0441 \u0447\u0438\u0442\u0430\u043d\u043d\u044f":"4 \u0445\u0432\u0438\u043b\u0438\u043d\u0438"},"schema":{"@context":"https:\/\/schema.org","@graph":[{"@type":"Article","@id":"https:\/\/denizcankizil.tr\/uk\/haberler\/antalya\/4-kisi-genc-paramedigi-hayattan-kopardi\/#article","isPartOf":{"@id":"https:\/\/denizcankizil.tr\/uk\/haberler\/antalya\/4-kisi-genc-paramedigi-hayattan-kopardi\/"},"author":{"name":"Av. Deniz Can K\u0131z\u0131l","@id":"https:\/\/denizcankizil.tr\/de\/#\/schema\/person\/5dc1b22991bd7ac833867c10afc9b0ff"},"headline":"4 ki\u015fi gen\u00e7 Paramedi\u011fi hayattan kopard\u0131","datePublished":"2025-03-04T08:41:17+00:00","mainEntityOfPage":{"@id":"https:\/\/denizcankizil.tr\/uk\/haberler\/antalya\/4-kisi-genc-paramedigi-hayattan-kopardi\/"},"wordCount":820,"commentCount":0,"publisher":{"@id":"https:\/\/denizcankizil.tr\/de\/#organization"},"articleSection":["Antalya"],"inLanguage":"uk","potentialAction":[{"@type":"CommentAction","name":"Comment","target":["https:\/\/denizcankizil.tr\/uk\/haberler\/antalya\/4-kisi-genc-paramedigi-hayattan-kopardi\/#respond"]}]},{"@type":"WebPage","@id":"https:\/\/denizcankizil.tr\/uk\/haberler\/antalya\/4-kisi-genc-paramedigi-hayattan-kopardi\/","url":"https:\/\/denizcankizil.tr\/uk\/haberler\/antalya\/4-kisi-genc-paramedigi-hayattan-kopardi\/","name":"4 ki\u015fi gen\u00e7 Paramedi\u011fi hayattan kopard\u0131 - Av. Deniz Can K\u0131z\u0131l","isPartOf":{"@id":"https:\/\/denizcankizil.tr\/de\/#website"},"datePublished":"2025-03-04T08:41:17+00:00","breadcrumb":{"@id":"https:\/\/denizcankizil.tr\/uk\/haberler\/antalya\/4-kisi-genc-paramedigi-hayattan-kopardi\/#breadcrumb"},"inLanguage":"uk","potentialAction":[{"@type":"ReadAction","target":["https:\/\/denizcankizil.tr\/uk\/haberler\/antalya\/4-kisi-genc-paramedigi-hayattan-kopardi\/"]}]},{"@type":"BreadcrumbList","@id":"https:\/\/denizcankizil.tr\/uk\/haberler\/antalya\/4-kisi-genc-paramedigi-hayattan-kopardi\/#breadcrumb","itemListElement":[{"@type":"ListItem","position":1,"name":"Home","item":"https:\/\/denizcankizil.tr\/de\/"},{"@type":"ListItem","position":2,"name":"4 ki\u015fi gen\u00e7 Paramedi\u011fi hayattan kopard\u0131"}]},{"@type":"WebSite","@id":"https:\/\/denizcankizil.tr\/de\/#website","url":"https:\/\/denizcankizil.tr\/de\/","name":"Av. Deniz Can K\u0131z\u0131l","description":"Avukat Deniz Can K\u0131z\u0131l Antalya Barosu","publisher":{"@id":"https:\/\/denizcankizil.tr\/de\/#organization"},"potentialAction":[{"@type":"SearchAction","target":{"@type":"EntryPoint","urlTemplate":"https:\/\/denizcankizil.tr\/de\/?s={search_term_string}"},"query-input":{"@type":"PropertyValueSpecification","valueRequired":true,"valueName":"search_term_string"}}],"inLanguage":"uk"},{"@type":"Organization","@id":"https:\/\/denizcankizil.tr\/de\/#organization","name":"Av. Deniz Can K\u0131z\u0131l","url":"https:\/\/denizcankizil.tr\/de\/","logo":{"@type":"ImageObject","inLanguage":"uk","@id":"https:\/\/denizcankizil.tr\/de\/#\/schema\/logo\/image\/","url":"https:\/\/denizcankizil.tr\/wp-content\/uploads\/2024\/10\/siyah-logo-svg.svg","contentUrl":"https:\/\/denizcankizil.tr\/wp-content\/uploads\/2024\/10\/siyah-logo-svg.svg","width":1080,"height":1080,"caption":"Av. Deniz Can K\u0131z\u0131l"},"image":{"@id":"https:\/\/denizcankizil.tr\/de\/#\/schema\/logo\/image\/"}},{"@type":"Person","@id":"https:\/\/denizcankizil.tr\/de\/#\/schema\/person\/5dc1b22991bd7ac833867c10afc9b0ff","name":"Av. Deniz Can K\u0131z\u0131l","image":{"@type":"ImageObject","inLanguage":"uk","@id":"https:\/\/denizcankizil.tr\/de\/#\/schema\/person\/image\/","url":"https:\/\/secure.gravatar.com\/avatar\/a0b128fb9855c79efc976d5640eedb31dc35ec297594d6016d2cf7c60e975bb6?s=96&d=mm&r=g","contentUrl":"https:\/\/secure.gravatar.com\/avatar\/a0b128fb9855c79efc976d5640eedb31dc35ec297594d6016d2cf7c60e975bb6?s=96&d=mm&r=g","caption":"Av. Deniz Can K\u0131z\u0131l"},"sameAs":["http:\/\/www.denizcankizil.tr"],"url":"https:\/\/denizcankizil.tr\/uk\/author\/denizcankizil\/"}]}},"_links":{"self":[{"href":"https:\/\/denizcankizil.tr\/uk\/wp-json\/wp\/v2\/posts\/34648","targetHints":{"allow":["GET"]}}],"collection":[{"href":"https:\/\/denizcankizil.tr\/uk\/wp-json\/wp\/v2\/posts"}],"about":[{"href":"https:\/\/denizcankizil.tr\/uk\/wp-json\/wp\/v2\/types\/post"}],"author":[{"embeddable":true,"href":"https:\/\/denizcankizil.tr\/uk\/wp-json\/wp\/v2\/users\/4"}],"replies":[{"embeddable":true,"href":"https:\/\/denizcankizil.tr\/uk\/wp-json\/wp\/v2\/comments?post=34648"}],"version-history":[{"count":0,"href":"https:\/\/denizcankizil.tr\/uk\/wp-json\/wp\/v2\/posts\/34648\/revisions"}],"wp:attachment":[{"href":"https:\/\/denizcankizil.tr\/uk\/wp-json\/wp\/v2\/media?parent=34648"}],"wp:term":[{"taxonomy":"category","embeddable":true,"href":"https:\/\/denizcankizil.tr\/uk\/wp-json\/wp\/v2\/categories?post=34648"},{"taxonomy":"post_tag","embeddable":true,"href":"https:\/\/denizcankizil.tr\/uk\/wp-json\/wp\/v2\/tags?post=34648"}],"curies":[{"name":"wp","href":"https:\/\/api.w.org\/{rel}","templated":true}]}}