{"id":34565,"date":"2025-03-03T11:42:14","date_gmt":"2025-03-03T08:42:14","guid":{"rendered":"https:\/\/denizcankizil.tr\/uncategorized-tr\/kocaelide-dunya-ressamlar-gununde-yeteneklerini-kesfettiler-2\/"},"modified":"2025-03-03T11:42:14","modified_gmt":"2025-03-03T08:42:14","slug":"kocaelide-dunya-ressamlar-gununde-yeteneklerini-kesfettiler-2","status":"publish","type":"post","link":"https:\/\/denizcankizil.tr\/uk\/haberler\/gundem\/kocaelide-dunya-ressamlar-gununde-yeteneklerini-kesfettiler-2\/","title":{"rendered":"Kocaeli&#8217;de D\u00fcnya Ressamlar G\u00fcn\u00fc&#8217;nde yeteneklerini ke\u015ffettiler"},"content":{"rendered":"<p>KocaeliB\u00fcy\u00fck\u015fehir Belediyesi Beyaz Kalpler \u00f6\u011frencileri, D\u00fcnya Ressamlar G\u00fcn\u00fc\u2019nde g\u00fcnbat\u0131m\u0131n\u0131 resmederek yeteneklerini ke\u015ffettiKOCAEL\u0130 (\u0130GFA) &#8211; Kocaeli B\u00fcy\u00fck\u015fehir, D\u00fcnya Ressamlar G\u00fcn\u00fc\u2019nde anlaml\u0131 bir etkinlik d\u00fczenledi. Seka Sanat \u0130htisas Merkezi\u2019nde a\u011f\u0131rlanan Beyaz Kalpler E\u011fitim ve Geli\u015fim Merkezi \u00f6\u011frencileri, suluboya tekni\u011fi ile g\u00fcnbat\u0131m\u0131n\u0131 resmetti.\u00a0<br \/>\nHAYAL G\u00dc\u00c7LER\u0130N\u0130 ORTAYA KOYDULAR<br \/>\nKocaeli B\u00fcy\u00fck\u015fehir Belediyesi Konservatuvar\u0131 Resim B\u00f6l\u00fcm\u00fc, 27 \u015eubat D\u00fcnya Ressamlar G\u00fcn\u00fc\u2019nde Beyaz Kalpler E\u011fitim ve Geli\u015fim Merkezi \u00f6\u011frencilerini Seka Sanat \u0130htisas Merkezi\u2019nde a\u011f\u0131rlad\u0131. D\u00fcnya Ressamlar G\u00fcn\u00fc\u2019nde bir araya gelen grup, suluboya tekni\u011fi ile g\u00fcnbat\u0131m\u0131n\u0131 resmetti. Yakla\u015f\u0131k bir bu\u00e7uk saat s\u00fcren etkinlik, e\u011fitmenlerin teknik anlat\u0131m\u0131yla ba\u015flad\u0131. E\u011flenceli anlar\u0131n ya\u015fand\u0131\u011f\u0131 merkezde gen\u00e7ler yeteneklerini ortaya koydu.<\/p>\n<p>G\u00dcNBATIMINI BA\u015eARIYLA RESMETT\u0130LER<br \/>\nSanata ve sanat\u00e7\u0131ya verilen \u00f6nemin tekrar hat\u0131rland\u0131\u011f\u0131 bu anlaml\u0131 g\u00fcnde bir araya gelen \u00f6\u011frenciler, kendi bak\u0131\u015f a\u00e7\u0131lar\u0131yla profesyonel birer ressam gibi hayal g\u00fcc\u00fcn\u00fc ortaya koydu. Renklerle d\u00fcnyay\u0131 yeniden \u015fekillendiren \u00f6\u011frenciler, sanat\u0131n sadece ifade bi\u00e7iminden de\u011fil, farkl\u0131 perspektiften bakma olana\u011f\u0131ndan da faydalanm\u0131\u015f oldu. G\u00fcn sonunda \u00f6\u011frencilerin ellerinden birbirinden g\u00fczel g\u00fcnbat\u0131m\u0131 resimleri ortaya \u00e7\u0131kt\u0131.<br \/>\nE\u011e\u0130T\u0130M VE GEL\u0130\u015e\u0130M\u0130N ADRES\u0130 BEYAZ KALPLER<br \/>\nKocaeli B\u00fcy\u00fck\u015fehir Belediyesi Beyaz Kalpler E\u011fitim ve Geli\u015fim Merkezi, 14-18 ya\u015f aras\u0131 gen\u00e7lere mesleki e\u011fitimin yan\u0131nda sosyal becerilerine y\u00f6nelik hizmetlerine devam ediyor. \u00d6rg\u00fcn e\u011fitime devam edememi\u015f, ergenlik problemleriyle ba\u015f etmekte g\u00fc\u00e7l\u00fck \u00e7eken \u00f6\u011frenciler, e\u011fitim ve geli\u015fim merkezinde haftan\u0131n be\u015f g\u00fcn\u00fc e\u011fitim al\u0131yor. \u00d6\u011frencinin ilgi alan\u0131na g\u00f6re pastac\u0131l\u0131k, grafik tasar\u0131m, kuaf\u00f6rl\u00fck gibi alanlarda hizmet veren e\u011fitim merkezi,\u00a0 drama, g\u00f6rsel sanatlar, m\u00fczik gibi hobi at\u00f6lyeleriyle de e\u011flenirken \u00f6\u011frenme imkan\u0131 sunuyor.<\/p>\n<p>\u200bKocaeliB\u00fcy\u00fck\u015fehir Belediyesi Beyaz Kalpler \u00f6\u011frencileri, D\u00fcnya Ressamlar G\u00fcn\u00fc\u2019nde g\u00fcnbat\u0131m\u0131n\u0131 resmederek yeteneklerini ke\u015ffettiKOCAEL\u0130 (\u0130GFA) &#8211; Kocaeli B\u00fcy\u00fck\u015fehir, D\u00fcnya Ressamlar G\u00fcn\u00fc\u2019nde anlaml\u0131 bir etkinlik d\u00fczenledi. Seka Sanat \u0130htisas Merkezi\u2019nde a\u011f\u0131rlanan Beyaz Kalpler E\u011fitim ve Geli\u015fim Merkezi \u00f6\u011frencileri, suluboya tekni\u011fi ile g\u00fcnbat\u0131m\u0131n\u0131 resmetti.\u00a0<br \/>\nHAYAL G\u00dc\u00c7LER\u0130N\u0130 ORTAYA KOYDULAR<br \/>\nKocaeli B\u00fcy\u00fck\u015fehir Belediyesi Konservatuvar\u0131 Resim B\u00f6l\u00fcm\u00fc, 27 \u015eubat D\u00fcnya Ressamlar G\u00fcn\u00fc\u2019nde Beyaz Kalpler E\u011fitim ve Geli\u015fim Merkezi \u00f6\u011frencilerini Seka Sanat \u0130htisas Merkezi\u2019nde a\u011f\u0131rlad\u0131. D\u00fcnya Ressamlar G\u00fcn\u00fc\u2019nde bir araya gelen grup, suluboya tekni\u011fi ile g\u00fcnbat\u0131m\u0131n\u0131 resmetti. Yakla\u015f\u0131k bir bu\u00e7uk saat s\u00fcren etkinlik, e\u011fitmenlerin teknik anlat\u0131m\u0131yla ba\u015flad\u0131. E\u011flenceli anlar\u0131n ya\u015fand\u0131\u011f\u0131 merkezde gen\u00e7ler yeteneklerini ortaya koydu.<\/p>\n<p>G\u00dcNBATIMINI BA\u015eARIYLA RESMETT\u0130LER<br \/>\nSanata ve sanat\u00e7\u0131ya verilen \u00f6nemin tekrar hat\u0131rland\u0131\u011f\u0131 bu anlaml\u0131 g\u00fcnde bir araya gelen \u00f6\u011frenciler, kendi bak\u0131\u015f a\u00e7\u0131lar\u0131yla profesyonel birer ressam gibi hayal g\u00fcc\u00fcn\u00fc ortaya koydu. Renklerle d\u00fcnyay\u0131 yeniden \u015fekillendiren \u00f6\u011frenciler, sanat\u0131n sadece ifade bi\u00e7iminden de\u011fil, farkl\u0131 perspektiften bakma olana\u011f\u0131ndan da faydalanm\u0131\u015f oldu. G\u00fcn sonunda \u00f6\u011frencilerin ellerinden birbirinden g\u00fczel g\u00fcnbat\u0131m\u0131 resimleri ortaya \u00e7\u0131kt\u0131.<br \/>\nE\u011e\u0130T\u0130M VE GEL\u0130\u015e\u0130M\u0130N ADRES\u0130 BEYAZ KALPLER<br \/>\nKocaeli B\u00fcy\u00fck\u015fehir Belediyesi Beyaz Kalpler E\u011fitim ve Geli\u015fim Merkezi, 14-18 ya\u015f aras\u0131 gen\u00e7lere mesleki e\u011fitimin yan\u0131nda sosyal becerilerine y\u00f6nelik hizmetlerine devam ediyor. \u00d6rg\u00fcn e\u011fitime devam edememi\u015f, ergenlik problemleriyle ba\u015f etmekte g\u00fc\u00e7l\u00fck \u00e7eken \u00f6\u011frenciler, e\u011fitim ve geli\u015fim merkezinde haftan\u0131n be\u015f g\u00fcn\u00fc e\u011fitim al\u0131yor. \u00d6\u011frencinin ilgi alan\u0131na g\u00f6re pastac\u0131l\u0131k, grafik tasar\u0131m, kuaf\u00f6rl\u00fck gibi alanlarda hizmet veren e\u011fitim merkezi,\u00a0 drama, g\u00f6rsel sanatlar, m\u00fczik gibi hobi at\u00f6lyeleriyle de e\u011flenirken \u00f6\u011frenme imkan\u0131 sunuyor.\u00a0<\/p>\n<p>\u200bHaberin Al\u0131nt\u0131land\u0131\u011f\u0131 Kaynak: www.iskenderun.org<\/p>","protected":false},"excerpt":{"rendered":"<p>KocaeliB\u00fcy\u00fck\u015fehir Belediyesi Beyaz Kalpler \u00f6\u011frencileri, D\u00fcnya Ressamlar G\u00fcn\u00fc\u2019nde g\u00fcnbat\u0131m\u0131n\u0131 resmederek yeteneklerini ke\u015ffettiKOCAEL\u0130 (\u0130GFA) &#8211; Kocaeli B\u00fcy\u00fck\u015fehir, D\u00fcnya Ressamlar G\u00fcn\u00fc\u2019nde anlaml\u0131 bir etkinlik d\u00fczenledi. Seka Sanat \u0130htisas Merkezi\u2019nde a\u011f\u0131rlanan Beyaz Kalpler E\u011fitim ve Geli\u015fim Merkezi \u00f6\u011frencileri, suluboya tekni\u011fi ile g\u00fcnbat\u0131m\u0131n\u0131 resmetti.\u00a0 HAYAL G\u00dc\u00c7LER\u0130N\u0130 ORTAYA KOYDULAR Kocaeli B\u00fcy\u00fck\u015fehir Belediyesi Konservatuvar\u0131 Resim B\u00f6l\u00fcm\u00fc, 27 \u015eubat D\u00fcnya Ressamlar G\u00fcn\u00fc\u2019nde Beyaz Kalpler E\u011fitim ve Geli\u015fim Merkezi \u00f6\u011frencilerini Seka Sanat \u0130htisas Merkezi\u2019nde a\u011f\u0131rlad\u0131. D\u00fcnya Ressamlar G\u00fcn\u00fc\u2019nde bir araya gelen grup, suluboya tekni\u011fi ile g\u00fcnbat\u0131m\u0131n\u0131 resmetti. Yakla\u015f\u0131k bir bu\u00e7uk saat s\u00fcren etkinlik, e\u011fitmenlerin teknik anlat\u0131m\u0131yla ba\u015flad\u0131. E\u011flenceli anlar\u0131n ya\u015fand\u0131\u011f\u0131 merkezde gen\u00e7ler yeteneklerini ortaya koydu. G\u00dcNBATIMINI BA\u015eARIYLA RESMETT\u0130LER Sanata ve sanat\u00e7\u0131ya verilen \u00f6nemin tekrar hat\u0131rland\u0131\u011f\u0131 bu anlaml\u0131 g\u00fcnde bir araya gelen \u00f6\u011frenciler, kendi bak\u0131\u015f a\u00e7\u0131lar\u0131yla profesyonel birer ressam gibi hayal g\u00fcc\u00fcn\u00fc ortaya koydu. Renklerle d\u00fcnyay\u0131 yeniden \u015fekillendiren \u00f6\u011frenciler, sanat\u0131n sadece ifade bi\u00e7iminden de\u011fil, farkl\u0131 perspektiften bakma olana\u011f\u0131ndan da faydalanm\u0131\u015f oldu. G\u00fcn sonunda \u00f6\u011frencilerin ellerinden birbirinden g\u00fczel g\u00fcnbat\u0131m\u0131 resimleri ortaya \u00e7\u0131kt\u0131. E\u011e\u0130T\u0130M VE GEL\u0130\u015e\u0130M\u0130N ADRES\u0130 BEYAZ KALPLER Kocaeli B\u00fcy\u00fck\u015fehir Belediyesi Beyaz Kalpler E\u011fitim ve Geli\u015fim Merkezi, 14-18 ya\u015f aras\u0131 gen\u00e7lere mesleki e\u011fitimin yan\u0131nda sosyal becerilerine y\u00f6nelik hizmetlerine devam ediyor. \u00d6rg\u00fcn e\u011fitime devam edememi\u015f, ergenlik problemleriyle ba\u015f etmekte g\u00fc\u00e7l\u00fck \u00e7eken \u00f6\u011frenciler, e\u011fitim ve geli\u015fim merkezinde haftan\u0131n be\u015f g\u00fcn\u00fc e\u011fitim al\u0131yor. &hellip;<\/p>","protected":false},"author":1,"featured_media":0,"comment_status":"open","ping_status":"open","sticky":false,"template":"","format":"standard","meta":{"_acf_changed":false,"footnotes":""},"categories":[24],"tags":[],"class_list":["post-34565","post","type-post","status-publish","format-standard","has-post-thumbnail","hentry","category-gundem"],"acf":[],"yoast_head":"<!-- This site is optimized with the Yoast SEO Premium plugin v26.6 (Yoast SEO v27.1.1) - https:\/\/yoast.com\/product\/yoast-seo-premium-wordpress\/ -->\n<title>Kocaeli&#039;de D\u00fcnya Ressamlar G\u00fcn\u00fc&#039;nde yeteneklerini ke\u015ffettiler - Av. Deniz Can K\u0131z\u0131l<\/title>\n<meta name=\"robots\" content=\"index, follow, max-snippet:-1, max-image-preview:large, max-video-preview:-1\" \/>\n<link rel=\"canonical\" href=\"https:\/\/denizcankizil.tr\/uk\/haberler\/gundem\/kocaelide-dunya-ressamlar-gununde-yeteneklerini-kesfettiler-2\/\" \/>\n<meta property=\"og:locale\" content=\"uk_UA\" \/>\n<meta property=\"og:type\" content=\"article\" \/>\n<meta property=\"og:title\" content=\"Kocaeli&#039;de D\u00fcnya Ressamlar G\u00fcn\u00fc&#039;nde yeteneklerini ke\u015ffettiler\" \/>\n<meta property=\"og:description\" content=\"KocaeliB\u00fcy\u00fck\u015fehir Belediyesi Beyaz Kalpler \u00f6\u011frencileri, D\u00fcnya Ressamlar G\u00fcn\u00fc\u2019nde g\u00fcnbat\u0131m\u0131n\u0131 resmederek yeteneklerini ke\u015ffettiKOCAEL\u0130 (\u0130GFA) &#8211; Kocaeli B\u00fcy\u00fck\u015fehir, D\u00fcnya Ressamlar G\u00fcn\u00fc\u2019nde anlaml\u0131 bir etkinlik d\u00fczenledi. Seka Sanat \u0130htisas Merkezi\u2019nde a\u011f\u0131rlanan Beyaz Kalpler E\u011fitim ve Geli\u015fim Merkezi \u00f6\u011frencileri, suluboya tekni\u011fi ile g\u00fcnbat\u0131m\u0131n\u0131 resmetti.\u00a0 HAYAL G\u00dc\u00c7LER\u0130N\u0130 ORTAYA KOYDULAR Kocaeli B\u00fcy\u00fck\u015fehir Belediyesi Konservatuvar\u0131 Resim B\u00f6l\u00fcm\u00fc, 27 \u015eubat D\u00fcnya Ressamlar G\u00fcn\u00fc\u2019nde Beyaz Kalpler E\u011fitim ve Geli\u015fim Merkezi \u00f6\u011frencilerini Seka Sanat \u0130htisas Merkezi\u2019nde a\u011f\u0131rlad\u0131. D\u00fcnya Ressamlar G\u00fcn\u00fc\u2019nde bir araya gelen grup, suluboya tekni\u011fi ile g\u00fcnbat\u0131m\u0131n\u0131 resmetti. Yakla\u015f\u0131k bir bu\u00e7uk saat s\u00fcren etkinlik, e\u011fitmenlerin teknik anlat\u0131m\u0131yla ba\u015flad\u0131. E\u011flenceli anlar\u0131n ya\u015fand\u0131\u011f\u0131 merkezde gen\u00e7ler yeteneklerini ortaya koydu. G\u00dcNBATIMINI BA\u015eARIYLA RESMETT\u0130LER Sanata ve sanat\u00e7\u0131ya verilen \u00f6nemin tekrar hat\u0131rland\u0131\u011f\u0131 bu anlaml\u0131 g\u00fcnde bir araya gelen \u00f6\u011frenciler, kendi bak\u0131\u015f a\u00e7\u0131lar\u0131yla profesyonel birer ressam gibi hayal g\u00fcc\u00fcn\u00fc ortaya koydu. Renklerle d\u00fcnyay\u0131 yeniden \u015fekillendiren \u00f6\u011frenciler, sanat\u0131n sadece ifade bi\u00e7iminden de\u011fil, farkl\u0131 perspektiften bakma olana\u011f\u0131ndan da faydalanm\u0131\u015f oldu. G\u00fcn sonunda \u00f6\u011frencilerin ellerinden birbirinden g\u00fczel g\u00fcnbat\u0131m\u0131 resimleri ortaya \u00e7\u0131kt\u0131. E\u011e\u0130T\u0130M VE GEL\u0130\u015e\u0130M\u0130N ADRES\u0130 BEYAZ KALPLER Kocaeli B\u00fcy\u00fck\u015fehir Belediyesi Beyaz Kalpler E\u011fitim ve Geli\u015fim Merkezi, 14-18 ya\u015f aras\u0131 gen\u00e7lere mesleki e\u011fitimin yan\u0131nda sosyal becerilerine y\u00f6nelik hizmetlerine devam ediyor. \u00d6rg\u00fcn e\u011fitime devam edememi\u015f, ergenlik problemleriyle ba\u015f etmekte g\u00fc\u00e7l\u00fck \u00e7eken \u00f6\u011frenciler, e\u011fitim ve geli\u015fim merkezinde haftan\u0131n be\u015f g\u00fcn\u00fc e\u011fitim al\u0131yor. &hellip;\" \/>\n<meta property=\"og:url\" content=\"https:\/\/denizcankizil.tr\/uk\/haberler\/gundem\/kocaelide-dunya-ressamlar-gununde-yeteneklerini-kesfettiler-2\/\" \/>\n<meta property=\"og:site_name\" content=\"Av. Deniz Can K\u0131z\u0131l\" \/>\n<meta property=\"article:published_time\" content=\"2025-03-03T08:42:14+00:00\" \/>\n<meta name=\"author\" content=\"admin\" \/>\n<meta name=\"twitter:card\" content=\"summary_large_image\" \/>\n<meta name=\"twitter:label1\" content=\"\u041d\u0430\u043f\u0438\u0441\u0430\u043d\u043e\" \/>\n\t<meta name=\"twitter:data1\" content=\"admin\" \/>\n\t<meta name=\"twitter:label2\" content=\"\u041f\u0440\u0438\u0431\u043b. \u0447\u0430\u0441 \u0447\u0438\u0442\u0430\u043d\u043d\u044f\" \/>\n\t<meta name=\"twitter:data2\" content=\"3 \u0445\u0432\u0438\u043b\u0438\u043d\u0438\" \/>\n<script type=\"application\/ld+json\" class=\"yoast-schema-graph\">{\"@context\":\"https:\/\/schema.org\",\"@graph\":[{\"@type\":\"Article\",\"@id\":\"https:\/\/denizcankizil.tr\/uk\/haberler\/gundem\/kocaelide-dunya-ressamlar-gununde-yeteneklerini-kesfettiler-2\/#article\",\"isPartOf\":{\"@id\":\"https:\/\/denizcankizil.tr\/uk\/haberler\/gundem\/kocaelide-dunya-ressamlar-gununde-yeteneklerini-kesfettiler-2\/\"},\"author\":{\"name\":\"admin\",\"@id\":\"https:\/\/denizcankizil.tr\/#\/schema\/person\/be3c05fe6a12686905512445d8185489\"},\"headline\":\"Kocaeli&#8217;de D\u00fcnya Ressamlar G\u00fcn\u00fc&#8217;nde yeteneklerini ke\u015ffettiler\",\"datePublished\":\"2025-03-03T08:42:14+00:00\",\"mainEntityOfPage\":{\"@id\":\"https:\/\/denizcankizil.tr\/uk\/haberler\/gundem\/kocaelide-dunya-ressamlar-gununde-yeteneklerini-kesfettiler-2\/\"},\"wordCount\":691,\"commentCount\":0,\"publisher\":{\"@id\":\"https:\/\/denizcankizil.tr\/#organization\"},\"articleSection\":[\"G\u00fcndem\"],\"inLanguage\":\"uk\",\"potentialAction\":[{\"@type\":\"CommentAction\",\"name\":\"Comment\",\"target\":[\"https:\/\/denizcankizil.tr\/uk\/haberler\/gundem\/kocaelide-dunya-ressamlar-gununde-yeteneklerini-kesfettiler-2\/#respond\"]}]},{\"@type\":\"WebPage\",\"@id\":\"https:\/\/denizcankizil.tr\/uk\/haberler\/gundem\/kocaelide-dunya-ressamlar-gununde-yeteneklerini-kesfettiler-2\/\",\"url\":\"https:\/\/denizcankizil.tr\/uk\/haberler\/gundem\/kocaelide-dunya-ressamlar-gununde-yeteneklerini-kesfettiler-2\/\",\"name\":\"Kocaeli'de D\u00fcnya Ressamlar G\u00fcn\u00fc'nde yeteneklerini ke\u015ffettiler - Av. Deniz Can K\u0131z\u0131l\",\"isPartOf\":{\"@id\":\"https:\/\/denizcankizil.tr\/#website\"},\"datePublished\":\"2025-03-03T08:42:14+00:00\",\"breadcrumb\":{\"@id\":\"https:\/\/denizcankizil.tr\/uk\/haberler\/gundem\/kocaelide-dunya-ressamlar-gununde-yeteneklerini-kesfettiler-2\/#breadcrumb\"},\"inLanguage\":\"uk\",\"potentialAction\":[{\"@type\":\"ReadAction\",\"target\":[\"https:\/\/denizcankizil.tr\/uk\/haberler\/gundem\/kocaelide-dunya-ressamlar-gununde-yeteneklerini-kesfettiler-2\/\"]}]},{\"@type\":\"BreadcrumbList\",\"@id\":\"https:\/\/denizcankizil.tr\/uk\/haberler\/gundem\/kocaelide-dunya-ressamlar-gununde-yeteneklerini-kesfettiler-2\/#breadcrumb\",\"itemListElement\":[{\"@type\":\"ListItem\",\"position\":1,\"name\":\"Home\",\"item\":\"https:\/\/denizcankizil.tr\/de\/\"},{\"@type\":\"ListItem\",\"position\":2,\"name\":\"Kocaeli&#8217;de D\u00fcnya Ressamlar G\u00fcn\u00fc&#8217;nde yeteneklerini ke\u015ffettiler\"}]},{\"@type\":\"WebSite\",\"@id\":\"https:\/\/denizcankizil.tr\/#website\",\"url\":\"https:\/\/denizcankizil.tr\/\",\"name\":\"Av. Deniz Can K\u0131z\u0131l\",\"description\":\"Avukat Deniz Can K\u0131z\u0131l Antalya Barosu\",\"publisher\":{\"@id\":\"https:\/\/denizcankizil.tr\/#organization\"},\"potentialAction\":[{\"@type\":\"SearchAction\",\"target\":{\"@type\":\"EntryPoint\",\"urlTemplate\":\"https:\/\/denizcankizil.tr\/?s={search_term_string}\"},\"query-input\":{\"@type\":\"PropertyValueSpecification\",\"valueRequired\":true,\"valueName\":\"search_term_string\"}}],\"inLanguage\":\"uk\"},{\"@type\":\"Organization\",\"@id\":\"https:\/\/denizcankizil.tr\/#organization\",\"name\":\"Av. Deniz Can K\u0131z\u0131l\",\"url\":\"https:\/\/denizcankizil.tr\/\",\"logo\":{\"@type\":\"ImageObject\",\"inLanguage\":\"uk\",\"@id\":\"https:\/\/denizcankizil.tr\/#\/schema\/logo\/image\/\",\"url\":\"https:\/\/denizcankizil.tr\/wp-content\/uploads\/2024\/10\/siyah-logo-svg.svg\",\"contentUrl\":\"https:\/\/denizcankizil.tr\/wp-content\/uploads\/2024\/10\/siyah-logo-svg.svg\",\"width\":1080,\"height\":1080,\"caption\":\"Av. Deniz Can K\u0131z\u0131l\"},\"image\":{\"@id\":\"https:\/\/denizcankizil.tr\/#\/schema\/logo\/image\/\"}},{\"@type\":\"Person\",\"@id\":\"https:\/\/denizcankizil.tr\/#\/schema\/person\/be3c05fe6a12686905512445d8185489\",\"name\":\"admin\",\"image\":{\"@type\":\"ImageObject\",\"inLanguage\":\"uk\",\"@id\":\"https:\/\/denizcankizil.tr\/#\/schema\/person\/image\/\",\"url\":\"https:\/\/secure.gravatar.com\/avatar\/c1fce94c830dc79107e174f890d7210541c4a63e8e5d816341794a2151c9d58c?s=96&d=mm&r=g\",\"contentUrl\":\"https:\/\/secure.gravatar.com\/avatar\/c1fce94c830dc79107e174f890d7210541c4a63e8e5d816341794a2151c9d58c?s=96&d=mm&r=g\",\"caption\":\"admin\"},\"sameAs\":[\"http:\/\/denizcankizil.tr\"],\"url\":\"https:\/\/www.iskenderun.org\/kocaelide-dunya-ressamlar-gununde-yeteneklerini-kesfettiler\"}]}<\/script>\n<!-- \/ Yoast SEO Premium plugin. -->","yoast_head_json":{"title":"Kocaeli'de D\u00fcnya Ressamlar G\u00fcn\u00fc'nde yeteneklerini ke\u015ffettiler - Av. Deniz Can K\u0131z\u0131l","robots":{"index":"index","follow":"follow","max-snippet":"max-snippet:-1","max-image-preview":"max-image-preview:large","max-video-preview":"max-video-preview:-1"},"canonical":"https:\/\/denizcankizil.tr\/uk\/haberler\/gundem\/kocaelide-dunya-ressamlar-gununde-yeteneklerini-kesfettiler-2\/","og_locale":"uk_UA","og_type":"article","og_title":"Kocaeli'de D\u00fcnya Ressamlar G\u00fcn\u00fc'nde yeteneklerini ke\u015ffettiler","og_description":"KocaeliB\u00fcy\u00fck\u015fehir Belediyesi Beyaz Kalpler \u00f6\u011frencileri, D\u00fcnya Ressamlar G\u00fcn\u00fc\u2019nde g\u00fcnbat\u0131m\u0131n\u0131 resmederek yeteneklerini ke\u015ffettiKOCAEL\u0130 (\u0130GFA) &#8211; Kocaeli B\u00fcy\u00fck\u015fehir, D\u00fcnya Ressamlar G\u00fcn\u00fc\u2019nde anlaml\u0131 bir etkinlik d\u00fczenledi. Seka Sanat \u0130htisas Merkezi\u2019nde a\u011f\u0131rlanan Beyaz Kalpler E\u011fitim ve Geli\u015fim Merkezi \u00f6\u011frencileri, suluboya tekni\u011fi ile g\u00fcnbat\u0131m\u0131n\u0131 resmetti.\u00a0 HAYAL G\u00dc\u00c7LER\u0130N\u0130 ORTAYA KOYDULAR Kocaeli B\u00fcy\u00fck\u015fehir Belediyesi Konservatuvar\u0131 Resim B\u00f6l\u00fcm\u00fc, 27 \u015eubat D\u00fcnya Ressamlar G\u00fcn\u00fc\u2019nde Beyaz Kalpler E\u011fitim ve Geli\u015fim Merkezi \u00f6\u011frencilerini Seka Sanat \u0130htisas Merkezi\u2019nde a\u011f\u0131rlad\u0131. D\u00fcnya Ressamlar G\u00fcn\u00fc\u2019nde bir araya gelen grup, suluboya tekni\u011fi ile g\u00fcnbat\u0131m\u0131n\u0131 resmetti. Yakla\u015f\u0131k bir bu\u00e7uk saat s\u00fcren etkinlik, e\u011fitmenlerin teknik anlat\u0131m\u0131yla ba\u015flad\u0131. E\u011flenceli anlar\u0131n ya\u015fand\u0131\u011f\u0131 merkezde gen\u00e7ler yeteneklerini ortaya koydu. G\u00dcNBATIMINI BA\u015eARIYLA RESMETT\u0130LER Sanata ve sanat\u00e7\u0131ya verilen \u00f6nemin tekrar hat\u0131rland\u0131\u011f\u0131 bu anlaml\u0131 g\u00fcnde bir araya gelen \u00f6\u011frenciler, kendi bak\u0131\u015f a\u00e7\u0131lar\u0131yla profesyonel birer ressam gibi hayal g\u00fcc\u00fcn\u00fc ortaya koydu. Renklerle d\u00fcnyay\u0131 yeniden \u015fekillendiren \u00f6\u011frenciler, sanat\u0131n sadece ifade bi\u00e7iminden de\u011fil, farkl\u0131 perspektiften bakma olana\u011f\u0131ndan da faydalanm\u0131\u015f oldu. G\u00fcn sonunda \u00f6\u011frencilerin ellerinden birbirinden g\u00fczel g\u00fcnbat\u0131m\u0131 resimleri ortaya \u00e7\u0131kt\u0131. E\u011e\u0130T\u0130M VE GEL\u0130\u015e\u0130M\u0130N ADRES\u0130 BEYAZ KALPLER Kocaeli B\u00fcy\u00fck\u015fehir Belediyesi Beyaz Kalpler E\u011fitim ve Geli\u015fim Merkezi, 14-18 ya\u015f aras\u0131 gen\u00e7lere mesleki e\u011fitimin yan\u0131nda sosyal becerilerine y\u00f6nelik hizmetlerine devam ediyor. \u00d6rg\u00fcn e\u011fitime devam edememi\u015f, ergenlik problemleriyle ba\u015f etmekte g\u00fc\u00e7l\u00fck \u00e7eken \u00f6\u011frenciler, e\u011fitim ve geli\u015fim merkezinde haftan\u0131n be\u015f g\u00fcn\u00fc e\u011fitim al\u0131yor. &hellip;","og_url":"https:\/\/denizcankizil.tr\/uk\/haberler\/gundem\/kocaelide-dunya-ressamlar-gununde-yeteneklerini-kesfettiler-2\/","og_site_name":"Av. Deniz Can K\u0131z\u0131l","article_published_time":"2025-03-03T08:42:14+00:00","author":"admin","twitter_card":"summary_large_image","twitter_misc":{"\u041d\u0430\u043f\u0438\u0441\u0430\u043d\u043e":"admin","\u041f\u0440\u0438\u0431\u043b. \u0447\u0430\u0441 \u0447\u0438\u0442\u0430\u043d\u043d\u044f":"3 \u0445\u0432\u0438\u043b\u0438\u043d\u0438"},"schema":{"@context":"https:\/\/schema.org","@graph":[{"@type":"Article","@id":"https:\/\/denizcankizil.tr\/uk\/haberler\/gundem\/kocaelide-dunya-ressamlar-gununde-yeteneklerini-kesfettiler-2\/#article","isPartOf":{"@id":"https:\/\/denizcankizil.tr\/uk\/haberler\/gundem\/kocaelide-dunya-ressamlar-gununde-yeteneklerini-kesfettiler-2\/"},"author":{"name":"admin","@id":"https:\/\/denizcankizil.tr\/#\/schema\/person\/be3c05fe6a12686905512445d8185489"},"headline":"Kocaeli&#8217;de D\u00fcnya Ressamlar G\u00fcn\u00fc&#8217;nde yeteneklerini ke\u015ffettiler","datePublished":"2025-03-03T08:42:14+00:00","mainEntityOfPage":{"@id":"https:\/\/denizcankizil.tr\/uk\/haberler\/gundem\/kocaelide-dunya-ressamlar-gununde-yeteneklerini-kesfettiler-2\/"},"wordCount":691,"commentCount":0,"publisher":{"@id":"https:\/\/denizcankizil.tr\/#organization"},"articleSection":["G\u00fcndem"],"inLanguage":"uk","potentialAction":[{"@type":"CommentAction","name":"Comment","target":["https:\/\/denizcankizil.tr\/uk\/haberler\/gundem\/kocaelide-dunya-ressamlar-gununde-yeteneklerini-kesfettiler-2\/#respond"]}]},{"@type":"WebPage","@id":"https:\/\/denizcankizil.tr\/uk\/haberler\/gundem\/kocaelide-dunya-ressamlar-gununde-yeteneklerini-kesfettiler-2\/","url":"https:\/\/denizcankizil.tr\/uk\/haberler\/gundem\/kocaelide-dunya-ressamlar-gununde-yeteneklerini-kesfettiler-2\/","name":"Kocaeli'de D\u00fcnya Ressamlar G\u00fcn\u00fc'nde yeteneklerini ke\u015ffettiler - Av. Deniz Can K\u0131z\u0131l","isPartOf":{"@id":"https:\/\/denizcankizil.tr\/#website"},"datePublished":"2025-03-03T08:42:14+00:00","breadcrumb":{"@id":"https:\/\/denizcankizil.tr\/uk\/haberler\/gundem\/kocaelide-dunya-ressamlar-gununde-yeteneklerini-kesfettiler-2\/#breadcrumb"},"inLanguage":"uk","potentialAction":[{"@type":"ReadAction","target":["https:\/\/denizcankizil.tr\/uk\/haberler\/gundem\/kocaelide-dunya-ressamlar-gununde-yeteneklerini-kesfettiler-2\/"]}]},{"@type":"BreadcrumbList","@id":"https:\/\/denizcankizil.tr\/uk\/haberler\/gundem\/kocaelide-dunya-ressamlar-gununde-yeteneklerini-kesfettiler-2\/#breadcrumb","itemListElement":[{"@type":"ListItem","position":1,"name":"Home","item":"https:\/\/denizcankizil.tr\/de\/"},{"@type":"ListItem","position":2,"name":"Kocaeli&#8217;de D\u00fcnya Ressamlar G\u00fcn\u00fc&#8217;nde yeteneklerini ke\u015ffettiler"}]},{"@type":"WebSite","@id":"https:\/\/denizcankizil.tr\/#website","url":"https:\/\/denizcankizil.tr\/","name":"Av. Deniz Can K\u0131z\u0131l","description":"Avukat Deniz Can K\u0131z\u0131l Antalya Barosu","publisher":{"@id":"https:\/\/denizcankizil.tr\/#organization"},"potentialAction":[{"@type":"SearchAction","target":{"@type":"EntryPoint","urlTemplate":"https:\/\/denizcankizil.tr\/?s={search_term_string}"},"query-input":{"@type":"PropertyValueSpecification","valueRequired":true,"valueName":"search_term_string"}}],"inLanguage":"uk"},{"@type":"Organization","@id":"https:\/\/denizcankizil.tr\/#organization","name":"Av. Deniz Can K\u0131z\u0131l","url":"https:\/\/denizcankizil.tr\/","logo":{"@type":"ImageObject","inLanguage":"uk","@id":"https:\/\/denizcankizil.tr\/#\/schema\/logo\/image\/","url":"https:\/\/denizcankizil.tr\/wp-content\/uploads\/2024\/10\/siyah-logo-svg.svg","contentUrl":"https:\/\/denizcankizil.tr\/wp-content\/uploads\/2024\/10\/siyah-logo-svg.svg","width":1080,"height":1080,"caption":"Av. Deniz Can K\u0131z\u0131l"},"image":{"@id":"https:\/\/denizcankizil.tr\/#\/schema\/logo\/image\/"}},{"@type":"Person","@id":"https:\/\/denizcankizil.tr\/#\/schema\/person\/be3c05fe6a12686905512445d8185489","name":"\u0430\u0434\u043c\u0456\u043d","image":{"@type":"ImageObject","inLanguage":"uk","@id":"https:\/\/denizcankizil.tr\/#\/schema\/person\/image\/","url":"https:\/\/secure.gravatar.com\/avatar\/c1fce94c830dc79107e174f890d7210541c4a63e8e5d816341794a2151c9d58c?s=96&d=mm&r=g","contentUrl":"https:\/\/secure.gravatar.com\/avatar\/c1fce94c830dc79107e174f890d7210541c4a63e8e5d816341794a2151c9d58c?s=96&d=mm&r=g","caption":"admin"},"sameAs":["http:\/\/denizcankizil.tr"],"url":"https:\/\/www.iskenderun.org\/kocaelide-dunya-ressamlar-gununde-yeteneklerini-kesfettiler"}]}},"_links":{"self":[{"href":"https:\/\/denizcankizil.tr\/uk\/wp-json\/wp\/v2\/posts\/34565","targetHints":{"allow":["GET"]}}],"collection":[{"href":"https:\/\/denizcankizil.tr\/uk\/wp-json\/wp\/v2\/posts"}],"about":[{"href":"https:\/\/denizcankizil.tr\/uk\/wp-json\/wp\/v2\/types\/post"}],"author":[{"embeddable":true,"href":"https:\/\/denizcankizil.tr\/uk\/wp-json\/wp\/v2\/users\/1"}],"replies":[{"embeddable":true,"href":"https:\/\/denizcankizil.tr\/uk\/wp-json\/wp\/v2\/comments?post=34565"}],"version-history":[{"count":0,"href":"https:\/\/denizcankizil.tr\/uk\/wp-json\/wp\/v2\/posts\/34565\/revisions"}],"wp:attachment":[{"href":"https:\/\/denizcankizil.tr\/uk\/wp-json\/wp\/v2\/media?parent=34565"}],"wp:term":[{"taxonomy":"category","embeddable":true,"href":"https:\/\/denizcankizil.tr\/uk\/wp-json\/wp\/v2\/categories?post=34565"},{"taxonomy":"post_tag","embeddable":true,"href":"https:\/\/denizcankizil.tr\/uk\/wp-json\/wp\/v2\/tags?post=34565"}],"curies":[{"name":"wp","href":"https:\/\/api.w.org\/{rel}","templated":true}]}}