{"id":34524,"date":"2025-03-03T09:41:25","date_gmt":"2025-03-03T06:41:25","guid":{"rendered":"https:\/\/denizcankizil.tr\/uncategorized-tr\/izmir-bornovada-nakliyecilerin-projesi-hayata-geciyor\/"},"modified":"2025-03-03T09:41:25","modified_gmt":"2025-03-03T06:41:25","slug":"izmir-bornovada-nakliyecilerin-projesi-hayata-geciyor","status":"publish","type":"post","link":"https:\/\/denizcankizil.tr\/uk\/haberler\/gundem\/izmir-bornovada-nakliyecilerin-projesi-hayata-geciyor\/","title":{"rendered":"\u0130zmir Bornova\u2019da nakliyecilerin projesi hayata ge\u00e7iyor"},"content":{"rendered":"<p>\u0130zmir&#8217;de Bornova Belediye Ba\u015fkan\u0131 \u00d6mer E\u015fki, I\u015f\u0131kkent\u2019te bulunan Kara Nakliyecileri Sitesi\u2019ni ziyaret ederek sekt\u00f6r temsilcileriyle bir araya geldi.\u0130ZM\u0130R (\u0130GFA) &#8211; Bornova\u2019da nakliyecilerin y\u0131llard\u0131r bekledi\u011fi proje hayata ge\u00e7iyor<br \/>\nKara Nakliyecileri Sitesi Ba\u015fkan\u0131 Adnan \u00c7etin ve y\u00f6netim kurulu \u00fcyeleriyle yap\u0131lan g\u00f6r\u00fc\u015fmede, esnaf\u0131n sorunlar\u0131 ve \u00e7\u00f6z\u00fcm \u00f6nerileri ele alan Belediye Ba\u015fkan\u0131 \u00d6mer E\u015fki, yap\u0131m\u0131 tamamlanmak \u00fczere olan ve Mart ay\u0131nda hizmete a\u00e7\u0131lmas\u0131 planlanan TIR Garaj\u0131\u2019nda incelemelerde bulundu.<br \/>\nModern TIR Garaj\u0131\u2019n\u0131n 100 araca ev sahipli\u011fi yapaca\u011f\u0131n\u0131 belirten Ba\u015fkan E\u015fki, tesisin b\u00f6lge trafi\u011fini rahatlataca\u011f\u0131n\u0131 ve lojistik sekt\u00f6r\u00fcne b\u00fcy\u00fck katk\u0131 sa\u011flayaca\u011f\u0131n\u0131 ifade etti. Yeme-i\u00e7me, tuvalet, du\u015f ve dinlenme alanlar\u0131n\u0131 i\u00e7eren modern tesisin, nakliyecilere uzun y\u0131llard\u0131r bekledikleri konforu sunaca\u011f\u0131n\u0131 vurgulad\u0131.<\/p>\n<p>Mevcut 14 d\u00f6n\u00fcml\u00fck parka ek olarak, Bornova\u2019da uygun bir alanda ikinci bir TIR Garaj\u0131 i\u00e7in de \u00e7al\u0131\u015fmalar\u0131n ba\u015flayaca\u011f\u0131n\u0131 belirten Ba\u015fkan E\u015fki, ayr\u0131ca site i\u00e7erisindeki yol ve temizlik konular\u0131ndaki talepleri de en k\u0131sa s\u00fcrede \u00e7\u00f6z\u00fcme kavu\u015fturacaklar\u0131n\u0131 s\u00f6yledi.<br \/>\nSite Ba\u015fkan\u0131 Adnan \u00c7etin ise, &#8220;20 y\u0131ld\u0131r bekledi\u011fimiz TIR Garaj\u0131 sonunda hayata ge\u00e7iyor. Ba\u015fkan\u0131m\u0131za te\u015fekk\u00fcr ediyoruz. Bornova Belediyesi sayesinde sitemiz, \u0130zmir\u2019e ve Bornova\u2019ya yak\u0131\u015f\u0131r bir d\u00fczene kavu\u015fuyor&#8221; dedi.<\/p>\n<p>\u200b\u0130zmir&#8217;de Bornova Belediye Ba\u015fkan\u0131 \u00d6mer E\u015fki, I\u015f\u0131kkent\u2019te bulunan Kara Nakliyecileri Sitesi\u2019ni ziyaret ederek sekt\u00f6r temsilcileriyle bir araya geldi.\u0130ZM\u0130R (\u0130GFA) &#8211; Bornova\u2019da nakliyecilerin y\u0131llard\u0131r bekledi\u011fi proje hayata ge\u00e7iyor<br \/>\nKara Nakliyecileri Sitesi Ba\u015fkan\u0131 Adnan \u00c7etin ve y\u00f6netim kurulu \u00fcyeleriyle yap\u0131lan g\u00f6r\u00fc\u015fmede, esnaf\u0131n sorunlar\u0131 ve \u00e7\u00f6z\u00fcm \u00f6nerileri ele alan Belediye Ba\u015fkan\u0131 \u00d6mer E\u015fki, yap\u0131m\u0131 tamamlanmak \u00fczere olan ve Mart ay\u0131nda hizmete a\u00e7\u0131lmas\u0131 planlanan TIR Garaj\u0131\u2019nda incelemelerde bulundu.<br \/>\nModern TIR Garaj\u0131\u2019n\u0131n 100 araca ev sahipli\u011fi yapaca\u011f\u0131n\u0131 belirten Ba\u015fkan E\u015fki, tesisin b\u00f6lge trafi\u011fini rahatlataca\u011f\u0131n\u0131 ve lojistik sekt\u00f6r\u00fcne b\u00fcy\u00fck katk\u0131 sa\u011flayaca\u011f\u0131n\u0131 ifade etti. Yeme-i\u00e7me, tuvalet, du\u015f ve dinlenme alanlar\u0131n\u0131 i\u00e7eren modern tesisin, nakliyecilere uzun y\u0131llard\u0131r bekledikleri konforu sunaca\u011f\u0131n\u0131 vurgulad\u0131.<\/p>\n<p>Mevcut 14 d\u00f6n\u00fcml\u00fck parka ek olarak, Bornova\u2019da uygun bir alanda ikinci bir TIR Garaj\u0131 i\u00e7in de \u00e7al\u0131\u015fmalar\u0131n ba\u015flayaca\u011f\u0131n\u0131 belirten Ba\u015fkan E\u015fki, ayr\u0131ca site i\u00e7erisindeki yol ve temizlik konular\u0131ndaki talepleri de en k\u0131sa s\u00fcrede \u00e7\u00f6z\u00fcme kavu\u015fturacaklar\u0131n\u0131 s\u00f6yledi.<br \/>\nSite Ba\u015fkan\u0131 Adnan \u00c7etin ise, &#8220;20 y\u0131ld\u0131r bekledi\u011fimiz TIR Garaj\u0131 sonunda hayata ge\u00e7iyor. Ba\u015fkan\u0131m\u0131za te\u015fekk\u00fcr ediyoruz. Bornova Belediyesi sayesinde sitemiz, \u0130zmir\u2019e ve Bornova\u2019ya yak\u0131\u015f\u0131r bir d\u00fczene kavu\u015fuyor&#8221; dedi.\u00a0<\/p>\n<p>\u200bHaberin Al\u0131nt\u0131land\u0131\u011f\u0131 Kaynak: www.iskenderun.org<\/p>","protected":false},"excerpt":{"rendered":"<p>\u0130zmir&#8217;de Bornova Belediye Ba\u015fkan\u0131 \u00d6mer E\u015fki, I\u015f\u0131kkent\u2019te bulunan Kara Nakliyecileri Sitesi\u2019ni ziyaret ederek sekt\u00f6r temsilcileriyle bir araya geldi.\u0130ZM\u0130R (\u0130GFA) &#8211; Bornova\u2019da nakliyecilerin y\u0131llard\u0131r bekledi\u011fi proje hayata ge\u00e7iyor Kara Nakliyecileri Sitesi Ba\u015fkan\u0131 Adnan \u00c7etin ve y\u00f6netim kurulu \u00fcyeleriyle yap\u0131lan g\u00f6r\u00fc\u015fmede, esnaf\u0131n sorunlar\u0131 ve \u00e7\u00f6z\u00fcm \u00f6nerileri ele alan Belediye Ba\u015fkan\u0131 \u00d6mer E\u015fki, yap\u0131m\u0131 tamamlanmak \u00fczere olan ve Mart ay\u0131nda hizmete a\u00e7\u0131lmas\u0131 planlanan TIR Garaj\u0131\u2019nda incelemelerde bulundu. Modern TIR Garaj\u0131\u2019n\u0131n 100 araca ev sahipli\u011fi yapaca\u011f\u0131n\u0131 belirten Ba\u015fkan E\u015fki, tesisin b\u00f6lge trafi\u011fini rahatlataca\u011f\u0131n\u0131 ve lojistik sekt\u00f6r\u00fcne b\u00fcy\u00fck katk\u0131 sa\u011flayaca\u011f\u0131n\u0131 ifade etti. Yeme-i\u00e7me, tuvalet, du\u015f ve dinlenme alanlar\u0131n\u0131 i\u00e7eren modern tesisin, nakliyecilere uzun y\u0131llard\u0131r bekledikleri konforu sunaca\u011f\u0131n\u0131 vurgulad\u0131. Mevcut 14 d\u00f6n\u00fcml\u00fck parka ek olarak, Bornova\u2019da uygun bir alanda ikinci bir TIR Garaj\u0131 i\u00e7in de \u00e7al\u0131\u015fmalar\u0131n ba\u015flayaca\u011f\u0131n\u0131 belirten Ba\u015fkan E\u015fki, ayr\u0131ca site i\u00e7erisindeki yol ve temizlik konular\u0131ndaki talepleri de en k\u0131sa s\u00fcrede \u00e7\u00f6z\u00fcme kavu\u015fturacaklar\u0131n\u0131 s\u00f6yledi. Site Ba\u015fkan\u0131 Adnan \u00c7etin ise, &#8220;20 y\u0131ld\u0131r bekledi\u011fimiz TIR Garaj\u0131 sonunda hayata ge\u00e7iyor. Ba\u015fkan\u0131m\u0131za te\u015fekk\u00fcr ediyoruz. Bornova Belediyesi sayesinde sitemiz, \u0130zmir\u2019e ve Bornova\u2019ya yak\u0131\u015f\u0131r bir d\u00fczene kavu\u015fuyor&#8221; dedi. \u200b\u0130zmir&#8217;de Bornova Belediye Ba\u015fkan\u0131 \u00d6mer E\u015fki, I\u015f\u0131kkent\u2019te bulunan Kara Nakliyecileri Sitesi\u2019ni ziyaret ederek sekt\u00f6r temsilcileriyle bir araya geldi.\u0130ZM\u0130R (\u0130GFA) &#8211; Bornova\u2019da nakliyecilerin y\u0131llard\u0131r bekledi\u011fi proje hayata ge\u00e7iyor Kara Nakliyecileri Sitesi Ba\u015fkan\u0131 Adnan \u00c7etin &hellip;<\/p>","protected":false},"author":1,"featured_media":0,"comment_status":"open","ping_status":"open","sticky":false,"template":"","format":"standard","meta":{"_acf_changed":false,"footnotes":""},"categories":[24],"tags":[],"class_list":["post-34524","post","type-post","status-publish","format-standard","has-post-thumbnail","hentry","category-gundem"],"acf":[],"yoast_head":"<!-- This site is optimized with the Yoast SEO Premium plugin v26.6 (Yoast SEO v27.1.1) - https:\/\/yoast.com\/product\/yoast-seo-premium-wordpress\/ -->\n<title>\u0130zmir Bornova\u2019da nakliyecilerin projesi hayata ge\u00e7iyor - Av. Deniz Can K\u0131z\u0131l<\/title>\n<meta name=\"robots\" content=\"index, follow, max-snippet:-1, max-image-preview:large, max-video-preview:-1\" \/>\n<link rel=\"canonical\" href=\"https:\/\/denizcankizil.tr\/uk\/haberler\/gundem\/izmir-bornovada-nakliyecilerin-projesi-hayata-geciyor\/\" \/>\n<meta property=\"og:locale\" content=\"uk_UA\" \/>\n<meta property=\"og:type\" content=\"article\" \/>\n<meta property=\"og:title\" content=\"\u0130zmir Bornova\u2019da nakliyecilerin projesi hayata ge\u00e7iyor\" \/>\n<meta property=\"og:description\" content=\"\u0130zmir&#8217;de Bornova Belediye Ba\u015fkan\u0131 \u00d6mer E\u015fki, I\u015f\u0131kkent\u2019te bulunan Kara Nakliyecileri Sitesi\u2019ni ziyaret ederek sekt\u00f6r temsilcileriyle bir araya geldi.\u0130ZM\u0130R (\u0130GFA) &#8211; Bornova\u2019da nakliyecilerin y\u0131llard\u0131r bekledi\u011fi proje hayata ge\u00e7iyor Kara Nakliyecileri Sitesi Ba\u015fkan\u0131 Adnan \u00c7etin ve y\u00f6netim kurulu \u00fcyeleriyle yap\u0131lan g\u00f6r\u00fc\u015fmede, esnaf\u0131n sorunlar\u0131 ve \u00e7\u00f6z\u00fcm \u00f6nerileri ele alan Belediye Ba\u015fkan\u0131 \u00d6mer E\u015fki, yap\u0131m\u0131 tamamlanmak \u00fczere olan ve Mart ay\u0131nda hizmete a\u00e7\u0131lmas\u0131 planlanan TIR Garaj\u0131\u2019nda incelemelerde bulundu. Modern TIR Garaj\u0131\u2019n\u0131n 100 araca ev sahipli\u011fi yapaca\u011f\u0131n\u0131 belirten Ba\u015fkan E\u015fki, tesisin b\u00f6lge trafi\u011fini rahatlataca\u011f\u0131n\u0131 ve lojistik sekt\u00f6r\u00fcne b\u00fcy\u00fck katk\u0131 sa\u011flayaca\u011f\u0131n\u0131 ifade etti. Yeme-i\u00e7me, tuvalet, du\u015f ve dinlenme alanlar\u0131n\u0131 i\u00e7eren modern tesisin, nakliyecilere uzun y\u0131llard\u0131r bekledikleri konforu sunaca\u011f\u0131n\u0131 vurgulad\u0131. Mevcut 14 d\u00f6n\u00fcml\u00fck parka ek olarak, Bornova\u2019da uygun bir alanda ikinci bir TIR Garaj\u0131 i\u00e7in de \u00e7al\u0131\u015fmalar\u0131n ba\u015flayaca\u011f\u0131n\u0131 belirten Ba\u015fkan E\u015fki, ayr\u0131ca site i\u00e7erisindeki yol ve temizlik konular\u0131ndaki talepleri de en k\u0131sa s\u00fcrede \u00e7\u00f6z\u00fcme kavu\u015fturacaklar\u0131n\u0131 s\u00f6yledi. Site Ba\u015fkan\u0131 Adnan \u00c7etin ise, &#8220;20 y\u0131ld\u0131r bekledi\u011fimiz TIR Garaj\u0131 sonunda hayata ge\u00e7iyor. Ba\u015fkan\u0131m\u0131za te\u015fekk\u00fcr ediyoruz. Bornova Belediyesi sayesinde sitemiz, \u0130zmir\u2019e ve Bornova\u2019ya yak\u0131\u015f\u0131r bir d\u00fczene kavu\u015fuyor&#8221; dedi. \u200b\u0130zmir&#8217;de Bornova Belediye Ba\u015fkan\u0131 \u00d6mer E\u015fki, I\u015f\u0131kkent\u2019te bulunan Kara Nakliyecileri Sitesi\u2019ni ziyaret ederek sekt\u00f6r temsilcileriyle bir araya geldi.\u0130ZM\u0130R (\u0130GFA) &#8211; Bornova\u2019da nakliyecilerin y\u0131llard\u0131r bekledi\u011fi proje hayata ge\u00e7iyor Kara Nakliyecileri Sitesi Ba\u015fkan\u0131 Adnan \u00c7etin &hellip;\" \/>\n<meta property=\"og:url\" content=\"https:\/\/denizcankizil.tr\/uk\/haberler\/gundem\/izmir-bornovada-nakliyecilerin-projesi-hayata-geciyor\/\" \/>\n<meta property=\"og:site_name\" content=\"Av. Deniz Can K\u0131z\u0131l\" \/>\n<meta property=\"article:published_time\" content=\"2025-03-03T06:41:25+00:00\" \/>\n<meta name=\"author\" content=\"admin\" \/>\n<meta name=\"twitter:card\" content=\"summary_large_image\" \/>\n<meta name=\"twitter:label1\" content=\"\u041d\u0430\u043f\u0438\u0441\u0430\u043d\u043e\" \/>\n\t<meta name=\"twitter:data1\" content=\"admin\" \/>\n\t<meta name=\"twitter:label2\" content=\"\u041f\u0440\u0438\u0431\u043b. \u0447\u0430\u0441 \u0447\u0438\u0442\u0430\u043d\u043d\u044f\" \/>\n\t<meta name=\"twitter:data2\" content=\"3 \u0445\u0432\u0438\u043b\u0438\u043d\u0438\" \/>\n<script type=\"application\/ld+json\" class=\"yoast-schema-graph\">{\"@context\":\"https:\/\/schema.org\",\"@graph\":[{\"@type\":\"Article\",\"@id\":\"https:\/\/denizcankizil.tr\/uk\/haberler\/gundem\/izmir-bornovada-nakliyecilerin-projesi-hayata-geciyor\/#article\",\"isPartOf\":{\"@id\":\"https:\/\/denizcankizil.tr\/uk\/haberler\/gundem\/izmir-bornovada-nakliyecilerin-projesi-hayata-geciyor\/\"},\"author\":{\"name\":\"admin\",\"@id\":\"https:\/\/denizcankizil.tr\/#\/schema\/person\/be3c05fe6a12686905512445d8185489\"},\"headline\":\"\u0130zmir Bornova\u2019da nakliyecilerin projesi hayata ge\u00e7iyor\",\"datePublished\":\"2025-03-03T06:41:25+00:00\",\"mainEntityOfPage\":{\"@id\":\"https:\/\/denizcankizil.tr\/uk\/haberler\/gundem\/izmir-bornovada-nakliyecilerin-projesi-hayata-geciyor\/\"},\"wordCount\":510,\"commentCount\":0,\"publisher\":{\"@id\":\"https:\/\/denizcankizil.tr\/#organization\"},\"articleSection\":[\"G\u00fcndem\"],\"inLanguage\":\"uk\",\"potentialAction\":[{\"@type\":\"CommentAction\",\"name\":\"Comment\",\"target\":[\"https:\/\/denizcankizil.tr\/uk\/haberler\/gundem\/izmir-bornovada-nakliyecilerin-projesi-hayata-geciyor\/#respond\"]}]},{\"@type\":\"WebPage\",\"@id\":\"https:\/\/denizcankizil.tr\/uk\/haberler\/gundem\/izmir-bornovada-nakliyecilerin-projesi-hayata-geciyor\/\",\"url\":\"https:\/\/denizcankizil.tr\/uk\/haberler\/gundem\/izmir-bornovada-nakliyecilerin-projesi-hayata-geciyor\/\",\"name\":\"\u0130zmir Bornova\u2019da nakliyecilerin projesi hayata ge\u00e7iyor - Av. Deniz Can K\u0131z\u0131l\",\"isPartOf\":{\"@id\":\"https:\/\/denizcankizil.tr\/#website\"},\"datePublished\":\"2025-03-03T06:41:25+00:00\",\"breadcrumb\":{\"@id\":\"https:\/\/denizcankizil.tr\/uk\/haberler\/gundem\/izmir-bornovada-nakliyecilerin-projesi-hayata-geciyor\/#breadcrumb\"},\"inLanguage\":\"uk\",\"potentialAction\":[{\"@type\":\"ReadAction\",\"target\":[\"https:\/\/denizcankizil.tr\/uk\/haberler\/gundem\/izmir-bornovada-nakliyecilerin-projesi-hayata-geciyor\/\"]}]},{\"@type\":\"BreadcrumbList\",\"@id\":\"https:\/\/denizcankizil.tr\/uk\/haberler\/gundem\/izmir-bornovada-nakliyecilerin-projesi-hayata-geciyor\/#breadcrumb\",\"itemListElement\":[{\"@type\":\"ListItem\",\"position\":1,\"name\":\"Home\",\"item\":\"https:\/\/denizcankizil.tr\/uk\/\"},{\"@type\":\"ListItem\",\"position\":2,\"name\":\"\u0130zmir Bornova\u2019da nakliyecilerin projesi hayata ge\u00e7iyor\"}]},{\"@type\":\"WebSite\",\"@id\":\"https:\/\/denizcankizil.tr\/#website\",\"url\":\"https:\/\/denizcankizil.tr\/\",\"name\":\"Av. Deniz Can K\u0131z\u0131l\",\"description\":\"Avukat Deniz Can K\u0131z\u0131l Antalya Barosu\",\"publisher\":{\"@id\":\"https:\/\/denizcankizil.tr\/#organization\"},\"potentialAction\":[{\"@type\":\"SearchAction\",\"target\":{\"@type\":\"EntryPoint\",\"urlTemplate\":\"https:\/\/denizcankizil.tr\/?s={search_term_string}\"},\"query-input\":{\"@type\":\"PropertyValueSpecification\",\"valueRequired\":true,\"valueName\":\"search_term_string\"}}],\"inLanguage\":\"uk\"},{\"@type\":\"Organization\",\"@id\":\"https:\/\/denizcankizil.tr\/#organization\",\"name\":\"Av. Deniz Can K\u0131z\u0131l\",\"url\":\"https:\/\/denizcankizil.tr\/\",\"logo\":{\"@type\":\"ImageObject\",\"inLanguage\":\"uk\",\"@id\":\"https:\/\/denizcankizil.tr\/#\/schema\/logo\/image\/\",\"url\":\"https:\/\/denizcankizil.tr\/wp-content\/uploads\/2024\/10\/siyah-logo-svg.svg\",\"contentUrl\":\"https:\/\/denizcankizil.tr\/wp-content\/uploads\/2024\/10\/siyah-logo-svg.svg\",\"width\":1080,\"height\":1080,\"caption\":\"Av. Deniz Can K\u0131z\u0131l\"},\"image\":{\"@id\":\"https:\/\/denizcankizil.tr\/#\/schema\/logo\/image\/\"}},{\"@type\":\"Person\",\"@id\":\"https:\/\/denizcankizil.tr\/#\/schema\/person\/be3c05fe6a12686905512445d8185489\",\"name\":\"admin\",\"image\":{\"@type\":\"ImageObject\",\"inLanguage\":\"uk\",\"@id\":\"https:\/\/denizcankizil.tr\/#\/schema\/person\/image\/\",\"url\":\"https:\/\/secure.gravatar.com\/avatar\/c1fce94c830dc79107e174f890d7210541c4a63e8e5d816341794a2151c9d58c?s=96&d=mm&r=g\",\"contentUrl\":\"https:\/\/secure.gravatar.com\/avatar\/c1fce94c830dc79107e174f890d7210541c4a63e8e5d816341794a2151c9d58c?s=96&d=mm&r=g\",\"caption\":\"admin\"},\"sameAs\":[\"http:\/\/denizcankizil.tr\"],\"url\":\"https:\/\/www.iskenderun.org\/izmir-bornovada-nakliyecilerin-projesi-hayata-geciyor\"}]}<\/script>\n<!-- \/ Yoast SEO Premium plugin. -->","yoast_head_json":{"title":"\u0130zmir Bornova\u2019da nakliyecilerin projesi hayata ge\u00e7iyor - Av. Deniz Can K\u0131z\u0131l","robots":{"index":"index","follow":"follow","max-snippet":"max-snippet:-1","max-image-preview":"max-image-preview:large","max-video-preview":"max-video-preview:-1"},"canonical":"https:\/\/denizcankizil.tr\/uk\/haberler\/gundem\/izmir-bornovada-nakliyecilerin-projesi-hayata-geciyor\/","og_locale":"uk_UA","og_type":"article","og_title":"\u0130zmir Bornova\u2019da nakliyecilerin projesi hayata ge\u00e7iyor","og_description":"\u0130zmir&#8217;de Bornova Belediye Ba\u015fkan\u0131 \u00d6mer E\u015fki, I\u015f\u0131kkent\u2019te bulunan Kara Nakliyecileri Sitesi\u2019ni ziyaret ederek sekt\u00f6r temsilcileriyle bir araya geldi.\u0130ZM\u0130R (\u0130GFA) &#8211; Bornova\u2019da nakliyecilerin y\u0131llard\u0131r bekledi\u011fi proje hayata ge\u00e7iyor Kara Nakliyecileri Sitesi Ba\u015fkan\u0131 Adnan \u00c7etin ve y\u00f6netim kurulu \u00fcyeleriyle yap\u0131lan g\u00f6r\u00fc\u015fmede, esnaf\u0131n sorunlar\u0131 ve \u00e7\u00f6z\u00fcm \u00f6nerileri ele alan Belediye Ba\u015fkan\u0131 \u00d6mer E\u015fki, yap\u0131m\u0131 tamamlanmak \u00fczere olan ve Mart ay\u0131nda hizmete a\u00e7\u0131lmas\u0131 planlanan TIR Garaj\u0131\u2019nda incelemelerde bulundu. Modern TIR Garaj\u0131\u2019n\u0131n 100 araca ev sahipli\u011fi yapaca\u011f\u0131n\u0131 belirten Ba\u015fkan E\u015fki, tesisin b\u00f6lge trafi\u011fini rahatlataca\u011f\u0131n\u0131 ve lojistik sekt\u00f6r\u00fcne b\u00fcy\u00fck katk\u0131 sa\u011flayaca\u011f\u0131n\u0131 ifade etti. Yeme-i\u00e7me, tuvalet, du\u015f ve dinlenme alanlar\u0131n\u0131 i\u00e7eren modern tesisin, nakliyecilere uzun y\u0131llard\u0131r bekledikleri konforu sunaca\u011f\u0131n\u0131 vurgulad\u0131. Mevcut 14 d\u00f6n\u00fcml\u00fck parka ek olarak, Bornova\u2019da uygun bir alanda ikinci bir TIR Garaj\u0131 i\u00e7in de \u00e7al\u0131\u015fmalar\u0131n ba\u015flayaca\u011f\u0131n\u0131 belirten Ba\u015fkan E\u015fki, ayr\u0131ca site i\u00e7erisindeki yol ve temizlik konular\u0131ndaki talepleri de en k\u0131sa s\u00fcrede \u00e7\u00f6z\u00fcme kavu\u015fturacaklar\u0131n\u0131 s\u00f6yledi. Site Ba\u015fkan\u0131 Adnan \u00c7etin ise, &#8220;20 y\u0131ld\u0131r bekledi\u011fimiz TIR Garaj\u0131 sonunda hayata ge\u00e7iyor. Ba\u015fkan\u0131m\u0131za te\u015fekk\u00fcr ediyoruz. Bornova Belediyesi sayesinde sitemiz, \u0130zmir\u2019e ve Bornova\u2019ya yak\u0131\u015f\u0131r bir d\u00fczene kavu\u015fuyor&#8221; dedi. \u200b\u0130zmir&#8217;de Bornova Belediye Ba\u015fkan\u0131 \u00d6mer E\u015fki, I\u015f\u0131kkent\u2019te bulunan Kara Nakliyecileri Sitesi\u2019ni ziyaret ederek sekt\u00f6r temsilcileriyle bir araya geldi.\u0130ZM\u0130R (\u0130GFA) &#8211; Bornova\u2019da nakliyecilerin y\u0131llard\u0131r bekledi\u011fi proje hayata ge\u00e7iyor Kara Nakliyecileri Sitesi Ba\u015fkan\u0131 Adnan \u00c7etin &hellip;","og_url":"https:\/\/denizcankizil.tr\/uk\/haberler\/gundem\/izmir-bornovada-nakliyecilerin-projesi-hayata-geciyor\/","og_site_name":"Av. Deniz Can K\u0131z\u0131l","article_published_time":"2025-03-03T06:41:25+00:00","author":"admin","twitter_card":"summary_large_image","twitter_misc":{"\u041d\u0430\u043f\u0438\u0441\u0430\u043d\u043e":"admin","\u041f\u0440\u0438\u0431\u043b. \u0447\u0430\u0441 \u0447\u0438\u0442\u0430\u043d\u043d\u044f":"3 \u0445\u0432\u0438\u043b\u0438\u043d\u0438"},"schema":{"@context":"https:\/\/schema.org","@graph":[{"@type":"Article","@id":"https:\/\/denizcankizil.tr\/uk\/haberler\/gundem\/izmir-bornovada-nakliyecilerin-projesi-hayata-geciyor\/#article","isPartOf":{"@id":"https:\/\/denizcankizil.tr\/uk\/haberler\/gundem\/izmir-bornovada-nakliyecilerin-projesi-hayata-geciyor\/"},"author":{"name":"admin","@id":"https:\/\/denizcankizil.tr\/#\/schema\/person\/be3c05fe6a12686905512445d8185489"},"headline":"\u0130zmir Bornova\u2019da nakliyecilerin projesi hayata ge\u00e7iyor","datePublished":"2025-03-03T06:41:25+00:00","mainEntityOfPage":{"@id":"https:\/\/denizcankizil.tr\/uk\/haberler\/gundem\/izmir-bornovada-nakliyecilerin-projesi-hayata-geciyor\/"},"wordCount":510,"commentCount":0,"publisher":{"@id":"https:\/\/denizcankizil.tr\/#organization"},"articleSection":["G\u00fcndem"],"inLanguage":"uk","potentialAction":[{"@type":"CommentAction","name":"Comment","target":["https:\/\/denizcankizil.tr\/uk\/haberler\/gundem\/izmir-bornovada-nakliyecilerin-projesi-hayata-geciyor\/#respond"]}]},{"@type":"WebPage","@id":"https:\/\/denizcankizil.tr\/uk\/haberler\/gundem\/izmir-bornovada-nakliyecilerin-projesi-hayata-geciyor\/","url":"https:\/\/denizcankizil.tr\/uk\/haberler\/gundem\/izmir-bornovada-nakliyecilerin-projesi-hayata-geciyor\/","name":"\u0130zmir Bornova\u2019da nakliyecilerin projesi hayata ge\u00e7iyor - Av. Deniz Can K\u0131z\u0131l","isPartOf":{"@id":"https:\/\/denizcankizil.tr\/#website"},"datePublished":"2025-03-03T06:41:25+00:00","breadcrumb":{"@id":"https:\/\/denizcankizil.tr\/uk\/haberler\/gundem\/izmir-bornovada-nakliyecilerin-projesi-hayata-geciyor\/#breadcrumb"},"inLanguage":"uk","potentialAction":[{"@type":"ReadAction","target":["https:\/\/denizcankizil.tr\/uk\/haberler\/gundem\/izmir-bornovada-nakliyecilerin-projesi-hayata-geciyor\/"]}]},{"@type":"BreadcrumbList","@id":"https:\/\/denizcankizil.tr\/uk\/haberler\/gundem\/izmir-bornovada-nakliyecilerin-projesi-hayata-geciyor\/#breadcrumb","itemListElement":[{"@type":"ListItem","position":1,"name":"Home","item":"https:\/\/denizcankizil.tr\/uk\/"},{"@type":"ListItem","position":2,"name":"\u0130zmir Bornova\u2019da nakliyecilerin projesi hayata ge\u00e7iyor"}]},{"@type":"WebSite","@id":"https:\/\/denizcankizil.tr\/#website","url":"https:\/\/denizcankizil.tr\/","name":"Av. Deniz Can K\u0131z\u0131l","description":"Avukat Deniz Can K\u0131z\u0131l Antalya Barosu","publisher":{"@id":"https:\/\/denizcankizil.tr\/#organization"},"potentialAction":[{"@type":"SearchAction","target":{"@type":"EntryPoint","urlTemplate":"https:\/\/denizcankizil.tr\/?s={search_term_string}"},"query-input":{"@type":"PropertyValueSpecification","valueRequired":true,"valueName":"search_term_string"}}],"inLanguage":"uk"},{"@type":"Organization","@id":"https:\/\/denizcankizil.tr\/#organization","name":"Av. Deniz Can K\u0131z\u0131l","url":"https:\/\/denizcankizil.tr\/","logo":{"@type":"ImageObject","inLanguage":"uk","@id":"https:\/\/denizcankizil.tr\/#\/schema\/logo\/image\/","url":"https:\/\/denizcankizil.tr\/wp-content\/uploads\/2024\/10\/siyah-logo-svg.svg","contentUrl":"https:\/\/denizcankizil.tr\/wp-content\/uploads\/2024\/10\/siyah-logo-svg.svg","width":1080,"height":1080,"caption":"Av. Deniz Can K\u0131z\u0131l"},"image":{"@id":"https:\/\/denizcankizil.tr\/#\/schema\/logo\/image\/"}},{"@type":"Person","@id":"https:\/\/denizcankizil.tr\/#\/schema\/person\/be3c05fe6a12686905512445d8185489","name":"\u0430\u0434\u043c\u0456\u043d","image":{"@type":"ImageObject","inLanguage":"uk","@id":"https:\/\/denizcankizil.tr\/#\/schema\/person\/image\/","url":"https:\/\/secure.gravatar.com\/avatar\/c1fce94c830dc79107e174f890d7210541c4a63e8e5d816341794a2151c9d58c?s=96&d=mm&r=g","contentUrl":"https:\/\/secure.gravatar.com\/avatar\/c1fce94c830dc79107e174f890d7210541c4a63e8e5d816341794a2151c9d58c?s=96&d=mm&r=g","caption":"admin"},"sameAs":["http:\/\/denizcankizil.tr"],"url":"https:\/\/www.iskenderun.org\/izmir-bornovada-nakliyecilerin-projesi-hayata-geciyor"}]}},"_links":{"self":[{"href":"https:\/\/denizcankizil.tr\/uk\/wp-json\/wp\/v2\/posts\/34524","targetHints":{"allow":["GET"]}}],"collection":[{"href":"https:\/\/denizcankizil.tr\/uk\/wp-json\/wp\/v2\/posts"}],"about":[{"href":"https:\/\/denizcankizil.tr\/uk\/wp-json\/wp\/v2\/types\/post"}],"author":[{"embeddable":true,"href":"https:\/\/denizcankizil.tr\/uk\/wp-json\/wp\/v2\/users\/1"}],"replies":[{"embeddable":true,"href":"https:\/\/denizcankizil.tr\/uk\/wp-json\/wp\/v2\/comments?post=34524"}],"version-history":[{"count":0,"href":"https:\/\/denizcankizil.tr\/uk\/wp-json\/wp\/v2\/posts\/34524\/revisions"}],"wp:attachment":[{"href":"https:\/\/denizcankizil.tr\/uk\/wp-json\/wp\/v2\/media?parent=34524"}],"wp:term":[{"taxonomy":"category","embeddable":true,"href":"https:\/\/denizcankizil.tr\/uk\/wp-json\/wp\/v2\/categories?post=34524"},{"taxonomy":"post_tag","embeddable":true,"href":"https:\/\/denizcankizil.tr\/uk\/wp-json\/wp\/v2\/tags?post=34524"}],"curies":[{"name":"wp","href":"https:\/\/api.w.org\/{rel}","templated":true}]}}