{"id":34489,"date":"2025-03-01T21:41:15","date_gmt":"2025-03-01T18:41:15","guid":{"rendered":"https:\/\/denizcankizil.tr\/uncategorized-tr\/hatayda-yasanan-kazada-olen-vatandaslarin-isimleri-belli-oldu\/"},"modified":"2025-03-01T21:41:15","modified_gmt":"2025-03-01T18:41:15","slug":"hatayda-yasanan-kazada-olen-vatandaslarin-isimleri-belli-oldu","status":"publish","type":"post","link":"https:\/\/denizcankizil.tr\/uk\/haberler\/gundem\/hatayda-yasanan-kazada-olen-vatandaslarin-isimleri-belli-oldu\/","title":{"rendered":"Hatay\u2019da ya\u015fanan kazada \u00f6len vatanda\u015flar\u0131n isimleri belli oldu"},"content":{"rendered":"<p>Antakya-Reyhanl\u0131 yolu \u00dcz\u00fcmdal\u0131 Mahallesi mevkiinde, seyir halindeki servis minib\u00fcs\u00fc, yol kenar\u0131nda park halinde bulunan TIR\u2019a \u00e7arpm\u0131\u015f, ya\u015fanan kazada 6 ki\u015fi \u00f6lm\u00fc\u015f, 8 ki\u015fi de yaralanm\u0131\u015ft\u0131. Kazada can veren vatanda\u015flar\u0131n isimleri ise belli oldu.<\/p>\n<p>KAZADA \u00d6LENLER\u0130N \u0130S\u0130MLER\u0130\u00a0<\/p>\n<p>Kaza yapan ara\u00e7ta bulunanlar\u0131n ayn\u0131 fabrikada \u00e7al\u0131\u015ft\u0131\u011f\u0131 ve i\u015f \u00e7\u0131k\u0131\u015f\u0131 Antakya il\u00e7esi Boh\u015fin Mahallesi\u2019ne gittikleri \u00f6\u011frenildi. Kazada \u00f6lenlerin; \u00d6mer Erdo\u011fan, Ahmet Akarsu (18), Ahmet Ko\u00e7ak, \u00d6mer Albayrak (21), Mehmet Albayrak ve Halil Albayrak oldu\u011fu \u00f6\u011frenildi. Hayat\u0131n\u0131 kaybedenlerin Boh\u015fin Mahallesi\u2019nde defnedilece\u011fi ve 8 ki\u015finin tedavisinin hastanede devam etti\u011fi \u00f6\u011frenildi.\u00a0<\/p>\n<p>\u00a0 \u00a0 \u00a0 \u00a0 \u00a0 \u00a0 \u00a0 \u00a0 \u00a0 \u00a0 \u00a0 \u00a0 \u00a0 \u00a0<\/p>\n<p>\u200bHatay\u2019da kontrolden \u00e7\u0131kan servis, park halindeki TIR\u2019a \u00e7arpt\u0131. Meydana gelen kazada 6 ki\u015fi \u00f6ld\u00fc ve 8 ki\u015fi de yaraland\u0131. Kazada hayat\u0131n\u0131 kaybeden vatanda\u015flar\u0131n ise isimleri beli oldu.\u00a0<\/p>\n<p>\u200bHaberin Al\u0131nt\u0131land\u0131\u011f\u0131 Kaynak: www.antalyakorfez.com<\/p>","protected":false},"excerpt":{"rendered":"<p>Antakya-Reyhanl\u0131 yolu \u00dcz\u00fcmdal\u0131 Mahallesi mevkiinde, seyir halindeki servis minib\u00fcs\u00fc, yol kenar\u0131nda park halinde bulunan TIR\u2019a \u00e7arpm\u0131\u015f, ya\u015fanan kazada 6 ki\u015fi \u00f6lm\u00fc\u015f, 8 ki\u015fi de yaralanm\u0131\u015ft\u0131. Kazada can veren vatanda\u015flar\u0131n isimleri ise belli oldu. KAZADA \u00d6LENLER\u0130N \u0130S\u0130MLER\u0130\u00a0 Kaza yapan ara\u00e7ta bulunanlar\u0131n ayn\u0131 fabrikada \u00e7al\u0131\u015ft\u0131\u011f\u0131 ve i\u015f \u00e7\u0131k\u0131\u015f\u0131 Antakya il\u00e7esi Boh\u015fin Mahallesi\u2019ne gittikleri \u00f6\u011frenildi. Kazada \u00f6lenlerin; \u00d6mer Erdo\u011fan, Ahmet Akarsu (18), Ahmet Ko\u00e7ak, \u00d6mer Albayrak (21), Mehmet Albayrak ve Halil Albayrak oldu\u011fu \u00f6\u011frenildi. Hayat\u0131n\u0131 kaybedenlerin Boh\u015fin Mahallesi\u2019nde defnedilece\u011fi ve 8 ki\u015finin tedavisinin hastanede devam etti\u011fi \u00f6\u011frenildi.\u00a0 \u00a0 \u00a0 \u00a0 \u00a0 \u00a0 \u00a0 \u00a0 \u00a0 \u00a0 \u00a0 \u00a0 \u00a0 \u00a0 \u00a0 \u200bHatay\u2019da kontrolden \u00e7\u0131kan servis, park halindeki TIR\u2019a \u00e7arpt\u0131. Meydana gelen kazada 6 ki\u015fi \u00f6ld\u00fc ve 8 ki\u015fi de yaraland\u0131. Kazada hayat\u0131n\u0131 kaybeden vatanda\u015flar\u0131n ise isimleri beli oldu.\u00a0 \u200bHaberin Al\u0131nt\u0131land\u0131\u011f\u0131 Kaynak: www.antalyakorfez.com<\/p>","protected":false},"author":5,"featured_media":0,"comment_status":"open","ping_status":"open","sticky":false,"template":"","format":"standard","meta":{"_acf_changed":false,"footnotes":""},"categories":[24],"tags":[],"class_list":["post-34489","post","type-post","status-publish","format-standard","has-post-thumbnail","hentry","category-gundem"],"acf":[],"yoast_head":"<!-- This site is optimized with the Yoast SEO Premium plugin v26.6 (Yoast SEO v27.1.1) - https:\/\/yoast.com\/product\/yoast-seo-premium-wordpress\/ -->\n<title>Hatay\u2019da ya\u015fanan kazada \u00f6len vatanda\u015flar\u0131n isimleri belli oldu - Av. Deniz Can K\u0131z\u0131l<\/title>\n<meta name=\"robots\" content=\"index, follow, max-snippet:-1, max-image-preview:large, max-video-preview:-1\" \/>\n<link rel=\"canonical\" href=\"https:\/\/denizcankizil.tr\/uk\/haberler\/gundem\/hatayda-yasanan-kazada-olen-vatandaslarin-isimleri-belli-oldu\/\" \/>\n<meta property=\"og:locale\" content=\"uk_UA\" \/>\n<meta property=\"og:type\" content=\"article\" \/>\n<meta property=\"og:title\" content=\"Hatay\u2019da ya\u015fanan kazada \u00f6len vatanda\u015flar\u0131n isimleri belli oldu\" \/>\n<meta property=\"og:description\" content=\"Antakya-Reyhanl\u0131 yolu \u00dcz\u00fcmdal\u0131 Mahallesi mevkiinde, seyir halindeki servis minib\u00fcs\u00fc, yol kenar\u0131nda park halinde bulunan TIR\u2019a \u00e7arpm\u0131\u015f, ya\u015fanan kazada 6 ki\u015fi \u00f6lm\u00fc\u015f, 8 ki\u015fi de yaralanm\u0131\u015ft\u0131. Kazada can veren vatanda\u015flar\u0131n isimleri ise belli oldu. KAZADA \u00d6LENLER\u0130N \u0130S\u0130MLER\u0130\u00a0 Kaza yapan ara\u00e7ta bulunanlar\u0131n ayn\u0131 fabrikada \u00e7al\u0131\u015ft\u0131\u011f\u0131 ve i\u015f \u00e7\u0131k\u0131\u015f\u0131 Antakya il\u00e7esi Boh\u015fin Mahallesi\u2019ne gittikleri \u00f6\u011frenildi. Kazada \u00f6lenlerin; \u00d6mer Erdo\u011fan, Ahmet Akarsu (18), Ahmet Ko\u00e7ak, \u00d6mer Albayrak (21), Mehmet Albayrak ve Halil Albayrak oldu\u011fu \u00f6\u011frenildi. Hayat\u0131n\u0131 kaybedenlerin Boh\u015fin Mahallesi\u2019nde defnedilece\u011fi ve 8 ki\u015finin tedavisinin hastanede devam etti\u011fi \u00f6\u011frenildi.\u00a0 \u00a0 \u00a0 \u00a0 \u00a0 \u00a0 \u00a0 \u00a0 \u00a0 \u00a0 \u00a0 \u00a0 \u00a0 \u00a0 \u00a0 \u200bHatay\u2019da kontrolden \u00e7\u0131kan servis, park halindeki TIR\u2019a \u00e7arpt\u0131. Meydana gelen kazada 6 ki\u015fi \u00f6ld\u00fc ve 8 ki\u015fi de yaraland\u0131. Kazada hayat\u0131n\u0131 kaybeden vatanda\u015flar\u0131n ise isimleri beli oldu.\u00a0 \u200bHaberin Al\u0131nt\u0131land\u0131\u011f\u0131 Kaynak: www.antalyakorfez.com\" \/>\n<meta property=\"og:url\" content=\"https:\/\/denizcankizil.tr\/uk\/haberler\/gundem\/hatayda-yasanan-kazada-olen-vatandaslarin-isimleri-belli-oldu\/\" \/>\n<meta property=\"og:site_name\" content=\"Av. Deniz Can K\u0131z\u0131l\" \/>\n<meta property=\"article:published_time\" content=\"2025-03-01T18:41:15+00:00\" \/>\n<meta name=\"author\" content=\"Antalya K\u00f6rfez\" \/>\n<meta name=\"twitter:card\" content=\"summary_large_image\" \/>\n<meta name=\"twitter:label1\" content=\"\u041d\u0430\u043f\u0438\u0441\u0430\u043d\u043e\" \/>\n\t<meta name=\"twitter:data1\" content=\"Antalya K\u00f6rfez\" \/>\n\t<meta name=\"twitter:label2\" content=\"\u041f\u0440\u0438\u0431\u043b. \u0447\u0430\u0441 \u0447\u0438\u0442\u0430\u043d\u043d\u044f\" \/>\n\t<meta name=\"twitter:data2\" content=\"1 \u0445\u0432\u0438\u043b\u0438\u043d\u0430\" \/>\n<script type=\"application\/ld+json\" class=\"yoast-schema-graph\">{\"@context\":\"https:\/\/schema.org\",\"@graph\":[{\"@type\":\"Article\",\"@id\":\"https:\/\/denizcankizil.tr\/uk\/haberler\/gundem\/hatayda-yasanan-kazada-olen-vatandaslarin-isimleri-belli-oldu\/#article\",\"isPartOf\":{\"@id\":\"https:\/\/denizcankizil.tr\/uk\/haberler\/gundem\/hatayda-yasanan-kazada-olen-vatandaslarin-isimleri-belli-oldu\/\"},\"author\":{\"name\":\"Antalya K\u00f6rfez\",\"@id\":\"https:\/\/denizcankizil.tr\/de\/#\/schema\/person\/e1eb71bb4dd684d46563f0af307e1234\"},\"headline\":\"Hatay\u2019da ya\u015fanan kazada \u00f6len vatanda\u015flar\u0131n isimleri belli oldu\",\"datePublished\":\"2025-03-01T18:41:15+00:00\",\"mainEntityOfPage\":{\"@id\":\"https:\/\/denizcankizil.tr\/uk\/haberler\/gundem\/hatayda-yasanan-kazada-olen-vatandaslarin-isimleri-belli-oldu\/\"},\"wordCount\":158,\"commentCount\":0,\"publisher\":{\"@id\":\"https:\/\/denizcankizil.tr\/de\/#organization\"},\"articleSection\":[\"G\u00fcndem\"],\"inLanguage\":\"uk\",\"potentialAction\":[{\"@type\":\"CommentAction\",\"name\":\"Comment\",\"target\":[\"https:\/\/denizcankizil.tr\/uk\/haberler\/gundem\/hatayda-yasanan-kazada-olen-vatandaslarin-isimleri-belli-oldu\/#respond\"]}]},{\"@type\":\"WebPage\",\"@id\":\"https:\/\/denizcankizil.tr\/uk\/haberler\/gundem\/hatayda-yasanan-kazada-olen-vatandaslarin-isimleri-belli-oldu\/\",\"url\":\"https:\/\/denizcankizil.tr\/uk\/haberler\/gundem\/hatayda-yasanan-kazada-olen-vatandaslarin-isimleri-belli-oldu\/\",\"name\":\"Hatay\u2019da ya\u015fanan kazada \u00f6len vatanda\u015flar\u0131n isimleri belli oldu - Av. Deniz Can K\u0131z\u0131l\",\"isPartOf\":{\"@id\":\"https:\/\/denizcankizil.tr\/de\/#website\"},\"datePublished\":\"2025-03-01T18:41:15+00:00\",\"breadcrumb\":{\"@id\":\"https:\/\/denizcankizil.tr\/uk\/haberler\/gundem\/hatayda-yasanan-kazada-olen-vatandaslarin-isimleri-belli-oldu\/#breadcrumb\"},\"inLanguage\":\"uk\",\"potentialAction\":[{\"@type\":\"ReadAction\",\"target\":[\"https:\/\/denizcankizil.tr\/uk\/haberler\/gundem\/hatayda-yasanan-kazada-olen-vatandaslarin-isimleri-belli-oldu\/\"]}]},{\"@type\":\"BreadcrumbList\",\"@id\":\"https:\/\/denizcankizil.tr\/uk\/haberler\/gundem\/hatayda-yasanan-kazada-olen-vatandaslarin-isimleri-belli-oldu\/#breadcrumb\",\"itemListElement\":[{\"@type\":\"ListItem\",\"position\":1,\"name\":\"Home\",\"item\":\"https:\/\/denizcankizil.tr\/de\/\"},{\"@type\":\"ListItem\",\"position\":2,\"name\":\"Hatay\u2019da ya\u015fanan kazada \u00f6len vatanda\u015flar\u0131n isimleri belli oldu\"}]},{\"@type\":\"WebSite\",\"@id\":\"https:\/\/denizcankizil.tr\/de\/#website\",\"url\":\"https:\/\/denizcankizil.tr\/de\/\",\"name\":\"Av. Deniz Can K\u0131z\u0131l\",\"description\":\"Avukat Deniz Can K\u0131z\u0131l Antalya Barosu\",\"publisher\":{\"@id\":\"https:\/\/denizcankizil.tr\/de\/#organization\"},\"potentialAction\":[{\"@type\":\"SearchAction\",\"target\":{\"@type\":\"EntryPoint\",\"urlTemplate\":\"https:\/\/denizcankizil.tr\/de\/?s={search_term_string}\"},\"query-input\":{\"@type\":\"PropertyValueSpecification\",\"valueRequired\":true,\"valueName\":\"search_term_string\"}}],\"inLanguage\":\"uk\"},{\"@type\":\"Organization\",\"@id\":\"https:\/\/denizcankizil.tr\/de\/#organization\",\"name\":\"Av. Deniz Can K\u0131z\u0131l\",\"url\":\"https:\/\/denizcankizil.tr\/de\/\",\"logo\":{\"@type\":\"ImageObject\",\"inLanguage\":\"uk\",\"@id\":\"https:\/\/denizcankizil.tr\/de\/#\/schema\/logo\/image\/\",\"url\":\"https:\/\/denizcankizil.tr\/wp-content\/uploads\/2024\/10\/siyah-logo-svg.svg\",\"contentUrl\":\"https:\/\/denizcankizil.tr\/wp-content\/uploads\/2024\/10\/siyah-logo-svg.svg\",\"width\":1080,\"height\":1080,\"caption\":\"Av. Deniz Can K\u0131z\u0131l\"},\"image\":{\"@id\":\"https:\/\/denizcankizil.tr\/de\/#\/schema\/logo\/image\/\"}},{\"@type\":\"Person\",\"@id\":\"https:\/\/denizcankizil.tr\/de\/#\/schema\/person\/e1eb71bb4dd684d46563f0af307e1234\",\"name\":\"Antalya K\u00f6rfez\",\"image\":{\"@type\":\"ImageObject\",\"inLanguage\":\"uk\",\"@id\":\"https:\/\/denizcankizil.tr\/de\/#\/schema\/person\/image\/\",\"url\":\"https:\/\/secure.gravatar.com\/avatar\/42b01982558a48a0b501fdcab6a408d3717ea5919095ee2e67b0e521799c5905?s=96&d=mm&r=g\",\"contentUrl\":\"https:\/\/secure.gravatar.com\/avatar\/42b01982558a48a0b501fdcab6a408d3717ea5919095ee2e67b0e521799c5905?s=96&d=mm&r=g\",\"caption\":\"Antalya K\u00f6rfez\"},\"sameAs\":[\"http:\/\/www.antalyakorfez.com\"],\"url\":\"https:\/\/www.antalyakorfez.com\/hatayda-yasanan-kazada-olen-vatandaslarin-isimleri-belli-oldu\"}]}<\/script>\n<!-- \/ Yoast SEO Premium plugin. -->","yoast_head_json":{"title":"Hatay\u2019da ya\u015fanan kazada \u00f6len vatanda\u015flar\u0131n isimleri belli oldu - Av. Deniz Can K\u0131z\u0131l","robots":{"index":"index","follow":"follow","max-snippet":"max-snippet:-1","max-image-preview":"max-image-preview:large","max-video-preview":"max-video-preview:-1"},"canonical":"https:\/\/denizcankizil.tr\/uk\/haberler\/gundem\/hatayda-yasanan-kazada-olen-vatandaslarin-isimleri-belli-oldu\/","og_locale":"uk_UA","og_type":"article","og_title":"Hatay\u2019da ya\u015fanan kazada \u00f6len vatanda\u015flar\u0131n isimleri belli oldu","og_description":"Antakya-Reyhanl\u0131 yolu \u00dcz\u00fcmdal\u0131 Mahallesi mevkiinde, seyir halindeki servis minib\u00fcs\u00fc, yol kenar\u0131nda park halinde bulunan TIR\u2019a \u00e7arpm\u0131\u015f, ya\u015fanan kazada 6 ki\u015fi \u00f6lm\u00fc\u015f, 8 ki\u015fi de yaralanm\u0131\u015ft\u0131. Kazada can veren vatanda\u015flar\u0131n isimleri ise belli oldu. KAZADA \u00d6LENLER\u0130N \u0130S\u0130MLER\u0130\u00a0 Kaza yapan ara\u00e7ta bulunanlar\u0131n ayn\u0131 fabrikada \u00e7al\u0131\u015ft\u0131\u011f\u0131 ve i\u015f \u00e7\u0131k\u0131\u015f\u0131 Antakya il\u00e7esi Boh\u015fin Mahallesi\u2019ne gittikleri \u00f6\u011frenildi. Kazada \u00f6lenlerin; \u00d6mer Erdo\u011fan, Ahmet Akarsu (18), Ahmet Ko\u00e7ak, \u00d6mer Albayrak (21), Mehmet Albayrak ve Halil Albayrak oldu\u011fu \u00f6\u011frenildi. Hayat\u0131n\u0131 kaybedenlerin Boh\u015fin Mahallesi\u2019nde defnedilece\u011fi ve 8 ki\u015finin tedavisinin hastanede devam etti\u011fi \u00f6\u011frenildi.\u00a0 \u00a0 \u00a0 \u00a0 \u00a0 \u00a0 \u00a0 \u00a0 \u00a0 \u00a0 \u00a0 \u00a0 \u00a0 \u00a0 \u00a0 \u200bHatay\u2019da kontrolden \u00e7\u0131kan servis, park halindeki TIR\u2019a \u00e7arpt\u0131. Meydana gelen kazada 6 ki\u015fi \u00f6ld\u00fc ve 8 ki\u015fi de yaraland\u0131. Kazada hayat\u0131n\u0131 kaybeden vatanda\u015flar\u0131n ise isimleri beli oldu.\u00a0 \u200bHaberin Al\u0131nt\u0131land\u0131\u011f\u0131 Kaynak: www.antalyakorfez.com","og_url":"https:\/\/denizcankizil.tr\/uk\/haberler\/gundem\/hatayda-yasanan-kazada-olen-vatandaslarin-isimleri-belli-oldu\/","og_site_name":"Av. Deniz Can K\u0131z\u0131l","article_published_time":"2025-03-01T18:41:15+00:00","author":"Antalya K\u00f6rfez","twitter_card":"summary_large_image","twitter_misc":{"\u041d\u0430\u043f\u0438\u0441\u0430\u043d\u043e":"Antalya K\u00f6rfez","\u041f\u0440\u0438\u0431\u043b. \u0447\u0430\u0441 \u0447\u0438\u0442\u0430\u043d\u043d\u044f":"1 \u0445\u0432\u0438\u043b\u0438\u043d\u0430"},"schema":{"@context":"https:\/\/schema.org","@graph":[{"@type":"Article","@id":"https:\/\/denizcankizil.tr\/uk\/haberler\/gundem\/hatayda-yasanan-kazada-olen-vatandaslarin-isimleri-belli-oldu\/#article","isPartOf":{"@id":"https:\/\/denizcankizil.tr\/uk\/haberler\/gundem\/hatayda-yasanan-kazada-olen-vatandaslarin-isimleri-belli-oldu\/"},"author":{"name":"Antalya K\u00f6rfez","@id":"https:\/\/denizcankizil.tr\/de\/#\/schema\/person\/e1eb71bb4dd684d46563f0af307e1234"},"headline":"Hatay\u2019da ya\u015fanan kazada \u00f6len vatanda\u015flar\u0131n isimleri belli oldu","datePublished":"2025-03-01T18:41:15+00:00","mainEntityOfPage":{"@id":"https:\/\/denizcankizil.tr\/uk\/haberler\/gundem\/hatayda-yasanan-kazada-olen-vatandaslarin-isimleri-belli-oldu\/"},"wordCount":158,"commentCount":0,"publisher":{"@id":"https:\/\/denizcankizil.tr\/de\/#organization"},"articleSection":["G\u00fcndem"],"inLanguage":"uk","potentialAction":[{"@type":"CommentAction","name":"Comment","target":["https:\/\/denizcankizil.tr\/uk\/haberler\/gundem\/hatayda-yasanan-kazada-olen-vatandaslarin-isimleri-belli-oldu\/#respond"]}]},{"@type":"WebPage","@id":"https:\/\/denizcankizil.tr\/uk\/haberler\/gundem\/hatayda-yasanan-kazada-olen-vatandaslarin-isimleri-belli-oldu\/","url":"https:\/\/denizcankizil.tr\/uk\/haberler\/gundem\/hatayda-yasanan-kazada-olen-vatandaslarin-isimleri-belli-oldu\/","name":"Hatay\u2019da ya\u015fanan kazada \u00f6len vatanda\u015flar\u0131n isimleri belli oldu - Av. Deniz Can K\u0131z\u0131l","isPartOf":{"@id":"https:\/\/denizcankizil.tr\/de\/#website"},"datePublished":"2025-03-01T18:41:15+00:00","breadcrumb":{"@id":"https:\/\/denizcankizil.tr\/uk\/haberler\/gundem\/hatayda-yasanan-kazada-olen-vatandaslarin-isimleri-belli-oldu\/#breadcrumb"},"inLanguage":"uk","potentialAction":[{"@type":"ReadAction","target":["https:\/\/denizcankizil.tr\/uk\/haberler\/gundem\/hatayda-yasanan-kazada-olen-vatandaslarin-isimleri-belli-oldu\/"]}]},{"@type":"BreadcrumbList","@id":"https:\/\/denizcankizil.tr\/uk\/haberler\/gundem\/hatayda-yasanan-kazada-olen-vatandaslarin-isimleri-belli-oldu\/#breadcrumb","itemListElement":[{"@type":"ListItem","position":1,"name":"Home","item":"https:\/\/denizcankizil.tr\/de\/"},{"@type":"ListItem","position":2,"name":"Hatay\u2019da ya\u015fanan kazada \u00f6len vatanda\u015flar\u0131n isimleri belli oldu"}]},{"@type":"WebSite","@id":"https:\/\/denizcankizil.tr\/de\/#website","url":"https:\/\/denizcankizil.tr\/de\/","name":"Av. Deniz Can K\u0131z\u0131l","description":"Avukat Deniz Can K\u0131z\u0131l Antalya Barosu","publisher":{"@id":"https:\/\/denizcankizil.tr\/de\/#organization"},"potentialAction":[{"@type":"SearchAction","target":{"@type":"EntryPoint","urlTemplate":"https:\/\/denizcankizil.tr\/de\/?s={search_term_string}"},"query-input":{"@type":"PropertyValueSpecification","valueRequired":true,"valueName":"search_term_string"}}],"inLanguage":"uk"},{"@type":"Organization","@id":"https:\/\/denizcankizil.tr\/de\/#organization","name":"Av. Deniz Can K\u0131z\u0131l","url":"https:\/\/denizcankizil.tr\/de\/","logo":{"@type":"ImageObject","inLanguage":"uk","@id":"https:\/\/denizcankizil.tr\/de\/#\/schema\/logo\/image\/","url":"https:\/\/denizcankizil.tr\/wp-content\/uploads\/2024\/10\/siyah-logo-svg.svg","contentUrl":"https:\/\/denizcankizil.tr\/wp-content\/uploads\/2024\/10\/siyah-logo-svg.svg","width":1080,"height":1080,"caption":"Av. Deniz Can K\u0131z\u0131l"},"image":{"@id":"https:\/\/denizcankizil.tr\/de\/#\/schema\/logo\/image\/"}},{"@type":"Person","@id":"https:\/\/denizcankizil.tr\/de\/#\/schema\/person\/e1eb71bb4dd684d46563f0af307e1234","name":"Antalya K\u00f6rfez","image":{"@type":"ImageObject","inLanguage":"uk","@id":"https:\/\/denizcankizil.tr\/de\/#\/schema\/person\/image\/","url":"https:\/\/secure.gravatar.com\/avatar\/42b01982558a48a0b501fdcab6a408d3717ea5919095ee2e67b0e521799c5905?s=96&d=mm&r=g","contentUrl":"https:\/\/secure.gravatar.com\/avatar\/42b01982558a48a0b501fdcab6a408d3717ea5919095ee2e67b0e521799c5905?s=96&d=mm&r=g","caption":"Antalya K\u00f6rfez"},"sameAs":["http:\/\/www.antalyakorfez.com"],"url":"https:\/\/www.antalyakorfez.com\/hatayda-yasanan-kazada-olen-vatandaslarin-isimleri-belli-oldu"}]}},"_links":{"self":[{"href":"https:\/\/denizcankizil.tr\/uk\/wp-json\/wp\/v2\/posts\/34489","targetHints":{"allow":["GET"]}}],"collection":[{"href":"https:\/\/denizcankizil.tr\/uk\/wp-json\/wp\/v2\/posts"}],"about":[{"href":"https:\/\/denizcankizil.tr\/uk\/wp-json\/wp\/v2\/types\/post"}],"author":[{"embeddable":true,"href":"https:\/\/denizcankizil.tr\/uk\/wp-json\/wp\/v2\/users\/5"}],"replies":[{"embeddable":true,"href":"https:\/\/denizcankizil.tr\/uk\/wp-json\/wp\/v2\/comments?post=34489"}],"version-history":[{"count":0,"href":"https:\/\/denizcankizil.tr\/uk\/wp-json\/wp\/v2\/posts\/34489\/revisions"}],"wp:attachment":[{"href":"https:\/\/denizcankizil.tr\/uk\/wp-json\/wp\/v2\/media?parent=34489"}],"wp:term":[{"taxonomy":"category","embeddable":true,"href":"https:\/\/denizcankizil.tr\/uk\/wp-json\/wp\/v2\/categories?post=34489"},{"taxonomy":"post_tag","embeddable":true,"href":"https:\/\/denizcankizil.tr\/uk\/wp-json\/wp\/v2\/tags?post=34489"}],"curies":[{"name":"wp","href":"https:\/\/api.w.org\/{rel}","templated":true}]}}