{"id":34478,"date":"2025-03-01T15:41:35","date_gmt":"2025-03-01T12:41:35","guid":{"rendered":"https:\/\/denizcankizil.tr\/uncategorized-tr\/kiz-cocuklarini-bu-markalardan-uzak-tutun\/"},"modified":"2025-03-01T15:41:35","modified_gmt":"2025-03-01T12:41:35","slug":"kiz-cocuklarini-bu-markalardan-uzak-tutun","status":"publish","type":"post","link":"https:\/\/denizcankizil.tr\/uk\/haberler\/gundem\/kiz-cocuklarini-bu-markalardan-uzak-tutun\/","title":{"rendered":"K\u0131z \u00e7ocuklar\u0131n\u0131 bu markalardan uzak tutun"},"content":{"rendered":"<p>Ticaret Bakanl\u0131\u011f\u0131, piyasa g\u00f6zetimi ve denetimi faaliyeti ger\u00e7ekle\u015ftiren yetkili kurulu\u015flar taraf\u0131ndan g\u00fcvensizli\u011fi tespit edilen zararl\u0131 \u00fcr\u00fcnlerin yay\u0131nlad\u0131\u011f\u0131 \u2018G\u00fcvensiz \u00dcr\u00fcn Bilgi Sistemi\u2019nde yeni \u00fcr\u00fcnler ekledi. Bakanl\u0131k taraf\u0131ndan yay\u0131nlanan listede yer alan yeni \u00fcr\u00fcnler \u00e7ocuklar i\u00e7in tehlike olu\u015fturdu\u011fu tespit edildi ve toplat\u0131lmas\u0131na karar verildi.\u00a0<\/p>\n<p>3 TANE \u00dcR\u00dcN L\u0130STELEND\u0130\u00a0<\/p>\n<p>G\u00fcvensiz \u00dcr\u00fcn Bilgi Sistemi\u2019ne ise \u015fubat ay\u0131n\u0131n sonunda 3 markaya ait\u00a0 yeni \u00fcr\u00fcn daha eklendi. Listede yer alan k\u0131z \u00e7ocuklar\u0131 i\u00e7in \u00fcretilen k\u0131yafetlerin risk ta\u015f\u0131d\u0131\u011f\u0131 tespit edildi ve Bakanl\u0131k taraf\u0131ndan bu k\u0131yafetlerin toplat\u0131laca\u011f\u0131 a\u00e7\u0131kland\u0131. K\u0131z \u00e7ocuklar\u0131 i\u00e7in risk te\u015fkil eden o \u00fcr\u00fcnler:\u00a0<\/p>\n<p>KIZ \u00c7OCUK PANTOLONU\u00a0<\/p>\n<p>Listede yer alan ilk \u00fcr\u00fcn Y\u0131ld\u0131z Dayan\u0131kl\u0131 T\u00fcketim Maddeleri Mobilya ve G\u0131da \u015firketi taraf\u0131ndan sat\u0131lan k\u0131z \u00e7ocuk pantolonu oldu. 28 \u015eubat 2025 tarihinde listelenen pantolon, \u00fczerinde bulunan kordon ve iplerin olmas\u0131 gerekenden uzun olmas\u0131 ve bu durumda \u00e7ocuklarda yaralanmalara neden olabilece\u011fi tespit edildi. Bakanl\u0131k tespit edilen bu nedenden \u00f6t\u00fcr\u00fc piyasaya arz\u0131n\u0131n yasaklanmas\u0131na ve toplatmas\u0131na karar verdi.\u00a0<\/p>\n<p>KIZ \u00c7OCUK T\u00dcLL\u00dc ELB\u0130SE<\/p>\n<p>Listede yer alan bir di\u011fer \u00fcr\u00fcn ise Ilgaz \u00c7ak\u0131ro\u011flu Tekstil Otomotiv \u0130n\u015faat G\u0131da \u0130hracat \u0130thalat Sanayi Ve Ticaret A.\u015e. taraf\u0131ndan sat\u0131lan lacivert-beyaz t\u00fcll\u00fc k\u0131z \u00e7ocuk elbisesi. 26 \u015eubat 2025 tarihinde listelenen elbisenin \u00fczerinde bulunan iplerin ve kordonlar\u0131n gereken standartlar\u0131 kar\u015f\u0131lamad\u0131\u011f\u0131 ve \u00e7ocuklarda yaralanma riski olu\u015fturdu\u011fu belirlendi. bu y\u00fczden \u00fcr\u00fcn\u00fcn piyasaya arz\u0131n\u0131n yasaklanmas\u0131na ve toplatmas\u0131na karar verildi.\u00a0<\/p>\n<p>KIZ \u00c7OCUK ELB\u0130SES\u0130\u00a0<\/p>\n<p>Listede yer alan son \u00fcr\u00fcn ise Tivido Kids adl\u0131 i\u015fletme taraf\u0131ndan sat\u0131lan bej rengi k\u0131z \u00e7ocuk elbisesi oldu. 26 \u015eubat 2025 tarihinde listelenen elbisenin \u00fczerindeki kordon ve iplerin olmas\u0131 gereken standartlarda olmad\u0131\u011f\u0131 ve \u00e7ocuklar i\u00e7in risk olu\u015fturdu\u011fu tespit edildi. Belirlenen bu riskten \u00f6t\u00fcr\u00fc \u00fcr\u00fcn\u00fcn piyasaya arz\u0131n\u0131n yasaklanmas\u0131na ve toplatmas\u0131na karar verildi.\u00a0<\/p>\n<p>\u200bTicaret Bakanl\u0131\u011f\u0131 taraf\u0131ndan yay\u0131nlanan G\u00fcvensiz \u00dcr\u00fcn Bilgi Sistemi\u2019ne \u015eubat ayn\u0131n\u0131n sonunda 3 markaya ait \u00fcr\u00fcn daha eklendi. Listede yer alan 3 k\u0131z \u00e7ocuk elbisesinin gerekli standartlar\u0131 kar\u015f\u0131lamad\u0131\u011f\u0131 ve \u00e7ocuklarda yaralamamalara neden olabilece\u011fi tespit edildi. 3  markaya ait \u00fcr\u00fcnlerin piyasadan toplat\u0131lmas\u0131na karar verildi.\u00a0<\/p>\n<p>\u200bHaberin Al\u0131nt\u0131land\u0131\u011f\u0131 Kaynak: www.antalyakorfez.com<\/p>","protected":false},"excerpt":{"rendered":"<p>Ticaret Bakanl\u0131\u011f\u0131, piyasa g\u00f6zetimi ve denetimi faaliyeti ger\u00e7ekle\u015ftiren yetkili kurulu\u015flar taraf\u0131ndan g\u00fcvensizli\u011fi tespit edilen zararl\u0131 \u00fcr\u00fcnlerin yay\u0131nlad\u0131\u011f\u0131 \u2018G\u00fcvensiz \u00dcr\u00fcn Bilgi Sistemi\u2019nde yeni \u00fcr\u00fcnler ekledi. Bakanl\u0131k taraf\u0131ndan yay\u0131nlanan listede yer alan yeni \u00fcr\u00fcnler \u00e7ocuklar i\u00e7in tehlike olu\u015fturdu\u011fu tespit edildi ve toplat\u0131lmas\u0131na karar verildi.\u00a0 3 TANE \u00dcR\u00dcN L\u0130STELEND\u0130\u00a0 G\u00fcvensiz \u00dcr\u00fcn Bilgi Sistemi\u2019ne ise \u015fubat ay\u0131n\u0131n sonunda 3 markaya ait\u00a0 yeni \u00fcr\u00fcn daha eklendi. Listede yer alan k\u0131z \u00e7ocuklar\u0131 i\u00e7in \u00fcretilen k\u0131yafetlerin risk ta\u015f\u0131d\u0131\u011f\u0131 tespit edildi ve Bakanl\u0131k taraf\u0131ndan bu k\u0131yafetlerin toplat\u0131laca\u011f\u0131 a\u00e7\u0131kland\u0131. K\u0131z \u00e7ocuklar\u0131 i\u00e7in risk te\u015fkil eden o \u00fcr\u00fcnler:\u00a0 KIZ \u00c7OCUK PANTOLONU\u00a0 Listede yer alan ilk \u00fcr\u00fcn Y\u0131ld\u0131z Dayan\u0131kl\u0131 T\u00fcketim Maddeleri Mobilya ve G\u0131da \u015firketi taraf\u0131ndan sat\u0131lan k\u0131z \u00e7ocuk pantolonu oldu. 28 \u015eubat 2025 tarihinde listelenen pantolon, \u00fczerinde bulunan kordon ve iplerin olmas\u0131 gerekenden uzun olmas\u0131 ve bu durumda \u00e7ocuklarda yaralanmalara neden olabilece\u011fi tespit edildi. Bakanl\u0131k tespit edilen bu nedenden \u00f6t\u00fcr\u00fc piyasaya arz\u0131n\u0131n yasaklanmas\u0131na ve toplatmas\u0131na karar verdi.\u00a0 KIZ \u00c7OCUK T\u00dcLL\u00dc ELB\u0130SE Listede yer alan bir di\u011fer \u00fcr\u00fcn ise Ilgaz \u00c7ak\u0131ro\u011flu Tekstil Otomotiv \u0130n\u015faat G\u0131da \u0130hracat \u0130thalat Sanayi Ve Ticaret A.\u015e. taraf\u0131ndan sat\u0131lan lacivert-beyaz t\u00fcll\u00fc k\u0131z \u00e7ocuk elbisesi. 26 \u015eubat 2025 tarihinde listelenen elbisenin \u00fczerinde bulunan iplerin ve kordonlar\u0131n gereken standartlar\u0131 kar\u015f\u0131lamad\u0131\u011f\u0131 ve \u00e7ocuklarda yaralanma riski olu\u015fturdu\u011fu belirlendi. bu y\u00fczden \u00fcr\u00fcn\u00fcn &hellip;<\/p>","protected":false},"author":5,"featured_media":0,"comment_status":"open","ping_status":"open","sticky":false,"template":"","format":"standard","meta":{"_acf_changed":false,"footnotes":""},"categories":[24],"tags":[],"class_list":["post-34478","post","type-post","status-publish","format-standard","has-post-thumbnail","hentry","category-gundem"],"acf":[],"yoast_head":"<!-- This site is optimized with the Yoast SEO Premium plugin v26.6 (Yoast SEO v27.1.1) - https:\/\/yoast.com\/product\/yoast-seo-premium-wordpress\/ -->\n<title>K\u0131z \u00e7ocuklar\u0131n\u0131 bu markalardan uzak tutun - Av. Deniz Can K\u0131z\u0131l<\/title>\n<meta name=\"robots\" content=\"index, follow, max-snippet:-1, max-image-preview:large, max-video-preview:-1\" \/>\n<link rel=\"canonical\" href=\"https:\/\/denizcankizil.tr\/uk\/haberler\/gundem\/kiz-cocuklarini-bu-markalardan-uzak-tutun\/\" \/>\n<meta property=\"og:locale\" content=\"uk_UA\" \/>\n<meta property=\"og:type\" content=\"article\" \/>\n<meta property=\"og:title\" content=\"K\u0131z \u00e7ocuklar\u0131n\u0131 bu markalardan uzak tutun\" \/>\n<meta property=\"og:description\" content=\"Ticaret Bakanl\u0131\u011f\u0131, piyasa g\u00f6zetimi ve denetimi faaliyeti ger\u00e7ekle\u015ftiren yetkili kurulu\u015flar taraf\u0131ndan g\u00fcvensizli\u011fi tespit edilen zararl\u0131 \u00fcr\u00fcnlerin yay\u0131nlad\u0131\u011f\u0131 \u2018G\u00fcvensiz \u00dcr\u00fcn Bilgi Sistemi\u2019nde yeni \u00fcr\u00fcnler ekledi. Bakanl\u0131k taraf\u0131ndan yay\u0131nlanan listede yer alan yeni \u00fcr\u00fcnler \u00e7ocuklar i\u00e7in tehlike olu\u015fturdu\u011fu tespit edildi ve toplat\u0131lmas\u0131na karar verildi.\u00a0 3 TANE \u00dcR\u00dcN L\u0130STELEND\u0130\u00a0 G\u00fcvensiz \u00dcr\u00fcn Bilgi Sistemi\u2019ne ise \u015fubat ay\u0131n\u0131n sonunda 3 markaya ait\u00a0 yeni \u00fcr\u00fcn daha eklendi. Listede yer alan k\u0131z \u00e7ocuklar\u0131 i\u00e7in \u00fcretilen k\u0131yafetlerin risk ta\u015f\u0131d\u0131\u011f\u0131 tespit edildi ve Bakanl\u0131k taraf\u0131ndan bu k\u0131yafetlerin toplat\u0131laca\u011f\u0131 a\u00e7\u0131kland\u0131. K\u0131z \u00e7ocuklar\u0131 i\u00e7in risk te\u015fkil eden o \u00fcr\u00fcnler:\u00a0 KIZ \u00c7OCUK PANTOLONU\u00a0 Listede yer alan ilk \u00fcr\u00fcn Y\u0131ld\u0131z Dayan\u0131kl\u0131 T\u00fcketim Maddeleri Mobilya ve G\u0131da \u015firketi taraf\u0131ndan sat\u0131lan k\u0131z \u00e7ocuk pantolonu oldu. 28 \u015eubat 2025 tarihinde listelenen pantolon, \u00fczerinde bulunan kordon ve iplerin olmas\u0131 gerekenden uzun olmas\u0131 ve bu durumda \u00e7ocuklarda yaralanmalara neden olabilece\u011fi tespit edildi. Bakanl\u0131k tespit edilen bu nedenden \u00f6t\u00fcr\u00fc piyasaya arz\u0131n\u0131n yasaklanmas\u0131na ve toplatmas\u0131na karar verdi.\u00a0 KIZ \u00c7OCUK T\u00dcLL\u00dc ELB\u0130SE Listede yer alan bir di\u011fer \u00fcr\u00fcn ise Ilgaz \u00c7ak\u0131ro\u011flu Tekstil Otomotiv \u0130n\u015faat G\u0131da \u0130hracat \u0130thalat Sanayi Ve Ticaret A.\u015e. taraf\u0131ndan sat\u0131lan lacivert-beyaz t\u00fcll\u00fc k\u0131z \u00e7ocuk elbisesi. 26 \u015eubat 2025 tarihinde listelenen elbisenin \u00fczerinde bulunan iplerin ve kordonlar\u0131n gereken standartlar\u0131 kar\u015f\u0131lamad\u0131\u011f\u0131 ve \u00e7ocuklarda yaralanma riski olu\u015fturdu\u011fu belirlendi. bu y\u00fczden \u00fcr\u00fcn\u00fcn &hellip;\" \/>\n<meta property=\"og:url\" content=\"https:\/\/denizcankizil.tr\/uk\/haberler\/gundem\/kiz-cocuklarini-bu-markalardan-uzak-tutun\/\" \/>\n<meta property=\"og:site_name\" content=\"Av. Deniz Can K\u0131z\u0131l\" \/>\n<meta property=\"article:published_time\" content=\"2025-03-01T12:41:35+00:00\" \/>\n<meta name=\"author\" content=\"Antalya K\u00f6rfez\" \/>\n<meta name=\"twitter:card\" content=\"summary_large_image\" \/>\n<meta name=\"twitter:label1\" content=\"\u041d\u0430\u043f\u0438\u0441\u0430\u043d\u043e\" \/>\n\t<meta name=\"twitter:data1\" content=\"Antalya K\u00f6rfez\" \/>\n\t<meta name=\"twitter:label2\" content=\"\u041f\u0440\u0438\u0431\u043b. \u0447\u0430\u0441 \u0447\u0438\u0442\u0430\u043d\u043d\u044f\" \/>\n\t<meta name=\"twitter:data2\" content=\"2 \u0445\u0432\u0438\u043b\u0438\u043d\u0438\" \/>\n<script type=\"application\/ld+json\" class=\"yoast-schema-graph\">{\"@context\":\"https:\/\/schema.org\",\"@graph\":[{\"@type\":\"Article\",\"@id\":\"https:\/\/denizcankizil.tr\/uk\/haberler\/gundem\/kiz-cocuklarini-bu-markalardan-uzak-tutun\/#article\",\"isPartOf\":{\"@id\":\"https:\/\/denizcankizil.tr\/uk\/haberler\/gundem\/kiz-cocuklarini-bu-markalardan-uzak-tutun\/\"},\"author\":{\"name\":\"Antalya K\u00f6rfez\",\"@id\":\"https:\/\/denizcankizil.tr\/#\/schema\/person\/e1eb71bb4dd684d46563f0af307e1234\"},\"headline\":\"K\u0131z \u00e7ocuklar\u0131n\u0131 bu markalardan uzak tutun\",\"datePublished\":\"2025-03-01T12:41:35+00:00\",\"mainEntityOfPage\":{\"@id\":\"https:\/\/denizcankizil.tr\/uk\/haberler\/gundem\/kiz-cocuklarini-bu-markalardan-uzak-tutun\/\"},\"wordCount\":420,\"commentCount\":0,\"publisher\":{\"@id\":\"https:\/\/denizcankizil.tr\/#organization\"},\"articleSection\":[\"G\u00fcndem\"],\"inLanguage\":\"uk\",\"potentialAction\":[{\"@type\":\"CommentAction\",\"name\":\"Comment\",\"target\":[\"https:\/\/denizcankizil.tr\/uk\/haberler\/gundem\/kiz-cocuklarini-bu-markalardan-uzak-tutun\/#respond\"]}]},{\"@type\":\"WebPage\",\"@id\":\"https:\/\/denizcankizil.tr\/uk\/haberler\/gundem\/kiz-cocuklarini-bu-markalardan-uzak-tutun\/\",\"url\":\"https:\/\/denizcankizil.tr\/uk\/haberler\/gundem\/kiz-cocuklarini-bu-markalardan-uzak-tutun\/\",\"name\":\"K\u0131z \u00e7ocuklar\u0131n\u0131 bu markalardan uzak tutun - Av. Deniz Can K\u0131z\u0131l\",\"isPartOf\":{\"@id\":\"https:\/\/denizcankizil.tr\/#website\"},\"datePublished\":\"2025-03-01T12:41:35+00:00\",\"breadcrumb\":{\"@id\":\"https:\/\/denizcankizil.tr\/uk\/haberler\/gundem\/kiz-cocuklarini-bu-markalardan-uzak-tutun\/#breadcrumb\"},\"inLanguage\":\"uk\",\"potentialAction\":[{\"@type\":\"ReadAction\",\"target\":[\"https:\/\/denizcankizil.tr\/uk\/haberler\/gundem\/kiz-cocuklarini-bu-markalardan-uzak-tutun\/\"]}]},{\"@type\":\"BreadcrumbList\",\"@id\":\"https:\/\/denizcankizil.tr\/uk\/haberler\/gundem\/kiz-cocuklarini-bu-markalardan-uzak-tutun\/#breadcrumb\",\"itemListElement\":[{\"@type\":\"ListItem\",\"position\":1,\"name\":\"Home\",\"item\":\"https:\/\/denizcankizil.tr\/de\/\"},{\"@type\":\"ListItem\",\"position\":2,\"name\":\"K\u0131z \u00e7ocuklar\u0131n\u0131 bu markalardan uzak tutun\"}]},{\"@type\":\"WebSite\",\"@id\":\"https:\/\/denizcankizil.tr\/#website\",\"url\":\"https:\/\/denizcankizil.tr\/\",\"name\":\"Av. Deniz Can K\u0131z\u0131l\",\"description\":\"Avukat Deniz Can K\u0131z\u0131l Antalya Barosu\",\"publisher\":{\"@id\":\"https:\/\/denizcankizil.tr\/#organization\"},\"potentialAction\":[{\"@type\":\"SearchAction\",\"target\":{\"@type\":\"EntryPoint\",\"urlTemplate\":\"https:\/\/denizcankizil.tr\/?s={search_term_string}\"},\"query-input\":{\"@type\":\"PropertyValueSpecification\",\"valueRequired\":true,\"valueName\":\"search_term_string\"}}],\"inLanguage\":\"uk\"},{\"@type\":\"Organization\",\"@id\":\"https:\/\/denizcankizil.tr\/#organization\",\"name\":\"Av. Deniz Can K\u0131z\u0131l\",\"url\":\"https:\/\/denizcankizil.tr\/\",\"logo\":{\"@type\":\"ImageObject\",\"inLanguage\":\"uk\",\"@id\":\"https:\/\/denizcankizil.tr\/#\/schema\/logo\/image\/\",\"url\":\"https:\/\/denizcankizil.tr\/wp-content\/uploads\/2024\/10\/siyah-logo-svg.svg\",\"contentUrl\":\"https:\/\/denizcankizil.tr\/wp-content\/uploads\/2024\/10\/siyah-logo-svg.svg\",\"width\":1080,\"height\":1080,\"caption\":\"Av. Deniz Can K\u0131z\u0131l\"},\"image\":{\"@id\":\"https:\/\/denizcankizil.tr\/#\/schema\/logo\/image\/\"}},{\"@type\":\"Person\",\"@id\":\"https:\/\/denizcankizil.tr\/#\/schema\/person\/e1eb71bb4dd684d46563f0af307e1234\",\"name\":\"Antalya K\u00f6rfez\",\"image\":{\"@type\":\"ImageObject\",\"inLanguage\":\"uk\",\"@id\":\"https:\/\/denizcankizil.tr\/#\/schema\/person\/image\/\",\"url\":\"https:\/\/secure.gravatar.com\/avatar\/42b01982558a48a0b501fdcab6a408d3717ea5919095ee2e67b0e521799c5905?s=96&d=mm&r=g\",\"contentUrl\":\"https:\/\/secure.gravatar.com\/avatar\/42b01982558a48a0b501fdcab6a408d3717ea5919095ee2e67b0e521799c5905?s=96&d=mm&r=g\",\"caption\":\"Antalya K\u00f6rfez\"},\"sameAs\":[\"http:\/\/www.antalyakorfez.com\"],\"url\":\"https:\/\/www.antalyakorfez.com\/kiz-cocuklarini-bu-markalardan-uzak-tutun\"}]}<\/script>\n<!-- \/ Yoast SEO Premium plugin. -->","yoast_head_json":{"title":"K\u0131z \u00e7ocuklar\u0131n\u0131 bu markalardan uzak tutun - Av. Deniz Can K\u0131z\u0131l","robots":{"index":"index","follow":"follow","max-snippet":"max-snippet:-1","max-image-preview":"max-image-preview:large","max-video-preview":"max-video-preview:-1"},"canonical":"https:\/\/denizcankizil.tr\/uk\/haberler\/gundem\/kiz-cocuklarini-bu-markalardan-uzak-tutun\/","og_locale":"uk_UA","og_type":"article","og_title":"K\u0131z \u00e7ocuklar\u0131n\u0131 bu markalardan uzak tutun","og_description":"Ticaret Bakanl\u0131\u011f\u0131, piyasa g\u00f6zetimi ve denetimi faaliyeti ger\u00e7ekle\u015ftiren yetkili kurulu\u015flar taraf\u0131ndan g\u00fcvensizli\u011fi tespit edilen zararl\u0131 \u00fcr\u00fcnlerin yay\u0131nlad\u0131\u011f\u0131 \u2018G\u00fcvensiz \u00dcr\u00fcn Bilgi Sistemi\u2019nde yeni \u00fcr\u00fcnler ekledi. Bakanl\u0131k taraf\u0131ndan yay\u0131nlanan listede yer alan yeni \u00fcr\u00fcnler \u00e7ocuklar i\u00e7in tehlike olu\u015fturdu\u011fu tespit edildi ve toplat\u0131lmas\u0131na karar verildi.\u00a0 3 TANE \u00dcR\u00dcN L\u0130STELEND\u0130\u00a0 G\u00fcvensiz \u00dcr\u00fcn Bilgi Sistemi\u2019ne ise \u015fubat ay\u0131n\u0131n sonunda 3 markaya ait\u00a0 yeni \u00fcr\u00fcn daha eklendi. Listede yer alan k\u0131z \u00e7ocuklar\u0131 i\u00e7in \u00fcretilen k\u0131yafetlerin risk ta\u015f\u0131d\u0131\u011f\u0131 tespit edildi ve Bakanl\u0131k taraf\u0131ndan bu k\u0131yafetlerin toplat\u0131laca\u011f\u0131 a\u00e7\u0131kland\u0131. K\u0131z \u00e7ocuklar\u0131 i\u00e7in risk te\u015fkil eden o \u00fcr\u00fcnler:\u00a0 KIZ \u00c7OCUK PANTOLONU\u00a0 Listede yer alan ilk \u00fcr\u00fcn Y\u0131ld\u0131z Dayan\u0131kl\u0131 T\u00fcketim Maddeleri Mobilya ve G\u0131da \u015firketi taraf\u0131ndan sat\u0131lan k\u0131z \u00e7ocuk pantolonu oldu. 28 \u015eubat 2025 tarihinde listelenen pantolon, \u00fczerinde bulunan kordon ve iplerin olmas\u0131 gerekenden uzun olmas\u0131 ve bu durumda \u00e7ocuklarda yaralanmalara neden olabilece\u011fi tespit edildi. Bakanl\u0131k tespit edilen bu nedenden \u00f6t\u00fcr\u00fc piyasaya arz\u0131n\u0131n yasaklanmas\u0131na ve toplatmas\u0131na karar verdi.\u00a0 KIZ \u00c7OCUK T\u00dcLL\u00dc ELB\u0130SE Listede yer alan bir di\u011fer \u00fcr\u00fcn ise Ilgaz \u00c7ak\u0131ro\u011flu Tekstil Otomotiv \u0130n\u015faat G\u0131da \u0130hracat \u0130thalat Sanayi Ve Ticaret A.\u015e. taraf\u0131ndan sat\u0131lan lacivert-beyaz t\u00fcll\u00fc k\u0131z \u00e7ocuk elbisesi. 26 \u015eubat 2025 tarihinde listelenen elbisenin \u00fczerinde bulunan iplerin ve kordonlar\u0131n gereken standartlar\u0131 kar\u015f\u0131lamad\u0131\u011f\u0131 ve \u00e7ocuklarda yaralanma riski olu\u015fturdu\u011fu belirlendi. bu y\u00fczden \u00fcr\u00fcn\u00fcn &hellip;","og_url":"https:\/\/denizcankizil.tr\/uk\/haberler\/gundem\/kiz-cocuklarini-bu-markalardan-uzak-tutun\/","og_site_name":"Av. Deniz Can K\u0131z\u0131l","article_published_time":"2025-03-01T12:41:35+00:00","author":"Antalya K\u00f6rfez","twitter_card":"summary_large_image","twitter_misc":{"\u041d\u0430\u043f\u0438\u0441\u0430\u043d\u043e":"Antalya K\u00f6rfez","\u041f\u0440\u0438\u0431\u043b. \u0447\u0430\u0441 \u0447\u0438\u0442\u0430\u043d\u043d\u044f":"2 \u0445\u0432\u0438\u043b\u0438\u043d\u0438"},"schema":{"@context":"https:\/\/schema.org","@graph":[{"@type":"Article","@id":"https:\/\/denizcankizil.tr\/uk\/haberler\/gundem\/kiz-cocuklarini-bu-markalardan-uzak-tutun\/#article","isPartOf":{"@id":"https:\/\/denizcankizil.tr\/uk\/haberler\/gundem\/kiz-cocuklarini-bu-markalardan-uzak-tutun\/"},"author":{"name":"Antalya K\u00f6rfez","@id":"https:\/\/denizcankizil.tr\/#\/schema\/person\/e1eb71bb4dd684d46563f0af307e1234"},"headline":"K\u0131z \u00e7ocuklar\u0131n\u0131 bu markalardan uzak tutun","datePublished":"2025-03-01T12:41:35+00:00","mainEntityOfPage":{"@id":"https:\/\/denizcankizil.tr\/uk\/haberler\/gundem\/kiz-cocuklarini-bu-markalardan-uzak-tutun\/"},"wordCount":420,"commentCount":0,"publisher":{"@id":"https:\/\/denizcankizil.tr\/#organization"},"articleSection":["G\u00fcndem"],"inLanguage":"uk","potentialAction":[{"@type":"CommentAction","name":"Comment","target":["https:\/\/denizcankizil.tr\/uk\/haberler\/gundem\/kiz-cocuklarini-bu-markalardan-uzak-tutun\/#respond"]}]},{"@type":"WebPage","@id":"https:\/\/denizcankizil.tr\/uk\/haberler\/gundem\/kiz-cocuklarini-bu-markalardan-uzak-tutun\/","url":"https:\/\/denizcankizil.tr\/uk\/haberler\/gundem\/kiz-cocuklarini-bu-markalardan-uzak-tutun\/","name":"K\u0131z \u00e7ocuklar\u0131n\u0131 bu markalardan uzak tutun - Av. Deniz Can K\u0131z\u0131l","isPartOf":{"@id":"https:\/\/denizcankizil.tr\/#website"},"datePublished":"2025-03-01T12:41:35+00:00","breadcrumb":{"@id":"https:\/\/denizcankizil.tr\/uk\/haberler\/gundem\/kiz-cocuklarini-bu-markalardan-uzak-tutun\/#breadcrumb"},"inLanguage":"uk","potentialAction":[{"@type":"ReadAction","target":["https:\/\/denizcankizil.tr\/uk\/haberler\/gundem\/kiz-cocuklarini-bu-markalardan-uzak-tutun\/"]}]},{"@type":"BreadcrumbList","@id":"https:\/\/denizcankizil.tr\/uk\/haberler\/gundem\/kiz-cocuklarini-bu-markalardan-uzak-tutun\/#breadcrumb","itemListElement":[{"@type":"ListItem","position":1,"name":"Home","item":"https:\/\/denizcankizil.tr\/de\/"},{"@type":"ListItem","position":2,"name":"K\u0131z \u00e7ocuklar\u0131n\u0131 bu markalardan uzak tutun"}]},{"@type":"WebSite","@id":"https:\/\/denizcankizil.tr\/#website","url":"https:\/\/denizcankizil.tr\/","name":"Av. Deniz Can K\u0131z\u0131l","description":"Avukat Deniz Can K\u0131z\u0131l Antalya Barosu","publisher":{"@id":"https:\/\/denizcankizil.tr\/#organization"},"potentialAction":[{"@type":"SearchAction","target":{"@type":"EntryPoint","urlTemplate":"https:\/\/denizcankizil.tr\/?s={search_term_string}"},"query-input":{"@type":"PropertyValueSpecification","valueRequired":true,"valueName":"search_term_string"}}],"inLanguage":"uk"},{"@type":"Organization","@id":"https:\/\/denizcankizil.tr\/#organization","name":"Av. Deniz Can K\u0131z\u0131l","url":"https:\/\/denizcankizil.tr\/","logo":{"@type":"ImageObject","inLanguage":"uk","@id":"https:\/\/denizcankizil.tr\/#\/schema\/logo\/image\/","url":"https:\/\/denizcankizil.tr\/wp-content\/uploads\/2024\/10\/siyah-logo-svg.svg","contentUrl":"https:\/\/denizcankizil.tr\/wp-content\/uploads\/2024\/10\/siyah-logo-svg.svg","width":1080,"height":1080,"caption":"Av. Deniz Can K\u0131z\u0131l"},"image":{"@id":"https:\/\/denizcankizil.tr\/#\/schema\/logo\/image\/"}},{"@type":"Person","@id":"https:\/\/denizcankizil.tr\/#\/schema\/person\/e1eb71bb4dd684d46563f0af307e1234","name":"Antalya K\u00f6rfez","image":{"@type":"ImageObject","inLanguage":"uk","@id":"https:\/\/denizcankizil.tr\/#\/schema\/person\/image\/","url":"https:\/\/secure.gravatar.com\/avatar\/42b01982558a48a0b501fdcab6a408d3717ea5919095ee2e67b0e521799c5905?s=96&d=mm&r=g","contentUrl":"https:\/\/secure.gravatar.com\/avatar\/42b01982558a48a0b501fdcab6a408d3717ea5919095ee2e67b0e521799c5905?s=96&d=mm&r=g","caption":"Antalya K\u00f6rfez"},"sameAs":["http:\/\/www.antalyakorfez.com"],"url":"https:\/\/www.antalyakorfez.com\/kiz-cocuklarini-bu-markalardan-uzak-tutun"}]}},"_links":{"self":[{"href":"https:\/\/denizcankizil.tr\/uk\/wp-json\/wp\/v2\/posts\/34478","targetHints":{"allow":["GET"]}}],"collection":[{"href":"https:\/\/denizcankizil.tr\/uk\/wp-json\/wp\/v2\/posts"}],"about":[{"href":"https:\/\/denizcankizil.tr\/uk\/wp-json\/wp\/v2\/types\/post"}],"author":[{"embeddable":true,"href":"https:\/\/denizcankizil.tr\/uk\/wp-json\/wp\/v2\/users\/5"}],"replies":[{"embeddable":true,"href":"https:\/\/denizcankizil.tr\/uk\/wp-json\/wp\/v2\/comments?post=34478"}],"version-history":[{"count":0,"href":"https:\/\/denizcankizil.tr\/uk\/wp-json\/wp\/v2\/posts\/34478\/revisions"}],"wp:attachment":[{"href":"https:\/\/denizcankizil.tr\/uk\/wp-json\/wp\/v2\/media?parent=34478"}],"wp:term":[{"taxonomy":"category","embeddable":true,"href":"https:\/\/denizcankizil.tr\/uk\/wp-json\/wp\/v2\/categories?post=34478"},{"taxonomy":"post_tag","embeddable":true,"href":"https:\/\/denizcankizil.tr\/uk\/wp-json\/wp\/v2\/tags?post=34478"}],"curies":[{"name":"wp","href":"https:\/\/api.w.org\/{rel}","templated":true}]}}