{"id":34384,"date":"2025-02-28T15:41:48","date_gmt":"2025-02-28T12:41:48","guid":{"rendered":"https:\/\/denizcankizil.tr\/uncategorized-tr\/84-yasindaki-ayse-nine-okuma-yazmayi-ogreniyor\/"},"modified":"2025-02-28T15:41:48","modified_gmt":"2025-02-28T12:41:48","slug":"84-yasindaki-ayse-nine-okuma-yazmayi-ogreniyor","status":"publish","type":"post","link":"https:\/\/denizcankizil.tr\/uk\/haberler\/antalya\/84-yasindaki-ayse-nine-okuma-yazmayi-ogreniyor\/","title":{"rendered":"84 ya\u015f\u0131ndaki Ay\u015fe Nine okuma yazmay\u0131 \u00f6\u011freniyor"},"content":{"rendered":"<p>Antalya B\u00fcy\u00fck\u015fehir Belediyesi&#8217;nin \u00fccretsiz sanat ve meslek edindirme kurslar\u0131 ATASEM&#8217;lerin e\u011fitim imk\u00e2n\u0131 bulamayan vatanda\u015flara y\u00f6nelik okuma-yazma kurslar\u0131 ile yerle\u015fik yabanc\u0131lar i\u00e7in d\u00fczenledi\u011fi T\u00fcrk\u00e7e kurslar\u0131 yo\u011fun ilgi g\u00f6r\u00fcyor. Kurs sayesinde 3 \u00e7ocuk 7 torun sahibi 84 ya\u015f\u0131ndaki Ay\u015fe Bilgi\u00e7 okuma-yazmay\u0131 \u00f6\u011frendi. Okuma yazma hevesini hi\u00e7bir zaman kaybetmeyen Bilgi\u00e7, hayalini ger\u00e7ekle\u015ftirmek i\u00e7in elinde kalemi ve defteriyle ATASEM&#8217;in s\u0131ralar\u0131na oturdu. Bilgi\u00e7, &#8220;Okuman\u0131n ve \u00f6\u011frenmenin ya\u015f\u0131 yok. Y\u0131llarca yurt d\u0131\u015f\u0131nda hem \u00e7al\u0131\u015ft\u0131m hem de \u00e7ocuklar\u0131ma bakt\u0131m ne yaz\u0131k ki okuma yazma \u00f6\u011frenmeye f\u0131rsat\u0131m kalmad\u0131. ATASEM benim okulum oldu&#8221; diye konu\u015ftu.<\/p>\n<p>&#8220;\u00d6\u011frenmenin ya\u015f\u0131 yok&#8221;<br \/>\nOkuma ve yazmay\u0131 ge\u00e7 \u00f6\u011frendi\u011fi i\u00e7in pi\u015fman oldu\u011funu s\u00f6yleyen Ay\u015fe Bilgi\u00e7, &#8220;Art\u0131k gazete okuyabiliyorum, televizyondaki yaz\u0131lar\u0131, sokakta tabelalar\u0131 okuyabiliyorum, ak\u0131ll\u0131 telefonumu kullanabiliyorum. \u0130la\u00e7lar\u0131m\u0131 da kendim okuyabiliyor, saatinde i\u00e7iyorum. Okuma yazman\u0131n sa\u011fl\u0131\u011f\u0131ma bile faydas\u0131 oldu. Okumak yazmak gibi g\u00fczel bir \u015fey yokmu\u015f. Ben bu ya\u015fta azmedip okumay\u0131 s\u00f6kt\u00fcysem herkes yapabilir. Okuma yazma bilmeyenler \u00fccretsiz olan bu kurslara gelip okuman\u0131n g\u00fczelli\u011fine baks\u0131nlar&#8221; diye konu\u015ftu.<\/p>\n<p>10 farkl\u0131 \u00fclkeden yabanc\u0131 T\u00fcrk\u00e7e \u00f6\u011freniyor<br \/>\nAntalya&#8217;da ya\u015fayan yerle\u015fik yabanc\u0131lar da T\u00fcrk\u00e7eyi ATASEM&#8217;de \u00f6\u011freniyor. Yerle\u015fik yabanc\u0131lar kendilerini daha iyi ifade edebilmek, kente ve sosyal hayata uyum sa\u011flamak i\u00e7in derslere yo\u011fun talep g\u00f6steriyor. Varsak ATASEM Kurs Merkezi&#8217;nde \u00e7o\u011funlu\u011fu Rus olmak \u00fczere Ukrayna, \u00dcrd\u00fcn, \u0130ran, Endonezya, Kazakistan, Pakistan ve Mali Cumhuriyet&#8217;i gibi 10 ayr\u0131 \u00fclkeden 22 yabanc\u0131 uyruklu vatanda\u015f T\u00fcrk\u00e7e \u00f6\u011freniyor.<\/p>\n<p>Afrikal\u0131 doktor T\u00fcrk\u00e7e \u00f6\u011freniyor<br \/>\nAfrika&#8217;n\u0131n Mali Cumhuriyeti&#8217;nden iki y\u0131l \u00f6nce Antalya&#8217;ya gelen Mariam Cisse, T\u00fcrk\u00e7e \u00f6\u011frenmek i\u00e7in ATASEM&#8217;i tercih edenler aras\u0131nda. Cisse, &#8220;T\u0131p e\u011fitimi ald\u0131m ve mesle\u011fim doktorluk. Antalya&#8217;da da mesle\u011fimi yapmak istiyorum. Bunun i\u00e7in T\u00fcrk\u00e7e \u00f6\u011frenmek istiyorum. Dersler \u00e7ok g\u00fczel, T\u00fcrk\u00e7eyi sevdim okuyup yazabiliyorum&#8221; diye konu\u015ftu. 7,5 y\u0131ld\u0131r Antalya&#8217;da ya\u015fad\u0131\u011f\u0131n\u0131 s\u00f6yleyen \u00dcrd\u00fcn vatanda\u015f\u0131 Saddam Albaddaw\u0131, &#8220;Turizm ile u\u011fra\u015f\u0131yorum. \u0130\u015fim ve sosyal hayat\u0131m i\u00e7in T\u00fcrk\u00e7emi geli\u015ftirmek istiyorum. T\u00fcrk\u00e7e \u00f6\u011frenmek \u00e7ok zor de\u011fil. Dersler \u00e7ok g\u00fczel ge\u00e7iyor&#8221; dedi.<\/p>\n<p>&#8220;Gramerde zorlan\u0131yorum&#8221;<br \/>\nYa\u015fad\u0131\u011f\u0131 \u00fclkenin dilini \u00f6\u011frenmek ve hayat\u0131n\u0131 kolayla\u015ft\u0131rmak i\u00e7in kursa geldi\u011fini s\u00f6yleyen Saltanat Am\u0131rkulova, \u2018T\u00fcrk e\u015fimle Antalya&#8217;da ya\u015f\u0131yorum. O y\u00fczden benim de T\u00fcrk\u00e7e \u00f6\u011frenmem \u015fart. Bence hangi \u00fclkede ya\u015f\u0131yorsan o \u00fclkenin dilini \u00f6\u011frenmek o \u00fclkeye sayg\u0131 duydu\u011funu g\u00f6sterir. T\u00fcrk\u00e7e zor bir dil de\u011fil ama gramerde biraz zorlan\u0131yorum&#8221; dedi. Rus Mad\u0131na Khezheva ve \u0130ranl\u0131 Nahid Nasseri de T\u00fcrk kom\u015fular\u0131yla konu\u015fmak, marketlerden al\u0131\u015fveri\u015f yapmak ve g\u00fcnl\u00fck ya\u015famlar\u0131n\u0131 kolayla\u015ft\u0131rmak i\u00e7in T\u00fcrk\u00e7e \u00f6\u011frenmek istediklerini s\u00f6yledi.<\/p>\n<p>Kaynak: www.kanalv.com.tr Haber Sitesinden Al\u0131nm\u0131\u015ft\u0131r.<\/p>","protected":false},"excerpt":{"rendered":"<p>Antalya B\u00fcy\u00fck\u015fehir Belediyesi&#8217;nin \u00fccretsiz sanat ve meslek edindirme kurslar\u0131 ATASEM&#8217;lerin e\u011fitim imk\u00e2n\u0131 bulamayan vatanda\u015flara y\u00f6nelik okuma-yazma kurslar\u0131 ile yerle\u015fik yabanc\u0131lar i\u00e7in d\u00fczenledi\u011fi T\u00fcrk\u00e7e kurslar\u0131 yo\u011fun ilgi g\u00f6r\u00fcyor. Kurs sayesinde 3 \u00e7ocuk 7 torun sahibi 84 ya\u015f\u0131ndaki Ay\u015fe Bilgi\u00e7 okuma-yazmay\u0131 \u00f6\u011frendi. Okuma yazma hevesini hi\u00e7bir zaman kaybetmeyen Bilgi\u00e7, hayalini ger\u00e7ekle\u015ftirmek i\u00e7in elinde kalemi ve defteriyle ATASEM&#8217;in s\u0131ralar\u0131na oturdu. Bilgi\u00e7, &#8220;Okuman\u0131n ve \u00f6\u011frenmenin ya\u015f\u0131 yok. Y\u0131llarca yurt d\u0131\u015f\u0131nda hem \u00e7al\u0131\u015ft\u0131m hem de \u00e7ocuklar\u0131ma bakt\u0131m ne yaz\u0131k ki okuma yazma \u00f6\u011frenmeye f\u0131rsat\u0131m kalmad\u0131. ATASEM benim okulum oldu&#8221; diye konu\u015ftu. &#8220;\u00d6\u011frenmenin ya\u015f\u0131 yok&#8221; Okuma ve yazmay\u0131 ge\u00e7 \u00f6\u011frendi\u011fi i\u00e7in pi\u015fman oldu\u011funu s\u00f6yleyen Ay\u015fe Bilgi\u00e7, &#8220;Art\u0131k gazete okuyabiliyorum, televizyondaki yaz\u0131lar\u0131, sokakta tabelalar\u0131 okuyabiliyorum, ak\u0131ll\u0131 telefonumu kullanabiliyorum. \u0130la\u00e7lar\u0131m\u0131 da kendim okuyabiliyor, saatinde i\u00e7iyorum. Okuma yazman\u0131n sa\u011fl\u0131\u011f\u0131ma bile faydas\u0131 oldu. Okumak yazmak gibi g\u00fczel bir \u015fey yokmu\u015f. Ben bu ya\u015fta azmedip okumay\u0131 s\u00f6kt\u00fcysem herkes yapabilir. Okuma yazma bilmeyenler \u00fccretsiz olan bu kurslara gelip okuman\u0131n g\u00fczelli\u011fine baks\u0131nlar&#8221; diye konu\u015ftu. 10 farkl\u0131 \u00fclkeden yabanc\u0131 T\u00fcrk\u00e7e \u00f6\u011freniyor Antalya&#8217;da ya\u015fayan yerle\u015fik yabanc\u0131lar da T\u00fcrk\u00e7eyi ATASEM&#8217;de \u00f6\u011freniyor. Yerle\u015fik yabanc\u0131lar kendilerini daha iyi ifade edebilmek, kente ve sosyal hayata uyum sa\u011flamak i\u00e7in derslere yo\u011fun talep g\u00f6steriyor. Varsak ATASEM Kurs Merkezi&#8217;nde \u00e7o\u011funlu\u011fu Rus olmak \u00fczere Ukrayna, \u00dcrd\u00fcn, \u0130ran, Endonezya, Kazakistan, Pakistan ve Mali Cumhuriyet&#8217;i &hellip;<\/p>","protected":false},"author":4,"featured_media":34385,"comment_status":"open","ping_status":"open","sticky":false,"template":"","format":"standard","meta":{"_acf_changed":false,"footnotes":""},"categories":[26],"tags":[],"class_list":["post-34384","post","type-post","status-publish","format-standard","has-post-thumbnail","hentry","category-antalya"],"acf":[],"yoast_head":"<!-- This site is optimized with the Yoast SEO Premium plugin v26.6 (Yoast SEO v27.1.1) - https:\/\/yoast.com\/product\/yoast-seo-premium-wordpress\/ -->\n<title>84 ya\u015f\u0131ndaki Ay\u015fe Nine okuma yazmay\u0131 \u00f6\u011freniyor - Av. Deniz Can K\u0131z\u0131l<\/title>\n<meta name=\"robots\" content=\"index, follow, max-snippet:-1, max-image-preview:large, max-video-preview:-1\" \/>\n<link rel=\"canonical\" href=\"https:\/\/denizcankizil.tr\/uk\/haberler\/antalya\/84-yasindaki-ayse-nine-okuma-yazmayi-ogreniyor\/\" \/>\n<meta property=\"og:locale\" content=\"uk_UA\" \/>\n<meta property=\"og:type\" content=\"article\" \/>\n<meta property=\"og:title\" content=\"84 ya\u015f\u0131ndaki Ay\u015fe Nine okuma yazmay\u0131 \u00f6\u011freniyor\" \/>\n<meta property=\"og:description\" content=\"Antalya B\u00fcy\u00fck\u015fehir Belediyesi&#8217;nin \u00fccretsiz sanat ve meslek edindirme kurslar\u0131 ATASEM&#8217;lerin e\u011fitim imk\u00e2n\u0131 bulamayan vatanda\u015flara y\u00f6nelik okuma-yazma kurslar\u0131 ile yerle\u015fik yabanc\u0131lar i\u00e7in d\u00fczenledi\u011fi T\u00fcrk\u00e7e kurslar\u0131 yo\u011fun ilgi g\u00f6r\u00fcyor. Kurs sayesinde 3 \u00e7ocuk 7 torun sahibi 84 ya\u015f\u0131ndaki Ay\u015fe Bilgi\u00e7 okuma-yazmay\u0131 \u00f6\u011frendi. Okuma yazma hevesini hi\u00e7bir zaman kaybetmeyen Bilgi\u00e7, hayalini ger\u00e7ekle\u015ftirmek i\u00e7in elinde kalemi ve defteriyle ATASEM&#8217;in s\u0131ralar\u0131na oturdu. Bilgi\u00e7, &#8220;Okuman\u0131n ve \u00f6\u011frenmenin ya\u015f\u0131 yok. Y\u0131llarca yurt d\u0131\u015f\u0131nda hem \u00e7al\u0131\u015ft\u0131m hem de \u00e7ocuklar\u0131ma bakt\u0131m ne yaz\u0131k ki okuma yazma \u00f6\u011frenmeye f\u0131rsat\u0131m kalmad\u0131. ATASEM benim okulum oldu&#8221; diye konu\u015ftu. &#8220;\u00d6\u011frenmenin ya\u015f\u0131 yok&#8221; Okuma ve yazmay\u0131 ge\u00e7 \u00f6\u011frendi\u011fi i\u00e7in pi\u015fman oldu\u011funu s\u00f6yleyen Ay\u015fe Bilgi\u00e7, &#8220;Art\u0131k gazete okuyabiliyorum, televizyondaki yaz\u0131lar\u0131, sokakta tabelalar\u0131 okuyabiliyorum, ak\u0131ll\u0131 telefonumu kullanabiliyorum. \u0130la\u00e7lar\u0131m\u0131 da kendim okuyabiliyor, saatinde i\u00e7iyorum. Okuma yazman\u0131n sa\u011fl\u0131\u011f\u0131ma bile faydas\u0131 oldu. Okumak yazmak gibi g\u00fczel bir \u015fey yokmu\u015f. Ben bu ya\u015fta azmedip okumay\u0131 s\u00f6kt\u00fcysem herkes yapabilir. Okuma yazma bilmeyenler \u00fccretsiz olan bu kurslara gelip okuman\u0131n g\u00fczelli\u011fine baks\u0131nlar&#8221; diye konu\u015ftu. 10 farkl\u0131 \u00fclkeden yabanc\u0131 T\u00fcrk\u00e7e \u00f6\u011freniyor Antalya&#8217;da ya\u015fayan yerle\u015fik yabanc\u0131lar da T\u00fcrk\u00e7eyi ATASEM&#8217;de \u00f6\u011freniyor. Yerle\u015fik yabanc\u0131lar kendilerini daha iyi ifade edebilmek, kente ve sosyal hayata uyum sa\u011flamak i\u00e7in derslere yo\u011fun talep g\u00f6steriyor. Varsak ATASEM Kurs Merkezi&#8217;nde \u00e7o\u011funlu\u011fu Rus olmak \u00fczere Ukrayna, \u00dcrd\u00fcn, \u0130ran, Endonezya, Kazakistan, Pakistan ve Mali Cumhuriyet&#8217;i &hellip;\" \/>\n<meta property=\"og:url\" content=\"https:\/\/denizcankizil.tr\/uk\/haberler\/antalya\/84-yasindaki-ayse-nine-okuma-yazmayi-ogreniyor\/\" \/>\n<meta property=\"og:site_name\" content=\"Av. Deniz Can K\u0131z\u0131l\" \/>\n<meta property=\"article:published_time\" content=\"2025-02-28T12:41:48+00:00\" \/>\n<meta property=\"og:image\" content=\"https:\/\/denizcankizil.tr\/wp-content\/uploads\/2025\/02\/5242-01-qsvGyH.jpeg\" \/>\n\t<meta property=\"og:image:width\" content=\"1280\" \/>\n\t<meta property=\"og:image:height\" content=\"720\" \/>\n\t<meta property=\"og:image:type\" content=\"image\/jpeg\" \/>\n<meta name=\"author\" content=\"Av. Deniz Can K\u0131z\u0131l\" \/>\n<meta name=\"twitter:card\" content=\"summary_large_image\" \/>\n<meta name=\"twitter:label1\" content=\"\u041d\u0430\u043f\u0438\u0441\u0430\u043d\u043e\" \/>\n\t<meta name=\"twitter:data1\" content=\"Av. Deniz Can K\u0131z\u0131l\" \/>\n\t<meta name=\"twitter:label2\" content=\"\u041f\u0440\u0438\u0431\u043b. \u0447\u0430\u0441 \u0447\u0438\u0442\u0430\u043d\u043d\u044f\" \/>\n\t<meta name=\"twitter:data2\" content=\"3 \u0445\u0432\u0438\u043b\u0438\u043d\u0438\" \/>\n<script type=\"application\/ld+json\" class=\"yoast-schema-graph\">{\"@context\":\"https:\/\/schema.org\",\"@graph\":[{\"@type\":\"Article\",\"@id\":\"https:\/\/denizcankizil.tr\/uk\/haberler\/antalya\/84-yasindaki-ayse-nine-okuma-yazmayi-ogreniyor\/#article\",\"isPartOf\":{\"@id\":\"https:\/\/denizcankizil.tr\/uk\/haberler\/antalya\/84-yasindaki-ayse-nine-okuma-yazmayi-ogreniyor\/\"},\"author\":{\"name\":\"Av. Deniz Can K\u0131z\u0131l\",\"@id\":\"https:\/\/denizcankizil.tr\/de\/#\/schema\/person\/5dc1b22991bd7ac833867c10afc9b0ff\"},\"headline\":\"84 ya\u015f\u0131ndaki Ay\u015fe Nine okuma yazmay\u0131 \u00f6\u011freniyor\",\"datePublished\":\"2025-02-28T12:41:48+00:00\",\"mainEntityOfPage\":{\"@id\":\"https:\/\/denizcankizil.tr\/uk\/haberler\/antalya\/84-yasindaki-ayse-nine-okuma-yazmayi-ogreniyor\/\"},\"wordCount\":539,\"commentCount\":0,\"publisher\":{\"@id\":\"https:\/\/denizcankizil.tr\/de\/#organization\"},\"image\":{\"@id\":\"https:\/\/denizcankizil.tr\/uk\/haberler\/antalya\/84-yasindaki-ayse-nine-okuma-yazmayi-ogreniyor\/#primaryimage\"},\"thumbnailUrl\":\"https:\/\/denizcankizil.tr\/wp-content\/uploads\/2025\/02\/5242-01-qsvGyH.jpeg\",\"articleSection\":[\"Antalya\"],\"inLanguage\":\"uk\",\"potentialAction\":[{\"@type\":\"CommentAction\",\"name\":\"Comment\",\"target\":[\"https:\/\/denizcankizil.tr\/uk\/haberler\/antalya\/84-yasindaki-ayse-nine-okuma-yazmayi-ogreniyor\/#respond\"]}]},{\"@type\":\"WebPage\",\"@id\":\"https:\/\/denizcankizil.tr\/uk\/haberler\/antalya\/84-yasindaki-ayse-nine-okuma-yazmayi-ogreniyor\/\",\"url\":\"https:\/\/denizcankizil.tr\/uk\/haberler\/antalya\/84-yasindaki-ayse-nine-okuma-yazmayi-ogreniyor\/\",\"name\":\"84 ya\u015f\u0131ndaki Ay\u015fe Nine okuma yazmay\u0131 \u00f6\u011freniyor - Av. Deniz Can K\u0131z\u0131l\",\"isPartOf\":{\"@id\":\"https:\/\/denizcankizil.tr\/de\/#website\"},\"primaryImageOfPage\":{\"@id\":\"https:\/\/denizcankizil.tr\/uk\/haberler\/antalya\/84-yasindaki-ayse-nine-okuma-yazmayi-ogreniyor\/#primaryimage\"},\"image\":{\"@id\":\"https:\/\/denizcankizil.tr\/uk\/haberler\/antalya\/84-yasindaki-ayse-nine-okuma-yazmayi-ogreniyor\/#primaryimage\"},\"thumbnailUrl\":\"https:\/\/denizcankizil.tr\/wp-content\/uploads\/2025\/02\/5242-01-qsvGyH.jpeg\",\"datePublished\":\"2025-02-28T12:41:48+00:00\",\"breadcrumb\":{\"@id\":\"https:\/\/denizcankizil.tr\/uk\/haberler\/antalya\/84-yasindaki-ayse-nine-okuma-yazmayi-ogreniyor\/#breadcrumb\"},\"inLanguage\":\"uk\",\"potentialAction\":[{\"@type\":\"ReadAction\",\"target\":[\"https:\/\/denizcankizil.tr\/uk\/haberler\/antalya\/84-yasindaki-ayse-nine-okuma-yazmayi-ogreniyor\/\"]}]},{\"@type\":\"ImageObject\",\"inLanguage\":\"uk\",\"@id\":\"https:\/\/denizcankizil.tr\/uk\/haberler\/antalya\/84-yasindaki-ayse-nine-okuma-yazmayi-ogreniyor\/#primaryimage\",\"url\":\"https:\/\/denizcankizil.tr\/wp-content\/uploads\/2025\/02\/5242-01-qsvGyH.jpeg\",\"contentUrl\":\"https:\/\/denizcankizil.tr\/wp-content\/uploads\/2025\/02\/5242-01-qsvGyH.jpeg\",\"width\":1280,\"height\":720},{\"@type\":\"BreadcrumbList\",\"@id\":\"https:\/\/denizcankizil.tr\/uk\/haberler\/antalya\/84-yasindaki-ayse-nine-okuma-yazmayi-ogreniyor\/#breadcrumb\",\"itemListElement\":[{\"@type\":\"ListItem\",\"position\":1,\"name\":\"Home\",\"item\":\"https:\/\/denizcankizil.tr\/de\/\"},{\"@type\":\"ListItem\",\"position\":2,\"name\":\"84 ya\u015f\u0131ndaki Ay\u015fe Nine okuma yazmay\u0131 \u00f6\u011freniyor\"}]},{\"@type\":\"WebSite\",\"@id\":\"https:\/\/denizcankizil.tr\/de\/#website\",\"url\":\"https:\/\/denizcankizil.tr\/de\/\",\"name\":\"Av. Deniz Can K\u0131z\u0131l\",\"description\":\"Avukat Deniz Can K\u0131z\u0131l Antalya Barosu\",\"publisher\":{\"@id\":\"https:\/\/denizcankizil.tr\/de\/#organization\"},\"potentialAction\":[{\"@type\":\"SearchAction\",\"target\":{\"@type\":\"EntryPoint\",\"urlTemplate\":\"https:\/\/denizcankizil.tr\/de\/?s={search_term_string}\"},\"query-input\":{\"@type\":\"PropertyValueSpecification\",\"valueRequired\":true,\"valueName\":\"search_term_string\"}}],\"inLanguage\":\"uk\"},{\"@type\":\"Organization\",\"@id\":\"https:\/\/denizcankizil.tr\/de\/#organization\",\"name\":\"Av. Deniz Can K\u0131z\u0131l\",\"url\":\"https:\/\/denizcankizil.tr\/de\/\",\"logo\":{\"@type\":\"ImageObject\",\"inLanguage\":\"uk\",\"@id\":\"https:\/\/denizcankizil.tr\/de\/#\/schema\/logo\/image\/\",\"url\":\"https:\/\/denizcankizil.tr\/wp-content\/uploads\/2024\/10\/siyah-logo-svg.svg\",\"contentUrl\":\"https:\/\/denizcankizil.tr\/wp-content\/uploads\/2024\/10\/siyah-logo-svg.svg\",\"width\":1080,\"height\":1080,\"caption\":\"Av. Deniz Can K\u0131z\u0131l\"},\"image\":{\"@id\":\"https:\/\/denizcankizil.tr\/de\/#\/schema\/logo\/image\/\"}},{\"@type\":\"Person\",\"@id\":\"https:\/\/denizcankizil.tr\/de\/#\/schema\/person\/5dc1b22991bd7ac833867c10afc9b0ff\",\"name\":\"Av. Deniz Can K\u0131z\u0131l\",\"image\":{\"@type\":\"ImageObject\",\"inLanguage\":\"uk\",\"@id\":\"https:\/\/denizcankizil.tr\/de\/#\/schema\/person\/image\/\",\"url\":\"https:\/\/secure.gravatar.com\/avatar\/a0b128fb9855c79efc976d5640eedb31dc35ec297594d6016d2cf7c60e975bb6?s=96&d=mm&r=g\",\"contentUrl\":\"https:\/\/secure.gravatar.com\/avatar\/a0b128fb9855c79efc976d5640eedb31dc35ec297594d6016d2cf7c60e975bb6?s=96&d=mm&r=g\",\"caption\":\"Av. Deniz Can K\u0131z\u0131l\"},\"sameAs\":[\"http:\/\/www.denizcankizil.tr\"],\"url\":\"https:\/\/denizcankizil.tr\/uk\/author\/denizcankizil\/\"}]}<\/script>\n<!-- \/ Yoast SEO Premium plugin. -->","yoast_head_json":{"title":"84 ya\u015f\u0131ndaki Ay\u015fe Nine okuma yazmay\u0131 \u00f6\u011freniyor - Av. Deniz Can K\u0131z\u0131l","robots":{"index":"index","follow":"follow","max-snippet":"max-snippet:-1","max-image-preview":"max-image-preview:large","max-video-preview":"max-video-preview:-1"},"canonical":"https:\/\/denizcankizil.tr\/uk\/haberler\/antalya\/84-yasindaki-ayse-nine-okuma-yazmayi-ogreniyor\/","og_locale":"uk_UA","og_type":"article","og_title":"84 ya\u015f\u0131ndaki Ay\u015fe Nine okuma yazmay\u0131 \u00f6\u011freniyor","og_description":"Antalya B\u00fcy\u00fck\u015fehir Belediyesi&#8217;nin \u00fccretsiz sanat ve meslek edindirme kurslar\u0131 ATASEM&#8217;lerin e\u011fitim imk\u00e2n\u0131 bulamayan vatanda\u015flara y\u00f6nelik okuma-yazma kurslar\u0131 ile yerle\u015fik yabanc\u0131lar i\u00e7in d\u00fczenledi\u011fi T\u00fcrk\u00e7e kurslar\u0131 yo\u011fun ilgi g\u00f6r\u00fcyor. Kurs sayesinde 3 \u00e7ocuk 7 torun sahibi 84 ya\u015f\u0131ndaki Ay\u015fe Bilgi\u00e7 okuma-yazmay\u0131 \u00f6\u011frendi. Okuma yazma hevesini hi\u00e7bir zaman kaybetmeyen Bilgi\u00e7, hayalini ger\u00e7ekle\u015ftirmek i\u00e7in elinde kalemi ve defteriyle ATASEM&#8217;in s\u0131ralar\u0131na oturdu. Bilgi\u00e7, &#8220;Okuman\u0131n ve \u00f6\u011frenmenin ya\u015f\u0131 yok. Y\u0131llarca yurt d\u0131\u015f\u0131nda hem \u00e7al\u0131\u015ft\u0131m hem de \u00e7ocuklar\u0131ma bakt\u0131m ne yaz\u0131k ki okuma yazma \u00f6\u011frenmeye f\u0131rsat\u0131m kalmad\u0131. ATASEM benim okulum oldu&#8221; diye konu\u015ftu. &#8220;\u00d6\u011frenmenin ya\u015f\u0131 yok&#8221; Okuma ve yazmay\u0131 ge\u00e7 \u00f6\u011frendi\u011fi i\u00e7in pi\u015fman oldu\u011funu s\u00f6yleyen Ay\u015fe Bilgi\u00e7, &#8220;Art\u0131k gazete okuyabiliyorum, televizyondaki yaz\u0131lar\u0131, sokakta tabelalar\u0131 okuyabiliyorum, ak\u0131ll\u0131 telefonumu kullanabiliyorum. \u0130la\u00e7lar\u0131m\u0131 da kendim okuyabiliyor, saatinde i\u00e7iyorum. Okuma yazman\u0131n sa\u011fl\u0131\u011f\u0131ma bile faydas\u0131 oldu. Okumak yazmak gibi g\u00fczel bir \u015fey yokmu\u015f. Ben bu ya\u015fta azmedip okumay\u0131 s\u00f6kt\u00fcysem herkes yapabilir. Okuma yazma bilmeyenler \u00fccretsiz olan bu kurslara gelip okuman\u0131n g\u00fczelli\u011fine baks\u0131nlar&#8221; diye konu\u015ftu. 10 farkl\u0131 \u00fclkeden yabanc\u0131 T\u00fcrk\u00e7e \u00f6\u011freniyor Antalya&#8217;da ya\u015fayan yerle\u015fik yabanc\u0131lar da T\u00fcrk\u00e7eyi ATASEM&#8217;de \u00f6\u011freniyor. Yerle\u015fik yabanc\u0131lar kendilerini daha iyi ifade edebilmek, kente ve sosyal hayata uyum sa\u011flamak i\u00e7in derslere yo\u011fun talep g\u00f6steriyor. Varsak ATASEM Kurs Merkezi&#8217;nde \u00e7o\u011funlu\u011fu Rus olmak \u00fczere Ukrayna, \u00dcrd\u00fcn, \u0130ran, Endonezya, Kazakistan, Pakistan ve Mali Cumhuriyet&#8217;i &hellip;","og_url":"https:\/\/denizcankizil.tr\/uk\/haberler\/antalya\/84-yasindaki-ayse-nine-okuma-yazmayi-ogreniyor\/","og_site_name":"Av. Deniz Can K\u0131z\u0131l","article_published_time":"2025-02-28T12:41:48+00:00","og_image":[{"width":1280,"height":720,"url":"https:\/\/denizcankizil.tr\/wp-content\/uploads\/2025\/02\/5242-01-qsvGyH.jpeg","type":"image\/jpeg"}],"author":"Av. Deniz Can K\u0131z\u0131l","twitter_card":"summary_large_image","twitter_misc":{"\u041d\u0430\u043f\u0438\u0441\u0430\u043d\u043e":"Av. Deniz Can K\u0131z\u0131l","\u041f\u0440\u0438\u0431\u043b. \u0447\u0430\u0441 \u0447\u0438\u0442\u0430\u043d\u043d\u044f":"3 \u0445\u0432\u0438\u043b\u0438\u043d\u0438"},"schema":{"@context":"https:\/\/schema.org","@graph":[{"@type":"Article","@id":"https:\/\/denizcankizil.tr\/uk\/haberler\/antalya\/84-yasindaki-ayse-nine-okuma-yazmayi-ogreniyor\/#article","isPartOf":{"@id":"https:\/\/denizcankizil.tr\/uk\/haberler\/antalya\/84-yasindaki-ayse-nine-okuma-yazmayi-ogreniyor\/"},"author":{"name":"Av. Deniz Can K\u0131z\u0131l","@id":"https:\/\/denizcankizil.tr\/de\/#\/schema\/person\/5dc1b22991bd7ac833867c10afc9b0ff"},"headline":"84 ya\u015f\u0131ndaki Ay\u015fe Nine okuma yazmay\u0131 \u00f6\u011freniyor","datePublished":"2025-02-28T12:41:48+00:00","mainEntityOfPage":{"@id":"https:\/\/denizcankizil.tr\/uk\/haberler\/antalya\/84-yasindaki-ayse-nine-okuma-yazmayi-ogreniyor\/"},"wordCount":539,"commentCount":0,"publisher":{"@id":"https:\/\/denizcankizil.tr\/de\/#organization"},"image":{"@id":"https:\/\/denizcankizil.tr\/uk\/haberler\/antalya\/84-yasindaki-ayse-nine-okuma-yazmayi-ogreniyor\/#primaryimage"},"thumbnailUrl":"https:\/\/denizcankizil.tr\/wp-content\/uploads\/2025\/02\/5242-01-qsvGyH.jpeg","articleSection":["Antalya"],"inLanguage":"uk","potentialAction":[{"@type":"CommentAction","name":"Comment","target":["https:\/\/denizcankizil.tr\/uk\/haberler\/antalya\/84-yasindaki-ayse-nine-okuma-yazmayi-ogreniyor\/#respond"]}]},{"@type":"WebPage","@id":"https:\/\/denizcankizil.tr\/uk\/haberler\/antalya\/84-yasindaki-ayse-nine-okuma-yazmayi-ogreniyor\/","url":"https:\/\/denizcankizil.tr\/uk\/haberler\/antalya\/84-yasindaki-ayse-nine-okuma-yazmayi-ogreniyor\/","name":"84 ya\u015f\u0131ndaki Ay\u015fe Nine okuma yazmay\u0131 \u00f6\u011freniyor - Av. Deniz Can K\u0131z\u0131l","isPartOf":{"@id":"https:\/\/denizcankizil.tr\/de\/#website"},"primaryImageOfPage":{"@id":"https:\/\/denizcankizil.tr\/uk\/haberler\/antalya\/84-yasindaki-ayse-nine-okuma-yazmayi-ogreniyor\/#primaryimage"},"image":{"@id":"https:\/\/denizcankizil.tr\/uk\/haberler\/antalya\/84-yasindaki-ayse-nine-okuma-yazmayi-ogreniyor\/#primaryimage"},"thumbnailUrl":"https:\/\/denizcankizil.tr\/wp-content\/uploads\/2025\/02\/5242-01-qsvGyH.jpeg","datePublished":"2025-02-28T12:41:48+00:00","breadcrumb":{"@id":"https:\/\/denizcankizil.tr\/uk\/haberler\/antalya\/84-yasindaki-ayse-nine-okuma-yazmayi-ogreniyor\/#breadcrumb"},"inLanguage":"uk","potentialAction":[{"@type":"ReadAction","target":["https:\/\/denizcankizil.tr\/uk\/haberler\/antalya\/84-yasindaki-ayse-nine-okuma-yazmayi-ogreniyor\/"]}]},{"@type":"ImageObject","inLanguage":"uk","@id":"https:\/\/denizcankizil.tr\/uk\/haberler\/antalya\/84-yasindaki-ayse-nine-okuma-yazmayi-ogreniyor\/#primaryimage","url":"https:\/\/denizcankizil.tr\/wp-content\/uploads\/2025\/02\/5242-01-qsvGyH.jpeg","contentUrl":"https:\/\/denizcankizil.tr\/wp-content\/uploads\/2025\/02\/5242-01-qsvGyH.jpeg","width":1280,"height":720},{"@type":"BreadcrumbList","@id":"https:\/\/denizcankizil.tr\/uk\/haberler\/antalya\/84-yasindaki-ayse-nine-okuma-yazmayi-ogreniyor\/#breadcrumb","itemListElement":[{"@type":"ListItem","position":1,"name":"Home","item":"https:\/\/denizcankizil.tr\/de\/"},{"@type":"ListItem","position":2,"name":"84 ya\u015f\u0131ndaki Ay\u015fe Nine okuma yazmay\u0131 \u00f6\u011freniyor"}]},{"@type":"WebSite","@id":"https:\/\/denizcankizil.tr\/de\/#website","url":"https:\/\/denizcankizil.tr\/de\/","name":"Av. Deniz Can K\u0131z\u0131l","description":"Avukat Deniz Can K\u0131z\u0131l Antalya Barosu","publisher":{"@id":"https:\/\/denizcankizil.tr\/de\/#organization"},"potentialAction":[{"@type":"SearchAction","target":{"@type":"EntryPoint","urlTemplate":"https:\/\/denizcankizil.tr\/de\/?s={search_term_string}"},"query-input":{"@type":"PropertyValueSpecification","valueRequired":true,"valueName":"search_term_string"}}],"inLanguage":"uk"},{"@type":"Organization","@id":"https:\/\/denizcankizil.tr\/de\/#organization","name":"Av. Deniz Can K\u0131z\u0131l","url":"https:\/\/denizcankizil.tr\/de\/","logo":{"@type":"ImageObject","inLanguage":"uk","@id":"https:\/\/denizcankizil.tr\/de\/#\/schema\/logo\/image\/","url":"https:\/\/denizcankizil.tr\/wp-content\/uploads\/2024\/10\/siyah-logo-svg.svg","contentUrl":"https:\/\/denizcankizil.tr\/wp-content\/uploads\/2024\/10\/siyah-logo-svg.svg","width":1080,"height":1080,"caption":"Av. Deniz Can K\u0131z\u0131l"},"image":{"@id":"https:\/\/denizcankizil.tr\/de\/#\/schema\/logo\/image\/"}},{"@type":"Person","@id":"https:\/\/denizcankizil.tr\/de\/#\/schema\/person\/5dc1b22991bd7ac833867c10afc9b0ff","name":"Av. Deniz Can K\u0131z\u0131l","image":{"@type":"ImageObject","inLanguage":"uk","@id":"https:\/\/denizcankizil.tr\/de\/#\/schema\/person\/image\/","url":"https:\/\/secure.gravatar.com\/avatar\/a0b128fb9855c79efc976d5640eedb31dc35ec297594d6016d2cf7c60e975bb6?s=96&d=mm&r=g","contentUrl":"https:\/\/secure.gravatar.com\/avatar\/a0b128fb9855c79efc976d5640eedb31dc35ec297594d6016d2cf7c60e975bb6?s=96&d=mm&r=g","caption":"Av. Deniz Can K\u0131z\u0131l"},"sameAs":["http:\/\/www.denizcankizil.tr"],"url":"https:\/\/denizcankizil.tr\/uk\/author\/denizcankizil\/"}]}},"_links":{"self":[{"href":"https:\/\/denizcankizil.tr\/uk\/wp-json\/wp\/v2\/posts\/34384","targetHints":{"allow":["GET"]}}],"collection":[{"href":"https:\/\/denizcankizil.tr\/uk\/wp-json\/wp\/v2\/posts"}],"about":[{"href":"https:\/\/denizcankizil.tr\/uk\/wp-json\/wp\/v2\/types\/post"}],"author":[{"embeddable":true,"href":"https:\/\/denizcankizil.tr\/uk\/wp-json\/wp\/v2\/users\/4"}],"replies":[{"embeddable":true,"href":"https:\/\/denizcankizil.tr\/uk\/wp-json\/wp\/v2\/comments?post=34384"}],"version-history":[{"count":0,"href":"https:\/\/denizcankizil.tr\/uk\/wp-json\/wp\/v2\/posts\/34384\/revisions"}],"wp:featuredmedia":[{"embeddable":true,"href":"https:\/\/denizcankizil.tr\/uk\/wp-json\/wp\/v2\/media\/34385"}],"wp:attachment":[{"href":"https:\/\/denizcankizil.tr\/uk\/wp-json\/wp\/v2\/media?parent=34384"}],"wp:term":[{"taxonomy":"category","embeddable":true,"href":"https:\/\/denizcankizil.tr\/uk\/wp-json\/wp\/v2\/categories?post=34384"},{"taxonomy":"post_tag","embeddable":true,"href":"https:\/\/denizcankizil.tr\/uk\/wp-json\/wp\/v2\/tags?post=34384"}],"curies":[{"name":"wp","href":"https:\/\/api.w.org\/{rel}","templated":true}]}}