{"id":34329,"date":"2025-02-28T11:41:55","date_gmt":"2025-02-28T08:41:55","guid":{"rendered":"https:\/\/denizcankizil.tr\/uncategorized-tr\/sakaryada-duygulandiran-etkinlik\/"},"modified":"2025-02-28T11:41:55","modified_gmt":"2025-02-28T08:41:55","slug":"sakaryada-duygulandiran-etkinlik","status":"publish","type":"post","link":"https:\/\/denizcankizil.tr\/uk\/haberler\/gundem\/sakaryada-duygulandiran-etkinlik\/","title":{"rendered":"Sakarya&#8217;da duyguland\u0131ran etkinlik"},"content":{"rendered":"<p>Sakarya B\u00fcy\u00fck\u015fehir Belediyesi SGM\u2019de her g\u00fcn farkl\u0131 etkinliklerle \u00f6zel gereksinimli bireylerin ya\u015fam kalitesininart\u0131r\u0131ld\u0131\u011f\u0131 Engelsiz Hayat At\u00f6lyesi\u2019nde bu hafta anlaml\u0131 bir bulu\u015fma ger\u00e7ekle\u015ftirildi. At\u00f6lye dersinde do\u011fum g\u00fcn\u00fc \u015fubat ay\u0131 olan \u00e7ocuklar i\u00e7in \u00f6zel bir kutlama haz\u0131rland\u0131. Bu anlaml\u0131 hareket kar\u015f\u0131s\u0131nda duygulanan \u00f6\u011frencilerin mutlulu\u011fu ise g\u00f6r\u00fclmeye de\u011ferdi.SAKARYA (\u0130GFA) -Sakarya B\u00fcy\u00fck\u015fehir Belediyesi, engellilerin ya\u015fam kalitesini art\u0131rmak ve aileleri bilin\u00e7lendirmek amac\u0131yla etkinliklerini h\u0131zla s\u00fcrd\u00fcr\u00fcyor.<br \/>\nB\u00fcy\u00fck\u015fehir Belediyesi Sosyal Geli\u015fim Merkezi\u2019nde (SGM) \u201cEngelsiz Hayat At\u00f6lyesi\u201d kapsam\u0131nda\u00a0\u00f6\u011frenim g\u00f6ren \u00f6zel gereksinimli bireylere do\u011fum g\u00fcn\u00fc s\u00fcrprizi yap\u0131ld\u0131. \u00a0\u015eubat ay\u0131nda do\u011fan \u00e7ocuklar i\u00e7in s\u00fcrpriz do\u011fum g\u00fcn\u00fc ger\u00e7ekle\u015ftirildi.\u00a0<br \/>\nRenkli g\u00f6r\u00fcnt\u00fcler<br \/>\nOrganize edilen do\u011fum g\u00fcn\u00fc bulu\u015fmas\u0131, muhte\u015fem bir etkinli\u011fe d\u00f6n\u00fc\u015ft\u00fc ve renkli g\u00f6r\u00fcnt\u00fcler ortaya \u00e7\u0131kt\u0131.<br \/>\nMutfak s\u0131n\u0131f\u0131nda yap\u0131lan pastalar\u0131 \u00fcfleyerek yeni ya\u015f\u0131n\u0131 kutlayan \u00f6zel \u00e7ocuklar\u0131n mutlulu\u011fu g\u00f6zlerinden okundu.<br \/>\n\u201cEngelsiz bir gelecek i\u00e7in\u2026\u201d<br \/>\nEngelli Hizmetleri \u015eube M\u00fcd\u00fcrl\u00fc\u011f\u00fcnden yap\u0131lan a\u00e7\u0131klamada, \u201c\u00d6zel gereksinimli bireylerin sosyal ya\u015famda daha aktif bir yer almas\u0131 ve kendi potansiyellerini ortaya koymas\u0131 i\u00e7in \u00e7al\u0131\u015fmalar\u0131m\u0131za devam ediyoruz. Onlar\u0131n mutlulu\u011fu bizim de heyecan\u0131m\u0131z\u0131 art\u0131r\u0131yor ve yorulmadan \u00e7al\u0131\u015fmaya devam ediyoruz.Engelsiz bir gelece\u011fi hep birlikte in\u015fa etmek dile\u011fiyle\u201d denildi.<br \/>\nEngelli Hizmetleri \u015eube M\u00fcd\u00fcrl\u00fc\u011f\u00fc taraf\u0131ndan s\u00fcrd\u00fcr\u00fclen Engelsiz Hayat At\u00f6lyeleri\u2019nde \u00f6zel \u00e7ocuklar her g\u00fcn farkl\u0131 deneyimler ya\u015f\u0131yor.<\/p>\n<p>\u200bSakarya B\u00fcy\u00fck\u015fehir Belediyesi SGM\u2019de her g\u00fcn farkl\u0131 etkinliklerle \u00f6zel gereksinimli bireylerin ya\u015fam kalitesininart\u0131r\u0131ld\u0131\u011f\u0131 Engelsiz Hayat At\u00f6lyesi\u2019nde bu hafta anlaml\u0131 bir bulu\u015fma ger\u00e7ekle\u015ftirildi. At\u00f6lye dersinde do\u011fum g\u00fcn\u00fc \u015fubat ay\u0131 olan \u00e7ocuklar i\u00e7in \u00f6zel bir kutlama haz\u0131rland\u0131. Bu anlaml\u0131 hareket kar\u015f\u0131s\u0131nda duygulanan \u00f6\u011frencilerin mutlulu\u011fu ise g\u00f6r\u00fclmeye de\u011ferdi.SAKARYA (\u0130GFA) -Sakarya B\u00fcy\u00fck\u015fehir Belediyesi, engellilerin ya\u015fam kalitesini art\u0131rmak ve aileleri bilin\u00e7lendirmek amac\u0131yla etkinliklerini h\u0131zla s\u00fcrd\u00fcr\u00fcyor.<br \/>\nB\u00fcy\u00fck\u015fehir Belediyesi Sosyal Geli\u015fim Merkezi\u2019nde (SGM) \u201cEngelsiz Hayat At\u00f6lyesi\u201d kapsam\u0131nda\u00a0\u00f6\u011frenim g\u00f6ren \u00f6zel gereksinimli bireylere do\u011fum g\u00fcn\u00fc s\u00fcrprizi yap\u0131ld\u0131. \u00a0\u015eubat ay\u0131nda do\u011fan \u00e7ocuklar i\u00e7in s\u00fcrpriz do\u011fum g\u00fcn\u00fc ger\u00e7ekle\u015ftirildi.\u00a0<br \/>\nRenkli g\u00f6r\u00fcnt\u00fcler<br \/>\nOrganize edilen do\u011fum g\u00fcn\u00fc bulu\u015fmas\u0131, muhte\u015fem bir etkinli\u011fe d\u00f6n\u00fc\u015ft\u00fc ve renkli g\u00f6r\u00fcnt\u00fcler ortaya \u00e7\u0131kt\u0131.<br \/>\nMutfak s\u0131n\u0131f\u0131nda yap\u0131lan pastalar\u0131 \u00fcfleyerek yeni ya\u015f\u0131n\u0131 kutlayan \u00f6zel \u00e7ocuklar\u0131n mutlulu\u011fu g\u00f6zlerinden okundu.<br \/>\n\u201cEngelsiz bir gelecek i\u00e7in\u2026\u201d<br \/>\nEngelli Hizmetleri \u015eube M\u00fcd\u00fcrl\u00fc\u011f\u00fcnden yap\u0131lan a\u00e7\u0131klamada, \u201c\u00d6zel gereksinimli bireylerin sosyal ya\u015famda daha aktif bir yer almas\u0131 ve kendi potansiyellerini ortaya koymas\u0131 i\u00e7in \u00e7al\u0131\u015fmalar\u0131m\u0131za devam ediyoruz. Onlar\u0131n mutlulu\u011fu bizim de heyecan\u0131m\u0131z\u0131 art\u0131r\u0131yor ve yorulmadan \u00e7al\u0131\u015fmaya devam ediyoruz.Engelsiz bir gelece\u011fi hep birlikte in\u015fa etmek dile\u011fiyle\u201d denildi.<br \/>\nEngelli Hizmetleri \u015eube M\u00fcd\u00fcrl\u00fc\u011f\u00fc taraf\u0131ndan s\u00fcrd\u00fcr\u00fclen Engelsiz Hayat At\u00f6lyeleri\u2019nde \u00f6zel \u00e7ocuklar her g\u00fcn farkl\u0131 deneyimler ya\u015f\u0131yor.\u00a0<\/p>\n<p>\u200bHaberin Al\u0131nt\u0131land\u0131\u011f\u0131 Kaynak: www.iskenderun.org<\/p>","protected":false},"excerpt":{"rendered":"<p>Sakarya B\u00fcy\u00fck\u015fehir Belediyesi SGM\u2019de her g\u00fcn farkl\u0131 etkinliklerle \u00f6zel gereksinimli bireylerin ya\u015fam kalitesininart\u0131r\u0131ld\u0131\u011f\u0131 Engelsiz Hayat At\u00f6lyesi\u2019nde bu hafta anlaml\u0131 bir bulu\u015fma ger\u00e7ekle\u015ftirildi. At\u00f6lye dersinde do\u011fum g\u00fcn\u00fc \u015fubat ay\u0131 olan \u00e7ocuklar i\u00e7in \u00f6zel bir kutlama haz\u0131rland\u0131. Bu anlaml\u0131 hareket kar\u015f\u0131s\u0131nda duygulanan \u00f6\u011frencilerin mutlulu\u011fu ise g\u00f6r\u00fclmeye de\u011ferdi.SAKARYA (\u0130GFA) -Sakarya B\u00fcy\u00fck\u015fehir Belediyesi, engellilerin ya\u015fam kalitesini art\u0131rmak ve aileleri bilin\u00e7lendirmek amac\u0131yla etkinliklerini h\u0131zla s\u00fcrd\u00fcr\u00fcyor. B\u00fcy\u00fck\u015fehir Belediyesi Sosyal Geli\u015fim Merkezi\u2019nde (SGM) \u201cEngelsiz Hayat At\u00f6lyesi\u201d kapsam\u0131nda\u00a0\u00f6\u011frenim g\u00f6ren \u00f6zel gereksinimli bireylere do\u011fum g\u00fcn\u00fc s\u00fcrprizi yap\u0131ld\u0131. \u00a0\u015eubat ay\u0131nda do\u011fan \u00e7ocuklar i\u00e7in s\u00fcrpriz do\u011fum g\u00fcn\u00fc ger\u00e7ekle\u015ftirildi.\u00a0 Renkli g\u00f6r\u00fcnt\u00fcler Organize edilen do\u011fum g\u00fcn\u00fc bulu\u015fmas\u0131, muhte\u015fem bir etkinli\u011fe d\u00f6n\u00fc\u015ft\u00fc ve renkli g\u00f6r\u00fcnt\u00fcler ortaya \u00e7\u0131kt\u0131. Mutfak s\u0131n\u0131f\u0131nda yap\u0131lan pastalar\u0131 \u00fcfleyerek yeni ya\u015f\u0131n\u0131 kutlayan \u00f6zel \u00e7ocuklar\u0131n mutlulu\u011fu g\u00f6zlerinden okundu. \u201cEngelsiz bir gelecek i\u00e7in\u2026\u201d Engelli Hizmetleri \u015eube M\u00fcd\u00fcrl\u00fc\u011f\u00fcnden yap\u0131lan a\u00e7\u0131klamada, \u201c\u00d6zel gereksinimli bireylerin sosyal ya\u015famda daha aktif bir yer almas\u0131 ve kendi potansiyellerini ortaya koymas\u0131 i\u00e7in \u00e7al\u0131\u015fmalar\u0131m\u0131za devam ediyoruz. Onlar\u0131n mutlulu\u011fu bizim de heyecan\u0131m\u0131z\u0131 art\u0131r\u0131yor ve yorulmadan \u00e7al\u0131\u015fmaya devam ediyoruz.Engelsiz bir gelece\u011fi hep birlikte in\u015fa etmek dile\u011fiyle\u201d denildi. Engelli Hizmetleri \u015eube M\u00fcd\u00fcrl\u00fc\u011f\u00fc taraf\u0131ndan s\u00fcrd\u00fcr\u00fclen Engelsiz Hayat At\u00f6lyeleri\u2019nde \u00f6zel \u00e7ocuklar her g\u00fcn farkl\u0131 deneyimler ya\u015f\u0131yor. \u200bSakarya B\u00fcy\u00fck\u015fehir Belediyesi SGM\u2019de her g\u00fcn farkl\u0131 etkinliklerle \u00f6zel gereksinimli bireylerin ya\u015fam kalitesininart\u0131r\u0131ld\u0131\u011f\u0131 Engelsiz Hayat At\u00f6lyesi\u2019nde bu hafta anlaml\u0131 bir &hellip;<\/p>","protected":false},"author":1,"featured_media":0,"comment_status":"open","ping_status":"open","sticky":false,"template":"","format":"standard","meta":{"_acf_changed":false,"footnotes":""},"categories":[24],"tags":[],"class_list":["post-34329","post","type-post","status-publish","format-standard","has-post-thumbnail","hentry","category-gundem"],"acf":[],"yoast_head":"<!-- This site is optimized with the Yoast SEO Premium plugin v26.6 (Yoast SEO v27.1.1) - https:\/\/yoast.com\/product\/yoast-seo-premium-wordpress\/ -->\n<title>Sakarya&#039;da duyguland\u0131ran etkinlik - Av. Deniz Can K\u0131z\u0131l<\/title>\n<meta name=\"robots\" content=\"index, follow, max-snippet:-1, max-image-preview:large, max-video-preview:-1\" \/>\n<link rel=\"canonical\" href=\"https:\/\/denizcankizil.tr\/uk\/haberler\/gundem\/sakaryada-duygulandiran-etkinlik\/\" \/>\n<meta property=\"og:locale\" content=\"uk_UA\" \/>\n<meta property=\"og:type\" content=\"article\" \/>\n<meta property=\"og:title\" content=\"Sakarya&#039;da duyguland\u0131ran etkinlik\" \/>\n<meta property=\"og:description\" content=\"Sakarya B\u00fcy\u00fck\u015fehir Belediyesi SGM\u2019de her g\u00fcn farkl\u0131 etkinliklerle \u00f6zel gereksinimli bireylerin ya\u015fam kalitesininart\u0131r\u0131ld\u0131\u011f\u0131 Engelsiz Hayat At\u00f6lyesi\u2019nde bu hafta anlaml\u0131 bir bulu\u015fma ger\u00e7ekle\u015ftirildi. At\u00f6lye dersinde do\u011fum g\u00fcn\u00fc \u015fubat ay\u0131 olan \u00e7ocuklar i\u00e7in \u00f6zel bir kutlama haz\u0131rland\u0131. Bu anlaml\u0131 hareket kar\u015f\u0131s\u0131nda duygulanan \u00f6\u011frencilerin mutlulu\u011fu ise g\u00f6r\u00fclmeye de\u011ferdi.SAKARYA (\u0130GFA) -Sakarya B\u00fcy\u00fck\u015fehir Belediyesi, engellilerin ya\u015fam kalitesini art\u0131rmak ve aileleri bilin\u00e7lendirmek amac\u0131yla etkinliklerini h\u0131zla s\u00fcrd\u00fcr\u00fcyor. B\u00fcy\u00fck\u015fehir Belediyesi Sosyal Geli\u015fim Merkezi\u2019nde (SGM) \u201cEngelsiz Hayat At\u00f6lyesi\u201d kapsam\u0131nda\u00a0\u00f6\u011frenim g\u00f6ren \u00f6zel gereksinimli bireylere do\u011fum g\u00fcn\u00fc s\u00fcrprizi yap\u0131ld\u0131. \u00a0\u015eubat ay\u0131nda do\u011fan \u00e7ocuklar i\u00e7in s\u00fcrpriz do\u011fum g\u00fcn\u00fc ger\u00e7ekle\u015ftirildi.\u00a0 Renkli g\u00f6r\u00fcnt\u00fcler Organize edilen do\u011fum g\u00fcn\u00fc bulu\u015fmas\u0131, muhte\u015fem bir etkinli\u011fe d\u00f6n\u00fc\u015ft\u00fc ve renkli g\u00f6r\u00fcnt\u00fcler ortaya \u00e7\u0131kt\u0131. Mutfak s\u0131n\u0131f\u0131nda yap\u0131lan pastalar\u0131 \u00fcfleyerek yeni ya\u015f\u0131n\u0131 kutlayan \u00f6zel \u00e7ocuklar\u0131n mutlulu\u011fu g\u00f6zlerinden okundu. \u201cEngelsiz bir gelecek i\u00e7in\u2026\u201d Engelli Hizmetleri \u015eube M\u00fcd\u00fcrl\u00fc\u011f\u00fcnden yap\u0131lan a\u00e7\u0131klamada, \u201c\u00d6zel gereksinimli bireylerin sosyal ya\u015famda daha aktif bir yer almas\u0131 ve kendi potansiyellerini ortaya koymas\u0131 i\u00e7in \u00e7al\u0131\u015fmalar\u0131m\u0131za devam ediyoruz. Onlar\u0131n mutlulu\u011fu bizim de heyecan\u0131m\u0131z\u0131 art\u0131r\u0131yor ve yorulmadan \u00e7al\u0131\u015fmaya devam ediyoruz.Engelsiz bir gelece\u011fi hep birlikte in\u015fa etmek dile\u011fiyle\u201d denildi. Engelli Hizmetleri \u015eube M\u00fcd\u00fcrl\u00fc\u011f\u00fc taraf\u0131ndan s\u00fcrd\u00fcr\u00fclen Engelsiz Hayat At\u00f6lyeleri\u2019nde \u00f6zel \u00e7ocuklar her g\u00fcn farkl\u0131 deneyimler ya\u015f\u0131yor. \u200bSakarya B\u00fcy\u00fck\u015fehir Belediyesi SGM\u2019de her g\u00fcn farkl\u0131 etkinliklerle \u00f6zel gereksinimli bireylerin ya\u015fam kalitesininart\u0131r\u0131ld\u0131\u011f\u0131 Engelsiz Hayat At\u00f6lyesi\u2019nde bu hafta anlaml\u0131 bir &hellip;\" \/>\n<meta property=\"og:url\" content=\"https:\/\/denizcankizil.tr\/uk\/haberler\/gundem\/sakaryada-duygulandiran-etkinlik\/\" \/>\n<meta property=\"og:site_name\" content=\"Av. Deniz Can K\u0131z\u0131l\" \/>\n<meta property=\"article:published_time\" content=\"2025-02-28T08:41:55+00:00\" \/>\n<meta name=\"author\" content=\"admin\" \/>\n<meta name=\"twitter:card\" content=\"summary_large_image\" \/>\n<meta name=\"twitter:label1\" content=\"\u041d\u0430\u043f\u0438\u0441\u0430\u043d\u043e\" \/>\n\t<meta name=\"twitter:data1\" content=\"admin\" \/>\n\t<meta name=\"twitter:label2\" content=\"\u041f\u0440\u0438\u0431\u043b. \u0447\u0430\u0441 \u0447\u0438\u0442\u0430\u043d\u043d\u044f\" \/>\n\t<meta name=\"twitter:data2\" content=\"3 \u0445\u0432\u0438\u043b\u0438\u043d\u0438\" \/>\n<script type=\"application\/ld+json\" class=\"yoast-schema-graph\">{\"@context\":\"https:\/\/schema.org\",\"@graph\":[{\"@type\":\"Article\",\"@id\":\"https:\/\/denizcankizil.tr\/uk\/haberler\/gundem\/sakaryada-duygulandiran-etkinlik\/#article\",\"isPartOf\":{\"@id\":\"https:\/\/denizcankizil.tr\/uk\/haberler\/gundem\/sakaryada-duygulandiran-etkinlik\/\"},\"author\":{\"name\":\"admin\",\"@id\":\"https:\/\/denizcankizil.tr\/#\/schema\/person\/be3c05fe6a12686905512445d8185489\"},\"headline\":\"Sakarya&#8217;da duyguland\u0131ran etkinlik\",\"datePublished\":\"2025-02-28T08:41:55+00:00\",\"mainEntityOfPage\":{\"@id\":\"https:\/\/denizcankizil.tr\/uk\/haberler\/gundem\/sakaryada-duygulandiran-etkinlik\/\"},\"wordCount\":593,\"commentCount\":0,\"publisher\":{\"@id\":\"https:\/\/denizcankizil.tr\/#organization\"},\"articleSection\":[\"G\u00fcndem\"],\"inLanguage\":\"uk\",\"potentialAction\":[{\"@type\":\"CommentAction\",\"name\":\"Comment\",\"target\":[\"https:\/\/denizcankizil.tr\/uk\/haberler\/gundem\/sakaryada-duygulandiran-etkinlik\/#respond\"]}]},{\"@type\":\"WebPage\",\"@id\":\"https:\/\/denizcankizil.tr\/uk\/haberler\/gundem\/sakaryada-duygulandiran-etkinlik\/\",\"url\":\"https:\/\/denizcankizil.tr\/uk\/haberler\/gundem\/sakaryada-duygulandiran-etkinlik\/\",\"name\":\"Sakarya'da duyguland\u0131ran etkinlik - Av. Deniz Can K\u0131z\u0131l\",\"isPartOf\":{\"@id\":\"https:\/\/denizcankizil.tr\/#website\"},\"datePublished\":\"2025-02-28T08:41:55+00:00\",\"breadcrumb\":{\"@id\":\"https:\/\/denizcankizil.tr\/uk\/haberler\/gundem\/sakaryada-duygulandiran-etkinlik\/#breadcrumb\"},\"inLanguage\":\"uk\",\"potentialAction\":[{\"@type\":\"ReadAction\",\"target\":[\"https:\/\/denizcankizil.tr\/uk\/haberler\/gundem\/sakaryada-duygulandiran-etkinlik\/\"]}]},{\"@type\":\"BreadcrumbList\",\"@id\":\"https:\/\/denizcankizil.tr\/uk\/haberler\/gundem\/sakaryada-duygulandiran-etkinlik\/#breadcrumb\",\"itemListElement\":[{\"@type\":\"ListItem\",\"position\":1,\"name\":\"Home\",\"item\":\"https:\/\/denizcankizil.tr\/de\/\"},{\"@type\":\"ListItem\",\"position\":2,\"name\":\"Sakarya&#8217;da duyguland\u0131ran etkinlik\"}]},{\"@type\":\"WebSite\",\"@id\":\"https:\/\/denizcankizil.tr\/#website\",\"url\":\"https:\/\/denizcankizil.tr\/\",\"name\":\"Av. Deniz Can K\u0131z\u0131l\",\"description\":\"Avukat Deniz Can K\u0131z\u0131l Antalya Barosu\",\"publisher\":{\"@id\":\"https:\/\/denizcankizil.tr\/#organization\"},\"potentialAction\":[{\"@type\":\"SearchAction\",\"target\":{\"@type\":\"EntryPoint\",\"urlTemplate\":\"https:\/\/denizcankizil.tr\/?s={search_term_string}\"},\"query-input\":{\"@type\":\"PropertyValueSpecification\",\"valueRequired\":true,\"valueName\":\"search_term_string\"}}],\"inLanguage\":\"uk\"},{\"@type\":\"Organization\",\"@id\":\"https:\/\/denizcankizil.tr\/#organization\",\"name\":\"Av. Deniz Can K\u0131z\u0131l\",\"url\":\"https:\/\/denizcankizil.tr\/\",\"logo\":{\"@type\":\"ImageObject\",\"inLanguage\":\"uk\",\"@id\":\"https:\/\/denizcankizil.tr\/#\/schema\/logo\/image\/\",\"url\":\"https:\/\/denizcankizil.tr\/wp-content\/uploads\/2024\/10\/siyah-logo-svg.svg\",\"contentUrl\":\"https:\/\/denizcankizil.tr\/wp-content\/uploads\/2024\/10\/siyah-logo-svg.svg\",\"width\":1080,\"height\":1080,\"caption\":\"Av. Deniz Can K\u0131z\u0131l\"},\"image\":{\"@id\":\"https:\/\/denizcankizil.tr\/#\/schema\/logo\/image\/\"}},{\"@type\":\"Person\",\"@id\":\"https:\/\/denizcankizil.tr\/#\/schema\/person\/be3c05fe6a12686905512445d8185489\",\"name\":\"admin\",\"image\":{\"@type\":\"ImageObject\",\"inLanguage\":\"uk\",\"@id\":\"https:\/\/denizcankizil.tr\/#\/schema\/person\/image\/\",\"url\":\"https:\/\/secure.gravatar.com\/avatar\/c1fce94c830dc79107e174f890d7210541c4a63e8e5d816341794a2151c9d58c?s=96&d=mm&r=g\",\"contentUrl\":\"https:\/\/secure.gravatar.com\/avatar\/c1fce94c830dc79107e174f890d7210541c4a63e8e5d816341794a2151c9d58c?s=96&d=mm&r=g\",\"caption\":\"admin\"},\"sameAs\":[\"http:\/\/denizcankizil.tr\"],\"url\":\"https:\/\/www.iskenderun.org\/sakaryada-duygulandiran-etkinlik\"}]}<\/script>\n<!-- \/ Yoast SEO Premium plugin. -->","yoast_head_json":{"title":"Sakarya'da duyguland\u0131ran etkinlik - Av. Deniz Can K\u0131z\u0131l","robots":{"index":"index","follow":"follow","max-snippet":"max-snippet:-1","max-image-preview":"max-image-preview:large","max-video-preview":"max-video-preview:-1"},"canonical":"https:\/\/denizcankizil.tr\/uk\/haberler\/gundem\/sakaryada-duygulandiran-etkinlik\/","og_locale":"uk_UA","og_type":"article","og_title":"Sakarya'da duyguland\u0131ran etkinlik","og_description":"Sakarya B\u00fcy\u00fck\u015fehir Belediyesi SGM\u2019de her g\u00fcn farkl\u0131 etkinliklerle \u00f6zel gereksinimli bireylerin ya\u015fam kalitesininart\u0131r\u0131ld\u0131\u011f\u0131 Engelsiz Hayat At\u00f6lyesi\u2019nde bu hafta anlaml\u0131 bir bulu\u015fma ger\u00e7ekle\u015ftirildi. At\u00f6lye dersinde do\u011fum g\u00fcn\u00fc \u015fubat ay\u0131 olan \u00e7ocuklar i\u00e7in \u00f6zel bir kutlama haz\u0131rland\u0131. Bu anlaml\u0131 hareket kar\u015f\u0131s\u0131nda duygulanan \u00f6\u011frencilerin mutlulu\u011fu ise g\u00f6r\u00fclmeye de\u011ferdi.SAKARYA (\u0130GFA) -Sakarya B\u00fcy\u00fck\u015fehir Belediyesi, engellilerin ya\u015fam kalitesini art\u0131rmak ve aileleri bilin\u00e7lendirmek amac\u0131yla etkinliklerini h\u0131zla s\u00fcrd\u00fcr\u00fcyor. B\u00fcy\u00fck\u015fehir Belediyesi Sosyal Geli\u015fim Merkezi\u2019nde (SGM) \u201cEngelsiz Hayat At\u00f6lyesi\u201d kapsam\u0131nda\u00a0\u00f6\u011frenim g\u00f6ren \u00f6zel gereksinimli bireylere do\u011fum g\u00fcn\u00fc s\u00fcrprizi yap\u0131ld\u0131. \u00a0\u015eubat ay\u0131nda do\u011fan \u00e7ocuklar i\u00e7in s\u00fcrpriz do\u011fum g\u00fcn\u00fc ger\u00e7ekle\u015ftirildi.\u00a0 Renkli g\u00f6r\u00fcnt\u00fcler Organize edilen do\u011fum g\u00fcn\u00fc bulu\u015fmas\u0131, muhte\u015fem bir etkinli\u011fe d\u00f6n\u00fc\u015ft\u00fc ve renkli g\u00f6r\u00fcnt\u00fcler ortaya \u00e7\u0131kt\u0131. Mutfak s\u0131n\u0131f\u0131nda yap\u0131lan pastalar\u0131 \u00fcfleyerek yeni ya\u015f\u0131n\u0131 kutlayan \u00f6zel \u00e7ocuklar\u0131n mutlulu\u011fu g\u00f6zlerinden okundu. \u201cEngelsiz bir gelecek i\u00e7in\u2026\u201d Engelli Hizmetleri \u015eube M\u00fcd\u00fcrl\u00fc\u011f\u00fcnden yap\u0131lan a\u00e7\u0131klamada, \u201c\u00d6zel gereksinimli bireylerin sosyal ya\u015famda daha aktif bir yer almas\u0131 ve kendi potansiyellerini ortaya koymas\u0131 i\u00e7in \u00e7al\u0131\u015fmalar\u0131m\u0131za devam ediyoruz. Onlar\u0131n mutlulu\u011fu bizim de heyecan\u0131m\u0131z\u0131 art\u0131r\u0131yor ve yorulmadan \u00e7al\u0131\u015fmaya devam ediyoruz.Engelsiz bir gelece\u011fi hep birlikte in\u015fa etmek dile\u011fiyle\u201d denildi. Engelli Hizmetleri \u015eube M\u00fcd\u00fcrl\u00fc\u011f\u00fc taraf\u0131ndan s\u00fcrd\u00fcr\u00fclen Engelsiz Hayat At\u00f6lyeleri\u2019nde \u00f6zel \u00e7ocuklar her g\u00fcn farkl\u0131 deneyimler ya\u015f\u0131yor. \u200bSakarya B\u00fcy\u00fck\u015fehir Belediyesi SGM\u2019de her g\u00fcn farkl\u0131 etkinliklerle \u00f6zel gereksinimli bireylerin ya\u015fam kalitesininart\u0131r\u0131ld\u0131\u011f\u0131 Engelsiz Hayat At\u00f6lyesi\u2019nde bu hafta anlaml\u0131 bir &hellip;","og_url":"https:\/\/denizcankizil.tr\/uk\/haberler\/gundem\/sakaryada-duygulandiran-etkinlik\/","og_site_name":"Av. Deniz Can K\u0131z\u0131l","article_published_time":"2025-02-28T08:41:55+00:00","author":"admin","twitter_card":"summary_large_image","twitter_misc":{"\u041d\u0430\u043f\u0438\u0441\u0430\u043d\u043e":"admin","\u041f\u0440\u0438\u0431\u043b. \u0447\u0430\u0441 \u0447\u0438\u0442\u0430\u043d\u043d\u044f":"3 \u0445\u0432\u0438\u043b\u0438\u043d\u0438"},"schema":{"@context":"https:\/\/schema.org","@graph":[{"@type":"Article","@id":"https:\/\/denizcankizil.tr\/uk\/haberler\/gundem\/sakaryada-duygulandiran-etkinlik\/#article","isPartOf":{"@id":"https:\/\/denizcankizil.tr\/uk\/haberler\/gundem\/sakaryada-duygulandiran-etkinlik\/"},"author":{"name":"admin","@id":"https:\/\/denizcankizil.tr\/#\/schema\/person\/be3c05fe6a12686905512445d8185489"},"headline":"Sakarya&#8217;da duyguland\u0131ran etkinlik","datePublished":"2025-02-28T08:41:55+00:00","mainEntityOfPage":{"@id":"https:\/\/denizcankizil.tr\/uk\/haberler\/gundem\/sakaryada-duygulandiran-etkinlik\/"},"wordCount":593,"commentCount":0,"publisher":{"@id":"https:\/\/denizcankizil.tr\/#organization"},"articleSection":["G\u00fcndem"],"inLanguage":"uk","potentialAction":[{"@type":"CommentAction","name":"Comment","target":["https:\/\/denizcankizil.tr\/uk\/haberler\/gundem\/sakaryada-duygulandiran-etkinlik\/#respond"]}]},{"@type":"WebPage","@id":"https:\/\/denizcankizil.tr\/uk\/haberler\/gundem\/sakaryada-duygulandiran-etkinlik\/","url":"https:\/\/denizcankizil.tr\/uk\/haberler\/gundem\/sakaryada-duygulandiran-etkinlik\/","name":"Sakarya'da duyguland\u0131ran etkinlik - Av. Deniz Can K\u0131z\u0131l","isPartOf":{"@id":"https:\/\/denizcankizil.tr\/#website"},"datePublished":"2025-02-28T08:41:55+00:00","breadcrumb":{"@id":"https:\/\/denizcankizil.tr\/uk\/haberler\/gundem\/sakaryada-duygulandiran-etkinlik\/#breadcrumb"},"inLanguage":"uk","potentialAction":[{"@type":"ReadAction","target":["https:\/\/denizcankizil.tr\/uk\/haberler\/gundem\/sakaryada-duygulandiran-etkinlik\/"]}]},{"@type":"BreadcrumbList","@id":"https:\/\/denizcankizil.tr\/uk\/haberler\/gundem\/sakaryada-duygulandiran-etkinlik\/#breadcrumb","itemListElement":[{"@type":"ListItem","position":1,"name":"Home","item":"https:\/\/denizcankizil.tr\/de\/"},{"@type":"ListItem","position":2,"name":"Sakarya&#8217;da duyguland\u0131ran etkinlik"}]},{"@type":"WebSite","@id":"https:\/\/denizcankizil.tr\/#website","url":"https:\/\/denizcankizil.tr\/","name":"Av. Deniz Can K\u0131z\u0131l","description":"Avukat Deniz Can K\u0131z\u0131l Antalya Barosu","publisher":{"@id":"https:\/\/denizcankizil.tr\/#organization"},"potentialAction":[{"@type":"SearchAction","target":{"@type":"EntryPoint","urlTemplate":"https:\/\/denizcankizil.tr\/?s={search_term_string}"},"query-input":{"@type":"PropertyValueSpecification","valueRequired":true,"valueName":"search_term_string"}}],"inLanguage":"uk"},{"@type":"Organization","@id":"https:\/\/denizcankizil.tr\/#organization","name":"Av. Deniz Can K\u0131z\u0131l","url":"https:\/\/denizcankizil.tr\/","logo":{"@type":"ImageObject","inLanguage":"uk","@id":"https:\/\/denizcankizil.tr\/#\/schema\/logo\/image\/","url":"https:\/\/denizcankizil.tr\/wp-content\/uploads\/2024\/10\/siyah-logo-svg.svg","contentUrl":"https:\/\/denizcankizil.tr\/wp-content\/uploads\/2024\/10\/siyah-logo-svg.svg","width":1080,"height":1080,"caption":"Av. Deniz Can K\u0131z\u0131l"},"image":{"@id":"https:\/\/denizcankizil.tr\/#\/schema\/logo\/image\/"}},{"@type":"Person","@id":"https:\/\/denizcankizil.tr\/#\/schema\/person\/be3c05fe6a12686905512445d8185489","name":"\u0430\u0434\u043c\u0456\u043d","image":{"@type":"ImageObject","inLanguage":"uk","@id":"https:\/\/denizcankizil.tr\/#\/schema\/person\/image\/","url":"https:\/\/secure.gravatar.com\/avatar\/c1fce94c830dc79107e174f890d7210541c4a63e8e5d816341794a2151c9d58c?s=96&d=mm&r=g","contentUrl":"https:\/\/secure.gravatar.com\/avatar\/c1fce94c830dc79107e174f890d7210541c4a63e8e5d816341794a2151c9d58c?s=96&d=mm&r=g","caption":"admin"},"sameAs":["http:\/\/denizcankizil.tr"],"url":"https:\/\/www.iskenderun.org\/sakaryada-duygulandiran-etkinlik"}]}},"_links":{"self":[{"href":"https:\/\/denizcankizil.tr\/uk\/wp-json\/wp\/v2\/posts\/34329","targetHints":{"allow":["GET"]}}],"collection":[{"href":"https:\/\/denizcankizil.tr\/uk\/wp-json\/wp\/v2\/posts"}],"about":[{"href":"https:\/\/denizcankizil.tr\/uk\/wp-json\/wp\/v2\/types\/post"}],"author":[{"embeddable":true,"href":"https:\/\/denizcankizil.tr\/uk\/wp-json\/wp\/v2\/users\/1"}],"replies":[{"embeddable":true,"href":"https:\/\/denizcankizil.tr\/uk\/wp-json\/wp\/v2\/comments?post=34329"}],"version-history":[{"count":0,"href":"https:\/\/denizcankizil.tr\/uk\/wp-json\/wp\/v2\/posts\/34329\/revisions"}],"wp:attachment":[{"href":"https:\/\/denizcankizil.tr\/uk\/wp-json\/wp\/v2\/media?parent=34329"}],"wp:term":[{"taxonomy":"category","embeddable":true,"href":"https:\/\/denizcankizil.tr\/uk\/wp-json\/wp\/v2\/categories?post=34329"},{"taxonomy":"post_tag","embeddable":true,"href":"https:\/\/denizcankizil.tr\/uk\/wp-json\/wp\/v2\/tags?post=34329"}],"curies":[{"name":"wp","href":"https:\/\/api.w.org\/{rel}","templated":true}]}}