{"id":34299,"date":"2025-02-27T17:41:51","date_gmt":"2025-02-27T14:41:51","guid":{"rendered":"https:\/\/denizcankizil.tr\/uncategorized-tr\/turk-sanat-muzigi-korosundan-muhtesem-performans\/"},"modified":"2025-02-27T17:41:51","modified_gmt":"2025-02-27T14:41:51","slug":"turk-sanat-muzigi-korosundan-muhtesem-performans","status":"publish","type":"post","link":"https:\/\/denizcankizil.tr\/uk\/haberler\/gundem\/turk-sanat-muzigi-korosundan-muhtesem-performans\/","title":{"rendered":"T\u00fcrk Sanat M\u00fczi\u011fi Korosundan Muhte\u015fem Performans"},"content":{"rendered":"<p>\u0130neg\u00f6l Belediyesi T\u00fcrk Sanat M\u00fczi\u011fi Korosu, d\u00fczenlenen konserde koro ve solo eserlerle \u0130neg\u00f6ll\u00fc sanatseverlere e\u015fsiz bir sanat gecesi ya\u015fatt\u0131.<\/p>\n<p>\u200b\u0130neg\u00f6l Belediyesi T\u00fcrk Sanat M\u00fczi\u011fi Korosu, d\u00fczenlenen konserde koro ve solo eserlerle \u0130neg\u00f6ll\u00fc sanatseverlere e\u015fsiz bir sanat gecesi ya\u015fatt\u0131.\u00a0<\/p>\n<p>\u200bHaberin Al\u0131nt\u0131land\u0131\u011f\u0131 Kaynak: www.iskenderun.org<\/p>","protected":false},"excerpt":{"rendered":"<p>\u0130neg\u00f6l Belediyesi T\u00fcrk Sanat M\u00fczi\u011fi Korosu, d\u00fczenlenen konserde koro ve solo eserlerle \u0130neg\u00f6ll\u00fc sanatseverlere e\u015fsiz bir sanat gecesi ya\u015fatt\u0131. \u200b\u0130neg\u00f6l Belediyesi T\u00fcrk Sanat M\u00fczi\u011fi Korosu, d\u00fczenlenen konserde koro ve solo eserlerle \u0130neg\u00f6ll\u00fc sanatseverlere e\u015fsiz bir sanat gecesi ya\u015fatt\u0131.\u00a0 \u200bHaberin Al\u0131nt\u0131land\u0131\u011f\u0131 Kaynak: www.iskenderun.org<\/p>","protected":false},"author":1,"featured_media":0,"comment_status":"open","ping_status":"open","sticky":false,"template":"","format":"standard","meta":{"_acf_changed":false,"footnotes":""},"categories":[24],"tags":[],"class_list":["post-34299","post","type-post","status-publish","format-standard","has-post-thumbnail","hentry","category-gundem"],"acf":[],"yoast_head":"<!-- This site is optimized with the Yoast SEO Premium plugin v26.6 (Yoast SEO v27.1.1) - https:\/\/yoast.com\/product\/yoast-seo-premium-wordpress\/ -->\n<title>T\u00fcrk Sanat M\u00fczi\u011fi Korosundan Muhte\u015fem Performans - Av. Deniz Can K\u0131z\u0131l<\/title>\n<meta name=\"robots\" content=\"index, follow, max-snippet:-1, max-image-preview:large, max-video-preview:-1\" \/>\n<link rel=\"canonical\" href=\"https:\/\/denizcankizil.tr\/uk\/haberler\/gundem\/turk-sanat-muzigi-korosundan-muhtesem-performans\/\" \/>\n<meta property=\"og:locale\" content=\"uk_UA\" \/>\n<meta property=\"og:type\" content=\"article\" \/>\n<meta property=\"og:title\" content=\"T\u00fcrk Sanat M\u00fczi\u011fi Korosundan Muhte\u015fem Performans\" \/>\n<meta property=\"og:description\" content=\"\u0130neg\u00f6l Belediyesi T\u00fcrk Sanat M\u00fczi\u011fi Korosu, d\u00fczenlenen konserde koro ve solo eserlerle \u0130neg\u00f6ll\u00fc sanatseverlere e\u015fsiz bir sanat gecesi ya\u015fatt\u0131. \u200b\u0130neg\u00f6l Belediyesi T\u00fcrk Sanat M\u00fczi\u011fi Korosu, d\u00fczenlenen konserde koro ve solo eserlerle \u0130neg\u00f6ll\u00fc sanatseverlere e\u015fsiz bir sanat gecesi ya\u015fatt\u0131.\u00a0 \u200bHaberin Al\u0131nt\u0131land\u0131\u011f\u0131 Kaynak: www.iskenderun.org\" \/>\n<meta property=\"og:url\" content=\"https:\/\/denizcankizil.tr\/uk\/haberler\/gundem\/turk-sanat-muzigi-korosundan-muhtesem-performans\/\" \/>\n<meta property=\"og:site_name\" content=\"Av. Deniz Can K\u0131z\u0131l\" \/>\n<meta property=\"article:published_time\" content=\"2025-02-27T14:41:51+00:00\" \/>\n<meta name=\"author\" content=\"admin\" \/>\n<meta name=\"twitter:card\" content=\"summary_large_image\" \/>\n<meta name=\"twitter:label1\" content=\"\u041d\u0430\u043f\u0438\u0441\u0430\u043d\u043e\" \/>\n\t<meta name=\"twitter:data1\" content=\"admin\" \/>\n<script type=\"application\/ld+json\" class=\"yoast-schema-graph\">{\"@context\":\"https:\/\/schema.org\",\"@graph\":[{\"@type\":\"Article\",\"@id\":\"https:\/\/denizcankizil.tr\/uk\/haberler\/gundem\/turk-sanat-muzigi-korosundan-muhtesem-performans\/#article\",\"isPartOf\":{\"@id\":\"https:\/\/denizcankizil.tr\/uk\/haberler\/gundem\/turk-sanat-muzigi-korosundan-muhtesem-performans\/\"},\"author\":{\"name\":\"admin\",\"@id\":\"https:\/\/denizcankizil.tr\/#\/schema\/person\/be3c05fe6a12686905512445d8185489\"},\"headline\":\"T\u00fcrk Sanat M\u00fczi\u011fi Korosundan Muhte\u015fem Performans\",\"datePublished\":\"2025-02-27T14:41:51+00:00\",\"mainEntityOfPage\":{\"@id\":\"https:\/\/denizcankizil.tr\/uk\/haberler\/gundem\/turk-sanat-muzigi-korosundan-muhtesem-performans\/\"},\"wordCount\":72,\"commentCount\":0,\"publisher\":{\"@id\":\"https:\/\/denizcankizil.tr\/#organization\"},\"articleSection\":[\"G\u00fcndem\"],\"inLanguage\":\"uk\",\"potentialAction\":[{\"@type\":\"CommentAction\",\"name\":\"Comment\",\"target\":[\"https:\/\/denizcankizil.tr\/uk\/haberler\/gundem\/turk-sanat-muzigi-korosundan-muhtesem-performans\/#respond\"]}]},{\"@type\":\"WebPage\",\"@id\":\"https:\/\/denizcankizil.tr\/uk\/haberler\/gundem\/turk-sanat-muzigi-korosundan-muhtesem-performans\/\",\"url\":\"https:\/\/denizcankizil.tr\/uk\/haberler\/gundem\/turk-sanat-muzigi-korosundan-muhtesem-performans\/\",\"name\":\"T\u00fcrk Sanat M\u00fczi\u011fi Korosundan Muhte\u015fem Performans - Av. Deniz Can K\u0131z\u0131l\",\"isPartOf\":{\"@id\":\"https:\/\/denizcankizil.tr\/#website\"},\"datePublished\":\"2025-02-27T14:41:51+00:00\",\"breadcrumb\":{\"@id\":\"https:\/\/denizcankizil.tr\/uk\/haberler\/gundem\/turk-sanat-muzigi-korosundan-muhtesem-performans\/#breadcrumb\"},\"inLanguage\":\"uk\",\"potentialAction\":[{\"@type\":\"ReadAction\",\"target\":[\"https:\/\/denizcankizil.tr\/uk\/haberler\/gundem\/turk-sanat-muzigi-korosundan-muhtesem-performans\/\"]}]},{\"@type\":\"BreadcrumbList\",\"@id\":\"https:\/\/denizcankizil.tr\/uk\/haberler\/gundem\/turk-sanat-muzigi-korosundan-muhtesem-performans\/#breadcrumb\",\"itemListElement\":[{\"@type\":\"ListItem\",\"position\":1,\"name\":\"Home\",\"item\":\"https:\/\/denizcankizil.tr\/de\/\"},{\"@type\":\"ListItem\",\"position\":2,\"name\":\"T\u00fcrk Sanat M\u00fczi\u011fi Korosundan Muhte\u015fem Performans\"}]},{\"@type\":\"WebSite\",\"@id\":\"https:\/\/denizcankizil.tr\/#website\",\"url\":\"https:\/\/denizcankizil.tr\/\",\"name\":\"Av. Deniz Can K\u0131z\u0131l\",\"description\":\"Avukat Deniz Can K\u0131z\u0131l Antalya Barosu\",\"publisher\":{\"@id\":\"https:\/\/denizcankizil.tr\/#organization\"},\"potentialAction\":[{\"@type\":\"SearchAction\",\"target\":{\"@type\":\"EntryPoint\",\"urlTemplate\":\"https:\/\/denizcankizil.tr\/?s={search_term_string}\"},\"query-input\":{\"@type\":\"PropertyValueSpecification\",\"valueRequired\":true,\"valueName\":\"search_term_string\"}}],\"inLanguage\":\"uk\"},{\"@type\":\"Organization\",\"@id\":\"https:\/\/denizcankizil.tr\/#organization\",\"name\":\"Av. Deniz Can K\u0131z\u0131l\",\"url\":\"https:\/\/denizcankizil.tr\/\",\"logo\":{\"@type\":\"ImageObject\",\"inLanguage\":\"uk\",\"@id\":\"https:\/\/denizcankizil.tr\/#\/schema\/logo\/image\/\",\"url\":\"https:\/\/denizcankizil.tr\/wp-content\/uploads\/2024\/10\/siyah-logo-svg.svg\",\"contentUrl\":\"https:\/\/denizcankizil.tr\/wp-content\/uploads\/2024\/10\/siyah-logo-svg.svg\",\"width\":1080,\"height\":1080,\"caption\":\"Av. Deniz Can K\u0131z\u0131l\"},\"image\":{\"@id\":\"https:\/\/denizcankizil.tr\/#\/schema\/logo\/image\/\"}},{\"@type\":\"Person\",\"@id\":\"https:\/\/denizcankizil.tr\/#\/schema\/person\/be3c05fe6a12686905512445d8185489\",\"name\":\"admin\",\"image\":{\"@type\":\"ImageObject\",\"inLanguage\":\"uk\",\"@id\":\"https:\/\/denizcankizil.tr\/#\/schema\/person\/image\/\",\"url\":\"https:\/\/secure.gravatar.com\/avatar\/c1fce94c830dc79107e174f890d7210541c4a63e8e5d816341794a2151c9d58c?s=96&d=mm&r=g\",\"contentUrl\":\"https:\/\/secure.gravatar.com\/avatar\/c1fce94c830dc79107e174f890d7210541c4a63e8e5d816341794a2151c9d58c?s=96&d=mm&r=g\",\"caption\":\"admin\"},\"sameAs\":[\"http:\/\/denizcankizil.tr\"],\"url\":\"https:\/\/www.iskenderun.org\/turk-sanat-muzigi-korosundan-muhtesem-performans\"}]}<\/script>\n<!-- \/ Yoast SEO Premium plugin. -->","yoast_head_json":{"title":"T\u00fcrk Sanat M\u00fczi\u011fi Korosundan Muhte\u015fem Performans - Av. Deniz Can K\u0131z\u0131l","robots":{"index":"index","follow":"follow","max-snippet":"max-snippet:-1","max-image-preview":"max-image-preview:large","max-video-preview":"max-video-preview:-1"},"canonical":"https:\/\/denizcankizil.tr\/uk\/haberler\/gundem\/turk-sanat-muzigi-korosundan-muhtesem-performans\/","og_locale":"uk_UA","og_type":"article","og_title":"T\u00fcrk Sanat M\u00fczi\u011fi Korosundan Muhte\u015fem Performans","og_description":"\u0130neg\u00f6l Belediyesi T\u00fcrk Sanat M\u00fczi\u011fi Korosu, d\u00fczenlenen konserde koro ve solo eserlerle \u0130neg\u00f6ll\u00fc sanatseverlere e\u015fsiz bir sanat gecesi ya\u015fatt\u0131. \u200b\u0130neg\u00f6l Belediyesi T\u00fcrk Sanat M\u00fczi\u011fi Korosu, d\u00fczenlenen konserde koro ve solo eserlerle \u0130neg\u00f6ll\u00fc sanatseverlere e\u015fsiz bir sanat gecesi ya\u015fatt\u0131.\u00a0 \u200bHaberin Al\u0131nt\u0131land\u0131\u011f\u0131 Kaynak: www.iskenderun.org","og_url":"https:\/\/denizcankizil.tr\/uk\/haberler\/gundem\/turk-sanat-muzigi-korosundan-muhtesem-performans\/","og_site_name":"Av. Deniz Can K\u0131z\u0131l","article_published_time":"2025-02-27T14:41:51+00:00","author":"admin","twitter_card":"summary_large_image","twitter_misc":{"\u041d\u0430\u043f\u0438\u0441\u0430\u043d\u043e":"admin"},"schema":{"@context":"https:\/\/schema.org","@graph":[{"@type":"Article","@id":"https:\/\/denizcankizil.tr\/uk\/haberler\/gundem\/turk-sanat-muzigi-korosundan-muhtesem-performans\/#article","isPartOf":{"@id":"https:\/\/denizcankizil.tr\/uk\/haberler\/gundem\/turk-sanat-muzigi-korosundan-muhtesem-performans\/"},"author":{"name":"admin","@id":"https:\/\/denizcankizil.tr\/#\/schema\/person\/be3c05fe6a12686905512445d8185489"},"headline":"T\u00fcrk Sanat M\u00fczi\u011fi Korosundan Muhte\u015fem Performans","datePublished":"2025-02-27T14:41:51+00:00","mainEntityOfPage":{"@id":"https:\/\/denizcankizil.tr\/uk\/haberler\/gundem\/turk-sanat-muzigi-korosundan-muhtesem-performans\/"},"wordCount":72,"commentCount":0,"publisher":{"@id":"https:\/\/denizcankizil.tr\/#organization"},"articleSection":["G\u00fcndem"],"inLanguage":"uk","potentialAction":[{"@type":"CommentAction","name":"Comment","target":["https:\/\/denizcankizil.tr\/uk\/haberler\/gundem\/turk-sanat-muzigi-korosundan-muhtesem-performans\/#respond"]}]},{"@type":"WebPage","@id":"https:\/\/denizcankizil.tr\/uk\/haberler\/gundem\/turk-sanat-muzigi-korosundan-muhtesem-performans\/","url":"https:\/\/denizcankizil.tr\/uk\/haberler\/gundem\/turk-sanat-muzigi-korosundan-muhtesem-performans\/","name":"T\u00fcrk Sanat M\u00fczi\u011fi Korosundan Muhte\u015fem Performans - Av. Deniz Can K\u0131z\u0131l","isPartOf":{"@id":"https:\/\/denizcankizil.tr\/#website"},"datePublished":"2025-02-27T14:41:51+00:00","breadcrumb":{"@id":"https:\/\/denizcankizil.tr\/uk\/haberler\/gundem\/turk-sanat-muzigi-korosundan-muhtesem-performans\/#breadcrumb"},"inLanguage":"uk","potentialAction":[{"@type":"ReadAction","target":["https:\/\/denizcankizil.tr\/uk\/haberler\/gundem\/turk-sanat-muzigi-korosundan-muhtesem-performans\/"]}]},{"@type":"BreadcrumbList","@id":"https:\/\/denizcankizil.tr\/uk\/haberler\/gundem\/turk-sanat-muzigi-korosundan-muhtesem-performans\/#breadcrumb","itemListElement":[{"@type":"ListItem","position":1,"name":"Home","item":"https:\/\/denizcankizil.tr\/de\/"},{"@type":"ListItem","position":2,"name":"T\u00fcrk Sanat M\u00fczi\u011fi Korosundan Muhte\u015fem Performans"}]},{"@type":"WebSite","@id":"https:\/\/denizcankizil.tr\/#website","url":"https:\/\/denizcankizil.tr\/","name":"Av. Deniz Can K\u0131z\u0131l","description":"Avukat Deniz Can K\u0131z\u0131l Antalya Barosu","publisher":{"@id":"https:\/\/denizcankizil.tr\/#organization"},"potentialAction":[{"@type":"SearchAction","target":{"@type":"EntryPoint","urlTemplate":"https:\/\/denizcankizil.tr\/?s={search_term_string}"},"query-input":{"@type":"PropertyValueSpecification","valueRequired":true,"valueName":"search_term_string"}}],"inLanguage":"uk"},{"@type":"Organization","@id":"https:\/\/denizcankizil.tr\/#organization","name":"Av. Deniz Can K\u0131z\u0131l","url":"https:\/\/denizcankizil.tr\/","logo":{"@type":"ImageObject","inLanguage":"uk","@id":"https:\/\/denizcankizil.tr\/#\/schema\/logo\/image\/","url":"https:\/\/denizcankizil.tr\/wp-content\/uploads\/2024\/10\/siyah-logo-svg.svg","contentUrl":"https:\/\/denizcankizil.tr\/wp-content\/uploads\/2024\/10\/siyah-logo-svg.svg","width":1080,"height":1080,"caption":"Av. Deniz Can K\u0131z\u0131l"},"image":{"@id":"https:\/\/denizcankizil.tr\/#\/schema\/logo\/image\/"}},{"@type":"Person","@id":"https:\/\/denizcankizil.tr\/#\/schema\/person\/be3c05fe6a12686905512445d8185489","name":"\u0430\u0434\u043c\u0456\u043d","image":{"@type":"ImageObject","inLanguage":"uk","@id":"https:\/\/denizcankizil.tr\/#\/schema\/person\/image\/","url":"https:\/\/secure.gravatar.com\/avatar\/c1fce94c830dc79107e174f890d7210541c4a63e8e5d816341794a2151c9d58c?s=96&d=mm&r=g","contentUrl":"https:\/\/secure.gravatar.com\/avatar\/c1fce94c830dc79107e174f890d7210541c4a63e8e5d816341794a2151c9d58c?s=96&d=mm&r=g","caption":"admin"},"sameAs":["http:\/\/denizcankizil.tr"],"url":"https:\/\/www.iskenderun.org\/turk-sanat-muzigi-korosundan-muhtesem-performans"}]}},"_links":{"self":[{"href":"https:\/\/denizcankizil.tr\/uk\/wp-json\/wp\/v2\/posts\/34299","targetHints":{"allow":["GET"]}}],"collection":[{"href":"https:\/\/denizcankizil.tr\/uk\/wp-json\/wp\/v2\/posts"}],"about":[{"href":"https:\/\/denizcankizil.tr\/uk\/wp-json\/wp\/v2\/types\/post"}],"author":[{"embeddable":true,"href":"https:\/\/denizcankizil.tr\/uk\/wp-json\/wp\/v2\/users\/1"}],"replies":[{"embeddable":true,"href":"https:\/\/denizcankizil.tr\/uk\/wp-json\/wp\/v2\/comments?post=34299"}],"version-history":[{"count":0,"href":"https:\/\/denizcankizil.tr\/uk\/wp-json\/wp\/v2\/posts\/34299\/revisions"}],"wp:attachment":[{"href":"https:\/\/denizcankizil.tr\/uk\/wp-json\/wp\/v2\/media?parent=34299"}],"wp:term":[{"taxonomy":"category","embeddable":true,"href":"https:\/\/denizcankizil.tr\/uk\/wp-json\/wp\/v2\/categories?post=34299"},{"taxonomy":"post_tag","embeddable":true,"href":"https:\/\/denizcankizil.tr\/uk\/wp-json\/wp\/v2\/tags?post=34299"}],"curies":[{"name":"wp","href":"https:\/\/api.w.org\/{rel}","templated":true}]}}