{"id":34284,"date":"2025-02-27T17:41:15","date_gmt":"2025-02-27T14:41:15","guid":{"rendered":"https:\/\/denizcankizil.tr\/uncategorized-tr\/fotokapana-yakalandilar\/"},"modified":"2025-02-27T17:41:15","modified_gmt":"2025-02-27T14:41:15","slug":"fotokapana-yakalandilar","status":"publish","type":"post","link":"https:\/\/denizcankizil.tr\/uk\/haberler\/antalya\/fotokapana-yakalandilar\/","title":{"rendered":"Fotokapana yakaland\u0131lar"},"content":{"rendered":"<p>Alanya Belediyesi, \u00e7evre kirlili\u011fini \u00f6nlemek ve do\u011fay\u0131 korumak amac\u0131yla ka\u00e7ak moloz ile hafriyat d\u00f6k\u00fcmlerine kar\u015f\u0131 denetimlerini s\u00fcrd\u00fcrd\u00fc. Zab\u0131ta M\u00fcd\u00fcrl\u00fc\u011f\u00fc ekipleri, belirlenen noktalara yerle\u015ftirilen fotokapan kameralar sayesinde son bir haftada ka\u00e7ak moloz ve hafriyat d\u00f6ken 6 arac\u0131 tespit etti. Kameralara yakalanan ara\u00e7 sahipleri hakk\u0131nda ilgili mevzuat \u00e7er\u00e7evesinde cezai i\u015flem uyguland\u0131.<\/p>\n<p>BA\u015eKAN \u00d6Z\u00c7EL\u0130K: KES\u0130NL\u0130KLE M\u00dcSAMAHA G\u00d6STERMEYECE\u011e\u0130Z<\/p>\n<p>Do\u011fa ve \u00e7evrenin korunmas\u0131 gerekti\u011finin \u00f6nemine dikkati \u00e7eken Alanya Belediye Ba\u015fkan\u0131 Osman Tar\u0131k \u00d6z\u00e7elik, do\u011fa dostu bir kent olu\u015fturmak i\u00e7in \u00e7evreye zarar veren her t\u00fcrl\u00fc faaliyete kar\u015f\u0131 kararl\u0131 olduklar\u0131n\u0131 s\u00f6yledi. Muhtelif yerlere foto kapan kurduklar\u0131n\u0131 ve zab\u0131ta personelinin takip etti\u011fini kaydeden Ba\u015fkan \u00d6z\u00e7elik, &#8220;Ka\u00e7ak moloz ve hafriyat d\u00f6k\u00fcmlerine kesinlikle m\u00fcsamaha g\u00f6stermeyece\u011fiz. \u00c7evremizi korumak hepimizin sorumlulu\u011fudur. Denetimlerimiz artarak devam edecek. Vatanda\u015flar\u0131m\u0131z\u0131 \u00e7evremizi koruma konusunda duyarl\u0131 davranmaya davet ediyorum&#8221; dedi<\/p>\n<p>Kaynak: www.kanalv.com.tr Haber Sitesinden Al\u0131nm\u0131\u015ft\u0131r.<\/p>","protected":false},"excerpt":{"rendered":"<p>Alanya Belediyesi, \u00e7evre kirlili\u011fini \u00f6nlemek ve do\u011fay\u0131 korumak amac\u0131yla ka\u00e7ak moloz ile hafriyat d\u00f6k\u00fcmlerine kar\u015f\u0131 denetimlerini s\u00fcrd\u00fcrd\u00fc. Zab\u0131ta M\u00fcd\u00fcrl\u00fc\u011f\u00fc ekipleri, belirlenen noktalara yerle\u015ftirilen fotokapan kameralar sayesinde son bir haftada ka\u00e7ak moloz ve hafriyat d\u00f6ken 6 arac\u0131 tespit etti. Kameralara yakalanan ara\u00e7 sahipleri hakk\u0131nda ilgili mevzuat \u00e7er\u00e7evesinde cezai i\u015flem uyguland\u0131. BA\u015eKAN \u00d6Z\u00c7EL\u0130K: KES\u0130NL\u0130KLE M\u00dcSAMAHA G\u00d6STERMEYECE\u011e\u0130Z Do\u011fa ve \u00e7evrenin korunmas\u0131 gerekti\u011finin \u00f6nemine dikkati \u00e7eken Alanya Belediye Ba\u015fkan\u0131 Osman Tar\u0131k \u00d6z\u00e7elik, do\u011fa dostu bir kent olu\u015fturmak i\u00e7in \u00e7evreye zarar veren her t\u00fcrl\u00fc faaliyete kar\u015f\u0131 kararl\u0131 olduklar\u0131n\u0131 s\u00f6yledi. Muhtelif yerlere foto kapan kurduklar\u0131n\u0131 ve zab\u0131ta personelinin takip etti\u011fini kaydeden Ba\u015fkan \u00d6z\u00e7elik, &#8220;Ka\u00e7ak moloz ve hafriyat d\u00f6k\u00fcmlerine kesinlikle m\u00fcsamaha g\u00f6stermeyece\u011fiz. \u00c7evremizi korumak hepimizin sorumlulu\u011fudur. Denetimlerimiz artarak devam edecek. Vatanda\u015flar\u0131m\u0131z\u0131 \u00e7evremizi koruma konusunda duyarl\u0131 davranmaya davet ediyorum&#8221; dedi Kaynak: www.kanalv.com.tr Haber Sitesinden Al\u0131nm\u0131\u015ft\u0131r.<\/p>","protected":false},"author":4,"featured_media":34285,"comment_status":"open","ping_status":"open","sticky":false,"template":"","format":"standard","meta":{"_acf_changed":false,"footnotes":""},"categories":[26],"tags":[],"class_list":["post-34284","post","type-post","status-publish","format-standard","has-post-thumbnail","hentry","category-antalya"],"acf":[],"yoast_head":"<!-- This site is optimized with the Yoast SEO Premium plugin v26.6 (Yoast SEO v27.1.1) - https:\/\/yoast.com\/product\/yoast-seo-premium-wordpress\/ -->\n<title>Fotokapana yakaland\u0131lar - Av. Deniz Can K\u0131z\u0131l<\/title>\n<meta name=\"robots\" content=\"index, follow, max-snippet:-1, max-image-preview:large, max-video-preview:-1\" \/>\n<link rel=\"canonical\" href=\"https:\/\/denizcankizil.tr\/uk\/haberler\/antalya\/fotokapana-yakalandilar\/\" \/>\n<meta property=\"og:locale\" content=\"uk_UA\" \/>\n<meta property=\"og:type\" content=\"article\" \/>\n<meta property=\"og:title\" content=\"Fotokapana yakaland\u0131lar\" \/>\n<meta property=\"og:description\" content=\"Alanya Belediyesi, \u00e7evre kirlili\u011fini \u00f6nlemek ve do\u011fay\u0131 korumak amac\u0131yla ka\u00e7ak moloz ile hafriyat d\u00f6k\u00fcmlerine kar\u015f\u0131 denetimlerini s\u00fcrd\u00fcrd\u00fc. Zab\u0131ta M\u00fcd\u00fcrl\u00fc\u011f\u00fc ekipleri, belirlenen noktalara yerle\u015ftirilen fotokapan kameralar sayesinde son bir haftada ka\u00e7ak moloz ve hafriyat d\u00f6ken 6 arac\u0131 tespit etti. Kameralara yakalanan ara\u00e7 sahipleri hakk\u0131nda ilgili mevzuat \u00e7er\u00e7evesinde cezai i\u015flem uyguland\u0131. BA\u015eKAN \u00d6Z\u00c7EL\u0130K: KES\u0130NL\u0130KLE M\u00dcSAMAHA G\u00d6STERMEYECE\u011e\u0130Z Do\u011fa ve \u00e7evrenin korunmas\u0131 gerekti\u011finin \u00f6nemine dikkati \u00e7eken Alanya Belediye Ba\u015fkan\u0131 Osman Tar\u0131k \u00d6z\u00e7elik, do\u011fa dostu bir kent olu\u015fturmak i\u00e7in \u00e7evreye zarar veren her t\u00fcrl\u00fc faaliyete kar\u015f\u0131 kararl\u0131 olduklar\u0131n\u0131 s\u00f6yledi. Muhtelif yerlere foto kapan kurduklar\u0131n\u0131 ve zab\u0131ta personelinin takip etti\u011fini kaydeden Ba\u015fkan \u00d6z\u00e7elik, &#8220;Ka\u00e7ak moloz ve hafriyat d\u00f6k\u00fcmlerine kesinlikle m\u00fcsamaha g\u00f6stermeyece\u011fiz. \u00c7evremizi korumak hepimizin sorumlulu\u011fudur. Denetimlerimiz artarak devam edecek. Vatanda\u015flar\u0131m\u0131z\u0131 \u00e7evremizi koruma konusunda duyarl\u0131 davranmaya davet ediyorum&#8221; dedi Kaynak: www.kanalv.com.tr Haber Sitesinden Al\u0131nm\u0131\u015ft\u0131r.\" \/>\n<meta property=\"og:url\" content=\"https:\/\/denizcankizil.tr\/uk\/haberler\/antalya\/fotokapana-yakalandilar\/\" \/>\n<meta property=\"og:site_name\" content=\"Av. Deniz Can K\u0131z\u0131l\" \/>\n<meta property=\"article:published_time\" content=\"2025-02-27T14:41:15+00:00\" \/>\n<meta property=\"og:image\" content=\"https:\/\/denizcankizil.tr\/wp-content\/uploads\/2025\/02\/5221-01-ypDPQh.jpeg\" \/>\n\t<meta property=\"og:image:width\" content=\"1280\" \/>\n\t<meta property=\"og:image:height\" content=\"720\" \/>\n\t<meta property=\"og:image:type\" content=\"image\/jpeg\" \/>\n<meta name=\"author\" content=\"Av. Deniz Can K\u0131z\u0131l\" \/>\n<meta name=\"twitter:card\" content=\"summary_large_image\" \/>\n<meta name=\"twitter:label1\" content=\"\u041d\u0430\u043f\u0438\u0441\u0430\u043d\u043e\" \/>\n\t<meta name=\"twitter:data1\" content=\"Av. Deniz Can K\u0131z\u0131l\" \/>\n\t<meta name=\"twitter:label2\" content=\"\u041f\u0440\u0438\u0431\u043b. \u0447\u0430\u0441 \u0447\u0438\u0442\u0430\u043d\u043d\u044f\" \/>\n\t<meta name=\"twitter:data2\" content=\"1 \u0445\u0432\u0438\u043b\u0438\u043d\u0430\" \/>\n<script type=\"application\/ld+json\" class=\"yoast-schema-graph\">{\"@context\":\"https:\/\/schema.org\",\"@graph\":[{\"@type\":\"Article\",\"@id\":\"https:\/\/denizcankizil.tr\/uk\/haberler\/antalya\/fotokapana-yakalandilar\/#article\",\"isPartOf\":{\"@id\":\"https:\/\/denizcankizil.tr\/uk\/haberler\/antalya\/fotokapana-yakalandilar\/\"},\"author\":{\"name\":\"Av. Deniz Can K\u0131z\u0131l\",\"@id\":\"https:\/\/denizcankizil.tr\/de\/#\/schema\/person\/5dc1b22991bd7ac833867c10afc9b0ff\"},\"headline\":\"Fotokapana yakaland\u0131lar\",\"datePublished\":\"2025-02-27T14:41:15+00:00\",\"mainEntityOfPage\":{\"@id\":\"https:\/\/denizcankizil.tr\/uk\/haberler\/antalya\/fotokapana-yakalandilar\/\"},\"wordCount\":186,\"commentCount\":0,\"publisher\":{\"@id\":\"https:\/\/denizcankizil.tr\/de\/#organization\"},\"image\":{\"@id\":\"https:\/\/denizcankizil.tr\/uk\/haberler\/antalya\/fotokapana-yakalandilar\/#primaryimage\"},\"thumbnailUrl\":\"https:\/\/denizcankizil.tr\/wp-content\/uploads\/2025\/02\/5221-01-ypDPQh.jpeg\",\"articleSection\":[\"Antalya\"],\"inLanguage\":\"uk\",\"potentialAction\":[{\"@type\":\"CommentAction\",\"name\":\"Comment\",\"target\":[\"https:\/\/denizcankizil.tr\/uk\/haberler\/antalya\/fotokapana-yakalandilar\/#respond\"]}]},{\"@type\":\"WebPage\",\"@id\":\"https:\/\/denizcankizil.tr\/uk\/haberler\/antalya\/fotokapana-yakalandilar\/\",\"url\":\"https:\/\/denizcankizil.tr\/uk\/haberler\/antalya\/fotokapana-yakalandilar\/\",\"name\":\"Fotokapana yakaland\u0131lar - Av. Deniz Can K\u0131z\u0131l\",\"isPartOf\":{\"@id\":\"https:\/\/denizcankizil.tr\/de\/#website\"},\"primaryImageOfPage\":{\"@id\":\"https:\/\/denizcankizil.tr\/uk\/haberler\/antalya\/fotokapana-yakalandilar\/#primaryimage\"},\"image\":{\"@id\":\"https:\/\/denizcankizil.tr\/uk\/haberler\/antalya\/fotokapana-yakalandilar\/#primaryimage\"},\"thumbnailUrl\":\"https:\/\/denizcankizil.tr\/wp-content\/uploads\/2025\/02\/5221-01-ypDPQh.jpeg\",\"datePublished\":\"2025-02-27T14:41:15+00:00\",\"breadcrumb\":{\"@id\":\"https:\/\/denizcankizil.tr\/uk\/haberler\/antalya\/fotokapana-yakalandilar\/#breadcrumb\"},\"inLanguage\":\"uk\",\"potentialAction\":[{\"@type\":\"ReadAction\",\"target\":[\"https:\/\/denizcankizil.tr\/uk\/haberler\/antalya\/fotokapana-yakalandilar\/\"]}]},{\"@type\":\"ImageObject\",\"inLanguage\":\"uk\",\"@id\":\"https:\/\/denizcankizil.tr\/uk\/haberler\/antalya\/fotokapana-yakalandilar\/#primaryimage\",\"url\":\"https:\/\/denizcankizil.tr\/wp-content\/uploads\/2025\/02\/5221-01-ypDPQh.jpeg\",\"contentUrl\":\"https:\/\/denizcankizil.tr\/wp-content\/uploads\/2025\/02\/5221-01-ypDPQh.jpeg\",\"width\":1280,\"height\":720},{\"@type\":\"BreadcrumbList\",\"@id\":\"https:\/\/denizcankizil.tr\/uk\/haberler\/antalya\/fotokapana-yakalandilar\/#breadcrumb\",\"itemListElement\":[{\"@type\":\"ListItem\",\"position\":1,\"name\":\"Home\",\"item\":\"https:\/\/denizcankizil.tr\/de\/\"},{\"@type\":\"ListItem\",\"position\":2,\"name\":\"Fotokapana yakaland\u0131lar\"}]},{\"@type\":\"WebSite\",\"@id\":\"https:\/\/denizcankizil.tr\/de\/#website\",\"url\":\"https:\/\/denizcankizil.tr\/de\/\",\"name\":\"Av. Deniz Can K\u0131z\u0131l\",\"description\":\"Avukat Deniz Can K\u0131z\u0131l Antalya Barosu\",\"publisher\":{\"@id\":\"https:\/\/denizcankizil.tr\/de\/#organization\"},\"potentialAction\":[{\"@type\":\"SearchAction\",\"target\":{\"@type\":\"EntryPoint\",\"urlTemplate\":\"https:\/\/denizcankizil.tr\/de\/?s={search_term_string}\"},\"query-input\":{\"@type\":\"PropertyValueSpecification\",\"valueRequired\":true,\"valueName\":\"search_term_string\"}}],\"inLanguage\":\"uk\"},{\"@type\":\"Organization\",\"@id\":\"https:\/\/denizcankizil.tr\/de\/#organization\",\"name\":\"Av. Deniz Can K\u0131z\u0131l\",\"url\":\"https:\/\/denizcankizil.tr\/de\/\",\"logo\":{\"@type\":\"ImageObject\",\"inLanguage\":\"uk\",\"@id\":\"https:\/\/denizcankizil.tr\/de\/#\/schema\/logo\/image\/\",\"url\":\"https:\/\/denizcankizil.tr\/wp-content\/uploads\/2024\/10\/siyah-logo-svg.svg\",\"contentUrl\":\"https:\/\/denizcankizil.tr\/wp-content\/uploads\/2024\/10\/siyah-logo-svg.svg\",\"width\":1080,\"height\":1080,\"caption\":\"Av. Deniz Can K\u0131z\u0131l\"},\"image\":{\"@id\":\"https:\/\/denizcankizil.tr\/de\/#\/schema\/logo\/image\/\"}},{\"@type\":\"Person\",\"@id\":\"https:\/\/denizcankizil.tr\/de\/#\/schema\/person\/5dc1b22991bd7ac833867c10afc9b0ff\",\"name\":\"Av. Deniz Can K\u0131z\u0131l\",\"image\":{\"@type\":\"ImageObject\",\"inLanguage\":\"uk\",\"@id\":\"https:\/\/denizcankizil.tr\/de\/#\/schema\/person\/image\/\",\"url\":\"https:\/\/secure.gravatar.com\/avatar\/a0b128fb9855c79efc976d5640eedb31dc35ec297594d6016d2cf7c60e975bb6?s=96&d=mm&r=g\",\"contentUrl\":\"https:\/\/secure.gravatar.com\/avatar\/a0b128fb9855c79efc976d5640eedb31dc35ec297594d6016d2cf7c60e975bb6?s=96&d=mm&r=g\",\"caption\":\"Av. Deniz Can K\u0131z\u0131l\"},\"sameAs\":[\"http:\/\/www.denizcankizil.tr\"],\"url\":\"https:\/\/denizcankizil.tr\/uk\/author\/denizcankizil\/\"}]}<\/script>\n<!-- \/ Yoast SEO Premium plugin. -->","yoast_head_json":{"title":"Fotokapana yakaland\u0131lar - Av. Deniz Can K\u0131z\u0131l","robots":{"index":"index","follow":"follow","max-snippet":"max-snippet:-1","max-image-preview":"max-image-preview:large","max-video-preview":"max-video-preview:-1"},"canonical":"https:\/\/denizcankizil.tr\/uk\/haberler\/antalya\/fotokapana-yakalandilar\/","og_locale":"uk_UA","og_type":"article","og_title":"Fotokapana yakaland\u0131lar","og_description":"Alanya Belediyesi, \u00e7evre kirlili\u011fini \u00f6nlemek ve do\u011fay\u0131 korumak amac\u0131yla ka\u00e7ak moloz ile hafriyat d\u00f6k\u00fcmlerine kar\u015f\u0131 denetimlerini s\u00fcrd\u00fcrd\u00fc. Zab\u0131ta M\u00fcd\u00fcrl\u00fc\u011f\u00fc ekipleri, belirlenen noktalara yerle\u015ftirilen fotokapan kameralar sayesinde son bir haftada ka\u00e7ak moloz ve hafriyat d\u00f6ken 6 arac\u0131 tespit etti. Kameralara yakalanan ara\u00e7 sahipleri hakk\u0131nda ilgili mevzuat \u00e7er\u00e7evesinde cezai i\u015flem uyguland\u0131. BA\u015eKAN \u00d6Z\u00c7EL\u0130K: KES\u0130NL\u0130KLE M\u00dcSAMAHA G\u00d6STERMEYECE\u011e\u0130Z Do\u011fa ve \u00e7evrenin korunmas\u0131 gerekti\u011finin \u00f6nemine dikkati \u00e7eken Alanya Belediye Ba\u015fkan\u0131 Osman Tar\u0131k \u00d6z\u00e7elik, do\u011fa dostu bir kent olu\u015fturmak i\u00e7in \u00e7evreye zarar veren her t\u00fcrl\u00fc faaliyete kar\u015f\u0131 kararl\u0131 olduklar\u0131n\u0131 s\u00f6yledi. Muhtelif yerlere foto kapan kurduklar\u0131n\u0131 ve zab\u0131ta personelinin takip etti\u011fini kaydeden Ba\u015fkan \u00d6z\u00e7elik, &#8220;Ka\u00e7ak moloz ve hafriyat d\u00f6k\u00fcmlerine kesinlikle m\u00fcsamaha g\u00f6stermeyece\u011fiz. \u00c7evremizi korumak hepimizin sorumlulu\u011fudur. Denetimlerimiz artarak devam edecek. Vatanda\u015flar\u0131m\u0131z\u0131 \u00e7evremizi koruma konusunda duyarl\u0131 davranmaya davet ediyorum&#8221; dedi Kaynak: www.kanalv.com.tr Haber Sitesinden Al\u0131nm\u0131\u015ft\u0131r.","og_url":"https:\/\/denizcankizil.tr\/uk\/haberler\/antalya\/fotokapana-yakalandilar\/","og_site_name":"Av. Deniz Can K\u0131z\u0131l","article_published_time":"2025-02-27T14:41:15+00:00","og_image":[{"width":1280,"height":720,"url":"https:\/\/denizcankizil.tr\/wp-content\/uploads\/2025\/02\/5221-01-ypDPQh.jpeg","type":"image\/jpeg"}],"author":"Av. Deniz Can K\u0131z\u0131l","twitter_card":"summary_large_image","twitter_misc":{"\u041d\u0430\u043f\u0438\u0441\u0430\u043d\u043e":"Av. Deniz Can K\u0131z\u0131l","\u041f\u0440\u0438\u0431\u043b. \u0447\u0430\u0441 \u0447\u0438\u0442\u0430\u043d\u043d\u044f":"1 \u0445\u0432\u0438\u043b\u0438\u043d\u0430"},"schema":{"@context":"https:\/\/schema.org","@graph":[{"@type":"Article","@id":"https:\/\/denizcankizil.tr\/uk\/haberler\/antalya\/fotokapana-yakalandilar\/#article","isPartOf":{"@id":"https:\/\/denizcankizil.tr\/uk\/haberler\/antalya\/fotokapana-yakalandilar\/"},"author":{"name":"Av. Deniz Can K\u0131z\u0131l","@id":"https:\/\/denizcankizil.tr\/de\/#\/schema\/person\/5dc1b22991bd7ac833867c10afc9b0ff"},"headline":"Fotokapana yakaland\u0131lar","datePublished":"2025-02-27T14:41:15+00:00","mainEntityOfPage":{"@id":"https:\/\/denizcankizil.tr\/uk\/haberler\/antalya\/fotokapana-yakalandilar\/"},"wordCount":186,"commentCount":0,"publisher":{"@id":"https:\/\/denizcankizil.tr\/de\/#organization"},"image":{"@id":"https:\/\/denizcankizil.tr\/uk\/haberler\/antalya\/fotokapana-yakalandilar\/#primaryimage"},"thumbnailUrl":"https:\/\/denizcankizil.tr\/wp-content\/uploads\/2025\/02\/5221-01-ypDPQh.jpeg","articleSection":["Antalya"],"inLanguage":"uk","potentialAction":[{"@type":"CommentAction","name":"Comment","target":["https:\/\/denizcankizil.tr\/uk\/haberler\/antalya\/fotokapana-yakalandilar\/#respond"]}]},{"@type":"WebPage","@id":"https:\/\/denizcankizil.tr\/uk\/haberler\/antalya\/fotokapana-yakalandilar\/","url":"https:\/\/denizcankizil.tr\/uk\/haberler\/antalya\/fotokapana-yakalandilar\/","name":"Fotokapana yakaland\u0131lar - Av. Deniz Can K\u0131z\u0131l","isPartOf":{"@id":"https:\/\/denizcankizil.tr\/de\/#website"},"primaryImageOfPage":{"@id":"https:\/\/denizcankizil.tr\/uk\/haberler\/antalya\/fotokapana-yakalandilar\/#primaryimage"},"image":{"@id":"https:\/\/denizcankizil.tr\/uk\/haberler\/antalya\/fotokapana-yakalandilar\/#primaryimage"},"thumbnailUrl":"https:\/\/denizcankizil.tr\/wp-content\/uploads\/2025\/02\/5221-01-ypDPQh.jpeg","datePublished":"2025-02-27T14:41:15+00:00","breadcrumb":{"@id":"https:\/\/denizcankizil.tr\/uk\/haberler\/antalya\/fotokapana-yakalandilar\/#breadcrumb"},"inLanguage":"uk","potentialAction":[{"@type":"ReadAction","target":["https:\/\/denizcankizil.tr\/uk\/haberler\/antalya\/fotokapana-yakalandilar\/"]}]},{"@type":"ImageObject","inLanguage":"uk","@id":"https:\/\/denizcankizil.tr\/uk\/haberler\/antalya\/fotokapana-yakalandilar\/#primaryimage","url":"https:\/\/denizcankizil.tr\/wp-content\/uploads\/2025\/02\/5221-01-ypDPQh.jpeg","contentUrl":"https:\/\/denizcankizil.tr\/wp-content\/uploads\/2025\/02\/5221-01-ypDPQh.jpeg","width":1280,"height":720},{"@type":"BreadcrumbList","@id":"https:\/\/denizcankizil.tr\/uk\/haberler\/antalya\/fotokapana-yakalandilar\/#breadcrumb","itemListElement":[{"@type":"ListItem","position":1,"name":"Home","item":"https:\/\/denizcankizil.tr\/de\/"},{"@type":"ListItem","position":2,"name":"Fotokapana yakaland\u0131lar"}]},{"@type":"WebSite","@id":"https:\/\/denizcankizil.tr\/de\/#website","url":"https:\/\/denizcankizil.tr\/de\/","name":"Av. Deniz Can K\u0131z\u0131l","description":"Avukat Deniz Can K\u0131z\u0131l Antalya Barosu","publisher":{"@id":"https:\/\/denizcankizil.tr\/de\/#organization"},"potentialAction":[{"@type":"SearchAction","target":{"@type":"EntryPoint","urlTemplate":"https:\/\/denizcankizil.tr\/de\/?s={search_term_string}"},"query-input":{"@type":"PropertyValueSpecification","valueRequired":true,"valueName":"search_term_string"}}],"inLanguage":"uk"},{"@type":"Organization","@id":"https:\/\/denizcankizil.tr\/de\/#organization","name":"Av. Deniz Can K\u0131z\u0131l","url":"https:\/\/denizcankizil.tr\/de\/","logo":{"@type":"ImageObject","inLanguage":"uk","@id":"https:\/\/denizcankizil.tr\/de\/#\/schema\/logo\/image\/","url":"https:\/\/denizcankizil.tr\/wp-content\/uploads\/2024\/10\/siyah-logo-svg.svg","contentUrl":"https:\/\/denizcankizil.tr\/wp-content\/uploads\/2024\/10\/siyah-logo-svg.svg","width":1080,"height":1080,"caption":"Av. Deniz Can K\u0131z\u0131l"},"image":{"@id":"https:\/\/denizcankizil.tr\/de\/#\/schema\/logo\/image\/"}},{"@type":"Person","@id":"https:\/\/denizcankizil.tr\/de\/#\/schema\/person\/5dc1b22991bd7ac833867c10afc9b0ff","name":"Av. Deniz Can K\u0131z\u0131l","image":{"@type":"ImageObject","inLanguage":"uk","@id":"https:\/\/denizcankizil.tr\/de\/#\/schema\/person\/image\/","url":"https:\/\/secure.gravatar.com\/avatar\/a0b128fb9855c79efc976d5640eedb31dc35ec297594d6016d2cf7c60e975bb6?s=96&d=mm&r=g","contentUrl":"https:\/\/secure.gravatar.com\/avatar\/a0b128fb9855c79efc976d5640eedb31dc35ec297594d6016d2cf7c60e975bb6?s=96&d=mm&r=g","caption":"Av. Deniz Can K\u0131z\u0131l"},"sameAs":["http:\/\/www.denizcankizil.tr"],"url":"https:\/\/denizcankizil.tr\/uk\/author\/denizcankizil\/"}]}},"_links":{"self":[{"href":"https:\/\/denizcankizil.tr\/uk\/wp-json\/wp\/v2\/posts\/34284","targetHints":{"allow":["GET"]}}],"collection":[{"href":"https:\/\/denizcankizil.tr\/uk\/wp-json\/wp\/v2\/posts"}],"about":[{"href":"https:\/\/denizcankizil.tr\/uk\/wp-json\/wp\/v2\/types\/post"}],"author":[{"embeddable":true,"href":"https:\/\/denizcankizil.tr\/uk\/wp-json\/wp\/v2\/users\/4"}],"replies":[{"embeddable":true,"href":"https:\/\/denizcankizil.tr\/uk\/wp-json\/wp\/v2\/comments?post=34284"}],"version-history":[{"count":0,"href":"https:\/\/denizcankizil.tr\/uk\/wp-json\/wp\/v2\/posts\/34284\/revisions"}],"wp:featuredmedia":[{"embeddable":true,"href":"https:\/\/denizcankizil.tr\/uk\/wp-json\/wp\/v2\/media\/34285"}],"wp:attachment":[{"href":"https:\/\/denizcankizil.tr\/uk\/wp-json\/wp\/v2\/media?parent=34284"}],"wp:term":[{"taxonomy":"category","embeddable":true,"href":"https:\/\/denizcankizil.tr\/uk\/wp-json\/wp\/v2\/categories?post=34284"},{"taxonomy":"post_tag","embeddable":true,"href":"https:\/\/denizcankizil.tr\/uk\/wp-json\/wp\/v2\/tags?post=34284"}],"curies":[{"name":"wp","href":"https:\/\/api.w.org\/{rel}","templated":true}]}}