{"id":34194,"date":"2025-02-26T19:41:17","date_gmt":"2025-02-26T16:41:17","guid":{"rendered":"https:\/\/denizcankizil.tr\/uncategorized-tr\/turizm-bakanina-kartalkaya-protestosu-bakan-ersoy-toplantiya-gelmedi\/"},"modified":"2025-02-26T19:41:17","modified_gmt":"2025-02-26T16:41:17","slug":"turizm-bakanina-kartalkaya-protestosu-bakan-ersoy-toplantiya-gelmedi","status":"publish","type":"post","link":"https:\/\/denizcankizil.tr\/uk\/haberler\/gundem\/turizm-bakanina-kartalkaya-protestosu-bakan-ersoy-toplantiya-gelmedi\/","title":{"rendered":"Turizm Bakan\u0131\u2019na Kartalkaya protestosu! Bakan Ersoy toplant\u0131ya gelmedi"},"content":{"rendered":"<p>Kartalkaya&#8217;daki Otel Yang\u0131n\u0131n\u0131 Ara\u015ft\u0131rma Komisyonu, Komisyon Ba\u015fkan\u0131 Selami Alt\u0131nok ba\u015fkanl\u0131\u011f\u0131nda AFAD yetkililerinin sunumu i\u00e7in topland\u0131. \u2018Kartalkaya Kayak Merkezi&#8217;ndeki Otel Yang\u0131n\u0131n\u0131 Ara\u015ft\u0131rma Komisyonu\u2019 AFAD yetkililerini diledi. Komisyonda s\u00f6z alan Demokrasi ve At\u0131l\u0131m Partisi (DEVA) kurucu \u00fcyelerinden DEVA Partisi Tekirda\u011f Milletvekili Cem Av\u015far, AFAD\u2019\u0131n afetlere m\u00fcdahale plan\u0131nda riskleri \u00f6ng\u00f6rmesi gerekti\u011fini belirtti.<\/p>\n<p>\u201cMAALESEF \u00dcZ\u00dcLEREK G\u00d6R\u00dcYORUZ\u201d<\/p>\n<p>78 vatanda\u015f\u0131n hayat\u0131n\u0131 kaybetti\u011fini hat\u0131rlatarak, toplant\u0131ya ili\u015fkin beklentilerini dile getiren Av\u015far, \u201cKartalkaya facias\u0131n\u0131n K\u00fclt\u00fcr ve Turizm Bakanl\u0131\u011f\u0131 burada daveti ve kendilerinin yapt\u0131\u011f\u0131 \u00e7al\u0131\u015fmalar\u0131, eksiklikleri, sorumluluklar\u0131 konu\u015fmak i\u00e7in buraday\u0131z. Biz d\u00fcn ba\u015fkanl\u0131\u011fa da bu konu hakk\u0131nda bir iste\u011fimizi muhalefeten milletvekili arkada\u015flar\u0131m\u0131zla beraber verdik. Neydi bu istek? K\u00fclt\u00fcr ve Turizm Bakan\u0131 Say\u0131n Mehmet Nuri Ersoy\u2019un kendisinin bizzat komisyon toplant\u0131s\u0131na kat\u0131l\u0131p burada kendisinin oturup milletvekilleriyle beraber bu toplant\u0131y\u0131 kendisinin ger\u00e7ekle\u015ftirmesiydi. Fakat maalesef \u00fcz\u00fclerek g\u00f6r\u00fcyoruz ki kendisi bu toplant\u0131ya kat\u0131lma iste\u011fi duymam\u0131\u015ft\u0131r\u201d dedi.\u00a0<\/p>\n<p>\u201cSORUMLULUK H\u0130SSETMES\u0130 LAZIM\u201d\u00a0<\/p>\n<p>Daha \u00f6nceki toplant\u0131larda yapm\u0131\u015f oldu\u011fu konu\u015fmalar\u0131 da an\u0131msatan Av\u015far, \u201cBu neden \u00f6nemli? Ben daha \u00f6nceki toplant\u0131larda da s\u00f6yledim. Bu Kartalkaya facias\u0131, Cumhuriyet tarihinin en b\u00fcy\u00fck yang\u0131n facias\u0131d\u0131r, d\u00fcnyada ve son y\u00fczy\u0131l i\u00e7erisindeki ger\u00e7ekle\u015fen 6. en b\u00fcy\u00fck faciad\u0131r ve d\u00fcn AFAD yetkililerimiz de burada Genel M\u00fcd\u00fcr\u00fcm\u00fcz de burada s\u00f6yledi; ufac\u0131k bebeklerimizi ellerimizle yanm\u0131\u015f v\u00fccutlar\u0131n\u0131 ceset torbalar\u0131na koydu\u011fumuz, y\u00fcreklerimizi yakan bir faciad\u0131r. Dolay\u0131s\u0131yla bu faciada de\u011fil ben bakan\u0131m ben milletvekiliyim diyen ben bu milletin bir ferdi, ben insan\u0131m diyen herkesin y\u00fcre\u011fi yanmas\u0131 ve \u00fczerinde bir sorumluluk hissetmesi laz\u0131m\u201d diye konu\u015ftu.\u00a0<\/p>\n<p>\u201cBAKAN, DO\u011eRUDAN SORUMLU KURUMDUR\u201d<\/p>\n<p>Bakan Ersoy\u2019u toplant\u0131ya davet ettiklerinin bilgisini veren Av\u015far, \u201cBiz bu sorumluluk duygusunun hissetmesi bak\u0131m\u0131ndan da Say\u0131n Bakan\u0131 buraya davet ettik. \u00c7\u00fcnk\u00fc burada denetim eksikliklerinin, ihmallerin mevzuata uygulanmamas\u0131n\u0131n bir sonucudur bu facia.. Yani bu faciay\u0131 bu yang\u0131n facias\u0131n\u0131 6 \u015eubat depremlerinden ay\u0131ran en b\u00fcy\u00fck kesim budur. Burada denetim eksiklikleri var. Bakanl\u0131k turizm tesislerinin g\u00fcvenli\u011fi konusunda denetim yapmaktan, yapt\u0131rmaktan ve sonu\u00e7lar\u0131n\u0131 takip etmekten do\u011frudan sorumlu bir kurumdur. E\u011fer bakanl\u0131\u011f\u0131n yetki alan\u0131n\u0131n d\u0131\u015f\u0131nda bir konu varsa o konuya alakal\u0131 bir tespit yap\u0131p yasamay\u0131 onunla alakal\u0131 bir kanun \u00f6nermekten de sorumludur\u201d \u015feklinde konu\u015ftu.\u00a0<\/p>\n<p>\u201cB\u0130R KONU\u015eMAYI B\u0130ZE \u00c7OK G\u00d6RD\u00dc\u201d<\/p>\n<p>K\u00fclt\u00fcr ve Turizm Bakanl\u0131\u011f\u0131\u2019n\u0131n g\u00f6rev ve sorumluluklar\u0131n\u0131n alt\u0131n\u0131 \u00e7izen Av\u015far, \u201cDiyoruz ki, \u2018Bizim otelimizin durumu nedir?\u2019 30 y\u0131ll\u0131k bir otel. Eski bir yang\u0131n mevzuat\u0131\u2026 Bakanl\u0131k diyor ki ben buran\u0131n yeme\u011finden, i\u00e7mesinden, misafir memnuniyetinden sorumluyum. Yok, biz bunu kabul etmiyoruz. Millet de bunu kabul etmiyor. Sen T\u00fcrkiye\u2019deki turizm tesislerinin g\u00fcvenli\u011finden veya g\u00fcvenli\u011fe haz\u0131r olmas\u0131ndan da sorumlu olmas\u0131 laz\u0131m. Ad\u0131 \u00fcst\u00fcnde K\u00fclt\u00fcr ve Turizm Bakanl\u0131\u011f\u0131.. Bu konu hakk\u0131nda kanun talep etmekte Bakanl\u0131\u011f\u0131n g\u00f6revidir. Say\u0131n Bakan, bu yang\u0131n\u0131n ard\u0131ndan deme\u00e7 vermi\u015ftir gayet televizyonlarda ama bu komisyona gelip millete, milletin temsilcilerine ve milletin iradesine bir konu\u015fma yapmay\u0131 bize \u00e7ok g\u00f6rm\u00fc\u015ft\u00fcr. Daha \u00f6nemli ne gibi bir i\u015fi vard\u0131r bunu merak etmekteyiz\u201d ifadelerini kulland\u0131.\u00a0<\/p>\n<p>SORUMSUZLU\u011eU PROTESTO ETT\u0130K<\/p>\n<p>Av\u015far, konu\u015fmas\u0131 sonras\u0131 Bakan Ersoy\u2019un toplant\u0131da yer almamas\u0131n\u0131 \u201csorumsuzluk\u201d olarak nitelendirerek protesto etti. Toplant\u0131n\u0131n ard\u0131ndan sosyal medya hesab\u0131 X\u2019de yaz\u0131l\u0131 bir a\u00e7\u0131klamada bulunan Av\u015far\u2019\u0131n payla\u015f\u0131m\u0131nda, \u201c78 vatanda\u015f\u0131m\u0131z\u0131n hayat\u0131n\u0131 kaybetti\u011fi yang\u0131n facias\u0131n\u0131 ara\u015ft\u0131ran komisyonumuz, bug\u00fcn K\u00fclt\u00fcr ve Turizm Bakanl\u0131\u011f\u0131\u2019n\u0131 dinleyecekti. Ancak, yaz\u0131l\u0131 talebimize ra\u011fmen Bakan Mehmet Nuri Ersoy toplant\u0131ya kat\u0131lmad\u0131. Bu sorumsuzlu\u011fu protesto etmek i\u00e7in toplant\u0131dan ayr\u0131ld\u0131k. Facian\u0131n unutturulmas\u0131na izin vermeyecek, sorumlular\u0131n tespiti i\u00e7in m\u00fccadelemizi s\u00fcrd\u00fcrece\u011fiz\u201d ifadeleri yer ald\u0131. \u00a0<\/p>\n<p>GRAND KARTAL OTEL YANGINI<\/p>\n<p>21 Ocak 2025 tarihinde, Bolu&#8217;nun Kartalkaya Kayak Merkezi&#8217;ndeki Grand Kartal Otel&#8217;de meydana gelen yang\u0131n, 78 ki\u015finin hayat\u0131n\u0131 kaybetmesine ve 51 ki\u015finin yaralanmas\u0131na neden oldu. Yang\u0131n, sabah saat 03:27 civar\u0131nda otelin d\u00f6rd\u00fcnc\u00fc kat\u0131ndaki restoran b\u00f6l\u00fcm\u00fcnde ba\u015flad\u0131 ve h\u0131zla \u00fcst katlara yay\u0131ld\u0131. Olay an\u0131nda otelde 234 misafir bulunuyordu. G\u00f6rg\u00fc tan\u0131klar\u0131, yang\u0131n alarm sisteminin \u00e7al\u0131\u015fmad\u0131\u011f\u0131n\u0131 ve baz\u0131 misafirlerin \u00e7ar\u015faflar\u0131 birbirine ba\u011flayarak pencerelerden inmeye \u00e7al\u0131\u015ft\u0131\u011f\u0131n\u0131 belirtti. Otelin ah\u015fap kaplamas\u0131 ve yang\u0131n g\u00fcvenlik \u00f6nlemlerindeki eksiklikler, yang\u0131n\u0131n h\u0131zla yay\u0131lmas\u0131na katk\u0131da bulundu. Olayla ilgili olarak aralar\u0131nda Grand Kartal Oteli sahibin i\u015fletme m\u00fcd\u00fcr\u00fc belediye yetkililerinin oldu\u011fu 19 ki\u015fi tutukland\u0131. Cumhurba\u015fkan\u0131 Recep Tayyip Erdo\u011fan, olay\u0131n ard\u0131ndan bir g\u00fcnl\u00fck ulusal yas ilan etti.\u00a0<br \/>\n\u00a0<\/p>\n<p>\u200bDEVA Partisi Tekirda\u011f Milletvekili Cem Av\u015far, 78 ki\u015finin hayat\u0131n\u0131 kaybetti\u011fi yang\u0131n i\u00e7in kurulan \u2018Kartalkaya Kayak Merkezi&#8217;ndeki Otel Yang\u0131n\u0131n\u0131 Ara\u015ft\u0131rma Komisyonu\u2019 toplant\u0131s\u0131na kat\u0131lmayan K\u00fclt\u00fcr ve Turizm Bakan\u0131 Mehmet Nuri Ersoy\u2019a tepki g\u00f6sterdi. Protesto i\u00e7in toplant\u0131y\u0131 terk eden Milletvekili Av\u015far, \u201cDaha \u00f6nemli ne i\u015fi olabilir\u201d diye sordu\u00a0<\/p>\n<p>\u200bHaberin Al\u0131nt\u0131land\u0131\u011f\u0131 Kaynak: www.antalyakorfez.com<\/p>","protected":false},"excerpt":{"rendered":"<p>Kartalkaya&#8217;daki Otel Yang\u0131n\u0131n\u0131 Ara\u015ft\u0131rma Komisyonu, Komisyon Ba\u015fkan\u0131 Selami Alt\u0131nok ba\u015fkanl\u0131\u011f\u0131nda AFAD yetkililerinin sunumu i\u00e7in topland\u0131. \u2018Kartalkaya Kayak Merkezi&#8217;ndeki Otel Yang\u0131n\u0131n\u0131 Ara\u015ft\u0131rma Komisyonu\u2019 AFAD yetkililerini diledi. Komisyonda s\u00f6z alan Demokrasi ve At\u0131l\u0131m Partisi (DEVA) kurucu \u00fcyelerinden DEVA Partisi Tekirda\u011f Milletvekili Cem Av\u015far, AFAD\u2019\u0131n afetlere m\u00fcdahale plan\u0131nda riskleri \u00f6ng\u00f6rmesi gerekti\u011fini belirtti. \u201cMAALESEF \u00dcZ\u00dcLEREK G\u00d6R\u00dcYORUZ\u201d 78 vatanda\u015f\u0131n hayat\u0131n\u0131 kaybetti\u011fini hat\u0131rlatarak, toplant\u0131ya ili\u015fkin beklentilerini dile getiren Av\u015far, \u201cKartalkaya facias\u0131n\u0131n K\u00fclt\u00fcr ve Turizm Bakanl\u0131\u011f\u0131 burada daveti ve kendilerinin yapt\u0131\u011f\u0131 \u00e7al\u0131\u015fmalar\u0131, eksiklikleri, sorumluluklar\u0131 konu\u015fmak i\u00e7in buraday\u0131z. Biz d\u00fcn ba\u015fkanl\u0131\u011fa da bu konu hakk\u0131nda bir iste\u011fimizi muhalefeten milletvekili arkada\u015flar\u0131m\u0131zla beraber verdik. Neydi bu istek? K\u00fclt\u00fcr ve Turizm Bakan\u0131 Say\u0131n Mehmet Nuri Ersoy\u2019un kendisinin bizzat komisyon toplant\u0131s\u0131na kat\u0131l\u0131p burada kendisinin oturup milletvekilleriyle beraber bu toplant\u0131y\u0131 kendisinin ger\u00e7ekle\u015ftirmesiydi. Fakat maalesef \u00fcz\u00fclerek g\u00f6r\u00fcyoruz ki kendisi bu toplant\u0131ya kat\u0131lma iste\u011fi duymam\u0131\u015ft\u0131r\u201d dedi.\u00a0 \u201cSORUMLULUK H\u0130SSETMES\u0130 LAZIM\u201d\u00a0 Daha \u00f6nceki toplant\u0131larda yapm\u0131\u015f oldu\u011fu konu\u015fmalar\u0131 da an\u0131msatan Av\u015far, \u201cBu neden \u00f6nemli? Ben daha \u00f6nceki toplant\u0131larda da s\u00f6yledim. Bu Kartalkaya facias\u0131, Cumhuriyet tarihinin en b\u00fcy\u00fck yang\u0131n facias\u0131d\u0131r, d\u00fcnyada ve son y\u00fczy\u0131l i\u00e7erisindeki ger\u00e7ekle\u015fen 6. en b\u00fcy\u00fck faciad\u0131r ve d\u00fcn AFAD yetkililerimiz de burada Genel M\u00fcd\u00fcr\u00fcm\u00fcz de burada s\u00f6yledi; ufac\u0131k bebeklerimizi ellerimizle yanm\u0131\u015f v\u00fccutlar\u0131n\u0131 ceset torbalar\u0131na koydu\u011fumuz, y\u00fcreklerimizi yakan bir faciad\u0131r. Dolay\u0131s\u0131yla bu faciada de\u011fil ben bakan\u0131m &hellip;<\/p>","protected":false},"author":5,"featured_media":0,"comment_status":"open","ping_status":"open","sticky":false,"template":"","format":"standard","meta":{"_acf_changed":false,"footnotes":""},"categories":[24],"tags":[],"class_list":["post-34194","post","type-post","status-publish","format-standard","has-post-thumbnail","hentry","category-gundem"],"acf":[],"yoast_head":"<!-- This site is optimized with the Yoast SEO Premium plugin v26.6 (Yoast SEO v27.1.1) - https:\/\/yoast.com\/product\/yoast-seo-premium-wordpress\/ -->\n<title>Turizm Bakan\u0131\u2019na Kartalkaya protestosu! Bakan Ersoy toplant\u0131ya gelmedi - Av. Deniz Can K\u0131z\u0131l<\/title>\n<meta name=\"robots\" content=\"index, follow, max-snippet:-1, max-image-preview:large, max-video-preview:-1\" \/>\n<link rel=\"canonical\" href=\"https:\/\/denizcankizil.tr\/uk\/haberler\/gundem\/turizm-bakanina-kartalkaya-protestosu-bakan-ersoy-toplantiya-gelmedi\/\" \/>\n<meta property=\"og:locale\" content=\"uk_UA\" \/>\n<meta property=\"og:type\" content=\"article\" \/>\n<meta property=\"og:title\" content=\"Turizm Bakan\u0131\u2019na Kartalkaya protestosu! Bakan Ersoy toplant\u0131ya gelmedi\" \/>\n<meta property=\"og:description\" content=\"Kartalkaya&#8217;daki Otel Yang\u0131n\u0131n\u0131 Ara\u015ft\u0131rma Komisyonu, Komisyon Ba\u015fkan\u0131 Selami Alt\u0131nok ba\u015fkanl\u0131\u011f\u0131nda AFAD yetkililerinin sunumu i\u00e7in topland\u0131. \u2018Kartalkaya Kayak Merkezi&#8217;ndeki Otel Yang\u0131n\u0131n\u0131 Ara\u015ft\u0131rma Komisyonu\u2019 AFAD yetkililerini diledi. Komisyonda s\u00f6z alan Demokrasi ve At\u0131l\u0131m Partisi (DEVA) kurucu \u00fcyelerinden DEVA Partisi Tekirda\u011f Milletvekili Cem Av\u015far, AFAD\u2019\u0131n afetlere m\u00fcdahale plan\u0131nda riskleri \u00f6ng\u00f6rmesi gerekti\u011fini belirtti. \u201cMAALESEF \u00dcZ\u00dcLEREK G\u00d6R\u00dcYORUZ\u201d 78 vatanda\u015f\u0131n hayat\u0131n\u0131 kaybetti\u011fini hat\u0131rlatarak, toplant\u0131ya ili\u015fkin beklentilerini dile getiren Av\u015far, \u201cKartalkaya facias\u0131n\u0131n K\u00fclt\u00fcr ve Turizm Bakanl\u0131\u011f\u0131 burada daveti ve kendilerinin yapt\u0131\u011f\u0131 \u00e7al\u0131\u015fmalar\u0131, eksiklikleri, sorumluluklar\u0131 konu\u015fmak i\u00e7in buraday\u0131z. Biz d\u00fcn ba\u015fkanl\u0131\u011fa da bu konu hakk\u0131nda bir iste\u011fimizi muhalefeten milletvekili arkada\u015flar\u0131m\u0131zla beraber verdik. Neydi bu istek? K\u00fclt\u00fcr ve Turizm Bakan\u0131 Say\u0131n Mehmet Nuri Ersoy\u2019un kendisinin bizzat komisyon toplant\u0131s\u0131na kat\u0131l\u0131p burada kendisinin oturup milletvekilleriyle beraber bu toplant\u0131y\u0131 kendisinin ger\u00e7ekle\u015ftirmesiydi. Fakat maalesef \u00fcz\u00fclerek g\u00f6r\u00fcyoruz ki kendisi bu toplant\u0131ya kat\u0131lma iste\u011fi duymam\u0131\u015ft\u0131r\u201d dedi.\u00a0 \u201cSORUMLULUK H\u0130SSETMES\u0130 LAZIM\u201d\u00a0 Daha \u00f6nceki toplant\u0131larda yapm\u0131\u015f oldu\u011fu konu\u015fmalar\u0131 da an\u0131msatan Av\u015far, \u201cBu neden \u00f6nemli? Ben daha \u00f6nceki toplant\u0131larda da s\u00f6yledim. Bu Kartalkaya facias\u0131, Cumhuriyet tarihinin en b\u00fcy\u00fck yang\u0131n facias\u0131d\u0131r, d\u00fcnyada ve son y\u00fczy\u0131l i\u00e7erisindeki ger\u00e7ekle\u015fen 6. en b\u00fcy\u00fck faciad\u0131r ve d\u00fcn AFAD yetkililerimiz de burada Genel M\u00fcd\u00fcr\u00fcm\u00fcz de burada s\u00f6yledi; ufac\u0131k bebeklerimizi ellerimizle yanm\u0131\u015f v\u00fccutlar\u0131n\u0131 ceset torbalar\u0131na koydu\u011fumuz, y\u00fcreklerimizi yakan bir faciad\u0131r. Dolay\u0131s\u0131yla bu faciada de\u011fil ben bakan\u0131m &hellip;\" \/>\n<meta property=\"og:url\" content=\"https:\/\/denizcankizil.tr\/uk\/haberler\/gundem\/turizm-bakanina-kartalkaya-protestosu-bakan-ersoy-toplantiya-gelmedi\/\" \/>\n<meta property=\"og:site_name\" content=\"Av. Deniz Can K\u0131z\u0131l\" \/>\n<meta property=\"article:published_time\" content=\"2025-02-26T16:41:17+00:00\" \/>\n<meta name=\"author\" content=\"Antalya K\u00f6rfez\" \/>\n<meta name=\"twitter:card\" content=\"summary_large_image\" \/>\n<meta name=\"twitter:label1\" content=\"\u041d\u0430\u043f\u0438\u0441\u0430\u043d\u043e\" \/>\n\t<meta name=\"twitter:data1\" content=\"Antalya K\u00f6rfez\" \/>\n\t<meta name=\"twitter:label2\" content=\"\u041f\u0440\u0438\u0431\u043b. \u0447\u0430\u0441 \u0447\u0438\u0442\u0430\u043d\u043d\u044f\" \/>\n\t<meta name=\"twitter:data2\" content=\"5 \u0445\u0432\u0438\u043b\u0438\u043d\" \/>\n<script type=\"application\/ld+json\" class=\"yoast-schema-graph\">{\"@context\":\"https:\/\/schema.org\",\"@graph\":[{\"@type\":\"Article\",\"@id\":\"https:\/\/denizcankizil.tr\/ru\/haberler\/gundem\/turizm-bakanina-kartalkaya-protestosu-bakan-ersoy-toplantiya-gelmedi\/#article\",\"isPartOf\":{\"@id\":\"https:\/\/denizcankizil.tr\/ru\/haberler\/gundem\/turizm-bakanina-kartalkaya-protestosu-bakan-ersoy-toplantiya-gelmedi\/\"},\"author\":{\"name\":\"Antalya K\u00f6rfez\",\"@id\":\"https:\/\/denizcankizil.tr\/de\/#\/schema\/person\/e1eb71bb4dd684d46563f0af307e1234\"},\"headline\":\"Turizm Bakan\u0131\u2019na Kartalkaya protestosu! Bakan Ersoy toplant\u0131ya gelmedi\",\"datePublished\":\"2025-02-26T16:41:17+00:00\",\"mainEntityOfPage\":{\"@id\":\"https:\/\/denizcankizil.tr\/ru\/haberler\/gundem\/turizm-bakanina-kartalkaya-protestosu-bakan-ersoy-toplantiya-gelmedi\/\"},\"wordCount\":962,\"commentCount\":0,\"publisher\":{\"@id\":\"https:\/\/denizcankizil.tr\/de\/#organization\"},\"articleSection\":[\"G\u00fcndem\"],\"inLanguage\":\"uk\",\"potentialAction\":[{\"@type\":\"CommentAction\",\"name\":\"Comment\",\"target\":[\"https:\/\/denizcankizil.tr\/ru\/haberler\/gundem\/turizm-bakanina-kartalkaya-protestosu-bakan-ersoy-toplantiya-gelmedi\/#respond\"]}]},{\"@type\":\"WebPage\",\"@id\":\"https:\/\/denizcankizil.tr\/ru\/haberler\/gundem\/turizm-bakanina-kartalkaya-protestosu-bakan-ersoy-toplantiya-gelmedi\/\",\"url\":\"https:\/\/denizcankizil.tr\/ru\/haberler\/gundem\/turizm-bakanina-kartalkaya-protestosu-bakan-ersoy-toplantiya-gelmedi\/\",\"name\":\"Turizm Bakan\u0131\u2019na Kartalkaya protestosu! Bakan Ersoy toplant\u0131ya gelmedi - Av. Deniz Can K\u0131z\u0131l\",\"isPartOf\":{\"@id\":\"https:\/\/denizcankizil.tr\/de\/#website\"},\"datePublished\":\"2025-02-26T16:41:17+00:00\",\"breadcrumb\":{\"@id\":\"https:\/\/denizcankizil.tr\/ru\/haberler\/gundem\/turizm-bakanina-kartalkaya-protestosu-bakan-ersoy-toplantiya-gelmedi\/#breadcrumb\"},\"inLanguage\":\"uk\",\"potentialAction\":[{\"@type\":\"ReadAction\",\"target\":[\"https:\/\/denizcankizil.tr\/ru\/haberler\/gundem\/turizm-bakanina-kartalkaya-protestosu-bakan-ersoy-toplantiya-gelmedi\/\"]}]},{\"@type\":\"BreadcrumbList\",\"@id\":\"https:\/\/denizcankizil.tr\/ru\/haberler\/gundem\/turizm-bakanina-kartalkaya-protestosu-bakan-ersoy-toplantiya-gelmedi\/#breadcrumb\",\"itemListElement\":[{\"@type\":\"ListItem\",\"position\":1,\"name\":\"Home\",\"item\":\"https:\/\/denizcankizil.tr\/de\/\"},{\"@type\":\"ListItem\",\"position\":2,\"name\":\"Turizm Bakan\u0131\u2019na Kartalkaya protestosu! Bakan Ersoy toplant\u0131ya gelmedi\"}]},{\"@type\":\"WebSite\",\"@id\":\"https:\/\/denizcankizil.tr\/de\/#website\",\"url\":\"https:\/\/denizcankizil.tr\/de\/\",\"name\":\"Av. Deniz Can K\u0131z\u0131l\",\"description\":\"Avukat Deniz Can K\u0131z\u0131l Antalya Barosu\",\"publisher\":{\"@id\":\"https:\/\/denizcankizil.tr\/de\/#organization\"},\"potentialAction\":[{\"@type\":\"SearchAction\",\"target\":{\"@type\":\"EntryPoint\",\"urlTemplate\":\"https:\/\/denizcankizil.tr\/de\/?s={search_term_string}\"},\"query-input\":{\"@type\":\"PropertyValueSpecification\",\"valueRequired\":true,\"valueName\":\"search_term_string\"}}],\"inLanguage\":\"uk\"},{\"@type\":\"Organization\",\"@id\":\"https:\/\/denizcankizil.tr\/de\/#organization\",\"name\":\"Av. Deniz Can K\u0131z\u0131l\",\"url\":\"https:\/\/denizcankizil.tr\/de\/\",\"logo\":{\"@type\":\"ImageObject\",\"inLanguage\":\"uk\",\"@id\":\"https:\/\/denizcankizil.tr\/de\/#\/schema\/logo\/image\/\",\"url\":\"https:\/\/denizcankizil.tr\/wp-content\/uploads\/2024\/10\/siyah-logo-svg.svg\",\"contentUrl\":\"https:\/\/denizcankizil.tr\/wp-content\/uploads\/2024\/10\/siyah-logo-svg.svg\",\"width\":1080,\"height\":1080,\"caption\":\"Av. Deniz Can K\u0131z\u0131l\"},\"image\":{\"@id\":\"https:\/\/denizcankizil.tr\/de\/#\/schema\/logo\/image\/\"}},{\"@type\":\"Person\",\"@id\":\"https:\/\/denizcankizil.tr\/de\/#\/schema\/person\/e1eb71bb4dd684d46563f0af307e1234\",\"name\":\"Antalya K\u00f6rfez\",\"image\":{\"@type\":\"ImageObject\",\"inLanguage\":\"uk\",\"@id\":\"https:\/\/denizcankizil.tr\/de\/#\/schema\/person\/image\/\",\"url\":\"https:\/\/secure.gravatar.com\/avatar\/42b01982558a48a0b501fdcab6a408d3717ea5919095ee2e67b0e521799c5905?s=96&d=mm&r=g\",\"contentUrl\":\"https:\/\/secure.gravatar.com\/avatar\/42b01982558a48a0b501fdcab6a408d3717ea5919095ee2e67b0e521799c5905?s=96&d=mm&r=g\",\"caption\":\"Antalya K\u00f6rfez\"},\"sameAs\":[\"http:\/\/www.antalyakorfez.com\"],\"url\":\"https:\/\/www.antalyakorfez.com\/turizm-bakanina-kartalkaya-protestosu-bakan-ersoy-toplantiya-gelmedi\"}]}<\/script>\n<!-- \/ Yoast SEO Premium plugin. -->","yoast_head_json":{"title":"Turizm Bakan\u0131\u2019na Kartalkaya protestosu! Bakan Ersoy toplant\u0131ya gelmedi - Av. Deniz Can K\u0131z\u0131l","robots":{"index":"index","follow":"follow","max-snippet":"max-snippet:-1","max-image-preview":"max-image-preview:large","max-video-preview":"max-video-preview:-1"},"canonical":"https:\/\/denizcankizil.tr\/uk\/haberler\/gundem\/turizm-bakanina-kartalkaya-protestosu-bakan-ersoy-toplantiya-gelmedi\/","og_locale":"uk_UA","og_type":"article","og_title":"Turizm Bakan\u0131\u2019na Kartalkaya protestosu! Bakan Ersoy toplant\u0131ya gelmedi","og_description":"Kartalkaya&#8217;daki Otel Yang\u0131n\u0131n\u0131 Ara\u015ft\u0131rma Komisyonu, Komisyon Ba\u015fkan\u0131 Selami Alt\u0131nok ba\u015fkanl\u0131\u011f\u0131nda AFAD yetkililerinin sunumu i\u00e7in topland\u0131. \u2018Kartalkaya Kayak Merkezi&#8217;ndeki Otel Yang\u0131n\u0131n\u0131 Ara\u015ft\u0131rma Komisyonu\u2019 AFAD yetkililerini diledi. Komisyonda s\u00f6z alan Demokrasi ve At\u0131l\u0131m Partisi (DEVA) kurucu \u00fcyelerinden DEVA Partisi Tekirda\u011f Milletvekili Cem Av\u015far, AFAD\u2019\u0131n afetlere m\u00fcdahale plan\u0131nda riskleri \u00f6ng\u00f6rmesi gerekti\u011fini belirtti. \u201cMAALESEF \u00dcZ\u00dcLEREK G\u00d6R\u00dcYORUZ\u201d 78 vatanda\u015f\u0131n hayat\u0131n\u0131 kaybetti\u011fini hat\u0131rlatarak, toplant\u0131ya ili\u015fkin beklentilerini dile getiren Av\u015far, \u201cKartalkaya facias\u0131n\u0131n K\u00fclt\u00fcr ve Turizm Bakanl\u0131\u011f\u0131 burada daveti ve kendilerinin yapt\u0131\u011f\u0131 \u00e7al\u0131\u015fmalar\u0131, eksiklikleri, sorumluluklar\u0131 konu\u015fmak i\u00e7in buraday\u0131z. Biz d\u00fcn ba\u015fkanl\u0131\u011fa da bu konu hakk\u0131nda bir iste\u011fimizi muhalefeten milletvekili arkada\u015flar\u0131m\u0131zla beraber verdik. Neydi bu istek? K\u00fclt\u00fcr ve Turizm Bakan\u0131 Say\u0131n Mehmet Nuri Ersoy\u2019un kendisinin bizzat komisyon toplant\u0131s\u0131na kat\u0131l\u0131p burada kendisinin oturup milletvekilleriyle beraber bu toplant\u0131y\u0131 kendisinin ger\u00e7ekle\u015ftirmesiydi. Fakat maalesef \u00fcz\u00fclerek g\u00f6r\u00fcyoruz ki kendisi bu toplant\u0131ya kat\u0131lma iste\u011fi duymam\u0131\u015ft\u0131r\u201d dedi.\u00a0 \u201cSORUMLULUK H\u0130SSETMES\u0130 LAZIM\u201d\u00a0 Daha \u00f6nceki toplant\u0131larda yapm\u0131\u015f oldu\u011fu konu\u015fmalar\u0131 da an\u0131msatan Av\u015far, \u201cBu neden \u00f6nemli? Ben daha \u00f6nceki toplant\u0131larda da s\u00f6yledim. Bu Kartalkaya facias\u0131, Cumhuriyet tarihinin en b\u00fcy\u00fck yang\u0131n facias\u0131d\u0131r, d\u00fcnyada ve son y\u00fczy\u0131l i\u00e7erisindeki ger\u00e7ekle\u015fen 6. en b\u00fcy\u00fck faciad\u0131r ve d\u00fcn AFAD yetkililerimiz de burada Genel M\u00fcd\u00fcr\u00fcm\u00fcz de burada s\u00f6yledi; ufac\u0131k bebeklerimizi ellerimizle yanm\u0131\u015f v\u00fccutlar\u0131n\u0131 ceset torbalar\u0131na koydu\u011fumuz, y\u00fcreklerimizi yakan bir faciad\u0131r. Dolay\u0131s\u0131yla bu faciada de\u011fil ben bakan\u0131m &hellip;","og_url":"https:\/\/denizcankizil.tr\/uk\/haberler\/gundem\/turizm-bakanina-kartalkaya-protestosu-bakan-ersoy-toplantiya-gelmedi\/","og_site_name":"Av. Deniz Can K\u0131z\u0131l","article_published_time":"2025-02-26T16:41:17+00:00","author":"Antalya K\u00f6rfez","twitter_card":"summary_large_image","twitter_misc":{"\u041d\u0430\u043f\u0438\u0441\u0430\u043d\u043e":"Antalya K\u00f6rfez","\u041f\u0440\u0438\u0431\u043b. \u0447\u0430\u0441 \u0447\u0438\u0442\u0430\u043d\u043d\u044f":"5 \u0445\u0432\u0438\u043b\u0438\u043d"},"schema":{"@context":"https:\/\/schema.org","@graph":[{"@type":"Article","@id":"https:\/\/denizcankizil.tr\/ru\/haberler\/gundem\/turizm-bakanina-kartalkaya-protestosu-bakan-ersoy-toplantiya-gelmedi\/#article","isPartOf":{"@id":"https:\/\/denizcankizil.tr\/ru\/haberler\/gundem\/turizm-bakanina-kartalkaya-protestosu-bakan-ersoy-toplantiya-gelmedi\/"},"author":{"name":"Antalya K\u00f6rfez","@id":"https:\/\/denizcankizil.tr\/de\/#\/schema\/person\/e1eb71bb4dd684d46563f0af307e1234"},"headline":"Turizm Bakan\u0131\u2019na Kartalkaya protestosu! Bakan Ersoy toplant\u0131ya gelmedi","datePublished":"2025-02-26T16:41:17+00:00","mainEntityOfPage":{"@id":"https:\/\/denizcankizil.tr\/ru\/haberler\/gundem\/turizm-bakanina-kartalkaya-protestosu-bakan-ersoy-toplantiya-gelmedi\/"},"wordCount":962,"commentCount":0,"publisher":{"@id":"https:\/\/denizcankizil.tr\/de\/#organization"},"articleSection":["G\u00fcndem"],"inLanguage":"uk","potentialAction":[{"@type":"CommentAction","name":"Comment","target":["https:\/\/denizcankizil.tr\/ru\/haberler\/gundem\/turizm-bakanina-kartalkaya-protestosu-bakan-ersoy-toplantiya-gelmedi\/#respond"]}]},{"@type":"WebPage","@id":"https:\/\/denizcankizil.tr\/ru\/haberler\/gundem\/turizm-bakanina-kartalkaya-protestosu-bakan-ersoy-toplantiya-gelmedi\/","url":"https:\/\/denizcankizil.tr\/ru\/haberler\/gundem\/turizm-bakanina-kartalkaya-protestosu-bakan-ersoy-toplantiya-gelmedi\/","name":"Turizm Bakan\u0131\u2019na Kartalkaya protestosu! Bakan Ersoy toplant\u0131ya gelmedi - Av. Deniz Can K\u0131z\u0131l","isPartOf":{"@id":"https:\/\/denizcankizil.tr\/de\/#website"},"datePublished":"2025-02-26T16:41:17+00:00","breadcrumb":{"@id":"https:\/\/denizcankizil.tr\/ru\/haberler\/gundem\/turizm-bakanina-kartalkaya-protestosu-bakan-ersoy-toplantiya-gelmedi\/#breadcrumb"},"inLanguage":"uk","potentialAction":[{"@type":"ReadAction","target":["https:\/\/denizcankizil.tr\/ru\/haberler\/gundem\/turizm-bakanina-kartalkaya-protestosu-bakan-ersoy-toplantiya-gelmedi\/"]}]},{"@type":"BreadcrumbList","@id":"https:\/\/denizcankizil.tr\/ru\/haberler\/gundem\/turizm-bakanina-kartalkaya-protestosu-bakan-ersoy-toplantiya-gelmedi\/#breadcrumb","itemListElement":[{"@type":"ListItem","position":1,"name":"Home","item":"https:\/\/denizcankizil.tr\/de\/"},{"@type":"ListItem","position":2,"name":"Turizm Bakan\u0131\u2019na Kartalkaya protestosu! Bakan Ersoy toplant\u0131ya gelmedi"}]},{"@type":"WebSite","@id":"https:\/\/denizcankizil.tr\/de\/#website","url":"https:\/\/denizcankizil.tr\/de\/","name":"Av. Deniz Can K\u0131z\u0131l","description":"Avukat Deniz Can K\u0131z\u0131l Antalya Barosu","publisher":{"@id":"https:\/\/denizcankizil.tr\/de\/#organization"},"potentialAction":[{"@type":"SearchAction","target":{"@type":"EntryPoint","urlTemplate":"https:\/\/denizcankizil.tr\/de\/?s={search_term_string}"},"query-input":{"@type":"PropertyValueSpecification","valueRequired":true,"valueName":"search_term_string"}}],"inLanguage":"uk"},{"@type":"Organization","@id":"https:\/\/denizcankizil.tr\/de\/#organization","name":"Av. Deniz Can K\u0131z\u0131l","url":"https:\/\/denizcankizil.tr\/de\/","logo":{"@type":"ImageObject","inLanguage":"uk","@id":"https:\/\/denizcankizil.tr\/de\/#\/schema\/logo\/image\/","url":"https:\/\/denizcankizil.tr\/wp-content\/uploads\/2024\/10\/siyah-logo-svg.svg","contentUrl":"https:\/\/denizcankizil.tr\/wp-content\/uploads\/2024\/10\/siyah-logo-svg.svg","width":1080,"height":1080,"caption":"Av. Deniz Can K\u0131z\u0131l"},"image":{"@id":"https:\/\/denizcankizil.tr\/de\/#\/schema\/logo\/image\/"}},{"@type":"Person","@id":"https:\/\/denizcankizil.tr\/de\/#\/schema\/person\/e1eb71bb4dd684d46563f0af307e1234","name":"Antalya K\u00f6rfez","image":{"@type":"ImageObject","inLanguage":"uk","@id":"https:\/\/denizcankizil.tr\/de\/#\/schema\/person\/image\/","url":"https:\/\/secure.gravatar.com\/avatar\/42b01982558a48a0b501fdcab6a408d3717ea5919095ee2e67b0e521799c5905?s=96&d=mm&r=g","contentUrl":"https:\/\/secure.gravatar.com\/avatar\/42b01982558a48a0b501fdcab6a408d3717ea5919095ee2e67b0e521799c5905?s=96&d=mm&r=g","caption":"Antalya K\u00f6rfez"},"sameAs":["http:\/\/www.antalyakorfez.com"],"url":"https:\/\/www.antalyakorfez.com\/turizm-bakanina-kartalkaya-protestosu-bakan-ersoy-toplantiya-gelmedi"}]}},"_links":{"self":[{"href":"https:\/\/denizcankizil.tr\/uk\/wp-json\/wp\/v2\/posts\/34194","targetHints":{"allow":["GET"]}}],"collection":[{"href":"https:\/\/denizcankizil.tr\/uk\/wp-json\/wp\/v2\/posts"}],"about":[{"href":"https:\/\/denizcankizil.tr\/uk\/wp-json\/wp\/v2\/types\/post"}],"author":[{"embeddable":true,"href":"https:\/\/denizcankizil.tr\/uk\/wp-json\/wp\/v2\/users\/5"}],"replies":[{"embeddable":true,"href":"https:\/\/denizcankizil.tr\/uk\/wp-json\/wp\/v2\/comments?post=34194"}],"version-history":[{"count":0,"href":"https:\/\/denizcankizil.tr\/uk\/wp-json\/wp\/v2\/posts\/34194\/revisions"}],"wp:attachment":[{"href":"https:\/\/denizcankizil.tr\/uk\/wp-json\/wp\/v2\/media?parent=34194"}],"wp:term":[{"taxonomy":"category","embeddable":true,"href":"https:\/\/denizcankizil.tr\/uk\/wp-json\/wp\/v2\/categories?post=34194"},{"taxonomy":"post_tag","embeddable":true,"href":"https:\/\/denizcankizil.tr\/uk\/wp-json\/wp\/v2\/tags?post=34194"}],"curies":[{"name":"wp","href":"https:\/\/api.w.org\/{rel}","templated":true}]}}