{"id":34160,"date":"2025-02-26T14:41:36","date_gmt":"2025-02-26T11:41:36","guid":{"rendered":"https:\/\/denizcankizil.tr\/uncategorized-tr\/antalyada-sag-serit-kuralina-uymayan-otobus-soforlerine-caza-yagiyor\/"},"modified":"2025-02-26T14:41:36","modified_gmt":"2025-02-26T11:41:36","slug":"antalyada-sag-serit-kuralina-uymayan-otobus-soforlerine-caza-yagiyor","status":"publish","type":"post","link":"https:\/\/denizcankizil.tr\/uk\/haberler\/gundem\/antalyada-sag-serit-kuralina-uymayan-otobus-soforlerine-caza-yagiyor\/","title":{"rendered":"Antalya\u2019da \u2018sa\u011f \u015ferit\u2019 kural\u0131na uymayan otob\u00fcs \u015fof\u00f6rlerine caza ya\u011f\u0131yor!"},"content":{"rendered":"<p>Antalya B\u00fcy\u00fck\u015fehir Belediyesi, Antalya&#8217;da son y\u0131llarda trafi\u011fe kay\u0131tl\u0131 ara\u00e7 say\u0131s\u0131n\u0131n artmas\u0131 ve yo\u011fun g\u00f6\u00e7le birlikte trafik zaman zaman ya\u015fanan yo\u011funlu\u011funu azaltmak ve toplu ta\u015f\u0131may\u0131 \u00f6zendirmek amac\u0131yla yeni uygulamalar\u0131 hayata ge\u00e7irdi. Bu kapsamda halk otob\u00fcsleri i\u00e7in zorunlu sa\u011f \u015ferit uygulamas\u0131 ge\u00e7ti\u011fimiz hafta ba\u015f\u0131nda ba\u015flad\u0131.\u00a0<\/p>\n<p>\u015eA\u011e \u015eER\u0130T ZORUNLU<\/p>\n<p>Trafi\u011fin en yo\u011fun oldu\u011fu do\u011fu ve bat\u0131 y\u00f6nde trafik ak\u0131\u015f\u0131nda Mevl\u00e2na Kav\u015fa\u011f\u0131, Yener Ulusoy Bulvar\u0131 ve ana arterlerde toplu ta\u015f\u0131ma ara\u00e7lar\u0131 art\u0131k sa\u011f \u015feritten gidecek. \u0130lk etap olan Mevl\u00e2na Kav\u015fa\u011f\u0131 ile G\u00fcll\u00fck Kav\u015fa\u011f\u0131na kadar t\u00fcm otob\u00fcsler sa\u011f \u015feridi kullanmaya ba\u015flad\u0131. S\u00fcr\u00fcc\u00fcler i\u00e7in bilgilendirici tabelalar ve \u015ferit boyama \u00e7al\u0131\u015fmalar\u0131 yap\u0131ld\u0131. Trafikteki di\u011fer ara\u00e7lar da sa\u011f \u015feridi kullanabilecekler ama kesinlikle park etme ve duraklama yapamayacak.\u00a0<\/p>\n<p>TRAF\u0130K ZABITA G\u00d6REVDE<\/p>\n<p>Antalya K\u00f6rfez Gazetesi muhabiri Ertu\u011frul G\u00fcn&#8217;\u00fcn haberine g\u00f6re; uygulamadan rahats\u0131z olan bir\u00e7ok otob\u00fcs \u015fof\u00f6r\u00fc ise \u00f6zellikle trafi\u011fin seyrek oldu\u011fu zamanlarda Mevl\u00e2na ve G\u00fcll\u00fck aras\u0131nda zorunlu olan \u00fcst yol yerine alt ge\u00e7itleri kullanmaya devam etti. Antalya B\u00fcy\u00fck\u015fehir Belediyesi\u2019nin sa\u011f \u015ferit uygulamas\u0131n\u0131 kullanmayan otob\u00fcs \u015fof\u00f6rlerine y\u00f6nelik harekete ge\u00e7ti\u011fi \u00f6\u011frenildi. Belediye trafik zab\u0131ta ekipleri g\u00fczerg\u00e2h \u00fczerinde s\u0131k s\u0131k denetimler yapt\u0131\u011f\u0131 belirtildi. Trafik zab\u0131ta ekipleri bir yandan sa\u011f parklanmalar\u0131n \u00f6n\u00fcne ge\u00e7meye \u00e7al\u0131\u015f\u0131rken bir yandan da otob\u00fcsleri g\u00fczergaha y\u00f6nlendirdi.\u00a0<\/p>\n<p>\u015eOF\u00d6RLERE CEZA<\/p>\n<p>Antalya Otob\u00fcs\u00e7\u00fcler Odas\u0131 Ba\u015fkan\u0131 Yasin Arslan, uygulamay\u0131 kullanmayan s\u00fcr\u00fcc\u00fclere uyar\u0131larda bulundu. Arslan, \u201cB\u00fcy\u00fck\u015fehir belediyemizin ald\u0131\u011f\u0131 kararlar\u0131n arkas\u0131nda duruyoruz. Ortada al\u0131nan bir karar var. Bu karara herkes uyacak. Antalya\u2019da s\u00fcrekli \u015fikayetlerimizin artt\u0131\u011f\u0131 bir d\u00f6nemdeyiz. Belediyemiz bu \u015fikayetlerin en aza indirilmesi ve trafik ak\u0131\u015f\u0131n\u0131n daha h\u0131zl\u0131 olmas\u0131 i\u00e7in bu uygulamay\u0131 hayata ald\u0131. \u015euanda zaten bir deneme a\u015famas\u0131nda. Ba\u015far\u0131l\u0131 olursa hayata ge\u00e7irilecek. \u015euana kadar her \u015fey iyi gidiyor. Otob\u00fcs \u015fof\u00f6rlerimiz mutlaka kendilerine ayr\u0131lan sa\u011f \u015feritleri kullanacak. Alt ge\u00e7itleri kullanan \u015fof\u00f6rlere 100 bilet yani 2 bin 700 TL ceza yaz\u0131l\u0131yor\u201d dedi.\u00a0<\/p>\n<p>\u00a0<\/p>\n<p>\u200bAntalya B\u00fcy\u00fck\u015fehir Belediyesi\u2019nin Antalya&#8217;da trafikte ya\u015fanan yo\u011funlu\u011funu azaltmak ve toplu ta\u015f\u0131may\u0131 \u00f6zendirmek amac\u0131yla hayata ge\u00e7irdi\u011fi sa\u011f \u015ferit uygulamas\u0131n\u0131 kullanmayan otob\u00fcs \u015fof\u00f6rlerine y\u00f6nelik harekete ge\u00e7ildi. Otob\u00fcs\u00e7\u00fcler Odas\u0131 Ba\u015fkan\u0131 Yasin Arslan, ceza miktar\u0131n\u0131 a\u00e7\u0131klayarak \u015fof\u00f6rlere \u00e7a\u011fr\u0131da bulundu.\u00a0<\/p>\n<p>\u200bHaberin Al\u0131nt\u0131land\u0131\u011f\u0131 Kaynak: www.antalyakorfez.com<\/p>","protected":false},"excerpt":{"rendered":"<p>Antalya B\u00fcy\u00fck\u015fehir Belediyesi, Antalya&#8217;da son y\u0131llarda trafi\u011fe kay\u0131tl\u0131 ara\u00e7 say\u0131s\u0131n\u0131n artmas\u0131 ve yo\u011fun g\u00f6\u00e7le birlikte trafik zaman zaman ya\u015fanan yo\u011funlu\u011funu azaltmak ve toplu ta\u015f\u0131may\u0131 \u00f6zendirmek amac\u0131yla yeni uygulamalar\u0131 hayata ge\u00e7irdi. Bu kapsamda halk otob\u00fcsleri i\u00e7in zorunlu sa\u011f \u015ferit uygulamas\u0131 ge\u00e7ti\u011fimiz hafta ba\u015f\u0131nda ba\u015flad\u0131.\u00a0 \u015eA\u011e \u015eER\u0130T ZORUNLU Trafi\u011fin en yo\u011fun oldu\u011fu do\u011fu ve bat\u0131 y\u00f6nde trafik ak\u0131\u015f\u0131nda Mevl\u00e2na Kav\u015fa\u011f\u0131, Yener Ulusoy Bulvar\u0131 ve ana arterlerde toplu ta\u015f\u0131ma ara\u00e7lar\u0131 art\u0131k sa\u011f \u015feritten gidecek. \u0130lk etap olan Mevl\u00e2na Kav\u015fa\u011f\u0131 ile G\u00fcll\u00fck Kav\u015fa\u011f\u0131na kadar t\u00fcm otob\u00fcsler sa\u011f \u015feridi kullanmaya ba\u015flad\u0131. S\u00fcr\u00fcc\u00fcler i\u00e7in bilgilendirici tabelalar ve \u015ferit boyama \u00e7al\u0131\u015fmalar\u0131 yap\u0131ld\u0131. Trafikteki di\u011fer ara\u00e7lar da sa\u011f \u015feridi kullanabilecekler ama kesinlikle park etme ve duraklama yapamayacak.\u00a0 TRAF\u0130K ZABITA G\u00d6REVDE Antalya K\u00f6rfez Gazetesi muhabiri Ertu\u011frul G\u00fcn&#8217;\u00fcn haberine g\u00f6re; uygulamadan rahats\u0131z olan bir\u00e7ok otob\u00fcs \u015fof\u00f6r\u00fc ise \u00f6zellikle trafi\u011fin seyrek oldu\u011fu zamanlarda Mevl\u00e2na ve G\u00fcll\u00fck aras\u0131nda zorunlu olan \u00fcst yol yerine alt ge\u00e7itleri kullanmaya devam etti. Antalya B\u00fcy\u00fck\u015fehir Belediyesi\u2019nin sa\u011f \u015ferit uygulamas\u0131n\u0131 kullanmayan otob\u00fcs \u015fof\u00f6rlerine y\u00f6nelik harekete ge\u00e7ti\u011fi \u00f6\u011frenildi. Belediye trafik zab\u0131ta ekipleri g\u00fczerg\u00e2h \u00fczerinde s\u0131k s\u0131k denetimler yapt\u0131\u011f\u0131 belirtildi. Trafik zab\u0131ta ekipleri bir yandan sa\u011f parklanmalar\u0131n \u00f6n\u00fcne ge\u00e7meye \u00e7al\u0131\u015f\u0131rken bir yandan da otob\u00fcsleri g\u00fczergaha y\u00f6nlendirdi.\u00a0 \u015eOF\u00d6RLERE CEZA Antalya Otob\u00fcs\u00e7\u00fcler Odas\u0131 Ba\u015fkan\u0131 Yasin Arslan, uygulamay\u0131 kullanmayan s\u00fcr\u00fcc\u00fclere uyar\u0131larda bulundu. Arslan, &hellip;<\/p>","protected":false},"author":5,"featured_media":0,"comment_status":"open","ping_status":"open","sticky":false,"template":"","format":"standard","meta":{"_acf_changed":false,"footnotes":""},"categories":[24],"tags":[],"class_list":["post-34160","post","type-post","status-publish","format-standard","has-post-thumbnail","hentry","category-gundem"],"acf":[],"yoast_head":"<!-- This site is optimized with the Yoast SEO Premium plugin v26.6 (Yoast SEO v27.1.1) - https:\/\/yoast.com\/product\/yoast-seo-premium-wordpress\/ -->\n<title>Antalya\u2019da \u2018sa\u011f \u015ferit\u2019 kural\u0131na uymayan otob\u00fcs \u015fof\u00f6rlerine caza ya\u011f\u0131yor! - Av. Deniz Can K\u0131z\u0131l<\/title>\n<meta name=\"robots\" content=\"index, follow, max-snippet:-1, max-image-preview:large, max-video-preview:-1\" \/>\n<link rel=\"canonical\" href=\"https:\/\/denizcankizil.tr\/uk\/haberler\/gundem\/antalyada-sag-serit-kuralina-uymayan-otobus-soforlerine-caza-yagiyor\/\" \/>\n<meta property=\"og:locale\" content=\"uk_UA\" \/>\n<meta property=\"og:type\" content=\"article\" \/>\n<meta property=\"og:title\" content=\"Antalya\u2019da \u2018sa\u011f \u015ferit\u2019 kural\u0131na uymayan otob\u00fcs \u015fof\u00f6rlerine caza ya\u011f\u0131yor!\" \/>\n<meta property=\"og:description\" content=\"Antalya B\u00fcy\u00fck\u015fehir Belediyesi, Antalya&#8217;da son y\u0131llarda trafi\u011fe kay\u0131tl\u0131 ara\u00e7 say\u0131s\u0131n\u0131n artmas\u0131 ve yo\u011fun g\u00f6\u00e7le birlikte trafik zaman zaman ya\u015fanan yo\u011funlu\u011funu azaltmak ve toplu ta\u015f\u0131may\u0131 \u00f6zendirmek amac\u0131yla yeni uygulamalar\u0131 hayata ge\u00e7irdi. Bu kapsamda halk otob\u00fcsleri i\u00e7in zorunlu sa\u011f \u015ferit uygulamas\u0131 ge\u00e7ti\u011fimiz hafta ba\u015f\u0131nda ba\u015flad\u0131.\u00a0 \u015eA\u011e \u015eER\u0130T ZORUNLU Trafi\u011fin en yo\u011fun oldu\u011fu do\u011fu ve bat\u0131 y\u00f6nde trafik ak\u0131\u015f\u0131nda Mevl\u00e2na Kav\u015fa\u011f\u0131, Yener Ulusoy Bulvar\u0131 ve ana arterlerde toplu ta\u015f\u0131ma ara\u00e7lar\u0131 art\u0131k sa\u011f \u015feritten gidecek. \u0130lk etap olan Mevl\u00e2na Kav\u015fa\u011f\u0131 ile G\u00fcll\u00fck Kav\u015fa\u011f\u0131na kadar t\u00fcm otob\u00fcsler sa\u011f \u015feridi kullanmaya ba\u015flad\u0131. S\u00fcr\u00fcc\u00fcler i\u00e7in bilgilendirici tabelalar ve \u015ferit boyama \u00e7al\u0131\u015fmalar\u0131 yap\u0131ld\u0131. Trafikteki di\u011fer ara\u00e7lar da sa\u011f \u015feridi kullanabilecekler ama kesinlikle park etme ve duraklama yapamayacak.\u00a0 TRAF\u0130K ZABITA G\u00d6REVDE Antalya K\u00f6rfez Gazetesi muhabiri Ertu\u011frul G\u00fcn&#8217;\u00fcn haberine g\u00f6re; uygulamadan rahats\u0131z olan bir\u00e7ok otob\u00fcs \u015fof\u00f6r\u00fc ise \u00f6zellikle trafi\u011fin seyrek oldu\u011fu zamanlarda Mevl\u00e2na ve G\u00fcll\u00fck aras\u0131nda zorunlu olan \u00fcst yol yerine alt ge\u00e7itleri kullanmaya devam etti. Antalya B\u00fcy\u00fck\u015fehir Belediyesi\u2019nin sa\u011f \u015ferit uygulamas\u0131n\u0131 kullanmayan otob\u00fcs \u015fof\u00f6rlerine y\u00f6nelik harekete ge\u00e7ti\u011fi \u00f6\u011frenildi. Belediye trafik zab\u0131ta ekipleri g\u00fczerg\u00e2h \u00fczerinde s\u0131k s\u0131k denetimler yapt\u0131\u011f\u0131 belirtildi. Trafik zab\u0131ta ekipleri bir yandan sa\u011f parklanmalar\u0131n \u00f6n\u00fcne ge\u00e7meye \u00e7al\u0131\u015f\u0131rken bir yandan da otob\u00fcsleri g\u00fczergaha y\u00f6nlendirdi.\u00a0 \u015eOF\u00d6RLERE CEZA Antalya Otob\u00fcs\u00e7\u00fcler Odas\u0131 Ba\u015fkan\u0131 Yasin Arslan, uygulamay\u0131 kullanmayan s\u00fcr\u00fcc\u00fclere uyar\u0131larda bulundu. Arslan, &hellip;\" \/>\n<meta property=\"og:url\" content=\"https:\/\/denizcankizil.tr\/uk\/haberler\/gundem\/antalyada-sag-serit-kuralina-uymayan-otobus-soforlerine-caza-yagiyor\/\" \/>\n<meta property=\"og:site_name\" content=\"Av. Deniz Can K\u0131z\u0131l\" \/>\n<meta property=\"article:published_time\" content=\"2025-02-26T11:41:36+00:00\" \/>\n<meta name=\"author\" content=\"Antalya K\u00f6rfez\" \/>\n<meta name=\"twitter:card\" content=\"summary_large_image\" \/>\n<meta name=\"twitter:label1\" content=\"\u041d\u0430\u043f\u0438\u0441\u0430\u043d\u043e\" \/>\n\t<meta name=\"twitter:data1\" content=\"Antalya K\u00f6rfez\" \/>\n\t<meta name=\"twitter:label2\" content=\"\u041f\u0440\u0438\u0431\u043b. \u0447\u0430\u0441 \u0447\u0438\u0442\u0430\u043d\u043d\u044f\" \/>\n\t<meta name=\"twitter:data2\" content=\"2 \u0445\u0432\u0438\u043b\u0438\u043d\u0438\" \/>\n<script type=\"application\/ld+json\" class=\"yoast-schema-graph\">{\"@context\":\"https:\/\/schema.org\",\"@graph\":[{\"@type\":\"Article\",\"@id\":\"https:\/\/denizcankizil.tr\/de\/haberler\/gundem\/antalyada-sag-serit-kuralina-uymayan-otobus-soforlerine-caza-yagiyor\/#article\",\"isPartOf\":{\"@id\":\"https:\/\/denizcankizil.tr\/de\/haberler\/gundem\/antalyada-sag-serit-kuralina-uymayan-otobus-soforlerine-caza-yagiyor\/\"},\"author\":{\"name\":\"Antalya K\u00f6rfez\",\"@id\":\"https:\/\/denizcankizil.tr\/#\/schema\/person\/e1eb71bb4dd684d46563f0af307e1234\"},\"headline\":\"Antalya\u2019da \u2018sa\u011f \u015ferit\u2019 kural\u0131na uymayan otob\u00fcs \u015fof\u00f6rlerine caza ya\u011f\u0131yor!\",\"datePublished\":\"2025-02-26T11:41:36+00:00\",\"mainEntityOfPage\":{\"@id\":\"https:\/\/denizcankizil.tr\/de\/haberler\/gundem\/antalyada-sag-serit-kuralina-uymayan-otobus-soforlerine-caza-yagiyor\/\"},\"wordCount\":481,\"commentCount\":0,\"publisher\":{\"@id\":\"https:\/\/denizcankizil.tr\/#organization\"},\"articleSection\":[\"G\u00fcndem\"],\"inLanguage\":\"uk\",\"potentialAction\":[{\"@type\":\"CommentAction\",\"name\":\"Comment\",\"target\":[\"https:\/\/denizcankizil.tr\/de\/haberler\/gundem\/antalyada-sag-serit-kuralina-uymayan-otobus-soforlerine-caza-yagiyor\/#respond\"]}]},{\"@type\":\"WebPage\",\"@id\":\"https:\/\/denizcankizil.tr\/de\/haberler\/gundem\/antalyada-sag-serit-kuralina-uymayan-otobus-soforlerine-caza-yagiyor\/\",\"url\":\"https:\/\/denizcankizil.tr\/de\/haberler\/gundem\/antalyada-sag-serit-kuralina-uymayan-otobus-soforlerine-caza-yagiyor\/\",\"name\":\"Antalya\u2019da \u2018sa\u011f \u015ferit\u2019 kural\u0131na uymayan otob\u00fcs \u015fof\u00f6rlerine caza ya\u011f\u0131yor! - Av. Deniz Can K\u0131z\u0131l\",\"isPartOf\":{\"@id\":\"https:\/\/denizcankizil.tr\/#website\"},\"datePublished\":\"2025-02-26T11:41:36+00:00\",\"breadcrumb\":{\"@id\":\"https:\/\/denizcankizil.tr\/de\/haberler\/gundem\/antalyada-sag-serit-kuralina-uymayan-otobus-soforlerine-caza-yagiyor\/#breadcrumb\"},\"inLanguage\":\"uk\",\"potentialAction\":[{\"@type\":\"ReadAction\",\"target\":[\"https:\/\/denizcankizil.tr\/de\/haberler\/gundem\/antalyada-sag-serit-kuralina-uymayan-otobus-soforlerine-caza-yagiyor\/\"]}]},{\"@type\":\"BreadcrumbList\",\"@id\":\"https:\/\/denizcankizil.tr\/de\/haberler\/gundem\/antalyada-sag-serit-kuralina-uymayan-otobus-soforlerine-caza-yagiyor\/#breadcrumb\",\"itemListElement\":[{\"@type\":\"ListItem\",\"position\":1,\"name\":\"Home\",\"item\":\"https:\/\/denizcankizil.tr\/de\/\"},{\"@type\":\"ListItem\",\"position\":2,\"name\":\"Antalya\u2019da \u2018sa\u011f \u015ferit\u2019 kural\u0131na uymayan otob\u00fcs \u015fof\u00f6rlerine caza ya\u011f\u0131yor!\"}]},{\"@type\":\"WebSite\",\"@id\":\"https:\/\/denizcankizil.tr\/#website\",\"url\":\"https:\/\/denizcankizil.tr\/\",\"name\":\"Av. Deniz Can K\u0131z\u0131l\",\"description\":\"Avukat Deniz Can K\u0131z\u0131l Antalya Barosu\",\"publisher\":{\"@id\":\"https:\/\/denizcankizil.tr\/#organization\"},\"potentialAction\":[{\"@type\":\"SearchAction\",\"target\":{\"@type\":\"EntryPoint\",\"urlTemplate\":\"https:\/\/denizcankizil.tr\/?s={search_term_string}\"},\"query-input\":{\"@type\":\"PropertyValueSpecification\",\"valueRequired\":true,\"valueName\":\"search_term_string\"}}],\"inLanguage\":\"uk\"},{\"@type\":\"Organization\",\"@id\":\"https:\/\/denizcankizil.tr\/#organization\",\"name\":\"Av. Deniz Can K\u0131z\u0131l\",\"url\":\"https:\/\/denizcankizil.tr\/\",\"logo\":{\"@type\":\"ImageObject\",\"inLanguage\":\"uk\",\"@id\":\"https:\/\/denizcankizil.tr\/#\/schema\/logo\/image\/\",\"url\":\"https:\/\/denizcankizil.tr\/wp-content\/uploads\/2024\/10\/siyah-logo-svg.svg\",\"contentUrl\":\"https:\/\/denizcankizil.tr\/wp-content\/uploads\/2024\/10\/siyah-logo-svg.svg\",\"width\":1080,\"height\":1080,\"caption\":\"Av. Deniz Can K\u0131z\u0131l\"},\"image\":{\"@id\":\"https:\/\/denizcankizil.tr\/#\/schema\/logo\/image\/\"}},{\"@type\":\"Person\",\"@id\":\"https:\/\/denizcankizil.tr\/#\/schema\/person\/e1eb71bb4dd684d46563f0af307e1234\",\"name\":\"Antalya K\u00f6rfez\",\"image\":{\"@type\":\"ImageObject\",\"inLanguage\":\"uk\",\"@id\":\"https:\/\/denizcankizil.tr\/#\/schema\/person\/image\/\",\"url\":\"https:\/\/secure.gravatar.com\/avatar\/42b01982558a48a0b501fdcab6a408d3717ea5919095ee2e67b0e521799c5905?s=96&d=mm&r=g\",\"contentUrl\":\"https:\/\/secure.gravatar.com\/avatar\/42b01982558a48a0b501fdcab6a408d3717ea5919095ee2e67b0e521799c5905?s=96&d=mm&r=g\",\"caption\":\"Antalya K\u00f6rfez\"},\"sameAs\":[\"http:\/\/www.antalyakorfez.com\"],\"url\":\"https:\/\/www.antalyakorfez.com\/antalyada-sag-serit-kuralina-uymayan-otobus-soforlerine-caza-yagiyor\"}]}<\/script>\n<!-- \/ Yoast SEO Premium plugin. -->","yoast_head_json":{"title":"Antalya\u2019da \u2018sa\u011f \u015ferit\u2019 kural\u0131na uymayan otob\u00fcs \u015fof\u00f6rlerine caza ya\u011f\u0131yor! - Av. Deniz Can K\u0131z\u0131l","robots":{"index":"index","follow":"follow","max-snippet":"max-snippet:-1","max-image-preview":"max-image-preview:large","max-video-preview":"max-video-preview:-1"},"canonical":"https:\/\/denizcankizil.tr\/uk\/haberler\/gundem\/antalyada-sag-serit-kuralina-uymayan-otobus-soforlerine-caza-yagiyor\/","og_locale":"uk_UA","og_type":"article","og_title":"Antalya\u2019da \u2018sa\u011f \u015ferit\u2019 kural\u0131na uymayan otob\u00fcs \u015fof\u00f6rlerine caza ya\u011f\u0131yor!","og_description":"Antalya B\u00fcy\u00fck\u015fehir Belediyesi, Antalya&#8217;da son y\u0131llarda trafi\u011fe kay\u0131tl\u0131 ara\u00e7 say\u0131s\u0131n\u0131n artmas\u0131 ve yo\u011fun g\u00f6\u00e7le birlikte trafik zaman zaman ya\u015fanan yo\u011funlu\u011funu azaltmak ve toplu ta\u015f\u0131may\u0131 \u00f6zendirmek amac\u0131yla yeni uygulamalar\u0131 hayata ge\u00e7irdi. Bu kapsamda halk otob\u00fcsleri i\u00e7in zorunlu sa\u011f \u015ferit uygulamas\u0131 ge\u00e7ti\u011fimiz hafta ba\u015f\u0131nda ba\u015flad\u0131.\u00a0 \u015eA\u011e \u015eER\u0130T ZORUNLU Trafi\u011fin en yo\u011fun oldu\u011fu do\u011fu ve bat\u0131 y\u00f6nde trafik ak\u0131\u015f\u0131nda Mevl\u00e2na Kav\u015fa\u011f\u0131, Yener Ulusoy Bulvar\u0131 ve ana arterlerde toplu ta\u015f\u0131ma ara\u00e7lar\u0131 art\u0131k sa\u011f \u015feritten gidecek. \u0130lk etap olan Mevl\u00e2na Kav\u015fa\u011f\u0131 ile G\u00fcll\u00fck Kav\u015fa\u011f\u0131na kadar t\u00fcm otob\u00fcsler sa\u011f \u015feridi kullanmaya ba\u015flad\u0131. S\u00fcr\u00fcc\u00fcler i\u00e7in bilgilendirici tabelalar ve \u015ferit boyama \u00e7al\u0131\u015fmalar\u0131 yap\u0131ld\u0131. Trafikteki di\u011fer ara\u00e7lar da sa\u011f \u015feridi kullanabilecekler ama kesinlikle park etme ve duraklama yapamayacak.\u00a0 TRAF\u0130K ZABITA G\u00d6REVDE Antalya K\u00f6rfez Gazetesi muhabiri Ertu\u011frul G\u00fcn&#8217;\u00fcn haberine g\u00f6re; uygulamadan rahats\u0131z olan bir\u00e7ok otob\u00fcs \u015fof\u00f6r\u00fc ise \u00f6zellikle trafi\u011fin seyrek oldu\u011fu zamanlarda Mevl\u00e2na ve G\u00fcll\u00fck aras\u0131nda zorunlu olan \u00fcst yol yerine alt ge\u00e7itleri kullanmaya devam etti. Antalya B\u00fcy\u00fck\u015fehir Belediyesi\u2019nin sa\u011f \u015ferit uygulamas\u0131n\u0131 kullanmayan otob\u00fcs \u015fof\u00f6rlerine y\u00f6nelik harekete ge\u00e7ti\u011fi \u00f6\u011frenildi. Belediye trafik zab\u0131ta ekipleri g\u00fczerg\u00e2h \u00fczerinde s\u0131k s\u0131k denetimler yapt\u0131\u011f\u0131 belirtildi. Trafik zab\u0131ta ekipleri bir yandan sa\u011f parklanmalar\u0131n \u00f6n\u00fcne ge\u00e7meye \u00e7al\u0131\u015f\u0131rken bir yandan da otob\u00fcsleri g\u00fczergaha y\u00f6nlendirdi.\u00a0 \u015eOF\u00d6RLERE CEZA Antalya Otob\u00fcs\u00e7\u00fcler Odas\u0131 Ba\u015fkan\u0131 Yasin Arslan, uygulamay\u0131 kullanmayan s\u00fcr\u00fcc\u00fclere uyar\u0131larda bulundu. Arslan, &hellip;","og_url":"https:\/\/denizcankizil.tr\/uk\/haberler\/gundem\/antalyada-sag-serit-kuralina-uymayan-otobus-soforlerine-caza-yagiyor\/","og_site_name":"Av. Deniz Can K\u0131z\u0131l","article_published_time":"2025-02-26T11:41:36+00:00","author":"Antalya K\u00f6rfez","twitter_card":"summary_large_image","twitter_misc":{"\u041d\u0430\u043f\u0438\u0441\u0430\u043d\u043e":"Antalya K\u00f6rfez","\u041f\u0440\u0438\u0431\u043b. \u0447\u0430\u0441 \u0447\u0438\u0442\u0430\u043d\u043d\u044f":"2 \u0445\u0432\u0438\u043b\u0438\u043d\u0438"},"schema":{"@context":"https:\/\/schema.org","@graph":[{"@type":"Article","@id":"https:\/\/denizcankizil.tr\/de\/haberler\/gundem\/antalyada-sag-serit-kuralina-uymayan-otobus-soforlerine-caza-yagiyor\/#article","isPartOf":{"@id":"https:\/\/denizcankizil.tr\/de\/haberler\/gundem\/antalyada-sag-serit-kuralina-uymayan-otobus-soforlerine-caza-yagiyor\/"},"author":{"name":"Antalya K\u00f6rfez","@id":"https:\/\/denizcankizil.tr\/#\/schema\/person\/e1eb71bb4dd684d46563f0af307e1234"},"headline":"Antalya\u2019da \u2018sa\u011f \u015ferit\u2019 kural\u0131na uymayan otob\u00fcs \u015fof\u00f6rlerine caza ya\u011f\u0131yor!","datePublished":"2025-02-26T11:41:36+00:00","mainEntityOfPage":{"@id":"https:\/\/denizcankizil.tr\/de\/haberler\/gundem\/antalyada-sag-serit-kuralina-uymayan-otobus-soforlerine-caza-yagiyor\/"},"wordCount":481,"commentCount":0,"publisher":{"@id":"https:\/\/denizcankizil.tr\/#organization"},"articleSection":["G\u00fcndem"],"inLanguage":"uk","potentialAction":[{"@type":"CommentAction","name":"Comment","target":["https:\/\/denizcankizil.tr\/de\/haberler\/gundem\/antalyada-sag-serit-kuralina-uymayan-otobus-soforlerine-caza-yagiyor\/#respond"]}]},{"@type":"WebPage","@id":"https:\/\/denizcankizil.tr\/de\/haberler\/gundem\/antalyada-sag-serit-kuralina-uymayan-otobus-soforlerine-caza-yagiyor\/","url":"https:\/\/denizcankizil.tr\/de\/haberler\/gundem\/antalyada-sag-serit-kuralina-uymayan-otobus-soforlerine-caza-yagiyor\/","name":"Antalya\u2019da \u2018sa\u011f \u015ferit\u2019 kural\u0131na uymayan otob\u00fcs \u015fof\u00f6rlerine caza ya\u011f\u0131yor! - Av. Deniz Can K\u0131z\u0131l","isPartOf":{"@id":"https:\/\/denizcankizil.tr\/#website"},"datePublished":"2025-02-26T11:41:36+00:00","breadcrumb":{"@id":"https:\/\/denizcankizil.tr\/de\/haberler\/gundem\/antalyada-sag-serit-kuralina-uymayan-otobus-soforlerine-caza-yagiyor\/#breadcrumb"},"inLanguage":"uk","potentialAction":[{"@type":"ReadAction","target":["https:\/\/denizcankizil.tr\/de\/haberler\/gundem\/antalyada-sag-serit-kuralina-uymayan-otobus-soforlerine-caza-yagiyor\/"]}]},{"@type":"BreadcrumbList","@id":"https:\/\/denizcankizil.tr\/de\/haberler\/gundem\/antalyada-sag-serit-kuralina-uymayan-otobus-soforlerine-caza-yagiyor\/#breadcrumb","itemListElement":[{"@type":"ListItem","position":1,"name":"Home","item":"https:\/\/denizcankizil.tr\/de\/"},{"@type":"ListItem","position":2,"name":"Antalya\u2019da \u2018sa\u011f \u015ferit\u2019 kural\u0131na uymayan otob\u00fcs \u015fof\u00f6rlerine caza ya\u011f\u0131yor!"}]},{"@type":"WebSite","@id":"https:\/\/denizcankizil.tr\/#website","url":"https:\/\/denizcankizil.tr\/","name":"Av. Deniz Can K\u0131z\u0131l","description":"Avukat Deniz Can K\u0131z\u0131l Antalya Barosu","publisher":{"@id":"https:\/\/denizcankizil.tr\/#organization"},"potentialAction":[{"@type":"SearchAction","target":{"@type":"EntryPoint","urlTemplate":"https:\/\/denizcankizil.tr\/?s={search_term_string}"},"query-input":{"@type":"PropertyValueSpecification","valueRequired":true,"valueName":"search_term_string"}}],"inLanguage":"uk"},{"@type":"Organization","@id":"https:\/\/denizcankizil.tr\/#organization","name":"Av. Deniz Can K\u0131z\u0131l","url":"https:\/\/denizcankizil.tr\/","logo":{"@type":"ImageObject","inLanguage":"uk","@id":"https:\/\/denizcankizil.tr\/#\/schema\/logo\/image\/","url":"https:\/\/denizcankizil.tr\/wp-content\/uploads\/2024\/10\/siyah-logo-svg.svg","contentUrl":"https:\/\/denizcankizil.tr\/wp-content\/uploads\/2024\/10\/siyah-logo-svg.svg","width":1080,"height":1080,"caption":"Av. Deniz Can K\u0131z\u0131l"},"image":{"@id":"https:\/\/denizcankizil.tr\/#\/schema\/logo\/image\/"}},{"@type":"Person","@id":"https:\/\/denizcankizil.tr\/#\/schema\/person\/e1eb71bb4dd684d46563f0af307e1234","name":"Antalya K\u00f6rfez","image":{"@type":"ImageObject","inLanguage":"uk","@id":"https:\/\/denizcankizil.tr\/#\/schema\/person\/image\/","url":"https:\/\/secure.gravatar.com\/avatar\/42b01982558a48a0b501fdcab6a408d3717ea5919095ee2e67b0e521799c5905?s=96&d=mm&r=g","contentUrl":"https:\/\/secure.gravatar.com\/avatar\/42b01982558a48a0b501fdcab6a408d3717ea5919095ee2e67b0e521799c5905?s=96&d=mm&r=g","caption":"Antalya K\u00f6rfez"},"sameAs":["http:\/\/www.antalyakorfez.com"],"url":"https:\/\/www.antalyakorfez.com\/antalyada-sag-serit-kuralina-uymayan-otobus-soforlerine-caza-yagiyor"}]}},"_links":{"self":[{"href":"https:\/\/denizcankizil.tr\/uk\/wp-json\/wp\/v2\/posts\/34160","targetHints":{"allow":["GET"]}}],"collection":[{"href":"https:\/\/denizcankizil.tr\/uk\/wp-json\/wp\/v2\/posts"}],"about":[{"href":"https:\/\/denizcankizil.tr\/uk\/wp-json\/wp\/v2\/types\/post"}],"author":[{"embeddable":true,"href":"https:\/\/denizcankizil.tr\/uk\/wp-json\/wp\/v2\/users\/5"}],"replies":[{"embeddable":true,"href":"https:\/\/denizcankizil.tr\/uk\/wp-json\/wp\/v2\/comments?post=34160"}],"version-history":[{"count":0,"href":"https:\/\/denizcankizil.tr\/uk\/wp-json\/wp\/v2\/posts\/34160\/revisions"}],"wp:attachment":[{"href":"https:\/\/denizcankizil.tr\/uk\/wp-json\/wp\/v2\/media?parent=34160"}],"wp:term":[{"taxonomy":"category","embeddable":true,"href":"https:\/\/denizcankizil.tr\/uk\/wp-json\/wp\/v2\/categories?post=34160"},{"taxonomy":"post_tag","embeddable":true,"href":"https:\/\/denizcankizil.tr\/uk\/wp-json\/wp\/v2\/tags?post=34160"}],"curies":[{"name":"wp","href":"https:\/\/api.w.org\/{rel}","templated":true}]}}