{"id":34150,"date":"2025-02-26T12:41:54","date_gmt":"2025-02-26T09:41:54","guid":{"rendered":"https:\/\/denizcankizil.tr\/uncategorized-tr\/antalya-yedieminde-binlerce-arac-curumeye-terk-edildi\/"},"modified":"2025-02-26T12:41:54","modified_gmt":"2025-02-26T09:41:54","slug":"antalya-yedieminde-binlerce-arac-curumeye-terk-edildi","status":"publish","type":"post","link":"https:\/\/denizcankizil.tr\/uk\/haberler\/gundem\/antalya-yedieminde-binlerce-arac-curumeye-terk-edildi\/","title":{"rendered":"Antalya yedieminde binlerce ara\u00e7 \u00e7\u00fcr\u00fcmeye terk edildi"},"content":{"rendered":"<p>Antalya&#8217;da icradan ya da eksik evrak nedeniyle trafikten menedilen binlerce otomobil ve motosiklet, yediemin otoparklar\u0131nda \u00e7\u00fcr\u00fcmeye terk edildi. Aralar\u0131nda l\u00fcks otomobiller ve ciplerin de oldu\u011fu otoparklardaki baz\u0131 ara\u00e7lar\u0131n 30 y\u0131ld\u0131r i\u015fletmeye zimmetli halde bekledi\u011fi dikkati \u00e7ekti. \u0130cradan sat\u0131lamamas\u0131 nedeniyle ekonomik de\u011ferini kaybeden ara\u00e7lar\u0131n \u00e7o\u011fu tamamen \u00e7\u00fcr\u00fcd\u00fc. Baz\u0131 ki\u015filerin ise ara\u00e7lar\u0131 i\u00e7in icradan yakalama karar\u0131 oldu\u011funu \u00f6\u011frenince motor, elektronik aksam, ayd\u0131nlatmalar gibi de\u011ferli k\u0131s\u0131mlar\u0131 sanayide s\u00f6kt\u00fcr\u00fcp satt\u0131ktan sonra kalan k\u0131sm\u0131n\u0131 \u00e7ekiciyle soka\u011fa terk etti\u011fi \u00f6\u011frenildi. Terk edildi\u011fi yerde tespit edilen ara\u00e7lar hurda halde otoparklara \u00e7ekildi\u011fi i\u00e7in al\u0131c\u0131s\u0131n\u0131n \u00e7\u0131kmad\u0131\u011f\u0131 belirtildi.<\/p>\n<p>ARA\u00c7LAR HURDAYA D\u00d6N\u00dcYOR\u00a0<\/p>\n<p>Antalya&#8217;da 20 y\u0131l \u00f6nce yediemin otopark\u0131 i\u015fletmeye ba\u015flayan Antalya Otopark\u00e7\u0131lar ve Oto Y\u0131kamac\u0131lar Derne\u011fi Ba\u015fkan\u0131 Mustafa Hakan Top\u00e7u, kendisine ait 2 otopark\u0131n tamamen doldu\u011funu belirtti. Hacizli veya eksik evrakl\u0131 ara\u00e7 yo\u011funlu\u011funa cevap vermek i\u00e7in 1 otoparkla ba\u015flad\u0131\u011f\u0131 yediemin i\u015fletmesine 2 otoparkla devam etti\u011fini anlatan Top\u00e7u, Konyaalt\u0131 il\u00e7esi \u00c7ak\u0131rlar b\u00f6lgesinde yeni otopark i\u015fletmesine ba\u015flad\u0131\u011f\u0131n\u0131 s\u00f6yledi. Top\u00e7u, otopark yerlerinin art\u0131k yetersiz kald\u0131\u011f\u0131n\u0131 ifade ederek &#8220;Yeni bir yer yap\u0131yoruz. Tasfiye i\u015flemlerinden yan\u0131t alamad\u0131k. 2 y\u0131ld\u0131r devam eden tasfiye i\u015flemlerinde yaln\u0131zca 49 ara\u00e7 sat\u0131ld\u0131. Bu \u015fekilde devam etti\u011fi s\u00fcrece yeni bir ara\u00e7 koyacak yer bulam\u0131yoruz. Bu nedenle ara\u00e7lar\u0131 \u00fcst \u00fcste koymak zorunda kal\u0131yoruz ve ara\u00e7lar hurdaya d\u00f6n\u00fcyor. Havanda su d\u00f6v\u00fcl\u00fcyor&#8221; diye konu\u015ftu.<\/p>\n<p>\u201cBUNLAR \u00dcLKEM\u0130ZE D\u00d6V\u0130ZLE GEL\u0130YOR\u201d<\/p>\n<p>Top\u00e7u, 2 y\u0131lda 49 ara\u00e7 sat\u0131lmas\u0131na kar\u015f\u0131n, gelen ara\u00e7 say\u0131s\u0131n\u0131n kat kat fazla oldu\u011funu da belirterek Top\u00e7u, &#8220;Sadece bizde 3 binden fazla ara\u00e7 var. T\u00fcrkiye genelinde milyonlarca ara\u00e7 demek bu&#8221; dedi. Top\u00e7u, 10-15 y\u0131l otoparkta arac\u0131n bekletilip hurdaya d\u00f6nmesine m\u00fcsaade edenler hakk\u0131nda ilgili yapt\u0131r\u0131mlar\u0131n uygulanmas\u0131 gerekti\u011fini de s\u00f6yleyerek, &#8220;Milli servet bunlar. Bunlar \u00fclkemize d\u00f6vizle geliyor. D\u00f6vizler burada bekliyor ve sonra o dolarlar\u0131 yak\u0131yoruz, yap\u0131lan i\u015flemin \u00f6zeti bu. Bu art\u0131k kangren olmu\u015f bir sorun&#8221; ifadelerini kulland\u0131. Top\u00e7u, ayr\u0131ca alacaklar\u0131ndan dolay\u0131 icradan otoparka \u00e7ekilmesine y\u00f6nelik ba\u015fvuru yapan t\u00fczel ki\u015fi ya da ki\u015filerin, otoparka \u00e7ekilmesinden sonraki 6 ayl\u0131k s\u00fcre\u00e7te ara\u00e7lar\u0131n sat\u0131lmas\u0131n\u0131 sa\u011flamas\u0131 gerekti\u011fini de s\u00f6zlerine ekledi.<\/p>\n<p>\u200bAntalya\u2019da icradan ya da eksik evrak nedeniyle trafikten men edilen binlerce otomobil ve motosiklet, yediemin otoparklar\u0131nda \u00e7\u00fcr\u00fcmeye terk edildi. Buradaki ara\u00e7lar\u0131n milli bir servet oldu\u011funa de\u011finen Antalya Otopark\u00e7\u0131lar ve Oto Y\u0131kamac\u0131lar Derne\u011fi Ba\u015fkan\u0131 Mustafa Hakan Top\u00e7u, \u201cMilli servet bunlar. Bunlar \u00fclkemize d\u00f6vizle geliyor. D\u00f6vizler burada bekliyor ve sonra o dolarlar\u0131 yak\u0131yoruz, yap\u0131lan i\u015flemin \u00f6zeti bu\u201d dedi.\u00a0<\/p>\n<p>\u200bHaberin Al\u0131nt\u0131land\u0131\u011f\u0131 Kaynak: www.antalyakorfez.com<\/p>","protected":false},"excerpt":{"rendered":"<p>Antalya&#8217;da icradan ya da eksik evrak nedeniyle trafikten menedilen binlerce otomobil ve motosiklet, yediemin otoparklar\u0131nda \u00e7\u00fcr\u00fcmeye terk edildi. Aralar\u0131nda l\u00fcks otomobiller ve ciplerin de oldu\u011fu otoparklardaki baz\u0131 ara\u00e7lar\u0131n 30 y\u0131ld\u0131r i\u015fletmeye zimmetli halde bekledi\u011fi dikkati \u00e7ekti. \u0130cradan sat\u0131lamamas\u0131 nedeniyle ekonomik de\u011ferini kaybeden ara\u00e7lar\u0131n \u00e7o\u011fu tamamen \u00e7\u00fcr\u00fcd\u00fc. Baz\u0131 ki\u015filerin ise ara\u00e7lar\u0131 i\u00e7in icradan yakalama karar\u0131 oldu\u011funu \u00f6\u011frenince motor, elektronik aksam, ayd\u0131nlatmalar gibi de\u011ferli k\u0131s\u0131mlar\u0131 sanayide s\u00f6kt\u00fcr\u00fcp satt\u0131ktan sonra kalan k\u0131sm\u0131n\u0131 \u00e7ekiciyle soka\u011fa terk etti\u011fi \u00f6\u011frenildi. Terk edildi\u011fi yerde tespit edilen ara\u00e7lar hurda halde otoparklara \u00e7ekildi\u011fi i\u00e7in al\u0131c\u0131s\u0131n\u0131n \u00e7\u0131kmad\u0131\u011f\u0131 belirtildi. ARA\u00c7LAR HURDAYA D\u00d6N\u00dcYOR\u00a0 Antalya&#8217;da 20 y\u0131l \u00f6nce yediemin otopark\u0131 i\u015fletmeye ba\u015flayan Antalya Otopark\u00e7\u0131lar ve Oto Y\u0131kamac\u0131lar Derne\u011fi Ba\u015fkan\u0131 Mustafa Hakan Top\u00e7u, kendisine ait 2 otopark\u0131n tamamen doldu\u011funu belirtti. Hacizli veya eksik evrakl\u0131 ara\u00e7 yo\u011funlu\u011funa cevap vermek i\u00e7in 1 otoparkla ba\u015flad\u0131\u011f\u0131 yediemin i\u015fletmesine 2 otoparkla devam etti\u011fini anlatan Top\u00e7u, Konyaalt\u0131 il\u00e7esi \u00c7ak\u0131rlar b\u00f6lgesinde yeni otopark i\u015fletmesine ba\u015flad\u0131\u011f\u0131n\u0131 s\u00f6yledi. Top\u00e7u, otopark yerlerinin art\u0131k yetersiz kald\u0131\u011f\u0131n\u0131 ifade ederek &#8220;Yeni bir yer yap\u0131yoruz. Tasfiye i\u015flemlerinden yan\u0131t alamad\u0131k. 2 y\u0131ld\u0131r devam eden tasfiye i\u015flemlerinde yaln\u0131zca 49 ara\u00e7 sat\u0131ld\u0131. Bu \u015fekilde devam etti\u011fi s\u00fcrece yeni bir ara\u00e7 koyacak yer bulam\u0131yoruz. Bu nedenle ara\u00e7lar\u0131 \u00fcst \u00fcste koymak zorunda kal\u0131yoruz ve ara\u00e7lar hurdaya d\u00f6n\u00fcyor. Havanda su d\u00f6v\u00fcl\u00fcyor&#8221; diye konu\u015ftu. \u201cBUNLAR &hellip;<\/p>","protected":false},"author":5,"featured_media":0,"comment_status":"open","ping_status":"open","sticky":false,"template":"","format":"standard","meta":{"_acf_changed":false,"footnotes":""},"categories":[24],"tags":[],"class_list":["post-34150","post","type-post","status-publish","format-standard","has-post-thumbnail","hentry","category-gundem"],"acf":[],"yoast_head":"<!-- This site is optimized with the Yoast SEO Premium plugin v26.6 (Yoast SEO v27.1.1) - https:\/\/yoast.com\/product\/yoast-seo-premium-wordpress\/ -->\n<title>Antalya yedieminde binlerce ara\u00e7 \u00e7\u00fcr\u00fcmeye terk edildi - Av. Deniz Can K\u0131z\u0131l<\/title>\n<meta name=\"robots\" content=\"index, follow, max-snippet:-1, max-image-preview:large, max-video-preview:-1\" \/>\n<link rel=\"canonical\" href=\"https:\/\/denizcankizil.tr\/uk\/haberler\/gundem\/antalya-yedieminde-binlerce-arac-curumeye-terk-edildi\/\" \/>\n<meta property=\"og:locale\" content=\"uk_UA\" \/>\n<meta property=\"og:type\" content=\"article\" \/>\n<meta property=\"og:title\" content=\"Antalya yedieminde binlerce ara\u00e7 \u00e7\u00fcr\u00fcmeye terk edildi\" \/>\n<meta property=\"og:description\" content=\"Antalya&#8217;da icradan ya da eksik evrak nedeniyle trafikten menedilen binlerce otomobil ve motosiklet, yediemin otoparklar\u0131nda \u00e7\u00fcr\u00fcmeye terk edildi. Aralar\u0131nda l\u00fcks otomobiller ve ciplerin de oldu\u011fu otoparklardaki baz\u0131 ara\u00e7lar\u0131n 30 y\u0131ld\u0131r i\u015fletmeye zimmetli halde bekledi\u011fi dikkati \u00e7ekti. \u0130cradan sat\u0131lamamas\u0131 nedeniyle ekonomik de\u011ferini kaybeden ara\u00e7lar\u0131n \u00e7o\u011fu tamamen \u00e7\u00fcr\u00fcd\u00fc. Baz\u0131 ki\u015filerin ise ara\u00e7lar\u0131 i\u00e7in icradan yakalama karar\u0131 oldu\u011funu \u00f6\u011frenince motor, elektronik aksam, ayd\u0131nlatmalar gibi de\u011ferli k\u0131s\u0131mlar\u0131 sanayide s\u00f6kt\u00fcr\u00fcp satt\u0131ktan sonra kalan k\u0131sm\u0131n\u0131 \u00e7ekiciyle soka\u011fa terk etti\u011fi \u00f6\u011frenildi. Terk edildi\u011fi yerde tespit edilen ara\u00e7lar hurda halde otoparklara \u00e7ekildi\u011fi i\u00e7in al\u0131c\u0131s\u0131n\u0131n \u00e7\u0131kmad\u0131\u011f\u0131 belirtildi. ARA\u00c7LAR HURDAYA D\u00d6N\u00dcYOR\u00a0 Antalya&#8217;da 20 y\u0131l \u00f6nce yediemin otopark\u0131 i\u015fletmeye ba\u015flayan Antalya Otopark\u00e7\u0131lar ve Oto Y\u0131kamac\u0131lar Derne\u011fi Ba\u015fkan\u0131 Mustafa Hakan Top\u00e7u, kendisine ait 2 otopark\u0131n tamamen doldu\u011funu belirtti. Hacizli veya eksik evrakl\u0131 ara\u00e7 yo\u011funlu\u011funa cevap vermek i\u00e7in 1 otoparkla ba\u015flad\u0131\u011f\u0131 yediemin i\u015fletmesine 2 otoparkla devam etti\u011fini anlatan Top\u00e7u, Konyaalt\u0131 il\u00e7esi \u00c7ak\u0131rlar b\u00f6lgesinde yeni otopark i\u015fletmesine ba\u015flad\u0131\u011f\u0131n\u0131 s\u00f6yledi. Top\u00e7u, otopark yerlerinin art\u0131k yetersiz kald\u0131\u011f\u0131n\u0131 ifade ederek &#8220;Yeni bir yer yap\u0131yoruz. Tasfiye i\u015flemlerinden yan\u0131t alamad\u0131k. 2 y\u0131ld\u0131r devam eden tasfiye i\u015flemlerinde yaln\u0131zca 49 ara\u00e7 sat\u0131ld\u0131. Bu \u015fekilde devam etti\u011fi s\u00fcrece yeni bir ara\u00e7 koyacak yer bulam\u0131yoruz. Bu nedenle ara\u00e7lar\u0131 \u00fcst \u00fcste koymak zorunda kal\u0131yoruz ve ara\u00e7lar hurdaya d\u00f6n\u00fcyor. Havanda su d\u00f6v\u00fcl\u00fcyor&#8221; diye konu\u015ftu. \u201cBUNLAR &hellip;\" \/>\n<meta property=\"og:url\" content=\"https:\/\/denizcankizil.tr\/uk\/haberler\/gundem\/antalya-yedieminde-binlerce-arac-curumeye-terk-edildi\/\" \/>\n<meta property=\"og:site_name\" content=\"Av. Deniz Can K\u0131z\u0131l\" \/>\n<meta property=\"article:published_time\" content=\"2025-02-26T09:41:54+00:00\" \/>\n<meta name=\"author\" content=\"Antalya K\u00f6rfez\" \/>\n<meta name=\"twitter:card\" content=\"summary_large_image\" \/>\n<meta name=\"twitter:label1\" content=\"\u041d\u0430\u043f\u0438\u0441\u0430\u043d\u043e\" \/>\n\t<meta name=\"twitter:data1\" content=\"Antalya K\u00f6rfez\" \/>\n\t<meta name=\"twitter:label2\" content=\"\u041f\u0440\u0438\u0431\u043b. \u0447\u0430\u0441 \u0447\u0438\u0442\u0430\u043d\u043d\u044f\" \/>\n\t<meta name=\"twitter:data2\" content=\"3 \u0445\u0432\u0438\u043b\u0438\u043d\u0438\" \/>\n<script type=\"application\/ld+json\" class=\"yoast-schema-graph\">{\"@context\":\"https:\/\/schema.org\",\"@graph\":[{\"@type\":\"Article\",\"@id\":\"https:\/\/denizcankizil.tr\/uk\/haberler\/gundem\/antalya-yedieminde-binlerce-arac-curumeye-terk-edildi\/#article\",\"isPartOf\":{\"@id\":\"https:\/\/denizcankizil.tr\/uk\/haberler\/gundem\/antalya-yedieminde-binlerce-arac-curumeye-terk-edildi\/\"},\"author\":{\"name\":\"Antalya K\u00f6rfez\",\"@id\":\"https:\/\/denizcankizil.tr\/#\/schema\/person\/e1eb71bb4dd684d46563f0af307e1234\"},\"headline\":\"Antalya yedieminde binlerce ara\u00e7 \u00e7\u00fcr\u00fcmeye terk edildi\",\"datePublished\":\"2025-02-26T09:41:54+00:00\",\"mainEntityOfPage\":{\"@id\":\"https:\/\/denizcankizil.tr\/uk\/haberler\/gundem\/antalya-yedieminde-binlerce-arac-curumeye-terk-edildi\/\"},\"wordCount\":530,\"commentCount\":0,\"publisher\":{\"@id\":\"https:\/\/denizcankizil.tr\/#organization\"},\"articleSection\":[\"G\u00fcndem\"],\"inLanguage\":\"uk\",\"potentialAction\":[{\"@type\":\"CommentAction\",\"name\":\"Comment\",\"target\":[\"https:\/\/denizcankizil.tr\/uk\/haberler\/gundem\/antalya-yedieminde-binlerce-arac-curumeye-terk-edildi\/#respond\"]}]},{\"@type\":\"WebPage\",\"@id\":\"https:\/\/denizcankizil.tr\/uk\/haberler\/gundem\/antalya-yedieminde-binlerce-arac-curumeye-terk-edildi\/\",\"url\":\"https:\/\/denizcankizil.tr\/uk\/haberler\/gundem\/antalya-yedieminde-binlerce-arac-curumeye-terk-edildi\/\",\"name\":\"Antalya yedieminde binlerce ara\u00e7 \u00e7\u00fcr\u00fcmeye terk edildi - Av. Deniz Can K\u0131z\u0131l\",\"isPartOf\":{\"@id\":\"https:\/\/denizcankizil.tr\/#website\"},\"datePublished\":\"2025-02-26T09:41:54+00:00\",\"breadcrumb\":{\"@id\":\"https:\/\/denizcankizil.tr\/uk\/haberler\/gundem\/antalya-yedieminde-binlerce-arac-curumeye-terk-edildi\/#breadcrumb\"},\"inLanguage\":\"uk\",\"potentialAction\":[{\"@type\":\"ReadAction\",\"target\":[\"https:\/\/denizcankizil.tr\/uk\/haberler\/gundem\/antalya-yedieminde-binlerce-arac-curumeye-terk-edildi\/\"]}]},{\"@type\":\"BreadcrumbList\",\"@id\":\"https:\/\/denizcankizil.tr\/uk\/haberler\/gundem\/antalya-yedieminde-binlerce-arac-curumeye-terk-edildi\/#breadcrumb\",\"itemListElement\":[{\"@type\":\"ListItem\",\"position\":1,\"name\":\"Home\",\"item\":\"https:\/\/denizcankizil.tr\/de\/\"},{\"@type\":\"ListItem\",\"position\":2,\"name\":\"Antalya yedieminde binlerce ara\u00e7 \u00e7\u00fcr\u00fcmeye terk edildi\"}]},{\"@type\":\"WebSite\",\"@id\":\"https:\/\/denizcankizil.tr\/#website\",\"url\":\"https:\/\/denizcankizil.tr\/\",\"name\":\"Av. Deniz Can K\u0131z\u0131l\",\"description\":\"Avukat Deniz Can K\u0131z\u0131l Antalya Barosu\",\"publisher\":{\"@id\":\"https:\/\/denizcankizil.tr\/#organization\"},\"potentialAction\":[{\"@type\":\"SearchAction\",\"target\":{\"@type\":\"EntryPoint\",\"urlTemplate\":\"https:\/\/denizcankizil.tr\/?s={search_term_string}\"},\"query-input\":{\"@type\":\"PropertyValueSpecification\",\"valueRequired\":true,\"valueName\":\"search_term_string\"}}],\"inLanguage\":\"uk\"},{\"@type\":\"Organization\",\"@id\":\"https:\/\/denizcankizil.tr\/#organization\",\"name\":\"Av. Deniz Can K\u0131z\u0131l\",\"url\":\"https:\/\/denizcankizil.tr\/\",\"logo\":{\"@type\":\"ImageObject\",\"inLanguage\":\"uk\",\"@id\":\"https:\/\/denizcankizil.tr\/#\/schema\/logo\/image\/\",\"url\":\"https:\/\/denizcankizil.tr\/wp-content\/uploads\/2024\/10\/siyah-logo-svg.svg\",\"contentUrl\":\"https:\/\/denizcankizil.tr\/wp-content\/uploads\/2024\/10\/siyah-logo-svg.svg\",\"width\":1080,\"height\":1080,\"caption\":\"Av. Deniz Can K\u0131z\u0131l\"},\"image\":{\"@id\":\"https:\/\/denizcankizil.tr\/#\/schema\/logo\/image\/\"}},{\"@type\":\"Person\",\"@id\":\"https:\/\/denizcankizil.tr\/#\/schema\/person\/e1eb71bb4dd684d46563f0af307e1234\",\"name\":\"Antalya K\u00f6rfez\",\"image\":{\"@type\":\"ImageObject\",\"inLanguage\":\"uk\",\"@id\":\"https:\/\/denizcankizil.tr\/#\/schema\/person\/image\/\",\"url\":\"https:\/\/secure.gravatar.com\/avatar\/42b01982558a48a0b501fdcab6a408d3717ea5919095ee2e67b0e521799c5905?s=96&d=mm&r=g\",\"contentUrl\":\"https:\/\/secure.gravatar.com\/avatar\/42b01982558a48a0b501fdcab6a408d3717ea5919095ee2e67b0e521799c5905?s=96&d=mm&r=g\",\"caption\":\"Antalya K\u00f6rfez\"},\"sameAs\":[\"http:\/\/www.antalyakorfez.com\"],\"url\":\"https:\/\/www.antalyakorfez.com\/antalya-yedieminde-binlerce-arac-curumeye-terk-edildi\"}]}<\/script>\n<!-- \/ Yoast SEO Premium plugin. -->","yoast_head_json":{"title":"Antalya yedieminde binlerce ara\u00e7 \u00e7\u00fcr\u00fcmeye terk edildi - Av. Deniz Can K\u0131z\u0131l","robots":{"index":"index","follow":"follow","max-snippet":"max-snippet:-1","max-image-preview":"max-image-preview:large","max-video-preview":"max-video-preview:-1"},"canonical":"https:\/\/denizcankizil.tr\/uk\/haberler\/gundem\/antalya-yedieminde-binlerce-arac-curumeye-terk-edildi\/","og_locale":"uk_UA","og_type":"article","og_title":"Antalya yedieminde binlerce ara\u00e7 \u00e7\u00fcr\u00fcmeye terk edildi","og_description":"Antalya&#8217;da icradan ya da eksik evrak nedeniyle trafikten menedilen binlerce otomobil ve motosiklet, yediemin otoparklar\u0131nda \u00e7\u00fcr\u00fcmeye terk edildi. Aralar\u0131nda l\u00fcks otomobiller ve ciplerin de oldu\u011fu otoparklardaki baz\u0131 ara\u00e7lar\u0131n 30 y\u0131ld\u0131r i\u015fletmeye zimmetli halde bekledi\u011fi dikkati \u00e7ekti. \u0130cradan sat\u0131lamamas\u0131 nedeniyle ekonomik de\u011ferini kaybeden ara\u00e7lar\u0131n \u00e7o\u011fu tamamen \u00e7\u00fcr\u00fcd\u00fc. Baz\u0131 ki\u015filerin ise ara\u00e7lar\u0131 i\u00e7in icradan yakalama karar\u0131 oldu\u011funu \u00f6\u011frenince motor, elektronik aksam, ayd\u0131nlatmalar gibi de\u011ferli k\u0131s\u0131mlar\u0131 sanayide s\u00f6kt\u00fcr\u00fcp satt\u0131ktan sonra kalan k\u0131sm\u0131n\u0131 \u00e7ekiciyle soka\u011fa terk etti\u011fi \u00f6\u011frenildi. Terk edildi\u011fi yerde tespit edilen ara\u00e7lar hurda halde otoparklara \u00e7ekildi\u011fi i\u00e7in al\u0131c\u0131s\u0131n\u0131n \u00e7\u0131kmad\u0131\u011f\u0131 belirtildi. ARA\u00c7LAR HURDAYA D\u00d6N\u00dcYOR\u00a0 Antalya&#8217;da 20 y\u0131l \u00f6nce yediemin otopark\u0131 i\u015fletmeye ba\u015flayan Antalya Otopark\u00e7\u0131lar ve Oto Y\u0131kamac\u0131lar Derne\u011fi Ba\u015fkan\u0131 Mustafa Hakan Top\u00e7u, kendisine ait 2 otopark\u0131n tamamen doldu\u011funu belirtti. Hacizli veya eksik evrakl\u0131 ara\u00e7 yo\u011funlu\u011funa cevap vermek i\u00e7in 1 otoparkla ba\u015flad\u0131\u011f\u0131 yediemin i\u015fletmesine 2 otoparkla devam etti\u011fini anlatan Top\u00e7u, Konyaalt\u0131 il\u00e7esi \u00c7ak\u0131rlar b\u00f6lgesinde yeni otopark i\u015fletmesine ba\u015flad\u0131\u011f\u0131n\u0131 s\u00f6yledi. Top\u00e7u, otopark yerlerinin art\u0131k yetersiz kald\u0131\u011f\u0131n\u0131 ifade ederek &#8220;Yeni bir yer yap\u0131yoruz. Tasfiye i\u015flemlerinden yan\u0131t alamad\u0131k. 2 y\u0131ld\u0131r devam eden tasfiye i\u015flemlerinde yaln\u0131zca 49 ara\u00e7 sat\u0131ld\u0131. Bu \u015fekilde devam etti\u011fi s\u00fcrece yeni bir ara\u00e7 koyacak yer bulam\u0131yoruz. Bu nedenle ara\u00e7lar\u0131 \u00fcst \u00fcste koymak zorunda kal\u0131yoruz ve ara\u00e7lar hurdaya d\u00f6n\u00fcyor. Havanda su d\u00f6v\u00fcl\u00fcyor&#8221; diye konu\u015ftu. \u201cBUNLAR &hellip;","og_url":"https:\/\/denizcankizil.tr\/uk\/haberler\/gundem\/antalya-yedieminde-binlerce-arac-curumeye-terk-edildi\/","og_site_name":"Av. Deniz Can K\u0131z\u0131l","article_published_time":"2025-02-26T09:41:54+00:00","author":"Antalya K\u00f6rfez","twitter_card":"summary_large_image","twitter_misc":{"\u041d\u0430\u043f\u0438\u0441\u0430\u043d\u043e":"Antalya K\u00f6rfez","\u041f\u0440\u0438\u0431\u043b. \u0447\u0430\u0441 \u0447\u0438\u0442\u0430\u043d\u043d\u044f":"3 \u0445\u0432\u0438\u043b\u0438\u043d\u0438"},"schema":{"@context":"https:\/\/schema.org","@graph":[{"@type":"Article","@id":"https:\/\/denizcankizil.tr\/uk\/haberler\/gundem\/antalya-yedieminde-binlerce-arac-curumeye-terk-edildi\/#article","isPartOf":{"@id":"https:\/\/denizcankizil.tr\/uk\/haberler\/gundem\/antalya-yedieminde-binlerce-arac-curumeye-terk-edildi\/"},"author":{"name":"Antalya K\u00f6rfez","@id":"https:\/\/denizcankizil.tr\/#\/schema\/person\/e1eb71bb4dd684d46563f0af307e1234"},"headline":"Antalya yedieminde binlerce ara\u00e7 \u00e7\u00fcr\u00fcmeye terk edildi","datePublished":"2025-02-26T09:41:54+00:00","mainEntityOfPage":{"@id":"https:\/\/denizcankizil.tr\/uk\/haberler\/gundem\/antalya-yedieminde-binlerce-arac-curumeye-terk-edildi\/"},"wordCount":530,"commentCount":0,"publisher":{"@id":"https:\/\/denizcankizil.tr\/#organization"},"articleSection":["G\u00fcndem"],"inLanguage":"uk","potentialAction":[{"@type":"CommentAction","name":"Comment","target":["https:\/\/denizcankizil.tr\/uk\/haberler\/gundem\/antalya-yedieminde-binlerce-arac-curumeye-terk-edildi\/#respond"]}]},{"@type":"WebPage","@id":"https:\/\/denizcankizil.tr\/uk\/haberler\/gundem\/antalya-yedieminde-binlerce-arac-curumeye-terk-edildi\/","url":"https:\/\/denizcankizil.tr\/uk\/haberler\/gundem\/antalya-yedieminde-binlerce-arac-curumeye-terk-edildi\/","name":"Antalya yedieminde binlerce ara\u00e7 \u00e7\u00fcr\u00fcmeye terk edildi - Av. Deniz Can K\u0131z\u0131l","isPartOf":{"@id":"https:\/\/denizcankizil.tr\/#website"},"datePublished":"2025-02-26T09:41:54+00:00","breadcrumb":{"@id":"https:\/\/denizcankizil.tr\/uk\/haberler\/gundem\/antalya-yedieminde-binlerce-arac-curumeye-terk-edildi\/#breadcrumb"},"inLanguage":"uk","potentialAction":[{"@type":"ReadAction","target":["https:\/\/denizcankizil.tr\/uk\/haberler\/gundem\/antalya-yedieminde-binlerce-arac-curumeye-terk-edildi\/"]}]},{"@type":"BreadcrumbList","@id":"https:\/\/denizcankizil.tr\/uk\/haberler\/gundem\/antalya-yedieminde-binlerce-arac-curumeye-terk-edildi\/#breadcrumb","itemListElement":[{"@type":"ListItem","position":1,"name":"Home","item":"https:\/\/denizcankizil.tr\/de\/"},{"@type":"ListItem","position":2,"name":"Antalya yedieminde binlerce ara\u00e7 \u00e7\u00fcr\u00fcmeye terk edildi"}]},{"@type":"WebSite","@id":"https:\/\/denizcankizil.tr\/#website","url":"https:\/\/denizcankizil.tr\/","name":"Av. Deniz Can K\u0131z\u0131l","description":"Avukat Deniz Can K\u0131z\u0131l Antalya Barosu","publisher":{"@id":"https:\/\/denizcankizil.tr\/#organization"},"potentialAction":[{"@type":"SearchAction","target":{"@type":"EntryPoint","urlTemplate":"https:\/\/denizcankizil.tr\/?s={search_term_string}"},"query-input":{"@type":"PropertyValueSpecification","valueRequired":true,"valueName":"search_term_string"}}],"inLanguage":"uk"},{"@type":"Organization","@id":"https:\/\/denizcankizil.tr\/#organization","name":"Av. Deniz Can K\u0131z\u0131l","url":"https:\/\/denizcankizil.tr\/","logo":{"@type":"ImageObject","inLanguage":"uk","@id":"https:\/\/denizcankizil.tr\/#\/schema\/logo\/image\/","url":"https:\/\/denizcankizil.tr\/wp-content\/uploads\/2024\/10\/siyah-logo-svg.svg","contentUrl":"https:\/\/denizcankizil.tr\/wp-content\/uploads\/2024\/10\/siyah-logo-svg.svg","width":1080,"height":1080,"caption":"Av. Deniz Can K\u0131z\u0131l"},"image":{"@id":"https:\/\/denizcankizil.tr\/#\/schema\/logo\/image\/"}},{"@type":"Person","@id":"https:\/\/denizcankizil.tr\/#\/schema\/person\/e1eb71bb4dd684d46563f0af307e1234","name":"Antalya K\u00f6rfez","image":{"@type":"ImageObject","inLanguage":"uk","@id":"https:\/\/denizcankizil.tr\/#\/schema\/person\/image\/","url":"https:\/\/secure.gravatar.com\/avatar\/42b01982558a48a0b501fdcab6a408d3717ea5919095ee2e67b0e521799c5905?s=96&d=mm&r=g","contentUrl":"https:\/\/secure.gravatar.com\/avatar\/42b01982558a48a0b501fdcab6a408d3717ea5919095ee2e67b0e521799c5905?s=96&d=mm&r=g","caption":"Antalya K\u00f6rfez"},"sameAs":["http:\/\/www.antalyakorfez.com"],"url":"https:\/\/www.antalyakorfez.com\/antalya-yedieminde-binlerce-arac-curumeye-terk-edildi"}]}},"_links":{"self":[{"href":"https:\/\/denizcankizil.tr\/uk\/wp-json\/wp\/v2\/posts\/34150","targetHints":{"allow":["GET"]}}],"collection":[{"href":"https:\/\/denizcankizil.tr\/uk\/wp-json\/wp\/v2\/posts"}],"about":[{"href":"https:\/\/denizcankizil.tr\/uk\/wp-json\/wp\/v2\/types\/post"}],"author":[{"embeddable":true,"href":"https:\/\/denizcankizil.tr\/uk\/wp-json\/wp\/v2\/users\/5"}],"replies":[{"embeddable":true,"href":"https:\/\/denizcankizil.tr\/uk\/wp-json\/wp\/v2\/comments?post=34150"}],"version-history":[{"count":0,"href":"https:\/\/denizcankizil.tr\/uk\/wp-json\/wp\/v2\/posts\/34150\/revisions"}],"wp:attachment":[{"href":"https:\/\/denizcankizil.tr\/uk\/wp-json\/wp\/v2\/media?parent=34150"}],"wp:term":[{"taxonomy":"category","embeddable":true,"href":"https:\/\/denizcankizil.tr\/uk\/wp-json\/wp\/v2\/categories?post=34150"},{"taxonomy":"post_tag","embeddable":true,"href":"https:\/\/denizcankizil.tr\/uk\/wp-json\/wp\/v2\/tags?post=34150"}],"curies":[{"name":"wp","href":"https:\/\/api.w.org\/{rel}","templated":true}]}}