{"id":34101,"date":"2025-02-25T23:41:14","date_gmt":"2025-02-25T20:41:14","guid":{"rendered":"https:\/\/denizcankizil.tr\/uncategorized-tr\/antalyada-sehir-ici-otobus-soforlerinin-sag-serit-isyani\/"},"modified":"2025-02-25T23:41:14","modified_gmt":"2025-02-25T20:41:14","slug":"antalyada-sehir-ici-otobus-soforlerinin-sag-serit-isyani","status":"publish","type":"post","link":"https:\/\/denizcankizil.tr\/uk\/haberler\/gundem\/antalyada-sehir-ici-otobus-soforlerinin-sag-serit-isyani\/","title":{"rendered":"Antalya\u2019da \u015fehir i\u00e7i otob\u00fcs \u015fof\u00f6rlerinin &#8216;sa\u011f \u015ferit&#8217; isyan\u0131"},"content":{"rendered":"<p>Antalya B\u00fcy\u00fck\u015fehir Belediyesi, Antalya&#8217;da son y\u0131llarda trafi\u011fe kay\u0131tl\u0131 ara\u00e7 say\u0131s\u0131n\u0131n artmas\u0131 ve yo\u011fun g\u00f6\u00e7le birlikte trafikte zaman zaman ya\u015fanan yo\u011funlu\u011funu azaltmak ve toplu ta\u015f\u0131may\u0131 \u00f6zendirmek amac\u0131yla yeni uygulamalar\u0131 hayata ge\u00e7irdi. Bu kapsamda halk otob\u00fcsleri i\u00e7in zorunlu &#8216;sa\u011f \u015ferit&#8217; uygulamas\u0131 ge\u00e7ti\u011fimiz hafta ba\u015f\u0131nda ba\u015flad\u0131.\u00a0<\/p>\n<p>ZORUNLU SA\u011e \u015eER\u0130T UYGULAMASI BA\u015eLADI\u00a0<\/p>\n<p>Trafi\u011fin en yo\u011fun oldu\u011fu do\u011fu &#8211; bat\u0131 y\u00f6n\u00fcndeki Mevl\u00e2na Kav\u015fa\u011f\u0131, Yener Ulusoy Bulvar\u0131 ve G\u00fcll\u00fck Kav\u015fa\u011f\u0131 aras\u0131nda toplu ta\u015f\u0131ma ara\u00e7lar\u0131 art\u0131k sa\u011f \u015feridi kullanmaya ba\u015flad\u0131. S\u00fcr\u00fcc\u00fcler i\u00e7in bilgilendirici tabelalar ve \u015ferit boyama \u00e7al\u0131\u015fmalar\u0131 yap\u0131ld\u0131. Trafikteki di\u011fer ara\u00e7lar da sa\u011f \u015feridi kullanabilecekler ama kesinlikle park etme ve duraklama yapamayacak.\u00a0<\/p>\n<p>OTOB\u00dcS \u015eOF\u00d6RLER\u0130 YO\u011eUNLU\u011eA \u0130SYAN ETT\u0130<\/p>\n<p>Antalya K\u00f6rfez Gazetesi muhabiri Ertu\u011frul G\u00fcn&#8217;\u00fcn haberine g\u00f6re; yeni uygulama tart\u0131\u015fmalar\u0131 da beraberinde getirdi. \u00d6zellikle hafta sonu Mevl\u00e2na Kav\u015fa\u011f\u0131, Yener Ulusoy Bulvar\u0131 \u00fczerinde \u00fcst yolda ya\u015fanan trafik yo\u011funlu\u011fu otob\u00fcs \u015fof\u00f6rlerini isyan ettirdi. Alt ge\u00e7itlerden trafik d\u00fczenli akmas\u0131na ra\u011fmen \u00fcst yola y\u00f6nlendirilen \u015fof\u00f6rler, uzun s\u00fcre ilerlemekte zorland\u0131. \u015eof\u00f6rler o anlar\u0131 cep telefonu ile kay\u0131t alt\u0131na alarak tepkilerini dile getirdi.\u00a0<\/p>\n<p>ZORUNLU SA\u011e \u015eER\u0130T MANTIKLI DE\u011e\u0130L\u00a0<\/p>\n<p>\u0130sminin a\u00e7\u0131klanmas\u0131n\u0131 istemeyen baz\u0131 \u015fof\u00f6rler, \u201cBelediyemizin ald\u0131\u011f\u0131 karar\u0131n arkas\u0131nda duruyoruz. Ama trafi\u011fin yo\u011fun oldu\u011fu saatlerde \u00fcst yol mant\u0131kl\u0131 de\u011fil. Bir\u00e7ok \u015fof\u00f6r arkada\u015f\u0131m\u0131z \u00fcst yollar\u0131 kullanm\u0131yor. \u00c7\u00fcnk\u00fc altta trafik akarken \u00fcstte \u0131\u015f\u0131klar var ve trafik yava\u015f. Ak\u015fam saatlerinde buralarda trafik kilitleniyor. Di\u011fer ara\u00e7lara bu yollar\u0131 tamamen kullanma yasa\u011f\u0131 gelmesi gerekir. Bu kez de di\u011fer ara\u00e7lara nereden gidecek. Tek \u015feritte hi\u00e7 kald\u0131rmaz\u201d dedi.\u00a0<\/p>\n<p>SOSYAL MEDYADA G\u00dcNDEM<\/p>\n<p>Sa\u011f \u015ferit uygulamas\u0131 sosyal medyada da g\u00fcndem oldu. Ali R\u0131za Y\u0131lmaz, \u201cKentte trafi\u011fi rahatlatmak i\u00e7in 40 y\u0131l d\u00fc\u015f\u00fcn\u00fcp bulduklar\u0131 \u00e7\u00f6z\u00fcm bu nu?\u201d diye sordu. \u00c2dem Karaa\u011fa\u00e7, \u201cYol bo\u015f olsa zaten akar gider. Bir de otob\u00fcs yolu diye ay\u0131rmak trafi\u011fi art\u0131r\u0131r. Ak\u0131ll\u0131 kav\u015fak, batt\u0131 \u00e7\u0131kt\u0131, \u00fcst ge\u00e7it gibi yollarla sorun \u00e7\u00f6z\u00fcl\u00fcr.\u201d dedi. \u00a0Hasan Maden ise projenin sa\u011fl\u0131kl\u0131 i\u015flemesi i\u00e7in tavsiyelerini payla\u015ft\u0131. Maden, \u201cO projenin g\u00fczel i\u015flemesi i\u00e7in \u00f6ncelikle sa\u011f ara yollardan \u00e7\u0131k\u0131\u015flar\u0131 kapatmas\u0131 laz\u0131m. Ara sokaklardan \u00e7\u0131k\u0131\u015f yapmaya \u00e7al\u0131\u015fan ara\u00e7lar trafi\u011fin s\u0131k\u0131\u015fmas\u0131na neden oluyor. Ve o bankalar\u0131n \u00f6nlerinde o kadar uyar\u0131 tabelas\u0131n\u0131 g\u00f6re g\u00f6re arac\u0131n\u0131 koyup giden s\u00f6zde \u015fof\u00f6rleri de an\u0131nda m\u00fcdahale edip eline makbuzunu verip hemen yollamas\u0131 laz\u0131m. Belli bir s\u00fcre sistem oturana kadar sonra inan\u0131n \u00e7ok g\u00fczel olacak. Ben bir otob\u00fcs \u015fof\u00f6r\u00fc olarak diyorum. Antalya\u2019da trafik var diyorlar, aksine trafik yok. Antalya\u2019da trafikte sayg\u0131 yok.\u201d s\u00f6zlerine yer verdi.<\/p>\n<p>\u200bAntalya B\u00fcy\u00fck\u015fehir Belediyesi\u2019nin trafik yo\u011funlu\u011funu azaltmak ve toplu ta\u015f\u0131may\u0131 \u00f6zendirmek i\u00e7in hayata ge\u00e7irdi\u011fi &#8216;sa\u011f \u015ferit&#8217; uygulamas\u0131 otob\u00fcs \u015fof\u00f6rlerini isyan ettirdi. Trafi\u011fin yo\u011fun oldu\u011fu saatlerde otob\u00fcslerin alt ge\u00e7itleri kullanmas\u0131 gerekti\u011fini savunan otob\u00fcs \u015fof\u00f6rleri, &#8220;Altta trafik ak\u0131yor ama \u00fcst yoldaki trafik \u0131\u015f\u0131klar\u0131 ve ara\u00e7 yo\u011funlu\u011fu sebebiyle trafik kilitleniyor&#8221; g\u00f6r\u00fc\u015f\u00fcn\u00fc dile getirdi.\u00a0<\/p>\n<p>\u200bHaberin Al\u0131nt\u0131land\u0131\u011f\u0131 Kaynak: www.antalyakorfez.com<\/p>","protected":false},"excerpt":{"rendered":"<p>Antalya B\u00fcy\u00fck\u015fehir Belediyesi, Antalya&#8217;da son y\u0131llarda trafi\u011fe kay\u0131tl\u0131 ara\u00e7 say\u0131s\u0131n\u0131n artmas\u0131 ve yo\u011fun g\u00f6\u00e7le birlikte trafikte zaman zaman ya\u015fanan yo\u011funlu\u011funu azaltmak ve toplu ta\u015f\u0131may\u0131 \u00f6zendirmek amac\u0131yla yeni uygulamalar\u0131 hayata ge\u00e7irdi. Bu kapsamda halk otob\u00fcsleri i\u00e7in zorunlu &#8216;sa\u011f \u015ferit&#8217; uygulamas\u0131 ge\u00e7ti\u011fimiz hafta ba\u015f\u0131nda ba\u015flad\u0131.\u00a0 ZORUNLU SA\u011e \u015eER\u0130T UYGULAMASI BA\u015eLADI\u00a0 Trafi\u011fin en yo\u011fun oldu\u011fu do\u011fu &#8211; bat\u0131 y\u00f6n\u00fcndeki Mevl\u00e2na Kav\u015fa\u011f\u0131, Yener Ulusoy Bulvar\u0131 ve G\u00fcll\u00fck Kav\u015fa\u011f\u0131 aras\u0131nda toplu ta\u015f\u0131ma ara\u00e7lar\u0131 art\u0131k sa\u011f \u015feridi kullanmaya ba\u015flad\u0131. S\u00fcr\u00fcc\u00fcler i\u00e7in bilgilendirici tabelalar ve \u015ferit boyama \u00e7al\u0131\u015fmalar\u0131 yap\u0131ld\u0131. Trafikteki di\u011fer ara\u00e7lar da sa\u011f \u015feridi kullanabilecekler ama kesinlikle park etme ve duraklama yapamayacak.\u00a0 OTOB\u00dcS \u015eOF\u00d6RLER\u0130 YO\u011eUNLU\u011eA \u0130SYAN ETT\u0130 Antalya K\u00f6rfez Gazetesi muhabiri Ertu\u011frul G\u00fcn&#8217;\u00fcn haberine g\u00f6re; yeni uygulama tart\u0131\u015fmalar\u0131 da beraberinde getirdi. \u00d6zellikle hafta sonu Mevl\u00e2na Kav\u015fa\u011f\u0131, Yener Ulusoy Bulvar\u0131 \u00fczerinde \u00fcst yolda ya\u015fanan trafik yo\u011funlu\u011fu otob\u00fcs \u015fof\u00f6rlerini isyan ettirdi. Alt ge\u00e7itlerden trafik d\u00fczenli akmas\u0131na ra\u011fmen \u00fcst yola y\u00f6nlendirilen \u015fof\u00f6rler, uzun s\u00fcre ilerlemekte zorland\u0131. \u015eof\u00f6rler o anlar\u0131 cep telefonu ile kay\u0131t alt\u0131na alarak tepkilerini dile getirdi.\u00a0 ZORUNLU SA\u011e \u015eER\u0130T MANTIKLI DE\u011e\u0130L\u00a0 \u0130sminin a\u00e7\u0131klanmas\u0131n\u0131 istemeyen baz\u0131 \u015fof\u00f6rler, \u201cBelediyemizin ald\u0131\u011f\u0131 karar\u0131n arkas\u0131nda duruyoruz. Ama trafi\u011fin yo\u011fun oldu\u011fu saatlerde \u00fcst yol mant\u0131kl\u0131 de\u011fil. Bir\u00e7ok \u015fof\u00f6r arkada\u015f\u0131m\u0131z \u00fcst yollar\u0131 kullanm\u0131yor. \u00c7\u00fcnk\u00fc altta trafik akarken \u00fcstte \u0131\u015f\u0131klar var ve trafik yava\u015f. Ak\u015fam &hellip;<\/p>","protected":false},"author":5,"featured_media":0,"comment_status":"open","ping_status":"open","sticky":false,"template":"","format":"standard","meta":{"_acf_changed":false,"footnotes":""},"categories":[24],"tags":[],"class_list":["post-34101","post","type-post","status-publish","format-standard","has-post-thumbnail","hentry","category-gundem"],"acf":[],"yoast_head":"<!-- This site is optimized with the Yoast SEO Premium plugin v26.6 (Yoast SEO v27.1.1) - https:\/\/yoast.com\/product\/yoast-seo-premium-wordpress\/ -->\n<title>Antalya\u2019da \u015fehir i\u00e7i otob\u00fcs \u015fof\u00f6rlerinin &#039;sa\u011f \u015ferit&#039; isyan\u0131 - Av. Deniz Can K\u0131z\u0131l<\/title>\n<meta name=\"robots\" content=\"index, follow, max-snippet:-1, max-image-preview:large, max-video-preview:-1\" \/>\n<link rel=\"canonical\" href=\"https:\/\/denizcankizil.tr\/uk\/haberler\/gundem\/antalyada-sehir-ici-otobus-soforlerinin-sag-serit-isyani\/\" \/>\n<meta property=\"og:locale\" content=\"uk_UA\" \/>\n<meta property=\"og:type\" content=\"article\" \/>\n<meta property=\"og:title\" content=\"Antalya\u2019da \u015fehir i\u00e7i otob\u00fcs \u015fof\u00f6rlerinin &#039;sa\u011f \u015ferit&#039; isyan\u0131\" \/>\n<meta property=\"og:description\" content=\"Antalya B\u00fcy\u00fck\u015fehir Belediyesi, Antalya&#8217;da son y\u0131llarda trafi\u011fe kay\u0131tl\u0131 ara\u00e7 say\u0131s\u0131n\u0131n artmas\u0131 ve yo\u011fun g\u00f6\u00e7le birlikte trafikte zaman zaman ya\u015fanan yo\u011funlu\u011funu azaltmak ve toplu ta\u015f\u0131may\u0131 \u00f6zendirmek amac\u0131yla yeni uygulamalar\u0131 hayata ge\u00e7irdi. Bu kapsamda halk otob\u00fcsleri i\u00e7in zorunlu &#8216;sa\u011f \u015ferit&#8217; uygulamas\u0131 ge\u00e7ti\u011fimiz hafta ba\u015f\u0131nda ba\u015flad\u0131.\u00a0 ZORUNLU SA\u011e \u015eER\u0130T UYGULAMASI BA\u015eLADI\u00a0 Trafi\u011fin en yo\u011fun oldu\u011fu do\u011fu &#8211; bat\u0131 y\u00f6n\u00fcndeki Mevl\u00e2na Kav\u015fa\u011f\u0131, Yener Ulusoy Bulvar\u0131 ve G\u00fcll\u00fck Kav\u015fa\u011f\u0131 aras\u0131nda toplu ta\u015f\u0131ma ara\u00e7lar\u0131 art\u0131k sa\u011f \u015feridi kullanmaya ba\u015flad\u0131. S\u00fcr\u00fcc\u00fcler i\u00e7in bilgilendirici tabelalar ve \u015ferit boyama \u00e7al\u0131\u015fmalar\u0131 yap\u0131ld\u0131. Trafikteki di\u011fer ara\u00e7lar da sa\u011f \u015feridi kullanabilecekler ama kesinlikle park etme ve duraklama yapamayacak.\u00a0 OTOB\u00dcS \u015eOF\u00d6RLER\u0130 YO\u011eUNLU\u011eA \u0130SYAN ETT\u0130 Antalya K\u00f6rfez Gazetesi muhabiri Ertu\u011frul G\u00fcn&#8217;\u00fcn haberine g\u00f6re; yeni uygulama tart\u0131\u015fmalar\u0131 da beraberinde getirdi. \u00d6zellikle hafta sonu Mevl\u00e2na Kav\u015fa\u011f\u0131, Yener Ulusoy Bulvar\u0131 \u00fczerinde \u00fcst yolda ya\u015fanan trafik yo\u011funlu\u011fu otob\u00fcs \u015fof\u00f6rlerini isyan ettirdi. Alt ge\u00e7itlerden trafik d\u00fczenli akmas\u0131na ra\u011fmen \u00fcst yola y\u00f6nlendirilen \u015fof\u00f6rler, uzun s\u00fcre ilerlemekte zorland\u0131. \u015eof\u00f6rler o anlar\u0131 cep telefonu ile kay\u0131t alt\u0131na alarak tepkilerini dile getirdi.\u00a0 ZORUNLU SA\u011e \u015eER\u0130T MANTIKLI DE\u011e\u0130L\u00a0 \u0130sminin a\u00e7\u0131klanmas\u0131n\u0131 istemeyen baz\u0131 \u015fof\u00f6rler, \u201cBelediyemizin ald\u0131\u011f\u0131 karar\u0131n arkas\u0131nda duruyoruz. Ama trafi\u011fin yo\u011fun oldu\u011fu saatlerde \u00fcst yol mant\u0131kl\u0131 de\u011fil. Bir\u00e7ok \u015fof\u00f6r arkada\u015f\u0131m\u0131z \u00fcst yollar\u0131 kullanm\u0131yor. \u00c7\u00fcnk\u00fc altta trafik akarken \u00fcstte \u0131\u015f\u0131klar var ve trafik yava\u015f. Ak\u015fam &hellip;\" \/>\n<meta property=\"og:url\" content=\"https:\/\/denizcankizil.tr\/uk\/haberler\/gundem\/antalyada-sehir-ici-otobus-soforlerinin-sag-serit-isyani\/\" \/>\n<meta property=\"og:site_name\" content=\"Av. Deniz Can K\u0131z\u0131l\" \/>\n<meta property=\"article:published_time\" content=\"2025-02-25T20:41:14+00:00\" \/>\n<meta name=\"author\" content=\"Antalya K\u00f6rfez\" \/>\n<meta name=\"twitter:card\" content=\"summary_large_image\" \/>\n<meta name=\"twitter:label1\" content=\"\u041d\u0430\u043f\u0438\u0441\u0430\u043d\u043e\" \/>\n\t<meta name=\"twitter:data1\" content=\"Antalya K\u00f6rfez\" \/>\n\t<meta name=\"twitter:label2\" content=\"\u041f\u0440\u0438\u0431\u043b. \u0447\u0430\u0441 \u0447\u0438\u0442\u0430\u043d\u043d\u044f\" \/>\n\t<meta name=\"twitter:data2\" content=\"3 \u0445\u0432\u0438\u043b\u0438\u043d\u0438\" \/>\n<script type=\"application\/ld+json\" class=\"yoast-schema-graph\">{\"@context\":\"https:\/\/schema.org\",\"@graph\":[{\"@type\":\"Article\",\"@id\":\"https:\/\/denizcankizil.tr\/uk\/haberler\/gundem\/antalyada-sehir-ici-otobus-soforlerinin-sag-serit-isyani\/#article\",\"isPartOf\":{\"@id\":\"https:\/\/denizcankizil.tr\/uk\/haberler\/gundem\/antalyada-sehir-ici-otobus-soforlerinin-sag-serit-isyani\/\"},\"author\":{\"name\":\"Antalya K\u00f6rfez\",\"@id\":\"https:\/\/denizcankizil.tr\/de\/#\/schema\/person\/e1eb71bb4dd684d46563f0af307e1234\"},\"headline\":\"Antalya\u2019da \u015fehir i\u00e7i otob\u00fcs \u015fof\u00f6rlerinin &#8216;sa\u011f \u015ferit&#8217; isyan\u0131\",\"datePublished\":\"2025-02-25T20:41:14+00:00\",\"mainEntityOfPage\":{\"@id\":\"https:\/\/denizcankizil.tr\/uk\/haberler\/gundem\/antalyada-sehir-ici-otobus-soforlerinin-sag-serit-isyani\/\"},\"wordCount\":615,\"commentCount\":0,\"publisher\":{\"@id\":\"https:\/\/denizcankizil.tr\/de\/#organization\"},\"articleSection\":[\"G\u00fcndem\"],\"inLanguage\":\"uk\",\"potentialAction\":[{\"@type\":\"CommentAction\",\"name\":\"Comment\",\"target\":[\"https:\/\/denizcankizil.tr\/uk\/haberler\/gundem\/antalyada-sehir-ici-otobus-soforlerinin-sag-serit-isyani\/#respond\"]}]},{\"@type\":\"WebPage\",\"@id\":\"https:\/\/denizcankizil.tr\/uk\/haberler\/gundem\/antalyada-sehir-ici-otobus-soforlerinin-sag-serit-isyani\/\",\"url\":\"https:\/\/denizcankizil.tr\/uk\/haberler\/gundem\/antalyada-sehir-ici-otobus-soforlerinin-sag-serit-isyani\/\",\"name\":\"Antalya\u2019da \u015fehir i\u00e7i otob\u00fcs \u015fof\u00f6rlerinin 'sa\u011f \u015ferit' isyan\u0131 - Av. Deniz Can K\u0131z\u0131l\",\"isPartOf\":{\"@id\":\"https:\/\/denizcankizil.tr\/de\/#website\"},\"datePublished\":\"2025-02-25T20:41:14+00:00\",\"breadcrumb\":{\"@id\":\"https:\/\/denizcankizil.tr\/uk\/haberler\/gundem\/antalyada-sehir-ici-otobus-soforlerinin-sag-serit-isyani\/#breadcrumb\"},\"inLanguage\":\"uk\",\"potentialAction\":[{\"@type\":\"ReadAction\",\"target\":[\"https:\/\/denizcankizil.tr\/uk\/haberler\/gundem\/antalyada-sehir-ici-otobus-soforlerinin-sag-serit-isyani\/\"]}]},{\"@type\":\"BreadcrumbList\",\"@id\":\"https:\/\/denizcankizil.tr\/uk\/haberler\/gundem\/antalyada-sehir-ici-otobus-soforlerinin-sag-serit-isyani\/#breadcrumb\",\"itemListElement\":[{\"@type\":\"ListItem\",\"position\":1,\"name\":\"Home\",\"item\":\"https:\/\/denizcankizil.tr\/de\/\"},{\"@type\":\"ListItem\",\"position\":2,\"name\":\"Antalya\u2019da \u015fehir i\u00e7i otob\u00fcs \u015fof\u00f6rlerinin &#8216;sa\u011f \u015ferit&#8217; isyan\u0131\"}]},{\"@type\":\"WebSite\",\"@id\":\"https:\/\/denizcankizil.tr\/de\/#website\",\"url\":\"https:\/\/denizcankizil.tr\/de\/\",\"name\":\"Av. Deniz Can K\u0131z\u0131l\",\"description\":\"Avukat Deniz Can K\u0131z\u0131l Antalya Barosu\",\"publisher\":{\"@id\":\"https:\/\/denizcankizil.tr\/de\/#organization\"},\"potentialAction\":[{\"@type\":\"SearchAction\",\"target\":{\"@type\":\"EntryPoint\",\"urlTemplate\":\"https:\/\/denizcankizil.tr\/de\/?s={search_term_string}\"},\"query-input\":{\"@type\":\"PropertyValueSpecification\",\"valueRequired\":true,\"valueName\":\"search_term_string\"}}],\"inLanguage\":\"uk\"},{\"@type\":\"Organization\",\"@id\":\"https:\/\/denizcankizil.tr\/de\/#organization\",\"name\":\"Av. Deniz Can K\u0131z\u0131l\",\"url\":\"https:\/\/denizcankizil.tr\/de\/\",\"logo\":{\"@type\":\"ImageObject\",\"inLanguage\":\"uk\",\"@id\":\"https:\/\/denizcankizil.tr\/de\/#\/schema\/logo\/image\/\",\"url\":\"https:\/\/denizcankizil.tr\/wp-content\/uploads\/2024\/10\/siyah-logo-svg.svg\",\"contentUrl\":\"https:\/\/denizcankizil.tr\/wp-content\/uploads\/2024\/10\/siyah-logo-svg.svg\",\"width\":1080,\"height\":1080,\"caption\":\"Av. Deniz Can K\u0131z\u0131l\"},\"image\":{\"@id\":\"https:\/\/denizcankizil.tr\/de\/#\/schema\/logo\/image\/\"}},{\"@type\":\"Person\",\"@id\":\"https:\/\/denizcankizil.tr\/de\/#\/schema\/person\/e1eb71bb4dd684d46563f0af307e1234\",\"name\":\"Antalya K\u00f6rfez\",\"image\":{\"@type\":\"ImageObject\",\"inLanguage\":\"uk\",\"@id\":\"https:\/\/denizcankizil.tr\/de\/#\/schema\/person\/image\/\",\"url\":\"https:\/\/secure.gravatar.com\/avatar\/42b01982558a48a0b501fdcab6a408d3717ea5919095ee2e67b0e521799c5905?s=96&d=mm&r=g\",\"contentUrl\":\"https:\/\/secure.gravatar.com\/avatar\/42b01982558a48a0b501fdcab6a408d3717ea5919095ee2e67b0e521799c5905?s=96&d=mm&r=g\",\"caption\":\"Antalya K\u00f6rfez\"},\"sameAs\":[\"http:\/\/www.antalyakorfez.com\"],\"url\":\"https:\/\/www.antalyakorfez.com\/antalyada-sehir-ici-otobus-soforlerinin-sag-serit-isyani\"}]}<\/script>\n<!-- \/ Yoast SEO Premium plugin. -->","yoast_head_json":{"title":"Antalya\u2019da \u015fehir i\u00e7i otob\u00fcs \u015fof\u00f6rlerinin 'sa\u011f \u015ferit' isyan\u0131 - Av. Deniz Can K\u0131z\u0131l","robots":{"index":"index","follow":"follow","max-snippet":"max-snippet:-1","max-image-preview":"max-image-preview:large","max-video-preview":"max-video-preview:-1"},"canonical":"https:\/\/denizcankizil.tr\/uk\/haberler\/gundem\/antalyada-sehir-ici-otobus-soforlerinin-sag-serit-isyani\/","og_locale":"uk_UA","og_type":"article","og_title":"Antalya\u2019da \u015fehir i\u00e7i otob\u00fcs \u015fof\u00f6rlerinin 'sa\u011f \u015ferit' isyan\u0131","og_description":"Antalya B\u00fcy\u00fck\u015fehir Belediyesi, Antalya&#8217;da son y\u0131llarda trafi\u011fe kay\u0131tl\u0131 ara\u00e7 say\u0131s\u0131n\u0131n artmas\u0131 ve yo\u011fun g\u00f6\u00e7le birlikte trafikte zaman zaman ya\u015fanan yo\u011funlu\u011funu azaltmak ve toplu ta\u015f\u0131may\u0131 \u00f6zendirmek amac\u0131yla yeni uygulamalar\u0131 hayata ge\u00e7irdi. Bu kapsamda halk otob\u00fcsleri i\u00e7in zorunlu &#8216;sa\u011f \u015ferit&#8217; uygulamas\u0131 ge\u00e7ti\u011fimiz hafta ba\u015f\u0131nda ba\u015flad\u0131.\u00a0 ZORUNLU SA\u011e \u015eER\u0130T UYGULAMASI BA\u015eLADI\u00a0 Trafi\u011fin en yo\u011fun oldu\u011fu do\u011fu &#8211; bat\u0131 y\u00f6n\u00fcndeki Mevl\u00e2na Kav\u015fa\u011f\u0131, Yener Ulusoy Bulvar\u0131 ve G\u00fcll\u00fck Kav\u015fa\u011f\u0131 aras\u0131nda toplu ta\u015f\u0131ma ara\u00e7lar\u0131 art\u0131k sa\u011f \u015feridi kullanmaya ba\u015flad\u0131. S\u00fcr\u00fcc\u00fcler i\u00e7in bilgilendirici tabelalar ve \u015ferit boyama \u00e7al\u0131\u015fmalar\u0131 yap\u0131ld\u0131. Trafikteki di\u011fer ara\u00e7lar da sa\u011f \u015feridi kullanabilecekler ama kesinlikle park etme ve duraklama yapamayacak.\u00a0 OTOB\u00dcS \u015eOF\u00d6RLER\u0130 YO\u011eUNLU\u011eA \u0130SYAN ETT\u0130 Antalya K\u00f6rfez Gazetesi muhabiri Ertu\u011frul G\u00fcn&#8217;\u00fcn haberine g\u00f6re; yeni uygulama tart\u0131\u015fmalar\u0131 da beraberinde getirdi. \u00d6zellikle hafta sonu Mevl\u00e2na Kav\u015fa\u011f\u0131, Yener Ulusoy Bulvar\u0131 \u00fczerinde \u00fcst yolda ya\u015fanan trafik yo\u011funlu\u011fu otob\u00fcs \u015fof\u00f6rlerini isyan ettirdi. Alt ge\u00e7itlerden trafik d\u00fczenli akmas\u0131na ra\u011fmen \u00fcst yola y\u00f6nlendirilen \u015fof\u00f6rler, uzun s\u00fcre ilerlemekte zorland\u0131. \u015eof\u00f6rler o anlar\u0131 cep telefonu ile kay\u0131t alt\u0131na alarak tepkilerini dile getirdi.\u00a0 ZORUNLU SA\u011e \u015eER\u0130T MANTIKLI DE\u011e\u0130L\u00a0 \u0130sminin a\u00e7\u0131klanmas\u0131n\u0131 istemeyen baz\u0131 \u015fof\u00f6rler, \u201cBelediyemizin ald\u0131\u011f\u0131 karar\u0131n arkas\u0131nda duruyoruz. Ama trafi\u011fin yo\u011fun oldu\u011fu saatlerde \u00fcst yol mant\u0131kl\u0131 de\u011fil. Bir\u00e7ok \u015fof\u00f6r arkada\u015f\u0131m\u0131z \u00fcst yollar\u0131 kullanm\u0131yor. \u00c7\u00fcnk\u00fc altta trafik akarken \u00fcstte \u0131\u015f\u0131klar var ve trafik yava\u015f. Ak\u015fam &hellip;","og_url":"https:\/\/denizcankizil.tr\/uk\/haberler\/gundem\/antalyada-sehir-ici-otobus-soforlerinin-sag-serit-isyani\/","og_site_name":"Av. Deniz Can K\u0131z\u0131l","article_published_time":"2025-02-25T20:41:14+00:00","author":"Antalya K\u00f6rfez","twitter_card":"summary_large_image","twitter_misc":{"\u041d\u0430\u043f\u0438\u0441\u0430\u043d\u043e":"Antalya K\u00f6rfez","\u041f\u0440\u0438\u0431\u043b. \u0447\u0430\u0441 \u0447\u0438\u0442\u0430\u043d\u043d\u044f":"3 \u0445\u0432\u0438\u043b\u0438\u043d\u0438"},"schema":{"@context":"https:\/\/schema.org","@graph":[{"@type":"Article","@id":"https:\/\/denizcankizil.tr\/uk\/haberler\/gundem\/antalyada-sehir-ici-otobus-soforlerinin-sag-serit-isyani\/#article","isPartOf":{"@id":"https:\/\/denizcankizil.tr\/uk\/haberler\/gundem\/antalyada-sehir-ici-otobus-soforlerinin-sag-serit-isyani\/"},"author":{"name":"Antalya K\u00f6rfez","@id":"https:\/\/denizcankizil.tr\/de\/#\/schema\/person\/e1eb71bb4dd684d46563f0af307e1234"},"headline":"Antalya\u2019da \u015fehir i\u00e7i otob\u00fcs \u015fof\u00f6rlerinin &#8216;sa\u011f \u015ferit&#8217; isyan\u0131","datePublished":"2025-02-25T20:41:14+00:00","mainEntityOfPage":{"@id":"https:\/\/denizcankizil.tr\/uk\/haberler\/gundem\/antalyada-sehir-ici-otobus-soforlerinin-sag-serit-isyani\/"},"wordCount":615,"commentCount":0,"publisher":{"@id":"https:\/\/denizcankizil.tr\/de\/#organization"},"articleSection":["G\u00fcndem"],"inLanguage":"uk","potentialAction":[{"@type":"CommentAction","name":"Comment","target":["https:\/\/denizcankizil.tr\/uk\/haberler\/gundem\/antalyada-sehir-ici-otobus-soforlerinin-sag-serit-isyani\/#respond"]}]},{"@type":"WebPage","@id":"https:\/\/denizcankizil.tr\/uk\/haberler\/gundem\/antalyada-sehir-ici-otobus-soforlerinin-sag-serit-isyani\/","url":"https:\/\/denizcankizil.tr\/uk\/haberler\/gundem\/antalyada-sehir-ici-otobus-soforlerinin-sag-serit-isyani\/","name":"Antalya\u2019da \u015fehir i\u00e7i otob\u00fcs \u015fof\u00f6rlerinin 'sa\u011f \u015ferit' isyan\u0131 - Av. Deniz Can K\u0131z\u0131l","isPartOf":{"@id":"https:\/\/denizcankizil.tr\/de\/#website"},"datePublished":"2025-02-25T20:41:14+00:00","breadcrumb":{"@id":"https:\/\/denizcankizil.tr\/uk\/haberler\/gundem\/antalyada-sehir-ici-otobus-soforlerinin-sag-serit-isyani\/#breadcrumb"},"inLanguage":"uk","potentialAction":[{"@type":"ReadAction","target":["https:\/\/denizcankizil.tr\/uk\/haberler\/gundem\/antalyada-sehir-ici-otobus-soforlerinin-sag-serit-isyani\/"]}]},{"@type":"BreadcrumbList","@id":"https:\/\/denizcankizil.tr\/uk\/haberler\/gundem\/antalyada-sehir-ici-otobus-soforlerinin-sag-serit-isyani\/#breadcrumb","itemListElement":[{"@type":"ListItem","position":1,"name":"Home","item":"https:\/\/denizcankizil.tr\/de\/"},{"@type":"ListItem","position":2,"name":"Antalya\u2019da \u015fehir i\u00e7i otob\u00fcs \u015fof\u00f6rlerinin &#8216;sa\u011f \u015ferit&#8217; isyan\u0131"}]},{"@type":"WebSite","@id":"https:\/\/denizcankizil.tr\/de\/#website","url":"https:\/\/denizcankizil.tr\/de\/","name":"Av. Deniz Can K\u0131z\u0131l","description":"Avukat Deniz Can K\u0131z\u0131l Antalya Barosu","publisher":{"@id":"https:\/\/denizcankizil.tr\/de\/#organization"},"potentialAction":[{"@type":"SearchAction","target":{"@type":"EntryPoint","urlTemplate":"https:\/\/denizcankizil.tr\/de\/?s={search_term_string}"},"query-input":{"@type":"PropertyValueSpecification","valueRequired":true,"valueName":"search_term_string"}}],"inLanguage":"uk"},{"@type":"Organization","@id":"https:\/\/denizcankizil.tr\/de\/#organization","name":"Av. Deniz Can K\u0131z\u0131l","url":"https:\/\/denizcankizil.tr\/de\/","logo":{"@type":"ImageObject","inLanguage":"uk","@id":"https:\/\/denizcankizil.tr\/de\/#\/schema\/logo\/image\/","url":"https:\/\/denizcankizil.tr\/wp-content\/uploads\/2024\/10\/siyah-logo-svg.svg","contentUrl":"https:\/\/denizcankizil.tr\/wp-content\/uploads\/2024\/10\/siyah-logo-svg.svg","width":1080,"height":1080,"caption":"Av. Deniz Can K\u0131z\u0131l"},"image":{"@id":"https:\/\/denizcankizil.tr\/de\/#\/schema\/logo\/image\/"}},{"@type":"Person","@id":"https:\/\/denizcankizil.tr\/de\/#\/schema\/person\/e1eb71bb4dd684d46563f0af307e1234","name":"Antalya K\u00f6rfez","image":{"@type":"ImageObject","inLanguage":"uk","@id":"https:\/\/denizcankizil.tr\/de\/#\/schema\/person\/image\/","url":"https:\/\/secure.gravatar.com\/avatar\/42b01982558a48a0b501fdcab6a408d3717ea5919095ee2e67b0e521799c5905?s=96&d=mm&r=g","contentUrl":"https:\/\/secure.gravatar.com\/avatar\/42b01982558a48a0b501fdcab6a408d3717ea5919095ee2e67b0e521799c5905?s=96&d=mm&r=g","caption":"Antalya K\u00f6rfez"},"sameAs":["http:\/\/www.antalyakorfez.com"],"url":"https:\/\/www.antalyakorfez.com\/antalyada-sehir-ici-otobus-soforlerinin-sag-serit-isyani"}]}},"_links":{"self":[{"href":"https:\/\/denizcankizil.tr\/uk\/wp-json\/wp\/v2\/posts\/34101","targetHints":{"allow":["GET"]}}],"collection":[{"href":"https:\/\/denizcankizil.tr\/uk\/wp-json\/wp\/v2\/posts"}],"about":[{"href":"https:\/\/denizcankizil.tr\/uk\/wp-json\/wp\/v2\/types\/post"}],"author":[{"embeddable":true,"href":"https:\/\/denizcankizil.tr\/uk\/wp-json\/wp\/v2\/users\/5"}],"replies":[{"embeddable":true,"href":"https:\/\/denizcankizil.tr\/uk\/wp-json\/wp\/v2\/comments?post=34101"}],"version-history":[{"count":0,"href":"https:\/\/denizcankizil.tr\/uk\/wp-json\/wp\/v2\/posts\/34101\/revisions"}],"wp:attachment":[{"href":"https:\/\/denizcankizil.tr\/uk\/wp-json\/wp\/v2\/media?parent=34101"}],"wp:term":[{"taxonomy":"category","embeddable":true,"href":"https:\/\/denizcankizil.tr\/uk\/wp-json\/wp\/v2\/categories?post=34101"},{"taxonomy":"post_tag","embeddable":true,"href":"https:\/\/denizcankizil.tr\/uk\/wp-json\/wp\/v2\/tags?post=34101"}],"curies":[{"name":"wp","href":"https:\/\/api.w.org\/{rel}","templated":true}]}}