{"id":34100,"date":"2025-02-25T23:41:14","date_gmt":"2025-02-25T20:41:14","guid":{"rendered":"https:\/\/denizcankizil.tr\/uncategorized-tr\/turkiyede-cocuk-yasta-evlilikler-korkutucu-boyutlara-ulasti\/"},"modified":"2025-02-25T23:41:14","modified_gmt":"2025-02-25T20:41:14","slug":"turkiyede-cocuk-yasta-evlilikler-korkutucu-boyutlara-ulasti","status":"publish","type":"post","link":"https:\/\/denizcankizil.tr\/uk\/haberler\/gundem\/turkiyede-cocuk-yasta-evlilikler-korkutucu-boyutlara-ulasti\/","title":{"rendered":"T\u00fcrkiye\u2019de \u00e7ocuk ya\u015fta evlilikler korkutucu boyutlara ula\u015ft\u0131"},"content":{"rendered":"<p>T\u00fcrkiye\u2019de k\u0131z \u00e7ocuklar\u0131n\u0131n erken ya\u015fta evlendirilmesi, T\u00dc\u0130K\u2019in a\u00e7\u0131klad\u0131\u011f\u0131 rakamlarla g\u00f6zler \u00f6n\u00fcne serdi. Verilere g\u00f6re, yaln\u0131zca ge\u00e7en y\u0131l 16-17 ya\u015f\u0131ndaki 9 bin 354 k\u0131z \u00e7ocu\u011fu ve 617 erkek \u00e7ocu\u011fu evlendirildi.<\/p>\n<p>B\u0130R YILDA 9 B\u0130NE A\u015eKIN KIZ \u00c7OCU\u011eU EVLEND\u0130R\u0130LD\u0130<\/p>\n<p>T\u00dc\u0130K verilerine g\u00f6re 2024 y\u0131l\u0131nda 9 bin 354 k\u0131z \u00e7ocu\u011fu evlendirildi. 16-17 ya\u015f\u0131ndaki k\u0131z \u00e7ocuklar\u0131n\u0131n 30\u2019lu, 40\u2019l\u0131 ya\u015flardaki erkeklerle evlendirildi\u011fi g\u00f6r\u00fcld\u00fc.<\/p>\n<p>\u00c7OCUK YA\u015eTA EVL\u0130L\u0130K EN \u00c7OK O \u0130LLERDE<\/p>\n<p>\u00c7ocuk ya\u015fta evliliklerin en fazla g\u00f6r\u00fcld\u00fc\u011f\u00fc illerin ba\u015f\u0131nda Antep ve Urfa geldi. 2024\u2019te Antep\u2019te 979, Urfa\u2019da ise 800 k\u0131z \u00e7ocu\u011fu evlendirildi. \u00c7ocuklar\u0131n evlendirildi\u011fi erkeklerin medeni durumlar\u0131na bak\u0131ld\u0131\u011f\u0131nda 160\u2019\u0131n\u0131n bo\u015fand\u0131\u011f\u0131, 4\u2019\u00fcn\u00fcn ise e\u015fini kaybetti\u011fi, yani toplamda 164\u2019\u00fcn\u00fcn ikinci evlili\u011fini yapt\u0131\u011f\u0131 ortaya \u00e7\u0131kt\u0131.<\/p>\n<p>YA\u015e\u00c7A B\u00dcY\u00dcK ERKEKLERLE EVLEND\u0130R\u0130LD\u0130LER\u00a0<\/p>\n<p>\u00d6te yandan 16-17 ya\u015f\u0131ndaki k\u0131z \u00e7ocuklar\u0131n\u0131n \u00e7o\u011fu kendilerinden \u00e7ok b\u00fcy\u00fck erkeklerle evlendirildi\u011fi kayda ge\u00e7ti. T\u00dc\u0130K\u2019in a\u00e7\u0131klad\u0131\u011f\u0131 verilere g\u00f6re 20-29 ya\u015f\u0131ndaki erkeklerle evlendirilen k\u0131z \u00e7ocuklar\u0131n\u0131n say\u0131s\u0131 8 bini bulurken, 30-44 ya\u015f aras\u0131ndaki erkeklerle evlendirilen k\u0131z \u00e7ocuklar\u0131n\u0131n say\u0131s\u0131 da 570 oldu.<\/p>\n<p>\u200bT\u00fcrkiye \u0130statistik Kurumu (T\u00dc\u0130K) 2024 y\u0131l\u0131 evlenme ve bo\u015fanma verilerini a\u00e7\u0131klad\u0131. Bir y\u0131lda 9 bin 354 k\u0131z \u00e7ocu\u011funun evlendirildi\u011fi ortaya \u00e7\u0131kt\u0131. \u0130\u015fte T\u00fcrkiye\u2019de \u00e7ocuk ya\u015fta evlilik rakamlar\u0131&#8230;\u00a0<\/p>\n<p>\u200bHaberin Al\u0131nt\u0131land\u0131\u011f\u0131 Kaynak: www.antalyakorfez.com<\/p>","protected":false},"excerpt":{"rendered":"<p>T\u00fcrkiye\u2019de k\u0131z \u00e7ocuklar\u0131n\u0131n erken ya\u015fta evlendirilmesi, T\u00dc\u0130K\u2019in a\u00e7\u0131klad\u0131\u011f\u0131 rakamlarla g\u00f6zler \u00f6n\u00fcne serdi. Verilere g\u00f6re, yaln\u0131zca ge\u00e7en y\u0131l 16-17 ya\u015f\u0131ndaki 9 bin 354 k\u0131z \u00e7ocu\u011fu ve 617 erkek \u00e7ocu\u011fu evlendirildi. B\u0130R YILDA 9 B\u0130NE A\u015eKIN KIZ \u00c7OCU\u011eU EVLEND\u0130R\u0130LD\u0130 T\u00dc\u0130K verilerine g\u00f6re 2024 y\u0131l\u0131nda 9 bin 354 k\u0131z \u00e7ocu\u011fu evlendirildi. 16-17 ya\u015f\u0131ndaki k\u0131z \u00e7ocuklar\u0131n\u0131n 30\u2019lu, 40\u2019l\u0131 ya\u015flardaki erkeklerle evlendirildi\u011fi g\u00f6r\u00fcld\u00fc. \u00c7OCUK YA\u015eTA EVL\u0130L\u0130K EN \u00c7OK O \u0130LLERDE \u00c7ocuk ya\u015fta evliliklerin en fazla g\u00f6r\u00fcld\u00fc\u011f\u00fc illerin ba\u015f\u0131nda Antep ve Urfa geldi. 2024\u2019te Antep\u2019te 979, Urfa\u2019da ise 800 k\u0131z \u00e7ocu\u011fu evlendirildi. \u00c7ocuklar\u0131n evlendirildi\u011fi erkeklerin medeni durumlar\u0131na bak\u0131ld\u0131\u011f\u0131nda 160\u2019\u0131n\u0131n bo\u015fand\u0131\u011f\u0131, 4\u2019\u00fcn\u00fcn ise e\u015fini kaybetti\u011fi, yani toplamda 164\u2019\u00fcn\u00fcn ikinci evlili\u011fini yapt\u0131\u011f\u0131 ortaya \u00e7\u0131kt\u0131. YA\u015e\u00c7A B\u00dcY\u00dcK ERKEKLERLE EVLEND\u0130R\u0130LD\u0130LER\u00a0 \u00d6te yandan 16-17 ya\u015f\u0131ndaki k\u0131z \u00e7ocuklar\u0131n\u0131n \u00e7o\u011fu kendilerinden \u00e7ok b\u00fcy\u00fck erkeklerle evlendirildi\u011fi kayda ge\u00e7ti. T\u00dc\u0130K\u2019in a\u00e7\u0131klad\u0131\u011f\u0131 verilere g\u00f6re 20-29 ya\u015f\u0131ndaki erkeklerle evlendirilen k\u0131z \u00e7ocuklar\u0131n\u0131n say\u0131s\u0131 8 bini bulurken, 30-44 ya\u015f aras\u0131ndaki erkeklerle evlendirilen k\u0131z \u00e7ocuklar\u0131n\u0131n say\u0131s\u0131 da 570 oldu. \u200bT\u00fcrkiye \u0130statistik Kurumu (T\u00dc\u0130K) 2024 y\u0131l\u0131 evlenme ve bo\u015fanma verilerini a\u00e7\u0131klad\u0131. Bir y\u0131lda 9 bin 354 k\u0131z \u00e7ocu\u011funun evlendirildi\u011fi ortaya \u00e7\u0131kt\u0131. \u0130\u015fte T\u00fcrkiye\u2019de \u00e7ocuk ya\u015fta evlilik rakamlar\u0131&#8230;\u00a0 \u200bHaberin Al\u0131nt\u0131land\u0131\u011f\u0131 Kaynak: www.antalyakorfez.com<\/p>","protected":false},"author":5,"featured_media":0,"comment_status":"open","ping_status":"open","sticky":false,"template":"","format":"standard","meta":{"_acf_changed":false,"footnotes":""},"categories":[24],"tags":[],"class_list":["post-34100","post","type-post","status-publish","format-standard","has-post-thumbnail","hentry","category-gundem"],"acf":[],"yoast_head":"<!-- This site is optimized with the Yoast SEO Premium plugin v26.6 (Yoast SEO v27.1.1) - https:\/\/yoast.com\/product\/yoast-seo-premium-wordpress\/ -->\n<title>T\u00fcrkiye\u2019de \u00e7ocuk ya\u015fta evlilikler korkutucu boyutlara ula\u015ft\u0131 - Av. Deniz Can K\u0131z\u0131l<\/title>\n<meta name=\"robots\" content=\"index, follow, max-snippet:-1, max-image-preview:large, max-video-preview:-1\" \/>\n<link rel=\"canonical\" href=\"https:\/\/denizcankizil.tr\/uk\/haberler\/gundem\/turkiyede-cocuk-yasta-evlilikler-korkutucu-boyutlara-ulasti\/\" \/>\n<meta property=\"og:locale\" content=\"uk_UA\" \/>\n<meta property=\"og:type\" content=\"article\" \/>\n<meta property=\"og:title\" content=\"T\u00fcrkiye\u2019de \u00e7ocuk ya\u015fta evlilikler korkutucu boyutlara ula\u015ft\u0131\" \/>\n<meta property=\"og:description\" content=\"T\u00fcrkiye\u2019de k\u0131z \u00e7ocuklar\u0131n\u0131n erken ya\u015fta evlendirilmesi, T\u00dc\u0130K\u2019in a\u00e7\u0131klad\u0131\u011f\u0131 rakamlarla g\u00f6zler \u00f6n\u00fcne serdi. Verilere g\u00f6re, yaln\u0131zca ge\u00e7en y\u0131l 16-17 ya\u015f\u0131ndaki 9 bin 354 k\u0131z \u00e7ocu\u011fu ve 617 erkek \u00e7ocu\u011fu evlendirildi. B\u0130R YILDA 9 B\u0130NE A\u015eKIN KIZ \u00c7OCU\u011eU EVLEND\u0130R\u0130LD\u0130 T\u00dc\u0130K verilerine g\u00f6re 2024 y\u0131l\u0131nda 9 bin 354 k\u0131z \u00e7ocu\u011fu evlendirildi. 16-17 ya\u015f\u0131ndaki k\u0131z \u00e7ocuklar\u0131n\u0131n 30\u2019lu, 40\u2019l\u0131 ya\u015flardaki erkeklerle evlendirildi\u011fi g\u00f6r\u00fcld\u00fc. \u00c7OCUK YA\u015eTA EVL\u0130L\u0130K EN \u00c7OK O \u0130LLERDE \u00c7ocuk ya\u015fta evliliklerin en fazla g\u00f6r\u00fcld\u00fc\u011f\u00fc illerin ba\u015f\u0131nda Antep ve Urfa geldi. 2024\u2019te Antep\u2019te 979, Urfa\u2019da ise 800 k\u0131z \u00e7ocu\u011fu evlendirildi. \u00c7ocuklar\u0131n evlendirildi\u011fi erkeklerin medeni durumlar\u0131na bak\u0131ld\u0131\u011f\u0131nda 160\u2019\u0131n\u0131n bo\u015fand\u0131\u011f\u0131, 4\u2019\u00fcn\u00fcn ise e\u015fini kaybetti\u011fi, yani toplamda 164\u2019\u00fcn\u00fcn ikinci evlili\u011fini yapt\u0131\u011f\u0131 ortaya \u00e7\u0131kt\u0131. YA\u015e\u00c7A B\u00dcY\u00dcK ERKEKLERLE EVLEND\u0130R\u0130LD\u0130LER\u00a0 \u00d6te yandan 16-17 ya\u015f\u0131ndaki k\u0131z \u00e7ocuklar\u0131n\u0131n \u00e7o\u011fu kendilerinden \u00e7ok b\u00fcy\u00fck erkeklerle evlendirildi\u011fi kayda ge\u00e7ti. T\u00dc\u0130K\u2019in a\u00e7\u0131klad\u0131\u011f\u0131 verilere g\u00f6re 20-29 ya\u015f\u0131ndaki erkeklerle evlendirilen k\u0131z \u00e7ocuklar\u0131n\u0131n say\u0131s\u0131 8 bini bulurken, 30-44 ya\u015f aras\u0131ndaki erkeklerle evlendirilen k\u0131z \u00e7ocuklar\u0131n\u0131n say\u0131s\u0131 da 570 oldu. \u200bT\u00fcrkiye \u0130statistik Kurumu (T\u00dc\u0130K) 2024 y\u0131l\u0131 evlenme ve bo\u015fanma verilerini a\u00e7\u0131klad\u0131. Bir y\u0131lda 9 bin 354 k\u0131z \u00e7ocu\u011funun evlendirildi\u011fi ortaya \u00e7\u0131kt\u0131. \u0130\u015fte T\u00fcrkiye\u2019de \u00e7ocuk ya\u015fta evlilik rakamlar\u0131&#8230;\u00a0 \u200bHaberin Al\u0131nt\u0131land\u0131\u011f\u0131 Kaynak: www.antalyakorfez.com\" \/>\n<meta property=\"og:url\" content=\"https:\/\/denizcankizil.tr\/uk\/haberler\/gundem\/turkiyede-cocuk-yasta-evlilikler-korkutucu-boyutlara-ulasti\/\" \/>\n<meta property=\"og:site_name\" content=\"Av. Deniz Can K\u0131z\u0131l\" \/>\n<meta property=\"article:published_time\" content=\"2025-02-25T20:41:14+00:00\" \/>\n<meta name=\"author\" content=\"Antalya K\u00f6rfez\" \/>\n<meta name=\"twitter:card\" content=\"summary_large_image\" \/>\n<meta name=\"twitter:label1\" content=\"\u041d\u0430\u043f\u0438\u0441\u0430\u043d\u043e\" \/>\n\t<meta name=\"twitter:data1\" content=\"Antalya K\u00f6rfez\" \/>\n\t<meta name=\"twitter:label2\" content=\"\u041f\u0440\u0438\u0431\u043b. \u0447\u0430\u0441 \u0447\u0438\u0442\u0430\u043d\u043d\u044f\" \/>\n\t<meta name=\"twitter:data2\" content=\"1 \u0445\u0432\u0438\u043b\u0438\u043d\u0430\" \/>\n<script type=\"application\/ld+json\" class=\"yoast-schema-graph\">{\"@context\":\"https:\/\/schema.org\",\"@graph\":[{\"@type\":\"Article\",\"@id\":\"https:\/\/denizcankizil.tr\/uk\/haberler\/gundem\/turkiyede-cocuk-yasta-evlilikler-korkutucu-boyutlara-ulasti\/#article\",\"isPartOf\":{\"@id\":\"https:\/\/denizcankizil.tr\/uk\/haberler\/gundem\/turkiyede-cocuk-yasta-evlilikler-korkutucu-boyutlara-ulasti\/\"},\"author\":{\"name\":\"Antalya K\u00f6rfez\",\"@id\":\"https:\/\/denizcankizil.tr\/de\/#\/schema\/person\/e1eb71bb4dd684d46563f0af307e1234\"},\"headline\":\"T\u00fcrkiye\u2019de \u00e7ocuk ya\u015fta evlilikler korkutucu boyutlara ula\u015ft\u0131\",\"datePublished\":\"2025-02-25T20:41:14+00:00\",\"mainEntityOfPage\":{\"@id\":\"https:\/\/denizcankizil.tr\/uk\/haberler\/gundem\/turkiyede-cocuk-yasta-evlilikler-korkutucu-boyutlara-ulasti\/\"},\"wordCount\":284,\"commentCount\":0,\"publisher\":{\"@id\":\"https:\/\/denizcankizil.tr\/de\/#organization\"},\"articleSection\":[\"G\u00fcndem\"],\"inLanguage\":\"uk\",\"potentialAction\":[{\"@type\":\"CommentAction\",\"name\":\"Comment\",\"target\":[\"https:\/\/denizcankizil.tr\/uk\/haberler\/gundem\/turkiyede-cocuk-yasta-evlilikler-korkutucu-boyutlara-ulasti\/#respond\"]}]},{\"@type\":\"WebPage\",\"@id\":\"https:\/\/denizcankizil.tr\/uk\/haberler\/gundem\/turkiyede-cocuk-yasta-evlilikler-korkutucu-boyutlara-ulasti\/\",\"url\":\"https:\/\/denizcankizil.tr\/uk\/haberler\/gundem\/turkiyede-cocuk-yasta-evlilikler-korkutucu-boyutlara-ulasti\/\",\"name\":\"T\u00fcrkiye\u2019de \u00e7ocuk ya\u015fta evlilikler korkutucu boyutlara ula\u015ft\u0131 - Av. Deniz Can K\u0131z\u0131l\",\"isPartOf\":{\"@id\":\"https:\/\/denizcankizil.tr\/de\/#website\"},\"datePublished\":\"2025-02-25T20:41:14+00:00\",\"breadcrumb\":{\"@id\":\"https:\/\/denizcankizil.tr\/uk\/haberler\/gundem\/turkiyede-cocuk-yasta-evlilikler-korkutucu-boyutlara-ulasti\/#breadcrumb\"},\"inLanguage\":\"uk\",\"potentialAction\":[{\"@type\":\"ReadAction\",\"target\":[\"https:\/\/denizcankizil.tr\/uk\/haberler\/gundem\/turkiyede-cocuk-yasta-evlilikler-korkutucu-boyutlara-ulasti\/\"]}]},{\"@type\":\"BreadcrumbList\",\"@id\":\"https:\/\/denizcankizil.tr\/uk\/haberler\/gundem\/turkiyede-cocuk-yasta-evlilikler-korkutucu-boyutlara-ulasti\/#breadcrumb\",\"itemListElement\":[{\"@type\":\"ListItem\",\"position\":1,\"name\":\"Home\",\"item\":\"https:\/\/denizcankizil.tr\/de\/\"},{\"@type\":\"ListItem\",\"position\":2,\"name\":\"T\u00fcrkiye\u2019de \u00e7ocuk ya\u015fta evlilikler korkutucu boyutlara ula\u015ft\u0131\"}]},{\"@type\":\"WebSite\",\"@id\":\"https:\/\/denizcankizil.tr\/de\/#website\",\"url\":\"https:\/\/denizcankizil.tr\/de\/\",\"name\":\"Av. Deniz Can K\u0131z\u0131l\",\"description\":\"Avukat Deniz Can K\u0131z\u0131l Antalya Barosu\",\"publisher\":{\"@id\":\"https:\/\/denizcankizil.tr\/de\/#organization\"},\"potentialAction\":[{\"@type\":\"SearchAction\",\"target\":{\"@type\":\"EntryPoint\",\"urlTemplate\":\"https:\/\/denizcankizil.tr\/de\/?s={search_term_string}\"},\"query-input\":{\"@type\":\"PropertyValueSpecification\",\"valueRequired\":true,\"valueName\":\"search_term_string\"}}],\"inLanguage\":\"uk\"},{\"@type\":\"Organization\",\"@id\":\"https:\/\/denizcankizil.tr\/de\/#organization\",\"name\":\"Av. Deniz Can K\u0131z\u0131l\",\"url\":\"https:\/\/denizcankizil.tr\/de\/\",\"logo\":{\"@type\":\"ImageObject\",\"inLanguage\":\"uk\",\"@id\":\"https:\/\/denizcankizil.tr\/de\/#\/schema\/logo\/image\/\",\"url\":\"https:\/\/denizcankizil.tr\/wp-content\/uploads\/2024\/10\/siyah-logo-svg.svg\",\"contentUrl\":\"https:\/\/denizcankizil.tr\/wp-content\/uploads\/2024\/10\/siyah-logo-svg.svg\",\"width\":1080,\"height\":1080,\"caption\":\"Av. Deniz Can K\u0131z\u0131l\"},\"image\":{\"@id\":\"https:\/\/denizcankizil.tr\/de\/#\/schema\/logo\/image\/\"}},{\"@type\":\"Person\",\"@id\":\"https:\/\/denizcankizil.tr\/de\/#\/schema\/person\/e1eb71bb4dd684d46563f0af307e1234\",\"name\":\"Antalya K\u00f6rfez\",\"image\":{\"@type\":\"ImageObject\",\"inLanguage\":\"uk\",\"@id\":\"https:\/\/denizcankizil.tr\/de\/#\/schema\/person\/image\/\",\"url\":\"https:\/\/secure.gravatar.com\/avatar\/42b01982558a48a0b501fdcab6a408d3717ea5919095ee2e67b0e521799c5905?s=96&d=mm&r=g\",\"contentUrl\":\"https:\/\/secure.gravatar.com\/avatar\/42b01982558a48a0b501fdcab6a408d3717ea5919095ee2e67b0e521799c5905?s=96&d=mm&r=g\",\"caption\":\"Antalya K\u00f6rfez\"},\"sameAs\":[\"http:\/\/www.antalyakorfez.com\"],\"url\":\"https:\/\/www.antalyakorfez.com\/turkiyede-cocuk-yasta-evlilikler-korkutucu-boyutlara-ulasti\"}]}<\/script>\n<!-- \/ Yoast SEO Premium plugin. -->","yoast_head_json":{"title":"T\u00fcrkiye\u2019de \u00e7ocuk ya\u015fta evlilikler korkutucu boyutlara ula\u015ft\u0131 - Av. Deniz Can K\u0131z\u0131l","robots":{"index":"index","follow":"follow","max-snippet":"max-snippet:-1","max-image-preview":"max-image-preview:large","max-video-preview":"max-video-preview:-1"},"canonical":"https:\/\/denizcankizil.tr\/uk\/haberler\/gundem\/turkiyede-cocuk-yasta-evlilikler-korkutucu-boyutlara-ulasti\/","og_locale":"uk_UA","og_type":"article","og_title":"T\u00fcrkiye\u2019de \u00e7ocuk ya\u015fta evlilikler korkutucu boyutlara ula\u015ft\u0131","og_description":"T\u00fcrkiye\u2019de k\u0131z \u00e7ocuklar\u0131n\u0131n erken ya\u015fta evlendirilmesi, T\u00dc\u0130K\u2019in a\u00e7\u0131klad\u0131\u011f\u0131 rakamlarla g\u00f6zler \u00f6n\u00fcne serdi. Verilere g\u00f6re, yaln\u0131zca ge\u00e7en y\u0131l 16-17 ya\u015f\u0131ndaki 9 bin 354 k\u0131z \u00e7ocu\u011fu ve 617 erkek \u00e7ocu\u011fu evlendirildi. B\u0130R YILDA 9 B\u0130NE A\u015eKIN KIZ \u00c7OCU\u011eU EVLEND\u0130R\u0130LD\u0130 T\u00dc\u0130K verilerine g\u00f6re 2024 y\u0131l\u0131nda 9 bin 354 k\u0131z \u00e7ocu\u011fu evlendirildi. 16-17 ya\u015f\u0131ndaki k\u0131z \u00e7ocuklar\u0131n\u0131n 30\u2019lu, 40\u2019l\u0131 ya\u015flardaki erkeklerle evlendirildi\u011fi g\u00f6r\u00fcld\u00fc. \u00c7OCUK YA\u015eTA EVL\u0130L\u0130K EN \u00c7OK O \u0130LLERDE \u00c7ocuk ya\u015fta evliliklerin en fazla g\u00f6r\u00fcld\u00fc\u011f\u00fc illerin ba\u015f\u0131nda Antep ve Urfa geldi. 2024\u2019te Antep\u2019te 979, Urfa\u2019da ise 800 k\u0131z \u00e7ocu\u011fu evlendirildi. \u00c7ocuklar\u0131n evlendirildi\u011fi erkeklerin medeni durumlar\u0131na bak\u0131ld\u0131\u011f\u0131nda 160\u2019\u0131n\u0131n bo\u015fand\u0131\u011f\u0131, 4\u2019\u00fcn\u00fcn ise e\u015fini kaybetti\u011fi, yani toplamda 164\u2019\u00fcn\u00fcn ikinci evlili\u011fini yapt\u0131\u011f\u0131 ortaya \u00e7\u0131kt\u0131. YA\u015e\u00c7A B\u00dcY\u00dcK ERKEKLERLE EVLEND\u0130R\u0130LD\u0130LER\u00a0 \u00d6te yandan 16-17 ya\u015f\u0131ndaki k\u0131z \u00e7ocuklar\u0131n\u0131n \u00e7o\u011fu kendilerinden \u00e7ok b\u00fcy\u00fck erkeklerle evlendirildi\u011fi kayda ge\u00e7ti. T\u00dc\u0130K\u2019in a\u00e7\u0131klad\u0131\u011f\u0131 verilere g\u00f6re 20-29 ya\u015f\u0131ndaki erkeklerle evlendirilen k\u0131z \u00e7ocuklar\u0131n\u0131n say\u0131s\u0131 8 bini bulurken, 30-44 ya\u015f aras\u0131ndaki erkeklerle evlendirilen k\u0131z \u00e7ocuklar\u0131n\u0131n say\u0131s\u0131 da 570 oldu. \u200bT\u00fcrkiye \u0130statistik Kurumu (T\u00dc\u0130K) 2024 y\u0131l\u0131 evlenme ve bo\u015fanma verilerini a\u00e7\u0131klad\u0131. Bir y\u0131lda 9 bin 354 k\u0131z \u00e7ocu\u011funun evlendirildi\u011fi ortaya \u00e7\u0131kt\u0131. \u0130\u015fte T\u00fcrkiye\u2019de \u00e7ocuk ya\u015fta evlilik rakamlar\u0131&#8230;\u00a0 \u200bHaberin Al\u0131nt\u0131land\u0131\u011f\u0131 Kaynak: www.antalyakorfez.com","og_url":"https:\/\/denizcankizil.tr\/uk\/haberler\/gundem\/turkiyede-cocuk-yasta-evlilikler-korkutucu-boyutlara-ulasti\/","og_site_name":"Av. Deniz Can K\u0131z\u0131l","article_published_time":"2025-02-25T20:41:14+00:00","author":"Antalya K\u00f6rfez","twitter_card":"summary_large_image","twitter_misc":{"\u041d\u0430\u043f\u0438\u0441\u0430\u043d\u043e":"Antalya K\u00f6rfez","\u041f\u0440\u0438\u0431\u043b. \u0447\u0430\u0441 \u0447\u0438\u0442\u0430\u043d\u043d\u044f":"1 \u0445\u0432\u0438\u043b\u0438\u043d\u0430"},"schema":{"@context":"https:\/\/schema.org","@graph":[{"@type":"Article","@id":"https:\/\/denizcankizil.tr\/uk\/haberler\/gundem\/turkiyede-cocuk-yasta-evlilikler-korkutucu-boyutlara-ulasti\/#article","isPartOf":{"@id":"https:\/\/denizcankizil.tr\/uk\/haberler\/gundem\/turkiyede-cocuk-yasta-evlilikler-korkutucu-boyutlara-ulasti\/"},"author":{"name":"Antalya K\u00f6rfez","@id":"https:\/\/denizcankizil.tr\/de\/#\/schema\/person\/e1eb71bb4dd684d46563f0af307e1234"},"headline":"T\u00fcrkiye\u2019de \u00e7ocuk ya\u015fta evlilikler korkutucu boyutlara ula\u015ft\u0131","datePublished":"2025-02-25T20:41:14+00:00","mainEntityOfPage":{"@id":"https:\/\/denizcankizil.tr\/uk\/haberler\/gundem\/turkiyede-cocuk-yasta-evlilikler-korkutucu-boyutlara-ulasti\/"},"wordCount":284,"commentCount":0,"publisher":{"@id":"https:\/\/denizcankizil.tr\/de\/#organization"},"articleSection":["G\u00fcndem"],"inLanguage":"uk","potentialAction":[{"@type":"CommentAction","name":"Comment","target":["https:\/\/denizcankizil.tr\/uk\/haberler\/gundem\/turkiyede-cocuk-yasta-evlilikler-korkutucu-boyutlara-ulasti\/#respond"]}]},{"@type":"WebPage","@id":"https:\/\/denizcankizil.tr\/uk\/haberler\/gundem\/turkiyede-cocuk-yasta-evlilikler-korkutucu-boyutlara-ulasti\/","url":"https:\/\/denizcankizil.tr\/uk\/haberler\/gundem\/turkiyede-cocuk-yasta-evlilikler-korkutucu-boyutlara-ulasti\/","name":"T\u00fcrkiye\u2019de \u00e7ocuk ya\u015fta evlilikler korkutucu boyutlara ula\u015ft\u0131 - Av. Deniz Can K\u0131z\u0131l","isPartOf":{"@id":"https:\/\/denizcankizil.tr\/de\/#website"},"datePublished":"2025-02-25T20:41:14+00:00","breadcrumb":{"@id":"https:\/\/denizcankizil.tr\/uk\/haberler\/gundem\/turkiyede-cocuk-yasta-evlilikler-korkutucu-boyutlara-ulasti\/#breadcrumb"},"inLanguage":"uk","potentialAction":[{"@type":"ReadAction","target":["https:\/\/denizcankizil.tr\/uk\/haberler\/gundem\/turkiyede-cocuk-yasta-evlilikler-korkutucu-boyutlara-ulasti\/"]}]},{"@type":"BreadcrumbList","@id":"https:\/\/denizcankizil.tr\/uk\/haberler\/gundem\/turkiyede-cocuk-yasta-evlilikler-korkutucu-boyutlara-ulasti\/#breadcrumb","itemListElement":[{"@type":"ListItem","position":1,"name":"Home","item":"https:\/\/denizcankizil.tr\/de\/"},{"@type":"ListItem","position":2,"name":"T\u00fcrkiye\u2019de \u00e7ocuk ya\u015fta evlilikler korkutucu boyutlara ula\u015ft\u0131"}]},{"@type":"WebSite","@id":"https:\/\/denizcankizil.tr\/de\/#website","url":"https:\/\/denizcankizil.tr\/de\/","name":"Av. Deniz Can K\u0131z\u0131l","description":"Avukat Deniz Can K\u0131z\u0131l Antalya Barosu","publisher":{"@id":"https:\/\/denizcankizil.tr\/de\/#organization"},"potentialAction":[{"@type":"SearchAction","target":{"@type":"EntryPoint","urlTemplate":"https:\/\/denizcankizil.tr\/de\/?s={search_term_string}"},"query-input":{"@type":"PropertyValueSpecification","valueRequired":true,"valueName":"search_term_string"}}],"inLanguage":"uk"},{"@type":"Organization","@id":"https:\/\/denizcankizil.tr\/de\/#organization","name":"Av. Deniz Can K\u0131z\u0131l","url":"https:\/\/denizcankizil.tr\/de\/","logo":{"@type":"ImageObject","inLanguage":"uk","@id":"https:\/\/denizcankizil.tr\/de\/#\/schema\/logo\/image\/","url":"https:\/\/denizcankizil.tr\/wp-content\/uploads\/2024\/10\/siyah-logo-svg.svg","contentUrl":"https:\/\/denizcankizil.tr\/wp-content\/uploads\/2024\/10\/siyah-logo-svg.svg","width":1080,"height":1080,"caption":"Av. Deniz Can K\u0131z\u0131l"},"image":{"@id":"https:\/\/denizcankizil.tr\/de\/#\/schema\/logo\/image\/"}},{"@type":"Person","@id":"https:\/\/denizcankizil.tr\/de\/#\/schema\/person\/e1eb71bb4dd684d46563f0af307e1234","name":"Antalya K\u00f6rfez","image":{"@type":"ImageObject","inLanguage":"uk","@id":"https:\/\/denizcankizil.tr\/de\/#\/schema\/person\/image\/","url":"https:\/\/secure.gravatar.com\/avatar\/42b01982558a48a0b501fdcab6a408d3717ea5919095ee2e67b0e521799c5905?s=96&d=mm&r=g","contentUrl":"https:\/\/secure.gravatar.com\/avatar\/42b01982558a48a0b501fdcab6a408d3717ea5919095ee2e67b0e521799c5905?s=96&d=mm&r=g","caption":"Antalya K\u00f6rfez"},"sameAs":["http:\/\/www.antalyakorfez.com"],"url":"https:\/\/www.antalyakorfez.com\/turkiyede-cocuk-yasta-evlilikler-korkutucu-boyutlara-ulasti"}]}},"_links":{"self":[{"href":"https:\/\/denizcankizil.tr\/uk\/wp-json\/wp\/v2\/posts\/34100","targetHints":{"allow":["GET"]}}],"collection":[{"href":"https:\/\/denizcankizil.tr\/uk\/wp-json\/wp\/v2\/posts"}],"about":[{"href":"https:\/\/denizcankizil.tr\/uk\/wp-json\/wp\/v2\/types\/post"}],"author":[{"embeddable":true,"href":"https:\/\/denizcankizil.tr\/uk\/wp-json\/wp\/v2\/users\/5"}],"replies":[{"embeddable":true,"href":"https:\/\/denizcankizil.tr\/uk\/wp-json\/wp\/v2\/comments?post=34100"}],"version-history":[{"count":0,"href":"https:\/\/denizcankizil.tr\/uk\/wp-json\/wp\/v2\/posts\/34100\/revisions"}],"wp:attachment":[{"href":"https:\/\/denizcankizil.tr\/uk\/wp-json\/wp\/v2\/media?parent=34100"}],"wp:term":[{"taxonomy":"category","embeddable":true,"href":"https:\/\/denizcankizil.tr\/uk\/wp-json\/wp\/v2\/categories?post=34100"},{"taxonomy":"post_tag","embeddable":true,"href":"https:\/\/denizcankizil.tr\/uk\/wp-json\/wp\/v2\/tags?post=34100"}],"curies":[{"name":"wp","href":"https:\/\/api.w.org\/{rel}","templated":true}]}}