{"id":33933,"date":"2025-02-24T08:41:25","date_gmt":"2025-02-24T05:41:25","guid":{"rendered":"https:\/\/denizcankizil.tr\/uncategorized-tr\/cumhurbaskani-erdogan-yeniden-ak-parti-genel-baskani-secildi\/"},"modified":"2025-02-24T08:41:25","modified_gmt":"2025-02-24T05:41:25","slug":"cumhurbaskani-erdogan-yeniden-ak-parti-genel-baskani-secildi","status":"publish","type":"post","link":"https:\/\/denizcankizil.tr\/uk\/haberler\/gundem\/cumhurbaskani-erdogan-yeniden-ak-parti-genel-baskani-secildi\/","title":{"rendered":"Cumhurba\u015fkan\u0131 Erdo\u011fan yeniden AK Parti Genel Ba\u015fkan\u0131 se\u00e7ildi"},"content":{"rendered":"<p>Cumhurba\u015fkan\u0131 ve AK Parti Genel Ba\u015fkan\u0131 Recep Tayyip Erdo\u011fan, tek aday olarak girdi\u011fi AK Parti 8. Ola\u011fan B\u00fcy\u00fck Kongresi\u2019nde, ge\u00e7erli 1547\u00a0oyun\u00a0tamam\u0131n\u0131 alarak yeniden genel ba\u015fkanl\u0131\u011fa se\u00e7ildi.<br \/>\nANKARA (\u0130GFA) &#8211; Cumhurba\u015fkan\u0131 Erdo\u011fan, &#8220;Bug\u00fcnden itibaren parti \u00e7al\u0131\u015fmalar\u0131m\u0131zda, devlet idaresinde, milletimize ve \u00fclkemize hizmet m\u00fccadelemizde yeni bir heyecanla \u00e7ok daha g\u00fc\u00e7l\u00fc bir \u015fekilde tekrar yola koyuluyoruz. Hizmet eden izzet bulur. Bu anlay\u0131\u015fla t\u00fcm T\u00fcrkiye&#8217;ye hizmet etmeyi s\u00fcrd\u00fcrece\u011fiz.&#8221; diye konu\u015ftu.<br \/>\nErdo\u011fan, gelecek d\u00f6nemde herkesin omuzlar\u0131ndaki y\u00fck\u00fcn daha da a\u011f\u0131rla\u015ft\u0131\u011f\u0131n\u0131 ifade etti.<br \/>\nCumhurba\u015fkan\u0131 Erdo\u011fan, AK Parti&#8217;ye destek olmu\u015f, emek vermi\u015f t\u00fcm yol ve dava arkada\u015flar\u0131na \u015f\u00fckranlar\u0131n\u0131 sundu.\u00a0<\/p>\n<p>https:\/\/twitter.com\/RTErdogan\/status\/1893631379272777866<\/p>\n<p>AK Parti&#8217;nin Ankara Spor Salonu&#8217;nda d\u00fczenlenen 8. Ola\u011fan B\u00fcy\u00fck Kongresi&#8217;nde yap\u0131lan t\u00fcz\u00fck de\u011fi\u015fikli\u011fiyle MKYK&#8217;de 36 isim yerini korurken, 39 isim yeni parti y\u00f6netiminde yer almad\u0131.<br \/>\nKurula 39 yeni isim girdi.\u00a0<br \/>\nAK Parti&#8217;nin 8. Ola\u011fan B\u00fcy\u00fck Kongresi&#8217;nde olu\u015fturulan yeni listeye g\u00f6re asil \u00fcyeler \u015fu isimlerden olu\u015ftu:<br \/>\n&#8220;Abdulkadir Develi, Abdurrahman Aky\u00fcz, Ahmet Baha \u00d6\u011f\u00fctken, Ahmet Bilal K\u0131ymaz, Ahmet B\u00fcy\u00fckg\u00fcm\u00fc\u015f, Ahmet M\u00fccahit Ar\u0131n\u00e7, Ali \u0130hsan Yavuz, Ay\u015fe Ke\u015fir, Aziz Babu\u015fcu, Belgin Uygur, Cengiz Tokmak, Cihad Terzio\u011flu, \u00c7i\u011fdem Karaaslan, Derya Ayayd\u0131n, Dursun Ata\u015f, Efkan Ala, Erkan G\u00fcral, Erkan Kandemir, Eyy\u00fcp Kadir \u0130nan, Fahrettin Yah\u015fi, Fatih Sadullah Selman, Fatih \u015eahin, Fatma Bet\u00fcl Sayan Kaya, Fadime Zehra \u015eener, G\u00f6khan Dikta\u015f, Halit Yerebakan, Hamza Da\u011f, Hasan Basri Yal\u00e7\u0131n, Hayati Yaz\u0131c\u0131, Haydar Ali Y\u0131ld\u0131z, Hilal Kalyoncu Ko\u00e7, Hilmi T\u00fcrkmen, H\u00fclya Terzio\u011flu, H\u00fcseyin Yayman, \u0130dris Nebi Hatipo\u011flu, \u0130smet Gergerli, K\u00fcr\u015fad Zorlu, Mahir \u00dcnal, Mehmet K\u0131rm\u0131z\u0131, Mehmet Umut Tuncer, Melek Duman, Menderes Mehmet Tevfik T\u00fcrel, Mesut \u00d6zil, Muhammed Faruk Acar, Mustafa Demir, Mustafa Elita\u015f, Mustafa Hulki Cevizo\u011flu, Mustafa Nedim Yamal\u0131, Mustafa \u00d6zkan, Mustafa \u015een, Naim Makas, Nihat Zeybekci, Nihal Ayan, Osman G\u00f6k\u00e7ek, \u00d6mer \u00c7elik, \u00d6mer Faruk Besli, \u00d6mer \u0130leri, \u00d6mer Serdar, \u00d6nder Matl\u0131, Sadettin H\u00fclag\u00fc, Sel\u00e7uk S\u00fcmer, Serap Yaz\u0131c\u0131 \u00d6zbudun, Serpil Kavrak, Sevan S\u0131vac\u0131o\u011flu, Sevilay Tuncer, Seyithan \u0130zsiz, Temel Ba\u015falan, T\u00fcrk \u0130slam Karako\u00e7, Umut Arman Sonay, \u00dcnal Karaman, Veli Arslan, Yusuf Ziya Y\u0131lmaz, Zafer S\u0131rakaya, Zakir Av\u015far ve Ziya Serdar K\u0131l\u0131\u00e7.&#8221;<br \/>\nMKYK yedek \u00fcyeler ise \u015fu isimlerden olu\u015ftu:<br \/>\n&#8220;Arzu Silin G\u00fcnayd\u0131n, Ay\u015fe Nur Nacar, Bar\u0131\u015f \u00d6zerol, Burhan \u00c7ak\u0131r, \u015eevki \u015ear, M\u00fccahit Yan\u0131lmaz, Fatime Yurduseven, Muhammed Emin Sara\u00e7, Cans\u0131n Y\u0131lmaz Ya\u015far, Emre Cemil Ayval\u0131, Davut Co\u015fkun \u015eivilo\u011flu, B\u00fc\u015fra Ergen\u00e7, Ceren Tuncer, Fehmi K\u00fcp\u00e7\u00fc, J\u00fclide \u0130skendero\u011flu, Ensar Top\u00e7u, Serpil Y\u0131lmaz, Mahmut Eminmollao\u011flu, Funda Ozan Akyol, Harun Arma\u011fan, Harun \u00c7elik, \u0130smail Kaya, Kas\u0131m Bostan, Mehmet Ali Kurt, Mehmet Ali Okur, Mehmet Karabay, Mehmet Umur, Muhammed Ali U\u00e7ar, Murat \u00c7i\u00e7ek, Mustafa Hasg\u00fcl, M\u00fcrsel \u00c7avdar, Cemal Bekle, \u00d6mer Arvas, Sevde Sena Da\u011fl\u0131 Akdemir, \u015eebnem Ko\u00e7akel\u00e7i Elg\u00f6rm\u00fc\u015f&#8221;<br \/>\nMerkez Disiplin Kurulu asil \u00fcyeleri:\u00a0<br \/>\n\u00a0Abbas Ayd\u0131n, Ay\u015fe Deniz \u00c7elik, B\u00fc\u015fra Koyuncu, Cemal Sar\u0131han, Mehmet Sar\u0131, Melek \u00c7i\u00e7ek, Mir Sedrettin Karahan, Muaz Ergezen, Muhammed Ali Y\u0131lmaz, \u00d6mer Faruk Sevgili, Salih \u00c7etinkaya, Saliha D\u00f6nmez, Sena \u0130p\u015firli, Zahir So\u011fanda ve Zeynep G\u00fcl Y\u0131lmaz oldu.<br \/>\nGenel Merkez Parti \u0130\u00e7i Demokrasi Hakem Kurulu asil \u00fcyeleri:<br \/>\nAhmet G\u00fcl, H\u00fcseyin B\u00fcrge ve Suat Pamuk\u00e7u olarak belirlendi.<br \/>\nSiyasi Erdem ve Etik Kurulu asil \u00fcyeleri:<br \/>\nH\u00fcseyin \u00d6zbak\u0131r, \u0130ffet Polat, Serap Ya\u015far, \u0130smail Cenk Dilbero\u011flu ile Sabahattin Karakelle&#8217;den olu\u015ftu.<\/p>\n<p>\u200bCumhurba\u015fkan\u0131 ve AK Parti Genel Ba\u015fkan\u0131 Recep Tayyip Erdo\u011fan, tek aday olarak girdi\u011fi AK Parti 8. Ola\u011fan B\u00fcy\u00fck Kongresi\u2019nde, ge\u00e7erli 1547\u00a0oyun\u00a0tamam\u0131n\u0131 alarak yeniden genel ba\u015fkanl\u0131\u011fa se\u00e7ildi.<br \/>\nANKARA (\u0130GFA) &#8211; Cumhurba\u015fkan\u0131 Erdo\u011fan, &#8220;Bug\u00fcnden itibaren parti \u00e7al\u0131\u015fmalar\u0131m\u0131zda, devlet idaresinde, milletimize ve \u00fclkemize hizmet m\u00fccadelemizde yeni bir heyecanla \u00e7ok daha g\u00fc\u00e7l\u00fc bir \u015fekilde tekrar yola koyuluyoruz. Hizmet eden izzet bulur. Bu anlay\u0131\u015fla t\u00fcm T\u00fcrkiye&#8217;ye hizmet etmeyi s\u00fcrd\u00fcrece\u011fiz.&#8221; diye konu\u015ftu.<br \/>\nErdo\u011fan, gelecek d\u00f6nemde herkesin omuzlar\u0131ndaki y\u00fck\u00fcn daha da a\u011f\u0131rla\u015ft\u0131\u011f\u0131n\u0131 ifade etti.<br \/>\nCumhurba\u015fkan\u0131 Erdo\u011fan, AK Parti&#8217;ye destek olmu\u015f, emek vermi\u015f t\u00fcm yol ve dava arkada\u015flar\u0131na \u015f\u00fckranlar\u0131n\u0131 sundu.\u00a0<\/p>\n<p>https:\/\/twitter.com\/RTErdogan\/status\/1893631379272777866<\/p>\n<p>AK Parti&#8217;nin Ankara Spor Salonu&#8217;nda d\u00fczenlenen 8. Ola\u011fan B\u00fcy\u00fck Kongresi&#8217;nde yap\u0131lan t\u00fcz\u00fck de\u011fi\u015fikli\u011fiyle MKYK&#8217;de 36 isim yerini korurken, 39 isim yeni parti y\u00f6netiminde yer almad\u0131.<br \/>\nKurula 39 yeni isim girdi.\u00a0<br \/>\nAK Parti&#8217;nin 8. Ola\u011fan B\u00fcy\u00fck Kongresi&#8217;nde olu\u015fturulan yeni listeye g\u00f6re asil \u00fcyeler \u015fu isimlerden olu\u015ftu:<br \/>\n&#8220;Abdulkadir Develi, Abdurrahman Aky\u00fcz, Ahmet Baha \u00d6\u011f\u00fctken, Ahmet Bilal K\u0131ymaz, Ahmet B\u00fcy\u00fckg\u00fcm\u00fc\u015f, Ahmet M\u00fccahit Ar\u0131n\u00e7, Ali \u0130hsan Yavuz, Ay\u015fe Ke\u015fir, Aziz Babu\u015fcu, Belgin Uygur, Cengiz Tokmak, Cihad Terzio\u011flu, \u00c7i\u011fdem Karaaslan, Derya Ayayd\u0131n, Dursun Ata\u015f, Efkan Ala, Erkan G\u00fcral, Erkan Kandemir, Eyy\u00fcp Kadir \u0130nan, Fahrettin Yah\u015fi, Fatih Sadullah Selman, Fatih \u015eahin, Fatma Bet\u00fcl Sayan Kaya, Fadime Zehra \u015eener, G\u00f6khan Dikta\u015f, Halit Yerebakan, Hamza Da\u011f, Hasan Basri Yal\u00e7\u0131n, Hayati Yaz\u0131c\u0131, Haydar Ali Y\u0131ld\u0131z, Hilal Kalyoncu Ko\u00e7, Hilmi T\u00fcrkmen, H\u00fclya Terzio\u011flu, H\u00fcseyin Yayman, \u0130dris Nebi Hatipo\u011flu, \u0130smet Gergerli, K\u00fcr\u015fad Zorlu, Mahir \u00dcnal, Mehmet K\u0131rm\u0131z\u0131, Mehmet Umut Tuncer, Melek Duman, Menderes Mehmet Tevfik T\u00fcrel, Mesut \u00d6zil, Muhammed Faruk Acar, Mustafa Demir, Mustafa Elita\u015f, Mustafa Hulki Cevizo\u011flu, Mustafa Nedim Yamal\u0131, Mustafa \u00d6zkan, Mustafa \u015een, Naim Makas, Nihat Zeybekci, Nihal Ayan, Osman G\u00f6k\u00e7ek, \u00d6mer \u00c7elik, \u00d6mer Faruk Besli, \u00d6mer \u0130leri, \u00d6mer Serdar, \u00d6nder Matl\u0131, Sadettin H\u00fclag\u00fc, Sel\u00e7uk S\u00fcmer, Serap Yaz\u0131c\u0131 \u00d6zbudun, Serpil Kavrak, Sevan S\u0131vac\u0131o\u011flu, Sevilay Tuncer, Seyithan \u0130zsiz, Temel Ba\u015falan, T\u00fcrk \u0130slam Karako\u00e7, Umut Arman Sonay, \u00dcnal Karaman, Veli Arslan, Yusuf Ziya Y\u0131lmaz, Zafer S\u0131rakaya, Zakir Av\u015far ve Ziya Serdar K\u0131l\u0131\u00e7.&#8221;<br \/>\nMKYK yedek \u00fcyeler ise \u015fu isimlerden olu\u015ftu:<br \/>\n&#8220;Arzu Silin G\u00fcnayd\u0131n, Ay\u015fe Nur Nacar, Bar\u0131\u015f \u00d6zerol, Burhan \u00c7ak\u0131r, \u015eevki \u015ear, M\u00fccahit Yan\u0131lmaz, Fatime Yurduseven, Muhammed Emin Sara\u00e7, Cans\u0131n Y\u0131lmaz Ya\u015far, Emre Cemil Ayval\u0131, Davut Co\u015fkun \u015eivilo\u011flu, B\u00fc\u015fra Ergen\u00e7, Ceren Tuncer, Fehmi K\u00fcp\u00e7\u00fc, J\u00fclide \u0130skendero\u011flu, Ensar Top\u00e7u, Serpil Y\u0131lmaz, Mahmut Eminmollao\u011flu, Funda Ozan Akyol, Harun Arma\u011fan, Harun \u00c7elik, \u0130smail Kaya, Kas\u0131m Bostan, Mehmet Ali Kurt, Mehmet Ali Okur, Mehmet Karabay, Mehmet Umur, Muhammed Ali U\u00e7ar, Murat \u00c7i\u00e7ek, Mustafa Hasg\u00fcl, M\u00fcrsel \u00c7avdar, Cemal Bekle, \u00d6mer Arvas, Sevde Sena Da\u011fl\u0131 Akdemir, \u015eebnem Ko\u00e7akel\u00e7i Elg\u00f6rm\u00fc\u015f&#8221;<br \/>\nMerkez Disiplin Kurulu asil \u00fcyeleri:\u00a0<br \/>\n\u00a0Abbas Ayd\u0131n, Ay\u015fe Deniz \u00c7elik, B\u00fc\u015fra Koyuncu, Cemal Sar\u0131han, Mehmet Sar\u0131, Melek \u00c7i\u00e7ek, Mir Sedrettin Karahan, Muaz Ergezen, Muhammed Ali Y\u0131lmaz, \u00d6mer Faruk Sevgili, Salih \u00c7etinkaya, Saliha D\u00f6nmez, Sena \u0130p\u015firli, Zahir So\u011fanda ve Zeynep G\u00fcl Y\u0131lmaz oldu.<br \/>\nGenel Merkez Parti \u0130\u00e7i Demokrasi Hakem Kurulu asil \u00fcyeleri:<br \/>\nAhmet G\u00fcl, H\u00fcseyin B\u00fcrge ve Suat Pamuk\u00e7u olarak belirlendi.<br \/>\nSiyasi Erdem ve Etik Kurulu asil \u00fcyeleri:<br \/>\nH\u00fcseyin \u00d6zbak\u0131r, \u0130ffet Polat, Serap Ya\u015far, \u0130smail Cenk Dilbero\u011flu ile Sabahattin Karakelle&#8217;den olu\u015ftu.\u00a0<\/p>\n<p>\u200bHaberin Al\u0131nt\u0131land\u0131\u011f\u0131 Kaynak: www.iskenderun.org<\/p>","protected":false},"excerpt":{"rendered":"<p>Cumhurba\u015fkan\u0131 ve AK Parti Genel Ba\u015fkan\u0131 Recep Tayyip Erdo\u011fan, tek aday olarak girdi\u011fi AK Parti 8. Ola\u011fan B\u00fcy\u00fck Kongresi\u2019nde, ge\u00e7erli 1547\u00a0oyun\u00a0tamam\u0131n\u0131 alarak yeniden genel ba\u015fkanl\u0131\u011fa se\u00e7ildi. ANKARA (\u0130GFA) &#8211; Cumhurba\u015fkan\u0131 Erdo\u011fan, &#8220;Bug\u00fcnden itibaren parti \u00e7al\u0131\u015fmalar\u0131m\u0131zda, devlet idaresinde, milletimize ve \u00fclkemize hizmet m\u00fccadelemizde yeni bir heyecanla \u00e7ok daha g\u00fc\u00e7l\u00fc bir \u015fekilde tekrar yola koyuluyoruz. Hizmet eden izzet bulur. Bu anlay\u0131\u015fla t\u00fcm T\u00fcrkiye&#8217;ye hizmet etmeyi s\u00fcrd\u00fcrece\u011fiz.&#8221; diye konu\u015ftu. Erdo\u011fan, gelecek d\u00f6nemde herkesin omuzlar\u0131ndaki y\u00fck\u00fcn daha da a\u011f\u0131rla\u015ft\u0131\u011f\u0131n\u0131 ifade etti. Cumhurba\u015fkan\u0131 Erdo\u011fan, AK Parti&#8217;ye destek olmu\u015f, emek vermi\u015f t\u00fcm yol ve dava arkada\u015flar\u0131na \u015f\u00fckranlar\u0131n\u0131 sundu.\u00a0 https:\/\/twitter.com\/RTErdogan\/status\/1893631379272777866 AK Parti&#8217;nin Ankara Spor Salonu&#8217;nda d\u00fczenlenen 8. Ola\u011fan B\u00fcy\u00fck Kongresi&#8217;nde yap\u0131lan t\u00fcz\u00fck de\u011fi\u015fikli\u011fiyle MKYK&#8217;de 36 isim yerini korurken, 39 isim yeni parti y\u00f6netiminde yer almad\u0131. Kurula 39 yeni isim girdi.\u00a0 AK Parti&#8217;nin 8. Ola\u011fan B\u00fcy\u00fck Kongresi&#8217;nde olu\u015fturulan yeni listeye g\u00f6re asil \u00fcyeler \u015fu isimlerden olu\u015ftu: &#8220;Abdulkadir Develi, Abdurrahman Aky\u00fcz, Ahmet Baha \u00d6\u011f\u00fctken, Ahmet Bilal K\u0131ymaz, Ahmet B\u00fcy\u00fckg\u00fcm\u00fc\u015f, Ahmet M\u00fccahit Ar\u0131n\u00e7, Ali \u0130hsan Yavuz, Ay\u015fe Ke\u015fir, Aziz Babu\u015fcu, Belgin Uygur, Cengiz Tokmak, Cihad Terzio\u011flu, \u00c7i\u011fdem Karaaslan, Derya Ayayd\u0131n, Dursun Ata\u015f, Efkan Ala, Erkan G\u00fcral, Erkan Kandemir, Eyy\u00fcp Kadir \u0130nan, Fahrettin Yah\u015fi, Fatih Sadullah Selman, Fatih \u015eahin, Fatma Bet\u00fcl Sayan Kaya, Fadime Zehra \u015eener, G\u00f6khan Dikta\u015f, Halit Yerebakan, Hamza &hellip;<\/p>","protected":false},"author":1,"featured_media":0,"comment_status":"open","ping_status":"open","sticky":false,"template":"","format":"standard","meta":{"_acf_changed":false,"footnotes":""},"categories":[24],"tags":[],"class_list":["post-33933","post","type-post","status-publish","format-standard","has-post-thumbnail","hentry","category-gundem"],"acf":[],"yoast_head":"<!-- This site is optimized with the Yoast SEO Premium plugin v26.6 (Yoast SEO v27.1.1) - https:\/\/yoast.com\/product\/yoast-seo-premium-wordpress\/ -->\n<title>Cumhurba\u015fkan\u0131 Erdo\u011fan yeniden AK Parti Genel Ba\u015fkan\u0131 se\u00e7ildi - Av. Deniz Can K\u0131z\u0131l<\/title>\n<meta name=\"robots\" content=\"index, follow, max-snippet:-1, max-image-preview:large, max-video-preview:-1\" \/>\n<link rel=\"canonical\" href=\"https:\/\/denizcankizil.tr\/uk\/haberler\/gundem\/cumhurbaskani-erdogan-yeniden-ak-parti-genel-baskani-secildi\/\" \/>\n<meta property=\"og:locale\" content=\"uk_UA\" \/>\n<meta property=\"og:type\" content=\"article\" \/>\n<meta property=\"og:title\" content=\"Cumhurba\u015fkan\u0131 Erdo\u011fan yeniden AK Parti Genel Ba\u015fkan\u0131 se\u00e7ildi\" \/>\n<meta property=\"og:description\" content=\"Cumhurba\u015fkan\u0131 ve AK Parti Genel Ba\u015fkan\u0131 Recep Tayyip Erdo\u011fan, tek aday olarak girdi\u011fi AK Parti 8. Ola\u011fan B\u00fcy\u00fck Kongresi\u2019nde, ge\u00e7erli 1547\u00a0oyun\u00a0tamam\u0131n\u0131 alarak yeniden genel ba\u015fkanl\u0131\u011fa se\u00e7ildi. ANKARA (\u0130GFA) &#8211; Cumhurba\u015fkan\u0131 Erdo\u011fan, &#8220;Bug\u00fcnden itibaren parti \u00e7al\u0131\u015fmalar\u0131m\u0131zda, devlet idaresinde, milletimize ve \u00fclkemize hizmet m\u00fccadelemizde yeni bir heyecanla \u00e7ok daha g\u00fc\u00e7l\u00fc bir \u015fekilde tekrar yola koyuluyoruz. Hizmet eden izzet bulur. Bu anlay\u0131\u015fla t\u00fcm T\u00fcrkiye&#8217;ye hizmet etmeyi s\u00fcrd\u00fcrece\u011fiz.&#8221; diye konu\u015ftu. Erdo\u011fan, gelecek d\u00f6nemde herkesin omuzlar\u0131ndaki y\u00fck\u00fcn daha da a\u011f\u0131rla\u015ft\u0131\u011f\u0131n\u0131 ifade etti. Cumhurba\u015fkan\u0131 Erdo\u011fan, AK Parti&#8217;ye destek olmu\u015f, emek vermi\u015f t\u00fcm yol ve dava arkada\u015flar\u0131na \u015f\u00fckranlar\u0131n\u0131 sundu.\u00a0 https:\/\/twitter.com\/RTErdogan\/status\/1893631379272777866 AK Parti&#8217;nin Ankara Spor Salonu&#8217;nda d\u00fczenlenen 8. Ola\u011fan B\u00fcy\u00fck Kongresi&#8217;nde yap\u0131lan t\u00fcz\u00fck de\u011fi\u015fikli\u011fiyle MKYK&#8217;de 36 isim yerini korurken, 39 isim yeni parti y\u00f6netiminde yer almad\u0131. Kurula 39 yeni isim girdi.\u00a0 AK Parti&#8217;nin 8. Ola\u011fan B\u00fcy\u00fck Kongresi&#8217;nde olu\u015fturulan yeni listeye g\u00f6re asil \u00fcyeler \u015fu isimlerden olu\u015ftu: &#8220;Abdulkadir Develi, Abdurrahman Aky\u00fcz, Ahmet Baha \u00d6\u011f\u00fctken, Ahmet Bilal K\u0131ymaz, Ahmet B\u00fcy\u00fckg\u00fcm\u00fc\u015f, Ahmet M\u00fccahit Ar\u0131n\u00e7, Ali \u0130hsan Yavuz, Ay\u015fe Ke\u015fir, Aziz Babu\u015fcu, Belgin Uygur, Cengiz Tokmak, Cihad Terzio\u011flu, \u00c7i\u011fdem Karaaslan, Derya Ayayd\u0131n, Dursun Ata\u015f, Efkan Ala, Erkan G\u00fcral, Erkan Kandemir, Eyy\u00fcp Kadir \u0130nan, Fahrettin Yah\u015fi, Fatih Sadullah Selman, Fatih \u015eahin, Fatma Bet\u00fcl Sayan Kaya, Fadime Zehra \u015eener, G\u00f6khan Dikta\u015f, Halit Yerebakan, Hamza &hellip;\" \/>\n<meta property=\"og:url\" content=\"https:\/\/denizcankizil.tr\/uk\/haberler\/gundem\/cumhurbaskani-erdogan-yeniden-ak-parti-genel-baskani-secildi\/\" \/>\n<meta property=\"og:site_name\" content=\"Av. Deniz Can K\u0131z\u0131l\" \/>\n<meta property=\"article:published_time\" content=\"2025-02-24T05:41:25+00:00\" \/>\n<meta name=\"author\" content=\"admin\" \/>\n<meta name=\"twitter:card\" content=\"summary_large_image\" \/>\n<meta name=\"twitter:label1\" content=\"\u041d\u0430\u043f\u0438\u0441\u0430\u043d\u043e\" \/>\n\t<meta name=\"twitter:data1\" content=\"admin\" \/>\n\t<meta name=\"twitter:label2\" content=\"\u041f\u0440\u0438\u0431\u043b. \u0447\u0430\u0441 \u0447\u0438\u0442\u0430\u043d\u043d\u044f\" \/>\n\t<meta name=\"twitter:data2\" content=\"6 \u0445\u0432\u0438\u043b\u0438\u043d\" \/>\n<script type=\"application\/ld+json\" class=\"yoast-schema-graph\">{\"@context\":\"https:\/\/schema.org\",\"@graph\":[{\"@type\":\"Article\",\"@id\":\"https:\/\/denizcankizil.tr\/uk\/haberler\/gundem\/cumhurbaskani-erdogan-yeniden-ak-parti-genel-baskani-secildi\/#article\",\"isPartOf\":{\"@id\":\"https:\/\/denizcankizil.tr\/uk\/haberler\/gundem\/cumhurbaskani-erdogan-yeniden-ak-parti-genel-baskani-secildi\/\"},\"author\":{\"name\":\"admin\",\"@id\":\"https:\/\/denizcankizil.tr\/de\/#\/schema\/person\/be3c05fe6a12686905512445d8185489\"},\"headline\":\"Cumhurba\u015fkan\u0131 Erdo\u011fan yeniden AK Parti Genel Ba\u015fkan\u0131 se\u00e7ildi\",\"datePublished\":\"2025-02-24T05:41:25+00:00\",\"mainEntityOfPage\":{\"@id\":\"https:\/\/denizcankizil.tr\/uk\/haberler\/gundem\/cumhurbaskani-erdogan-yeniden-ak-parti-genel-baskani-secildi\/\"},\"wordCount\":1316,\"commentCount\":0,\"publisher\":{\"@id\":\"https:\/\/denizcankizil.tr\/de\/#organization\"},\"articleSection\":[\"G\u00fcndem\"],\"inLanguage\":\"uk\",\"potentialAction\":[{\"@type\":\"CommentAction\",\"name\":\"Comment\",\"target\":[\"https:\/\/denizcankizil.tr\/uk\/haberler\/gundem\/cumhurbaskani-erdogan-yeniden-ak-parti-genel-baskani-secildi\/#respond\"]}]},{\"@type\":\"WebPage\",\"@id\":\"https:\/\/denizcankizil.tr\/uk\/haberler\/gundem\/cumhurbaskani-erdogan-yeniden-ak-parti-genel-baskani-secildi\/\",\"url\":\"https:\/\/denizcankizil.tr\/uk\/haberler\/gundem\/cumhurbaskani-erdogan-yeniden-ak-parti-genel-baskani-secildi\/\",\"name\":\"Cumhurba\u015fkan\u0131 Erdo\u011fan yeniden AK Parti Genel Ba\u015fkan\u0131 se\u00e7ildi - Av. Deniz Can K\u0131z\u0131l\",\"isPartOf\":{\"@id\":\"https:\/\/denizcankizil.tr\/de\/#website\"},\"datePublished\":\"2025-02-24T05:41:25+00:00\",\"breadcrumb\":{\"@id\":\"https:\/\/denizcankizil.tr\/uk\/haberler\/gundem\/cumhurbaskani-erdogan-yeniden-ak-parti-genel-baskani-secildi\/#breadcrumb\"},\"inLanguage\":\"uk\",\"potentialAction\":[{\"@type\":\"ReadAction\",\"target\":[\"https:\/\/denizcankizil.tr\/uk\/haberler\/gundem\/cumhurbaskani-erdogan-yeniden-ak-parti-genel-baskani-secildi\/\"]}]},{\"@type\":\"BreadcrumbList\",\"@id\":\"https:\/\/denizcankizil.tr\/uk\/haberler\/gundem\/cumhurbaskani-erdogan-yeniden-ak-parti-genel-baskani-secildi\/#breadcrumb\",\"itemListElement\":[{\"@type\":\"ListItem\",\"position\":1,\"name\":\"Home\",\"item\":\"https:\/\/denizcankizil.tr\/de\/\"},{\"@type\":\"ListItem\",\"position\":2,\"name\":\"Cumhurba\u015fkan\u0131 Erdo\u011fan yeniden AK Parti Genel Ba\u015fkan\u0131 se\u00e7ildi\"}]},{\"@type\":\"WebSite\",\"@id\":\"https:\/\/denizcankizil.tr\/de\/#website\",\"url\":\"https:\/\/denizcankizil.tr\/de\/\",\"name\":\"Av. Deniz Can K\u0131z\u0131l\",\"description\":\"Avukat Deniz Can K\u0131z\u0131l Antalya Barosu\",\"publisher\":{\"@id\":\"https:\/\/denizcankizil.tr\/de\/#organization\"},\"potentialAction\":[{\"@type\":\"SearchAction\",\"target\":{\"@type\":\"EntryPoint\",\"urlTemplate\":\"https:\/\/denizcankizil.tr\/de\/?s={search_term_string}\"},\"query-input\":{\"@type\":\"PropertyValueSpecification\",\"valueRequired\":true,\"valueName\":\"search_term_string\"}}],\"inLanguage\":\"uk\"},{\"@type\":\"Organization\",\"@id\":\"https:\/\/denizcankizil.tr\/de\/#organization\",\"name\":\"Av. Deniz Can K\u0131z\u0131l\",\"url\":\"https:\/\/denizcankizil.tr\/de\/\",\"logo\":{\"@type\":\"ImageObject\",\"inLanguage\":\"uk\",\"@id\":\"https:\/\/denizcankizil.tr\/de\/#\/schema\/logo\/image\/\",\"url\":\"https:\/\/denizcankizil.tr\/wp-content\/uploads\/2024\/10\/siyah-logo-svg.svg\",\"contentUrl\":\"https:\/\/denizcankizil.tr\/wp-content\/uploads\/2024\/10\/siyah-logo-svg.svg\",\"width\":1080,\"height\":1080,\"caption\":\"Av. Deniz Can K\u0131z\u0131l\"},\"image\":{\"@id\":\"https:\/\/denizcankizil.tr\/de\/#\/schema\/logo\/image\/\"}},{\"@type\":\"Person\",\"@id\":\"https:\/\/denizcankizil.tr\/de\/#\/schema\/person\/be3c05fe6a12686905512445d8185489\",\"name\":\"admin\",\"image\":{\"@type\":\"ImageObject\",\"inLanguage\":\"uk\",\"@id\":\"https:\/\/denizcankizil.tr\/de\/#\/schema\/person\/image\/\",\"url\":\"https:\/\/secure.gravatar.com\/avatar\/c1fce94c830dc79107e174f890d7210541c4a63e8e5d816341794a2151c9d58c?s=96&d=mm&r=g\",\"contentUrl\":\"https:\/\/secure.gravatar.com\/avatar\/c1fce94c830dc79107e174f890d7210541c4a63e8e5d816341794a2151c9d58c?s=96&d=mm&r=g\",\"caption\":\"admin\"},\"sameAs\":[\"http:\/\/denizcankizil.tr\"],\"url\":\"https:\/\/www.iskenderun.org\/cumhurbaskani-erdogan-yeniden-ak-parti-genel-baskani-secildi\"}]}<\/script>\n<!-- \/ Yoast SEO Premium plugin. -->","yoast_head_json":{"title":"Cumhurba\u015fkan\u0131 Erdo\u011fan yeniden AK Parti Genel Ba\u015fkan\u0131 se\u00e7ildi - Av. Deniz Can K\u0131z\u0131l","robots":{"index":"index","follow":"follow","max-snippet":"max-snippet:-1","max-image-preview":"max-image-preview:large","max-video-preview":"max-video-preview:-1"},"canonical":"https:\/\/denizcankizil.tr\/uk\/haberler\/gundem\/cumhurbaskani-erdogan-yeniden-ak-parti-genel-baskani-secildi\/","og_locale":"uk_UA","og_type":"article","og_title":"Cumhurba\u015fkan\u0131 Erdo\u011fan yeniden AK Parti Genel Ba\u015fkan\u0131 se\u00e7ildi","og_description":"Cumhurba\u015fkan\u0131 ve AK Parti Genel Ba\u015fkan\u0131 Recep Tayyip Erdo\u011fan, tek aday olarak girdi\u011fi AK Parti 8. Ola\u011fan B\u00fcy\u00fck Kongresi\u2019nde, ge\u00e7erli 1547\u00a0oyun\u00a0tamam\u0131n\u0131 alarak yeniden genel ba\u015fkanl\u0131\u011fa se\u00e7ildi. ANKARA (\u0130GFA) &#8211; Cumhurba\u015fkan\u0131 Erdo\u011fan, &#8220;Bug\u00fcnden itibaren parti \u00e7al\u0131\u015fmalar\u0131m\u0131zda, devlet idaresinde, milletimize ve \u00fclkemize hizmet m\u00fccadelemizde yeni bir heyecanla \u00e7ok daha g\u00fc\u00e7l\u00fc bir \u015fekilde tekrar yola koyuluyoruz. Hizmet eden izzet bulur. Bu anlay\u0131\u015fla t\u00fcm T\u00fcrkiye&#8217;ye hizmet etmeyi s\u00fcrd\u00fcrece\u011fiz.&#8221; diye konu\u015ftu. Erdo\u011fan, gelecek d\u00f6nemde herkesin omuzlar\u0131ndaki y\u00fck\u00fcn daha da a\u011f\u0131rla\u015ft\u0131\u011f\u0131n\u0131 ifade etti. Cumhurba\u015fkan\u0131 Erdo\u011fan, AK Parti&#8217;ye destek olmu\u015f, emek vermi\u015f t\u00fcm yol ve dava arkada\u015flar\u0131na \u015f\u00fckranlar\u0131n\u0131 sundu.\u00a0 https:\/\/twitter.com\/RTErdogan\/status\/1893631379272777866 AK Parti&#8217;nin Ankara Spor Salonu&#8217;nda d\u00fczenlenen 8. Ola\u011fan B\u00fcy\u00fck Kongresi&#8217;nde yap\u0131lan t\u00fcz\u00fck de\u011fi\u015fikli\u011fiyle MKYK&#8217;de 36 isim yerini korurken, 39 isim yeni parti y\u00f6netiminde yer almad\u0131. Kurula 39 yeni isim girdi.\u00a0 AK Parti&#8217;nin 8. Ola\u011fan B\u00fcy\u00fck Kongresi&#8217;nde olu\u015fturulan yeni listeye g\u00f6re asil \u00fcyeler \u015fu isimlerden olu\u015ftu: &#8220;Abdulkadir Develi, Abdurrahman Aky\u00fcz, Ahmet Baha \u00d6\u011f\u00fctken, Ahmet Bilal K\u0131ymaz, Ahmet B\u00fcy\u00fckg\u00fcm\u00fc\u015f, Ahmet M\u00fccahit Ar\u0131n\u00e7, Ali \u0130hsan Yavuz, Ay\u015fe Ke\u015fir, Aziz Babu\u015fcu, Belgin Uygur, Cengiz Tokmak, Cihad Terzio\u011flu, \u00c7i\u011fdem Karaaslan, Derya Ayayd\u0131n, Dursun Ata\u015f, Efkan Ala, Erkan G\u00fcral, Erkan Kandemir, Eyy\u00fcp Kadir \u0130nan, Fahrettin Yah\u015fi, Fatih Sadullah Selman, Fatih \u015eahin, Fatma Bet\u00fcl Sayan Kaya, Fadime Zehra \u015eener, G\u00f6khan Dikta\u015f, Halit Yerebakan, Hamza &hellip;","og_url":"https:\/\/denizcankizil.tr\/uk\/haberler\/gundem\/cumhurbaskani-erdogan-yeniden-ak-parti-genel-baskani-secildi\/","og_site_name":"Av. Deniz Can K\u0131z\u0131l","article_published_time":"2025-02-24T05:41:25+00:00","author":"admin","twitter_card":"summary_large_image","twitter_misc":{"\u041d\u0430\u043f\u0438\u0441\u0430\u043d\u043e":"admin","\u041f\u0440\u0438\u0431\u043b. \u0447\u0430\u0441 \u0447\u0438\u0442\u0430\u043d\u043d\u044f":"6 \u0445\u0432\u0438\u043b\u0438\u043d"},"schema":{"@context":"https:\/\/schema.org","@graph":[{"@type":"Article","@id":"https:\/\/denizcankizil.tr\/uk\/haberler\/gundem\/cumhurbaskani-erdogan-yeniden-ak-parti-genel-baskani-secildi\/#article","isPartOf":{"@id":"https:\/\/denizcankizil.tr\/uk\/haberler\/gundem\/cumhurbaskani-erdogan-yeniden-ak-parti-genel-baskani-secildi\/"},"author":{"name":"admin","@id":"https:\/\/denizcankizil.tr\/de\/#\/schema\/person\/be3c05fe6a12686905512445d8185489"},"headline":"Cumhurba\u015fkan\u0131 Erdo\u011fan yeniden AK Parti Genel Ba\u015fkan\u0131 se\u00e7ildi","datePublished":"2025-02-24T05:41:25+00:00","mainEntityOfPage":{"@id":"https:\/\/denizcankizil.tr\/uk\/haberler\/gundem\/cumhurbaskani-erdogan-yeniden-ak-parti-genel-baskani-secildi\/"},"wordCount":1316,"commentCount":0,"publisher":{"@id":"https:\/\/denizcankizil.tr\/de\/#organization"},"articleSection":["G\u00fcndem"],"inLanguage":"uk","potentialAction":[{"@type":"CommentAction","name":"Comment","target":["https:\/\/denizcankizil.tr\/uk\/haberler\/gundem\/cumhurbaskani-erdogan-yeniden-ak-parti-genel-baskani-secildi\/#respond"]}]},{"@type":"WebPage","@id":"https:\/\/denizcankizil.tr\/uk\/haberler\/gundem\/cumhurbaskani-erdogan-yeniden-ak-parti-genel-baskani-secildi\/","url":"https:\/\/denizcankizil.tr\/uk\/haberler\/gundem\/cumhurbaskani-erdogan-yeniden-ak-parti-genel-baskani-secildi\/","name":"Cumhurba\u015fkan\u0131 Erdo\u011fan yeniden AK Parti Genel Ba\u015fkan\u0131 se\u00e7ildi - Av. Deniz Can K\u0131z\u0131l","isPartOf":{"@id":"https:\/\/denizcankizil.tr\/de\/#website"},"datePublished":"2025-02-24T05:41:25+00:00","breadcrumb":{"@id":"https:\/\/denizcankizil.tr\/uk\/haberler\/gundem\/cumhurbaskani-erdogan-yeniden-ak-parti-genel-baskani-secildi\/#breadcrumb"},"inLanguage":"uk","potentialAction":[{"@type":"ReadAction","target":["https:\/\/denizcankizil.tr\/uk\/haberler\/gundem\/cumhurbaskani-erdogan-yeniden-ak-parti-genel-baskani-secildi\/"]}]},{"@type":"BreadcrumbList","@id":"https:\/\/denizcankizil.tr\/uk\/haberler\/gundem\/cumhurbaskani-erdogan-yeniden-ak-parti-genel-baskani-secildi\/#breadcrumb","itemListElement":[{"@type":"ListItem","position":1,"name":"Home","item":"https:\/\/denizcankizil.tr\/de\/"},{"@type":"ListItem","position":2,"name":"Cumhurba\u015fkan\u0131 Erdo\u011fan yeniden AK Parti Genel Ba\u015fkan\u0131 se\u00e7ildi"}]},{"@type":"WebSite","@id":"https:\/\/denizcankizil.tr\/de\/#website","url":"https:\/\/denizcankizil.tr\/de\/","name":"Av. Deniz Can K\u0131z\u0131l","description":"Avukat Deniz Can K\u0131z\u0131l Antalya Barosu","publisher":{"@id":"https:\/\/denizcankizil.tr\/de\/#organization"},"potentialAction":[{"@type":"SearchAction","target":{"@type":"EntryPoint","urlTemplate":"https:\/\/denizcankizil.tr\/de\/?s={search_term_string}"},"query-input":{"@type":"PropertyValueSpecification","valueRequired":true,"valueName":"search_term_string"}}],"inLanguage":"uk"},{"@type":"Organization","@id":"https:\/\/denizcankizil.tr\/de\/#organization","name":"Av. Deniz Can K\u0131z\u0131l","url":"https:\/\/denizcankizil.tr\/de\/","logo":{"@type":"ImageObject","inLanguage":"uk","@id":"https:\/\/denizcankizil.tr\/de\/#\/schema\/logo\/image\/","url":"https:\/\/denizcankizil.tr\/wp-content\/uploads\/2024\/10\/siyah-logo-svg.svg","contentUrl":"https:\/\/denizcankizil.tr\/wp-content\/uploads\/2024\/10\/siyah-logo-svg.svg","width":1080,"height":1080,"caption":"Av. Deniz Can K\u0131z\u0131l"},"image":{"@id":"https:\/\/denizcankizil.tr\/de\/#\/schema\/logo\/image\/"}},{"@type":"Person","@id":"https:\/\/denizcankizil.tr\/de\/#\/schema\/person\/be3c05fe6a12686905512445d8185489","name":"\u0430\u0434\u043c\u0456\u043d","image":{"@type":"ImageObject","inLanguage":"uk","@id":"https:\/\/denizcankizil.tr\/de\/#\/schema\/person\/image\/","url":"https:\/\/secure.gravatar.com\/avatar\/c1fce94c830dc79107e174f890d7210541c4a63e8e5d816341794a2151c9d58c?s=96&d=mm&r=g","contentUrl":"https:\/\/secure.gravatar.com\/avatar\/c1fce94c830dc79107e174f890d7210541c4a63e8e5d816341794a2151c9d58c?s=96&d=mm&r=g","caption":"admin"},"sameAs":["http:\/\/denizcankizil.tr"],"url":"https:\/\/www.iskenderun.org\/cumhurbaskani-erdogan-yeniden-ak-parti-genel-baskani-secildi"}]}},"_links":{"self":[{"href":"https:\/\/denizcankizil.tr\/uk\/wp-json\/wp\/v2\/posts\/33933","targetHints":{"allow":["GET"]}}],"collection":[{"href":"https:\/\/denizcankizil.tr\/uk\/wp-json\/wp\/v2\/posts"}],"about":[{"href":"https:\/\/denizcankizil.tr\/uk\/wp-json\/wp\/v2\/types\/post"}],"author":[{"embeddable":true,"href":"https:\/\/denizcankizil.tr\/uk\/wp-json\/wp\/v2\/users\/1"}],"replies":[{"embeddable":true,"href":"https:\/\/denizcankizil.tr\/uk\/wp-json\/wp\/v2\/comments?post=33933"}],"version-history":[{"count":0,"href":"https:\/\/denizcankizil.tr\/uk\/wp-json\/wp\/v2\/posts\/33933\/revisions"}],"wp:attachment":[{"href":"https:\/\/denizcankizil.tr\/uk\/wp-json\/wp\/v2\/media?parent=33933"}],"wp:term":[{"taxonomy":"category","embeddable":true,"href":"https:\/\/denizcankizil.tr\/uk\/wp-json\/wp\/v2\/categories?post=33933"},{"taxonomy":"post_tag","embeddable":true,"href":"https:\/\/denizcankizil.tr\/uk\/wp-json\/wp\/v2\/tags?post=33933"}],"curies":[{"name":"wp","href":"https:\/\/api.w.org\/{rel}","templated":true}]}}