{"id":33930,"date":"2025-02-24T08:41:22","date_gmt":"2025-02-24T05:41:22","guid":{"rendered":"https:\/\/denizcankizil.tr\/uncategorized-tr\/istanbulda-karla-mucadele-devam-ediyor\/"},"modified":"2025-02-24T08:41:22","modified_gmt":"2025-02-24T05:41:22","slug":"istanbulda-karla-mucadele-devam-ediyor","status":"publish","type":"post","link":"https:\/\/denizcankizil.tr\/uk\/haberler\/gundem\/istanbulda-karla-mucadele-devam-ediyor\/","title":{"rendered":"\u0130stanbul&#8217;da karla m\u00fccadele devam ediyor"},"content":{"rendered":"<p>\u0130stanbul B\u00fcy\u00fck\u015fehir Belediyesi (\u0130BB) ekipleri, \u015fehri etkisi alt\u0131na alan yo\u011fun kar ya\u011f\u0131\u015f\u0131na kar\u015f\u0131 be\u015f g\u00fcnd\u00fcr gece g\u00fcnd\u00fcz demeden m\u00fccadelesini s\u00fcrd\u00fcr\u00fcyor.\u0130STANBUL (\u0130GFA) &#8211;\u00a0Afet \u0130\u015fleri Dairesi Ba\u015fkanl\u0131\u011f\u0131 koordinasyonunda AKOM taraf\u0131ndan y\u00fcr\u00fct\u00fclen \u00e7al\u0131\u015fmalarda, binlerce personel ve y\u00fczlerce ara\u00e7, kentin d\u00f6rt bir yan\u0131nda seferber oldu. \u0130BB ekiplerinin be\u015f g\u00fcn boyunca kesintisiz \u00e7al\u0131\u015farak \u0130stanbul\u2019u etkisi alt\u0131na alan yo\u011fun kar ya\u011f\u0131\u015f\u0131na kar\u015f\u0131 sergiledi\u011fi ba\u015far\u0131l\u0131 m\u00fccadele, vatanda\u015flar taraf\u0131ndan b\u00fcy\u00fck takdir toplad\u0131. \u00d6zellikle gece g\u00fcnd\u00fcz demeden g\u00f6rev yapan yol bak\u0131m, ula\u015f\u0131m, veteriner hizmetleri ve afet y\u00f6netim ekipleri \u015fehri adeta ayakta tuttu.<br \/>\nKAR KALINLI\u011eI 47 CM\u2019E ULA\u015eTI<br \/>\n19 \u015eubat\u2019tan itibaren etkili olan Sibirya k\u00f6kenli so\u011fuk hava dalgas\u0131 \u0130stanbul\u2019da etkili oldu. \u015eehrin g\u00fcney kesimlerinde 10 cm\u2019ye varan, D100 ve TEM otoyollar\u0131 aras\u0131ndaki b\u00f6lgelerde 15-30 cm, kuzey kesimlerinde 20-40 cm aras\u0131nda, k\u0131rsal ve y\u00fcksek kesimlerinde ise 47 cm\u2019e varan kar kal\u0131nl\u0131\u011f\u0131 g\u00f6zlendi.<br \/>\nAKOM verilerine g\u00f6re, kar ya\u011f\u0131\u015f\u0131 d\u00fcn gece boyunca aral\u0131klarla devam etti ve \u015fehir merkezinde -2\u00b0C\u2019lere, kuzey ve k\u0131rsal b\u00f6lgelerde ise -7\u2019lere kadar d\u00fc\u015fen minimum s\u0131cakl\u0131k de\u011ferleri \u00f6l\u00e7\u00fcld\u00fc.<br \/>\nBuzlanma riski nedeniyle ekipler tuzlama ve sol\u00fcsyon \u00e7al\u0131\u015fmalar\u0131yla yollar\u0131 a\u00e7\u0131k tuttu.<br \/>\n4.140 KM YOLDA KES\u0130NT\u0130S\u0130Z M\u00dcDAHALE<br \/>\n\u0130BB\u2019nin sorumlu oldu\u011fu 4.140 km\u2019lik yol a\u011f\u0131 boyunca yo\u011fun bir m\u00fccadele verildi. Kar k\u00fcreme ve tuzlama ekipleri, ana arterler, meydanlar, metro ve otob\u00fcs giri\u015f-\u00e7\u0131k\u0131\u015flar\u0131, hastane ve okul \u00e7evreleri gibi kritik noktalarda kesintisiz g\u00f6rev yapt\u0131. Toplamda 13.115 personel ve 3.582 ara\u00e7 ile \u0130stanbul\u2019un ula\u015f\u0131m\u0131n\u0131 a\u00e7\u0131k tutmak i\u00e7in dev bir operasyon y\u00fcr\u00fct\u00fcld\u00fc.\u00a0\u00a0<br \/>\nYOLLARDA 84 B\u0130N TON TUZ KULLANILDI<br \/>\nYo\u011fun kar ya\u011f\u0131\u015f\u0131 s\u00fcresince 19 \u015eubat \u00c7ar\u015famba g\u00fcn\u00fc saat 10.00 ila 23 \u015eubat Pazar sabah saat 08.00 aras\u0131nda \u0130stanbul\u2019un 39 il\u00e7esinde aral\u0131ks\u0131z s\u00fcrd\u00fcr\u00fclen \u00e7al\u0131\u015fmalar ile 84.805 ton tuz ve 114 ton sol\u00fcsyon yollara d\u00f6k\u00fcld\u00fc. Karayollar\u0131 ve di\u011fer ilgili ekiplerle koordineli olarak y\u00fcr\u00fct\u00fclen \u00e7al\u0131\u015fmalarda, kritik noktalara 407 tuz kutusu yerle\u015ftirildi ve gizli buzlanma noktalar\u0131 anl\u0131k olarak tespit edilerek m\u00fcdahale edildi.<\/p>\n<p>KAZALARA HIZLI M\u00dcDAHALE<br \/>\nKar ya\u011f\u0131\u015f\u0131 nedeniyle kayganla\u015fan yollarda meydana gelen trafik kazalar\u0131na \u0130BB ekipleri h\u0131zla m\u00fcdahale etti.<br \/>\n153 \u00c7\u00f6z\u00fcm Merkezi\u2019ne 1.886 ihbar gelirken, bunlar\u0131n aras\u0131nda 78 a\u011fa\u00e7 devrilmesi, 8 direk devrilmesi ve 51 tehlike arz eden par\u00e7a m\u00fcdahalesi yer ald\u0131.<br \/>\n\u00d6ne \u00e7\u0131kan kazalar aras\u0131nda:<br \/>\n&#8211; D100 B\u00fcy\u00fck\u00e7ekmece-Beylikd\u00fcz\u00fc istikametinde meydana gelen kazada ekipler ara\u00e7 kald\u0131rma ve yol a\u00e7ma i\u015flemlerini 25 dakikada tamamlad\u0131.<br \/>\n&#8211; Beykoz R\u00fczgarl\u0131bah\u00e7e\u2019de kontrol\u00fcn\u00fc kaybeden bir ara\u00e7, ticari taksiye \u00e7arparak 2 evin duvar\u0131na zarar verdi. Ekipler h\u0131zla olay yerine ula\u015farak gerekli \u00f6nlemleri ald\u0131.<br \/>\n&#8211; D100 \u00c7a\u011flayan Dar\u00fclaceze yolunda meydana gelen kazada 3 ki\u015fi yaralan\u0131rken, ekiplerin h\u0131zl\u0131 m\u00fcdahalesiyle trafik k\u0131sa s\u00fcrede normale d\u00f6nd\u00fc.<br \/>\nEVS\u0130ZLERE SI\u011eINAK VE SICAK YEMEK DESTE\u011e\u0130<br \/>\n\u0130BB Dar\u00fclaceze M\u00fcd\u00fcrl\u00fc\u011f\u00fc koordinasyonunda, 667 evsiz vatanda\u015f, anla\u015fmal\u0131 oteller ve bar\u0131nma tesislerine yerle\u015ftirildi. Burada kalan vatanda\u015flara banyo, k\u0131yafet, s\u0131cak yemek, sa\u011fl\u0131k taramas\u0131 ve ila\u00e7 deste\u011fi sa\u011fland\u0131.\u0130BB ayr\u0131ca bu ki\u015filerin istihdama y\u00f6nlendirilmesi i\u00e7in B\u00f6lgesel \u0130stihdam Ofisleri arac\u0131l\u0131\u011f\u0131yla destek sundu.<\/p>\n<p>SOKAK HAYVANLARI UNUTULMADI<br \/>\nSo\u011fuk hava ko\u015fullar\u0131 nedeniyle yiyecek bulmakta zorlanan sahipsiz sokak hayvanlar\u0131 i\u00e7in \u0130BB Veteriner Hizmetleri M\u00fcd\u00fcrl\u00fc\u011f\u00fc ekipleri, haftada 650 noktada toplam 3 ton besleyici de\u011feri y\u00fcksek kuru mama da\u011f\u0131tt\u0131.<br \/>\nVATANDA\u015eLARA 83 B\u0130N KUMANYA DA\u011eITILDI<br \/>\nK\u0131\u015f \u015fartlar\u0131 nedeniyle trafikte kalan s\u00fcr\u00fcc\u00fcler ve sahada \u00e7al\u0131\u015fan ekipler i\u00e7in 83.700 kumanya ve 72 bin ki\u015filik mobil b\u00fcfe malzemesi (\u00e7ay, \u00e7orba, su, meyve suyu, kek) da\u011f\u0131t\u0131m\u0131 yap\u0131ld\u0131. Ayr\u0131ca Mecidiyek\u00f6y, Be\u015fikta\u015f \u0130skele, Cevizliba\u011f, \u00dcsk\u00fcdar, Kad\u0131k\u00f6y \u0130skele, Esenler Otogar gibi yo\u011fun noktalarda s\u0131cak i\u00e7ecek ve \u00e7orba servisi sunuldu.<br \/>\nULA\u015eIMDA EK SEFERLERLE AKSAMALAR \u00d6NLEND\u0130<br \/>\nOlumsuz hava ko\u015fullar\u0131na ra\u011fmen \u0130ETT otob\u00fcs seferleri y\u00fczde 4, metrob\u00fcs seferleri y\u00fczde 2 art\u0131r\u0131larak 750 ek otob\u00fcs ve 240 ek metrob\u00fcs seferi d\u00fczenlendi. Ayr\u0131ca metro ve tramvay seferleri gece saat 02.00\u2019ye kadar uzat\u0131ld\u0131, Cuma ve Cumartesi g\u00fcnleri ise sabaha kadar devam etti.<\/p>\n<p>\u0130STANBUL HAVAL\u0130MANI VE SAB\u0130HA G\u00d6K\u00c7EN\u2019DE SEFER AZALTMALARI<br \/>\nMeteorolojik Acil Durum Komitesi (MADKOM), \u0130stanbul Havaliman\u0131\u2019nda 122 u\u00e7u\u015fu, Sabiha G\u00f6k\u00e7en Havaliman\u0131\u2019nda ise 60 u\u00e7u\u015fu iptal etti. Ancak ek \u00f6nlemler sayesinde havalimanlar\u0131nda b\u00fcy\u00fck \u00e7apl\u0131 aksakl\u0131k ya\u015fanmad\u0131.<br \/>\nBUZLANMAYA KAR\u015eI TEYAKKUZ<br \/>\n\u0130stanbul\u2019da hava s\u0131cakl\u0131klar\u0131n\u0131n \u00f6n\u00fcm\u00fczdeki g\u00fcnlerde y\u00fckselmesi beklenirken, \u0130BB ekipleri buzlanma ve olas\u0131 yeni ya\u011f\u0131\u015flara kar\u015f\u0131 teyakkuz halinde kalmaya devam edecek.<\/p>\n<p>\u200b\u0130stanbul B\u00fcy\u00fck\u015fehir Belediyesi (\u0130BB) ekipleri, \u015fehri etkisi alt\u0131na alan yo\u011fun kar ya\u011f\u0131\u015f\u0131na kar\u015f\u0131 be\u015f g\u00fcnd\u00fcr gece g\u00fcnd\u00fcz demeden m\u00fccadelesini s\u00fcrd\u00fcr\u00fcyor.\u0130STANBUL (\u0130GFA) &#8211;\u00a0Afet \u0130\u015fleri Dairesi Ba\u015fkanl\u0131\u011f\u0131 koordinasyonunda AKOM taraf\u0131ndan y\u00fcr\u00fct\u00fclen \u00e7al\u0131\u015fmalarda, binlerce personel ve y\u00fczlerce ara\u00e7, kentin d\u00f6rt bir yan\u0131nda seferber oldu. \u0130BB ekiplerinin be\u015f g\u00fcn boyunca kesintisiz \u00e7al\u0131\u015farak \u0130stanbul\u2019u etkisi alt\u0131na alan yo\u011fun kar ya\u011f\u0131\u015f\u0131na kar\u015f\u0131 sergiledi\u011fi ba\u015far\u0131l\u0131 m\u00fccadele, vatanda\u015flar taraf\u0131ndan b\u00fcy\u00fck takdir toplad\u0131. \u00d6zellikle gece g\u00fcnd\u00fcz demeden g\u00f6rev yapan yol bak\u0131m, ula\u015f\u0131m, veteriner hizmetleri ve afet y\u00f6netim ekipleri \u015fehri adeta ayakta tuttu.<br \/>\nKAR KALINLI\u011eI 47 CM\u2019E ULA\u015eTI<br \/>\n19 \u015eubat\u2019tan itibaren etkili olan Sibirya k\u00f6kenli so\u011fuk hava dalgas\u0131 \u0130stanbul\u2019da etkili oldu. \u015eehrin g\u00fcney kesimlerinde 10 cm\u2019ye varan, D100 ve TEM otoyollar\u0131 aras\u0131ndaki b\u00f6lgelerde 15-30 cm, kuzey kesimlerinde 20-40 cm aras\u0131nda, k\u0131rsal ve y\u00fcksek kesimlerinde ise 47 cm\u2019e varan kar kal\u0131nl\u0131\u011f\u0131 g\u00f6zlendi.<br \/>\nAKOM verilerine g\u00f6re, kar ya\u011f\u0131\u015f\u0131 d\u00fcn gece boyunca aral\u0131klarla devam etti ve \u015fehir merkezinde -2\u00b0C\u2019lere, kuzey ve k\u0131rsal b\u00f6lgelerde ise -7\u2019lere kadar d\u00fc\u015fen minimum s\u0131cakl\u0131k de\u011ferleri \u00f6l\u00e7\u00fcld\u00fc.<br \/>\nBuzlanma riski nedeniyle ekipler tuzlama ve sol\u00fcsyon \u00e7al\u0131\u015fmalar\u0131yla yollar\u0131 a\u00e7\u0131k tuttu.<br \/>\n4.140 KM YOLDA KES\u0130NT\u0130S\u0130Z M\u00dcDAHALE<br \/>\n\u0130BB\u2019nin sorumlu oldu\u011fu 4.140 km\u2019lik yol a\u011f\u0131 boyunca yo\u011fun bir m\u00fccadele verildi. Kar k\u00fcreme ve tuzlama ekipleri, ana arterler, meydanlar, metro ve otob\u00fcs giri\u015f-\u00e7\u0131k\u0131\u015flar\u0131, hastane ve okul \u00e7evreleri gibi kritik noktalarda kesintisiz g\u00f6rev yapt\u0131. Toplamda 13.115 personel ve 3.582 ara\u00e7 ile \u0130stanbul\u2019un ula\u015f\u0131m\u0131n\u0131 a\u00e7\u0131k tutmak i\u00e7in dev bir operasyon y\u00fcr\u00fct\u00fcld\u00fc.\u00a0\u00a0<br \/>\nYOLLARDA 84 B\u0130N TON TUZ KULLANILDI<br \/>\nYo\u011fun kar ya\u011f\u0131\u015f\u0131 s\u00fcresince 19 \u015eubat \u00c7ar\u015famba g\u00fcn\u00fc saat 10.00 ila 23 \u015eubat Pazar sabah saat 08.00 aras\u0131nda \u0130stanbul\u2019un 39 il\u00e7esinde aral\u0131ks\u0131z s\u00fcrd\u00fcr\u00fclen \u00e7al\u0131\u015fmalar ile 84.805 ton tuz ve 114 ton sol\u00fcsyon yollara d\u00f6k\u00fcld\u00fc. Karayollar\u0131 ve di\u011fer ilgili ekiplerle koordineli olarak y\u00fcr\u00fct\u00fclen \u00e7al\u0131\u015fmalarda, kritik noktalara 407 tuz kutusu yerle\u015ftirildi ve gizli buzlanma noktalar\u0131 anl\u0131k olarak tespit edilerek m\u00fcdahale edildi.<\/p>\n<p>KAZALARA HIZLI M\u00dcDAHALE<br \/>\nKar ya\u011f\u0131\u015f\u0131 nedeniyle kayganla\u015fan yollarda meydana gelen trafik kazalar\u0131na \u0130BB ekipleri h\u0131zla m\u00fcdahale etti.<br \/>\n153 \u00c7\u00f6z\u00fcm Merkezi\u2019ne 1.886 ihbar gelirken, bunlar\u0131n aras\u0131nda 78 a\u011fa\u00e7 devrilmesi, 8 direk devrilmesi ve 51 tehlike arz eden par\u00e7a m\u00fcdahalesi yer ald\u0131.<br \/>\n\u00d6ne \u00e7\u0131kan kazalar aras\u0131nda:<br \/>\n&#8211; D100 B\u00fcy\u00fck\u00e7ekmece-Beylikd\u00fcz\u00fc istikametinde meydana gelen kazada ekipler ara\u00e7 kald\u0131rma ve yol a\u00e7ma i\u015flemlerini 25 dakikada tamamlad\u0131.<br \/>\n&#8211; Beykoz R\u00fczgarl\u0131bah\u00e7e\u2019de kontrol\u00fcn\u00fc kaybeden bir ara\u00e7, ticari taksiye \u00e7arparak 2 evin duvar\u0131na zarar verdi. Ekipler h\u0131zla olay yerine ula\u015farak gerekli \u00f6nlemleri ald\u0131.<br \/>\n&#8211; D100 \u00c7a\u011flayan Dar\u00fclaceze yolunda meydana gelen kazada 3 ki\u015fi yaralan\u0131rken, ekiplerin h\u0131zl\u0131 m\u00fcdahalesiyle trafik k\u0131sa s\u00fcrede normale d\u00f6nd\u00fc.<br \/>\nEVS\u0130ZLERE SI\u011eINAK VE SICAK YEMEK DESTE\u011e\u0130<br \/>\n\u0130BB Dar\u00fclaceze M\u00fcd\u00fcrl\u00fc\u011f\u00fc koordinasyonunda, 667 evsiz vatanda\u015f, anla\u015fmal\u0131 oteller ve bar\u0131nma tesislerine yerle\u015ftirildi. Burada kalan vatanda\u015flara banyo, k\u0131yafet, s\u0131cak yemek, sa\u011fl\u0131k taramas\u0131 ve ila\u00e7 deste\u011fi sa\u011fland\u0131.\u0130BB ayr\u0131ca bu ki\u015filerin istihdama y\u00f6nlendirilmesi i\u00e7in B\u00f6lgesel \u0130stihdam Ofisleri arac\u0131l\u0131\u011f\u0131yla destek sundu.<\/p>\n<p>SOKAK HAYVANLARI UNUTULMADI<br \/>\nSo\u011fuk hava ko\u015fullar\u0131 nedeniyle yiyecek bulmakta zorlanan sahipsiz sokak hayvanlar\u0131 i\u00e7in \u0130BB Veteriner Hizmetleri M\u00fcd\u00fcrl\u00fc\u011f\u00fc ekipleri, haftada 650 noktada toplam 3 ton besleyici de\u011feri y\u00fcksek kuru mama da\u011f\u0131tt\u0131.<br \/>\nVATANDA\u015eLARA 83 B\u0130N KUMANYA DA\u011eITILDI<br \/>\nK\u0131\u015f \u015fartlar\u0131 nedeniyle trafikte kalan s\u00fcr\u00fcc\u00fcler ve sahada \u00e7al\u0131\u015fan ekipler i\u00e7in 83.700 kumanya ve 72 bin ki\u015filik mobil b\u00fcfe malzemesi (\u00e7ay, \u00e7orba, su, meyve suyu, kek) da\u011f\u0131t\u0131m\u0131 yap\u0131ld\u0131. Ayr\u0131ca Mecidiyek\u00f6y, Be\u015fikta\u015f \u0130skele, Cevizliba\u011f, \u00dcsk\u00fcdar, Kad\u0131k\u00f6y \u0130skele, Esenler Otogar gibi yo\u011fun noktalarda s\u0131cak i\u00e7ecek ve \u00e7orba servisi sunuldu.<br \/>\nULA\u015eIMDA EK SEFERLERLE AKSAMALAR \u00d6NLEND\u0130<br \/>\nOlumsuz hava ko\u015fullar\u0131na ra\u011fmen \u0130ETT otob\u00fcs seferleri y\u00fczde 4, metrob\u00fcs seferleri y\u00fczde 2 art\u0131r\u0131larak 750 ek otob\u00fcs ve 240 ek metrob\u00fcs seferi d\u00fczenlendi. Ayr\u0131ca metro ve tramvay seferleri gece saat 02.00\u2019ye kadar uzat\u0131ld\u0131, Cuma ve Cumartesi g\u00fcnleri ise sabaha kadar devam etti.<\/p>\n<p>\u0130STANBUL HAVAL\u0130MANI VE SAB\u0130HA G\u00d6K\u00c7EN\u2019DE SEFER AZALTMALARI<br \/>\nMeteorolojik Acil Durum Komitesi (MADKOM), \u0130stanbul Havaliman\u0131\u2019nda 122 u\u00e7u\u015fu, Sabiha G\u00f6k\u00e7en Havaliman\u0131\u2019nda ise 60 u\u00e7u\u015fu iptal etti. Ancak ek \u00f6nlemler sayesinde havalimanlar\u0131nda b\u00fcy\u00fck \u00e7apl\u0131 aksakl\u0131k ya\u015fanmad\u0131.<br \/>\nBUZLANMAYA KAR\u015eI TEYAKKUZ<br \/>\n\u0130stanbul\u2019da hava s\u0131cakl\u0131klar\u0131n\u0131n \u00f6n\u00fcm\u00fczdeki g\u00fcnlerde y\u00fckselmesi beklenirken, \u0130BB ekipleri buzlanma ve olas\u0131 yeni ya\u011f\u0131\u015flara kar\u015f\u0131 teyakkuz halinde kalmaya devam edecek.\u00a0<\/p>\n<p>\u200bHaberin Al\u0131nt\u0131land\u0131\u011f\u0131 Kaynak: www.iskenderun.org<\/p>","protected":false},"excerpt":{"rendered":"<p>\u0130stanbul B\u00fcy\u00fck\u015fehir Belediyesi (\u0130BB) ekipleri, \u015fehri etkisi alt\u0131na alan yo\u011fun kar ya\u011f\u0131\u015f\u0131na kar\u015f\u0131 be\u015f g\u00fcnd\u00fcr gece g\u00fcnd\u00fcz demeden m\u00fccadelesini s\u00fcrd\u00fcr\u00fcyor.\u0130STANBUL (\u0130GFA) &#8211;\u00a0Afet \u0130\u015fleri Dairesi Ba\u015fkanl\u0131\u011f\u0131 koordinasyonunda AKOM taraf\u0131ndan y\u00fcr\u00fct\u00fclen \u00e7al\u0131\u015fmalarda, binlerce personel ve y\u00fczlerce ara\u00e7, kentin d\u00f6rt bir yan\u0131nda seferber oldu. \u0130BB ekiplerinin be\u015f g\u00fcn boyunca kesintisiz \u00e7al\u0131\u015farak \u0130stanbul\u2019u etkisi alt\u0131na alan yo\u011fun kar ya\u011f\u0131\u015f\u0131na kar\u015f\u0131 sergiledi\u011fi ba\u015far\u0131l\u0131 m\u00fccadele, vatanda\u015flar taraf\u0131ndan b\u00fcy\u00fck takdir toplad\u0131. \u00d6zellikle gece g\u00fcnd\u00fcz demeden g\u00f6rev yapan yol bak\u0131m, ula\u015f\u0131m, veteriner hizmetleri ve afet y\u00f6netim ekipleri \u015fehri adeta ayakta tuttu. KAR KALINLI\u011eI 47 CM\u2019E ULA\u015eTI 19 \u015eubat\u2019tan itibaren etkili olan Sibirya k\u00f6kenli so\u011fuk hava dalgas\u0131 \u0130stanbul\u2019da etkili oldu. \u015eehrin g\u00fcney kesimlerinde 10 cm\u2019ye varan, D100 ve TEM otoyollar\u0131 aras\u0131ndaki b\u00f6lgelerde 15-30 cm, kuzey kesimlerinde 20-40 cm aras\u0131nda, k\u0131rsal ve y\u00fcksek kesimlerinde ise 47 cm\u2019e varan kar kal\u0131nl\u0131\u011f\u0131 g\u00f6zlendi. AKOM verilerine g\u00f6re, kar ya\u011f\u0131\u015f\u0131 d\u00fcn gece boyunca aral\u0131klarla devam etti ve \u015fehir merkezinde -2\u00b0C\u2019lere, kuzey ve k\u0131rsal b\u00f6lgelerde ise -7\u2019lere kadar d\u00fc\u015fen minimum s\u0131cakl\u0131k de\u011ferleri \u00f6l\u00e7\u00fcld\u00fc. Buzlanma riski nedeniyle ekipler tuzlama ve sol\u00fcsyon \u00e7al\u0131\u015fmalar\u0131yla yollar\u0131 a\u00e7\u0131k tuttu. 4.140 KM YOLDA KES\u0130NT\u0130S\u0130Z M\u00dcDAHALE \u0130BB\u2019nin sorumlu oldu\u011fu 4.140 km\u2019lik yol a\u011f\u0131 boyunca yo\u011fun bir m\u00fccadele verildi. Kar k\u00fcreme ve tuzlama ekipleri, ana arterler, meydanlar, metro ve otob\u00fcs giri\u015f-\u00e7\u0131k\u0131\u015flar\u0131, hastane ve &hellip;<\/p>","protected":false},"author":1,"featured_media":0,"comment_status":"open","ping_status":"open","sticky":false,"template":"","format":"standard","meta":{"_acf_changed":false,"footnotes":""},"categories":[24],"tags":[],"class_list":["post-33930","post","type-post","status-publish","format-standard","has-post-thumbnail","hentry","category-gundem"],"acf":[],"yoast_head":"<!-- This site is optimized with the Yoast SEO Premium plugin v26.6 (Yoast SEO v27.1.1) - https:\/\/yoast.com\/product\/yoast-seo-premium-wordpress\/ -->\n<title>\u0130stanbul&#039;da karla m\u00fccadele devam ediyor - Av. Deniz Can K\u0131z\u0131l<\/title>\n<meta name=\"robots\" content=\"index, follow, max-snippet:-1, max-image-preview:large, max-video-preview:-1\" \/>\n<link rel=\"canonical\" href=\"https:\/\/denizcankizil.tr\/uk\/haberler\/gundem\/istanbulda-karla-mucadele-devam-ediyor\/\" \/>\n<meta property=\"og:locale\" content=\"uk_UA\" \/>\n<meta property=\"og:type\" content=\"article\" \/>\n<meta property=\"og:title\" content=\"\u0130stanbul&#039;da karla m\u00fccadele devam ediyor\" \/>\n<meta property=\"og:description\" content=\"\u0130stanbul B\u00fcy\u00fck\u015fehir Belediyesi (\u0130BB) ekipleri, \u015fehri etkisi alt\u0131na alan yo\u011fun kar ya\u011f\u0131\u015f\u0131na kar\u015f\u0131 be\u015f g\u00fcnd\u00fcr gece g\u00fcnd\u00fcz demeden m\u00fccadelesini s\u00fcrd\u00fcr\u00fcyor.\u0130STANBUL (\u0130GFA) &#8211;\u00a0Afet \u0130\u015fleri Dairesi Ba\u015fkanl\u0131\u011f\u0131 koordinasyonunda AKOM taraf\u0131ndan y\u00fcr\u00fct\u00fclen \u00e7al\u0131\u015fmalarda, binlerce personel ve y\u00fczlerce ara\u00e7, kentin d\u00f6rt bir yan\u0131nda seferber oldu. \u0130BB ekiplerinin be\u015f g\u00fcn boyunca kesintisiz \u00e7al\u0131\u015farak \u0130stanbul\u2019u etkisi alt\u0131na alan yo\u011fun kar ya\u011f\u0131\u015f\u0131na kar\u015f\u0131 sergiledi\u011fi ba\u015far\u0131l\u0131 m\u00fccadele, vatanda\u015flar taraf\u0131ndan b\u00fcy\u00fck takdir toplad\u0131. \u00d6zellikle gece g\u00fcnd\u00fcz demeden g\u00f6rev yapan yol bak\u0131m, ula\u015f\u0131m, veteriner hizmetleri ve afet y\u00f6netim ekipleri \u015fehri adeta ayakta tuttu. KAR KALINLI\u011eI 47 CM\u2019E ULA\u015eTI 19 \u015eubat\u2019tan itibaren etkili olan Sibirya k\u00f6kenli so\u011fuk hava dalgas\u0131 \u0130stanbul\u2019da etkili oldu. \u015eehrin g\u00fcney kesimlerinde 10 cm\u2019ye varan, D100 ve TEM otoyollar\u0131 aras\u0131ndaki b\u00f6lgelerde 15-30 cm, kuzey kesimlerinde 20-40 cm aras\u0131nda, k\u0131rsal ve y\u00fcksek kesimlerinde ise 47 cm\u2019e varan kar kal\u0131nl\u0131\u011f\u0131 g\u00f6zlendi. AKOM verilerine g\u00f6re, kar ya\u011f\u0131\u015f\u0131 d\u00fcn gece boyunca aral\u0131klarla devam etti ve \u015fehir merkezinde -2\u00b0C\u2019lere, kuzey ve k\u0131rsal b\u00f6lgelerde ise -7\u2019lere kadar d\u00fc\u015fen minimum s\u0131cakl\u0131k de\u011ferleri \u00f6l\u00e7\u00fcld\u00fc. Buzlanma riski nedeniyle ekipler tuzlama ve sol\u00fcsyon \u00e7al\u0131\u015fmalar\u0131yla yollar\u0131 a\u00e7\u0131k tuttu. 4.140 KM YOLDA KES\u0130NT\u0130S\u0130Z M\u00dcDAHALE \u0130BB\u2019nin sorumlu oldu\u011fu 4.140 km\u2019lik yol a\u011f\u0131 boyunca yo\u011fun bir m\u00fccadele verildi. Kar k\u00fcreme ve tuzlama ekipleri, ana arterler, meydanlar, metro ve otob\u00fcs giri\u015f-\u00e7\u0131k\u0131\u015flar\u0131, hastane ve &hellip;\" \/>\n<meta property=\"og:url\" content=\"https:\/\/denizcankizil.tr\/uk\/haberler\/gundem\/istanbulda-karla-mucadele-devam-ediyor\/\" \/>\n<meta property=\"og:site_name\" content=\"Av. Deniz Can K\u0131z\u0131l\" \/>\n<meta property=\"article:published_time\" content=\"2025-02-24T05:41:22+00:00\" \/>\n<meta name=\"author\" content=\"admin\" \/>\n<meta name=\"twitter:card\" content=\"summary_large_image\" \/>\n<meta name=\"twitter:label1\" content=\"\u041d\u0430\u043f\u0438\u0441\u0430\u043d\u043e\" \/>\n\t<meta name=\"twitter:data1\" content=\"admin\" \/>\n\t<meta name=\"twitter:label2\" content=\"\u041f\u0440\u0438\u0431\u043b. \u0447\u0430\u0441 \u0447\u0438\u0442\u0430\u043d\u043d\u044f\" \/>\n\t<meta name=\"twitter:data2\" content=\"9 \u0445\u0432\u0438\u043b\u0438\u043d\" \/>\n<script type=\"application\/ld+json\" class=\"yoast-schema-graph\">{\"@context\":\"https:\/\/schema.org\",\"@graph\":[{\"@type\":\"Article\",\"@id\":\"https:\/\/denizcankizil.tr\/uk\/haberler\/gundem\/istanbulda-karla-mucadele-devam-ediyor\/#article\",\"isPartOf\":{\"@id\":\"https:\/\/denizcankizil.tr\/uk\/haberler\/gundem\/istanbulda-karla-mucadele-devam-ediyor\/\"},\"author\":{\"name\":\"admin\",\"@id\":\"https:\/\/denizcankizil.tr\/de\/#\/schema\/person\/be3c05fe6a12686905512445d8185489\"},\"headline\":\"\u0130stanbul&#8217;da karla m\u00fccadele devam ediyor\",\"datePublished\":\"2025-02-24T05:41:22+00:00\",\"mainEntityOfPage\":{\"@id\":\"https:\/\/denizcankizil.tr\/uk\/haberler\/gundem\/istanbulda-karla-mucadele-devam-ediyor\/\"},\"wordCount\":1709,\"commentCount\":0,\"publisher\":{\"@id\":\"https:\/\/denizcankizil.tr\/de\/#organization\"},\"articleSection\":[\"G\u00fcndem\"],\"inLanguage\":\"uk\",\"potentialAction\":[{\"@type\":\"CommentAction\",\"name\":\"Comment\",\"target\":[\"https:\/\/denizcankizil.tr\/uk\/haberler\/gundem\/istanbulda-karla-mucadele-devam-ediyor\/#respond\"]}]},{\"@type\":\"WebPage\",\"@id\":\"https:\/\/denizcankizil.tr\/uk\/haberler\/gundem\/istanbulda-karla-mucadele-devam-ediyor\/\",\"url\":\"https:\/\/denizcankizil.tr\/uk\/haberler\/gundem\/istanbulda-karla-mucadele-devam-ediyor\/\",\"name\":\"\u0130stanbul'da karla m\u00fccadele devam ediyor - Av. Deniz Can K\u0131z\u0131l\",\"isPartOf\":{\"@id\":\"https:\/\/denizcankizil.tr\/de\/#website\"},\"datePublished\":\"2025-02-24T05:41:22+00:00\",\"breadcrumb\":{\"@id\":\"https:\/\/denizcankizil.tr\/uk\/haberler\/gundem\/istanbulda-karla-mucadele-devam-ediyor\/#breadcrumb\"},\"inLanguage\":\"uk\",\"potentialAction\":[{\"@type\":\"ReadAction\",\"target\":[\"https:\/\/denizcankizil.tr\/uk\/haberler\/gundem\/istanbulda-karla-mucadele-devam-ediyor\/\"]}]},{\"@type\":\"BreadcrumbList\",\"@id\":\"https:\/\/denizcankizil.tr\/uk\/haberler\/gundem\/istanbulda-karla-mucadele-devam-ediyor\/#breadcrumb\",\"itemListElement\":[{\"@type\":\"ListItem\",\"position\":1,\"name\":\"Home\",\"item\":\"https:\/\/denizcankizil.tr\/de\/\"},{\"@type\":\"ListItem\",\"position\":2,\"name\":\"\u0130stanbul&#8217;da karla m\u00fccadele devam ediyor\"}]},{\"@type\":\"WebSite\",\"@id\":\"https:\/\/denizcankizil.tr\/de\/#website\",\"url\":\"https:\/\/denizcankizil.tr\/de\/\",\"name\":\"Av. Deniz Can K\u0131z\u0131l\",\"description\":\"Avukat Deniz Can K\u0131z\u0131l Antalya Barosu\",\"publisher\":{\"@id\":\"https:\/\/denizcankizil.tr\/de\/#organization\"},\"potentialAction\":[{\"@type\":\"SearchAction\",\"target\":{\"@type\":\"EntryPoint\",\"urlTemplate\":\"https:\/\/denizcankizil.tr\/de\/?s={search_term_string}\"},\"query-input\":{\"@type\":\"PropertyValueSpecification\",\"valueRequired\":true,\"valueName\":\"search_term_string\"}}],\"inLanguage\":\"uk\"},{\"@type\":\"Organization\",\"@id\":\"https:\/\/denizcankizil.tr\/de\/#organization\",\"name\":\"Av. Deniz Can K\u0131z\u0131l\",\"url\":\"https:\/\/denizcankizil.tr\/de\/\",\"logo\":{\"@type\":\"ImageObject\",\"inLanguage\":\"uk\",\"@id\":\"https:\/\/denizcankizil.tr\/de\/#\/schema\/logo\/image\/\",\"url\":\"https:\/\/denizcankizil.tr\/wp-content\/uploads\/2024\/10\/siyah-logo-svg.svg\",\"contentUrl\":\"https:\/\/denizcankizil.tr\/wp-content\/uploads\/2024\/10\/siyah-logo-svg.svg\",\"width\":1080,\"height\":1080,\"caption\":\"Av. Deniz Can K\u0131z\u0131l\"},\"image\":{\"@id\":\"https:\/\/denizcankizil.tr\/de\/#\/schema\/logo\/image\/\"}},{\"@type\":\"Person\",\"@id\":\"https:\/\/denizcankizil.tr\/de\/#\/schema\/person\/be3c05fe6a12686905512445d8185489\",\"name\":\"admin\",\"image\":{\"@type\":\"ImageObject\",\"inLanguage\":\"uk\",\"@id\":\"https:\/\/denizcankizil.tr\/de\/#\/schema\/person\/image\/\",\"url\":\"https:\/\/secure.gravatar.com\/avatar\/c1fce94c830dc79107e174f890d7210541c4a63e8e5d816341794a2151c9d58c?s=96&d=mm&r=g\",\"contentUrl\":\"https:\/\/secure.gravatar.com\/avatar\/c1fce94c830dc79107e174f890d7210541c4a63e8e5d816341794a2151c9d58c?s=96&d=mm&r=g\",\"caption\":\"admin\"},\"sameAs\":[\"http:\/\/denizcankizil.tr\"],\"url\":\"https:\/\/www.iskenderun.org\/istanbulda-karla-mucadele-devam-ediyor\"}]}<\/script>\n<!-- \/ Yoast SEO Premium plugin. -->","yoast_head_json":{"title":"\u0130stanbul'da karla m\u00fccadele devam ediyor - Av. Deniz Can K\u0131z\u0131l","robots":{"index":"index","follow":"follow","max-snippet":"max-snippet:-1","max-image-preview":"max-image-preview:large","max-video-preview":"max-video-preview:-1"},"canonical":"https:\/\/denizcankizil.tr\/uk\/haberler\/gundem\/istanbulda-karla-mucadele-devam-ediyor\/","og_locale":"uk_UA","og_type":"article","og_title":"\u0130stanbul'da karla m\u00fccadele devam ediyor","og_description":"\u0130stanbul B\u00fcy\u00fck\u015fehir Belediyesi (\u0130BB) ekipleri, \u015fehri etkisi alt\u0131na alan yo\u011fun kar ya\u011f\u0131\u015f\u0131na kar\u015f\u0131 be\u015f g\u00fcnd\u00fcr gece g\u00fcnd\u00fcz demeden m\u00fccadelesini s\u00fcrd\u00fcr\u00fcyor.\u0130STANBUL (\u0130GFA) &#8211;\u00a0Afet \u0130\u015fleri Dairesi Ba\u015fkanl\u0131\u011f\u0131 koordinasyonunda AKOM taraf\u0131ndan y\u00fcr\u00fct\u00fclen \u00e7al\u0131\u015fmalarda, binlerce personel ve y\u00fczlerce ara\u00e7, kentin d\u00f6rt bir yan\u0131nda seferber oldu. \u0130BB ekiplerinin be\u015f g\u00fcn boyunca kesintisiz \u00e7al\u0131\u015farak \u0130stanbul\u2019u etkisi alt\u0131na alan yo\u011fun kar ya\u011f\u0131\u015f\u0131na kar\u015f\u0131 sergiledi\u011fi ba\u015far\u0131l\u0131 m\u00fccadele, vatanda\u015flar taraf\u0131ndan b\u00fcy\u00fck takdir toplad\u0131. \u00d6zellikle gece g\u00fcnd\u00fcz demeden g\u00f6rev yapan yol bak\u0131m, ula\u015f\u0131m, veteriner hizmetleri ve afet y\u00f6netim ekipleri \u015fehri adeta ayakta tuttu. KAR KALINLI\u011eI 47 CM\u2019E ULA\u015eTI 19 \u015eubat\u2019tan itibaren etkili olan Sibirya k\u00f6kenli so\u011fuk hava dalgas\u0131 \u0130stanbul\u2019da etkili oldu. \u015eehrin g\u00fcney kesimlerinde 10 cm\u2019ye varan, D100 ve TEM otoyollar\u0131 aras\u0131ndaki b\u00f6lgelerde 15-30 cm, kuzey kesimlerinde 20-40 cm aras\u0131nda, k\u0131rsal ve y\u00fcksek kesimlerinde ise 47 cm\u2019e varan kar kal\u0131nl\u0131\u011f\u0131 g\u00f6zlendi. AKOM verilerine g\u00f6re, kar ya\u011f\u0131\u015f\u0131 d\u00fcn gece boyunca aral\u0131klarla devam etti ve \u015fehir merkezinde -2\u00b0C\u2019lere, kuzey ve k\u0131rsal b\u00f6lgelerde ise -7\u2019lere kadar d\u00fc\u015fen minimum s\u0131cakl\u0131k de\u011ferleri \u00f6l\u00e7\u00fcld\u00fc. Buzlanma riski nedeniyle ekipler tuzlama ve sol\u00fcsyon \u00e7al\u0131\u015fmalar\u0131yla yollar\u0131 a\u00e7\u0131k tuttu. 4.140 KM YOLDA KES\u0130NT\u0130S\u0130Z M\u00dcDAHALE \u0130BB\u2019nin sorumlu oldu\u011fu 4.140 km\u2019lik yol a\u011f\u0131 boyunca yo\u011fun bir m\u00fccadele verildi. Kar k\u00fcreme ve tuzlama ekipleri, ana arterler, meydanlar, metro ve otob\u00fcs giri\u015f-\u00e7\u0131k\u0131\u015flar\u0131, hastane ve &hellip;","og_url":"https:\/\/denizcankizil.tr\/uk\/haberler\/gundem\/istanbulda-karla-mucadele-devam-ediyor\/","og_site_name":"Av. Deniz Can K\u0131z\u0131l","article_published_time":"2025-02-24T05:41:22+00:00","author":"admin","twitter_card":"summary_large_image","twitter_misc":{"\u041d\u0430\u043f\u0438\u0441\u0430\u043d\u043e":"admin","\u041f\u0440\u0438\u0431\u043b. \u0447\u0430\u0441 \u0447\u0438\u0442\u0430\u043d\u043d\u044f":"9 \u0445\u0432\u0438\u043b\u0438\u043d"},"schema":{"@context":"https:\/\/schema.org","@graph":[{"@type":"Article","@id":"https:\/\/denizcankizil.tr\/uk\/haberler\/gundem\/istanbulda-karla-mucadele-devam-ediyor\/#article","isPartOf":{"@id":"https:\/\/denizcankizil.tr\/uk\/haberler\/gundem\/istanbulda-karla-mucadele-devam-ediyor\/"},"author":{"name":"admin","@id":"https:\/\/denizcankizil.tr\/de\/#\/schema\/person\/be3c05fe6a12686905512445d8185489"},"headline":"\u0130stanbul&#8217;da karla m\u00fccadele devam ediyor","datePublished":"2025-02-24T05:41:22+00:00","mainEntityOfPage":{"@id":"https:\/\/denizcankizil.tr\/uk\/haberler\/gundem\/istanbulda-karla-mucadele-devam-ediyor\/"},"wordCount":1709,"commentCount":0,"publisher":{"@id":"https:\/\/denizcankizil.tr\/de\/#organization"},"articleSection":["G\u00fcndem"],"inLanguage":"uk","potentialAction":[{"@type":"CommentAction","name":"Comment","target":["https:\/\/denizcankizil.tr\/uk\/haberler\/gundem\/istanbulda-karla-mucadele-devam-ediyor\/#respond"]}]},{"@type":"WebPage","@id":"https:\/\/denizcankizil.tr\/uk\/haberler\/gundem\/istanbulda-karla-mucadele-devam-ediyor\/","url":"https:\/\/denizcankizil.tr\/uk\/haberler\/gundem\/istanbulda-karla-mucadele-devam-ediyor\/","name":"\u0130stanbul'da karla m\u00fccadele devam ediyor - Av. Deniz Can K\u0131z\u0131l","isPartOf":{"@id":"https:\/\/denizcankizil.tr\/de\/#website"},"datePublished":"2025-02-24T05:41:22+00:00","breadcrumb":{"@id":"https:\/\/denizcankizil.tr\/uk\/haberler\/gundem\/istanbulda-karla-mucadele-devam-ediyor\/#breadcrumb"},"inLanguage":"uk","potentialAction":[{"@type":"ReadAction","target":["https:\/\/denizcankizil.tr\/uk\/haberler\/gundem\/istanbulda-karla-mucadele-devam-ediyor\/"]}]},{"@type":"BreadcrumbList","@id":"https:\/\/denizcankizil.tr\/uk\/haberler\/gundem\/istanbulda-karla-mucadele-devam-ediyor\/#breadcrumb","itemListElement":[{"@type":"ListItem","position":1,"name":"Home","item":"https:\/\/denizcankizil.tr\/de\/"},{"@type":"ListItem","position":2,"name":"\u0130stanbul&#8217;da karla m\u00fccadele devam ediyor"}]},{"@type":"WebSite","@id":"https:\/\/denizcankizil.tr\/de\/#website","url":"https:\/\/denizcankizil.tr\/de\/","name":"Av. Deniz Can K\u0131z\u0131l","description":"Avukat Deniz Can K\u0131z\u0131l Antalya Barosu","publisher":{"@id":"https:\/\/denizcankizil.tr\/de\/#organization"},"potentialAction":[{"@type":"SearchAction","target":{"@type":"EntryPoint","urlTemplate":"https:\/\/denizcankizil.tr\/de\/?s={search_term_string}"},"query-input":{"@type":"PropertyValueSpecification","valueRequired":true,"valueName":"search_term_string"}}],"inLanguage":"uk"},{"@type":"Organization","@id":"https:\/\/denizcankizil.tr\/de\/#organization","name":"Av. Deniz Can K\u0131z\u0131l","url":"https:\/\/denizcankizil.tr\/de\/","logo":{"@type":"ImageObject","inLanguage":"uk","@id":"https:\/\/denizcankizil.tr\/de\/#\/schema\/logo\/image\/","url":"https:\/\/denizcankizil.tr\/wp-content\/uploads\/2024\/10\/siyah-logo-svg.svg","contentUrl":"https:\/\/denizcankizil.tr\/wp-content\/uploads\/2024\/10\/siyah-logo-svg.svg","width":1080,"height":1080,"caption":"Av. Deniz Can K\u0131z\u0131l"},"image":{"@id":"https:\/\/denizcankizil.tr\/de\/#\/schema\/logo\/image\/"}},{"@type":"Person","@id":"https:\/\/denizcankizil.tr\/de\/#\/schema\/person\/be3c05fe6a12686905512445d8185489","name":"\u0430\u0434\u043c\u0456\u043d","image":{"@type":"ImageObject","inLanguage":"uk","@id":"https:\/\/denizcankizil.tr\/de\/#\/schema\/person\/image\/","url":"https:\/\/secure.gravatar.com\/avatar\/c1fce94c830dc79107e174f890d7210541c4a63e8e5d816341794a2151c9d58c?s=96&d=mm&r=g","contentUrl":"https:\/\/secure.gravatar.com\/avatar\/c1fce94c830dc79107e174f890d7210541c4a63e8e5d816341794a2151c9d58c?s=96&d=mm&r=g","caption":"admin"},"sameAs":["http:\/\/denizcankizil.tr"],"url":"https:\/\/www.iskenderun.org\/istanbulda-karla-mucadele-devam-ediyor"}]}},"_links":{"self":[{"href":"https:\/\/denizcankizil.tr\/uk\/wp-json\/wp\/v2\/posts\/33930","targetHints":{"allow":["GET"]}}],"collection":[{"href":"https:\/\/denizcankizil.tr\/uk\/wp-json\/wp\/v2\/posts"}],"about":[{"href":"https:\/\/denizcankizil.tr\/uk\/wp-json\/wp\/v2\/types\/post"}],"author":[{"embeddable":true,"href":"https:\/\/denizcankizil.tr\/uk\/wp-json\/wp\/v2\/users\/1"}],"replies":[{"embeddable":true,"href":"https:\/\/denizcankizil.tr\/uk\/wp-json\/wp\/v2\/comments?post=33930"}],"version-history":[{"count":0,"href":"https:\/\/denizcankizil.tr\/uk\/wp-json\/wp\/v2\/posts\/33930\/revisions"}],"wp:attachment":[{"href":"https:\/\/denizcankizil.tr\/uk\/wp-json\/wp\/v2\/media?parent=33930"}],"wp:term":[{"taxonomy":"category","embeddable":true,"href":"https:\/\/denizcankizil.tr\/uk\/wp-json\/wp\/v2\/categories?post=33930"},{"taxonomy":"post_tag","embeddable":true,"href":"https:\/\/denizcankizil.tr\/uk\/wp-json\/wp\/v2\/tags?post=33930"}],"curies":[{"name":"wp","href":"https:\/\/api.w.org\/{rel}","templated":true}]}}