{"id":33927,"date":"2025-02-23T20:41:18","date_gmt":"2025-02-23T17:41:18","guid":{"rendered":"https:\/\/denizcankizil.tr\/uncategorized-tr\/pinar-zorlu-icin-adalet-gunu-chp-antalya-kadin-kollari-cagri-yapti\/"},"modified":"2025-02-23T20:41:18","modified_gmt":"2025-02-23T17:41:18","slug":"pinar-zorlu-icin-adalet-gunu-chp-antalya-kadin-kollari-cagri-yapti","status":"publish","type":"post","link":"https:\/\/denizcankizil.tr\/uk\/haberler\/gundem\/pinar-zorlu-icin-adalet-gunu-chp-antalya-kadin-kollari-cagri-yapti\/","title":{"rendered":"P\u0131nar Zorlu i\u00e7in adalet g\u00fcn\u00fc! CHP Antalya Kad\u0131n Kollar\u0131 \u00e7a\u011fr\u0131 yapt\u0131\u2026"},"content":{"rendered":"<p>Antalya\u2019da eski e\u015fi taraf\u0131ndan \u00fczerine benzin d\u00f6k\u00fclerek yanan ve 20 g\u00fcn boyunca ya\u015fam m\u00fccadelesi veren P\u0131nar zorlu hayat\u0131n\u0131 kaybetmi\u015fti. P\u0131nar\u2019\u0131 katleden eski e\u015f G\u00f6khan \u00dczer Yar\u0131n (24 \u015eubat) Antalya 3. A\u011f\u0131r Ceza Mahkemesi\u2019nde hakim kar\u015f\u0131s\u0131na \u00e7\u0131kacak. CHP \u0130l Kad\u0131n Kollar\u0131 Ba\u015fkan\u0131 Necla \u0130nci Bayrak, duru\u015fmaya kat\u0131laca\u011f\u0131n\u0131 duyurdu.\u00a0<\/p>\n<p>DURU\u015eMA YARIN\u00a0<\/p>\n<p>Bayrak yapt\u0131\u011f\u0131 duyuruda \u015fu ifadelere yer verdi: \u201cBo\u015fanmak istedi\u011fi erkek hakk\u0131nda \u00e7\u0131kar\u0131lan 4 uzakla\u015ft\u0131rma karar\u0131na ra\u011fmen korunamayan P\u0131nar Zorlu, 31 Aral\u0131k 2024\u2019te ayn\u0131 erkek taraf\u0131ndan canice yak\u0131lm\u0131\u015f, 20 g\u00fcnl\u00fck ya\u015fam m\u00fccadelesini kaybetmi\u015fti. 24 \u015eubat 2025 Pazartesi g\u00fcn\u00fc saat 10.00\u2019da duyarl\u0131 t\u00fcm vatanda\u015flar\u0131m\u0131z\u0131 Antalya 3. A\u011f\u0131r Ceza Mahkemesi\u2019nde bulu\u015fmaya, P\u0131nar\u2019\u0131n m\u00fccadelesine sahip \u00e7\u0131kmaya davet ediyoruz.\u201d\u00a0<\/p>\n<p>NE OLMU\u015eTU?<\/p>\n<p>31 Aral\u0131k 2024 sabah\u0131 saat 08.21&#8217;de, P\u0131nar Zorlu \u00e7al\u0131\u015ft\u0131\u011f\u0131 \u015eirinyal\u0131 Mahallesi \u0130smet G\u00f6k\u015fen caddesi \u00fczerinde bulunan ma\u011fazan\u0131n \u00f6n\u00fcne geldi\u011fi s\u0131rada G\u00fcrhan \u00dczer, motosikletiyle olay yerine yakla\u015ft\u0131. Savc\u0131l\u0131k iddianamesine g\u00f6re, \u00dczer, maktul\u00fcn i\u015f yerine giri\u015fini engellemek i\u00e7in onun \u00f6n\u00fcne ge\u00e7ti ve tart\u0131\u015fma ba\u015flatt\u0131. Zorlu, eski e\u015finin kendisine do\u011fru y\u00fcr\u00fcd\u00fc\u011f\u00fcn\u00fc fark etti\u011fi anda KADES butonuna bast\u0131 ve acil yard\u0131m \u00e7a\u011fr\u0131s\u0131nda bulundu.<\/p>\n<p>&#8220;YALVARIRIM BIRAK&#8221; FERYADINA RA\u011eMEN&#8230;<\/p>\n<p>Olay s\u0131ras\u0131nda \u00e7evrede bulunan tan\u0131klar\u0131n, \u015f\u00fcpheliyi P\u0131nar Zorlu&#8217;ya zarar vermemesi i\u00e7in uyard\u0131\u011f\u0131, ancak \u00dczer&#8217;in uyar\u0131lara ald\u0131r\u0131\u015f etmedi\u011fi iddianamede yer ald\u0131. Tart\u0131\u015fma devam ederken, G\u00fcrhan \u00dczer yan\u0131nda getirdi\u011fi benzin bidonunu a\u00e7arak P\u0131nar Zorlu&#8217;nun \u00fczerine d\u00f6kt\u00fc. Benzinin d\u00f6k\u00fclmesiyle pani\u011fe kap\u0131lan Zorlu ka\u00e7maya \u00e7al\u0131\u015ft\u0131, ancak \u00dczer onu sa\u00e7\u0131ndan tutarak yere yat\u0131rd\u0131. Tan\u0131klar\u0131n ifadelerine g\u00f6re, Zorlu bu s\u0131rada &#8216;Yalvar\u0131r\u0131m b\u0131rak!&#8217; diye ba\u011f\u0131rd\u0131. \u015e\u00fcpheli, Zorlu&#8217;yu sert bir \u015fekilde yere bast\u0131rd\u0131 ve hareket etmesini engelledi. \u0130ddianamede, \u015f\u00fcphelinin maktul\u00fcn ka\u00e7mas\u0131n\u0131 engelledi\u011fi, \u00fczerine e\u011filerek \u00e7akma\u011f\u0131n\u0131 ate\u015fledi\u011fi belirtildi. Birka\u00e7 saniye i\u00e7inde alevler i\u00e7inde kalan Zorlu, yakla\u015f\u0131k 20-25 saniye boyunca yanarak a\u011f\u0131r yaraland\u0131. \u00c7evredeki vatanda\u015flar yang\u0131n\u0131 s\u00f6nd\u00fcrmek i\u00e7in seferber oldu. A\u011f\u0131r yaralanan P\u0131nar Zorlu, olay yerine gelen ambulansla hastaneye kald\u0131r\u0131ld\u0131. G\u00fcrhan \u00dczer ise motosikletiyle olay yerinden ka\u00e7t\u0131.<\/p>\n<p>19 G\u00dcN SONRA HAYATINI KAYBETT\u0130<\/p>\n<p>P\u0131nar Zorlu, 19 g\u00fcn boyunca Antalya \u015eehir Hastanesi&#8217;nde yo\u011fun bak\u0131mda tedavi g\u00f6rd\u00fc ancak yan\u0131k komplikasyonlar\u0131 nedeniyle 19 Ocak 2025&#8217;te hayat\u0131n\u0131 kaybetti. \u00d6l\u00fcm muayene tutana\u011f\u0131nda, P\u0131nar Zorlu&#8217;nun v\u00fccudunda yayg\u0131n yan\u0131klar tespit edildi\u011fi ve \u00f6l\u00fcm\u00fcn do\u011frudan bu yan\u0131klar sebebiyle ger\u00e7ekle\u015fti\u011fi kaydedildi. Tutanakta, \u00f6l\u00fcmde ba\u015fka bir d\u0131\u015f etken bulunmad\u0131\u011f\u0131 ve tamamen \u015f\u00fcphelinin eyleminin sonucu olarak ger\u00e7ekle\u015fti\u011fi ifade edildi.<\/p>\n<p>SAVCILIKTAN D\u0130KKAT \u00c7EKEN \u0130ND\u0130R\u0130M VURGUSU<\/p>\n<p>Cumhuriyet Savc\u0131l\u0131\u011f\u0131, G\u00fcrhan \u00dczer hakk\u0131nda &#8220;canavarca hisle ve eziyet \u00e7ektirerek adam \u00f6ld\u00fcrme&#8221; su\u00e7lamas\u0131yla a\u011f\u0131rla\u015ft\u0131r\u0131lm\u0131\u015f m\u00fcebbet hapis cezas\u0131 talep etti. \u0130ddianamede, herhangi bir haks\u0131z tahrik veya indirimi gerektirecek bir durumun bulunmad\u0131\u011f\u0131 belirtildi. San\u0131\u011f\u0131n ifadesinde &#8220;\u00f6ld\u00fcrmek de\u011fil, ac\u0131 \u00e7ektirmek&#8221; amac\u0131yla hareket etti\u011fini s\u00f6yledi\u011fi bilgisine yer verildi. Savc\u0131l\u0131k ayr\u0131ca, san\u0131\u011f\u0131n TCK 53. maddesi gere\u011fi belirli haklardan yoksun b\u0131rak\u0131lmas\u0131n\u0131 ve TCK 54. maddesi kapsam\u0131nda su\u00e7ta kullan\u0131lan benzin bidonu, \u00e7akmak ve motosikletin m\u00fcsaderesini talep etti.<br \/>\nP\u0131nar Zorlu&#8217;nun avukat\u0131 Tu\u011fba Kaya, iddianamenin d\u00f6rt ayr\u0131 nitelikli halden kasten \u00f6ld\u00fcrme su\u00e7undan d\u00fczenlendi\u011fini ve san\u0131k hakk\u0131nda herhangi bir haks\u0131z tahrik ya da indirim sebebi \u00f6ng\u00f6r\u00fclmedi\u011fini belirtti. Kaya, &#8220;Antalya 3. A\u011f\u0131r Ceza Mahkemesi&#8217;nde dosya a\u00e7\u0131ld\u0131. A\u011f\u0131rla\u015ft\u0131r\u0131c\u0131 haller mevcut, herhangi bir ba\u015fkaca haks\u0131z tahrik ya da indirim sebebi iddianamede \u00f6ng\u00f6r\u00fclmemi\u015f. Zaten san\u0131k taraf\u0131ndan b\u00f6yle bir iddia edilebilecek bir durum da s\u00f6z konusu de\u011fil&#8221; dedi.<\/p>\n<p>DEPOYA SANLANDI, KADES BUTONUNA BASTI&#8230;<\/p>\n<p>Cinayetin bir anda ger\u00e7ekle\u015fmedi\u011fini, G\u00fcrhan \u00dczer&#8217;in planl\u0131 bir \u015fekilde hareket etti\u011fini ifade eden Avukat Kaya, san\u0131\u011f\u0131n cinayeti \u00f6ncesinde defalarca P\u0131nar Zorlu&#8217;yu tehdit etti\u011fini vurgulad\u0131. Tu\u011fba Kaya, &#8220;San\u0131k, olaydan bir hafta \u00f6nce P\u0131nar&#8217;\u0131 kitap\u00e7\u0131ya girerken b\u0131\u00e7ak g\u00f6stererek tehdit etti. P\u0131nar korkuyla kitap\u00e7\u0131ya girip i\u015fletme sahibinden yard\u0131m istedi. \u0130\u015fletme sahibi P\u0131nar&#8217;\u0131 depoya saklad\u0131 ve o s\u0131rada KADES butonuna bast\u0131. Polis gelene kadar orada bekledi. Polis olay yerine geldikten sonra san\u0131k hakk\u0131nda yaln\u0131zca uyar\u0131 karar\u0131 verildi. Bu olaydan sonra da &#8216;KADES&#8217;e bir daha basmaya f\u0131rsat\u0131n olmayacak&#8217; \u015feklinde bir tehditle gelmi\u015fti. Bu tedbir karar\u0131na itiraz etmemize ya da de\u011fi\u015ftirilmesine f\u0131rsat kalmadan da bu yakma eylemi ger\u00e7ekle\u015fti&#8221; \u015feklinde konu\u015ftu.<\/p>\n<p>\u200bAntalya\u2019da eski e\u015fi taraf\u0131ndan \u00fczerine benzin d\u00f6k\u00fclerek yak\u0131lmas\u0131 sonucu hayat\u0131n\u0131 kaybeden P\u0131nar Zorlu i\u00e7in yar\u0131n (24 \u015eubat) adalet g\u00fcn\u00fc. Antalya 3. A\u011f\u0131r Ceza Mahkemesi\u2019nde g\u00f6r\u00fclecek dava i\u00e7in CHP \u0130l Kad\u0131n Kollar\u0131 Ba\u015fkan\u0131 Necla \u0130nci Bayrak, \u201cP\u0131nar\u2019\u0131n m\u00fccadelesine ortak oluyoruz\u201d diyerek dayan\u0131\u015fma \u00e7a\u011fr\u0131s\u0131 yapt\u0131\u00a0<\/p>\n<p>\u200bHaberin Al\u0131nt\u0131land\u0131\u011f\u0131 Kaynak: www.antalyakorfez.com<\/p>","protected":false},"excerpt":{"rendered":"<p>Antalya\u2019da eski e\u015fi taraf\u0131ndan \u00fczerine benzin d\u00f6k\u00fclerek yanan ve 20 g\u00fcn boyunca ya\u015fam m\u00fccadelesi veren P\u0131nar zorlu hayat\u0131n\u0131 kaybetmi\u015fti. P\u0131nar\u2019\u0131 katleden eski e\u015f G\u00f6khan \u00dczer Yar\u0131n (24 \u015eubat) Antalya 3. A\u011f\u0131r Ceza Mahkemesi\u2019nde hakim kar\u015f\u0131s\u0131na \u00e7\u0131kacak. CHP \u0130l Kad\u0131n Kollar\u0131 Ba\u015fkan\u0131 Necla \u0130nci Bayrak, duru\u015fmaya kat\u0131laca\u011f\u0131n\u0131 duyurdu.\u00a0 DURU\u015eMA YARIN\u00a0 Bayrak yapt\u0131\u011f\u0131 duyuruda \u015fu ifadelere yer verdi: \u201cBo\u015fanmak istedi\u011fi erkek hakk\u0131nda \u00e7\u0131kar\u0131lan 4 uzakla\u015ft\u0131rma karar\u0131na ra\u011fmen korunamayan P\u0131nar Zorlu, 31 Aral\u0131k 2024\u2019te ayn\u0131 erkek taraf\u0131ndan canice yak\u0131lm\u0131\u015f, 20 g\u00fcnl\u00fck ya\u015fam m\u00fccadelesini kaybetmi\u015fti. 24 \u015eubat 2025 Pazartesi g\u00fcn\u00fc saat 10.00\u2019da duyarl\u0131 t\u00fcm vatanda\u015flar\u0131m\u0131z\u0131 Antalya 3. A\u011f\u0131r Ceza Mahkemesi\u2019nde bulu\u015fmaya, P\u0131nar\u2019\u0131n m\u00fccadelesine sahip \u00e7\u0131kmaya davet ediyoruz.\u201d\u00a0 NE OLMU\u015eTU? 31 Aral\u0131k 2024 sabah\u0131 saat 08.21&#8217;de, P\u0131nar Zorlu \u00e7al\u0131\u015ft\u0131\u011f\u0131 \u015eirinyal\u0131 Mahallesi \u0130smet G\u00f6k\u015fen caddesi \u00fczerinde bulunan ma\u011fazan\u0131n \u00f6n\u00fcne geldi\u011fi s\u0131rada G\u00fcrhan \u00dczer, motosikletiyle olay yerine yakla\u015ft\u0131. Savc\u0131l\u0131k iddianamesine g\u00f6re, \u00dczer, maktul\u00fcn i\u015f yerine giri\u015fini engellemek i\u00e7in onun \u00f6n\u00fcne ge\u00e7ti ve tart\u0131\u015fma ba\u015flatt\u0131. Zorlu, eski e\u015finin kendisine do\u011fru y\u00fcr\u00fcd\u00fc\u011f\u00fcn\u00fc fark etti\u011fi anda KADES butonuna bast\u0131 ve acil yard\u0131m \u00e7a\u011fr\u0131s\u0131nda bulundu. &#8220;YALVARIRIM BIRAK&#8221; FERYADINA RA\u011eMEN&#8230; Olay s\u0131ras\u0131nda \u00e7evrede bulunan tan\u0131klar\u0131n, \u015f\u00fcpheliyi P\u0131nar Zorlu&#8217;ya zarar vermemesi i\u00e7in uyard\u0131\u011f\u0131, ancak \u00dczer&#8217;in uyar\u0131lara ald\u0131r\u0131\u015f etmedi\u011fi iddianamede yer ald\u0131. Tart\u0131\u015fma devam ederken, G\u00fcrhan \u00dczer yan\u0131nda getirdi\u011fi benzin bidonunu a\u00e7arak P\u0131nar Zorlu&#8217;nun &hellip;<\/p>","protected":false},"author":5,"featured_media":0,"comment_status":"open","ping_status":"open","sticky":false,"template":"","format":"standard","meta":{"_acf_changed":false,"footnotes":""},"categories":[24],"tags":[],"class_list":["post-33927","post","type-post","status-publish","format-standard","has-post-thumbnail","hentry","category-gundem"],"acf":[],"yoast_head":"<!-- This site is optimized with the Yoast SEO Premium plugin v26.6 (Yoast SEO v27.1.1) - https:\/\/yoast.com\/product\/yoast-seo-premium-wordpress\/ -->\n<title>P\u0131nar Zorlu i\u00e7in adalet g\u00fcn\u00fc! CHP Antalya Kad\u0131n Kollar\u0131 \u00e7a\u011fr\u0131 yapt\u0131\u2026 - Av. Deniz Can K\u0131z\u0131l<\/title>\n<meta name=\"robots\" content=\"index, follow, max-snippet:-1, max-image-preview:large, max-video-preview:-1\" \/>\n<link rel=\"canonical\" href=\"http:\/\/denizcankizil.tr\/uk\/haberler\/gundem\/pinar-zorlu-icin-adalet-gunu-chp-antalya-kadin-kollari-cagri-yapti\/\" \/>\n<meta property=\"og:locale\" content=\"uk_UA\" \/>\n<meta property=\"og:type\" content=\"article\" \/>\n<meta property=\"og:title\" content=\"P\u0131nar Zorlu i\u00e7in adalet g\u00fcn\u00fc! CHP Antalya Kad\u0131n Kollar\u0131 \u00e7a\u011fr\u0131 yapt\u0131\u2026\" \/>\n<meta property=\"og:description\" content=\"Antalya\u2019da eski e\u015fi taraf\u0131ndan \u00fczerine benzin d\u00f6k\u00fclerek yanan ve 20 g\u00fcn boyunca ya\u015fam m\u00fccadelesi veren P\u0131nar zorlu hayat\u0131n\u0131 kaybetmi\u015fti. P\u0131nar\u2019\u0131 katleden eski e\u015f G\u00f6khan \u00dczer Yar\u0131n (24 \u015eubat) Antalya 3. A\u011f\u0131r Ceza Mahkemesi\u2019nde hakim kar\u015f\u0131s\u0131na \u00e7\u0131kacak. CHP \u0130l Kad\u0131n Kollar\u0131 Ba\u015fkan\u0131 Necla \u0130nci Bayrak, duru\u015fmaya kat\u0131laca\u011f\u0131n\u0131 duyurdu.\u00a0 DURU\u015eMA YARIN\u00a0 Bayrak yapt\u0131\u011f\u0131 duyuruda \u015fu ifadelere yer verdi: \u201cBo\u015fanmak istedi\u011fi erkek hakk\u0131nda \u00e7\u0131kar\u0131lan 4 uzakla\u015ft\u0131rma karar\u0131na ra\u011fmen korunamayan P\u0131nar Zorlu, 31 Aral\u0131k 2024\u2019te ayn\u0131 erkek taraf\u0131ndan canice yak\u0131lm\u0131\u015f, 20 g\u00fcnl\u00fck ya\u015fam m\u00fccadelesini kaybetmi\u015fti. 24 \u015eubat 2025 Pazartesi g\u00fcn\u00fc saat 10.00\u2019da duyarl\u0131 t\u00fcm vatanda\u015flar\u0131m\u0131z\u0131 Antalya 3. A\u011f\u0131r Ceza Mahkemesi\u2019nde bulu\u015fmaya, P\u0131nar\u2019\u0131n m\u00fccadelesine sahip \u00e7\u0131kmaya davet ediyoruz.\u201d\u00a0 NE OLMU\u015eTU? 31 Aral\u0131k 2024 sabah\u0131 saat 08.21&#8217;de, P\u0131nar Zorlu \u00e7al\u0131\u015ft\u0131\u011f\u0131 \u015eirinyal\u0131 Mahallesi \u0130smet G\u00f6k\u015fen caddesi \u00fczerinde bulunan ma\u011fazan\u0131n \u00f6n\u00fcne geldi\u011fi s\u0131rada G\u00fcrhan \u00dczer, motosikletiyle olay yerine yakla\u015ft\u0131. Savc\u0131l\u0131k iddianamesine g\u00f6re, \u00dczer, maktul\u00fcn i\u015f yerine giri\u015fini engellemek i\u00e7in onun \u00f6n\u00fcne ge\u00e7ti ve tart\u0131\u015fma ba\u015flatt\u0131. Zorlu, eski e\u015finin kendisine do\u011fru y\u00fcr\u00fcd\u00fc\u011f\u00fcn\u00fc fark etti\u011fi anda KADES butonuna bast\u0131 ve acil yard\u0131m \u00e7a\u011fr\u0131s\u0131nda bulundu. &#8220;YALVARIRIM BIRAK&#8221; FERYADINA RA\u011eMEN&#8230; Olay s\u0131ras\u0131nda \u00e7evrede bulunan tan\u0131klar\u0131n, \u015f\u00fcpheliyi P\u0131nar Zorlu&#8217;ya zarar vermemesi i\u00e7in uyard\u0131\u011f\u0131, ancak \u00dczer&#8217;in uyar\u0131lara ald\u0131r\u0131\u015f etmedi\u011fi iddianamede yer ald\u0131. Tart\u0131\u015fma devam ederken, G\u00fcrhan \u00dczer yan\u0131nda getirdi\u011fi benzin bidonunu a\u00e7arak P\u0131nar Zorlu&#8217;nun &hellip;\" \/>\n<meta property=\"og:url\" content=\"http:\/\/denizcankizil.tr\/uk\/haberler\/gundem\/pinar-zorlu-icin-adalet-gunu-chp-antalya-kadin-kollari-cagri-yapti\/\" \/>\n<meta property=\"og:site_name\" content=\"Av. Deniz Can K\u0131z\u0131l\" \/>\n<meta property=\"article:published_time\" content=\"2025-02-23T17:41:18+00:00\" \/>\n<meta name=\"author\" content=\"Antalya K\u00f6rfez\" \/>\n<meta name=\"twitter:card\" content=\"summary_large_image\" \/>\n<meta name=\"twitter:label1\" content=\"\u041d\u0430\u043f\u0438\u0441\u0430\u043d\u043e\" \/>\n\t<meta name=\"twitter:data1\" content=\"Antalya K\u00f6rfez\" \/>\n\t<meta name=\"twitter:label2\" content=\"\u041f\u0440\u0438\u0431\u043b. \u0447\u0430\u0441 \u0447\u0438\u0442\u0430\u043d\u043d\u044f\" \/>\n\t<meta name=\"twitter:data2\" content=\"5 \u0445\u0432\u0438\u043b\u0438\u043d\" \/>\n<script type=\"application\/ld+json\" class=\"yoast-schema-graph\">{\"@context\":\"https:\/\/schema.org\",\"@graph\":[{\"@type\":\"Article\",\"@id\":\"http:\/\/denizcankizil.tr\/ru\/haberler\/gundem\/pinar-zorlu-icin-adalet-gunu-chp-antalya-kadin-kollari-cagri-yapti\/#article\",\"isPartOf\":{\"@id\":\"http:\/\/denizcankizil.tr\/ru\/haberler\/gundem\/pinar-zorlu-icin-adalet-gunu-chp-antalya-kadin-kollari-cagri-yapti\/\"},\"author\":{\"name\":\"Antalya K\u00f6rfez\",\"@id\":\"https:\/\/denizcankizil.tr\/de\/#\/schema\/person\/e1eb71bb4dd684d46563f0af307e1234\"},\"headline\":\"P\u0131nar Zorlu i\u00e7in adalet g\u00fcn\u00fc! CHP Antalya Kad\u0131n Kollar\u0131 \u00e7a\u011fr\u0131 yapt\u0131\u2026\",\"datePublished\":\"2025-02-23T17:41:18+00:00\",\"mainEntityOfPage\":{\"@id\":\"http:\/\/denizcankizil.tr\/ru\/haberler\/gundem\/pinar-zorlu-icin-adalet-gunu-chp-antalya-kadin-kollari-cagri-yapti\/\"},\"wordCount\":939,\"commentCount\":0,\"publisher\":{\"@id\":\"https:\/\/denizcankizil.tr\/de\/#organization\"},\"articleSection\":[\"G\u00fcndem\"],\"inLanguage\":\"uk\",\"potentialAction\":[{\"@type\":\"CommentAction\",\"name\":\"Comment\",\"target\":[\"http:\/\/denizcankizil.tr\/ru\/haberler\/gundem\/pinar-zorlu-icin-adalet-gunu-chp-antalya-kadin-kollari-cagri-yapti\/#respond\"]}]},{\"@type\":\"WebPage\",\"@id\":\"http:\/\/denizcankizil.tr\/ru\/haberler\/gundem\/pinar-zorlu-icin-adalet-gunu-chp-antalya-kadin-kollari-cagri-yapti\/\",\"url\":\"http:\/\/denizcankizil.tr\/ru\/haberler\/gundem\/pinar-zorlu-icin-adalet-gunu-chp-antalya-kadin-kollari-cagri-yapti\/\",\"name\":\"P\u0131nar Zorlu i\u00e7in adalet g\u00fcn\u00fc! CHP Antalya Kad\u0131n Kollar\u0131 \u00e7a\u011fr\u0131 yapt\u0131\u2026 - Av. Deniz Can K\u0131z\u0131l\",\"isPartOf\":{\"@id\":\"https:\/\/denizcankizil.tr\/de\/#website\"},\"datePublished\":\"2025-02-23T17:41:18+00:00\",\"breadcrumb\":{\"@id\":\"http:\/\/denizcankizil.tr\/ru\/haberler\/gundem\/pinar-zorlu-icin-adalet-gunu-chp-antalya-kadin-kollari-cagri-yapti\/#breadcrumb\"},\"inLanguage\":\"uk\",\"potentialAction\":[{\"@type\":\"ReadAction\",\"target\":[\"http:\/\/denizcankizil.tr\/ru\/haberler\/gundem\/pinar-zorlu-icin-adalet-gunu-chp-antalya-kadin-kollari-cagri-yapti\/\"]}]},{\"@type\":\"BreadcrumbList\",\"@id\":\"http:\/\/denizcankizil.tr\/ru\/haberler\/gundem\/pinar-zorlu-icin-adalet-gunu-chp-antalya-kadin-kollari-cagri-yapti\/#breadcrumb\",\"itemListElement\":[{\"@type\":\"ListItem\",\"position\":1,\"name\":\"Home\",\"item\":\"https:\/\/denizcankizil.tr\/de\/\"},{\"@type\":\"ListItem\",\"position\":2,\"name\":\"P\u0131nar Zorlu i\u00e7in adalet g\u00fcn\u00fc! CHP Antalya Kad\u0131n Kollar\u0131 \u00e7a\u011fr\u0131 yapt\u0131\u2026\"}]},{\"@type\":\"WebSite\",\"@id\":\"https:\/\/denizcankizil.tr\/de\/#website\",\"url\":\"https:\/\/denizcankizil.tr\/de\/\",\"name\":\"Av. Deniz Can K\u0131z\u0131l\",\"description\":\"Avukat Deniz Can K\u0131z\u0131l Antalya Barosu\",\"publisher\":{\"@id\":\"https:\/\/denizcankizil.tr\/de\/#organization\"},\"potentialAction\":[{\"@type\":\"SearchAction\",\"target\":{\"@type\":\"EntryPoint\",\"urlTemplate\":\"https:\/\/denizcankizil.tr\/de\/?s={search_term_string}\"},\"query-input\":{\"@type\":\"PropertyValueSpecification\",\"valueRequired\":true,\"valueName\":\"search_term_string\"}}],\"inLanguage\":\"uk\"},{\"@type\":\"Organization\",\"@id\":\"https:\/\/denizcankizil.tr\/de\/#organization\",\"name\":\"Av. Deniz Can K\u0131z\u0131l\",\"url\":\"https:\/\/denizcankizil.tr\/de\/\",\"logo\":{\"@type\":\"ImageObject\",\"inLanguage\":\"uk\",\"@id\":\"https:\/\/denizcankizil.tr\/de\/#\/schema\/logo\/image\/\",\"url\":\"https:\/\/denizcankizil.tr\/wp-content\/uploads\/2024\/10\/siyah-logo-svg.svg\",\"contentUrl\":\"https:\/\/denizcankizil.tr\/wp-content\/uploads\/2024\/10\/siyah-logo-svg.svg\",\"width\":1080,\"height\":1080,\"caption\":\"Av. Deniz Can K\u0131z\u0131l\"},\"image\":{\"@id\":\"https:\/\/denizcankizil.tr\/de\/#\/schema\/logo\/image\/\"}},{\"@type\":\"Person\",\"@id\":\"https:\/\/denizcankizil.tr\/de\/#\/schema\/person\/e1eb71bb4dd684d46563f0af307e1234\",\"name\":\"Antalya K\u00f6rfez\",\"image\":{\"@type\":\"ImageObject\",\"inLanguage\":\"uk\",\"@id\":\"https:\/\/denizcankizil.tr\/de\/#\/schema\/person\/image\/\",\"url\":\"https:\/\/secure.gravatar.com\/avatar\/42b01982558a48a0b501fdcab6a408d3717ea5919095ee2e67b0e521799c5905?s=96&d=mm&r=g\",\"contentUrl\":\"https:\/\/secure.gravatar.com\/avatar\/42b01982558a48a0b501fdcab6a408d3717ea5919095ee2e67b0e521799c5905?s=96&d=mm&r=g\",\"caption\":\"Antalya K\u00f6rfez\"},\"sameAs\":[\"http:\/\/www.antalyakorfez.com\"],\"url\":\"https:\/\/www.antalyakorfez.com\/pinar-zorlu-icin-adalet-gunu-chp-antalya-kadin-kollari-cagri-yapti\"}]}<\/script>\n<!-- \/ Yoast SEO Premium plugin. -->","yoast_head_json":{"title":"P\u0131nar Zorlu i\u00e7in adalet g\u00fcn\u00fc! CHP Antalya Kad\u0131n Kollar\u0131 \u00e7a\u011fr\u0131 yapt\u0131\u2026 - Av. Deniz Can K\u0131z\u0131l","robots":{"index":"index","follow":"follow","max-snippet":"max-snippet:-1","max-image-preview":"max-image-preview:large","max-video-preview":"max-video-preview:-1"},"canonical":"http:\/\/denizcankizil.tr\/uk\/haberler\/gundem\/pinar-zorlu-icin-adalet-gunu-chp-antalya-kadin-kollari-cagri-yapti\/","og_locale":"uk_UA","og_type":"article","og_title":"P\u0131nar Zorlu i\u00e7in adalet g\u00fcn\u00fc! CHP Antalya Kad\u0131n Kollar\u0131 \u00e7a\u011fr\u0131 yapt\u0131\u2026","og_description":"Antalya\u2019da eski e\u015fi taraf\u0131ndan \u00fczerine benzin d\u00f6k\u00fclerek yanan ve 20 g\u00fcn boyunca ya\u015fam m\u00fccadelesi veren P\u0131nar zorlu hayat\u0131n\u0131 kaybetmi\u015fti. P\u0131nar\u2019\u0131 katleden eski e\u015f G\u00f6khan \u00dczer Yar\u0131n (24 \u015eubat) Antalya 3. A\u011f\u0131r Ceza Mahkemesi\u2019nde hakim kar\u015f\u0131s\u0131na \u00e7\u0131kacak. CHP \u0130l Kad\u0131n Kollar\u0131 Ba\u015fkan\u0131 Necla \u0130nci Bayrak, duru\u015fmaya kat\u0131laca\u011f\u0131n\u0131 duyurdu.\u00a0 DURU\u015eMA YARIN\u00a0 Bayrak yapt\u0131\u011f\u0131 duyuruda \u015fu ifadelere yer verdi: \u201cBo\u015fanmak istedi\u011fi erkek hakk\u0131nda \u00e7\u0131kar\u0131lan 4 uzakla\u015ft\u0131rma karar\u0131na ra\u011fmen korunamayan P\u0131nar Zorlu, 31 Aral\u0131k 2024\u2019te ayn\u0131 erkek taraf\u0131ndan canice yak\u0131lm\u0131\u015f, 20 g\u00fcnl\u00fck ya\u015fam m\u00fccadelesini kaybetmi\u015fti. 24 \u015eubat 2025 Pazartesi g\u00fcn\u00fc saat 10.00\u2019da duyarl\u0131 t\u00fcm vatanda\u015flar\u0131m\u0131z\u0131 Antalya 3. A\u011f\u0131r Ceza Mahkemesi\u2019nde bulu\u015fmaya, P\u0131nar\u2019\u0131n m\u00fccadelesine sahip \u00e7\u0131kmaya davet ediyoruz.\u201d\u00a0 NE OLMU\u015eTU? 31 Aral\u0131k 2024 sabah\u0131 saat 08.21&#8217;de, P\u0131nar Zorlu \u00e7al\u0131\u015ft\u0131\u011f\u0131 \u015eirinyal\u0131 Mahallesi \u0130smet G\u00f6k\u015fen caddesi \u00fczerinde bulunan ma\u011fazan\u0131n \u00f6n\u00fcne geldi\u011fi s\u0131rada G\u00fcrhan \u00dczer, motosikletiyle olay yerine yakla\u015ft\u0131. Savc\u0131l\u0131k iddianamesine g\u00f6re, \u00dczer, maktul\u00fcn i\u015f yerine giri\u015fini engellemek i\u00e7in onun \u00f6n\u00fcne ge\u00e7ti ve tart\u0131\u015fma ba\u015flatt\u0131. Zorlu, eski e\u015finin kendisine do\u011fru y\u00fcr\u00fcd\u00fc\u011f\u00fcn\u00fc fark etti\u011fi anda KADES butonuna bast\u0131 ve acil yard\u0131m \u00e7a\u011fr\u0131s\u0131nda bulundu. &#8220;YALVARIRIM BIRAK&#8221; FERYADINA RA\u011eMEN&#8230; Olay s\u0131ras\u0131nda \u00e7evrede bulunan tan\u0131klar\u0131n, \u015f\u00fcpheliyi P\u0131nar Zorlu&#8217;ya zarar vermemesi i\u00e7in uyard\u0131\u011f\u0131, ancak \u00dczer&#8217;in uyar\u0131lara ald\u0131r\u0131\u015f etmedi\u011fi iddianamede yer ald\u0131. Tart\u0131\u015fma devam ederken, G\u00fcrhan \u00dczer yan\u0131nda getirdi\u011fi benzin bidonunu a\u00e7arak P\u0131nar Zorlu&#8217;nun &hellip;","og_url":"http:\/\/denizcankizil.tr\/uk\/haberler\/gundem\/pinar-zorlu-icin-adalet-gunu-chp-antalya-kadin-kollari-cagri-yapti\/","og_site_name":"Av. Deniz Can K\u0131z\u0131l","article_published_time":"2025-02-23T17:41:18+00:00","author":"Antalya K\u00f6rfez","twitter_card":"summary_large_image","twitter_misc":{"\u041d\u0430\u043f\u0438\u0441\u0430\u043d\u043e":"Antalya K\u00f6rfez","\u041f\u0440\u0438\u0431\u043b. \u0447\u0430\u0441 \u0447\u0438\u0442\u0430\u043d\u043d\u044f":"5 \u0445\u0432\u0438\u043b\u0438\u043d"},"schema":{"@context":"https:\/\/schema.org","@graph":[{"@type":"Article","@id":"http:\/\/denizcankizil.tr\/ru\/haberler\/gundem\/pinar-zorlu-icin-adalet-gunu-chp-antalya-kadin-kollari-cagri-yapti\/#article","isPartOf":{"@id":"http:\/\/denizcankizil.tr\/ru\/haberler\/gundem\/pinar-zorlu-icin-adalet-gunu-chp-antalya-kadin-kollari-cagri-yapti\/"},"author":{"name":"Antalya K\u00f6rfez","@id":"https:\/\/denizcankizil.tr\/de\/#\/schema\/person\/e1eb71bb4dd684d46563f0af307e1234"},"headline":"P\u0131nar Zorlu i\u00e7in adalet g\u00fcn\u00fc! CHP Antalya Kad\u0131n Kollar\u0131 \u00e7a\u011fr\u0131 yapt\u0131\u2026","datePublished":"2025-02-23T17:41:18+00:00","mainEntityOfPage":{"@id":"http:\/\/denizcankizil.tr\/ru\/haberler\/gundem\/pinar-zorlu-icin-adalet-gunu-chp-antalya-kadin-kollari-cagri-yapti\/"},"wordCount":939,"commentCount":0,"publisher":{"@id":"https:\/\/denizcankizil.tr\/de\/#organization"},"articleSection":["G\u00fcndem"],"inLanguage":"uk","potentialAction":[{"@type":"CommentAction","name":"Comment","target":["http:\/\/denizcankizil.tr\/ru\/haberler\/gundem\/pinar-zorlu-icin-adalet-gunu-chp-antalya-kadin-kollari-cagri-yapti\/#respond"]}]},{"@type":"WebPage","@id":"http:\/\/denizcankizil.tr\/ru\/haberler\/gundem\/pinar-zorlu-icin-adalet-gunu-chp-antalya-kadin-kollari-cagri-yapti\/","url":"http:\/\/denizcankizil.tr\/ru\/haberler\/gundem\/pinar-zorlu-icin-adalet-gunu-chp-antalya-kadin-kollari-cagri-yapti\/","name":"P\u0131nar Zorlu i\u00e7in adalet g\u00fcn\u00fc! CHP Antalya Kad\u0131n Kollar\u0131 \u00e7a\u011fr\u0131 yapt\u0131\u2026 - Av. Deniz Can K\u0131z\u0131l","isPartOf":{"@id":"https:\/\/denizcankizil.tr\/de\/#website"},"datePublished":"2025-02-23T17:41:18+00:00","breadcrumb":{"@id":"http:\/\/denizcankizil.tr\/ru\/haberler\/gundem\/pinar-zorlu-icin-adalet-gunu-chp-antalya-kadin-kollari-cagri-yapti\/#breadcrumb"},"inLanguage":"uk","potentialAction":[{"@type":"ReadAction","target":["http:\/\/denizcankizil.tr\/ru\/haberler\/gundem\/pinar-zorlu-icin-adalet-gunu-chp-antalya-kadin-kollari-cagri-yapti\/"]}]},{"@type":"BreadcrumbList","@id":"http:\/\/denizcankizil.tr\/ru\/haberler\/gundem\/pinar-zorlu-icin-adalet-gunu-chp-antalya-kadin-kollari-cagri-yapti\/#breadcrumb","itemListElement":[{"@type":"ListItem","position":1,"name":"Home","item":"https:\/\/denizcankizil.tr\/de\/"},{"@type":"ListItem","position":2,"name":"P\u0131nar Zorlu i\u00e7in adalet g\u00fcn\u00fc! CHP Antalya Kad\u0131n Kollar\u0131 \u00e7a\u011fr\u0131 yapt\u0131\u2026"}]},{"@type":"WebSite","@id":"https:\/\/denizcankizil.tr\/de\/#website","url":"https:\/\/denizcankizil.tr\/de\/","name":"Av. Deniz Can K\u0131z\u0131l","description":"Avukat Deniz Can K\u0131z\u0131l Antalya Barosu","publisher":{"@id":"https:\/\/denizcankizil.tr\/de\/#organization"},"potentialAction":[{"@type":"SearchAction","target":{"@type":"EntryPoint","urlTemplate":"https:\/\/denizcankizil.tr\/de\/?s={search_term_string}"},"query-input":{"@type":"PropertyValueSpecification","valueRequired":true,"valueName":"search_term_string"}}],"inLanguage":"uk"},{"@type":"Organization","@id":"https:\/\/denizcankizil.tr\/de\/#organization","name":"Av. Deniz Can K\u0131z\u0131l","url":"https:\/\/denizcankizil.tr\/de\/","logo":{"@type":"ImageObject","inLanguage":"uk","@id":"https:\/\/denizcankizil.tr\/de\/#\/schema\/logo\/image\/","url":"https:\/\/denizcankizil.tr\/wp-content\/uploads\/2024\/10\/siyah-logo-svg.svg","contentUrl":"https:\/\/denizcankizil.tr\/wp-content\/uploads\/2024\/10\/siyah-logo-svg.svg","width":1080,"height":1080,"caption":"Av. Deniz Can K\u0131z\u0131l"},"image":{"@id":"https:\/\/denizcankizil.tr\/de\/#\/schema\/logo\/image\/"}},{"@type":"Person","@id":"https:\/\/denizcankizil.tr\/de\/#\/schema\/person\/e1eb71bb4dd684d46563f0af307e1234","name":"Antalya K\u00f6rfez","image":{"@type":"ImageObject","inLanguage":"uk","@id":"https:\/\/denizcankizil.tr\/de\/#\/schema\/person\/image\/","url":"https:\/\/secure.gravatar.com\/avatar\/42b01982558a48a0b501fdcab6a408d3717ea5919095ee2e67b0e521799c5905?s=96&d=mm&r=g","contentUrl":"https:\/\/secure.gravatar.com\/avatar\/42b01982558a48a0b501fdcab6a408d3717ea5919095ee2e67b0e521799c5905?s=96&d=mm&r=g","caption":"Antalya K\u00f6rfez"},"sameAs":["http:\/\/www.antalyakorfez.com"],"url":"https:\/\/www.antalyakorfez.com\/pinar-zorlu-icin-adalet-gunu-chp-antalya-kadin-kollari-cagri-yapti"}]}},"_links":{"self":[{"href":"https:\/\/denizcankizil.tr\/uk\/wp-json\/wp\/v2\/posts\/33927","targetHints":{"allow":["GET"]}}],"collection":[{"href":"https:\/\/denizcankizil.tr\/uk\/wp-json\/wp\/v2\/posts"}],"about":[{"href":"https:\/\/denizcankizil.tr\/uk\/wp-json\/wp\/v2\/types\/post"}],"author":[{"embeddable":true,"href":"https:\/\/denizcankizil.tr\/uk\/wp-json\/wp\/v2\/users\/5"}],"replies":[{"embeddable":true,"href":"https:\/\/denizcankizil.tr\/uk\/wp-json\/wp\/v2\/comments?post=33927"}],"version-history":[{"count":0,"href":"https:\/\/denizcankizil.tr\/uk\/wp-json\/wp\/v2\/posts\/33927\/revisions"}],"wp:attachment":[{"href":"https:\/\/denizcankizil.tr\/uk\/wp-json\/wp\/v2\/media?parent=33927"}],"wp:term":[{"taxonomy":"category","embeddable":true,"href":"https:\/\/denizcankizil.tr\/uk\/wp-json\/wp\/v2\/categories?post=33927"},{"taxonomy":"post_tag","embeddable":true,"href":"https:\/\/denizcankizil.tr\/uk\/wp-json\/wp\/v2\/tags?post=33927"}],"curies":[{"name":"wp","href":"https:\/\/api.w.org\/{rel}","templated":true}]}}