{"id":33905,"date":"2025-02-22T15:08:51","date_gmt":"2025-02-22T12:08:51","guid":{"rendered":"https:\/\/denizcankizil.tr\/uncategorized-tr\/ayipli-malin-ayipsiz-misli-ile-degistirilmesi-tuketici-koruma\/"},"modified":"2025-03-16T00:46:03","modified_gmt":"2025-03-15T21:46:03","slug":"ayipli-malin-ayipsiz-misli-ile-degistirilmesi-tuketici-koruma","status":"publish","type":"post","link":"https:\/\/denizcankizil.tr\/uk\/koseyazilari\/degerlendirme\/ayipli-malin-ayipsiz-misli-ile-degistirilmesi-tuketici-koruma\/","title":{"rendered":"Ay\u0131pl\u0131 Mal\u0131n Ay\u0131ps\u0131z Misli ile De\u011fi\u015ftirilmesi: T\u00fcketici Koruma"},"content":{"rendered":"<p> <strong>Ay\u0131pl\u0131\u200c Mal\u0131n Ay\u0131ps\u0131z\u200d Misli ile De\u011fi\u015ftirilmesi:\u2064 T\u00fcketici Koruma<\/strong><\/p>\n<p>T\u00fcketici haklar\u0131, modern ticaretin \u200dtemel ta\u015flar\u0131ndan biri olarak, bireylerin ekonomik ili\u015fkilerdeki g\u00fc\u00e7 dengesizli\u011fini dengelemeyi ama\u00e7lamaktad\u0131r.T\u00fcrk \u2064hukuk sisteminde, <a href=\"https:\/\/denizcankizil.tr\/uk\/seo\/antalyada-tuketici-haklari-avukati-hangi-dava-turlerine-bakar-tuketici-haklari-dava-turlerinin-tamami-antalyadaki-adliye-ve-mahkemeler-listesi-nelerdir-antalyanin-ilceleri-hangileridir\/\" title=\"Antalya&#039;da ... Haklar\u0131 Avukat\u0131 Hangi Dava T\u00fcrlerine Bakar ? ... Haklar\u0131 Dava T\u00fcrlerinin Tamam\u0131. Antalya&#039;daki Adliye ve Mahkemeler Listesi Nelerdir? Antalya&#039;n\u0131n il\u00e7eleri hangileridir?\">ay\u0131pl\u0131 mal<\/a>\u200d kavram\u0131, t\u00fcketicilerin kar\u015f\u0131la\u015ft\u0131\u011f\u0131 en yayg\u0131n sorunlardan biridir. 6502 say\u0131l\u0131 T\u00fcketicinin\u2063 korunmas\u0131 Hakk\u0131nda\u2063 Kanun, t\u00fcketicilerin ay\u0131pl\u0131 \u2062mal durumunda sahip oldu\u011fu haklar\u0131 d\u00fczenleyerek, \u200bbu t\u00fcr\u200d durumlarda izlenmesi\u200c gereken\u2064 yollar\u0131 belirlemektedir. Ay\u0131pl\u0131 mal\u0131n ay\u0131ps\u0131z \u2062misli ile\u2064 de\u011fi\u015ftirilmesi, t\u00fcketicilerin ma\u011fduriyetlerini\u200b gidermeye \u2062y\u00f6nelik \u2062\u00f6nemli bir mekanizma\u2064 olarak \u00f6ne \u00e7\u0131kmaktad\u0131r. Bu makalede, ay\u0131pl\u0131 mal\u0131n ay\u0131ps\u0131z\u2064 misli ile\u200d de\u011fi\u015ftirilmesi \u200bs\u00fcreci, yasal \u00e7er\u00e7evesi ve uygulamadaki\u2063 yans\u0131malar\u0131 detayl\u0131 \u2063bir\u200c \u015fekilde \u2062ele al\u0131nacakt\u0131r. T\u00fcketici\u200d koruma \u2062hukukunun\u200d bu \u00f6nemli \u2062y\u00f6n\u00fc, hem\u2063 hukuki hem de\u200c pratik a\u00e7\u0131dan de\u011ferlendirilerek, t\u00fcketicilerin haklar\u0131n\u0131n korunmas\u0131na y\u00f6nelik \u200dkatk\u0131lar sa\u011flanmas\u0131 hedeflenmektedir.<br \/><img decoding=\"async\" class=\"kimage_class lazyload\" data-src=\"https:\/\/denizcankizil.tr\/wp-content\/uploads\/2024\/10\/P8RPY-253D.jpg\" alt=\"Ay\u0131pl\u0131 Mal Kavram\u0131 ve\u200b T\u00fcketici Haklar\u0131\" src=\"data:image\/svg+xml;base64,PHN2ZyB3aWR0aD0iMSIgaGVpZ2h0PSIxIiB4bWxucz0iaHR0cDovL3d3dy53My5vcmcvMjAwMC9zdmciPjwvc3ZnPg==\"><\/p>\n<h2 id=\"ayipli-mal-kavrami-ve-tuketici-haklari\">Ay\u0131pl\u0131 Mal Kavram\u0131 ve T\u00fcketici Haklar\u0131<\/h2>\n<p><strong>Ay\u0131pl\u0131 mal<\/strong>,t\u00fcketicinin sat\u0131n ald\u0131\u011f\u0131 \u00fcr\u00fcn\u00fcn,s\u00f6zle\u015fmeye uygun olmamas\u0131 durumunu ifade eder. Bu t\u00fcr\u200b mallar, genellikle beklenen niteliklere sahip olmad\u0131klar\u0131 i\u00e7in t\u00fcketici haklar\u0131 a\u00e7\u0131s\u0131ndan \u200c\u00f6nemli bir sorun te\u015fkil eder.T\u00fcketici Koruma Kanunu, ay\u0131pl\u0131 \u200cmallar\u0131n de\u011fi\u015ftirilmesi\u200d veya\u200d iade\u200b edilmesi gibi haklar\u0131 g\u00fcvence \u200dalt\u0131na\u2063 alarak, t\u00fcketicilerin ma\u011fduriyetini \u00f6nlemeyi\u2064 ama\u00e7lamaktad\u0131r.<\/p>\n<p>Ay\u0131pl\u0131 mal kavram\u0131,\u00e7e\u015fitli \u015fekillerde tan\u0131mlanabilir.\u200c Bu tan\u0131mlar aras\u0131nda\u2063 en yayg\u0131n olanlar\u0131 \u200b\u015funlard\u0131r:<\/p>\n<ul>\n<li>\u00dcr\u00fcn\u00fcn, s\u00f6zle\u015fmede belirtilen \u00f6zelliklere\u200d sahip olmamas\u0131.<\/li>\n<li>\u00dcr\u00fcn\u00fcn, \u2064normal\u2063 kullan\u0131mda beklenen dayan\u0131kl\u0131l\u0131\u011fa sahip olmamas\u0131.<\/li>\n<li>\u00dcr\u00fcn\u00fcn, g\u00fcvenlik standartlar\u0131na uymamas\u0131.<\/li>\n<\/ul>\n<p>T\u00fcketiciler, ay\u0131pl\u0131 \u200cmal ile\u2063 kar\u015f\u0131la\u015ft\u0131klar\u0131nda, a\u015fa\u011f\u0131daki\u2063 haklara sahiptir:<\/p>\n<ul>\n<li>Ay\u0131pl\u0131 mal\u0131n ay\u0131ps\u0131z bir\u2063 misli ile de\u011fi\u015ftirilmesi.<\/li>\n<li>\u00dcr\u00fcn\u00fcn tamiri i\u00e7in \u2063talepte bulunma.<\/li>\n<li>\u00dcr\u00fcn\u00fcn \u200bbedelinin iade \u2063edilmesi.<\/li>\n<\/ul>\n<p>Bu haklar\u0131n kullan\u0131lmas\u0131, t\u00fcketicilerin korunmas\u0131 a\u00e7\u0131s\u0131ndan b\u00fcy\u00fck \u00f6nem ta\u015f\u0131maktad\u0131r. T\u00fcketiciler, ay\u0131pl\u0131 \u200dmal\u200b durumunda haklar\u0131n\u0131 bilerek\u2063 hareket \u200cettiklerinde, daha sa\u011fl\u0131kl\u0131\u2064 bir ticaret ortam\u0131n\u0131n olu\u015fmas\u0131na\u2063 katk\u0131da \u2064bulunabilirler.<\/p>\n<p><img decoding=\"async\" class=\"kimage_class lazyload\" data-src=\"https:\/\/denizcankizil.tr\/wp-content\/uploads\/2024\/10\/3984-antalyada-sigorta-hukuku-avukatinin-gorev-alanlari.jpg\" alt=\"Ay\u0131pl\u0131 \u200dMal\u0131n \u200bTan\u0131m\u0131 ve S\u0131n\u0131fland\u0131r\u0131lmas\u0131\" src=\"data:image\/svg+xml;base64,PHN2ZyB3aWR0aD0iMSIgaGVpZ2h0PSIxIiB4bWxucz0iaHR0cDovL3d3dy53My5vcmcvMjAwMC9zdmciPjwvc3ZnPg==\"><\/p>\n<h2 id=\"ayipli-malin-tanimi-ve-siniflandirilmasi\">Ay\u0131pl\u0131\u200b Mal\u0131n Tan\u0131m\u0131 ve S\u0131n\u0131fland\u0131r\u0131lmas\u0131<\/h2>\n<section>\n<p>Ay\u0131pl\u0131\u2064 mal, t\u00fcketicinin sat\u0131n ald\u0131\u011f\u0131 \u00fcr\u00fcn\u00fcn, s\u00f6zle\u015fmeye \u2062uygun \u2064olmamas\u0131 durumunu ifade \u2063eder.T\u00fcrk Bor\u00e7lar Kanunu&#8217;na g\u00f6re, \u200cbir mal\u0131n ay\u0131pl\u0131 \u2063say\u0131labilmesi i\u00e7in, mal\u0131n\u200c niteli\u011fi, miktar\u0131, eksiklikleri veya kullan\u0131m \u2062amac\u0131na \u200buygun olmamas\u0131 gibi kriterler g\u00f6z \u00f6n\u00fcnde bulundurulmal\u0131d\u0131r. Ay\u0131pl\u0131 mal, genel olarak a\u015fa\u011f\u0131daki \u015fekillerde \u200bs\u0131n\u0131fland\u0131r\u0131labilir:<\/p>\n<ul>\n<li><strong>Fiziksel Ay\u0131plar:<\/strong> \u2063\u00dcr\u00fcn\u00fcn d\u0131\u015f g\u00f6r\u00fcn\u00fcm\u00fcnde veya\u2063 yap\u0131s\u0131nda meydana gelen bozulmalar.<\/li>\n<li><strong>Hukuki Ay\u0131plar:<\/strong> mal\u0131n\u2063 \u00fczerinde \u00fc\u00e7\u00fcnc\u00fc\u2062 ki\u015filere ait haklar\u0131n \u2063bulunmas\u0131 durumunda ortaya \u00e7\u0131kan\u2063 sorunlar.<\/li>\n<li><strong>\u0130\u015flevsel Ay\u0131plar:<\/strong> Mal\u0131n, beklenen i\u015flevi\u200d yerine getirememesi veya\u2064 kullan\u0131m amac\u0131na uygun olmamas\u0131.<\/li>\n<\/ul>\n<p>Ay\u0131pl\u0131 mal\u0131n tespiti,\u2064 t\u00fcketicinin\u200c haklar\u0131n\u0131 koruma a\u00e7\u0131s\u0131ndan b\u00fcy\u00fck \u2062\u00f6nem ta\u015f\u0131r. \u200cT\u00fcketiciler, ay\u0131pl\u0131 mal \u200bile kar\u015f\u0131la\u015ft\u0131klar\u0131nda, \u2062mal\u0131n ay\u0131ps\u0131z \u2064bir misli ile\u200b de\u011fi\u015ftirilmesi talebinde bulunabilirler. Bu durum, t\u00fcketici koruma \u200cmevzuat\u0131 \u00e7er\u00e7evesinde, t\u00fcketicinin ma\u011fduriyetini gidermeye y\u00f6nelik bir mekanizma \u200dolarak \u2062\u00f6ne \u00e7\u0131kmaktad\u0131r.<\/p>\n<\/section>\n<h2 id=\"ayipli-malin-ayipsiz-misli-ile-degistirilmesi-sureci\">Ay\u0131pl\u0131 Mal\u0131n Ay\u0131ps\u0131z Misli ile De\u011fi\u015ftirilmesi S\u00fcreci<\/h2>\n<p>Ay\u0131pl\u0131 mal, t\u00fcketicinin sat\u0131n ald\u0131\u011f\u0131 \u00fcr\u00fcn\u00fcn, s\u00f6zle\u015fmeye uygun olmamas\u0131 durumunu ifade \u2063eder. \u200cT\u00fcketici \u200bKoruma\u2064 Kanunu \u2063\u00e7er\u00e7evesinde,\u2063 ,\u200b t\u00fcketicilerin haklar\u0131n\u0131\u200d korumak\u200c amac\u0131yla d\u00fczenlenmi\u015ftir. bu s\u00fcre\u00e7, hem t\u00fcketicinin hem de \u200csat\u0131c\u0131n\u0131n\u2062 y\u00fck\u00fcml\u00fcl\u00fcklerini belirlemekte\u200d \u00f6nemli bir \u200crol oynamaktad\u0131r.<\/p>\n<p>    <a href=\"https:\/\/denizcankizil.tr\/uk\/koseyazilari\/degerlendirme\/yuksekogretim-personelinin-disiplin-cezasi-surecleri-hukuki-analiz\/\" title=\"Y\u00fcksek\u00f6\u011fretim Personelinin Disiplin Cezas\u0131 S\u00fcre\u00e7leri: Hukuki Analiz\">a\u015fa\u011f\u0131daki ad\u0131mlar\u0131 i\u00e7ermektedir<\/a>:<\/p>\n<ul>\n<li><strong>\u0130hbar Y\u00fck\u00fcml\u00fcl\u00fc\u011f\u00fc:<\/strong> T\u00fcketici, mal\u0131n ay\u0131b\u0131n\u0131 \u2064fark ettikten \u2064sonra,\u200d bu \u200ddurumu \u200dsat\u0131c\u0131ya bildirmekle\u200c y\u00fck\u00fcml\u00fcd\u00fcr.<\/li>\n<li><strong>De\u011fi\u015fim Talebi:<\/strong> \u200dT\u00fcketici, ay\u0131pl\u0131 mal\u0131n \u200cay\u0131ps\u0131z bir \u200cmisli ile \u200cde\u011fi\u015ftirilmesini talep edebilir.\u2062 Bu talep, mal\u0131n ay\u0131pl\u0131 oldu\u011funun ispat\u0131 \u2062ile birlikte\u2064 yap\u0131lmal\u0131d\u0131r.<\/li>\n<li><strong>Sat\u0131c\u0131n\u0131n Y\u00fck\u00fcml\u00fcl\u00fckleri:<\/strong> Sat\u0131c\u0131, talep \u00fczerine mal\u0131 ay\u0131ps\u0131z bir misli ile \u2064de\u011fi\u015ftirmek \u200czorundad\u0131r. Bu s\u00fcre\u00e7te, t\u00fcketicinin zarar\u2062 g\u00f6rmemesi i\u00e7in gerekli \u200d\u00f6nlemler al\u0131nmal\u0131d\u0131r.<\/li>\n<li><strong>\u0130ade S\u00fcreci:<\/strong> E\u011fer mal\u0131n ay\u0131ps\u0131z misli \u200bmevcut de\u011filse, t\u00fcketici mal\u0131 iade\u200d ederek \u200dbedelinin iadesini talep edebilir.<\/li>\n<\/ul>\n<p>bu s\u00fcre\u00e7, \u2064t\u00fcketicilerin haklar\u0131n\u0131 g\u00fcvence alt\u0131na\u2064 al\u0131rken,\u200b ayn\u0131 zamanda\u2064 sat\u0131c\u0131lar\u0131n da sorumluluklar\u0131n\u0131 \u200bnet bir \u015fekilde belirlemektedir. T\u00fcketici Koruma Kanunu, ay\u0131pl\u0131 mal\u0131n de\u011fi\u015ftirilmesi ile ilgili d\u00fczenlemeleri \u200dile, t\u00fcketicilerin g\u00fcvenli bir\u200c al\u0131\u015fveri\u015f \u2062deneyimi\u200c ya\u015famalar\u0131n\u0131 \u200dsa\u011flamay\u0131 ama\u00e7lamaktad\u0131r.<\/p>\n<h2 id=\"tuketici-koruma-kanunu-kapsaminda-ayipli-mal-islemleri\">T\u00fcketici Koruma Kanunu Kapsam\u0131nda Ay\u0131pl\u0131\u200d Mal \u200b\u0130\u015flemleri<\/h2>\n<p>T\u00fcketici Koruma\u200d Kanunu, t\u00fcketicilerin haklar\u0131n\u0131 korumak amac\u0131yla \u00e7e\u015fitli d\u00fczenlemeler\u2064 i\u00e7ermektedir.\u2062 Bu \u2062kapsamda, ay\u0131pl\u0131 \u2063mal \u2063i\u015flemleri, t\u00fcketicilerin kar\u015f\u0131la\u015ft\u0131\u011f\u0131 \u00f6nemli sorunlardan biridir. Ay\u0131pl\u0131\u200c mal, t\u00fcketicinin sat\u0131n ald\u0131\u011f\u0131\u200c \u00fcr\u00fcn\u00fcn, s\u00f6zle\u015fmeye uygun olmamas\u0131 durumunda ortaya\u2062 \u00e7\u0131kar. T\u00fcketiciler, ay\u0131pl\u0131 mal\u200c ile kar\u015f\u0131la\u015ft\u0131klar\u0131nda, belirli \u2062haklara sahiptirler.<\/p>\n<p>Ay\u0131pl\u0131\u2064 mal\u0131n\u2062 ay\u0131ps\u0131z bir misli \u2064ile \u200cde\u011fi\u015ftirilmesi,\u2064 t\u00fcketicinin \u200den temel haklar\u0131ndan biridir. Bu i\u015flem, t\u00fcketicinin ma\u011fduriyetini gidermek amac\u0131yla ger\u00e7ekle\u015ftirilir.\u200c T\u00fcketicinin, ay\u0131pl\u0131 mal\u0131\u2062 sat\u0131n ald\u0131ktan sonra, \u2064a\u015fa\u011f\u0131daki haklar\u0131 bulunmaktad\u0131r:<\/p>\n<ul>\n<li><strong>Mal\u0131n de\u011fi\u015ftirilmesi:<\/strong> T\u00fcketici, ay\u0131pl\u0131 mal\u0131\u200b ay\u0131ps\u0131z \u2062bir mal\u2064 ile \u2063de\u011fi\u015ftirme \u200dtalebinde bulunabilir.<\/li>\n<li><strong>Onar\u0131m hakk\u0131:<\/strong> \u2064T\u00fcketici,\u200b mal\u0131n\u2064 onar\u0131lmas\u0131n\u0131 talep edebilir.<\/li>\n<li><strong>\u0130ade\u200b hakk\u0131:<\/strong> T\u00fcketici,ay\u0131pl\u0131\u200b mal\u0131\u2063 iade \u200bederek,\u00f6dedi\u011fi \u200bbedeli geri alma hakk\u0131na\u2064 sahiptir.<\/li>\n<\/ul>\n<p>Bu \u2064haklar\u0131n kullan\u0131lmas\u0131, t\u00fcketicinin korunmas\u0131 a\u00e7\u0131s\u0131ndan b\u00fcy\u00fck \u00f6nem ta\u015f\u0131maktad\u0131r.T\u00fcketiciler, \u2063ay\u0131pl\u0131 mal\u200c ile kar\u015f\u0131la\u015ft\u0131klar\u0131nda,\u2062 <a href=\"https:\/\/denizcankizil.tr\/uk\/koseyazilari\/degerlendirme\/icra-memurunun-icra-emrini-gondermemesi-hukuki-sonuclar\/\" title=\"\u0130cra Memurunun \u0130cra Emrini G\u00f6ndermemesi: Hukuki Sonu\u00e7lar\">bu haklar\u0131n\u0131 kullanarak<\/a>, ma\u011fduriyetlerini giderebilirler.\u2064 T\u00fcketici \u2063Koruma Kanunu,bu\u2064 s\u00fcre\u00e7te t\u00fcketicilere \u00f6nemli \u2064bir g\u00fcvence sunmaktad\u0131r.<\/p>\n<p><img decoding=\"async\" class=\"kimage_class lazyload\" data-src=\"https:\/\/denizcankizil.tr\/wp-content\/uploads\/2024\/10\/4376-antalyada-tuketici-hukuku-avukatlarinin-sorumluluklari.jpg\" alt=\"Ay\u0131pl\u0131 Mal\u0131n De\u011fi\u015ftirilmesi ile \u200c\u0130lgili Yarg\u0131tay \u0130\u00e7tihatlar\u0131\" src=\"data:image\/svg+xml;base64,PHN2ZyB3aWR0aD0iMSIgaGVpZ2h0PSIxIiB4bWxucz0iaHR0cDovL3d3dy53My5vcmcvMjAwMC9zdmciPjwvc3ZnPg==\"><\/p>\n<h2 id=\"ayipli-malin-degistirilmesi-ile-ilgili-yargitay-ictihatlari\">Ay\u0131pl\u0131\u200d Mal\u0131n \u200dDe\u011fi\u015ftirilmesi \u2064ile \u0130lgili Yarg\u0131tay \u0130\u00e7tihatlar\u0131<\/h2>\n<p>ay\u0131pl\u0131 mal\u0131n de\u011fi\u015ftirilmesi, t\u00fcketici haklar\u0131 a\u00e7\u0131s\u0131ndan \u00f6nemli bir konudur.\u200d Yarg\u0131tay, bu\u2062 konuda\u200c verdi\u011fi i\u00e7tihatlarla\u2063 t\u00fcketicilerin\u200b korunmas\u0131na y\u00f6nelik \u00f6nemli ilkeler belirlemi\u015ftir. Ay\u0131pl\u0131 mal\u0131n ay\u0131ps\u0131z\u200d misli ile de\u011fi\u015ftirilmesi, t\u00fcketicinin talep edebilece\u011fi haklardan biridir. Bu ba\u011flamda, Yarg\u0131tay\u2019\u0131n \u2063kararlar\u0131, t\u00fcketicilerin haklar\u0131n\u0131 \u2063koruma amac\u0131 \u200cg\u00fcden hukuki d\u00fczenlemelerin uygulanmas\u0131nda\u2062 yol g\u00f6sterici niteliktedir.<\/p>\n<p>Yarg\u0131tay i\u00e7tihatlar\u0131na g\u00f6re, ay\u0131pl\u0131 mal\u0131n de\u011fi\u015ftirilmesi talebi, \u2062mal\u0131n ay\u0131ps\u0131z\u200c bir\u2063 misli ile de\u011fi\u015ftirilmesi \u015feklinde \u2063ger\u00e7ekle\u015fmelidir.bu durum, t\u00fcketicinin mal\u0131n ay\u0131pl\u0131 \u200dolmas\u0131ndan \u2063kaynaklanan zararlar\u0131n\u0131n giderilmesi \u2064a\u00e7\u0131s\u0131ndan \u00f6nem\u2062 ta\u015f\u0131maktad\u0131r. \u2062T\u00fcketicinin, \u200cay\u0131pl\u0131 mal\u0131n de\u011fi\u015ftirilmesi talebinde bulunabilmesi \u200di\u00e7in, mal\u0131n \u2062ay\u0131b\u0131n\u0131n, s\u00f6zle\u015fmeye uygunluk a\u00e7\u0131s\u0131ndan \u00f6nemli\u2063 bir eksiklik te\u015fkil \u200detmesi gerekmektedir.<\/p>\n<p>Yarg\u0131tay\u2019\u0131n bu konudaki kararlar\u0131, t\u00fcketicilerin \u2064haklar\u0131n\u0131n\u2063 korunmas\u0131 ve ay\u0131pl\u0131 \u2062mal\u200d ile\u200d ilgili taleplerinin nas\u0131l de\u011ferlendirilece\u011fi konusunda\u2064 \u00f6nemli bir \u2063rehberlik sunmaktad\u0131r. T\u00fcketicilerin, ay\u0131pl\u0131 mal ile \u2064kar\u015f\u0131la\u015ft\u0131klar\u0131nda hangi haklara sahip olduklar\u0131n\u0131 bilmeleri, \u200dbu haklar\u0131n\u0131 etkin\u2063 bir \u015fekilde\u200c kullanabilmeleri a\u00e7\u0131s\u0131ndan \u200dkritik\u200c \u00f6neme \u2062sahiptir. Bu nedenle, Yarg\u0131tay \u2064i\u00e7tihatlar\u0131, t\u00fcketici koruma hukukunun \u2064geli\u015fiminde \u00f6nemli bir rol oynamaktad\u0131r.<\/p>\n<ul>\n<li><strong>Ay\u0131pl\u0131 mal\u0131n \u200day\u0131ps\u0131z \u2063misli ile \u2063de\u011fi\u015ftirilmesi hakk\u0131<\/strong><\/li>\n<li><strong>T\u00fcketici haklar\u0131n\u0131n korunmas\u0131<\/strong><\/li>\n<li><strong>Yarg\u0131tay i\u00e7tihatlar\u0131n\u0131n\u200b \u00f6nemi<\/strong><\/li>\n<\/ul>\n<p><img decoding=\"async\" class=\"kimage_class lazyload\" data-src=\"https:\/\/denizcankizil.tr\/wp-content\/uploads\/2024\/10\/3637-types-of-cases-handled-by-real-estate-attorneys-in-antalya.jpg\" alt=\"T\u00fcketici Haklar\u0131n\u0131n \u200cKorunmas\u0131nda \u200dUygulama \u00d6nerileri\" src=\"data:image\/svg+xml;base64,PHN2ZyB3aWR0aD0iMSIgaGVpZ2h0PSIxIiB4bWxucz0iaHR0cDovL3d3dy53My5vcmcvMjAwMC9zdmciPjwvc3ZnPg==\"><\/p>\n<h2 id=\"tuketici-haklarinin-korunmasinda-uygulama-onerileri\">T\u00fcketici\u200c Haklar\u0131n\u0131n Korunmas\u0131nda Uygulama \u200d\u00d6nerileri<\/h2>\n<section>\n<p>T\u00fcketici haklar\u0131n\u0131n etkin bir \u015fekilde korunabilmesi \u2063i\u00e7in\u2062 \u00e7e\u015fitli\u2063 uygulama \u00f6nerileri geli\u015ftirilmi\u015ftir.\u200c Bu \u00f6neriler, hem\u200b t\u00fcketicilerin hem\u200b de sat\u0131c\u0131lar\u0131n\u200c haklar\u0131n\u0131 g\u00f6zeterek, adil \u200dbir\u2063 ticaret\u200c ortam\u0131n\u0131n olu\u015fturulmas\u0131na\u200b katk\u0131 sa\u011flamaktad\u0131r. A\u015fa\u011f\u0131da, ay\u0131pl\u0131 \u200bmal\u0131n ay\u0131ps\u0131z misli ile de\u011fi\u015ftirilmesi s\u00fcrecinde \u200ddikkate\u200c al\u0131nmas\u0131\u2062 gereken baz\u0131 \u00f6nemli \u2064noktalar \u200cs\u0131ralanm\u0131\u015ft\u0131r:<\/p>\n<ul>\n<li><strong>Bilgilendirme:<\/strong> \u200d T\u00fcketicilerin, sat\u0131n ald\u0131klar\u0131 \u00fcr\u00fcnlerin ay\u0131pl\u0131 \u2064olup olmad\u0131\u011f\u0131n\u0131 anlamalar\u0131 i\u00e7in\u200c yeterli bilgiye sahip olmalar\u0131 gerekmektedir.\u200d Bu nedenle, sat\u0131c\u0131lar\u0131n \u00fcr\u00fcnler hakk\u0131nda \u200ba\u00e7\u0131k \u200bve anla\u015f\u0131l\u0131r bilgiler sunmas\u0131 \u00f6nemlidir.<\/li>\n<li><strong>\u0130ade S\u00fcre\u00e7leri:<\/strong> \u200c Ay\u0131pl\u0131 mal\u0131n\u200c iade s\u00fcrecinin kolayla\u015ft\u0131r\u0131lmas\u0131, t\u00fcketicilerin haklar\u0131n\u0131 kullanmalar\u0131n\u0131 te\u015fvik\u200c eder. \u0130ade \u2062prosed\u00fcrlerinin\u2062 basit ve h\u0131zl\u0131\u2063 bir \u2062\u015fekilde \u2062uygulanmas\u0131, t\u00fcketici memnuniyetini art\u0131racakt\u0131r.<\/li>\n<li><strong>Denetim Mekanizmalar\u0131:<\/strong> \u2063 T\u00fcketici haklar\u0131n\u0131n\u2062 korunmas\u0131nda denetim mekanizmalar\u0131n\u0131n etkinli\u011fi\u2062 b\u00fcy\u00fck bir \u00f6neme sahiptir. \u0130lgili kurumlar\u0131n, \u200bsat\u0131c\u0131lar\u0131n \u00fcr\u00fcn\u200d kalitesini ve t\u00fcketici haklar\u0131n\u0131\u2062 g\u00f6zetip g\u00f6zetmedi\u011fini\u2064 d\u00fczenli olarak denetlemesi gerekmektedir.<\/li>\n<li><strong>E\u011fitim ve Fark\u0131ndal\u0131k:<\/strong> T\u00fcketicilerin \u2063haklar\u0131\u2063 konusunda bilin\u00e7lendirilmesi,ay\u0131pl\u0131 \u2062mal ile \u2064ilgili sorunlar\u0131n \u00e7\u00f6z\u00fcm\u00fcnde \u200c\u00f6nemli bir rol oynamaktad\u0131r.\u2063 E\u011fitim programlar\u0131 \u200dve kampanyalar ile \u200dt\u00fcketicilerin haklar\u0131 hakk\u0131nda\u2062 bilgi sahibi olmalar\u0131 sa\u011flanmal\u0131d\u0131r.<\/li>\n<\/ul>\n<p><a href=\"https:\/\/denizcankizil.tr\/uk\/koseyazilari\/degerlendirme\/mulkiyet-hakkina-saldiri-devam-ediyor\/\" title=\"M\u00fclkiyet Hakk\u0131na Sald\u0131r\u0131 Devam Ediyor\">bu \u00f6nerilerin hayata ge\u00e7irilmesi<\/a>, \u2063t\u00fcketici \u2062haklar\u0131n\u0131n korunmas\u0131nda \u00f6nemli bir \u200dad\u0131m olacakt\u0131r. T\u00fcketicilerin, \u200cay\u0131pl\u0131 mal durumunda haklar\u0131n\u0131 \u2063etkin bir \u015fekilde kullanabilmeleri i\u00e7in gerekli\u200b ortam\u0131n sa\u011flanmas\u0131,\u200b adil bir ticaret anlay\u0131\u015f\u0131n\u0131n yerle\u015fmesine katk\u0131da bulunacakt\u0131r.<\/p>\n<\/section>\n<p>Sonu\u00e7 olarak, ay\u0131pl\u0131 \u2064mal\u0131n ay\u0131ps\u0131z misli \u200dile de\u011fi\u015ftirilmesi,\u200c T\u00fcrk\u200b hukukunda t\u00fcketici haklar\u0131n\u0131n\u2063 korunmas\u0131 a\u00e7\u0131s\u0131ndan \u2062\u00f6nemli\u2062 bir mekanizmad\u0131r.\u2064 T\u00fcketici \u200bKoruma \u200cKanunu \u00e7er\u00e7evesinde, \u2064t\u00fcketicilerin haklar\u0131n\u0131n g\u00fcvence\u2062 alt\u0131na al\u0131nmas\u0131, ticari ili\u015fkilerin sa\u011fl\u0131kl\u0131 bir\u200d \u015fekilde y\u00fcr\u00fct\u00fclmesi i\u00e7in\u2063 elzemdir.\u2063 ay\u0131pl\u0131 mal\u0131n de\u011fi\u015ftirilmesi\u200d s\u00fcreci,\u2064 hem\u2063 t\u00fcketicinin\u2063 ma\u011fduriyetinin giderilmesi hem de sat\u0131c\u0131lar\u0131n sorumluluklar\u0131n\u0131n belirlenmesi \u200ba\u00e7\u0131s\u0131ndan\u200d kritik bir rol oynamaktad\u0131r. Bu ba\u011flamda, t\u00fcketicilerin haklar\u0131n\u0131 bilmesi ve bu haklar\u0131 talep etme konusunda bilin\u00e7lenmesi, piyasa dinamiklerinin \u200cadil bir \u200c\u015fekilde i\u015flemesine katk\u0131 \u200bsa\u011flayacakt\u0131r. Dolay\u0131s\u0131yla, ay\u0131pl\u0131 \u200dmal\u0131n \u200bay\u0131ps\u0131z\u2063 misli ile de\u011fi\u015ftirilmesi,\u200c sadece bireysel \u2063bir \u2062hak de\u011fil, \u2064ayn\u0131 \u200bzamanda toplumsal bir \u200cgereklilik olarak kar\u015f\u0131m\u0131za \u00e7\u0131kmaktad\u0131r. T\u00fcketici \u200bkoruma mekanizmalar\u0131n\u0131n etkin bir \u015fekilde \u2062uygulanmas\u0131, s\u00fcrd\u00fcr\u00fclebilir bir\u2063 ekonomik d\u00fczenin\u200b temellerini olu\u015fturacakt\u0131r. <\/p>","protected":false},"excerpt":{"rendered":"<p>Ay\u0131pl\u0131 mal\u0131n ay\u0131ps\u0131z misli ile de\u011fi\u015ftirilmesi, T\u00fcrk T\u00fcketici Koruma Kanunu \u00e7er\u00e7evesinde t\u00fcketicilerin haklar\u0131n\u0131 g\u00fcvence alt\u0131na al\u0131r. Bu d\u00fczenleme, t\u00fcketicilerin ma\u011fduriyetini \u00f6nleyerek, ticari ili\u015fkilerde adaletin sa\u011flanmas\u0131na katk\u0131da bulunur.<\/p>","protected":false},"author":4,"featured_media":0,"comment_status":"closed","ping_status":"open","sticky":false,"template":"","format":"standard","meta":{"_acf_changed":false,"footnotes":""},"categories":[22],"tags":[],"class_list":["post-33905","post","type-post","status-publish","format-standard","hentry","category-degerlendirme"],"acf":[],"yoast_head":"<!-- This site is optimized with the Yoast SEO Premium plugin v26.6 (Yoast SEO v27.1.1) - https:\/\/yoast.com\/product\/yoast-seo-premium-wordpress\/ -->\n<title>Ay\u0131pl\u0131 Mal\u0131n Ay\u0131ps\u0131z Misli ile De\u011fi\u015ftirilmesi: T\u00fcketici Koruma - Av. Deniz Can K\u0131z\u0131l<\/title>\n<meta name=\"robots\" content=\"index, follow, max-snippet:-1, max-image-preview:large, max-video-preview:-1\" \/>\n<link rel=\"canonical\" href=\"http:\/\/denizcankizil.tr\/uk\/koseyazilari\/degerlendirme\/ayipli-malin-ayipsiz-misli-ile-degistirilmesi-tuketici-koruma\/\" \/>\n<meta property=\"og:locale\" content=\"uk_UA\" \/>\n<meta property=\"og:type\" content=\"article\" \/>\n<meta property=\"og:title\" content=\"Ay\u0131pl\u0131 Mal\u0131n Ay\u0131ps\u0131z Misli ile De\u011fi\u015ftirilmesi: T\u00fcketici Koruma\" \/>\n<meta property=\"og:description\" content=\"Ay\u0131pl\u0131 mal\u0131n ay\u0131ps\u0131z misli ile de\u011fi\u015ftirilmesi, T\u00fcrk T\u00fcketici Koruma Kanunu \u00e7er\u00e7evesinde t\u00fcketicilerin haklar\u0131n\u0131 g\u00fcvence alt\u0131na al\u0131r. Bu d\u00fczenleme, t\u00fcketicilerin ma\u011fduriyetini \u00f6nleyerek, ticari ili\u015fkilerde adaletin sa\u011flanmas\u0131na katk\u0131da bulunur.\" \/>\n<meta property=\"og:url\" content=\"http:\/\/denizcankizil.tr\/uk\/koseyazilari\/degerlendirme\/ayipli-malin-ayipsiz-misli-ile-degistirilmesi-tuketici-koruma\/\" \/>\n<meta property=\"og:site_name\" content=\"Av. Deniz Can K\u0131z\u0131l\" \/>\n<meta property=\"article:published_time\" content=\"2025-02-22T12:08:51+00:00\" \/>\n<meta property=\"article:modified_time\" content=\"2025-03-15T21:46:03+00:00\" \/>\n<meta property=\"og:image\" content=\"https:\/\/denizcankizil.tr\/wp-content\/uploads\/2024\/10\/P8RPY-253D.jpg\" \/>\n<meta name=\"author\" content=\"Av. Deniz Can K\u0131z\u0131l\" \/>\n<meta name=\"twitter:card\" content=\"summary_large_image\" \/>\n<meta name=\"twitter:label1\" content=\"\u041d\u0430\u043f\u0438\u0441\u0430\u043d\u043e\" \/>\n\t<meta name=\"twitter:data1\" content=\"Av. Deniz Can K\u0131z\u0131l\" \/>\n\t<meta name=\"twitter:label2\" content=\"\u041f\u0440\u0438\u0431\u043b. \u0447\u0430\u0441 \u0447\u0438\u0442\u0430\u043d\u043d\u044f\" \/>\n\t<meta name=\"twitter:data2\" content=\"9 \u0445\u0432\u0438\u043b\u0438\u043d\" \/>\n<script type=\"application\/ld+json\" class=\"yoast-schema-graph\">{\"@context\":\"https:\/\/schema.org\",\"@graph\":[{\"@type\":\"Article\",\"@id\":\"http:\/\/denizcankizil.tr\/ru\/koseyazilari\/degerlendirme\/ayipli-malin-ayipsiz-misli-ile-degistirilmesi-tuketici-koruma\/#article\",\"isPartOf\":{\"@id\":\"http:\/\/denizcankizil.tr\/ru\/koseyazilari\/degerlendirme\/ayipli-malin-ayipsiz-misli-ile-degistirilmesi-tuketici-koruma\/\"},\"author\":{\"name\":\"Av. Deniz Can K\u0131z\u0131l\",\"@id\":\"https:\/\/denizcankizil.tr\/de\/#\/schema\/person\/5dc1b22991bd7ac833867c10afc9b0ff\"},\"headline\":\"Ay\u0131pl\u0131 Mal\u0131n Ay\u0131ps\u0131z Misli ile De\u011fi\u015ftirilmesi: T\u00fcketici Koruma\",\"datePublished\":\"2025-02-22T12:08:51+00:00\",\"dateModified\":\"2025-03-15T21:46:03+00:00\",\"mainEntityOfPage\":{\"@id\":\"http:\/\/denizcankizil.tr\/ru\/koseyazilari\/degerlendirme\/ayipli-malin-ayipsiz-misli-ile-degistirilmesi-tuketici-koruma\/\"},\"wordCount\":1851,\"publisher\":{\"@id\":\"https:\/\/denizcankizil.tr\/de\/#organization\"},\"image\":{\"@id\":\"http:\/\/denizcankizil.tr\/ru\/koseyazilari\/degerlendirme\/ayipli-malin-ayipsiz-misli-ile-degistirilmesi-tuketici-koruma\/#primaryimage\"},\"thumbnailUrl\":\"https:\/\/denizcankizil.tr\/wp-content\/uploads\/2024\/10\/P8RPY-253D.jpg\",\"articleSection\":[\"De\u011ferlendirme\"],\"inLanguage\":\"uk\"},{\"@type\":\"WebPage\",\"@id\":\"http:\/\/denizcankizil.tr\/ru\/koseyazilari\/degerlendirme\/ayipli-malin-ayipsiz-misli-ile-degistirilmesi-tuketici-koruma\/\",\"url\":\"http:\/\/denizcankizil.tr\/ru\/koseyazilari\/degerlendirme\/ayipli-malin-ayipsiz-misli-ile-degistirilmesi-tuketici-koruma\/\",\"name\":\"Ay\u0131pl\u0131 Mal\u0131n Ay\u0131ps\u0131z Misli ile De\u011fi\u015ftirilmesi: T\u00fcketici Koruma - Av. Deniz Can K\u0131z\u0131l\",\"isPartOf\":{\"@id\":\"https:\/\/denizcankizil.tr\/de\/#website\"},\"primaryImageOfPage\":{\"@id\":\"http:\/\/denizcankizil.tr\/ru\/koseyazilari\/degerlendirme\/ayipli-malin-ayipsiz-misli-ile-degistirilmesi-tuketici-koruma\/#primaryimage\"},\"image\":{\"@id\":\"http:\/\/denizcankizil.tr\/ru\/koseyazilari\/degerlendirme\/ayipli-malin-ayipsiz-misli-ile-degistirilmesi-tuketici-koruma\/#primaryimage\"},\"thumbnailUrl\":\"https:\/\/denizcankizil.tr\/wp-content\/uploads\/2024\/10\/P8RPY-253D.jpg\",\"datePublished\":\"2025-02-22T12:08:51+00:00\",\"dateModified\":\"2025-03-15T21:46:03+00:00\",\"breadcrumb\":{\"@id\":\"http:\/\/denizcankizil.tr\/ru\/koseyazilari\/degerlendirme\/ayipli-malin-ayipsiz-misli-ile-degistirilmesi-tuketici-koruma\/#breadcrumb\"},\"inLanguage\":\"uk\",\"potentialAction\":[{\"@type\":\"ReadAction\",\"target\":[\"http:\/\/denizcankizil.tr\/ru\/koseyazilari\/degerlendirme\/ayipli-malin-ayipsiz-misli-ile-degistirilmesi-tuketici-koruma\/\"]}]},{\"@type\":\"ImageObject\",\"inLanguage\":\"uk\",\"@id\":\"http:\/\/denizcankizil.tr\/ru\/koseyazilari\/degerlendirme\/ayipli-malin-ayipsiz-misli-ile-degistirilmesi-tuketici-koruma\/#primaryimage\",\"url\":\"https:\/\/denizcankizil.tr\/wp-content\/uploads\/2024\/10\/P8RPY-253D.jpg\",\"contentUrl\":\"https:\/\/denizcankizil.tr\/wp-content\/uploads\/2024\/10\/P8RPY-253D.jpg\"},{\"@type\":\"BreadcrumbList\",\"@id\":\"http:\/\/denizcankizil.tr\/ru\/koseyazilari\/degerlendirme\/ayipli-malin-ayipsiz-misli-ile-degistirilmesi-tuketici-koruma\/#breadcrumb\",\"itemListElement\":[{\"@type\":\"ListItem\",\"position\":1,\"name\":\"Home\",\"item\":\"https:\/\/denizcankizil.tr\/de\/\"},{\"@type\":\"ListItem\",\"position\":2,\"name\":\"Ay\u0131pl\u0131 Mal\u0131n Ay\u0131ps\u0131z Misli ile De\u011fi\u015ftirilmesi: T\u00fcketici Koruma\"}]},{\"@type\":\"WebSite\",\"@id\":\"https:\/\/denizcankizil.tr\/de\/#website\",\"url\":\"https:\/\/denizcankizil.tr\/de\/\",\"name\":\"Av. Deniz Can K\u0131z\u0131l\",\"description\":\"Avukat Deniz Can K\u0131z\u0131l Antalya Barosu\",\"publisher\":{\"@id\":\"https:\/\/denizcankizil.tr\/de\/#organization\"},\"potentialAction\":[{\"@type\":\"SearchAction\",\"target\":{\"@type\":\"EntryPoint\",\"urlTemplate\":\"https:\/\/denizcankizil.tr\/de\/?s={search_term_string}\"},\"query-input\":{\"@type\":\"PropertyValueSpecification\",\"valueRequired\":true,\"valueName\":\"search_term_string\"}}],\"inLanguage\":\"uk\"},{\"@type\":\"Organization\",\"@id\":\"https:\/\/denizcankizil.tr\/de\/#organization\",\"name\":\"Av. Deniz Can K\u0131z\u0131l\",\"url\":\"https:\/\/denizcankizil.tr\/de\/\",\"logo\":{\"@type\":\"ImageObject\",\"inLanguage\":\"uk\",\"@id\":\"https:\/\/denizcankizil.tr\/de\/#\/schema\/logo\/image\/\",\"url\":\"https:\/\/denizcankizil.tr\/wp-content\/uploads\/2024\/10\/siyah-logo-svg.svg\",\"contentUrl\":\"https:\/\/denizcankizil.tr\/wp-content\/uploads\/2024\/10\/siyah-logo-svg.svg\",\"width\":1080,\"height\":1080,\"caption\":\"Av. Deniz Can K\u0131z\u0131l\"},\"image\":{\"@id\":\"https:\/\/denizcankizil.tr\/de\/#\/schema\/logo\/image\/\"}},{\"@type\":\"Person\",\"@id\":\"https:\/\/denizcankizil.tr\/de\/#\/schema\/person\/5dc1b22991bd7ac833867c10afc9b0ff\",\"name\":\"Av. Deniz Can K\u0131z\u0131l\",\"image\":{\"@type\":\"ImageObject\",\"inLanguage\":\"uk\",\"@id\":\"https:\/\/denizcankizil.tr\/de\/#\/schema\/person\/image\/\",\"url\":\"https:\/\/secure.gravatar.com\/avatar\/a0b128fb9855c79efc976d5640eedb31dc35ec297594d6016d2cf7c60e975bb6?s=96&d=mm&r=g\",\"contentUrl\":\"https:\/\/secure.gravatar.com\/avatar\/a0b128fb9855c79efc976d5640eedb31dc35ec297594d6016d2cf7c60e975bb6?s=96&d=mm&r=g\",\"caption\":\"Av. Deniz Can K\u0131z\u0131l\"},\"sameAs\":[\"http:\/\/www.denizcankizil.tr\"],\"url\":\"https:\/\/denizcankizil.tr\/uk\/author\/denizcankizil\/\"}]}<\/script>\n<!-- \/ Yoast SEO Premium plugin. -->","yoast_head_json":{"title":"Ay\u0131pl\u0131 Mal\u0131n Ay\u0131ps\u0131z Misli ile De\u011fi\u015ftirilmesi: T\u00fcketici Koruma - Av. Deniz Can K\u0131z\u0131l","robots":{"index":"index","follow":"follow","max-snippet":"max-snippet:-1","max-image-preview":"max-image-preview:large","max-video-preview":"max-video-preview:-1"},"canonical":"http:\/\/denizcankizil.tr\/uk\/koseyazilari\/degerlendirme\/ayipli-malin-ayipsiz-misli-ile-degistirilmesi-tuketici-koruma\/","og_locale":"uk_UA","og_type":"article","og_title":"Ay\u0131pl\u0131 Mal\u0131n Ay\u0131ps\u0131z Misli ile De\u011fi\u015ftirilmesi: T\u00fcketici Koruma","og_description":"Ay\u0131pl\u0131 mal\u0131n ay\u0131ps\u0131z misli ile de\u011fi\u015ftirilmesi, T\u00fcrk T\u00fcketici Koruma Kanunu \u00e7er\u00e7evesinde t\u00fcketicilerin haklar\u0131n\u0131 g\u00fcvence alt\u0131na al\u0131r. Bu d\u00fczenleme, t\u00fcketicilerin ma\u011fduriyetini \u00f6nleyerek, ticari ili\u015fkilerde adaletin sa\u011flanmas\u0131na katk\u0131da bulunur.","og_url":"http:\/\/denizcankizil.tr\/uk\/koseyazilari\/degerlendirme\/ayipli-malin-ayipsiz-misli-ile-degistirilmesi-tuketici-koruma\/","og_site_name":"Av. Deniz Can K\u0131z\u0131l","article_published_time":"2025-02-22T12:08:51+00:00","article_modified_time":"2025-03-15T21:46:03+00:00","og_image":[{"url":"https:\/\/denizcankizil.tr\/wp-content\/uploads\/2024\/10\/P8RPY-253D.jpg","type":"","width":"","height":""}],"author":"Av. Deniz Can K\u0131z\u0131l","twitter_card":"summary_large_image","twitter_misc":{"\u041d\u0430\u043f\u0438\u0441\u0430\u043d\u043e":"Av. Deniz Can K\u0131z\u0131l","\u041f\u0440\u0438\u0431\u043b. \u0447\u0430\u0441 \u0447\u0438\u0442\u0430\u043d\u043d\u044f":"9 \u0445\u0432\u0438\u043b\u0438\u043d"},"schema":{"@context":"https:\/\/schema.org","@graph":[{"@type":"Article","@id":"http:\/\/denizcankizil.tr\/ru\/koseyazilari\/degerlendirme\/ayipli-malin-ayipsiz-misli-ile-degistirilmesi-tuketici-koruma\/#article","isPartOf":{"@id":"http:\/\/denizcankizil.tr\/ru\/koseyazilari\/degerlendirme\/ayipli-malin-ayipsiz-misli-ile-degistirilmesi-tuketici-koruma\/"},"author":{"name":"Av. Deniz Can K\u0131z\u0131l","@id":"https:\/\/denizcankizil.tr\/de\/#\/schema\/person\/5dc1b22991bd7ac833867c10afc9b0ff"},"headline":"Ay\u0131pl\u0131 Mal\u0131n Ay\u0131ps\u0131z Misli ile De\u011fi\u015ftirilmesi: T\u00fcketici Koruma","datePublished":"2025-02-22T12:08:51+00:00","dateModified":"2025-03-15T21:46:03+00:00","mainEntityOfPage":{"@id":"http:\/\/denizcankizil.tr\/ru\/koseyazilari\/degerlendirme\/ayipli-malin-ayipsiz-misli-ile-degistirilmesi-tuketici-koruma\/"},"wordCount":1851,"publisher":{"@id":"https:\/\/denizcankizil.tr\/de\/#organization"},"image":{"@id":"http:\/\/denizcankizil.tr\/ru\/koseyazilari\/degerlendirme\/ayipli-malin-ayipsiz-misli-ile-degistirilmesi-tuketici-koruma\/#primaryimage"},"thumbnailUrl":"https:\/\/denizcankizil.tr\/wp-content\/uploads\/2024\/10\/P8RPY-253D.jpg","articleSection":["De\u011ferlendirme"],"inLanguage":"uk"},{"@type":"WebPage","@id":"http:\/\/denizcankizil.tr\/ru\/koseyazilari\/degerlendirme\/ayipli-malin-ayipsiz-misli-ile-degistirilmesi-tuketici-koruma\/","url":"http:\/\/denizcankizil.tr\/ru\/koseyazilari\/degerlendirme\/ayipli-malin-ayipsiz-misli-ile-degistirilmesi-tuketici-koruma\/","name":"Ay\u0131pl\u0131 Mal\u0131n Ay\u0131ps\u0131z Misli ile De\u011fi\u015ftirilmesi: T\u00fcketici Koruma - Av. Deniz Can K\u0131z\u0131l","isPartOf":{"@id":"https:\/\/denizcankizil.tr\/de\/#website"},"primaryImageOfPage":{"@id":"http:\/\/denizcankizil.tr\/ru\/koseyazilari\/degerlendirme\/ayipli-malin-ayipsiz-misli-ile-degistirilmesi-tuketici-koruma\/#primaryimage"},"image":{"@id":"http:\/\/denizcankizil.tr\/ru\/koseyazilari\/degerlendirme\/ayipli-malin-ayipsiz-misli-ile-degistirilmesi-tuketici-koruma\/#primaryimage"},"thumbnailUrl":"https:\/\/denizcankizil.tr\/wp-content\/uploads\/2024\/10\/P8RPY-253D.jpg","datePublished":"2025-02-22T12:08:51+00:00","dateModified":"2025-03-15T21:46:03+00:00","breadcrumb":{"@id":"http:\/\/denizcankizil.tr\/ru\/koseyazilari\/degerlendirme\/ayipli-malin-ayipsiz-misli-ile-degistirilmesi-tuketici-koruma\/#breadcrumb"},"inLanguage":"uk","potentialAction":[{"@type":"ReadAction","target":["http:\/\/denizcankizil.tr\/ru\/koseyazilari\/degerlendirme\/ayipli-malin-ayipsiz-misli-ile-degistirilmesi-tuketici-koruma\/"]}]},{"@type":"ImageObject","inLanguage":"uk","@id":"http:\/\/denizcankizil.tr\/ru\/koseyazilari\/degerlendirme\/ayipli-malin-ayipsiz-misli-ile-degistirilmesi-tuketici-koruma\/#primaryimage","url":"https:\/\/denizcankizil.tr\/wp-content\/uploads\/2024\/10\/P8RPY-253D.jpg","contentUrl":"https:\/\/denizcankizil.tr\/wp-content\/uploads\/2024\/10\/P8RPY-253D.jpg"},{"@type":"BreadcrumbList","@id":"http:\/\/denizcankizil.tr\/ru\/koseyazilari\/degerlendirme\/ayipli-malin-ayipsiz-misli-ile-degistirilmesi-tuketici-koruma\/#breadcrumb","itemListElement":[{"@type":"ListItem","position":1,"name":"Home","item":"https:\/\/denizcankizil.tr\/de\/"},{"@type":"ListItem","position":2,"name":"Ay\u0131pl\u0131 Mal\u0131n Ay\u0131ps\u0131z Misli ile De\u011fi\u015ftirilmesi: T\u00fcketici Koruma"}]},{"@type":"WebSite","@id":"https:\/\/denizcankizil.tr\/de\/#website","url":"https:\/\/denizcankizil.tr\/de\/","name":"Av. Deniz Can K\u0131z\u0131l","description":"Avukat Deniz Can K\u0131z\u0131l Antalya Barosu","publisher":{"@id":"https:\/\/denizcankizil.tr\/de\/#organization"},"potentialAction":[{"@type":"SearchAction","target":{"@type":"EntryPoint","urlTemplate":"https:\/\/denizcankizil.tr\/de\/?s={search_term_string}"},"query-input":{"@type":"PropertyValueSpecification","valueRequired":true,"valueName":"search_term_string"}}],"inLanguage":"uk"},{"@type":"Organization","@id":"https:\/\/denizcankizil.tr\/de\/#organization","name":"Av. Deniz Can K\u0131z\u0131l","url":"https:\/\/denizcankizil.tr\/de\/","logo":{"@type":"ImageObject","inLanguage":"uk","@id":"https:\/\/denizcankizil.tr\/de\/#\/schema\/logo\/image\/","url":"https:\/\/denizcankizil.tr\/wp-content\/uploads\/2024\/10\/siyah-logo-svg.svg","contentUrl":"https:\/\/denizcankizil.tr\/wp-content\/uploads\/2024\/10\/siyah-logo-svg.svg","width":1080,"height":1080,"caption":"Av. Deniz Can K\u0131z\u0131l"},"image":{"@id":"https:\/\/denizcankizil.tr\/de\/#\/schema\/logo\/image\/"}},{"@type":"Person","@id":"https:\/\/denizcankizil.tr\/de\/#\/schema\/person\/5dc1b22991bd7ac833867c10afc9b0ff","name":"Av. Deniz Can K\u0131z\u0131l","image":{"@type":"ImageObject","inLanguage":"uk","@id":"https:\/\/denizcankizil.tr\/de\/#\/schema\/person\/image\/","url":"https:\/\/secure.gravatar.com\/avatar\/a0b128fb9855c79efc976d5640eedb31dc35ec297594d6016d2cf7c60e975bb6?s=96&d=mm&r=g","contentUrl":"https:\/\/secure.gravatar.com\/avatar\/a0b128fb9855c79efc976d5640eedb31dc35ec297594d6016d2cf7c60e975bb6?s=96&d=mm&r=g","caption":"Av. Deniz Can K\u0131z\u0131l"},"sameAs":["http:\/\/www.denizcankizil.tr"],"url":"https:\/\/denizcankizil.tr\/uk\/author\/denizcankizil\/"}]}},"_links":{"self":[{"href":"https:\/\/denizcankizil.tr\/uk\/wp-json\/wp\/v2\/posts\/33905","targetHints":{"allow":["GET"]}}],"collection":[{"href":"https:\/\/denizcankizil.tr\/uk\/wp-json\/wp\/v2\/posts"}],"about":[{"href":"https:\/\/denizcankizil.tr\/uk\/wp-json\/wp\/v2\/types\/post"}],"author":[{"embeddable":true,"href":"https:\/\/denizcankizil.tr\/uk\/wp-json\/wp\/v2\/users\/4"}],"replies":[{"embeddable":true,"href":"https:\/\/denizcankizil.tr\/uk\/wp-json\/wp\/v2\/comments?post=33905"}],"version-history":[{"count":1,"href":"https:\/\/denizcankizil.tr\/uk\/wp-json\/wp\/v2\/posts\/33905\/revisions"}],"predecessor-version":[{"id":35990,"href":"https:\/\/denizcankizil.tr\/uk\/wp-json\/wp\/v2\/posts\/33905\/revisions\/35990"}],"wp:attachment":[{"href":"https:\/\/denizcankizil.tr\/uk\/wp-json\/wp\/v2\/media?parent=33905"}],"wp:term":[{"taxonomy":"category","embeddable":true,"href":"https:\/\/denizcankizil.tr\/uk\/wp-json\/wp\/v2\/categories?post=33905"},{"taxonomy":"post_tag","embeddable":true,"href":"https:\/\/denizcankizil.tr\/uk\/wp-json\/wp\/v2\/tags?post=33905"}],"curies":[{"name":"wp","href":"https:\/\/api.w.org\/{rel}","templated":true}]}}