{"id":33890,"date":"2025-02-22T13:41:22","date_gmt":"2025-02-22T10:41:22","guid":{"rendered":"https:\/\/denizcankizil.tr\/uncategorized-tr\/geri-donusum-deposunda-yangin\/"},"modified":"2025-02-22T13:41:22","modified_gmt":"2025-02-22T10:41:22","slug":"geri-donusum-deposunda-yangin","status":"publish","type":"post","link":"https:\/\/denizcankizil.tr\/uk\/haberler\/antalya\/geri-donusum-deposunda-yangin\/","title":{"rendered":"Geri d\u00f6n\u00fc\u015f\u00fcm deposunda yang\u0131n"},"content":{"rendered":"<p>Olay, Kepez il\u00e7esi Demirel Mahallesi 1985 Sokak\u2019ta bulunan geri d\u00f6n\u00fc\u015f\u00fcm deposunda bug\u00fcn saat 10.30 s\u0131ralar\u0131nda ya\u015fand\u0131. Deponun yan\u0131nda bulunan konteyn\u0131ra da s\u0131\u00e7rayan yang\u0131n, konteyn\u0131r\u0131 da k\u00fcle \u00e7evirdi. Yang\u0131n s\u0131ras\u0131nda depoda kalan Dilaver Akarsu, lavabodan \u00e7\u0131kt\u0131\u011f\u0131nda y\u00fckselen dumanlar\u0131 fark etti. Durumu hemen 112 Acil \u00c7a\u011fr\u0131 Merkezi\u2019ne bildiren Akarsu, olay yerinden uzakla\u015ft\u0131. Olay yerine k\u0131sa s\u00fcrede ula\u015fan Antalya B\u00fcy\u00fck\u015fehir Belediyesi itfaiye ekipleri yang\u0131na m\u00fcdahale etti.<br \/>\nR\u00fczgar\u0131n etkisiyle b\u00fcy\u00fcyen alevler, itfaiye ekiplerinin yo\u011fun \u00e7abas\u0131 sonucu yakla\u015f\u0131k 1 saatlik \u00e7al\u0131\u015fma ile kontrol alt\u0131na al\u0131nd\u0131. Ekipler, yang\u0131n\u0131n \u00e7evredeki alanlara s\u0131\u00e7ramas\u0131n\u0131 \u00f6nleyerek yang\u0131n\u0131 tamamen s\u00f6nd\u00fcrd\u00fc.<\/p>\n<p>&#8220;Yakla\u015f\u0131k 3-4 milyon TL zarar\u0131m\u0131z var&#8221;<br \/>\nDepoda 10 y\u0131ld\u0131r kirac\u0131 oldu\u011funu belirten Erhan Acar, yang\u0131n\u0131n b\u00fcy\u00fck maddi hasara yol a\u00e7t\u0131\u011f\u0131n\u0131 s\u00f6yledi. Acar, &#8220;\u00d6n tarafa gelirken bir ki\u015finin ate\u015f yak\u0131p ka\u00e7t\u0131\u011f\u0131n\u0131 s\u00f6ylediler. Alev ald\u0131ktan sonra depo tamamen yand\u0131. \u0130\u00e7eride b\u00fcy\u00fck kayb\u0131m\u0131z var. Bak\u0131rlar\u0131m\u0131z ve madeni \u00fcr\u00fcnlerimiz vard\u0131, hepsi eridi. Zarar\u0131m\u0131z yakla\u015f\u0131k 3-4 milyon TL. Bu kas\u0131tl\u0131 bir yang\u0131n gibi g\u00f6r\u00fcn\u00fcyor. Kamera kay\u0131tlar\u0131n\u0131 inceleyece\u011fiz&#8221; dedi.<\/p>\n<p>&#8220;Dumanlar\u0131 fark edip d\u0131\u015far\u0131 \u00e7\u0131kt\u0131m&#8221;<br \/>\nDepoda kalan Dilaver Akarsu ise yang\u0131n s\u0131ras\u0131nda ya\u015fad\u0131\u011f\u0131 anlar\u0131 \u015fu s\u00f6zlerle anlatt\u0131: &#8220;Burada kal\u0131yordum. \u00c7ay koymu\u015ftum, lavaboya girdim. \u00c7\u0131kt\u0131\u011f\u0131mda dumanlar\u0131n y\u00fckseldi\u011fini g\u00f6rd\u00fcm ve hemen d\u0131\u015far\u0131 ka\u00e7t\u0131m. Sonra 112\u2019yi arad\u0131m. Kimin yakt\u0131\u011f\u0131n\u0131 g\u00f6remedim, o s\u0131rada i\u00e7erideydim.&#8221;<br \/>\nYang\u0131n\u0131n \u00e7\u0131k\u0131\u015f sebebine ili\u015fkin inceleme ba\u015flat\u0131l\u0131rken depo \u00e7evresindeki g\u00fcvenlik kameralar\u0131n\u0131n incelenmesiyle olay\u0131n detaylar\u0131n\u0131n ortaya \u00e7\u0131kar\u0131lmas\u0131 bekleniyor.<\/p>\n<p>Kaynak: www.kanalv.com.tr Haber Sitesinden Al\u0131nm\u0131\u015ft\u0131r.<\/p>","protected":false},"excerpt":{"rendered":"<p>Olay, Kepez il\u00e7esi Demirel Mahallesi 1985 Sokak\u2019ta bulunan geri d\u00f6n\u00fc\u015f\u00fcm deposunda bug\u00fcn saat 10.30 s\u0131ralar\u0131nda ya\u015fand\u0131. Deponun yan\u0131nda bulunan konteyn\u0131ra da s\u0131\u00e7rayan yang\u0131n, konteyn\u0131r\u0131 da k\u00fcle \u00e7evirdi. Yang\u0131n s\u0131ras\u0131nda depoda kalan Dilaver Akarsu, lavabodan \u00e7\u0131kt\u0131\u011f\u0131nda y\u00fckselen dumanlar\u0131 fark etti. Durumu hemen 112 Acil \u00c7a\u011fr\u0131 Merkezi\u2019ne bildiren Akarsu, olay yerinden uzakla\u015ft\u0131. Olay yerine k\u0131sa s\u00fcrede ula\u015fan Antalya B\u00fcy\u00fck\u015fehir Belediyesi itfaiye ekipleri yang\u0131na m\u00fcdahale etti. R\u00fczgar\u0131n etkisiyle b\u00fcy\u00fcyen alevler, itfaiye ekiplerinin yo\u011fun \u00e7abas\u0131 sonucu yakla\u015f\u0131k 1 saatlik \u00e7al\u0131\u015fma ile kontrol alt\u0131na al\u0131nd\u0131. Ekipler, yang\u0131n\u0131n \u00e7evredeki alanlara s\u0131\u00e7ramas\u0131n\u0131 \u00f6nleyerek yang\u0131n\u0131 tamamen s\u00f6nd\u00fcrd\u00fc. &#8220;Yakla\u015f\u0131k 3-4 milyon TL zarar\u0131m\u0131z var&#8221; Depoda 10 y\u0131ld\u0131r kirac\u0131 oldu\u011funu belirten Erhan Acar, yang\u0131n\u0131n b\u00fcy\u00fck maddi hasara yol a\u00e7t\u0131\u011f\u0131n\u0131 s\u00f6yledi. Acar, &#8220;\u00d6n tarafa gelirken bir ki\u015finin ate\u015f yak\u0131p ka\u00e7t\u0131\u011f\u0131n\u0131 s\u00f6ylediler. Alev ald\u0131ktan sonra depo tamamen yand\u0131. \u0130\u00e7eride b\u00fcy\u00fck kayb\u0131m\u0131z var. Bak\u0131rlar\u0131m\u0131z ve madeni \u00fcr\u00fcnlerimiz vard\u0131, hepsi eridi. Zarar\u0131m\u0131z yakla\u015f\u0131k 3-4 milyon TL. Bu kas\u0131tl\u0131 bir yang\u0131n gibi g\u00f6r\u00fcn\u00fcyor. Kamera kay\u0131tlar\u0131n\u0131 inceleyece\u011fiz&#8221; dedi. &#8220;Dumanlar\u0131 fark edip d\u0131\u015far\u0131 \u00e7\u0131kt\u0131m&#8221; Depoda kalan Dilaver Akarsu ise yang\u0131n s\u0131ras\u0131nda ya\u015fad\u0131\u011f\u0131 anlar\u0131 \u015fu s\u00f6zlerle anlatt\u0131: &#8220;Burada kal\u0131yordum. \u00c7ay koymu\u015ftum, lavaboya girdim. \u00c7\u0131kt\u0131\u011f\u0131mda dumanlar\u0131n y\u00fckseldi\u011fini g\u00f6rd\u00fcm ve hemen d\u0131\u015far\u0131 ka\u00e7t\u0131m. Sonra 112\u2019yi arad\u0131m. Kimin yakt\u0131\u011f\u0131n\u0131 g\u00f6remedim, o s\u0131rada i\u00e7erideydim.&#8221; Yang\u0131n\u0131n \u00e7\u0131k\u0131\u015f sebebine ili\u015fkin inceleme ba\u015flat\u0131l\u0131rken depo \u00e7evresindeki &hellip;<\/p>","protected":false},"author":4,"featured_media":0,"comment_status":"open","ping_status":"open","sticky":false,"template":"","format":"standard","meta":{"_acf_changed":false,"footnotes":""},"categories":[26],"tags":[],"class_list":["post-33890","post","type-post","status-publish","format-standard","hentry","category-antalya"],"acf":[],"yoast_head":"<!-- This site is optimized with the Yoast SEO Premium plugin v26.6 (Yoast SEO v27.1.1) - https:\/\/yoast.com\/product\/yoast-seo-premium-wordpress\/ -->\n<title>Geri d\u00f6n\u00fc\u015f\u00fcm deposunda yang\u0131n - Av. Deniz Can K\u0131z\u0131l<\/title>\n<meta name=\"robots\" content=\"index, follow, max-snippet:-1, max-image-preview:large, max-video-preview:-1\" \/>\n<link rel=\"canonical\" href=\"https:\/\/denizcankizil.tr\/uk\/haberler\/antalya\/geri-donusum-deposunda-yangin\/\" \/>\n<meta property=\"og:locale\" content=\"uk_UA\" \/>\n<meta property=\"og:type\" content=\"article\" \/>\n<meta property=\"og:title\" content=\"Geri d\u00f6n\u00fc\u015f\u00fcm deposunda yang\u0131n\" \/>\n<meta property=\"og:description\" content=\"Olay, Kepez il\u00e7esi Demirel Mahallesi 1985 Sokak\u2019ta bulunan geri d\u00f6n\u00fc\u015f\u00fcm deposunda bug\u00fcn saat 10.30 s\u0131ralar\u0131nda ya\u015fand\u0131. Deponun yan\u0131nda bulunan konteyn\u0131ra da s\u0131\u00e7rayan yang\u0131n, konteyn\u0131r\u0131 da k\u00fcle \u00e7evirdi. Yang\u0131n s\u0131ras\u0131nda depoda kalan Dilaver Akarsu, lavabodan \u00e7\u0131kt\u0131\u011f\u0131nda y\u00fckselen dumanlar\u0131 fark etti. Durumu hemen 112 Acil \u00c7a\u011fr\u0131 Merkezi\u2019ne bildiren Akarsu, olay yerinden uzakla\u015ft\u0131. Olay yerine k\u0131sa s\u00fcrede ula\u015fan Antalya B\u00fcy\u00fck\u015fehir Belediyesi itfaiye ekipleri yang\u0131na m\u00fcdahale etti. R\u00fczgar\u0131n etkisiyle b\u00fcy\u00fcyen alevler, itfaiye ekiplerinin yo\u011fun \u00e7abas\u0131 sonucu yakla\u015f\u0131k 1 saatlik \u00e7al\u0131\u015fma ile kontrol alt\u0131na al\u0131nd\u0131. Ekipler, yang\u0131n\u0131n \u00e7evredeki alanlara s\u0131\u00e7ramas\u0131n\u0131 \u00f6nleyerek yang\u0131n\u0131 tamamen s\u00f6nd\u00fcrd\u00fc. &#8220;Yakla\u015f\u0131k 3-4 milyon TL zarar\u0131m\u0131z var&#8221; Depoda 10 y\u0131ld\u0131r kirac\u0131 oldu\u011funu belirten Erhan Acar, yang\u0131n\u0131n b\u00fcy\u00fck maddi hasara yol a\u00e7t\u0131\u011f\u0131n\u0131 s\u00f6yledi. Acar, &#8220;\u00d6n tarafa gelirken bir ki\u015finin ate\u015f yak\u0131p ka\u00e7t\u0131\u011f\u0131n\u0131 s\u00f6ylediler. Alev ald\u0131ktan sonra depo tamamen yand\u0131. \u0130\u00e7eride b\u00fcy\u00fck kayb\u0131m\u0131z var. Bak\u0131rlar\u0131m\u0131z ve madeni \u00fcr\u00fcnlerimiz vard\u0131, hepsi eridi. Zarar\u0131m\u0131z yakla\u015f\u0131k 3-4 milyon TL. Bu kas\u0131tl\u0131 bir yang\u0131n gibi g\u00f6r\u00fcn\u00fcyor. Kamera kay\u0131tlar\u0131n\u0131 inceleyece\u011fiz&#8221; dedi. &#8220;Dumanlar\u0131 fark edip d\u0131\u015far\u0131 \u00e7\u0131kt\u0131m&#8221; Depoda kalan Dilaver Akarsu ise yang\u0131n s\u0131ras\u0131nda ya\u015fad\u0131\u011f\u0131 anlar\u0131 \u015fu s\u00f6zlerle anlatt\u0131: &#8220;Burada kal\u0131yordum. \u00c7ay koymu\u015ftum, lavaboya girdim. \u00c7\u0131kt\u0131\u011f\u0131mda dumanlar\u0131n y\u00fckseldi\u011fini g\u00f6rd\u00fcm ve hemen d\u0131\u015far\u0131 ka\u00e7t\u0131m. Sonra 112\u2019yi arad\u0131m. Kimin yakt\u0131\u011f\u0131n\u0131 g\u00f6remedim, o s\u0131rada i\u00e7erideydim.&#8221; Yang\u0131n\u0131n \u00e7\u0131k\u0131\u015f sebebine ili\u015fkin inceleme ba\u015flat\u0131l\u0131rken depo \u00e7evresindeki &hellip;\" \/>\n<meta property=\"og:url\" content=\"https:\/\/denizcankizil.tr\/uk\/haberler\/antalya\/geri-donusum-deposunda-yangin\/\" \/>\n<meta property=\"og:site_name\" content=\"Av. Deniz Can K\u0131z\u0131l\" \/>\n<meta property=\"article:published_time\" content=\"2025-02-22T10:41:22+00:00\" \/>\n<meta name=\"author\" content=\"Av. Deniz Can K\u0131z\u0131l\" \/>\n<meta name=\"twitter:card\" content=\"summary_large_image\" \/>\n<meta name=\"twitter:label1\" content=\"\u041d\u0430\u043f\u0438\u0441\u0430\u043d\u043e\" \/>\n\t<meta name=\"twitter:data1\" content=\"Av. Deniz Can K\u0131z\u0131l\" \/>\n\t<meta name=\"twitter:label2\" content=\"\u041f\u0440\u0438\u0431\u043b. \u0447\u0430\u0441 \u0447\u0438\u0442\u0430\u043d\u043d\u044f\" \/>\n\t<meta name=\"twitter:data2\" content=\"2 \u0445\u0432\u0438\u043b\u0438\u043d\u0438\" \/>\n<script type=\"application\/ld+json\" class=\"yoast-schema-graph\">{\"@context\":\"https:\/\/schema.org\",\"@graph\":[{\"@type\":\"Article\",\"@id\":\"https:\/\/denizcankizil.tr\/uk\/haberler\/antalya\/geri-donusum-deposunda-yangin\/#article\",\"isPartOf\":{\"@id\":\"https:\/\/denizcankizil.tr\/uk\/haberler\/antalya\/geri-donusum-deposunda-yangin\/\"},\"author\":{\"name\":\"Av. Deniz Can K\u0131z\u0131l\",\"@id\":\"https:\/\/denizcankizil.tr\/de\/#\/schema\/person\/5dc1b22991bd7ac833867c10afc9b0ff\"},\"headline\":\"Geri d\u00f6n\u00fc\u015f\u00fcm deposunda yang\u0131n\",\"datePublished\":\"2025-02-22T10:41:22+00:00\",\"mainEntityOfPage\":{\"@id\":\"https:\/\/denizcankizil.tr\/uk\/haberler\/antalya\/geri-donusum-deposunda-yangin\/\"},\"wordCount\":341,\"commentCount\":0,\"publisher\":{\"@id\":\"https:\/\/denizcankizil.tr\/de\/#organization\"},\"articleSection\":[\"Antalya\"],\"inLanguage\":\"uk\",\"potentialAction\":[{\"@type\":\"CommentAction\",\"name\":\"Comment\",\"target\":[\"https:\/\/denizcankizil.tr\/uk\/haberler\/antalya\/geri-donusum-deposunda-yangin\/#respond\"]}]},{\"@type\":\"WebPage\",\"@id\":\"https:\/\/denizcankizil.tr\/uk\/haberler\/antalya\/geri-donusum-deposunda-yangin\/\",\"url\":\"https:\/\/denizcankizil.tr\/uk\/haberler\/antalya\/geri-donusum-deposunda-yangin\/\",\"name\":\"Geri d\u00f6n\u00fc\u015f\u00fcm deposunda yang\u0131n - Av. Deniz Can K\u0131z\u0131l\",\"isPartOf\":{\"@id\":\"https:\/\/denizcankizil.tr\/de\/#website\"},\"datePublished\":\"2025-02-22T10:41:22+00:00\",\"breadcrumb\":{\"@id\":\"https:\/\/denizcankizil.tr\/uk\/haberler\/antalya\/geri-donusum-deposunda-yangin\/#breadcrumb\"},\"inLanguage\":\"uk\",\"potentialAction\":[{\"@type\":\"ReadAction\",\"target\":[\"https:\/\/denizcankizil.tr\/uk\/haberler\/antalya\/geri-donusum-deposunda-yangin\/\"]}]},{\"@type\":\"BreadcrumbList\",\"@id\":\"https:\/\/denizcankizil.tr\/uk\/haberler\/antalya\/geri-donusum-deposunda-yangin\/#breadcrumb\",\"itemListElement\":[{\"@type\":\"ListItem\",\"position\":1,\"name\":\"Home\",\"item\":\"https:\/\/denizcankizil.tr\/de\/\"},{\"@type\":\"ListItem\",\"position\":2,\"name\":\"Geri d\u00f6n\u00fc\u015f\u00fcm deposunda yang\u0131n\"}]},{\"@type\":\"WebSite\",\"@id\":\"https:\/\/denizcankizil.tr\/de\/#website\",\"url\":\"https:\/\/denizcankizil.tr\/de\/\",\"name\":\"Av. Deniz Can K\u0131z\u0131l\",\"description\":\"Avukat Deniz Can K\u0131z\u0131l Antalya Barosu\",\"publisher\":{\"@id\":\"https:\/\/denizcankizil.tr\/de\/#organization\"},\"potentialAction\":[{\"@type\":\"SearchAction\",\"target\":{\"@type\":\"EntryPoint\",\"urlTemplate\":\"https:\/\/denizcankizil.tr\/de\/?s={search_term_string}\"},\"query-input\":{\"@type\":\"PropertyValueSpecification\",\"valueRequired\":true,\"valueName\":\"search_term_string\"}}],\"inLanguage\":\"uk\"},{\"@type\":\"Organization\",\"@id\":\"https:\/\/denizcankizil.tr\/de\/#organization\",\"name\":\"Av. Deniz Can K\u0131z\u0131l\",\"url\":\"https:\/\/denizcankizil.tr\/de\/\",\"logo\":{\"@type\":\"ImageObject\",\"inLanguage\":\"uk\",\"@id\":\"https:\/\/denizcankizil.tr\/de\/#\/schema\/logo\/image\/\",\"url\":\"https:\/\/denizcankizil.tr\/wp-content\/uploads\/2024\/10\/siyah-logo-svg.svg\",\"contentUrl\":\"https:\/\/denizcankizil.tr\/wp-content\/uploads\/2024\/10\/siyah-logo-svg.svg\",\"width\":1080,\"height\":1080,\"caption\":\"Av. Deniz Can K\u0131z\u0131l\"},\"image\":{\"@id\":\"https:\/\/denizcankizil.tr\/de\/#\/schema\/logo\/image\/\"}},{\"@type\":\"Person\",\"@id\":\"https:\/\/denizcankizil.tr\/de\/#\/schema\/person\/5dc1b22991bd7ac833867c10afc9b0ff\",\"name\":\"Av. Deniz Can K\u0131z\u0131l\",\"image\":{\"@type\":\"ImageObject\",\"inLanguage\":\"uk\",\"@id\":\"https:\/\/denizcankizil.tr\/de\/#\/schema\/person\/image\/\",\"url\":\"https:\/\/secure.gravatar.com\/avatar\/a0b128fb9855c79efc976d5640eedb31dc35ec297594d6016d2cf7c60e975bb6?s=96&d=mm&r=g\",\"contentUrl\":\"https:\/\/secure.gravatar.com\/avatar\/a0b128fb9855c79efc976d5640eedb31dc35ec297594d6016d2cf7c60e975bb6?s=96&d=mm&r=g\",\"caption\":\"Av. Deniz Can K\u0131z\u0131l\"},\"sameAs\":[\"http:\/\/www.denizcankizil.tr\"],\"url\":\"https:\/\/denizcankizil.tr\/uk\/author\/denizcankizil\/\"}]}<\/script>\n<!-- \/ Yoast SEO Premium plugin. -->","yoast_head_json":{"title":"Geri d\u00f6n\u00fc\u015f\u00fcm deposunda yang\u0131n - Av. Deniz Can K\u0131z\u0131l","robots":{"index":"index","follow":"follow","max-snippet":"max-snippet:-1","max-image-preview":"max-image-preview:large","max-video-preview":"max-video-preview:-1"},"canonical":"https:\/\/denizcankizil.tr\/uk\/haberler\/antalya\/geri-donusum-deposunda-yangin\/","og_locale":"uk_UA","og_type":"article","og_title":"Geri d\u00f6n\u00fc\u015f\u00fcm deposunda yang\u0131n","og_description":"Olay, Kepez il\u00e7esi Demirel Mahallesi 1985 Sokak\u2019ta bulunan geri d\u00f6n\u00fc\u015f\u00fcm deposunda bug\u00fcn saat 10.30 s\u0131ralar\u0131nda ya\u015fand\u0131. Deponun yan\u0131nda bulunan konteyn\u0131ra da s\u0131\u00e7rayan yang\u0131n, konteyn\u0131r\u0131 da k\u00fcle \u00e7evirdi. Yang\u0131n s\u0131ras\u0131nda depoda kalan Dilaver Akarsu, lavabodan \u00e7\u0131kt\u0131\u011f\u0131nda y\u00fckselen dumanlar\u0131 fark etti. Durumu hemen 112 Acil \u00c7a\u011fr\u0131 Merkezi\u2019ne bildiren Akarsu, olay yerinden uzakla\u015ft\u0131. Olay yerine k\u0131sa s\u00fcrede ula\u015fan Antalya B\u00fcy\u00fck\u015fehir Belediyesi itfaiye ekipleri yang\u0131na m\u00fcdahale etti. R\u00fczgar\u0131n etkisiyle b\u00fcy\u00fcyen alevler, itfaiye ekiplerinin yo\u011fun \u00e7abas\u0131 sonucu yakla\u015f\u0131k 1 saatlik \u00e7al\u0131\u015fma ile kontrol alt\u0131na al\u0131nd\u0131. Ekipler, yang\u0131n\u0131n \u00e7evredeki alanlara s\u0131\u00e7ramas\u0131n\u0131 \u00f6nleyerek yang\u0131n\u0131 tamamen s\u00f6nd\u00fcrd\u00fc. &#8220;Yakla\u015f\u0131k 3-4 milyon TL zarar\u0131m\u0131z var&#8221; Depoda 10 y\u0131ld\u0131r kirac\u0131 oldu\u011funu belirten Erhan Acar, yang\u0131n\u0131n b\u00fcy\u00fck maddi hasara yol a\u00e7t\u0131\u011f\u0131n\u0131 s\u00f6yledi. Acar, &#8220;\u00d6n tarafa gelirken bir ki\u015finin ate\u015f yak\u0131p ka\u00e7t\u0131\u011f\u0131n\u0131 s\u00f6ylediler. Alev ald\u0131ktan sonra depo tamamen yand\u0131. \u0130\u00e7eride b\u00fcy\u00fck kayb\u0131m\u0131z var. Bak\u0131rlar\u0131m\u0131z ve madeni \u00fcr\u00fcnlerimiz vard\u0131, hepsi eridi. Zarar\u0131m\u0131z yakla\u015f\u0131k 3-4 milyon TL. Bu kas\u0131tl\u0131 bir yang\u0131n gibi g\u00f6r\u00fcn\u00fcyor. Kamera kay\u0131tlar\u0131n\u0131 inceleyece\u011fiz&#8221; dedi. &#8220;Dumanlar\u0131 fark edip d\u0131\u015far\u0131 \u00e7\u0131kt\u0131m&#8221; Depoda kalan Dilaver Akarsu ise yang\u0131n s\u0131ras\u0131nda ya\u015fad\u0131\u011f\u0131 anlar\u0131 \u015fu s\u00f6zlerle anlatt\u0131: &#8220;Burada kal\u0131yordum. \u00c7ay koymu\u015ftum, lavaboya girdim. \u00c7\u0131kt\u0131\u011f\u0131mda dumanlar\u0131n y\u00fckseldi\u011fini g\u00f6rd\u00fcm ve hemen d\u0131\u015far\u0131 ka\u00e7t\u0131m. Sonra 112\u2019yi arad\u0131m. Kimin yakt\u0131\u011f\u0131n\u0131 g\u00f6remedim, o s\u0131rada i\u00e7erideydim.&#8221; Yang\u0131n\u0131n \u00e7\u0131k\u0131\u015f sebebine ili\u015fkin inceleme ba\u015flat\u0131l\u0131rken depo \u00e7evresindeki &hellip;","og_url":"https:\/\/denizcankizil.tr\/uk\/haberler\/antalya\/geri-donusum-deposunda-yangin\/","og_site_name":"Av. Deniz Can K\u0131z\u0131l","article_published_time":"2025-02-22T10:41:22+00:00","author":"Av. Deniz Can K\u0131z\u0131l","twitter_card":"summary_large_image","twitter_misc":{"\u041d\u0430\u043f\u0438\u0441\u0430\u043d\u043e":"Av. Deniz Can K\u0131z\u0131l","\u041f\u0440\u0438\u0431\u043b. \u0447\u0430\u0441 \u0447\u0438\u0442\u0430\u043d\u043d\u044f":"2 \u0445\u0432\u0438\u043b\u0438\u043d\u0438"},"schema":{"@context":"https:\/\/schema.org","@graph":[{"@type":"Article","@id":"https:\/\/denizcankizil.tr\/uk\/haberler\/antalya\/geri-donusum-deposunda-yangin\/#article","isPartOf":{"@id":"https:\/\/denizcankizil.tr\/uk\/haberler\/antalya\/geri-donusum-deposunda-yangin\/"},"author":{"name":"Av. Deniz Can K\u0131z\u0131l","@id":"https:\/\/denizcankizil.tr\/de\/#\/schema\/person\/5dc1b22991bd7ac833867c10afc9b0ff"},"headline":"Geri d\u00f6n\u00fc\u015f\u00fcm deposunda yang\u0131n","datePublished":"2025-02-22T10:41:22+00:00","mainEntityOfPage":{"@id":"https:\/\/denizcankizil.tr\/uk\/haberler\/antalya\/geri-donusum-deposunda-yangin\/"},"wordCount":341,"commentCount":0,"publisher":{"@id":"https:\/\/denizcankizil.tr\/de\/#organization"},"articleSection":["Antalya"],"inLanguage":"uk","potentialAction":[{"@type":"CommentAction","name":"Comment","target":["https:\/\/denizcankizil.tr\/uk\/haberler\/antalya\/geri-donusum-deposunda-yangin\/#respond"]}]},{"@type":"WebPage","@id":"https:\/\/denizcankizil.tr\/uk\/haberler\/antalya\/geri-donusum-deposunda-yangin\/","url":"https:\/\/denizcankizil.tr\/uk\/haberler\/antalya\/geri-donusum-deposunda-yangin\/","name":"Geri d\u00f6n\u00fc\u015f\u00fcm deposunda yang\u0131n - Av. Deniz Can K\u0131z\u0131l","isPartOf":{"@id":"https:\/\/denizcankizil.tr\/de\/#website"},"datePublished":"2025-02-22T10:41:22+00:00","breadcrumb":{"@id":"https:\/\/denizcankizil.tr\/uk\/haberler\/antalya\/geri-donusum-deposunda-yangin\/#breadcrumb"},"inLanguage":"uk","potentialAction":[{"@type":"ReadAction","target":["https:\/\/denizcankizil.tr\/uk\/haberler\/antalya\/geri-donusum-deposunda-yangin\/"]}]},{"@type":"BreadcrumbList","@id":"https:\/\/denizcankizil.tr\/uk\/haberler\/antalya\/geri-donusum-deposunda-yangin\/#breadcrumb","itemListElement":[{"@type":"ListItem","position":1,"name":"Home","item":"https:\/\/denizcankizil.tr\/de\/"},{"@type":"ListItem","position":2,"name":"Geri d\u00f6n\u00fc\u015f\u00fcm deposunda yang\u0131n"}]},{"@type":"WebSite","@id":"https:\/\/denizcankizil.tr\/de\/#website","url":"https:\/\/denizcankizil.tr\/de\/","name":"Av. Deniz Can K\u0131z\u0131l","description":"Avukat Deniz Can K\u0131z\u0131l Antalya Barosu","publisher":{"@id":"https:\/\/denizcankizil.tr\/de\/#organization"},"potentialAction":[{"@type":"SearchAction","target":{"@type":"EntryPoint","urlTemplate":"https:\/\/denizcankizil.tr\/de\/?s={search_term_string}"},"query-input":{"@type":"PropertyValueSpecification","valueRequired":true,"valueName":"search_term_string"}}],"inLanguage":"uk"},{"@type":"Organization","@id":"https:\/\/denizcankizil.tr\/de\/#organization","name":"Av. Deniz Can K\u0131z\u0131l","url":"https:\/\/denizcankizil.tr\/de\/","logo":{"@type":"ImageObject","inLanguage":"uk","@id":"https:\/\/denizcankizil.tr\/de\/#\/schema\/logo\/image\/","url":"https:\/\/denizcankizil.tr\/wp-content\/uploads\/2024\/10\/siyah-logo-svg.svg","contentUrl":"https:\/\/denizcankizil.tr\/wp-content\/uploads\/2024\/10\/siyah-logo-svg.svg","width":1080,"height":1080,"caption":"Av. Deniz Can K\u0131z\u0131l"},"image":{"@id":"https:\/\/denizcankizil.tr\/de\/#\/schema\/logo\/image\/"}},{"@type":"Person","@id":"https:\/\/denizcankizil.tr\/de\/#\/schema\/person\/5dc1b22991bd7ac833867c10afc9b0ff","name":"Av. Deniz Can K\u0131z\u0131l","image":{"@type":"ImageObject","inLanguage":"uk","@id":"https:\/\/denizcankizil.tr\/de\/#\/schema\/person\/image\/","url":"https:\/\/secure.gravatar.com\/avatar\/a0b128fb9855c79efc976d5640eedb31dc35ec297594d6016d2cf7c60e975bb6?s=96&d=mm&r=g","contentUrl":"https:\/\/secure.gravatar.com\/avatar\/a0b128fb9855c79efc976d5640eedb31dc35ec297594d6016d2cf7c60e975bb6?s=96&d=mm&r=g","caption":"Av. Deniz Can K\u0131z\u0131l"},"sameAs":["http:\/\/www.denizcankizil.tr"],"url":"https:\/\/denizcankizil.tr\/uk\/author\/denizcankizil\/"}]}},"_links":{"self":[{"href":"https:\/\/denizcankizil.tr\/uk\/wp-json\/wp\/v2\/posts\/33890","targetHints":{"allow":["GET"]}}],"collection":[{"href":"https:\/\/denizcankizil.tr\/uk\/wp-json\/wp\/v2\/posts"}],"about":[{"href":"https:\/\/denizcankizil.tr\/uk\/wp-json\/wp\/v2\/types\/post"}],"author":[{"embeddable":true,"href":"https:\/\/denizcankizil.tr\/uk\/wp-json\/wp\/v2\/users\/4"}],"replies":[{"embeddable":true,"href":"https:\/\/denizcankizil.tr\/uk\/wp-json\/wp\/v2\/comments?post=33890"}],"version-history":[{"count":0,"href":"https:\/\/denizcankizil.tr\/uk\/wp-json\/wp\/v2\/posts\/33890\/revisions"}],"wp:attachment":[{"href":"https:\/\/denizcankizil.tr\/uk\/wp-json\/wp\/v2\/media?parent=33890"}],"wp:term":[{"taxonomy":"category","embeddable":true,"href":"https:\/\/denizcankizil.tr\/uk\/wp-json\/wp\/v2\/categories?post=33890"},{"taxonomy":"post_tag","embeddable":true,"href":"https:\/\/denizcankizil.tr\/uk\/wp-json\/wp\/v2\/tags?post=33890"}],"curies":[{"name":"wp","href":"https:\/\/api.w.org\/{rel}","templated":true}]}}