{"id":33796,"date":"2025-02-21T14:41:34","date_gmt":"2025-02-21T11:41:34","guid":{"rendered":"https:\/\/denizcankizil.tr\/uncategorized-tr\/2025-yilinin-ilk-cevre-kurulu-toplantisi-gerceklestirildi\/"},"modified":"2025-02-21T14:41:34","modified_gmt":"2025-02-21T11:41:34","slug":"2025-yilinin-ilk-cevre-kurulu-toplantisi-gerceklestirildi","status":"publish","type":"post","link":"https:\/\/denizcankizil.tr\/uk\/haberler\/antalya\/2025-yilinin-ilk-cevre-kurulu-toplantisi-gerceklestirildi\/","title":{"rendered":"2025 y\u0131l\u0131n\u0131n ilk \u00c7evre Kurulu toplant\u0131s\u0131 ger\u00e7ekle\u015ftirildi"},"content":{"rendered":"<p>B\u00fcy\u00fck\u015fehir Belediyesi\u2019nde d\u00fczenlenen toplant\u0131ya, Antalya B\u00fcy\u00fck\u015fehir Belediyesi Ba\u015fkan Dan\u0131\u015fman\u0131 ve \u00c7evre Kurulu Ba\u015fkan\u0131 Lokman Atasoy, \u00c7evre Koruma ve Kontrol Daire Ba\u015fkan\u0131 Bur\u00e7in \u00d6zkan, \u0130klim De\u011fi\u015fikli\u011fi ve S\u0131f\u0131r At\u0131k Daire Ba\u015fkan\u0131 Melike Kire\u00e7ciba\u015f\u0131, akademisyenler, ziraat odalar\u0131, meslek odalar\u0131 ile kamu kurum ve kurulu\u015flar\u0131n\u0131n temsilcileri kat\u0131ld\u0131.<br \/>\nToplant\u0131da Antalya B\u00fcy\u00fck\u015fehir Belediyesi\u2019nin \u00c7evre Dostu \u00c7ift\u00e7i Kart Projesi ve at\u0131k y\u00f6netimi \u00e7al\u0131\u015fmalar\u0131 \u00fczerinde duruldu. Ba\u015fkan Dan\u0131\u015fman\u0131 Lokman Atasoy, Entegre Kat\u0131 At\u0131k Tesislerinde organik at\u0131klar\u0131n kompost, s\u0131v\u0131 ve kat\u0131 fermente g\u00fcbre ile pH d\u00fczenleyiciye d\u00f6n\u00fc\u015ft\u00fcr\u00fclerek bu \u00fcr\u00fcnlerin etkin kullan\u0131m\u0131 i\u00e7in ziraat odalar\u0131, akademisyenler ve ilgili kurumlarla i\u015f birli\u011fi yap\u0131ld\u0131\u011f\u0131n\u0131 s\u00f6yledi. Atasoy, \u00e7ift\u00e7ilere destek sa\u011flayacak \u00e7ok \u00f6nemli bir \u00e7evre projesini daha Antalya\u2019ya kazand\u0131rmay\u0131 hedeflediklerini, pilot uygulamalar neticesinde elde edilecek sonu\u00e7lar\u0131n \u00e7evre kurulu ile tekrar de\u011ferlendirilece\u011fini ifade etti.<\/p>\n<p>\u00c7ift\u00e7i kart projesi daha fazla il\u00e7eye yay\u0131lacak<br \/>\nS\u0131f\u0131r At\u0131k ve \u00c7evre E\u011fitim \u015eube M\u00fcd\u00fcr\u00fc Fulya Koral ise Finike, Demre ve Kumluca il\u00e7elerinde ba\u015far\u0131yla uygulanan projeye Alanya, Serik, Aksu ve Kemer il\u00e7elerinin de eklenmesine y\u00f6nelik \u00e7al\u0131\u015fmalar\u0131n h\u0131zland\u0131\u011f\u0131n\u0131 ifade etti.<\/p>\n<p>&#8220;Kat\u0131 at\u0131klardan toprak iyile\u015ftirici \u00fcretimi&#8221;<br \/>\nAt\u0131k Y\u00f6netimi ve \u0130\u015fletmeler \u015eube M\u00fcd\u00fcrl\u00fc\u011f\u00fcnden \u00c7evre Y\u00fcksek M\u00fchendisi Fulya Edibe Hal\u0131c\u0131lar da toplant\u0131da evsel kat\u0131 at\u0131klardan elde edilen toprak iyile\u015ftiriciler hakk\u0131nda bilgi verdi. Hal\u0131c\u0131lar, &#8220;2023 May\u0131s ay\u0131ndan itibaren bu \u00fcr\u00fcnlerin deneme \u00e7al\u0131\u015fmalar\u0131na ba\u015flad\u0131k. Park ve Bah\u00e7eler Daire Ba\u015fkanl\u0131\u011f\u0131m\u0131z ve Tar\u0131msal Hizmetler Daire Ba\u015fkanl\u0131\u011f\u0131m\u0131z ile belediyemize ait peyzaj alanlar\u0131m\u0131zda, sera alanlar\u0131m\u0131zda denemelerini ger\u00e7ekle\u015ftirdik. Olumu sonu\u00e7lar ald\u0131k. Lavanta bah\u00e7elerimizde de bu \u00fcr\u00fcnlerin kullan\u0131m\u0131na y\u00f6nelik testler ger\u00e7ekle\u015ftirilecek. K\u0131z\u0131ll\u0131 Entegre Tesisleri b\u00f6lgesinde kurmay\u0131 planlad\u0131\u011f\u0131m\u0131z bir serada AR-GE \u00e7al\u0131\u015fmalar\u0131 da yap\u0131lacak&#8221; dedi.<br \/>\n\u0130klim De\u011fi\u015fikli\u011fi \u015eube M\u00fcd\u00fcrl\u00fc\u011f\u00fcnde g\u00f6revli Dr. Fulya Kandemir, Avrupa Birli\u011fi taraf\u0131ndan desteklenen toplam 20 milyon Euro b\u00fct\u00e7eli CLIMAAX projesi hakk\u0131nda bilgi verdi. Projenin odak noktas\u0131n\u0131n, \u00f6zellikle yaz aylar\u0131nda uzun s\u00fcren s\u0131cakl\u0131k art\u0131\u015flar\u0131 ve kentsel \u0131s\u0131 adalar\u0131n\u0131n etkilerini analiz etmek oldu\u011funu vurgulayan Kandemir, &#8220;Amac\u0131m\u0131z, 19 il\u00e7ede kentsel \u0131s\u0131 adas\u0131 olarak adland\u0131r\u0131lan ve iklim de\u011fi\u015fikli\u011finden kaynaklanan s\u0131cakl\u0131k art\u0131\u015flar\u0131n\u0131 teknik olarak incelemektir&#8221; dedi. Kandemir, Antalya B\u00fcy\u00fck\u015fehir Belediyesinin proje \u00e7al\u0131\u015fmalar\u0131n\u0131 d\u0131\u015far\u0131dan teknik destek almadan, kendi b\u00fcnyesindeki m\u00fchendisler ve bilim insanlar\u0131yla y\u00fcr\u00fctt\u00fc\u011f\u00fcn\u00fc belirtti.<\/p>\n<p>Kaynak: www.kanalv.com.tr Haber Sitesinden Al\u0131nm\u0131\u015ft\u0131r.<\/p>","protected":false},"excerpt":{"rendered":"<p>B\u00fcy\u00fck\u015fehir Belediyesi\u2019nde d\u00fczenlenen toplant\u0131ya, Antalya B\u00fcy\u00fck\u015fehir Belediyesi Ba\u015fkan Dan\u0131\u015fman\u0131 ve \u00c7evre Kurulu Ba\u015fkan\u0131 Lokman Atasoy, \u00c7evre Koruma ve Kontrol Daire Ba\u015fkan\u0131 Bur\u00e7in \u00d6zkan, \u0130klim De\u011fi\u015fikli\u011fi ve S\u0131f\u0131r At\u0131k Daire Ba\u015fkan\u0131 Melike Kire\u00e7ciba\u015f\u0131, akademisyenler, ziraat odalar\u0131, meslek odalar\u0131 ile kamu kurum ve kurulu\u015flar\u0131n\u0131n temsilcileri kat\u0131ld\u0131. Toplant\u0131da Antalya B\u00fcy\u00fck\u015fehir Belediyesi\u2019nin \u00c7evre Dostu \u00c7ift\u00e7i Kart Projesi ve at\u0131k y\u00f6netimi \u00e7al\u0131\u015fmalar\u0131 \u00fczerinde duruldu. Ba\u015fkan Dan\u0131\u015fman\u0131 Lokman Atasoy, Entegre Kat\u0131 At\u0131k Tesislerinde organik at\u0131klar\u0131n kompost, s\u0131v\u0131 ve kat\u0131 fermente g\u00fcbre ile pH d\u00fczenleyiciye d\u00f6n\u00fc\u015ft\u00fcr\u00fclerek bu \u00fcr\u00fcnlerin etkin kullan\u0131m\u0131 i\u00e7in ziraat odalar\u0131, akademisyenler ve ilgili kurumlarla i\u015f birli\u011fi yap\u0131ld\u0131\u011f\u0131n\u0131 s\u00f6yledi. Atasoy, \u00e7ift\u00e7ilere destek sa\u011flayacak \u00e7ok \u00f6nemli bir \u00e7evre projesini daha Antalya\u2019ya kazand\u0131rmay\u0131 hedeflediklerini, pilot uygulamalar neticesinde elde edilecek sonu\u00e7lar\u0131n \u00e7evre kurulu ile tekrar de\u011ferlendirilece\u011fini ifade etti. \u00c7ift\u00e7i kart projesi daha fazla il\u00e7eye yay\u0131lacak S\u0131f\u0131r At\u0131k ve \u00c7evre E\u011fitim \u015eube M\u00fcd\u00fcr\u00fc Fulya Koral ise Finike, Demre ve Kumluca il\u00e7elerinde ba\u015far\u0131yla uygulanan projeye Alanya, Serik, Aksu ve Kemer il\u00e7elerinin de eklenmesine y\u00f6nelik \u00e7al\u0131\u015fmalar\u0131n h\u0131zland\u0131\u011f\u0131n\u0131 ifade etti. &#8220;Kat\u0131 at\u0131klardan toprak iyile\u015ftirici \u00fcretimi&#8221; At\u0131k Y\u00f6netimi ve \u0130\u015fletmeler \u015eube M\u00fcd\u00fcrl\u00fc\u011f\u00fcnden \u00c7evre Y\u00fcksek M\u00fchendisi Fulya Edibe Hal\u0131c\u0131lar da toplant\u0131da evsel kat\u0131 at\u0131klardan elde edilen toprak iyile\u015ftiriciler hakk\u0131nda bilgi verdi. Hal\u0131c\u0131lar, &#8220;2023 May\u0131s ay\u0131ndan itibaren bu \u00fcr\u00fcnlerin deneme \u00e7al\u0131\u015fmalar\u0131na ba\u015flad\u0131k. Park ve Bah\u00e7eler &hellip;<\/p>","protected":false},"author":4,"featured_media":33797,"comment_status":"open","ping_status":"open","sticky":false,"template":"","format":"standard","meta":{"_acf_changed":false,"footnotes":""},"categories":[26],"tags":[],"class_list":["post-33796","post","type-post","status-publish","format-standard","has-post-thumbnail","hentry","category-antalya"],"acf":[],"yoast_head":"<!-- This site is optimized with the Yoast SEO Premium plugin v26.6 (Yoast SEO v27.1.1) - https:\/\/yoast.com\/product\/yoast-seo-premium-wordpress\/ -->\n<title>2025 y\u0131l\u0131n\u0131n ilk \u00c7evre Kurulu toplant\u0131s\u0131 ger\u00e7ekle\u015ftirildi - Av. Deniz Can K\u0131z\u0131l<\/title>\n<meta name=\"robots\" content=\"index, follow, max-snippet:-1, max-image-preview:large, max-video-preview:-1\" \/>\n<link rel=\"canonical\" href=\"https:\/\/denizcankizil.tr\/uk\/haberler\/antalya\/2025-yilinin-ilk-cevre-kurulu-toplantisi-gerceklestirildi\/\" \/>\n<meta property=\"og:locale\" content=\"uk_UA\" \/>\n<meta property=\"og:type\" content=\"article\" \/>\n<meta property=\"og:title\" content=\"2025 y\u0131l\u0131n\u0131n ilk \u00c7evre Kurulu toplant\u0131s\u0131 ger\u00e7ekle\u015ftirildi\" \/>\n<meta property=\"og:description\" content=\"B\u00fcy\u00fck\u015fehir Belediyesi\u2019nde d\u00fczenlenen toplant\u0131ya, Antalya B\u00fcy\u00fck\u015fehir Belediyesi Ba\u015fkan Dan\u0131\u015fman\u0131 ve \u00c7evre Kurulu Ba\u015fkan\u0131 Lokman Atasoy, \u00c7evre Koruma ve Kontrol Daire Ba\u015fkan\u0131 Bur\u00e7in \u00d6zkan, \u0130klim De\u011fi\u015fikli\u011fi ve S\u0131f\u0131r At\u0131k Daire Ba\u015fkan\u0131 Melike Kire\u00e7ciba\u015f\u0131, akademisyenler, ziraat odalar\u0131, meslek odalar\u0131 ile kamu kurum ve kurulu\u015flar\u0131n\u0131n temsilcileri kat\u0131ld\u0131. Toplant\u0131da Antalya B\u00fcy\u00fck\u015fehir Belediyesi\u2019nin \u00c7evre Dostu \u00c7ift\u00e7i Kart Projesi ve at\u0131k y\u00f6netimi \u00e7al\u0131\u015fmalar\u0131 \u00fczerinde duruldu. Ba\u015fkan Dan\u0131\u015fman\u0131 Lokman Atasoy, Entegre Kat\u0131 At\u0131k Tesislerinde organik at\u0131klar\u0131n kompost, s\u0131v\u0131 ve kat\u0131 fermente g\u00fcbre ile pH d\u00fczenleyiciye d\u00f6n\u00fc\u015ft\u00fcr\u00fclerek bu \u00fcr\u00fcnlerin etkin kullan\u0131m\u0131 i\u00e7in ziraat odalar\u0131, akademisyenler ve ilgili kurumlarla i\u015f birli\u011fi yap\u0131ld\u0131\u011f\u0131n\u0131 s\u00f6yledi. Atasoy, \u00e7ift\u00e7ilere destek sa\u011flayacak \u00e7ok \u00f6nemli bir \u00e7evre projesini daha Antalya\u2019ya kazand\u0131rmay\u0131 hedeflediklerini, pilot uygulamalar neticesinde elde edilecek sonu\u00e7lar\u0131n \u00e7evre kurulu ile tekrar de\u011ferlendirilece\u011fini ifade etti. \u00c7ift\u00e7i kart projesi daha fazla il\u00e7eye yay\u0131lacak S\u0131f\u0131r At\u0131k ve \u00c7evre E\u011fitim \u015eube M\u00fcd\u00fcr\u00fc Fulya Koral ise Finike, Demre ve Kumluca il\u00e7elerinde ba\u015far\u0131yla uygulanan projeye Alanya, Serik, Aksu ve Kemer il\u00e7elerinin de eklenmesine y\u00f6nelik \u00e7al\u0131\u015fmalar\u0131n h\u0131zland\u0131\u011f\u0131n\u0131 ifade etti. &#8220;Kat\u0131 at\u0131klardan toprak iyile\u015ftirici \u00fcretimi&#8221; At\u0131k Y\u00f6netimi ve \u0130\u015fletmeler \u015eube M\u00fcd\u00fcrl\u00fc\u011f\u00fcnden \u00c7evre Y\u00fcksek M\u00fchendisi Fulya Edibe Hal\u0131c\u0131lar da toplant\u0131da evsel kat\u0131 at\u0131klardan elde edilen toprak iyile\u015ftiriciler hakk\u0131nda bilgi verdi. Hal\u0131c\u0131lar, &#8220;2023 May\u0131s ay\u0131ndan itibaren bu \u00fcr\u00fcnlerin deneme \u00e7al\u0131\u015fmalar\u0131na ba\u015flad\u0131k. Park ve Bah\u00e7eler &hellip;\" \/>\n<meta property=\"og:url\" content=\"https:\/\/denizcankizil.tr\/uk\/haberler\/antalya\/2025-yilinin-ilk-cevre-kurulu-toplantisi-gerceklestirildi\/\" \/>\n<meta property=\"og:site_name\" content=\"Av. Deniz Can K\u0131z\u0131l\" \/>\n<meta property=\"article:published_time\" content=\"2025-02-21T11:41:34+00:00\" \/>\n<meta property=\"og:image\" content=\"https:\/\/denizcankizil.tr\/wp-content\/uploads\/2025\/02\/5106-01-IhDvIw.jpeg\" \/>\n\t<meta property=\"og:image:width\" content=\"1280\" \/>\n\t<meta property=\"og:image:height\" content=\"720\" \/>\n\t<meta property=\"og:image:type\" content=\"image\/jpeg\" \/>\n<meta name=\"author\" content=\"Av. Deniz Can K\u0131z\u0131l\" \/>\n<meta name=\"twitter:card\" content=\"summary_large_image\" \/>\n<meta name=\"twitter:label1\" content=\"\u041d\u0430\u043f\u0438\u0441\u0430\u043d\u043e\" \/>\n\t<meta name=\"twitter:data1\" content=\"Av. Deniz Can K\u0131z\u0131l\" \/>\n\t<meta name=\"twitter:label2\" content=\"\u041f\u0440\u0438\u0431\u043b. \u0447\u0430\u0441 \u0447\u0438\u0442\u0430\u043d\u043d\u044f\" \/>\n\t<meta name=\"twitter:data2\" content=\"3 \u0445\u0432\u0438\u043b\u0438\u043d\u0438\" \/>\n<script type=\"application\/ld+json\" class=\"yoast-schema-graph\">{\"@context\":\"https:\/\/schema.org\",\"@graph\":[{\"@type\":\"Article\",\"@id\":\"https:\/\/denizcankizil.tr\/uk\/haberler\/antalya\/2025-yilinin-ilk-cevre-kurulu-toplantisi-gerceklestirildi\/#article\",\"isPartOf\":{\"@id\":\"https:\/\/denizcankizil.tr\/uk\/haberler\/antalya\/2025-yilinin-ilk-cevre-kurulu-toplantisi-gerceklestirildi\/\"},\"author\":{\"name\":\"Av. Deniz Can K\u0131z\u0131l\",\"@id\":\"https:\/\/denizcankizil.tr\/de\/#\/schema\/person\/5dc1b22991bd7ac833867c10afc9b0ff\"},\"headline\":\"2025 y\u0131l\u0131n\u0131n ilk \u00c7evre Kurulu toplant\u0131s\u0131 ger\u00e7ekle\u015ftirildi\",\"datePublished\":\"2025-02-21T11:41:34+00:00\",\"mainEntityOfPage\":{\"@id\":\"https:\/\/denizcankizil.tr\/uk\/haberler\/antalya\/2025-yilinin-ilk-cevre-kurulu-toplantisi-gerceklestirildi\/\"},\"wordCount\":520,\"commentCount\":0,\"publisher\":{\"@id\":\"https:\/\/denizcankizil.tr\/de\/#organization\"},\"image\":{\"@id\":\"https:\/\/denizcankizil.tr\/uk\/haberler\/antalya\/2025-yilinin-ilk-cevre-kurulu-toplantisi-gerceklestirildi\/#primaryimage\"},\"thumbnailUrl\":\"https:\/\/denizcankizil.tr\/wp-content\/uploads\/2025\/02\/5106-01-IhDvIw.jpeg\",\"articleSection\":[\"Antalya\"],\"inLanguage\":\"uk\",\"potentialAction\":[{\"@type\":\"CommentAction\",\"name\":\"Comment\",\"target\":[\"https:\/\/denizcankizil.tr\/uk\/haberler\/antalya\/2025-yilinin-ilk-cevre-kurulu-toplantisi-gerceklestirildi\/#respond\"]}]},{\"@type\":\"WebPage\",\"@id\":\"https:\/\/denizcankizil.tr\/uk\/haberler\/antalya\/2025-yilinin-ilk-cevre-kurulu-toplantisi-gerceklestirildi\/\",\"url\":\"https:\/\/denizcankizil.tr\/uk\/haberler\/antalya\/2025-yilinin-ilk-cevre-kurulu-toplantisi-gerceklestirildi\/\",\"name\":\"2025 y\u0131l\u0131n\u0131n ilk \u00c7evre Kurulu toplant\u0131s\u0131 ger\u00e7ekle\u015ftirildi - Av. Deniz Can K\u0131z\u0131l\",\"isPartOf\":{\"@id\":\"https:\/\/denizcankizil.tr\/de\/#website\"},\"primaryImageOfPage\":{\"@id\":\"https:\/\/denizcankizil.tr\/uk\/haberler\/antalya\/2025-yilinin-ilk-cevre-kurulu-toplantisi-gerceklestirildi\/#primaryimage\"},\"image\":{\"@id\":\"https:\/\/denizcankizil.tr\/uk\/haberler\/antalya\/2025-yilinin-ilk-cevre-kurulu-toplantisi-gerceklestirildi\/#primaryimage\"},\"thumbnailUrl\":\"https:\/\/denizcankizil.tr\/wp-content\/uploads\/2025\/02\/5106-01-IhDvIw.jpeg\",\"datePublished\":\"2025-02-21T11:41:34+00:00\",\"breadcrumb\":{\"@id\":\"https:\/\/denizcankizil.tr\/uk\/haberler\/antalya\/2025-yilinin-ilk-cevre-kurulu-toplantisi-gerceklestirildi\/#breadcrumb\"},\"inLanguage\":\"uk\",\"potentialAction\":[{\"@type\":\"ReadAction\",\"target\":[\"https:\/\/denizcankizil.tr\/uk\/haberler\/antalya\/2025-yilinin-ilk-cevre-kurulu-toplantisi-gerceklestirildi\/\"]}]},{\"@type\":\"ImageObject\",\"inLanguage\":\"uk\",\"@id\":\"https:\/\/denizcankizil.tr\/uk\/haberler\/antalya\/2025-yilinin-ilk-cevre-kurulu-toplantisi-gerceklestirildi\/#primaryimage\",\"url\":\"https:\/\/denizcankizil.tr\/wp-content\/uploads\/2025\/02\/5106-01-IhDvIw.jpeg\",\"contentUrl\":\"https:\/\/denizcankizil.tr\/wp-content\/uploads\/2025\/02\/5106-01-IhDvIw.jpeg\",\"width\":1280,\"height\":720},{\"@type\":\"BreadcrumbList\",\"@id\":\"https:\/\/denizcankizil.tr\/uk\/haberler\/antalya\/2025-yilinin-ilk-cevre-kurulu-toplantisi-gerceklestirildi\/#breadcrumb\",\"itemListElement\":[{\"@type\":\"ListItem\",\"position\":1,\"name\":\"Home\",\"item\":\"https:\/\/denizcankizil.tr\/de\/\"},{\"@type\":\"ListItem\",\"position\":2,\"name\":\"2025 y\u0131l\u0131n\u0131n ilk \u00c7evre Kurulu toplant\u0131s\u0131 ger\u00e7ekle\u015ftirildi\"}]},{\"@type\":\"WebSite\",\"@id\":\"https:\/\/denizcankizil.tr\/de\/#website\",\"url\":\"https:\/\/denizcankizil.tr\/de\/\",\"name\":\"Av. Deniz Can K\u0131z\u0131l\",\"description\":\"Avukat Deniz Can K\u0131z\u0131l Antalya Barosu\",\"publisher\":{\"@id\":\"https:\/\/denizcankizil.tr\/de\/#organization\"},\"potentialAction\":[{\"@type\":\"SearchAction\",\"target\":{\"@type\":\"EntryPoint\",\"urlTemplate\":\"https:\/\/denizcankizil.tr\/de\/?s={search_term_string}\"},\"query-input\":{\"@type\":\"PropertyValueSpecification\",\"valueRequired\":true,\"valueName\":\"search_term_string\"}}],\"inLanguage\":\"uk\"},{\"@type\":\"Organization\",\"@id\":\"https:\/\/denizcankizil.tr\/de\/#organization\",\"name\":\"Av. Deniz Can K\u0131z\u0131l\",\"url\":\"https:\/\/denizcankizil.tr\/de\/\",\"logo\":{\"@type\":\"ImageObject\",\"inLanguage\":\"uk\",\"@id\":\"https:\/\/denizcankizil.tr\/de\/#\/schema\/logo\/image\/\",\"url\":\"https:\/\/denizcankizil.tr\/wp-content\/uploads\/2024\/10\/siyah-logo-svg.svg\",\"contentUrl\":\"https:\/\/denizcankizil.tr\/wp-content\/uploads\/2024\/10\/siyah-logo-svg.svg\",\"width\":1080,\"height\":1080,\"caption\":\"Av. Deniz Can K\u0131z\u0131l\"},\"image\":{\"@id\":\"https:\/\/denizcankizil.tr\/de\/#\/schema\/logo\/image\/\"}},{\"@type\":\"Person\",\"@id\":\"https:\/\/denizcankizil.tr\/de\/#\/schema\/person\/5dc1b22991bd7ac833867c10afc9b0ff\",\"name\":\"Av. Deniz Can K\u0131z\u0131l\",\"image\":{\"@type\":\"ImageObject\",\"inLanguage\":\"uk\",\"@id\":\"https:\/\/denizcankizil.tr\/de\/#\/schema\/person\/image\/\",\"url\":\"https:\/\/secure.gravatar.com\/avatar\/a0b128fb9855c79efc976d5640eedb31dc35ec297594d6016d2cf7c60e975bb6?s=96&d=mm&r=g\",\"contentUrl\":\"https:\/\/secure.gravatar.com\/avatar\/a0b128fb9855c79efc976d5640eedb31dc35ec297594d6016d2cf7c60e975bb6?s=96&d=mm&r=g\",\"caption\":\"Av. Deniz Can K\u0131z\u0131l\"},\"sameAs\":[\"http:\/\/www.denizcankizil.tr\"],\"url\":\"https:\/\/denizcankizil.tr\/uk\/author\/denizcankizil\/\"}]}<\/script>\n<!-- \/ Yoast SEO Premium plugin. -->","yoast_head_json":{"title":"2025 y\u0131l\u0131n\u0131n ilk \u00c7evre Kurulu toplant\u0131s\u0131 ger\u00e7ekle\u015ftirildi - Av. Deniz Can K\u0131z\u0131l","robots":{"index":"index","follow":"follow","max-snippet":"max-snippet:-1","max-image-preview":"max-image-preview:large","max-video-preview":"max-video-preview:-1"},"canonical":"https:\/\/denizcankizil.tr\/uk\/haberler\/antalya\/2025-yilinin-ilk-cevre-kurulu-toplantisi-gerceklestirildi\/","og_locale":"uk_UA","og_type":"article","og_title":"2025 y\u0131l\u0131n\u0131n ilk \u00c7evre Kurulu toplant\u0131s\u0131 ger\u00e7ekle\u015ftirildi","og_description":"B\u00fcy\u00fck\u015fehir Belediyesi\u2019nde d\u00fczenlenen toplant\u0131ya, Antalya B\u00fcy\u00fck\u015fehir Belediyesi Ba\u015fkan Dan\u0131\u015fman\u0131 ve \u00c7evre Kurulu Ba\u015fkan\u0131 Lokman Atasoy, \u00c7evre Koruma ve Kontrol Daire Ba\u015fkan\u0131 Bur\u00e7in \u00d6zkan, \u0130klim De\u011fi\u015fikli\u011fi ve S\u0131f\u0131r At\u0131k Daire Ba\u015fkan\u0131 Melike Kire\u00e7ciba\u015f\u0131, akademisyenler, ziraat odalar\u0131, meslek odalar\u0131 ile kamu kurum ve kurulu\u015flar\u0131n\u0131n temsilcileri kat\u0131ld\u0131. Toplant\u0131da Antalya B\u00fcy\u00fck\u015fehir Belediyesi\u2019nin \u00c7evre Dostu \u00c7ift\u00e7i Kart Projesi ve at\u0131k y\u00f6netimi \u00e7al\u0131\u015fmalar\u0131 \u00fczerinde duruldu. Ba\u015fkan Dan\u0131\u015fman\u0131 Lokman Atasoy, Entegre Kat\u0131 At\u0131k Tesislerinde organik at\u0131klar\u0131n kompost, s\u0131v\u0131 ve kat\u0131 fermente g\u00fcbre ile pH d\u00fczenleyiciye d\u00f6n\u00fc\u015ft\u00fcr\u00fclerek bu \u00fcr\u00fcnlerin etkin kullan\u0131m\u0131 i\u00e7in ziraat odalar\u0131, akademisyenler ve ilgili kurumlarla i\u015f birli\u011fi yap\u0131ld\u0131\u011f\u0131n\u0131 s\u00f6yledi. Atasoy, \u00e7ift\u00e7ilere destek sa\u011flayacak \u00e7ok \u00f6nemli bir \u00e7evre projesini daha Antalya\u2019ya kazand\u0131rmay\u0131 hedeflediklerini, pilot uygulamalar neticesinde elde edilecek sonu\u00e7lar\u0131n \u00e7evre kurulu ile tekrar de\u011ferlendirilece\u011fini ifade etti. \u00c7ift\u00e7i kart projesi daha fazla il\u00e7eye yay\u0131lacak S\u0131f\u0131r At\u0131k ve \u00c7evre E\u011fitim \u015eube M\u00fcd\u00fcr\u00fc Fulya Koral ise Finike, Demre ve Kumluca il\u00e7elerinde ba\u015far\u0131yla uygulanan projeye Alanya, Serik, Aksu ve Kemer il\u00e7elerinin de eklenmesine y\u00f6nelik \u00e7al\u0131\u015fmalar\u0131n h\u0131zland\u0131\u011f\u0131n\u0131 ifade etti. &#8220;Kat\u0131 at\u0131klardan toprak iyile\u015ftirici \u00fcretimi&#8221; At\u0131k Y\u00f6netimi ve \u0130\u015fletmeler \u015eube M\u00fcd\u00fcrl\u00fc\u011f\u00fcnden \u00c7evre Y\u00fcksek M\u00fchendisi Fulya Edibe Hal\u0131c\u0131lar da toplant\u0131da evsel kat\u0131 at\u0131klardan elde edilen toprak iyile\u015ftiriciler hakk\u0131nda bilgi verdi. Hal\u0131c\u0131lar, &#8220;2023 May\u0131s ay\u0131ndan itibaren bu \u00fcr\u00fcnlerin deneme \u00e7al\u0131\u015fmalar\u0131na ba\u015flad\u0131k. Park ve Bah\u00e7eler &hellip;","og_url":"https:\/\/denizcankizil.tr\/uk\/haberler\/antalya\/2025-yilinin-ilk-cevre-kurulu-toplantisi-gerceklestirildi\/","og_site_name":"Av. Deniz Can K\u0131z\u0131l","article_published_time":"2025-02-21T11:41:34+00:00","og_image":[{"width":1280,"height":720,"url":"https:\/\/denizcankizil.tr\/wp-content\/uploads\/2025\/02\/5106-01-IhDvIw.jpeg","type":"image\/jpeg"}],"author":"Av. Deniz Can K\u0131z\u0131l","twitter_card":"summary_large_image","twitter_misc":{"\u041d\u0430\u043f\u0438\u0441\u0430\u043d\u043e":"Av. Deniz Can K\u0131z\u0131l","\u041f\u0440\u0438\u0431\u043b. \u0447\u0430\u0441 \u0447\u0438\u0442\u0430\u043d\u043d\u044f":"3 \u0445\u0432\u0438\u043b\u0438\u043d\u0438"},"schema":{"@context":"https:\/\/schema.org","@graph":[{"@type":"Article","@id":"https:\/\/denizcankizil.tr\/uk\/haberler\/antalya\/2025-yilinin-ilk-cevre-kurulu-toplantisi-gerceklestirildi\/#article","isPartOf":{"@id":"https:\/\/denizcankizil.tr\/uk\/haberler\/antalya\/2025-yilinin-ilk-cevre-kurulu-toplantisi-gerceklestirildi\/"},"author":{"name":"Av. Deniz Can K\u0131z\u0131l","@id":"https:\/\/denizcankizil.tr\/de\/#\/schema\/person\/5dc1b22991bd7ac833867c10afc9b0ff"},"headline":"2025 y\u0131l\u0131n\u0131n ilk \u00c7evre Kurulu toplant\u0131s\u0131 ger\u00e7ekle\u015ftirildi","datePublished":"2025-02-21T11:41:34+00:00","mainEntityOfPage":{"@id":"https:\/\/denizcankizil.tr\/uk\/haberler\/antalya\/2025-yilinin-ilk-cevre-kurulu-toplantisi-gerceklestirildi\/"},"wordCount":520,"commentCount":0,"publisher":{"@id":"https:\/\/denizcankizil.tr\/de\/#organization"},"image":{"@id":"https:\/\/denizcankizil.tr\/uk\/haberler\/antalya\/2025-yilinin-ilk-cevre-kurulu-toplantisi-gerceklestirildi\/#primaryimage"},"thumbnailUrl":"https:\/\/denizcankizil.tr\/wp-content\/uploads\/2025\/02\/5106-01-IhDvIw.jpeg","articleSection":["Antalya"],"inLanguage":"uk","potentialAction":[{"@type":"CommentAction","name":"Comment","target":["https:\/\/denizcankizil.tr\/uk\/haberler\/antalya\/2025-yilinin-ilk-cevre-kurulu-toplantisi-gerceklestirildi\/#respond"]}]},{"@type":"WebPage","@id":"https:\/\/denizcankizil.tr\/uk\/haberler\/antalya\/2025-yilinin-ilk-cevre-kurulu-toplantisi-gerceklestirildi\/","url":"https:\/\/denizcankizil.tr\/uk\/haberler\/antalya\/2025-yilinin-ilk-cevre-kurulu-toplantisi-gerceklestirildi\/","name":"2025 y\u0131l\u0131n\u0131n ilk \u00c7evre Kurulu toplant\u0131s\u0131 ger\u00e7ekle\u015ftirildi - Av. Deniz Can K\u0131z\u0131l","isPartOf":{"@id":"https:\/\/denizcankizil.tr\/de\/#website"},"primaryImageOfPage":{"@id":"https:\/\/denizcankizil.tr\/uk\/haberler\/antalya\/2025-yilinin-ilk-cevre-kurulu-toplantisi-gerceklestirildi\/#primaryimage"},"image":{"@id":"https:\/\/denizcankizil.tr\/uk\/haberler\/antalya\/2025-yilinin-ilk-cevre-kurulu-toplantisi-gerceklestirildi\/#primaryimage"},"thumbnailUrl":"https:\/\/denizcankizil.tr\/wp-content\/uploads\/2025\/02\/5106-01-IhDvIw.jpeg","datePublished":"2025-02-21T11:41:34+00:00","breadcrumb":{"@id":"https:\/\/denizcankizil.tr\/uk\/haberler\/antalya\/2025-yilinin-ilk-cevre-kurulu-toplantisi-gerceklestirildi\/#breadcrumb"},"inLanguage":"uk","potentialAction":[{"@type":"ReadAction","target":["https:\/\/denizcankizil.tr\/uk\/haberler\/antalya\/2025-yilinin-ilk-cevre-kurulu-toplantisi-gerceklestirildi\/"]}]},{"@type":"ImageObject","inLanguage":"uk","@id":"https:\/\/denizcankizil.tr\/uk\/haberler\/antalya\/2025-yilinin-ilk-cevre-kurulu-toplantisi-gerceklestirildi\/#primaryimage","url":"https:\/\/denizcankizil.tr\/wp-content\/uploads\/2025\/02\/5106-01-IhDvIw.jpeg","contentUrl":"https:\/\/denizcankizil.tr\/wp-content\/uploads\/2025\/02\/5106-01-IhDvIw.jpeg","width":1280,"height":720},{"@type":"BreadcrumbList","@id":"https:\/\/denizcankizil.tr\/uk\/haberler\/antalya\/2025-yilinin-ilk-cevre-kurulu-toplantisi-gerceklestirildi\/#breadcrumb","itemListElement":[{"@type":"ListItem","position":1,"name":"Home","item":"https:\/\/denizcankizil.tr\/de\/"},{"@type":"ListItem","position":2,"name":"2025 y\u0131l\u0131n\u0131n ilk \u00c7evre Kurulu toplant\u0131s\u0131 ger\u00e7ekle\u015ftirildi"}]},{"@type":"WebSite","@id":"https:\/\/denizcankizil.tr\/de\/#website","url":"https:\/\/denizcankizil.tr\/de\/","name":"Av. Deniz Can K\u0131z\u0131l","description":"Avukat Deniz Can K\u0131z\u0131l Antalya Barosu","publisher":{"@id":"https:\/\/denizcankizil.tr\/de\/#organization"},"potentialAction":[{"@type":"SearchAction","target":{"@type":"EntryPoint","urlTemplate":"https:\/\/denizcankizil.tr\/de\/?s={search_term_string}"},"query-input":{"@type":"PropertyValueSpecification","valueRequired":true,"valueName":"search_term_string"}}],"inLanguage":"uk"},{"@type":"Organization","@id":"https:\/\/denizcankizil.tr\/de\/#organization","name":"Av. Deniz Can K\u0131z\u0131l","url":"https:\/\/denizcankizil.tr\/de\/","logo":{"@type":"ImageObject","inLanguage":"uk","@id":"https:\/\/denizcankizil.tr\/de\/#\/schema\/logo\/image\/","url":"https:\/\/denizcankizil.tr\/wp-content\/uploads\/2024\/10\/siyah-logo-svg.svg","contentUrl":"https:\/\/denizcankizil.tr\/wp-content\/uploads\/2024\/10\/siyah-logo-svg.svg","width":1080,"height":1080,"caption":"Av. Deniz Can K\u0131z\u0131l"},"image":{"@id":"https:\/\/denizcankizil.tr\/de\/#\/schema\/logo\/image\/"}},{"@type":"Person","@id":"https:\/\/denizcankizil.tr\/de\/#\/schema\/person\/5dc1b22991bd7ac833867c10afc9b0ff","name":"Av. Deniz Can K\u0131z\u0131l","image":{"@type":"ImageObject","inLanguage":"uk","@id":"https:\/\/denizcankizil.tr\/de\/#\/schema\/person\/image\/","url":"https:\/\/secure.gravatar.com\/avatar\/a0b128fb9855c79efc976d5640eedb31dc35ec297594d6016d2cf7c60e975bb6?s=96&d=mm&r=g","contentUrl":"https:\/\/secure.gravatar.com\/avatar\/a0b128fb9855c79efc976d5640eedb31dc35ec297594d6016d2cf7c60e975bb6?s=96&d=mm&r=g","caption":"Av. Deniz Can K\u0131z\u0131l"},"sameAs":["http:\/\/www.denizcankizil.tr"],"url":"https:\/\/denizcankizil.tr\/uk\/author\/denizcankizil\/"}]}},"_links":{"self":[{"href":"https:\/\/denizcankizil.tr\/uk\/wp-json\/wp\/v2\/posts\/33796","targetHints":{"allow":["GET"]}}],"collection":[{"href":"https:\/\/denizcankizil.tr\/uk\/wp-json\/wp\/v2\/posts"}],"about":[{"href":"https:\/\/denizcankizil.tr\/uk\/wp-json\/wp\/v2\/types\/post"}],"author":[{"embeddable":true,"href":"https:\/\/denizcankizil.tr\/uk\/wp-json\/wp\/v2\/users\/4"}],"replies":[{"embeddable":true,"href":"https:\/\/denizcankizil.tr\/uk\/wp-json\/wp\/v2\/comments?post=33796"}],"version-history":[{"count":0,"href":"https:\/\/denizcankizil.tr\/uk\/wp-json\/wp\/v2\/posts\/33796\/revisions"}],"wp:featuredmedia":[{"embeddable":true,"href":"https:\/\/denizcankizil.tr\/uk\/wp-json\/wp\/v2\/media\/33797"}],"wp:attachment":[{"href":"https:\/\/denizcankizil.tr\/uk\/wp-json\/wp\/v2\/media?parent=33796"}],"wp:term":[{"taxonomy":"category","embeddable":true,"href":"https:\/\/denizcankizil.tr\/uk\/wp-json\/wp\/v2\/categories?post=33796"},{"taxonomy":"post_tag","embeddable":true,"href":"https:\/\/denizcankizil.tr\/uk\/wp-json\/wp\/v2\/tags?post=33796"}],"curies":[{"name":"wp","href":"https:\/\/api.w.org\/{rel}","templated":true}]}}