{"id":33792,"date":"2025-02-21T14:41:15","date_gmt":"2025-02-21T11:41:15","guid":{"rendered":"https:\/\/denizcankizil.tr\/uncategorized-tr\/kozmetik-kongresi-antalyada-basladi\/"},"modified":"2025-02-21T14:41:15","modified_gmt":"2025-02-21T11:41:15","slug":"kozmetik-kongresi-antalyada-basladi","status":"publish","type":"post","link":"https:\/\/denizcankizil.tr\/uk\/haberler\/antalya\/kozmetik-kongresi-antalyada-basladi\/","title":{"rendered":"Kozmetik Kongresi, Antalya&#8217;da ba\u015flad\u0131"},"content":{"rendered":"<p>Kimyagerler Derne\u011fi taraf\u0131ndan 2011 y\u0131l\u0131ndan bu yana d\u00fczenlenen ve sekt\u00f6r\u00fcn en \u00f6nemli bulu\u015fmalar\u0131ndan biri haline gelen Kozmetik Kongresi, Antalya&#8217;da ba\u015flad\u0131. Bu y\u0131l 15&#8217;incisi d\u00fczenlenen kongre, Kimyagerler Derne\u011fi ve Atat\u00fcrk \u00dcniversitesi&#8217;nin ortak organizasyonu ile 20-22 \u015eubat tarihleri aras\u0131nda Antalya&#8217;n\u0131n turizm b\u00f6lgesinde bulunan 5 y\u0131ld\u0131zl\u0131 bir otelde ger\u00e7ekle\u015ftiriliyor.<br \/>\nKozmetik bilimi ve kozmetik sekt\u00f6r\u00fcyle yolu kesi\u015fen t\u00fcm payda\u015flar\u0131 bir araya getiren kongre, s\u00fcrd\u00fcr\u00fclebilir kozmetik \u00fcr\u00fcnler ve ye\u015fil \u00fcr\u00fcnler \u00fczerine yo\u011funla\u015f\u0131rken, sekt\u00f6r temsilcileri ve akademisyenleri ayn\u0131 platformda bulu\u015fturmay\u0131 hedefliyor.<\/p>\n<p>&#8220;Her y\u0131l oldu\u011fu gibi bu y\u0131l da buraday\u0131z&#8221;<br \/>\nAuran Kozmetik Kurucusu Abdullah Karata\u015f, Kimyagerler Derne\u011fi&#8217;nin d\u00fczenledi\u011fi 15. Kozmetik Kongresi&#8217;nde bu y\u0131l da yer ald\u0131klar\u0131n\u0131 belirterek, &#8220;Biz Kimyagerler Derne\u011fi olarak 15. Kozmetik Kongresi&#8217;ni d\u00fczenliyoruz ve bu y\u0131l da d\u00fczenleme kurulunday\u0131z. Auran Kozmetik olarak s\u00fcrekli kongrelere ve fuarlara kat\u0131l\u0131yoruz. 2024 y\u0131l\u0131nda 35 farkl\u0131 fuar ve kongreye kat\u0131ld\u0131k. 10 farkl\u0131 fuarda da stant a\u00e7t\u0131k. Kimyagerler Derne\u011fi&#8217;nin organize etti\u011fi bu kongre bizim i\u00e7in \u00e7ok k\u0131ymetli. Hem workshoplar hem de akademisyen hocalar\u0131m\u0131z\u0131n de\u011ferli sunumlar\u0131yla ciddi bir network ortam\u0131 olu\u015fuyor. Bu tarz dernekleri \u00e7ok etkili buluyoruz. Her y\u0131l kat\u0131ld\u0131\u011f\u0131m\u0131z gibi bu y\u0131l da burada yer ald\u0131k. Kongrede iki farkl\u0131 poster sunduk; birinde yeni projemizin lansman\u0131n\u0131, di\u011ferinde ise markam\u0131z\u0131 tan\u0131tt\u0131k&#8221; dedi.<\/p>\n<p>&#8220;500&#8217;\u00fcn \u00fczerinde kat\u0131l\u0131m sa\u011fland\u0131&#8221;<br \/>\nKongre Ba\u015fkan\u0131, Atat\u00fcrk \u00dcniversitesi Organik Kimya Anabilim Dal\u0131&#8217;ndan Prof. Dr. Serdar Burmao\u011flu, 15&#8217;inci kez d\u00fczenlenen bu kongrenin kozmetik sekt\u00f6r\u00fcn\u00fcn t\u00fcm payda\u015flar\u0131n\u0131 bir araya getirdi\u011fini belirterek, &#8220;\u00c7ok b\u00fcy\u00fck bir kat\u0131l\u0131m sa\u011flad\u0131k. Bu sene daha yo\u011fun bir ilgiyle kar\u015f\u0131la\u015ft\u0131k. 500&#8217;\u00fcn \u00fczerinde kat\u0131l\u0131m oldu. Kongrede, s\u00fcrd\u00fcr\u00fclebilir kozmetik \u00fcr\u00fcnler, ye\u015fil \u00fcr\u00fcnler, kozmetik \u00fcr\u00fcnlerin faydalar\u0131 ve yan etkilerin minimuma indirilebilmesi gibi konular\u0131 ele al\u0131yoruz. Bilimsel temelli bu organizasyonda, hem kamuya hem akademiye hem de sekt\u00f6r temsilcilerine maksimum fayda sa\u011flamay\u0131 ama\u00e7l\u0131yoruz&#8221; diye konu\u015ftu.<\/p>\n<p>&#8220;Bilim ve sekt\u00f6r\u00fc bulu\u015fturuyoruz&#8221;<br \/>\nKongre Ba\u015fkan Yard\u0131mc\u0131s\u0131 Fatih Ulu\u00e7ay ise yo\u011fun kat\u0131l\u0131ma dikkat \u00e7ekerek, &#8220;Bu sene 15.&#8217;sini d\u00fczenledi\u011fimiz Kozmetik Kongresi&#8217;nde, sekt\u00f6r ve bilimi bir araya getirerek payda\u015flar\u0131n ileti\u015fim kurmas\u0131n\u0131 sa\u011fl\u0131yoruz. S\u00fcrd\u00fcr\u00fclebilirlik ve kozmetik alan\u0131ndaki yenilikler konusunda kat\u0131l\u0131mc\u0131lara e\u011fitimler ve bilgilendirmeler yap\u0131yoruz&#8221; ifadelerini kulland\u0131.<br \/>\n15.Kozmetik Kongresi, akademisyenler, sekt\u00f6r temsilcileri ve \u00f6\u011frenciler i\u00e7in \u00f6nemli bir bulu\u015fma noktas\u0131 olurken, kozmetik alan\u0131ndaki yenilik\u00e7i yakla\u015f\u0131mlar\u0131n ve s\u00fcrd\u00fcr\u00fclebilir \u00e7\u00f6z\u00fcmlerin tart\u0131\u015f\u0131lmas\u0131na zemin haz\u0131rl\u0131yor.<\/p>\n<p>Kaynak: www.kanalv.com.tr Haber Sitesinden Al\u0131nm\u0131\u015ft\u0131r.<\/p>","protected":false},"excerpt":{"rendered":"<p>Kimyagerler Derne\u011fi taraf\u0131ndan 2011 y\u0131l\u0131ndan bu yana d\u00fczenlenen ve sekt\u00f6r\u00fcn en \u00f6nemli bulu\u015fmalar\u0131ndan biri haline gelen Kozmetik Kongresi, Antalya&#8217;da ba\u015flad\u0131. Bu y\u0131l 15&#8217;incisi d\u00fczenlenen kongre, Kimyagerler Derne\u011fi ve Atat\u00fcrk \u00dcniversitesi&#8217;nin ortak organizasyonu ile 20-22 \u015eubat tarihleri aras\u0131nda Antalya&#8217;n\u0131n turizm b\u00f6lgesinde bulunan 5 y\u0131ld\u0131zl\u0131 bir otelde ger\u00e7ekle\u015ftiriliyor. Kozmetik bilimi ve kozmetik sekt\u00f6r\u00fcyle yolu kesi\u015fen t\u00fcm payda\u015flar\u0131 bir araya getiren kongre, s\u00fcrd\u00fcr\u00fclebilir kozmetik \u00fcr\u00fcnler ve ye\u015fil \u00fcr\u00fcnler \u00fczerine yo\u011funla\u015f\u0131rken, sekt\u00f6r temsilcileri ve akademisyenleri ayn\u0131 platformda bulu\u015fturmay\u0131 hedefliyor. &#8220;Her y\u0131l oldu\u011fu gibi bu y\u0131l da buraday\u0131z&#8221; Auran Kozmetik Kurucusu Abdullah Karata\u015f, Kimyagerler Derne\u011fi&#8217;nin d\u00fczenledi\u011fi 15. Kozmetik Kongresi&#8217;nde bu y\u0131l da yer ald\u0131klar\u0131n\u0131 belirterek, &#8220;Biz Kimyagerler Derne\u011fi olarak 15. Kozmetik Kongresi&#8217;ni d\u00fczenliyoruz ve bu y\u0131l da d\u00fczenleme kurulunday\u0131z. Auran Kozmetik olarak s\u00fcrekli kongrelere ve fuarlara kat\u0131l\u0131yoruz. 2024 y\u0131l\u0131nda 35 farkl\u0131 fuar ve kongreye kat\u0131ld\u0131k. 10 farkl\u0131 fuarda da stant a\u00e7t\u0131k. Kimyagerler Derne\u011fi&#8217;nin organize etti\u011fi bu kongre bizim i\u00e7in \u00e7ok k\u0131ymetli. Hem workshoplar hem de akademisyen hocalar\u0131m\u0131z\u0131n de\u011ferli sunumlar\u0131yla ciddi bir network ortam\u0131 olu\u015fuyor. Bu tarz dernekleri \u00e7ok etkili buluyoruz. Her y\u0131l kat\u0131ld\u0131\u011f\u0131m\u0131z gibi bu y\u0131l da burada yer ald\u0131k. Kongrede iki farkl\u0131 poster sunduk; birinde yeni projemizin lansman\u0131n\u0131, di\u011ferinde ise markam\u0131z\u0131 tan\u0131tt\u0131k&#8221; dedi. &#8220;500&#8217;\u00fcn \u00fczerinde kat\u0131l\u0131m sa\u011fland\u0131&#8221; Kongre Ba\u015fkan\u0131, Atat\u00fcrk \u00dcniversitesi Organik Kimya Anabilim &hellip;<\/p>","protected":false},"author":4,"featured_media":33793,"comment_status":"open","ping_status":"open","sticky":false,"template":"","format":"standard","meta":{"_acf_changed":false,"footnotes":""},"categories":[26],"tags":[],"class_list":["post-33792","post","type-post","status-publish","format-standard","has-post-thumbnail","hentry","category-antalya"],"acf":[],"yoast_head":"<!-- This site is optimized with the Yoast SEO Premium plugin v26.6 (Yoast SEO v27.1.1) - https:\/\/yoast.com\/product\/yoast-seo-premium-wordpress\/ -->\n<title>Kozmetik Kongresi, Antalya&#039;da ba\u015flad\u0131 - Av. Deniz Can K\u0131z\u0131l<\/title>\n<meta name=\"robots\" content=\"index, follow, max-snippet:-1, max-image-preview:large, max-video-preview:-1\" \/>\n<link rel=\"canonical\" href=\"https:\/\/denizcankizil.tr\/uk\/haberler\/antalya\/kozmetik-kongresi-antalyada-basladi\/\" \/>\n<meta property=\"og:locale\" content=\"uk_UA\" \/>\n<meta property=\"og:type\" content=\"article\" \/>\n<meta property=\"og:title\" content=\"Kozmetik Kongresi, Antalya&#039;da ba\u015flad\u0131\" \/>\n<meta property=\"og:description\" content=\"Kimyagerler Derne\u011fi taraf\u0131ndan 2011 y\u0131l\u0131ndan bu yana d\u00fczenlenen ve sekt\u00f6r\u00fcn en \u00f6nemli bulu\u015fmalar\u0131ndan biri haline gelen Kozmetik Kongresi, Antalya&#8217;da ba\u015flad\u0131. Bu y\u0131l 15&#8217;incisi d\u00fczenlenen kongre, Kimyagerler Derne\u011fi ve Atat\u00fcrk \u00dcniversitesi&#8217;nin ortak organizasyonu ile 20-22 \u015eubat tarihleri aras\u0131nda Antalya&#8217;n\u0131n turizm b\u00f6lgesinde bulunan 5 y\u0131ld\u0131zl\u0131 bir otelde ger\u00e7ekle\u015ftiriliyor. Kozmetik bilimi ve kozmetik sekt\u00f6r\u00fcyle yolu kesi\u015fen t\u00fcm payda\u015flar\u0131 bir araya getiren kongre, s\u00fcrd\u00fcr\u00fclebilir kozmetik \u00fcr\u00fcnler ve ye\u015fil \u00fcr\u00fcnler \u00fczerine yo\u011funla\u015f\u0131rken, sekt\u00f6r temsilcileri ve akademisyenleri ayn\u0131 platformda bulu\u015fturmay\u0131 hedefliyor. &#8220;Her y\u0131l oldu\u011fu gibi bu y\u0131l da buraday\u0131z&#8221; Auran Kozmetik Kurucusu Abdullah Karata\u015f, Kimyagerler Derne\u011fi&#8217;nin d\u00fczenledi\u011fi 15. Kozmetik Kongresi&#8217;nde bu y\u0131l da yer ald\u0131klar\u0131n\u0131 belirterek, &#8220;Biz Kimyagerler Derne\u011fi olarak 15. Kozmetik Kongresi&#8217;ni d\u00fczenliyoruz ve bu y\u0131l da d\u00fczenleme kurulunday\u0131z. Auran Kozmetik olarak s\u00fcrekli kongrelere ve fuarlara kat\u0131l\u0131yoruz. 2024 y\u0131l\u0131nda 35 farkl\u0131 fuar ve kongreye kat\u0131ld\u0131k. 10 farkl\u0131 fuarda da stant a\u00e7t\u0131k. Kimyagerler Derne\u011fi&#8217;nin organize etti\u011fi bu kongre bizim i\u00e7in \u00e7ok k\u0131ymetli. Hem workshoplar hem de akademisyen hocalar\u0131m\u0131z\u0131n de\u011ferli sunumlar\u0131yla ciddi bir network ortam\u0131 olu\u015fuyor. Bu tarz dernekleri \u00e7ok etkili buluyoruz. Her y\u0131l kat\u0131ld\u0131\u011f\u0131m\u0131z gibi bu y\u0131l da burada yer ald\u0131k. Kongrede iki farkl\u0131 poster sunduk; birinde yeni projemizin lansman\u0131n\u0131, di\u011ferinde ise markam\u0131z\u0131 tan\u0131tt\u0131k&#8221; dedi. &#8220;500&#8217;\u00fcn \u00fczerinde kat\u0131l\u0131m sa\u011fland\u0131&#8221; Kongre Ba\u015fkan\u0131, Atat\u00fcrk \u00dcniversitesi Organik Kimya Anabilim &hellip;\" \/>\n<meta property=\"og:url\" content=\"https:\/\/denizcankizil.tr\/uk\/haberler\/antalya\/kozmetik-kongresi-antalyada-basladi\/\" \/>\n<meta property=\"og:site_name\" content=\"Av. Deniz Can K\u0131z\u0131l\" \/>\n<meta property=\"article:published_time\" content=\"2025-02-21T11:41:15+00:00\" \/>\n<meta property=\"og:image\" content=\"https:\/\/denizcankizil.tr\/wp-content\/uploads\/2025\/02\/5108-01-Pqu7QK.jpeg\" \/>\n\t<meta property=\"og:image:width\" content=\"1280\" \/>\n\t<meta property=\"og:image:height\" content=\"720\" \/>\n\t<meta property=\"og:image:type\" content=\"image\/jpeg\" \/>\n<meta name=\"author\" content=\"Av. Deniz Can K\u0131z\u0131l\" \/>\n<meta name=\"twitter:card\" content=\"summary_large_image\" \/>\n<meta name=\"twitter:label1\" content=\"\u041d\u0430\u043f\u0438\u0441\u0430\u043d\u043e\" \/>\n\t<meta name=\"twitter:data1\" content=\"Av. Deniz Can K\u0131z\u0131l\" \/>\n\t<meta name=\"twitter:label2\" content=\"\u041f\u0440\u0438\u0431\u043b. \u0447\u0430\u0441 \u0447\u0438\u0442\u0430\u043d\u043d\u044f\" \/>\n\t<meta name=\"twitter:data2\" content=\"3 \u0445\u0432\u0438\u043b\u0438\u043d\u0438\" \/>\n<script type=\"application\/ld+json\" class=\"yoast-schema-graph\">{\"@context\":\"https:\/\/schema.org\",\"@graph\":[{\"@type\":\"Article\",\"@id\":\"https:\/\/denizcankizil.tr\/uk\/haberler\/antalya\/kozmetik-kongresi-antalyada-basladi\/#article\",\"isPartOf\":{\"@id\":\"https:\/\/denizcankizil.tr\/uk\/haberler\/antalya\/kozmetik-kongresi-antalyada-basladi\/\"},\"author\":{\"name\":\"Av. Deniz Can K\u0131z\u0131l\",\"@id\":\"https:\/\/denizcankizil.tr\/#\/schema\/person\/5dc1b22991bd7ac833867c10afc9b0ff\"},\"headline\":\"Kozmetik Kongresi, Antalya&#8217;da ba\u015flad\u0131\",\"datePublished\":\"2025-02-21T11:41:15+00:00\",\"mainEntityOfPage\":{\"@id\":\"https:\/\/denizcankizil.tr\/uk\/haberler\/antalya\/kozmetik-kongresi-antalyada-basladi\/\"},\"wordCount\":517,\"commentCount\":0,\"publisher\":{\"@id\":\"https:\/\/denizcankizil.tr\/#organization\"},\"image\":{\"@id\":\"https:\/\/denizcankizil.tr\/uk\/haberler\/antalya\/kozmetik-kongresi-antalyada-basladi\/#primaryimage\"},\"thumbnailUrl\":\"https:\/\/denizcankizil.tr\/wp-content\/uploads\/2025\/02\/5108-01-Pqu7QK.jpeg\",\"articleSection\":[\"Antalya\"],\"inLanguage\":\"uk\",\"potentialAction\":[{\"@type\":\"CommentAction\",\"name\":\"Comment\",\"target\":[\"https:\/\/denizcankizil.tr\/uk\/haberler\/antalya\/kozmetik-kongresi-antalyada-basladi\/#respond\"]}]},{\"@type\":\"WebPage\",\"@id\":\"https:\/\/denizcankizil.tr\/uk\/haberler\/antalya\/kozmetik-kongresi-antalyada-basladi\/\",\"url\":\"https:\/\/denizcankizil.tr\/uk\/haberler\/antalya\/kozmetik-kongresi-antalyada-basladi\/\",\"name\":\"Kozmetik Kongresi, Antalya'da ba\u015flad\u0131 - Av. Deniz Can K\u0131z\u0131l\",\"isPartOf\":{\"@id\":\"https:\/\/denizcankizil.tr\/#website\"},\"primaryImageOfPage\":{\"@id\":\"https:\/\/denizcankizil.tr\/uk\/haberler\/antalya\/kozmetik-kongresi-antalyada-basladi\/#primaryimage\"},\"image\":{\"@id\":\"https:\/\/denizcankizil.tr\/uk\/haberler\/antalya\/kozmetik-kongresi-antalyada-basladi\/#primaryimage\"},\"thumbnailUrl\":\"https:\/\/denizcankizil.tr\/wp-content\/uploads\/2025\/02\/5108-01-Pqu7QK.jpeg\",\"datePublished\":\"2025-02-21T11:41:15+00:00\",\"breadcrumb\":{\"@id\":\"https:\/\/denizcankizil.tr\/uk\/haberler\/antalya\/kozmetik-kongresi-antalyada-basladi\/#breadcrumb\"},\"inLanguage\":\"uk\",\"potentialAction\":[{\"@type\":\"ReadAction\",\"target\":[\"https:\/\/denizcankizil.tr\/uk\/haberler\/antalya\/kozmetik-kongresi-antalyada-basladi\/\"]}]},{\"@type\":\"ImageObject\",\"inLanguage\":\"uk\",\"@id\":\"https:\/\/denizcankizil.tr\/uk\/haberler\/antalya\/kozmetik-kongresi-antalyada-basladi\/#primaryimage\",\"url\":\"https:\/\/denizcankizil.tr\/wp-content\/uploads\/2025\/02\/5108-01-Pqu7QK.jpeg\",\"contentUrl\":\"https:\/\/denizcankizil.tr\/wp-content\/uploads\/2025\/02\/5108-01-Pqu7QK.jpeg\",\"width\":1280,\"height\":720},{\"@type\":\"BreadcrumbList\",\"@id\":\"https:\/\/denizcankizil.tr\/uk\/haberler\/antalya\/kozmetik-kongresi-antalyada-basladi\/#breadcrumb\",\"itemListElement\":[{\"@type\":\"ListItem\",\"position\":1,\"name\":\"Home\",\"item\":\"https:\/\/denizcankizil.tr\/de\/\"},{\"@type\":\"ListItem\",\"position\":2,\"name\":\"Kozmetik Kongresi, Antalya&#8217;da ba\u015flad\u0131\"}]},{\"@type\":\"WebSite\",\"@id\":\"https:\/\/denizcankizil.tr\/#website\",\"url\":\"https:\/\/denizcankizil.tr\/\",\"name\":\"Av. Deniz Can K\u0131z\u0131l\",\"description\":\"Avukat Deniz Can K\u0131z\u0131l Antalya Barosu\",\"publisher\":{\"@id\":\"https:\/\/denizcankizil.tr\/#organization\"},\"potentialAction\":[{\"@type\":\"SearchAction\",\"target\":{\"@type\":\"EntryPoint\",\"urlTemplate\":\"https:\/\/denizcankizil.tr\/?s={search_term_string}\"},\"query-input\":{\"@type\":\"PropertyValueSpecification\",\"valueRequired\":true,\"valueName\":\"search_term_string\"}}],\"inLanguage\":\"uk\"},{\"@type\":\"Organization\",\"@id\":\"https:\/\/denizcankizil.tr\/#organization\",\"name\":\"Av. Deniz Can K\u0131z\u0131l\",\"url\":\"https:\/\/denizcankizil.tr\/\",\"logo\":{\"@type\":\"ImageObject\",\"inLanguage\":\"uk\",\"@id\":\"https:\/\/denizcankizil.tr\/#\/schema\/logo\/image\/\",\"url\":\"https:\/\/denizcankizil.tr\/wp-content\/uploads\/2024\/10\/siyah-logo-svg.svg\",\"contentUrl\":\"https:\/\/denizcankizil.tr\/wp-content\/uploads\/2024\/10\/siyah-logo-svg.svg\",\"width\":1080,\"height\":1080,\"caption\":\"Av. Deniz Can K\u0131z\u0131l\"},\"image\":{\"@id\":\"https:\/\/denizcankizil.tr\/#\/schema\/logo\/image\/\"}},{\"@type\":\"Person\",\"@id\":\"https:\/\/denizcankizil.tr\/#\/schema\/person\/5dc1b22991bd7ac833867c10afc9b0ff\",\"name\":\"Av. Deniz Can K\u0131z\u0131l\",\"image\":{\"@type\":\"ImageObject\",\"inLanguage\":\"uk\",\"@id\":\"https:\/\/denizcankizil.tr\/#\/schema\/person\/image\/\",\"url\":\"https:\/\/secure.gravatar.com\/avatar\/a0b128fb9855c79efc976d5640eedb31dc35ec297594d6016d2cf7c60e975bb6?s=96&d=mm&r=g\",\"contentUrl\":\"https:\/\/secure.gravatar.com\/avatar\/a0b128fb9855c79efc976d5640eedb31dc35ec297594d6016d2cf7c60e975bb6?s=96&d=mm&r=g\",\"caption\":\"Av. Deniz Can K\u0131z\u0131l\"},\"sameAs\":[\"http:\/\/www.denizcankizil.tr\"],\"url\":\"https:\/\/denizcankizil.tr\/uk\/author\/denizcankizil\/\"}]}<\/script>\n<!-- \/ Yoast SEO Premium plugin. -->","yoast_head_json":{"title":"Kozmetik Kongresi, Antalya'da ba\u015flad\u0131 - Av. Deniz Can K\u0131z\u0131l","robots":{"index":"index","follow":"follow","max-snippet":"max-snippet:-1","max-image-preview":"max-image-preview:large","max-video-preview":"max-video-preview:-1"},"canonical":"https:\/\/denizcankizil.tr\/uk\/haberler\/antalya\/kozmetik-kongresi-antalyada-basladi\/","og_locale":"uk_UA","og_type":"article","og_title":"Kozmetik Kongresi, Antalya'da ba\u015flad\u0131","og_description":"Kimyagerler Derne\u011fi taraf\u0131ndan 2011 y\u0131l\u0131ndan bu yana d\u00fczenlenen ve sekt\u00f6r\u00fcn en \u00f6nemli bulu\u015fmalar\u0131ndan biri haline gelen Kozmetik Kongresi, Antalya&#8217;da ba\u015flad\u0131. Bu y\u0131l 15&#8217;incisi d\u00fczenlenen kongre, Kimyagerler Derne\u011fi ve Atat\u00fcrk \u00dcniversitesi&#8217;nin ortak organizasyonu ile 20-22 \u015eubat tarihleri aras\u0131nda Antalya&#8217;n\u0131n turizm b\u00f6lgesinde bulunan 5 y\u0131ld\u0131zl\u0131 bir otelde ger\u00e7ekle\u015ftiriliyor. Kozmetik bilimi ve kozmetik sekt\u00f6r\u00fcyle yolu kesi\u015fen t\u00fcm payda\u015flar\u0131 bir araya getiren kongre, s\u00fcrd\u00fcr\u00fclebilir kozmetik \u00fcr\u00fcnler ve ye\u015fil \u00fcr\u00fcnler \u00fczerine yo\u011funla\u015f\u0131rken, sekt\u00f6r temsilcileri ve akademisyenleri ayn\u0131 platformda bulu\u015fturmay\u0131 hedefliyor. &#8220;Her y\u0131l oldu\u011fu gibi bu y\u0131l da buraday\u0131z&#8221; Auran Kozmetik Kurucusu Abdullah Karata\u015f, Kimyagerler Derne\u011fi&#8217;nin d\u00fczenledi\u011fi 15. Kozmetik Kongresi&#8217;nde bu y\u0131l da yer ald\u0131klar\u0131n\u0131 belirterek, &#8220;Biz Kimyagerler Derne\u011fi olarak 15. Kozmetik Kongresi&#8217;ni d\u00fczenliyoruz ve bu y\u0131l da d\u00fczenleme kurulunday\u0131z. Auran Kozmetik olarak s\u00fcrekli kongrelere ve fuarlara kat\u0131l\u0131yoruz. 2024 y\u0131l\u0131nda 35 farkl\u0131 fuar ve kongreye kat\u0131ld\u0131k. 10 farkl\u0131 fuarda da stant a\u00e7t\u0131k. Kimyagerler Derne\u011fi&#8217;nin organize etti\u011fi bu kongre bizim i\u00e7in \u00e7ok k\u0131ymetli. Hem workshoplar hem de akademisyen hocalar\u0131m\u0131z\u0131n de\u011ferli sunumlar\u0131yla ciddi bir network ortam\u0131 olu\u015fuyor. Bu tarz dernekleri \u00e7ok etkili buluyoruz. Her y\u0131l kat\u0131ld\u0131\u011f\u0131m\u0131z gibi bu y\u0131l da burada yer ald\u0131k. Kongrede iki farkl\u0131 poster sunduk; birinde yeni projemizin lansman\u0131n\u0131, di\u011ferinde ise markam\u0131z\u0131 tan\u0131tt\u0131k&#8221; dedi. &#8220;500&#8217;\u00fcn \u00fczerinde kat\u0131l\u0131m sa\u011fland\u0131&#8221; Kongre Ba\u015fkan\u0131, Atat\u00fcrk \u00dcniversitesi Organik Kimya Anabilim &hellip;","og_url":"https:\/\/denizcankizil.tr\/uk\/haberler\/antalya\/kozmetik-kongresi-antalyada-basladi\/","og_site_name":"Av. Deniz Can K\u0131z\u0131l","article_published_time":"2025-02-21T11:41:15+00:00","og_image":[{"width":1280,"height":720,"url":"https:\/\/denizcankizil.tr\/wp-content\/uploads\/2025\/02\/5108-01-Pqu7QK.jpeg","type":"image\/jpeg"}],"author":"Av. Deniz Can K\u0131z\u0131l","twitter_card":"summary_large_image","twitter_misc":{"\u041d\u0430\u043f\u0438\u0441\u0430\u043d\u043e":"Av. Deniz Can K\u0131z\u0131l","\u041f\u0440\u0438\u0431\u043b. \u0447\u0430\u0441 \u0447\u0438\u0442\u0430\u043d\u043d\u044f":"3 \u0445\u0432\u0438\u043b\u0438\u043d\u0438"},"schema":{"@context":"https:\/\/schema.org","@graph":[{"@type":"Article","@id":"https:\/\/denizcankizil.tr\/uk\/haberler\/antalya\/kozmetik-kongresi-antalyada-basladi\/#article","isPartOf":{"@id":"https:\/\/denizcankizil.tr\/uk\/haberler\/antalya\/kozmetik-kongresi-antalyada-basladi\/"},"author":{"name":"Av. Deniz Can K\u0131z\u0131l","@id":"https:\/\/denizcankizil.tr\/#\/schema\/person\/5dc1b22991bd7ac833867c10afc9b0ff"},"headline":"Kozmetik Kongresi, Antalya&#8217;da ba\u015flad\u0131","datePublished":"2025-02-21T11:41:15+00:00","mainEntityOfPage":{"@id":"https:\/\/denizcankizil.tr\/uk\/haberler\/antalya\/kozmetik-kongresi-antalyada-basladi\/"},"wordCount":517,"commentCount":0,"publisher":{"@id":"https:\/\/denizcankizil.tr\/#organization"},"image":{"@id":"https:\/\/denizcankizil.tr\/uk\/haberler\/antalya\/kozmetik-kongresi-antalyada-basladi\/#primaryimage"},"thumbnailUrl":"https:\/\/denizcankizil.tr\/wp-content\/uploads\/2025\/02\/5108-01-Pqu7QK.jpeg","articleSection":["Antalya"],"inLanguage":"uk","potentialAction":[{"@type":"CommentAction","name":"Comment","target":["https:\/\/denizcankizil.tr\/uk\/haberler\/antalya\/kozmetik-kongresi-antalyada-basladi\/#respond"]}]},{"@type":"WebPage","@id":"https:\/\/denizcankizil.tr\/uk\/haberler\/antalya\/kozmetik-kongresi-antalyada-basladi\/","url":"https:\/\/denizcankizil.tr\/uk\/haberler\/antalya\/kozmetik-kongresi-antalyada-basladi\/","name":"Kozmetik Kongresi, Antalya'da ba\u015flad\u0131 - Av. Deniz Can K\u0131z\u0131l","isPartOf":{"@id":"https:\/\/denizcankizil.tr\/#website"},"primaryImageOfPage":{"@id":"https:\/\/denizcankizil.tr\/uk\/haberler\/antalya\/kozmetik-kongresi-antalyada-basladi\/#primaryimage"},"image":{"@id":"https:\/\/denizcankizil.tr\/uk\/haberler\/antalya\/kozmetik-kongresi-antalyada-basladi\/#primaryimage"},"thumbnailUrl":"https:\/\/denizcankizil.tr\/wp-content\/uploads\/2025\/02\/5108-01-Pqu7QK.jpeg","datePublished":"2025-02-21T11:41:15+00:00","breadcrumb":{"@id":"https:\/\/denizcankizil.tr\/uk\/haberler\/antalya\/kozmetik-kongresi-antalyada-basladi\/#breadcrumb"},"inLanguage":"uk","potentialAction":[{"@type":"ReadAction","target":["https:\/\/denizcankizil.tr\/uk\/haberler\/antalya\/kozmetik-kongresi-antalyada-basladi\/"]}]},{"@type":"ImageObject","inLanguage":"uk","@id":"https:\/\/denizcankizil.tr\/uk\/haberler\/antalya\/kozmetik-kongresi-antalyada-basladi\/#primaryimage","url":"https:\/\/denizcankizil.tr\/wp-content\/uploads\/2025\/02\/5108-01-Pqu7QK.jpeg","contentUrl":"https:\/\/denizcankizil.tr\/wp-content\/uploads\/2025\/02\/5108-01-Pqu7QK.jpeg","width":1280,"height":720},{"@type":"BreadcrumbList","@id":"https:\/\/denizcankizil.tr\/uk\/haberler\/antalya\/kozmetik-kongresi-antalyada-basladi\/#breadcrumb","itemListElement":[{"@type":"ListItem","position":1,"name":"Home","item":"https:\/\/denizcankizil.tr\/de\/"},{"@type":"ListItem","position":2,"name":"Kozmetik Kongresi, Antalya&#8217;da ba\u015flad\u0131"}]},{"@type":"WebSite","@id":"https:\/\/denizcankizil.tr\/#website","url":"https:\/\/denizcankizil.tr\/","name":"Av. Deniz Can K\u0131z\u0131l","description":"Avukat Deniz Can K\u0131z\u0131l Antalya Barosu","publisher":{"@id":"https:\/\/denizcankizil.tr\/#organization"},"potentialAction":[{"@type":"SearchAction","target":{"@type":"EntryPoint","urlTemplate":"https:\/\/denizcankizil.tr\/?s={search_term_string}"},"query-input":{"@type":"PropertyValueSpecification","valueRequired":true,"valueName":"search_term_string"}}],"inLanguage":"uk"},{"@type":"Organization","@id":"https:\/\/denizcankizil.tr\/#organization","name":"Av. Deniz Can K\u0131z\u0131l","url":"https:\/\/denizcankizil.tr\/","logo":{"@type":"ImageObject","inLanguage":"uk","@id":"https:\/\/denizcankizil.tr\/#\/schema\/logo\/image\/","url":"https:\/\/denizcankizil.tr\/wp-content\/uploads\/2024\/10\/siyah-logo-svg.svg","contentUrl":"https:\/\/denizcankizil.tr\/wp-content\/uploads\/2024\/10\/siyah-logo-svg.svg","width":1080,"height":1080,"caption":"Av. Deniz Can K\u0131z\u0131l"},"image":{"@id":"https:\/\/denizcankizil.tr\/#\/schema\/logo\/image\/"}},{"@type":"Person","@id":"https:\/\/denizcankizil.tr\/#\/schema\/person\/5dc1b22991bd7ac833867c10afc9b0ff","name":"Av. Deniz Can K\u0131z\u0131l","image":{"@type":"ImageObject","inLanguage":"uk","@id":"https:\/\/denizcankizil.tr\/#\/schema\/person\/image\/","url":"https:\/\/secure.gravatar.com\/avatar\/a0b128fb9855c79efc976d5640eedb31dc35ec297594d6016d2cf7c60e975bb6?s=96&d=mm&r=g","contentUrl":"https:\/\/secure.gravatar.com\/avatar\/a0b128fb9855c79efc976d5640eedb31dc35ec297594d6016d2cf7c60e975bb6?s=96&d=mm&r=g","caption":"Av. Deniz Can K\u0131z\u0131l"},"sameAs":["http:\/\/www.denizcankizil.tr"],"url":"https:\/\/denizcankizil.tr\/uk\/author\/denizcankizil\/"}]}},"_links":{"self":[{"href":"https:\/\/denizcankizil.tr\/uk\/wp-json\/wp\/v2\/posts\/33792","targetHints":{"allow":["GET"]}}],"collection":[{"href":"https:\/\/denizcankizil.tr\/uk\/wp-json\/wp\/v2\/posts"}],"about":[{"href":"https:\/\/denizcankizil.tr\/uk\/wp-json\/wp\/v2\/types\/post"}],"author":[{"embeddable":true,"href":"https:\/\/denizcankizil.tr\/uk\/wp-json\/wp\/v2\/users\/4"}],"replies":[{"embeddable":true,"href":"https:\/\/denizcankizil.tr\/uk\/wp-json\/wp\/v2\/comments?post=33792"}],"version-history":[{"count":0,"href":"https:\/\/denizcankizil.tr\/uk\/wp-json\/wp\/v2\/posts\/33792\/revisions"}],"wp:featuredmedia":[{"embeddable":true,"href":"https:\/\/denizcankizil.tr\/uk\/wp-json\/wp\/v2\/media\/33793"}],"wp:attachment":[{"href":"https:\/\/denizcankizil.tr\/uk\/wp-json\/wp\/v2\/media?parent=33792"}],"wp:term":[{"taxonomy":"category","embeddable":true,"href":"https:\/\/denizcankizil.tr\/uk\/wp-json\/wp\/v2\/categories?post=33792"},{"taxonomy":"post_tag","embeddable":true,"href":"https:\/\/denizcankizil.tr\/uk\/wp-json\/wp\/v2\/tags?post=33792"}],"curies":[{"name":"wp","href":"https:\/\/api.w.org\/{rel}","templated":true}]}}