{"id":33752,"date":"2025-02-21T10:41:59","date_gmt":"2025-02-21T07:41:59","guid":{"rendered":"https:\/\/denizcankizil.tr\/uncategorized-tr\/meteorolojiden-pes-pese-uyarilar\/"},"modified":"2025-02-21T10:41:59","modified_gmt":"2025-02-21T07:41:59","slug":"meteorolojiden-pes-pese-uyarilar","status":"publish","type":"post","link":"https:\/\/denizcankizil.tr\/uk\/haberler\/gundem\/meteorolojiden-pes-pese-uyarilar\/","title":{"rendered":"Meteoroloji&#8217;den pe\u015f pe\u015fe uyar\u0131lar!"},"content":{"rendered":"<p>Meteoroloji Genel M\u00fcd\u00fcrl\u00fc\u011f\u00fc taraf\u0131ndan yap\u0131lan tahminlere g\u00f6re yurdun bir\u00e7ok b\u00f6lgesinde etkili olan ya\u011f\u0131\u015fl\u0131 hava devam ediyor. Mevsim normallerinin alt\u0131nda seyretmekte olan hava s\u0131cakl\u0131klar\u0131n\u0131n; do\u011fu kesimlerinde 2-4 derece azalmas\u0131 beklenirken ula\u015f\u0131mda ya\u015fanabilecek aksamalara ve buzlanmaya kar\u015f\u0131 tedbirli olunmas\u0131 gerekti\u011fi uyar\u0131s\u0131 yap\u0131ld\u0131.<br \/>\nANKARA (\u0130GFA) &#8211;\u00a0Meteoroloji Genel M\u00fcd\u00fcrl\u00fc\u011f\u00fc, 21 \u015eubat Cuma g\u00fcn\u00fcne ili\u015fkin hava tahmin raporunu yay\u0131mlad\u0131.<br \/>\nMeteoroloji Genel M\u00fcd\u00fcrl\u00fc\u011f\u00fc taraf\u0131ndan yap\u0131lan tahminlere g\u00f6re \u00fclkemiz genelinin par\u00e7al\u0131 ve \u00e7ok bulutlu, Marmara\u2019n\u0131n do\u011fusu, Karadeniz, \u0130\u00e7 Anadolu\u2019nun kuzey ve do\u011fusu, Do\u011fu Anadolu\u2019nun do\u011fusu ile K\u00fctahya, Afyonkarahisar, Bing\u00f6l ve Siirt \u00e7evrelerinin kar ya\u011f\u0131\u015fl\u0131 ge\u00e7ece\u011fi tahmin ediliyor.<\/p>\n<p>Ya\u011f\u0131\u015flar\u0131n, Bat\u0131 Karadeniz, Orta ve Do\u011fu Karadeniz k\u0131y\u0131lar\u0131 ile \u0130stanbul, Kocaeli, Sakarya, Yalova, Bursa, Bal\u0131kesir&#8217;in kuzeyinde yerel kuvvetli olmas\u0131 bekleniyor. R\u00fczgar\u0131n; Marmara, K\u0131y\u0131 Ege, Akdeniz\u2019in i\u00e7 kesimleri ile \u0130\u00e7 Anadolu\u2019nun g\u00fcneyinde kuzeyli y\u00f6nlerden kuvvetli olarak (40-60 km\/saat) esmesi bekleniyor. Gece ve sabah saatlerinde kuzey, i\u00e7 ve do\u011fu kesimlerde buzlanma ve don olay\u0131 bekleniyor. Do\u011fu Karadeniz\u2019in i\u00e7 kesimlerinin y\u00fcksekleri ile Do\u011fu Anadolu\u2019nun y\u00fcksek ve dik yama\u00e7lar\u0131nda \u00e7\u0131\u011f tehlikesi bulunmaktad\u0131r.<br \/>\nHAVA SICAKLI\u011eI:\u00a0Mevsim normallerinin alt\u0131nda seyretmekte olan hava s\u0131cakl\u0131klar\u0131n\u0131n; do\u011fu kesimlerinde 2-4 derece azalmas\u0131 bekleniyor.<br \/>\nR\u00dcZGAR:\u00a0Genellikle kuzeyli y\u00f6nlerden hafif, ara s\u0131ra orta kuvvette, R\u00fczgar\u0131n; Marmara, K\u0131y\u0131 Ege, Akdeniz\u2019in i\u00e7 kesimleri ile \u0130\u00e7 Anadolu\u2019nun g\u00fcneyinde kuzeyli y\u00f6nlerden kuvvetli olarak (40-60 km\/saat) esmesi bekleniyor.<\/p>\n<p>KUVVETL\u0130 KAR YA\u011eI\u015eI UYARISI:<br \/>\nYa\u011f\u0131\u015flar\u0131n; Bat\u0131 Karadeniz, Orta ve Do\u011fu Karadeniz k\u0131y\u0131lar\u0131 ile \u0130stanbul, Kocaeli, Sakarya, Yalova, Bursa, Bal\u0131kesir&#8217;in kuzeyinde yerel kuvvetli olmas\u0131 beklendi\u011finden ya\u015fanabilecek olumsuz \u015fartlara kar\u015f\u0131 dikkatli ve tedbirli olunmas\u0131 gerekmektedir.<br \/>\nKUVVETL\u0130 R\u00dcZGAR UYARISI:<br \/>\nR\u00fczgar\u0131n; Marmara, K\u0131y\u0131 Ege, Akdeniz&#8217;in i\u00e7 kesimleri ile \u0130\u00e7 Anadolu&#8217;nun g\u00fcneyinde kuzeyli y\u00f6nlerden kuvvetli olarak (40-60 km\/saat) esmesi beklendi\u011finden ya\u015fanabilecek olumsuzluklara kar\u015f\u0131 dikkati ve tedbirli olunmas\u0131 gerekmektedir.<br \/>\n\u00c7I\u011e TEHL\u0130KES\u0130 \u0130LE BUZLANMA VE DON OLAYI UYARISI:<br \/>\nDo\u011fu Karadeniz\u2019in i\u00e7 kesimlerinin y\u00fcksekleri ile Do\u011fu Anadolu&#8217;nun do\u011fusunun dik ve e\u011fimli yama\u00e7lar\u0131nda \u00e7\u0131\u011f tehlikesi ile yurdun kuzey, i\u00e7 ve do\u011fu kesimlerinde yer yer kuvvetli olmak \u00fczere buzlanma ve don olay\u0131 beklendi\u011finden meydana gelebilecek olumsuzluklara kar\u015f\u0131 dikkatli ve tedbirli olunmas\u0131 gerekmektedir.<\/p>\n<p>\u200bMeteoroloji Genel M\u00fcd\u00fcrl\u00fc\u011f\u00fc taraf\u0131ndan yap\u0131lan tahminlere g\u00f6re yurdun bir\u00e7ok b\u00f6lgesinde etkili olan ya\u011f\u0131\u015fl\u0131 hava devam ediyor. Mevsim normallerinin alt\u0131nda seyretmekte olan hava s\u0131cakl\u0131klar\u0131n\u0131n; do\u011fu kesimlerinde 2-4 derece azalmas\u0131 beklenirken ula\u015f\u0131mda ya\u015fanabilecek aksamalara ve buzlanmaya kar\u015f\u0131 tedbirli olunmas\u0131 gerekti\u011fi uyar\u0131s\u0131 yap\u0131ld\u0131.<br \/>\nANKARA (\u0130GFA) &#8211;\u00a0Meteoroloji Genel M\u00fcd\u00fcrl\u00fc\u011f\u00fc, 21 \u015eubat Cuma g\u00fcn\u00fcne ili\u015fkin hava tahmin raporunu yay\u0131mlad\u0131.<br \/>\nMeteoroloji Genel M\u00fcd\u00fcrl\u00fc\u011f\u00fc taraf\u0131ndan yap\u0131lan tahminlere g\u00f6re \u00fclkemiz genelinin par\u00e7al\u0131 ve \u00e7ok bulutlu, Marmara\u2019n\u0131n do\u011fusu, Karadeniz, \u0130\u00e7 Anadolu\u2019nun kuzey ve do\u011fusu, Do\u011fu Anadolu\u2019nun do\u011fusu ile K\u00fctahya, Afyonkarahisar, Bing\u00f6l ve Siirt \u00e7evrelerinin kar ya\u011f\u0131\u015fl\u0131 ge\u00e7ece\u011fi tahmin ediliyor.<\/p>\n<p>Ya\u011f\u0131\u015flar\u0131n, Bat\u0131 Karadeniz, Orta ve Do\u011fu Karadeniz k\u0131y\u0131lar\u0131 ile \u0130stanbul, Kocaeli, Sakarya, Yalova, Bursa, Bal\u0131kesir&#8217;in kuzeyinde yerel kuvvetli olmas\u0131 bekleniyor. R\u00fczgar\u0131n; Marmara, K\u0131y\u0131 Ege, Akdeniz\u2019in i\u00e7 kesimleri ile \u0130\u00e7 Anadolu\u2019nun g\u00fcneyinde kuzeyli y\u00f6nlerden kuvvetli olarak (40-60 km\/saat) esmesi bekleniyor. Gece ve sabah saatlerinde kuzey, i\u00e7 ve do\u011fu kesimlerde buzlanma ve don olay\u0131 bekleniyor. Do\u011fu Karadeniz\u2019in i\u00e7 kesimlerinin y\u00fcksekleri ile Do\u011fu Anadolu\u2019nun y\u00fcksek ve dik yama\u00e7lar\u0131nda \u00e7\u0131\u011f tehlikesi bulunmaktad\u0131r.<br \/>\nHAVA SICAKLI\u011eI:\u00a0Mevsim normallerinin alt\u0131nda seyretmekte olan hava s\u0131cakl\u0131klar\u0131n\u0131n; do\u011fu kesimlerinde 2-4 derece azalmas\u0131 bekleniyor.<br \/>\nR\u00dcZGAR:\u00a0Genellikle kuzeyli y\u00f6nlerden hafif, ara s\u0131ra orta kuvvette, R\u00fczgar\u0131n; Marmara, K\u0131y\u0131 Ege, Akdeniz\u2019in i\u00e7 kesimleri ile \u0130\u00e7 Anadolu\u2019nun g\u00fcneyinde kuzeyli y\u00f6nlerden kuvvetli olarak (40-60 km\/saat) esmesi bekleniyor.<\/p>\n<p>KUVVETL\u0130 KAR YA\u011eI\u015eI UYARISI:<br \/>\nYa\u011f\u0131\u015flar\u0131n; Bat\u0131 Karadeniz, Orta ve Do\u011fu Karadeniz k\u0131y\u0131lar\u0131 ile \u0130stanbul, Kocaeli, Sakarya, Yalova, Bursa, Bal\u0131kesir&#8217;in kuzeyinde yerel kuvvetli olmas\u0131 beklendi\u011finden ya\u015fanabilecek olumsuz \u015fartlara kar\u015f\u0131 dikkatli ve tedbirli olunmas\u0131 gerekmektedir.<br \/>\nKUVVETL\u0130 R\u00dcZGAR UYARISI:<br \/>\nR\u00fczgar\u0131n; Marmara, K\u0131y\u0131 Ege, Akdeniz&#8217;in i\u00e7 kesimleri ile \u0130\u00e7 Anadolu&#8217;nun g\u00fcneyinde kuzeyli y\u00f6nlerden kuvvetli olarak (40-60 km\/saat) esmesi beklendi\u011finden ya\u015fanabilecek olumsuzluklara kar\u015f\u0131 dikkati ve tedbirli olunmas\u0131 gerekmektedir.<br \/>\n\u00c7I\u011e TEHL\u0130KES\u0130 \u0130LE BUZLANMA VE DON OLAYI UYARISI:<br \/>\nDo\u011fu Karadeniz\u2019in i\u00e7 kesimlerinin y\u00fcksekleri ile Do\u011fu Anadolu&#8217;nun do\u011fusunun dik ve e\u011fimli yama\u00e7lar\u0131nda \u00e7\u0131\u011f tehlikesi ile yurdun kuzey, i\u00e7 ve do\u011fu kesimlerinde yer yer kuvvetli olmak \u00fczere buzlanma ve don olay\u0131 beklendi\u011finden meydana gelebilecek olumsuzluklara kar\u015f\u0131 dikkatli ve tedbirli olunmas\u0131 gerekmektedir.\u00a0<\/p>\n<p>\u200bHaberin Al\u0131nt\u0131land\u0131\u011f\u0131 Kaynak: www.iskenderun.org<\/p>","protected":false},"excerpt":{"rendered":"<p>Meteoroloji Genel M\u00fcd\u00fcrl\u00fc\u011f\u00fc taraf\u0131ndan yap\u0131lan tahminlere g\u00f6re yurdun bir\u00e7ok b\u00f6lgesinde etkili olan ya\u011f\u0131\u015fl\u0131 hava devam ediyor. Mevsim normallerinin alt\u0131nda seyretmekte olan hava s\u0131cakl\u0131klar\u0131n\u0131n; do\u011fu kesimlerinde 2-4 derece azalmas\u0131 beklenirken ula\u015f\u0131mda ya\u015fanabilecek aksamalara ve buzlanmaya kar\u015f\u0131 tedbirli olunmas\u0131 gerekti\u011fi uyar\u0131s\u0131 yap\u0131ld\u0131. ANKARA (\u0130GFA) &#8211;\u00a0Meteoroloji Genel M\u00fcd\u00fcrl\u00fc\u011f\u00fc, 21 \u015eubat Cuma g\u00fcn\u00fcne ili\u015fkin hava tahmin raporunu yay\u0131mlad\u0131. Meteoroloji Genel M\u00fcd\u00fcrl\u00fc\u011f\u00fc taraf\u0131ndan yap\u0131lan tahminlere g\u00f6re \u00fclkemiz genelinin par\u00e7al\u0131 ve \u00e7ok bulutlu, Marmara\u2019n\u0131n do\u011fusu, Karadeniz, \u0130\u00e7 Anadolu\u2019nun kuzey ve do\u011fusu, Do\u011fu Anadolu\u2019nun do\u011fusu ile K\u00fctahya, Afyonkarahisar, Bing\u00f6l ve Siirt \u00e7evrelerinin kar ya\u011f\u0131\u015fl\u0131 ge\u00e7ece\u011fi tahmin ediliyor. Ya\u011f\u0131\u015flar\u0131n, Bat\u0131 Karadeniz, Orta ve Do\u011fu Karadeniz k\u0131y\u0131lar\u0131 ile \u0130stanbul, Kocaeli, Sakarya, Yalova, Bursa, Bal\u0131kesir&#8217;in kuzeyinde yerel kuvvetli olmas\u0131 bekleniyor. R\u00fczgar\u0131n; Marmara, K\u0131y\u0131 Ege, Akdeniz\u2019in i\u00e7 kesimleri ile \u0130\u00e7 Anadolu\u2019nun g\u00fcneyinde kuzeyli y\u00f6nlerden kuvvetli olarak (40-60 km\/saat) esmesi bekleniyor. Gece ve sabah saatlerinde kuzey, i\u00e7 ve do\u011fu kesimlerde buzlanma ve don olay\u0131 bekleniyor. Do\u011fu Karadeniz\u2019in i\u00e7 kesimlerinin y\u00fcksekleri ile Do\u011fu Anadolu\u2019nun y\u00fcksek ve dik yama\u00e7lar\u0131nda \u00e7\u0131\u011f tehlikesi bulunmaktad\u0131r. HAVA SICAKLI\u011eI:\u00a0Mevsim normallerinin alt\u0131nda seyretmekte olan hava s\u0131cakl\u0131klar\u0131n\u0131n; do\u011fu kesimlerinde 2-4 derece azalmas\u0131 bekleniyor. R\u00dcZGAR:\u00a0Genellikle kuzeyli y\u00f6nlerden hafif, ara s\u0131ra orta kuvvette, R\u00fczgar\u0131n; Marmara, K\u0131y\u0131 Ege, Akdeniz\u2019in i\u00e7 kesimleri ile \u0130\u00e7 Anadolu\u2019nun g\u00fcneyinde kuzeyli y\u00f6nlerden kuvvetli olarak (40-60 km\/saat) esmesi bekleniyor. KUVVETL\u0130 &hellip;<\/p>","protected":false},"author":1,"featured_media":0,"comment_status":"open","ping_status":"open","sticky":false,"template":"","format":"standard","meta":{"_acf_changed":false,"footnotes":""},"categories":[24],"tags":[],"class_list":["post-33752","post","type-post","status-publish","format-standard","has-post-thumbnail","hentry","category-gundem"],"acf":[],"yoast_head":"<!-- This site is optimized with the Yoast SEO Premium plugin v26.6 (Yoast SEO v27.1.1) - https:\/\/yoast.com\/product\/yoast-seo-premium-wordpress\/ -->\n<title>Meteoroloji&#039;den pe\u015f pe\u015fe uyar\u0131lar! - Av. Deniz Can K\u0131z\u0131l<\/title>\n<meta name=\"robots\" content=\"index, follow, max-snippet:-1, max-image-preview:large, max-video-preview:-1\" \/>\n<link rel=\"canonical\" href=\"https:\/\/denizcankizil.tr\/uk\/haberler\/gundem\/meteorolojiden-pes-pese-uyarilar\/\" \/>\n<meta property=\"og:locale\" content=\"uk_UA\" \/>\n<meta property=\"og:type\" content=\"article\" \/>\n<meta property=\"og:title\" content=\"Meteoroloji&#039;den pe\u015f pe\u015fe uyar\u0131lar!\" \/>\n<meta property=\"og:description\" content=\"Meteoroloji Genel M\u00fcd\u00fcrl\u00fc\u011f\u00fc taraf\u0131ndan yap\u0131lan tahminlere g\u00f6re yurdun bir\u00e7ok b\u00f6lgesinde etkili olan ya\u011f\u0131\u015fl\u0131 hava devam ediyor. Mevsim normallerinin alt\u0131nda seyretmekte olan hava s\u0131cakl\u0131klar\u0131n\u0131n; do\u011fu kesimlerinde 2-4 derece azalmas\u0131 beklenirken ula\u015f\u0131mda ya\u015fanabilecek aksamalara ve buzlanmaya kar\u015f\u0131 tedbirli olunmas\u0131 gerekti\u011fi uyar\u0131s\u0131 yap\u0131ld\u0131. ANKARA (\u0130GFA) &#8211;\u00a0Meteoroloji Genel M\u00fcd\u00fcrl\u00fc\u011f\u00fc, 21 \u015eubat Cuma g\u00fcn\u00fcne ili\u015fkin hava tahmin raporunu yay\u0131mlad\u0131. Meteoroloji Genel M\u00fcd\u00fcrl\u00fc\u011f\u00fc taraf\u0131ndan yap\u0131lan tahminlere g\u00f6re \u00fclkemiz genelinin par\u00e7al\u0131 ve \u00e7ok bulutlu, Marmara\u2019n\u0131n do\u011fusu, Karadeniz, \u0130\u00e7 Anadolu\u2019nun kuzey ve do\u011fusu, Do\u011fu Anadolu\u2019nun do\u011fusu ile K\u00fctahya, Afyonkarahisar, Bing\u00f6l ve Siirt \u00e7evrelerinin kar ya\u011f\u0131\u015fl\u0131 ge\u00e7ece\u011fi tahmin ediliyor. Ya\u011f\u0131\u015flar\u0131n, Bat\u0131 Karadeniz, Orta ve Do\u011fu Karadeniz k\u0131y\u0131lar\u0131 ile \u0130stanbul, Kocaeli, Sakarya, Yalova, Bursa, Bal\u0131kesir&#8217;in kuzeyinde yerel kuvvetli olmas\u0131 bekleniyor. R\u00fczgar\u0131n; Marmara, K\u0131y\u0131 Ege, Akdeniz\u2019in i\u00e7 kesimleri ile \u0130\u00e7 Anadolu\u2019nun g\u00fcneyinde kuzeyli y\u00f6nlerden kuvvetli olarak (40-60 km\/saat) esmesi bekleniyor. Gece ve sabah saatlerinde kuzey, i\u00e7 ve do\u011fu kesimlerde buzlanma ve don olay\u0131 bekleniyor. Do\u011fu Karadeniz\u2019in i\u00e7 kesimlerinin y\u00fcksekleri ile Do\u011fu Anadolu\u2019nun y\u00fcksek ve dik yama\u00e7lar\u0131nda \u00e7\u0131\u011f tehlikesi bulunmaktad\u0131r. HAVA SICAKLI\u011eI:\u00a0Mevsim normallerinin alt\u0131nda seyretmekte olan hava s\u0131cakl\u0131klar\u0131n\u0131n; do\u011fu kesimlerinde 2-4 derece azalmas\u0131 bekleniyor. R\u00dcZGAR:\u00a0Genellikle kuzeyli y\u00f6nlerden hafif, ara s\u0131ra orta kuvvette, R\u00fczgar\u0131n; Marmara, K\u0131y\u0131 Ege, Akdeniz\u2019in i\u00e7 kesimleri ile \u0130\u00e7 Anadolu\u2019nun g\u00fcneyinde kuzeyli y\u00f6nlerden kuvvetli olarak (40-60 km\/saat) esmesi bekleniyor. KUVVETL\u0130 &hellip;\" \/>\n<meta property=\"og:url\" content=\"https:\/\/denizcankizil.tr\/uk\/haberler\/gundem\/meteorolojiden-pes-pese-uyarilar\/\" \/>\n<meta property=\"og:site_name\" content=\"Av. Deniz Can K\u0131z\u0131l\" \/>\n<meta property=\"article:published_time\" content=\"2025-02-21T07:41:59+00:00\" \/>\n<meta name=\"author\" content=\"admin\" \/>\n<meta name=\"twitter:card\" content=\"summary_large_image\" \/>\n<meta name=\"twitter:label1\" content=\"\u041d\u0430\u043f\u0438\u0441\u0430\u043d\u043e\" \/>\n\t<meta name=\"twitter:data1\" content=\"admin\" \/>\n\t<meta name=\"twitter:label2\" content=\"\u041f\u0440\u0438\u0431\u043b. \u0447\u0430\u0441 \u0447\u0438\u0442\u0430\u043d\u043d\u044f\" \/>\n\t<meta name=\"twitter:data2\" content=\"4 \u0445\u0432\u0438\u043b\u0438\u043d\u0438\" \/>\n<script type=\"application\/ld+json\" class=\"yoast-schema-graph\">{\"@context\":\"https:\/\/schema.org\",\"@graph\":[{\"@type\":\"Article\",\"@id\":\"https:\/\/denizcankizil.tr\/uk\/haberler\/gundem\/meteorolojiden-pes-pese-uyarilar\/#article\",\"isPartOf\":{\"@id\":\"https:\/\/denizcankizil.tr\/uk\/haberler\/gundem\/meteorolojiden-pes-pese-uyarilar\/\"},\"author\":{\"name\":\"admin\",\"@id\":\"https:\/\/denizcankizil.tr\/#\/schema\/person\/be3c05fe6a12686905512445d8185489\"},\"headline\":\"Meteoroloji&#8217;den pe\u015f pe\u015fe uyar\u0131lar!\",\"datePublished\":\"2025-02-21T07:41:59+00:00\",\"mainEntityOfPage\":{\"@id\":\"https:\/\/denizcankizil.tr\/uk\/haberler\/gundem\/meteorolojiden-pes-pese-uyarilar\/\"},\"wordCount\":871,\"commentCount\":0,\"publisher\":{\"@id\":\"https:\/\/denizcankizil.tr\/#organization\"},\"articleSection\":[\"G\u00fcndem\"],\"inLanguage\":\"uk\",\"potentialAction\":[{\"@type\":\"CommentAction\",\"name\":\"Comment\",\"target\":[\"https:\/\/denizcankizil.tr\/uk\/haberler\/gundem\/meteorolojiden-pes-pese-uyarilar\/#respond\"]}]},{\"@type\":\"WebPage\",\"@id\":\"https:\/\/denizcankizil.tr\/uk\/haberler\/gundem\/meteorolojiden-pes-pese-uyarilar\/\",\"url\":\"https:\/\/denizcankizil.tr\/uk\/haberler\/gundem\/meteorolojiden-pes-pese-uyarilar\/\",\"name\":\"Meteoroloji'den pe\u015f pe\u015fe uyar\u0131lar! - Av. Deniz Can K\u0131z\u0131l\",\"isPartOf\":{\"@id\":\"https:\/\/denizcankizil.tr\/#website\"},\"datePublished\":\"2025-02-21T07:41:59+00:00\",\"breadcrumb\":{\"@id\":\"https:\/\/denizcankizil.tr\/uk\/haberler\/gundem\/meteorolojiden-pes-pese-uyarilar\/#breadcrumb\"},\"inLanguage\":\"uk\",\"potentialAction\":[{\"@type\":\"ReadAction\",\"target\":[\"https:\/\/denizcankizil.tr\/uk\/haberler\/gundem\/meteorolojiden-pes-pese-uyarilar\/\"]}]},{\"@type\":\"BreadcrumbList\",\"@id\":\"https:\/\/denizcankizil.tr\/uk\/haberler\/gundem\/meteorolojiden-pes-pese-uyarilar\/#breadcrumb\",\"itemListElement\":[{\"@type\":\"ListItem\",\"position\":1,\"name\":\"Home\",\"item\":\"https:\/\/denizcankizil.tr\/de\/\"},{\"@type\":\"ListItem\",\"position\":2,\"name\":\"Meteoroloji&#8217;den pe\u015f pe\u015fe uyar\u0131lar!\"}]},{\"@type\":\"WebSite\",\"@id\":\"https:\/\/denizcankizil.tr\/#website\",\"url\":\"https:\/\/denizcankizil.tr\/\",\"name\":\"Av. Deniz Can K\u0131z\u0131l\",\"description\":\"Avukat Deniz Can K\u0131z\u0131l Antalya Barosu\",\"publisher\":{\"@id\":\"https:\/\/denizcankizil.tr\/#organization\"},\"potentialAction\":[{\"@type\":\"SearchAction\",\"target\":{\"@type\":\"EntryPoint\",\"urlTemplate\":\"https:\/\/denizcankizil.tr\/?s={search_term_string}\"},\"query-input\":{\"@type\":\"PropertyValueSpecification\",\"valueRequired\":true,\"valueName\":\"search_term_string\"}}],\"inLanguage\":\"uk\"},{\"@type\":\"Organization\",\"@id\":\"https:\/\/denizcankizil.tr\/#organization\",\"name\":\"Av. Deniz Can K\u0131z\u0131l\",\"url\":\"https:\/\/denizcankizil.tr\/\",\"logo\":{\"@type\":\"ImageObject\",\"inLanguage\":\"uk\",\"@id\":\"https:\/\/denizcankizil.tr\/#\/schema\/logo\/image\/\",\"url\":\"https:\/\/denizcankizil.tr\/wp-content\/uploads\/2024\/10\/siyah-logo-svg.svg\",\"contentUrl\":\"https:\/\/denizcankizil.tr\/wp-content\/uploads\/2024\/10\/siyah-logo-svg.svg\",\"width\":1080,\"height\":1080,\"caption\":\"Av. Deniz Can K\u0131z\u0131l\"},\"image\":{\"@id\":\"https:\/\/denizcankizil.tr\/#\/schema\/logo\/image\/\"}},{\"@type\":\"Person\",\"@id\":\"https:\/\/denizcankizil.tr\/#\/schema\/person\/be3c05fe6a12686905512445d8185489\",\"name\":\"admin\",\"image\":{\"@type\":\"ImageObject\",\"inLanguage\":\"uk\",\"@id\":\"https:\/\/denizcankizil.tr\/#\/schema\/person\/image\/\",\"url\":\"https:\/\/secure.gravatar.com\/avatar\/c1fce94c830dc79107e174f890d7210541c4a63e8e5d816341794a2151c9d58c?s=96&d=mm&r=g\",\"contentUrl\":\"https:\/\/secure.gravatar.com\/avatar\/c1fce94c830dc79107e174f890d7210541c4a63e8e5d816341794a2151c9d58c?s=96&d=mm&r=g\",\"caption\":\"admin\"},\"sameAs\":[\"http:\/\/denizcankizil.tr\"],\"url\":\"https:\/\/www.iskenderun.org\/meteorolojiden-pes-pese-uyarilar\"}]}<\/script>\n<!-- \/ Yoast SEO Premium plugin. -->","yoast_head_json":{"title":"Meteoroloji'den pe\u015f pe\u015fe uyar\u0131lar! - Av. Deniz Can K\u0131z\u0131l","robots":{"index":"index","follow":"follow","max-snippet":"max-snippet:-1","max-image-preview":"max-image-preview:large","max-video-preview":"max-video-preview:-1"},"canonical":"https:\/\/denizcankizil.tr\/uk\/haberler\/gundem\/meteorolojiden-pes-pese-uyarilar\/","og_locale":"uk_UA","og_type":"article","og_title":"Meteoroloji'den pe\u015f pe\u015fe uyar\u0131lar!","og_description":"Meteoroloji Genel M\u00fcd\u00fcrl\u00fc\u011f\u00fc taraf\u0131ndan yap\u0131lan tahminlere g\u00f6re yurdun bir\u00e7ok b\u00f6lgesinde etkili olan ya\u011f\u0131\u015fl\u0131 hava devam ediyor. Mevsim normallerinin alt\u0131nda seyretmekte olan hava s\u0131cakl\u0131klar\u0131n\u0131n; do\u011fu kesimlerinde 2-4 derece azalmas\u0131 beklenirken ula\u015f\u0131mda ya\u015fanabilecek aksamalara ve buzlanmaya kar\u015f\u0131 tedbirli olunmas\u0131 gerekti\u011fi uyar\u0131s\u0131 yap\u0131ld\u0131. ANKARA (\u0130GFA) &#8211;\u00a0Meteoroloji Genel M\u00fcd\u00fcrl\u00fc\u011f\u00fc, 21 \u015eubat Cuma g\u00fcn\u00fcne ili\u015fkin hava tahmin raporunu yay\u0131mlad\u0131. Meteoroloji Genel M\u00fcd\u00fcrl\u00fc\u011f\u00fc taraf\u0131ndan yap\u0131lan tahminlere g\u00f6re \u00fclkemiz genelinin par\u00e7al\u0131 ve \u00e7ok bulutlu, Marmara\u2019n\u0131n do\u011fusu, Karadeniz, \u0130\u00e7 Anadolu\u2019nun kuzey ve do\u011fusu, Do\u011fu Anadolu\u2019nun do\u011fusu ile K\u00fctahya, Afyonkarahisar, Bing\u00f6l ve Siirt \u00e7evrelerinin kar ya\u011f\u0131\u015fl\u0131 ge\u00e7ece\u011fi tahmin ediliyor. Ya\u011f\u0131\u015flar\u0131n, Bat\u0131 Karadeniz, Orta ve Do\u011fu Karadeniz k\u0131y\u0131lar\u0131 ile \u0130stanbul, Kocaeli, Sakarya, Yalova, Bursa, Bal\u0131kesir&#8217;in kuzeyinde yerel kuvvetli olmas\u0131 bekleniyor. R\u00fczgar\u0131n; Marmara, K\u0131y\u0131 Ege, Akdeniz\u2019in i\u00e7 kesimleri ile \u0130\u00e7 Anadolu\u2019nun g\u00fcneyinde kuzeyli y\u00f6nlerden kuvvetli olarak (40-60 km\/saat) esmesi bekleniyor. Gece ve sabah saatlerinde kuzey, i\u00e7 ve do\u011fu kesimlerde buzlanma ve don olay\u0131 bekleniyor. Do\u011fu Karadeniz\u2019in i\u00e7 kesimlerinin y\u00fcksekleri ile Do\u011fu Anadolu\u2019nun y\u00fcksek ve dik yama\u00e7lar\u0131nda \u00e7\u0131\u011f tehlikesi bulunmaktad\u0131r. HAVA SICAKLI\u011eI:\u00a0Mevsim normallerinin alt\u0131nda seyretmekte olan hava s\u0131cakl\u0131klar\u0131n\u0131n; do\u011fu kesimlerinde 2-4 derece azalmas\u0131 bekleniyor. R\u00dcZGAR:\u00a0Genellikle kuzeyli y\u00f6nlerden hafif, ara s\u0131ra orta kuvvette, R\u00fczgar\u0131n; Marmara, K\u0131y\u0131 Ege, Akdeniz\u2019in i\u00e7 kesimleri ile \u0130\u00e7 Anadolu\u2019nun g\u00fcneyinde kuzeyli y\u00f6nlerden kuvvetli olarak (40-60 km\/saat) esmesi bekleniyor. KUVVETL\u0130 &hellip;","og_url":"https:\/\/denizcankizil.tr\/uk\/haberler\/gundem\/meteorolojiden-pes-pese-uyarilar\/","og_site_name":"Av. Deniz Can K\u0131z\u0131l","article_published_time":"2025-02-21T07:41:59+00:00","author":"admin","twitter_card":"summary_large_image","twitter_misc":{"\u041d\u0430\u043f\u0438\u0441\u0430\u043d\u043e":"admin","\u041f\u0440\u0438\u0431\u043b. \u0447\u0430\u0441 \u0447\u0438\u0442\u0430\u043d\u043d\u044f":"4 \u0445\u0432\u0438\u043b\u0438\u043d\u0438"},"schema":{"@context":"https:\/\/schema.org","@graph":[{"@type":"Article","@id":"https:\/\/denizcankizil.tr\/uk\/haberler\/gundem\/meteorolojiden-pes-pese-uyarilar\/#article","isPartOf":{"@id":"https:\/\/denizcankizil.tr\/uk\/haberler\/gundem\/meteorolojiden-pes-pese-uyarilar\/"},"author":{"name":"admin","@id":"https:\/\/denizcankizil.tr\/#\/schema\/person\/be3c05fe6a12686905512445d8185489"},"headline":"Meteoroloji&#8217;den pe\u015f pe\u015fe uyar\u0131lar!","datePublished":"2025-02-21T07:41:59+00:00","mainEntityOfPage":{"@id":"https:\/\/denizcankizil.tr\/uk\/haberler\/gundem\/meteorolojiden-pes-pese-uyarilar\/"},"wordCount":871,"commentCount":0,"publisher":{"@id":"https:\/\/denizcankizil.tr\/#organization"},"articleSection":["G\u00fcndem"],"inLanguage":"uk","potentialAction":[{"@type":"CommentAction","name":"Comment","target":["https:\/\/denizcankizil.tr\/uk\/haberler\/gundem\/meteorolojiden-pes-pese-uyarilar\/#respond"]}]},{"@type":"WebPage","@id":"https:\/\/denizcankizil.tr\/uk\/haberler\/gundem\/meteorolojiden-pes-pese-uyarilar\/","url":"https:\/\/denizcankizil.tr\/uk\/haberler\/gundem\/meteorolojiden-pes-pese-uyarilar\/","name":"Meteoroloji'den pe\u015f pe\u015fe uyar\u0131lar! - Av. Deniz Can K\u0131z\u0131l","isPartOf":{"@id":"https:\/\/denizcankizil.tr\/#website"},"datePublished":"2025-02-21T07:41:59+00:00","breadcrumb":{"@id":"https:\/\/denizcankizil.tr\/uk\/haberler\/gundem\/meteorolojiden-pes-pese-uyarilar\/#breadcrumb"},"inLanguage":"uk","potentialAction":[{"@type":"ReadAction","target":["https:\/\/denizcankizil.tr\/uk\/haberler\/gundem\/meteorolojiden-pes-pese-uyarilar\/"]}]},{"@type":"BreadcrumbList","@id":"https:\/\/denizcankizil.tr\/uk\/haberler\/gundem\/meteorolojiden-pes-pese-uyarilar\/#breadcrumb","itemListElement":[{"@type":"ListItem","position":1,"name":"Home","item":"https:\/\/denizcankizil.tr\/de\/"},{"@type":"ListItem","position":2,"name":"Meteoroloji&#8217;den pe\u015f pe\u015fe uyar\u0131lar!"}]},{"@type":"WebSite","@id":"https:\/\/denizcankizil.tr\/#website","url":"https:\/\/denizcankizil.tr\/","name":"Av. Deniz Can K\u0131z\u0131l","description":"Avukat Deniz Can K\u0131z\u0131l Antalya Barosu","publisher":{"@id":"https:\/\/denizcankizil.tr\/#organization"},"potentialAction":[{"@type":"SearchAction","target":{"@type":"EntryPoint","urlTemplate":"https:\/\/denizcankizil.tr\/?s={search_term_string}"},"query-input":{"@type":"PropertyValueSpecification","valueRequired":true,"valueName":"search_term_string"}}],"inLanguage":"uk"},{"@type":"Organization","@id":"https:\/\/denizcankizil.tr\/#organization","name":"Av. Deniz Can K\u0131z\u0131l","url":"https:\/\/denizcankizil.tr\/","logo":{"@type":"ImageObject","inLanguage":"uk","@id":"https:\/\/denizcankizil.tr\/#\/schema\/logo\/image\/","url":"https:\/\/denizcankizil.tr\/wp-content\/uploads\/2024\/10\/siyah-logo-svg.svg","contentUrl":"https:\/\/denizcankizil.tr\/wp-content\/uploads\/2024\/10\/siyah-logo-svg.svg","width":1080,"height":1080,"caption":"Av. Deniz Can K\u0131z\u0131l"},"image":{"@id":"https:\/\/denizcankizil.tr\/#\/schema\/logo\/image\/"}},{"@type":"Person","@id":"https:\/\/denizcankizil.tr\/#\/schema\/person\/be3c05fe6a12686905512445d8185489","name":"\u0430\u0434\u043c\u0456\u043d","image":{"@type":"ImageObject","inLanguage":"uk","@id":"https:\/\/denizcankizil.tr\/#\/schema\/person\/image\/","url":"https:\/\/secure.gravatar.com\/avatar\/c1fce94c830dc79107e174f890d7210541c4a63e8e5d816341794a2151c9d58c?s=96&d=mm&r=g","contentUrl":"https:\/\/secure.gravatar.com\/avatar\/c1fce94c830dc79107e174f890d7210541c4a63e8e5d816341794a2151c9d58c?s=96&d=mm&r=g","caption":"admin"},"sameAs":["http:\/\/denizcankizil.tr"],"url":"https:\/\/www.iskenderun.org\/meteorolojiden-pes-pese-uyarilar"}]}},"_links":{"self":[{"href":"https:\/\/denizcankizil.tr\/uk\/wp-json\/wp\/v2\/posts\/33752","targetHints":{"allow":["GET"]}}],"collection":[{"href":"https:\/\/denizcankizil.tr\/uk\/wp-json\/wp\/v2\/posts"}],"about":[{"href":"https:\/\/denizcankizil.tr\/uk\/wp-json\/wp\/v2\/types\/post"}],"author":[{"embeddable":true,"href":"https:\/\/denizcankizil.tr\/uk\/wp-json\/wp\/v2\/users\/1"}],"replies":[{"embeddable":true,"href":"https:\/\/denizcankizil.tr\/uk\/wp-json\/wp\/v2\/comments?post=33752"}],"version-history":[{"count":0,"href":"https:\/\/denizcankizil.tr\/uk\/wp-json\/wp\/v2\/posts\/33752\/revisions"}],"wp:attachment":[{"href":"https:\/\/denizcankizil.tr\/uk\/wp-json\/wp\/v2\/media?parent=33752"}],"wp:term":[{"taxonomy":"category","embeddable":true,"href":"https:\/\/denizcankizil.tr\/uk\/wp-json\/wp\/v2\/categories?post=33752"},{"taxonomy":"post_tag","embeddable":true,"href":"https:\/\/denizcankizil.tr\/uk\/wp-json\/wp\/v2\/tags?post=33752"}],"curies":[{"name":"wp","href":"https:\/\/api.w.org\/{rel}","templated":true}]}}