{"id":33675,"date":"2025-02-20T15:41:57","date_gmt":"2025-02-20T12:41:57","guid":{"rendered":"https:\/\/denizcankizil.tr\/uncategorized-tr\/ekonomiyi-konustular\/"},"modified":"2025-02-20T15:41:57","modified_gmt":"2025-02-20T12:41:57","slug":"ekonomiyi-konustular","status":"publish","type":"post","link":"https:\/\/denizcankizil.tr\/uk\/haberler\/gundem\/ekonomiyi-konustular\/","title":{"rendered":"Ekonomiyi Konu\u015ftular"},"content":{"rendered":"<p>Ziyarette ekonomi ba\u015fta olmak \u00fczere g\u00fcndemdeki konular g\u00f6r\u00fc\u015f\u00fcld\u00fc. \u0130GC Ba\u015fkan\u0131 Diyap Atar, M\u00dcS\u0130AD Hatay \u015eube Ba\u015fkan\u0131 Ahmet Aky\u00fcz ve yeni y\u00f6netimine ba\u015far\u0131 dileklerinde bulunarak, i\u015f d\u00fcnyas\u0131n\u0131n dayan\u0131\u015fma i\u00e7inde b\u00fcy\u00fcmesinin \u00f6nemine vurgu yapt\u0131.<\/p>\n<p>M\u00dcS\u0130AD Hatay Ba\u015fkan\u0131 Ahmet Aky\u00fcz nazik ziyaretlerinden dolay\u0131 \u0130skenderun Gazeteciler Cemiyeti Ba\u015fkan\u0131 Diyap Atar ve Y\u00f6netim Kurulu \u00dcyelerine te\u015fekk\u00fcrlerini iletti. Ba\u015fkan Aky\u00fcz, &#8220;\u015eehrimizin \u015f d\u00fcnyas\u0131n\u0131 daha ileri ta\u015f\u0131mak i\u00e7in ortak projeler ve i\u015fbirli\u011fi \u00e7al\u0131\u015fmalar\u0131na her zaman a\u00e7\u0131\u011f\u0131z&#8221; dedi.<\/p>\n<p>\u200b\u0130skenderun Gazeteciler Cemiyeti Ba\u015fkan\u0131 Diyap Atar ve Y\u00f6netim Kurulu \u00dcyeleri, g\u00f6reve yeni se\u00e7ilen M\u00dcS\u0130AD Hatay Ba\u015fkan\u0131 Ahmet Aky\u00fcz ve Y\u00f6netim Kurulu \u00dcyelerine \u2018Hay\u0131rl\u0131 olsun\u2019 ziyaretinde bulundu.\u00a0<\/p>\n<p>\u200bHaberin Al\u0131nt\u0131land\u0131\u011f\u0131 Kaynak: www.iskenderun.org<\/p>","protected":false},"excerpt":{"rendered":"<p>Ziyarette ekonomi ba\u015fta olmak \u00fczere g\u00fcndemdeki konular g\u00f6r\u00fc\u015f\u00fcld\u00fc. \u0130GC Ba\u015fkan\u0131 Diyap Atar, M\u00dcS\u0130AD Hatay \u015eube Ba\u015fkan\u0131 Ahmet Aky\u00fcz ve yeni y\u00f6netimine ba\u015far\u0131 dileklerinde bulunarak, i\u015f d\u00fcnyas\u0131n\u0131n dayan\u0131\u015fma i\u00e7inde b\u00fcy\u00fcmesinin \u00f6nemine vurgu yapt\u0131. M\u00dcS\u0130AD Hatay Ba\u015fkan\u0131 Ahmet Aky\u00fcz nazik ziyaretlerinden dolay\u0131 \u0130skenderun Gazeteciler Cemiyeti Ba\u015fkan\u0131 Diyap Atar ve Y\u00f6netim Kurulu \u00dcyelerine te\u015fekk\u00fcrlerini iletti. Ba\u015fkan Aky\u00fcz, &#8220;\u015eehrimizin \u015f d\u00fcnyas\u0131n\u0131 daha ileri ta\u015f\u0131mak i\u00e7in ortak projeler ve i\u015fbirli\u011fi \u00e7al\u0131\u015fmalar\u0131na her zaman a\u00e7\u0131\u011f\u0131z&#8221; dedi. \u200b\u0130skenderun Gazeteciler Cemiyeti Ba\u015fkan\u0131 Diyap Atar ve Y\u00f6netim Kurulu \u00dcyeleri, g\u00f6reve yeni se\u00e7ilen M\u00dcS\u0130AD Hatay Ba\u015fkan\u0131 Ahmet Aky\u00fcz ve Y\u00f6netim Kurulu \u00dcyelerine \u2018Hay\u0131rl\u0131 olsun\u2019 ziyaretinde bulundu.\u00a0 \u200bHaberin Al\u0131nt\u0131land\u0131\u011f\u0131 Kaynak: www.iskenderun.org<\/p>","protected":false},"author":1,"featured_media":0,"comment_status":"open","ping_status":"open","sticky":false,"template":"","format":"standard","meta":{"_acf_changed":false,"footnotes":""},"categories":[24],"tags":[],"class_list":["post-33675","post","type-post","status-publish","format-standard","has-post-thumbnail","hentry","category-gundem"],"acf":[],"yoast_head":"<!-- This site is optimized with the Yoast SEO Premium plugin v26.6 (Yoast SEO v27.1.1) - https:\/\/yoast.com\/product\/yoast-seo-premium-wordpress\/ -->\n<title>Ekonomiyi Konu\u015ftular - Av. Deniz Can K\u0131z\u0131l<\/title>\n<meta name=\"robots\" content=\"index, follow, max-snippet:-1, max-image-preview:large, max-video-preview:-1\" \/>\n<link rel=\"canonical\" href=\"http:\/\/denizcankizil.tr\/uk\/haberler\/gundem\/ekonomiyi-konustular\/\" \/>\n<meta property=\"og:locale\" content=\"uk_UA\" \/>\n<meta property=\"og:type\" content=\"article\" \/>\n<meta property=\"og:title\" content=\"Ekonomiyi Konu\u015ftular\" \/>\n<meta property=\"og:description\" content=\"Ziyarette ekonomi ba\u015fta olmak \u00fczere g\u00fcndemdeki konular g\u00f6r\u00fc\u015f\u00fcld\u00fc. \u0130GC Ba\u015fkan\u0131 Diyap Atar, M\u00dcS\u0130AD Hatay \u015eube Ba\u015fkan\u0131 Ahmet Aky\u00fcz ve yeni y\u00f6netimine ba\u015far\u0131 dileklerinde bulunarak, i\u015f d\u00fcnyas\u0131n\u0131n dayan\u0131\u015fma i\u00e7inde b\u00fcy\u00fcmesinin \u00f6nemine vurgu yapt\u0131. M\u00dcS\u0130AD Hatay Ba\u015fkan\u0131 Ahmet Aky\u00fcz nazik ziyaretlerinden dolay\u0131 \u0130skenderun Gazeteciler Cemiyeti Ba\u015fkan\u0131 Diyap Atar ve Y\u00f6netim Kurulu \u00dcyelerine te\u015fekk\u00fcrlerini iletti. Ba\u015fkan Aky\u00fcz, &#8220;\u015eehrimizin \u015f d\u00fcnyas\u0131n\u0131 daha ileri ta\u015f\u0131mak i\u00e7in ortak projeler ve i\u015fbirli\u011fi \u00e7al\u0131\u015fmalar\u0131na her zaman a\u00e7\u0131\u011f\u0131z&#8221; dedi. \u200b\u0130skenderun Gazeteciler Cemiyeti Ba\u015fkan\u0131 Diyap Atar ve Y\u00f6netim Kurulu \u00dcyeleri, g\u00f6reve yeni se\u00e7ilen M\u00dcS\u0130AD Hatay Ba\u015fkan\u0131 Ahmet Aky\u00fcz ve Y\u00f6netim Kurulu \u00dcyelerine \u2018Hay\u0131rl\u0131 olsun\u2019 ziyaretinde bulundu.\u00a0 \u200bHaberin Al\u0131nt\u0131land\u0131\u011f\u0131 Kaynak: www.iskenderun.org\" \/>\n<meta property=\"og:url\" content=\"http:\/\/denizcankizil.tr\/uk\/haberler\/gundem\/ekonomiyi-konustular\/\" \/>\n<meta property=\"og:site_name\" content=\"Av. Deniz Can K\u0131z\u0131l\" \/>\n<meta property=\"article:published_time\" content=\"2025-02-20T12:41:57+00:00\" \/>\n<meta name=\"author\" content=\"admin\" \/>\n<meta name=\"twitter:card\" content=\"summary_large_image\" \/>\n<meta name=\"twitter:label1\" content=\"\u041d\u0430\u043f\u0438\u0441\u0430\u043d\u043e\" \/>\n\t<meta name=\"twitter:data1\" content=\"admin\" \/>\n\t<meta name=\"twitter:label2\" content=\"\u041f\u0440\u0438\u0431\u043b. \u0447\u0430\u0441 \u0447\u0438\u0442\u0430\u043d\u043d\u044f\" \/>\n\t<meta name=\"twitter:data2\" content=\"1 \u0445\u0432\u0438\u043b\u0438\u043d\u0430\" \/>\n<script type=\"application\/ld+json\" class=\"yoast-schema-graph\">{\"@context\":\"https:\/\/schema.org\",\"@graph\":[{\"@type\":\"Article\",\"@id\":\"http:\/\/denizcankizil.tr\/de\/haberler\/gundem\/ekonomiyi-konustular\/#article\",\"isPartOf\":{\"@id\":\"http:\/\/denizcankizil.tr\/de\/haberler\/gundem\/ekonomiyi-konustular\/\"},\"author\":{\"name\":\"admin\",\"@id\":\"https:\/\/denizcankizil.tr\/de\/#\/schema\/person\/be3c05fe6a12686905512445d8185489\"},\"headline\":\"Ekonomiyi Konu\u015ftular\",\"datePublished\":\"2025-02-20T12:41:57+00:00\",\"mainEntityOfPage\":{\"@id\":\"http:\/\/denizcankizil.tr\/de\/haberler\/gundem\/ekonomiyi-konustular\/\"},\"wordCount\":153,\"commentCount\":0,\"publisher\":{\"@id\":\"https:\/\/denizcankizil.tr\/de\/#organization\"},\"articleSection\":[\"G\u00fcndem\"],\"inLanguage\":\"uk\",\"potentialAction\":[{\"@type\":\"CommentAction\",\"name\":\"Comment\",\"target\":[\"http:\/\/denizcankizil.tr\/de\/haberler\/gundem\/ekonomiyi-konustular\/#respond\"]}]},{\"@type\":\"WebPage\",\"@id\":\"http:\/\/denizcankizil.tr\/de\/haberler\/gundem\/ekonomiyi-konustular\/\",\"url\":\"http:\/\/denizcankizil.tr\/de\/haberler\/gundem\/ekonomiyi-konustular\/\",\"name\":\"Ekonomiyi Konu\u015ftular - Av. Deniz Can K\u0131z\u0131l\",\"isPartOf\":{\"@id\":\"https:\/\/denizcankizil.tr\/de\/#website\"},\"datePublished\":\"2025-02-20T12:41:57+00:00\",\"breadcrumb\":{\"@id\":\"http:\/\/denizcankizil.tr\/de\/haberler\/gundem\/ekonomiyi-konustular\/#breadcrumb\"},\"inLanguage\":\"uk\",\"potentialAction\":[{\"@type\":\"ReadAction\",\"target\":[\"http:\/\/denizcankizil.tr\/de\/haberler\/gundem\/ekonomiyi-konustular\/\"]}]},{\"@type\":\"BreadcrumbList\",\"@id\":\"http:\/\/denizcankizil.tr\/de\/haberler\/gundem\/ekonomiyi-konustular\/#breadcrumb\",\"itemListElement\":[{\"@type\":\"ListItem\",\"position\":1,\"name\":\"Home\",\"item\":\"https:\/\/denizcankizil.tr\/de\/\"},{\"@type\":\"ListItem\",\"position\":2,\"name\":\"Ekonomiyi Konu\u015ftular\"}]},{\"@type\":\"WebSite\",\"@id\":\"https:\/\/denizcankizil.tr\/de\/#website\",\"url\":\"https:\/\/denizcankizil.tr\/de\/\",\"name\":\"Av. Deniz Can K\u0131z\u0131l\",\"description\":\"Avukat Deniz Can K\u0131z\u0131l Antalya Barosu\",\"publisher\":{\"@id\":\"https:\/\/denizcankizil.tr\/de\/#organization\"},\"potentialAction\":[{\"@type\":\"SearchAction\",\"target\":{\"@type\":\"EntryPoint\",\"urlTemplate\":\"https:\/\/denizcankizil.tr\/de\/?s={search_term_string}\"},\"query-input\":{\"@type\":\"PropertyValueSpecification\",\"valueRequired\":true,\"valueName\":\"search_term_string\"}}],\"inLanguage\":\"uk\"},{\"@type\":\"Organization\",\"@id\":\"https:\/\/denizcankizil.tr\/de\/#organization\",\"name\":\"Av. Deniz Can K\u0131z\u0131l\",\"url\":\"https:\/\/denizcankizil.tr\/de\/\",\"logo\":{\"@type\":\"ImageObject\",\"inLanguage\":\"uk\",\"@id\":\"https:\/\/denizcankizil.tr\/de\/#\/schema\/logo\/image\/\",\"url\":\"https:\/\/denizcankizil.tr\/wp-content\/uploads\/2024\/10\/siyah-logo-svg.svg\",\"contentUrl\":\"https:\/\/denizcankizil.tr\/wp-content\/uploads\/2024\/10\/siyah-logo-svg.svg\",\"width\":1080,\"height\":1080,\"caption\":\"Av. Deniz Can K\u0131z\u0131l\"},\"image\":{\"@id\":\"https:\/\/denizcankizil.tr\/de\/#\/schema\/logo\/image\/\"}},{\"@type\":\"Person\",\"@id\":\"https:\/\/denizcankizil.tr\/de\/#\/schema\/person\/be3c05fe6a12686905512445d8185489\",\"name\":\"admin\",\"image\":{\"@type\":\"ImageObject\",\"inLanguage\":\"uk\",\"@id\":\"https:\/\/denizcankizil.tr\/de\/#\/schema\/person\/image\/\",\"url\":\"https:\/\/secure.gravatar.com\/avatar\/c1fce94c830dc79107e174f890d7210541c4a63e8e5d816341794a2151c9d58c?s=96&d=mm&r=g\",\"contentUrl\":\"https:\/\/secure.gravatar.com\/avatar\/c1fce94c830dc79107e174f890d7210541c4a63e8e5d816341794a2151c9d58c?s=96&d=mm&r=g\",\"caption\":\"admin\"},\"sameAs\":[\"http:\/\/denizcankizil.tr\"],\"url\":\"https:\/\/www.iskenderun.org\/ekonomiyi-konustular\"}]}<\/script>\n<!-- \/ Yoast SEO Premium plugin. -->","yoast_head_json":{"title":"Ekonomiyi Konu\u015ftular - Av. Deniz Can K\u0131z\u0131l","robots":{"index":"index","follow":"follow","max-snippet":"max-snippet:-1","max-image-preview":"max-image-preview:large","max-video-preview":"max-video-preview:-1"},"canonical":"http:\/\/denizcankizil.tr\/uk\/haberler\/gundem\/ekonomiyi-konustular\/","og_locale":"uk_UA","og_type":"article","og_title":"Ekonomiyi Konu\u015ftular","og_description":"Ziyarette ekonomi ba\u015fta olmak \u00fczere g\u00fcndemdeki konular g\u00f6r\u00fc\u015f\u00fcld\u00fc. \u0130GC Ba\u015fkan\u0131 Diyap Atar, M\u00dcS\u0130AD Hatay \u015eube Ba\u015fkan\u0131 Ahmet Aky\u00fcz ve yeni y\u00f6netimine ba\u015far\u0131 dileklerinde bulunarak, i\u015f d\u00fcnyas\u0131n\u0131n dayan\u0131\u015fma i\u00e7inde b\u00fcy\u00fcmesinin \u00f6nemine vurgu yapt\u0131. M\u00dcS\u0130AD Hatay Ba\u015fkan\u0131 Ahmet Aky\u00fcz nazik ziyaretlerinden dolay\u0131 \u0130skenderun Gazeteciler Cemiyeti Ba\u015fkan\u0131 Diyap Atar ve Y\u00f6netim Kurulu \u00dcyelerine te\u015fekk\u00fcrlerini iletti. Ba\u015fkan Aky\u00fcz, &#8220;\u015eehrimizin \u015f d\u00fcnyas\u0131n\u0131 daha ileri ta\u015f\u0131mak i\u00e7in ortak projeler ve i\u015fbirli\u011fi \u00e7al\u0131\u015fmalar\u0131na her zaman a\u00e7\u0131\u011f\u0131z&#8221; dedi. \u200b\u0130skenderun Gazeteciler Cemiyeti Ba\u015fkan\u0131 Diyap Atar ve Y\u00f6netim Kurulu \u00dcyeleri, g\u00f6reve yeni se\u00e7ilen M\u00dcS\u0130AD Hatay Ba\u015fkan\u0131 Ahmet Aky\u00fcz ve Y\u00f6netim Kurulu \u00dcyelerine \u2018Hay\u0131rl\u0131 olsun\u2019 ziyaretinde bulundu.\u00a0 \u200bHaberin Al\u0131nt\u0131land\u0131\u011f\u0131 Kaynak: www.iskenderun.org","og_url":"http:\/\/denizcankizil.tr\/uk\/haberler\/gundem\/ekonomiyi-konustular\/","og_site_name":"Av. Deniz Can K\u0131z\u0131l","article_published_time":"2025-02-20T12:41:57+00:00","author":"admin","twitter_card":"summary_large_image","twitter_misc":{"\u041d\u0430\u043f\u0438\u0441\u0430\u043d\u043e":"admin","\u041f\u0440\u0438\u0431\u043b. \u0447\u0430\u0441 \u0447\u0438\u0442\u0430\u043d\u043d\u044f":"1 \u0445\u0432\u0438\u043b\u0438\u043d\u0430"},"schema":{"@context":"https:\/\/schema.org","@graph":[{"@type":"Article","@id":"http:\/\/denizcankizil.tr\/de\/haberler\/gundem\/ekonomiyi-konustular\/#article","isPartOf":{"@id":"http:\/\/denizcankizil.tr\/de\/haberler\/gundem\/ekonomiyi-konustular\/"},"author":{"name":"admin","@id":"https:\/\/denizcankizil.tr\/de\/#\/schema\/person\/be3c05fe6a12686905512445d8185489"},"headline":"Ekonomiyi Konu\u015ftular","datePublished":"2025-02-20T12:41:57+00:00","mainEntityOfPage":{"@id":"http:\/\/denizcankizil.tr\/de\/haberler\/gundem\/ekonomiyi-konustular\/"},"wordCount":153,"commentCount":0,"publisher":{"@id":"https:\/\/denizcankizil.tr\/de\/#organization"},"articleSection":["G\u00fcndem"],"inLanguage":"uk","potentialAction":[{"@type":"CommentAction","name":"Comment","target":["http:\/\/denizcankizil.tr\/de\/haberler\/gundem\/ekonomiyi-konustular\/#respond"]}]},{"@type":"WebPage","@id":"http:\/\/denizcankizil.tr\/de\/haberler\/gundem\/ekonomiyi-konustular\/","url":"http:\/\/denizcankizil.tr\/de\/haberler\/gundem\/ekonomiyi-konustular\/","name":"Ekonomiyi Konu\u015ftular - Av. Deniz Can K\u0131z\u0131l","isPartOf":{"@id":"https:\/\/denizcankizil.tr\/de\/#website"},"datePublished":"2025-02-20T12:41:57+00:00","breadcrumb":{"@id":"http:\/\/denizcankizil.tr\/de\/haberler\/gundem\/ekonomiyi-konustular\/#breadcrumb"},"inLanguage":"uk","potentialAction":[{"@type":"ReadAction","target":["http:\/\/denizcankizil.tr\/de\/haberler\/gundem\/ekonomiyi-konustular\/"]}]},{"@type":"BreadcrumbList","@id":"http:\/\/denizcankizil.tr\/de\/haberler\/gundem\/ekonomiyi-konustular\/#breadcrumb","itemListElement":[{"@type":"ListItem","position":1,"name":"Home","item":"https:\/\/denizcankizil.tr\/de\/"},{"@type":"ListItem","position":2,"name":"Ekonomiyi Konu\u015ftular"}]},{"@type":"WebSite","@id":"https:\/\/denizcankizil.tr\/de\/#website","url":"https:\/\/denizcankizil.tr\/de\/","name":"Av. Deniz Can K\u0131z\u0131l","description":"Avukat Deniz Can K\u0131z\u0131l Antalya Barosu","publisher":{"@id":"https:\/\/denizcankizil.tr\/de\/#organization"},"potentialAction":[{"@type":"SearchAction","target":{"@type":"EntryPoint","urlTemplate":"https:\/\/denizcankizil.tr\/de\/?s={search_term_string}"},"query-input":{"@type":"PropertyValueSpecification","valueRequired":true,"valueName":"search_term_string"}}],"inLanguage":"uk"},{"@type":"Organization","@id":"https:\/\/denizcankizil.tr\/de\/#organization","name":"Av. Deniz Can K\u0131z\u0131l","url":"https:\/\/denizcankizil.tr\/de\/","logo":{"@type":"ImageObject","inLanguage":"uk","@id":"https:\/\/denizcankizil.tr\/de\/#\/schema\/logo\/image\/","url":"https:\/\/denizcankizil.tr\/wp-content\/uploads\/2024\/10\/siyah-logo-svg.svg","contentUrl":"https:\/\/denizcankizil.tr\/wp-content\/uploads\/2024\/10\/siyah-logo-svg.svg","width":1080,"height":1080,"caption":"Av. Deniz Can K\u0131z\u0131l"},"image":{"@id":"https:\/\/denizcankizil.tr\/de\/#\/schema\/logo\/image\/"}},{"@type":"Person","@id":"https:\/\/denizcankizil.tr\/de\/#\/schema\/person\/be3c05fe6a12686905512445d8185489","name":"\u0430\u0434\u043c\u0456\u043d","image":{"@type":"ImageObject","inLanguage":"uk","@id":"https:\/\/denizcankizil.tr\/de\/#\/schema\/person\/image\/","url":"https:\/\/secure.gravatar.com\/avatar\/c1fce94c830dc79107e174f890d7210541c4a63e8e5d816341794a2151c9d58c?s=96&d=mm&r=g","contentUrl":"https:\/\/secure.gravatar.com\/avatar\/c1fce94c830dc79107e174f890d7210541c4a63e8e5d816341794a2151c9d58c?s=96&d=mm&r=g","caption":"admin"},"sameAs":["http:\/\/denizcankizil.tr"],"url":"https:\/\/www.iskenderun.org\/ekonomiyi-konustular"}]}},"_links":{"self":[{"href":"https:\/\/denizcankizil.tr\/uk\/wp-json\/wp\/v2\/posts\/33675","targetHints":{"allow":["GET"]}}],"collection":[{"href":"https:\/\/denizcankizil.tr\/uk\/wp-json\/wp\/v2\/posts"}],"about":[{"href":"https:\/\/denizcankizil.tr\/uk\/wp-json\/wp\/v2\/types\/post"}],"author":[{"embeddable":true,"href":"https:\/\/denizcankizil.tr\/uk\/wp-json\/wp\/v2\/users\/1"}],"replies":[{"embeddable":true,"href":"https:\/\/denizcankizil.tr\/uk\/wp-json\/wp\/v2\/comments?post=33675"}],"version-history":[{"count":0,"href":"https:\/\/denizcankizil.tr\/uk\/wp-json\/wp\/v2\/posts\/33675\/revisions"}],"wp:attachment":[{"href":"https:\/\/denizcankizil.tr\/uk\/wp-json\/wp\/v2\/media?parent=33675"}],"wp:term":[{"taxonomy":"category","embeddable":true,"href":"https:\/\/denizcankizil.tr\/uk\/wp-json\/wp\/v2\/categories?post=33675"},{"taxonomy":"post_tag","embeddable":true,"href":"https:\/\/denizcankizil.tr\/uk\/wp-json\/wp\/v2\/tags?post=33675"}],"curies":[{"name":"wp","href":"https:\/\/api.w.org\/{rel}","templated":true}]}}