{"id":33616,"date":"2025-02-20T11:41:42","date_gmt":"2025-02-20T08:41:42","guid":{"rendered":"https:\/\/denizcankizil.tr\/uncategorized-tr\/alkollu-surucu-polis-aracina-carpti\/"},"modified":"2025-02-20T11:41:42","modified_gmt":"2025-02-20T08:41:42","slug":"alkollu-surucu-polis-aracina-carpti","status":"publish","type":"post","link":"https:\/\/denizcankizil.tr\/uk\/haberler\/antalya\/alkollu-surucu-polis-aracina-carpti\/","title":{"rendered":"Alkoll\u00fc s\u00fcr\u00fcc\u00fc polis arac\u0131na \u00e7arpt\u0131"},"content":{"rendered":"<p>Kaza, 00.15 s\u0131ralar\u0131nda Yeni Mahalle R\u0131za B\u00fcy\u00fckak\u00e7a Caddesi N\u00fcfus kav\u015fa\u011f\u0131nda meydana geldi. Edinilen bilgiye g\u00f6re, V.A. idaresindeki 07 HVF 78 plakal\u0131 kamyonet, n\u00fcfus kav\u015fa\u011f\u0131nda k\u0131rm\u0131z\u0131 \u0131\u015f\u0131kta durdu. Ye\u015fil \u0131\u015f\u0131k yand\u0131\u011f\u0131nda arac\u0131n\u0131 hareket ettirmekte zorlanan ve geri ka\u00e7\u0131ran V.A., arkas\u0131nda bekleyen Gazipa\u015fa B\u00f6lge Trafik Denetleme \u0130stasyon Amirli\u011fine ait araca \u00e7arpt\u0131. Kazada yaralanan olmazken, polis arac\u0131n\u0131n sol \u00f6n far\u0131nda maddi hasar olu\u015ftu. Kazan\u0131n ard\u0131ndan olay yerine polis ve jandarma ekipleri sevk edildi. Alkoll\u00fc oldu\u011funu s\u00f6yleyen s\u00fcr\u00fcc\u00fc, ehliyetinin olmad\u0131\u011f\u0131n\u0131 da itiraf etti.<br \/>\n3.74 promil alkoll\u00fc oldu\u011fu belirlenen s\u00fcr\u00fcc\u00fcye 28 bin TL cezai i\u015flem uygulan\u0131rken, kamyoneti otoparka \u00e7ekildi.<br \/>\nKazayla ilgili inceleme ba\u015flat\u0131ld\u0131.<\/p>\n<p>Kaynak: www.kanalv.com.tr Haber Sitesinden Al\u0131nm\u0131\u015ft\u0131r.<\/p>","protected":false},"excerpt":{"rendered":"<p>Kaza, 00.15 s\u0131ralar\u0131nda Yeni Mahalle R\u0131za B\u00fcy\u00fckak\u00e7a Caddesi N\u00fcfus kav\u015fa\u011f\u0131nda meydana geldi. Edinilen bilgiye g\u00f6re, V.A. idaresindeki 07 HVF 78 plakal\u0131 kamyonet, n\u00fcfus kav\u015fa\u011f\u0131nda k\u0131rm\u0131z\u0131 \u0131\u015f\u0131kta durdu. Ye\u015fil \u0131\u015f\u0131k yand\u0131\u011f\u0131nda arac\u0131n\u0131 hareket ettirmekte zorlanan ve geri ka\u00e7\u0131ran V.A., arkas\u0131nda bekleyen Gazipa\u015fa B\u00f6lge Trafik Denetleme \u0130stasyon Amirli\u011fine ait araca \u00e7arpt\u0131. Kazada yaralanan olmazken, polis arac\u0131n\u0131n sol \u00f6n far\u0131nda maddi hasar olu\u015ftu. Kazan\u0131n ard\u0131ndan olay yerine polis ve jandarma ekipleri sevk edildi. Alkoll\u00fc oldu\u011funu s\u00f6yleyen s\u00fcr\u00fcc\u00fc, ehliyetinin olmad\u0131\u011f\u0131n\u0131 da itiraf etti. 3.74 promil alkoll\u00fc oldu\u011fu belirlenen s\u00fcr\u00fcc\u00fcye 28 bin TL cezai i\u015flem uygulan\u0131rken, kamyoneti otoparka \u00e7ekildi. Kazayla ilgili inceleme ba\u015flat\u0131ld\u0131. Kaynak: www.kanalv.com.tr Haber Sitesinden Al\u0131nm\u0131\u015ft\u0131r.<\/p>","protected":false},"author":4,"featured_media":33617,"comment_status":"open","ping_status":"open","sticky":false,"template":"","format":"standard","meta":{"_acf_changed":false,"footnotes":""},"categories":[26],"tags":[],"class_list":["post-33616","post","type-post","status-publish","format-standard","has-post-thumbnail","hentry","category-antalya"],"acf":[],"yoast_head":"<!-- This site is optimized with the Yoast SEO Premium plugin v26.6 (Yoast SEO v27.1.1) - https:\/\/yoast.com\/product\/yoast-seo-premium-wordpress\/ -->\n<title>Alkoll\u00fc s\u00fcr\u00fcc\u00fc polis arac\u0131na \u00e7arpt\u0131 - Av. Deniz Can K\u0131z\u0131l<\/title>\n<meta name=\"robots\" content=\"index, follow, max-snippet:-1, max-image-preview:large, max-video-preview:-1\" \/>\n<link rel=\"canonical\" href=\"https:\/\/denizcankizil.tr\/uk\/haberler\/antalya\/alkollu-surucu-polis-aracina-carpti\/\" \/>\n<meta property=\"og:locale\" content=\"uk_UA\" \/>\n<meta property=\"og:type\" content=\"article\" \/>\n<meta property=\"og:title\" content=\"Alkoll\u00fc s\u00fcr\u00fcc\u00fc polis arac\u0131na \u00e7arpt\u0131\" \/>\n<meta property=\"og:description\" content=\"Kaza, 00.15 s\u0131ralar\u0131nda Yeni Mahalle R\u0131za B\u00fcy\u00fckak\u00e7a Caddesi N\u00fcfus kav\u015fa\u011f\u0131nda meydana geldi. Edinilen bilgiye g\u00f6re, V.A. idaresindeki 07 HVF 78 plakal\u0131 kamyonet, n\u00fcfus kav\u015fa\u011f\u0131nda k\u0131rm\u0131z\u0131 \u0131\u015f\u0131kta durdu. Ye\u015fil \u0131\u015f\u0131k yand\u0131\u011f\u0131nda arac\u0131n\u0131 hareket ettirmekte zorlanan ve geri ka\u00e7\u0131ran V.A., arkas\u0131nda bekleyen Gazipa\u015fa B\u00f6lge Trafik Denetleme \u0130stasyon Amirli\u011fine ait araca \u00e7arpt\u0131. Kazada yaralanan olmazken, polis arac\u0131n\u0131n sol \u00f6n far\u0131nda maddi hasar olu\u015ftu. Kazan\u0131n ard\u0131ndan olay yerine polis ve jandarma ekipleri sevk edildi. Alkoll\u00fc oldu\u011funu s\u00f6yleyen s\u00fcr\u00fcc\u00fc, ehliyetinin olmad\u0131\u011f\u0131n\u0131 da itiraf etti. 3.74 promil alkoll\u00fc oldu\u011fu belirlenen s\u00fcr\u00fcc\u00fcye 28 bin TL cezai i\u015flem uygulan\u0131rken, kamyoneti otoparka \u00e7ekildi. Kazayla ilgili inceleme ba\u015flat\u0131ld\u0131. Kaynak: www.kanalv.com.tr Haber Sitesinden Al\u0131nm\u0131\u015ft\u0131r.\" \/>\n<meta property=\"og:url\" content=\"https:\/\/denizcankizil.tr\/uk\/haberler\/antalya\/alkollu-surucu-polis-aracina-carpti\/\" \/>\n<meta property=\"og:site_name\" content=\"Av. Deniz Can K\u0131z\u0131l\" \/>\n<meta property=\"article:published_time\" content=\"2025-02-20T08:41:42+00:00\" \/>\n<meta property=\"og:image\" content=\"https:\/\/denizcankizil.tr\/wp-content\/uploads\/2025\/02\/5070-01-L79ASN.jpeg\" \/>\n\t<meta property=\"og:image:width\" content=\"1280\" \/>\n\t<meta property=\"og:image:height\" content=\"720\" \/>\n\t<meta property=\"og:image:type\" content=\"image\/jpeg\" \/>\n<meta name=\"author\" content=\"Av. Deniz Can K\u0131z\u0131l\" \/>\n<meta name=\"twitter:card\" content=\"summary_large_image\" \/>\n<meta name=\"twitter:label1\" content=\"\u041d\u0430\u043f\u0438\u0441\u0430\u043d\u043e\" \/>\n\t<meta name=\"twitter:data1\" content=\"Av. Deniz Can K\u0131z\u0131l\" \/>\n\t<meta name=\"twitter:label2\" content=\"\u041f\u0440\u0438\u0431\u043b. \u0447\u0430\u0441 \u0447\u0438\u0442\u0430\u043d\u043d\u044f\" \/>\n\t<meta name=\"twitter:data2\" content=\"1 \u0445\u0432\u0438\u043b\u0438\u043d\u0430\" \/>\n<script type=\"application\/ld+json\" class=\"yoast-schema-graph\">{\"@context\":\"https:\/\/schema.org\",\"@graph\":[{\"@type\":\"Article\",\"@id\":\"https:\/\/denizcankizil.tr\/uk\/haberler\/antalya\/alkollu-surucu-polis-aracina-carpti\/#article\",\"isPartOf\":{\"@id\":\"https:\/\/denizcankizil.tr\/uk\/haberler\/antalya\/alkollu-surucu-polis-aracina-carpti\/\"},\"author\":{\"name\":\"Av. Deniz Can K\u0131z\u0131l\",\"@id\":\"https:\/\/denizcankizil.tr\/de\/#\/schema\/person\/5dc1b22991bd7ac833867c10afc9b0ff\"},\"headline\":\"Alkoll\u00fc s\u00fcr\u00fcc\u00fc polis arac\u0131na \u00e7arpt\u0131\",\"datePublished\":\"2025-02-20T08:41:42+00:00\",\"mainEntityOfPage\":{\"@id\":\"https:\/\/denizcankizil.tr\/uk\/haberler\/antalya\/alkollu-surucu-polis-aracina-carpti\/\"},\"wordCount\":156,\"commentCount\":0,\"publisher\":{\"@id\":\"https:\/\/denizcankizil.tr\/de\/#organization\"},\"image\":{\"@id\":\"https:\/\/denizcankizil.tr\/uk\/haberler\/antalya\/alkollu-surucu-polis-aracina-carpti\/#primaryimage\"},\"thumbnailUrl\":\"https:\/\/denizcankizil.tr\/wp-content\/uploads\/2025\/02\/5070-01-L79ASN.jpeg\",\"articleSection\":[\"Antalya\"],\"inLanguage\":\"uk\",\"potentialAction\":[{\"@type\":\"CommentAction\",\"name\":\"Comment\",\"target\":[\"https:\/\/denizcankizil.tr\/uk\/haberler\/antalya\/alkollu-surucu-polis-aracina-carpti\/#respond\"]}]},{\"@type\":\"WebPage\",\"@id\":\"https:\/\/denizcankizil.tr\/uk\/haberler\/antalya\/alkollu-surucu-polis-aracina-carpti\/\",\"url\":\"https:\/\/denizcankizil.tr\/uk\/haberler\/antalya\/alkollu-surucu-polis-aracina-carpti\/\",\"name\":\"Alkoll\u00fc s\u00fcr\u00fcc\u00fc polis arac\u0131na \u00e7arpt\u0131 - Av. Deniz Can K\u0131z\u0131l\",\"isPartOf\":{\"@id\":\"https:\/\/denizcankizil.tr\/de\/#website\"},\"primaryImageOfPage\":{\"@id\":\"https:\/\/denizcankizil.tr\/uk\/haberler\/antalya\/alkollu-surucu-polis-aracina-carpti\/#primaryimage\"},\"image\":{\"@id\":\"https:\/\/denizcankizil.tr\/uk\/haberler\/antalya\/alkollu-surucu-polis-aracina-carpti\/#primaryimage\"},\"thumbnailUrl\":\"https:\/\/denizcankizil.tr\/wp-content\/uploads\/2025\/02\/5070-01-L79ASN.jpeg\",\"datePublished\":\"2025-02-20T08:41:42+00:00\",\"breadcrumb\":{\"@id\":\"https:\/\/denizcankizil.tr\/uk\/haberler\/antalya\/alkollu-surucu-polis-aracina-carpti\/#breadcrumb\"},\"inLanguage\":\"uk\",\"potentialAction\":[{\"@type\":\"ReadAction\",\"target\":[\"https:\/\/denizcankizil.tr\/uk\/haberler\/antalya\/alkollu-surucu-polis-aracina-carpti\/\"]}]},{\"@type\":\"ImageObject\",\"inLanguage\":\"uk\",\"@id\":\"https:\/\/denizcankizil.tr\/uk\/haberler\/antalya\/alkollu-surucu-polis-aracina-carpti\/#primaryimage\",\"url\":\"https:\/\/denizcankizil.tr\/wp-content\/uploads\/2025\/02\/5070-01-L79ASN.jpeg\",\"contentUrl\":\"https:\/\/denizcankizil.tr\/wp-content\/uploads\/2025\/02\/5070-01-L79ASN.jpeg\",\"width\":1280,\"height\":720},{\"@type\":\"BreadcrumbList\",\"@id\":\"https:\/\/denizcankizil.tr\/uk\/haberler\/antalya\/alkollu-surucu-polis-aracina-carpti\/#breadcrumb\",\"itemListElement\":[{\"@type\":\"ListItem\",\"position\":1,\"name\":\"Home\",\"item\":\"https:\/\/denizcankizil.tr\/de\/\"},{\"@type\":\"ListItem\",\"position\":2,\"name\":\"Alkoll\u00fc s\u00fcr\u00fcc\u00fc polis arac\u0131na \u00e7arpt\u0131\"}]},{\"@type\":\"WebSite\",\"@id\":\"https:\/\/denizcankizil.tr\/de\/#website\",\"url\":\"https:\/\/denizcankizil.tr\/de\/\",\"name\":\"Av. Deniz Can K\u0131z\u0131l\",\"description\":\"Avukat Deniz Can K\u0131z\u0131l Antalya Barosu\",\"publisher\":{\"@id\":\"https:\/\/denizcankizil.tr\/de\/#organization\"},\"potentialAction\":[{\"@type\":\"SearchAction\",\"target\":{\"@type\":\"EntryPoint\",\"urlTemplate\":\"https:\/\/denizcankizil.tr\/de\/?s={search_term_string}\"},\"query-input\":{\"@type\":\"PropertyValueSpecification\",\"valueRequired\":true,\"valueName\":\"search_term_string\"}}],\"inLanguage\":\"uk\"},{\"@type\":\"Organization\",\"@id\":\"https:\/\/denizcankizil.tr\/de\/#organization\",\"name\":\"Av. Deniz Can K\u0131z\u0131l\",\"url\":\"https:\/\/denizcankizil.tr\/de\/\",\"logo\":{\"@type\":\"ImageObject\",\"inLanguage\":\"uk\",\"@id\":\"https:\/\/denizcankizil.tr\/de\/#\/schema\/logo\/image\/\",\"url\":\"https:\/\/denizcankizil.tr\/wp-content\/uploads\/2024\/10\/siyah-logo-svg.svg\",\"contentUrl\":\"https:\/\/denizcankizil.tr\/wp-content\/uploads\/2024\/10\/siyah-logo-svg.svg\",\"width\":1080,\"height\":1080,\"caption\":\"Av. Deniz Can K\u0131z\u0131l\"},\"image\":{\"@id\":\"https:\/\/denizcankizil.tr\/de\/#\/schema\/logo\/image\/\"}},{\"@type\":\"Person\",\"@id\":\"https:\/\/denizcankizil.tr\/de\/#\/schema\/person\/5dc1b22991bd7ac833867c10afc9b0ff\",\"name\":\"Av. Deniz Can K\u0131z\u0131l\",\"image\":{\"@type\":\"ImageObject\",\"inLanguage\":\"uk\",\"@id\":\"https:\/\/denizcankizil.tr\/de\/#\/schema\/person\/image\/\",\"url\":\"https:\/\/secure.gravatar.com\/avatar\/a0b128fb9855c79efc976d5640eedb31dc35ec297594d6016d2cf7c60e975bb6?s=96&d=mm&r=g\",\"contentUrl\":\"https:\/\/secure.gravatar.com\/avatar\/a0b128fb9855c79efc976d5640eedb31dc35ec297594d6016d2cf7c60e975bb6?s=96&d=mm&r=g\",\"caption\":\"Av. Deniz Can K\u0131z\u0131l\"},\"sameAs\":[\"http:\/\/www.denizcankizil.tr\"],\"url\":\"https:\/\/denizcankizil.tr\/uk\/author\/denizcankizil\/\"}]}<\/script>\n<!-- \/ Yoast SEO Premium plugin. -->","yoast_head_json":{"title":"Alkoll\u00fc s\u00fcr\u00fcc\u00fc polis arac\u0131na \u00e7arpt\u0131 - Av. Deniz Can K\u0131z\u0131l","robots":{"index":"index","follow":"follow","max-snippet":"max-snippet:-1","max-image-preview":"max-image-preview:large","max-video-preview":"max-video-preview:-1"},"canonical":"https:\/\/denizcankizil.tr\/uk\/haberler\/antalya\/alkollu-surucu-polis-aracina-carpti\/","og_locale":"uk_UA","og_type":"article","og_title":"Alkoll\u00fc s\u00fcr\u00fcc\u00fc polis arac\u0131na \u00e7arpt\u0131","og_description":"Kaza, 00.15 s\u0131ralar\u0131nda Yeni Mahalle R\u0131za B\u00fcy\u00fckak\u00e7a Caddesi N\u00fcfus kav\u015fa\u011f\u0131nda meydana geldi. Edinilen bilgiye g\u00f6re, V.A. idaresindeki 07 HVF 78 plakal\u0131 kamyonet, n\u00fcfus kav\u015fa\u011f\u0131nda k\u0131rm\u0131z\u0131 \u0131\u015f\u0131kta durdu. Ye\u015fil \u0131\u015f\u0131k yand\u0131\u011f\u0131nda arac\u0131n\u0131 hareket ettirmekte zorlanan ve geri ka\u00e7\u0131ran V.A., arkas\u0131nda bekleyen Gazipa\u015fa B\u00f6lge Trafik Denetleme \u0130stasyon Amirli\u011fine ait araca \u00e7arpt\u0131. Kazada yaralanan olmazken, polis arac\u0131n\u0131n sol \u00f6n far\u0131nda maddi hasar olu\u015ftu. Kazan\u0131n ard\u0131ndan olay yerine polis ve jandarma ekipleri sevk edildi. Alkoll\u00fc oldu\u011funu s\u00f6yleyen s\u00fcr\u00fcc\u00fc, ehliyetinin olmad\u0131\u011f\u0131n\u0131 da itiraf etti. 3.74 promil alkoll\u00fc oldu\u011fu belirlenen s\u00fcr\u00fcc\u00fcye 28 bin TL cezai i\u015flem uygulan\u0131rken, kamyoneti otoparka \u00e7ekildi. Kazayla ilgili inceleme ba\u015flat\u0131ld\u0131. Kaynak: www.kanalv.com.tr Haber Sitesinden Al\u0131nm\u0131\u015ft\u0131r.","og_url":"https:\/\/denizcankizil.tr\/uk\/haberler\/antalya\/alkollu-surucu-polis-aracina-carpti\/","og_site_name":"Av. Deniz Can K\u0131z\u0131l","article_published_time":"2025-02-20T08:41:42+00:00","og_image":[{"width":1280,"height":720,"url":"https:\/\/denizcankizil.tr\/wp-content\/uploads\/2025\/02\/5070-01-L79ASN.jpeg","type":"image\/jpeg"}],"author":"Av. Deniz Can K\u0131z\u0131l","twitter_card":"summary_large_image","twitter_misc":{"\u041d\u0430\u043f\u0438\u0441\u0430\u043d\u043e":"Av. Deniz Can K\u0131z\u0131l","\u041f\u0440\u0438\u0431\u043b. \u0447\u0430\u0441 \u0447\u0438\u0442\u0430\u043d\u043d\u044f":"1 \u0445\u0432\u0438\u043b\u0438\u043d\u0430"},"schema":{"@context":"https:\/\/schema.org","@graph":[{"@type":"Article","@id":"https:\/\/denizcankizil.tr\/uk\/haberler\/antalya\/alkollu-surucu-polis-aracina-carpti\/#article","isPartOf":{"@id":"https:\/\/denizcankizil.tr\/uk\/haberler\/antalya\/alkollu-surucu-polis-aracina-carpti\/"},"author":{"name":"Av. Deniz Can K\u0131z\u0131l","@id":"https:\/\/denizcankizil.tr\/de\/#\/schema\/person\/5dc1b22991bd7ac833867c10afc9b0ff"},"headline":"Alkoll\u00fc s\u00fcr\u00fcc\u00fc polis arac\u0131na \u00e7arpt\u0131","datePublished":"2025-02-20T08:41:42+00:00","mainEntityOfPage":{"@id":"https:\/\/denizcankizil.tr\/uk\/haberler\/antalya\/alkollu-surucu-polis-aracina-carpti\/"},"wordCount":156,"commentCount":0,"publisher":{"@id":"https:\/\/denizcankizil.tr\/de\/#organization"},"image":{"@id":"https:\/\/denizcankizil.tr\/uk\/haberler\/antalya\/alkollu-surucu-polis-aracina-carpti\/#primaryimage"},"thumbnailUrl":"https:\/\/denizcankizil.tr\/wp-content\/uploads\/2025\/02\/5070-01-L79ASN.jpeg","articleSection":["Antalya"],"inLanguage":"uk","potentialAction":[{"@type":"CommentAction","name":"Comment","target":["https:\/\/denizcankizil.tr\/uk\/haberler\/antalya\/alkollu-surucu-polis-aracina-carpti\/#respond"]}]},{"@type":"WebPage","@id":"https:\/\/denizcankizil.tr\/uk\/haberler\/antalya\/alkollu-surucu-polis-aracina-carpti\/","url":"https:\/\/denizcankizil.tr\/uk\/haberler\/antalya\/alkollu-surucu-polis-aracina-carpti\/","name":"Alkoll\u00fc s\u00fcr\u00fcc\u00fc polis arac\u0131na \u00e7arpt\u0131 - Av. Deniz Can K\u0131z\u0131l","isPartOf":{"@id":"https:\/\/denizcankizil.tr\/de\/#website"},"primaryImageOfPage":{"@id":"https:\/\/denizcankizil.tr\/uk\/haberler\/antalya\/alkollu-surucu-polis-aracina-carpti\/#primaryimage"},"image":{"@id":"https:\/\/denizcankizil.tr\/uk\/haberler\/antalya\/alkollu-surucu-polis-aracina-carpti\/#primaryimage"},"thumbnailUrl":"https:\/\/denizcankizil.tr\/wp-content\/uploads\/2025\/02\/5070-01-L79ASN.jpeg","datePublished":"2025-02-20T08:41:42+00:00","breadcrumb":{"@id":"https:\/\/denizcankizil.tr\/uk\/haberler\/antalya\/alkollu-surucu-polis-aracina-carpti\/#breadcrumb"},"inLanguage":"uk","potentialAction":[{"@type":"ReadAction","target":["https:\/\/denizcankizil.tr\/uk\/haberler\/antalya\/alkollu-surucu-polis-aracina-carpti\/"]}]},{"@type":"ImageObject","inLanguage":"uk","@id":"https:\/\/denizcankizil.tr\/uk\/haberler\/antalya\/alkollu-surucu-polis-aracina-carpti\/#primaryimage","url":"https:\/\/denizcankizil.tr\/wp-content\/uploads\/2025\/02\/5070-01-L79ASN.jpeg","contentUrl":"https:\/\/denizcankizil.tr\/wp-content\/uploads\/2025\/02\/5070-01-L79ASN.jpeg","width":1280,"height":720},{"@type":"BreadcrumbList","@id":"https:\/\/denizcankizil.tr\/uk\/haberler\/antalya\/alkollu-surucu-polis-aracina-carpti\/#breadcrumb","itemListElement":[{"@type":"ListItem","position":1,"name":"Home","item":"https:\/\/denizcankizil.tr\/de\/"},{"@type":"ListItem","position":2,"name":"Alkoll\u00fc s\u00fcr\u00fcc\u00fc polis arac\u0131na \u00e7arpt\u0131"}]},{"@type":"WebSite","@id":"https:\/\/denizcankizil.tr\/de\/#website","url":"https:\/\/denizcankizil.tr\/de\/","name":"Av. Deniz Can K\u0131z\u0131l","description":"Avukat Deniz Can K\u0131z\u0131l Antalya Barosu","publisher":{"@id":"https:\/\/denizcankizil.tr\/de\/#organization"},"potentialAction":[{"@type":"SearchAction","target":{"@type":"EntryPoint","urlTemplate":"https:\/\/denizcankizil.tr\/de\/?s={search_term_string}"},"query-input":{"@type":"PropertyValueSpecification","valueRequired":true,"valueName":"search_term_string"}}],"inLanguage":"uk"},{"@type":"Organization","@id":"https:\/\/denizcankizil.tr\/de\/#organization","name":"Av. Deniz Can K\u0131z\u0131l","url":"https:\/\/denizcankizil.tr\/de\/","logo":{"@type":"ImageObject","inLanguage":"uk","@id":"https:\/\/denizcankizil.tr\/de\/#\/schema\/logo\/image\/","url":"https:\/\/denizcankizil.tr\/wp-content\/uploads\/2024\/10\/siyah-logo-svg.svg","contentUrl":"https:\/\/denizcankizil.tr\/wp-content\/uploads\/2024\/10\/siyah-logo-svg.svg","width":1080,"height":1080,"caption":"Av. Deniz Can K\u0131z\u0131l"},"image":{"@id":"https:\/\/denizcankizil.tr\/de\/#\/schema\/logo\/image\/"}},{"@type":"Person","@id":"https:\/\/denizcankizil.tr\/de\/#\/schema\/person\/5dc1b22991bd7ac833867c10afc9b0ff","name":"Av. Deniz Can K\u0131z\u0131l","image":{"@type":"ImageObject","inLanguage":"uk","@id":"https:\/\/denizcankizil.tr\/de\/#\/schema\/person\/image\/","url":"https:\/\/secure.gravatar.com\/avatar\/a0b128fb9855c79efc976d5640eedb31dc35ec297594d6016d2cf7c60e975bb6?s=96&d=mm&r=g","contentUrl":"https:\/\/secure.gravatar.com\/avatar\/a0b128fb9855c79efc976d5640eedb31dc35ec297594d6016d2cf7c60e975bb6?s=96&d=mm&r=g","caption":"Av. Deniz Can K\u0131z\u0131l"},"sameAs":["http:\/\/www.denizcankizil.tr"],"url":"https:\/\/denizcankizil.tr\/uk\/author\/denizcankizil\/"}]}},"_links":{"self":[{"href":"https:\/\/denizcankizil.tr\/uk\/wp-json\/wp\/v2\/posts\/33616","targetHints":{"allow":["GET"]}}],"collection":[{"href":"https:\/\/denizcankizil.tr\/uk\/wp-json\/wp\/v2\/posts"}],"about":[{"href":"https:\/\/denizcankizil.tr\/uk\/wp-json\/wp\/v2\/types\/post"}],"author":[{"embeddable":true,"href":"https:\/\/denizcankizil.tr\/uk\/wp-json\/wp\/v2\/users\/4"}],"replies":[{"embeddable":true,"href":"https:\/\/denizcankizil.tr\/uk\/wp-json\/wp\/v2\/comments?post=33616"}],"version-history":[{"count":0,"href":"https:\/\/denizcankizil.tr\/uk\/wp-json\/wp\/v2\/posts\/33616\/revisions"}],"wp:featuredmedia":[{"embeddable":true,"href":"https:\/\/denizcankizil.tr\/uk\/wp-json\/wp\/v2\/media\/33617"}],"wp:attachment":[{"href":"https:\/\/denizcankizil.tr\/uk\/wp-json\/wp\/v2\/media?parent=33616"}],"wp:term":[{"taxonomy":"category","embeddable":true,"href":"https:\/\/denizcankizil.tr\/uk\/wp-json\/wp\/v2\/categories?post=33616"},{"taxonomy":"post_tag","embeddable":true,"href":"https:\/\/denizcankizil.tr\/uk\/wp-json\/wp\/v2\/tags?post=33616"}],"curies":[{"name":"wp","href":"https:\/\/api.w.org\/{rel}","templated":true}]}}