{"id":33605,"date":"2025-02-20T10:41:54","date_gmt":"2025-02-20T07:41:54","guid":{"rendered":"https:\/\/denizcankizil.tr\/uncategorized-tr\/fahrettin-altun-fitine-ve-iftira-silsilesi-yolumuzdan-geri-ceviremeyecek\/"},"modified":"2025-02-20T10:41:54","modified_gmt":"2025-02-20T07:41:54","slug":"fahrettin-altun-fitine-ve-iftira-silsilesi-yolumuzdan-geri-ceviremeyecek","status":"publish","type":"post","link":"https:\/\/denizcankizil.tr\/uk\/haberler\/gundem\/fahrettin-altun-fitine-ve-iftira-silsilesi-yolumuzdan-geri-ceviremeyecek\/","title":{"rendered":"Fahrettin Altun: Fitine ve iftira silsilesi yolumuzdan geri \u00e7eviremeyecek"},"content":{"rendered":"<p>Cumhurba\u015fkanl\u0131\u011f\u0131 \u0130leti\u015fim Ba\u015fkan\u0131 Fahrettin Altun, &#8220;Gazetecilik ad\u0131 alt\u0131nda yap\u0131lan dedikodu faaliyetleri, fitne seanslar\u0131, iftira kampanyalar\u0131 ve bunlara e\u015flik eden yalanlar silsilesi birli\u011fimizi, beraberli\u011fimizi bozamayacak, bizi yolumuzdan, bu kutlu davadan geri \u00e7eviremeyecektir&#8221; dedi.ANKARA (\u0130GFA) &#8211; Levent G\u00fcltekin kendi Youtube kanal\u0131nda dizi sekt\u00f6r\u00fc soru\u015fturmas\u0131yla ilgili \u00e7e\u015fitli iddialarda bulunarak Albayrak Grubu ile \u0130leti\u015fim Ba\u015fkan\u0131 Fahrettin Altun aras\u0131nda kavga oldu\u011funu \u00f6ne s\u00fcrm\u00fc\u015ft\u00fc.<br \/>\n\u0130leti\u015fim Ba\u015fkan\u0131 Fahrettin Altun, bu iddialara sosyal medya hesab\u0131ndan yan\u0131t verdi. &#8220;Yakla\u015f\u0131k 1 ay \u00f6nce sansasyonel a\u00e7\u0131klamalar yaparak kendisini tart\u0131\u015ft\u0131rmay\u0131 marifet sanan bir ki\u015fi, ger\u00e7eklikle ba\u011f\u0131 olmayan, hi\u00e7bir surette ciddiye al\u0131nmayacak, as\u0131ls\u0131z birtak\u0131m iddialarda bulundu. Ortaya at\u0131ld\u0131\u011f\u0131 g\u00fcnlerde hi\u00e7bir etki uyand\u0131rmayan, g\u00fcndem olmayan bu anlams\u0131z ve k\u00f6t\u00fc niyetli ithamlar\u0131n bug\u00fcn maalesef yeniden g\u00fcndeme ta\u015f\u0131nd\u0131\u011f\u0131n\u0131 m\u00fc\u015fahade ediyoruz&#8221; diyen Altun,\u00a0\u00a0\u201cGazetecilik ad\u0131 alt\u0131nda yap\u0131lan dedikodu, fitne, iftira ve yalanlar silsilesi, bizi yolumuzdan geri \u00e7eviremeyecektir\u201d dedi.\u00a0<br \/>\nT\u00fcrkiye&#8217;nin\u00a0\u00e7ok \u00f6nemli bir s\u00fcre\u00e7ten ge\u00e7ti\u011fi, Cumhurba\u015fkan\u0131 Erdo\u011fan\u2019\u0131n, h\u00fck\u00fcmet ve Cumhur \u0130ttifak\u0131&#8217;n\u0131n T\u00fcrkiye\u2019nin birli\u011fi, beraberli\u011fi ve dirli\u011fi i\u00e7in \u00e7abalar\u0131n\u0131 yo\u011funla\u015ft\u0131rd\u0131\u011f\u0131, bu sebeple t\u00fcrl\u00fc sald\u0131r\u0131larla kar\u015f\u0131 kar\u015f\u0131ya kald\u0131\u011f\u0131 b\u00f6ylesine bir d\u00f6nemde bir fitne ate\u015finin yak\u0131lmaya \u00e7al\u0131\u015f\u0131ld\u0131\u011f\u0131n\u0131 a\u00e7\u0131k ve net bir \u015fekilde g\u00f6rd\u00fcklerini ifade eden Fahrettin Altun, &#8220;Bu fitne ate\u015finin, bizim nezdimizde ne olursa olsun kar\u015f\u0131l\u0131k bulamayaca\u011f\u0131n\u0131, dahas\u0131 ne kadar \u00fcflenirse \u00fcflensin yak\u0131lamayaca\u011f\u0131n\u0131 bildirerek \u015fu \u00f6nemli noktalar\u0131 hat\u0131rlatmakta fayda g\u00f6r\u00fcyoruz:\u00a0 Cumhurba\u015fkanl\u0131\u011f\u0131 H\u00fck\u00fcmet Sisteminin tesis edildi\u011fi g\u00fcnden bu yana \u0130leti\u015fim Ba\u015fkanl\u0131\u011f\u0131 olarak g\u00f6revimiz Cumhurba\u015fkan\u0131m\u0131z Say\u0131n Recep Tayyip Erdo\u011fan\u2019\u0131n vizyonunu g\u00fc\u00e7l\u00fc, g\u00f6r\u00fcn\u00fcr ve etkin bir \u015fekilde t\u00fcm insanl\u0131\u011fa tan\u0131tmak, T\u00fcrkiye\u2019nin ileti\u015fim alan\u0131nda kudretini art\u0131rmak ve Milletimizin \u00e7\u0131karlar\u0131n\u0131 t\u00fcm platformlarda en iyi \u015fekilde anlat\u0131p savunmakt\u0131r.\u00a0 Bug\u00fcn \u00e7evresindeki t\u00fcm \u00e7at\u0131\u015fmalara, gerginliklere, sava\u015flara ra\u011fmen bar\u0131\u015f\u0131n en \u00f6nemli ve g\u00fc\u00e7l\u00fc savunucusu olan T\u00fcrkiye, Say\u0131n Cumhurba\u015fkan\u0131m\u0131z liderli\u011finde b\u00f6lgesel ve k\u00fcresel anlamda etki alan\u0131n\u0131 bar\u0131\u015f\u00e7\u0131l bir \u015fekilde geni\u015fletmektedir. T\u00fcrkiye bug\u00fcn t\u00fcm d\u00fcnyan\u0131n g\u00f6zlerini \u00e7evirdi\u011fi, hemen her sorun alan\u0131nda \u00e7\u00f6z\u00fcm \u00f6nerilerini dikkate ald\u0131\u011f\u0131, istikrarla\u015ft\u0131r\u0131c\u0131 bir g\u00fc\u00e7 konumundad\u0131r.\u00a0 T\u00fcrkiye\u2019nin bu duruma gelmesinin en b\u00fcy\u00fck vesilesi, Say\u0131n Cumhurba\u015fkan\u0131m\u0131z\u0131n i\u00e7eride ve d\u0131\u015far\u0131da y\u00fcr\u00fctt\u00fc\u011f\u00fc cesur politikalard\u0131r. Bu politikalar\u0131 besleyen en \u00f6nemli g\u00fc\u00e7 de yine Say\u0131n Cumhurba\u015fkan\u0131m\u0131z\u0131n her t\u00fcrl\u00fc siyasi bedeli \u00f6deyerek liderlik etti\u011fi Davam\u0131zd\u0131r!&#8221; ifadelerini kulland\u0131.<\/p>\n<p>\u200bCumhurba\u015fkanl\u0131\u011f\u0131 \u0130leti\u015fim Ba\u015fkan\u0131 Fahrettin Altun, &#8220;Gazetecilik ad\u0131 alt\u0131nda yap\u0131lan dedikodu faaliyetleri, fitne seanslar\u0131, iftira kampanyalar\u0131 ve bunlara e\u015flik eden yalanlar silsilesi birli\u011fimizi, beraberli\u011fimizi bozamayacak, bizi yolumuzdan, bu kutlu davadan geri \u00e7eviremeyecektir&#8221; dedi.ANKARA (\u0130GFA) &#8211; Levent G\u00fcltekin kendi Youtube kanal\u0131nda dizi sekt\u00f6r\u00fc soru\u015fturmas\u0131yla ilgili \u00e7e\u015fitli iddialarda bulunarak Albayrak Grubu ile \u0130leti\u015fim Ba\u015fkan\u0131 Fahrettin Altun aras\u0131nda kavga oldu\u011funu \u00f6ne s\u00fcrm\u00fc\u015ft\u00fc.<br \/>\n\u0130leti\u015fim Ba\u015fkan\u0131 Fahrettin Altun, bu iddialara sosyal medya hesab\u0131ndan yan\u0131t verdi. &#8220;Yakla\u015f\u0131k 1 ay \u00f6nce sansasyonel a\u00e7\u0131klamalar yaparak kendisini tart\u0131\u015ft\u0131rmay\u0131 marifet sanan bir ki\u015fi, ger\u00e7eklikle ba\u011f\u0131 olmayan, hi\u00e7bir surette ciddiye al\u0131nmayacak, as\u0131ls\u0131z birtak\u0131m iddialarda bulundu. Ortaya at\u0131ld\u0131\u011f\u0131 g\u00fcnlerde hi\u00e7bir etki uyand\u0131rmayan, g\u00fcndem olmayan bu anlams\u0131z ve k\u00f6t\u00fc niyetli ithamlar\u0131n bug\u00fcn maalesef yeniden g\u00fcndeme ta\u015f\u0131nd\u0131\u011f\u0131n\u0131 m\u00fc\u015fahade ediyoruz&#8221; diyen Altun,\u00a0\u00a0\u201cGazetecilik ad\u0131 alt\u0131nda yap\u0131lan dedikodu, fitne, iftira ve yalanlar silsilesi, bizi yolumuzdan geri \u00e7eviremeyecektir\u201d dedi.\u00a0<br \/>\nT\u00fcrkiye&#8217;nin\u00a0\u00e7ok \u00f6nemli bir s\u00fcre\u00e7ten ge\u00e7ti\u011fi, Cumhurba\u015fkan\u0131 Erdo\u011fan\u2019\u0131n, h\u00fck\u00fcmet ve Cumhur \u0130ttifak\u0131&#8217;n\u0131n T\u00fcrkiye\u2019nin birli\u011fi, beraberli\u011fi ve dirli\u011fi i\u00e7in \u00e7abalar\u0131n\u0131 yo\u011funla\u015ft\u0131rd\u0131\u011f\u0131, bu sebeple t\u00fcrl\u00fc sald\u0131r\u0131larla kar\u015f\u0131 kar\u015f\u0131ya kald\u0131\u011f\u0131 b\u00f6ylesine bir d\u00f6nemde bir fitne ate\u015finin yak\u0131lmaya \u00e7al\u0131\u015f\u0131ld\u0131\u011f\u0131n\u0131 a\u00e7\u0131k ve net bir \u015fekilde g\u00f6rd\u00fcklerini ifade eden Fahrettin Altun, &#8220;Bu fitne ate\u015finin, bizim nezdimizde ne olursa olsun kar\u015f\u0131l\u0131k bulamayaca\u011f\u0131n\u0131, dahas\u0131 ne kadar \u00fcflenirse \u00fcflensin yak\u0131lamayaca\u011f\u0131n\u0131 bildirerek \u015fu \u00f6nemli noktalar\u0131 hat\u0131rlatmakta fayda g\u00f6r\u00fcyoruz:\u00a0 Cumhurba\u015fkanl\u0131\u011f\u0131 H\u00fck\u00fcmet Sisteminin tesis edildi\u011fi g\u00fcnden bu yana \u0130leti\u015fim Ba\u015fkanl\u0131\u011f\u0131 olarak g\u00f6revimiz Cumhurba\u015fkan\u0131m\u0131z Say\u0131n Recep Tayyip Erdo\u011fan\u2019\u0131n vizyonunu g\u00fc\u00e7l\u00fc, g\u00f6r\u00fcn\u00fcr ve etkin bir \u015fekilde t\u00fcm insanl\u0131\u011fa tan\u0131tmak, T\u00fcrkiye\u2019nin ileti\u015fim alan\u0131nda kudretini art\u0131rmak ve Milletimizin \u00e7\u0131karlar\u0131n\u0131 t\u00fcm platformlarda en iyi \u015fekilde anlat\u0131p savunmakt\u0131r.\u00a0 Bug\u00fcn \u00e7evresindeki t\u00fcm \u00e7at\u0131\u015fmalara, gerginliklere, sava\u015flara ra\u011fmen bar\u0131\u015f\u0131n en \u00f6nemli ve g\u00fc\u00e7l\u00fc savunucusu olan T\u00fcrkiye, Say\u0131n Cumhurba\u015fkan\u0131m\u0131z liderli\u011finde b\u00f6lgesel ve k\u00fcresel anlamda etki alan\u0131n\u0131 bar\u0131\u015f\u00e7\u0131l bir \u015fekilde geni\u015fletmektedir. T\u00fcrkiye bug\u00fcn t\u00fcm d\u00fcnyan\u0131n g\u00f6zlerini \u00e7evirdi\u011fi, hemen her sorun alan\u0131nda \u00e7\u00f6z\u00fcm \u00f6nerilerini dikkate ald\u0131\u011f\u0131, istikrarla\u015ft\u0131r\u0131c\u0131 bir g\u00fc\u00e7 konumundad\u0131r.\u00a0 T\u00fcrkiye\u2019nin bu duruma gelmesinin en b\u00fcy\u00fck vesilesi, Say\u0131n Cumhurba\u015fkan\u0131m\u0131z\u0131n i\u00e7eride ve d\u0131\u015far\u0131da y\u00fcr\u00fctt\u00fc\u011f\u00fc cesur politikalard\u0131r. Bu politikalar\u0131 besleyen en \u00f6nemli g\u00fc\u00e7 de yine Say\u0131n Cumhurba\u015fkan\u0131m\u0131z\u0131n her t\u00fcrl\u00fc siyasi bedeli \u00f6deyerek liderlik etti\u011fi Davam\u0131zd\u0131r!&#8221; ifadelerini kulland\u0131.\u00a0<\/p>\n<p>\u200bHaberin Al\u0131nt\u0131land\u0131\u011f\u0131 Kaynak: www.iskenderun.org<\/p>","protected":false},"excerpt":{"rendered":"<p>Cumhurba\u015fkanl\u0131\u011f\u0131 \u0130leti\u015fim Ba\u015fkan\u0131 Fahrettin Altun, &#8220;Gazetecilik ad\u0131 alt\u0131nda yap\u0131lan dedikodu faaliyetleri, fitne seanslar\u0131, iftira kampanyalar\u0131 ve bunlara e\u015flik eden yalanlar silsilesi birli\u011fimizi, beraberli\u011fimizi bozamayacak, bizi yolumuzdan, bu kutlu davadan geri \u00e7eviremeyecektir&#8221; dedi.ANKARA (\u0130GFA) &#8211; Levent G\u00fcltekin kendi Youtube kanal\u0131nda dizi sekt\u00f6r\u00fc soru\u015fturmas\u0131yla ilgili \u00e7e\u015fitli iddialarda bulunarak Albayrak Grubu ile \u0130leti\u015fim Ba\u015fkan\u0131 Fahrettin Altun aras\u0131nda kavga oldu\u011funu \u00f6ne s\u00fcrm\u00fc\u015ft\u00fc. \u0130leti\u015fim Ba\u015fkan\u0131 Fahrettin Altun, bu iddialara sosyal medya hesab\u0131ndan yan\u0131t verdi. &#8220;Yakla\u015f\u0131k 1 ay \u00f6nce sansasyonel a\u00e7\u0131klamalar yaparak kendisini tart\u0131\u015ft\u0131rmay\u0131 marifet sanan bir ki\u015fi, ger\u00e7eklikle ba\u011f\u0131 olmayan, hi\u00e7bir surette ciddiye al\u0131nmayacak, as\u0131ls\u0131z birtak\u0131m iddialarda bulundu. Ortaya at\u0131ld\u0131\u011f\u0131 g\u00fcnlerde hi\u00e7bir etki uyand\u0131rmayan, g\u00fcndem olmayan bu anlams\u0131z ve k\u00f6t\u00fc niyetli ithamlar\u0131n bug\u00fcn maalesef yeniden g\u00fcndeme ta\u015f\u0131nd\u0131\u011f\u0131n\u0131 m\u00fc\u015fahade ediyoruz&#8221; diyen Altun,\u00a0\u00a0\u201cGazetecilik ad\u0131 alt\u0131nda yap\u0131lan dedikodu, fitne, iftira ve yalanlar silsilesi, bizi yolumuzdan geri \u00e7eviremeyecektir\u201d dedi.\u00a0 T\u00fcrkiye&#8217;nin\u00a0\u00e7ok \u00f6nemli bir s\u00fcre\u00e7ten ge\u00e7ti\u011fi, Cumhurba\u015fkan\u0131 Erdo\u011fan\u2019\u0131n, h\u00fck\u00fcmet ve Cumhur \u0130ttifak\u0131&#8217;n\u0131n T\u00fcrkiye\u2019nin birli\u011fi, beraberli\u011fi ve dirli\u011fi i\u00e7in \u00e7abalar\u0131n\u0131 yo\u011funla\u015ft\u0131rd\u0131\u011f\u0131, bu sebeple t\u00fcrl\u00fc sald\u0131r\u0131larla kar\u015f\u0131 kar\u015f\u0131ya kald\u0131\u011f\u0131 b\u00f6ylesine bir d\u00f6nemde bir fitne ate\u015finin yak\u0131lmaya \u00e7al\u0131\u015f\u0131ld\u0131\u011f\u0131n\u0131 a\u00e7\u0131k ve net bir \u015fekilde g\u00f6rd\u00fcklerini ifade eden Fahrettin Altun, &#8220;Bu fitne ate\u015finin, bizim nezdimizde ne olursa olsun kar\u015f\u0131l\u0131k bulamayaca\u011f\u0131n\u0131, dahas\u0131 ne kadar \u00fcflenirse \u00fcflensin yak\u0131lamayaca\u011f\u0131n\u0131 bildirerek \u015fu \u00f6nemli noktalar\u0131 hat\u0131rlatmakta fayda g\u00f6r\u00fcyoruz:\u00a0 Cumhurba\u015fkanl\u0131\u011f\u0131 H\u00fck\u00fcmet Sisteminin &hellip;<\/p>","protected":false},"author":1,"featured_media":0,"comment_status":"open","ping_status":"open","sticky":false,"template":"","format":"standard","meta":{"_acf_changed":false,"footnotes":""},"categories":[24],"tags":[],"class_list":["post-33605","post","type-post","status-publish","format-standard","has-post-thumbnail","hentry","category-gundem"],"acf":[],"yoast_head":"<!-- This site is optimized with the Yoast SEO Premium plugin v26.6 (Yoast SEO v27.1.1) - https:\/\/yoast.com\/product\/yoast-seo-premium-wordpress\/ -->\n<title>Fahrettin Altun: Fitine ve iftira silsilesi yolumuzdan geri \u00e7eviremeyecek - Av. Deniz Can K\u0131z\u0131l<\/title>\n<meta name=\"robots\" content=\"index, follow, max-snippet:-1, max-image-preview:large, max-video-preview:-1\" \/>\n<link rel=\"canonical\" href=\"https:\/\/denizcankizil.tr\/uk\/haberler\/gundem\/fahrettin-altun-fitine-ve-iftira-silsilesi-yolumuzdan-geri-ceviremeyecek\/\" \/>\n<meta property=\"og:locale\" content=\"uk_UA\" \/>\n<meta property=\"og:type\" content=\"article\" \/>\n<meta property=\"og:title\" content=\"Fahrettin Altun: Fitine ve iftira silsilesi yolumuzdan geri \u00e7eviremeyecek\" \/>\n<meta property=\"og:description\" content=\"Cumhurba\u015fkanl\u0131\u011f\u0131 \u0130leti\u015fim Ba\u015fkan\u0131 Fahrettin Altun, &#8220;Gazetecilik ad\u0131 alt\u0131nda yap\u0131lan dedikodu faaliyetleri, fitne seanslar\u0131, iftira kampanyalar\u0131 ve bunlara e\u015flik eden yalanlar silsilesi birli\u011fimizi, beraberli\u011fimizi bozamayacak, bizi yolumuzdan, bu kutlu davadan geri \u00e7eviremeyecektir&#8221; dedi.ANKARA (\u0130GFA) &#8211; Levent G\u00fcltekin kendi Youtube kanal\u0131nda dizi sekt\u00f6r\u00fc soru\u015fturmas\u0131yla ilgili \u00e7e\u015fitli iddialarda bulunarak Albayrak Grubu ile \u0130leti\u015fim Ba\u015fkan\u0131 Fahrettin Altun aras\u0131nda kavga oldu\u011funu \u00f6ne s\u00fcrm\u00fc\u015ft\u00fc. \u0130leti\u015fim Ba\u015fkan\u0131 Fahrettin Altun, bu iddialara sosyal medya hesab\u0131ndan yan\u0131t verdi. &#8220;Yakla\u015f\u0131k 1 ay \u00f6nce sansasyonel a\u00e7\u0131klamalar yaparak kendisini tart\u0131\u015ft\u0131rmay\u0131 marifet sanan bir ki\u015fi, ger\u00e7eklikle ba\u011f\u0131 olmayan, hi\u00e7bir surette ciddiye al\u0131nmayacak, as\u0131ls\u0131z birtak\u0131m iddialarda bulundu. Ortaya at\u0131ld\u0131\u011f\u0131 g\u00fcnlerde hi\u00e7bir etki uyand\u0131rmayan, g\u00fcndem olmayan bu anlams\u0131z ve k\u00f6t\u00fc niyetli ithamlar\u0131n bug\u00fcn maalesef yeniden g\u00fcndeme ta\u015f\u0131nd\u0131\u011f\u0131n\u0131 m\u00fc\u015fahade ediyoruz&#8221; diyen Altun,\u00a0\u00a0\u201cGazetecilik ad\u0131 alt\u0131nda yap\u0131lan dedikodu, fitne, iftira ve yalanlar silsilesi, bizi yolumuzdan geri \u00e7eviremeyecektir\u201d dedi.\u00a0 T\u00fcrkiye&#8217;nin\u00a0\u00e7ok \u00f6nemli bir s\u00fcre\u00e7ten ge\u00e7ti\u011fi, Cumhurba\u015fkan\u0131 Erdo\u011fan\u2019\u0131n, h\u00fck\u00fcmet ve Cumhur \u0130ttifak\u0131&#8217;n\u0131n T\u00fcrkiye\u2019nin birli\u011fi, beraberli\u011fi ve dirli\u011fi i\u00e7in \u00e7abalar\u0131n\u0131 yo\u011funla\u015ft\u0131rd\u0131\u011f\u0131, bu sebeple t\u00fcrl\u00fc sald\u0131r\u0131larla kar\u015f\u0131 kar\u015f\u0131ya kald\u0131\u011f\u0131 b\u00f6ylesine bir d\u00f6nemde bir fitne ate\u015finin yak\u0131lmaya \u00e7al\u0131\u015f\u0131ld\u0131\u011f\u0131n\u0131 a\u00e7\u0131k ve net bir \u015fekilde g\u00f6rd\u00fcklerini ifade eden Fahrettin Altun, &#8220;Bu fitne ate\u015finin, bizim nezdimizde ne olursa olsun kar\u015f\u0131l\u0131k bulamayaca\u011f\u0131n\u0131, dahas\u0131 ne kadar \u00fcflenirse \u00fcflensin yak\u0131lamayaca\u011f\u0131n\u0131 bildirerek \u015fu \u00f6nemli noktalar\u0131 hat\u0131rlatmakta fayda g\u00f6r\u00fcyoruz:\u00a0 Cumhurba\u015fkanl\u0131\u011f\u0131 H\u00fck\u00fcmet Sisteminin &hellip;\" \/>\n<meta property=\"og:url\" content=\"https:\/\/denizcankizil.tr\/uk\/haberler\/gundem\/fahrettin-altun-fitine-ve-iftira-silsilesi-yolumuzdan-geri-ceviremeyecek\/\" \/>\n<meta property=\"og:site_name\" content=\"Av. Deniz Can K\u0131z\u0131l\" \/>\n<meta property=\"article:published_time\" content=\"2025-02-20T07:41:54+00:00\" \/>\n<meta name=\"author\" content=\"admin\" \/>\n<meta name=\"twitter:card\" content=\"summary_large_image\" \/>\n<meta name=\"twitter:label1\" content=\"\u041d\u0430\u043f\u0438\u0441\u0430\u043d\u043e\" \/>\n\t<meta name=\"twitter:data1\" content=\"admin\" \/>\n\t<meta name=\"twitter:label2\" content=\"\u041f\u0440\u0438\u0431\u043b. \u0447\u0430\u0441 \u0447\u0438\u0442\u0430\u043d\u043d\u044f\" \/>\n\t<meta name=\"twitter:data2\" content=\"5 \u0445\u0432\u0438\u043b\u0438\u043d\" \/>\n<script type=\"application\/ld+json\" class=\"yoast-schema-graph\">{\"@context\":\"https:\/\/schema.org\",\"@graph\":[{\"@type\":\"Article\",\"@id\":\"https:\/\/denizcankizil.tr\/uk\/haberler\/gundem\/fahrettin-altun-fitine-ve-iftira-silsilesi-yolumuzdan-geri-ceviremeyecek\/#article\",\"isPartOf\":{\"@id\":\"https:\/\/denizcankizil.tr\/uk\/haberler\/gundem\/fahrettin-altun-fitine-ve-iftira-silsilesi-yolumuzdan-geri-ceviremeyecek\/\"},\"author\":{\"name\":\"admin\",\"@id\":\"https:\/\/denizcankizil.tr\/#\/schema\/person\/be3c05fe6a12686905512445d8185489\"},\"headline\":\"Fahrettin Altun: Fitine ve iftira silsilesi yolumuzdan geri \u00e7eviremeyecek\",\"datePublished\":\"2025-02-20T07:41:54+00:00\",\"mainEntityOfPage\":{\"@id\":\"https:\/\/denizcankizil.tr\/uk\/haberler\/gundem\/fahrettin-altun-fitine-ve-iftira-silsilesi-yolumuzdan-geri-ceviremeyecek\/\"},\"wordCount\":1021,\"commentCount\":0,\"publisher\":{\"@id\":\"https:\/\/denizcankizil.tr\/#organization\"},\"articleSection\":[\"G\u00fcndem\"],\"inLanguage\":\"uk\",\"potentialAction\":[{\"@type\":\"CommentAction\",\"name\":\"Comment\",\"target\":[\"https:\/\/denizcankizil.tr\/uk\/haberler\/gundem\/fahrettin-altun-fitine-ve-iftira-silsilesi-yolumuzdan-geri-ceviremeyecek\/#respond\"]}]},{\"@type\":\"WebPage\",\"@id\":\"https:\/\/denizcankizil.tr\/uk\/haberler\/gundem\/fahrettin-altun-fitine-ve-iftira-silsilesi-yolumuzdan-geri-ceviremeyecek\/\",\"url\":\"https:\/\/denizcankizil.tr\/uk\/haberler\/gundem\/fahrettin-altun-fitine-ve-iftira-silsilesi-yolumuzdan-geri-ceviremeyecek\/\",\"name\":\"Fahrettin Altun: Fitine ve iftira silsilesi yolumuzdan geri \u00e7eviremeyecek - Av. Deniz Can K\u0131z\u0131l\",\"isPartOf\":{\"@id\":\"https:\/\/denizcankizil.tr\/#website\"},\"datePublished\":\"2025-02-20T07:41:54+00:00\",\"breadcrumb\":{\"@id\":\"https:\/\/denizcankizil.tr\/uk\/haberler\/gundem\/fahrettin-altun-fitine-ve-iftira-silsilesi-yolumuzdan-geri-ceviremeyecek\/#breadcrumb\"},\"inLanguage\":\"uk\",\"potentialAction\":[{\"@type\":\"ReadAction\",\"target\":[\"https:\/\/denizcankizil.tr\/uk\/haberler\/gundem\/fahrettin-altun-fitine-ve-iftira-silsilesi-yolumuzdan-geri-ceviremeyecek\/\"]}]},{\"@type\":\"BreadcrumbList\",\"@id\":\"https:\/\/denizcankizil.tr\/uk\/haberler\/gundem\/fahrettin-altun-fitine-ve-iftira-silsilesi-yolumuzdan-geri-ceviremeyecek\/#breadcrumb\",\"itemListElement\":[{\"@type\":\"ListItem\",\"position\":1,\"name\":\"Home\",\"item\":\"https:\/\/denizcankizil.tr\/de\/\"},{\"@type\":\"ListItem\",\"position\":2,\"name\":\"Fahrettin Altun: Fitine ve iftira silsilesi yolumuzdan geri \u00e7eviremeyecek\"}]},{\"@type\":\"WebSite\",\"@id\":\"https:\/\/denizcankizil.tr\/#website\",\"url\":\"https:\/\/denizcankizil.tr\/\",\"name\":\"Av. Deniz Can K\u0131z\u0131l\",\"description\":\"Avukat Deniz Can K\u0131z\u0131l Antalya Barosu\",\"publisher\":{\"@id\":\"https:\/\/denizcankizil.tr\/#organization\"},\"potentialAction\":[{\"@type\":\"SearchAction\",\"target\":{\"@type\":\"EntryPoint\",\"urlTemplate\":\"https:\/\/denizcankizil.tr\/?s={search_term_string}\"},\"query-input\":{\"@type\":\"PropertyValueSpecification\",\"valueRequired\":true,\"valueName\":\"search_term_string\"}}],\"inLanguage\":\"uk\"},{\"@type\":\"Organization\",\"@id\":\"https:\/\/denizcankizil.tr\/#organization\",\"name\":\"Av. Deniz Can K\u0131z\u0131l\",\"url\":\"https:\/\/denizcankizil.tr\/\",\"logo\":{\"@type\":\"ImageObject\",\"inLanguage\":\"uk\",\"@id\":\"https:\/\/denizcankizil.tr\/#\/schema\/logo\/image\/\",\"url\":\"https:\/\/denizcankizil.tr\/wp-content\/uploads\/2024\/10\/siyah-logo-svg.svg\",\"contentUrl\":\"https:\/\/denizcankizil.tr\/wp-content\/uploads\/2024\/10\/siyah-logo-svg.svg\",\"width\":1080,\"height\":1080,\"caption\":\"Av. Deniz Can K\u0131z\u0131l\"},\"image\":{\"@id\":\"https:\/\/denizcankizil.tr\/#\/schema\/logo\/image\/\"}},{\"@type\":\"Person\",\"@id\":\"https:\/\/denizcankizil.tr\/#\/schema\/person\/be3c05fe6a12686905512445d8185489\",\"name\":\"admin\",\"image\":{\"@type\":\"ImageObject\",\"inLanguage\":\"uk\",\"@id\":\"https:\/\/denizcankizil.tr\/#\/schema\/person\/image\/\",\"url\":\"https:\/\/secure.gravatar.com\/avatar\/c1fce94c830dc79107e174f890d7210541c4a63e8e5d816341794a2151c9d58c?s=96&d=mm&r=g\",\"contentUrl\":\"https:\/\/secure.gravatar.com\/avatar\/c1fce94c830dc79107e174f890d7210541c4a63e8e5d816341794a2151c9d58c?s=96&d=mm&r=g\",\"caption\":\"admin\"},\"sameAs\":[\"http:\/\/denizcankizil.tr\"],\"url\":\"https:\/\/www.iskenderun.org\/fahrettin-altun-fitine-ve-iftira-silsilesi-yolumuzdan-geri-ceviremeyecek\"}]}<\/script>\n<!-- \/ Yoast SEO Premium plugin. -->","yoast_head_json":{"title":"Fahrettin Altun: Fitine ve iftira silsilesi yolumuzdan geri \u00e7eviremeyecek - Av. Deniz Can K\u0131z\u0131l","robots":{"index":"index","follow":"follow","max-snippet":"max-snippet:-1","max-image-preview":"max-image-preview:large","max-video-preview":"max-video-preview:-1"},"canonical":"https:\/\/denizcankizil.tr\/uk\/haberler\/gundem\/fahrettin-altun-fitine-ve-iftira-silsilesi-yolumuzdan-geri-ceviremeyecek\/","og_locale":"uk_UA","og_type":"article","og_title":"Fahrettin Altun: Fitine ve iftira silsilesi yolumuzdan geri \u00e7eviremeyecek","og_description":"Cumhurba\u015fkanl\u0131\u011f\u0131 \u0130leti\u015fim Ba\u015fkan\u0131 Fahrettin Altun, &#8220;Gazetecilik ad\u0131 alt\u0131nda yap\u0131lan dedikodu faaliyetleri, fitne seanslar\u0131, iftira kampanyalar\u0131 ve bunlara e\u015flik eden yalanlar silsilesi birli\u011fimizi, beraberli\u011fimizi bozamayacak, bizi yolumuzdan, bu kutlu davadan geri \u00e7eviremeyecektir&#8221; dedi.ANKARA (\u0130GFA) &#8211; Levent G\u00fcltekin kendi Youtube kanal\u0131nda dizi sekt\u00f6r\u00fc soru\u015fturmas\u0131yla ilgili \u00e7e\u015fitli iddialarda bulunarak Albayrak Grubu ile \u0130leti\u015fim Ba\u015fkan\u0131 Fahrettin Altun aras\u0131nda kavga oldu\u011funu \u00f6ne s\u00fcrm\u00fc\u015ft\u00fc. \u0130leti\u015fim Ba\u015fkan\u0131 Fahrettin Altun, bu iddialara sosyal medya hesab\u0131ndan yan\u0131t verdi. &#8220;Yakla\u015f\u0131k 1 ay \u00f6nce sansasyonel a\u00e7\u0131klamalar yaparak kendisini tart\u0131\u015ft\u0131rmay\u0131 marifet sanan bir ki\u015fi, ger\u00e7eklikle ba\u011f\u0131 olmayan, hi\u00e7bir surette ciddiye al\u0131nmayacak, as\u0131ls\u0131z birtak\u0131m iddialarda bulundu. Ortaya at\u0131ld\u0131\u011f\u0131 g\u00fcnlerde hi\u00e7bir etki uyand\u0131rmayan, g\u00fcndem olmayan bu anlams\u0131z ve k\u00f6t\u00fc niyetli ithamlar\u0131n bug\u00fcn maalesef yeniden g\u00fcndeme ta\u015f\u0131nd\u0131\u011f\u0131n\u0131 m\u00fc\u015fahade ediyoruz&#8221; diyen Altun,\u00a0\u00a0\u201cGazetecilik ad\u0131 alt\u0131nda yap\u0131lan dedikodu, fitne, iftira ve yalanlar silsilesi, bizi yolumuzdan geri \u00e7eviremeyecektir\u201d dedi.\u00a0 T\u00fcrkiye&#8217;nin\u00a0\u00e7ok \u00f6nemli bir s\u00fcre\u00e7ten ge\u00e7ti\u011fi, Cumhurba\u015fkan\u0131 Erdo\u011fan\u2019\u0131n, h\u00fck\u00fcmet ve Cumhur \u0130ttifak\u0131&#8217;n\u0131n T\u00fcrkiye\u2019nin birli\u011fi, beraberli\u011fi ve dirli\u011fi i\u00e7in \u00e7abalar\u0131n\u0131 yo\u011funla\u015ft\u0131rd\u0131\u011f\u0131, bu sebeple t\u00fcrl\u00fc sald\u0131r\u0131larla kar\u015f\u0131 kar\u015f\u0131ya kald\u0131\u011f\u0131 b\u00f6ylesine bir d\u00f6nemde bir fitne ate\u015finin yak\u0131lmaya \u00e7al\u0131\u015f\u0131ld\u0131\u011f\u0131n\u0131 a\u00e7\u0131k ve net bir \u015fekilde g\u00f6rd\u00fcklerini ifade eden Fahrettin Altun, &#8220;Bu fitne ate\u015finin, bizim nezdimizde ne olursa olsun kar\u015f\u0131l\u0131k bulamayaca\u011f\u0131n\u0131, dahas\u0131 ne kadar \u00fcflenirse \u00fcflensin yak\u0131lamayaca\u011f\u0131n\u0131 bildirerek \u015fu \u00f6nemli noktalar\u0131 hat\u0131rlatmakta fayda g\u00f6r\u00fcyoruz:\u00a0 Cumhurba\u015fkanl\u0131\u011f\u0131 H\u00fck\u00fcmet Sisteminin &hellip;","og_url":"https:\/\/denizcankizil.tr\/uk\/haberler\/gundem\/fahrettin-altun-fitine-ve-iftira-silsilesi-yolumuzdan-geri-ceviremeyecek\/","og_site_name":"Av. Deniz Can K\u0131z\u0131l","article_published_time":"2025-02-20T07:41:54+00:00","author":"admin","twitter_card":"summary_large_image","twitter_misc":{"\u041d\u0430\u043f\u0438\u0441\u0430\u043d\u043e":"admin","\u041f\u0440\u0438\u0431\u043b. \u0447\u0430\u0441 \u0447\u0438\u0442\u0430\u043d\u043d\u044f":"5 \u0445\u0432\u0438\u043b\u0438\u043d"},"schema":{"@context":"https:\/\/schema.org","@graph":[{"@type":"Article","@id":"https:\/\/denizcankizil.tr\/uk\/haberler\/gundem\/fahrettin-altun-fitine-ve-iftira-silsilesi-yolumuzdan-geri-ceviremeyecek\/#article","isPartOf":{"@id":"https:\/\/denizcankizil.tr\/uk\/haberler\/gundem\/fahrettin-altun-fitine-ve-iftira-silsilesi-yolumuzdan-geri-ceviremeyecek\/"},"author":{"name":"admin","@id":"https:\/\/denizcankizil.tr\/#\/schema\/person\/be3c05fe6a12686905512445d8185489"},"headline":"Fahrettin Altun: Fitine ve iftira silsilesi yolumuzdan geri \u00e7eviremeyecek","datePublished":"2025-02-20T07:41:54+00:00","mainEntityOfPage":{"@id":"https:\/\/denizcankizil.tr\/uk\/haberler\/gundem\/fahrettin-altun-fitine-ve-iftira-silsilesi-yolumuzdan-geri-ceviremeyecek\/"},"wordCount":1021,"commentCount":0,"publisher":{"@id":"https:\/\/denizcankizil.tr\/#organization"},"articleSection":["G\u00fcndem"],"inLanguage":"uk","potentialAction":[{"@type":"CommentAction","name":"Comment","target":["https:\/\/denizcankizil.tr\/uk\/haberler\/gundem\/fahrettin-altun-fitine-ve-iftira-silsilesi-yolumuzdan-geri-ceviremeyecek\/#respond"]}]},{"@type":"WebPage","@id":"https:\/\/denizcankizil.tr\/uk\/haberler\/gundem\/fahrettin-altun-fitine-ve-iftira-silsilesi-yolumuzdan-geri-ceviremeyecek\/","url":"https:\/\/denizcankizil.tr\/uk\/haberler\/gundem\/fahrettin-altun-fitine-ve-iftira-silsilesi-yolumuzdan-geri-ceviremeyecek\/","name":"Fahrettin Altun: Fitine ve iftira silsilesi yolumuzdan geri \u00e7eviremeyecek - Av. Deniz Can K\u0131z\u0131l","isPartOf":{"@id":"https:\/\/denizcankizil.tr\/#website"},"datePublished":"2025-02-20T07:41:54+00:00","breadcrumb":{"@id":"https:\/\/denizcankizil.tr\/uk\/haberler\/gundem\/fahrettin-altun-fitine-ve-iftira-silsilesi-yolumuzdan-geri-ceviremeyecek\/#breadcrumb"},"inLanguage":"uk","potentialAction":[{"@type":"ReadAction","target":["https:\/\/denizcankizil.tr\/uk\/haberler\/gundem\/fahrettin-altun-fitine-ve-iftira-silsilesi-yolumuzdan-geri-ceviremeyecek\/"]}]},{"@type":"BreadcrumbList","@id":"https:\/\/denizcankizil.tr\/uk\/haberler\/gundem\/fahrettin-altun-fitine-ve-iftira-silsilesi-yolumuzdan-geri-ceviremeyecek\/#breadcrumb","itemListElement":[{"@type":"ListItem","position":1,"name":"Home","item":"https:\/\/denizcankizil.tr\/de\/"},{"@type":"ListItem","position":2,"name":"Fahrettin Altun: Fitine ve iftira silsilesi yolumuzdan geri \u00e7eviremeyecek"}]},{"@type":"WebSite","@id":"https:\/\/denizcankizil.tr\/#website","url":"https:\/\/denizcankizil.tr\/","name":"Av. Deniz Can K\u0131z\u0131l","description":"Avukat Deniz Can K\u0131z\u0131l Antalya Barosu","publisher":{"@id":"https:\/\/denizcankizil.tr\/#organization"},"potentialAction":[{"@type":"SearchAction","target":{"@type":"EntryPoint","urlTemplate":"https:\/\/denizcankizil.tr\/?s={search_term_string}"},"query-input":{"@type":"PropertyValueSpecification","valueRequired":true,"valueName":"search_term_string"}}],"inLanguage":"uk"},{"@type":"Organization","@id":"https:\/\/denizcankizil.tr\/#organization","name":"Av. Deniz Can K\u0131z\u0131l","url":"https:\/\/denizcankizil.tr\/","logo":{"@type":"ImageObject","inLanguage":"uk","@id":"https:\/\/denizcankizil.tr\/#\/schema\/logo\/image\/","url":"https:\/\/denizcankizil.tr\/wp-content\/uploads\/2024\/10\/siyah-logo-svg.svg","contentUrl":"https:\/\/denizcankizil.tr\/wp-content\/uploads\/2024\/10\/siyah-logo-svg.svg","width":1080,"height":1080,"caption":"Av. Deniz Can K\u0131z\u0131l"},"image":{"@id":"https:\/\/denizcankizil.tr\/#\/schema\/logo\/image\/"}},{"@type":"Person","@id":"https:\/\/denizcankizil.tr\/#\/schema\/person\/be3c05fe6a12686905512445d8185489","name":"\u0430\u0434\u043c\u0456\u043d","image":{"@type":"ImageObject","inLanguage":"uk","@id":"https:\/\/denizcankizil.tr\/#\/schema\/person\/image\/","url":"https:\/\/secure.gravatar.com\/avatar\/c1fce94c830dc79107e174f890d7210541c4a63e8e5d816341794a2151c9d58c?s=96&d=mm&r=g","contentUrl":"https:\/\/secure.gravatar.com\/avatar\/c1fce94c830dc79107e174f890d7210541c4a63e8e5d816341794a2151c9d58c?s=96&d=mm&r=g","caption":"admin"},"sameAs":["http:\/\/denizcankizil.tr"],"url":"https:\/\/www.iskenderun.org\/fahrettin-altun-fitine-ve-iftira-silsilesi-yolumuzdan-geri-ceviremeyecek"}]}},"_links":{"self":[{"href":"https:\/\/denizcankizil.tr\/uk\/wp-json\/wp\/v2\/posts\/33605","targetHints":{"allow":["GET"]}}],"collection":[{"href":"https:\/\/denizcankizil.tr\/uk\/wp-json\/wp\/v2\/posts"}],"about":[{"href":"https:\/\/denizcankizil.tr\/uk\/wp-json\/wp\/v2\/types\/post"}],"author":[{"embeddable":true,"href":"https:\/\/denizcankizil.tr\/uk\/wp-json\/wp\/v2\/users\/1"}],"replies":[{"embeddable":true,"href":"https:\/\/denizcankizil.tr\/uk\/wp-json\/wp\/v2\/comments?post=33605"}],"version-history":[{"count":0,"href":"https:\/\/denizcankizil.tr\/uk\/wp-json\/wp\/v2\/posts\/33605\/revisions"}],"wp:attachment":[{"href":"https:\/\/denizcankizil.tr\/uk\/wp-json\/wp\/v2\/media?parent=33605"}],"wp:term":[{"taxonomy":"category","embeddable":true,"href":"https:\/\/denizcankizil.tr\/uk\/wp-json\/wp\/v2\/categories?post=33605"},{"taxonomy":"post_tag","embeddable":true,"href":"https:\/\/denizcankizil.tr\/uk\/wp-json\/wp\/v2\/tags?post=33605"}],"curies":[{"name":"wp","href":"https:\/\/api.w.org\/{rel}","templated":true}]}}