{"id":33541,"date":"2025-02-19T18:41:19","date_gmt":"2025-02-19T15:41:19","guid":{"rendered":"https:\/\/denizcankizil.tr\/uncategorized-tr\/iskeleden-dusen-insaat-ustasi-agir-yaralandi\/"},"modified":"2025-02-19T18:41:19","modified_gmt":"2025-02-19T15:41:19","slug":"iskeleden-dusen-insaat-ustasi-agir-yaralandi","status":"publish","type":"post","link":"https:\/\/denizcankizil.tr\/uk\/haberler\/antalya\/iskeleden-dusen-insaat-ustasi-agir-yaralandi\/","title":{"rendered":"\u0130skeleden d\u00fc\u015fen in\u015faat ustas\u0131 a\u011f\u0131r yaraland\u0131"},"content":{"rendered":"<p>Olay, d\u00fcn \u00f6\u011fle saatlerinde Alanya&#8217;n\u0131n Payallar Mahallesine ba\u011fl\u0131 in\u015faat\u0131 devam eden bir otelde ger\u00e7ekle\u015fti. Edinilen bilgilere g\u00f6re Metin S. isimli in\u015faat ustas\u0131, otelin in\u015faat\u0131nda \u00e7al\u0131\u015ft\u0131\u011f\u0131 s\u0131rada \u00fcst\u00fcne bast\u0131\u011f\u0131 demire \u00e7eki\u00e7 ile vurduktan sonra dengesini kaybederek 5 metre y\u00fckseklikten ba\u015f \u00fcst\u00fc yere d\u00fc\u015ft\u00fc. \u00c7evredekilerin ihbar\u0131 \u00fczerine olay yerine ambulans ekibi sevk edildi. Sa\u011fl\u0131k ekiplerinin olay yerinde ilk m\u00fcdahalesinin ard\u0131ndan yaral\u0131 in\u015faat ustas\u0131 Metin S. ambulans ile hastaneye kald\u0131r\u0131ld\u0131. Yaral\u0131 in\u015faat ustas\u0131 Metin S.&#8217;nin durumunun ciddiyetini korudu\u011fu \u00f6\u011frenildi.<br \/>\nAlanya Cumhuriyet Ba\u015fsavc\u0131l\u0131\u011f\u0131&#8217;n\u0131n talimat\u0131 ile jandarma ekipleri taraf\u0131ndan ifadesi al\u0131nan \u015eantiye \u015fefi R.D. ise serbest b\u0131rak\u0131ld\u0131.<\/p>\n<p>Kaynak: www.kanalv.com.tr Haber Sitesinden Al\u0131nm\u0131\u015ft\u0131r.<\/p>","protected":false},"excerpt":{"rendered":"<p>Olay, d\u00fcn \u00f6\u011fle saatlerinde Alanya&#8217;n\u0131n Payallar Mahallesine ba\u011fl\u0131 in\u015faat\u0131 devam eden bir otelde ger\u00e7ekle\u015fti. Edinilen bilgilere g\u00f6re Metin S. isimli in\u015faat ustas\u0131, otelin in\u015faat\u0131nda \u00e7al\u0131\u015ft\u0131\u011f\u0131 s\u0131rada \u00fcst\u00fcne bast\u0131\u011f\u0131 demire \u00e7eki\u00e7 ile vurduktan sonra dengesini kaybederek 5 metre y\u00fckseklikten ba\u015f \u00fcst\u00fc yere d\u00fc\u015ft\u00fc. \u00c7evredekilerin ihbar\u0131 \u00fczerine olay yerine ambulans ekibi sevk edildi. Sa\u011fl\u0131k ekiplerinin olay yerinde ilk m\u00fcdahalesinin ard\u0131ndan yaral\u0131 in\u015faat ustas\u0131 Metin S. ambulans ile hastaneye kald\u0131r\u0131ld\u0131. Yaral\u0131 in\u015faat ustas\u0131 Metin S.&#8217;nin durumunun ciddiyetini korudu\u011fu \u00f6\u011frenildi. Alanya Cumhuriyet Ba\u015fsavc\u0131l\u0131\u011f\u0131&#8217;n\u0131n talimat\u0131 ile jandarma ekipleri taraf\u0131ndan ifadesi al\u0131nan \u015eantiye \u015fefi R.D. ise serbest b\u0131rak\u0131ld\u0131. Kaynak: www.kanalv.com.tr Haber Sitesinden Al\u0131nm\u0131\u015ft\u0131r.<\/p>","protected":false},"author":4,"featured_media":33542,"comment_status":"open","ping_status":"open","sticky":false,"template":"","format":"standard","meta":{"_acf_changed":false,"footnotes":""},"categories":[26],"tags":[],"class_list":["post-33541","post","type-post","status-publish","format-standard","has-post-thumbnail","hentry","category-antalya"],"acf":[],"yoast_head":"<!-- This site is optimized with the Yoast SEO Premium plugin v26.6 (Yoast SEO v27.1.1) - https:\/\/yoast.com\/product\/yoast-seo-premium-wordpress\/ -->\n<title>\u0130skeleden d\u00fc\u015fen in\u015faat ustas\u0131 a\u011f\u0131r yaraland\u0131 - Av. Deniz Can K\u0131z\u0131l<\/title>\n<meta name=\"robots\" content=\"index, follow, max-snippet:-1, max-image-preview:large, max-video-preview:-1\" \/>\n<link rel=\"canonical\" href=\"https:\/\/denizcankizil.tr\/uk\/haberler\/antalya\/iskeleden-dusen-insaat-ustasi-agir-yaralandi\/\" \/>\n<meta property=\"og:locale\" content=\"uk_UA\" \/>\n<meta property=\"og:type\" content=\"article\" \/>\n<meta property=\"og:title\" content=\"\u0130skeleden d\u00fc\u015fen in\u015faat ustas\u0131 a\u011f\u0131r yaraland\u0131\" \/>\n<meta property=\"og:description\" content=\"Olay, d\u00fcn \u00f6\u011fle saatlerinde Alanya&#8217;n\u0131n Payallar Mahallesine ba\u011fl\u0131 in\u015faat\u0131 devam eden bir otelde ger\u00e7ekle\u015fti. Edinilen bilgilere g\u00f6re Metin S. isimli in\u015faat ustas\u0131, otelin in\u015faat\u0131nda \u00e7al\u0131\u015ft\u0131\u011f\u0131 s\u0131rada \u00fcst\u00fcne bast\u0131\u011f\u0131 demire \u00e7eki\u00e7 ile vurduktan sonra dengesini kaybederek 5 metre y\u00fckseklikten ba\u015f \u00fcst\u00fc yere d\u00fc\u015ft\u00fc. \u00c7evredekilerin ihbar\u0131 \u00fczerine olay yerine ambulans ekibi sevk edildi. Sa\u011fl\u0131k ekiplerinin olay yerinde ilk m\u00fcdahalesinin ard\u0131ndan yaral\u0131 in\u015faat ustas\u0131 Metin S. ambulans ile hastaneye kald\u0131r\u0131ld\u0131. Yaral\u0131 in\u015faat ustas\u0131 Metin S.&#8217;nin durumunun ciddiyetini korudu\u011fu \u00f6\u011frenildi. Alanya Cumhuriyet Ba\u015fsavc\u0131l\u0131\u011f\u0131&#8217;n\u0131n talimat\u0131 ile jandarma ekipleri taraf\u0131ndan ifadesi al\u0131nan \u015eantiye \u015fefi R.D. ise serbest b\u0131rak\u0131ld\u0131. Kaynak: www.kanalv.com.tr Haber Sitesinden Al\u0131nm\u0131\u015ft\u0131r.\" \/>\n<meta property=\"og:url\" content=\"https:\/\/denizcankizil.tr\/uk\/haberler\/antalya\/iskeleden-dusen-insaat-ustasi-agir-yaralandi\/\" \/>\n<meta property=\"og:site_name\" content=\"Av. Deniz Can K\u0131z\u0131l\" \/>\n<meta property=\"article:published_time\" content=\"2025-02-19T15:41:19+00:00\" \/>\n<meta property=\"og:image\" content=\"https:\/\/denizcankizil.tr\/wp-content\/uploads\/2025\/02\/5061-01-26c3I2.jpeg\" \/>\n\t<meta property=\"og:image:width\" content=\"1280\" \/>\n\t<meta property=\"og:image:height\" content=\"720\" \/>\n\t<meta property=\"og:image:type\" content=\"image\/jpeg\" \/>\n<meta name=\"author\" content=\"Av. Deniz Can K\u0131z\u0131l\" \/>\n<meta name=\"twitter:card\" content=\"summary_large_image\" \/>\n<meta name=\"twitter:label1\" content=\"\u041d\u0430\u043f\u0438\u0441\u0430\u043d\u043e\" \/>\n\t<meta name=\"twitter:data1\" content=\"Av. Deniz Can K\u0131z\u0131l\" \/>\n\t<meta name=\"twitter:label2\" content=\"\u041f\u0440\u0438\u0431\u043b. \u0447\u0430\u0441 \u0447\u0438\u0442\u0430\u043d\u043d\u044f\" \/>\n\t<meta name=\"twitter:data2\" content=\"1 \u0445\u0432\u0438\u043b\u0438\u043d\u0430\" \/>\n<script type=\"application\/ld+json\" class=\"yoast-schema-graph\">{\"@context\":\"https:\/\/schema.org\",\"@graph\":[{\"@type\":\"Article\",\"@id\":\"https:\/\/denizcankizil.tr\/ru\/haberler\/antalya\/iskeleden-dusen-insaat-ustasi-agir-yaralandi\/#article\",\"isPartOf\":{\"@id\":\"https:\/\/denizcankizil.tr\/ru\/haberler\/antalya\/iskeleden-dusen-insaat-ustasi-agir-yaralandi\/\"},\"author\":{\"name\":\"Av. Deniz Can K\u0131z\u0131l\",\"@id\":\"https:\/\/denizcankizil.tr\/de\/#\/schema\/person\/5dc1b22991bd7ac833867c10afc9b0ff\"},\"headline\":\"\u0130skeleden d\u00fc\u015fen in\u015faat ustas\u0131 a\u011f\u0131r yaraland\u0131\",\"datePublished\":\"2025-02-19T15:41:19+00:00\",\"mainEntityOfPage\":{\"@id\":\"https:\/\/denizcankizil.tr\/ru\/haberler\/antalya\/iskeleden-dusen-insaat-ustasi-agir-yaralandi\/\"},\"wordCount\":146,\"commentCount\":0,\"publisher\":{\"@id\":\"https:\/\/denizcankizil.tr\/de\/#organization\"},\"image\":{\"@id\":\"https:\/\/denizcankizil.tr\/ru\/haberler\/antalya\/iskeleden-dusen-insaat-ustasi-agir-yaralandi\/#primaryimage\"},\"thumbnailUrl\":\"https:\/\/denizcankizil.tr\/wp-content\/uploads\/2025\/02\/5061-01-26c3I2.jpeg\",\"articleSection\":[\"Antalya\"],\"inLanguage\":\"uk\",\"potentialAction\":[{\"@type\":\"CommentAction\",\"name\":\"Comment\",\"target\":[\"https:\/\/denizcankizil.tr\/ru\/haberler\/antalya\/iskeleden-dusen-insaat-ustasi-agir-yaralandi\/#respond\"]}]},{\"@type\":\"WebPage\",\"@id\":\"https:\/\/denizcankizil.tr\/ru\/haberler\/antalya\/iskeleden-dusen-insaat-ustasi-agir-yaralandi\/\",\"url\":\"https:\/\/denizcankizil.tr\/ru\/haberler\/antalya\/iskeleden-dusen-insaat-ustasi-agir-yaralandi\/\",\"name\":\"\u0130skeleden d\u00fc\u015fen in\u015faat ustas\u0131 a\u011f\u0131r yaraland\u0131 - Av. Deniz Can K\u0131z\u0131l\",\"isPartOf\":{\"@id\":\"https:\/\/denizcankizil.tr\/de\/#website\"},\"primaryImageOfPage\":{\"@id\":\"https:\/\/denizcankizil.tr\/ru\/haberler\/antalya\/iskeleden-dusen-insaat-ustasi-agir-yaralandi\/#primaryimage\"},\"image\":{\"@id\":\"https:\/\/denizcankizil.tr\/ru\/haberler\/antalya\/iskeleden-dusen-insaat-ustasi-agir-yaralandi\/#primaryimage\"},\"thumbnailUrl\":\"https:\/\/denizcankizil.tr\/wp-content\/uploads\/2025\/02\/5061-01-26c3I2.jpeg\",\"datePublished\":\"2025-02-19T15:41:19+00:00\",\"breadcrumb\":{\"@id\":\"https:\/\/denizcankizil.tr\/ru\/haberler\/antalya\/iskeleden-dusen-insaat-ustasi-agir-yaralandi\/#breadcrumb\"},\"inLanguage\":\"uk\",\"potentialAction\":[{\"@type\":\"ReadAction\",\"target\":[\"https:\/\/denizcankizil.tr\/ru\/haberler\/antalya\/iskeleden-dusen-insaat-ustasi-agir-yaralandi\/\"]}]},{\"@type\":\"ImageObject\",\"inLanguage\":\"uk\",\"@id\":\"https:\/\/denizcankizil.tr\/ru\/haberler\/antalya\/iskeleden-dusen-insaat-ustasi-agir-yaralandi\/#primaryimage\",\"url\":\"https:\/\/denizcankizil.tr\/wp-content\/uploads\/2025\/02\/5061-01-26c3I2.jpeg\",\"contentUrl\":\"https:\/\/denizcankizil.tr\/wp-content\/uploads\/2025\/02\/5061-01-26c3I2.jpeg\",\"width\":1280,\"height\":720},{\"@type\":\"BreadcrumbList\",\"@id\":\"https:\/\/denizcankizil.tr\/ru\/haberler\/antalya\/iskeleden-dusen-insaat-ustasi-agir-yaralandi\/#breadcrumb\",\"itemListElement\":[{\"@type\":\"ListItem\",\"position\":1,\"name\":\"Home\",\"item\":\"https:\/\/denizcankizil.tr\/de\/\"},{\"@type\":\"ListItem\",\"position\":2,\"name\":\"\u0130skeleden d\u00fc\u015fen in\u015faat ustas\u0131 a\u011f\u0131r yaraland\u0131\"}]},{\"@type\":\"WebSite\",\"@id\":\"https:\/\/denizcankizil.tr\/de\/#website\",\"url\":\"https:\/\/denizcankizil.tr\/de\/\",\"name\":\"Av. Deniz Can K\u0131z\u0131l\",\"description\":\"Avukat Deniz Can K\u0131z\u0131l Antalya Barosu\",\"publisher\":{\"@id\":\"https:\/\/denizcankizil.tr\/de\/#organization\"},\"potentialAction\":[{\"@type\":\"SearchAction\",\"target\":{\"@type\":\"EntryPoint\",\"urlTemplate\":\"https:\/\/denizcankizil.tr\/de\/?s={search_term_string}\"},\"query-input\":{\"@type\":\"PropertyValueSpecification\",\"valueRequired\":true,\"valueName\":\"search_term_string\"}}],\"inLanguage\":\"uk\"},{\"@type\":\"Organization\",\"@id\":\"https:\/\/denizcankizil.tr\/de\/#organization\",\"name\":\"Av. Deniz Can K\u0131z\u0131l\",\"url\":\"https:\/\/denizcankizil.tr\/de\/\",\"logo\":{\"@type\":\"ImageObject\",\"inLanguage\":\"uk\",\"@id\":\"https:\/\/denizcankizil.tr\/de\/#\/schema\/logo\/image\/\",\"url\":\"https:\/\/denizcankizil.tr\/wp-content\/uploads\/2024\/10\/siyah-logo-svg.svg\",\"contentUrl\":\"https:\/\/denizcankizil.tr\/wp-content\/uploads\/2024\/10\/siyah-logo-svg.svg\",\"width\":1080,\"height\":1080,\"caption\":\"Av. Deniz Can K\u0131z\u0131l\"},\"image\":{\"@id\":\"https:\/\/denizcankizil.tr\/de\/#\/schema\/logo\/image\/\"}},{\"@type\":\"Person\",\"@id\":\"https:\/\/denizcankizil.tr\/de\/#\/schema\/person\/5dc1b22991bd7ac833867c10afc9b0ff\",\"name\":\"Av. Deniz Can K\u0131z\u0131l\",\"image\":{\"@type\":\"ImageObject\",\"inLanguage\":\"uk\",\"@id\":\"https:\/\/denizcankizil.tr\/de\/#\/schema\/person\/image\/\",\"url\":\"https:\/\/secure.gravatar.com\/avatar\/a0b128fb9855c79efc976d5640eedb31dc35ec297594d6016d2cf7c60e975bb6?s=96&d=mm&r=g\",\"contentUrl\":\"https:\/\/secure.gravatar.com\/avatar\/a0b128fb9855c79efc976d5640eedb31dc35ec297594d6016d2cf7c60e975bb6?s=96&d=mm&r=g\",\"caption\":\"Av. Deniz Can K\u0131z\u0131l\"},\"sameAs\":[\"http:\/\/www.denizcankizil.tr\"],\"url\":\"https:\/\/denizcankizil.tr\/uk\/author\/denizcankizil\/\"}]}<\/script>\n<!-- \/ Yoast SEO Premium plugin. -->","yoast_head_json":{"title":"\u0130skeleden d\u00fc\u015fen in\u015faat ustas\u0131 a\u011f\u0131r yaraland\u0131 - Av. Deniz Can K\u0131z\u0131l","robots":{"index":"index","follow":"follow","max-snippet":"max-snippet:-1","max-image-preview":"max-image-preview:large","max-video-preview":"max-video-preview:-1"},"canonical":"https:\/\/denizcankizil.tr\/uk\/haberler\/antalya\/iskeleden-dusen-insaat-ustasi-agir-yaralandi\/","og_locale":"uk_UA","og_type":"article","og_title":"\u0130skeleden d\u00fc\u015fen in\u015faat ustas\u0131 a\u011f\u0131r yaraland\u0131","og_description":"Olay, d\u00fcn \u00f6\u011fle saatlerinde Alanya&#8217;n\u0131n Payallar Mahallesine ba\u011fl\u0131 in\u015faat\u0131 devam eden bir otelde ger\u00e7ekle\u015fti. Edinilen bilgilere g\u00f6re Metin S. isimli in\u015faat ustas\u0131, otelin in\u015faat\u0131nda \u00e7al\u0131\u015ft\u0131\u011f\u0131 s\u0131rada \u00fcst\u00fcne bast\u0131\u011f\u0131 demire \u00e7eki\u00e7 ile vurduktan sonra dengesini kaybederek 5 metre y\u00fckseklikten ba\u015f \u00fcst\u00fc yere d\u00fc\u015ft\u00fc. \u00c7evredekilerin ihbar\u0131 \u00fczerine olay yerine ambulans ekibi sevk edildi. Sa\u011fl\u0131k ekiplerinin olay yerinde ilk m\u00fcdahalesinin ard\u0131ndan yaral\u0131 in\u015faat ustas\u0131 Metin S. ambulans ile hastaneye kald\u0131r\u0131ld\u0131. Yaral\u0131 in\u015faat ustas\u0131 Metin S.&#8217;nin durumunun ciddiyetini korudu\u011fu \u00f6\u011frenildi. Alanya Cumhuriyet Ba\u015fsavc\u0131l\u0131\u011f\u0131&#8217;n\u0131n talimat\u0131 ile jandarma ekipleri taraf\u0131ndan ifadesi al\u0131nan \u015eantiye \u015fefi R.D. ise serbest b\u0131rak\u0131ld\u0131. Kaynak: www.kanalv.com.tr Haber Sitesinden Al\u0131nm\u0131\u015ft\u0131r.","og_url":"https:\/\/denizcankizil.tr\/uk\/haberler\/antalya\/iskeleden-dusen-insaat-ustasi-agir-yaralandi\/","og_site_name":"Av. Deniz Can K\u0131z\u0131l","article_published_time":"2025-02-19T15:41:19+00:00","og_image":[{"width":1280,"height":720,"url":"https:\/\/denizcankizil.tr\/wp-content\/uploads\/2025\/02\/5061-01-26c3I2.jpeg","type":"image\/jpeg"}],"author":"Av. Deniz Can K\u0131z\u0131l","twitter_card":"summary_large_image","twitter_misc":{"\u041d\u0430\u043f\u0438\u0441\u0430\u043d\u043e":"Av. Deniz Can K\u0131z\u0131l","\u041f\u0440\u0438\u0431\u043b. \u0447\u0430\u0441 \u0447\u0438\u0442\u0430\u043d\u043d\u044f":"1 \u0445\u0432\u0438\u043b\u0438\u043d\u0430"},"schema":{"@context":"https:\/\/schema.org","@graph":[{"@type":"Article","@id":"https:\/\/denizcankizil.tr\/ru\/haberler\/antalya\/iskeleden-dusen-insaat-ustasi-agir-yaralandi\/#article","isPartOf":{"@id":"https:\/\/denizcankizil.tr\/ru\/haberler\/antalya\/iskeleden-dusen-insaat-ustasi-agir-yaralandi\/"},"author":{"name":"Av. Deniz Can K\u0131z\u0131l","@id":"https:\/\/denizcankizil.tr\/de\/#\/schema\/person\/5dc1b22991bd7ac833867c10afc9b0ff"},"headline":"\u0130skeleden d\u00fc\u015fen in\u015faat ustas\u0131 a\u011f\u0131r yaraland\u0131","datePublished":"2025-02-19T15:41:19+00:00","mainEntityOfPage":{"@id":"https:\/\/denizcankizil.tr\/ru\/haberler\/antalya\/iskeleden-dusen-insaat-ustasi-agir-yaralandi\/"},"wordCount":146,"commentCount":0,"publisher":{"@id":"https:\/\/denizcankizil.tr\/de\/#organization"},"image":{"@id":"https:\/\/denizcankizil.tr\/ru\/haberler\/antalya\/iskeleden-dusen-insaat-ustasi-agir-yaralandi\/#primaryimage"},"thumbnailUrl":"https:\/\/denizcankizil.tr\/wp-content\/uploads\/2025\/02\/5061-01-26c3I2.jpeg","articleSection":["Antalya"],"inLanguage":"uk","potentialAction":[{"@type":"CommentAction","name":"Comment","target":["https:\/\/denizcankizil.tr\/ru\/haberler\/antalya\/iskeleden-dusen-insaat-ustasi-agir-yaralandi\/#respond"]}]},{"@type":"WebPage","@id":"https:\/\/denizcankizil.tr\/ru\/haberler\/antalya\/iskeleden-dusen-insaat-ustasi-agir-yaralandi\/","url":"https:\/\/denizcankizil.tr\/ru\/haberler\/antalya\/iskeleden-dusen-insaat-ustasi-agir-yaralandi\/","name":"\u0130skeleden d\u00fc\u015fen in\u015faat ustas\u0131 a\u011f\u0131r yaraland\u0131 - Av. Deniz Can K\u0131z\u0131l","isPartOf":{"@id":"https:\/\/denizcankizil.tr\/de\/#website"},"primaryImageOfPage":{"@id":"https:\/\/denizcankizil.tr\/ru\/haberler\/antalya\/iskeleden-dusen-insaat-ustasi-agir-yaralandi\/#primaryimage"},"image":{"@id":"https:\/\/denizcankizil.tr\/ru\/haberler\/antalya\/iskeleden-dusen-insaat-ustasi-agir-yaralandi\/#primaryimage"},"thumbnailUrl":"https:\/\/denizcankizil.tr\/wp-content\/uploads\/2025\/02\/5061-01-26c3I2.jpeg","datePublished":"2025-02-19T15:41:19+00:00","breadcrumb":{"@id":"https:\/\/denizcankizil.tr\/ru\/haberler\/antalya\/iskeleden-dusen-insaat-ustasi-agir-yaralandi\/#breadcrumb"},"inLanguage":"uk","potentialAction":[{"@type":"ReadAction","target":["https:\/\/denizcankizil.tr\/ru\/haberler\/antalya\/iskeleden-dusen-insaat-ustasi-agir-yaralandi\/"]}]},{"@type":"ImageObject","inLanguage":"uk","@id":"https:\/\/denizcankizil.tr\/ru\/haberler\/antalya\/iskeleden-dusen-insaat-ustasi-agir-yaralandi\/#primaryimage","url":"https:\/\/denizcankizil.tr\/wp-content\/uploads\/2025\/02\/5061-01-26c3I2.jpeg","contentUrl":"https:\/\/denizcankizil.tr\/wp-content\/uploads\/2025\/02\/5061-01-26c3I2.jpeg","width":1280,"height":720},{"@type":"BreadcrumbList","@id":"https:\/\/denizcankizil.tr\/ru\/haberler\/antalya\/iskeleden-dusen-insaat-ustasi-agir-yaralandi\/#breadcrumb","itemListElement":[{"@type":"ListItem","position":1,"name":"Home","item":"https:\/\/denizcankizil.tr\/de\/"},{"@type":"ListItem","position":2,"name":"\u0130skeleden d\u00fc\u015fen in\u015faat ustas\u0131 a\u011f\u0131r yaraland\u0131"}]},{"@type":"WebSite","@id":"https:\/\/denizcankizil.tr\/de\/#website","url":"https:\/\/denizcankizil.tr\/de\/","name":"Av. Deniz Can K\u0131z\u0131l","description":"Avukat Deniz Can K\u0131z\u0131l Antalya Barosu","publisher":{"@id":"https:\/\/denizcankizil.tr\/de\/#organization"},"potentialAction":[{"@type":"SearchAction","target":{"@type":"EntryPoint","urlTemplate":"https:\/\/denizcankizil.tr\/de\/?s={search_term_string}"},"query-input":{"@type":"PropertyValueSpecification","valueRequired":true,"valueName":"search_term_string"}}],"inLanguage":"uk"},{"@type":"Organization","@id":"https:\/\/denizcankizil.tr\/de\/#organization","name":"Av. Deniz Can K\u0131z\u0131l","url":"https:\/\/denizcankizil.tr\/de\/","logo":{"@type":"ImageObject","inLanguage":"uk","@id":"https:\/\/denizcankizil.tr\/de\/#\/schema\/logo\/image\/","url":"https:\/\/denizcankizil.tr\/wp-content\/uploads\/2024\/10\/siyah-logo-svg.svg","contentUrl":"https:\/\/denizcankizil.tr\/wp-content\/uploads\/2024\/10\/siyah-logo-svg.svg","width":1080,"height":1080,"caption":"Av. Deniz Can K\u0131z\u0131l"},"image":{"@id":"https:\/\/denizcankizil.tr\/de\/#\/schema\/logo\/image\/"}},{"@type":"Person","@id":"https:\/\/denizcankizil.tr\/de\/#\/schema\/person\/5dc1b22991bd7ac833867c10afc9b0ff","name":"Av. Deniz Can K\u0131z\u0131l","image":{"@type":"ImageObject","inLanguage":"uk","@id":"https:\/\/denizcankizil.tr\/de\/#\/schema\/person\/image\/","url":"https:\/\/secure.gravatar.com\/avatar\/a0b128fb9855c79efc976d5640eedb31dc35ec297594d6016d2cf7c60e975bb6?s=96&d=mm&r=g","contentUrl":"https:\/\/secure.gravatar.com\/avatar\/a0b128fb9855c79efc976d5640eedb31dc35ec297594d6016d2cf7c60e975bb6?s=96&d=mm&r=g","caption":"Av. Deniz Can K\u0131z\u0131l"},"sameAs":["http:\/\/www.denizcankizil.tr"],"url":"https:\/\/denizcankizil.tr\/uk\/author\/denizcankizil\/"}]}},"_links":{"self":[{"href":"https:\/\/denizcankizil.tr\/uk\/wp-json\/wp\/v2\/posts\/33541","targetHints":{"allow":["GET"]}}],"collection":[{"href":"https:\/\/denizcankizil.tr\/uk\/wp-json\/wp\/v2\/posts"}],"about":[{"href":"https:\/\/denizcankizil.tr\/uk\/wp-json\/wp\/v2\/types\/post"}],"author":[{"embeddable":true,"href":"https:\/\/denizcankizil.tr\/uk\/wp-json\/wp\/v2\/users\/4"}],"replies":[{"embeddable":true,"href":"https:\/\/denizcankizil.tr\/uk\/wp-json\/wp\/v2\/comments?post=33541"}],"version-history":[{"count":0,"href":"https:\/\/denizcankizil.tr\/uk\/wp-json\/wp\/v2\/posts\/33541\/revisions"}],"wp:featuredmedia":[{"embeddable":true,"href":"https:\/\/denizcankizil.tr\/uk\/wp-json\/wp\/v2\/media\/33542"}],"wp:attachment":[{"href":"https:\/\/denizcankizil.tr\/uk\/wp-json\/wp\/v2\/media?parent=33541"}],"wp:term":[{"taxonomy":"category","embeddable":true,"href":"https:\/\/denizcankizil.tr\/uk\/wp-json\/wp\/v2\/categories?post=33541"},{"taxonomy":"post_tag","embeddable":true,"href":"https:\/\/denizcankizil.tr\/uk\/wp-json\/wp\/v2\/tags?post=33541"}],"curies":[{"name":"wp","href":"https:\/\/api.w.org\/{rel}","templated":true}]}}