{"id":33538,"date":"2025-02-19T17:41:49","date_gmt":"2025-02-19T14:41:49","guid":{"rendered":"https:\/\/denizcankizil.tr\/uncategorized-tr\/antalyada-belediye-baskanlari-dolandiricilarin-kiskaci-altinda\/"},"modified":"2025-02-19T17:41:49","modified_gmt":"2025-02-19T14:41:49","slug":"antalyada-belediye-baskanlari-dolandiricilarin-kiskaci-altinda","status":"publish","type":"post","link":"https:\/\/denizcankizil.tr\/uk\/haberler\/gundem\/antalyada-belediye-baskanlari-dolandiricilarin-kiskaci-altinda\/","title":{"rendered":"Antalya\u2019da belediye ba\u015fkanlar\u0131 doland\u0131r\u0131c\u0131lar\u0131n k\u0131skac\u0131 alt\u0131nda!"},"content":{"rendered":"<p>Antalya\u2019da baz\u0131 belediye ba\u015fkanlar\u0131n\u0131n isimlerini kullanan doland\u0131r\u0131c\u0131lar\u0131n vatanda\u015ftan para talep etti\u011fi tespit edildi. Ge\u00e7ti\u011fimiz g\u00fcnlerde Manavgat ve Konyaalt\u0131 belediyelerinin sosyal medya hesab\u0131ndan payla\u015f\u0131mda bulunarak vatanda\u015flara uyar\u0131da bulunmu\u015ftu. Bug\u00fcn ise Antalya B\u00fcy\u00fck\u015fehir Belediye Ba\u015fkan\u0131 Muhittin B\u00f6cek, ad\u0131n\u0131n kullan\u0131larak WhatsApp \u00fczerinden para toplama giri\u015fimi oldu\u011funu duyurdu.\u00a0<\/p>\n<p>BU NUMARAYA D\u0130KKAT\u00a0<\/p>\n<p>Doland\u0131r\u0131c\u0131lar\u0131n hedefinde bu kez Antalya B\u00fcy\u00fck\u015fehir Belediye Ba\u015fkan\u0131 Muhittin B\u00f6cek oldu. Sosyal medya hesab\u0131ndan payla\u015f\u0131m yapan B\u00f6cek, isminin kullan\u0131larak para topland\u0131\u011f\u0131n\u0131 duyurdu. Vatanda\u015flar\u0131n ma\u011fduriyet ya\u015famamas\u0131 i\u00e7in uyar\u0131da bulunan B\u00f6cek, &#8220;0533044****&#8221; numaral\u0131 telefondan ad\u0131n\u0131n kullan\u0131larak yap\u0131lan telefon aramalar\u0131na kar\u015f\u0131 \u00e7a\u011fr\u0131da bulundu.<\/p>\n<p>SU\u00c7 DUYURUSUNDA BULUNDU<\/p>\n<p>Su\u00e7 duyurusunda bulunduklar\u0131n\u0131 a\u00e7\u0131klayan B\u00f6cek \u015fu ifadelere yer verdi: \u00a0\u201cBelediye Ba\u015fkan\u0131m\u0131z Muhittin B\u00f6cek\u2019in ad\u0131 ve foto\u011fraf\u0131 kullan\u0131larak, 05330443767 numaral\u0131 telefon ile WhatsApp \u00fczerinden para toplama giri\u015fimi yap\u0131ld\u0131\u011f\u0131 tespit edilmi\u015ftir. Bu durumun doland\u0131r\u0131c\u0131l\u0131k faaliyeti oldu\u011funu ve bu konu ile ilgili Cumhuriyet Ba\u015fsavc\u0131l\u0131\u011f\u0131\u2019na su\u00e7 duyurusunda bulunuldu\u011funu bildirir, vatanda\u015flar\u0131m\u0131z\u0131n bu t\u00fcr giri\u015fimlere itibar etmemelerini \u00f6nemle rica ederiz.\u201d<\/p>\n<p>BU \u00c7A\u011eRILARA \u0130T\u0130BAR ETMEY\u0130N\u00a0<\/p>\n<p>\u00d6te yandan ge\u00e7ti\u011fimiz g\u00fcnlerde Manavgat Belediyesi de vatanda\u015f\u0131 olas\u0131 senaryolara kar\u015f\u0131 uyar\u0131da bulunmu\u015ftu. Bu t\u00fcr maddi talepleri itibar etmemesini s\u00f6yleyen payla\u015f\u0131mda \u015fu c\u00fcmleler kullan\u0131lm\u0131\u015ft\u0131: \u201cBelediye ba\u015fkan\u0131m\u0131z Niyazi Nefi Kara\u2019n\u0131n ve Belediye ba\u015fkan yard\u0131mc\u0131lar\u0131m\u0131z\u0131n isimlerini kullanarak vatanda\u015flar\u0131m\u0131zdan \u00e7e\u015fitli bahanelerle para talep eden doland\u0131r\u0131c\u0131lara itibar etmeyin. Belediye Ba\u015fkan\u0131m\u0131z ve yard\u0131mc\u0131lar\u0131m\u0131z hi\u00e7bir \u015fekilde vatanda\u015flar\u0131m\u0131zdan bireysel olarak maddi taleplerde bulunmas\u0131n\u0131n m\u00fcmk\u00fcn olmad\u0131\u011f\u0131n\u0131 vurgulamak isteriz. Bu t\u00fcr \u00e7a\u011fr\u0131lara itibar etmeyin\u201d uyar\u0131s\u0131nda bulunmu\u015ftu.\u00a0<\/p>\n<p>\u200bAntalya\u2019da doland\u0131r\u0131c\u0131lar bu sefer de Antalya B\u00fcy\u00fck\u015fehir Belediye Ba\u015fkan\u0131 Muhittin B\u00f6cek&#8217;in ad\u0131n\u0131 kullanarak vatanda\u015f\u0131 doland\u0131rmaya \u00e7al\u0131\u015ft\u0131. B\u00f6cek, sosyal medya hesab\u0131ndan yapt\u0131\u011f\u0131 payla\u015f\u0131mla vatanda\u015f\u0131 dikkatli olmaya \u00e7a\u011f\u0131rd\u0131. Ge\u00e7ti\u011fimiz g\u00fcnler de benzer \u015fekilde doland\u0131r\u0131c\u0131lar Manavgat ve Konyaalt\u0131 belediye ba\u015fkanlar\u0131n\u0131n ad\u0131n\u0131 kullanm\u0131\u015ft\u0131.\u00a0<\/p>\n<p>\u200bHaberin Al\u0131nt\u0131land\u0131\u011f\u0131 Kaynak: www.antalyakorfez.com<\/p>","protected":false},"excerpt":{"rendered":"<p>Antalya\u2019da baz\u0131 belediye ba\u015fkanlar\u0131n\u0131n isimlerini kullanan doland\u0131r\u0131c\u0131lar\u0131n vatanda\u015ftan para talep etti\u011fi tespit edildi. Ge\u00e7ti\u011fimiz g\u00fcnlerde Manavgat ve Konyaalt\u0131 belediyelerinin sosyal medya hesab\u0131ndan payla\u015f\u0131mda bulunarak vatanda\u015flara uyar\u0131da bulunmu\u015ftu. Bug\u00fcn ise Antalya B\u00fcy\u00fck\u015fehir Belediye Ba\u015fkan\u0131 Muhittin B\u00f6cek, ad\u0131n\u0131n kullan\u0131larak WhatsApp \u00fczerinden para toplama giri\u015fimi oldu\u011funu duyurdu.\u00a0 BU NUMARAYA D\u0130KKAT\u00a0 Doland\u0131r\u0131c\u0131lar\u0131n hedefinde bu kez Antalya B\u00fcy\u00fck\u015fehir Belediye Ba\u015fkan\u0131 Muhittin B\u00f6cek oldu. Sosyal medya hesab\u0131ndan payla\u015f\u0131m yapan B\u00f6cek, isminin kullan\u0131larak para topland\u0131\u011f\u0131n\u0131 duyurdu. Vatanda\u015flar\u0131n ma\u011fduriyet ya\u015famamas\u0131 i\u00e7in uyar\u0131da bulunan B\u00f6cek, &#8220;0533044****&#8221; numaral\u0131 telefondan ad\u0131n\u0131n kullan\u0131larak yap\u0131lan telefon aramalar\u0131na kar\u015f\u0131 \u00e7a\u011fr\u0131da bulundu. SU\u00c7 DUYURUSUNDA BULUNDU Su\u00e7 duyurusunda bulunduklar\u0131n\u0131 a\u00e7\u0131klayan B\u00f6cek \u015fu ifadelere yer verdi: \u00a0\u201cBelediye Ba\u015fkan\u0131m\u0131z Muhittin B\u00f6cek\u2019in ad\u0131 ve foto\u011fraf\u0131 kullan\u0131larak, 05330443767 numaral\u0131 telefon ile WhatsApp \u00fczerinden para toplama giri\u015fimi yap\u0131ld\u0131\u011f\u0131 tespit edilmi\u015ftir. Bu durumun doland\u0131r\u0131c\u0131l\u0131k faaliyeti oldu\u011funu ve bu konu ile ilgili Cumhuriyet Ba\u015fsavc\u0131l\u0131\u011f\u0131\u2019na su\u00e7 duyurusunda bulunuldu\u011funu bildirir, vatanda\u015flar\u0131m\u0131z\u0131n bu t\u00fcr giri\u015fimlere itibar etmemelerini \u00f6nemle rica ederiz.\u201d BU \u00c7A\u011eRILARA \u0130T\u0130BAR ETMEY\u0130N\u00a0 \u00d6te yandan ge\u00e7ti\u011fimiz g\u00fcnlerde Manavgat Belediyesi de vatanda\u015f\u0131 olas\u0131 senaryolara kar\u015f\u0131 uyar\u0131da bulunmu\u015ftu. Bu t\u00fcr maddi talepleri itibar etmemesini s\u00f6yleyen payla\u015f\u0131mda \u015fu c\u00fcmleler kullan\u0131lm\u0131\u015ft\u0131: \u201cBelediye ba\u015fkan\u0131m\u0131z Niyazi Nefi Kara\u2019n\u0131n ve Belediye ba\u015fkan yard\u0131mc\u0131lar\u0131m\u0131z\u0131n isimlerini kullanarak vatanda\u015flar\u0131m\u0131zdan \u00e7e\u015fitli bahanelerle para talep eden doland\u0131r\u0131c\u0131lara itibar etmeyin. Belediye Ba\u015fkan\u0131m\u0131z ve yard\u0131mc\u0131lar\u0131m\u0131z hi\u00e7bir \u015fekilde vatanda\u015flar\u0131m\u0131zdan bireysel &hellip;<\/p>","protected":false},"author":5,"featured_media":0,"comment_status":"open","ping_status":"open","sticky":false,"template":"","format":"standard","meta":{"_acf_changed":false,"footnotes":""},"categories":[24],"tags":[],"class_list":["post-33538","post","type-post","status-publish","format-standard","has-post-thumbnail","hentry","category-gundem"],"acf":[],"yoast_head":"<!-- This site is optimized with the Yoast SEO Premium plugin v26.6 (Yoast SEO v27.1.1) - https:\/\/yoast.com\/product\/yoast-seo-premium-wordpress\/ -->\n<title>Antalya\u2019da belediye ba\u015fkanlar\u0131 doland\u0131r\u0131c\u0131lar\u0131n k\u0131skac\u0131 alt\u0131nda! - Av. Deniz Can K\u0131z\u0131l<\/title>\n<meta name=\"robots\" content=\"index, follow, max-snippet:-1, max-image-preview:large, max-video-preview:-1\" \/>\n<link rel=\"canonical\" href=\"https:\/\/denizcankizil.tr\/uk\/haberler\/gundem\/antalyada-belediye-baskanlari-dolandiricilarin-kiskaci-altinda\/\" \/>\n<meta property=\"og:locale\" content=\"uk_UA\" \/>\n<meta property=\"og:type\" content=\"article\" \/>\n<meta property=\"og:title\" content=\"Antalya\u2019da belediye ba\u015fkanlar\u0131 doland\u0131r\u0131c\u0131lar\u0131n k\u0131skac\u0131 alt\u0131nda!\" \/>\n<meta property=\"og:description\" content=\"Antalya\u2019da baz\u0131 belediye ba\u015fkanlar\u0131n\u0131n isimlerini kullanan doland\u0131r\u0131c\u0131lar\u0131n vatanda\u015ftan para talep etti\u011fi tespit edildi. Ge\u00e7ti\u011fimiz g\u00fcnlerde Manavgat ve Konyaalt\u0131 belediyelerinin sosyal medya hesab\u0131ndan payla\u015f\u0131mda bulunarak vatanda\u015flara uyar\u0131da bulunmu\u015ftu. Bug\u00fcn ise Antalya B\u00fcy\u00fck\u015fehir Belediye Ba\u015fkan\u0131 Muhittin B\u00f6cek, ad\u0131n\u0131n kullan\u0131larak WhatsApp \u00fczerinden para toplama giri\u015fimi oldu\u011funu duyurdu.\u00a0 BU NUMARAYA D\u0130KKAT\u00a0 Doland\u0131r\u0131c\u0131lar\u0131n hedefinde bu kez Antalya B\u00fcy\u00fck\u015fehir Belediye Ba\u015fkan\u0131 Muhittin B\u00f6cek oldu. Sosyal medya hesab\u0131ndan payla\u015f\u0131m yapan B\u00f6cek, isminin kullan\u0131larak para topland\u0131\u011f\u0131n\u0131 duyurdu. Vatanda\u015flar\u0131n ma\u011fduriyet ya\u015famamas\u0131 i\u00e7in uyar\u0131da bulunan B\u00f6cek, &#8220;0533044****&#8221; numaral\u0131 telefondan ad\u0131n\u0131n kullan\u0131larak yap\u0131lan telefon aramalar\u0131na kar\u015f\u0131 \u00e7a\u011fr\u0131da bulundu. SU\u00c7 DUYURUSUNDA BULUNDU Su\u00e7 duyurusunda bulunduklar\u0131n\u0131 a\u00e7\u0131klayan B\u00f6cek \u015fu ifadelere yer verdi: \u00a0\u201cBelediye Ba\u015fkan\u0131m\u0131z Muhittin B\u00f6cek\u2019in ad\u0131 ve foto\u011fraf\u0131 kullan\u0131larak, 05330443767 numaral\u0131 telefon ile WhatsApp \u00fczerinden para toplama giri\u015fimi yap\u0131ld\u0131\u011f\u0131 tespit edilmi\u015ftir. Bu durumun doland\u0131r\u0131c\u0131l\u0131k faaliyeti oldu\u011funu ve bu konu ile ilgili Cumhuriyet Ba\u015fsavc\u0131l\u0131\u011f\u0131\u2019na su\u00e7 duyurusunda bulunuldu\u011funu bildirir, vatanda\u015flar\u0131m\u0131z\u0131n bu t\u00fcr giri\u015fimlere itibar etmemelerini \u00f6nemle rica ederiz.\u201d BU \u00c7A\u011eRILARA \u0130T\u0130BAR ETMEY\u0130N\u00a0 \u00d6te yandan ge\u00e7ti\u011fimiz g\u00fcnlerde Manavgat Belediyesi de vatanda\u015f\u0131 olas\u0131 senaryolara kar\u015f\u0131 uyar\u0131da bulunmu\u015ftu. Bu t\u00fcr maddi talepleri itibar etmemesini s\u00f6yleyen payla\u015f\u0131mda \u015fu c\u00fcmleler kullan\u0131lm\u0131\u015ft\u0131: \u201cBelediye ba\u015fkan\u0131m\u0131z Niyazi Nefi Kara\u2019n\u0131n ve Belediye ba\u015fkan yard\u0131mc\u0131lar\u0131m\u0131z\u0131n isimlerini kullanarak vatanda\u015flar\u0131m\u0131zdan \u00e7e\u015fitli bahanelerle para talep eden doland\u0131r\u0131c\u0131lara itibar etmeyin. Belediye Ba\u015fkan\u0131m\u0131z ve yard\u0131mc\u0131lar\u0131m\u0131z hi\u00e7bir \u015fekilde vatanda\u015flar\u0131m\u0131zdan bireysel &hellip;\" \/>\n<meta property=\"og:url\" content=\"https:\/\/denizcankizil.tr\/uk\/haberler\/gundem\/antalyada-belediye-baskanlari-dolandiricilarin-kiskaci-altinda\/\" \/>\n<meta property=\"og:site_name\" content=\"Av. Deniz Can K\u0131z\u0131l\" \/>\n<meta property=\"article:published_time\" content=\"2025-02-19T14:41:49+00:00\" \/>\n<meta name=\"author\" content=\"Antalya K\u00f6rfez\" \/>\n<meta name=\"twitter:card\" content=\"summary_large_image\" \/>\n<meta name=\"twitter:label1\" content=\"\u041d\u0430\u043f\u0438\u0441\u0430\u043d\u043e\" \/>\n\t<meta name=\"twitter:data1\" content=\"Antalya K\u00f6rfez\" \/>\n\t<meta name=\"twitter:label2\" content=\"\u041f\u0440\u0438\u0431\u043b. \u0447\u0430\u0441 \u0447\u0438\u0442\u0430\u043d\u043d\u044f\" \/>\n\t<meta name=\"twitter:data2\" content=\"2 \u0445\u0432\u0438\u043b\u0438\u043d\u0438\" \/>\n<script type=\"application\/ld+json\" class=\"yoast-schema-graph\">{\"@context\":\"https:\/\/schema.org\",\"@graph\":[{\"@type\":\"Article\",\"@id\":\"https:\/\/denizcankizil.tr\/ru\/haberler\/gundem\/antalyada-belediye-baskanlari-dolandiricilarin-kiskaci-altinda\/#article\",\"isPartOf\":{\"@id\":\"https:\/\/denizcankizil.tr\/ru\/haberler\/gundem\/antalyada-belediye-baskanlari-dolandiricilarin-kiskaci-altinda\/\"},\"author\":{\"name\":\"Antalya K\u00f6rfez\",\"@id\":\"https:\/\/denizcankizil.tr\/de\/#\/schema\/person\/e1eb71bb4dd684d46563f0af307e1234\"},\"headline\":\"Antalya\u2019da belediye ba\u015fkanlar\u0131 doland\u0131r\u0131c\u0131lar\u0131n k\u0131skac\u0131 alt\u0131nda!\",\"datePublished\":\"2025-02-19T14:41:49+00:00\",\"mainEntityOfPage\":{\"@id\":\"https:\/\/denizcankizil.tr\/ru\/haberler\/gundem\/antalyada-belediye-baskanlari-dolandiricilarin-kiskaci-altinda\/\"},\"wordCount\":442,\"commentCount\":0,\"publisher\":{\"@id\":\"https:\/\/denizcankizil.tr\/de\/#organization\"},\"articleSection\":[\"G\u00fcndem\"],\"inLanguage\":\"uk\",\"potentialAction\":[{\"@type\":\"CommentAction\",\"name\":\"Comment\",\"target\":[\"https:\/\/denizcankizil.tr\/ru\/haberler\/gundem\/antalyada-belediye-baskanlari-dolandiricilarin-kiskaci-altinda\/#respond\"]}]},{\"@type\":\"WebPage\",\"@id\":\"https:\/\/denizcankizil.tr\/ru\/haberler\/gundem\/antalyada-belediye-baskanlari-dolandiricilarin-kiskaci-altinda\/\",\"url\":\"https:\/\/denizcankizil.tr\/ru\/haberler\/gundem\/antalyada-belediye-baskanlari-dolandiricilarin-kiskaci-altinda\/\",\"name\":\"Antalya\u2019da belediye ba\u015fkanlar\u0131 doland\u0131r\u0131c\u0131lar\u0131n k\u0131skac\u0131 alt\u0131nda! - Av. Deniz Can K\u0131z\u0131l\",\"isPartOf\":{\"@id\":\"https:\/\/denizcankizil.tr\/de\/#website\"},\"datePublished\":\"2025-02-19T14:41:49+00:00\",\"breadcrumb\":{\"@id\":\"https:\/\/denizcankizil.tr\/ru\/haberler\/gundem\/antalyada-belediye-baskanlari-dolandiricilarin-kiskaci-altinda\/#breadcrumb\"},\"inLanguage\":\"uk\",\"potentialAction\":[{\"@type\":\"ReadAction\",\"target\":[\"https:\/\/denizcankizil.tr\/ru\/haberler\/gundem\/antalyada-belediye-baskanlari-dolandiricilarin-kiskaci-altinda\/\"]}]},{\"@type\":\"BreadcrumbList\",\"@id\":\"https:\/\/denizcankizil.tr\/ru\/haberler\/gundem\/antalyada-belediye-baskanlari-dolandiricilarin-kiskaci-altinda\/#breadcrumb\",\"itemListElement\":[{\"@type\":\"ListItem\",\"position\":1,\"name\":\"Home\",\"item\":\"https:\/\/denizcankizil.tr\/de\/\"},{\"@type\":\"ListItem\",\"position\":2,\"name\":\"Antalya\u2019da belediye ba\u015fkanlar\u0131 doland\u0131r\u0131c\u0131lar\u0131n k\u0131skac\u0131 alt\u0131nda!\"}]},{\"@type\":\"WebSite\",\"@id\":\"https:\/\/denizcankizil.tr\/de\/#website\",\"url\":\"https:\/\/denizcankizil.tr\/de\/\",\"name\":\"Av. Deniz Can K\u0131z\u0131l\",\"description\":\"Avukat Deniz Can K\u0131z\u0131l Antalya Barosu\",\"publisher\":{\"@id\":\"https:\/\/denizcankizil.tr\/de\/#organization\"},\"potentialAction\":[{\"@type\":\"SearchAction\",\"target\":{\"@type\":\"EntryPoint\",\"urlTemplate\":\"https:\/\/denizcankizil.tr\/de\/?s={search_term_string}\"},\"query-input\":{\"@type\":\"PropertyValueSpecification\",\"valueRequired\":true,\"valueName\":\"search_term_string\"}}],\"inLanguage\":\"uk\"},{\"@type\":\"Organization\",\"@id\":\"https:\/\/denizcankizil.tr\/de\/#organization\",\"name\":\"Av. Deniz Can K\u0131z\u0131l\",\"url\":\"https:\/\/denizcankizil.tr\/de\/\",\"logo\":{\"@type\":\"ImageObject\",\"inLanguage\":\"uk\",\"@id\":\"https:\/\/denizcankizil.tr\/de\/#\/schema\/logo\/image\/\",\"url\":\"https:\/\/denizcankizil.tr\/wp-content\/uploads\/2024\/10\/siyah-logo-svg.svg\",\"contentUrl\":\"https:\/\/denizcankizil.tr\/wp-content\/uploads\/2024\/10\/siyah-logo-svg.svg\",\"width\":1080,\"height\":1080,\"caption\":\"Av. Deniz Can K\u0131z\u0131l\"},\"image\":{\"@id\":\"https:\/\/denizcankizil.tr\/de\/#\/schema\/logo\/image\/\"}},{\"@type\":\"Person\",\"@id\":\"https:\/\/denizcankizil.tr\/de\/#\/schema\/person\/e1eb71bb4dd684d46563f0af307e1234\",\"name\":\"Antalya K\u00f6rfez\",\"image\":{\"@type\":\"ImageObject\",\"inLanguage\":\"uk\",\"@id\":\"https:\/\/denizcankizil.tr\/de\/#\/schema\/person\/image\/\",\"url\":\"https:\/\/secure.gravatar.com\/avatar\/42b01982558a48a0b501fdcab6a408d3717ea5919095ee2e67b0e521799c5905?s=96&d=mm&r=g\",\"contentUrl\":\"https:\/\/secure.gravatar.com\/avatar\/42b01982558a48a0b501fdcab6a408d3717ea5919095ee2e67b0e521799c5905?s=96&d=mm&r=g\",\"caption\":\"Antalya K\u00f6rfez\"},\"sameAs\":[\"http:\/\/www.antalyakorfez.com\"],\"url\":\"https:\/\/www.antalyakorfez.com\/antalyada-belediye-baskanlari-dolandiricilarin-kiskaci-altinda\"}]}<\/script>\n<!-- \/ Yoast SEO Premium plugin. -->","yoast_head_json":{"title":"Antalya\u2019da belediye ba\u015fkanlar\u0131 doland\u0131r\u0131c\u0131lar\u0131n k\u0131skac\u0131 alt\u0131nda! - Av. Deniz Can K\u0131z\u0131l","robots":{"index":"index","follow":"follow","max-snippet":"max-snippet:-1","max-image-preview":"max-image-preview:large","max-video-preview":"max-video-preview:-1"},"canonical":"https:\/\/denizcankizil.tr\/uk\/haberler\/gundem\/antalyada-belediye-baskanlari-dolandiricilarin-kiskaci-altinda\/","og_locale":"uk_UA","og_type":"article","og_title":"Antalya\u2019da belediye ba\u015fkanlar\u0131 doland\u0131r\u0131c\u0131lar\u0131n k\u0131skac\u0131 alt\u0131nda!","og_description":"Antalya\u2019da baz\u0131 belediye ba\u015fkanlar\u0131n\u0131n isimlerini kullanan doland\u0131r\u0131c\u0131lar\u0131n vatanda\u015ftan para talep etti\u011fi tespit edildi. Ge\u00e7ti\u011fimiz g\u00fcnlerde Manavgat ve Konyaalt\u0131 belediyelerinin sosyal medya hesab\u0131ndan payla\u015f\u0131mda bulunarak vatanda\u015flara uyar\u0131da bulunmu\u015ftu. Bug\u00fcn ise Antalya B\u00fcy\u00fck\u015fehir Belediye Ba\u015fkan\u0131 Muhittin B\u00f6cek, ad\u0131n\u0131n kullan\u0131larak WhatsApp \u00fczerinden para toplama giri\u015fimi oldu\u011funu duyurdu.\u00a0 BU NUMARAYA D\u0130KKAT\u00a0 Doland\u0131r\u0131c\u0131lar\u0131n hedefinde bu kez Antalya B\u00fcy\u00fck\u015fehir Belediye Ba\u015fkan\u0131 Muhittin B\u00f6cek oldu. Sosyal medya hesab\u0131ndan payla\u015f\u0131m yapan B\u00f6cek, isminin kullan\u0131larak para topland\u0131\u011f\u0131n\u0131 duyurdu. Vatanda\u015flar\u0131n ma\u011fduriyet ya\u015famamas\u0131 i\u00e7in uyar\u0131da bulunan B\u00f6cek, &#8220;0533044****&#8221; numaral\u0131 telefondan ad\u0131n\u0131n kullan\u0131larak yap\u0131lan telefon aramalar\u0131na kar\u015f\u0131 \u00e7a\u011fr\u0131da bulundu. SU\u00c7 DUYURUSUNDA BULUNDU Su\u00e7 duyurusunda bulunduklar\u0131n\u0131 a\u00e7\u0131klayan B\u00f6cek \u015fu ifadelere yer verdi: \u00a0\u201cBelediye Ba\u015fkan\u0131m\u0131z Muhittin B\u00f6cek\u2019in ad\u0131 ve foto\u011fraf\u0131 kullan\u0131larak, 05330443767 numaral\u0131 telefon ile WhatsApp \u00fczerinden para toplama giri\u015fimi yap\u0131ld\u0131\u011f\u0131 tespit edilmi\u015ftir. Bu durumun doland\u0131r\u0131c\u0131l\u0131k faaliyeti oldu\u011funu ve bu konu ile ilgili Cumhuriyet Ba\u015fsavc\u0131l\u0131\u011f\u0131\u2019na su\u00e7 duyurusunda bulunuldu\u011funu bildirir, vatanda\u015flar\u0131m\u0131z\u0131n bu t\u00fcr giri\u015fimlere itibar etmemelerini \u00f6nemle rica ederiz.\u201d BU \u00c7A\u011eRILARA \u0130T\u0130BAR ETMEY\u0130N\u00a0 \u00d6te yandan ge\u00e7ti\u011fimiz g\u00fcnlerde Manavgat Belediyesi de vatanda\u015f\u0131 olas\u0131 senaryolara kar\u015f\u0131 uyar\u0131da bulunmu\u015ftu. Bu t\u00fcr maddi talepleri itibar etmemesini s\u00f6yleyen payla\u015f\u0131mda \u015fu c\u00fcmleler kullan\u0131lm\u0131\u015ft\u0131: \u201cBelediye ba\u015fkan\u0131m\u0131z Niyazi Nefi Kara\u2019n\u0131n ve Belediye ba\u015fkan yard\u0131mc\u0131lar\u0131m\u0131z\u0131n isimlerini kullanarak vatanda\u015flar\u0131m\u0131zdan \u00e7e\u015fitli bahanelerle para talep eden doland\u0131r\u0131c\u0131lara itibar etmeyin. Belediye Ba\u015fkan\u0131m\u0131z ve yard\u0131mc\u0131lar\u0131m\u0131z hi\u00e7bir \u015fekilde vatanda\u015flar\u0131m\u0131zdan bireysel &hellip;","og_url":"https:\/\/denizcankizil.tr\/uk\/haberler\/gundem\/antalyada-belediye-baskanlari-dolandiricilarin-kiskaci-altinda\/","og_site_name":"Av. Deniz Can K\u0131z\u0131l","article_published_time":"2025-02-19T14:41:49+00:00","author":"Antalya K\u00f6rfez","twitter_card":"summary_large_image","twitter_misc":{"\u041d\u0430\u043f\u0438\u0441\u0430\u043d\u043e":"Antalya K\u00f6rfez","\u041f\u0440\u0438\u0431\u043b. \u0447\u0430\u0441 \u0447\u0438\u0442\u0430\u043d\u043d\u044f":"2 \u0445\u0432\u0438\u043b\u0438\u043d\u0438"},"schema":{"@context":"https:\/\/schema.org","@graph":[{"@type":"Article","@id":"https:\/\/denizcankizil.tr\/ru\/haberler\/gundem\/antalyada-belediye-baskanlari-dolandiricilarin-kiskaci-altinda\/#article","isPartOf":{"@id":"https:\/\/denizcankizil.tr\/ru\/haberler\/gundem\/antalyada-belediye-baskanlari-dolandiricilarin-kiskaci-altinda\/"},"author":{"name":"Antalya K\u00f6rfez","@id":"https:\/\/denizcankizil.tr\/de\/#\/schema\/person\/e1eb71bb4dd684d46563f0af307e1234"},"headline":"Antalya\u2019da belediye ba\u015fkanlar\u0131 doland\u0131r\u0131c\u0131lar\u0131n k\u0131skac\u0131 alt\u0131nda!","datePublished":"2025-02-19T14:41:49+00:00","mainEntityOfPage":{"@id":"https:\/\/denizcankizil.tr\/ru\/haberler\/gundem\/antalyada-belediye-baskanlari-dolandiricilarin-kiskaci-altinda\/"},"wordCount":442,"commentCount":0,"publisher":{"@id":"https:\/\/denizcankizil.tr\/de\/#organization"},"articleSection":["G\u00fcndem"],"inLanguage":"uk","potentialAction":[{"@type":"CommentAction","name":"Comment","target":["https:\/\/denizcankizil.tr\/ru\/haberler\/gundem\/antalyada-belediye-baskanlari-dolandiricilarin-kiskaci-altinda\/#respond"]}]},{"@type":"WebPage","@id":"https:\/\/denizcankizil.tr\/ru\/haberler\/gundem\/antalyada-belediye-baskanlari-dolandiricilarin-kiskaci-altinda\/","url":"https:\/\/denizcankizil.tr\/ru\/haberler\/gundem\/antalyada-belediye-baskanlari-dolandiricilarin-kiskaci-altinda\/","name":"Antalya\u2019da belediye ba\u015fkanlar\u0131 doland\u0131r\u0131c\u0131lar\u0131n k\u0131skac\u0131 alt\u0131nda! - Av. Deniz Can K\u0131z\u0131l","isPartOf":{"@id":"https:\/\/denizcankizil.tr\/de\/#website"},"datePublished":"2025-02-19T14:41:49+00:00","breadcrumb":{"@id":"https:\/\/denizcankizil.tr\/ru\/haberler\/gundem\/antalyada-belediye-baskanlari-dolandiricilarin-kiskaci-altinda\/#breadcrumb"},"inLanguage":"uk","potentialAction":[{"@type":"ReadAction","target":["https:\/\/denizcankizil.tr\/ru\/haberler\/gundem\/antalyada-belediye-baskanlari-dolandiricilarin-kiskaci-altinda\/"]}]},{"@type":"BreadcrumbList","@id":"https:\/\/denizcankizil.tr\/ru\/haberler\/gundem\/antalyada-belediye-baskanlari-dolandiricilarin-kiskaci-altinda\/#breadcrumb","itemListElement":[{"@type":"ListItem","position":1,"name":"Home","item":"https:\/\/denizcankizil.tr\/de\/"},{"@type":"ListItem","position":2,"name":"Antalya\u2019da belediye ba\u015fkanlar\u0131 doland\u0131r\u0131c\u0131lar\u0131n k\u0131skac\u0131 alt\u0131nda!"}]},{"@type":"WebSite","@id":"https:\/\/denizcankizil.tr\/de\/#website","url":"https:\/\/denizcankizil.tr\/de\/","name":"Av. Deniz Can K\u0131z\u0131l","description":"Avukat Deniz Can K\u0131z\u0131l Antalya Barosu","publisher":{"@id":"https:\/\/denizcankizil.tr\/de\/#organization"},"potentialAction":[{"@type":"SearchAction","target":{"@type":"EntryPoint","urlTemplate":"https:\/\/denizcankizil.tr\/de\/?s={search_term_string}"},"query-input":{"@type":"PropertyValueSpecification","valueRequired":true,"valueName":"search_term_string"}}],"inLanguage":"uk"},{"@type":"Organization","@id":"https:\/\/denizcankizil.tr\/de\/#organization","name":"Av. Deniz Can K\u0131z\u0131l","url":"https:\/\/denizcankizil.tr\/de\/","logo":{"@type":"ImageObject","inLanguage":"uk","@id":"https:\/\/denizcankizil.tr\/de\/#\/schema\/logo\/image\/","url":"https:\/\/denizcankizil.tr\/wp-content\/uploads\/2024\/10\/siyah-logo-svg.svg","contentUrl":"https:\/\/denizcankizil.tr\/wp-content\/uploads\/2024\/10\/siyah-logo-svg.svg","width":1080,"height":1080,"caption":"Av. Deniz Can K\u0131z\u0131l"},"image":{"@id":"https:\/\/denizcankizil.tr\/de\/#\/schema\/logo\/image\/"}},{"@type":"Person","@id":"https:\/\/denizcankizil.tr\/de\/#\/schema\/person\/e1eb71bb4dd684d46563f0af307e1234","name":"Antalya K\u00f6rfez","image":{"@type":"ImageObject","inLanguage":"uk","@id":"https:\/\/denizcankizil.tr\/de\/#\/schema\/person\/image\/","url":"https:\/\/secure.gravatar.com\/avatar\/42b01982558a48a0b501fdcab6a408d3717ea5919095ee2e67b0e521799c5905?s=96&d=mm&r=g","contentUrl":"https:\/\/secure.gravatar.com\/avatar\/42b01982558a48a0b501fdcab6a408d3717ea5919095ee2e67b0e521799c5905?s=96&d=mm&r=g","caption":"Antalya K\u00f6rfez"},"sameAs":["http:\/\/www.antalyakorfez.com"],"url":"https:\/\/www.antalyakorfez.com\/antalyada-belediye-baskanlari-dolandiricilarin-kiskaci-altinda"}]}},"_links":{"self":[{"href":"https:\/\/denizcankizil.tr\/uk\/wp-json\/wp\/v2\/posts\/33538","targetHints":{"allow":["GET"]}}],"collection":[{"href":"https:\/\/denizcankizil.tr\/uk\/wp-json\/wp\/v2\/posts"}],"about":[{"href":"https:\/\/denizcankizil.tr\/uk\/wp-json\/wp\/v2\/types\/post"}],"author":[{"embeddable":true,"href":"https:\/\/denizcankizil.tr\/uk\/wp-json\/wp\/v2\/users\/5"}],"replies":[{"embeddable":true,"href":"https:\/\/denizcankizil.tr\/uk\/wp-json\/wp\/v2\/comments?post=33538"}],"version-history":[{"count":0,"href":"https:\/\/denizcankizil.tr\/uk\/wp-json\/wp\/v2\/posts\/33538\/revisions"}],"wp:attachment":[{"href":"https:\/\/denizcankizil.tr\/uk\/wp-json\/wp\/v2\/media?parent=33538"}],"wp:term":[{"taxonomy":"category","embeddable":true,"href":"https:\/\/denizcankizil.tr\/uk\/wp-json\/wp\/v2\/categories?post=33538"},{"taxonomy":"post_tag","embeddable":true,"href":"https:\/\/denizcankizil.tr\/uk\/wp-json\/wp\/v2\/tags?post=33538"}],"curies":[{"name":"wp","href":"https:\/\/api.w.org\/{rel}","templated":true}]}}