{"id":33403,"date":"2025-02-18T19:41:22","date_gmt":"2025-02-18T16:41:22","guid":{"rendered":"https:\/\/denizcankizil.tr\/uncategorized-tr\/chp-milletvekili-kaya-imar-sorunu-kas-ve-fethiyede-turistik-isletmeleri-zorluyor\/"},"modified":"2025-02-18T19:41:22","modified_gmt":"2025-02-18T16:41:22","slug":"chp-milletvekili-kaya-imar-sorunu-kas-ve-fethiyede-turistik-isletmeleri-zorluyor","status":"publish","type":"post","link":"https:\/\/denizcankizil.tr\/uk\/haberler\/gundem\/chp-milletvekili-kaya-imar-sorunu-kas-ve-fethiyede-turistik-isletmeleri-zorluyor\/","title":{"rendered":"CHP Milletvekili Kaya: \u201c\u0130mar sorunu Ka\u015f ve Fethiye\u2019de turistik i\u015fletmeleri zorluyor\u201d"},"content":{"rendered":"<p>Antalya\u2019n\u0131n en \u00f6nemli turizm destinasyonlar\u0131nda biri olan Ka\u015f, her y\u0131l yerli yabanc\u0131 milyonarca insana ev sahipli\u011fi yap\u0131yor. Turizmin i\u00e7in son derece \u00f6nemli olan bu il\u00e7enin i\u015fletmeleri ise yetersiz durumda. Bu dururum il\u00e7edeki i\u015fletme sahiplerini etkilerken ayn\u0131 zaman turistleri de etkiliyor. CHP Antalya Milletvekili Aykut Kaya ise konuyu T\u00fcrkiye B\u00fcy\u00fck Millet Meclis\u2019i (TBMM) g\u00fcndemine ta\u015f\u0131d\u0131.\u00a0<\/p>\n<p>\u0130\u015eLETMELER YETERS\u0130Z\u00a0<\/p>\n<p>Ka\u015f\u2019ta bulunan 333 tesisin sadece 15 bin yatak kapasitesi oldu\u011funu ve bu say\u0131n\u0131n turizm i\u00e7in son derece yetersiz oldu\u011funa vurgu yapan Kaya, \u201cAntalya\u2019m\u0131z\u0131n g\u00f6zde turizm merkezi Ka\u015f, sadece 333 belgeli tesisle 15 bin yatak kapasitesine sahiptir ve bu turizm i\u00e7in yetersizdir. Y\u0131llard\u0131r turizmle i\u00e7 i\u00e7e olan vatanda\u015flar\u0131m\u0131z atalar\u0131ndan miras kalan tar\u0131ma elveri\u015fsiz arazilere evler yaparak turizme a\u00e7m\u0131\u015f, ge\u00e7imlerini sa\u011flam\u0131\u015f, vergilerini \u00f6deyerek ve bildirimlerini yaparak da yasal y\u00fck\u00fcml\u00fcl\u00fcklerini yerine getirmi\u015flerdir\u201d dedi.\u00a0<\/p>\n<p>\u201cAC\u0130L D\u00dcZENLEME GET\u0130R\u0130LMEL\u0130\u201d<\/p>\n<p>Ka\u015f ve Fethiye \u00a0b\u00f6lgelerindeki 15 bin i\u015fletmenin imama sorunundan dolay\u0131 dert yand\u0131\u011f\u0131na de\u011finen Kaya, \u201cAncak s\u00fcregelen imar sorunlar\u0131 nedeniyle her defas\u0131nda zor duruma d\u00fc\u015fen vatanda\u015flar\u0131m\u0131z, K\u00fclt\u00fcr ve Turizm Bakanl\u0131\u011f\u0131\u2019n\u0131n yeni d\u00fczenlemesiyle tapular\u0131nda konut ge\u00e7medi\u011fi gerek\u00e7esiyle 1 Ocak 2025 itibariyla i\u015fletmelerini kapatmak zorunda b\u0131rak\u0131lm\u0131\u015ft\u0131r. Hafta sonu 5 bine yak\u0131n aile i\u015fletmesi sahibi, bu haks\u0131z uygulamaya kar\u015f\u0131 seslerini duyurmak i\u00e7in bir araya geldi. \u201cKa\u015f, Fethiye gibi turizm b\u00f6lgelerindeki 15 bin i\u015fletmeyi ilgilendiren bu sorunun \u00e7\u00f6z\u00fcm\u00fc i\u00e7in K\u00fclt\u00fcr ve Turizm Bakanl\u0131\u011f\u0131\u2019ndan acil d\u00fczenleme bekliyoruz\u201d diye konu\u015ftu.\u00a0<\/p>\n<p>\u200bCHP Antalya Milletvekili Aykut Kaya, Ka\u015f ve Fethiye b\u00f6lgesindeki 15 bine yak\u0131n i\u015fletmenin turizme yetmedi\u011fini s\u00f6yledi. Kaya, \u201c\u0130mar sorunlar\u0131 nedeniyle her defas\u0131nda zor duruma d\u00fc\u015fen vatanda\u015flar\u0131m\u0131z, K\u00fclt\u00fcr ve Turizm Bakanl\u0131\u011f\u0131\u2019n\u0131n yeni d\u00fczenlemesiyle tapular\u0131nda konut ge\u00e7medi\u011fi gerek\u00e7esiyle 1 Ocak 2025 itibariyle i\u015fletmelerini kapatmak zorunda b\u0131rak\u0131lm\u0131\u015ft\u0131r\u201d dedi.\u00a0<\/p>\n<p>\u200bHaberin Al\u0131nt\u0131land\u0131\u011f\u0131 Kaynak: www.antalyakorfez.com<\/p>","protected":false},"excerpt":{"rendered":"<p>Antalya\u2019n\u0131n en \u00f6nemli turizm destinasyonlar\u0131nda biri olan Ka\u015f, her y\u0131l yerli yabanc\u0131 milyonarca insana ev sahipli\u011fi yap\u0131yor. Turizmin i\u00e7in son derece \u00f6nemli olan bu il\u00e7enin i\u015fletmeleri ise yetersiz durumda. Bu dururum il\u00e7edeki i\u015fletme sahiplerini etkilerken ayn\u0131 zaman turistleri de etkiliyor. CHP Antalya Milletvekili Aykut Kaya ise konuyu T\u00fcrkiye B\u00fcy\u00fck Millet Meclis\u2019i (TBMM) g\u00fcndemine ta\u015f\u0131d\u0131.\u00a0 \u0130\u015eLETMELER YETERS\u0130Z\u00a0 Ka\u015f\u2019ta bulunan 333 tesisin sadece 15 bin yatak kapasitesi oldu\u011funu ve bu say\u0131n\u0131n turizm i\u00e7in son derece yetersiz oldu\u011funa vurgu yapan Kaya, \u201cAntalya\u2019m\u0131z\u0131n g\u00f6zde turizm merkezi Ka\u015f, sadece 333 belgeli tesisle 15 bin yatak kapasitesine sahiptir ve bu turizm i\u00e7in yetersizdir. Y\u0131llard\u0131r turizmle i\u00e7 i\u00e7e olan vatanda\u015flar\u0131m\u0131z atalar\u0131ndan miras kalan tar\u0131ma elveri\u015fsiz arazilere evler yaparak turizme a\u00e7m\u0131\u015f, ge\u00e7imlerini sa\u011flam\u0131\u015f, vergilerini \u00f6deyerek ve bildirimlerini yaparak da yasal y\u00fck\u00fcml\u00fcl\u00fcklerini yerine getirmi\u015flerdir\u201d dedi.\u00a0 \u201cAC\u0130L D\u00dcZENLEME GET\u0130R\u0130LMEL\u0130\u201d Ka\u015f ve Fethiye \u00a0b\u00f6lgelerindeki 15 bin i\u015fletmenin imama sorunundan dolay\u0131 dert yand\u0131\u011f\u0131na de\u011finen Kaya, \u201cAncak s\u00fcregelen imar sorunlar\u0131 nedeniyle her defas\u0131nda zor duruma d\u00fc\u015fen vatanda\u015flar\u0131m\u0131z, K\u00fclt\u00fcr ve Turizm Bakanl\u0131\u011f\u0131\u2019n\u0131n yeni d\u00fczenlemesiyle tapular\u0131nda konut ge\u00e7medi\u011fi gerek\u00e7esiyle 1 Ocak 2025 itibariyla i\u015fletmelerini kapatmak zorunda b\u0131rak\u0131lm\u0131\u015ft\u0131r. Hafta sonu 5 bine yak\u0131n aile i\u015fletmesi sahibi, bu haks\u0131z uygulamaya kar\u015f\u0131 seslerini duyurmak i\u00e7in bir araya geldi. \u201cKa\u015f, Fethiye gibi turizm b\u00f6lgelerindeki 15 bin i\u015fletmeyi ilgilendiren bu &hellip;<\/p>","protected":false},"author":5,"featured_media":0,"comment_status":"open","ping_status":"open","sticky":false,"template":"","format":"standard","meta":{"_acf_changed":false,"footnotes":""},"categories":[24],"tags":[],"class_list":["post-33403","post","type-post","status-publish","format-standard","has-post-thumbnail","hentry","category-gundem"],"acf":[],"yoast_head":"<!-- This site is optimized with the Yoast SEO Premium plugin v26.6 (Yoast SEO v27.1.1) - https:\/\/yoast.com\/product\/yoast-seo-premium-wordpress\/ -->\n<title>CHP Milletvekili Kaya: \u201c\u0130mar sorunu Ka\u015f ve Fethiye\u2019de turistik i\u015fletmeleri zorluyor\u201d - Av. Deniz Can K\u0131z\u0131l<\/title>\n<meta name=\"robots\" content=\"index, follow, max-snippet:-1, max-image-preview:large, max-video-preview:-1\" \/>\n<link rel=\"canonical\" href=\"https:\/\/denizcankizil.tr\/uk\/haberler\/gundem\/chp-milletvekili-kaya-imar-sorunu-kas-ve-fethiyede-turistik-isletmeleri-zorluyor\/\" \/>\n<meta property=\"og:locale\" content=\"uk_UA\" \/>\n<meta property=\"og:type\" content=\"article\" \/>\n<meta property=\"og:title\" content=\"CHP Milletvekili Kaya: \u201c\u0130mar sorunu Ka\u015f ve Fethiye\u2019de turistik i\u015fletmeleri zorluyor\u201d\" \/>\n<meta property=\"og:description\" content=\"Antalya\u2019n\u0131n en \u00f6nemli turizm destinasyonlar\u0131nda biri olan Ka\u015f, her y\u0131l yerli yabanc\u0131 milyonarca insana ev sahipli\u011fi yap\u0131yor. Turizmin i\u00e7in son derece \u00f6nemli olan bu il\u00e7enin i\u015fletmeleri ise yetersiz durumda. Bu dururum il\u00e7edeki i\u015fletme sahiplerini etkilerken ayn\u0131 zaman turistleri de etkiliyor. CHP Antalya Milletvekili Aykut Kaya ise konuyu T\u00fcrkiye B\u00fcy\u00fck Millet Meclis\u2019i (TBMM) g\u00fcndemine ta\u015f\u0131d\u0131.\u00a0 \u0130\u015eLETMELER YETERS\u0130Z\u00a0 Ka\u015f\u2019ta bulunan 333 tesisin sadece 15 bin yatak kapasitesi oldu\u011funu ve bu say\u0131n\u0131n turizm i\u00e7in son derece yetersiz oldu\u011funa vurgu yapan Kaya, \u201cAntalya\u2019m\u0131z\u0131n g\u00f6zde turizm merkezi Ka\u015f, sadece 333 belgeli tesisle 15 bin yatak kapasitesine sahiptir ve bu turizm i\u00e7in yetersizdir. Y\u0131llard\u0131r turizmle i\u00e7 i\u00e7e olan vatanda\u015flar\u0131m\u0131z atalar\u0131ndan miras kalan tar\u0131ma elveri\u015fsiz arazilere evler yaparak turizme a\u00e7m\u0131\u015f, ge\u00e7imlerini sa\u011flam\u0131\u015f, vergilerini \u00f6deyerek ve bildirimlerini yaparak da yasal y\u00fck\u00fcml\u00fcl\u00fcklerini yerine getirmi\u015flerdir\u201d dedi.\u00a0 \u201cAC\u0130L D\u00dcZENLEME GET\u0130R\u0130LMEL\u0130\u201d Ka\u015f ve Fethiye \u00a0b\u00f6lgelerindeki 15 bin i\u015fletmenin imama sorunundan dolay\u0131 dert yand\u0131\u011f\u0131na de\u011finen Kaya, \u201cAncak s\u00fcregelen imar sorunlar\u0131 nedeniyle her defas\u0131nda zor duruma d\u00fc\u015fen vatanda\u015flar\u0131m\u0131z, K\u00fclt\u00fcr ve Turizm Bakanl\u0131\u011f\u0131\u2019n\u0131n yeni d\u00fczenlemesiyle tapular\u0131nda konut ge\u00e7medi\u011fi gerek\u00e7esiyle 1 Ocak 2025 itibariyla i\u015fletmelerini kapatmak zorunda b\u0131rak\u0131lm\u0131\u015ft\u0131r. Hafta sonu 5 bine yak\u0131n aile i\u015fletmesi sahibi, bu haks\u0131z uygulamaya kar\u015f\u0131 seslerini duyurmak i\u00e7in bir araya geldi. \u201cKa\u015f, Fethiye gibi turizm b\u00f6lgelerindeki 15 bin i\u015fletmeyi ilgilendiren bu &hellip;\" \/>\n<meta property=\"og:url\" content=\"https:\/\/denizcankizil.tr\/uk\/haberler\/gundem\/chp-milletvekili-kaya-imar-sorunu-kas-ve-fethiyede-turistik-isletmeleri-zorluyor\/\" \/>\n<meta property=\"og:site_name\" content=\"Av. Deniz Can K\u0131z\u0131l\" \/>\n<meta property=\"article:published_time\" content=\"2025-02-18T16:41:22+00:00\" \/>\n<meta name=\"author\" content=\"Antalya K\u00f6rfez\" \/>\n<meta name=\"twitter:card\" content=\"summary_large_image\" \/>\n<meta name=\"twitter:label1\" content=\"\u041d\u0430\u043f\u0438\u0441\u0430\u043d\u043e\" \/>\n\t<meta name=\"twitter:data1\" content=\"Antalya K\u00f6rfez\" \/>\n\t<meta name=\"twitter:label2\" content=\"\u041f\u0440\u0438\u0431\u043b. \u0447\u0430\u0441 \u0447\u0438\u0442\u0430\u043d\u043d\u044f\" \/>\n\t<meta name=\"twitter:data2\" content=\"2 \u0445\u0432\u0438\u043b\u0438\u043d\u0438\" \/>\n<script type=\"application\/ld+json\" class=\"yoast-schema-graph\">{\"@context\":\"https:\/\/schema.org\",\"@graph\":[{\"@type\":\"Article\",\"@id\":\"https:\/\/denizcankizil.tr\/uk\/haberler\/gundem\/chp-milletvekili-kaya-imar-sorunu-kas-ve-fethiyede-turistik-isletmeleri-zorluyor\/#article\",\"isPartOf\":{\"@id\":\"https:\/\/denizcankizil.tr\/uk\/haberler\/gundem\/chp-milletvekili-kaya-imar-sorunu-kas-ve-fethiyede-turistik-isletmeleri-zorluyor\/\"},\"author\":{\"name\":\"Antalya K\u00f6rfez\",\"@id\":\"https:\/\/denizcankizil.tr\/#\/schema\/person\/e1eb71bb4dd684d46563f0af307e1234\"},\"headline\":\"CHP Milletvekili Kaya: \u201c\u0130mar sorunu Ka\u015f ve Fethiye\u2019de turistik i\u015fletmeleri zorluyor\u201d\",\"datePublished\":\"2025-02-18T16:41:22+00:00\",\"mainEntityOfPage\":{\"@id\":\"https:\/\/denizcankizil.tr\/uk\/haberler\/gundem\/chp-milletvekili-kaya-imar-sorunu-kas-ve-fethiyede-turistik-isletmeleri-zorluyor\/\"},\"wordCount\":377,\"commentCount\":0,\"publisher\":{\"@id\":\"https:\/\/denizcankizil.tr\/#organization\"},\"articleSection\":[\"G\u00fcndem\"],\"inLanguage\":\"uk\",\"potentialAction\":[{\"@type\":\"CommentAction\",\"name\":\"Comment\",\"target\":[\"https:\/\/denizcankizil.tr\/uk\/haberler\/gundem\/chp-milletvekili-kaya-imar-sorunu-kas-ve-fethiyede-turistik-isletmeleri-zorluyor\/#respond\"]}]},{\"@type\":\"WebPage\",\"@id\":\"https:\/\/denizcankizil.tr\/uk\/haberler\/gundem\/chp-milletvekili-kaya-imar-sorunu-kas-ve-fethiyede-turistik-isletmeleri-zorluyor\/\",\"url\":\"https:\/\/denizcankizil.tr\/uk\/haberler\/gundem\/chp-milletvekili-kaya-imar-sorunu-kas-ve-fethiyede-turistik-isletmeleri-zorluyor\/\",\"name\":\"CHP Milletvekili Kaya: \u201c\u0130mar sorunu Ka\u015f ve Fethiye\u2019de turistik i\u015fletmeleri zorluyor\u201d - Av. Deniz Can K\u0131z\u0131l\",\"isPartOf\":{\"@id\":\"https:\/\/denizcankizil.tr\/#website\"},\"datePublished\":\"2025-02-18T16:41:22+00:00\",\"breadcrumb\":{\"@id\":\"https:\/\/denizcankizil.tr\/uk\/haberler\/gundem\/chp-milletvekili-kaya-imar-sorunu-kas-ve-fethiyede-turistik-isletmeleri-zorluyor\/#breadcrumb\"},\"inLanguage\":\"uk\",\"potentialAction\":[{\"@type\":\"ReadAction\",\"target\":[\"https:\/\/denizcankizil.tr\/uk\/haberler\/gundem\/chp-milletvekili-kaya-imar-sorunu-kas-ve-fethiyede-turistik-isletmeleri-zorluyor\/\"]}]},{\"@type\":\"BreadcrumbList\",\"@id\":\"https:\/\/denizcankizil.tr\/uk\/haberler\/gundem\/chp-milletvekili-kaya-imar-sorunu-kas-ve-fethiyede-turistik-isletmeleri-zorluyor\/#breadcrumb\",\"itemListElement\":[{\"@type\":\"ListItem\",\"position\":1,\"name\":\"Home\",\"item\":\"https:\/\/denizcankizil.tr\/de\/\"},{\"@type\":\"ListItem\",\"position\":2,\"name\":\"CHP Milletvekili Kaya: \u201c\u0130mar sorunu Ka\u015f ve Fethiye\u2019de turistik i\u015fletmeleri zorluyor\u201d\"}]},{\"@type\":\"WebSite\",\"@id\":\"https:\/\/denizcankizil.tr\/#website\",\"url\":\"https:\/\/denizcankizil.tr\/\",\"name\":\"Av. Deniz Can K\u0131z\u0131l\",\"description\":\"Avukat Deniz Can K\u0131z\u0131l Antalya Barosu\",\"publisher\":{\"@id\":\"https:\/\/denizcankizil.tr\/#organization\"},\"potentialAction\":[{\"@type\":\"SearchAction\",\"target\":{\"@type\":\"EntryPoint\",\"urlTemplate\":\"https:\/\/denizcankizil.tr\/?s={search_term_string}\"},\"query-input\":{\"@type\":\"PropertyValueSpecification\",\"valueRequired\":true,\"valueName\":\"search_term_string\"}}],\"inLanguage\":\"uk\"},{\"@type\":\"Organization\",\"@id\":\"https:\/\/denizcankizil.tr\/#organization\",\"name\":\"Av. Deniz Can K\u0131z\u0131l\",\"url\":\"https:\/\/denizcankizil.tr\/\",\"logo\":{\"@type\":\"ImageObject\",\"inLanguage\":\"uk\",\"@id\":\"https:\/\/denizcankizil.tr\/#\/schema\/logo\/image\/\",\"url\":\"https:\/\/denizcankizil.tr\/wp-content\/uploads\/2024\/10\/siyah-logo-svg.svg\",\"contentUrl\":\"https:\/\/denizcankizil.tr\/wp-content\/uploads\/2024\/10\/siyah-logo-svg.svg\",\"width\":1080,\"height\":1080,\"caption\":\"Av. Deniz Can K\u0131z\u0131l\"},\"image\":{\"@id\":\"https:\/\/denizcankizil.tr\/#\/schema\/logo\/image\/\"}},{\"@type\":\"Person\",\"@id\":\"https:\/\/denizcankizil.tr\/#\/schema\/person\/e1eb71bb4dd684d46563f0af307e1234\",\"name\":\"Antalya K\u00f6rfez\",\"image\":{\"@type\":\"ImageObject\",\"inLanguage\":\"uk\",\"@id\":\"https:\/\/denizcankizil.tr\/#\/schema\/person\/image\/\",\"url\":\"https:\/\/secure.gravatar.com\/avatar\/42b01982558a48a0b501fdcab6a408d3717ea5919095ee2e67b0e521799c5905?s=96&d=mm&r=g\",\"contentUrl\":\"https:\/\/secure.gravatar.com\/avatar\/42b01982558a48a0b501fdcab6a408d3717ea5919095ee2e67b0e521799c5905?s=96&d=mm&r=g\",\"caption\":\"Antalya K\u00f6rfez\"},\"sameAs\":[\"http:\/\/www.antalyakorfez.com\"],\"url\":\"https:\/\/www.antalyakorfez.com\/chp-milletvekili-kaya-imar-sorunu-kas-ve-fethiyede-turistik-isletmeleri-zorluyor\"}]}<\/script>\n<!-- \/ Yoast SEO Premium plugin. -->","yoast_head_json":{"title":"CHP Milletvekili Kaya: \u201c\u0130mar sorunu Ka\u015f ve Fethiye\u2019de turistik i\u015fletmeleri zorluyor\u201d - Av. Deniz Can K\u0131z\u0131l","robots":{"index":"index","follow":"follow","max-snippet":"max-snippet:-1","max-image-preview":"max-image-preview:large","max-video-preview":"max-video-preview:-1"},"canonical":"https:\/\/denizcankizil.tr\/uk\/haberler\/gundem\/chp-milletvekili-kaya-imar-sorunu-kas-ve-fethiyede-turistik-isletmeleri-zorluyor\/","og_locale":"uk_UA","og_type":"article","og_title":"CHP Milletvekili Kaya: \u201c\u0130mar sorunu Ka\u015f ve Fethiye\u2019de turistik i\u015fletmeleri zorluyor\u201d","og_description":"Antalya\u2019n\u0131n en \u00f6nemli turizm destinasyonlar\u0131nda biri olan Ka\u015f, her y\u0131l yerli yabanc\u0131 milyonarca insana ev sahipli\u011fi yap\u0131yor. Turizmin i\u00e7in son derece \u00f6nemli olan bu il\u00e7enin i\u015fletmeleri ise yetersiz durumda. Bu dururum il\u00e7edeki i\u015fletme sahiplerini etkilerken ayn\u0131 zaman turistleri de etkiliyor. CHP Antalya Milletvekili Aykut Kaya ise konuyu T\u00fcrkiye B\u00fcy\u00fck Millet Meclis\u2019i (TBMM) g\u00fcndemine ta\u015f\u0131d\u0131.\u00a0 \u0130\u015eLETMELER YETERS\u0130Z\u00a0 Ka\u015f\u2019ta bulunan 333 tesisin sadece 15 bin yatak kapasitesi oldu\u011funu ve bu say\u0131n\u0131n turizm i\u00e7in son derece yetersiz oldu\u011funa vurgu yapan Kaya, \u201cAntalya\u2019m\u0131z\u0131n g\u00f6zde turizm merkezi Ka\u015f, sadece 333 belgeli tesisle 15 bin yatak kapasitesine sahiptir ve bu turizm i\u00e7in yetersizdir. Y\u0131llard\u0131r turizmle i\u00e7 i\u00e7e olan vatanda\u015flar\u0131m\u0131z atalar\u0131ndan miras kalan tar\u0131ma elveri\u015fsiz arazilere evler yaparak turizme a\u00e7m\u0131\u015f, ge\u00e7imlerini sa\u011flam\u0131\u015f, vergilerini \u00f6deyerek ve bildirimlerini yaparak da yasal y\u00fck\u00fcml\u00fcl\u00fcklerini yerine getirmi\u015flerdir\u201d dedi.\u00a0 \u201cAC\u0130L D\u00dcZENLEME GET\u0130R\u0130LMEL\u0130\u201d Ka\u015f ve Fethiye \u00a0b\u00f6lgelerindeki 15 bin i\u015fletmenin imama sorunundan dolay\u0131 dert yand\u0131\u011f\u0131na de\u011finen Kaya, \u201cAncak s\u00fcregelen imar sorunlar\u0131 nedeniyle her defas\u0131nda zor duruma d\u00fc\u015fen vatanda\u015flar\u0131m\u0131z, K\u00fclt\u00fcr ve Turizm Bakanl\u0131\u011f\u0131\u2019n\u0131n yeni d\u00fczenlemesiyle tapular\u0131nda konut ge\u00e7medi\u011fi gerek\u00e7esiyle 1 Ocak 2025 itibariyla i\u015fletmelerini kapatmak zorunda b\u0131rak\u0131lm\u0131\u015ft\u0131r. Hafta sonu 5 bine yak\u0131n aile i\u015fletmesi sahibi, bu haks\u0131z uygulamaya kar\u015f\u0131 seslerini duyurmak i\u00e7in bir araya geldi. \u201cKa\u015f, Fethiye gibi turizm b\u00f6lgelerindeki 15 bin i\u015fletmeyi ilgilendiren bu &hellip;","og_url":"https:\/\/denizcankizil.tr\/uk\/haberler\/gundem\/chp-milletvekili-kaya-imar-sorunu-kas-ve-fethiyede-turistik-isletmeleri-zorluyor\/","og_site_name":"Av. Deniz Can K\u0131z\u0131l","article_published_time":"2025-02-18T16:41:22+00:00","author":"Antalya K\u00f6rfez","twitter_card":"summary_large_image","twitter_misc":{"\u041d\u0430\u043f\u0438\u0441\u0430\u043d\u043e":"Antalya K\u00f6rfez","\u041f\u0440\u0438\u0431\u043b. \u0447\u0430\u0441 \u0447\u0438\u0442\u0430\u043d\u043d\u044f":"2 \u0445\u0432\u0438\u043b\u0438\u043d\u0438"},"schema":{"@context":"https:\/\/schema.org","@graph":[{"@type":"Article","@id":"https:\/\/denizcankizil.tr\/uk\/haberler\/gundem\/chp-milletvekili-kaya-imar-sorunu-kas-ve-fethiyede-turistik-isletmeleri-zorluyor\/#article","isPartOf":{"@id":"https:\/\/denizcankizil.tr\/uk\/haberler\/gundem\/chp-milletvekili-kaya-imar-sorunu-kas-ve-fethiyede-turistik-isletmeleri-zorluyor\/"},"author":{"name":"Antalya K\u00f6rfez","@id":"https:\/\/denizcankizil.tr\/#\/schema\/person\/e1eb71bb4dd684d46563f0af307e1234"},"headline":"CHP Milletvekili Kaya: \u201c\u0130mar sorunu Ka\u015f ve Fethiye\u2019de turistik i\u015fletmeleri zorluyor\u201d","datePublished":"2025-02-18T16:41:22+00:00","mainEntityOfPage":{"@id":"https:\/\/denizcankizil.tr\/uk\/haberler\/gundem\/chp-milletvekili-kaya-imar-sorunu-kas-ve-fethiyede-turistik-isletmeleri-zorluyor\/"},"wordCount":377,"commentCount":0,"publisher":{"@id":"https:\/\/denizcankizil.tr\/#organization"},"articleSection":["G\u00fcndem"],"inLanguage":"uk","potentialAction":[{"@type":"CommentAction","name":"Comment","target":["https:\/\/denizcankizil.tr\/uk\/haberler\/gundem\/chp-milletvekili-kaya-imar-sorunu-kas-ve-fethiyede-turistik-isletmeleri-zorluyor\/#respond"]}]},{"@type":"WebPage","@id":"https:\/\/denizcankizil.tr\/uk\/haberler\/gundem\/chp-milletvekili-kaya-imar-sorunu-kas-ve-fethiyede-turistik-isletmeleri-zorluyor\/","url":"https:\/\/denizcankizil.tr\/uk\/haberler\/gundem\/chp-milletvekili-kaya-imar-sorunu-kas-ve-fethiyede-turistik-isletmeleri-zorluyor\/","name":"CHP Milletvekili Kaya: \u201c\u0130mar sorunu Ka\u015f ve Fethiye\u2019de turistik i\u015fletmeleri zorluyor\u201d - Av. Deniz Can K\u0131z\u0131l","isPartOf":{"@id":"https:\/\/denizcankizil.tr\/#website"},"datePublished":"2025-02-18T16:41:22+00:00","breadcrumb":{"@id":"https:\/\/denizcankizil.tr\/uk\/haberler\/gundem\/chp-milletvekili-kaya-imar-sorunu-kas-ve-fethiyede-turistik-isletmeleri-zorluyor\/#breadcrumb"},"inLanguage":"uk","potentialAction":[{"@type":"ReadAction","target":["https:\/\/denizcankizil.tr\/uk\/haberler\/gundem\/chp-milletvekili-kaya-imar-sorunu-kas-ve-fethiyede-turistik-isletmeleri-zorluyor\/"]}]},{"@type":"BreadcrumbList","@id":"https:\/\/denizcankizil.tr\/uk\/haberler\/gundem\/chp-milletvekili-kaya-imar-sorunu-kas-ve-fethiyede-turistik-isletmeleri-zorluyor\/#breadcrumb","itemListElement":[{"@type":"ListItem","position":1,"name":"Home","item":"https:\/\/denizcankizil.tr\/de\/"},{"@type":"ListItem","position":2,"name":"CHP Milletvekili Kaya: \u201c\u0130mar sorunu Ka\u015f ve Fethiye\u2019de turistik i\u015fletmeleri zorluyor\u201d"}]},{"@type":"WebSite","@id":"https:\/\/denizcankizil.tr\/#website","url":"https:\/\/denizcankizil.tr\/","name":"Av. Deniz Can K\u0131z\u0131l","description":"Avukat Deniz Can K\u0131z\u0131l Antalya Barosu","publisher":{"@id":"https:\/\/denizcankizil.tr\/#organization"},"potentialAction":[{"@type":"SearchAction","target":{"@type":"EntryPoint","urlTemplate":"https:\/\/denizcankizil.tr\/?s={search_term_string}"},"query-input":{"@type":"PropertyValueSpecification","valueRequired":true,"valueName":"search_term_string"}}],"inLanguage":"uk"},{"@type":"Organization","@id":"https:\/\/denizcankizil.tr\/#organization","name":"Av. Deniz Can K\u0131z\u0131l","url":"https:\/\/denizcankizil.tr\/","logo":{"@type":"ImageObject","inLanguage":"uk","@id":"https:\/\/denizcankizil.tr\/#\/schema\/logo\/image\/","url":"https:\/\/denizcankizil.tr\/wp-content\/uploads\/2024\/10\/siyah-logo-svg.svg","contentUrl":"https:\/\/denizcankizil.tr\/wp-content\/uploads\/2024\/10\/siyah-logo-svg.svg","width":1080,"height":1080,"caption":"Av. Deniz Can K\u0131z\u0131l"},"image":{"@id":"https:\/\/denizcankizil.tr\/#\/schema\/logo\/image\/"}},{"@type":"Person","@id":"https:\/\/denizcankizil.tr\/#\/schema\/person\/e1eb71bb4dd684d46563f0af307e1234","name":"Antalya K\u00f6rfez","image":{"@type":"ImageObject","inLanguage":"uk","@id":"https:\/\/denizcankizil.tr\/#\/schema\/person\/image\/","url":"https:\/\/secure.gravatar.com\/avatar\/42b01982558a48a0b501fdcab6a408d3717ea5919095ee2e67b0e521799c5905?s=96&d=mm&r=g","contentUrl":"https:\/\/secure.gravatar.com\/avatar\/42b01982558a48a0b501fdcab6a408d3717ea5919095ee2e67b0e521799c5905?s=96&d=mm&r=g","caption":"Antalya K\u00f6rfez"},"sameAs":["http:\/\/www.antalyakorfez.com"],"url":"https:\/\/www.antalyakorfez.com\/chp-milletvekili-kaya-imar-sorunu-kas-ve-fethiyede-turistik-isletmeleri-zorluyor"}]}},"_links":{"self":[{"href":"https:\/\/denizcankizil.tr\/uk\/wp-json\/wp\/v2\/posts\/33403","targetHints":{"allow":["GET"]}}],"collection":[{"href":"https:\/\/denizcankizil.tr\/uk\/wp-json\/wp\/v2\/posts"}],"about":[{"href":"https:\/\/denizcankizil.tr\/uk\/wp-json\/wp\/v2\/types\/post"}],"author":[{"embeddable":true,"href":"https:\/\/denizcankizil.tr\/uk\/wp-json\/wp\/v2\/users\/5"}],"replies":[{"embeddable":true,"href":"https:\/\/denizcankizil.tr\/uk\/wp-json\/wp\/v2\/comments?post=33403"}],"version-history":[{"count":0,"href":"https:\/\/denizcankizil.tr\/uk\/wp-json\/wp\/v2\/posts\/33403\/revisions"}],"wp:attachment":[{"href":"https:\/\/denizcankizil.tr\/uk\/wp-json\/wp\/v2\/media?parent=33403"}],"wp:term":[{"taxonomy":"category","embeddable":true,"href":"https:\/\/denizcankizil.tr\/uk\/wp-json\/wp\/v2\/categories?post=33403"},{"taxonomy":"post_tag","embeddable":true,"href":"https:\/\/denizcankizil.tr\/uk\/wp-json\/wp\/v2\/tags?post=33403"}],"curies":[{"name":"wp","href":"https:\/\/api.w.org\/{rel}","templated":true}]}}