{"id":33397,"date":"2025-02-18T18:41:38","date_gmt":"2025-02-18T15:41:38","guid":{"rendered":"https:\/\/denizcankizil.tr\/uncategorized-tr\/baskan-bocekten-teleferik-aciklamasi\/"},"modified":"2025-02-18T18:41:38","modified_gmt":"2025-02-18T15:41:38","slug":"baskan-bocekten-teleferik-aciklamasi","status":"publish","type":"post","link":"https:\/\/denizcankizil.tr\/uk\/haberler\/antalya\/baskan-bocekten-teleferik-aciklamasi\/","title":{"rendered":"Ba\u015fkan B\u00f6cek&#8217;ten teleferik a\u00e7\u0131klamas\u0131"},"content":{"rendered":"<p>Ula\u015f\u0131mda b\u00fcy\u00fck de\u011fi\u015fiklikler yolda<br \/>\nAntalya&#8217;n\u0131n en b\u00fcy\u00fck sorunlar\u0131n\u0131n ba\u015f\u0131nda i\u015fsizlik ve ula\u015f\u0131m\u0131n geldi\u011fini ifade eden Ba\u015fkan B\u00f6cek, kentteki n\u00fcfus art\u0131\u015f\u0131na dikkat \u00e7ekti. Son alt\u0131 y\u0131lda Antalya n\u00fcfusunun 210 bin 104 ki\u015fi artt\u0131\u011f\u0131n\u0131 belirten B\u00f6cek, ara\u00e7 say\u0131s\u0131n\u0131n da 501 bin y\u00fckseldi\u011fini s\u00f6yledi. Trafi\u011fi rahatlatmak i\u00e7in 148 ak\u0131ll\u0131 kav\u015fak in\u015fa ettiklerini dile getiren B\u00f6cek, &#8220;Kemer ve Lara y\u00f6nlerinde \u015ferit say\u0131s\u0131n\u0131 art\u0131rd\u0131k. Ayr\u0131ca 2028 y\u0131l\u0131nda tamamlanacak olan 4. Hafif Rayl\u0131 Sistem projemiz devam ediyor. 5. etap projeleri i\u00e7in Cumhurba\u015fkanl\u0131\u011f\u0131&#8217;ndan izin al\u0131nd\u0131, 6. etap i\u00e7in D\u00f6\u015femealt\u0131&#8217;nda \u00e7al\u0131\u015fmalar y\u00fcr\u00fct\u00fcyoruz&#8221; dedi.<br \/>\nToplu ta\u015f\u0131maya y\u00f6nelik projeler hakk\u0131nda da konu\u015fan Ba\u015fkan B\u00f6cek, otob\u00fcs filosunda ciddi bir yenileme yap\u0131laca\u011f\u0131n\u0131 s\u00f6yledi. B\u00f6cek, &#8220;\u0130lk etapta bin 130 otob\u00fcs i\u00e7in de\u011ferlendirme yapaca\u011f\u0131z. Ayr\u0131ca taksilerde panik butonu ve kamera sistemi gibi g\u00fcvenlik \u00f6nlemleri al\u0131nacak&#8221; ifadelerini kulland\u0131.<\/p>\n<p>Trafikte yeni d\u00fczenlemeler ve t\u00fcnel projesi<br \/>\nTrafik sorununa y\u00f6nelik \u00e7\u00f6z\u00fcm \u00f6nerileri aras\u0131nda t\u00fcp ge\u00e7it projelerinin de yer ald\u0131\u011f\u0131n\u0131 belirten B\u00f6cek, &#8220;TRT Caddesi&#8217;nde \u00fcniversiteyi b\u00f6lmeden alttan ge\u00e7i\u015f sa\u011flayacak bir t\u00fcp ge\u00e7it in\u015fa edece\u011fiz. Siteler Mahallesi ve Uncal\u0131 b\u00f6lgesi i\u00e7in b\u00fcy\u00fck bir rahatlama olacak&#8221; dedi.<\/p>\n<p>EDS May\u0131s&#8217;ta devreye girecek<br \/>\nElektronik Denetleme Sistemi (EDS) ile ilgili de bilgi veren Ba\u015fkan B\u00f6cek, y\u00fcklenici firma ile yap\u0131lan g\u00f6r\u00fc\u015fmeler sonucunda i\u015f takviminin sekiz hafta uzat\u0131ld\u0131\u011f\u0131n\u0131 a\u00e7\u0131klad\u0131. 10 \u015eubat&#8217;ta ba\u015flat\u0131lan \u00e7al\u0131\u015fmalar\u0131n May\u0131s ay\u0131n\u0131n ba\u015f\u0131nda tamamlanarak Emniyet Genel M\u00fcd\u00fcrl\u00fc\u011f\u00fc&#8217;ne teslim edilece\u011fini dile getiren B\u00f6cek, \u015f\u00f6yle devam etti:<br \/>\n&#8220;10 \u015eubat itibariyle bu takvim ba\u015flad\u0131, muhtemelen May\u0131s ay\u0131n\u0131n ba\u015f\u0131nda Emniyet Genel M\u00fcd\u00fcrl\u00fc\u011f\u00fc&#8217;ne sistemi teslim etmi\u015f olaca\u011f\u0131z. May\u0131s ortalar\u0131nda sistem devreye girmi\u015f olacak.&#8221;<\/p>\n<p>&#8220;Antalya 25 milyar dolar gelir sa\u011flad\u0131&#8221;<br \/>\nTurizm sekt\u00f6r\u00fcne ili\u015fkin de\u011ferlendirmelerde de bulunan B\u00f6cek, ge\u00e7ti\u011fimiz g\u00fcnlerde kat\u0131ld\u0131\u011f\u0131 EMITT Fuar\u0131&#8217;nda 2024 y\u0131l\u0131na dair turizm gelirlerinin a\u00e7\u0131kland\u0131\u011f\u0131n\u0131 s\u00f6yledi. T\u00fcrkiye&#8217;nin 61 milyar 108 milyon dolar turizm geliri elde etti\u011fini belirten B\u00f6cek, bunun 25 milyar dolar\u0131n\u0131n Antalya&#8217;dan sa\u011fland\u0131\u011f\u0131n\u0131 ifade etti.<br \/>\nKonaklama vergisine de de\u011finen B\u00f6cek, &#8220;Konaklama vergisi olarak 25 Ekim&#8217;de Roma&#8217;da 10 Euro verdik her gece i\u00e7in. Direkt yerel y\u00f6netimlere gidiyor. Burada insanlar\u0131n cebine elinizi att\u0131n\u0131z. Y\u00fczde iki koydunuz. Y\u00fczde iki ne demek ciroda biliyor musunuz? En az y\u00fczde 15 gelirini ald\u0131n\u0131z otelcilerin. Yerli ve yabanc\u0131 ziyaret\u00e7iler dahilinde 27 milyon ki\u015fiye hizmet edece\u011fim. Ama bir kuru\u015f verilmiyor belediyelere. Antalya&#8217;m\u0131za sahip \u00e7\u0131kmam\u0131z laz\u0131m&#8221; diyerek ele\u015ftirilerde bulundu.<\/p>\n<p>Sar\u0131su projesi h\u0131zland\u0131r\u0131l\u0131yor<br \/>\nSar\u0131s\u0131 ile ilgili s\u00fcrecin uzun zamand\u0131r devam etti\u011fini belirten B\u00f6cek, projenin yeniden ihaleye \u00e7\u0131kart\u0131larak 25 milyon 250 bin TL&#8217;ye kazand\u0131klar\u0131n\u0131 duyurdu. B\u00f6cek, \u015fu ifadelere yer verdi:<br \/>\n&#8220;\u00c7ok g\u00fczel bir proje haz\u0131rl\u0131yoruz. Y\u0131k\u0131mlar ba\u015flad\u0131, kendileri de y\u0131kanlar oldu. Ve s\u00fcre\u00e7le ilgili h\u0131zl\u0131 bir \u015fekilde Sar\u0131su projemiz ger\u00e7ekle\u015fecek. Kad\u0131nlar plaj\u0131 iptal de\u011fil, onu da koruyaca\u011f\u0131z.&#8221;<\/p>\n<p>&#8220;EXPO alan\u0131 i\u00e7in talepte bulunaca\u011f\u0131z&#8221;<br \/>\nEXPO alan\u0131n\u0131n de\u011ferli bir yer oldu\u011funu belirten B\u00f6cek, &#8220;5 bin 4 oturma koltu\u011fu var orada. Sonu\u00e7 olarak oras\u0131 bizim Antalya&#8217;m\u0131zda \u00e7ok de\u011ferli, \u00e7ok k\u0131ymetli, \u00e7ok \u00f6nemli bir yer. O alan\u0131n ya\u015famas\u0131 laz\u0131m. Bununla ilgili \u00fcniversitelerimizle, tar\u0131mla ilgili \u00e7ok \u015fey yap\u0131labilir, sat\u0131lmaz \u0130n\u015fallah. Antalya&#8217;n\u0131n olmal\u0131d\u0131r ve Antalya B\u00fcy\u00fck\u015fehir Belediyesi olarak biz de elimizden geldi\u011fi \u015fekliyle talepte bulunuruz, bulunaca\u011f\u0131z. \u00c7ok at\u0131l duruyor \u015fu. Mesela tar\u0131ma dayal\u0131 bir\u00e7ok \u015fey yap\u0131labilir. Yani yoksa b\u00f6ylesi bir yer, bir de 5 bin 4 koltuk var diyorum az bir yer de\u011fildir. Antalya&#8217;da fuar kongre merkezi olarak ba\u015fka \u015fekilde de de\u011ferlendirilebilir, bir\u00e7ok etkinlikler yap\u0131labilir&#8221; dedi.<\/p>\n<p>Teleferik yeniden yap\u0131lacak<br \/>\nAntalya&#8217;daki teleferik kazas\u0131na da de\u011finen B\u00f6cek, kazada hayat\u0131n\u0131 kaybeden vatanda\u015fa rahmet diledi. Antalya&#8217;da yeniden teleferik projesini hayata ge\u00e7irmek i\u00e7in \u00e7al\u0131\u015ft\u0131klar\u0131n\u0131 ifade eden Ba\u015fkan B\u00f6cek, &#8220;Teleferikle ilgili talihsiz bir olay ya\u015fad\u0131k, en ucuz teleferik denilmi\u015fti. Sonu\u00e7 olarak bir ki\u015fi hayat\u0131n\u0131 kaybetti. Allah&#8217;tan rahmet diliyorum. Yani o g\u00fcnk\u00fc ya\u015fad\u0131klar\u0131m\u0131 d\u00fc\u015f\u00fcnebiliyor musunuz? Teleferikle ilgili s\u00fctten a\u011fz\u0131m\u0131z yand\u0131. S\u00f6k\u00fcld\u00fc. D\u00fcnyada bu alanda \u00e7ok tecr\u00fcbeli ve deneyimli \u00fc\u00e7 d\u00f6rt firma var, hepsini ara\u015ft\u0131r\u0131yoruz. Antalya&#8217;ya teleferi\u011fi yine kazand\u0131raca\u011f\u0131m. Antalya&#8217;da o teleferik olacak, alt\u0131n\u0131 \u00e7izerek s\u00f6yl\u00fcyorum. Bununla ilgili \u00f6n\u00fcm\u00fczdeki g\u00fcnlerde a\u00e7\u0131klamalar\u0131m\u0131z\u0131 yapaca\u011f\u0131z&#8221; dedi.<\/p>\n<p>Denetimler art\u0131r\u0131ld\u0131, yetki belirsizli\u011fi tart\u0131\u015fma konusu<br \/>\nBa\u015fkan B\u00f6cek, 2021 y\u0131l\u0131nda Turizm Bakanl\u0131\u011f\u0131&#8217;n\u0131n ald\u0131\u011f\u0131 kararla basit konaklamal\u0131 tesislerin ruhsat yetkisinin belediyelerden al\u0131nd\u0131\u011f\u0131n\u0131 ve bakanl\u0131\u011fa devredildi\u011fini hat\u0131rlatarak, &#8220;2021 y\u0131l\u0131nda belediye eliyle denetlenen bin 582 basit konaklamal\u0131 pansiyon ve oteller vard\u0131 Antalya&#8217;da. Bin 70 i\u015fletme belgeli, 88 yat\u0131r\u0131m belgeli. Toplam 2 bin 734 turizm bakanl\u0131\u011f\u0131na ait tesislerimiz var. Turizm Birli\u011fi Ba\u015fkan\u0131 olarak Turizm \u0130l M\u00fcd\u00fcrl\u00fc\u011f\u00fc&#8217;ne yaz\u0131 yazd\u0131m. Belediyenin verdi\u011fi ruhsat yetkisini, 2021 y\u0131l\u0131nda kendi elinizle bakanl\u0131\u011fa ald\u0131n\u0131z. \u015eimdi aram\u0131zda yaz\u0131\u015fmalar yap\u0131ld\u0131. Sonra 19 il\u00e7e belediyeme ayn\u0131 zamanda Akdeniz Belediye Birli\u011fi&#8217;nin t\u00fcm \u00fcyelerine g\u00f6nderdim. Ve orada da belediyelerin yap\u0131 izni verirken nelere dikkat etmesi gerekti\u011fini s\u00f6yledim. En son g\u00fcn \u0130tfaiye Daire Ba\u015fkan\u0131&#8217;ma Turizm \u0130l M\u00fcd\u00fcr\u00fcyle acil olarak denetlememiz gereken yerleri \u00f6\u011frenmesi i\u00e7in talimat verdim. \u015eu ana kadar duydu\u011fum, Antalya&#8217;da 140&#8217;\u0131n \u00fczerinde otel kapand\u0131. \u0130l\u00e7eler baz\u0131nda acil denetim yap\u0131lmas\u0131 i\u00e7in ekiplerimizle koordinasyon i\u00e7inde \u00e7al\u0131\u015f\u0131yoruz&#8221; ifadelerini kulland\u0131.<\/p>\n<p>Kaynak: www.kanalv.com.tr Haber Sitesinden Al\u0131nm\u0131\u015ft\u0131r.<\/p>","protected":false},"excerpt":{"rendered":"<p>Ula\u015f\u0131mda b\u00fcy\u00fck de\u011fi\u015fiklikler yolda Antalya&#8217;n\u0131n en b\u00fcy\u00fck sorunlar\u0131n\u0131n ba\u015f\u0131nda i\u015fsizlik ve ula\u015f\u0131m\u0131n geldi\u011fini ifade eden Ba\u015fkan B\u00f6cek, kentteki n\u00fcfus art\u0131\u015f\u0131na dikkat \u00e7ekti. Son alt\u0131 y\u0131lda Antalya n\u00fcfusunun 210 bin 104 ki\u015fi artt\u0131\u011f\u0131n\u0131 belirten B\u00f6cek, ara\u00e7 say\u0131s\u0131n\u0131n da 501 bin y\u00fckseldi\u011fini s\u00f6yledi. Trafi\u011fi rahatlatmak i\u00e7in 148 ak\u0131ll\u0131 kav\u015fak in\u015fa ettiklerini dile getiren B\u00f6cek, &#8220;Kemer ve Lara y\u00f6nlerinde \u015ferit say\u0131s\u0131n\u0131 art\u0131rd\u0131k. Ayr\u0131ca 2028 y\u0131l\u0131nda tamamlanacak olan 4. Hafif Rayl\u0131 Sistem projemiz devam ediyor. 5. etap projeleri i\u00e7in Cumhurba\u015fkanl\u0131\u011f\u0131&#8217;ndan izin al\u0131nd\u0131, 6. etap i\u00e7in D\u00f6\u015femealt\u0131&#8217;nda \u00e7al\u0131\u015fmalar y\u00fcr\u00fct\u00fcyoruz&#8221; dedi. Toplu ta\u015f\u0131maya y\u00f6nelik projeler hakk\u0131nda da konu\u015fan Ba\u015fkan B\u00f6cek, otob\u00fcs filosunda ciddi bir yenileme yap\u0131laca\u011f\u0131n\u0131 s\u00f6yledi. B\u00f6cek, &#8220;\u0130lk etapta bin 130 otob\u00fcs i\u00e7in de\u011ferlendirme yapaca\u011f\u0131z. Ayr\u0131ca taksilerde panik butonu ve kamera sistemi gibi g\u00fcvenlik \u00f6nlemleri al\u0131nacak&#8221; ifadelerini kulland\u0131. Trafikte yeni d\u00fczenlemeler ve t\u00fcnel projesi Trafik sorununa y\u00f6nelik \u00e7\u00f6z\u00fcm \u00f6nerileri aras\u0131nda t\u00fcp ge\u00e7it projelerinin de yer ald\u0131\u011f\u0131n\u0131 belirten B\u00f6cek, &#8220;TRT Caddesi&#8217;nde \u00fcniversiteyi b\u00f6lmeden alttan ge\u00e7i\u015f sa\u011flayacak bir t\u00fcp ge\u00e7it in\u015fa edece\u011fiz. Siteler Mahallesi ve Uncal\u0131 b\u00f6lgesi i\u00e7in b\u00fcy\u00fck bir rahatlama olacak&#8221; dedi. EDS May\u0131s&#8217;ta devreye girecek Elektronik Denetleme Sistemi (EDS) ile ilgili de bilgi veren Ba\u015fkan B\u00f6cek, y\u00fcklenici firma ile yap\u0131lan g\u00f6r\u00fc\u015fmeler sonucunda i\u015f takviminin sekiz hafta uzat\u0131ld\u0131\u011f\u0131n\u0131 a\u00e7\u0131klad\u0131. 10 \u015eubat&#8217;ta ba\u015flat\u0131lan \u00e7al\u0131\u015fmalar\u0131n May\u0131s ay\u0131n\u0131n ba\u015f\u0131nda &hellip;<\/p>","protected":false},"author":4,"featured_media":33398,"comment_status":"open","ping_status":"open","sticky":false,"template":"","format":"standard","meta":{"_acf_changed":false,"footnotes":""},"categories":[26],"tags":[],"class_list":["post-33397","post","type-post","status-publish","format-standard","has-post-thumbnail","hentry","category-antalya"],"acf":[],"yoast_head":"<!-- This site is optimized with the Yoast SEO Premium plugin v26.6 (Yoast SEO v27.1.1) - https:\/\/yoast.com\/product\/yoast-seo-premium-wordpress\/ -->\n<title>Ba\u015fkan B\u00f6cek&#039;ten teleferik a\u00e7\u0131klamas\u0131 - Av. Deniz Can K\u0131z\u0131l<\/title>\n<meta name=\"robots\" content=\"index, follow, max-snippet:-1, max-image-preview:large, max-video-preview:-1\" \/>\n<link rel=\"canonical\" href=\"https:\/\/denizcankizil.tr\/uk\/haberler\/antalya\/baskan-bocekten-teleferik-aciklamasi\/\" \/>\n<meta property=\"og:locale\" content=\"uk_UA\" \/>\n<meta property=\"og:type\" content=\"article\" \/>\n<meta property=\"og:title\" content=\"Ba\u015fkan B\u00f6cek&#039;ten teleferik a\u00e7\u0131klamas\u0131\" \/>\n<meta property=\"og:description\" content=\"Ula\u015f\u0131mda b\u00fcy\u00fck de\u011fi\u015fiklikler yolda Antalya&#8217;n\u0131n en b\u00fcy\u00fck sorunlar\u0131n\u0131n ba\u015f\u0131nda i\u015fsizlik ve ula\u015f\u0131m\u0131n geldi\u011fini ifade eden Ba\u015fkan B\u00f6cek, kentteki n\u00fcfus art\u0131\u015f\u0131na dikkat \u00e7ekti. Son alt\u0131 y\u0131lda Antalya n\u00fcfusunun 210 bin 104 ki\u015fi artt\u0131\u011f\u0131n\u0131 belirten B\u00f6cek, ara\u00e7 say\u0131s\u0131n\u0131n da 501 bin y\u00fckseldi\u011fini s\u00f6yledi. Trafi\u011fi rahatlatmak i\u00e7in 148 ak\u0131ll\u0131 kav\u015fak in\u015fa ettiklerini dile getiren B\u00f6cek, &#8220;Kemer ve Lara y\u00f6nlerinde \u015ferit say\u0131s\u0131n\u0131 art\u0131rd\u0131k. Ayr\u0131ca 2028 y\u0131l\u0131nda tamamlanacak olan 4. Hafif Rayl\u0131 Sistem projemiz devam ediyor. 5. etap projeleri i\u00e7in Cumhurba\u015fkanl\u0131\u011f\u0131&#8217;ndan izin al\u0131nd\u0131, 6. etap i\u00e7in D\u00f6\u015femealt\u0131&#8217;nda \u00e7al\u0131\u015fmalar y\u00fcr\u00fct\u00fcyoruz&#8221; dedi. Toplu ta\u015f\u0131maya y\u00f6nelik projeler hakk\u0131nda da konu\u015fan Ba\u015fkan B\u00f6cek, otob\u00fcs filosunda ciddi bir yenileme yap\u0131laca\u011f\u0131n\u0131 s\u00f6yledi. B\u00f6cek, &#8220;\u0130lk etapta bin 130 otob\u00fcs i\u00e7in de\u011ferlendirme yapaca\u011f\u0131z. Ayr\u0131ca taksilerde panik butonu ve kamera sistemi gibi g\u00fcvenlik \u00f6nlemleri al\u0131nacak&#8221; ifadelerini kulland\u0131. Trafikte yeni d\u00fczenlemeler ve t\u00fcnel projesi Trafik sorununa y\u00f6nelik \u00e7\u00f6z\u00fcm \u00f6nerileri aras\u0131nda t\u00fcp ge\u00e7it projelerinin de yer ald\u0131\u011f\u0131n\u0131 belirten B\u00f6cek, &#8220;TRT Caddesi&#8217;nde \u00fcniversiteyi b\u00f6lmeden alttan ge\u00e7i\u015f sa\u011flayacak bir t\u00fcp ge\u00e7it in\u015fa edece\u011fiz. Siteler Mahallesi ve Uncal\u0131 b\u00f6lgesi i\u00e7in b\u00fcy\u00fck bir rahatlama olacak&#8221; dedi. EDS May\u0131s&#8217;ta devreye girecek Elektronik Denetleme Sistemi (EDS) ile ilgili de bilgi veren Ba\u015fkan B\u00f6cek, y\u00fcklenici firma ile yap\u0131lan g\u00f6r\u00fc\u015fmeler sonucunda i\u015f takviminin sekiz hafta uzat\u0131ld\u0131\u011f\u0131n\u0131 a\u00e7\u0131klad\u0131. 10 \u015eubat&#8217;ta ba\u015flat\u0131lan \u00e7al\u0131\u015fmalar\u0131n May\u0131s ay\u0131n\u0131n ba\u015f\u0131nda &hellip;\" \/>\n<meta property=\"og:url\" content=\"https:\/\/denizcankizil.tr\/uk\/haberler\/antalya\/baskan-bocekten-teleferik-aciklamasi\/\" \/>\n<meta property=\"og:site_name\" content=\"Av. Deniz Can K\u0131z\u0131l\" \/>\n<meta property=\"article:published_time\" content=\"2025-02-18T15:41:38+00:00\" \/>\n<meta property=\"og:image\" content=\"https:\/\/denizcankizil.tr\/wp-content\/uploads\/2025\/02\/5032-01-BT0oJa.jpeg\" \/>\n\t<meta property=\"og:image:width\" content=\"1280\" \/>\n\t<meta property=\"og:image:height\" content=\"720\" \/>\n\t<meta property=\"og:image:type\" content=\"image\/jpeg\" \/>\n<meta name=\"author\" content=\"Av. Deniz Can K\u0131z\u0131l\" \/>\n<meta name=\"twitter:card\" content=\"summary_large_image\" \/>\n<meta name=\"twitter:label1\" content=\"\u041d\u0430\u043f\u0438\u0441\u0430\u043d\u043e\" \/>\n\t<meta name=\"twitter:data1\" content=\"Av. Deniz Can K\u0131z\u0131l\" \/>\n\t<meta name=\"twitter:label2\" content=\"\u041f\u0440\u0438\u0431\u043b. \u0447\u0430\u0441 \u0447\u0438\u0442\u0430\u043d\u043d\u044f\" \/>\n\t<meta name=\"twitter:data2\" content=\"5 \u0445\u0432\u0438\u043b\u0438\u043d\" \/>\n<script type=\"application\/ld+json\" class=\"yoast-schema-graph\">{\"@context\":\"https:\/\/schema.org\",\"@graph\":[{\"@type\":\"Article\",\"@id\":\"https:\/\/denizcankizil.tr\/uk\/haberler\/antalya\/baskan-bocekten-teleferik-aciklamasi\/#article\",\"isPartOf\":{\"@id\":\"https:\/\/denizcankizil.tr\/uk\/haberler\/antalya\/baskan-bocekten-teleferik-aciklamasi\/\"},\"author\":{\"name\":\"Av. Deniz Can K\u0131z\u0131l\",\"@id\":\"https:\/\/denizcankizil.tr\/de\/#\/schema\/person\/5dc1b22991bd7ac833867c10afc9b0ff\"},\"headline\":\"Ba\u015fkan B\u00f6cek&#8217;ten teleferik a\u00e7\u0131klamas\u0131\",\"datePublished\":\"2025-02-18T15:41:38+00:00\",\"mainEntityOfPage\":{\"@id\":\"https:\/\/denizcankizil.tr\/uk\/haberler\/antalya\/baskan-bocekten-teleferik-aciklamasi\/\"},\"wordCount\":1076,\"commentCount\":0,\"publisher\":{\"@id\":\"https:\/\/denizcankizil.tr\/de\/#organization\"},\"image\":{\"@id\":\"https:\/\/denizcankizil.tr\/uk\/haberler\/antalya\/baskan-bocekten-teleferik-aciklamasi\/#primaryimage\"},\"thumbnailUrl\":\"https:\/\/denizcankizil.tr\/wp-content\/uploads\/2025\/02\/5032-01-BT0oJa.jpeg\",\"articleSection\":[\"Antalya\"],\"inLanguage\":\"uk\",\"potentialAction\":[{\"@type\":\"CommentAction\",\"name\":\"Comment\",\"target\":[\"https:\/\/denizcankizil.tr\/uk\/haberler\/antalya\/baskan-bocekten-teleferik-aciklamasi\/#respond\"]}]},{\"@type\":\"WebPage\",\"@id\":\"https:\/\/denizcankizil.tr\/uk\/haberler\/antalya\/baskan-bocekten-teleferik-aciklamasi\/\",\"url\":\"https:\/\/denizcankizil.tr\/uk\/haberler\/antalya\/baskan-bocekten-teleferik-aciklamasi\/\",\"name\":\"Ba\u015fkan B\u00f6cek'ten teleferik a\u00e7\u0131klamas\u0131 - Av. Deniz Can K\u0131z\u0131l\",\"isPartOf\":{\"@id\":\"https:\/\/denizcankizil.tr\/de\/#website\"},\"primaryImageOfPage\":{\"@id\":\"https:\/\/denizcankizil.tr\/uk\/haberler\/antalya\/baskan-bocekten-teleferik-aciklamasi\/#primaryimage\"},\"image\":{\"@id\":\"https:\/\/denizcankizil.tr\/uk\/haberler\/antalya\/baskan-bocekten-teleferik-aciklamasi\/#primaryimage\"},\"thumbnailUrl\":\"https:\/\/denizcankizil.tr\/wp-content\/uploads\/2025\/02\/5032-01-BT0oJa.jpeg\",\"datePublished\":\"2025-02-18T15:41:38+00:00\",\"breadcrumb\":{\"@id\":\"https:\/\/denizcankizil.tr\/uk\/haberler\/antalya\/baskan-bocekten-teleferik-aciklamasi\/#breadcrumb\"},\"inLanguage\":\"uk\",\"potentialAction\":[{\"@type\":\"ReadAction\",\"target\":[\"https:\/\/denizcankizil.tr\/uk\/haberler\/antalya\/baskan-bocekten-teleferik-aciklamasi\/\"]}]},{\"@type\":\"ImageObject\",\"inLanguage\":\"uk\",\"@id\":\"https:\/\/denizcankizil.tr\/uk\/haberler\/antalya\/baskan-bocekten-teleferik-aciklamasi\/#primaryimage\",\"url\":\"https:\/\/denizcankizil.tr\/wp-content\/uploads\/2025\/02\/5032-01-BT0oJa.jpeg\",\"contentUrl\":\"https:\/\/denizcankizil.tr\/wp-content\/uploads\/2025\/02\/5032-01-BT0oJa.jpeg\",\"width\":1280,\"height\":720},{\"@type\":\"BreadcrumbList\",\"@id\":\"https:\/\/denizcankizil.tr\/uk\/haberler\/antalya\/baskan-bocekten-teleferik-aciklamasi\/#breadcrumb\",\"itemListElement\":[{\"@type\":\"ListItem\",\"position\":1,\"name\":\"Home\",\"item\":\"https:\/\/denizcankizil.tr\/de\/\"},{\"@type\":\"ListItem\",\"position\":2,\"name\":\"Ba\u015fkan B\u00f6cek&#8217;ten teleferik a\u00e7\u0131klamas\u0131\"}]},{\"@type\":\"WebSite\",\"@id\":\"https:\/\/denizcankizil.tr\/de\/#website\",\"url\":\"https:\/\/denizcankizil.tr\/de\/\",\"name\":\"Av. Deniz Can K\u0131z\u0131l\",\"description\":\"Avukat Deniz Can K\u0131z\u0131l Antalya Barosu\",\"publisher\":{\"@id\":\"https:\/\/denizcankizil.tr\/de\/#organization\"},\"potentialAction\":[{\"@type\":\"SearchAction\",\"target\":{\"@type\":\"EntryPoint\",\"urlTemplate\":\"https:\/\/denizcankizil.tr\/de\/?s={search_term_string}\"},\"query-input\":{\"@type\":\"PropertyValueSpecification\",\"valueRequired\":true,\"valueName\":\"search_term_string\"}}],\"inLanguage\":\"uk\"},{\"@type\":\"Organization\",\"@id\":\"https:\/\/denizcankizil.tr\/de\/#organization\",\"name\":\"Av. Deniz Can K\u0131z\u0131l\",\"url\":\"https:\/\/denizcankizil.tr\/de\/\",\"logo\":{\"@type\":\"ImageObject\",\"inLanguage\":\"uk\",\"@id\":\"https:\/\/denizcankizil.tr\/de\/#\/schema\/logo\/image\/\",\"url\":\"https:\/\/denizcankizil.tr\/wp-content\/uploads\/2024\/10\/siyah-logo-svg.svg\",\"contentUrl\":\"https:\/\/denizcankizil.tr\/wp-content\/uploads\/2024\/10\/siyah-logo-svg.svg\",\"width\":1080,\"height\":1080,\"caption\":\"Av. Deniz Can K\u0131z\u0131l\"},\"image\":{\"@id\":\"https:\/\/denizcankizil.tr\/de\/#\/schema\/logo\/image\/\"}},{\"@type\":\"Person\",\"@id\":\"https:\/\/denizcankizil.tr\/de\/#\/schema\/person\/5dc1b22991bd7ac833867c10afc9b0ff\",\"name\":\"Av. Deniz Can K\u0131z\u0131l\",\"image\":{\"@type\":\"ImageObject\",\"inLanguage\":\"uk\",\"@id\":\"https:\/\/denizcankizil.tr\/de\/#\/schema\/person\/image\/\",\"url\":\"https:\/\/secure.gravatar.com\/avatar\/a0b128fb9855c79efc976d5640eedb31dc35ec297594d6016d2cf7c60e975bb6?s=96&d=mm&r=g\",\"contentUrl\":\"https:\/\/secure.gravatar.com\/avatar\/a0b128fb9855c79efc976d5640eedb31dc35ec297594d6016d2cf7c60e975bb6?s=96&d=mm&r=g\",\"caption\":\"Av. Deniz Can K\u0131z\u0131l\"},\"sameAs\":[\"http:\/\/www.denizcankizil.tr\"],\"url\":\"https:\/\/denizcankizil.tr\/uk\/author\/denizcankizil\/\"}]}<\/script>\n<!-- \/ Yoast SEO Premium plugin. -->","yoast_head_json":{"title":"Ba\u015fkan B\u00f6cek'ten teleferik a\u00e7\u0131klamas\u0131 - Av. Deniz Can K\u0131z\u0131l","robots":{"index":"index","follow":"follow","max-snippet":"max-snippet:-1","max-image-preview":"max-image-preview:large","max-video-preview":"max-video-preview:-1"},"canonical":"https:\/\/denizcankizil.tr\/uk\/haberler\/antalya\/baskan-bocekten-teleferik-aciklamasi\/","og_locale":"uk_UA","og_type":"article","og_title":"Ba\u015fkan B\u00f6cek'ten teleferik a\u00e7\u0131klamas\u0131","og_description":"Ula\u015f\u0131mda b\u00fcy\u00fck de\u011fi\u015fiklikler yolda Antalya&#8217;n\u0131n en b\u00fcy\u00fck sorunlar\u0131n\u0131n ba\u015f\u0131nda i\u015fsizlik ve ula\u015f\u0131m\u0131n geldi\u011fini ifade eden Ba\u015fkan B\u00f6cek, kentteki n\u00fcfus art\u0131\u015f\u0131na dikkat \u00e7ekti. Son alt\u0131 y\u0131lda Antalya n\u00fcfusunun 210 bin 104 ki\u015fi artt\u0131\u011f\u0131n\u0131 belirten B\u00f6cek, ara\u00e7 say\u0131s\u0131n\u0131n da 501 bin y\u00fckseldi\u011fini s\u00f6yledi. Trafi\u011fi rahatlatmak i\u00e7in 148 ak\u0131ll\u0131 kav\u015fak in\u015fa ettiklerini dile getiren B\u00f6cek, &#8220;Kemer ve Lara y\u00f6nlerinde \u015ferit say\u0131s\u0131n\u0131 art\u0131rd\u0131k. Ayr\u0131ca 2028 y\u0131l\u0131nda tamamlanacak olan 4. Hafif Rayl\u0131 Sistem projemiz devam ediyor. 5. etap projeleri i\u00e7in Cumhurba\u015fkanl\u0131\u011f\u0131&#8217;ndan izin al\u0131nd\u0131, 6. etap i\u00e7in D\u00f6\u015femealt\u0131&#8217;nda \u00e7al\u0131\u015fmalar y\u00fcr\u00fct\u00fcyoruz&#8221; dedi. Toplu ta\u015f\u0131maya y\u00f6nelik projeler hakk\u0131nda da konu\u015fan Ba\u015fkan B\u00f6cek, otob\u00fcs filosunda ciddi bir yenileme yap\u0131laca\u011f\u0131n\u0131 s\u00f6yledi. B\u00f6cek, &#8220;\u0130lk etapta bin 130 otob\u00fcs i\u00e7in de\u011ferlendirme yapaca\u011f\u0131z. Ayr\u0131ca taksilerde panik butonu ve kamera sistemi gibi g\u00fcvenlik \u00f6nlemleri al\u0131nacak&#8221; ifadelerini kulland\u0131. Trafikte yeni d\u00fczenlemeler ve t\u00fcnel projesi Trafik sorununa y\u00f6nelik \u00e7\u00f6z\u00fcm \u00f6nerileri aras\u0131nda t\u00fcp ge\u00e7it projelerinin de yer ald\u0131\u011f\u0131n\u0131 belirten B\u00f6cek, &#8220;TRT Caddesi&#8217;nde \u00fcniversiteyi b\u00f6lmeden alttan ge\u00e7i\u015f sa\u011flayacak bir t\u00fcp ge\u00e7it in\u015fa edece\u011fiz. Siteler Mahallesi ve Uncal\u0131 b\u00f6lgesi i\u00e7in b\u00fcy\u00fck bir rahatlama olacak&#8221; dedi. EDS May\u0131s&#8217;ta devreye girecek Elektronik Denetleme Sistemi (EDS) ile ilgili de bilgi veren Ba\u015fkan B\u00f6cek, y\u00fcklenici firma ile yap\u0131lan g\u00f6r\u00fc\u015fmeler sonucunda i\u015f takviminin sekiz hafta uzat\u0131ld\u0131\u011f\u0131n\u0131 a\u00e7\u0131klad\u0131. 10 \u015eubat&#8217;ta ba\u015flat\u0131lan \u00e7al\u0131\u015fmalar\u0131n May\u0131s ay\u0131n\u0131n ba\u015f\u0131nda &hellip;","og_url":"https:\/\/denizcankizil.tr\/uk\/haberler\/antalya\/baskan-bocekten-teleferik-aciklamasi\/","og_site_name":"Av. Deniz Can K\u0131z\u0131l","article_published_time":"2025-02-18T15:41:38+00:00","og_image":[{"width":1280,"height":720,"url":"https:\/\/denizcankizil.tr\/wp-content\/uploads\/2025\/02\/5032-01-BT0oJa.jpeg","type":"image\/jpeg"}],"author":"Av. Deniz Can K\u0131z\u0131l","twitter_card":"summary_large_image","twitter_misc":{"\u041d\u0430\u043f\u0438\u0441\u0430\u043d\u043e":"Av. Deniz Can K\u0131z\u0131l","\u041f\u0440\u0438\u0431\u043b. \u0447\u0430\u0441 \u0447\u0438\u0442\u0430\u043d\u043d\u044f":"5 \u0445\u0432\u0438\u043b\u0438\u043d"},"schema":{"@context":"https:\/\/schema.org","@graph":[{"@type":"Article","@id":"https:\/\/denizcankizil.tr\/uk\/haberler\/antalya\/baskan-bocekten-teleferik-aciklamasi\/#article","isPartOf":{"@id":"https:\/\/denizcankizil.tr\/uk\/haberler\/antalya\/baskan-bocekten-teleferik-aciklamasi\/"},"author":{"name":"Av. Deniz Can K\u0131z\u0131l","@id":"https:\/\/denizcankizil.tr\/de\/#\/schema\/person\/5dc1b22991bd7ac833867c10afc9b0ff"},"headline":"Ba\u015fkan B\u00f6cek&#8217;ten teleferik a\u00e7\u0131klamas\u0131","datePublished":"2025-02-18T15:41:38+00:00","mainEntityOfPage":{"@id":"https:\/\/denizcankizil.tr\/uk\/haberler\/antalya\/baskan-bocekten-teleferik-aciklamasi\/"},"wordCount":1076,"commentCount":0,"publisher":{"@id":"https:\/\/denizcankizil.tr\/de\/#organization"},"image":{"@id":"https:\/\/denizcankizil.tr\/uk\/haberler\/antalya\/baskan-bocekten-teleferik-aciklamasi\/#primaryimage"},"thumbnailUrl":"https:\/\/denizcankizil.tr\/wp-content\/uploads\/2025\/02\/5032-01-BT0oJa.jpeg","articleSection":["Antalya"],"inLanguage":"uk","potentialAction":[{"@type":"CommentAction","name":"Comment","target":["https:\/\/denizcankizil.tr\/uk\/haberler\/antalya\/baskan-bocekten-teleferik-aciklamasi\/#respond"]}]},{"@type":"WebPage","@id":"https:\/\/denizcankizil.tr\/uk\/haberler\/antalya\/baskan-bocekten-teleferik-aciklamasi\/","url":"https:\/\/denizcankizil.tr\/uk\/haberler\/antalya\/baskan-bocekten-teleferik-aciklamasi\/","name":"Ba\u015fkan B\u00f6cek'ten teleferik a\u00e7\u0131klamas\u0131 - Av. Deniz Can K\u0131z\u0131l","isPartOf":{"@id":"https:\/\/denizcankizil.tr\/de\/#website"},"primaryImageOfPage":{"@id":"https:\/\/denizcankizil.tr\/uk\/haberler\/antalya\/baskan-bocekten-teleferik-aciklamasi\/#primaryimage"},"image":{"@id":"https:\/\/denizcankizil.tr\/uk\/haberler\/antalya\/baskan-bocekten-teleferik-aciklamasi\/#primaryimage"},"thumbnailUrl":"https:\/\/denizcankizil.tr\/wp-content\/uploads\/2025\/02\/5032-01-BT0oJa.jpeg","datePublished":"2025-02-18T15:41:38+00:00","breadcrumb":{"@id":"https:\/\/denizcankizil.tr\/uk\/haberler\/antalya\/baskan-bocekten-teleferik-aciklamasi\/#breadcrumb"},"inLanguage":"uk","potentialAction":[{"@type":"ReadAction","target":["https:\/\/denizcankizil.tr\/uk\/haberler\/antalya\/baskan-bocekten-teleferik-aciklamasi\/"]}]},{"@type":"ImageObject","inLanguage":"uk","@id":"https:\/\/denizcankizil.tr\/uk\/haberler\/antalya\/baskan-bocekten-teleferik-aciklamasi\/#primaryimage","url":"https:\/\/denizcankizil.tr\/wp-content\/uploads\/2025\/02\/5032-01-BT0oJa.jpeg","contentUrl":"https:\/\/denizcankizil.tr\/wp-content\/uploads\/2025\/02\/5032-01-BT0oJa.jpeg","width":1280,"height":720},{"@type":"BreadcrumbList","@id":"https:\/\/denizcankizil.tr\/uk\/haberler\/antalya\/baskan-bocekten-teleferik-aciklamasi\/#breadcrumb","itemListElement":[{"@type":"ListItem","position":1,"name":"Home","item":"https:\/\/denizcankizil.tr\/de\/"},{"@type":"ListItem","position":2,"name":"Ba\u015fkan B\u00f6cek&#8217;ten teleferik a\u00e7\u0131klamas\u0131"}]},{"@type":"WebSite","@id":"https:\/\/denizcankizil.tr\/de\/#website","url":"https:\/\/denizcankizil.tr\/de\/","name":"Av. Deniz Can K\u0131z\u0131l","description":"Avukat Deniz Can K\u0131z\u0131l Antalya Barosu","publisher":{"@id":"https:\/\/denizcankizil.tr\/de\/#organization"},"potentialAction":[{"@type":"SearchAction","target":{"@type":"EntryPoint","urlTemplate":"https:\/\/denizcankizil.tr\/de\/?s={search_term_string}"},"query-input":{"@type":"PropertyValueSpecification","valueRequired":true,"valueName":"search_term_string"}}],"inLanguage":"uk"},{"@type":"Organization","@id":"https:\/\/denizcankizil.tr\/de\/#organization","name":"Av. Deniz Can K\u0131z\u0131l","url":"https:\/\/denizcankizil.tr\/de\/","logo":{"@type":"ImageObject","inLanguage":"uk","@id":"https:\/\/denizcankizil.tr\/de\/#\/schema\/logo\/image\/","url":"https:\/\/denizcankizil.tr\/wp-content\/uploads\/2024\/10\/siyah-logo-svg.svg","contentUrl":"https:\/\/denizcankizil.tr\/wp-content\/uploads\/2024\/10\/siyah-logo-svg.svg","width":1080,"height":1080,"caption":"Av. Deniz Can K\u0131z\u0131l"},"image":{"@id":"https:\/\/denizcankizil.tr\/de\/#\/schema\/logo\/image\/"}},{"@type":"Person","@id":"https:\/\/denizcankizil.tr\/de\/#\/schema\/person\/5dc1b22991bd7ac833867c10afc9b0ff","name":"Av. Deniz Can K\u0131z\u0131l","image":{"@type":"ImageObject","inLanguage":"uk","@id":"https:\/\/denizcankizil.tr\/de\/#\/schema\/person\/image\/","url":"https:\/\/secure.gravatar.com\/avatar\/a0b128fb9855c79efc976d5640eedb31dc35ec297594d6016d2cf7c60e975bb6?s=96&d=mm&r=g","contentUrl":"https:\/\/secure.gravatar.com\/avatar\/a0b128fb9855c79efc976d5640eedb31dc35ec297594d6016d2cf7c60e975bb6?s=96&d=mm&r=g","caption":"Av. Deniz Can K\u0131z\u0131l"},"sameAs":["http:\/\/www.denizcankizil.tr"],"url":"https:\/\/denizcankizil.tr\/uk\/author\/denizcankizil\/"}]}},"_links":{"self":[{"href":"https:\/\/denizcankizil.tr\/uk\/wp-json\/wp\/v2\/posts\/33397","targetHints":{"allow":["GET"]}}],"collection":[{"href":"https:\/\/denizcankizil.tr\/uk\/wp-json\/wp\/v2\/posts"}],"about":[{"href":"https:\/\/denizcankizil.tr\/uk\/wp-json\/wp\/v2\/types\/post"}],"author":[{"embeddable":true,"href":"https:\/\/denizcankizil.tr\/uk\/wp-json\/wp\/v2\/users\/4"}],"replies":[{"embeddable":true,"href":"https:\/\/denizcankizil.tr\/uk\/wp-json\/wp\/v2\/comments?post=33397"}],"version-history":[{"count":0,"href":"https:\/\/denizcankizil.tr\/uk\/wp-json\/wp\/v2\/posts\/33397\/revisions"}],"wp:featuredmedia":[{"embeddable":true,"href":"https:\/\/denizcankizil.tr\/uk\/wp-json\/wp\/v2\/media\/33398"}],"wp:attachment":[{"href":"https:\/\/denizcankizil.tr\/uk\/wp-json\/wp\/v2\/media?parent=33397"}],"wp:term":[{"taxonomy":"category","embeddable":true,"href":"https:\/\/denizcankizil.tr\/uk\/wp-json\/wp\/v2\/categories?post=33397"},{"taxonomy":"post_tag","embeddable":true,"href":"https:\/\/denizcankizil.tr\/uk\/wp-json\/wp\/v2\/tags?post=33397"}],"curies":[{"name":"wp","href":"https:\/\/api.w.org\/{rel}","templated":true}]}}