{"id":33356,"date":"2025-02-18T13:42:08","date_gmt":"2025-02-18T10:42:08","guid":{"rendered":"https:\/\/denizcankizil.tr\/uncategorized-tr\/baskan-bocekten-kadinlara-mujde-yenilenmis-haliyle-hizmet-verecek\/"},"modified":"2025-02-18T13:42:08","modified_gmt":"2025-02-18T10:42:08","slug":"baskan-bocekten-kadinlara-mujde-yenilenmis-haliyle-hizmet-verecek","status":"publish","type":"post","link":"https:\/\/denizcankizil.tr\/uk\/haberler\/gundem\/baskan-bocekten-kadinlara-mujde-yenilenmis-haliyle-hizmet-verecek\/","title":{"rendered":"Ba\u015fkan B\u00f6cek\u2019ten kad\u0131nlara m\u00fcjde: Yenilenmi\u015f haliyle hizmet verecek!"},"content":{"rendered":"<p>Antalya Orman B\u00f6lge M\u00fcd\u00fcrl\u00fc\u011f\u00fc&#8217;ne ba\u011fl\u0131 Konyaalt\u0131 Orman \u0130\u015fletme M\u00fcd\u00fcrl\u00fc\u011f\u00fc&#8217;nce 17 May\u0131s tarihindeki Sar\u0131su Konaklamas\u0131z Orman Park\u0131n\u0131n i\u015fletme hakk\u0131n\u0131n 20 y\u0131ll\u0131\u011f\u0131na kiraya verilmesi ihalesine tek kat\u0131lan Antalya B\u00fcy\u00fck\u015fehir Belediyesi, y\u0131ll\u0131k 12 milyon 400 bin TL bedelle ihaleyi kazand\u0131. Ancak Konyaalt\u0131 Orman \u0130\u015fletme M\u00fcd\u00fcrl\u00fc\u011f\u00fc&#8217;nden B\u00fcy\u00fck\u015fehir Belediyesi&#8217;ne g\u00f6nderilen resmi yaz\u0131da, ihalenin iptal edildi\u011fi bildirildi. \u0130ptal yaz\u0131s\u0131nda, ihalede muhammen bedel \u00fczerinde fiyat teklif edilmi\u015f ise de amac\u0131n azami gelir elde etmek oldu\u011fu, tek isteklinin kat\u0131l\u0131m\u0131, yeterli rekabetin sa\u011flanmamas\u0131 gibi gerek\u00e7eler g\u00f6sterildi. Antalya B\u00fcy\u00fck\u015fehir belediyesi konuyu hem yarg\u0131ya ta\u015f\u0131d\u0131 hem de devam\u0131nda yap\u0131lan ihaleye yeniden kat\u0131ld\u0131.\u00a0<\/p>\n<p>KADINLARA M\u00dcJDE<\/p>\n<p>Tar\u0131m ve Orman Bakanl\u0131\u011f\u0131 taraf\u0131ndan 2 A\u011fustos&#8217;ta yeniden ihale edildi. Resmi Gazete&#8217;de yay\u0131nlanan ihale ilan\u0131na g\u00f6re 2 k\u0131r kahvesi, 2 k\u0131r lokantas\u0131, 3 spor tesisi, destek binas\u0131, 12 b\u00fcfe+g\u00f6lgelik, Giri\u015f Kontrol \u00dcnitesi konaklamas\u0131z olarak 20 y\u0131ll\u0131\u011f\u0131na kiraya verildi. Sar\u0131su Mesire Alan\u0131&#8217;n\u0131n 2 A\u011fustos&#8217;taki kiralama ihalesi kapal\u0131 teklif y\u00f6ntemiyle yap\u0131ld\u0131. Antalya B\u00fcy\u00fck\u015fehir Belediyesi, 24 milyon 770 bin lira kira bedeli ile ihaleyi yeniden kazanan taraf oldu. Ba\u015fkan Muhittin B\u00f6cek Sar\u0131su mesire alan\u0131n\u0131n gelece\u011fi hakk\u0131nda a\u00e7\u0131klamalarda bulundu. Ba\u015fkan B\u00f6cek, \u201cBundan 6 ay \u00f6nce bir ihale yap\u0131ld\u0131. Biz de b\u00fcy\u00fck\u015fehir olarak bu ihaleyi kazand\u0131k. \u0130hale iptal edildi, 2-3 ay sonra yine ihaleyi kazand\u0131k. 2 ay ge\u00e7ti yine onaylanmad\u0131. Say\u0131n bakanla g\u00f6r\u00fc\u015fmek istedim. 3 g\u00fcn sonra onayland\u0131 dediler. B\u00f6lgeye \u00e7ok g\u00fczel bir proje haz\u0131rl\u0131yoruz. Daha \u00f6nce kapand\u0131 denilen kad\u0131nlar plaj\u0131 da kapat\u0131lmad\u0131. Plaj kad\u0131nlar\u0131m\u0131za hizmet verecek\u201d dedi.\u00a0<\/p>\n<p>\u00a0<\/p>\n<p>\u200bAntalya Gazeteciler Cemiyeti\u2019nin konu\u011fu olan Antalya B\u00fcy\u00fck\u015fehir Belediye Ba\u015fkan\u0131 Muhittin B\u00f6cek, Sar\u0131su mesire alan\u0131n\u0131n gelece\u011fi hakk\u0131nda a\u00e7\u0131klamalarda bulundu. Kad\u0131nlar plaj\u0131n\u0131n kapat\u0131ld\u0131\u011f\u0131 y\u00f6n\u00fcndeki iddialara cevap veren B\u00f6cek, \u201cB\u00f6lgeye \u00e7ok g\u00fczel bir proje haz\u0131rl\u0131yoruz. Daha \u00f6nce kapand\u0131 denilen kad\u0131nlar plaj\u0131 da kapat\u0131lmad\u0131. Plaj kad\u0131nlar\u0131m\u0131za hizmet verecek\u201d dedi\u00a0<\/p>\n<p>\u200bHaberin Al\u0131nt\u0131land\u0131\u011f\u0131 Kaynak: www.antalyakorfez.com<\/p>","protected":false},"excerpt":{"rendered":"<p>Antalya Orman B\u00f6lge M\u00fcd\u00fcrl\u00fc\u011f\u00fc&#8217;ne ba\u011fl\u0131 Konyaalt\u0131 Orman \u0130\u015fletme M\u00fcd\u00fcrl\u00fc\u011f\u00fc&#8217;nce 17 May\u0131s tarihindeki Sar\u0131su Konaklamas\u0131z Orman Park\u0131n\u0131n i\u015fletme hakk\u0131n\u0131n 20 y\u0131ll\u0131\u011f\u0131na kiraya verilmesi ihalesine tek kat\u0131lan Antalya B\u00fcy\u00fck\u015fehir Belediyesi, y\u0131ll\u0131k 12 milyon 400 bin TL bedelle ihaleyi kazand\u0131. Ancak Konyaalt\u0131 Orman \u0130\u015fletme M\u00fcd\u00fcrl\u00fc\u011f\u00fc&#8217;nden B\u00fcy\u00fck\u015fehir Belediyesi&#8217;ne g\u00f6nderilen resmi yaz\u0131da, ihalenin iptal edildi\u011fi bildirildi. \u0130ptal yaz\u0131s\u0131nda, ihalede muhammen bedel \u00fczerinde fiyat teklif edilmi\u015f ise de amac\u0131n azami gelir elde etmek oldu\u011fu, tek isteklinin kat\u0131l\u0131m\u0131, yeterli rekabetin sa\u011flanmamas\u0131 gibi gerek\u00e7eler g\u00f6sterildi. Antalya B\u00fcy\u00fck\u015fehir belediyesi konuyu hem yarg\u0131ya ta\u015f\u0131d\u0131 hem de devam\u0131nda yap\u0131lan ihaleye yeniden kat\u0131ld\u0131.\u00a0 KADINLARA M\u00dcJDE Tar\u0131m ve Orman Bakanl\u0131\u011f\u0131 taraf\u0131ndan 2 A\u011fustos&#8217;ta yeniden ihale edildi. Resmi Gazete&#8217;de yay\u0131nlanan ihale ilan\u0131na g\u00f6re 2 k\u0131r kahvesi, 2 k\u0131r lokantas\u0131, 3 spor tesisi, destek binas\u0131, 12 b\u00fcfe+g\u00f6lgelik, Giri\u015f Kontrol \u00dcnitesi konaklamas\u0131z olarak 20 y\u0131ll\u0131\u011f\u0131na kiraya verildi. Sar\u0131su Mesire Alan\u0131&#8217;n\u0131n 2 A\u011fustos&#8217;taki kiralama ihalesi kapal\u0131 teklif y\u00f6ntemiyle yap\u0131ld\u0131. Antalya B\u00fcy\u00fck\u015fehir Belediyesi, 24 milyon 770 bin lira kira bedeli ile ihaleyi yeniden kazanan taraf oldu. Ba\u015fkan Muhittin B\u00f6cek Sar\u0131su mesire alan\u0131n\u0131n gelece\u011fi hakk\u0131nda a\u00e7\u0131klamalarda bulundu. Ba\u015fkan B\u00f6cek, \u201cBundan 6 ay \u00f6nce bir ihale yap\u0131ld\u0131. Biz de b\u00fcy\u00fck\u015fehir olarak bu ihaleyi kazand\u0131k. \u0130hale iptal edildi, 2-3 ay sonra yine ihaleyi kazand\u0131k. 2 ay ge\u00e7ti yine onaylanmad\u0131. Say\u0131n bakanla &hellip;<\/p>","protected":false},"author":5,"featured_media":0,"comment_status":"open","ping_status":"open","sticky":false,"template":"","format":"standard","meta":{"_acf_changed":false,"footnotes":""},"categories":[24],"tags":[],"class_list":["post-33356","post","type-post","status-publish","format-standard","has-post-thumbnail","hentry","category-gundem"],"acf":[],"yoast_head":"<!-- This site is optimized with the Yoast SEO Premium plugin v26.6 (Yoast SEO v27.1.1) - https:\/\/yoast.com\/product\/yoast-seo-premium-wordpress\/ -->\n<title>Ba\u015fkan B\u00f6cek\u2019ten kad\u0131nlara m\u00fcjde: Yenilenmi\u015f haliyle hizmet verecek! - Av. Deniz Can K\u0131z\u0131l<\/title>\n<meta name=\"robots\" content=\"index, follow, max-snippet:-1, max-image-preview:large, max-video-preview:-1\" \/>\n<link rel=\"canonical\" href=\"https:\/\/denizcankizil.tr\/uk\/haberler\/gundem\/baskan-bocekten-kadinlara-mujde-yenilenmis-haliyle-hizmet-verecek\/\" \/>\n<meta property=\"og:locale\" content=\"uk_UA\" \/>\n<meta property=\"og:type\" content=\"article\" \/>\n<meta property=\"og:title\" content=\"Ba\u015fkan B\u00f6cek\u2019ten kad\u0131nlara m\u00fcjde: Yenilenmi\u015f haliyle hizmet verecek!\" \/>\n<meta property=\"og:description\" content=\"Antalya Orman B\u00f6lge M\u00fcd\u00fcrl\u00fc\u011f\u00fc&#8217;ne ba\u011fl\u0131 Konyaalt\u0131 Orman \u0130\u015fletme M\u00fcd\u00fcrl\u00fc\u011f\u00fc&#8217;nce 17 May\u0131s tarihindeki Sar\u0131su Konaklamas\u0131z Orman Park\u0131n\u0131n i\u015fletme hakk\u0131n\u0131n 20 y\u0131ll\u0131\u011f\u0131na kiraya verilmesi ihalesine tek kat\u0131lan Antalya B\u00fcy\u00fck\u015fehir Belediyesi, y\u0131ll\u0131k 12 milyon 400 bin TL bedelle ihaleyi kazand\u0131. Ancak Konyaalt\u0131 Orman \u0130\u015fletme M\u00fcd\u00fcrl\u00fc\u011f\u00fc&#8217;nden B\u00fcy\u00fck\u015fehir Belediyesi&#8217;ne g\u00f6nderilen resmi yaz\u0131da, ihalenin iptal edildi\u011fi bildirildi. \u0130ptal yaz\u0131s\u0131nda, ihalede muhammen bedel \u00fczerinde fiyat teklif edilmi\u015f ise de amac\u0131n azami gelir elde etmek oldu\u011fu, tek isteklinin kat\u0131l\u0131m\u0131, yeterli rekabetin sa\u011flanmamas\u0131 gibi gerek\u00e7eler g\u00f6sterildi. Antalya B\u00fcy\u00fck\u015fehir belediyesi konuyu hem yarg\u0131ya ta\u015f\u0131d\u0131 hem de devam\u0131nda yap\u0131lan ihaleye yeniden kat\u0131ld\u0131.\u00a0 KADINLARA M\u00dcJDE Tar\u0131m ve Orman Bakanl\u0131\u011f\u0131 taraf\u0131ndan 2 A\u011fustos&#8217;ta yeniden ihale edildi. Resmi Gazete&#8217;de yay\u0131nlanan ihale ilan\u0131na g\u00f6re 2 k\u0131r kahvesi, 2 k\u0131r lokantas\u0131, 3 spor tesisi, destek binas\u0131, 12 b\u00fcfe+g\u00f6lgelik, Giri\u015f Kontrol \u00dcnitesi konaklamas\u0131z olarak 20 y\u0131ll\u0131\u011f\u0131na kiraya verildi. Sar\u0131su Mesire Alan\u0131&#8217;n\u0131n 2 A\u011fustos&#8217;taki kiralama ihalesi kapal\u0131 teklif y\u00f6ntemiyle yap\u0131ld\u0131. Antalya B\u00fcy\u00fck\u015fehir Belediyesi, 24 milyon 770 bin lira kira bedeli ile ihaleyi yeniden kazanan taraf oldu. Ba\u015fkan Muhittin B\u00f6cek Sar\u0131su mesire alan\u0131n\u0131n gelece\u011fi hakk\u0131nda a\u00e7\u0131klamalarda bulundu. Ba\u015fkan B\u00f6cek, \u201cBundan 6 ay \u00f6nce bir ihale yap\u0131ld\u0131. Biz de b\u00fcy\u00fck\u015fehir olarak bu ihaleyi kazand\u0131k. \u0130hale iptal edildi, 2-3 ay sonra yine ihaleyi kazand\u0131k. 2 ay ge\u00e7ti yine onaylanmad\u0131. Say\u0131n bakanla &hellip;\" \/>\n<meta property=\"og:url\" content=\"https:\/\/denizcankizil.tr\/uk\/haberler\/gundem\/baskan-bocekten-kadinlara-mujde-yenilenmis-haliyle-hizmet-verecek\/\" \/>\n<meta property=\"og:site_name\" content=\"Av. Deniz Can K\u0131z\u0131l\" \/>\n<meta property=\"article:published_time\" content=\"2025-02-18T10:42:08+00:00\" \/>\n<meta name=\"author\" content=\"Antalya K\u00f6rfez\" \/>\n<meta name=\"twitter:card\" content=\"summary_large_image\" \/>\n<meta name=\"twitter:label1\" content=\"\u041d\u0430\u043f\u0438\u0441\u0430\u043d\u043e\" \/>\n\t<meta name=\"twitter:data1\" content=\"Antalya K\u00f6rfez\" \/>\n\t<meta name=\"twitter:label2\" content=\"\u041f\u0440\u0438\u0431\u043b. \u0447\u0430\u0441 \u0447\u0438\u0442\u0430\u043d\u043d\u044f\" \/>\n\t<meta name=\"twitter:data2\" content=\"2 \u0445\u0432\u0438\u043b\u0438\u043d\u0438\" \/>\n<script type=\"application\/ld+json\" class=\"yoast-schema-graph\">{\"@context\":\"https:\/\/schema.org\",\"@graph\":[{\"@type\":\"Article\",\"@id\":\"https:\/\/denizcankizil.tr\/de\/haberler\/gundem\/baskan-bocekten-kadinlara-mujde-yenilenmis-haliyle-hizmet-verecek\/#article\",\"isPartOf\":{\"@id\":\"https:\/\/denizcankizil.tr\/de\/haberler\/gundem\/baskan-bocekten-kadinlara-mujde-yenilenmis-haliyle-hizmet-verecek\/\"},\"author\":{\"name\":\"Antalya K\u00f6rfez\",\"@id\":\"https:\/\/denizcankizil.tr\/de\/#\/schema\/person\/e1eb71bb4dd684d46563f0af307e1234\"},\"headline\":\"Ba\u015fkan B\u00f6cek\u2019ten kad\u0131nlara m\u00fcjde: Yenilenmi\u015f haliyle hizmet verecek!\",\"datePublished\":\"2025-02-18T10:42:08+00:00\",\"mainEntityOfPage\":{\"@id\":\"https:\/\/denizcankizil.tr\/de\/haberler\/gundem\/baskan-bocekten-kadinlara-mujde-yenilenmis-haliyle-hizmet-verecek\/\"},\"wordCount\":413,\"commentCount\":0,\"publisher\":{\"@id\":\"https:\/\/denizcankizil.tr\/de\/#organization\"},\"articleSection\":[\"G\u00fcndem\"],\"inLanguage\":\"uk\",\"potentialAction\":[{\"@type\":\"CommentAction\",\"name\":\"Comment\",\"target\":[\"https:\/\/denizcankizil.tr\/de\/haberler\/gundem\/baskan-bocekten-kadinlara-mujde-yenilenmis-haliyle-hizmet-verecek\/#respond\"]}]},{\"@type\":\"WebPage\",\"@id\":\"https:\/\/denizcankizil.tr\/de\/haberler\/gundem\/baskan-bocekten-kadinlara-mujde-yenilenmis-haliyle-hizmet-verecek\/\",\"url\":\"https:\/\/denizcankizil.tr\/de\/haberler\/gundem\/baskan-bocekten-kadinlara-mujde-yenilenmis-haliyle-hizmet-verecek\/\",\"name\":\"Ba\u015fkan B\u00f6cek\u2019ten kad\u0131nlara m\u00fcjde: Yenilenmi\u015f haliyle hizmet verecek! - Av. Deniz Can K\u0131z\u0131l\",\"isPartOf\":{\"@id\":\"https:\/\/denizcankizil.tr\/de\/#website\"},\"datePublished\":\"2025-02-18T10:42:08+00:00\",\"breadcrumb\":{\"@id\":\"https:\/\/denizcankizil.tr\/de\/haberler\/gundem\/baskan-bocekten-kadinlara-mujde-yenilenmis-haliyle-hizmet-verecek\/#breadcrumb\"},\"inLanguage\":\"uk\",\"potentialAction\":[{\"@type\":\"ReadAction\",\"target\":[\"https:\/\/denizcankizil.tr\/de\/haberler\/gundem\/baskan-bocekten-kadinlara-mujde-yenilenmis-haliyle-hizmet-verecek\/\"]}]},{\"@type\":\"BreadcrumbList\",\"@id\":\"https:\/\/denizcankizil.tr\/de\/haberler\/gundem\/baskan-bocekten-kadinlara-mujde-yenilenmis-haliyle-hizmet-verecek\/#breadcrumb\",\"itemListElement\":[{\"@type\":\"ListItem\",\"position\":1,\"name\":\"Home\",\"item\":\"https:\/\/denizcankizil.tr\/de\/\"},{\"@type\":\"ListItem\",\"position\":2,\"name\":\"Ba\u015fkan B\u00f6cek\u2019ten kad\u0131nlara m\u00fcjde: Yenilenmi\u015f haliyle hizmet verecek!\"}]},{\"@type\":\"WebSite\",\"@id\":\"https:\/\/denizcankizil.tr\/de\/#website\",\"url\":\"https:\/\/denizcankizil.tr\/de\/\",\"name\":\"Av. Deniz Can K\u0131z\u0131l\",\"description\":\"Avukat Deniz Can K\u0131z\u0131l Antalya Barosu\",\"publisher\":{\"@id\":\"https:\/\/denizcankizil.tr\/de\/#organization\"},\"potentialAction\":[{\"@type\":\"SearchAction\",\"target\":{\"@type\":\"EntryPoint\",\"urlTemplate\":\"https:\/\/denizcankizil.tr\/de\/?s={search_term_string}\"},\"query-input\":{\"@type\":\"PropertyValueSpecification\",\"valueRequired\":true,\"valueName\":\"search_term_string\"}}],\"inLanguage\":\"uk\"},{\"@type\":\"Organization\",\"@id\":\"https:\/\/denizcankizil.tr\/de\/#organization\",\"name\":\"Av. Deniz Can K\u0131z\u0131l\",\"url\":\"https:\/\/denizcankizil.tr\/de\/\",\"logo\":{\"@type\":\"ImageObject\",\"inLanguage\":\"uk\",\"@id\":\"https:\/\/denizcankizil.tr\/de\/#\/schema\/logo\/image\/\",\"url\":\"https:\/\/denizcankizil.tr\/wp-content\/uploads\/2024\/10\/siyah-logo-svg.svg\",\"contentUrl\":\"https:\/\/denizcankizil.tr\/wp-content\/uploads\/2024\/10\/siyah-logo-svg.svg\",\"width\":1080,\"height\":1080,\"caption\":\"Av. Deniz Can K\u0131z\u0131l\"},\"image\":{\"@id\":\"https:\/\/denizcankizil.tr\/de\/#\/schema\/logo\/image\/\"}},{\"@type\":\"Person\",\"@id\":\"https:\/\/denizcankizil.tr\/de\/#\/schema\/person\/e1eb71bb4dd684d46563f0af307e1234\",\"name\":\"Antalya K\u00f6rfez\",\"image\":{\"@type\":\"ImageObject\",\"inLanguage\":\"uk\",\"@id\":\"https:\/\/denizcankizil.tr\/de\/#\/schema\/person\/image\/\",\"url\":\"https:\/\/secure.gravatar.com\/avatar\/42b01982558a48a0b501fdcab6a408d3717ea5919095ee2e67b0e521799c5905?s=96&d=mm&r=g\",\"contentUrl\":\"https:\/\/secure.gravatar.com\/avatar\/42b01982558a48a0b501fdcab6a408d3717ea5919095ee2e67b0e521799c5905?s=96&d=mm&r=g\",\"caption\":\"Antalya K\u00f6rfez\"},\"sameAs\":[\"http:\/\/www.antalyakorfez.com\"],\"url\":\"https:\/\/www.antalyakorfez.com\/baskan-bocekten-kadinlara-mujde-yenilenmis-haliyle-hizmet-verecek\"}]}<\/script>\n<!-- \/ Yoast SEO Premium plugin. -->","yoast_head_json":{"title":"Ba\u015fkan B\u00f6cek\u2019ten kad\u0131nlara m\u00fcjde: Yenilenmi\u015f haliyle hizmet verecek! - Av. Deniz Can K\u0131z\u0131l","robots":{"index":"index","follow":"follow","max-snippet":"max-snippet:-1","max-image-preview":"max-image-preview:large","max-video-preview":"max-video-preview:-1"},"canonical":"https:\/\/denizcankizil.tr\/uk\/haberler\/gundem\/baskan-bocekten-kadinlara-mujde-yenilenmis-haliyle-hizmet-verecek\/","og_locale":"uk_UA","og_type":"article","og_title":"Ba\u015fkan B\u00f6cek\u2019ten kad\u0131nlara m\u00fcjde: Yenilenmi\u015f haliyle hizmet verecek!","og_description":"Antalya Orman B\u00f6lge M\u00fcd\u00fcrl\u00fc\u011f\u00fc&#8217;ne ba\u011fl\u0131 Konyaalt\u0131 Orman \u0130\u015fletme M\u00fcd\u00fcrl\u00fc\u011f\u00fc&#8217;nce 17 May\u0131s tarihindeki Sar\u0131su Konaklamas\u0131z Orman Park\u0131n\u0131n i\u015fletme hakk\u0131n\u0131n 20 y\u0131ll\u0131\u011f\u0131na kiraya verilmesi ihalesine tek kat\u0131lan Antalya B\u00fcy\u00fck\u015fehir Belediyesi, y\u0131ll\u0131k 12 milyon 400 bin TL bedelle ihaleyi kazand\u0131. Ancak Konyaalt\u0131 Orman \u0130\u015fletme M\u00fcd\u00fcrl\u00fc\u011f\u00fc&#8217;nden B\u00fcy\u00fck\u015fehir Belediyesi&#8217;ne g\u00f6nderilen resmi yaz\u0131da, ihalenin iptal edildi\u011fi bildirildi. \u0130ptal yaz\u0131s\u0131nda, ihalede muhammen bedel \u00fczerinde fiyat teklif edilmi\u015f ise de amac\u0131n azami gelir elde etmek oldu\u011fu, tek isteklinin kat\u0131l\u0131m\u0131, yeterli rekabetin sa\u011flanmamas\u0131 gibi gerek\u00e7eler g\u00f6sterildi. Antalya B\u00fcy\u00fck\u015fehir belediyesi konuyu hem yarg\u0131ya ta\u015f\u0131d\u0131 hem de devam\u0131nda yap\u0131lan ihaleye yeniden kat\u0131ld\u0131.\u00a0 KADINLARA M\u00dcJDE Tar\u0131m ve Orman Bakanl\u0131\u011f\u0131 taraf\u0131ndan 2 A\u011fustos&#8217;ta yeniden ihale edildi. Resmi Gazete&#8217;de yay\u0131nlanan ihale ilan\u0131na g\u00f6re 2 k\u0131r kahvesi, 2 k\u0131r lokantas\u0131, 3 spor tesisi, destek binas\u0131, 12 b\u00fcfe+g\u00f6lgelik, Giri\u015f Kontrol \u00dcnitesi konaklamas\u0131z olarak 20 y\u0131ll\u0131\u011f\u0131na kiraya verildi. Sar\u0131su Mesire Alan\u0131&#8217;n\u0131n 2 A\u011fustos&#8217;taki kiralama ihalesi kapal\u0131 teklif y\u00f6ntemiyle yap\u0131ld\u0131. Antalya B\u00fcy\u00fck\u015fehir Belediyesi, 24 milyon 770 bin lira kira bedeli ile ihaleyi yeniden kazanan taraf oldu. Ba\u015fkan Muhittin B\u00f6cek Sar\u0131su mesire alan\u0131n\u0131n gelece\u011fi hakk\u0131nda a\u00e7\u0131klamalarda bulundu. Ba\u015fkan B\u00f6cek, \u201cBundan 6 ay \u00f6nce bir ihale yap\u0131ld\u0131. Biz de b\u00fcy\u00fck\u015fehir olarak bu ihaleyi kazand\u0131k. \u0130hale iptal edildi, 2-3 ay sonra yine ihaleyi kazand\u0131k. 2 ay ge\u00e7ti yine onaylanmad\u0131. Say\u0131n bakanla &hellip;","og_url":"https:\/\/denizcankizil.tr\/uk\/haberler\/gundem\/baskan-bocekten-kadinlara-mujde-yenilenmis-haliyle-hizmet-verecek\/","og_site_name":"Av. Deniz Can K\u0131z\u0131l","article_published_time":"2025-02-18T10:42:08+00:00","author":"Antalya K\u00f6rfez","twitter_card":"summary_large_image","twitter_misc":{"\u041d\u0430\u043f\u0438\u0441\u0430\u043d\u043e":"Antalya K\u00f6rfez","\u041f\u0440\u0438\u0431\u043b. \u0447\u0430\u0441 \u0447\u0438\u0442\u0430\u043d\u043d\u044f":"2 \u0445\u0432\u0438\u043b\u0438\u043d\u0438"},"schema":{"@context":"https:\/\/schema.org","@graph":[{"@type":"Article","@id":"https:\/\/denizcankizil.tr\/de\/haberler\/gundem\/baskan-bocekten-kadinlara-mujde-yenilenmis-haliyle-hizmet-verecek\/#article","isPartOf":{"@id":"https:\/\/denizcankizil.tr\/de\/haberler\/gundem\/baskan-bocekten-kadinlara-mujde-yenilenmis-haliyle-hizmet-verecek\/"},"author":{"name":"Antalya K\u00f6rfez","@id":"https:\/\/denizcankizil.tr\/de\/#\/schema\/person\/e1eb71bb4dd684d46563f0af307e1234"},"headline":"Ba\u015fkan B\u00f6cek\u2019ten kad\u0131nlara m\u00fcjde: Yenilenmi\u015f haliyle hizmet verecek!","datePublished":"2025-02-18T10:42:08+00:00","mainEntityOfPage":{"@id":"https:\/\/denizcankizil.tr\/de\/haberler\/gundem\/baskan-bocekten-kadinlara-mujde-yenilenmis-haliyle-hizmet-verecek\/"},"wordCount":413,"commentCount":0,"publisher":{"@id":"https:\/\/denizcankizil.tr\/de\/#organization"},"articleSection":["G\u00fcndem"],"inLanguage":"uk","potentialAction":[{"@type":"CommentAction","name":"Comment","target":["https:\/\/denizcankizil.tr\/de\/haberler\/gundem\/baskan-bocekten-kadinlara-mujde-yenilenmis-haliyle-hizmet-verecek\/#respond"]}]},{"@type":"WebPage","@id":"https:\/\/denizcankizil.tr\/de\/haberler\/gundem\/baskan-bocekten-kadinlara-mujde-yenilenmis-haliyle-hizmet-verecek\/","url":"https:\/\/denizcankizil.tr\/de\/haberler\/gundem\/baskan-bocekten-kadinlara-mujde-yenilenmis-haliyle-hizmet-verecek\/","name":"Ba\u015fkan B\u00f6cek\u2019ten kad\u0131nlara m\u00fcjde: Yenilenmi\u015f haliyle hizmet verecek! - Av. Deniz Can K\u0131z\u0131l","isPartOf":{"@id":"https:\/\/denizcankizil.tr\/de\/#website"},"datePublished":"2025-02-18T10:42:08+00:00","breadcrumb":{"@id":"https:\/\/denizcankizil.tr\/de\/haberler\/gundem\/baskan-bocekten-kadinlara-mujde-yenilenmis-haliyle-hizmet-verecek\/#breadcrumb"},"inLanguage":"uk","potentialAction":[{"@type":"ReadAction","target":["https:\/\/denizcankizil.tr\/de\/haberler\/gundem\/baskan-bocekten-kadinlara-mujde-yenilenmis-haliyle-hizmet-verecek\/"]}]},{"@type":"BreadcrumbList","@id":"https:\/\/denizcankizil.tr\/de\/haberler\/gundem\/baskan-bocekten-kadinlara-mujde-yenilenmis-haliyle-hizmet-verecek\/#breadcrumb","itemListElement":[{"@type":"ListItem","position":1,"name":"Home","item":"https:\/\/denizcankizil.tr\/de\/"},{"@type":"ListItem","position":2,"name":"Ba\u015fkan B\u00f6cek\u2019ten kad\u0131nlara m\u00fcjde: Yenilenmi\u015f haliyle hizmet verecek!"}]},{"@type":"WebSite","@id":"https:\/\/denizcankizil.tr\/de\/#website","url":"https:\/\/denizcankizil.tr\/de\/","name":"Av. Deniz Can K\u0131z\u0131l","description":"Avukat Deniz Can K\u0131z\u0131l Antalya Barosu","publisher":{"@id":"https:\/\/denizcankizil.tr\/de\/#organization"},"potentialAction":[{"@type":"SearchAction","target":{"@type":"EntryPoint","urlTemplate":"https:\/\/denizcankizil.tr\/de\/?s={search_term_string}"},"query-input":{"@type":"PropertyValueSpecification","valueRequired":true,"valueName":"search_term_string"}}],"inLanguage":"uk"},{"@type":"Organization","@id":"https:\/\/denizcankizil.tr\/de\/#organization","name":"Av. Deniz Can K\u0131z\u0131l","url":"https:\/\/denizcankizil.tr\/de\/","logo":{"@type":"ImageObject","inLanguage":"uk","@id":"https:\/\/denizcankizil.tr\/de\/#\/schema\/logo\/image\/","url":"https:\/\/denizcankizil.tr\/wp-content\/uploads\/2024\/10\/siyah-logo-svg.svg","contentUrl":"https:\/\/denizcankizil.tr\/wp-content\/uploads\/2024\/10\/siyah-logo-svg.svg","width":1080,"height":1080,"caption":"Av. Deniz Can K\u0131z\u0131l"},"image":{"@id":"https:\/\/denizcankizil.tr\/de\/#\/schema\/logo\/image\/"}},{"@type":"Person","@id":"https:\/\/denizcankizil.tr\/de\/#\/schema\/person\/e1eb71bb4dd684d46563f0af307e1234","name":"Antalya K\u00f6rfez","image":{"@type":"ImageObject","inLanguage":"uk","@id":"https:\/\/denizcankizil.tr\/de\/#\/schema\/person\/image\/","url":"https:\/\/secure.gravatar.com\/avatar\/42b01982558a48a0b501fdcab6a408d3717ea5919095ee2e67b0e521799c5905?s=96&d=mm&r=g","contentUrl":"https:\/\/secure.gravatar.com\/avatar\/42b01982558a48a0b501fdcab6a408d3717ea5919095ee2e67b0e521799c5905?s=96&d=mm&r=g","caption":"Antalya K\u00f6rfez"},"sameAs":["http:\/\/www.antalyakorfez.com"],"url":"https:\/\/www.antalyakorfez.com\/baskan-bocekten-kadinlara-mujde-yenilenmis-haliyle-hizmet-verecek"}]}},"_links":{"self":[{"href":"https:\/\/denizcankizil.tr\/uk\/wp-json\/wp\/v2\/posts\/33356","targetHints":{"allow":["GET"]}}],"collection":[{"href":"https:\/\/denizcankizil.tr\/uk\/wp-json\/wp\/v2\/posts"}],"about":[{"href":"https:\/\/denizcankizil.tr\/uk\/wp-json\/wp\/v2\/types\/post"}],"author":[{"embeddable":true,"href":"https:\/\/denizcankizil.tr\/uk\/wp-json\/wp\/v2\/users\/5"}],"replies":[{"embeddable":true,"href":"https:\/\/denizcankizil.tr\/uk\/wp-json\/wp\/v2\/comments?post=33356"}],"version-history":[{"count":0,"href":"https:\/\/denizcankizil.tr\/uk\/wp-json\/wp\/v2\/posts\/33356\/revisions"}],"wp:attachment":[{"href":"https:\/\/denizcankizil.tr\/uk\/wp-json\/wp\/v2\/media?parent=33356"}],"wp:term":[{"taxonomy":"category","embeddable":true,"href":"https:\/\/denizcankizil.tr\/uk\/wp-json\/wp\/v2\/categories?post=33356"},{"taxonomy":"post_tag","embeddable":true,"href":"https:\/\/denizcankizil.tr\/uk\/wp-json\/wp\/v2\/tags?post=33356"}],"curies":[{"name":"wp","href":"https:\/\/api.w.org\/{rel}","templated":true}]}}