{"id":33316,"date":"2025-02-18T11:41:52","date_gmt":"2025-02-18T08:41:52","guid":{"rendered":"https:\/\/denizcankizil.tr\/uncategorized-tr\/genc-iletisimciler-dimgi-projesi-ile-sektore-hazirlaniyor\/"},"modified":"2025-02-18T11:41:52","modified_gmt":"2025-02-18T08:41:52","slug":"genc-iletisimciler-dimgi-projesi-ile-sektore-hazirlaniyor","status":"publish","type":"post","link":"https:\/\/denizcankizil.tr\/uk\/haberler\/gundem\/genc-iletisimciler-dimgi-projesi-ile-sektore-hazirlaniyor\/","title":{"rendered":"Gen\u00e7 \u0130leti\u015fimciler, &#8216;D\u0130MG\u0130&#8217; projesi ile sekt\u00f6re haz\u0131rlan\u0131yor"},"content":{"rendered":"<p>T.C. Cumhurba\u015fkanl\u0131\u011f\u0131 \u0130leti\u015fim Ba\u015fkanl\u0131\u011f\u0131 \u0130zmir B\u00f6lge M\u00fcd\u00fcrl\u00fc\u011f\u00fc, Avrupa Birli\u011fi Projeleri kapsam\u0131nda ve Dokuz Eyl\u00fcl \u00dcniversitesi (DE\u00dc) \u0130\u015fletme Fak\u00fcltesi \u00d6\u011fretim \u00dcyesi Do\u00e7. Dr. Sumeyra Duman dan\u0131\u015fmanl\u0131\u011f\u0131nda y\u00fcr\u00fct\u00fclecek olan \u2018Dijital Medyan\u0131n \u00d6nc\u00fcleri: Gen\u00e7 \u0130leti\u015fimciler\u2019 (D\u0130MG\u0130) projesini hayata ge\u00e7irdi.\u0130ZM\u0130R (\u0130GFA) &#8211;\u00a0T.C. Cumhurba\u015fkanl\u0131\u011f\u0131 \u0130leti\u015fim Ba\u015fkanl\u0131\u011f\u0131 \u0130zmir B\u00f6lge M\u00fcd\u00fcr\u00fc Cengiz Kutlu Y\u00fcksel, bilgi ve ileti\u015fim teknolojilerinin medya sekt\u00f6r\u00fcnde yo\u011fun kullan\u0131m\u0131na dikkat \u00e7ekerek, &#8220;Konvansiyonel medya ve dijital teknolojilerin birbirine daha fazla entegre oldu\u011funu g\u00f6r\u00fcyoruz. D\u0130MG\u0130 Projesi\u2019nin \u00e7\u0131k\u0131\u015f noktas\u0131, medya sekt\u00f6r\u00fcndeki dijital d\u00f6n\u00fc\u015f\u00fcm ihtiya\u00e7lar\u0131n\u0131 belirleyerek, ileti\u015fim fak\u00fcltesi \u00f6\u011frencilerine yeni medya ara\u00e7lar\u0131 konusunda bilgi ve beceri kazand\u0131rmak oldu. Kamu kurumlar\u0131, \u00fcniversiteler ve medya temsilcilerinin tespit etti\u011fi eksiklikler do\u011frultusunda, \u00f6\u011frenciler i\u00e7in bir akademi e\u011fitimi tasarlad\u0131k. Bu program kapsam\u0131nda, yakla\u015f\u0131k bir y\u0131l boyunca \u00f6\u011frencilere teknoloji ve medya alan\u0131nda yetkinlik kazand\u0131rmay\u0131 ama\u00e7l\u0131yoruz&#8221; dedi.<br \/>\n\u201cDE\u00dc \u0130LE \u00c7ALI\u015eMAK ONUR VER\u0130C\u0130\u201d<br \/>\nProjenin \u0130zmir ve Manisa illerini kapsad\u0131\u011f\u0131na dikkat \u00e7eken Y\u00fcksel, &#8220;Projenin temel hedef kitlesi ileti\u015fim fak\u00fcltesi \u00f6\u011frencileri olsa da medya temsilcileri, gazeteciler ve yeni medya kullan\u0131c\u0131lar\u0131n\u0131n da dijital medya teknolojileri konusundaki yetkinliklerini art\u0131rmay\u0131 hedefliyoruz. Ayr\u0131ca T\u00fcrkiye \u0130leti\u015fim Modeli \u00e7er\u00e7evesinde, dezenformasyonun tespitine y\u00f6nelik fark\u0131ndal\u0131k olu\u015fturman\u0131n yan\u0131 s\u0131ra medya sekt\u00f6r\u00fcnde teknolojik uyumu desteklemeyi ama\u00e7l\u0131yoruz. \u0130leti\u015fim Fak\u00fcltesi bulunmamas\u0131na ra\u011fmen, DE\u00dc\u2019n\u00fcn dijital medya ve dijital teknolojiler konusundaki bilgi, beceri ve tecr\u00fcbelerini \u00f6\u011frencilerle payla\u015fmas\u0131ndan b\u00fcy\u00fck memnuniyet duyuyoruz&#8221; ifadelerini kulland\u0131.<br \/>\nDESTEK VURGUSU<br \/>\nDokuz Eyl\u00fcl \u00dcniversitesi \u0130\u015fletme Fak\u00fcltesi \u00d6\u011fretim \u00dcyesi ve proje dan\u0131\u015fman\u0131 Do\u00e7. Dr. S\u00fcmeyra Duman ise DE\u00dc\u2019n\u00fcn ileti\u015fim fak\u00fcltesi olmamas\u0131na ra\u011fmen projeye dahil edilmesinden duydu\u011fu mutlulu\u011fu dile getirerek, &#8220;T.C. Cumhurba\u015fkanl\u0131\u011f\u0131 \u0130leti\u015fim Ba\u015fkanl\u0131\u011f\u0131 \u0130zmir B\u00f6lge M\u00fcd\u00fcrl\u00fc\u011f\u00fc, projede yer almak \u00fczere Rekt\u00f6rl\u00fc\u011f\u00fcm\u00fcze dijital medya, dijital pazarlama ve Avrupa Birli\u011fi projeleri yazma-y\u00fcr\u00fctme a\u015famalar\u0131nda deneyimli bir akademisyen talebiyle geldi. Rekt\u00f6rl\u00fc\u011f\u00fcm\u00fcz\u00fcn g\u00f6revlendirmesiyle ben bu projeye dahil edildim. DE\u00dc olarak, projenin y\u00fcr\u00fct\u00fclmesi ve i\u015fleyi\u015finde dan\u0131\u015fmanl\u0131k yapman\u0131n yan\u0131 s\u0131ra, tan\u0131t\u0131m \u00e7al\u0131\u015fmalar\u0131, odak grup analizleri ve ara\u015ft\u0131rma s\u00fcre\u00e7lerinde de aktif rol alaca\u011f\u0131z&#8221; dedi.<br \/>\n&#8220;\u0130LET\u0130\u015e\u0130M FAK\u00dcLTES\u0130 \u00d6\u011eRENC\u0130LER\u0130 PROJEM\u0130ZE KATILAB\u0130L\u0130R&#8221;<br \/>\nProje ekibinin T.C. Cumhurba\u015fkanl\u0131\u011f\u0131 \u0130leti\u015fim Ba\u015fkanl\u0131\u011f\u0131 \u0130zmir B\u00f6lge M\u00fcd\u00fcr\u00fc, iki ileti\u015fim uzman\u0131 ve kendisinden olu\u015ftu\u011funu belirten Do\u00e7. Dr. S\u00fcmeyra Duman, projeye \u00fcniversite \u00f6\u011frencilerinin aktif kat\u0131l\u0131m sa\u011flad\u0131\u011f\u0131n\u0131 vurgulayarak, &#8220;Ege \u00dcniversitesi, \u0130zmir Ekonomi \u00dcniversitesi, Ya\u015far \u00dcniversitesi ve Celal Bayar \u00dcniversitesi&#8217;nden 7 \u00f6\u011frencimiz proje ekibinde yer al\u0131yor. Projenin t\u00fcm a\u015famalar\u0131n\u0131 \u00f6\u011frenciler tasarl\u0131yor; web sitesi ve sosyal medya y\u00f6netimini de onlar \u00fcstleniyor. \u0130lerleyen s\u00fcre\u00e7te 30 \u00f6\u011frenci daha dahil edilerek e\u011fitim program\u0131na kat\u0131lacak. Hedef kitlemiz ileti\u015fim fak\u00fcltesi \u00f6\u011frencileri. Bu program kapsam\u0131nda, \u00f6\u011frenciler proje payda\u015flar\u0131yla bir araya gelerek dijital medya alan\u0131ndaki eksik bilgi ve becerilerini tamamlayacaklar\u0131 e\u011fitimlere kat\u0131lacaklar&#8221; dedi.<br \/>\nDuman, projeye dahil olmak isteyen ileti\u015fim fak\u00fcltesi \u00f6\u011frencileri i\u00e7in \u00e7a\u011fr\u0131lar\u0131n yap\u0131ld\u0131\u011f\u0131n\u0131 belirterek, &#8220;\u0130zmir ve Manisa&#8217;daki ileti\u015fim fak\u00fcltesi \u00f6\u011frencileri projeye kat\u0131larak e\u011fitim programlar\u0131ndan ve \u00e7al\u0131\u015ftaylardan faydalanabilirler&#8221; ifadelerini kulland\u0131.<br \/>\n&#8220;PROJE SONUNDA FORUM D\u00dcZENLENECEK&#8221;<br \/>\nProje kapsam\u0131nda ger\u00e7ekle\u015ftirilecek \u00e7al\u0131\u015ftayda t\u00fcm payda\u015flarla odak grup \u00e7al\u0131\u015fmalar\u0131 yapacaklar\u0131n\u0131 belirten Do\u00e7. Dr. S\u00fcmeyra Duman, &#8220;Bu \u00e7al\u0131\u015ftay sayesinde \u00f6\u011frencilere y\u00f6nelik d\u00fczenlenecek e\u011fitim program\u0131n\u0131n i\u00e7eri\u011fini belirleyece\u011fiz. Netle\u015fen program do\u011frultusunda \u00f6\u011frencilerimiz bir haftal\u0131k e\u011fitim s\u00fcrecini tamamlam\u0131\u015f olacaklar. Projenin sonunda ise t\u00fcm payda\u015flar\u0131n davet edilece\u011fi bir kapan\u0131\u015f oturumu d\u00fczenleyece\u011fiz. Bu oturumda bir forum ger\u00e7ekle\u015ftirilecek ve projenin \u00e7\u0131kt\u0131lar\u0131 do\u011frultusunda bir sonu\u00e7 bildirgesi yay\u0131nlanacak. Haz\u0131rlanan bu bildirge, Avrupa Birli\u011fi ile de payla\u015f\u0131lacak. B\u00f6ylece \u00fclkemizdeki ileti\u015fim fak\u00fcltesi \u00f6\u011frencilerinin, yani gelece\u011fin ileti\u015fim \u00e7al\u0131\u015fanlar\u0131n\u0131n, dijital medya ve yetkinlikler konusunda \u00f6nemli bir mesafe kat etti\u011fini g\u00f6sterece\u011fiz&#8221; dedi.<\/p>\n<p>\u200bT.C. Cumhurba\u015fkanl\u0131\u011f\u0131 \u0130leti\u015fim Ba\u015fkanl\u0131\u011f\u0131 \u0130zmir B\u00f6lge M\u00fcd\u00fcrl\u00fc\u011f\u00fc, Avrupa Birli\u011fi Projeleri kapsam\u0131nda ve Dokuz Eyl\u00fcl \u00dcniversitesi (DE\u00dc) \u0130\u015fletme Fak\u00fcltesi \u00d6\u011fretim \u00dcyesi Do\u00e7. Dr. Sumeyra Duman dan\u0131\u015fmanl\u0131\u011f\u0131nda y\u00fcr\u00fct\u00fclecek olan \u2018Dijital Medyan\u0131n \u00d6nc\u00fcleri: Gen\u00e7 \u0130leti\u015fimciler\u2019 (D\u0130MG\u0130) projesini hayata ge\u00e7irdi.\u0130ZM\u0130R (\u0130GFA) &#8211;\u00a0T.C. Cumhurba\u015fkanl\u0131\u011f\u0131 \u0130leti\u015fim Ba\u015fkanl\u0131\u011f\u0131 \u0130zmir B\u00f6lge M\u00fcd\u00fcr\u00fc Cengiz Kutlu Y\u00fcksel, bilgi ve ileti\u015fim teknolojilerinin medya sekt\u00f6r\u00fcnde yo\u011fun kullan\u0131m\u0131na dikkat \u00e7ekerek, &#8220;Konvansiyonel medya ve dijital teknolojilerin birbirine daha fazla entegre oldu\u011funu g\u00f6r\u00fcyoruz. D\u0130MG\u0130 Projesi\u2019nin \u00e7\u0131k\u0131\u015f noktas\u0131, medya sekt\u00f6r\u00fcndeki dijital d\u00f6n\u00fc\u015f\u00fcm ihtiya\u00e7lar\u0131n\u0131 belirleyerek, ileti\u015fim fak\u00fcltesi \u00f6\u011frencilerine yeni medya ara\u00e7lar\u0131 konusunda bilgi ve beceri kazand\u0131rmak oldu. Kamu kurumlar\u0131, \u00fcniversiteler ve medya temsilcilerinin tespit etti\u011fi eksiklikler do\u011frultusunda, \u00f6\u011frenciler i\u00e7in bir akademi e\u011fitimi tasarlad\u0131k. Bu program kapsam\u0131nda, yakla\u015f\u0131k bir y\u0131l boyunca \u00f6\u011frencilere teknoloji ve medya alan\u0131nda yetkinlik kazand\u0131rmay\u0131 ama\u00e7l\u0131yoruz&#8221; dedi.<br \/>\n\u201cDE\u00dc \u0130LE \u00c7ALI\u015eMAK ONUR VER\u0130C\u0130\u201d<br \/>\nProjenin \u0130zmir ve Manisa illerini kapsad\u0131\u011f\u0131na dikkat \u00e7eken Y\u00fcksel, &#8220;Projenin temel hedef kitlesi ileti\u015fim fak\u00fcltesi \u00f6\u011frencileri olsa da medya temsilcileri, gazeteciler ve yeni medya kullan\u0131c\u0131lar\u0131n\u0131n da dijital medya teknolojileri konusundaki yetkinliklerini art\u0131rmay\u0131 hedefliyoruz. Ayr\u0131ca T\u00fcrkiye \u0130leti\u015fim Modeli \u00e7er\u00e7evesinde, dezenformasyonun tespitine y\u00f6nelik fark\u0131ndal\u0131k olu\u015fturman\u0131n yan\u0131 s\u0131ra medya sekt\u00f6r\u00fcnde teknolojik uyumu desteklemeyi ama\u00e7l\u0131yoruz. \u0130leti\u015fim Fak\u00fcltesi bulunmamas\u0131na ra\u011fmen, DE\u00dc\u2019n\u00fcn dijital medya ve dijital teknolojiler konusundaki bilgi, beceri ve tecr\u00fcbelerini \u00f6\u011frencilerle payla\u015fmas\u0131ndan b\u00fcy\u00fck memnuniyet duyuyoruz&#8221; ifadelerini kulland\u0131.<br \/>\nDESTEK VURGUSU<br \/>\nDokuz Eyl\u00fcl \u00dcniversitesi \u0130\u015fletme Fak\u00fcltesi \u00d6\u011fretim \u00dcyesi ve proje dan\u0131\u015fman\u0131 Do\u00e7. Dr. S\u00fcmeyra Duman ise DE\u00dc\u2019n\u00fcn ileti\u015fim fak\u00fcltesi olmamas\u0131na ra\u011fmen projeye dahil edilmesinden duydu\u011fu mutlulu\u011fu dile getirerek, &#8220;T.C. Cumhurba\u015fkanl\u0131\u011f\u0131 \u0130leti\u015fim Ba\u015fkanl\u0131\u011f\u0131 \u0130zmir B\u00f6lge M\u00fcd\u00fcrl\u00fc\u011f\u00fc, projede yer almak \u00fczere Rekt\u00f6rl\u00fc\u011f\u00fcm\u00fcze dijital medya, dijital pazarlama ve Avrupa Birli\u011fi projeleri yazma-y\u00fcr\u00fctme a\u015famalar\u0131nda deneyimli bir akademisyen talebiyle geldi. Rekt\u00f6rl\u00fc\u011f\u00fcm\u00fcz\u00fcn g\u00f6revlendirmesiyle ben bu projeye dahil edildim. DE\u00dc olarak, projenin y\u00fcr\u00fct\u00fclmesi ve i\u015fleyi\u015finde dan\u0131\u015fmanl\u0131k yapman\u0131n yan\u0131 s\u0131ra, tan\u0131t\u0131m \u00e7al\u0131\u015fmalar\u0131, odak grup analizleri ve ara\u015ft\u0131rma s\u00fcre\u00e7lerinde de aktif rol alaca\u011f\u0131z&#8221; dedi.<br \/>\n&#8220;\u0130LET\u0130\u015e\u0130M FAK\u00dcLTES\u0130 \u00d6\u011eRENC\u0130LER\u0130 PROJEM\u0130ZE KATILAB\u0130L\u0130R&#8221;<br \/>\nProje ekibinin T.C. Cumhurba\u015fkanl\u0131\u011f\u0131 \u0130leti\u015fim Ba\u015fkanl\u0131\u011f\u0131 \u0130zmir B\u00f6lge M\u00fcd\u00fcr\u00fc, iki ileti\u015fim uzman\u0131 ve kendisinden olu\u015ftu\u011funu belirten Do\u00e7. Dr. S\u00fcmeyra Duman, projeye \u00fcniversite \u00f6\u011frencilerinin aktif kat\u0131l\u0131m sa\u011flad\u0131\u011f\u0131n\u0131 vurgulayarak, &#8220;Ege \u00dcniversitesi, \u0130zmir Ekonomi \u00dcniversitesi, Ya\u015far \u00dcniversitesi ve Celal Bayar \u00dcniversitesi&#8217;nden 7 \u00f6\u011frencimiz proje ekibinde yer al\u0131yor. Projenin t\u00fcm a\u015famalar\u0131n\u0131 \u00f6\u011frenciler tasarl\u0131yor; web sitesi ve sosyal medya y\u00f6netimini de onlar \u00fcstleniyor. \u0130lerleyen s\u00fcre\u00e7te 30 \u00f6\u011frenci daha dahil edilerek e\u011fitim program\u0131na kat\u0131lacak. Hedef kitlemiz ileti\u015fim fak\u00fcltesi \u00f6\u011frencileri. Bu program kapsam\u0131nda, \u00f6\u011frenciler proje payda\u015flar\u0131yla bir araya gelerek dijital medya alan\u0131ndaki eksik bilgi ve becerilerini tamamlayacaklar\u0131 e\u011fitimlere kat\u0131lacaklar&#8221; dedi.<br \/>\nDuman, projeye dahil olmak isteyen ileti\u015fim fak\u00fcltesi \u00f6\u011frencileri i\u00e7in \u00e7a\u011fr\u0131lar\u0131n yap\u0131ld\u0131\u011f\u0131n\u0131 belirterek, &#8220;\u0130zmir ve Manisa&#8217;daki ileti\u015fim fak\u00fcltesi \u00f6\u011frencileri projeye kat\u0131larak e\u011fitim programlar\u0131ndan ve \u00e7al\u0131\u015ftaylardan faydalanabilirler&#8221; ifadelerini kulland\u0131.<br \/>\n&#8220;PROJE SONUNDA FORUM D\u00dcZENLENECEK&#8221;<br \/>\nProje kapsam\u0131nda ger\u00e7ekle\u015ftirilecek \u00e7al\u0131\u015ftayda t\u00fcm payda\u015flarla odak grup \u00e7al\u0131\u015fmalar\u0131 yapacaklar\u0131n\u0131 belirten Do\u00e7. Dr. S\u00fcmeyra Duman, &#8220;Bu \u00e7al\u0131\u015ftay sayesinde \u00f6\u011frencilere y\u00f6nelik d\u00fczenlenecek e\u011fitim program\u0131n\u0131n i\u00e7eri\u011fini belirleyece\u011fiz. Netle\u015fen program do\u011frultusunda \u00f6\u011frencilerimiz bir haftal\u0131k e\u011fitim s\u00fcrecini tamamlam\u0131\u015f olacaklar. Projenin sonunda ise t\u00fcm payda\u015flar\u0131n davet edilece\u011fi bir kapan\u0131\u015f oturumu d\u00fczenleyece\u011fiz. Bu oturumda bir forum ger\u00e7ekle\u015ftirilecek ve projenin \u00e7\u0131kt\u0131lar\u0131 do\u011frultusunda bir sonu\u00e7 bildirgesi yay\u0131nlanacak. Haz\u0131rlanan bu bildirge, Avrupa Birli\u011fi ile de payla\u015f\u0131lacak. B\u00f6ylece \u00fclkemizdeki ileti\u015fim fak\u00fcltesi \u00f6\u011frencilerinin, yani gelece\u011fin ileti\u015fim \u00e7al\u0131\u015fanlar\u0131n\u0131n, dijital medya ve yetkinlikler konusunda \u00f6nemli bir mesafe kat etti\u011fini g\u00f6sterece\u011fiz&#8221; dedi.\u00a0<\/p>\n<p>\u200bHaberin Al\u0131nt\u0131land\u0131\u011f\u0131 Kaynak: www.iskenderun.org<\/p>","protected":false},"excerpt":{"rendered":"<p>T.C. Cumhurba\u015fkanl\u0131\u011f\u0131 \u0130leti\u015fim Ba\u015fkanl\u0131\u011f\u0131 \u0130zmir B\u00f6lge M\u00fcd\u00fcrl\u00fc\u011f\u00fc, Avrupa Birli\u011fi Projeleri kapsam\u0131nda ve Dokuz Eyl\u00fcl \u00dcniversitesi (DE\u00dc) \u0130\u015fletme Fak\u00fcltesi \u00d6\u011fretim \u00dcyesi Do\u00e7. Dr. Sumeyra Duman dan\u0131\u015fmanl\u0131\u011f\u0131nda y\u00fcr\u00fct\u00fclecek olan \u2018Dijital Medyan\u0131n \u00d6nc\u00fcleri: Gen\u00e7 \u0130leti\u015fimciler\u2019 (D\u0130MG\u0130) projesini hayata ge\u00e7irdi.\u0130ZM\u0130R (\u0130GFA) &#8211;\u00a0T.C. Cumhurba\u015fkanl\u0131\u011f\u0131 \u0130leti\u015fim Ba\u015fkanl\u0131\u011f\u0131 \u0130zmir B\u00f6lge M\u00fcd\u00fcr\u00fc Cengiz Kutlu Y\u00fcksel, bilgi ve ileti\u015fim teknolojilerinin medya sekt\u00f6r\u00fcnde yo\u011fun kullan\u0131m\u0131na dikkat \u00e7ekerek, &#8220;Konvansiyonel medya ve dijital teknolojilerin birbirine daha fazla entegre oldu\u011funu g\u00f6r\u00fcyoruz. D\u0130MG\u0130 Projesi\u2019nin \u00e7\u0131k\u0131\u015f noktas\u0131, medya sekt\u00f6r\u00fcndeki dijital d\u00f6n\u00fc\u015f\u00fcm ihtiya\u00e7lar\u0131n\u0131 belirleyerek, ileti\u015fim fak\u00fcltesi \u00f6\u011frencilerine yeni medya ara\u00e7lar\u0131 konusunda bilgi ve beceri kazand\u0131rmak oldu. Kamu kurumlar\u0131, \u00fcniversiteler ve medya temsilcilerinin tespit etti\u011fi eksiklikler do\u011frultusunda, \u00f6\u011frenciler i\u00e7in bir akademi e\u011fitimi tasarlad\u0131k. Bu program kapsam\u0131nda, yakla\u015f\u0131k bir y\u0131l boyunca \u00f6\u011frencilere teknoloji ve medya alan\u0131nda yetkinlik kazand\u0131rmay\u0131 ama\u00e7l\u0131yoruz&#8221; dedi. \u201cDE\u00dc \u0130LE \u00c7ALI\u015eMAK ONUR VER\u0130C\u0130\u201d Projenin \u0130zmir ve Manisa illerini kapsad\u0131\u011f\u0131na dikkat \u00e7eken Y\u00fcksel, &#8220;Projenin temel hedef kitlesi ileti\u015fim fak\u00fcltesi \u00f6\u011frencileri olsa da medya temsilcileri, gazeteciler ve yeni medya kullan\u0131c\u0131lar\u0131n\u0131n da dijital medya teknolojileri konusundaki yetkinliklerini art\u0131rmay\u0131 hedefliyoruz. Ayr\u0131ca T\u00fcrkiye \u0130leti\u015fim Modeli \u00e7er\u00e7evesinde, dezenformasyonun tespitine y\u00f6nelik fark\u0131ndal\u0131k olu\u015fturman\u0131n yan\u0131 s\u0131ra medya sekt\u00f6r\u00fcnde teknolojik uyumu desteklemeyi ama\u00e7l\u0131yoruz. \u0130leti\u015fim Fak\u00fcltesi bulunmamas\u0131na ra\u011fmen, DE\u00dc\u2019n\u00fcn dijital medya ve dijital teknolojiler konusundaki bilgi, beceri ve tecr\u00fcbelerini \u00f6\u011frencilerle payla\u015fmas\u0131ndan b\u00fcy\u00fck memnuniyet duyuyoruz&#8221; ifadelerini kulland\u0131. &hellip;<\/p>","protected":false},"author":1,"featured_media":0,"comment_status":"open","ping_status":"open","sticky":false,"template":"","format":"standard","meta":{"_acf_changed":false,"footnotes":""},"categories":[24],"tags":[],"class_list":["post-33316","post","type-post","status-publish","format-standard","has-post-thumbnail","hentry","category-gundem"],"acf":[],"yoast_head":"<!-- This site is optimized with the Yoast SEO Premium plugin v26.6 (Yoast SEO v27.1.1) - https:\/\/yoast.com\/product\/yoast-seo-premium-wordpress\/ -->\n<title>Gen\u00e7 \u0130leti\u015fimciler, &#039;D\u0130MG\u0130&#039; projesi ile sekt\u00f6re haz\u0131rlan\u0131yor - Av. Deniz Can K\u0131z\u0131l<\/title>\n<meta name=\"robots\" content=\"index, follow, max-snippet:-1, max-image-preview:large, max-video-preview:-1\" \/>\n<link rel=\"canonical\" href=\"https:\/\/denizcankizil.tr\/uk\/haberler\/gundem\/genc-iletisimciler-dimgi-projesi-ile-sektore-hazirlaniyor\/\" \/>\n<meta property=\"og:locale\" content=\"uk_UA\" \/>\n<meta property=\"og:type\" content=\"article\" \/>\n<meta property=\"og:title\" content=\"Gen\u00e7 \u0130leti\u015fimciler, &#039;D\u0130MG\u0130&#039; projesi ile sekt\u00f6re haz\u0131rlan\u0131yor\" \/>\n<meta property=\"og:description\" content=\"T.C. Cumhurba\u015fkanl\u0131\u011f\u0131 \u0130leti\u015fim Ba\u015fkanl\u0131\u011f\u0131 \u0130zmir B\u00f6lge M\u00fcd\u00fcrl\u00fc\u011f\u00fc, Avrupa Birli\u011fi Projeleri kapsam\u0131nda ve Dokuz Eyl\u00fcl \u00dcniversitesi (DE\u00dc) \u0130\u015fletme Fak\u00fcltesi \u00d6\u011fretim \u00dcyesi Do\u00e7. Dr. Sumeyra Duman dan\u0131\u015fmanl\u0131\u011f\u0131nda y\u00fcr\u00fct\u00fclecek olan \u2018Dijital Medyan\u0131n \u00d6nc\u00fcleri: Gen\u00e7 \u0130leti\u015fimciler\u2019 (D\u0130MG\u0130) projesini hayata ge\u00e7irdi.\u0130ZM\u0130R (\u0130GFA) &#8211;\u00a0T.C. Cumhurba\u015fkanl\u0131\u011f\u0131 \u0130leti\u015fim Ba\u015fkanl\u0131\u011f\u0131 \u0130zmir B\u00f6lge M\u00fcd\u00fcr\u00fc Cengiz Kutlu Y\u00fcksel, bilgi ve ileti\u015fim teknolojilerinin medya sekt\u00f6r\u00fcnde yo\u011fun kullan\u0131m\u0131na dikkat \u00e7ekerek, &#8220;Konvansiyonel medya ve dijital teknolojilerin birbirine daha fazla entegre oldu\u011funu g\u00f6r\u00fcyoruz. D\u0130MG\u0130 Projesi\u2019nin \u00e7\u0131k\u0131\u015f noktas\u0131, medya sekt\u00f6r\u00fcndeki dijital d\u00f6n\u00fc\u015f\u00fcm ihtiya\u00e7lar\u0131n\u0131 belirleyerek, ileti\u015fim fak\u00fcltesi \u00f6\u011frencilerine yeni medya ara\u00e7lar\u0131 konusunda bilgi ve beceri kazand\u0131rmak oldu. Kamu kurumlar\u0131, \u00fcniversiteler ve medya temsilcilerinin tespit etti\u011fi eksiklikler do\u011frultusunda, \u00f6\u011frenciler i\u00e7in bir akademi e\u011fitimi tasarlad\u0131k. Bu program kapsam\u0131nda, yakla\u015f\u0131k bir y\u0131l boyunca \u00f6\u011frencilere teknoloji ve medya alan\u0131nda yetkinlik kazand\u0131rmay\u0131 ama\u00e7l\u0131yoruz&#8221; dedi. \u201cDE\u00dc \u0130LE \u00c7ALI\u015eMAK ONUR VER\u0130C\u0130\u201d Projenin \u0130zmir ve Manisa illerini kapsad\u0131\u011f\u0131na dikkat \u00e7eken Y\u00fcksel, &#8220;Projenin temel hedef kitlesi ileti\u015fim fak\u00fcltesi \u00f6\u011frencileri olsa da medya temsilcileri, gazeteciler ve yeni medya kullan\u0131c\u0131lar\u0131n\u0131n da dijital medya teknolojileri konusundaki yetkinliklerini art\u0131rmay\u0131 hedefliyoruz. Ayr\u0131ca T\u00fcrkiye \u0130leti\u015fim Modeli \u00e7er\u00e7evesinde, dezenformasyonun tespitine y\u00f6nelik fark\u0131ndal\u0131k olu\u015fturman\u0131n yan\u0131 s\u0131ra medya sekt\u00f6r\u00fcnde teknolojik uyumu desteklemeyi ama\u00e7l\u0131yoruz. \u0130leti\u015fim Fak\u00fcltesi bulunmamas\u0131na ra\u011fmen, DE\u00dc\u2019n\u00fcn dijital medya ve dijital teknolojiler konusundaki bilgi, beceri ve tecr\u00fcbelerini \u00f6\u011frencilerle payla\u015fmas\u0131ndan b\u00fcy\u00fck memnuniyet duyuyoruz&#8221; ifadelerini kulland\u0131. &hellip;\" \/>\n<meta property=\"og:url\" content=\"https:\/\/denizcankizil.tr\/uk\/haberler\/gundem\/genc-iletisimciler-dimgi-projesi-ile-sektore-hazirlaniyor\/\" \/>\n<meta property=\"og:site_name\" content=\"Av. Deniz Can K\u0131z\u0131l\" \/>\n<meta property=\"article:published_time\" content=\"2025-02-18T08:41:52+00:00\" \/>\n<meta name=\"author\" content=\"admin\" \/>\n<meta name=\"twitter:card\" content=\"summary_large_image\" \/>\n<meta name=\"twitter:label1\" content=\"\u041d\u0430\u043f\u0438\u0441\u0430\u043d\u043e\" \/>\n\t<meta name=\"twitter:data1\" content=\"admin\" \/>\n\t<meta name=\"twitter:label2\" content=\"\u041f\u0440\u0438\u0431\u043b. \u0447\u0430\u0441 \u0447\u0438\u0442\u0430\u043d\u043d\u044f\" \/>\n\t<meta name=\"twitter:data2\" content=\"8 \u0445\u0432\u0438\u043b\u0438\u043d\" \/>\n<script type=\"application\/ld+json\" class=\"yoast-schema-graph\">{\"@context\":\"https:\/\/schema.org\",\"@graph\":[{\"@type\":\"Article\",\"@id\":\"https:\/\/denizcankizil.tr\/de\/haberler\/gundem\/genc-iletisimciler-dimgi-projesi-ile-sektore-hazirlaniyor\/#article\",\"isPartOf\":{\"@id\":\"https:\/\/denizcankizil.tr\/de\/haberler\/gundem\/genc-iletisimciler-dimgi-projesi-ile-sektore-hazirlaniyor\/\"},\"author\":{\"name\":\"admin\",\"@id\":\"https:\/\/denizcankizil.tr\/#\/schema\/person\/be3c05fe6a12686905512445d8185489\"},\"headline\":\"Gen\u00e7 \u0130leti\u015fimciler, &#8216;D\u0130MG\u0130&#8217; projesi ile sekt\u00f6re haz\u0131rlan\u0131yor\",\"datePublished\":\"2025-02-18T08:41:52+00:00\",\"mainEntityOfPage\":{\"@id\":\"https:\/\/denizcankizil.tr\/de\/haberler\/gundem\/genc-iletisimciler-dimgi-projesi-ile-sektore-hazirlaniyor\/\"},\"wordCount\":1534,\"commentCount\":0,\"publisher\":{\"@id\":\"https:\/\/denizcankizil.tr\/#organization\"},\"articleSection\":[\"G\u00fcndem\"],\"inLanguage\":\"uk\",\"potentialAction\":[{\"@type\":\"CommentAction\",\"name\":\"Comment\",\"target\":[\"https:\/\/denizcankizil.tr\/de\/haberler\/gundem\/genc-iletisimciler-dimgi-projesi-ile-sektore-hazirlaniyor\/#respond\"]}]},{\"@type\":\"WebPage\",\"@id\":\"https:\/\/denizcankizil.tr\/de\/haberler\/gundem\/genc-iletisimciler-dimgi-projesi-ile-sektore-hazirlaniyor\/\",\"url\":\"https:\/\/denizcankizil.tr\/de\/haberler\/gundem\/genc-iletisimciler-dimgi-projesi-ile-sektore-hazirlaniyor\/\",\"name\":\"Gen\u00e7 \u0130leti\u015fimciler, 'D\u0130MG\u0130' projesi ile sekt\u00f6re haz\u0131rlan\u0131yor - Av. Deniz Can K\u0131z\u0131l\",\"isPartOf\":{\"@id\":\"https:\/\/denizcankizil.tr\/#website\"},\"datePublished\":\"2025-02-18T08:41:52+00:00\",\"breadcrumb\":{\"@id\":\"https:\/\/denizcankizil.tr\/de\/haberler\/gundem\/genc-iletisimciler-dimgi-projesi-ile-sektore-hazirlaniyor\/#breadcrumb\"},\"inLanguage\":\"uk\",\"potentialAction\":[{\"@type\":\"ReadAction\",\"target\":[\"https:\/\/denizcankizil.tr\/de\/haberler\/gundem\/genc-iletisimciler-dimgi-projesi-ile-sektore-hazirlaniyor\/\"]}]},{\"@type\":\"BreadcrumbList\",\"@id\":\"https:\/\/denizcankizil.tr\/de\/haberler\/gundem\/genc-iletisimciler-dimgi-projesi-ile-sektore-hazirlaniyor\/#breadcrumb\",\"itemListElement\":[{\"@type\":\"ListItem\",\"position\":1,\"name\":\"Home\",\"item\":\"https:\/\/denizcankizil.tr\/uk\/\"},{\"@type\":\"ListItem\",\"position\":2,\"name\":\"Gen\u00e7 \u0130leti\u015fimciler, &#8216;D\u0130MG\u0130&#8217; projesi ile sekt\u00f6re haz\u0131rlan\u0131yor\"}]},{\"@type\":\"WebSite\",\"@id\":\"https:\/\/denizcankizil.tr\/#website\",\"url\":\"https:\/\/denizcankizil.tr\/\",\"name\":\"Av. Deniz Can K\u0131z\u0131l\",\"description\":\"Avukat Deniz Can K\u0131z\u0131l Antalya Barosu\",\"publisher\":{\"@id\":\"https:\/\/denizcankizil.tr\/#organization\"},\"potentialAction\":[{\"@type\":\"SearchAction\",\"target\":{\"@type\":\"EntryPoint\",\"urlTemplate\":\"https:\/\/denizcankizil.tr\/?s={search_term_string}\"},\"query-input\":{\"@type\":\"PropertyValueSpecification\",\"valueRequired\":true,\"valueName\":\"search_term_string\"}}],\"inLanguage\":\"uk\"},{\"@type\":\"Organization\",\"@id\":\"https:\/\/denizcankizil.tr\/#organization\",\"name\":\"Av. Deniz Can K\u0131z\u0131l\",\"url\":\"https:\/\/denizcankizil.tr\/\",\"logo\":{\"@type\":\"ImageObject\",\"inLanguage\":\"uk\",\"@id\":\"https:\/\/denizcankizil.tr\/#\/schema\/logo\/image\/\",\"url\":\"https:\/\/denizcankizil.tr\/wp-content\/uploads\/2024\/10\/siyah-logo-svg.svg\",\"contentUrl\":\"https:\/\/denizcankizil.tr\/wp-content\/uploads\/2024\/10\/siyah-logo-svg.svg\",\"width\":1080,\"height\":1080,\"caption\":\"Av. Deniz Can K\u0131z\u0131l\"},\"image\":{\"@id\":\"https:\/\/denizcankizil.tr\/#\/schema\/logo\/image\/\"}},{\"@type\":\"Person\",\"@id\":\"https:\/\/denizcankizil.tr\/#\/schema\/person\/be3c05fe6a12686905512445d8185489\",\"name\":\"admin\",\"image\":{\"@type\":\"ImageObject\",\"inLanguage\":\"uk\",\"@id\":\"https:\/\/denizcankizil.tr\/#\/schema\/person\/image\/\",\"url\":\"https:\/\/secure.gravatar.com\/avatar\/c1fce94c830dc79107e174f890d7210541c4a63e8e5d816341794a2151c9d58c?s=96&d=mm&r=g\",\"contentUrl\":\"https:\/\/secure.gravatar.com\/avatar\/c1fce94c830dc79107e174f890d7210541c4a63e8e5d816341794a2151c9d58c?s=96&d=mm&r=g\",\"caption\":\"admin\"},\"sameAs\":[\"http:\/\/denizcankizil.tr\"],\"url\":\"https:\/\/www.iskenderun.org\/genc-iletisimciler-dimgi-projesi-ile-sektore-hazirlaniyor\"}]}<\/script>\n<!-- \/ Yoast SEO Premium plugin. -->","yoast_head_json":{"title":"Gen\u00e7 \u0130leti\u015fimciler, 'D\u0130MG\u0130' projesi ile sekt\u00f6re haz\u0131rlan\u0131yor - Av. Deniz Can K\u0131z\u0131l","robots":{"index":"index","follow":"follow","max-snippet":"max-snippet:-1","max-image-preview":"max-image-preview:large","max-video-preview":"max-video-preview:-1"},"canonical":"https:\/\/denizcankizil.tr\/uk\/haberler\/gundem\/genc-iletisimciler-dimgi-projesi-ile-sektore-hazirlaniyor\/","og_locale":"uk_UA","og_type":"article","og_title":"Gen\u00e7 \u0130leti\u015fimciler, 'D\u0130MG\u0130' projesi ile sekt\u00f6re haz\u0131rlan\u0131yor","og_description":"T.C. Cumhurba\u015fkanl\u0131\u011f\u0131 \u0130leti\u015fim Ba\u015fkanl\u0131\u011f\u0131 \u0130zmir B\u00f6lge M\u00fcd\u00fcrl\u00fc\u011f\u00fc, Avrupa Birli\u011fi Projeleri kapsam\u0131nda ve Dokuz Eyl\u00fcl \u00dcniversitesi (DE\u00dc) \u0130\u015fletme Fak\u00fcltesi \u00d6\u011fretim \u00dcyesi Do\u00e7. Dr. Sumeyra Duman dan\u0131\u015fmanl\u0131\u011f\u0131nda y\u00fcr\u00fct\u00fclecek olan \u2018Dijital Medyan\u0131n \u00d6nc\u00fcleri: Gen\u00e7 \u0130leti\u015fimciler\u2019 (D\u0130MG\u0130) projesini hayata ge\u00e7irdi.\u0130ZM\u0130R (\u0130GFA) &#8211;\u00a0T.C. Cumhurba\u015fkanl\u0131\u011f\u0131 \u0130leti\u015fim Ba\u015fkanl\u0131\u011f\u0131 \u0130zmir B\u00f6lge M\u00fcd\u00fcr\u00fc Cengiz Kutlu Y\u00fcksel, bilgi ve ileti\u015fim teknolojilerinin medya sekt\u00f6r\u00fcnde yo\u011fun kullan\u0131m\u0131na dikkat \u00e7ekerek, &#8220;Konvansiyonel medya ve dijital teknolojilerin birbirine daha fazla entegre oldu\u011funu g\u00f6r\u00fcyoruz. D\u0130MG\u0130 Projesi\u2019nin \u00e7\u0131k\u0131\u015f noktas\u0131, medya sekt\u00f6r\u00fcndeki dijital d\u00f6n\u00fc\u015f\u00fcm ihtiya\u00e7lar\u0131n\u0131 belirleyerek, ileti\u015fim fak\u00fcltesi \u00f6\u011frencilerine yeni medya ara\u00e7lar\u0131 konusunda bilgi ve beceri kazand\u0131rmak oldu. Kamu kurumlar\u0131, \u00fcniversiteler ve medya temsilcilerinin tespit etti\u011fi eksiklikler do\u011frultusunda, \u00f6\u011frenciler i\u00e7in bir akademi e\u011fitimi tasarlad\u0131k. Bu program kapsam\u0131nda, yakla\u015f\u0131k bir y\u0131l boyunca \u00f6\u011frencilere teknoloji ve medya alan\u0131nda yetkinlik kazand\u0131rmay\u0131 ama\u00e7l\u0131yoruz&#8221; dedi. \u201cDE\u00dc \u0130LE \u00c7ALI\u015eMAK ONUR VER\u0130C\u0130\u201d Projenin \u0130zmir ve Manisa illerini kapsad\u0131\u011f\u0131na dikkat \u00e7eken Y\u00fcksel, &#8220;Projenin temel hedef kitlesi ileti\u015fim fak\u00fcltesi \u00f6\u011frencileri olsa da medya temsilcileri, gazeteciler ve yeni medya kullan\u0131c\u0131lar\u0131n\u0131n da dijital medya teknolojileri konusundaki yetkinliklerini art\u0131rmay\u0131 hedefliyoruz. Ayr\u0131ca T\u00fcrkiye \u0130leti\u015fim Modeli \u00e7er\u00e7evesinde, dezenformasyonun tespitine y\u00f6nelik fark\u0131ndal\u0131k olu\u015fturman\u0131n yan\u0131 s\u0131ra medya sekt\u00f6r\u00fcnde teknolojik uyumu desteklemeyi ama\u00e7l\u0131yoruz. \u0130leti\u015fim Fak\u00fcltesi bulunmamas\u0131na ra\u011fmen, DE\u00dc\u2019n\u00fcn dijital medya ve dijital teknolojiler konusundaki bilgi, beceri ve tecr\u00fcbelerini \u00f6\u011frencilerle payla\u015fmas\u0131ndan b\u00fcy\u00fck memnuniyet duyuyoruz&#8221; ifadelerini kulland\u0131. &hellip;","og_url":"https:\/\/denizcankizil.tr\/uk\/haberler\/gundem\/genc-iletisimciler-dimgi-projesi-ile-sektore-hazirlaniyor\/","og_site_name":"Av. Deniz Can K\u0131z\u0131l","article_published_time":"2025-02-18T08:41:52+00:00","author":"admin","twitter_card":"summary_large_image","twitter_misc":{"\u041d\u0430\u043f\u0438\u0441\u0430\u043d\u043e":"admin","\u041f\u0440\u0438\u0431\u043b. \u0447\u0430\u0441 \u0447\u0438\u0442\u0430\u043d\u043d\u044f":"8 \u0445\u0432\u0438\u043b\u0438\u043d"},"schema":{"@context":"https:\/\/schema.org","@graph":[{"@type":"Article","@id":"https:\/\/denizcankizil.tr\/de\/haberler\/gundem\/genc-iletisimciler-dimgi-projesi-ile-sektore-hazirlaniyor\/#article","isPartOf":{"@id":"https:\/\/denizcankizil.tr\/de\/haberler\/gundem\/genc-iletisimciler-dimgi-projesi-ile-sektore-hazirlaniyor\/"},"author":{"name":"admin","@id":"https:\/\/denizcankizil.tr\/#\/schema\/person\/be3c05fe6a12686905512445d8185489"},"headline":"Gen\u00e7 \u0130leti\u015fimciler, &#8216;D\u0130MG\u0130&#8217; projesi ile sekt\u00f6re haz\u0131rlan\u0131yor","datePublished":"2025-02-18T08:41:52+00:00","mainEntityOfPage":{"@id":"https:\/\/denizcankizil.tr\/de\/haberler\/gundem\/genc-iletisimciler-dimgi-projesi-ile-sektore-hazirlaniyor\/"},"wordCount":1534,"commentCount":0,"publisher":{"@id":"https:\/\/denizcankizil.tr\/#organization"},"articleSection":["G\u00fcndem"],"inLanguage":"uk","potentialAction":[{"@type":"CommentAction","name":"Comment","target":["https:\/\/denizcankizil.tr\/de\/haberler\/gundem\/genc-iletisimciler-dimgi-projesi-ile-sektore-hazirlaniyor\/#respond"]}]},{"@type":"WebPage","@id":"https:\/\/denizcankizil.tr\/de\/haberler\/gundem\/genc-iletisimciler-dimgi-projesi-ile-sektore-hazirlaniyor\/","url":"https:\/\/denizcankizil.tr\/de\/haberler\/gundem\/genc-iletisimciler-dimgi-projesi-ile-sektore-hazirlaniyor\/","name":"Gen\u00e7 \u0130leti\u015fimciler, 'D\u0130MG\u0130' projesi ile sekt\u00f6re haz\u0131rlan\u0131yor - Av. Deniz Can K\u0131z\u0131l","isPartOf":{"@id":"https:\/\/denizcankizil.tr\/#website"},"datePublished":"2025-02-18T08:41:52+00:00","breadcrumb":{"@id":"https:\/\/denizcankizil.tr\/de\/haberler\/gundem\/genc-iletisimciler-dimgi-projesi-ile-sektore-hazirlaniyor\/#breadcrumb"},"inLanguage":"uk","potentialAction":[{"@type":"ReadAction","target":["https:\/\/denizcankizil.tr\/de\/haberler\/gundem\/genc-iletisimciler-dimgi-projesi-ile-sektore-hazirlaniyor\/"]}]},{"@type":"BreadcrumbList","@id":"https:\/\/denizcankizil.tr\/de\/haberler\/gundem\/genc-iletisimciler-dimgi-projesi-ile-sektore-hazirlaniyor\/#breadcrumb","itemListElement":[{"@type":"ListItem","position":1,"name":"Home","item":"https:\/\/denizcankizil.tr\/uk\/"},{"@type":"ListItem","position":2,"name":"Gen\u00e7 \u0130leti\u015fimciler, &#8216;D\u0130MG\u0130&#8217; projesi ile sekt\u00f6re haz\u0131rlan\u0131yor"}]},{"@type":"WebSite","@id":"https:\/\/denizcankizil.tr\/#website","url":"https:\/\/denizcankizil.tr\/","name":"Av. Deniz Can K\u0131z\u0131l","description":"Avukat Deniz Can K\u0131z\u0131l Antalya Barosu","publisher":{"@id":"https:\/\/denizcankizil.tr\/#organization"},"potentialAction":[{"@type":"SearchAction","target":{"@type":"EntryPoint","urlTemplate":"https:\/\/denizcankizil.tr\/?s={search_term_string}"},"query-input":{"@type":"PropertyValueSpecification","valueRequired":true,"valueName":"search_term_string"}}],"inLanguage":"uk"},{"@type":"Organization","@id":"https:\/\/denizcankizil.tr\/#organization","name":"Av. Deniz Can K\u0131z\u0131l","url":"https:\/\/denizcankizil.tr\/","logo":{"@type":"ImageObject","inLanguage":"uk","@id":"https:\/\/denizcankizil.tr\/#\/schema\/logo\/image\/","url":"https:\/\/denizcankizil.tr\/wp-content\/uploads\/2024\/10\/siyah-logo-svg.svg","contentUrl":"https:\/\/denizcankizil.tr\/wp-content\/uploads\/2024\/10\/siyah-logo-svg.svg","width":1080,"height":1080,"caption":"Av. Deniz Can K\u0131z\u0131l"},"image":{"@id":"https:\/\/denizcankizil.tr\/#\/schema\/logo\/image\/"}},{"@type":"Person","@id":"https:\/\/denizcankizil.tr\/#\/schema\/person\/be3c05fe6a12686905512445d8185489","name":"\u0430\u0434\u043c\u0456\u043d","image":{"@type":"ImageObject","inLanguage":"uk","@id":"https:\/\/denizcankizil.tr\/#\/schema\/person\/image\/","url":"https:\/\/secure.gravatar.com\/avatar\/c1fce94c830dc79107e174f890d7210541c4a63e8e5d816341794a2151c9d58c?s=96&d=mm&r=g","contentUrl":"https:\/\/secure.gravatar.com\/avatar\/c1fce94c830dc79107e174f890d7210541c4a63e8e5d816341794a2151c9d58c?s=96&d=mm&r=g","caption":"admin"},"sameAs":["http:\/\/denizcankizil.tr"],"url":"https:\/\/www.iskenderun.org\/genc-iletisimciler-dimgi-projesi-ile-sektore-hazirlaniyor"}]}},"_links":{"self":[{"href":"https:\/\/denizcankizil.tr\/uk\/wp-json\/wp\/v2\/posts\/33316","targetHints":{"allow":["GET"]}}],"collection":[{"href":"https:\/\/denizcankizil.tr\/uk\/wp-json\/wp\/v2\/posts"}],"about":[{"href":"https:\/\/denizcankizil.tr\/uk\/wp-json\/wp\/v2\/types\/post"}],"author":[{"embeddable":true,"href":"https:\/\/denizcankizil.tr\/uk\/wp-json\/wp\/v2\/users\/1"}],"replies":[{"embeddable":true,"href":"https:\/\/denizcankizil.tr\/uk\/wp-json\/wp\/v2\/comments?post=33316"}],"version-history":[{"count":0,"href":"https:\/\/denizcankizil.tr\/uk\/wp-json\/wp\/v2\/posts\/33316\/revisions"}],"wp:attachment":[{"href":"https:\/\/denizcankizil.tr\/uk\/wp-json\/wp\/v2\/media?parent=33316"}],"wp:term":[{"taxonomy":"category","embeddable":true,"href":"https:\/\/denizcankizil.tr\/uk\/wp-json\/wp\/v2\/categories?post=33316"},{"taxonomy":"post_tag","embeddable":true,"href":"https:\/\/denizcankizil.tr\/uk\/wp-json\/wp\/v2\/tags?post=33316"}],"curies":[{"name":"wp","href":"https:\/\/api.w.org\/{rel}","templated":true}]}}