{"id":33295,"date":"2025-02-18T10:34:00","date_gmt":"2025-02-18T07:34:00","guid":{"rendered":"https:\/\/denizcankizil.tr\/uncategorized-tr\/kaboglu-secimle-gelen-secimle-gider-avukatlarin-demokratik-iradesine-hic-kimse-mudahale-edemez\/"},"modified":"2025-02-18T10:34:00","modified_gmt":"2025-02-18T07:34:00","slug":"kaboglu-secimle-gelen-secimle-gider-avukatlarin-demokratik-iradesine-hic-kimse-mudahale-edemez","status":"publish","type":"post","link":"https:\/\/denizcankizil.tr\/uk\/hukukihaber\/kaboglu-secimle-gelen-secimle-gider-avukatlarin-demokratik-iradesine-hic-kimse-mudahale-edemez\/","title":{"rendered":"Kabo\u011flu: &#8216;Se\u00e7imle gelen se\u00e7imle gider. Avukatlar\u0131n demokratik iradesine hi\u00e7 kimse m\u00fcdahale edemez&#8217;"},"content":{"rendered":"<p>\u0130stanbul Barosu, \u0130stanbul Cumhuriyet Ba\u015fsavc\u0131l\u0131\u011f\u0131&#8217;nca haz\u0131rlanan Davaname ile \u0130stanbul Barosu Y\u00f6netim Kurulu Ba\u015fkan ve \u00fcyelerinin g\u00f6revlerine son verilmesi, yeni baro ba\u015fkan\u0131 ve y\u00f6netim kurulu \u00fcyeleri se\u00e7ilmesi talebiyle Asliye Hukuk Mahkemesinde dava a\u00e7\u0131lmas\u0131 \u00fczerine, 23 \u015eubat&#8217;ta Ola\u011fan\u00fcst\u00fc Kurultay karar\u0131 al\u0131nd\u0131\u011f\u0131n\u0131 a\u00e7\u0131klam\u0131\u015ft\u0131.<\/p>\n<p>Hali\u00e7 Kongre Merkezi\u2019nde, 23 \u015eubat Pazar g\u00fcn\u00fc yap\u0131lacak genel kurul \u00f6ncesinde Kabo\u011flu, Baronun Beyo\u011flu\u2019ndaki binas\u0131nda gazetecilerle bir araya geldi. Bulu\u015fmada, \u00f6nceki baro ba\u015fkanlar\u0131 ve \u00e7ok say\u0131da avukat da Kabo\u011flu\u2019na e\u015flik etti.<\/p>\n<p>Burada konu\u015fan Kabo\u011flu, &#8220;Se\u00e7imle gelen se\u00e7imle gider. \u0130stanbul Barosu \u00fcyesi avukatlar\u0131n demokratik iradesine hi\u00e7 kimse m\u00fcdahale edemez s\u00f6zleriyle, slogan\u0131yla, kararl\u0131l\u0131\u011f\u0131yla ola\u011fan\u00fcst\u00fc genel kurul \u00e7al\u0131\u015fmalar\u0131n\u0131 birlikte y\u00fcr\u00fct\u00fcyoruz. Pazar ak\u015fam\u0131na kadar birlikte y\u00fcr\u00fctece\u011fiz. Pazar g\u00fcn\u00fc tek muhalefet \u015fu ana kadar hava muhalefeti olarak \u00f6ng\u00f6r\u00fcl\u00fcyor ama pazar g\u00fcn\u00fc sona erecek. Ola\u011fan\u00fcst\u00fc genel kurulda g\u00f6sterece\u011fimiz hukuk yoluyla demokrasi iradesi, ortak irade, hak ve \u00f6zg\u00fcrl\u00fckler, resmi organlar arac\u0131l\u0131\u011f\u0131yla ba\u015fsavc\u0131l\u0131\u011f\u0131n \u00f6nc\u00fcl\u00fck yapt\u0131\u011f\u0131 bu operasyonlar dizisine kar\u015f\u0131, \u0130stanbul Barosu \u00fcyelerinin de\u011fil, yaln\u0131zca T\u00fcrkiye barolar\u0131n\u0131n, ayn\u0131 zamanda Avrupa\u2019dan gelecek olan baro temsilcilerinin de ortak iradesi ile &#8216;hay\u0131r&#8217; diyece\u011fiz&#8221; diye konu\u015ftu.<\/p>\n<p>Genel kurul se\u00e7imsiz olacak<\/p>\n<p>\u0130brahim Kabo\u011flu, gazetecilerle sohbetleri s\u0131ras\u0131nda da pazar g\u00fcn\u00fc yapaca\u011f\u0131 konu\u015fman\u0131n \u00f6nemine dikkat \u00e7ekti. Kurulun se\u00e7imsiz olaca\u011f\u0131n\u0131 belirten Kabo\u011flu, kendisinin kazand\u0131\u011f\u0131 se\u00e7ime giren avukat gruplar\u0131n\u0131n hemen hemen hepsinin kendisine destek verdi\u011fini kaydetti.<\/p>\n<p>\u200b\u0130stanbul Barosu Ba\u015fkan\u0131 Prof. Dr. \u0130brahim Kabo\u011flu, pazar g\u00fcn\u00fc yap\u0131lacak ola\u011fan\u00fcst\u00fc genel kurula ili\u015fkin, &#8220;Se\u00e7imle gelen se\u00e7imle gider. \u0130stanbul Barosu \u00fcyesi avukatlar\u0131n demokratik iradesine hi\u00e7 kimse m\u00fcdahale edemez s\u00f6zleriyle, slogan\u0131yla, kararl\u0131l\u0131\u011f\u0131yla ola\u011fan\u00fcst\u00fc genel kurul \u00e7al\u0131\u015fmalar\u0131n\u0131 birlikte y\u00fcr\u00fct\u00fcyoruz&#8221; dedi.\u00a0Hukuki Haber<\/p>","protected":false},"excerpt":{"rendered":"<p>\u0130stanbul Barosu, \u0130stanbul Cumhuriyet Ba\u015fsavc\u0131l\u0131\u011f\u0131&#8217;nca haz\u0131rlanan Davaname ile \u0130stanbul Barosu Y\u00f6netim Kurulu Ba\u015fkan ve \u00fcyelerinin g\u00f6revlerine son verilmesi, yeni baro ba\u015fkan\u0131 ve y\u00f6netim kurulu \u00fcyeleri se\u00e7ilmesi talebiyle Asliye Hukuk Mahkemesinde dava a\u00e7\u0131lmas\u0131 \u00fczerine, 23 \u015eubat&#8217;ta Ola\u011fan\u00fcst\u00fc Kurultay karar\u0131 al\u0131nd\u0131\u011f\u0131n\u0131 a\u00e7\u0131klam\u0131\u015ft\u0131. Hali\u00e7 Kongre Merkezi\u2019nde, 23 \u015eubat Pazar g\u00fcn\u00fc yap\u0131lacak genel kurul \u00f6ncesinde Kabo\u011flu, Baronun Beyo\u011flu\u2019ndaki binas\u0131nda gazetecilerle bir araya geldi. Bulu\u015fmada, \u00f6nceki baro ba\u015fkanlar\u0131 ve \u00e7ok say\u0131da avukat da Kabo\u011flu\u2019na e\u015flik etti. Burada konu\u015fan Kabo\u011flu, &#8220;Se\u00e7imle gelen se\u00e7imle gider. \u0130stanbul Barosu \u00fcyesi avukatlar\u0131n demokratik iradesine hi\u00e7 kimse m\u00fcdahale edemez s\u00f6zleriyle, slogan\u0131yla, kararl\u0131l\u0131\u011f\u0131yla ola\u011fan\u00fcst\u00fc genel kurul \u00e7al\u0131\u015fmalar\u0131n\u0131 birlikte y\u00fcr\u00fct\u00fcyoruz. Pazar ak\u015fam\u0131na kadar birlikte y\u00fcr\u00fctece\u011fiz. Pazar g\u00fcn\u00fc tek muhalefet \u015fu ana kadar hava muhalefeti olarak \u00f6ng\u00f6r\u00fcl\u00fcyor ama pazar g\u00fcn\u00fc sona erecek. Ola\u011fan\u00fcst\u00fc genel kurulda g\u00f6sterece\u011fimiz hukuk yoluyla demokrasi iradesi, ortak irade, hak ve \u00f6zg\u00fcrl\u00fckler, resmi organlar arac\u0131l\u0131\u011f\u0131yla ba\u015fsavc\u0131l\u0131\u011f\u0131n \u00f6nc\u00fcl\u00fck yapt\u0131\u011f\u0131 bu operasyonlar dizisine kar\u015f\u0131, \u0130stanbul Barosu \u00fcyelerinin de\u011fil, yaln\u0131zca T\u00fcrkiye barolar\u0131n\u0131n, ayn\u0131 zamanda Avrupa\u2019dan gelecek olan baro temsilcilerinin de ortak iradesi ile &#8216;hay\u0131r&#8217; diyece\u011fiz&#8221; diye konu\u015ftu. Genel kurul se\u00e7imsiz olacak \u0130brahim Kabo\u011flu, gazetecilerle sohbetleri s\u0131ras\u0131nda da pazar g\u00fcn\u00fc yapaca\u011f\u0131 konu\u015fman\u0131n \u00f6nemine dikkat \u00e7ekti. Kurulun se\u00e7imsiz olaca\u011f\u0131n\u0131 belirten Kabo\u011flu, kendisinin kazand\u0131\u011f\u0131 se\u00e7ime giren avukat gruplar\u0131n\u0131n hemen hemen hepsinin kendisine destek verdi\u011fini kaydetti. \u200b\u0130stanbul Barosu &hellip;<\/p>","protected":false},"author":3,"featured_media":0,"comment_status":"open","ping_status":"open","sticky":false,"template":"","format":"standard","meta":{"_acf_changed":false,"footnotes":""},"categories":[27],"tags":[],"class_list":["post-33295","post","type-post","status-publish","format-standard","has-post-thumbnail","hentry","category-hukukihaber"],"acf":[],"yoast_head":"<!-- This site is optimized with the Yoast SEO Premium plugin v26.6 (Yoast SEO v27.1.1) - https:\/\/yoast.com\/product\/yoast-seo-premium-wordpress\/ -->\n<title>Kabo\u011flu: &#039;Se\u00e7imle gelen se\u00e7imle gider. Avukatlar\u0131n demokratik iradesine hi\u00e7 kimse m\u00fcdahale edemez&#039; - Av. Deniz Can K\u0131z\u0131l<\/title>\n<meta name=\"robots\" content=\"index, follow, max-snippet:-1, max-image-preview:large, max-video-preview:-1\" \/>\n<link rel=\"canonical\" href=\"https:\/\/denizcankizil.tr\/uk\/hukukihaber\/kaboglu-secimle-gelen-secimle-gider-avukatlarin-demokratik-iradesine-hic-kimse-mudahale-edemez\/\" \/>\n<meta property=\"og:locale\" content=\"uk_UA\" \/>\n<meta property=\"og:type\" content=\"article\" \/>\n<meta property=\"og:title\" content=\"Kabo\u011flu: &#039;Se\u00e7imle gelen se\u00e7imle gider. Avukatlar\u0131n demokratik iradesine hi\u00e7 kimse m\u00fcdahale edemez&#039;\" \/>\n<meta property=\"og:description\" content=\"\u0130stanbul Barosu, \u0130stanbul Cumhuriyet Ba\u015fsavc\u0131l\u0131\u011f\u0131&#8217;nca haz\u0131rlanan Davaname ile \u0130stanbul Barosu Y\u00f6netim Kurulu Ba\u015fkan ve \u00fcyelerinin g\u00f6revlerine son verilmesi, yeni baro ba\u015fkan\u0131 ve y\u00f6netim kurulu \u00fcyeleri se\u00e7ilmesi talebiyle Asliye Hukuk Mahkemesinde dava a\u00e7\u0131lmas\u0131 \u00fczerine, 23 \u015eubat&#8217;ta Ola\u011fan\u00fcst\u00fc Kurultay karar\u0131 al\u0131nd\u0131\u011f\u0131n\u0131 a\u00e7\u0131klam\u0131\u015ft\u0131. Hali\u00e7 Kongre Merkezi\u2019nde, 23 \u015eubat Pazar g\u00fcn\u00fc yap\u0131lacak genel kurul \u00f6ncesinde Kabo\u011flu, Baronun Beyo\u011flu\u2019ndaki binas\u0131nda gazetecilerle bir araya geldi. Bulu\u015fmada, \u00f6nceki baro ba\u015fkanlar\u0131 ve \u00e7ok say\u0131da avukat da Kabo\u011flu\u2019na e\u015flik etti. Burada konu\u015fan Kabo\u011flu, &#8220;Se\u00e7imle gelen se\u00e7imle gider. \u0130stanbul Barosu \u00fcyesi avukatlar\u0131n demokratik iradesine hi\u00e7 kimse m\u00fcdahale edemez s\u00f6zleriyle, slogan\u0131yla, kararl\u0131l\u0131\u011f\u0131yla ola\u011fan\u00fcst\u00fc genel kurul \u00e7al\u0131\u015fmalar\u0131n\u0131 birlikte y\u00fcr\u00fct\u00fcyoruz. Pazar ak\u015fam\u0131na kadar birlikte y\u00fcr\u00fctece\u011fiz. Pazar g\u00fcn\u00fc tek muhalefet \u015fu ana kadar hava muhalefeti olarak \u00f6ng\u00f6r\u00fcl\u00fcyor ama pazar g\u00fcn\u00fc sona erecek. Ola\u011fan\u00fcst\u00fc genel kurulda g\u00f6sterece\u011fimiz hukuk yoluyla demokrasi iradesi, ortak irade, hak ve \u00f6zg\u00fcrl\u00fckler, resmi organlar arac\u0131l\u0131\u011f\u0131yla ba\u015fsavc\u0131l\u0131\u011f\u0131n \u00f6nc\u00fcl\u00fck yapt\u0131\u011f\u0131 bu operasyonlar dizisine kar\u015f\u0131, \u0130stanbul Barosu \u00fcyelerinin de\u011fil, yaln\u0131zca T\u00fcrkiye barolar\u0131n\u0131n, ayn\u0131 zamanda Avrupa\u2019dan gelecek olan baro temsilcilerinin de ortak iradesi ile &#8216;hay\u0131r&#8217; diyece\u011fiz&#8221; diye konu\u015ftu. Genel kurul se\u00e7imsiz olacak \u0130brahim Kabo\u011flu, gazetecilerle sohbetleri s\u0131ras\u0131nda da pazar g\u00fcn\u00fc yapaca\u011f\u0131 konu\u015fman\u0131n \u00f6nemine dikkat \u00e7ekti. Kurulun se\u00e7imsiz olaca\u011f\u0131n\u0131 belirten Kabo\u011flu, kendisinin kazand\u0131\u011f\u0131 se\u00e7ime giren avukat gruplar\u0131n\u0131n hemen hemen hepsinin kendisine destek verdi\u011fini kaydetti. \u200b\u0130stanbul Barosu &hellip;\" \/>\n<meta property=\"og:url\" content=\"https:\/\/denizcankizil.tr\/uk\/hukukihaber\/kaboglu-secimle-gelen-secimle-gider-avukatlarin-demokratik-iradesine-hic-kimse-mudahale-edemez\/\" \/>\n<meta property=\"og:site_name\" content=\"Av. Deniz Can K\u0131z\u0131l\" \/>\n<meta property=\"article:published_time\" content=\"2025-02-18T07:34:00+00:00\" \/>\n<meta name=\"author\" content=\"Hukuki Haber.net\" \/>\n<meta name=\"twitter:card\" content=\"summary_large_image\" \/>\n<meta name=\"twitter:label1\" content=\"\u041d\u0430\u043f\u0438\u0441\u0430\u043d\u043e\" \/>\n\t<meta name=\"twitter:data1\" content=\"Hukuki Haber.net\" \/>\n\t<meta name=\"twitter:label2\" content=\"\u041f\u0440\u0438\u0431\u043b. \u0447\u0430\u0441 \u0447\u0438\u0442\u0430\u043d\u043d\u044f\" \/>\n\t<meta name=\"twitter:data2\" content=\"2 \u0445\u0432\u0438\u043b\u0438\u043d\u0438\" \/>\n<script type=\"application\/ld+json\" class=\"yoast-schema-graph\">{\"@context\":\"https:\/\/schema.org\",\"@graph\":[{\"@type\":\"Article\",\"@id\":\"https:\/\/denizcankizil.tr\/uk\/hukukihaber\/kaboglu-secimle-gelen-secimle-gider-avukatlarin-demokratik-iradesine-hic-kimse-mudahale-edemez\/#article\",\"isPartOf\":{\"@id\":\"https:\/\/denizcankizil.tr\/uk\/hukukihaber\/kaboglu-secimle-gelen-secimle-gider-avukatlarin-demokratik-iradesine-hic-kimse-mudahale-edemez\/\"},\"author\":{\"name\":\"Hukuki Haber.net\",\"@id\":\"https:\/\/denizcankizil.tr\/de\/#\/schema\/person\/001a271de994a0aa3f90eea084424822\"},\"headline\":\"Kabo\u011flu: &#8216;Se\u00e7imle gelen se\u00e7imle gider. Avukatlar\u0131n demokratik iradesine hi\u00e7 kimse m\u00fcdahale edemez&#8217;\",\"datePublished\":\"2025-02-18T07:34:00+00:00\",\"mainEntityOfPage\":{\"@id\":\"https:\/\/denizcankizil.tr\/uk\/hukukihaber\/kaboglu-secimle-gelen-secimle-gider-avukatlarin-demokratik-iradesine-hic-kimse-mudahale-edemez\/\"},\"wordCount\":369,\"commentCount\":0,\"publisher\":{\"@id\":\"https:\/\/denizcankizil.tr\/de\/#organization\"},\"articleSection\":[\"Hukuki Haberler\"],\"inLanguage\":\"uk\",\"potentialAction\":[{\"@type\":\"CommentAction\",\"name\":\"Comment\",\"target\":[\"https:\/\/denizcankizil.tr\/uk\/hukukihaber\/kaboglu-secimle-gelen-secimle-gider-avukatlarin-demokratik-iradesine-hic-kimse-mudahale-edemez\/#respond\"]}]},{\"@type\":\"WebPage\",\"@id\":\"https:\/\/denizcankizil.tr\/uk\/hukukihaber\/kaboglu-secimle-gelen-secimle-gider-avukatlarin-demokratik-iradesine-hic-kimse-mudahale-edemez\/\",\"url\":\"https:\/\/denizcankizil.tr\/uk\/hukukihaber\/kaboglu-secimle-gelen-secimle-gider-avukatlarin-demokratik-iradesine-hic-kimse-mudahale-edemez\/\",\"name\":\"Kabo\u011flu: 'Se\u00e7imle gelen se\u00e7imle gider. Avukatlar\u0131n demokratik iradesine hi\u00e7 kimse m\u00fcdahale edemez' - Av. Deniz Can K\u0131z\u0131l\",\"isPartOf\":{\"@id\":\"https:\/\/denizcankizil.tr\/de\/#website\"},\"datePublished\":\"2025-02-18T07:34:00+00:00\",\"breadcrumb\":{\"@id\":\"https:\/\/denizcankizil.tr\/uk\/hukukihaber\/kaboglu-secimle-gelen-secimle-gider-avukatlarin-demokratik-iradesine-hic-kimse-mudahale-edemez\/#breadcrumb\"},\"inLanguage\":\"uk\",\"potentialAction\":[{\"@type\":\"ReadAction\",\"target\":[\"https:\/\/denizcankizil.tr\/uk\/hukukihaber\/kaboglu-secimle-gelen-secimle-gider-avukatlarin-demokratik-iradesine-hic-kimse-mudahale-edemez\/\"]}]},{\"@type\":\"BreadcrumbList\",\"@id\":\"https:\/\/denizcankizil.tr\/uk\/hukukihaber\/kaboglu-secimle-gelen-secimle-gider-avukatlarin-demokratik-iradesine-hic-kimse-mudahale-edemez\/#breadcrumb\",\"itemListElement\":[{\"@type\":\"ListItem\",\"position\":1,\"name\":\"Home\",\"item\":\"https:\/\/denizcankizil.tr\/de\/\"},{\"@type\":\"ListItem\",\"position\":2,\"name\":\"Kabo\u011flu: &#8216;Se\u00e7imle gelen se\u00e7imle gider. Avukatlar\u0131n demokratik iradesine hi\u00e7 kimse m\u00fcdahale edemez&#8217;\"}]},{\"@type\":\"WebSite\",\"@id\":\"https:\/\/denizcankizil.tr\/de\/#website\",\"url\":\"https:\/\/denizcankizil.tr\/de\/\",\"name\":\"Av. Deniz Can K\u0131z\u0131l\",\"description\":\"Avukat Deniz Can K\u0131z\u0131l Antalya Barosu\",\"publisher\":{\"@id\":\"https:\/\/denizcankizil.tr\/de\/#organization\"},\"potentialAction\":[{\"@type\":\"SearchAction\",\"target\":{\"@type\":\"EntryPoint\",\"urlTemplate\":\"https:\/\/denizcankizil.tr\/de\/?s={search_term_string}\"},\"query-input\":{\"@type\":\"PropertyValueSpecification\",\"valueRequired\":true,\"valueName\":\"search_term_string\"}}],\"inLanguage\":\"uk\"},{\"@type\":\"Organization\",\"@id\":\"https:\/\/denizcankizil.tr\/de\/#organization\",\"name\":\"Av. Deniz Can K\u0131z\u0131l\",\"url\":\"https:\/\/denizcankizil.tr\/de\/\",\"logo\":{\"@type\":\"ImageObject\",\"inLanguage\":\"uk\",\"@id\":\"https:\/\/denizcankizil.tr\/de\/#\/schema\/logo\/image\/\",\"url\":\"https:\/\/denizcankizil.tr\/wp-content\/uploads\/2024\/10\/siyah-logo-svg.svg\",\"contentUrl\":\"https:\/\/denizcankizil.tr\/wp-content\/uploads\/2024\/10\/siyah-logo-svg.svg\",\"width\":1080,\"height\":1080,\"caption\":\"Av. Deniz Can K\u0131z\u0131l\"},\"image\":{\"@id\":\"https:\/\/denizcankizil.tr\/de\/#\/schema\/logo\/image\/\"}},{\"@type\":\"Person\",\"@id\":\"https:\/\/denizcankizil.tr\/de\/#\/schema\/person\/001a271de994a0aa3f90eea084424822\",\"name\":\"Hukuki Haber.net\",\"image\":{\"@type\":\"ImageObject\",\"inLanguage\":\"uk\",\"@id\":\"https:\/\/denizcankizil.tr\/de\/#\/schema\/person\/image\/\",\"url\":\"https:\/\/secure.gravatar.com\/avatar\/57d8a49151495586611a149d29fc42865b951dc053a84709a3172ccb5abf3118?s=96&d=mm&r=g\",\"contentUrl\":\"https:\/\/secure.gravatar.com\/avatar\/57d8a49151495586611a149d29fc42865b951dc053a84709a3172ccb5abf3118?s=96&d=mm&r=g\",\"caption\":\"Hukuki Haber.net\"},\"sameAs\":[\"http:\/\/www.hukukihaber.net\"],\"url\":\"https:\/\/www.hukukihaber.net\/kaboglu-secimle-gelen-secimle-gider-avukatlarin-demokratik-iradesine-hic-kimse-mudahale-edemez\"}]}<\/script>\n<!-- \/ Yoast SEO Premium plugin. -->","yoast_head_json":{"title":"Kabo\u011flu: 'Se\u00e7imle gelen se\u00e7imle gider. Avukatlar\u0131n demokratik iradesine hi\u00e7 kimse m\u00fcdahale edemez' - Av. Deniz Can K\u0131z\u0131l","robots":{"index":"index","follow":"follow","max-snippet":"max-snippet:-1","max-image-preview":"max-image-preview:large","max-video-preview":"max-video-preview:-1"},"canonical":"https:\/\/denizcankizil.tr\/uk\/hukukihaber\/kaboglu-secimle-gelen-secimle-gider-avukatlarin-demokratik-iradesine-hic-kimse-mudahale-edemez\/","og_locale":"uk_UA","og_type":"article","og_title":"Kabo\u011flu: 'Se\u00e7imle gelen se\u00e7imle gider. Avukatlar\u0131n demokratik iradesine hi\u00e7 kimse m\u00fcdahale edemez'","og_description":"\u0130stanbul Barosu, \u0130stanbul Cumhuriyet Ba\u015fsavc\u0131l\u0131\u011f\u0131&#8217;nca haz\u0131rlanan Davaname ile \u0130stanbul Barosu Y\u00f6netim Kurulu Ba\u015fkan ve \u00fcyelerinin g\u00f6revlerine son verilmesi, yeni baro ba\u015fkan\u0131 ve y\u00f6netim kurulu \u00fcyeleri se\u00e7ilmesi talebiyle Asliye Hukuk Mahkemesinde dava a\u00e7\u0131lmas\u0131 \u00fczerine, 23 \u015eubat&#8217;ta Ola\u011fan\u00fcst\u00fc Kurultay karar\u0131 al\u0131nd\u0131\u011f\u0131n\u0131 a\u00e7\u0131klam\u0131\u015ft\u0131. Hali\u00e7 Kongre Merkezi\u2019nde, 23 \u015eubat Pazar g\u00fcn\u00fc yap\u0131lacak genel kurul \u00f6ncesinde Kabo\u011flu, Baronun Beyo\u011flu\u2019ndaki binas\u0131nda gazetecilerle bir araya geldi. Bulu\u015fmada, \u00f6nceki baro ba\u015fkanlar\u0131 ve \u00e7ok say\u0131da avukat da Kabo\u011flu\u2019na e\u015flik etti. Burada konu\u015fan Kabo\u011flu, &#8220;Se\u00e7imle gelen se\u00e7imle gider. \u0130stanbul Barosu \u00fcyesi avukatlar\u0131n demokratik iradesine hi\u00e7 kimse m\u00fcdahale edemez s\u00f6zleriyle, slogan\u0131yla, kararl\u0131l\u0131\u011f\u0131yla ola\u011fan\u00fcst\u00fc genel kurul \u00e7al\u0131\u015fmalar\u0131n\u0131 birlikte y\u00fcr\u00fct\u00fcyoruz. Pazar ak\u015fam\u0131na kadar birlikte y\u00fcr\u00fctece\u011fiz. Pazar g\u00fcn\u00fc tek muhalefet \u015fu ana kadar hava muhalefeti olarak \u00f6ng\u00f6r\u00fcl\u00fcyor ama pazar g\u00fcn\u00fc sona erecek. Ola\u011fan\u00fcst\u00fc genel kurulda g\u00f6sterece\u011fimiz hukuk yoluyla demokrasi iradesi, ortak irade, hak ve \u00f6zg\u00fcrl\u00fckler, resmi organlar arac\u0131l\u0131\u011f\u0131yla ba\u015fsavc\u0131l\u0131\u011f\u0131n \u00f6nc\u00fcl\u00fck yapt\u0131\u011f\u0131 bu operasyonlar dizisine kar\u015f\u0131, \u0130stanbul Barosu \u00fcyelerinin de\u011fil, yaln\u0131zca T\u00fcrkiye barolar\u0131n\u0131n, ayn\u0131 zamanda Avrupa\u2019dan gelecek olan baro temsilcilerinin de ortak iradesi ile &#8216;hay\u0131r&#8217; diyece\u011fiz&#8221; diye konu\u015ftu. Genel kurul se\u00e7imsiz olacak \u0130brahim Kabo\u011flu, gazetecilerle sohbetleri s\u0131ras\u0131nda da pazar g\u00fcn\u00fc yapaca\u011f\u0131 konu\u015fman\u0131n \u00f6nemine dikkat \u00e7ekti. Kurulun se\u00e7imsiz olaca\u011f\u0131n\u0131 belirten Kabo\u011flu, kendisinin kazand\u0131\u011f\u0131 se\u00e7ime giren avukat gruplar\u0131n\u0131n hemen hemen hepsinin kendisine destek verdi\u011fini kaydetti. \u200b\u0130stanbul Barosu &hellip;","og_url":"https:\/\/denizcankizil.tr\/uk\/hukukihaber\/kaboglu-secimle-gelen-secimle-gider-avukatlarin-demokratik-iradesine-hic-kimse-mudahale-edemez\/","og_site_name":"Av. Deniz Can K\u0131z\u0131l","article_published_time":"2025-02-18T07:34:00+00:00","author":"Hukuki Haber.net","twitter_card":"summary_large_image","twitter_misc":{"\u041d\u0430\u043f\u0438\u0441\u0430\u043d\u043e":"Hukuki Haber.net","\u041f\u0440\u0438\u0431\u043b. \u0447\u0430\u0441 \u0447\u0438\u0442\u0430\u043d\u043d\u044f":"2 \u0445\u0432\u0438\u043b\u0438\u043d\u0438"},"schema":{"@context":"https:\/\/schema.org","@graph":[{"@type":"Article","@id":"https:\/\/denizcankizil.tr\/uk\/hukukihaber\/kaboglu-secimle-gelen-secimle-gider-avukatlarin-demokratik-iradesine-hic-kimse-mudahale-edemez\/#article","isPartOf":{"@id":"https:\/\/denizcankizil.tr\/uk\/hukukihaber\/kaboglu-secimle-gelen-secimle-gider-avukatlarin-demokratik-iradesine-hic-kimse-mudahale-edemez\/"},"author":{"name":"Hukuki Haber.net","@id":"https:\/\/denizcankizil.tr\/de\/#\/schema\/person\/001a271de994a0aa3f90eea084424822"},"headline":"Kabo\u011flu: &#8216;Se\u00e7imle gelen se\u00e7imle gider. Avukatlar\u0131n demokratik iradesine hi\u00e7 kimse m\u00fcdahale edemez&#8217;","datePublished":"2025-02-18T07:34:00+00:00","mainEntityOfPage":{"@id":"https:\/\/denizcankizil.tr\/uk\/hukukihaber\/kaboglu-secimle-gelen-secimle-gider-avukatlarin-demokratik-iradesine-hic-kimse-mudahale-edemez\/"},"wordCount":369,"commentCount":0,"publisher":{"@id":"https:\/\/denizcankizil.tr\/de\/#organization"},"articleSection":["Hukuki Haberler"],"inLanguage":"uk","potentialAction":[{"@type":"CommentAction","name":"Comment","target":["https:\/\/denizcankizil.tr\/uk\/hukukihaber\/kaboglu-secimle-gelen-secimle-gider-avukatlarin-demokratik-iradesine-hic-kimse-mudahale-edemez\/#respond"]}]},{"@type":"WebPage","@id":"https:\/\/denizcankizil.tr\/uk\/hukukihaber\/kaboglu-secimle-gelen-secimle-gider-avukatlarin-demokratik-iradesine-hic-kimse-mudahale-edemez\/","url":"https:\/\/denizcankizil.tr\/uk\/hukukihaber\/kaboglu-secimle-gelen-secimle-gider-avukatlarin-demokratik-iradesine-hic-kimse-mudahale-edemez\/","name":"Kabo\u011flu: 'Se\u00e7imle gelen se\u00e7imle gider. Avukatlar\u0131n demokratik iradesine hi\u00e7 kimse m\u00fcdahale edemez' - Av. Deniz Can K\u0131z\u0131l","isPartOf":{"@id":"https:\/\/denizcankizil.tr\/de\/#website"},"datePublished":"2025-02-18T07:34:00+00:00","breadcrumb":{"@id":"https:\/\/denizcankizil.tr\/uk\/hukukihaber\/kaboglu-secimle-gelen-secimle-gider-avukatlarin-demokratik-iradesine-hic-kimse-mudahale-edemez\/#breadcrumb"},"inLanguage":"uk","potentialAction":[{"@type":"ReadAction","target":["https:\/\/denizcankizil.tr\/uk\/hukukihaber\/kaboglu-secimle-gelen-secimle-gider-avukatlarin-demokratik-iradesine-hic-kimse-mudahale-edemez\/"]}]},{"@type":"BreadcrumbList","@id":"https:\/\/denizcankizil.tr\/uk\/hukukihaber\/kaboglu-secimle-gelen-secimle-gider-avukatlarin-demokratik-iradesine-hic-kimse-mudahale-edemez\/#breadcrumb","itemListElement":[{"@type":"ListItem","position":1,"name":"Home","item":"https:\/\/denizcankizil.tr\/de\/"},{"@type":"ListItem","position":2,"name":"Kabo\u011flu: &#8216;Se\u00e7imle gelen se\u00e7imle gider. Avukatlar\u0131n demokratik iradesine hi\u00e7 kimse m\u00fcdahale edemez&#8217;"}]},{"@type":"WebSite","@id":"https:\/\/denizcankizil.tr\/de\/#website","url":"https:\/\/denizcankizil.tr\/de\/","name":"Av. Deniz Can K\u0131z\u0131l","description":"Avukat Deniz Can K\u0131z\u0131l Antalya Barosu","publisher":{"@id":"https:\/\/denizcankizil.tr\/de\/#organization"},"potentialAction":[{"@type":"SearchAction","target":{"@type":"EntryPoint","urlTemplate":"https:\/\/denizcankizil.tr\/de\/?s={search_term_string}"},"query-input":{"@type":"PropertyValueSpecification","valueRequired":true,"valueName":"search_term_string"}}],"inLanguage":"uk"},{"@type":"Organization","@id":"https:\/\/denizcankizil.tr\/de\/#organization","name":"Av. Deniz Can K\u0131z\u0131l","url":"https:\/\/denizcankizil.tr\/de\/","logo":{"@type":"ImageObject","inLanguage":"uk","@id":"https:\/\/denizcankizil.tr\/de\/#\/schema\/logo\/image\/","url":"https:\/\/denizcankizil.tr\/wp-content\/uploads\/2024\/10\/siyah-logo-svg.svg","contentUrl":"https:\/\/denizcankizil.tr\/wp-content\/uploads\/2024\/10\/siyah-logo-svg.svg","width":1080,"height":1080,"caption":"Av. Deniz Can K\u0131z\u0131l"},"image":{"@id":"https:\/\/denizcankizil.tr\/de\/#\/schema\/logo\/image\/"}},{"@type":"Person","@id":"https:\/\/denizcankizil.tr\/de\/#\/schema\/person\/001a271de994a0aa3f90eea084424822","name":"Hukuki Haber.net","image":{"@type":"ImageObject","inLanguage":"uk","@id":"https:\/\/denizcankizil.tr\/de\/#\/schema\/person\/image\/","url":"https:\/\/secure.gravatar.com\/avatar\/57d8a49151495586611a149d29fc42865b951dc053a84709a3172ccb5abf3118?s=96&d=mm&r=g","contentUrl":"https:\/\/secure.gravatar.com\/avatar\/57d8a49151495586611a149d29fc42865b951dc053a84709a3172ccb5abf3118?s=96&d=mm&r=g","caption":"Hukuki Haber.net"},"sameAs":["http:\/\/www.hukukihaber.net"],"url":"https:\/\/www.hukukihaber.net\/kaboglu-secimle-gelen-secimle-gider-avukatlarin-demokratik-iradesine-hic-kimse-mudahale-edemez"}]}},"_links":{"self":[{"href":"https:\/\/denizcankizil.tr\/uk\/wp-json\/wp\/v2\/posts\/33295","targetHints":{"allow":["GET"]}}],"collection":[{"href":"https:\/\/denizcankizil.tr\/uk\/wp-json\/wp\/v2\/posts"}],"about":[{"href":"https:\/\/denizcankizil.tr\/uk\/wp-json\/wp\/v2\/types\/post"}],"author":[{"embeddable":true,"href":"https:\/\/denizcankizil.tr\/uk\/wp-json\/wp\/v2\/users\/3"}],"replies":[{"embeddable":true,"href":"https:\/\/denizcankizil.tr\/uk\/wp-json\/wp\/v2\/comments?post=33295"}],"version-history":[{"count":0,"href":"https:\/\/denizcankizil.tr\/uk\/wp-json\/wp\/v2\/posts\/33295\/revisions"}],"wp:attachment":[{"href":"https:\/\/denizcankizil.tr\/uk\/wp-json\/wp\/v2\/media?parent=33295"}],"wp:term":[{"taxonomy":"category","embeddable":true,"href":"https:\/\/denizcankizil.tr\/uk\/wp-json\/wp\/v2\/categories?post=33295"},{"taxonomy":"post_tag","embeddable":true,"href":"https:\/\/denizcankizil.tr\/uk\/wp-json\/wp\/v2\/tags?post=33295"}],"curies":[{"name":"wp","href":"https:\/\/api.w.org\/{rel}","templated":true}]}}