{"id":33256,"date":"2025-02-17T23:41:33","date_gmt":"2025-02-17T20:41:33","guid":{"rendered":"https:\/\/denizcankizil.tr\/uncategorized-tr\/muhittin-bocek-4-etap-rayli-sistemin-temelinin-atilacagi-tarihi-duyurdu\/"},"modified":"2025-02-17T23:41:33","modified_gmt":"2025-02-17T20:41:33","slug":"muhittin-bocek-4-etap-rayli-sistemin-temelinin-atilacagi-tarihi-duyurdu","status":"publish","type":"post","link":"https:\/\/denizcankizil.tr\/uk\/haberler\/gundem\/muhittin-bocek-4-etap-rayli-sistemin-temelinin-atilacagi-tarihi-duyurdu\/","title":{"rendered":"Muhittin B\u00f6cek 4. Etap Rayl\u0131 Sistem&#8217;in temelinin at\u0131laca\u011f\u0131 tarihi duyurdu"},"content":{"rendered":"<p>Antalya B\u00fcy\u00fck\u015fehir Belediye Ba\u015fkan\u0131 Muhittin B\u00f6cek, VTV Televizyonu&#8217;nda Ali Buldu&#8217;nun haz\u0131rlay\u0131p sundu\u011fu Y\u00fcksek Tansiyon program\u0131nda ula\u015f\u0131mla ilgili sorulara cevap verdi. B\u00f6cek, 4. Etap Rayl\u0131 Sistem\u2019in temelinin May\u0131s ay\u0131na kadar at\u0131lmaya \u00e7al\u0131\u015f\u0131ld\u0131\u011f\u0131n\u0131 ve projenin 2028 y\u0131l\u0131nda tamamlanaca\u011f\u0131n\u0131 a\u00e7\u0131klad\u0131. Ayr\u0131ca 6.Etap Rayl\u0131 Sistem&#8217;in D\u00f6\u015femealt\u0131 ile Organize Sanayi B\u00f6lgesi&#8217;nden ge\u00e7ece\u011finin bilgisini payla\u015ft\u0131.\u00a0\u00a0<\/p>\n<p>MUH\u0130TT\u0130N B\u00d6CEK \u00d6NEML\u0130 A\u00c7IKLAMALARDA BULUNDU\u00a0<\/p>\n<p>Ba\u015fkan B\u00f6cek, 2019 y\u0131l\u0131ndan bu yana ara\u00e7 say\u0131s\u0131nda n\u00fcfustan daha fazla bir art\u0131\u015f oldu\u011funu belirterek, \u201cAntalya\u2019da kay\u0131tl\u0131 ara\u00e7 say\u0131s\u0131 1 milyon 571 bin. 2019 y\u0131l\u0131nda bu yana kay\u0131tl\u0131 ara\u00e7 500 bin 494 artt\u0131. Bug\u00fcne kadar n\u00fcfus ise 200 bin artt\u0131. N\u00fcfustan daha fazla ara\u00e7 art\u0131. Her iki ki\u015fiye 1 ara\u00e7 d\u00fc\u015f\u00fcyor. 148 ak\u0131ll\u0131 kav\u015fak yapt\u0131k. 1 y\u0131lda 23 kav\u015fak birden ekledik. 3 bin 106 kilometre toplam yol var Antalya\u2019da. Bunun 2 bin 809 kilometresi k\u0131rsalda ve 297 kilometresi de kent i\u00e7inde. \u0130kinci etap 379 milyon yani 28 milyon Euro bug\u00fcn Expo ya giden 1 milyon TL bug\u00fcnk\u00fc para ile 3. Etab\u0131 y\u00fczde 43 ile devrald\u0131k. Sonu\u00e7 olarak oray\u0131 tamamlad\u0131k\u201d dedi.\u00a0<\/p>\n<p>2028 YILINDA B\u0130T\u0130R\u0130LECEK\u00a0<\/p>\n<p>4.Etap Rayl\u0131 sistemleri i\u00e7in haz\u0131rl\u0131klara ba\u015flad\u0131klar\u0131n\u0131 belirten B\u00f6cek, \u201d\u015eimdi 4. Etap Konyaalt\u0131-Varsak ihalesi tamamland\u0131. 12 milyar 435 milyon TL olarak s\u00f6zle\u015fme bedeli belirlendi. \u00d6n\u00fcm\u00fczdeki g\u00fcnlerde ba\u015flayacak olan projenin 15 \u015eubat 2028 de tamamlanacak. Toplam 18 kilometre olacak ve bunun 5 bu\u00e7uk kilometresi yerin alt\u0131nda ge\u00e7ecek. Kendi \u00f6z kaynaklar\u0131m\u0131z ile May\u0131s\u2019\u0131 bulur muyuz bilmiyorum ama temelini ataca\u011f\u0131z. \u0130lk olarak il Sa\u011fl\u0131k M\u00fcd\u00fcrl\u00fc\u011f\u00fc\u2019nden ba\u015flayaca\u011f\u0131z\u201d diye konu\u015ftu.\u00a0<\/p>\n<p>5.ETAP \u0130\u00c7\u0130N \u00c7ALI\u015eMALARA BA\u015eLANDI\u00a0<\/p>\n<p>5.Etap Rayl\u0131 Sistemi i\u00e7in haz\u0131rl\u0131klara ba\u015fland\u0131\u011f\u0131n\u0131 belirten B\u00f6cek, \u201cFalez Otel ile Antalyaspor Kav\u015fa\u011f\u0131ndaki trafi\u011fi yerin alt\u0131na al\u0131yoruz. Yani \u00e7ok b\u00fcy\u00fck bir meydan kazand\u0131r\u0131yoruz oraya. 5.Etap Konyaalt\u0131 Lara- Kundu hatt\u0131 22 kilometresinin 6 kilometresi yer alt\u0131nda ge\u00e7ecek. Bakanl\u0131ktan \u00f6n onaylar\u0131 al\u0131nd\u0131. Uygulama projeleri de \u015fu anda haz\u0131rlan\u0131yor\u201d ifadelerini kulland\u0131.\u00a0<\/p>\n<p>D\u00d6\u015eEMEALTI VE ORGAN\u0130ZE SANAY\u0130 BA\u011eLANACAK\u00a0<\/p>\n<p>Yak\u0131n bir zamanda Antalya \u015fehirleraras\u0131 Otogar\u0131\u2019n\u0131n D\u00f6\u015femealt\u0131 il\u00e7esine ta\u015f\u0131naca\u011f\u0131n\u0131 belirten Muhittin B\u00f6cek, \u201cAyr\u0131ca D\u00f6\u015femealt\u0131 Organize Sanayi b\u00f6lgesine gidecek 6.etap i\u00e7in fizibilite \u00e7al\u0131\u015fmalar\u0131na ba\u015fland\u0131. Ayr\u0131ca Kepez \u015eehir Hastanesi ve Fatih dura\u011f\u0131 1 bu\u00e7uk kilometre hatt\u0131 i\u00e7in proje haz\u0131rlan\u0131yor\u201d dedi.<\/p>\n<p>\u200bAntalya B\u00fcy\u00fck\u015fehir Belediye Ba\u015fkan\u0131 Muhittin B\u00f6cek, kat\u0131ld\u0131\u011f\u0131 televizyon program\u0131nda 4.Etap Rayl\u0131 Sistem&#8217;in temelinin May\u0131s ay\u0131na kadar at\u0131laca\u011f\u0131n\u0131, 2028 y\u0131l\u0131nda ise tamamlanaca\u011f\u0131n\u0131 a\u00e7\u0131klad\u0131. B\u00f6cek, D\u00f6\u015femealt\u0131 ve Organize Sanayi B\u00f6lgesi&#8217;ne uzanacak 6.Etap Rayl\u0131 Sistem hakk\u0131nda da bilgi verdi\u00a0<\/p>\n<p>\u200bHaberin Al\u0131nt\u0131land\u0131\u011f\u0131 Kaynak: www.antalyakorfez.com<\/p>","protected":false},"excerpt":{"rendered":"<p>Antalya B\u00fcy\u00fck\u015fehir Belediye Ba\u015fkan\u0131 Muhittin B\u00f6cek, VTV Televizyonu&#8217;nda Ali Buldu&#8217;nun haz\u0131rlay\u0131p sundu\u011fu Y\u00fcksek Tansiyon program\u0131nda ula\u015f\u0131mla ilgili sorulara cevap verdi. B\u00f6cek, 4. Etap Rayl\u0131 Sistem\u2019in temelinin May\u0131s ay\u0131na kadar at\u0131lmaya \u00e7al\u0131\u015f\u0131ld\u0131\u011f\u0131n\u0131 ve projenin 2028 y\u0131l\u0131nda tamamlanaca\u011f\u0131n\u0131 a\u00e7\u0131klad\u0131. Ayr\u0131ca 6.Etap Rayl\u0131 Sistem&#8217;in D\u00f6\u015femealt\u0131 ile Organize Sanayi B\u00f6lgesi&#8217;nden ge\u00e7ece\u011finin bilgisini payla\u015ft\u0131.\u00a0\u00a0 MUH\u0130TT\u0130N B\u00d6CEK \u00d6NEML\u0130 A\u00c7IKLAMALARDA BULUNDU\u00a0 Ba\u015fkan B\u00f6cek, 2019 y\u0131l\u0131ndan bu yana ara\u00e7 say\u0131s\u0131nda n\u00fcfustan daha fazla bir art\u0131\u015f oldu\u011funu belirterek, \u201cAntalya\u2019da kay\u0131tl\u0131 ara\u00e7 say\u0131s\u0131 1 milyon 571 bin. 2019 y\u0131l\u0131nda bu yana kay\u0131tl\u0131 ara\u00e7 500 bin 494 artt\u0131. Bug\u00fcne kadar n\u00fcfus ise 200 bin artt\u0131. N\u00fcfustan daha fazla ara\u00e7 art\u0131. Her iki ki\u015fiye 1 ara\u00e7 d\u00fc\u015f\u00fcyor. 148 ak\u0131ll\u0131 kav\u015fak yapt\u0131k. 1 y\u0131lda 23 kav\u015fak birden ekledik. 3 bin 106 kilometre toplam yol var Antalya\u2019da. Bunun 2 bin 809 kilometresi k\u0131rsalda ve 297 kilometresi de kent i\u00e7inde. \u0130kinci etap 379 milyon yani 28 milyon Euro bug\u00fcn Expo ya giden 1 milyon TL bug\u00fcnk\u00fc para ile 3. Etab\u0131 y\u00fczde 43 ile devrald\u0131k. Sonu\u00e7 olarak oray\u0131 tamamlad\u0131k\u201d dedi.\u00a0 2028 YILINDA B\u0130T\u0130R\u0130LECEK\u00a0 4.Etap Rayl\u0131 sistemleri i\u00e7in haz\u0131rl\u0131klara ba\u015flad\u0131klar\u0131n\u0131 belirten B\u00f6cek, \u201d\u015eimdi 4. Etap Konyaalt\u0131-Varsak ihalesi tamamland\u0131. 12 milyar 435 milyon TL olarak s\u00f6zle\u015fme bedeli belirlendi. \u00d6n\u00fcm\u00fczdeki g\u00fcnlerde ba\u015flayacak olan projenin 15 \u015eubat 2028 de tamamlanacak. &hellip;<\/p>","protected":false},"author":5,"featured_media":0,"comment_status":"open","ping_status":"open","sticky":false,"template":"","format":"standard","meta":{"_acf_changed":false,"footnotes":""},"categories":[24],"tags":[],"class_list":["post-33256","post","type-post","status-publish","format-standard","has-post-thumbnail","hentry","category-gundem"],"acf":[],"yoast_head":"<!-- This site is optimized with the Yoast SEO Premium plugin v26.6 (Yoast SEO v27.1.1) - https:\/\/yoast.com\/product\/yoast-seo-premium-wordpress\/ -->\n<title>Muhittin B\u00f6cek 4. Etap Rayl\u0131 Sistem&#039;in temelinin at\u0131laca\u011f\u0131 tarihi duyurdu - Av. Deniz Can K\u0131z\u0131l<\/title>\n<meta name=\"robots\" content=\"index, follow, max-snippet:-1, max-image-preview:large, max-video-preview:-1\" \/>\n<link rel=\"canonical\" href=\"https:\/\/denizcankizil.tr\/uk\/haberler\/gundem\/muhittin-bocek-4-etap-rayli-sistemin-temelinin-atilacagi-tarihi-duyurdu\/\" \/>\n<meta property=\"og:locale\" content=\"uk_UA\" \/>\n<meta property=\"og:type\" content=\"article\" \/>\n<meta property=\"og:title\" content=\"Muhittin B\u00f6cek 4. Etap Rayl\u0131 Sistem&#039;in temelinin at\u0131laca\u011f\u0131 tarihi duyurdu\" \/>\n<meta property=\"og:description\" content=\"Antalya B\u00fcy\u00fck\u015fehir Belediye Ba\u015fkan\u0131 Muhittin B\u00f6cek, VTV Televizyonu&#8217;nda Ali Buldu&#8217;nun haz\u0131rlay\u0131p sundu\u011fu Y\u00fcksek Tansiyon program\u0131nda ula\u015f\u0131mla ilgili sorulara cevap verdi. B\u00f6cek, 4. Etap Rayl\u0131 Sistem\u2019in temelinin May\u0131s ay\u0131na kadar at\u0131lmaya \u00e7al\u0131\u015f\u0131ld\u0131\u011f\u0131n\u0131 ve projenin 2028 y\u0131l\u0131nda tamamlanaca\u011f\u0131n\u0131 a\u00e7\u0131klad\u0131. Ayr\u0131ca 6.Etap Rayl\u0131 Sistem&#8217;in D\u00f6\u015femealt\u0131 ile Organize Sanayi B\u00f6lgesi&#8217;nden ge\u00e7ece\u011finin bilgisini payla\u015ft\u0131.\u00a0\u00a0 MUH\u0130TT\u0130N B\u00d6CEK \u00d6NEML\u0130 A\u00c7IKLAMALARDA BULUNDU\u00a0 Ba\u015fkan B\u00f6cek, 2019 y\u0131l\u0131ndan bu yana ara\u00e7 say\u0131s\u0131nda n\u00fcfustan daha fazla bir art\u0131\u015f oldu\u011funu belirterek, \u201cAntalya\u2019da kay\u0131tl\u0131 ara\u00e7 say\u0131s\u0131 1 milyon 571 bin. 2019 y\u0131l\u0131nda bu yana kay\u0131tl\u0131 ara\u00e7 500 bin 494 artt\u0131. Bug\u00fcne kadar n\u00fcfus ise 200 bin artt\u0131. N\u00fcfustan daha fazla ara\u00e7 art\u0131. Her iki ki\u015fiye 1 ara\u00e7 d\u00fc\u015f\u00fcyor. 148 ak\u0131ll\u0131 kav\u015fak yapt\u0131k. 1 y\u0131lda 23 kav\u015fak birden ekledik. 3 bin 106 kilometre toplam yol var Antalya\u2019da. Bunun 2 bin 809 kilometresi k\u0131rsalda ve 297 kilometresi de kent i\u00e7inde. \u0130kinci etap 379 milyon yani 28 milyon Euro bug\u00fcn Expo ya giden 1 milyon TL bug\u00fcnk\u00fc para ile 3. Etab\u0131 y\u00fczde 43 ile devrald\u0131k. Sonu\u00e7 olarak oray\u0131 tamamlad\u0131k\u201d dedi.\u00a0 2028 YILINDA B\u0130T\u0130R\u0130LECEK\u00a0 4.Etap Rayl\u0131 sistemleri i\u00e7in haz\u0131rl\u0131klara ba\u015flad\u0131klar\u0131n\u0131 belirten B\u00f6cek, \u201d\u015eimdi 4. Etap Konyaalt\u0131-Varsak ihalesi tamamland\u0131. 12 milyar 435 milyon TL olarak s\u00f6zle\u015fme bedeli belirlendi. \u00d6n\u00fcm\u00fczdeki g\u00fcnlerde ba\u015flayacak olan projenin 15 \u015eubat 2028 de tamamlanacak. &hellip;\" \/>\n<meta property=\"og:url\" content=\"https:\/\/denizcankizil.tr\/uk\/haberler\/gundem\/muhittin-bocek-4-etap-rayli-sistemin-temelinin-atilacagi-tarihi-duyurdu\/\" \/>\n<meta property=\"og:site_name\" content=\"Av. Deniz Can K\u0131z\u0131l\" \/>\n<meta property=\"article:published_time\" content=\"2025-02-17T20:41:33+00:00\" \/>\n<meta name=\"author\" content=\"Antalya K\u00f6rfez\" \/>\n<meta name=\"twitter:card\" content=\"summary_large_image\" \/>\n<meta name=\"twitter:label1\" content=\"\u041d\u0430\u043f\u0438\u0441\u0430\u043d\u043e\" \/>\n\t<meta name=\"twitter:data1\" content=\"Antalya K\u00f6rfez\" \/>\n\t<meta name=\"twitter:label2\" content=\"\u041f\u0440\u0438\u0431\u043b. \u0447\u0430\u0441 \u0447\u0438\u0442\u0430\u043d\u043d\u044f\" \/>\n\t<meta name=\"twitter:data2\" content=\"2 \u0445\u0432\u0438\u043b\u0438\u043d\u0438\" \/>\n<script type=\"application\/ld+json\" class=\"yoast-schema-graph\">{\"@context\":\"https:\/\/schema.org\",\"@graph\":[{\"@type\":\"Article\",\"@id\":\"https:\/\/denizcankizil.tr\/en\/haberler\/gundem\/muhittin-bocek-4-etap-rayli-sistemin-temelinin-atilacagi-tarihi-duyurdu\/#article\",\"isPartOf\":{\"@id\":\"https:\/\/denizcankizil.tr\/en\/haberler\/gundem\/muhittin-bocek-4-etap-rayli-sistemin-temelinin-atilacagi-tarihi-duyurdu\/\"},\"author\":{\"name\":\"Antalya K\u00f6rfez\",\"@id\":\"https:\/\/denizcankizil.tr\/de\/#\/schema\/person\/e1eb71bb4dd684d46563f0af307e1234\"},\"headline\":\"Muhittin B\u00f6cek 4. Etap Rayl\u0131 Sistem&#8217;in temelinin at\u0131laca\u011f\u0131 tarihi duyurdu\",\"datePublished\":\"2025-02-17T20:41:33+00:00\",\"mainEntityOfPage\":{\"@id\":\"https:\/\/denizcankizil.tr\/en\/haberler\/gundem\/muhittin-bocek-4-etap-rayli-sistemin-temelinin-atilacagi-tarihi-duyurdu\/\"},\"wordCount\":514,\"commentCount\":0,\"publisher\":{\"@id\":\"https:\/\/denizcankizil.tr\/de\/#organization\"},\"articleSection\":[\"G\u00fcndem\"],\"inLanguage\":\"uk\",\"potentialAction\":[{\"@type\":\"CommentAction\",\"name\":\"Comment\",\"target\":[\"https:\/\/denizcankizil.tr\/en\/haberler\/gundem\/muhittin-bocek-4-etap-rayli-sistemin-temelinin-atilacagi-tarihi-duyurdu\/#respond\"]}]},{\"@type\":\"WebPage\",\"@id\":\"https:\/\/denizcankizil.tr\/en\/haberler\/gundem\/muhittin-bocek-4-etap-rayli-sistemin-temelinin-atilacagi-tarihi-duyurdu\/\",\"url\":\"https:\/\/denizcankizil.tr\/en\/haberler\/gundem\/muhittin-bocek-4-etap-rayli-sistemin-temelinin-atilacagi-tarihi-duyurdu\/\",\"name\":\"Muhittin B\u00f6cek 4. Etap Rayl\u0131 Sistem'in temelinin at\u0131laca\u011f\u0131 tarihi duyurdu - Av. Deniz Can K\u0131z\u0131l\",\"isPartOf\":{\"@id\":\"https:\/\/denizcankizil.tr\/de\/#website\"},\"datePublished\":\"2025-02-17T20:41:33+00:00\",\"breadcrumb\":{\"@id\":\"https:\/\/denizcankizil.tr\/en\/haberler\/gundem\/muhittin-bocek-4-etap-rayli-sistemin-temelinin-atilacagi-tarihi-duyurdu\/#breadcrumb\"},\"inLanguage\":\"uk\",\"potentialAction\":[{\"@type\":\"ReadAction\",\"target\":[\"https:\/\/denizcankizil.tr\/en\/haberler\/gundem\/muhittin-bocek-4-etap-rayli-sistemin-temelinin-atilacagi-tarihi-duyurdu\/\"]}]},{\"@type\":\"BreadcrumbList\",\"@id\":\"https:\/\/denizcankizil.tr\/en\/haberler\/gundem\/muhittin-bocek-4-etap-rayli-sistemin-temelinin-atilacagi-tarihi-duyurdu\/#breadcrumb\",\"itemListElement\":[{\"@type\":\"ListItem\",\"position\":1,\"name\":\"Home\",\"item\":\"https:\/\/denizcankizil.tr\/de\/\"},{\"@type\":\"ListItem\",\"position\":2,\"name\":\"Muhittin B\u00f6cek 4. Etap Rayl\u0131 Sistem&#8217;in temelinin at\u0131laca\u011f\u0131 tarihi duyurdu\"}]},{\"@type\":\"WebSite\",\"@id\":\"https:\/\/denizcankizil.tr\/de\/#website\",\"url\":\"https:\/\/denizcankizil.tr\/de\/\",\"name\":\"Av. Deniz Can K\u0131z\u0131l\",\"description\":\"Avukat Deniz Can K\u0131z\u0131l Antalya Barosu\",\"publisher\":{\"@id\":\"https:\/\/denizcankizil.tr\/de\/#organization\"},\"potentialAction\":[{\"@type\":\"SearchAction\",\"target\":{\"@type\":\"EntryPoint\",\"urlTemplate\":\"https:\/\/denizcankizil.tr\/de\/?s={search_term_string}\"},\"query-input\":{\"@type\":\"PropertyValueSpecification\",\"valueRequired\":true,\"valueName\":\"search_term_string\"}}],\"inLanguage\":\"uk\"},{\"@type\":\"Organization\",\"@id\":\"https:\/\/denizcankizil.tr\/de\/#organization\",\"name\":\"Av. Deniz Can K\u0131z\u0131l\",\"url\":\"https:\/\/denizcankizil.tr\/de\/\",\"logo\":{\"@type\":\"ImageObject\",\"inLanguage\":\"uk\",\"@id\":\"https:\/\/denizcankizil.tr\/de\/#\/schema\/logo\/image\/\",\"url\":\"https:\/\/denizcankizil.tr\/wp-content\/uploads\/2024\/10\/siyah-logo-svg.svg\",\"contentUrl\":\"https:\/\/denizcankizil.tr\/wp-content\/uploads\/2024\/10\/siyah-logo-svg.svg\",\"width\":1080,\"height\":1080,\"caption\":\"Av. Deniz Can K\u0131z\u0131l\"},\"image\":{\"@id\":\"https:\/\/denizcankizil.tr\/de\/#\/schema\/logo\/image\/\"}},{\"@type\":\"Person\",\"@id\":\"https:\/\/denizcankizil.tr\/de\/#\/schema\/person\/e1eb71bb4dd684d46563f0af307e1234\",\"name\":\"Antalya K\u00f6rfez\",\"image\":{\"@type\":\"ImageObject\",\"inLanguage\":\"uk\",\"@id\":\"https:\/\/denizcankizil.tr\/de\/#\/schema\/person\/image\/\",\"url\":\"https:\/\/secure.gravatar.com\/avatar\/42b01982558a48a0b501fdcab6a408d3717ea5919095ee2e67b0e521799c5905?s=96&d=mm&r=g\",\"contentUrl\":\"https:\/\/secure.gravatar.com\/avatar\/42b01982558a48a0b501fdcab6a408d3717ea5919095ee2e67b0e521799c5905?s=96&d=mm&r=g\",\"caption\":\"Antalya K\u00f6rfez\"},\"sameAs\":[\"http:\/\/www.antalyakorfez.com\"],\"url\":\"https:\/\/www.antalyakorfez.com\/muhittin-bocek-4-etap-rayli-sistemin-temelinin-atilacagi-tarihi-duyurdu\"}]}<\/script>\n<!-- \/ Yoast SEO Premium plugin. -->","yoast_head_json":{"title":"Muhittin B\u00f6cek 4. Etap Rayl\u0131 Sistem'in temelinin at\u0131laca\u011f\u0131 tarihi duyurdu - Av. Deniz Can K\u0131z\u0131l","robots":{"index":"index","follow":"follow","max-snippet":"max-snippet:-1","max-image-preview":"max-image-preview:large","max-video-preview":"max-video-preview:-1"},"canonical":"https:\/\/denizcankizil.tr\/uk\/haberler\/gundem\/muhittin-bocek-4-etap-rayli-sistemin-temelinin-atilacagi-tarihi-duyurdu\/","og_locale":"uk_UA","og_type":"article","og_title":"Muhittin B\u00f6cek 4. Etap Rayl\u0131 Sistem'in temelinin at\u0131laca\u011f\u0131 tarihi duyurdu","og_description":"Antalya B\u00fcy\u00fck\u015fehir Belediye Ba\u015fkan\u0131 Muhittin B\u00f6cek, VTV Televizyonu&#8217;nda Ali Buldu&#8217;nun haz\u0131rlay\u0131p sundu\u011fu Y\u00fcksek Tansiyon program\u0131nda ula\u015f\u0131mla ilgili sorulara cevap verdi. B\u00f6cek, 4. Etap Rayl\u0131 Sistem\u2019in temelinin May\u0131s ay\u0131na kadar at\u0131lmaya \u00e7al\u0131\u015f\u0131ld\u0131\u011f\u0131n\u0131 ve projenin 2028 y\u0131l\u0131nda tamamlanaca\u011f\u0131n\u0131 a\u00e7\u0131klad\u0131. Ayr\u0131ca 6.Etap Rayl\u0131 Sistem&#8217;in D\u00f6\u015femealt\u0131 ile Organize Sanayi B\u00f6lgesi&#8217;nden ge\u00e7ece\u011finin bilgisini payla\u015ft\u0131.\u00a0\u00a0 MUH\u0130TT\u0130N B\u00d6CEK \u00d6NEML\u0130 A\u00c7IKLAMALARDA BULUNDU\u00a0 Ba\u015fkan B\u00f6cek, 2019 y\u0131l\u0131ndan bu yana ara\u00e7 say\u0131s\u0131nda n\u00fcfustan daha fazla bir art\u0131\u015f oldu\u011funu belirterek, \u201cAntalya\u2019da kay\u0131tl\u0131 ara\u00e7 say\u0131s\u0131 1 milyon 571 bin. 2019 y\u0131l\u0131nda bu yana kay\u0131tl\u0131 ara\u00e7 500 bin 494 artt\u0131. Bug\u00fcne kadar n\u00fcfus ise 200 bin artt\u0131. N\u00fcfustan daha fazla ara\u00e7 art\u0131. Her iki ki\u015fiye 1 ara\u00e7 d\u00fc\u015f\u00fcyor. 148 ak\u0131ll\u0131 kav\u015fak yapt\u0131k. 1 y\u0131lda 23 kav\u015fak birden ekledik. 3 bin 106 kilometre toplam yol var Antalya\u2019da. Bunun 2 bin 809 kilometresi k\u0131rsalda ve 297 kilometresi de kent i\u00e7inde. \u0130kinci etap 379 milyon yani 28 milyon Euro bug\u00fcn Expo ya giden 1 milyon TL bug\u00fcnk\u00fc para ile 3. Etab\u0131 y\u00fczde 43 ile devrald\u0131k. Sonu\u00e7 olarak oray\u0131 tamamlad\u0131k\u201d dedi.\u00a0 2028 YILINDA B\u0130T\u0130R\u0130LECEK\u00a0 4.Etap Rayl\u0131 sistemleri i\u00e7in haz\u0131rl\u0131klara ba\u015flad\u0131klar\u0131n\u0131 belirten B\u00f6cek, \u201d\u015eimdi 4. Etap Konyaalt\u0131-Varsak ihalesi tamamland\u0131. 12 milyar 435 milyon TL olarak s\u00f6zle\u015fme bedeli belirlendi. \u00d6n\u00fcm\u00fczdeki g\u00fcnlerde ba\u015flayacak olan projenin 15 \u015eubat 2028 de tamamlanacak. &hellip;","og_url":"https:\/\/denizcankizil.tr\/uk\/haberler\/gundem\/muhittin-bocek-4-etap-rayli-sistemin-temelinin-atilacagi-tarihi-duyurdu\/","og_site_name":"Av. Deniz Can K\u0131z\u0131l","article_published_time":"2025-02-17T20:41:33+00:00","author":"Antalya K\u00f6rfez","twitter_card":"summary_large_image","twitter_misc":{"\u041d\u0430\u043f\u0438\u0441\u0430\u043d\u043e":"Antalya K\u00f6rfez","\u041f\u0440\u0438\u0431\u043b. \u0447\u0430\u0441 \u0447\u0438\u0442\u0430\u043d\u043d\u044f":"2 \u0445\u0432\u0438\u043b\u0438\u043d\u0438"},"schema":{"@context":"https:\/\/schema.org","@graph":[{"@type":"Article","@id":"https:\/\/denizcankizil.tr\/en\/haberler\/gundem\/muhittin-bocek-4-etap-rayli-sistemin-temelinin-atilacagi-tarihi-duyurdu\/#article","isPartOf":{"@id":"https:\/\/denizcankizil.tr\/en\/haberler\/gundem\/muhittin-bocek-4-etap-rayli-sistemin-temelinin-atilacagi-tarihi-duyurdu\/"},"author":{"name":"Antalya K\u00f6rfez","@id":"https:\/\/denizcankizil.tr\/de\/#\/schema\/person\/e1eb71bb4dd684d46563f0af307e1234"},"headline":"Muhittin B\u00f6cek 4. Etap Rayl\u0131 Sistem&#8217;in temelinin at\u0131laca\u011f\u0131 tarihi duyurdu","datePublished":"2025-02-17T20:41:33+00:00","mainEntityOfPage":{"@id":"https:\/\/denizcankizil.tr\/en\/haberler\/gundem\/muhittin-bocek-4-etap-rayli-sistemin-temelinin-atilacagi-tarihi-duyurdu\/"},"wordCount":514,"commentCount":0,"publisher":{"@id":"https:\/\/denizcankizil.tr\/de\/#organization"},"articleSection":["G\u00fcndem"],"inLanguage":"uk","potentialAction":[{"@type":"CommentAction","name":"Comment","target":["https:\/\/denizcankizil.tr\/en\/haberler\/gundem\/muhittin-bocek-4-etap-rayli-sistemin-temelinin-atilacagi-tarihi-duyurdu\/#respond"]}]},{"@type":"WebPage","@id":"https:\/\/denizcankizil.tr\/en\/haberler\/gundem\/muhittin-bocek-4-etap-rayli-sistemin-temelinin-atilacagi-tarihi-duyurdu\/","url":"https:\/\/denizcankizil.tr\/en\/haberler\/gundem\/muhittin-bocek-4-etap-rayli-sistemin-temelinin-atilacagi-tarihi-duyurdu\/","name":"Muhittin B\u00f6cek 4. Etap Rayl\u0131 Sistem'in temelinin at\u0131laca\u011f\u0131 tarihi duyurdu - Av. Deniz Can K\u0131z\u0131l","isPartOf":{"@id":"https:\/\/denizcankizil.tr\/de\/#website"},"datePublished":"2025-02-17T20:41:33+00:00","breadcrumb":{"@id":"https:\/\/denizcankizil.tr\/en\/haberler\/gundem\/muhittin-bocek-4-etap-rayli-sistemin-temelinin-atilacagi-tarihi-duyurdu\/#breadcrumb"},"inLanguage":"uk","potentialAction":[{"@type":"ReadAction","target":["https:\/\/denizcankizil.tr\/en\/haberler\/gundem\/muhittin-bocek-4-etap-rayli-sistemin-temelinin-atilacagi-tarihi-duyurdu\/"]}]},{"@type":"BreadcrumbList","@id":"https:\/\/denizcankizil.tr\/en\/haberler\/gundem\/muhittin-bocek-4-etap-rayli-sistemin-temelinin-atilacagi-tarihi-duyurdu\/#breadcrumb","itemListElement":[{"@type":"ListItem","position":1,"name":"Home","item":"https:\/\/denizcankizil.tr\/de\/"},{"@type":"ListItem","position":2,"name":"Muhittin B\u00f6cek 4. Etap Rayl\u0131 Sistem&#8217;in temelinin at\u0131laca\u011f\u0131 tarihi duyurdu"}]},{"@type":"WebSite","@id":"https:\/\/denizcankizil.tr\/de\/#website","url":"https:\/\/denizcankizil.tr\/de\/","name":"Av. Deniz Can K\u0131z\u0131l","description":"Avukat Deniz Can K\u0131z\u0131l Antalya Barosu","publisher":{"@id":"https:\/\/denizcankizil.tr\/de\/#organization"},"potentialAction":[{"@type":"SearchAction","target":{"@type":"EntryPoint","urlTemplate":"https:\/\/denizcankizil.tr\/de\/?s={search_term_string}"},"query-input":{"@type":"PropertyValueSpecification","valueRequired":true,"valueName":"search_term_string"}}],"inLanguage":"uk"},{"@type":"Organization","@id":"https:\/\/denizcankizil.tr\/de\/#organization","name":"Av. Deniz Can K\u0131z\u0131l","url":"https:\/\/denizcankizil.tr\/de\/","logo":{"@type":"ImageObject","inLanguage":"uk","@id":"https:\/\/denizcankizil.tr\/de\/#\/schema\/logo\/image\/","url":"https:\/\/denizcankizil.tr\/wp-content\/uploads\/2024\/10\/siyah-logo-svg.svg","contentUrl":"https:\/\/denizcankizil.tr\/wp-content\/uploads\/2024\/10\/siyah-logo-svg.svg","width":1080,"height":1080,"caption":"Av. Deniz Can K\u0131z\u0131l"},"image":{"@id":"https:\/\/denizcankizil.tr\/de\/#\/schema\/logo\/image\/"}},{"@type":"Person","@id":"https:\/\/denizcankizil.tr\/de\/#\/schema\/person\/e1eb71bb4dd684d46563f0af307e1234","name":"Antalya K\u00f6rfez","image":{"@type":"ImageObject","inLanguage":"uk","@id":"https:\/\/denizcankizil.tr\/de\/#\/schema\/person\/image\/","url":"https:\/\/secure.gravatar.com\/avatar\/42b01982558a48a0b501fdcab6a408d3717ea5919095ee2e67b0e521799c5905?s=96&d=mm&r=g","contentUrl":"https:\/\/secure.gravatar.com\/avatar\/42b01982558a48a0b501fdcab6a408d3717ea5919095ee2e67b0e521799c5905?s=96&d=mm&r=g","caption":"Antalya K\u00f6rfez"},"sameAs":["http:\/\/www.antalyakorfez.com"],"url":"https:\/\/www.antalyakorfez.com\/muhittin-bocek-4-etap-rayli-sistemin-temelinin-atilacagi-tarihi-duyurdu"}]}},"_links":{"self":[{"href":"https:\/\/denizcankizil.tr\/uk\/wp-json\/wp\/v2\/posts\/33256","targetHints":{"allow":["GET"]}}],"collection":[{"href":"https:\/\/denizcankizil.tr\/uk\/wp-json\/wp\/v2\/posts"}],"about":[{"href":"https:\/\/denizcankizil.tr\/uk\/wp-json\/wp\/v2\/types\/post"}],"author":[{"embeddable":true,"href":"https:\/\/denizcankizil.tr\/uk\/wp-json\/wp\/v2\/users\/5"}],"replies":[{"embeddable":true,"href":"https:\/\/denizcankizil.tr\/uk\/wp-json\/wp\/v2\/comments?post=33256"}],"version-history":[{"count":0,"href":"https:\/\/denizcankizil.tr\/uk\/wp-json\/wp\/v2\/posts\/33256\/revisions"}],"wp:attachment":[{"href":"https:\/\/denizcankizil.tr\/uk\/wp-json\/wp\/v2\/media?parent=33256"}],"wp:term":[{"taxonomy":"category","embeddable":true,"href":"https:\/\/denizcankizil.tr\/uk\/wp-json\/wp\/v2\/categories?post=33256"},{"taxonomy":"post_tag","embeddable":true,"href":"https:\/\/denizcankizil.tr\/uk\/wp-json\/wp\/v2\/tags?post=33256"}],"curies":[{"name":"wp","href":"https:\/\/api.w.org\/{rel}","templated":true}]}}