{"id":33181,"date":"2025-02-17T13:41:16","date_gmt":"2025-02-17T10:41:16","guid":{"rendered":"https:\/\/denizcankizil.tr\/uncategorized-tr\/yolunu-kaybeden-yuruyusculer-ekipleri-alarma-gecirdi\/"},"modified":"2025-02-17T13:41:16","modified_gmt":"2025-02-17T10:41:16","slug":"yolunu-kaybeden-yuruyusculer-ekipleri-alarma-gecirdi","status":"publish","type":"post","link":"https:\/\/denizcankizil.tr\/uk\/haberler\/antalya\/yolunu-kaybeden-yuruyusculer-ekipleri-alarma-gecirdi\/","title":{"rendered":"Yolunu kaybeden y\u00fcr\u00fcy\u00fc\u015f\u00e7\u00fcler ekipleri alarma ge\u00e7irdi"},"content":{"rendered":"<p>Olay d\u00fcn ak\u015fam saat 19.30 s\u0131ralar\u0131nda D\u00f6\u015femealt\u0131 il\u00e7esi Termessos Antik Kenti y\u00fcr\u00fcy\u00fc\u015f yolunda meydana geldi. Antalya&#8217;da Toroslar Do\u011fa Sporlar\u0131 Kul\u00fcb\u00fc (TODOSK) taraf\u0131ndan d\u00fczenlenen organizasyonda hafta sonunu do\u011fada ge\u00e7irmek isteyen 2&#8217;si rehber 29 ki\u015fi sabah erken saatlerde Termessos Antik Kenti&#8217;ne geldi. Antik kenti gezen grup \u00fcyeleri ard\u0131ndan daha \u00f6nceden belirlenen Termessos- G\u00fcver u\u00e7urumu aras\u0131ndaki 11 kilometrelik rotada y\u00fcr\u00fcy\u00fc\u015f i\u00e7in yola \u00e7\u0131kt\u0131. Y\u00fcr\u00fcy\u00fc\u015f rotas\u0131n\u0131n sonuna yakla\u015ft\u0131klar\u0131nda yolda olu\u015fan heyelan ve g\u00f6\u00e7\u00fck ile kar\u015f\u0131la\u015fan grup \u00fcyeleri bir s\u00fcre yolun kar\u015f\u0131s\u0131na ge\u00e7meyi denedi.<\/p>\n<p>D\u00f6n\u00fc\u015f yolunu \u015fa\u015f\u0131ran y\u00fcr\u00fcy\u00fc\u015f grubu ekipleri alarma ge\u00e7irdi<br \/>\nAncak heyelan nedeniyle yolun kar\u015f\u0131s\u0131na ge\u00e7emeyen grup \u00fcyeleri ba\u015flang\u0131\u00e7 noktas\u0131 olan Termessos Antik Kenti&#8217;ne d\u00f6nme karar\u0131 ald\u0131. Var\u0131\u015f noktas\u0131nda kendilerini bekleyen servis arac\u0131 ile irtibata ge\u00e7en grup \u00fcyeleri durumu anlatarak arac\u0131n ba\u015flang\u0131\u00e7 noktas\u0131na d\u00f6nmesini istedi. Saatin ilerlemesi ve havan\u0131n kararmas\u0131 ile birlikte 29 ki\u015filik grup d\u00f6n\u00fc\u015f yolunu \u015fa\u015f\u0131rd\u0131. Yol tart\u0131\u015fmas\u0131na giren grup ikiye ayr\u0131l\u0131rken, Cep telefonlar\u0131n\u0131n \u00e7ekmedi\u011fi bir noktada bulunan ve \u015farjlar\u0131 t\u00fckenen grup \u00fcyelerinin d\u00f6nmemesi \u00fczerine durum 112 Acil \u00c7a\u011fr\u0131 Merkezine bildirildi.<\/p>\n<p>Ekipler ikiye ayr\u0131lan grubu bir araya getirdi<br \/>\n\u0130hbarla Termessos Antik Kenti&#8217;ne Jandarma Arama Kurtarma (JAK), Polis Arama Kurtarma (PAK), AFAD, polis ve Antalya B\u00fcy\u00fck\u015fehir Belediyesi \u0130tfaiye Daire Ba\u015fkanl\u0131\u011f\u0131&#8217;na ba\u011fl\u0131 ekipler sevk edildi. B\u00f6lgede baz istasyonu bulunmamas\u0131 nedeniyle 29 ki\u015filik grupla ileti\u015fim kurmakta zorlanan ekipler y\u00fcr\u00fcy\u00fc\u015f yolunda arama \u00e7al\u0131\u015fmas\u0131 ba\u015flatt\u0131. Grubun ikiye ayr\u0131ld\u0131\u011f\u0131n\u0131 \u00f6\u011frenen ekipler \u00f6nce grup \u00fcyelerini bir araya getirmek i\u00e7in \u00e7al\u0131\u015fma ba\u015flatt\u0131. Gruplardan birisinin yerini tespit eden ekipler, ard\u0131ndan di\u011fer gruba ula\u015fmak i\u00e7in b\u00fcy\u00fck \u00e7aba harcad\u0131. Yakla\u015f\u0131k 3 saatlik arama-kurtarma \u00e7al\u0131\u015fmas\u0131n\u0131n ard\u0131ndan 30 ki\u015filik y\u00fcr\u00fcy\u00fc\u015f ekibi bir araya getirildi. JAK, PAK ve AFAD ekiplerinin \u00f6nc\u00fcl\u00fc\u011f\u00fcnde maceraperest grup \u00fcyeleri Termessos Antik Kenti y\u00fcr\u00fcy\u00fc\u015f yolu ba\u015flang\u0131c\u0131na getirildi.<\/p>\n<p>Karanl\u0131k bas\u0131nca yollar\u0131n\u0131 \u015fa\u015f\u0131rd\u0131lar<br \/>\nY\u00fcr\u00fcy\u00fc\u015f g\u00fczergah\u0131nda ya\u015fanan toprak kaymas\u0131 nedeniyle yolu inemediklerini belirten Asuman \u00d6zkan isimli grup \u00fcyesi, &#8220;Kaybolmad\u0131k, bir aksilik oldu. A\u015fa\u011f\u0131da toprak kaymas\u0131 olmu\u015f, \u0130nmemiz gereken yolu inemedik. Orada zaman kaybedince karanl\u0131k oldu\u011fu i\u00e7in b\u00f6yle bir sorun \u00e7\u0131kt\u0131. Telefonda \u00e7ekmiyordu. A\u015fa\u011f\u0131ya inemedik, orada karar veremedik insek mi, \u00e7\u0131ksak m\u0131 diye. Ard\u0131ndan karanl\u0131k bas\u0131nca herkesin elinde rota oldu\u011fu i\u00e7in yava\u015f yava\u015f d\u00f6nd\u00fck. Rotada bir s\u0131k\u0131nt\u0131 yoktu ama toprak kaymas\u0131 olunca tekrar yukar\u0131ya \u00e7\u0131kmak mecburiyetinde kald\u0131k. A\u015fa\u011f\u0131 inmek kolay, ama \u00e7\u0131kmak s\u0131k\u0131nt\u0131. Herkes sa\u011f salim ve sa\u011fl\u0131kl\u0131&#8221; dedi.<\/p>\n<p>Yoldaki heyelan planlar\u0131 de\u011fi\u015ftirdi<br \/>\nYoldaki sorun nedeniyle zaman kaybettiklerini ve geri d\u00f6n\u00fc\u015f yolunda havan\u0131n kararmas\u0131 nedeniyle \u0131\u015f\u0131k sorunu ya\u015fad\u0131klar\u0131n\u0131 s\u00f6yleyen Fatma Pek\u00e7etin ise, &#8220;Biz bug\u00fcn Toroslar Do\u011fa Sporlar\u0131 Kul\u00fcb\u00fc olarak Termessos-G\u00fcrkavak Vadisi etkinli\u011fi yapacakt\u0131k. Daha \u00f6nceden de yap\u0131lan bir parkur ama, a\u015fa\u011f\u0131ya indik, her zaman kulland\u0131\u011f\u0131m\u0131z yomda heyelan olmu\u015f. Oradan ge\u00e7i\u015f yapamad\u0131k. Mecbur geri d\u00f6nd\u00fck, bu sefer zaman ge\u00e7 oldu, hava karar\u0131yordu. \u0130\u00e7imizde de birka\u00e7 yeni kat\u0131lan arkada\u015f vard\u0131. Arkada\u015flar\u0131m\u0131z\u0131 arad\u0131k, Termessos&#8217;un kap\u0131s\u0131 da 17.00&#8217;da kapan\u0131yor. Kap\u0131y\u0131 a\u00e7t\u0131r\u0131p arac\u0131n yukar\u0131 \u00e7\u0131kmas\u0131 i\u00e7in haber edelim, hem de bize \u0131\u015f\u0131k getirmelerini istedik&#8221; ifadelerini kulland\u0131.<\/p>\n<p>&#8220;Kaybolmad\u0131k, g\u00fczergah\u0131m\u0131z\u0131 de\u011fi\u015ftirdik&#8221;<br \/>\nTehlikeli bir durum ya\u015fanmamas\u0131 i\u00e7in geri d\u00f6nme karar\u0131 ald\u0131klar\u0131n\u0131 ve g\u00fczergah\u0131 de\u011fi\u015ftirdiklerini belirten Pek\u00e7etin, &#8220;Ama biz b\u00f6yle bir durum beklemiyorduk. Biz patikadan \u00e7\u0131k\u0131yoruz, ama \u0131\u015f\u0131k s\u0131k\u0131nt\u0131s\u0131 vard\u0131. Telefonlar\u0131nda \u015farj\u0131 bitiyordu. Tehlike olu\u015fturmamas\u0131 i\u00e7in d\u00f6n\u00fc\u015f karar\u0131 ald\u0131k. Ekiplerden hem \u00f6z\u00fcr diliyoruz, hem de te\u015fekk\u00fcr ediyoruz. Biz burada kaybolmad\u0131k, tedbir alarak g\u00fczergah\u0131m\u0131z\u0131 de\u011fi\u015ftirerek geri d\u00f6nme karar\u0131 ald\u0131&#8221; \u015feklinde konu\u015ftu. Burada kendilerini bekleyen ekipler taraf\u0131ndan su ihtiya\u00e7lar\u0131 giderilen do\u011fa severler, grup liderleri taraf\u0131ndan yap\u0131lan kat\u0131l\u0131mc\u0131 yoklamas\u0131n\u0131n ard\u0131ndan ara\u00e7lar\u0131na binerek Termessos Antik Kenti&#8217;nden ayr\u0131ld\u0131lar.<\/p>\n<p>Kaynak: www.kanalv.com.tr Haber Sitesinden Al\u0131nm\u0131\u015ft\u0131r.<\/p>","protected":false},"excerpt":{"rendered":"<p>Olay d\u00fcn ak\u015fam saat 19.30 s\u0131ralar\u0131nda D\u00f6\u015femealt\u0131 il\u00e7esi Termessos Antik Kenti y\u00fcr\u00fcy\u00fc\u015f yolunda meydana geldi. Antalya&#8217;da Toroslar Do\u011fa Sporlar\u0131 Kul\u00fcb\u00fc (TODOSK) taraf\u0131ndan d\u00fczenlenen organizasyonda hafta sonunu do\u011fada ge\u00e7irmek isteyen 2&#8217;si rehber 29 ki\u015fi sabah erken saatlerde Termessos Antik Kenti&#8217;ne geldi. Antik kenti gezen grup \u00fcyeleri ard\u0131ndan daha \u00f6nceden belirlenen Termessos- G\u00fcver u\u00e7urumu aras\u0131ndaki 11 kilometrelik rotada y\u00fcr\u00fcy\u00fc\u015f i\u00e7in yola \u00e7\u0131kt\u0131. Y\u00fcr\u00fcy\u00fc\u015f rotas\u0131n\u0131n sonuna yakla\u015ft\u0131klar\u0131nda yolda olu\u015fan heyelan ve g\u00f6\u00e7\u00fck ile kar\u015f\u0131la\u015fan grup \u00fcyeleri bir s\u00fcre yolun kar\u015f\u0131s\u0131na ge\u00e7meyi denedi. D\u00f6n\u00fc\u015f yolunu \u015fa\u015f\u0131ran y\u00fcr\u00fcy\u00fc\u015f grubu ekipleri alarma ge\u00e7irdi Ancak heyelan nedeniyle yolun kar\u015f\u0131s\u0131na ge\u00e7emeyen grup \u00fcyeleri ba\u015flang\u0131\u00e7 noktas\u0131 olan Termessos Antik Kenti&#8217;ne d\u00f6nme karar\u0131 ald\u0131. Var\u0131\u015f noktas\u0131nda kendilerini bekleyen servis arac\u0131 ile irtibata ge\u00e7en grup \u00fcyeleri durumu anlatarak arac\u0131n ba\u015flang\u0131\u00e7 noktas\u0131na d\u00f6nmesini istedi. Saatin ilerlemesi ve havan\u0131n kararmas\u0131 ile birlikte 29 ki\u015filik grup d\u00f6n\u00fc\u015f yolunu \u015fa\u015f\u0131rd\u0131. Yol tart\u0131\u015fmas\u0131na giren grup ikiye ayr\u0131l\u0131rken, Cep telefonlar\u0131n\u0131n \u00e7ekmedi\u011fi bir noktada bulunan ve \u015farjlar\u0131 t\u00fckenen grup \u00fcyelerinin d\u00f6nmemesi \u00fczerine durum 112 Acil \u00c7a\u011fr\u0131 Merkezine bildirildi. Ekipler ikiye ayr\u0131lan grubu bir araya getirdi \u0130hbarla Termessos Antik Kenti&#8217;ne Jandarma Arama Kurtarma (JAK), Polis Arama Kurtarma (PAK), AFAD, polis ve Antalya B\u00fcy\u00fck\u015fehir Belediyesi \u0130tfaiye Daire Ba\u015fkanl\u0131\u011f\u0131&#8217;na ba\u011fl\u0131 ekipler sevk edildi. B\u00f6lgede baz istasyonu bulunmamas\u0131 nedeniyle 29 ki\u015filik grupla &hellip;<\/p>","protected":false},"author":4,"featured_media":33182,"comment_status":"open","ping_status":"open","sticky":false,"template":"","format":"standard","meta":{"_acf_changed":false,"footnotes":""},"categories":[26],"tags":[],"class_list":["post-33181","post","type-post","status-publish","format-standard","has-post-thumbnail","hentry","category-antalya"],"acf":[],"yoast_head":"<!-- This site is optimized with the Yoast SEO Premium plugin v26.6 (Yoast SEO v27.1.1) - https:\/\/yoast.com\/product\/yoast-seo-premium-wordpress\/ -->\n<title>Yolunu kaybeden y\u00fcr\u00fcy\u00fc\u015f\u00e7\u00fcler ekipleri alarma ge\u00e7irdi - Av. Deniz Can K\u0131z\u0131l<\/title>\n<meta name=\"robots\" content=\"index, follow, max-snippet:-1, max-image-preview:large, max-video-preview:-1\" \/>\n<link rel=\"canonical\" href=\"https:\/\/denizcankizil.tr\/uk\/haberler\/antalya\/yolunu-kaybeden-yuruyusculer-ekipleri-alarma-gecirdi\/\" \/>\n<meta property=\"og:locale\" content=\"uk_UA\" \/>\n<meta property=\"og:type\" content=\"article\" \/>\n<meta property=\"og:title\" content=\"Yolunu kaybeden y\u00fcr\u00fcy\u00fc\u015f\u00e7\u00fcler ekipleri alarma ge\u00e7irdi\" \/>\n<meta property=\"og:description\" content=\"Olay d\u00fcn ak\u015fam saat 19.30 s\u0131ralar\u0131nda D\u00f6\u015femealt\u0131 il\u00e7esi Termessos Antik Kenti y\u00fcr\u00fcy\u00fc\u015f yolunda meydana geldi. Antalya&#8217;da Toroslar Do\u011fa Sporlar\u0131 Kul\u00fcb\u00fc (TODOSK) taraf\u0131ndan d\u00fczenlenen organizasyonda hafta sonunu do\u011fada ge\u00e7irmek isteyen 2&#8217;si rehber 29 ki\u015fi sabah erken saatlerde Termessos Antik Kenti&#8217;ne geldi. Antik kenti gezen grup \u00fcyeleri ard\u0131ndan daha \u00f6nceden belirlenen Termessos- G\u00fcver u\u00e7urumu aras\u0131ndaki 11 kilometrelik rotada y\u00fcr\u00fcy\u00fc\u015f i\u00e7in yola \u00e7\u0131kt\u0131. Y\u00fcr\u00fcy\u00fc\u015f rotas\u0131n\u0131n sonuna yakla\u015ft\u0131klar\u0131nda yolda olu\u015fan heyelan ve g\u00f6\u00e7\u00fck ile kar\u015f\u0131la\u015fan grup \u00fcyeleri bir s\u00fcre yolun kar\u015f\u0131s\u0131na ge\u00e7meyi denedi. D\u00f6n\u00fc\u015f yolunu \u015fa\u015f\u0131ran y\u00fcr\u00fcy\u00fc\u015f grubu ekipleri alarma ge\u00e7irdi Ancak heyelan nedeniyle yolun kar\u015f\u0131s\u0131na ge\u00e7emeyen grup \u00fcyeleri ba\u015flang\u0131\u00e7 noktas\u0131 olan Termessos Antik Kenti&#8217;ne d\u00f6nme karar\u0131 ald\u0131. Var\u0131\u015f noktas\u0131nda kendilerini bekleyen servis arac\u0131 ile irtibata ge\u00e7en grup \u00fcyeleri durumu anlatarak arac\u0131n ba\u015flang\u0131\u00e7 noktas\u0131na d\u00f6nmesini istedi. Saatin ilerlemesi ve havan\u0131n kararmas\u0131 ile birlikte 29 ki\u015filik grup d\u00f6n\u00fc\u015f yolunu \u015fa\u015f\u0131rd\u0131. Yol tart\u0131\u015fmas\u0131na giren grup ikiye ayr\u0131l\u0131rken, Cep telefonlar\u0131n\u0131n \u00e7ekmedi\u011fi bir noktada bulunan ve \u015farjlar\u0131 t\u00fckenen grup \u00fcyelerinin d\u00f6nmemesi \u00fczerine durum 112 Acil \u00c7a\u011fr\u0131 Merkezine bildirildi. Ekipler ikiye ayr\u0131lan grubu bir araya getirdi \u0130hbarla Termessos Antik Kenti&#8217;ne Jandarma Arama Kurtarma (JAK), Polis Arama Kurtarma (PAK), AFAD, polis ve Antalya B\u00fcy\u00fck\u015fehir Belediyesi \u0130tfaiye Daire Ba\u015fkanl\u0131\u011f\u0131&#8217;na ba\u011fl\u0131 ekipler sevk edildi. B\u00f6lgede baz istasyonu bulunmamas\u0131 nedeniyle 29 ki\u015filik grupla &hellip;\" \/>\n<meta property=\"og:url\" content=\"https:\/\/denizcankizil.tr\/uk\/haberler\/antalya\/yolunu-kaybeden-yuruyusculer-ekipleri-alarma-gecirdi\/\" \/>\n<meta property=\"og:site_name\" content=\"Av. Deniz Can K\u0131z\u0131l\" \/>\n<meta property=\"article:published_time\" content=\"2025-02-17T10:41:16+00:00\" \/>\n<meta property=\"og:image\" content=\"https:\/\/denizcankizil.tr\/wp-content\/uploads\/2025\/02\/5002-01-0YrFDv.jpeg\" \/>\n\t<meta property=\"og:image:width\" content=\"1280\" \/>\n\t<meta property=\"og:image:height\" content=\"720\" \/>\n\t<meta property=\"og:image:type\" content=\"image\/jpeg\" \/>\n<meta name=\"author\" content=\"Av. Deniz Can K\u0131z\u0131l\" \/>\n<meta name=\"twitter:card\" content=\"summary_large_image\" \/>\n<meta name=\"twitter:label1\" content=\"\u041d\u0430\u043f\u0438\u0441\u0430\u043d\u043e\" \/>\n\t<meta name=\"twitter:data1\" content=\"Av. Deniz Can K\u0131z\u0131l\" \/>\n\t<meta name=\"twitter:label2\" content=\"\u041f\u0440\u0438\u0431\u043b. \u0447\u0430\u0441 \u0447\u0438\u0442\u0430\u043d\u043d\u044f\" \/>\n\t<meta name=\"twitter:data2\" content=\"4 \u0445\u0432\u0438\u043b\u0438\u043d\u0438\" \/>\n<script type=\"application\/ld+json\" class=\"yoast-schema-graph\">{\"@context\":\"https:\/\/schema.org\",\"@graph\":[{\"@type\":\"Article\",\"@id\":\"https:\/\/denizcankizil.tr\/uk\/haberler\/antalya\/yolunu-kaybeden-yuruyusculer-ekipleri-alarma-gecirdi\/#article\",\"isPartOf\":{\"@id\":\"https:\/\/denizcankizil.tr\/uk\/haberler\/antalya\/yolunu-kaybeden-yuruyusculer-ekipleri-alarma-gecirdi\/\"},\"author\":{\"name\":\"Av. Deniz Can K\u0131z\u0131l\",\"@id\":\"https:\/\/denizcankizil.tr\/de\/#\/schema\/person\/5dc1b22991bd7ac833867c10afc9b0ff\"},\"headline\":\"Yolunu kaybeden y\u00fcr\u00fcy\u00fc\u015f\u00e7\u00fcler ekipleri alarma ge\u00e7irdi\",\"datePublished\":\"2025-02-17T10:41:16+00:00\",\"mainEntityOfPage\":{\"@id\":\"https:\/\/denizcankizil.tr\/uk\/haberler\/antalya\/yolunu-kaybeden-yuruyusculer-ekipleri-alarma-gecirdi\/\"},\"wordCount\":778,\"commentCount\":0,\"publisher\":{\"@id\":\"https:\/\/denizcankizil.tr\/de\/#organization\"},\"image\":{\"@id\":\"https:\/\/denizcankizil.tr\/uk\/haberler\/antalya\/yolunu-kaybeden-yuruyusculer-ekipleri-alarma-gecirdi\/#primaryimage\"},\"thumbnailUrl\":\"https:\/\/denizcankizil.tr\/wp-content\/uploads\/2025\/02\/5002-01-0YrFDv.jpeg\",\"articleSection\":[\"Antalya\"],\"inLanguage\":\"uk\",\"potentialAction\":[{\"@type\":\"CommentAction\",\"name\":\"Comment\",\"target\":[\"https:\/\/denizcankizil.tr\/uk\/haberler\/antalya\/yolunu-kaybeden-yuruyusculer-ekipleri-alarma-gecirdi\/#respond\"]}]},{\"@type\":\"WebPage\",\"@id\":\"https:\/\/denizcankizil.tr\/uk\/haberler\/antalya\/yolunu-kaybeden-yuruyusculer-ekipleri-alarma-gecirdi\/\",\"url\":\"https:\/\/denizcankizil.tr\/uk\/haberler\/antalya\/yolunu-kaybeden-yuruyusculer-ekipleri-alarma-gecirdi\/\",\"name\":\"Yolunu kaybeden y\u00fcr\u00fcy\u00fc\u015f\u00e7\u00fcler ekipleri alarma ge\u00e7irdi - Av. Deniz Can K\u0131z\u0131l\",\"isPartOf\":{\"@id\":\"https:\/\/denizcankizil.tr\/de\/#website\"},\"primaryImageOfPage\":{\"@id\":\"https:\/\/denizcankizil.tr\/uk\/haberler\/antalya\/yolunu-kaybeden-yuruyusculer-ekipleri-alarma-gecirdi\/#primaryimage\"},\"image\":{\"@id\":\"https:\/\/denizcankizil.tr\/uk\/haberler\/antalya\/yolunu-kaybeden-yuruyusculer-ekipleri-alarma-gecirdi\/#primaryimage\"},\"thumbnailUrl\":\"https:\/\/denizcankizil.tr\/wp-content\/uploads\/2025\/02\/5002-01-0YrFDv.jpeg\",\"datePublished\":\"2025-02-17T10:41:16+00:00\",\"breadcrumb\":{\"@id\":\"https:\/\/denizcankizil.tr\/uk\/haberler\/antalya\/yolunu-kaybeden-yuruyusculer-ekipleri-alarma-gecirdi\/#breadcrumb\"},\"inLanguage\":\"uk\",\"potentialAction\":[{\"@type\":\"ReadAction\",\"target\":[\"https:\/\/denizcankizil.tr\/uk\/haberler\/antalya\/yolunu-kaybeden-yuruyusculer-ekipleri-alarma-gecirdi\/\"]}]},{\"@type\":\"ImageObject\",\"inLanguage\":\"uk\",\"@id\":\"https:\/\/denizcankizil.tr\/uk\/haberler\/antalya\/yolunu-kaybeden-yuruyusculer-ekipleri-alarma-gecirdi\/#primaryimage\",\"url\":\"https:\/\/denizcankizil.tr\/wp-content\/uploads\/2025\/02\/5002-01-0YrFDv.jpeg\",\"contentUrl\":\"https:\/\/denizcankizil.tr\/wp-content\/uploads\/2025\/02\/5002-01-0YrFDv.jpeg\",\"width\":1280,\"height\":720},{\"@type\":\"BreadcrumbList\",\"@id\":\"https:\/\/denizcankizil.tr\/uk\/haberler\/antalya\/yolunu-kaybeden-yuruyusculer-ekipleri-alarma-gecirdi\/#breadcrumb\",\"itemListElement\":[{\"@type\":\"ListItem\",\"position\":1,\"name\":\"Home\",\"item\":\"https:\/\/denizcankizil.tr\/de\/\"},{\"@type\":\"ListItem\",\"position\":2,\"name\":\"Yolunu kaybeden y\u00fcr\u00fcy\u00fc\u015f\u00e7\u00fcler ekipleri alarma ge\u00e7irdi\"}]},{\"@type\":\"WebSite\",\"@id\":\"https:\/\/denizcankizil.tr\/de\/#website\",\"url\":\"https:\/\/denizcankizil.tr\/de\/\",\"name\":\"Av. Deniz Can K\u0131z\u0131l\",\"description\":\"Avukat Deniz Can K\u0131z\u0131l Antalya Barosu\",\"publisher\":{\"@id\":\"https:\/\/denizcankizil.tr\/de\/#organization\"},\"potentialAction\":[{\"@type\":\"SearchAction\",\"target\":{\"@type\":\"EntryPoint\",\"urlTemplate\":\"https:\/\/denizcankizil.tr\/de\/?s={search_term_string}\"},\"query-input\":{\"@type\":\"PropertyValueSpecification\",\"valueRequired\":true,\"valueName\":\"search_term_string\"}}],\"inLanguage\":\"uk\"},{\"@type\":\"Organization\",\"@id\":\"https:\/\/denizcankizil.tr\/de\/#organization\",\"name\":\"Av. Deniz Can K\u0131z\u0131l\",\"url\":\"https:\/\/denizcankizil.tr\/de\/\",\"logo\":{\"@type\":\"ImageObject\",\"inLanguage\":\"uk\",\"@id\":\"https:\/\/denizcankizil.tr\/de\/#\/schema\/logo\/image\/\",\"url\":\"https:\/\/denizcankizil.tr\/wp-content\/uploads\/2024\/10\/siyah-logo-svg.svg\",\"contentUrl\":\"https:\/\/denizcankizil.tr\/wp-content\/uploads\/2024\/10\/siyah-logo-svg.svg\",\"width\":1080,\"height\":1080,\"caption\":\"Av. Deniz Can K\u0131z\u0131l\"},\"image\":{\"@id\":\"https:\/\/denizcankizil.tr\/de\/#\/schema\/logo\/image\/\"}},{\"@type\":\"Person\",\"@id\":\"https:\/\/denizcankizil.tr\/de\/#\/schema\/person\/5dc1b22991bd7ac833867c10afc9b0ff\",\"name\":\"Av. Deniz Can K\u0131z\u0131l\",\"image\":{\"@type\":\"ImageObject\",\"inLanguage\":\"uk\",\"@id\":\"https:\/\/denizcankizil.tr\/de\/#\/schema\/person\/image\/\",\"url\":\"https:\/\/secure.gravatar.com\/avatar\/a0b128fb9855c79efc976d5640eedb31dc35ec297594d6016d2cf7c60e975bb6?s=96&d=mm&r=g\",\"contentUrl\":\"https:\/\/secure.gravatar.com\/avatar\/a0b128fb9855c79efc976d5640eedb31dc35ec297594d6016d2cf7c60e975bb6?s=96&d=mm&r=g\",\"caption\":\"Av. Deniz Can K\u0131z\u0131l\"},\"sameAs\":[\"http:\/\/www.denizcankizil.tr\"],\"url\":\"https:\/\/denizcankizil.tr\/uk\/author\/denizcankizil\/\"}]}<\/script>\n<!-- \/ Yoast SEO Premium plugin. -->","yoast_head_json":{"title":"Yolunu kaybeden y\u00fcr\u00fcy\u00fc\u015f\u00e7\u00fcler ekipleri alarma ge\u00e7irdi - Av. Deniz Can K\u0131z\u0131l","robots":{"index":"index","follow":"follow","max-snippet":"max-snippet:-1","max-image-preview":"max-image-preview:large","max-video-preview":"max-video-preview:-1"},"canonical":"https:\/\/denizcankizil.tr\/uk\/haberler\/antalya\/yolunu-kaybeden-yuruyusculer-ekipleri-alarma-gecirdi\/","og_locale":"uk_UA","og_type":"article","og_title":"Yolunu kaybeden y\u00fcr\u00fcy\u00fc\u015f\u00e7\u00fcler ekipleri alarma ge\u00e7irdi","og_description":"Olay d\u00fcn ak\u015fam saat 19.30 s\u0131ralar\u0131nda D\u00f6\u015femealt\u0131 il\u00e7esi Termessos Antik Kenti y\u00fcr\u00fcy\u00fc\u015f yolunda meydana geldi. Antalya&#8217;da Toroslar Do\u011fa Sporlar\u0131 Kul\u00fcb\u00fc (TODOSK) taraf\u0131ndan d\u00fczenlenen organizasyonda hafta sonunu do\u011fada ge\u00e7irmek isteyen 2&#8217;si rehber 29 ki\u015fi sabah erken saatlerde Termessos Antik Kenti&#8217;ne geldi. Antik kenti gezen grup \u00fcyeleri ard\u0131ndan daha \u00f6nceden belirlenen Termessos- G\u00fcver u\u00e7urumu aras\u0131ndaki 11 kilometrelik rotada y\u00fcr\u00fcy\u00fc\u015f i\u00e7in yola \u00e7\u0131kt\u0131. Y\u00fcr\u00fcy\u00fc\u015f rotas\u0131n\u0131n sonuna yakla\u015ft\u0131klar\u0131nda yolda olu\u015fan heyelan ve g\u00f6\u00e7\u00fck ile kar\u015f\u0131la\u015fan grup \u00fcyeleri bir s\u00fcre yolun kar\u015f\u0131s\u0131na ge\u00e7meyi denedi. D\u00f6n\u00fc\u015f yolunu \u015fa\u015f\u0131ran y\u00fcr\u00fcy\u00fc\u015f grubu ekipleri alarma ge\u00e7irdi Ancak heyelan nedeniyle yolun kar\u015f\u0131s\u0131na ge\u00e7emeyen grup \u00fcyeleri ba\u015flang\u0131\u00e7 noktas\u0131 olan Termessos Antik Kenti&#8217;ne d\u00f6nme karar\u0131 ald\u0131. Var\u0131\u015f noktas\u0131nda kendilerini bekleyen servis arac\u0131 ile irtibata ge\u00e7en grup \u00fcyeleri durumu anlatarak arac\u0131n ba\u015flang\u0131\u00e7 noktas\u0131na d\u00f6nmesini istedi. Saatin ilerlemesi ve havan\u0131n kararmas\u0131 ile birlikte 29 ki\u015filik grup d\u00f6n\u00fc\u015f yolunu \u015fa\u015f\u0131rd\u0131. Yol tart\u0131\u015fmas\u0131na giren grup ikiye ayr\u0131l\u0131rken, Cep telefonlar\u0131n\u0131n \u00e7ekmedi\u011fi bir noktada bulunan ve \u015farjlar\u0131 t\u00fckenen grup \u00fcyelerinin d\u00f6nmemesi \u00fczerine durum 112 Acil \u00c7a\u011fr\u0131 Merkezine bildirildi. Ekipler ikiye ayr\u0131lan grubu bir araya getirdi \u0130hbarla Termessos Antik Kenti&#8217;ne Jandarma Arama Kurtarma (JAK), Polis Arama Kurtarma (PAK), AFAD, polis ve Antalya B\u00fcy\u00fck\u015fehir Belediyesi \u0130tfaiye Daire Ba\u015fkanl\u0131\u011f\u0131&#8217;na ba\u011fl\u0131 ekipler sevk edildi. B\u00f6lgede baz istasyonu bulunmamas\u0131 nedeniyle 29 ki\u015filik grupla &hellip;","og_url":"https:\/\/denizcankizil.tr\/uk\/haberler\/antalya\/yolunu-kaybeden-yuruyusculer-ekipleri-alarma-gecirdi\/","og_site_name":"Av. Deniz Can K\u0131z\u0131l","article_published_time":"2025-02-17T10:41:16+00:00","og_image":[{"width":1280,"height":720,"url":"https:\/\/denizcankizil.tr\/wp-content\/uploads\/2025\/02\/5002-01-0YrFDv.jpeg","type":"image\/jpeg"}],"author":"Av. Deniz Can K\u0131z\u0131l","twitter_card":"summary_large_image","twitter_misc":{"\u041d\u0430\u043f\u0438\u0441\u0430\u043d\u043e":"Av. Deniz Can K\u0131z\u0131l","\u041f\u0440\u0438\u0431\u043b. \u0447\u0430\u0441 \u0447\u0438\u0442\u0430\u043d\u043d\u044f":"4 \u0445\u0432\u0438\u043b\u0438\u043d\u0438"},"schema":{"@context":"https:\/\/schema.org","@graph":[{"@type":"Article","@id":"https:\/\/denizcankizil.tr\/uk\/haberler\/antalya\/yolunu-kaybeden-yuruyusculer-ekipleri-alarma-gecirdi\/#article","isPartOf":{"@id":"https:\/\/denizcankizil.tr\/uk\/haberler\/antalya\/yolunu-kaybeden-yuruyusculer-ekipleri-alarma-gecirdi\/"},"author":{"name":"Av. Deniz Can K\u0131z\u0131l","@id":"https:\/\/denizcankizil.tr\/de\/#\/schema\/person\/5dc1b22991bd7ac833867c10afc9b0ff"},"headline":"Yolunu kaybeden y\u00fcr\u00fcy\u00fc\u015f\u00e7\u00fcler ekipleri alarma ge\u00e7irdi","datePublished":"2025-02-17T10:41:16+00:00","mainEntityOfPage":{"@id":"https:\/\/denizcankizil.tr\/uk\/haberler\/antalya\/yolunu-kaybeden-yuruyusculer-ekipleri-alarma-gecirdi\/"},"wordCount":778,"commentCount":0,"publisher":{"@id":"https:\/\/denizcankizil.tr\/de\/#organization"},"image":{"@id":"https:\/\/denizcankizil.tr\/uk\/haberler\/antalya\/yolunu-kaybeden-yuruyusculer-ekipleri-alarma-gecirdi\/#primaryimage"},"thumbnailUrl":"https:\/\/denizcankizil.tr\/wp-content\/uploads\/2025\/02\/5002-01-0YrFDv.jpeg","articleSection":["Antalya"],"inLanguage":"uk","potentialAction":[{"@type":"CommentAction","name":"Comment","target":["https:\/\/denizcankizil.tr\/uk\/haberler\/antalya\/yolunu-kaybeden-yuruyusculer-ekipleri-alarma-gecirdi\/#respond"]}]},{"@type":"WebPage","@id":"https:\/\/denizcankizil.tr\/uk\/haberler\/antalya\/yolunu-kaybeden-yuruyusculer-ekipleri-alarma-gecirdi\/","url":"https:\/\/denizcankizil.tr\/uk\/haberler\/antalya\/yolunu-kaybeden-yuruyusculer-ekipleri-alarma-gecirdi\/","name":"Yolunu kaybeden y\u00fcr\u00fcy\u00fc\u015f\u00e7\u00fcler ekipleri alarma ge\u00e7irdi - Av. Deniz Can K\u0131z\u0131l","isPartOf":{"@id":"https:\/\/denizcankizil.tr\/de\/#website"},"primaryImageOfPage":{"@id":"https:\/\/denizcankizil.tr\/uk\/haberler\/antalya\/yolunu-kaybeden-yuruyusculer-ekipleri-alarma-gecirdi\/#primaryimage"},"image":{"@id":"https:\/\/denizcankizil.tr\/uk\/haberler\/antalya\/yolunu-kaybeden-yuruyusculer-ekipleri-alarma-gecirdi\/#primaryimage"},"thumbnailUrl":"https:\/\/denizcankizil.tr\/wp-content\/uploads\/2025\/02\/5002-01-0YrFDv.jpeg","datePublished":"2025-02-17T10:41:16+00:00","breadcrumb":{"@id":"https:\/\/denizcankizil.tr\/uk\/haberler\/antalya\/yolunu-kaybeden-yuruyusculer-ekipleri-alarma-gecirdi\/#breadcrumb"},"inLanguage":"uk","potentialAction":[{"@type":"ReadAction","target":["https:\/\/denizcankizil.tr\/uk\/haberler\/antalya\/yolunu-kaybeden-yuruyusculer-ekipleri-alarma-gecirdi\/"]}]},{"@type":"ImageObject","inLanguage":"uk","@id":"https:\/\/denizcankizil.tr\/uk\/haberler\/antalya\/yolunu-kaybeden-yuruyusculer-ekipleri-alarma-gecirdi\/#primaryimage","url":"https:\/\/denizcankizil.tr\/wp-content\/uploads\/2025\/02\/5002-01-0YrFDv.jpeg","contentUrl":"https:\/\/denizcankizil.tr\/wp-content\/uploads\/2025\/02\/5002-01-0YrFDv.jpeg","width":1280,"height":720},{"@type":"BreadcrumbList","@id":"https:\/\/denizcankizil.tr\/uk\/haberler\/antalya\/yolunu-kaybeden-yuruyusculer-ekipleri-alarma-gecirdi\/#breadcrumb","itemListElement":[{"@type":"ListItem","position":1,"name":"Home","item":"https:\/\/denizcankizil.tr\/de\/"},{"@type":"ListItem","position":2,"name":"Yolunu kaybeden y\u00fcr\u00fcy\u00fc\u015f\u00e7\u00fcler ekipleri alarma ge\u00e7irdi"}]},{"@type":"WebSite","@id":"https:\/\/denizcankizil.tr\/de\/#website","url":"https:\/\/denizcankizil.tr\/de\/","name":"Av. Deniz Can K\u0131z\u0131l","description":"Avukat Deniz Can K\u0131z\u0131l Antalya Barosu","publisher":{"@id":"https:\/\/denizcankizil.tr\/de\/#organization"},"potentialAction":[{"@type":"SearchAction","target":{"@type":"EntryPoint","urlTemplate":"https:\/\/denizcankizil.tr\/de\/?s={search_term_string}"},"query-input":{"@type":"PropertyValueSpecification","valueRequired":true,"valueName":"search_term_string"}}],"inLanguage":"uk"},{"@type":"Organization","@id":"https:\/\/denizcankizil.tr\/de\/#organization","name":"Av. Deniz Can K\u0131z\u0131l","url":"https:\/\/denizcankizil.tr\/de\/","logo":{"@type":"ImageObject","inLanguage":"uk","@id":"https:\/\/denizcankizil.tr\/de\/#\/schema\/logo\/image\/","url":"https:\/\/denizcankizil.tr\/wp-content\/uploads\/2024\/10\/siyah-logo-svg.svg","contentUrl":"https:\/\/denizcankizil.tr\/wp-content\/uploads\/2024\/10\/siyah-logo-svg.svg","width":1080,"height":1080,"caption":"Av. Deniz Can K\u0131z\u0131l"},"image":{"@id":"https:\/\/denizcankizil.tr\/de\/#\/schema\/logo\/image\/"}},{"@type":"Person","@id":"https:\/\/denizcankizil.tr\/de\/#\/schema\/person\/5dc1b22991bd7ac833867c10afc9b0ff","name":"Av. Deniz Can K\u0131z\u0131l","image":{"@type":"ImageObject","inLanguage":"uk","@id":"https:\/\/denizcankizil.tr\/de\/#\/schema\/person\/image\/","url":"https:\/\/secure.gravatar.com\/avatar\/a0b128fb9855c79efc976d5640eedb31dc35ec297594d6016d2cf7c60e975bb6?s=96&d=mm&r=g","contentUrl":"https:\/\/secure.gravatar.com\/avatar\/a0b128fb9855c79efc976d5640eedb31dc35ec297594d6016d2cf7c60e975bb6?s=96&d=mm&r=g","caption":"Av. Deniz Can K\u0131z\u0131l"},"sameAs":["http:\/\/www.denizcankizil.tr"],"url":"https:\/\/denizcankizil.tr\/uk\/author\/denizcankizil\/"}]}},"_links":{"self":[{"href":"https:\/\/denizcankizil.tr\/uk\/wp-json\/wp\/v2\/posts\/33181","targetHints":{"allow":["GET"]}}],"collection":[{"href":"https:\/\/denizcankizil.tr\/uk\/wp-json\/wp\/v2\/posts"}],"about":[{"href":"https:\/\/denizcankizil.tr\/uk\/wp-json\/wp\/v2\/types\/post"}],"author":[{"embeddable":true,"href":"https:\/\/denizcankizil.tr\/uk\/wp-json\/wp\/v2\/users\/4"}],"replies":[{"embeddable":true,"href":"https:\/\/denizcankizil.tr\/uk\/wp-json\/wp\/v2\/comments?post=33181"}],"version-history":[{"count":0,"href":"https:\/\/denizcankizil.tr\/uk\/wp-json\/wp\/v2\/posts\/33181\/revisions"}],"wp:featuredmedia":[{"embeddable":true,"href":"https:\/\/denizcankizil.tr\/uk\/wp-json\/wp\/v2\/media\/33182"}],"wp:attachment":[{"href":"https:\/\/denizcankizil.tr\/uk\/wp-json\/wp\/v2\/media?parent=33181"}],"wp:term":[{"taxonomy":"category","embeddable":true,"href":"https:\/\/denizcankizil.tr\/uk\/wp-json\/wp\/v2\/categories?post=33181"},{"taxonomy":"post_tag","embeddable":true,"href":"https:\/\/denizcankizil.tr\/uk\/wp-json\/wp\/v2\/tags?post=33181"}],"curies":[{"name":"wp","href":"https:\/\/api.w.org\/{rel}","templated":true}]}}