{"id":33180,"date":"2025-02-17T12:42:03","date_gmt":"2025-02-17T09:42:03","guid":{"rendered":"https:\/\/denizcankizil.tr\/uncategorized-tr\/egede-deprem-firtinasi-suruyor\/"},"modified":"2025-02-17T12:42:03","modified_gmt":"2025-02-17T09:42:03","slug":"egede-deprem-firtinasi-suruyor","status":"publish","type":"post","link":"https:\/\/denizcankizil.tr\/uk\/haberler\/gundem\/egede-deprem-firtinasi-suruyor\/","title":{"rendered":"Ege&#8217;de deprem f\u0131rt\u0131nas\u0131 s\u00fcr\u00fcyor"},"content":{"rendered":"<p>Deprem f\u0131rt\u0131nas\u0131n\u0131n s\u00fcrd\u00fc\u011f\u00fc Ege Denizi&#8217;nde saat 10.49&#8217;da 5 b\u00fcy\u00fckl\u00fc\u011f\u00fcnde yeni bir sars\u0131nt\u0131 kaydedildi.ANKARA (\u0130GFA) &#8211; Ege Denizi&#8217;nde deprem f\u0131rt\u0131nas\u0131 s\u00fcr\u00fcyor.<br \/>\nAFAD, Ege Denizi&#8217;nde saat 10.49&#8217;da yeni deprem kaydetti.<br \/>\nDepremin b\u00fcy\u00fckl\u00fc\u011f\u00fc 5,0 olarak \u00f6l\u00e7\u00fcl\u00fcrken, sars\u0131nt\u0131n\u0131n yerden 7 kilometre derinlikten geldi\u011fi bildirildi.<\/p>\n<p><blockquote class=\"twitter-tweet\" data-width=\"550\" data-dnt=\"true\"><p lang=\"tr\" dir=\"ltr\"><a href=\"https:\/\/twitter.com\/hashtag\/DEPREM?src=hash&amp;ref_src=twsrc%5Etfw\">#DEPREM<\/a><br>B\u00fcy\u00fckl\u00fck:5.0 (Mw)<br>Yer:Ege Denizi<br>Tarih:2025-02-17<br>Saat:10:49:47 TS\u0130<br>Enlem:36.52222 N<br>Boylam:25.57194 E<br>Derinlik:7 km<br>Detay:<a href=\"https:\/\/t.co\/7YucuVkkj6\">https:\/\/t.co\/7YucuVkkj6<\/a><a href=\"https:\/\/twitter.com\/AFADBaskanlik?ref_src=twsrc%5Etfw\">@afadbaskanlik<\/a> <a href=\"https:\/\/twitter.com\/trthaber?ref_src=twsrc%5Etfw\">@trthaber<\/a> <a href=\"https:\/\/twitter.com\/anadoluajansi?ref_src=twsrc%5Etfw\">@anadoluajansi<\/a><\/p>&mdash; AFAD Deprem (@DepremDairesi) <a href=\"https:\/\/twitter.com\/DepremDairesi\/status\/1891400246149697745?ref_src=twsrc%5Etfw\">February 17, 2025<\/a><\/blockquote><script async src=\"https:\/\/platform.twitter.com\/widgets.js\" charset=\"utf-8\"><\/script><\/p>\n<p>\u200bDeprem f\u0131rt\u0131nas\u0131n\u0131n s\u00fcrd\u00fc\u011f\u00fc Ege Denizi&#8217;nde saat 10.49&#8217;da 5 b\u00fcy\u00fckl\u00fc\u011f\u00fcnde yeni bir sars\u0131nt\u0131 kaydedildi.ANKARA (\u0130GFA) &#8211; Ege Denizi&#8217;nde deprem f\u0131rt\u0131nas\u0131 s\u00fcr\u00fcyor.<br \/>\nAFAD, Ege Denizi&#8217;nde saat 10.49&#8217;da yeni deprem kaydetti.<br \/>\nDepremin b\u00fcy\u00fckl\u00fc\u011f\u00fc 5,0 olarak \u00f6l\u00e7\u00fcl\u00fcrken, sars\u0131nt\u0131n\u0131n yerden 7 kilometre derinlikten geldi\u011fi bildirildi.<\/p>\n<p>https:\/\/twitter.com\/DepremDairesi\/status\/1891400246149697745\u00a0<\/p>\n<p>\u200bHaberin Al\u0131nt\u0131land\u0131\u011f\u0131 Kaynak: www.iskenderun.org<\/p>","protected":false},"excerpt":{"rendered":"<p>Deprem f\u0131rt\u0131nas\u0131n\u0131n s\u00fcrd\u00fc\u011f\u00fc Ege Denizi&#8217;nde saat 10.49&#8217;da 5 b\u00fcy\u00fckl\u00fc\u011f\u00fcnde yeni bir sars\u0131nt\u0131 kaydedildi.ANKARA (\u0130GFA) &#8211; Ege Denizi&#8217;nde deprem f\u0131rt\u0131nas\u0131 s\u00fcr\u00fcyor. AFAD, Ege Denizi&#8217;nde saat 10.49&#8217;da yeni deprem kaydetti. Depremin b\u00fcy\u00fckl\u00fc\u011f\u00fc 5,0 olarak \u00f6l\u00e7\u00fcl\u00fcrken, sars\u0131nt\u0131n\u0131n yerden 7 kilometre derinlikten geldi\u011fi bildirildi. #DEPREMB\u00fcy\u00fckl\u00fck:5.0 (Mw)Yer:Ege DeniziTarih:2025-02-17Saat:10:49:47 TS\u0130Enlem:36.52222 NBoylam:25.57194 EDerinlik:7 kmDetay:https:\/\/t.co\/7YucuVkkj6@afadbaskanlik @trthaber @anadoluajansi &mdash; AFAD Deprem (@DepremDairesi) February 17, 2025 \u200bDeprem f\u0131rt\u0131nas\u0131n\u0131n s\u00fcrd\u00fc\u011f\u00fc Ege Denizi&#8217;nde saat 10.49&#8217;da 5 b\u00fcy\u00fckl\u00fc\u011f\u00fcnde yeni bir sars\u0131nt\u0131 kaydedildi.ANKARA (\u0130GFA) &#8211; Ege Denizi&#8217;nde deprem f\u0131rt\u0131nas\u0131 s\u00fcr\u00fcyor. AFAD, Ege Denizi&#8217;nde saat 10.49&#8217;da yeni deprem kaydetti. Depremin b\u00fcy\u00fckl\u00fc\u011f\u00fc 5,0 olarak \u00f6l\u00e7\u00fcl\u00fcrken, sars\u0131nt\u0131n\u0131n yerden 7 kilometre derinlikten geldi\u011fi bildirildi. https:\/\/twitter.com\/DepremDairesi\/status\/1891400246149697745\u00a0 \u200bHaberin Al\u0131nt\u0131land\u0131\u011f\u0131 Kaynak: www.iskenderun.org<\/p>","protected":false},"author":1,"featured_media":0,"comment_status":"open","ping_status":"open","sticky":false,"template":"","format":"standard","meta":{"_acf_changed":false,"footnotes":""},"categories":[24],"tags":[],"class_list":["post-33180","post","type-post","status-publish","format-standard","has-post-thumbnail","hentry","category-gundem"],"acf":[],"yoast_head":"<!-- This site is optimized with the Yoast SEO Premium plugin v26.6 (Yoast SEO v27.1.1) - https:\/\/yoast.com\/product\/yoast-seo-premium-wordpress\/ -->\n<title>Ege&#039;de deprem f\u0131rt\u0131nas\u0131 s\u00fcr\u00fcyor - Av. Deniz Can K\u0131z\u0131l<\/title>\n<meta name=\"robots\" content=\"index, follow, max-snippet:-1, max-image-preview:large, max-video-preview:-1\" \/>\n<link rel=\"canonical\" href=\"http:\/\/denizcankizil.tr\/uk\/haberler\/gundem\/egede-deprem-firtinasi-suruyor\/\" \/>\n<meta property=\"og:locale\" content=\"uk_UA\" \/>\n<meta property=\"og:type\" content=\"article\" \/>\n<meta property=\"og:title\" content=\"Ege&#039;de deprem f\u0131rt\u0131nas\u0131 s\u00fcr\u00fcyor\" \/>\n<meta property=\"og:description\" content=\"Deprem f\u0131rt\u0131nas\u0131n\u0131n s\u00fcrd\u00fc\u011f\u00fc Ege Denizi&#8217;nde saat 10.49&#8217;da 5 b\u00fcy\u00fckl\u00fc\u011f\u00fcnde yeni bir sars\u0131nt\u0131 kaydedildi.ANKARA (\u0130GFA) &#8211; Ege Denizi&#8217;nde deprem f\u0131rt\u0131nas\u0131 s\u00fcr\u00fcyor. AFAD, Ege Denizi&#8217;nde saat 10.49&#8217;da yeni deprem kaydetti. Depremin b\u00fcy\u00fckl\u00fc\u011f\u00fc 5,0 olarak \u00f6l\u00e7\u00fcl\u00fcrken, sars\u0131nt\u0131n\u0131n yerden 7 kilometre derinlikten geldi\u011fi bildirildi. #DEPREMB\u00fcy\u00fckl\u00fck:5.0 (Mw)Yer:Ege DeniziTarih:2025-02-17Saat:10:49:47 TS\u0130Enlem:36.52222 NBoylam:25.57194 EDerinlik:7 kmDetay:https:\/\/t.co\/7YucuVkkj6@afadbaskanlik @trthaber @anadoluajansi &mdash; AFAD Deprem (@DepremDairesi) February 17, 2025 \u200bDeprem f\u0131rt\u0131nas\u0131n\u0131n s\u00fcrd\u00fc\u011f\u00fc Ege Denizi&#8217;nde saat 10.49&#8217;da 5 b\u00fcy\u00fckl\u00fc\u011f\u00fcnde yeni bir sars\u0131nt\u0131 kaydedildi.ANKARA (\u0130GFA) &#8211; Ege Denizi&#8217;nde deprem f\u0131rt\u0131nas\u0131 s\u00fcr\u00fcyor. AFAD, Ege Denizi&#8217;nde saat 10.49&#8217;da yeni deprem kaydetti. Depremin b\u00fcy\u00fckl\u00fc\u011f\u00fc 5,0 olarak \u00f6l\u00e7\u00fcl\u00fcrken, sars\u0131nt\u0131n\u0131n yerden 7 kilometre derinlikten geldi\u011fi bildirildi. https:\/\/twitter.com\/DepremDairesi\/status\/1891400246149697745\u00a0 \u200bHaberin Al\u0131nt\u0131land\u0131\u011f\u0131 Kaynak: www.iskenderun.org\" \/>\n<meta property=\"og:url\" content=\"http:\/\/denizcankizil.tr\/uk\/haberler\/gundem\/egede-deprem-firtinasi-suruyor\/\" \/>\n<meta property=\"og:site_name\" content=\"Av. Deniz Can K\u0131z\u0131l\" \/>\n<meta property=\"article:published_time\" content=\"2025-02-17T09:42:03+00:00\" \/>\n<meta name=\"author\" content=\"admin\" \/>\n<meta name=\"twitter:card\" content=\"summary_large_image\" \/>\n<meta name=\"twitter:label1\" content=\"\u041d\u0430\u043f\u0438\u0441\u0430\u043d\u043e\" \/>\n\t<meta name=\"twitter:data1\" content=\"admin\" \/>\n\t<meta name=\"twitter:label2\" content=\"\u041f\u0440\u0438\u0431\u043b. \u0447\u0430\u0441 \u0447\u0438\u0442\u0430\u043d\u043d\u044f\" \/>\n\t<meta name=\"twitter:data2\" content=\"1 \u0445\u0432\u0438\u043b\u0438\u043d\u0430\" \/>\n<script type=\"application\/ld+json\" class=\"yoast-schema-graph\">{\"@context\":\"https:\/\/schema.org\",\"@graph\":[{\"@type\":\"Article\",\"@id\":\"http:\/\/denizcankizil.tr\/en\/haberler\/gundem\/egede-deprem-firtinasi-suruyor\/#article\",\"isPartOf\":{\"@id\":\"http:\/\/denizcankizil.tr\/en\/haberler\/gundem\/egede-deprem-firtinasi-suruyor\/\"},\"author\":{\"name\":\"admin\",\"@id\":\"https:\/\/denizcankizil.tr\/de\/#\/schema\/person\/be3c05fe6a12686905512445d8185489\"},\"headline\":\"Ege&#8217;de deprem f\u0131rt\u0131nas\u0131 s\u00fcr\u00fcyor\",\"datePublished\":\"2025-02-17T09:42:03+00:00\",\"mainEntityOfPage\":{\"@id\":\"http:\/\/denizcankizil.tr\/en\/haberler\/gundem\/egede-deprem-firtinasi-suruyor\/\"},\"wordCount\":151,\"commentCount\":0,\"publisher\":{\"@id\":\"https:\/\/denizcankizil.tr\/de\/#organization\"},\"articleSection\":[\"G\u00fcndem\"],\"inLanguage\":\"uk\",\"potentialAction\":[{\"@type\":\"CommentAction\",\"name\":\"Comment\",\"target\":[\"http:\/\/denizcankizil.tr\/en\/haberler\/gundem\/egede-deprem-firtinasi-suruyor\/#respond\"]}]},{\"@type\":\"WebPage\",\"@id\":\"http:\/\/denizcankizil.tr\/en\/haberler\/gundem\/egede-deprem-firtinasi-suruyor\/\",\"url\":\"http:\/\/denizcankizil.tr\/en\/haberler\/gundem\/egede-deprem-firtinasi-suruyor\/\",\"name\":\"Ege'de deprem f\u0131rt\u0131nas\u0131 s\u00fcr\u00fcyor - Av. Deniz Can K\u0131z\u0131l\",\"isPartOf\":{\"@id\":\"https:\/\/denizcankizil.tr\/de\/#website\"},\"datePublished\":\"2025-02-17T09:42:03+00:00\",\"breadcrumb\":{\"@id\":\"http:\/\/denizcankizil.tr\/en\/haberler\/gundem\/egede-deprem-firtinasi-suruyor\/#breadcrumb\"},\"inLanguage\":\"uk\",\"potentialAction\":[{\"@type\":\"ReadAction\",\"target\":[\"http:\/\/denizcankizil.tr\/en\/haberler\/gundem\/egede-deprem-firtinasi-suruyor\/\"]}]},{\"@type\":\"BreadcrumbList\",\"@id\":\"http:\/\/denizcankizil.tr\/en\/haberler\/gundem\/egede-deprem-firtinasi-suruyor\/#breadcrumb\",\"itemListElement\":[{\"@type\":\"ListItem\",\"position\":1,\"name\":\"Home\",\"item\":\"https:\/\/denizcankizil.tr\/de\/\"},{\"@type\":\"ListItem\",\"position\":2,\"name\":\"Ege&#8217;de deprem f\u0131rt\u0131nas\u0131 s\u00fcr\u00fcyor\"}]},{\"@type\":\"WebSite\",\"@id\":\"https:\/\/denizcankizil.tr\/de\/#website\",\"url\":\"https:\/\/denizcankizil.tr\/de\/\",\"name\":\"Av. Deniz Can K\u0131z\u0131l\",\"description\":\"Avukat Deniz Can K\u0131z\u0131l Antalya Barosu\",\"publisher\":{\"@id\":\"https:\/\/denizcankizil.tr\/de\/#organization\"},\"potentialAction\":[{\"@type\":\"SearchAction\",\"target\":{\"@type\":\"EntryPoint\",\"urlTemplate\":\"https:\/\/denizcankizil.tr\/de\/?s={search_term_string}\"},\"query-input\":{\"@type\":\"PropertyValueSpecification\",\"valueRequired\":true,\"valueName\":\"search_term_string\"}}],\"inLanguage\":\"uk\"},{\"@type\":\"Organization\",\"@id\":\"https:\/\/denizcankizil.tr\/de\/#organization\",\"name\":\"Av. Deniz Can K\u0131z\u0131l\",\"url\":\"https:\/\/denizcankizil.tr\/de\/\",\"logo\":{\"@type\":\"ImageObject\",\"inLanguage\":\"uk\",\"@id\":\"https:\/\/denizcankizil.tr\/de\/#\/schema\/logo\/image\/\",\"url\":\"https:\/\/denizcankizil.tr\/wp-content\/uploads\/2024\/10\/siyah-logo-svg.svg\",\"contentUrl\":\"https:\/\/denizcankizil.tr\/wp-content\/uploads\/2024\/10\/siyah-logo-svg.svg\",\"width\":1080,\"height\":1080,\"caption\":\"Av. Deniz Can K\u0131z\u0131l\"},\"image\":{\"@id\":\"https:\/\/denizcankizil.tr\/de\/#\/schema\/logo\/image\/\"}},{\"@type\":\"Person\",\"@id\":\"https:\/\/denizcankizil.tr\/de\/#\/schema\/person\/be3c05fe6a12686905512445d8185489\",\"name\":\"admin\",\"image\":{\"@type\":\"ImageObject\",\"inLanguage\":\"uk\",\"@id\":\"https:\/\/denizcankizil.tr\/de\/#\/schema\/person\/image\/\",\"url\":\"https:\/\/secure.gravatar.com\/avatar\/c1fce94c830dc79107e174f890d7210541c4a63e8e5d816341794a2151c9d58c?s=96&d=mm&r=g\",\"contentUrl\":\"https:\/\/secure.gravatar.com\/avatar\/c1fce94c830dc79107e174f890d7210541c4a63e8e5d816341794a2151c9d58c?s=96&d=mm&r=g\",\"caption\":\"admin\"},\"sameAs\":[\"http:\/\/denizcankizil.tr\"],\"url\":\"https:\/\/www.iskenderun.org\/egede-deprem-firtinasi-suruyor\"}]}<\/script>\n<!-- \/ Yoast SEO Premium plugin. -->","yoast_head_json":{"title":"Ege'de deprem f\u0131rt\u0131nas\u0131 s\u00fcr\u00fcyor - Av. Deniz Can K\u0131z\u0131l","robots":{"index":"index","follow":"follow","max-snippet":"max-snippet:-1","max-image-preview":"max-image-preview:large","max-video-preview":"max-video-preview:-1"},"canonical":"http:\/\/denizcankizil.tr\/uk\/haberler\/gundem\/egede-deprem-firtinasi-suruyor\/","og_locale":"uk_UA","og_type":"article","og_title":"Ege'de deprem f\u0131rt\u0131nas\u0131 s\u00fcr\u00fcyor","og_description":"Deprem f\u0131rt\u0131nas\u0131n\u0131n s\u00fcrd\u00fc\u011f\u00fc Ege Denizi&#8217;nde saat 10.49&#8217;da 5 b\u00fcy\u00fckl\u00fc\u011f\u00fcnde yeni bir sars\u0131nt\u0131 kaydedildi.ANKARA (\u0130GFA) &#8211; Ege Denizi&#8217;nde deprem f\u0131rt\u0131nas\u0131 s\u00fcr\u00fcyor. AFAD, Ege Denizi&#8217;nde saat 10.49&#8217;da yeni deprem kaydetti. Depremin b\u00fcy\u00fckl\u00fc\u011f\u00fc 5,0 olarak \u00f6l\u00e7\u00fcl\u00fcrken, sars\u0131nt\u0131n\u0131n yerden 7 kilometre derinlikten geldi\u011fi bildirildi. #DEPREMB\u00fcy\u00fckl\u00fck:5.0 (Mw)Yer:Ege DeniziTarih:2025-02-17Saat:10:49:47 TS\u0130Enlem:36.52222 NBoylam:25.57194 EDerinlik:7 kmDetay:https:\/\/t.co\/7YucuVkkj6@afadbaskanlik @trthaber @anadoluajansi &mdash; AFAD Deprem (@DepremDairesi) February 17, 2025 \u200bDeprem f\u0131rt\u0131nas\u0131n\u0131n s\u00fcrd\u00fc\u011f\u00fc Ege Denizi&#8217;nde saat 10.49&#8217;da 5 b\u00fcy\u00fckl\u00fc\u011f\u00fcnde yeni bir sars\u0131nt\u0131 kaydedildi.ANKARA (\u0130GFA) &#8211; Ege Denizi&#8217;nde deprem f\u0131rt\u0131nas\u0131 s\u00fcr\u00fcyor. AFAD, Ege Denizi&#8217;nde saat 10.49&#8217;da yeni deprem kaydetti. Depremin b\u00fcy\u00fckl\u00fc\u011f\u00fc 5,0 olarak \u00f6l\u00e7\u00fcl\u00fcrken, sars\u0131nt\u0131n\u0131n yerden 7 kilometre derinlikten geldi\u011fi bildirildi. https:\/\/twitter.com\/DepremDairesi\/status\/1891400246149697745\u00a0 \u200bHaberin Al\u0131nt\u0131land\u0131\u011f\u0131 Kaynak: www.iskenderun.org","og_url":"http:\/\/denizcankizil.tr\/uk\/haberler\/gundem\/egede-deprem-firtinasi-suruyor\/","og_site_name":"Av. Deniz Can K\u0131z\u0131l","article_published_time":"2025-02-17T09:42:03+00:00","author":"admin","twitter_card":"summary_large_image","twitter_misc":{"\u041d\u0430\u043f\u0438\u0441\u0430\u043d\u043e":"admin","\u041f\u0440\u0438\u0431\u043b. \u0447\u0430\u0441 \u0447\u0438\u0442\u0430\u043d\u043d\u044f":"1 \u0445\u0432\u0438\u043b\u0438\u043d\u0430"},"schema":{"@context":"https:\/\/schema.org","@graph":[{"@type":"Article","@id":"http:\/\/denizcankizil.tr\/en\/haberler\/gundem\/egede-deprem-firtinasi-suruyor\/#article","isPartOf":{"@id":"http:\/\/denizcankizil.tr\/en\/haberler\/gundem\/egede-deprem-firtinasi-suruyor\/"},"author":{"name":"admin","@id":"https:\/\/denizcankizil.tr\/de\/#\/schema\/person\/be3c05fe6a12686905512445d8185489"},"headline":"Ege&#8217;de deprem f\u0131rt\u0131nas\u0131 s\u00fcr\u00fcyor","datePublished":"2025-02-17T09:42:03+00:00","mainEntityOfPage":{"@id":"http:\/\/denizcankizil.tr\/en\/haberler\/gundem\/egede-deprem-firtinasi-suruyor\/"},"wordCount":151,"commentCount":0,"publisher":{"@id":"https:\/\/denizcankizil.tr\/de\/#organization"},"articleSection":["G\u00fcndem"],"inLanguage":"uk","potentialAction":[{"@type":"CommentAction","name":"Comment","target":["http:\/\/denizcankizil.tr\/en\/haberler\/gundem\/egede-deprem-firtinasi-suruyor\/#respond"]}]},{"@type":"WebPage","@id":"http:\/\/denizcankizil.tr\/en\/haberler\/gundem\/egede-deprem-firtinasi-suruyor\/","url":"http:\/\/denizcankizil.tr\/en\/haberler\/gundem\/egede-deprem-firtinasi-suruyor\/","name":"Ege'de deprem f\u0131rt\u0131nas\u0131 s\u00fcr\u00fcyor - Av. Deniz Can K\u0131z\u0131l","isPartOf":{"@id":"https:\/\/denizcankizil.tr\/de\/#website"},"datePublished":"2025-02-17T09:42:03+00:00","breadcrumb":{"@id":"http:\/\/denizcankizil.tr\/en\/haberler\/gundem\/egede-deprem-firtinasi-suruyor\/#breadcrumb"},"inLanguage":"uk","potentialAction":[{"@type":"ReadAction","target":["http:\/\/denizcankizil.tr\/en\/haberler\/gundem\/egede-deprem-firtinasi-suruyor\/"]}]},{"@type":"BreadcrumbList","@id":"http:\/\/denizcankizil.tr\/en\/haberler\/gundem\/egede-deprem-firtinasi-suruyor\/#breadcrumb","itemListElement":[{"@type":"ListItem","position":1,"name":"Home","item":"https:\/\/denizcankizil.tr\/de\/"},{"@type":"ListItem","position":2,"name":"Ege&#8217;de deprem f\u0131rt\u0131nas\u0131 s\u00fcr\u00fcyor"}]},{"@type":"WebSite","@id":"https:\/\/denizcankizil.tr\/de\/#website","url":"https:\/\/denizcankizil.tr\/de\/","name":"Av. Deniz Can K\u0131z\u0131l","description":"Avukat Deniz Can K\u0131z\u0131l Antalya Barosu","publisher":{"@id":"https:\/\/denizcankizil.tr\/de\/#organization"},"potentialAction":[{"@type":"SearchAction","target":{"@type":"EntryPoint","urlTemplate":"https:\/\/denizcankizil.tr\/de\/?s={search_term_string}"},"query-input":{"@type":"PropertyValueSpecification","valueRequired":true,"valueName":"search_term_string"}}],"inLanguage":"uk"},{"@type":"Organization","@id":"https:\/\/denizcankizil.tr\/de\/#organization","name":"Av. Deniz Can K\u0131z\u0131l","url":"https:\/\/denizcankizil.tr\/de\/","logo":{"@type":"ImageObject","inLanguage":"uk","@id":"https:\/\/denizcankizil.tr\/de\/#\/schema\/logo\/image\/","url":"https:\/\/denizcankizil.tr\/wp-content\/uploads\/2024\/10\/siyah-logo-svg.svg","contentUrl":"https:\/\/denizcankizil.tr\/wp-content\/uploads\/2024\/10\/siyah-logo-svg.svg","width":1080,"height":1080,"caption":"Av. Deniz Can K\u0131z\u0131l"},"image":{"@id":"https:\/\/denizcankizil.tr\/de\/#\/schema\/logo\/image\/"}},{"@type":"Person","@id":"https:\/\/denizcankizil.tr\/de\/#\/schema\/person\/be3c05fe6a12686905512445d8185489","name":"\u0430\u0434\u043c\u0456\u043d","image":{"@type":"ImageObject","inLanguage":"uk","@id":"https:\/\/denizcankizil.tr\/de\/#\/schema\/person\/image\/","url":"https:\/\/secure.gravatar.com\/avatar\/c1fce94c830dc79107e174f890d7210541c4a63e8e5d816341794a2151c9d58c?s=96&d=mm&r=g","contentUrl":"https:\/\/secure.gravatar.com\/avatar\/c1fce94c830dc79107e174f890d7210541c4a63e8e5d816341794a2151c9d58c?s=96&d=mm&r=g","caption":"admin"},"sameAs":["http:\/\/denizcankizil.tr"],"url":"https:\/\/www.iskenderun.org\/egede-deprem-firtinasi-suruyor"}]}},"_links":{"self":[{"href":"https:\/\/denizcankizil.tr\/uk\/wp-json\/wp\/v2\/posts\/33180","targetHints":{"allow":["GET"]}}],"collection":[{"href":"https:\/\/denizcankizil.tr\/uk\/wp-json\/wp\/v2\/posts"}],"about":[{"href":"https:\/\/denizcankizil.tr\/uk\/wp-json\/wp\/v2\/types\/post"}],"author":[{"embeddable":true,"href":"https:\/\/denizcankizil.tr\/uk\/wp-json\/wp\/v2\/users\/1"}],"replies":[{"embeddable":true,"href":"https:\/\/denizcankizil.tr\/uk\/wp-json\/wp\/v2\/comments?post=33180"}],"version-history":[{"count":0,"href":"https:\/\/denizcankizil.tr\/uk\/wp-json\/wp\/v2\/posts\/33180\/revisions"}],"wp:attachment":[{"href":"https:\/\/denizcankizil.tr\/uk\/wp-json\/wp\/v2\/media?parent=33180"}],"wp:term":[{"taxonomy":"category","embeddable":true,"href":"https:\/\/denizcankizil.tr\/uk\/wp-json\/wp\/v2\/categories?post=33180"},{"taxonomy":"post_tag","embeddable":true,"href":"https:\/\/denizcankizil.tr\/uk\/wp-json\/wp\/v2\/tags?post=33180"}],"curies":[{"name":"wp","href":"https:\/\/api.w.org\/{rel}","templated":true}]}}