{"id":33155,"date":"2025-02-17T11:41:40","date_gmt":"2025-02-17T08:41:40","guid":{"rendered":"https:\/\/denizcankizil.tr\/uncategorized-tr\/bayginlik-geciren-surucu-ortaligi-savas-alanina-cevirdi\/"},"modified":"2025-02-17T11:41:40","modified_gmt":"2025-02-17T08:41:40","slug":"bayginlik-geciren-surucu-ortaligi-savas-alanina-cevirdi","status":"publish","type":"post","link":"https:\/\/denizcankizil.tr\/uk\/haberler\/antalya\/bayginlik-geciren-surucu-ortaligi-savas-alanina-cevirdi\/","title":{"rendered":"Bayg\u0131nl\u0131k ge\u00e7iren s\u00fcr\u00fcc\u00fc ortal\u0131\u011f\u0131 sava\u015f alan\u0131na \u00e7evirdi"},"content":{"rendered":"<p>Kaza, Muratpa\u015fa il\u00e7esi Muratpa\u015fa Mahallesi Evliye \u00c7elebi Caddesi ile \u015eair Adem Dede Caddesi kesi\u015fiminde meydana geldi. Edinilen bilgiye g\u00f6re, \u015eair Adem Dede Caddesi&#8217;nden gelen 07 AVN 442 plakal\u0131 otomobil s\u00fcr\u00fcc\u00fcs\u00fc Onur M.&#8217;nin direksiyon ba\u015f\u0131nda bayg\u0131nl\u0131k ge\u00e7irerek bilincini kaybetti. Arac\u0131n direksiyon hakimiyetini kaybeden Onur M.&#8217;nin kulland\u0131\u011f\u0131 ara\u00e7 b\u00fcy\u00fck bir h\u0131zla o s\u0131rada ye\u015fil \u0131\u015f\u0131kta ge\u00e7mekte olan Mehmet D. idaresindeki 06 HA 674 plakal\u0131 Volkswagen marka otomobile \u00e7arpt\u0131. \u00c7arpman\u0131n \u015fiddetiyle iki ara\u00e7ta savrulurken Onur M.&#8217;nin kulland\u0131\u011f\u0131 ara\u00e7 bu kezde Ayd\u0131n \u00c7. idaresinde ki 07 T 2217 plakal\u0131 ticari taksi ile kafa kafaya \u00e7arp\u0131\u015ft\u0131, savrulan ticari taksi de bir motosiklete \u00e7arpt\u0131.<\/p>\n<p>Yol sava\u015f alan\u0131na d\u00f6nd\u00fc<br \/>\nKazada ticari taksinin arkas\u0131nda beklemekte olan Veysel A.&#8217;n\u0131n kulland\u0131\u011f\u0131 07 MCD 49 plakal\u0131 motosiklettede maddi zarar olu\u015ftu. \u00c7evredeki vatanda\u015flar ve di\u011fer s\u00fcr\u00fcc\u00fclerin 112 Acil \u00c7a\u011fr\u0131 Merkezi&#8217;ne ihbar\u0131 ile olay yerine itfaiye, sa\u011fl\u0131k ve polis ekipleri sevk edildi. Yolun sava\u015f alan\u0131na d\u00f6nd\u00fc\u011f\u00fc kazada ara\u00e7 bayg\u0131n \u015fekilde ara\u00e7 i\u00e7erisinde bulunan Onur M. itfaiye ve sa\u011fl\u0131k ekipleri taraf\u0131ndan bulundu\u011fu yerden \u00e7\u0131kart\u0131ld\u0131. Bayg\u0131n haldeki Onur M. ile birlikte 06 HA 674 plakal\u0131 ara\u00e7 i\u00e7erisinde bulunan ve kazay\u0131 hafif s\u0131yr\u0131klarla atlatan 2&#8217;si \u00e7ocuk 3 ki\u015fi 112 Acil Sa\u011fl\u0131k ekiplerinin ilk m\u00fcdahalesinin ard\u0131ndan ambulanslarla hastaneye kald\u0131r\u0131ld\u0131. Polis ekipleri kazayla ilgili inceleme ba\u015flat\u0131rken, ara\u00e7lar \u00e7ekici yard\u0131m\u0131yla bulunduklar\u0131 yerden kald\u0131r\u0131ld\u0131.<\/p>\n<p>&#8220;Kar\u015f\u0131 tarafada \u0131\u015f\u0131k yap\u0131lmas\u0131 laz\u0131m&#8221;<br \/>\nKazay\u0131 g\u00f6ren vatanda\u015flardan Fatih Burgucu, &#8220;Bunlar d\u00f6nmek i\u00e7in bekliyordu. Bu ara\u00e7 ters y\u00f6ne girdi\u011finden dolay\u0131 su\u00e7 beyaz araban\u0131n. Ambulans ve polisler geldi. I\u015f\u0131\u011f\u0131 ge\u00e7erken bir anda dald\u0131. Dursayd\u0131 zaten bu durum olmazd\u0131&#8221; dedi. Bir ba\u015fka vatanda\u015f H\u00fcseyin Delio\u011flu ise, &#8220;Wolkswagen kar\u015f\u0131 y\u00f6nden geliyordu. Durmadan direkt arabaya vurdu. Kar\u015f\u0131dan gelen ara\u00e7 zaten ye\u015fil \u0131\u015f\u0131kta ge\u00e7iyordu. O ge\u00e7erken arkada\u015f kar\u015f\u0131dan gelip direkt olarak dald\u0131. Ard\u0131ndan o ara\u00e7 da motora vurdu. Beyaz ara\u00e7 da sonra taksiye vurdu. Motorluyu savurdu. Burada s\u00fcrekli kaza oluyor. Haftada 2-3 g\u00fcn s\u00fcrekli kaza oluyor burada, bariyerlere falan giriyorlar. S\u00fcrekli ak\u0131\u015f\u0131 olan bir kav\u015fak oldu\u011fu i\u00e7in, kar\u015f\u0131 tarafa da \u0131\u015f\u0131k yap\u0131lsa kazalar\u0131n \u00f6n\u00fcne bir nebze olsa ge\u00e7ilir&#8221; ifadelerini kulland\u0131.<\/p>\n<p>Kaynak: www.kanalv.com.tr Haber Sitesinden Al\u0131nm\u0131\u015ft\u0131r.<\/p>","protected":false},"excerpt":{"rendered":"<p>Kaza, Muratpa\u015fa il\u00e7esi Muratpa\u015fa Mahallesi Evliye \u00c7elebi Caddesi ile \u015eair Adem Dede Caddesi kesi\u015fiminde meydana geldi. Edinilen bilgiye g\u00f6re, \u015eair Adem Dede Caddesi&#8217;nden gelen 07 AVN 442 plakal\u0131 otomobil s\u00fcr\u00fcc\u00fcs\u00fc Onur M.&#8217;nin direksiyon ba\u015f\u0131nda bayg\u0131nl\u0131k ge\u00e7irerek bilincini kaybetti. Arac\u0131n direksiyon hakimiyetini kaybeden Onur M.&#8217;nin kulland\u0131\u011f\u0131 ara\u00e7 b\u00fcy\u00fck bir h\u0131zla o s\u0131rada ye\u015fil \u0131\u015f\u0131kta ge\u00e7mekte olan Mehmet D. idaresindeki 06 HA 674 plakal\u0131 Volkswagen marka otomobile \u00e7arpt\u0131. \u00c7arpman\u0131n \u015fiddetiyle iki ara\u00e7ta savrulurken Onur M.&#8217;nin kulland\u0131\u011f\u0131 ara\u00e7 bu kezde Ayd\u0131n \u00c7. idaresinde ki 07 T 2217 plakal\u0131 ticari taksi ile kafa kafaya \u00e7arp\u0131\u015ft\u0131, savrulan ticari taksi de bir motosiklete \u00e7arpt\u0131. Yol sava\u015f alan\u0131na d\u00f6nd\u00fc Kazada ticari taksinin arkas\u0131nda beklemekte olan Veysel A.&#8217;n\u0131n kulland\u0131\u011f\u0131 07 MCD 49 plakal\u0131 motosiklettede maddi zarar olu\u015ftu. \u00c7evredeki vatanda\u015flar ve di\u011fer s\u00fcr\u00fcc\u00fclerin 112 Acil \u00c7a\u011fr\u0131 Merkezi&#8217;ne ihbar\u0131 ile olay yerine itfaiye, sa\u011fl\u0131k ve polis ekipleri sevk edildi. Yolun sava\u015f alan\u0131na d\u00f6nd\u00fc\u011f\u00fc kazada ara\u00e7 bayg\u0131n \u015fekilde ara\u00e7 i\u00e7erisinde bulunan Onur M. itfaiye ve sa\u011fl\u0131k ekipleri taraf\u0131ndan bulundu\u011fu yerden \u00e7\u0131kart\u0131ld\u0131. Bayg\u0131n haldeki Onur M. ile birlikte 06 HA 674 plakal\u0131 ara\u00e7 i\u00e7erisinde bulunan ve kazay\u0131 hafif s\u0131yr\u0131klarla atlatan 2&#8217;si \u00e7ocuk 3 ki\u015fi 112 Acil Sa\u011fl\u0131k ekiplerinin ilk m\u00fcdahalesinin ard\u0131ndan ambulanslarla hastaneye kald\u0131r\u0131ld\u0131. Polis ekipleri kazayla ilgili inceleme ba\u015flat\u0131rken, ara\u00e7lar \u00e7ekici &hellip;<\/p>","protected":false},"author":4,"featured_media":33156,"comment_status":"open","ping_status":"open","sticky":false,"template":"","format":"standard","meta":{"_acf_changed":false,"footnotes":""},"categories":[26],"tags":[],"class_list":["post-33155","post","type-post","status-publish","format-standard","has-post-thumbnail","hentry","category-antalya"],"acf":[],"yoast_head":"<!-- This site is optimized with the Yoast SEO Premium plugin v26.6 (Yoast SEO v27.1.1) - https:\/\/yoast.com\/product\/yoast-seo-premium-wordpress\/ -->\n<title>Bayg\u0131nl\u0131k ge\u00e7iren s\u00fcr\u00fcc\u00fc ortal\u0131\u011f\u0131 sava\u015f alan\u0131na \u00e7evirdi - Av. Deniz Can K\u0131z\u0131l<\/title>\n<meta name=\"robots\" content=\"index, follow, max-snippet:-1, max-image-preview:large, max-video-preview:-1\" \/>\n<link rel=\"canonical\" href=\"https:\/\/denizcankizil.tr\/uk\/haberler\/antalya\/bayginlik-geciren-surucu-ortaligi-savas-alanina-cevirdi\/\" \/>\n<meta property=\"og:locale\" content=\"uk_UA\" \/>\n<meta property=\"og:type\" content=\"article\" \/>\n<meta property=\"og:title\" content=\"Bayg\u0131nl\u0131k ge\u00e7iren s\u00fcr\u00fcc\u00fc ortal\u0131\u011f\u0131 sava\u015f alan\u0131na \u00e7evirdi\" \/>\n<meta property=\"og:description\" content=\"Kaza, Muratpa\u015fa il\u00e7esi Muratpa\u015fa Mahallesi Evliye \u00c7elebi Caddesi ile \u015eair Adem Dede Caddesi kesi\u015fiminde meydana geldi. Edinilen bilgiye g\u00f6re, \u015eair Adem Dede Caddesi&#8217;nden gelen 07 AVN 442 plakal\u0131 otomobil s\u00fcr\u00fcc\u00fcs\u00fc Onur M.&#8217;nin direksiyon ba\u015f\u0131nda bayg\u0131nl\u0131k ge\u00e7irerek bilincini kaybetti. Arac\u0131n direksiyon hakimiyetini kaybeden Onur M.&#8217;nin kulland\u0131\u011f\u0131 ara\u00e7 b\u00fcy\u00fck bir h\u0131zla o s\u0131rada ye\u015fil \u0131\u015f\u0131kta ge\u00e7mekte olan Mehmet D. idaresindeki 06 HA 674 plakal\u0131 Volkswagen marka otomobile \u00e7arpt\u0131. \u00c7arpman\u0131n \u015fiddetiyle iki ara\u00e7ta savrulurken Onur M.&#8217;nin kulland\u0131\u011f\u0131 ara\u00e7 bu kezde Ayd\u0131n \u00c7. idaresinde ki 07 T 2217 plakal\u0131 ticari taksi ile kafa kafaya \u00e7arp\u0131\u015ft\u0131, savrulan ticari taksi de bir motosiklete \u00e7arpt\u0131. Yol sava\u015f alan\u0131na d\u00f6nd\u00fc Kazada ticari taksinin arkas\u0131nda beklemekte olan Veysel A.&#8217;n\u0131n kulland\u0131\u011f\u0131 07 MCD 49 plakal\u0131 motosiklettede maddi zarar olu\u015ftu. \u00c7evredeki vatanda\u015flar ve di\u011fer s\u00fcr\u00fcc\u00fclerin 112 Acil \u00c7a\u011fr\u0131 Merkezi&#8217;ne ihbar\u0131 ile olay yerine itfaiye, sa\u011fl\u0131k ve polis ekipleri sevk edildi. Yolun sava\u015f alan\u0131na d\u00f6nd\u00fc\u011f\u00fc kazada ara\u00e7 bayg\u0131n \u015fekilde ara\u00e7 i\u00e7erisinde bulunan Onur M. itfaiye ve sa\u011fl\u0131k ekipleri taraf\u0131ndan bulundu\u011fu yerden \u00e7\u0131kart\u0131ld\u0131. Bayg\u0131n haldeki Onur M. ile birlikte 06 HA 674 plakal\u0131 ara\u00e7 i\u00e7erisinde bulunan ve kazay\u0131 hafif s\u0131yr\u0131klarla atlatan 2&#8217;si \u00e7ocuk 3 ki\u015fi 112 Acil Sa\u011fl\u0131k ekiplerinin ilk m\u00fcdahalesinin ard\u0131ndan ambulanslarla hastaneye kald\u0131r\u0131ld\u0131. Polis ekipleri kazayla ilgili inceleme ba\u015flat\u0131rken, ara\u00e7lar \u00e7ekici &hellip;\" \/>\n<meta property=\"og:url\" content=\"https:\/\/denizcankizil.tr\/uk\/haberler\/antalya\/bayginlik-geciren-surucu-ortaligi-savas-alanina-cevirdi\/\" \/>\n<meta property=\"og:site_name\" content=\"Av. Deniz Can K\u0131z\u0131l\" \/>\n<meta property=\"article:published_time\" content=\"2025-02-17T08:41:40+00:00\" \/>\n<meta property=\"og:image\" content=\"https:\/\/denizcankizil.tr\/wp-content\/uploads\/2025\/02\/4994-01-kEMlNC.jpeg\" \/>\n\t<meta property=\"og:image:width\" content=\"1280\" \/>\n\t<meta property=\"og:image:height\" content=\"720\" \/>\n\t<meta property=\"og:image:type\" content=\"image\/jpeg\" \/>\n<meta name=\"author\" content=\"Av. Deniz Can K\u0131z\u0131l\" \/>\n<meta name=\"twitter:card\" content=\"summary_large_image\" \/>\n<meta name=\"twitter:label1\" content=\"\u041d\u0430\u043f\u0438\u0441\u0430\u043d\u043e\" \/>\n\t<meta name=\"twitter:data1\" content=\"Av. Deniz Can K\u0131z\u0131l\" \/>\n\t<meta name=\"twitter:label2\" content=\"\u041f\u0440\u0438\u0431\u043b. \u0447\u0430\u0441 \u0447\u0438\u0442\u0430\u043d\u043d\u044f\" \/>\n\t<meta name=\"twitter:data2\" content=\"2 \u0445\u0432\u0438\u043b\u0438\u043d\u0438\" \/>\n<script type=\"application\/ld+json\" class=\"yoast-schema-graph\">{\"@context\":\"https:\/\/schema.org\",\"@graph\":[{\"@type\":\"Article\",\"@id\":\"https:\/\/denizcankizil.tr\/ru\/haberler\/antalya\/bayginlik-geciren-surucu-ortaligi-savas-alanina-cevirdi\/#article\",\"isPartOf\":{\"@id\":\"https:\/\/denizcankizil.tr\/ru\/haberler\/antalya\/bayginlik-geciren-surucu-ortaligi-savas-alanina-cevirdi\/\"},\"author\":{\"name\":\"Av. Deniz Can K\u0131z\u0131l\",\"@id\":\"https:\/\/denizcankizil.tr\/de\/#\/schema\/person\/5dc1b22991bd7ac833867c10afc9b0ff\"},\"headline\":\"Bayg\u0131nl\u0131k ge\u00e7iren s\u00fcr\u00fcc\u00fc ortal\u0131\u011f\u0131 sava\u015f alan\u0131na \u00e7evirdi\",\"datePublished\":\"2025-02-17T08:41:40+00:00\",\"mainEntityOfPage\":{\"@id\":\"https:\/\/denizcankizil.tr\/ru\/haberler\/antalya\/bayginlik-geciren-surucu-ortaligi-savas-alanina-cevirdi\/\"},\"wordCount\":429,\"commentCount\":0,\"publisher\":{\"@id\":\"https:\/\/denizcankizil.tr\/de\/#organization\"},\"image\":{\"@id\":\"https:\/\/denizcankizil.tr\/ru\/haberler\/antalya\/bayginlik-geciren-surucu-ortaligi-savas-alanina-cevirdi\/#primaryimage\"},\"thumbnailUrl\":\"https:\/\/denizcankizil.tr\/wp-content\/uploads\/2025\/02\/4994-01-kEMlNC.jpeg\",\"articleSection\":[\"Antalya\"],\"inLanguage\":\"uk\",\"potentialAction\":[{\"@type\":\"CommentAction\",\"name\":\"Comment\",\"target\":[\"https:\/\/denizcankizil.tr\/ru\/haberler\/antalya\/bayginlik-geciren-surucu-ortaligi-savas-alanina-cevirdi\/#respond\"]}]},{\"@type\":\"WebPage\",\"@id\":\"https:\/\/denizcankizil.tr\/ru\/haberler\/antalya\/bayginlik-geciren-surucu-ortaligi-savas-alanina-cevirdi\/\",\"url\":\"https:\/\/denizcankizil.tr\/ru\/haberler\/antalya\/bayginlik-geciren-surucu-ortaligi-savas-alanina-cevirdi\/\",\"name\":\"Bayg\u0131nl\u0131k ge\u00e7iren s\u00fcr\u00fcc\u00fc ortal\u0131\u011f\u0131 sava\u015f alan\u0131na \u00e7evirdi - Av. Deniz Can K\u0131z\u0131l\",\"isPartOf\":{\"@id\":\"https:\/\/denizcankizil.tr\/de\/#website\"},\"primaryImageOfPage\":{\"@id\":\"https:\/\/denizcankizil.tr\/ru\/haberler\/antalya\/bayginlik-geciren-surucu-ortaligi-savas-alanina-cevirdi\/#primaryimage\"},\"image\":{\"@id\":\"https:\/\/denizcankizil.tr\/ru\/haberler\/antalya\/bayginlik-geciren-surucu-ortaligi-savas-alanina-cevirdi\/#primaryimage\"},\"thumbnailUrl\":\"https:\/\/denizcankizil.tr\/wp-content\/uploads\/2025\/02\/4994-01-kEMlNC.jpeg\",\"datePublished\":\"2025-02-17T08:41:40+00:00\",\"breadcrumb\":{\"@id\":\"https:\/\/denizcankizil.tr\/ru\/haberler\/antalya\/bayginlik-geciren-surucu-ortaligi-savas-alanina-cevirdi\/#breadcrumb\"},\"inLanguage\":\"uk\",\"potentialAction\":[{\"@type\":\"ReadAction\",\"target\":[\"https:\/\/denizcankizil.tr\/ru\/haberler\/antalya\/bayginlik-geciren-surucu-ortaligi-savas-alanina-cevirdi\/\"]}]},{\"@type\":\"ImageObject\",\"inLanguage\":\"uk\",\"@id\":\"https:\/\/denizcankizil.tr\/ru\/haberler\/antalya\/bayginlik-geciren-surucu-ortaligi-savas-alanina-cevirdi\/#primaryimage\",\"url\":\"https:\/\/denizcankizil.tr\/wp-content\/uploads\/2025\/02\/4994-01-kEMlNC.jpeg\",\"contentUrl\":\"https:\/\/denizcankizil.tr\/wp-content\/uploads\/2025\/02\/4994-01-kEMlNC.jpeg\",\"width\":1280,\"height\":720},{\"@type\":\"BreadcrumbList\",\"@id\":\"https:\/\/denizcankizil.tr\/ru\/haberler\/antalya\/bayginlik-geciren-surucu-ortaligi-savas-alanina-cevirdi\/#breadcrumb\",\"itemListElement\":[{\"@type\":\"ListItem\",\"position\":1,\"name\":\"Home\",\"item\":\"https:\/\/denizcankizil.tr\/de\/\"},{\"@type\":\"ListItem\",\"position\":2,\"name\":\"Bayg\u0131nl\u0131k ge\u00e7iren s\u00fcr\u00fcc\u00fc ortal\u0131\u011f\u0131 sava\u015f alan\u0131na \u00e7evirdi\"}]},{\"@type\":\"WebSite\",\"@id\":\"https:\/\/denizcankizil.tr\/de\/#website\",\"url\":\"https:\/\/denizcankizil.tr\/de\/\",\"name\":\"Av. Deniz Can K\u0131z\u0131l\",\"description\":\"Avukat Deniz Can K\u0131z\u0131l Antalya Barosu\",\"publisher\":{\"@id\":\"https:\/\/denizcankizil.tr\/de\/#organization\"},\"potentialAction\":[{\"@type\":\"SearchAction\",\"target\":{\"@type\":\"EntryPoint\",\"urlTemplate\":\"https:\/\/denizcankizil.tr\/de\/?s={search_term_string}\"},\"query-input\":{\"@type\":\"PropertyValueSpecification\",\"valueRequired\":true,\"valueName\":\"search_term_string\"}}],\"inLanguage\":\"uk\"},{\"@type\":\"Organization\",\"@id\":\"https:\/\/denizcankizil.tr\/de\/#organization\",\"name\":\"Av. Deniz Can K\u0131z\u0131l\",\"url\":\"https:\/\/denizcankizil.tr\/de\/\",\"logo\":{\"@type\":\"ImageObject\",\"inLanguage\":\"uk\",\"@id\":\"https:\/\/denizcankizil.tr\/de\/#\/schema\/logo\/image\/\",\"url\":\"https:\/\/denizcankizil.tr\/wp-content\/uploads\/2024\/10\/siyah-logo-svg.svg\",\"contentUrl\":\"https:\/\/denizcankizil.tr\/wp-content\/uploads\/2024\/10\/siyah-logo-svg.svg\",\"width\":1080,\"height\":1080,\"caption\":\"Av. Deniz Can K\u0131z\u0131l\"},\"image\":{\"@id\":\"https:\/\/denizcankizil.tr\/de\/#\/schema\/logo\/image\/\"}},{\"@type\":\"Person\",\"@id\":\"https:\/\/denizcankizil.tr\/de\/#\/schema\/person\/5dc1b22991bd7ac833867c10afc9b0ff\",\"name\":\"Av. Deniz Can K\u0131z\u0131l\",\"image\":{\"@type\":\"ImageObject\",\"inLanguage\":\"uk\",\"@id\":\"https:\/\/denizcankizil.tr\/de\/#\/schema\/person\/image\/\",\"url\":\"https:\/\/secure.gravatar.com\/avatar\/a0b128fb9855c79efc976d5640eedb31dc35ec297594d6016d2cf7c60e975bb6?s=96&d=mm&r=g\",\"contentUrl\":\"https:\/\/secure.gravatar.com\/avatar\/a0b128fb9855c79efc976d5640eedb31dc35ec297594d6016d2cf7c60e975bb6?s=96&d=mm&r=g\",\"caption\":\"Av. Deniz Can K\u0131z\u0131l\"},\"sameAs\":[\"http:\/\/www.denizcankizil.tr\"],\"url\":\"https:\/\/denizcankizil.tr\/uk\/author\/denizcankizil\/\"}]}<\/script>\n<!-- \/ Yoast SEO Premium plugin. -->","yoast_head_json":{"title":"Bayg\u0131nl\u0131k ge\u00e7iren s\u00fcr\u00fcc\u00fc ortal\u0131\u011f\u0131 sava\u015f alan\u0131na \u00e7evirdi - Av. Deniz Can K\u0131z\u0131l","robots":{"index":"index","follow":"follow","max-snippet":"max-snippet:-1","max-image-preview":"max-image-preview:large","max-video-preview":"max-video-preview:-1"},"canonical":"https:\/\/denizcankizil.tr\/uk\/haberler\/antalya\/bayginlik-geciren-surucu-ortaligi-savas-alanina-cevirdi\/","og_locale":"uk_UA","og_type":"article","og_title":"Bayg\u0131nl\u0131k ge\u00e7iren s\u00fcr\u00fcc\u00fc ortal\u0131\u011f\u0131 sava\u015f alan\u0131na \u00e7evirdi","og_description":"Kaza, Muratpa\u015fa il\u00e7esi Muratpa\u015fa Mahallesi Evliye \u00c7elebi Caddesi ile \u015eair Adem Dede Caddesi kesi\u015fiminde meydana geldi. Edinilen bilgiye g\u00f6re, \u015eair Adem Dede Caddesi&#8217;nden gelen 07 AVN 442 plakal\u0131 otomobil s\u00fcr\u00fcc\u00fcs\u00fc Onur M.&#8217;nin direksiyon ba\u015f\u0131nda bayg\u0131nl\u0131k ge\u00e7irerek bilincini kaybetti. Arac\u0131n direksiyon hakimiyetini kaybeden Onur M.&#8217;nin kulland\u0131\u011f\u0131 ara\u00e7 b\u00fcy\u00fck bir h\u0131zla o s\u0131rada ye\u015fil \u0131\u015f\u0131kta ge\u00e7mekte olan Mehmet D. idaresindeki 06 HA 674 plakal\u0131 Volkswagen marka otomobile \u00e7arpt\u0131. \u00c7arpman\u0131n \u015fiddetiyle iki ara\u00e7ta savrulurken Onur M.&#8217;nin kulland\u0131\u011f\u0131 ara\u00e7 bu kezde Ayd\u0131n \u00c7. idaresinde ki 07 T 2217 plakal\u0131 ticari taksi ile kafa kafaya \u00e7arp\u0131\u015ft\u0131, savrulan ticari taksi de bir motosiklete \u00e7arpt\u0131. Yol sava\u015f alan\u0131na d\u00f6nd\u00fc Kazada ticari taksinin arkas\u0131nda beklemekte olan Veysel A.&#8217;n\u0131n kulland\u0131\u011f\u0131 07 MCD 49 plakal\u0131 motosiklettede maddi zarar olu\u015ftu. \u00c7evredeki vatanda\u015flar ve di\u011fer s\u00fcr\u00fcc\u00fclerin 112 Acil \u00c7a\u011fr\u0131 Merkezi&#8217;ne ihbar\u0131 ile olay yerine itfaiye, sa\u011fl\u0131k ve polis ekipleri sevk edildi. Yolun sava\u015f alan\u0131na d\u00f6nd\u00fc\u011f\u00fc kazada ara\u00e7 bayg\u0131n \u015fekilde ara\u00e7 i\u00e7erisinde bulunan Onur M. itfaiye ve sa\u011fl\u0131k ekipleri taraf\u0131ndan bulundu\u011fu yerden \u00e7\u0131kart\u0131ld\u0131. Bayg\u0131n haldeki Onur M. ile birlikte 06 HA 674 plakal\u0131 ara\u00e7 i\u00e7erisinde bulunan ve kazay\u0131 hafif s\u0131yr\u0131klarla atlatan 2&#8217;si \u00e7ocuk 3 ki\u015fi 112 Acil Sa\u011fl\u0131k ekiplerinin ilk m\u00fcdahalesinin ard\u0131ndan ambulanslarla hastaneye kald\u0131r\u0131ld\u0131. Polis ekipleri kazayla ilgili inceleme ba\u015flat\u0131rken, ara\u00e7lar \u00e7ekici &hellip;","og_url":"https:\/\/denizcankizil.tr\/uk\/haberler\/antalya\/bayginlik-geciren-surucu-ortaligi-savas-alanina-cevirdi\/","og_site_name":"Av. Deniz Can K\u0131z\u0131l","article_published_time":"2025-02-17T08:41:40+00:00","og_image":[{"width":1280,"height":720,"url":"https:\/\/denizcankizil.tr\/wp-content\/uploads\/2025\/02\/4994-01-kEMlNC.jpeg","type":"image\/jpeg"}],"author":"Av. Deniz Can K\u0131z\u0131l","twitter_card":"summary_large_image","twitter_misc":{"\u041d\u0430\u043f\u0438\u0441\u0430\u043d\u043e":"Av. Deniz Can K\u0131z\u0131l","\u041f\u0440\u0438\u0431\u043b. \u0447\u0430\u0441 \u0447\u0438\u0442\u0430\u043d\u043d\u044f":"2 \u0445\u0432\u0438\u043b\u0438\u043d\u0438"},"schema":{"@context":"https:\/\/schema.org","@graph":[{"@type":"Article","@id":"https:\/\/denizcankizil.tr\/ru\/haberler\/antalya\/bayginlik-geciren-surucu-ortaligi-savas-alanina-cevirdi\/#article","isPartOf":{"@id":"https:\/\/denizcankizil.tr\/ru\/haberler\/antalya\/bayginlik-geciren-surucu-ortaligi-savas-alanina-cevirdi\/"},"author":{"name":"Av. Deniz Can K\u0131z\u0131l","@id":"https:\/\/denizcankizil.tr\/de\/#\/schema\/person\/5dc1b22991bd7ac833867c10afc9b0ff"},"headline":"Bayg\u0131nl\u0131k ge\u00e7iren s\u00fcr\u00fcc\u00fc ortal\u0131\u011f\u0131 sava\u015f alan\u0131na \u00e7evirdi","datePublished":"2025-02-17T08:41:40+00:00","mainEntityOfPage":{"@id":"https:\/\/denizcankizil.tr\/ru\/haberler\/antalya\/bayginlik-geciren-surucu-ortaligi-savas-alanina-cevirdi\/"},"wordCount":429,"commentCount":0,"publisher":{"@id":"https:\/\/denizcankizil.tr\/de\/#organization"},"image":{"@id":"https:\/\/denizcankizil.tr\/ru\/haberler\/antalya\/bayginlik-geciren-surucu-ortaligi-savas-alanina-cevirdi\/#primaryimage"},"thumbnailUrl":"https:\/\/denizcankizil.tr\/wp-content\/uploads\/2025\/02\/4994-01-kEMlNC.jpeg","articleSection":["Antalya"],"inLanguage":"uk","potentialAction":[{"@type":"CommentAction","name":"Comment","target":["https:\/\/denizcankizil.tr\/ru\/haberler\/antalya\/bayginlik-geciren-surucu-ortaligi-savas-alanina-cevirdi\/#respond"]}]},{"@type":"WebPage","@id":"https:\/\/denizcankizil.tr\/ru\/haberler\/antalya\/bayginlik-geciren-surucu-ortaligi-savas-alanina-cevirdi\/","url":"https:\/\/denizcankizil.tr\/ru\/haberler\/antalya\/bayginlik-geciren-surucu-ortaligi-savas-alanina-cevirdi\/","name":"Bayg\u0131nl\u0131k ge\u00e7iren s\u00fcr\u00fcc\u00fc ortal\u0131\u011f\u0131 sava\u015f alan\u0131na \u00e7evirdi - Av. Deniz Can K\u0131z\u0131l","isPartOf":{"@id":"https:\/\/denizcankizil.tr\/de\/#website"},"primaryImageOfPage":{"@id":"https:\/\/denizcankizil.tr\/ru\/haberler\/antalya\/bayginlik-geciren-surucu-ortaligi-savas-alanina-cevirdi\/#primaryimage"},"image":{"@id":"https:\/\/denizcankizil.tr\/ru\/haberler\/antalya\/bayginlik-geciren-surucu-ortaligi-savas-alanina-cevirdi\/#primaryimage"},"thumbnailUrl":"https:\/\/denizcankizil.tr\/wp-content\/uploads\/2025\/02\/4994-01-kEMlNC.jpeg","datePublished":"2025-02-17T08:41:40+00:00","breadcrumb":{"@id":"https:\/\/denizcankizil.tr\/ru\/haberler\/antalya\/bayginlik-geciren-surucu-ortaligi-savas-alanina-cevirdi\/#breadcrumb"},"inLanguage":"uk","potentialAction":[{"@type":"ReadAction","target":["https:\/\/denizcankizil.tr\/ru\/haberler\/antalya\/bayginlik-geciren-surucu-ortaligi-savas-alanina-cevirdi\/"]}]},{"@type":"ImageObject","inLanguage":"uk","@id":"https:\/\/denizcankizil.tr\/ru\/haberler\/antalya\/bayginlik-geciren-surucu-ortaligi-savas-alanina-cevirdi\/#primaryimage","url":"https:\/\/denizcankizil.tr\/wp-content\/uploads\/2025\/02\/4994-01-kEMlNC.jpeg","contentUrl":"https:\/\/denizcankizil.tr\/wp-content\/uploads\/2025\/02\/4994-01-kEMlNC.jpeg","width":1280,"height":720},{"@type":"BreadcrumbList","@id":"https:\/\/denizcankizil.tr\/ru\/haberler\/antalya\/bayginlik-geciren-surucu-ortaligi-savas-alanina-cevirdi\/#breadcrumb","itemListElement":[{"@type":"ListItem","position":1,"name":"Home","item":"https:\/\/denizcankizil.tr\/de\/"},{"@type":"ListItem","position":2,"name":"Bayg\u0131nl\u0131k ge\u00e7iren s\u00fcr\u00fcc\u00fc ortal\u0131\u011f\u0131 sava\u015f alan\u0131na \u00e7evirdi"}]},{"@type":"WebSite","@id":"https:\/\/denizcankizil.tr\/de\/#website","url":"https:\/\/denizcankizil.tr\/de\/","name":"Av. Deniz Can K\u0131z\u0131l","description":"Avukat Deniz Can K\u0131z\u0131l Antalya Barosu","publisher":{"@id":"https:\/\/denizcankizil.tr\/de\/#organization"},"potentialAction":[{"@type":"SearchAction","target":{"@type":"EntryPoint","urlTemplate":"https:\/\/denizcankizil.tr\/de\/?s={search_term_string}"},"query-input":{"@type":"PropertyValueSpecification","valueRequired":true,"valueName":"search_term_string"}}],"inLanguage":"uk"},{"@type":"Organization","@id":"https:\/\/denizcankizil.tr\/de\/#organization","name":"Av. Deniz Can K\u0131z\u0131l","url":"https:\/\/denizcankizil.tr\/de\/","logo":{"@type":"ImageObject","inLanguage":"uk","@id":"https:\/\/denizcankizil.tr\/de\/#\/schema\/logo\/image\/","url":"https:\/\/denizcankizil.tr\/wp-content\/uploads\/2024\/10\/siyah-logo-svg.svg","contentUrl":"https:\/\/denizcankizil.tr\/wp-content\/uploads\/2024\/10\/siyah-logo-svg.svg","width":1080,"height":1080,"caption":"Av. Deniz Can K\u0131z\u0131l"},"image":{"@id":"https:\/\/denizcankizil.tr\/de\/#\/schema\/logo\/image\/"}},{"@type":"Person","@id":"https:\/\/denizcankizil.tr\/de\/#\/schema\/person\/5dc1b22991bd7ac833867c10afc9b0ff","name":"Av. Deniz Can K\u0131z\u0131l","image":{"@type":"ImageObject","inLanguage":"uk","@id":"https:\/\/denizcankizil.tr\/de\/#\/schema\/person\/image\/","url":"https:\/\/secure.gravatar.com\/avatar\/a0b128fb9855c79efc976d5640eedb31dc35ec297594d6016d2cf7c60e975bb6?s=96&d=mm&r=g","contentUrl":"https:\/\/secure.gravatar.com\/avatar\/a0b128fb9855c79efc976d5640eedb31dc35ec297594d6016d2cf7c60e975bb6?s=96&d=mm&r=g","caption":"Av. Deniz Can K\u0131z\u0131l"},"sameAs":["http:\/\/www.denizcankizil.tr"],"url":"https:\/\/denizcankizil.tr\/uk\/author\/denizcankizil\/"}]}},"_links":{"self":[{"href":"https:\/\/denizcankizil.tr\/uk\/wp-json\/wp\/v2\/posts\/33155","targetHints":{"allow":["GET"]}}],"collection":[{"href":"https:\/\/denizcankizil.tr\/uk\/wp-json\/wp\/v2\/posts"}],"about":[{"href":"https:\/\/denizcankizil.tr\/uk\/wp-json\/wp\/v2\/types\/post"}],"author":[{"embeddable":true,"href":"https:\/\/denizcankizil.tr\/uk\/wp-json\/wp\/v2\/users\/4"}],"replies":[{"embeddable":true,"href":"https:\/\/denizcankizil.tr\/uk\/wp-json\/wp\/v2\/comments?post=33155"}],"version-history":[{"count":0,"href":"https:\/\/denizcankizil.tr\/uk\/wp-json\/wp\/v2\/posts\/33155\/revisions"}],"wp:featuredmedia":[{"embeddable":true,"href":"https:\/\/denizcankizil.tr\/uk\/wp-json\/wp\/v2\/media\/33156"}],"wp:attachment":[{"href":"https:\/\/denizcankizil.tr\/uk\/wp-json\/wp\/v2\/media?parent=33155"}],"wp:term":[{"taxonomy":"category","embeddable":true,"href":"https:\/\/denizcankizil.tr\/uk\/wp-json\/wp\/v2\/categories?post=33155"},{"taxonomy":"post_tag","embeddable":true,"href":"https:\/\/denizcankizil.tr\/uk\/wp-json\/wp\/v2\/tags?post=33155"}],"curies":[{"name":"wp","href":"https:\/\/api.w.org\/{rel}","templated":true}]}}