{"id":33148,"date":"2025-02-17T10:42:59","date_gmt":"2025-02-17T07:42:59","guid":{"rendered":"https:\/\/denizcankizil.tr\/uncategorized-tr\/istanbulun-tarihi-ulasim-simgelerinin-kurulus-donumleri-kutlandi\/"},"modified":"2025-02-17T10:42:59","modified_gmt":"2025-02-17T07:42:59","slug":"istanbulun-tarihi-ulasim-simgelerinin-kurulus-donumleri-kutlandi","status":"publish","type":"post","link":"https:\/\/denizcankizil.tr\/uk\/haberler\/gundem\/istanbulun-tarihi-ulasim-simgelerinin-kurulus-donumleri-kutlandi\/","title":{"rendered":"\u0130stanbul\u2019un Tarihi Ula\u015f\u0131m Simgelerinin Kurulu\u015f D\u00f6n\u00fcmleri Kutland\u0131"},"content":{"rendered":"<p>\u0130stanbul\u2019da toplu ula\u015f\u0131m\u0131n simgelerinden olan Beyo\u011flu &#8211; Karak\u00f6y Tarihi T\u00fcneli bu y\u0131l 150. y\u0131l d\u00f6n\u00fcm\u00fcn\u00fc, \u0130stiklal Caddesi\u2019ndeki Nostaljik Tramvay ise 111. y\u0131l d\u00f6n\u00fcm\u00fcn\u00fc kutlad\u0131. \u0130stanbul\u2019un simgesel ula\u015f\u0131m ara\u00e7lar\u0131 i\u00e7in 14 \u015eubat Cuma g\u00fcn\u00fc \u0130stiklal Caddesi\u2019nde t\u00f6ren d\u00fczenlendi.\u00a0<\/p>\n<p>\u200b\u0130stanbul\u2019da toplu ula\u015f\u0131m\u0131n simgelerinden olan Beyo\u011flu &#8211; Karak\u00f6y Tarihi T\u00fcneli bu y\u0131l 150. y\u0131l d\u00f6n\u00fcm\u00fcn\u00fc, \u0130stiklal Caddesi\u2019ndeki Nostaljik Tramvay ise 111. y\u0131l d\u00f6n\u00fcm\u00fcn\u00fc kutlad\u0131. \u0130stanbul\u2019un simgesel ula\u015f\u0131m ara\u00e7lar\u0131 i\u00e7in 14 \u015eubat Cuma g\u00fcn\u00fc \u0130stiklal Caddesi\u2019nde t\u00f6ren d\u00fczenlendi.\u00a0\u00a0<\/p>\n<p>\u200bHaberin Al\u0131nt\u0131land\u0131\u011f\u0131 Kaynak: www.iskenderun.org<\/p>","protected":false},"excerpt":{"rendered":"<p>\u0130stanbul\u2019da toplu ula\u015f\u0131m\u0131n simgelerinden olan Beyo\u011flu &#8211; Karak\u00f6y Tarihi T\u00fcneli bu y\u0131l 150. y\u0131l d\u00f6n\u00fcm\u00fcn\u00fc, \u0130stiklal Caddesi\u2019ndeki Nostaljik Tramvay ise 111. y\u0131l d\u00f6n\u00fcm\u00fcn\u00fc kutlad\u0131. \u0130stanbul\u2019un simgesel ula\u015f\u0131m ara\u00e7lar\u0131 i\u00e7in 14 \u015eubat Cuma g\u00fcn\u00fc \u0130stiklal Caddesi\u2019nde t\u00f6ren d\u00fczenlendi.\u00a0 \u200b\u0130stanbul\u2019da toplu ula\u015f\u0131m\u0131n simgelerinden olan Beyo\u011flu &#8211; Karak\u00f6y Tarihi T\u00fcneli bu y\u0131l 150. y\u0131l d\u00f6n\u00fcm\u00fcn\u00fc, \u0130stiklal Caddesi\u2019ndeki Nostaljik Tramvay ise 111. y\u0131l d\u00f6n\u00fcm\u00fcn\u00fc kutlad\u0131. \u0130stanbul\u2019un simgesel ula\u015f\u0131m ara\u00e7lar\u0131 i\u00e7in 14 \u015eubat Cuma g\u00fcn\u00fc \u0130stiklal Caddesi\u2019nde t\u00f6ren d\u00fczenlendi.\u00a0\u00a0 \u200bHaberin Al\u0131nt\u0131land\u0131\u011f\u0131 Kaynak: www.iskenderun.org<\/p>","protected":false},"author":1,"featured_media":0,"comment_status":"open","ping_status":"open","sticky":false,"template":"","format":"standard","meta":{"_acf_changed":false,"footnotes":""},"categories":[24],"tags":[],"class_list":["post-33148","post","type-post","status-publish","format-standard","has-post-thumbnail","hentry","category-gundem"],"acf":[],"yoast_head":"<!-- This site is optimized with the Yoast SEO Premium plugin v26.6 (Yoast SEO v27.1.1) - https:\/\/yoast.com\/product\/yoast-seo-premium-wordpress\/ -->\n<title>\u0130stanbul\u2019un Tarihi Ula\u015f\u0131m Simgelerinin Kurulu\u015f D\u00f6n\u00fcmleri Kutland\u0131 - Av. Deniz Can K\u0131z\u0131l<\/title>\n<meta name=\"robots\" content=\"index, follow, max-snippet:-1, max-image-preview:large, max-video-preview:-1\" \/>\n<link rel=\"canonical\" href=\"https:\/\/denizcankizil.tr\/uk\/haberler\/gundem\/istanbulun-tarihi-ulasim-simgelerinin-kurulus-donumleri-kutlandi\/\" \/>\n<meta property=\"og:locale\" content=\"uk_UA\" \/>\n<meta property=\"og:type\" content=\"article\" \/>\n<meta property=\"og:title\" content=\"\u0130stanbul\u2019un Tarihi Ula\u015f\u0131m Simgelerinin Kurulu\u015f D\u00f6n\u00fcmleri Kutland\u0131\" \/>\n<meta property=\"og:description\" content=\"\u0130stanbul\u2019da toplu ula\u015f\u0131m\u0131n simgelerinden olan Beyo\u011flu &#8211; Karak\u00f6y Tarihi T\u00fcneli bu y\u0131l 150. y\u0131l d\u00f6n\u00fcm\u00fcn\u00fc, \u0130stiklal Caddesi\u2019ndeki Nostaljik Tramvay ise 111. y\u0131l d\u00f6n\u00fcm\u00fcn\u00fc kutlad\u0131. \u0130stanbul\u2019un simgesel ula\u015f\u0131m ara\u00e7lar\u0131 i\u00e7in 14 \u015eubat Cuma g\u00fcn\u00fc \u0130stiklal Caddesi\u2019nde t\u00f6ren d\u00fczenlendi.\u00a0 \u200b\u0130stanbul\u2019da toplu ula\u015f\u0131m\u0131n simgelerinden olan Beyo\u011flu &#8211; Karak\u00f6y Tarihi T\u00fcneli bu y\u0131l 150. y\u0131l d\u00f6n\u00fcm\u00fcn\u00fc, \u0130stiklal Caddesi\u2019ndeki Nostaljik Tramvay ise 111. y\u0131l d\u00f6n\u00fcm\u00fcn\u00fc kutlad\u0131. \u0130stanbul\u2019un simgesel ula\u015f\u0131m ara\u00e7lar\u0131 i\u00e7in 14 \u015eubat Cuma g\u00fcn\u00fc \u0130stiklal Caddesi\u2019nde t\u00f6ren d\u00fczenlendi.\u00a0\u00a0 \u200bHaberin Al\u0131nt\u0131land\u0131\u011f\u0131 Kaynak: www.iskenderun.org\" \/>\n<meta property=\"og:url\" content=\"https:\/\/denizcankizil.tr\/uk\/haberler\/gundem\/istanbulun-tarihi-ulasim-simgelerinin-kurulus-donumleri-kutlandi\/\" \/>\n<meta property=\"og:site_name\" content=\"Av. Deniz Can K\u0131z\u0131l\" \/>\n<meta property=\"article:published_time\" content=\"2025-02-17T07:42:59+00:00\" \/>\n<meta name=\"author\" content=\"admin\" \/>\n<meta name=\"twitter:card\" content=\"summary_large_image\" \/>\n<meta name=\"twitter:label1\" content=\"\u041d\u0430\u043f\u0438\u0441\u0430\u043d\u043e\" \/>\n\t<meta name=\"twitter:data1\" content=\"admin\" \/>\n\t<meta name=\"twitter:label2\" content=\"\u041f\u0440\u0438\u0431\u043b. \u0447\u0430\u0441 \u0447\u0438\u0442\u0430\u043d\u043d\u044f\" \/>\n\t<meta name=\"twitter:data2\" content=\"1 \u0445\u0432\u0438\u043b\u0438\u043d\u0430\" \/>\n<script type=\"application\/ld+json\" class=\"yoast-schema-graph\">{\"@context\":\"https:\/\/schema.org\",\"@graph\":[{\"@type\":\"Article\",\"@id\":\"https:\/\/denizcankizil.tr\/uk\/haberler\/gundem\/istanbulun-tarihi-ulasim-simgelerinin-kurulus-donumleri-kutlandi\/#article\",\"isPartOf\":{\"@id\":\"https:\/\/denizcankizil.tr\/uk\/haberler\/gundem\/istanbulun-tarihi-ulasim-simgelerinin-kurulus-donumleri-kutlandi\/\"},\"author\":{\"name\":\"admin\",\"@id\":\"https:\/\/denizcankizil.tr\/#\/schema\/person\/be3c05fe6a12686905512445d8185489\"},\"headline\":\"\u0130stanbul\u2019un Tarihi Ula\u015f\u0131m Simgelerinin Kurulu\u015f D\u00f6n\u00fcmleri Kutland\u0131\",\"datePublished\":\"2025-02-17T07:42:59+00:00\",\"mainEntityOfPage\":{\"@id\":\"https:\/\/denizcankizil.tr\/uk\/haberler\/gundem\/istanbulun-tarihi-ulasim-simgelerinin-kurulus-donumleri-kutlandi\/\"},\"wordCount\":135,\"commentCount\":0,\"publisher\":{\"@id\":\"https:\/\/denizcankizil.tr\/#organization\"},\"articleSection\":[\"G\u00fcndem\"],\"inLanguage\":\"uk\",\"potentialAction\":[{\"@type\":\"CommentAction\",\"name\":\"Comment\",\"target\":[\"https:\/\/denizcankizil.tr\/uk\/haberler\/gundem\/istanbulun-tarihi-ulasim-simgelerinin-kurulus-donumleri-kutlandi\/#respond\"]}]},{\"@type\":\"WebPage\",\"@id\":\"https:\/\/denizcankizil.tr\/uk\/haberler\/gundem\/istanbulun-tarihi-ulasim-simgelerinin-kurulus-donumleri-kutlandi\/\",\"url\":\"https:\/\/denizcankizil.tr\/uk\/haberler\/gundem\/istanbulun-tarihi-ulasim-simgelerinin-kurulus-donumleri-kutlandi\/\",\"name\":\"\u0130stanbul\u2019un Tarihi Ula\u015f\u0131m Simgelerinin Kurulu\u015f D\u00f6n\u00fcmleri Kutland\u0131 - Av. Deniz Can K\u0131z\u0131l\",\"isPartOf\":{\"@id\":\"https:\/\/denizcankizil.tr\/#website\"},\"datePublished\":\"2025-02-17T07:42:59+00:00\",\"breadcrumb\":{\"@id\":\"https:\/\/denizcankizil.tr\/uk\/haberler\/gundem\/istanbulun-tarihi-ulasim-simgelerinin-kurulus-donumleri-kutlandi\/#breadcrumb\"},\"inLanguage\":\"uk\",\"potentialAction\":[{\"@type\":\"ReadAction\",\"target\":[\"https:\/\/denizcankizil.tr\/uk\/haberler\/gundem\/istanbulun-tarihi-ulasim-simgelerinin-kurulus-donumleri-kutlandi\/\"]}]},{\"@type\":\"BreadcrumbList\",\"@id\":\"https:\/\/denizcankizil.tr\/uk\/haberler\/gundem\/istanbulun-tarihi-ulasim-simgelerinin-kurulus-donumleri-kutlandi\/#breadcrumb\",\"itemListElement\":[{\"@type\":\"ListItem\",\"position\":1,\"name\":\"Home\",\"item\":\"https:\/\/denizcankizil.tr\/de\/\"},{\"@type\":\"ListItem\",\"position\":2,\"name\":\"\u0130stanbul\u2019un Tarihi Ula\u015f\u0131m Simgelerinin Kurulu\u015f D\u00f6n\u00fcmleri Kutland\u0131\"}]},{\"@type\":\"WebSite\",\"@id\":\"https:\/\/denizcankizil.tr\/#website\",\"url\":\"https:\/\/denizcankizil.tr\/\",\"name\":\"Av. Deniz Can K\u0131z\u0131l\",\"description\":\"Avukat Deniz Can K\u0131z\u0131l Antalya Barosu\",\"publisher\":{\"@id\":\"https:\/\/denizcankizil.tr\/#organization\"},\"potentialAction\":[{\"@type\":\"SearchAction\",\"target\":{\"@type\":\"EntryPoint\",\"urlTemplate\":\"https:\/\/denizcankizil.tr\/?s={search_term_string}\"},\"query-input\":{\"@type\":\"PropertyValueSpecification\",\"valueRequired\":true,\"valueName\":\"search_term_string\"}}],\"inLanguage\":\"uk\"},{\"@type\":\"Organization\",\"@id\":\"https:\/\/denizcankizil.tr\/#organization\",\"name\":\"Av. Deniz Can K\u0131z\u0131l\",\"url\":\"https:\/\/denizcankizil.tr\/\",\"logo\":{\"@type\":\"ImageObject\",\"inLanguage\":\"uk\",\"@id\":\"https:\/\/denizcankizil.tr\/#\/schema\/logo\/image\/\",\"url\":\"https:\/\/denizcankizil.tr\/wp-content\/uploads\/2024\/10\/siyah-logo-svg.svg\",\"contentUrl\":\"https:\/\/denizcankizil.tr\/wp-content\/uploads\/2024\/10\/siyah-logo-svg.svg\",\"width\":1080,\"height\":1080,\"caption\":\"Av. Deniz Can K\u0131z\u0131l\"},\"image\":{\"@id\":\"https:\/\/denizcankizil.tr\/#\/schema\/logo\/image\/\"}},{\"@type\":\"Person\",\"@id\":\"https:\/\/denizcankizil.tr\/#\/schema\/person\/be3c05fe6a12686905512445d8185489\",\"name\":\"admin\",\"image\":{\"@type\":\"ImageObject\",\"inLanguage\":\"uk\",\"@id\":\"https:\/\/denizcankizil.tr\/#\/schema\/person\/image\/\",\"url\":\"https:\/\/secure.gravatar.com\/avatar\/c1fce94c830dc79107e174f890d7210541c4a63e8e5d816341794a2151c9d58c?s=96&d=mm&r=g\",\"contentUrl\":\"https:\/\/secure.gravatar.com\/avatar\/c1fce94c830dc79107e174f890d7210541c4a63e8e5d816341794a2151c9d58c?s=96&d=mm&r=g\",\"caption\":\"admin\"},\"sameAs\":[\"http:\/\/denizcankizil.tr\"],\"url\":\"https:\/\/www.iskenderun.org\/istanbulun-tarihi-ulasim-simgelerinin-kurulus-donumleri-kutlandi\"}]}<\/script>\n<!-- \/ Yoast SEO Premium plugin. -->","yoast_head_json":{"title":"\u0130stanbul\u2019un Tarihi Ula\u015f\u0131m Simgelerinin Kurulu\u015f D\u00f6n\u00fcmleri Kutland\u0131 - Av. Deniz Can K\u0131z\u0131l","robots":{"index":"index","follow":"follow","max-snippet":"max-snippet:-1","max-image-preview":"max-image-preview:large","max-video-preview":"max-video-preview:-1"},"canonical":"https:\/\/denizcankizil.tr\/uk\/haberler\/gundem\/istanbulun-tarihi-ulasim-simgelerinin-kurulus-donumleri-kutlandi\/","og_locale":"uk_UA","og_type":"article","og_title":"\u0130stanbul\u2019un Tarihi Ula\u015f\u0131m Simgelerinin Kurulu\u015f D\u00f6n\u00fcmleri Kutland\u0131","og_description":"\u0130stanbul\u2019da toplu ula\u015f\u0131m\u0131n simgelerinden olan Beyo\u011flu &#8211; Karak\u00f6y Tarihi T\u00fcneli bu y\u0131l 150. y\u0131l d\u00f6n\u00fcm\u00fcn\u00fc, \u0130stiklal Caddesi\u2019ndeki Nostaljik Tramvay ise 111. y\u0131l d\u00f6n\u00fcm\u00fcn\u00fc kutlad\u0131. \u0130stanbul\u2019un simgesel ula\u015f\u0131m ara\u00e7lar\u0131 i\u00e7in 14 \u015eubat Cuma g\u00fcn\u00fc \u0130stiklal Caddesi\u2019nde t\u00f6ren d\u00fczenlendi.\u00a0 \u200b\u0130stanbul\u2019da toplu ula\u015f\u0131m\u0131n simgelerinden olan Beyo\u011flu &#8211; Karak\u00f6y Tarihi T\u00fcneli bu y\u0131l 150. y\u0131l d\u00f6n\u00fcm\u00fcn\u00fc, \u0130stiklal Caddesi\u2019ndeki Nostaljik Tramvay ise 111. y\u0131l d\u00f6n\u00fcm\u00fcn\u00fc kutlad\u0131. \u0130stanbul\u2019un simgesel ula\u015f\u0131m ara\u00e7lar\u0131 i\u00e7in 14 \u015eubat Cuma g\u00fcn\u00fc \u0130stiklal Caddesi\u2019nde t\u00f6ren d\u00fczenlendi.\u00a0\u00a0 \u200bHaberin Al\u0131nt\u0131land\u0131\u011f\u0131 Kaynak: www.iskenderun.org","og_url":"https:\/\/denizcankizil.tr\/uk\/haberler\/gundem\/istanbulun-tarihi-ulasim-simgelerinin-kurulus-donumleri-kutlandi\/","og_site_name":"Av. Deniz Can K\u0131z\u0131l","article_published_time":"2025-02-17T07:42:59+00:00","author":"admin","twitter_card":"summary_large_image","twitter_misc":{"\u041d\u0430\u043f\u0438\u0441\u0430\u043d\u043e":"admin","\u041f\u0440\u0438\u0431\u043b. \u0447\u0430\u0441 \u0447\u0438\u0442\u0430\u043d\u043d\u044f":"1 \u0445\u0432\u0438\u043b\u0438\u043d\u0430"},"schema":{"@context":"https:\/\/schema.org","@graph":[{"@type":"Article","@id":"https:\/\/denizcankizil.tr\/uk\/haberler\/gundem\/istanbulun-tarihi-ulasim-simgelerinin-kurulus-donumleri-kutlandi\/#article","isPartOf":{"@id":"https:\/\/denizcankizil.tr\/uk\/haberler\/gundem\/istanbulun-tarihi-ulasim-simgelerinin-kurulus-donumleri-kutlandi\/"},"author":{"name":"admin","@id":"https:\/\/denizcankizil.tr\/#\/schema\/person\/be3c05fe6a12686905512445d8185489"},"headline":"\u0130stanbul\u2019un Tarihi Ula\u015f\u0131m Simgelerinin Kurulu\u015f D\u00f6n\u00fcmleri Kutland\u0131","datePublished":"2025-02-17T07:42:59+00:00","mainEntityOfPage":{"@id":"https:\/\/denizcankizil.tr\/uk\/haberler\/gundem\/istanbulun-tarihi-ulasim-simgelerinin-kurulus-donumleri-kutlandi\/"},"wordCount":135,"commentCount":0,"publisher":{"@id":"https:\/\/denizcankizil.tr\/#organization"},"articleSection":["G\u00fcndem"],"inLanguage":"uk","potentialAction":[{"@type":"CommentAction","name":"Comment","target":["https:\/\/denizcankizil.tr\/uk\/haberler\/gundem\/istanbulun-tarihi-ulasim-simgelerinin-kurulus-donumleri-kutlandi\/#respond"]}]},{"@type":"WebPage","@id":"https:\/\/denizcankizil.tr\/uk\/haberler\/gundem\/istanbulun-tarihi-ulasim-simgelerinin-kurulus-donumleri-kutlandi\/","url":"https:\/\/denizcankizil.tr\/uk\/haberler\/gundem\/istanbulun-tarihi-ulasim-simgelerinin-kurulus-donumleri-kutlandi\/","name":"\u0130stanbul\u2019un Tarihi Ula\u015f\u0131m Simgelerinin Kurulu\u015f D\u00f6n\u00fcmleri Kutland\u0131 - Av. Deniz Can K\u0131z\u0131l","isPartOf":{"@id":"https:\/\/denizcankizil.tr\/#website"},"datePublished":"2025-02-17T07:42:59+00:00","breadcrumb":{"@id":"https:\/\/denizcankizil.tr\/uk\/haberler\/gundem\/istanbulun-tarihi-ulasim-simgelerinin-kurulus-donumleri-kutlandi\/#breadcrumb"},"inLanguage":"uk","potentialAction":[{"@type":"ReadAction","target":["https:\/\/denizcankizil.tr\/uk\/haberler\/gundem\/istanbulun-tarihi-ulasim-simgelerinin-kurulus-donumleri-kutlandi\/"]}]},{"@type":"BreadcrumbList","@id":"https:\/\/denizcankizil.tr\/uk\/haberler\/gundem\/istanbulun-tarihi-ulasim-simgelerinin-kurulus-donumleri-kutlandi\/#breadcrumb","itemListElement":[{"@type":"ListItem","position":1,"name":"Home","item":"https:\/\/denizcankizil.tr\/de\/"},{"@type":"ListItem","position":2,"name":"\u0130stanbul\u2019un Tarihi Ula\u015f\u0131m Simgelerinin Kurulu\u015f D\u00f6n\u00fcmleri Kutland\u0131"}]},{"@type":"WebSite","@id":"https:\/\/denizcankizil.tr\/#website","url":"https:\/\/denizcankizil.tr\/","name":"Av. Deniz Can K\u0131z\u0131l","description":"Avukat Deniz Can K\u0131z\u0131l Antalya Barosu","publisher":{"@id":"https:\/\/denizcankizil.tr\/#organization"},"potentialAction":[{"@type":"SearchAction","target":{"@type":"EntryPoint","urlTemplate":"https:\/\/denizcankizil.tr\/?s={search_term_string}"},"query-input":{"@type":"PropertyValueSpecification","valueRequired":true,"valueName":"search_term_string"}}],"inLanguage":"uk"},{"@type":"Organization","@id":"https:\/\/denizcankizil.tr\/#organization","name":"Av. Deniz Can K\u0131z\u0131l","url":"https:\/\/denizcankizil.tr\/","logo":{"@type":"ImageObject","inLanguage":"uk","@id":"https:\/\/denizcankizil.tr\/#\/schema\/logo\/image\/","url":"https:\/\/denizcankizil.tr\/wp-content\/uploads\/2024\/10\/siyah-logo-svg.svg","contentUrl":"https:\/\/denizcankizil.tr\/wp-content\/uploads\/2024\/10\/siyah-logo-svg.svg","width":1080,"height":1080,"caption":"Av. Deniz Can K\u0131z\u0131l"},"image":{"@id":"https:\/\/denizcankizil.tr\/#\/schema\/logo\/image\/"}},{"@type":"Person","@id":"https:\/\/denizcankizil.tr\/#\/schema\/person\/be3c05fe6a12686905512445d8185489","name":"\u0430\u0434\u043c\u0456\u043d","image":{"@type":"ImageObject","inLanguage":"uk","@id":"https:\/\/denizcankizil.tr\/#\/schema\/person\/image\/","url":"https:\/\/secure.gravatar.com\/avatar\/c1fce94c830dc79107e174f890d7210541c4a63e8e5d816341794a2151c9d58c?s=96&d=mm&r=g","contentUrl":"https:\/\/secure.gravatar.com\/avatar\/c1fce94c830dc79107e174f890d7210541c4a63e8e5d816341794a2151c9d58c?s=96&d=mm&r=g","caption":"admin"},"sameAs":["http:\/\/denizcankizil.tr"],"url":"https:\/\/www.iskenderun.org\/istanbulun-tarihi-ulasim-simgelerinin-kurulus-donumleri-kutlandi"}]}},"_links":{"self":[{"href":"https:\/\/denizcankizil.tr\/uk\/wp-json\/wp\/v2\/posts\/33148","targetHints":{"allow":["GET"]}}],"collection":[{"href":"https:\/\/denizcankizil.tr\/uk\/wp-json\/wp\/v2\/posts"}],"about":[{"href":"https:\/\/denizcankizil.tr\/uk\/wp-json\/wp\/v2\/types\/post"}],"author":[{"embeddable":true,"href":"https:\/\/denizcankizil.tr\/uk\/wp-json\/wp\/v2\/users\/1"}],"replies":[{"embeddable":true,"href":"https:\/\/denizcankizil.tr\/uk\/wp-json\/wp\/v2\/comments?post=33148"}],"version-history":[{"count":0,"href":"https:\/\/denizcankizil.tr\/uk\/wp-json\/wp\/v2\/posts\/33148\/revisions"}],"wp:attachment":[{"href":"https:\/\/denizcankizil.tr\/uk\/wp-json\/wp\/v2\/media?parent=33148"}],"wp:term":[{"taxonomy":"category","embeddable":true,"href":"https:\/\/denizcankizil.tr\/uk\/wp-json\/wp\/v2\/categories?post=33148"},{"taxonomy":"post_tag","embeddable":true,"href":"https:\/\/denizcankizil.tr\/uk\/wp-json\/wp\/v2\/tags?post=33148"}],"curies":[{"name":"wp","href":"https:\/\/api.w.org\/{rel}","templated":true}]}}